{"id":167084,"date":"2020-10-19T05:54:40","date_gmt":"2020-10-19T03:54:40","guid":{"rendered":"https:\/\/www.radiopiu.net\/wordpress\/?p=167084"},"modified":"2020-10-19T13:23:39","modified_gmt":"2020-10-19T11:23:39","slug":"dillo-a-radio-piu-controllo-autovelox-e-corretta-la-segnalazione-dei-limiti","status":"publish","type":"post","link":"https:\/\/www.radiopiu.net\/wordpress\/dillo-a-radio-piu-controllo-autovelox-e-corretta-la-segnalazione-dei-limiti\/","title":{"rendered":"DILLO A RADIO PIU&#8230; CONTROLLO AUTOVELOX, E&#8217; CORRETTA LA SEGNALAZIONE DEI LIMITI?"},"content":{"rendered":"<p><em>Ci sono i cartelli che segnalano l&#8217;autotvelox, ma non quelli che dovrebbero segnalare il limite di velocit\u00e0 anche se fa testo il centro abitato<\/em><\/p>\n<p><strong><a class=\"dt-pswp-item\" href=\"https:\/\/www.radiopiu.net\/wordpress\/wp-content\/uploads\/2020\/10\/a0c67fb1-70fa-453d-bd84-efe2afe3108d.jpg\" data-dt-img-description=\"\" data-large_image_width=\"720\" data-large_image_height=\"1440\"><img loading=\"lazy\" decoding=\"async\" class=\"wp-image-167086 alignleft\" src=\"https:\/\/www.radiopiu.net\/wordpress\/wp-content\/uploads\/2020\/10\/a0c67fb1-70fa-453d-bd84-efe2afe3108d-150x300.jpg\" alt=\"\" width=\"86\" height=\"172\" srcset=\"https:\/\/www.radiopiu.net\/wordpress\/wp-content\/uploads\/2020\/10\/a0c67fb1-70fa-453d-bd84-efe2afe3108d-150x300.jpg 150w, https:\/\/www.radiopiu.net\/wordpress\/wp-content\/uploads\/2020\/10\/a0c67fb1-70fa-453d-bd84-efe2afe3108d-512x1024.jpg 512w, https:\/\/www.radiopiu.net\/wordpress\/wp-content\/uploads\/2020\/10\/a0c67fb1-70fa-453d-bd84-efe2afe3108d.jpg 720w\" sizes=\"auto, (max-width: 86px) 100vw, 86px\" \/><\/a>CANALE D&#8217;AGORDO\u00a0<\/strong> <em>Un mio amico ha ricevuto una multa dal Comune di Canale d&#8217;Agordo e sicuramente la pagher\u00e0\u00a0 perch\u00e8\u00a0 in forma ridotta ha uno sconto. Intendo comunque segnalare che secondo una mia ricostruzione del percorso Canale d&#8217;Agordo &#8211; Falcade non \u00e8 indicato il limite di velocit\u00e0. La multa \u00e8 per trasgressione al limite di 50 orari, la posizione del controllo in localit\u00e0 La Mora. Salendo da Cencenighe troviamo in localit\u00e0 Savaion il cartello di interruzione limiti e successivamente, a monte della farmacia di Caviola il comune di Falcade ha posto il limite di 50 orari. Scendendo in direzione Cencenighe il comune di Falcade ha regolarmente segnalato i limiti ma entrando nel territorio amministrativo di Canale non troviamo nessun limite.\u00a0 La direttiva emanata dal Ministero dei lavori pubblici in merito ai criteri di installazione e manutenzione della segnaletica parla chiaro, come lo stesso codice della strada.<\/em><\/p>\n<p><em><strong>Lettera Firmata<\/strong><\/em><\/p>\n<p>&nbsp;<\/p>\n<p>VIDEO UNO SALENDO DA CANALE D&#8217;AGORDO<\/p>\n<div style=\"width: 1200px;\" class=\"wp-video\"><video class=\"wp-video-shortcode\" id=\"video-167084-1\" width=\"1200\" height=\"675\" preload=\"metadata\" controls=\"controls\"><source type=\"video\/mp4\" src=\"https:\/\/www.radiopiu.net\/wordpress\/wp-content\/uploads\/2020\/10\/VERSO-FALCADE.mp4?_=1\" \/><a href=\"https:\/\/www.radiopiu.net\/wordpress\/wp-content\/uploads\/2020\/10\/VERSO-FALCADE.mp4\">https:\/\/www.radiopiu.net\/wordpress\/wp-content\/uploads\/2020\/10\/VERSO-FALCADE.mp4<\/a><\/video><\/div>\n<p>&nbsp;<\/p>\n<p>VIDEO DUE SCENDENDO DA FALCADE<\/p>\n<div style=\"width: 1200px;\" class=\"wp-video\"><video class=\"wp-video-shortcode\" id=\"video-167084-2\" width=\"1200\" height=\"675\" preload=\"metadata\" controls=\"controls\"><source type=\"video\/mp4\" src=\"https:\/\/www.radiopiu.net\/wordpress\/wp-content\/uploads\/2020\/10\/VERSO-CANALE.mp4?_=2\" \/><a href=\"https:\/\/www.radiopiu.net\/wordpress\/wp-content\/uploads\/2020\/10\/VERSO-CANALE.mp4\">https:\/\/www.radiopiu.net\/wordpress\/wp-content\/uploads\/2020\/10\/VERSO-CANALE.mp4<\/a><\/video><\/div>\n<p>&nbsp;<\/p>\n<div class=\"nc684nl6\"><a class=\"oajrlxb2 g5ia77u1 qu0x051f esr5mh6w e9989ue4 r7d6kgcz rq0escxv nhd2j8a9 nc684nl6 p7hjln8o kvgmc6g5 cxmmr5t8 oygrvhab hcukyx3x jb3vyjys rz4wbd8a qt6c0cv9 a8nywdso i1ao9s8h esuyzwwr f1sip0of lzcic4wl gmql0nx0 gpro0wi8\" tabindex=\"0\" role=\"link\" href=\"https:\/\/www.facebook.com\/giovanni.deldin?comment_id=Y29tbWVudDoxMDIyNDcxMTg4Njc3MTM5NF8xMDIyNDcxMjAzNzQ1NTE2MQ%3D%3D&amp;__cft__[0]=AZUV-J0hb3a2Ce_MDrcwEGXnUNqKOtcrir9sHu5SPF532v-qSU9lCAKDbwSoFP-S3jG6LsPbg76bSdfwydmKdp9u-SvQFUyLvznNFNGwD2E6NRfM5UobiajyuF56SZgZueA&amp;__tn__=R]-R\"><span class=\"pq6dq46d\"><span class=\"d2edcug0 hpfvmrgz qv66sw1b c1et5uql rrkovp55 a8c37x1j keod5gw0 nxhoafnm aigsh9s9 d9wwppkn fe6kdd0r mau55g9w c8b282yb mdeji52x e9vueds3 j5wam9gi lrazzd5p oo9gr5id\" dir=\"auto\">Giovanni Del Din<\/span><\/span><\/a> Vorrei rispondere in merito ai due filmati pubblicati in merito alla contravvenzione per eccesso di velocit\u00e0 fra Canale e Caviola. Come si nota salendo, notiamo il cartello di inizio territoriale del Comune di Falcade e sotto \u00e8 posizionato il cartello bianco di centro abitato Caviola ed in discesa quello di La Mora. Quindi, se non erro, questo indica che si entra in un centro abitato e scatta automaticamente il limite di 50 km orari. Mentre in uscita viene sempre indicato fine del limite (o col cartello di fine centro abitato) come rimarcato nel filmato, anche se posto sul lato opposto. Questa, mi sembra una legge valida in tutta Europa.<\/div>\n<div><\/div>\n<div><span style=\"color: #0000ff;\">Stefano Murer,<\/span> grazie della precisazione di Del Din mi era sfuggita ma rimarco che la localit\u00e0 La Mora non pu\u00f2 essere centro abitato in quanto composto da una decina di case e il Consiglio di Stato, sezione V sentenza del 8 ottobre 2013 &#8211; 27 gennaio 2014, n. 403 dice che \u00e8 centro abitato insieme di edifici costituito da non minimo di 25 fabbricati.<\/div>\n<p>&nbsp;<\/p>\n<p>&nbsp;<\/p>\n","protected":false},"excerpt":{"rendered":"<p>Ci sono i cartelli che segnalano l&#8217;autotvelox, ma non quelli che dovrebbero segnalare il limite di velocit\u00e0 anche se fa testo il centro abitato CANALE D&#8217;AGORDO\u00a0 Un mio amico ha ricevuto una multa dal Comune di Canale d&#8217;Agordo e sicuramente la pagher\u00e0\u00a0 perch\u00e8\u00a0 in forma ridotta ha uno sconto. Intendo comunque segnalare che secondo una&hellip;<\/p>\n","protected":false},"author":4,"featured_media":167085,"comment_status":"closed","ping_status":"closed","sticky":false,"template":"","format":"standard","meta":{"_monsterinsights_skip_tracking":false,"_monsterinsights_sitenote_active":false,"_monsterinsights_sitenote_note":"","_monsterinsights_sitenote_category":0,"footnotes":""},"categories":[1,51,49],"tags":[],"class_list":["post-167084","post","type-post","status-publish","format-standard","has-post-thumbnail","hentry","category-senza-categoria","category-evidenza-top","category-news-18","category-1","category-51","category-49","description-off"],"img_url":"https:\/\/www.radiopiu.net\/wordpress\/wp-content\/uploads\/2020\/10\/a27185a2-cc15-4e81-acf8-65db47b90356.jpg","_links":{"self":[{"href":"https:\/\/www.radiopiu.net\/wordpress\/wp-json\/wp\/v2\/posts\/167084","targetHints":{"allow":["GET"]}}],"collection":[{"href":"https:\/\/www.radiopiu.net\/wordpress\/wp-json\/wp\/v2\/posts"}],"about":[{"href":"https:\/\/www.radiopiu.net\/wordpress\/wp-json\/wp\/v2\/types\/post"}],"author":[{"embeddable":true,"href":"https:\/\/www.radiopiu.net\/wordpress\/wp-json\/wp\/v2\/users\/4"}],"replies":[{"embeddable":true,"href":"https:\/\/www.radiopiu.net\/wordpress\/wp-json\/wp\/v2\/comments?post=167084"}],"version-history":[{"count":0,"href":"https:\/\/www.radiopiu.net\/wordpress\/wp-json\/wp\/v2\/posts\/167084\/revisions"}],"wp:featuredmedia":[{"embeddable":true,"href":"https:\/\/www.radiopiu.net\/wordpress\/wp-json\/wp\/v2\/media\/167085"}],"wp:attachment":[{"href":"https:\/\/www.radiopiu.net\/wordpress\/wp-json\/wp\/v2\/media?parent=167084"}],"wp:term":[{"taxonomy":"category","embeddable":true,"href":"https:\/\/www.radiopiu.net\/wordpress\/wp-json\/wp\/v2\/categories?post=167084"},{"taxonomy":"post_tag","embeddable":true,"href":"https:\/\/www.radiopiu.net\/wordpress\/wp-json\/wp\/v2\/tags?post=167084"}],"curies":[{"name":"wp","href":"https:\/\/api.w.org\/{rel}","templated":true}]}}