{"id":167124,"date":"2020-10-20T05:27:05","date_gmt":"2020-10-20T03:27:05","guid":{"rendered":"https:\/\/www.radiopiu.net\/wordpress\/?p=167124"},"modified":"2020-10-20T05:51:34","modified_gmt":"2020-10-20T03:51:34","slug":"i-racconti-di-paolo-soppelsa-quarantacinquesima-puntata","status":"publish","type":"post","link":"https:\/\/www.radiopiu.net\/wordpress\/i-racconti-di-paolo-soppelsa-quarantacinquesima-puntata\/","title":{"rendered":"I RACCONTI DI PAOLO SOPPELSA, QUARANTACINQUESIMA PUNTATA"},"content":{"rendered":"<h2><strong>NEVE D&#8217;OTTOBRE <\/strong><\/h2>\n<p><em><strong>AUDIO<\/strong><\/em><\/p>\n<audio class=\"wp-audio-shortcode\" id=\"audio-167124-1\" preload=\"none\" style=\"width: 100%;\" controls=\"controls\"><source type=\"audio\/mpeg\" src=\"https:\/\/www.radiopiu.net\/wordpress\/wp-content\/uploads\/2020\/10\/PAOLO-SOPPELSA-NEVE-DOTTOBRE.mp3?_=1\" \/><a href=\"https:\/\/www.radiopiu.net\/wordpress\/wp-content\/uploads\/2020\/10\/PAOLO-SOPPELSA-NEVE-DOTTOBRE.mp3\">https:\/\/www.radiopiu.net\/wordpress\/wp-content\/uploads\/2020\/10\/PAOLO-SOPPELSA-NEVE-DOTTOBRE.mp3<\/a><\/audio>\n<p>&nbsp;<\/p>\n<p><a class=\"dt-pswp-item\" href=\"https:\/\/www.radiopiu.net\/wordpress\/wp-content\/uploads\/2020\/10\/c31a87b3-7c10-49e9-ad68-a0ecf029bf4f.jpg\" data-dt-img-description=\"\" data-large_image_width=\"1600\" data-large_image_height=\"1200\"><img loading=\"lazy\" decoding=\"async\" class=\"size-medium wp-image-167126 alignleft\" src=\"https:\/\/www.radiopiu.net\/wordpress\/wp-content\/uploads\/2020\/10\/c31a87b3-7c10-49e9-ad68-a0ecf029bf4f-300x225.jpg\" alt=\"\" width=\"300\" height=\"225\" srcset=\"https:\/\/www.radiopiu.net\/wordpress\/wp-content\/uploads\/2020\/10\/c31a87b3-7c10-49e9-ad68-a0ecf029bf4f-300x225.jpg 300w, https:\/\/www.radiopiu.net\/wordpress\/wp-content\/uploads\/2020\/10\/c31a87b3-7c10-49e9-ad68-a0ecf029bf4f-1024x768.jpg 1024w, https:\/\/www.radiopiu.net\/wordpress\/wp-content\/uploads\/2020\/10\/c31a87b3-7c10-49e9-ad68-a0ecf029bf4f-768x576.jpg 768w, https:\/\/www.radiopiu.net\/wordpress\/wp-content\/uploads\/2020\/10\/c31a87b3-7c10-49e9-ad68-a0ecf029bf4f-1536x1152.jpg 1536w, https:\/\/www.radiopiu.net\/wordpress\/wp-content\/uploads\/2020\/10\/c31a87b3-7c10-49e9-ad68-a0ecf029bf4f.jpg 1600w\" sizes=\"auto, (max-width: 300px) 100vw, 300px\" \/><\/a>Lo senti che quella pioggia che bagna la Strada Madre \u00e8 pioggia diversa. Ha un suono differente da quella pesante di primavera. Produce un canto pi\u00f9 leggero, quasi discreto sotto le ruote dell&#8217;auto in corsa. Ed anche le nuvole non sono quelle di pioggia primaverile o di temporale estivo; sono nubi di un grigio chiaro, a tratti quasi bianche. E non muovono, rimangono immobili a mezza costa. E tu le sai riconoscere quelle nuvole, ne conosci la loro anima e sei quasi certo di cosa accadr\u00e0 nei pressi di Listolade. Supererai la curva a destra dopo le case, passerai il ponte ed entrerai in galleria. Lo sfondo grigio lascer\u00e0 spazio per un minuto e mezzo alla luce arancione delle lampade a mercurio. Ed in quel minuto e mezzo penserai a cosa ti aspetter\u00e0 a M\u00e8zcanal. Lo sai bene cosa accadr\u00e0, eppure hai voglia ancora una volta di vivere il tutto con lo stupore che segue una bella sorpresa. La galleria sta per terminare, pochi metri prima di rientrare in quel grigio chiaro accendi i tergicristalli. Eccola apparire sul vetro. \u00c8 la prima neve d&#8217;autunno. Quella che non si attacca all&#8217;asfalto, che scende pesante e veloce e subito diventa acqua. Guardi in alto sui costoni che scendono da Cima Pape e tenti di capire dove si trova esattamente il confine fra l&#8217;autunno e l&#8217;inverno. Un leggero squarcio fra le nuvole indica che quel confine si trova appena sotto Pradesora. E lo senti quel brivido in corpo, quello che ti fa accendere un p\u00f2 il riscaldamento della macchina. \u00c8 il brivido della neve di un giorno d&#8217;ottobre che sa d&#8217;inverno. Te lo rammentano i camini che fumano nella luce dell&#8217;alba, con il primo fumo bianco che sale deciso fino a perdersi nel grigiore del cielo. Scorre cos\u00ec l&#8217;intera giornata, con i boschi che non possono mostrare il loro abito nuovo. Soltanto dopo il sopraggiungere del buio le nubi decidono di lasciare la valle. Un vento freddo che fa scricchiolare le costole le fa migrare verso luoghi lontani e si presenta una limpida notte di freddo e stelle. Al mattino ecco la &#8220;brosa&#8221;. Ancora camini fumanti e lass\u00f9, poco sopra il paese, si presenta ufficialmente l&#8217;inverno. Buongiorno Pelsa, Buongiorno Civetta. Buongiorno Spiz de Medod\u00ec. Si mostrano al nascere del giorno scintillanti di neve nuova. Un bianco perfetto si staglia sopra i boschi che vanno trasformandosi in vivace tavolozza di colori autunnali. Non c&#8217;\u00e8 ancora l&#8217;oro dei larici e nemmeno il rosso dei &#8220;fagher&#8221;. \u00c8 ancora un p\u00f2 indietro la stagione, eppure lass\u00f9, dove i costoni si trasformano in verticali pareti di roccia, la stagione dei colori ha lasciato spazio a quella dei silenzi. Appaiono stupite le grandi montagne gi\u00e0 vestite di perfetto bianco. Poi un altro pomeriggio va trasformandosi in sera. E si accende uno spettacolo di rara e delicata bellezza. Un miscuglio di colori che racconta di un tempo sospeso in cui un pomeriggio d&#8217;autunno va tramutandosi in sera di quasi inverno. \u00c8 ora di tornare, un ultimo sguardo verso la Grande Montagna mentre un vento freddo ti fa chiudere il piumino. Appena salito in macchina ancora quel brivido di neve. Poi fari accesi ed ancora un viaggio sulla Strada Madre\u2026Magiche Dolomiti!!<\/p>\n","protected":false},"excerpt":{"rendered":"<p>NEVE D&#8217;OTTOBRE AUDIO &nbsp; Lo senti che quella pioggia che bagna la Strada Madre \u00e8 pioggia diversa. Ha un suono differente da quella pesante di primavera. Produce un canto pi\u00f9 leggero, quasi discreto sotto le ruote dell&#8217;auto in corsa. Ed anche le nuvole non sono quelle di pioggia primaverile o di temporale estivo; sono nubi&hellip;<\/p>\n","protected":false},"author":4,"featured_media":167126,"comment_status":"closed","ping_status":"closed","sticky":false,"template":"","format":"standard","meta":{"_monsterinsights_skip_tracking":false,"_monsterinsights_sitenote_active":false,"_monsterinsights_sitenote_note":"","_monsterinsights_sitenote_category":0,"footnotes":""},"categories":[104,49,112],"tags":[],"class_list":["post-167124","post","type-post","status-publish","format-standard","has-post-thumbnail","hentry","category-evidenza_3","category-news-18","category-racconti-soppelsa","category-104","category-49","category-112","description-off"],"img_url":"https:\/\/www.radiopiu.net\/wordpress\/wp-content\/uploads\/2020\/10\/c31a87b3-7c10-49e9-ad68-a0ecf029bf4f.jpg","_links":{"self":[{"href":"https:\/\/www.radiopiu.net\/wordpress\/wp-json\/wp\/v2\/posts\/167124","targetHints":{"allow":["GET"]}}],"collection":[{"href":"https:\/\/www.radiopiu.net\/wordpress\/wp-json\/wp\/v2\/posts"}],"about":[{"href":"https:\/\/www.radiopiu.net\/wordpress\/wp-json\/wp\/v2\/types\/post"}],"author":[{"embeddable":true,"href":"https:\/\/www.radiopiu.net\/wordpress\/wp-json\/wp\/v2\/users\/4"}],"replies":[{"embeddable":true,"href":"https:\/\/www.radiopiu.net\/wordpress\/wp-json\/wp\/v2\/comments?post=167124"}],"version-history":[{"count":0,"href":"https:\/\/www.radiopiu.net\/wordpress\/wp-json\/wp\/v2\/posts\/167124\/revisions"}],"wp:featuredmedia":[{"embeddable":true,"href":"https:\/\/www.radiopiu.net\/wordpress\/wp-json\/wp\/v2\/media\/167126"}],"wp:attachment":[{"href":"https:\/\/www.radiopiu.net\/wordpress\/wp-json\/wp\/v2\/media?parent=167124"}],"wp:term":[{"taxonomy":"category","embeddable":true,"href":"https:\/\/www.radiopiu.net\/wordpress\/wp-json\/wp\/v2\/categories?post=167124"},{"taxonomy":"post_tag","embeddable":true,"href":"https:\/\/www.radiopiu.net\/wordpress\/wp-json\/wp\/v2\/tags?post=167124"}],"curies":[{"name":"wp","href":"https:\/\/api.w.org\/{rel}","templated":true}]}}