{"id":167256,"date":"2020-10-19T12:38:56","date_gmt":"2020-10-19T10:38:56","guid":{"rendered":"https:\/\/www.radiopiu.net\/wordpress\/?p=167256"},"modified":"2020-10-19T13:20:46","modified_gmt":"2020-10-19T11:20:46","slug":"cortina-25-positivi-in-piu-nel-fine-settimana-focolaio-alla-sportivi-ghiaccio-con-30-positivi","status":"publish","type":"post","link":"https:\/\/www.radiopiu.net\/wordpress\/cortina-25-positivi-in-piu-nel-fine-settimana-focolaio-alla-sportivi-ghiaccio-con-30-positivi\/","title":{"rendered":"CORTINA: 25 POSITIVI IN PIU&#8217; NEL FINE SETTIMANA, FOCOLAIO ALLA SPORTIVI GHIACCIO CON 30 POSITIVI"},"content":{"rendered":"<div dir=\"auto\"><strong><a class=\"dt-pswp-item\" href=\"https:\/\/www.radiopiu.net\/wordpress\/wp-content\/uploads\/2020\/10\/74209763_2421464347980127_8799481244598403072_n.jpg\" data-dt-img-description=\"\" data-large_image_width=\"700\" data-large_image_height=\"700\"><img loading=\"lazy\" decoding=\"async\" class=\" wp-image-167257 alignleft\" src=\"https:\/\/www.radiopiu.net\/wordpress\/wp-content\/uploads\/2020\/10\/74209763_2421464347980127_8799481244598403072_n-300x300.jpg\" alt=\"\" width=\"222\" height=\"222\" srcset=\"https:\/\/www.radiopiu.net\/wordpress\/wp-content\/uploads\/2020\/10\/74209763_2421464347980127_8799481244598403072_n-300x300.jpg 300w, https:\/\/www.radiopiu.net\/wordpress\/wp-content\/uploads\/2020\/10\/74209763_2421464347980127_8799481244598403072_n-150x150.jpg 150w, https:\/\/www.radiopiu.net\/wordpress\/wp-content\/uploads\/2020\/10\/74209763_2421464347980127_8799481244598403072_n.jpg 700w\" sizes=\"auto, (max-width: 222px) 100vw, 222px\" \/><\/a>CORTINA<\/strong> Gianpietro Ghedina \u00e8 uno dei pochi sindaci in Italia, ci risulta l&#8217;unico in Provincia che tiene aggiornati i suoi concittadini sullo sviluppo della pandemia. Oggi sulla sua pagina facebook pubblica i dati del fine settimana: il numero di positivi al Covid-19 nel territorio di Cortina d\u2019Ampezzo \u00e8 passato da 110 a 135 casi (+25). Le persone in quarantena (isolamento domiciliare), che hanno avuto un contatto stretto con i positivi sono passati da 105 a 76 (-29). Il numero di positivit\u00e0 riscontrate, seppur alto, risulta abbastanza circoscritto perch\u00e9 \u00e8 riferibile essenzialmente a due focolai, uno alla casa di riposo con ben 65 casi, tra ospiti e personale impiegato, e l\u2019altro all\u2019ambiente della Sportivi Ghiaccio con circa 30 positivi tra atleti e familiari.<\/div>\n<div dir=\"auto\">&#8216;: In accordo con la Ulss 1 Dolomiti, considerato che a Cortina ci sono 8 scuole e decine di associazioni sportive, per queste specifiche categorie, a partire da questa settimana, verr\u00e0 istituito un servizio di tamponi in modalit\u00e0 drive-in allo Stadio del Ghiaccio, nelle mattine del luned\u00ec e del gioved\u00ec.<\/div>\n<div dir=\"auto\"><\/div>\n","protected":false},"excerpt":{"rendered":"<p>CORTINA Gianpietro Ghedina \u00e8 uno dei pochi sindaci in Italia, ci risulta l&#8217;unico in Provincia che tiene aggiornati i suoi concittadini sullo sviluppo della pandemia. Oggi sulla sua pagina facebook pubblica i dati del fine settimana: il numero di positivi al Covid-19 nel territorio di Cortina d\u2019Ampezzo \u00e8 passato da 110 a 135 casi (+25).&hellip;<\/p>\n","protected":false},"author":4,"featured_media":167257,"comment_status":"closed","ping_status":"closed","sticky":false,"template":"","format":"standard","meta":{"_monsterinsights_skip_tracking":false,"_monsterinsights_sitenote_active":false,"_monsterinsights_sitenote_note":"","_monsterinsights_sitenote_category":0,"footnotes":""},"categories":[51,49],"tags":[],"class_list":["post-167256","post","type-post","status-publish","format-standard","has-post-thumbnail","hentry","category-evidenza-top","category-news-18","category-51","category-49","description-off"],"img_url":"https:\/\/www.radiopiu.net\/wordpress\/wp-content\/uploads\/2020\/10\/74209763_2421464347980127_8799481244598403072_n.jpg","_links":{"self":[{"href":"https:\/\/www.radiopiu.net\/wordpress\/wp-json\/wp\/v2\/posts\/167256","targetHints":{"allow":["GET"]}}],"collection":[{"href":"https:\/\/www.radiopiu.net\/wordpress\/wp-json\/wp\/v2\/posts"}],"about":[{"href":"https:\/\/www.radiopiu.net\/wordpress\/wp-json\/wp\/v2\/types\/post"}],"author":[{"embeddable":true,"href":"https:\/\/www.radiopiu.net\/wordpress\/wp-json\/wp\/v2\/users\/4"}],"replies":[{"embeddable":true,"href":"https:\/\/www.radiopiu.net\/wordpress\/wp-json\/wp\/v2\/comments?post=167256"}],"version-history":[{"count":0,"href":"https:\/\/www.radiopiu.net\/wordpress\/wp-json\/wp\/v2\/posts\/167256\/revisions"}],"wp:featuredmedia":[{"embeddable":true,"href":"https:\/\/www.radiopiu.net\/wordpress\/wp-json\/wp\/v2\/media\/167257"}],"wp:attachment":[{"href":"https:\/\/www.radiopiu.net\/wordpress\/wp-json\/wp\/v2\/media?parent=167256"}],"wp:term":[{"taxonomy":"category","embeddable":true,"href":"https:\/\/www.radiopiu.net\/wordpress\/wp-json\/wp\/v2\/categories?post=167256"},{"taxonomy":"post_tag","embeddable":true,"href":"https:\/\/www.radiopiu.net\/wordpress\/wp-json\/wp\/v2\/tags?post=167256"}],"curies":[{"name":"wp","href":"https:\/\/api.w.org\/{rel}","templated":true}]}}