{"id":167323,"date":"2020-10-20T05:24:08","date_gmt":"2020-10-20T03:24:08","guid":{"rendered":"https:\/\/www.radiopiu.net\/wordpress\/?p=167323"},"modified":"2020-10-20T05:53:50","modified_gmt":"2020-10-20T03:53:50","slug":"panfilo-persico-il-vescovo-che-mori-senza-potersi-insediare-nella-diocesi","status":"publish","type":"post","link":"https:\/\/www.radiopiu.net\/wordpress\/panfilo-persico-il-vescovo-che-mori-senza-potersi-insediare-nella-diocesi\/","title":{"rendered":"PANFILO PERSICO: IL VESCOVO CHE MORI\u2019 SENZA POTERSI INSEDIARE NELLA DIOCESI"},"content":{"rendered":"<p><strong>di\u00a0Renato Bona <\/strong><\/p>\n<p><strong>BELLUNO<\/strong> Fu segretario di tre cardinali e infine nominato vescovo di Belluno ma\u2026 la nomina lo raggiunse mentre era in missione diplomatica a Parigi al seguito del cardinale Francesco Barberini e dovette quindi attendere la conclusione dei lavori. Purtroppo, sulla via del ritorno, nel porto di Savona fu colto da malore e il 14 dicembre 1625, a soli 54 anni, mor\u00ec. Parliamo di Panfilo Persico, che era nato a Belluno nel 1571, nella casa avita di via San Lucano, Palazzo Reviviscar), primo dei sette figli del nobile bellunese Priamo e della gentildonna friulana Emilia Filermo, appartenente al ramo della famiglia Persicini che dal 1497, con Andrea, aveva assunto il nuovo cognome di Persico, aggiungendo una pesca al naturale allo stemma del casato. Di lui \u00e8 scritto nel libro \u201c90 profili di personaggi poco noti di una provincia da scoprire\u201d, opera degli storici bellunesi Paolo Conte e Marco Perale edita da L\u2019Amico del Popolo, stampa tipografia Piave, dove si pu\u00f2 leggere che: \u201cA quindici anni, nel 1586, Panfilo \u00e8 gi\u00e0 a Padova, al servizio del cardinale Federico Corner. Alla morte di questi, nel 1590, diventa segretario del nuovo vescovo Alvise Corner, nipote di Federico. Nella primavera del 1594 lascia Padova per Roma dove viene ordinato sacerdote e diventa segretario dell\u2019arcivescovo di Monreale, ma senza perdere i contatti con i maggiori ecclesiastici veneti\u201d. E\u2019 cos\u00ec \u2013 prosegue l\u2019informazione \u2013 che al momento del subentro della Chiesa nel possesso del ducato di Ferrara alla morte dell\u2019ultimo estense, il Persico ottiene (grazie all\u2019intercessione del vescovo di Ceneda Marcantonio Mocenigo),di far parte della delegazione pontificia. Fu in tale occasione che strinse amicizia con il cardinal legato Maffeo Barberini, il futuro Urbano VIII\u201d. E\u2019 da quel momento \u2013 proseguono Conte-Perale \u2013 che l\u2019ascesa di Panfilo non conosce ostacoli: canonico di Ceneda nel 1599, poi al servizio del duca di Bracciano, quindi segretario del cardinale Alessandro Orsini nel 1615 a cui dedicher\u00e0 la sua opera pi\u00f9 nota, \u2018Del segretario\u2019, edita a Venezia in 4 libri nel 1620\u2026 Seguendo l\u2019Orsini partecip\u00f2 ad una delicata trattativa diplomatica con la Francia, che gli valse gli elogi di Enrico IV e poco dopo la nomina a Ministro di Stato presso Francesco Ubaldo della Rovere, duca di Urbino. Ma nel 1623 il vecchio amico Maffeo Barberini sal\u00ec al soglio pontificio e nomin\u00f2 subito Panfilo abate di S. Stefano a Spalato e segretario del nipote, il cardinale Francesco Barberini\u2026\u201d col quale fu mediatore diplomatico a Parigi dove ottenne le lodi del cardinale Richelieu e \u2013 come accennato sopra \u2013 la nomina a vescovo di Belluno dopo la morte, il 25 marzo 1625, del vecchio vescovo Alvise Lollino. Nel volume 82 del 2015 del Dizionario biografico degli italiani, Domenico Giorgio si sofferma, fra l\u2019altro, sulla vicenda legata alla vendita della residenza di famiglia, fino al 1596, nel quattrocentesco palazzo ricavato da una torre trecentesca denominato anche Reviviscar in pieno centro cittadino. Lo acquist\u00f2 lo storico Giorgio Piloni nell\u2019anno in cui Persico raggiunse la maggiore et\u00e0 (l\u2019anno di nascita si ricava dall\u2019atto di compravendita, essendosi persi i registri battesimali). Ne segu\u00ec una causa legale che si protrasse per decenni con il grande merito di aver conservato e trasmesso una miriade di documenti antichi altrimenti perduti (ancora Conte-Perale). Quanto all\u2019attivit\u00e0 letteraria del nostro, Domenico Giorgio ricorda che Panfilo Persico \u201cCompose molto probabilmente a Belluno il trattato \u2018Della filosofia morale e politica d\u2019Aristotele\u2019, che pubblic\u00f2 a Venezia nel 1617, con dedica al duca d\u2019Urbino, Federico Ubaldo Della Rovere, il quale gli concesse il prestigioso titolo di primo segretario di Stato. Sempre a Venezia diede alle stampe nel 1620 il suo trattato pi\u00f9 noto: \u2018Del segretario\u2019, concreta testimonianza delle sue esperienze professionali, con dedica al cardinale Alessandro Orsini. Nello stesso anno pubblic\u00f2 presso l\u2019editore Giovan Battista Ciotti di Venezia il trattato inedito del suo concittadino Giovan Pietro Dalle Fosse (Pierio Valeriano) \u2018Dialogo della volgar lingua\u2019, con dedica al cardinale Carlo de\u2019 Medici. Avrebbe composto anche un lungo \u2018Dialogo tra la Fortuna e l\u2019autore\u2019, rimasto inedito, e giacente tra le carte personali di Tommaso Antonio Catullo, naturalista e geologo bellunese (1782-1869). L\u2019epilogo della storia, sempre dal Dizionario biografico degli italiani: \u201cPartito dalla Francia nel novembre e diretto al porto di Civitavecchia per raggiungere Roma e di l\u00ec proseguire per la nuova sede vescovile, durante il viaggio Persico \u2018fu colto improvvisamente da febbre continua con dolori ippocondriaci\u2019 e fu costretto a sbarcare a Savona. Le sue condizioni apparvero subito senza speranza, e mor\u00ec proprio a Savona il 17 dicembre 1625, senza mai svolgere dunque le funzioni di vescovo della sua citt\u00e0\u201d, Belluno. In proposito sul libro di Conte-Perale si pu\u00f2 leggere che \u201cNon sono molti i bellunesi saliti agli onori della mitra vescovile e meno ancora quelli che hanno potuto reggere la loro diocesi natale. L\u2019ultimo \u00e8 stato Luigi Zuppani, all\u2019inizio del secolo scorso, e prima di lui analoga sorte \u00e8 toccata al feltrino Gorgia de Lusa nel Trecento e un secolo prima al bellunese Eleazaro de Castello. In mezzo a loro si colloca la figura di Panfilo Persico, un personaggio estremamente interessante e che \u00e8 forse meno noto di quanto meriterebbe solo per il fatto che la maggior parte della sua attivit\u00e0 si \u00e8 svolta lontano da Belluno\u201d. Riscontriamo un\u2019omissione che consegue al fatto che il libro \u00e8 del 1999: non compare la figura di un bellunese (di Canale d\u2019Agordo, il paese natale anche di Albino Luciani il \u201cPapa bellunese del sorriso) che \u00e8 stato vescovo diocesano. Si tratta di mons. Giuseppe Andrich che dal 10 febbraio 2016 \u00e8 vescovo emerito di Belluno-Feltre. Nato il 28 marzo 1940, fu nominato vescovo il 29 maggio 2004 da Papa Giovanni Paolo II e consacrato il 27 giugno dello stesso anno dal cardinale Angelo Scola; era stato ordinato presbitero il 28 giugno 1965 dal vescovo Gioacchino Muccin. Ad Andrich dunque quel che \u00e8 di Andrich\u2026<\/p>\n\n\t\t\t<style type='text\/css'>\n\t\t\t\t#gallery-1 {\n\t\t\t\t\tmargin: auto;\n\t\t\t\t}\n\t\t\t\t#gallery-1 .gallery-item {\n\t\t\t\t\tfloat: left;\n\t\t\t\t\tmargin-top: 10px;\n\t\t\t\t\ttext-align: center;\n\t\t\t\t\twidth: 16%;\n\t\t\t\t}\n\t\t\t\t#gallery-1 img {\n\t\t\t\t\tborder: 2px solid #cfcfcf;\n\t\t\t\t}\n\t\t\t\t#gallery-1 .gallery-caption {\n\t\t\t\t\tmargin-left: 0;\n\t\t\t\t}\n\t\t\t\t\/* see gallery_shortcode() in wp-includes\/media.php *\/\n\t\t\t<\/style>\n\t\t<div id='gallery-1' class='dt-gallery-container gallery galleryid-167323 gallery-columns-6 gallery-size-thumbnail'><dl class='gallery-item'>\n\t\t\t\t<dt class='gallery-icon portrait'>\n\t\t\t\t\t<a class=\"rollover rollover-zoom dt-pswp-item\" title=\"122122374_364024161415908_7020162100741909236_n\" data-dt-img-description=\"\" data-large_image_width=\"1828\" data-large_image_height=\"2048\"href='https:\/\/www.radiopiu.net\/wordpress\/wp-content\/uploads\/2020\/10\/122122374_364024161415908_7020162100741909236_n.jpg'><img loading=\"lazy\" decoding=\"async\" width=\"150\" height=\"150\" src=\"https:\/\/www.radiopiu.net\/wordpress\/wp-content\/uploads\/2020\/10\/122122374_364024161415908_7020162100741909236_n-150x150.jpg\" class=\"attachment-thumbnail size-thumbnail\" alt=\"\" \/><\/a>\n\t\t\t\t<\/dt><\/dl><dl class='gallery-item'>\n\t\t\t\t<dt class='gallery-icon portrait'>\n\t\t\t\t\t<a class=\"rollover rollover-zoom dt-pswp-item\" title=\"121672024_636260030373347_3665755472347455927_n\" data-dt-img-description=\"\" data-large_image_width=\"1209\" data-large_image_height=\"1880\"href='https:\/\/www.radiopiu.net\/wordpress\/wp-content\/uploads\/2020\/10\/121672024_636260030373347_3665755472347455927_n.jpg'><img loading=\"lazy\" decoding=\"async\" width=\"150\" height=\"150\" src=\"https:\/\/www.radiopiu.net\/wordpress\/wp-content\/uploads\/2020\/10\/121672024_636260030373347_3665755472347455927_n-150x150.jpg\" class=\"attachment-thumbnail size-thumbnail\" alt=\"\" \/><\/a>\n\t\t\t\t<\/dt><\/dl><dl class='gallery-item'>\n\t\t\t\t<dt class='gallery-icon landscape'>\n\t\t\t\t\t<a class=\"rollover rollover-zoom dt-pswp-item\" title=\"122186001_640815806586293_2432462489755269748_n\" data-dt-img-description=\"\" data-large_image_width=\"700\" data-large_image_height=\"457\"href='https:\/\/www.radiopiu.net\/wordpress\/wp-content\/uploads\/2020\/10\/122186001_640815806586293_2432462489755269748_n.jpg'><img loading=\"lazy\" decoding=\"async\" width=\"150\" height=\"150\" src=\"https:\/\/www.radiopiu.net\/wordpress\/wp-content\/uploads\/2020\/10\/122186001_640815806586293_2432462489755269748_n-150x150.jpg\" class=\"attachment-thumbnail size-thumbnail\" alt=\"\" \/><\/a>\n\t\t\t\t<\/dt><\/dl><dl class='gallery-item'>\n\t\t\t\t<dt class='gallery-icon portrait'>\n\t\t\t\t\t<a class=\"rollover rollover-zoom dt-pswp-item\" title=\"122128315_723930085136922_1817849697862829428_n\" data-dt-img-description=\"\" data-large_image_width=\"946\" data-large_image_height=\"1360\"href='https:\/\/www.radiopiu.net\/wordpress\/wp-content\/uploads\/2020\/10\/122128315_723930085136922_1817849697862829428_n.jpg'><img loading=\"lazy\" decoding=\"async\" width=\"150\" height=\"150\" src=\"https:\/\/www.radiopiu.net\/wordpress\/wp-content\/uploads\/2020\/10\/122128315_723930085136922_1817849697862829428_n-150x150.jpg\" class=\"attachment-thumbnail size-thumbnail\" alt=\"\" \/><\/a>\n\t\t\t\t<\/dt><\/dl><dl class='gallery-item'>\n\t\t\t\t<dt class='gallery-icon portrait'>\n\t\t\t\t\t<a class=\"rollover rollover-zoom dt-pswp-item\" title=\"122173095_655678018467707_7804483170544668757_n\" data-dt-img-description=\"\" data-large_image_width=\"128\" data-large_image_height=\"198\"href='https:\/\/www.radiopiu.net\/wordpress\/wp-content\/uploads\/2020\/10\/122173095_655678018467707_7804483170544668757_n.jpg'><img loading=\"lazy\" decoding=\"async\" width=\"128\" height=\"150\" src=\"https:\/\/www.radiopiu.net\/wordpress\/wp-content\/uploads\/2020\/10\/122173095_655678018467707_7804483170544668757_n-128x150.jpg\" class=\"attachment-thumbnail size-thumbnail\" alt=\"\" \/><\/a>\n\t\t\t\t<\/dt><\/dl><dl class='gallery-item'>\n\t\t\t\t<dt class='gallery-icon portrait'>\n\t\t\t\t\t<a class=\"rollover rollover-zoom dt-pswp-item\" title=\"122098720_350237059546628_7834177253929131953_n\" data-dt-img-description=\"\" data-large_image_width=\"1619\" data-large_image_height=\"2048\"href='https:\/\/www.radiopiu.net\/wordpress\/wp-content\/uploads\/2020\/10\/122098720_350237059546628_7834177253929131953_n.jpg'><img loading=\"lazy\" decoding=\"async\" width=\"150\" height=\"150\" src=\"https:\/\/www.radiopiu.net\/wordpress\/wp-content\/uploads\/2020\/10\/122098720_350237059546628_7834177253929131953_n-150x150.jpg\" class=\"attachment-thumbnail size-thumbnail\" alt=\"\" \/><\/a>\n\t\t\t\t<\/dt><\/dl><br style=\"clear: both\" \/>\n\t\t\t<\/div>\n\n<p>NELLE FOTO (dal libro \u201c90 profili\u201d di Conte-Perale, Libri antichi, Amazon.it, Corriere delle Alpi, Forgotten books): ritratto di Panfilo Persico inciso da Francesco Monaco; il vescovo di Belluno-Feltre, attualmente emerito, Giuseppe Andrich; varie copertine dell\u2019opera pi\u00f9 famosa di Persico: \u201cDel segretario\u201d e quella di un altro lavoro: \u201cPolitica d\u2019Aristotele\u201d.<\/p>\n","protected":false},"excerpt":{"rendered":"<p>di\u00a0Renato Bona BELLUNO Fu segretario di tre cardinali e infine nominato vescovo di Belluno ma\u2026 la nomina lo raggiunse mentre era in missione diplomatica a Parigi al seguito del cardinale Francesco Barberini e dovette quindi attendere la conclusione dei lavori. Purtroppo, sulla via del ritorno, nel porto di Savona fu colto da malore e il&hellip;<\/p>\n","protected":false},"author":4,"featured_media":167324,"comment_status":"closed","ping_status":"closed","sticky":false,"template":"","format":"standard","meta":{"_monsterinsights_skip_tracking":false,"_monsterinsights_sitenote_active":false,"_monsterinsights_sitenote_note":"","_monsterinsights_sitenote_category":0,"footnotes":""},"categories":[51,49],"tags":[],"class_list":["post-167323","post","type-post","status-publish","format-standard","has-post-thumbnail","hentry","category-evidenza-top","category-news-18","category-51","category-49","description-off"],"img_url":"https:\/\/www.radiopiu.net\/wordpress\/wp-content\/uploads\/2020\/10\/122122374_364024161415908_7020162100741909236_n.jpg","_links":{"self":[{"href":"https:\/\/www.radiopiu.net\/wordpress\/wp-json\/wp\/v2\/posts\/167323","targetHints":{"allow":["GET"]}}],"collection":[{"href":"https:\/\/www.radiopiu.net\/wordpress\/wp-json\/wp\/v2\/posts"}],"about":[{"href":"https:\/\/www.radiopiu.net\/wordpress\/wp-json\/wp\/v2\/types\/post"}],"author":[{"embeddable":true,"href":"https:\/\/www.radiopiu.net\/wordpress\/wp-json\/wp\/v2\/users\/4"}],"replies":[{"embeddable":true,"href":"https:\/\/www.radiopiu.net\/wordpress\/wp-json\/wp\/v2\/comments?post=167323"}],"version-history":[{"count":0,"href":"https:\/\/www.radiopiu.net\/wordpress\/wp-json\/wp\/v2\/posts\/167323\/revisions"}],"wp:featuredmedia":[{"embeddable":true,"href":"https:\/\/www.radiopiu.net\/wordpress\/wp-json\/wp\/v2\/media\/167324"}],"wp:attachment":[{"href":"https:\/\/www.radiopiu.net\/wordpress\/wp-json\/wp\/v2\/media?parent=167323"}],"wp:term":[{"taxonomy":"category","embeddable":true,"href":"https:\/\/www.radiopiu.net\/wordpress\/wp-json\/wp\/v2\/categories?post=167323"},{"taxonomy":"post_tag","embeddable":true,"href":"https:\/\/www.radiopiu.net\/wordpress\/wp-json\/wp\/v2\/tags?post=167323"}],"curies":[{"name":"wp","href":"https:\/\/api.w.org\/{rel}","templated":true}]}}