{"id":167395,"date":"2020-10-20T05:43:25","date_gmt":"2020-10-20T03:43:25","guid":{"rendered":"https:\/\/www.radiopiu.net\/wordpress\/?p=167395"},"modified":"2020-10-30T11:04:42","modified_gmt":"2020-10-30T10:04:42","slug":"rosa-di-gisella-canzian","status":"publish","type":"post","link":"https:\/\/www.radiopiu.net\/wordpress\/rosa-di-gisella-canzian\/","title":{"rendered":"ROSA di GISELLA CANZIAN"},"content":{"rendered":"<p>&nbsp;<\/p>\n<audio class=\"wp-audio-shortcode\" id=\"audio-167395-1\" preload=\"none\" style=\"width: 100%;\" controls=\"controls\"><source type=\"audio\/mpeg\" src=\"https:\/\/www.radiopiu.net\/wordpress\/wp-content\/uploads\/2020\/10\/SETTIMANA-1-GISELLA-CANZIAN_ROSA-MARTEDI.mp3?_=1\" \/><a href=\"https:\/\/www.radiopiu.net\/wordpress\/wp-content\/uploads\/2020\/10\/SETTIMANA-1-GISELLA-CANZIAN_ROSA-MARTEDI.mp3\">https:\/\/www.radiopiu.net\/wordpress\/wp-content\/uploads\/2020\/10\/SETTIMANA-1-GISELLA-CANZIAN_ROSA-MARTEDI.mp3<\/a><\/audio>\n<p>&nbsp;<\/p>\n<p><span style=\"font-family: Verdana, sans-serif;\"><span style=\"font-size: medium;\"><img loading=\"lazy\" decoding=\"async\" class=\"alignleft\" src=\"https:\/\/www.radiopiu.net\/wordpress\/wp-content\/uploads\/2020\/10\/foto-gisella-canzian-sua-personale.jpg\" width=\"77\" height=\"72\" \/>ROSA<\/span><\/span><\/p>\n<p><span style=\"font-family: Verdana, sans-serif;\"><span style=\"font-size: medium;\">Finch\u00e9 una sola rosa<br \/>\nprofumer\u00e0 la mia strada<br \/>\nio rester\u00f2 sorda<br \/>\nalla nevrosi delle lancette.<\/span><\/span><\/p>\n<p>Sar\u00f2 cristallo nel deserto. Cerchio di una bussola.<br \/>\nSar\u00f2 il suo nome e le sue spine, perch\u00e9 felicit\u00e0 \u00e8 fatica.<br \/>\nE bellezza.<\/p>\n","protected":false},"excerpt":{"rendered":"<p>&nbsp; &nbsp; ROSA Finch\u00e9 una sola rosa profumer\u00e0 la mia strada io rester\u00f2 sorda alla nevrosi delle lancette. Sar\u00f2 cristallo nel deserto. Cerchio di una bussola. Sar\u00f2 il suo nome e le sue spine, perch\u00e9 felicit\u00e0 \u00e8 fatica. E bellezza.<\/p>\n","protected":false},"author":4,"featured_media":167173,"comment_status":"closed","ping_status":"closed","sticky":false,"template":"","format":"standard","meta":{"_monsterinsights_skip_tracking":false,"_monsterinsights_sitenote_active":false,"_monsterinsights_sitenote_note":"","_monsterinsights_sitenote_category":0,"footnotes":""},"categories":[51,104,22,49],"tags":[],"class_list":["post-167395","post","type-post","status-publish","format-standard","has-post-thumbnail","hentry","category-evidenza-top","category-evidenza_3","category-invivoverso","category-news-18","category-51","category-104","category-22","category-49","description-off"],"img_url":"https:\/\/www.radiopiu.net\/wordpress\/wp-content\/uploads\/2020\/10\/foto-gisella-canzian-sua-personale.jpg","_links":{"self":[{"href":"https:\/\/www.radiopiu.net\/wordpress\/wp-json\/wp\/v2\/posts\/167395","targetHints":{"allow":["GET"]}}],"collection":[{"href":"https:\/\/www.radiopiu.net\/wordpress\/wp-json\/wp\/v2\/posts"}],"about":[{"href":"https:\/\/www.radiopiu.net\/wordpress\/wp-json\/wp\/v2\/types\/post"}],"author":[{"embeddable":true,"href":"https:\/\/www.radiopiu.net\/wordpress\/wp-json\/wp\/v2\/users\/4"}],"replies":[{"embeddable":true,"href":"https:\/\/www.radiopiu.net\/wordpress\/wp-json\/wp\/v2\/comments?post=167395"}],"version-history":[{"count":0,"href":"https:\/\/www.radiopiu.net\/wordpress\/wp-json\/wp\/v2\/posts\/167395\/revisions"}],"wp:featuredmedia":[{"embeddable":true,"href":"https:\/\/www.radiopiu.net\/wordpress\/wp-json\/wp\/v2\/media\/167173"}],"wp:attachment":[{"href":"https:\/\/www.radiopiu.net\/wordpress\/wp-json\/wp\/v2\/media?parent=167395"}],"wp:term":[{"taxonomy":"category","embeddable":true,"href":"https:\/\/www.radiopiu.net\/wordpress\/wp-json\/wp\/v2\/categories?post=167395"},{"taxonomy":"post_tag","embeddable":true,"href":"https:\/\/www.radiopiu.net\/wordpress\/wp-json\/wp\/v2\/tags?post=167395"}],"curies":[{"name":"wp","href":"https:\/\/api.w.org\/{rel}","templated":true}]}}