{"id":167411,"date":"2020-10-20T10:25:34","date_gmt":"2020-10-20T08:25:34","guid":{"rendered":"https:\/\/www.radiopiu.net\/wordpress\/?p=167411"},"modified":"2020-10-20T10:25:34","modified_gmt":"2020-10-20T08:25:34","slug":"consiglio-comunali-questa-sera-a-rocca-pietore-e-giovedi-a-canale-dagordo","status":"publish","type":"post","link":"https:\/\/www.radiopiu.net\/wordpress\/consiglio-comunali-questa-sera-a-rocca-pietore-e-giovedi-a-canale-dagordo\/","title":{"rendered":"CONSIGLIO COMUNALI, QUESTA SERA A ROCCA PIETORE E GIOVEDI A CANALE D&#8217;AGORDO"},"content":{"rendered":"<p>&nbsp;<\/p>\n<p>&nbsp;<\/p>\n<p><img loading=\"lazy\" decoding=\"async\" class=\"alignleft\" src=\"https:\/\/www.radiopiu.net\/wordpress\/wp-content\/uploads\/2019\/07\/consiglio-rocca-6.jpeg\" width=\"188\" height=\"106\" \/>Questa sera alle 18.30 consiglio comunale a Rocca Pietore, sicuramente molto meno lungo del precedente durato parecchie ore anche in seguito ad una lunga serie di interrogazioni delle minoranze. Sulle seduta odierna le anticipazione del sindaco Andrea De Bernardin<\/p>\n<audio class=\"wp-audio-shortcode\" id=\"audio-167411-1\" preload=\"none\" style=\"width: 100%;\" controls=\"controls\"><source type=\"audio\/mpeg\" src=\"https:\/\/www.radiopiu.net\/wordpress\/wp-content\/uploads\/2020\/10\/andrea-2.mp3?_=1\" \/><a href=\"https:\/\/www.radiopiu.net\/wordpress\/wp-content\/uploads\/2020\/10\/andrea-2.mp3\">https:\/\/www.radiopiu.net\/wordpress\/wp-content\/uploads\/2020\/10\/andrea-2.mp3<\/a><\/audio>\n<p>&nbsp;<\/p>\n<blockquote>\n<h3>BILANCIO ED ALIENAZIONE DI TERRENI NEL CONSIGLIO COMUNALE<\/h3>\n<\/blockquote>\n<p><strong><a class=\"dt-pswp-item\" href=\"https:\/\/www.radiopiu.net\/wordpress\/wp-content\/uploads\/2020\/06\/CANALE-DAGORDO-6.jpg\" data-dt-img-description=\"\" data-large_image_width=\"960\" data-large_image_height=\"720\"><img loading=\"lazy\" decoding=\"async\" class=\"wp-image-142143 alignleft\" src=\"https:\/\/www.radiopiu.net\/wordpress\/wp-content\/uploads\/2020\/06\/CANALE-DAGORDO-6-300x225.jpg\" alt=\"\" width=\"163\" height=\"122\" srcset=\"https:\/\/www.radiopiu.net\/wordpress\/wp-content\/uploads\/2020\/06\/CANALE-DAGORDO-6-300x225.jpg 300w, https:\/\/www.radiopiu.net\/wordpress\/wp-content\/uploads\/2020\/06\/CANALE-DAGORDO-6-768x576.jpg 768w, https:\/\/www.radiopiu.net\/wordpress\/wp-content\/uploads\/2020\/06\/CANALE-DAGORDO-6.jpg 960w\" sizes=\"auto, (max-width: 163px) 100vw, 163px\" \/><\/a>CANALE D&#8217;AGORDO<\/strong> Giovedi alle 20.05 consiglio comunale a porte chiuse in sala Musal. All&#8217;ordine del giorno: variazione al bilancio, criteri per il riconoscimento dei compensi al personale dipendente per le attivit\u00e0 di rilevazione, bilancio di previsione e istanza di alienazione di alcuni terreni d&#8217;uso civico in localit\u00e0 La Sota. Il consiglio comunale sar\u00e0 trasmesso in diretta facebook sulle pagine di RADIO PIU&#8217;<\/p>\n","protected":false},"excerpt":{"rendered":"<p>&nbsp; &nbsp; Questa sera alle 18.30 consiglio comunale a Rocca Pietore, sicuramente molto meno lungo del precedente durato parecchie ore anche in seguito ad una lunga serie di interrogazioni delle minoranze. Sulle seduta odierna le anticipazione del sindaco Andrea De Bernardin &nbsp; BILANCIO ED ALIENAZIONE DI TERRENI NEL CONSIGLIO COMUNALE CANALE D&#8217;AGORDO Giovedi alle 20.05&hellip;<\/p>\n","protected":false},"author":4,"featured_media":92223,"comment_status":"closed","ping_status":"closed","sticky":false,"template":"","format":"standard","meta":{"_monsterinsights_skip_tracking":false,"_monsterinsights_sitenote_active":false,"_monsterinsights_sitenote_note":"","_monsterinsights_sitenote_category":0,"footnotes":""},"categories":[49],"tags":[],"class_list":["post-167411","post","type-post","status-publish","format-standard","has-post-thumbnail","hentry","category-news-18","category-49","description-off"],"img_url":"https:\/\/www.radiopiu.net\/wordpress\/wp-content\/uploads\/2019\/07\/consiglio-rocca-6.jpeg","_links":{"self":[{"href":"https:\/\/www.radiopiu.net\/wordpress\/wp-json\/wp\/v2\/posts\/167411","targetHints":{"allow":["GET"]}}],"collection":[{"href":"https:\/\/www.radiopiu.net\/wordpress\/wp-json\/wp\/v2\/posts"}],"about":[{"href":"https:\/\/www.radiopiu.net\/wordpress\/wp-json\/wp\/v2\/types\/post"}],"author":[{"embeddable":true,"href":"https:\/\/www.radiopiu.net\/wordpress\/wp-json\/wp\/v2\/users\/4"}],"replies":[{"embeddable":true,"href":"https:\/\/www.radiopiu.net\/wordpress\/wp-json\/wp\/v2\/comments?post=167411"}],"version-history":[{"count":0,"href":"https:\/\/www.radiopiu.net\/wordpress\/wp-json\/wp\/v2\/posts\/167411\/revisions"}],"wp:featuredmedia":[{"embeddable":true,"href":"https:\/\/www.radiopiu.net\/wordpress\/wp-json\/wp\/v2\/media\/92223"}],"wp:attachment":[{"href":"https:\/\/www.radiopiu.net\/wordpress\/wp-json\/wp\/v2\/media?parent=167411"}],"wp:term":[{"taxonomy":"category","embeddable":true,"href":"https:\/\/www.radiopiu.net\/wordpress\/wp-json\/wp\/v2\/categories?post=167411"},{"taxonomy":"post_tag","embeddable":true,"href":"https:\/\/www.radiopiu.net\/wordpress\/wp-json\/wp\/v2\/tags?post=167411"}],"curies":[{"name":"wp","href":"https:\/\/api.w.org\/{rel}","templated":true}]}}