{"id":167451,"date":"2020-10-21T05:54:26","date_gmt":"2020-10-21T03:54:26","guid":{"rendered":"https:\/\/www.radiopiu.net\/wordpress\/?p=167451"},"modified":"2020-10-21T06:07:07","modified_gmt":"2020-10-21T04:07:07","slug":"dopo-vaia-si-pensa-di-nuovo-alla-centralina-sul-tegnas","status":"publish","type":"post","link":"https:\/\/www.radiopiu.net\/wordpress\/dopo-vaia-si-pensa-di-nuovo-alla-centralina-sul-tegnas\/","title":{"rendered":"DOPO VAIA SI PENSA DI NUOVO ALLA CENTRALINA SUL TEGNAS"},"content":{"rendered":"<p><strong><img loading=\"lazy\" decoding=\"async\" class=\"alignleft\" src=\"https:\/\/www.radiopiu.net\/wordpress\/wp-content\/uploads\/2020\/08\/8e3c1c08-cde6-44f5-8bbb-c64c1136c6a4.jpg\" width=\"151\" height=\"311\" \/>TAIBON\u00a0<\/strong> Siamo venuti a conoscenza grazie ad una corrispondenza privata con un consigliere comunale (e non da un comunicato stampa o da un invito ufficiale) che l&#8217;idea di realizzare una centralina sul torrente\u00a0 Tegnas non \u00e8 tramontata, non se ne parlava da tempo,\u00a0 forse anche perch\u00e9 l&#8217;uragano Vaia ha completamente sconvolto la valle di San Lucano. Gi\u00e0 a suo tempo ci eravamo occupati comunque dei vari progetti presentati per la costruzione di centraline, come molti ricorderanno ci furono sia incontri in Municipio che vivaci sopralluoghi lungo il greto del torrente che attraversa una tra le pi\u00f9 belle vallate dolomitiche.<\/p>\n<p>L&#8217;ultima novit\u00e0 \u00e8 la presentazione al pubblico dei contenuti\u00a0 del progetto del Sia (prevista ai sensi dell&#8217;articolo 14 della legge regionale 4\/16) che verr\u00e0 effettuata non in pubblico (probabilmente causa normative anti covid_19) ma in via telematica giovedi alle 10 del mattino (peraltro Radio Pi\u00f9 ha fatto richiesta di accesso inviata via posta certificata, ed \u00e8 in attesa di una cortese risposta). Per iscriversi alla video conferenza \u00e8 necessario inviare una pec (posta certificata) con le proprie generalit\u00e0 all&#8217;indirizzo: <span style=\"color: #0000ff;\">info@pec.skiareamiara.it\u00a0<span style=\"color: #000000;\">In risposta si riceveranno le istruzioni per accedere alla videoconferenza. <em>&#8220;Per ragioni organizzative si prega ogni associazione, azienda, comunit\u00e0 o gruppo di interesse di iscrivere alla videoconferenza un solo rappresentante&#8221;\u00a0<\/em>si legge nel documento.<\/span><\/span><\/p>\n<p>L&#8217;azienda che\u00a0 firma l&#8217;invito alla video conferenza \u00e8 la SKIAREA MIARA SRL con Zeno Kastlunger (legale rappresentante) e la SAN LUCANO IDROELETTRICA SRL con Francesco Pastore (legale rappresentante) che in solido propongono un progetto dal titolo &#8220;IMPIANTO IDROELETTRICO COL DI PRA'&#8221;.<\/p>\n","protected":false},"excerpt":{"rendered":"<p>TAIBON\u00a0 Siamo venuti a conoscenza grazie ad una corrispondenza privata con un consigliere comunale (e non da un comunicato stampa o da un invito ufficiale) che l&#8217;idea di realizzare una centralina sul torrente\u00a0 Tegnas non \u00e8 tramontata, non se ne parlava da tempo,\u00a0 forse anche perch\u00e9 l&#8217;uragano Vaia ha completamente sconvolto la valle di San&hellip;<\/p>\n","protected":false},"author":4,"featured_media":157546,"comment_status":"closed","ping_status":"closed","sticky":false,"template":"","format":"standard","meta":{"_monsterinsights_skip_tracking":false,"_monsterinsights_sitenote_active":false,"_monsterinsights_sitenote_note":"","_monsterinsights_sitenote_category":0,"footnotes":""},"categories":[51,49],"tags":[],"class_list":["post-167451","post","type-post","status-publish","format-standard","has-post-thumbnail","hentry","category-evidenza-top","category-news-18","category-51","category-49","description-off"],"img_url":"https:\/\/www.radiopiu.net\/wordpress\/wp-content\/uploads\/2020\/08\/8e3c1c08-cde6-44f5-8bbb-c64c1136c6a4.jpg","_links":{"self":[{"href":"https:\/\/www.radiopiu.net\/wordpress\/wp-json\/wp\/v2\/posts\/167451","targetHints":{"allow":["GET"]}}],"collection":[{"href":"https:\/\/www.radiopiu.net\/wordpress\/wp-json\/wp\/v2\/posts"}],"about":[{"href":"https:\/\/www.radiopiu.net\/wordpress\/wp-json\/wp\/v2\/types\/post"}],"author":[{"embeddable":true,"href":"https:\/\/www.radiopiu.net\/wordpress\/wp-json\/wp\/v2\/users\/4"}],"replies":[{"embeddable":true,"href":"https:\/\/www.radiopiu.net\/wordpress\/wp-json\/wp\/v2\/comments?post=167451"}],"version-history":[{"count":0,"href":"https:\/\/www.radiopiu.net\/wordpress\/wp-json\/wp\/v2\/posts\/167451\/revisions"}],"wp:featuredmedia":[{"embeddable":true,"href":"https:\/\/www.radiopiu.net\/wordpress\/wp-json\/wp\/v2\/media\/157546"}],"wp:attachment":[{"href":"https:\/\/www.radiopiu.net\/wordpress\/wp-json\/wp\/v2\/media?parent=167451"}],"wp:term":[{"taxonomy":"category","embeddable":true,"href":"https:\/\/www.radiopiu.net\/wordpress\/wp-json\/wp\/v2\/categories?post=167451"},{"taxonomy":"post_tag","embeddable":true,"href":"https:\/\/www.radiopiu.net\/wordpress\/wp-json\/wp\/v2\/tags?post=167451"}],"curies":[{"name":"wp","href":"https:\/\/api.w.org\/{rel}","templated":true}]}}