{"id":167540,"date":"2020-10-21T05:46:01","date_gmt":"2020-10-21T03:46:01","guid":{"rendered":"https:\/\/www.radiopiu.net\/wordpress\/?p=167540"},"modified":"2020-10-21T06:11:41","modified_gmt":"2020-10-21T04:11:41","slug":"la-provincia-di-belluno-e-carbon-neutral","status":"publish","type":"post","link":"https:\/\/www.radiopiu.net\/wordpress\/la-provincia-di-belluno-e-carbon-neutral\/","title":{"rendered":"LA PROVINCIA DI BELLUNO \u00c8 CARBON NEUTRAL"},"content":{"rendered":"<p><strong><a class=\"dt-pswp-item\" href=\"https:\/\/www.radiopiu.net\/wordpress\/wp-content\/uploads\/2020\/10\/5d3e473e-6069-41e2-8e9a-83030e511638.jpg\" data-dt-img-description=\"\" data-large_image_width=\"1600\" data-large_image_height=\"1200\"><img loading=\"lazy\" decoding=\"async\" class=\"size-medium wp-image-167543 alignleft\" src=\"https:\/\/www.radiopiu.net\/wordpress\/wp-content\/uploads\/2020\/10\/5d3e473e-6069-41e2-8e9a-83030e511638-300x225.jpg\" alt=\"\" width=\"300\" height=\"225\" srcset=\"https:\/\/www.radiopiu.net\/wordpress\/wp-content\/uploads\/2020\/10\/5d3e473e-6069-41e2-8e9a-83030e511638-300x225.jpg 300w, https:\/\/www.radiopiu.net\/wordpress\/wp-content\/uploads\/2020\/10\/5d3e473e-6069-41e2-8e9a-83030e511638-1024x768.jpg 1024w, https:\/\/www.radiopiu.net\/wordpress\/wp-content\/uploads\/2020\/10\/5d3e473e-6069-41e2-8e9a-83030e511638-768x576.jpg 768w, https:\/\/www.radiopiu.net\/wordpress\/wp-content\/uploads\/2020\/10\/5d3e473e-6069-41e2-8e9a-83030e511638-1536x1152.jpg 1536w, https:\/\/www.radiopiu.net\/wordpress\/wp-content\/uploads\/2020\/10\/5d3e473e-6069-41e2-8e9a-83030e511638.jpg 1600w\" sizes=\"auto, (max-width: 300px) 100vw, 300px\" \/><\/a>BELLUNO\u00a0<\/strong>La Provincia di Belluno avvier\u00e0 il monitoraggio delle emissioni di gas serra. Uno studio approfondito che sar\u00e0 alla base di politiche condivise tra soggetti pubblici e privati del territorio per la riduzione dell\u2019inquinamento. \u00c8 l\u2019obiettivo del progetto CaN Be &#8211; Carbon neutral Belluno, che vedr\u00e0 insieme a Palazzo Piloni anche l\u2019Universit\u00e0 di Siena con il Dipartimento di Scienze Fisiche della Terra e dell\u2019Ambiente. Il progetto \u00e8 in continuit\u00e0 con le politiche ambientali europee, nazionali e regionali, e in adesione alla proposte della Consulta studentesca provinciale. Nel dettaglio, CaN Be prevede un monitoraggio delle emissioni di gas a effetto serra predisposto su scala locale per individuare le principali sorgenti di emissione presenti sul territorio, sia antropiche sia biogeniche, e la capacit\u00e0 di assorbimento di Co2 da parte degli ecosistemi locali. Rispetto agli inventari elaborati a scala regionale e poi nazionale, si utilizzeranno i dati direttamente acquisiti dal territorio, anche per determinare la capacit\u00e0 di assorbimento con specifico riferimento alla copertura vegetale e all\u2019uso del suolo della provincia di Belluno. Si determiner\u00e0, poi, mediante confronto delle immagini satellitari o aeree, la riduzione della capacit\u00e0 di assorbimento di Co2 causata dalla devastazione provocata da Vaia a ottobre 2018 ed eventualmente se e quali potenzialit\u00e0 abbiano gli ecosistemi locali di aumentare le loro capacit\u00e0 di azione sulla riduzione dei gas serra. Occhio anche ai grandi eventi: in relazione a Mondiali e Olimpiadi si potr\u00e0 valutare anche la capacit\u00e0 di resilienza del territorio bellunese. Il fatto di concentrarsi su un\u2019area subnazionale pu\u00f2 offrire migliori possibilit\u00e0 di governo del territorio e dare adito a interessanti spunti anche dal punto di vista della comunicazione, importante stimolo per l\u2019immagine e l\u2019attrattivit\u00e0 del territorio. I bilanci fra emissione e assorbimento che si otterranno in questo modo saranno divulgati alle comunit\u00e0 locali e costituiranno la base per individuare le azioni necessarie a orientare le nostre abitudini di vita per ridurne il pi\u00f9 possibile gli effetti negativi sull\u2019Ambiente, sul clima e sul nostro pianeta. La Provincia contribuir\u00e0 anche con una borsa di studio e un assegno di ricerca (per un costo complessivo di 30mila euro) sul tema: tema: \u201cMonitoraggio dei gas serra per la Provincia di Belluno\u201d.<\/p>\n<div style=\"width: 480px;\" class=\"wp-video\"><video class=\"wp-video-shortcode\" id=\"video-167540-1\" width=\"480\" height=\"480\" preload=\"metadata\" controls=\"controls\"><source type=\"video\/mp4\" src=\"https:\/\/www.radiopiu.net\/wordpress\/wp-content\/uploads\/2020\/10\/VIDEO-BELLUNO-CARBON.mp4?_=1\" \/><a href=\"https:\/\/www.radiopiu.net\/wordpress\/wp-content\/uploads\/2020\/10\/VIDEO-BELLUNO-CARBON.mp4\">https:\/\/www.radiopiu.net\/wordpress\/wp-content\/uploads\/2020\/10\/VIDEO-BELLUNO-CARBON.mp4<\/a><\/video><\/div>\n","protected":false},"excerpt":{"rendered":"<p>BELLUNO\u00a0La Provincia di Belluno avvier\u00e0 il monitoraggio delle emissioni di gas serra. Uno studio approfondito che sar\u00e0 alla base di politiche condivise tra soggetti pubblici e privati del territorio per la riduzione dell\u2019inquinamento. \u00c8 l\u2019obiettivo del progetto CaN Be &#8211; Carbon neutral Belluno, che vedr\u00e0 insieme a Palazzo Piloni anche l\u2019Universit\u00e0 di Siena con il&hellip;<\/p>\n","protected":false},"author":4,"featured_media":167543,"comment_status":"closed","ping_status":"closed","sticky":false,"template":"","format":"standard","meta":{"_monsterinsights_skip_tracking":false,"_monsterinsights_sitenote_active":false,"_monsterinsights_sitenote_note":"","_monsterinsights_sitenote_category":0,"footnotes":""},"categories":[51,49],"tags":[],"class_list":["post-167540","post","type-post","status-publish","format-standard","has-post-thumbnail","hentry","category-evidenza-top","category-news-18","category-51","category-49","description-off"],"img_url":"https:\/\/www.radiopiu.net\/wordpress\/wp-content\/uploads\/2020\/10\/5d3e473e-6069-41e2-8e9a-83030e511638.jpg","_links":{"self":[{"href":"https:\/\/www.radiopiu.net\/wordpress\/wp-json\/wp\/v2\/posts\/167540","targetHints":{"allow":["GET"]}}],"collection":[{"href":"https:\/\/www.radiopiu.net\/wordpress\/wp-json\/wp\/v2\/posts"}],"about":[{"href":"https:\/\/www.radiopiu.net\/wordpress\/wp-json\/wp\/v2\/types\/post"}],"author":[{"embeddable":true,"href":"https:\/\/www.radiopiu.net\/wordpress\/wp-json\/wp\/v2\/users\/4"}],"replies":[{"embeddable":true,"href":"https:\/\/www.radiopiu.net\/wordpress\/wp-json\/wp\/v2\/comments?post=167540"}],"version-history":[{"count":0,"href":"https:\/\/www.radiopiu.net\/wordpress\/wp-json\/wp\/v2\/posts\/167540\/revisions"}],"wp:featuredmedia":[{"embeddable":true,"href":"https:\/\/www.radiopiu.net\/wordpress\/wp-json\/wp\/v2\/media\/167543"}],"wp:attachment":[{"href":"https:\/\/www.radiopiu.net\/wordpress\/wp-json\/wp\/v2\/media?parent=167540"}],"wp:term":[{"taxonomy":"category","embeddable":true,"href":"https:\/\/www.radiopiu.net\/wordpress\/wp-json\/wp\/v2\/categories?post=167540"},{"taxonomy":"post_tag","embeddable":true,"href":"https:\/\/www.radiopiu.net\/wordpress\/wp-json\/wp\/v2\/tags?post=167540"}],"curies":[{"name":"wp","href":"https:\/\/api.w.org\/{rel}","templated":true}]}}