{"id":167546,"date":"2020-10-21T05:47:23","date_gmt":"2020-10-21T03:47:23","guid":{"rendered":"https:\/\/www.radiopiu.net\/wordpress\/?p=167546"},"modified":"2020-10-21T06:11:09","modified_gmt":"2020-10-21T04:11:09","slug":"la-riunione-in-videoconferenza-tra-prefetto-ulss-1-dolomiti-croce-rossa-e-case-di-riposo-feltrine","status":"publish","type":"post","link":"https:\/\/www.radiopiu.net\/wordpress\/la-riunione-in-videoconferenza-tra-prefetto-ulss-1-dolomiti-croce-rossa-e-case-di-riposo-feltrine\/","title":{"rendered":"LA RIUNIONE IN VIDEOCONFERENZA TRA PREFETTO, ULSS 1 DOLOMITI, CROCE ROSSA E CASE DI RIPOSO FELTRINE"},"content":{"rendered":"<p><strong><a class=\"dt-pswp-item\" href=\"https:\/\/www.radiopiu.net\/wordpress\/wp-content\/uploads\/2020\/03\/Adriana-Cogode.jpg\" data-dt-img-description=\"\" data-large_image_width=\"280\" data-large_image_height=\"300\"><img loading=\"lazy\" decoding=\"async\" class=\"size-full wp-image-121833 alignleft\" src=\"https:\/\/www.radiopiu.net\/wordpress\/wp-content\/uploads\/2020\/03\/Adriana-Cogode.jpg\" alt=\"\" width=\"280\" height=\"300\" \/><\/a>BELLUNO \u00a0<\/strong>Si \u00e8 tenuta ieri 19 ottobre 2020, in videoconferenza, una riunione del Comitato Provinciale per l\u2019Ordine e la Sicurezza Pubblica, presieduto dal Prefetto, Adriana Cogode, alla quale hanno preso parte i vertici delle Forze di Polizia, il Sindaco del Comune di Belluno, il Direttore Generale e il Direttore dei Servizi Socio-Sanitari\u00a0 della ULSS. n. 1 Dolomiti, i rappresentanti della Provincia e della Croce Rossa nonch\u00e9 i responsabili della SER. Sa e delle Case di Riposo Feltrine.\u00a0Al centro dell\u2019incontro la situazione relativa alla diffusione in provincia del virus COVID \u2013 19 e l\u2019esame delle disposizioni previste dal Decreto del Presidente del Consiglio dei Ministri in data 18 ottobre con cui sono state introdotte nuove disposizioni\u00a0 volte al contenimento del contagio con efficacia dal 19 ottobre sino al 13 novembre p.v.\u00a0E\u2019 stata in particolare focalizzata l\u2019attenzione sulle misure relative alla possibile chiusura al pubblico dopo le ore 21,00 \u201c<em>delle strade o piazze nei centri urbani, dove si possono creare situazioni di assembramento, fatta salva la possibilit\u00e0 di accesso, e deflusso, agli esercizi commerciali legittimamente aperti e alle abitazioni private<\/em>\u201d, al divieto di\u00a0<em>\u00a0sagre e\u00a0 fiere di comunit\u00e0,\u00a0<\/em>ad eccezione delle manifestazioni fieristiche<em>\u00a0<\/em>di carattere nazionale e internazionale, nel rispetto di adeguate misure organizzative e del distanziamento, al divieto di sport di contatto, con esclusione degli sport individuali e di squadra riconosciuti di interesse nazionale o regionale.\u00a0Il DPCM ha inoltre introdotto nuove modalit\u00e0 di svolgimento dei congressi e delle riunioni disponendo, che: \u201c<em>sono sospese tutte le attivit\u00e0 convegnistiche o congressuali, ad eccezione di quelle che si svolgono con modalit\u00e0 a distanza; tutte le cerimonie pubbliche si svolgono nel rispetto dei protocolli e linee guida vigenti e a condizione che siano assicurate specifiche misure idonee a limitare la presenza del pubblico;\u00a0nell\u2019ambito delle pubbliche amministrazioni le riunioni si svolgono in modalit\u00e0 a distanza, salvo la sussistenza di motivate ragioni; \u00e8 fortemente raccomandato svolgere anche le riunioni private in modalit\u00e0 a distanza\u201d.\u00a0<\/em>Per quel che concerne il settore scolastico, vengono incentivati, per i cicli di istruzione secondaria di secondo grado, il ricorso alla didattica a distanza e\u00a0 lo scaglionamento degli orari. Per\u00a0 le istituzioni scolastiche secondarie di secondo grado sono previste forme flessibili\u00a0 nell\u2019organizzazione dell\u2019attivit\u00e0 didattica incrementando il ricorso alla didattica digitale integrata, che rimane complementare alla didattica in presenza, modulando ulteriormente la gestione degli orari di ingresso e di uscita degli alunni, anche attraverso l\u2019eventuale utilizzo di turni pomeridiani e disponendo che l\u2019ingresso non avvenga in ogni caso prima delle 9.00(\u2026)\u201d. A tale ultimo proposito con direttiva in data odierna, il Ministero dell\u2019Istruzione ha precisato come nell\u2019applicazione delle disposizioni contenute nel DPCM si debba tener conto di\u00a0<em>\u201csituazioni critiche e di particolare rischio riferite agli specifici contesti territoriali\u201d<\/em>, rappresentate da autorit\u00e0 sanitarie ed enti locali, situazioni in relazione alle quali sar\u00e0 possibile una eventuale revisione di quanto gi\u00e0 stabilito in precedenza anche con riferimento all\u2019ingresso nelle scuole secondarie di secondo grado\u00a0 posticipato alle ore 9.00.\u00a0Ulteriore novit\u00e0 riguarda gli orari di apertura degli esercizi pubblici di ristorazione (fra cui bar, pub, ristoranti, gelaterie e pasticcerie) consentiti\u00a0\u00a0dalle ore 5,00 sino alle ore 24,00 con consumo al tavolo, e con un massimo di sei persone per tavolo, e sino alle ore 18.00 in assenza di consumo al tavolo; resta sempre consentita la ristorazione con consegna a domicilio nonch\u00e9, fino alle ore 24,00 la ristorazione con asporto, con divieto di consumazione sul posto o nelle adiacenze; continuano a essere consentite le attivit\u00e0 delle mense e del catering continuativo su base contrattuale, che garantiscono la distanza di sicurezza interpersonale di almeno un metro, nei limiti e alle condizioni di cui al periodo precedente;\u00a0\u00e8 fatto obbligo per gli esercenti di esporre all\u2019ingresso del locale un cartello che riporti il numero massimo di persone ammesse contemporaneamente nel locale medesimo, sulla base dei protocolli e delle linee guida vigenti\u201d.\u00a0Per quanto riguarda nello specifico la situazione della provincia di Belluno si \u00e8 preso atto di una crescita della curva del contagio nelle zone dell\u2019Ampezzano, del Cadore e del Comelico,\u00a0 dove in alcune case di riposo si \u00e8 registrato un aumento della positivit\u00e0 al virus.\u00a0Il tavolo ha preso altres\u00ec atto della necessit\u00e0 di intensificare le misure di monitoraggio e controllo attraverso mirati servizi a cura delle forze di polizia per garantire l\u2019osservanza delle misure di contenimento disposte dalla norma e, relativamente ad eventuali provvedimenti di chiusura strade che dovessero rendersi necessari per evitare assembramenti, il Prefetto ha assicurato la piena disponibilit\u00e0 del tavolo del Comitato provinciale per l\u2019Ordine e la Sicurezza Pubblica.<\/p>\n","protected":false},"excerpt":{"rendered":"<p>BELLUNO \u00a0Si \u00e8 tenuta ieri 19 ottobre 2020, in videoconferenza, una riunione del Comitato Provinciale per l\u2019Ordine e la Sicurezza Pubblica, presieduto dal Prefetto, Adriana Cogode, alla quale hanno preso parte i vertici delle Forze di Polizia, il Sindaco del Comune di Belluno, il Direttore Generale e il Direttore dei Servizi Socio-Sanitari\u00a0 della ULSS. n.&hellip;<\/p>\n","protected":false},"author":4,"featured_media":133575,"comment_status":"closed","ping_status":"closed","sticky":false,"template":"","format":"standard","meta":{"_monsterinsights_skip_tracking":false,"_monsterinsights_sitenote_active":false,"_monsterinsights_sitenote_note":"","_monsterinsights_sitenote_category":0,"footnotes":""},"categories":[51,49],"tags":[],"class_list":["post-167546","post","type-post","status-publish","format-standard","has-post-thumbnail","hentry","category-evidenza-top","category-news-18","category-51","category-49","description-off"],"img_url":"https:\/\/www.radiopiu.net\/wordpress\/wp-content\/uploads\/2020\/04\/PREFETTURA-BELLUNO.jpeg","_links":{"self":[{"href":"https:\/\/www.radiopiu.net\/wordpress\/wp-json\/wp\/v2\/posts\/167546","targetHints":{"allow":["GET"]}}],"collection":[{"href":"https:\/\/www.radiopiu.net\/wordpress\/wp-json\/wp\/v2\/posts"}],"about":[{"href":"https:\/\/www.radiopiu.net\/wordpress\/wp-json\/wp\/v2\/types\/post"}],"author":[{"embeddable":true,"href":"https:\/\/www.radiopiu.net\/wordpress\/wp-json\/wp\/v2\/users\/4"}],"replies":[{"embeddable":true,"href":"https:\/\/www.radiopiu.net\/wordpress\/wp-json\/wp\/v2\/comments?post=167546"}],"version-history":[{"count":0,"href":"https:\/\/www.radiopiu.net\/wordpress\/wp-json\/wp\/v2\/posts\/167546\/revisions"}],"wp:featuredmedia":[{"embeddable":true,"href":"https:\/\/www.radiopiu.net\/wordpress\/wp-json\/wp\/v2\/media\/133575"}],"wp:attachment":[{"href":"https:\/\/www.radiopiu.net\/wordpress\/wp-json\/wp\/v2\/media?parent=167546"}],"wp:term":[{"taxonomy":"category","embeddable":true,"href":"https:\/\/www.radiopiu.net\/wordpress\/wp-json\/wp\/v2\/categories?post=167546"},{"taxonomy":"post_tag","embeddable":true,"href":"https:\/\/www.radiopiu.net\/wordpress\/wp-json\/wp\/v2\/tags?post=167546"}],"curies":[{"name":"wp","href":"https:\/\/api.w.org\/{rel}","templated":true}]}}