{"id":167578,"date":"2020-10-22T11:03:39","date_gmt":"2020-10-22T09:03:39","guid":{"rendered":"https:\/\/www.radiopiu.net\/wordpress\/?p=167578"},"modified":"2020-10-22T11:03:29","modified_gmt":"2020-10-22T09:03:29","slug":"giornale-radiopiu-22-ottobre-2020-direttore-mirko-mezzacasa","status":"publish","type":"post","link":"https:\/\/www.radiopiu.net\/wordpress\/giornale-radiopiu-22-ottobre-2020-direttore-mirko-mezzacasa\/","title":{"rendered":"GIORNALE RADIOPIU 22 OTTOBRE 2020 DIRETTORE MIRKO MEZZACASA"},"content":{"rendered":"<h3><strong>PER RICEVERE QUESTO NOTIZIARIO DIRETTAMENTE SUL TUO CELLULARE ISCRIVITI AL CANALE TELEGRAM <\/strong><strong>\u201cRADIO PIU\u00a0 INFORMAZIONE&#8221;<\/strong><\/h3>\n<p><em>ATTENZIONE: LA NUOVA APP PER IOS-IPHONE<\/em><\/p>\n<div>\n<div><a href=\"https:\/\/apps.apple.com\/it\/app\/radio-pi%C3%B9-emittente-agordina\/id1515939845\">https:\/\/apps.apple.com\/it\/app\/radio-pi%C3%B9-emittente-agordina\/id1515939845<\/a><\/div>\n<\/div>\n<div><\/div>\n<div>\n<div dir=\"auto\"><em>ATTENZIONE: LA NUOVA APP RADIO\u00a0 PER ANDROID<\/em><\/div>\n<\/div>\n<p><a href=\"https:\/\/play.google.com\/store\/apps\/details?id=net.radiopiu.iniko\" target=\"_blank\" rel=\"noopener noreferrer\">https:\/\/play.google.com\/store\/apps\/details?id=net.radiopiu.iniko<\/a><\/p>\n<p>&nbsp;<\/p>\n<hr \/>\n<h3><strong><span style=\"color: #ff0000;\">Ora solare: domenica alle 3 lancette indietro di un&#8217;ora. Sar\u00e0 l&#8217;ultima volta?\u00a0<\/span><\/strong><\/h3>\n<blockquote>\n<hr \/>\n<h3>MERCOLEDI VACCINAZIONI ANTI INFLUENZALI A TAIBON PER I PAZIENTI DELLA DOTTORESSA FRIDA SPOTO, NELL&#8217;EX MUNICIPIO CON LA COLLABORAZIONE DEL COMUNE<\/h3>\n<\/blockquote>\n<p><strong>AUDIO<\/strong><\/p>\n<audio class=\"wp-audio-shortcode\" id=\"audio-167578-1\" preload=\"none\" style=\"width: 100%;\" controls=\"controls\"><source type=\"audio\/mpeg\" src=\"https:\/\/www.radiopiu.net\/wordpress\/wp-content\/uploads\/2020\/10\/FRIDA.mp3?_=1\" \/><a href=\"https:\/\/www.radiopiu.net\/wordpress\/wp-content\/uploads\/2020\/10\/FRIDA.mp3\">https:\/\/www.radiopiu.net\/wordpress\/wp-content\/uploads\/2020\/10\/FRIDA.mp3<\/a><\/audio>\n<p>&nbsp;<\/p>\n<hr \/>\n<blockquote>\n<h3>SABATO VENDITA DI CRISANTEMI BENEFICA AD AGORDO<\/h3>\n<\/blockquote>\n<audio class=\"wp-audio-shortcode\" id=\"audio-167578-2\" preload=\"none\" style=\"width: 100%;\" controls=\"controls\"><source type=\"audio\/mpeg\" src=\"https:\/\/www.radiopiu.net\/wordpress\/wp-content\/uploads\/2020\/10\/CRISANTEMI.mp3?_=2\" \/><a href=\"https:\/\/www.radiopiu.net\/wordpress\/wp-content\/uploads\/2020\/10\/CRISANTEMI.mp3\">https:\/\/www.radiopiu.net\/wordpress\/wp-content\/uploads\/2020\/10\/CRISANTEMI.mp3<\/a><\/audio>\n<p>&nbsp;<\/p>\n<p>&nbsp;<\/p>\n<hr \/>\n<p>&nbsp;<\/p>\n<h2 style=\"text-align: center;\"><strong>SI PU\u00d2 DIRE CHE QUESTA VOLTA CI \u00c8 ANDATA MEGLIO&#8230;La bellunese Madonna di Campiglio<\/strong><\/h2>\n<p><a class=\"dt-pswp-item\" href=\"https:\/\/www.radiopiu.net\/wordpress\/wp-content\/uploads\/2020\/10\/6d0635e5-053a-4ab0-9f77-8e6f13f595c7-1.jpg\" data-dt-img-description=\"\" data-large_image_width=\"1600\" data-large_image_height=\"1200\"><img loading=\"lazy\" decoding=\"async\" class=\"aligncenter wp-image-167764 size-large\" src=\"https:\/\/www.radiopiu.net\/wordpress\/wp-content\/uploads\/2020\/10\/6d0635e5-053a-4ab0-9f77-8e6f13f595c7-1-1024x768.jpg\" alt=\"\" width=\"1024\" height=\"768\" srcset=\"https:\/\/www.radiopiu.net\/wordpress\/wp-content\/uploads\/2020\/10\/6d0635e5-053a-4ab0-9f77-8e6f13f595c7-1-1024x768.jpg 1024w, https:\/\/www.radiopiu.net\/wordpress\/wp-content\/uploads\/2020\/10\/6d0635e5-053a-4ab0-9f77-8e6f13f595c7-1-300x225.jpg 300w, https:\/\/www.radiopiu.net\/wordpress\/wp-content\/uploads\/2020\/10\/6d0635e5-053a-4ab0-9f77-8e6f13f595c7-1-768x576.jpg 768w, https:\/\/www.radiopiu.net\/wordpress\/wp-content\/uploads\/2020\/10\/6d0635e5-053a-4ab0-9f77-8e6f13f595c7-1-1536x1152.jpg 1536w, https:\/\/www.radiopiu.net\/wordpress\/wp-content\/uploads\/2020\/10\/6d0635e5-053a-4ab0-9f77-8e6f13f595c7-1.jpg 1600w\" sizes=\"auto, (max-width: 1024px) 100vw, 1024px\" \/><\/a><\/p>\n<p>&nbsp;<\/p>\n<hr \/>\n<p>&nbsp;<\/p>\n<p>&nbsp;<\/p>\n<p>Lezioni interrotte a Cortina, le insegnanti sono malate e in Municipio si entra solo dopo aver preso appuntamento. Morto un paziente positivo ricoverato in geriatria, la notte precedente una 92 enne nello stesso reparto. Da lunedi intensificazione dei punti di controllo covid19. In Comelico calano i positivi ma anche le persone in quarantena. Crescono i contagi in Veneto e Zaia riapre l&#8217;unit\u00e0 di crisi nella sede della Protezione Civile a Marghera: 12 mila veneti positivi, 19 vittime in un solo giorno.<\/p>\n<blockquote>\n<h3>IN PROVINCIA DUE DECESSI, 30 NUOVI POSITIVI E 71 SOGGETTI RICOVERATI<\/h3>\n<\/blockquote>\n<p><strong>BELLUNO<\/strong> Sono due i decessi delle ultime ore al San Martino di Belluno.\u00a0Nella serata del 20 ottobre un paziente covid positivo di 76 anni, nella notte tra il 20 e il 21 ottobre \u00e8 deceduto un paziente covid positivo di 92 anni, entrambi ricoverati in Geriatria Covid a Belluno. Nelle ultime 24 ore sono emerse 30 nuove positivit\u00e0.<\/p>\n<p><a class=\"dt-pswp-item\" href=\"https:\/\/www.radiopiu.net\/wordpress\/wp-content\/uploads\/2020\/10\/Schermata-2020-10-21-alle-19.27.02.png\" data-dt-img-description=\"\" data-large_image_width=\"1508\" data-large_image_height=\"774\"><img loading=\"lazy\" decoding=\"async\" class=\"alignnone wp-image-167754 size-large\" src=\"https:\/\/www.radiopiu.net\/wordpress\/wp-content\/uploads\/2020\/10\/Schermata-2020-10-21-alle-19.27.02-1024x526.png\" alt=\"\" width=\"1024\" height=\"526\" srcset=\"https:\/\/www.radiopiu.net\/wordpress\/wp-content\/uploads\/2020\/10\/Schermata-2020-10-21-alle-19.27.02-1024x526.png 1024w, https:\/\/www.radiopiu.net\/wordpress\/wp-content\/uploads\/2020\/10\/Schermata-2020-10-21-alle-19.27.02-300x154.png 300w, https:\/\/www.radiopiu.net\/wordpress\/wp-content\/uploads\/2020\/10\/Schermata-2020-10-21-alle-19.27.02-768x394.png 768w, https:\/\/www.radiopiu.net\/wordpress\/wp-content\/uploads\/2020\/10\/Schermata-2020-10-21-alle-19.27.02.png 1508w\" sizes=\"auto, (max-width: 1024px) 100vw, 1024px\" \/><\/a><\/p>\n<p>&nbsp;<\/p>\n<p>&nbsp;<\/p>\n<hr \/>\n<blockquote>\n<h3>A LA VALLE E VOLTAGO ACQUA NON POTABILE<\/h3>\n<\/blockquote>\n<p><a class=\"dt-pswp-item\" href=\"https:\/\/www.radiopiu.net\/wordpress\/wp-content\/uploads\/2019\/10\/ACQUA-SPORCA.jpeg\" data-dt-img-description=\"\" data-large_image_width=\"1024\" data-large_image_height=\"768\"><img loading=\"lazy\" decoding=\"async\" class=\" wp-image-104646 alignleft\" src=\"https:\/\/www.radiopiu.net\/wordpress\/wp-content\/uploads\/2019\/10\/ACQUA-SPORCA-300x225.jpeg\" alt=\"\" width=\"127\" height=\"95\" srcset=\"https:\/\/www.radiopiu.net\/wordpress\/wp-content\/uploads\/2019\/10\/ACQUA-SPORCA-300x225.jpeg 300w, https:\/\/www.radiopiu.net\/wordpress\/wp-content\/uploads\/2019\/10\/ACQUA-SPORCA-768x576.jpeg 768w, https:\/\/www.radiopiu.net\/wordpress\/wp-content\/uploads\/2019\/10\/ACQUA-SPORCA.jpeg 1024w\" sizes=\"auto, (max-width: 127px) 100vw, 127px\" \/><\/a>Gestione Servizi Pubblici informa che a <strong>LA VALLE AGORDINA<\/strong> nelle LOCALITA&#8217; RONCHE, RONCHET, NOACH, LE CAMPE e CANCELLADE l&#8217;acqua erogata dall&#8217;acquedotto non \u00e8 potabile e pu\u00f2 essere usata per scopi alimentari SOLO PREVIA bollitura. GSP ha, comunque, gi\u00e0 adottato le necessarie misure per la disinfezione dell&#8217;acqua presente nei serbatoi e nella rete idrica con l&#8217;aggiunta di cloro.<\/p>\n<p>Anche a V<strong>OLTAGO AGORDINO<\/strong>, nelle LOCALITA&#8217; FRASSENE&#8217; e VILLA, l&#8217;acqua erogata dall&#8217;acquedotto non \u00e8 potabile e pu\u00f2 essere usata per scopi alimentari SOLO PREVIA bollitura.<\/p>\n<p>&nbsp;<\/p>\n<p>&nbsp;<\/p>\n<hr \/>\n<p>&nbsp;<\/p>\n<blockquote>\n<h3>LAVORI E-DISTRIBUZIONE A CANALE D&#8217;AGORDO<\/h3>\n<\/blockquote>\n<p><strong>CANALE D&#8217;AGORDO<\/strong> Luned\u00ec 26 ottobre dalle 13 alle 16:30 verr\u00e0 interrotta l&#8217;erogazione di energia elettrica a Canale D&#8217;Agordo per lavori sugli impianti di E-Distribuzione. Le vie interessate dal disservizio saranno: Piazza Papa Luciani, Via Cavallera, Via 20 Agosto, Via Tancon, Via Monsignor Bramezza e la localit\u00e0 Carfon.<\/p>\n<p>&nbsp;<\/p>\n<p>&nbsp;<\/p>\n<hr \/>\n<p>&nbsp;<\/p>\n<h3><span style=\"color: #0000ff;\">PER CHI VIAGGIA: <span style=\"color: #000000;\">negli spostamenti Agordo-Belluno prendetevi per tempo, sono due i semafori (non sincronizzati) tra La Stanga e Candaten. Disagi\u00a0 nelle ore di cambio turno in Luxottica ad Agordo.\u00a0<\/span><\/span><\/h3>\n<p>&nbsp;<\/p>\n<hr \/>\n<p>&nbsp;<\/p>\n<p><strong>SP 37 VILLAPAIERA &#8211; FELTRE &#8211;\u00a0 <\/strong>Fino al 30 novembre (compresi festivi e prefestivi) in abitato di Villapaiera interdizione totale al transito per sistemazione condotta fognaria<\/p>\n<div class=\"im_message_meta pull-right text-right noselect\"><\/div>\n<div class=\"im_message_body\">\n<div>\n<div class=\"im_message_text\" dir=\"auto\"><strong>SR 50 DEL GRAPPA E PASSO ROLLE<\/strong> fino a domani, dalle 8 alle 17 , temporanee interruzioni alla viabilit\u00e0 di massimo 30 minuti per allestimento protezione in prossimit\u00e0 dell&#8217;imbocco a monte della galleria Pontet<\/div>\n<div dir=\"auto\"><\/div>\n<\/div>\n<\/div>\n<div class=\"im_history_message_wrap\">\n<div class=\"im_message_outer_wrap hasselect\" data-msg-id=\"-1\">\n<div class=\"im_message_wrap clearfix\">\n<div class=\"im_content_message_wrap im_message_out\">\n<div class=\"im_message_body\">\n<div>\n<div class=\"im_message_text\" dir=\"auto\"><strong>SR 203 AGORDINA<\/strong> fino a domani, dalle 8 alle 12 e dalle 13:30 alle 17:30, temporanee interruzioni al traffico della durata massima di 20 minuti tra Cencenighe e Avoscan per esbosco con elicottero in attraversamento strada<\/div>\n<\/div>\n<\/div>\n<\/div>\n<\/div>\n<\/div>\n<\/div>\n<div class=\"im_history_message_wrap im_grouped\">\n<div class=\"im_message_outer_wrap hasselect\" data-msg-id=\"-2\">\n<div class=\"im_message_wrap clearfix\">\n<div class=\"im_content_message_wrap im_message_out\">\n<p>&nbsp;<\/p>\n<p>&nbsp;<\/p>\n<hr \/>\n<h3>\u00a0PROCESSI A PORTE CHIUSE, GIORNALISTI FUORI DALLE AULE GIUDIZIARIE<\/h3>\n<header class=\"entry-header\">\n<p class=\"p-meta\"><a class=\"dt-pswp-item\" href=\"https:\/\/www.radiopiu.net\/wordpress\/wp-content\/uploads\/2018\/07\/TRIBUNALE-1.jpg\" data-dt-img-description=\"\" data-large_image_width=\"960\" data-large_image_height=\"720\"><img loading=\"lazy\" decoding=\"async\" class=\" wp-image-53164 alignleft\" src=\"https:\/\/www.radiopiu.net\/wordpress\/wp-content\/uploads\/2018\/07\/TRIBUNALE-1-300x225.jpg\" alt=\"\" width=\"235\" height=\"176\" srcset=\"https:\/\/www.radiopiu.net\/wordpress\/wp-content\/uploads\/2018\/07\/TRIBUNALE-1-300x225.jpg 300w, https:\/\/www.radiopiu.net\/wordpress\/wp-content\/uploads\/2018\/07\/TRIBUNALE-1-768x576.jpg 768w, https:\/\/www.radiopiu.net\/wordpress\/wp-content\/uploads\/2018\/07\/TRIBUNALE-1.jpg 960w\" sizes=\"auto, (max-width: 235px) 100vw, 235px\" \/><\/a><strong>BELLUNO<\/strong> Ordine e Sindacato dei giornalisti del Veneto denunciano l\u2019esclusione dei cronisti dalle aule del palazzo di Giustizia di Belluno nelle quali si stanno celebrando processi di rilevante interesse pubblico, sulla base di un\u2019ordinanza della presidente del Tribunale. <em>Pur consapevoli delle difficolt\u00e0 connesse all\u2019emergenza coronavirus, risulta poco comprensibile come la presenza di un numero limitato di cronisti, quale quello che frequenta quotidianamente il palazzo di Giustizia di Belluno, possa costituire un problema per lo svolgimento in sicurezza dei processi penali<\/em>\u00a0 dichiara il sindacato dei Giornalisti <em>&#8220;E, in ogni caso, poich\u00e9 la pubblicit\u00e0 del processo e il diritto dei cittadini a essere correttamente informati sono principi costituzionalmente garantiti, sarebbe opportuno che eventuali limitazioni fossero discusse e concordate con i rappresentanti dei giornalisti, alla ricerca di soluzioni praticabili, come peraltro \u00e8 avvenuto e avviene in tutti gli uffici giudiziari della regione.\u00a0<\/em>L&#8217;invito alla Presidente del Tribunale a\u00a0<span class=\"s1\"> revocare l\u2019ordinanza consentendo l\u2019ingresso dei giornalisti in aula per poter seguire i dibattimenti, in particolare quelli di maggiore rilievo e interesse pubblico.<\/span><\/p>\n<\/header>\n<p>&nbsp;<\/p>\n<hr \/>\n<p>&nbsp;<\/p>\n<h2><span style=\"color: #ff0000;\">OGGI SUL CORRIERE DELLE ALPI<\/span><\/h2>\n<p>di GIGI SOSSO<\/p>\n<p><strong>CESIOMAGGIORE <\/strong>Antrace? Era Enterogermina. Erostrato aveva messo un farmaco per i disturbi intestinali nelle lettere con polverina bianca spedite tre anni fa al sindaco Carlo Zanella e alla scuola elementare &#8220;Principe di Piemonte&#8221;. Grande preoccupazione &#8211; era scattato il protocollo per l&#8217;attacco chimico-batteriologico &#8211; prima di sapere dal laboratorio di Mestre che non c&#8217;era pericolo.Nemesio e Samuele Aquini, padre e figlio, sono accusati di essere Erostrato ed \u00e8 partito il processo&#8230;Le indagini per i fatti contestati tra il luglio 2017 e il 22 gennaio 2018 sono state svolte dai carabinieri di Feltre ed \u00e8 stato il luogotenente Alberto Cominelli a ricostruirle in aula fin dal 30 agosto 2017&#8230;<\/p>\n<p>&nbsp;<\/p>\n<hr \/>\n<blockquote>\n<h3>FRATELLI AGORDINI DENUNCIATI PER DETENZIONE DI SOSTANZE STUPEFACENTI<\/h3>\n<\/blockquote>\n<p><strong>CENCENIGHE<\/strong> I Carabinieri della locale stazione hanno segnalato alla prefettura due fratelli di 24 e 25 anni residenti nell&#8217;Agordino per detenzione di sostanze stupefacenti. L&#8217;avvio delle indagini poich\u00e9 i due\u00a0 erano sospettati del reato, per questo \u00e8 scattata\u00a0 la perquisizione presso l&#8217;abitazione dove i Carabinieri hanno\u00a0 sequestrato circa 40 grammi di hascisc e 10 grammi di marijuana. Tra le mura di casa anche materiale\u00a0 vario per il confezionamento e la cessione dello stupefacente.<\/p>\n\n\t\t\t<style type='text\/css'>\n\t\t\t\t#gallery-1 {\n\t\t\t\t\tmargin: auto;\n\t\t\t\t}\n\t\t\t\t#gallery-1 .gallery-item {\n\t\t\t\t\tfloat: left;\n\t\t\t\t\tmargin-top: 10px;\n\t\t\t\t\ttext-align: center;\n\t\t\t\t\twidth: 50%;\n\t\t\t\t}\n\t\t\t\t#gallery-1 img {\n\t\t\t\t\tborder: 2px solid #cfcfcf;\n\t\t\t\t}\n\t\t\t\t#gallery-1 .gallery-caption {\n\t\t\t\t\tmargin-left: 0;\n\t\t\t\t}\n\t\t\t\t\/* see gallery_shortcode() in wp-includes\/media.php *\/\n\t\t\t<\/style>\n\t\t<div id='gallery-1' class='dt-gallery-container gallery galleryid-167578 gallery-columns-2 gallery-size-medium'><dl class='gallery-item'>\n\t\t\t\t<dt class='gallery-icon portrait'>\n\t\t\t\t\t<a class=\"rollover rollover-zoom dt-pswp-item\" title=\"c4d888a7-2e67-411a-867f-303e97d3f049\" data-dt-img-description=\"\" data-large_image_width=\"572\" data-large_image_height=\"800\"href='https:\/\/www.radiopiu.net\/wordpress\/wp-content\/uploads\/2020\/10\/c4d888a7-2e67-411a-867f-303e97d3f049.jpg'><img loading=\"lazy\" decoding=\"async\" width=\"215\" height=\"300\" src=\"https:\/\/www.radiopiu.net\/wordpress\/wp-content\/uploads\/2020\/10\/c4d888a7-2e67-411a-867f-303e97d3f049-215x300.jpg\" class=\"attachment-medium size-medium\" alt=\"\" srcset=\"https:\/\/www.radiopiu.net\/wordpress\/wp-content\/uploads\/2020\/10\/c4d888a7-2e67-411a-867f-303e97d3f049-215x300.jpg 215w, https:\/\/www.radiopiu.net\/wordpress\/wp-content\/uploads\/2020\/10\/c4d888a7-2e67-411a-867f-303e97d3f049.jpg 572w\" sizes=\"auto, (max-width: 215px) 100vw, 215px\" \/><\/a>\n\t\t\t\t<\/dt><\/dl><dl class='gallery-item'>\n\t\t\t\t<dt class='gallery-icon portrait'>\n\t\t\t\t\t<a class=\"rollover rollover-zoom dt-pswp-item\" title=\"6661d790-3366-4c80-a4dc-4eb0d0489c2a\" data-dt-img-description=\"\" data-large_image_width=\"596\" data-large_image_height=\"800\"href='https:\/\/www.radiopiu.net\/wordpress\/wp-content\/uploads\/2020\/10\/6661d790-3366-4c80-a4dc-4eb0d0489c2a.jpg'><img loading=\"lazy\" decoding=\"async\" width=\"224\" height=\"300\" src=\"https:\/\/www.radiopiu.net\/wordpress\/wp-content\/uploads\/2020\/10\/6661d790-3366-4c80-a4dc-4eb0d0489c2a-224x300.jpg\" class=\"attachment-medium size-medium\" alt=\"\" srcset=\"https:\/\/www.radiopiu.net\/wordpress\/wp-content\/uploads\/2020\/10\/6661d790-3366-4c80-a4dc-4eb0d0489c2a-224x300.jpg 224w, https:\/\/www.radiopiu.net\/wordpress\/wp-content\/uploads\/2020\/10\/6661d790-3366-4c80-a4dc-4eb0d0489c2a.jpg 596w\" sizes=\"auto, (max-width: 224px) 100vw, 224px\" \/><\/a>\n\t\t\t\t<\/dt><\/dl><br style=\"clear: both\" \/>\n\t\t\t<\/div>\n\n<p>&nbsp;<\/p>\n<hr \/>\n<p>&nbsp;<\/p>\n<blockquote>\n<h3>IN STATO DI EBBREZZA URTA L&#8217;AUTO CHE LA PRECEDE<\/h3>\n<\/blockquote>\n<p><strong><a class=\"dt-pswp-item\" href=\"https:\/\/www.radiopiu.net\/wordpress\/wp-content\/uploads\/2019\/12\/CARABINIERI-FELTRE-3.jpg\" data-dt-img-description=\"\" data-large_image_width=\"1280\" data-large_image_height=\"960\"><img loading=\"lazy\" decoding=\"async\" class=\" wp-image-110914 alignleft\" src=\"https:\/\/www.radiopiu.net\/wordpress\/wp-content\/uploads\/2019\/12\/CARABINIERI-FELTRE-3-300x225.jpg\" alt=\"\" width=\"176\" height=\"132\" srcset=\"https:\/\/www.radiopiu.net\/wordpress\/wp-content\/uploads\/2019\/12\/CARABINIERI-FELTRE-3-300x225.jpg 300w, https:\/\/www.radiopiu.net\/wordpress\/wp-content\/uploads\/2019\/12\/CARABINIERI-FELTRE-3-1024x768.jpg 1024w, https:\/\/www.radiopiu.net\/wordpress\/wp-content\/uploads\/2019\/12\/CARABINIERI-FELTRE-3-768x576.jpg 768w, https:\/\/www.radiopiu.net\/wordpress\/wp-content\/uploads\/2019\/12\/CARABINIERI-FELTRE-3.jpg 1280w\" sizes=\"auto, (max-width: 176px) 100vw, 176px\" \/><\/a>GOSALDO<\/strong> I Carabinieri di Agordo sono intervenuti per un incidente fortunatamente senza conseguenze per gli occupanti delle due auto. Erano le\u00a0 20 quando una venticinquenne al volante di una Opel Corsa ha urtato una Great Wall Steed condotta da un trentasettenne di Pavia. Al controllo dell&#8217;etilometro la ragazza \u00e8 risultata con un\u00a0 tasso alcoolemico pari a 1.30 grammi\/litro, superiore allo 0,50 ammesso. Per la donna \u00e8 scattata una denuncia in stato di libert\u00e0 con tutte le conseguenze del caso sia sanzionatorie che per la patente di guida.<\/p>\n<p>&nbsp;<\/p>\n<p>&nbsp;<\/p>\n<p>&nbsp;<\/p>\n<hr \/>\n<p>&nbsp;<\/p>\n<blockquote>\n<h3>IN GIRO CON IL CANE, DENUNCIATO PER VIOLAZIONE ALLE DISPOSIZIONI SANITARIE<\/h3>\n<\/blockquote>\n<p><b><a class=\"dt-pswp-item\" href=\"https:\/\/www.radiopiu.net\/wordpress\/wp-content\/uploads\/2016\/08\/carabinieri-6-2.jpg\" data-dt-img-description=\"\" data-large_image_width=\"1000\" data-large_image_height=\"681\"><img loading=\"lazy\" decoding=\"async\" class=\" wp-image-22568 alignleft\" src=\"https:\/\/www.radiopiu.net\/wordpress\/wp-content\/uploads\/2016\/08\/carabinieri-6-2-300x204.jpg\" alt=\"\" width=\"168\" height=\"114\" \/><\/a>SANTA GIUSTINA\u00a0<\/b>I carabinieri di Santa Giustina hanno denunciato un venticinquenne di San Gregorio Nelle Alpi per violazione alle disposizioni sanitarie. Il giovane,\u00a0 soggetto ad obbligo di isolamento domiciliare poich\u00e9 positivo al Covid-19 \u00e8 stato notato mentre passeggiava con il suo cane per il paese. I Carabinieri lo hanno denunciato per violazione degli obblighi di legge. E&#8217; il secondo episodio in pochi giorni, il precedente\u00a0 in Alpago dove due \u00a0coniugi sono usciti di casa (la donna pure senza mascherina)\u00a0 nonostante la loro positivit\u00e0 e l&#8217;obbligo di isolamento.<\/p>\n<p>&nbsp;<\/p>\n<p>&nbsp;<\/p>\n<hr \/>\n<p>&nbsp;<\/p>\n<blockquote>\n<h3>LITIGIO TRA FRATELLI, INTERVENGONO I CARABINIERI E TROVANO 130 GRAMMI DI MARIJUANA IN CASA<\/h3>\n<\/blockquote>\n<p><strong><a class=\"dt-pswp-item\" href=\"https:\/\/www.radiopiu.net\/wordpress\/wp-content\/uploads\/2020\/10\/c2ec41f6-031e-4a90-838d-c5848e682cf7.jpg\" data-dt-img-description=\"\" data-large_image_width=\"758\" data-large_image_height=\"1280\"><img loading=\"lazy\" decoding=\"async\" class=\" wp-image-167681 alignleft\" src=\"https:\/\/www.radiopiu.net\/wordpress\/wp-content\/uploads\/2020\/10\/c2ec41f6-031e-4a90-838d-c5848e682cf7-178x300.jpg\" alt=\"\" width=\"120\" height=\"202\" srcset=\"https:\/\/www.radiopiu.net\/wordpress\/wp-content\/uploads\/2020\/10\/c2ec41f6-031e-4a90-838d-c5848e682cf7-178x300.jpg 178w, https:\/\/www.radiopiu.net\/wordpress\/wp-content\/uploads\/2020\/10\/c2ec41f6-031e-4a90-838d-c5848e682cf7-606x1024.jpg 606w, https:\/\/www.radiopiu.net\/wordpress\/wp-content\/uploads\/2020\/10\/c2ec41f6-031e-4a90-838d-c5848e682cf7.jpg 758w\" sizes=\"auto, (max-width: 120px) 100vw, 120px\" \/><\/a>SANTA GIUSTINA\u00a0<\/strong>Nella mattinata di marted\u00ec i Carabinieri di Sedico sono intervenuti a Santa Giustina chiamati per un litigio tra due fratelli trentaseienni. Dopo averli riappacificati dalla lite scoppiata per futili motivi, i militari si sono insospettiti avendo annuasto il tipico odore\u00a0 rilasciato dalla marijuana. Da qui la decisione di avviare la perquisizione dell&#8217;abitazione e in un cassetto sono stati rinvenuti 130 grammi di stupefacente ovviamente immediatamente sequestrata con immediata segnalazione dei proprietari dell&#8217;abitazione<\/p>\n<p>&nbsp;<\/p>\n<p>&nbsp;<\/p>\n<p>&nbsp;<\/p>\n<p>&nbsp;<\/p>\n<p>&nbsp;<\/p>\n<hr \/>\n<p>&nbsp;<\/p>\n<blockquote>\n<h3>RICERCATO IN TUTTA EUROPA: ARRESTATO DALLA POLIZIA DI STATO NELLA STAZIONE FERROVIARIA DI BELLUNO<\/h3>\n<\/blockquote>\n<p><strong><a class=\"dt-pswp-item\" href=\"https:\/\/www.radiopiu.net\/wordpress\/wp-content\/uploads\/2016\/07\/POLFER2.jpg\" data-dt-img-description=\"\" data-large_image_width=\"480\" data-large_image_height=\"360\"><img loading=\"lazy\" decoding=\"async\" class=\"size-medium wp-image-21583 alignleft\" src=\"https:\/\/www.radiopiu.net\/wordpress\/wp-content\/uploads\/2016\/07\/POLFER2-300x225.jpg\" alt=\"\" width=\"300\" height=\"225\" \/><\/a>BELLUNO\u00a0<\/strong>La Polizia Ferroviaria di Belluno, nel corso dei servizi per la prevenzione e la repressione dei reati in ambito ferroviario, ha arrestato di un latitante 28enne. Il giovane, di nazionalit\u00e0 romena, \u00e8 stato fermato dai poliziotti mentre si aggirava nello scalo ferroviario. Sottoposto a controllo, \u00e8 emerso che lo stesso era ricercato con un mandato di arresto europeo, emesso dal suo paese di origine, per guida senza patente e in stato di ebbrezza e, condannato alla pena detentiva di 3 anni e 4 mesi di reclusione. Al termine degli adempimenti di rito, l\u2019uomo \u00e8 stato accompagnato presso la locale Casa Circondariale. La collaborazione internazionale di Polizia, grazie a piattaforme che rendono sempre aggiornato lo\u00a0 scambio di dati, risulta particolarmente importante ed efficace nei casi in cui un ricercato cerchi di sfuggire alla condanna, varcando i confini nazionali.<\/p>\n<p>&nbsp;<\/p>\n<hr \/>\n<p>&nbsp;<\/p>\n<blockquote>\n<h3>FIENO A FUOCO, LO SPENGONO I POMPIERI<\/h3>\n<\/blockquote>\n<p><strong>BORGO VALBELLUNA<\/strong> Vigili del fuoco al lavoro nel pomeriggio di ieri a Stabie di Lentiai. Le fiamme, divampate da un fienile hanno messo a rischio le abitazioni. A causare il rogo probabilmente una scintilla della saldatrice che il proprietario del fienile stava usando nei pressi della struttura. I vigili del fuoco hanno domato le fiamme scongiurando il peggio.<\/p>\n<p>&nbsp;<\/p>\n<hr \/>\n<p>&nbsp;<\/p>\n<blockquote>\n<h3>ANDREA DE BERNARDIN FA IL PUNTO SUI LAVORI POST VAIA<\/h3>\n<\/blockquote>\n<p><strong><a class=\"dt-pswp-item\" href=\"https:\/\/www.radiopiu.net\/wordpress\/wp-content\/uploads\/2020\/10\/DE-BERNARDIN.png\" data-dt-img-description=\"\" data-large_image_width=\"1258\" data-large_image_height=\"1258\"><img loading=\"lazy\" decoding=\"async\" class=\"size-medium wp-image-167789 alignleft\" src=\"https:\/\/www.radiopiu.net\/wordpress\/wp-content\/uploads\/2020\/10\/DE-BERNARDIN-300x300.png\" alt=\"\" width=\"300\" height=\"300\" srcset=\"https:\/\/www.radiopiu.net\/wordpress\/wp-content\/uploads\/2020\/10\/DE-BERNARDIN-300x300.png 300w, https:\/\/www.radiopiu.net\/wordpress\/wp-content\/uploads\/2020\/10\/DE-BERNARDIN-1024x1024.png 1024w, https:\/\/www.radiopiu.net\/wordpress\/wp-content\/uploads\/2020\/10\/DE-BERNARDIN-150x150.png 150w, https:\/\/www.radiopiu.net\/wordpress\/wp-content\/uploads\/2020\/10\/DE-BERNARDIN-768x768.png 768w, https:\/\/www.radiopiu.net\/wordpress\/wp-content\/uploads\/2020\/10\/DE-BERNARDIN.png 1258w\" sizes=\"auto, (max-width: 300px) 100vw, 300px\" \/><\/a>ROCCA PIETORE<\/strong><\/p>\n<p>di Gianni Santomaso<\/p>\n<audio class=\"wp-audio-shortcode\" id=\"audio-167578-3\" preload=\"none\" style=\"width: 100%;\" controls=\"controls\"><source type=\"audio\/mpeg\" src=\"https:\/\/www.radiopiu.net\/wordpress\/wp-content\/uploads\/2020\/10\/GIANNI-ANDREA-DE-BERNARDIN-POST-VAIA.mp3?_=3\" \/><a href=\"https:\/\/www.radiopiu.net\/wordpress\/wp-content\/uploads\/2020\/10\/GIANNI-ANDREA-DE-BERNARDIN-POST-VAIA.mp3\">https:\/\/www.radiopiu.net\/wordpress\/wp-content\/uploads\/2020\/10\/GIANNI-ANDREA-DE-BERNARDIN-POST-VAIA.mp3<\/a><\/audio>\n<p>&nbsp;<\/p>\n<hr \/>\n<p>&nbsp;<\/p>\n<blockquote>\n<h3>AL CONSIGLIO COMUNALE SCOPPIA LA POLEMICA PER LA SEGRETARIA COMUNALE<\/h3>\n<\/blockquote>\n<p><strong><a class=\"dt-pswp-item\" href=\"https:\/\/www.radiopiu.net\/wordpress\/wp-content\/uploads\/2019\/07\/BOTTACIN-ROCCA-PIETORE.png\" data-dt-img-description=\"\" data-large_image_width=\"751\" data-large_image_height=\"495\"><img loading=\"lazy\" decoding=\"async\" class=\"size-medium wp-image-91092 alignleft\" src=\"https:\/\/www.radiopiu.net\/wordpress\/wp-content\/uploads\/2019\/07\/BOTTACIN-ROCCA-PIETORE-300x198.png\" alt=\"\" width=\"300\" height=\"198\" srcset=\"https:\/\/www.radiopiu.net\/wordpress\/wp-content\/uploads\/2019\/07\/BOTTACIN-ROCCA-PIETORE-300x198.png 300w, https:\/\/www.radiopiu.net\/wordpress\/wp-content\/uploads\/2019\/07\/BOTTACIN-ROCCA-PIETORE.png 751w\" sizes=\"auto, (max-width: 300px) 100vw, 300px\" \/><\/a>ROCCA PIETORE<\/strong><\/p>\n<p>di Gianni Santomaso<\/p>\n<audio class=\"wp-audio-shortcode\" id=\"audio-167578-4\" preload=\"none\" style=\"width: 100%;\" controls=\"controls\"><source type=\"audio\/mpeg\" src=\"https:\/\/www.radiopiu.net\/wordpress\/wp-content\/uploads\/2020\/10\/GIANNI-SEGRETARIA-ROCCA.mp3?_=4\" \/><a href=\"https:\/\/www.radiopiu.net\/wordpress\/wp-content\/uploads\/2020\/10\/GIANNI-SEGRETARIA-ROCCA.mp3\">https:\/\/www.radiopiu.net\/wordpress\/wp-content\/uploads\/2020\/10\/GIANNI-SEGRETARIA-ROCCA.mp3<\/a><\/audio>\n<p>&nbsp;<\/p>\n<hr \/>\n<p>&nbsp;<\/p>\n<blockquote>\n<h3>BUONE NOTIZIE PER GLI AMANTI DELLA VAL CORPASSA<\/h3>\n<\/blockquote>\n<p><strong>TAIBON<\/strong><\/p>\n<p>di Gianni Santomaso<\/p>\n<audio class=\"wp-audio-shortcode\" id=\"audio-167578-5\" preload=\"none\" style=\"width: 100%;\" controls=\"controls\"><source type=\"audio\/mpeg\" src=\"https:\/\/www.radiopiu.net\/wordpress\/wp-content\/uploads\/2020\/10\/GIANNI-LAVORI-VAL-CORPASSA.mp3?_=5\" \/><a href=\"https:\/\/www.radiopiu.net\/wordpress\/wp-content\/uploads\/2020\/10\/GIANNI-LAVORI-VAL-CORPASSA.mp3\">https:\/\/www.radiopiu.net\/wordpress\/wp-content\/uploads\/2020\/10\/GIANNI-LAVORI-VAL-CORPASSA.mp3<\/a><\/audio>\n<p>&nbsp;<\/p>\n\n\t\t\t<style type='text\/css'>\n\t\t\t\t#gallery-2 {\n\t\t\t\t\tmargin: auto;\n\t\t\t\t}\n\t\t\t\t#gallery-2 .gallery-item {\n\t\t\t\t\tfloat: left;\n\t\t\t\t\tmargin-top: 10px;\n\t\t\t\t\ttext-align: center;\n\t\t\t\t\twidth: 25%;\n\t\t\t\t}\n\t\t\t\t#gallery-2 img {\n\t\t\t\t\tborder: 2px solid #cfcfcf;\n\t\t\t\t}\n\t\t\t\t#gallery-2 .gallery-caption {\n\t\t\t\t\tmargin-left: 0;\n\t\t\t\t}\n\t\t\t\t\/* see gallery_shortcode() in wp-includes\/media.php *\/\n\t\t\t<\/style>\n\t\t<div id='gallery-2' class='dt-gallery-container gallery galleryid-167578 gallery-columns-4 gallery-size-thumbnail'><dl class='gallery-item'>\n\t\t\t\t<dt class='gallery-icon landscape'>\n\t\t\t\t\t<a class=\"rollover rollover-zoom dt-pswp-item\" title=\"b66f7294-167e-46d8-a9ba-ef35aa6045bb\" data-dt-img-description=\"\" data-large_image_width=\"1600\" data-large_image_height=\"903\"href='https:\/\/www.radiopiu.net\/wordpress\/wp-content\/uploads\/2020\/10\/b66f7294-167e-46d8-a9ba-ef35aa6045bb.jpg'><img loading=\"lazy\" decoding=\"async\" width=\"150\" height=\"150\" src=\"https:\/\/www.radiopiu.net\/wordpress\/wp-content\/uploads\/2020\/10\/b66f7294-167e-46d8-a9ba-ef35aa6045bb-150x150.jpg\" class=\"attachment-thumbnail size-thumbnail\" alt=\"\" \/><\/a>\n\t\t\t\t<\/dt><\/dl><dl class='gallery-item'>\n\t\t\t\t<dt class='gallery-icon landscape'>\n\t\t\t\t\t<a class=\"rollover rollover-zoom dt-pswp-item\" title=\"0f52b9df-94bd-4b29-bf20-35dfe94d0f96\" data-dt-img-description=\"\" data-large_image_width=\"1600\" data-large_image_height=\"903\"href='https:\/\/www.radiopiu.net\/wordpress\/wp-content\/uploads\/2020\/10\/0f52b9df-94bd-4b29-bf20-35dfe94d0f96.jpg'><img loading=\"lazy\" decoding=\"async\" width=\"150\" height=\"150\" src=\"https:\/\/www.radiopiu.net\/wordpress\/wp-content\/uploads\/2020\/10\/0f52b9df-94bd-4b29-bf20-35dfe94d0f96-150x150.jpg\" class=\"attachment-thumbnail size-thumbnail\" alt=\"\" \/><\/a>\n\t\t\t\t<\/dt><\/dl><dl class='gallery-item'>\n\t\t\t\t<dt class='gallery-icon portrait'>\n\t\t\t\t\t<a class=\"rollover rollover-zoom dt-pswp-item\" title=\"72e153b5-bdea-46cb-8c3b-8d8ea11df5ab\" data-dt-img-description=\"\" data-large_image_width=\"903\" data-large_image_height=\"1600\"href='https:\/\/www.radiopiu.net\/wordpress\/wp-content\/uploads\/2020\/10\/72e153b5-bdea-46cb-8c3b-8d8ea11df5ab.jpg'><img loading=\"lazy\" decoding=\"async\" width=\"150\" height=\"150\" src=\"https:\/\/www.radiopiu.net\/wordpress\/wp-content\/uploads\/2020\/10\/72e153b5-bdea-46cb-8c3b-8d8ea11df5ab-150x150.jpg\" class=\"attachment-thumbnail size-thumbnail\" alt=\"\" \/><\/a>\n\t\t\t\t<\/dt><\/dl><dl class='gallery-item'>\n\t\t\t\t<dt class='gallery-icon landscape'>\n\t\t\t\t\t<a class=\"rollover rollover-zoom dt-pswp-item\" title=\"0b6c8330-7e2e-491c-9488-e0ee87d44f55\" data-dt-img-description=\"\" data-large_image_width=\"1600\" data-large_image_height=\"903\"href='https:\/\/www.radiopiu.net\/wordpress\/wp-content\/uploads\/2020\/10\/0b6c8330-7e2e-491c-9488-e0ee87d44f55.jpg'><img loading=\"lazy\" decoding=\"async\" width=\"150\" height=\"150\" src=\"https:\/\/www.radiopiu.net\/wordpress\/wp-content\/uploads\/2020\/10\/0b6c8330-7e2e-491c-9488-e0ee87d44f55-150x150.jpg\" class=\"attachment-thumbnail size-thumbnail\" alt=\"\" \/><\/a>\n\t\t\t\t<\/dt><\/dl><br style=\"clear: both\" \/>\n\t\t\t<\/div>\n\n<p>&nbsp;<\/p>\n<hr \/>\n<p>&nbsp;<\/p>\n<blockquote class=\"wp-embedded-content\" data-secret=\"QJFbn4lJEj\"><p><a href=\"https:\/\/www.radiopiu.net\/wordpress\/coronavirus-aggiornamento-nazionale-21-ottobre\/\">CORONAVIRUS: AGGIORNAMENTO NAZIONALE 21 OTTOBRE<\/a><\/p><\/blockquote>\n<p><iframe loading=\"lazy\" class=\"wp-embedded-content\" sandbox=\"allow-scripts\" security=\"restricted\" style=\"position: absolute; clip: rect(1px, 1px, 1px, 1px);\" title=\"&#8220;CORONAVIRUS: AGGIORNAMENTO NAZIONALE 21 OTTOBRE&#8221; &#8212; Radio Pi\u00f9\" src=\"https:\/\/www.radiopiu.net\/wordpress\/coronavirus-aggiornamento-nazionale-21-ottobre\/embed\/#?secret=QJFbn4lJEj\" data-secret=\"QJFbn4lJEj\" width=\"600\" height=\"338\" frameborder=\"0\" marginwidth=\"0\" marginheight=\"0\" scrolling=\"no\"><\/iframe><\/p>\n<p>&nbsp;<\/p>\n<hr \/>\n<p>&nbsp;<\/p>\n<blockquote class=\"wp-embedded-content\" data-secret=\"hyW8bYSdlQ\"><p><a href=\"https:\/\/www.radiopiu.net\/wordpress\/sono-1582-i-nuovi-positivi-in-veneto-nelle-ultime-24-ore-19-decessi-e-56-ricoveri-in-piu-in-area-non-critica-stabili-le-terapie-intensive-a-belluno-30-nuove-positivita-e-2-decessi\/\">SONO 1582 I NUOVI POSITIVI IN VENETO NELLE ULTIME 24 ORE. 19 DECESSI E 56 RICOVERI IN PI\u00d9 IN AREA NON CRITICA. STABILI LE TERAPIE INTENSIVE. A BELLUNO 30 NUOVE POSITIVIT\u00c0 E 2 DECESSI<\/a><\/p><\/blockquote>\n<p><iframe loading=\"lazy\" class=\"wp-embedded-content\" sandbox=\"allow-scripts\" security=\"restricted\" style=\"position: absolute; clip: rect(1px, 1px, 1px, 1px);\" title=\"&#8220;SONO 1582 I NUOVI POSITIVI IN VENETO NELLE ULTIME 24 ORE. 19 DECESSI E 56 RICOVERI IN PI\u00d9 IN AREA NON CRITICA. STABILI LE TERAPIE INTENSIVE. A BELLUNO 30 NUOVE POSITIVIT\u00c0 E 2 DECESSI&#8221; &#8212; Radio Pi\u00f9\" src=\"https:\/\/www.radiopiu.net\/wordpress\/sono-1582-i-nuovi-positivi-in-veneto-nelle-ultime-24-ore-19-decessi-e-56-ricoveri-in-piu-in-area-non-critica-stabili-le-terapie-intensive-a-belluno-30-nuove-positivita-e-2-decessi\/embed\/#?secret=hyW8bYSdlQ\" data-secret=\"hyW8bYSdlQ\" width=\"600\" height=\"338\" frameborder=\"0\" marginwidth=\"0\" marginheight=\"0\" scrolling=\"no\"><\/iframe><\/p>\n<p>&nbsp;<\/p>\n<hr \/>\n<p>&nbsp;<\/p>\n<blockquote>\n<h3>I GRAFICI DI TIZIANO DE COL<\/h3>\n<\/blockquote>\n\n\t\t\t<style type='text\/css'>\n\t\t\t\t#gallery-3 {\n\t\t\t\t\tmargin: auto;\n\t\t\t\t}\n\t\t\t\t#gallery-3 .gallery-item {\n\t\t\t\t\tfloat: left;\n\t\t\t\t\tmargin-top: 10px;\n\t\t\t\t\ttext-align: center;\n\t\t\t\t\twidth: 50%;\n\t\t\t\t}\n\t\t\t\t#gallery-3 img {\n\t\t\t\t\tborder: 2px solid #cfcfcf;\n\t\t\t\t}\n\t\t\t\t#gallery-3 .gallery-caption {\n\t\t\t\t\tmargin-left: 0;\n\t\t\t\t}\n\t\t\t\t\/* see gallery_shortcode() in wp-includes\/media.php *\/\n\t\t\t<\/style>\n\t\t<div id='gallery-3' class='dt-gallery-container gallery galleryid-167578 gallery-columns-2 gallery-size-medium'><dl class='gallery-item'>\n\t\t\t\t<dt class='gallery-icon landscape'>\n\t\t\t\t\t<a class=\"rollover rollover-zoom dt-pswp-item\" title=\"ed7ec89d-e6d7-4429-bd97-46a36e8c025f\" data-dt-img-description=\"\" data-large_image_width=\"592\" data-large_image_height=\"334\"href='https:\/\/www.radiopiu.net\/wordpress\/wp-content\/uploads\/2020\/10\/ed7ec89d-e6d7-4429-bd97-46a36e8c025f.jpg'><img loading=\"lazy\" decoding=\"async\" width=\"300\" height=\"169\" src=\"https:\/\/www.radiopiu.net\/wordpress\/wp-content\/uploads\/2020\/10\/ed7ec89d-e6d7-4429-bd97-46a36e8c025f-300x169.jpg\" class=\"attachment-medium size-medium\" alt=\"\" srcset=\"https:\/\/www.radiopiu.net\/wordpress\/wp-content\/uploads\/2020\/10\/ed7ec89d-e6d7-4429-bd97-46a36e8c025f-300x169.jpg 300w, https:\/\/www.radiopiu.net\/wordpress\/wp-content\/uploads\/2020\/10\/ed7ec89d-e6d7-4429-bd97-46a36e8c025f.jpg 592w\" sizes=\"auto, (max-width: 300px) 100vw, 300px\" \/><\/a>\n\t\t\t\t<\/dt><\/dl><dl class='gallery-item'>\n\t\t\t\t<dt class='gallery-icon portrait'>\n\t\t\t\t\t<a class=\"rollover rollover-zoom dt-pswp-item\" title=\"08417f42-e6c5-4910-aa36-34b08ecd3820\" data-dt-img-description=\"\" data-large_image_width=\"601\" data-large_image_height=\"636\"href='https:\/\/www.radiopiu.net\/wordpress\/wp-content\/uploads\/2020\/10\/08417f42-e6c5-4910-aa36-34b08ecd3820.jpg'><img loading=\"lazy\" decoding=\"async\" width=\"283\" height=\"300\" src=\"https:\/\/www.radiopiu.net\/wordpress\/wp-content\/uploads\/2020\/10\/08417f42-e6c5-4910-aa36-34b08ecd3820-283x300.jpg\" class=\"attachment-medium size-medium\" alt=\"\" srcset=\"https:\/\/www.radiopiu.net\/wordpress\/wp-content\/uploads\/2020\/10\/08417f42-e6c5-4910-aa36-34b08ecd3820-283x300.jpg 283w, https:\/\/www.radiopiu.net\/wordpress\/wp-content\/uploads\/2020\/10\/08417f42-e6c5-4910-aa36-34b08ecd3820.jpg 601w\" sizes=\"auto, (max-width: 283px) 100vw, 283px\" \/><\/a>\n\t\t\t\t<\/dt><\/dl><br style=\"clear: both\" \/>\n\t\t\t<\/div>\n\n<p>&nbsp;<\/p>\n<hr \/>\n<p>&nbsp;<\/p>\n<blockquote>\n<h3>FINO AL 31 OTTOBRE STUDENTI DELLA PRIMARIA A CASA<\/h3>\n<\/blockquote>\n<p><strong>CORTINA<\/strong> Nel pomeriggio il sindaco Gianpietro Ghedina ha firmato l&#8217;ordinanza con la quale ha sospeso l&#8217;attivit\u00e0 scolastica alla scuola primaria &#8220;Duca d&#8217;Aosta&#8221; fino al 31 ottobre. Il provvedimento \u00e8 stato emanato su espressa richiesta della dirigenza dell&#8217;Istituto Compresivo in seguito all&#8217;elevato numero di docenti posti in isolamento fiduciario domiciliare, alcuni per confermata positivit\u00e0 al virus covid19, altri perch\u00e9 in attesa di essere sottoposti ad accertamento in seguito a contatti con colleghi positivi.<\/p>\n<blockquote>\n<h3>IERI: SITUAZIONE COVID A CORTINA, IN DISCESA IL NUMERO DI POSITIVI<\/h3>\n<\/blockquote>\n<p><strong><img decoding=\"async\" class=\"alignright\" src=\"https:\/\/www.radiopiu.net\/wordpress\/wp-content\/uploads\/2020\/10\/74209763_2421464347980127_8799481244598403072_n-1.jpg\" \/>CORTINA<\/strong> Anche ieri il sindaco di Cortina Gianpietro Ghedina ha comunicato ai suoi cittadini la situazione epidemica nella Conca Ampezzana dove il numero di positivi passa da 135 casi\u00a0 a 132\u00a0 (-3). Le persone in quarantena (isolamento domiciliare), che hanno avuto un contatto stretto con i positivi sono passati 76 a 79 (+3). <em>&#8220;I numeri &#8211; scrive il sindaco sulla sua aggiornatissima pagina facebook\u00a0 sembrerebbero assestarsi dopo il forte aumento del fine settimana scorso. Anche i due focolai, quello della Casa di Riposo e quello della Sportivi Ghiaccio, che sommati incidono per l\u201980% del totale dei positivi, pare stiano rientrando. <\/em><em>Desidero inoltre informare che anche il Comune, vista l\u2019emergenza Covid-19, limiter\u00e0 l\u2019accesso del pubblico a partire da oggi e fino a cessata emergenza&#8221;. <\/em>Gli uffici del Comune di Cortina d\u2019Ampezzo saranno aperti al pubblico solo per urgenze e previo appuntamento telefonico. \u00a0in ogni caso pu\u00f2 essere consultato il sito \u00a0internet <a href=\"http:\/\/www.comunecortinadampezzo.bl.it\/?fbclid=IwAR2v0mwC7eSXd9FyGGXHiB37xZjUyWYS23B-Fu_cqGUDUhhZ_144oNUTY8o\" target=\"_blank\" rel=\"noopener nofollow noreferrer\" data-ft=\"{&quot;tn&quot;:&quot;-U&quot;}\" data-lynx-mode=\"asynclazy\" data-lynx-uri=\"https:\/\/l.facebook.com\/l.php?u=http%3A%2F%2Fwww.comunecortinadampezzo.bl.it%2F%3Ffbclid%3DIwAR2v0mwC7eSXd9FyGGXHiB37xZjUyWYS23B-Fu_cqGUDUhhZ_144oNUTY8o&amp;h=AT3DTd234Cv7mGD2jKntf18q6aW6g1rRbWT8XCRJqm6-qE3V6Mumw3aOsKozP5gm2RoXeW00RDDpSVgxRrNlRqmE1bYCcsJotyjZR8mMUWlBhT7xGd1dgfmS1qxvE6E8PKQ96IjhR_0TJ4urbr27r7fDqx7xkzM\">www.comunecortinadampezzo.bl.it<\/a>\u00a0per ogni eventuale ulteriore informazione.<\/p>\n<p>&nbsp;<\/p>\n<hr \/>\n<p>&nbsp;<\/p>\n<blockquote>\n<h3>LA ULSS 1 DOLOMITI COMUNICA LE NUOVE MODALIT\u00c0 DI ACCESSO DRIVE-IN TAMPONI<\/h3>\n<\/blockquote>\n<p><strong><a class=\"dt-pswp-item\" href=\"https:\/\/www.radiopiu.net\/wordpress\/wp-content\/uploads\/2020\/10\/tamponi-drive-in.jpg\" data-dt-img-description=\"\" data-large_image_width=\"1600\" data-large_image_height=\"1200\"><img loading=\"lazy\" decoding=\"async\" class=\"size-medium wp-image-167672 alignleft\" src=\"https:\/\/www.radiopiu.net\/wordpress\/wp-content\/uploads\/2020\/10\/tamponi-drive-in-300x225.jpg\" alt=\"\" width=\"300\" height=\"225\" srcset=\"https:\/\/www.radiopiu.net\/wordpress\/wp-content\/uploads\/2020\/10\/tamponi-drive-in-300x225.jpg 300w, https:\/\/www.radiopiu.net\/wordpress\/wp-content\/uploads\/2020\/10\/tamponi-drive-in-1024x768.jpg 1024w, https:\/\/www.radiopiu.net\/wordpress\/wp-content\/uploads\/2020\/10\/tamponi-drive-in-768x576.jpg 768w, https:\/\/www.radiopiu.net\/wordpress\/wp-content\/uploads\/2020\/10\/tamponi-drive-in-1536x1152.jpg 1536w, https:\/\/www.radiopiu.net\/wordpress\/wp-content\/uploads\/2020\/10\/tamponi-drive-in.jpg 1600w\" sizes=\"auto, (max-width: 300px) 100vw, 300px\" \/><\/a>BELLUNO\u00a0<\/strong>Da luned\u00ec 26 ottobre sar\u00e0 fortemente potenziata l\u2019offerta tamponi nei 4 Covid point (drive-in tamponi) attivi sul territorio, per far fronte all\u2019aumento della richiesta di diagnostica Covid e per rendere pi\u00f9 fluidi e accessibili i percorsi di esecuzione del tampone. Il Covid Point di Belluno sar\u00e0 attivo h 24 7 giorni su 7,\u00a0dalle 7.00 alle ore 19.00 in Loc. Sagrogna e\u00a0dalle 19.00 alle 7.00 all\u2019Ospedale San Martino;\u00a0Il Covid Point di Feltre \u2013 Zona Peschiera &#8211; ex Marangoni sar\u00e0 attivo dal luned\u00ec al sabato dalle 8.30 alle 12.30; Covid point Tai di Cadore \u2013 P.le Dolomiti: dal luned\u00ec al sabato dalle 16.00 alle 18.00; Covid point Agordo \u2013 P.le Tamonich: luned\u00ec, mercoled\u00ec e venerd\u00ec dalle 16.00 alle 18.00. Inoltre, per facilitare e velocizzare i percorsi, da luned\u00ec 26 ottobre potranno accedere ai 4 drive-in SENZA APPUNTAMENTO anche le persone a cui \u00e8 stato prescritto un tampone molecolare o un tampone antigenico rapido da parte del Medico di Famiglia. Si ricorda di presentarsi in auto, con mascherina e tessera sanitaria magnetica. All\u2019ingresso dei drive-in andr\u00e0 esibita l\u2019impegnativa cartacea o l\u2019impegnativa dematerializzata sul cellulare. Sar\u00e0 eseguito, sempre in modalit\u00e0 drive-in (abbassando il finestrino dell\u2019auto) il tipo di tampone (antigenico rapido o molecolare) prescritto dal Medico, secondo quanto previsto dalle linee guida per le varie indicazioni al test. In caso di test antigenico rapido, il referto sar\u00e0 consegnato sul posto dopo circa 20 minuti. In caso di tampone molecolare sar\u00e0 inviato un SMS con i codici per lo scarico del referto che, di regola, sar\u00e0 disponibile dopo 48\/72 ore. Fino all\u2019esito, la persona dovr\u00e0 rimanere in isolamento domiciliare, seguendo le raccomandazioni sui comportamenti da tenere presenti sul sito <a href=\"http:\/\/www.aulss1.veneto.it\/\">www.aulss1.veneto.it<\/a>. Si ricorda che accedono al drive-in anche:\u00a0i soggetti (bambini\/ragazzi\/adulti) frequentanti la scuola con sintomatologia simil covid, preferibilmente su indicazione del Pediatra o del Medico di Famiglia, con ACCESSO LIBERO;\u00a0i soggetti in rientro da Belgio, Francia, Paesi Bassi, Regno Unito di Gran Bretagna e Irlanda del Nord, Repubblica Ceca con ACCESSO LIBERO (senza prenotazione, senza impegnativa); i soggetti inviati dall\u2019unit\u00e0 di Crisi del Dipartimento di Prevenzione \u2013 SU INDICAZIONE DEL DIPARTIMENTO DI PREVENZIONE<\/p>\n<p>&nbsp;<\/p>\n<p>&nbsp;<\/p>\n<hr \/>\n<p>&nbsp;<\/p>\n<blockquote>\n<h3>ULSS 1 DOLOMITI: ACCOLTI 10 OSPITI DAL CENTRO SERVIZI DI PONTE NELLE ALPI<\/h3>\n<\/blockquote>\n<p><strong><a class=\"dt-pswp-item\" href=\"https:\/\/www.radiopiu.net\/wordpress\/wp-content\/uploads\/2020\/06\/dc8d9e01-0412-48a8-91b1-c64ba92a8187.jpg\" data-dt-img-description=\"\" data-large_image_width=\"2048\" data-large_image_height=\"1024\"><img loading=\"lazy\" decoding=\"async\" class=\"size-medium wp-image-144229 alignleft\" src=\"https:\/\/www.radiopiu.net\/wordpress\/wp-content\/uploads\/2020\/06\/dc8d9e01-0412-48a8-91b1-c64ba92a8187-300x150.jpg\" alt=\"\" width=\"300\" height=\"150\" srcset=\"https:\/\/www.radiopiu.net\/wordpress\/wp-content\/uploads\/2020\/06\/dc8d9e01-0412-48a8-91b1-c64ba92a8187-300x150.jpg 300w, https:\/\/www.radiopiu.net\/wordpress\/wp-content\/uploads\/2020\/06\/dc8d9e01-0412-48a8-91b1-c64ba92a8187-1024x512.jpg 1024w, https:\/\/www.radiopiu.net\/wordpress\/wp-content\/uploads\/2020\/06\/dc8d9e01-0412-48a8-91b1-c64ba92a8187-768x384.jpg 768w, https:\/\/www.radiopiu.net\/wordpress\/wp-content\/uploads\/2020\/06\/dc8d9e01-0412-48a8-91b1-c64ba92a8187-1536x768.jpg 1536w, https:\/\/www.radiopiu.net\/wordpress\/wp-content\/uploads\/2020\/06\/dc8d9e01-0412-48a8-91b1-c64ba92a8187.jpg 2048w\" sizes=\"auto, (max-width: 300px) 100vw, 300px\" \/><\/a>BELLUNO\u00a0<\/strong>E\u2019 stata completata oggi l\u2019accoglienza nelle strutture dell\u2019ulss Dolomiti di 10 ospiti provenienti dal Centro Servizi di Ponte nelle Alpi , allo scopo di alleggerire il carico di lavoro e il carico assistenziale del personale della struttura.\u00a0L\u2019intervento ha carattere di straordinariet\u00e0 e si aggiunge alle numerose azioni di supporto e di verifica attuate in questi giorni nella struttura di Ponte nelle Alpi, con un notevole impegno da parte dell\u2019Ulss Dolomiti. L\u2019Azienda Sanitaria, infatti, oltre a garantire le risposte ai bisogni di cura dei pazienti covid con sintomatologia che necessitano di un ricovero stratificato secondo intensit\u00e0 di cura nei reparti COVID, \u00e8 impegnata a garantire le risposte ai bisogni sanitari \u201cnon covid\u201d della cittadinanza. Inoltre, molto del personale aggiuntivo assunto in questi mesi \u00e8 stato inserito nello staff del Dipartimento di Prevenzione per le nuove e impegnative attivit\u00e0 di diagnostica attraverso tamponi, <em>contact tracing<\/em>e sorveglianza attiva. Inoltre, il carico assistenziale nei reparti covid \u00e8 maggiore rispetto ai reparti ordinari sia per intensit\u00e0 che per qualit\u00e0 dell\u2019assistenza necessaria per garantire le cure in sicurezza sia per i degenti che per gli operatori e, quindi, il personale richiesto \u00e8 maggiore. Infine, anche l\u2019impegno dell\u2019Ulss nel territorio, sia medico e di assistenza sia come verifica e controllo, impiega significative risorse.\u00a0In questo contesto, appaiono fuorvianti e infondate le accuse di depauperamento di personale dei centri di servizio mosse in questi giorni. L\u2019Ulss ha supportato gli stessi anche attraverso la ricerca di personale con specifici avvisi.\u00a0Per quanto riguarda il Centro Servizi di Cortina, si precisa che da diverse settimane la situazione \u00e8 monitorata\u00a0 ed \u00e8 stato attivato un supporto organizzativo con la consulenza di coordinatori Ulss immediatamente intervenuti.\u00a0Procede, inoltre, l\u2019attivit\u00e0 di verifica e controllo da parte dell\u2019Ulss degli assetti organizzativi che ogni singolo Centro Servizio ha il compito di attuare secondo il Piano di Sanit\u00e0 Pubblica e le specifiche linee guida regionali.<\/p>\n<p>&nbsp;<\/p>\n<p>&nbsp;<\/p>\n<hr \/>\n<p>&nbsp;<\/p>\n<blockquote>\n<h3>COVID-19. ZAIA IN CONSIGLIO REGIONALE, \u201cSIAMO PRONTI AL PEGGIO, MA LAVORIAMO PER EVITARLO&#8221;<\/h3>\n<\/blockquote>\n<p><strong><a class=\"dt-pswp-item\" href=\"https:\/\/www.radiopiu.net\/wordpress\/wp-content\/uploads\/2020\/05\/ZAIA-1.jpg\" data-dt-img-description=\"\" data-large_image_width=\"656\" data-large_image_height=\"492\"><img loading=\"lazy\" decoding=\"async\" class=\"size-medium wp-image-139388 alignleft\" src=\"https:\/\/www.radiopiu.net\/wordpress\/wp-content\/uploads\/2020\/05\/ZAIA-1-300x225.jpg\" alt=\"\" width=\"300\" height=\"225\" srcset=\"https:\/\/www.radiopiu.net\/wordpress\/wp-content\/uploads\/2020\/05\/ZAIA-1-300x225.jpg 300w, https:\/\/www.radiopiu.net\/wordpress\/wp-content\/uploads\/2020\/05\/ZAIA-1.jpg 656w\" sizes=\"auto, (max-width: 300px) 100vw, 300px\" \/><\/a>VENEZIA\u00a0<\/strong>\u201c<em>Gi\u00e0 oggi il sistema sanitario Veneto \u00e8 pronto ad attivare 1016 posti letto di terapia intensiva. Abbiamo a disposizione tutti i macchinari necessari, a cominciare dai respiratori automatici, e abbiamo un\u2019autosufficienza media di otto mesi per tutti gli altri dispositivi come mascherine e guanti. Qualche difficolt\u00e0, avanti nel tempo, potrebbe esserci per i camici, ma ci stiamo lavorando. Sul fronte del personale, non ci sono problemi per quello infermieristico che, dopo le molte assunzioni fatte, \u00e8 sufficiente, mentre preoccupa la carenza di medici. Un problema nazionale che viene da lontano. Per questo ho gi\u00e0 chiesto al Ministro della Salute Speranza di attivare dei corsi rapidi di anestesia e rianimazione per medici di altre specialit\u00e0. Oggi, sottolineo oggi perch\u00e9 nessuno ha la sfera di cristallo per prevedere cosa ci sar\u00e0 domani, la curva dei contagi \u00e8 in salita, ma non esiste alcuna emergenza ospedaliera. Oggi non ci sono le condizioni per ipotizzare un lock down in Veneto e continuiamo a lavorare perch\u00e9 non accada mai<\/em>\u201d.\u00a0Sono questi alcuni dei concetti principali espressi oggi dal Presidente della Regione Veneto, Luca Zaia, nell\u2019ampia parte dedicata al Covid-19 del suo intervento programmatico in Consiglio regionale.\u00a0Zaia ha tenuto a precisare subito le motivazioni per cui il bollettino Covid di oggi riporta un forte aumento: \u201c<em>un numero che va letto alla luce del fatto che \u2013 ha sottolineato &#8211;\u00a0 in una sola notte si sono scaricati praticamente tutti i dati di Venezia dal 15 ottobre a oggi (circa 500 positivit\u00e0), per una variazione del sistema informatico di carico dei dati. L\u2019aumento reale di oggi conferma quindi pi\u00f9 o meno l\u2019andamento dei giorni scorsi<\/em>\u201d.\u00a0\u201c<em>Noi non siamo n\u00e9 ottimisti n\u00e9 catastrofisti e non ci muoviamo sulla base di opinioni, ma di dati scientifici \u2013 ha ribadito il Governatore \u2013 come quelli che stanno alla base del nuovo Piano di Salute Pubblica che delinea cinque scenari di diversa gravit\u00e0 e le azioni sugli ospedali da modulare a seconda della situazione, e come quelli che quotidianamente diffondiamo e valutiamo con i nostri esperti. Facciamo ormai 25-30 mila tamponi al giorno, dai quali emerge che il 96% delle persone positive non presenta sintomi e abbiamo 66 ricoveri in terapia intensiva su 494 posti strutturati, pronti ad arrivare a 1.016. Quindi al momento non esiste tensione sugli ospedali. 66 ricoveri stanno nella forbice da 51 a 150 casi prevista dal livello 2 del nuovo Psp, mentre la fase 5 scatta sopra i 400 letti occupati. In ogni conteggio programmatorio teniamo naturalmente conto di almeno 200 posti da riservare ai pazienti con altre patologie gravi come infarti, ictus, interventi chirurgici importanti, incidenti stradali o sul lavoro. E\u2019 evidente che dobbiamo evitare a tutti i costi di raggiungere la fase 5, che significherebbe tensione elevatissima con il rischio di dover tagliare cure non Covid. Stiamo lavorando per questo, con una diagnostica sempre pi\u00f9 affinata e diffusa, usando non solo i tamponi molecolari di prima generazione, ma sempre di pi\u00f9 i tamponi rapidi sperimentati dal dottor Rigoli a Treviso e validati dal Centro di Riferimento Nazionale dello Spallanzani di Roma. Siamo pronti a usare i cosiddetti \u2018mini tamponi\u2019 mandando i nostri sanitari nelle scuole dove c\u2019\u00e8 bisogno di diagnosi per la presenza di una positivit\u00e0, mentre su un altro fronte si sta aprendo la prospettiva dei tamponi salivari<\/em>\u201d.\u00a0\u201c<em>Questo \u2013 ha detto Zaia \u2013 per ribadire che il Veneto \u00e8 fin dall\u2019inizio in prima fila per studiare e sperimentare tutte le novit\u00e0 nazionali e internazionali e che spesso siamo stati noi i precursori. A cominciare dal primo caso di V\u00f2 il 21 febbraio, a seguito del quale, sulla base del Piano di Salute Pubblica di allora, mi assunsi personalmente la responsabilit\u00e0 di decidere la chiusura del comune e l\u2019effettuazione dei tamponi a tappeto. Allora \u2013 ha ricordato Zaia \u2013 ci fu chi arriv\u00f2 ad accusarmi di danno erariale perch\u00e9 avrei usato male i soldi pubblici per fare una cosa inutile. Poco dopo, questo metodo divenne il faro della prevenzione in tutto il mondo, e lo \u00e8 tuttora<\/em>\u201d.\u00a0Zaia ha concluso rivolgendo un nuovo appello a tutti i cittadini: \u201c<em>Come tutti i virus \u2013 ha detto \u2013 anche questo se ne andr\u00e0. Abbiamo le cure migliori e un\u2019organizzazione forte, ma per uscirne serve che giochiamo come un\u2019unica squadra e che ognuno dia il suo apporto, portando sempre la mascherina, rispettando le distanze di sicurezza e le regole di igienizzazione delle mani<\/em>\u201d.<\/p>\n<p>&nbsp;<\/p>\n<p>&nbsp;<\/p>\n<hr \/>\n<p>&nbsp;<\/p>\n<blockquote>\n<h3>PRESIDENTE ZAIA PRESENTA LA NUOVA GIUNTA AL CONSIGLIO REGIONALE<\/h3>\n<\/blockquote>\n<p><strong><a class=\"dt-pswp-item\" href=\"https:\/\/www.radiopiu.net\/wordpress\/wp-content\/uploads\/2020\/04\/LUCA-ZAIA-AAA.png\" data-dt-img-description=\"\" data-large_image_width=\"1122\" data-large_image_height=\"1122\"><img loading=\"lazy\" decoding=\"async\" class=\"size-medium wp-image-127914 alignleft\" src=\"https:\/\/www.radiopiu.net\/wordpress\/wp-content\/uploads\/2020\/04\/LUCA-ZAIA-AAA-300x300.png\" alt=\"\" width=\"300\" height=\"300\" srcset=\"https:\/\/www.radiopiu.net\/wordpress\/wp-content\/uploads\/2020\/04\/LUCA-ZAIA-AAA-300x300.png 300w, https:\/\/www.radiopiu.net\/wordpress\/wp-content\/uploads\/2020\/04\/LUCA-ZAIA-AAA-1024x1024.png 1024w, https:\/\/www.radiopiu.net\/wordpress\/wp-content\/uploads\/2020\/04\/LUCA-ZAIA-AAA-150x150.png 150w, https:\/\/www.radiopiu.net\/wordpress\/wp-content\/uploads\/2020\/04\/LUCA-ZAIA-AAA-768x768.png 768w, https:\/\/www.radiopiu.net\/wordpress\/wp-content\/uploads\/2020\/04\/LUCA-ZAIA-AAA.png 1122w\" sizes=\"auto, (max-width: 300px) 100vw, 300px\" \/><\/a>VENEZIA &#8220;<\/strong><em>Lavoro, economia, occupazione e servizi sociali saranno, oltre alla sanit\u00e0, la vera sfida per questa giunta. Una sfida che si compenetra tra i vari comparti e che significa sostegno alle imprese e alle famiglie. Non possiamo prescindere dal Covid che, oltre a impegnarci sul fronte sanitario, ci richiede un impegno senza precedenti per salvaguardare la produttivit\u00e0 della nostra regione e il benessere delle nostre famiglie<\/em>\u201d.\u00a0Ha annunciato un grande impegno nel campo sociosanitario e in quello economico il presidente Luca Zaia, oggi, nel presentare la nuova Giunta al Consiglio Regionale.\u00a0\u201c<em>Fino all\u2019inverno scorso il Veneto vantava una situazione che in Italia era seconda solo al Trentino-Alto Adige con il 6,6% di disoccupazione \u2013 ha sottolineato -. Oggi c\u2019\u00e8 molta inquietudine e paventiamo la perdita di 60.000 posti di lavoro. La natura stessa della nostra rete produttiva, fatta di piccole e medie imprese connotate da forti rapporti internazionali, ne esce penalizzata. Il turismo che \u00e8 la prima voce del nostro bilancio regionale lamenter\u00e0 circa il 60% di perdita. Il virus ci ha tirato il freno a mano e il nostro impegno sar\u00e0 concentrato sulla necessit\u00e0 di ripartire. \u00c8 una missione non facile ma ancora una volta il nostro lavoro dovr\u00e0 essere valutato non sulle promesse ma sui fatti<\/em>\u201d.\u00a0\u201c<em>Inevitabilmente \u2013 ha aggiunto \u2013 questa sar\u00e0 una legislatura sociale. \u00c8 una connotazione fondamentale perch\u00e9 significher\u00e0 aumentare ogni attenzione alla povert\u00e0, a quelle migliaia di persone che con fatica devono arrivare a fine mese. Vorr\u00e0 dire procedere con interventi di ulteriore sostegno alle famiglie, al mondo della disabilit\u00e0 e dell\u2019assistenza agli anziani sia in famiglia sia in struttura\u201d. In questa direzione, il Presidente ha riservato alle IPAB una delle 9 proposte di legge presentate all\u2019inizio della seduta&#8221;.\u00a0<\/em>Riguardo alla sanit\u00e0 veneta, il presidente Zaia ha sottolineato come \u00e8 intenzione della Giunta continuare su un sempre maggior aggiornamento tecnologico delle strutture dotandole di attrezzature sia diagnostiche sia terapeutiche di ultima generazione, proseguendo parallelamente nella valorizzazione della medicina territoriale.\u00a0Passando a trattare delle grandi opere, ha aggiunto: \u201cLa linea di questa Giunta \u00e8 quella di continuare le opere in cantiere. Non \u00e8 poco se pensiamo solo alla Pedemontana di cui sar\u00e0 finito anche il tratto fino a Bassano per met\u00e0 novembre. \u00c8 la pi\u00f9 grande opera in corso al momento in Italia, 94 chilometri di superstrada per un valore di 2 miliardi di euro. Aggiungo che noi siamo anche per il completamento della TAV. La ripartizione del Recovery Fund potrebbe essere impiegata per questo come per l\u2019Ospedale di Padova\u201d.\u00a0\u201c<em>Il Mose \u00e8 una partita da continuare ad affrontare \u2013 ha anche sottolineato \u2013 e se parliamo di grandi navi e Venezia, questa giunta dice che devono essere escluse dalla Giudecca e dal Bacino di San Marco. C\u2019\u00e8 il progetto che porta ancora i nomi di Clini e Passera per farle transitare sul Canale dei Petroli, si decida in questa direzione. Qualcuno sostiene che non dovrebbero proprio entrare nella Laguna ma non siamo d\u2019accordo perch\u00e9 significherebbe rinunciare completamente alla croceristica ed \u00e8 un danno impensabile<\/em>\u201d.\u00a0\u201c<em>Per quanto riguarda l\u2019ambiente \u2013 ha aggiunto ancora &#8211; le sfide sono molte e continueremo ad affrontarle con il senso di responsabilit\u00e0 gi\u00e0 dimostrato in questi anni. Penso ai Pfas, vicenda, in cui, nonostante continuino a non mancare le proteste siamo stati gli unici a prendere di petto il problema e i primi a fissare dei limiti. L\u2019ambiente ci chiamer\u00e0 a estendere il campo anche sul tema dell\u2019economia circolare<\/em>\u201d.\u00a0Concludendo il Presidente Zaia ha anche annunciato che dopo le candidature coronate dal successo per i Mondiali di Sci 2021 e le Olimpiadi Invernali 2026, nei prossimi anni potranno esserne presentate altre ad eventi di rilevanza internazionale.<\/p>\n<p>&nbsp;<\/p>\n<p>&nbsp;<\/p>\n<hr \/>\n<p>&nbsp;<\/p>\n<blockquote>\n<h3>IL MINISTRO FEDERICO D&#8217;INC\u00c0 PRESENTA I DATI SULLE TERAPIE INTENSIVE<\/h3>\n<\/blockquote>\n<p>https:\/\/www.facebook.com\/watch\/?v=1917774148364308<\/p>\n<p>&nbsp;<\/p>\n<hr \/>\n<p>&nbsp;<\/p>\n<blockquote>\n<h3>\u00a0DE MICHELI NASCONDE POLVERE SOTTO IL TAPPETO, IL PROBLEMA DEI TRASPORTI E\u2019 CRUCIALE E VA RISOLTO SUBITO<\/h3>\n<\/blockquote>\n<p><strong>ROMA<\/strong> Il Deputato Dario Bond \u00e8 interenuto ieri con una nota sul tema trasporti attaccando la Ministrai De Michieli secondo la quale il rischio di contagio nel sistema del trasporto pubblico locale sarebbe bassissimo. <em>&#8220;Ma quale mezzo pubblico ha preso mai la ministra per esserne cos\u00ec certa? &#8211; attacca Bond &#8211;\u00a0 ma a quale Paese del mondo si riferisce quando dice che i mezzi pubblici anche nei periodi di punta generalmente non superano la capienza tra il 70-75%? Forse \u00e8 cos\u00ec con l\u2019alta velocit\u00e0, non certo con il trasporto pubblico locale. Sono favole quelle che racconta, fantasie lontane dalla realt\u00e0. E non serve neppure prenderlo un mezzo pubblico, basterebbe semplicemente osservare i mezzi pubblici gremiti di persone in violazione al distanziamento fisico che smentiscono le rassicurazioni della ministra che, pur di non riconoscere l\u2019inefficienza dell\u2019organizzazione della mobilit\u00e0 pubblica, rilascia dichiarazioni divergenti dalla realt\u00e0&#8221;.<\/em> Secondo Bond anche il consulente del Governo Ricciardi la critica <em>&#8220;Poich\u00e9\u00a0 \u00a0-continua negli ultimi sei mesi il ritardo enorme nella organizzazione e la gestione dei trasporti \u00e8 stata una delle certezze di questo Governo. Ora basta nascondere la polvere sotto il tappeto, occorre affrontare il problema con tutti i rischi e le conseguenze ma farlo subito. Tanto per cominciare aumentando le corse. Ormai abbiamo un app per tutto: in sei mesi, sapendo che ci sarebbe stata una seconda ondata, non era possibile prevedere una app anche per prenotare e viaggiare in sicurezza sui mezzi pubblici?&#8221;<\/em><\/p>\n<p>&nbsp;<\/p>\n<hr \/>\n<p>&nbsp;<\/p>\n<blockquote>\n<h3>OPERAI LUXOTTICA IN VISITA AL REPARTO PRODUZIONE MASCHERINE<\/h3>\n<\/blockquote>\n<p><a class=\"dt-pswp-item\" href=\"https:\/\/www.radiopiu.net\/wordpress\/wp-content\/uploads\/2020\/09\/4.-Interno-PalaLuxottica.jpg\" data-dt-img-description=\"\" data-large_image_width=\"1920\" data-large_image_height=\"1080\"><img loading=\"lazy\" decoding=\"async\" class=\"size-medium wp-image-159858 alignleft\" src=\"https:\/\/www.radiopiu.net\/wordpress\/wp-content\/uploads\/2020\/09\/4.-Interno-PalaLuxottica-300x169.jpg\" alt=\"\" width=\"300\" height=\"169\" srcset=\"https:\/\/www.radiopiu.net\/wordpress\/wp-content\/uploads\/2020\/09\/4.-Interno-PalaLuxottica-300x169.jpg 300w, https:\/\/www.radiopiu.net\/wordpress\/wp-content\/uploads\/2020\/09\/4.-Interno-PalaLuxottica-1024x576.jpg 1024w, https:\/\/www.radiopiu.net\/wordpress\/wp-content\/uploads\/2020\/09\/4.-Interno-PalaLuxottica-768x432.jpg 768w, https:\/\/www.radiopiu.net\/wordpress\/wp-content\/uploads\/2020\/09\/4.-Interno-PalaLuxottica-1536x864.jpg 1536w, https:\/\/www.radiopiu.net\/wordpress\/wp-content\/uploads\/2020\/09\/4.-Interno-PalaLuxottica-640x360.jpg 640w, https:\/\/www.radiopiu.net\/wordpress\/wp-content\/uploads\/2020\/09\/4.-Interno-PalaLuxottica.jpg 1920w\" sizes=\"auto, (max-width: 300px) 100vw, 300px\" \/><\/a><\/p>\n<p>&nbsp;<\/p>\n<p>&nbsp;<\/p>\n<p>&nbsp;<\/p>\n<p>&nbsp;<\/p>\n<p><strong>Intervento di Claudio Pra, Rsu Cencenighe<\/strong><\/p>\n<audio class=\"wp-audio-shortcode\" id=\"audio-167578-6\" preload=\"none\" style=\"width: 100%;\" controls=\"controls\"><source type=\"audio\/mpeg\" src=\"https:\/\/www.radiopiu.net\/wordpress\/wp-content\/uploads\/2020\/10\/claudio-pra.mp3?_=6\" \/><a href=\"https:\/\/www.radiopiu.net\/wordpress\/wp-content\/uploads\/2020\/10\/claudio-pra.mp3\">https:\/\/www.radiopiu.net\/wordpress\/wp-content\/uploads\/2020\/10\/claudio-pra.mp3<\/a><\/audio>\n<p>&nbsp;<\/p>\n<p>&nbsp;<\/p>\n<hr \/>\n<p>&nbsp;<\/p>\n<blockquote>\n<h3>C&#8217;E&#8217; CHI PENSA ALLA SERENITA&#8217; DEI BAMBINI DELL&#8217;ASILO<\/h3>\n<\/blockquote>\n<blockquote><p><em>E cos\u00ec.. Rieccoci.\u00a0 A ripensare il nostro modo di lavorare. Prima abbiamo ri ambientato la scuola rendendola il pi\u00f9 possibile sicura.. Per le nostre possibilit\u00e0.. Attente a tutto.. Ma questo virus non ci d\u00e0 tregua e cos\u00ec..\u00a0<\/em><\/p><\/blockquote>\n<p><strong>di Cristina Fossen, una mamma<\/strong><\/p>\n<p><strong>TAIBON<\/strong> Anche nelle difficolt\u00e0 di questo momento, le insegnanti della scuola dell\u2019Infanzia di Taibon Agordino sono vicine ai loro piccoli allievi. Reduci dall\u2019esperienza di<em> \u201cUna storia per me e per te\u201d<\/em> maturata durante il periodo del lockdown, con forza e determinazione, superate le voci ed i toto scommesse sulle positivit\u00e0, hanno saputo ricreare per i piccoli in isolamento un\u2019altra bella esperienza di didattica a distanza. L\u2019idea, nata in origine per quei bimbi temporaneamente non frequentanti , \u00e8 stata poi estesa anche agli alunni in quarantena. E cos\u00ec l\u2019ape Pina, l\u2019orso Bruno, Lella coccinella e piccolo riccio sono entrati virtualmente nelle case dei bimbi e dei genitori. Un\u2019esperienza che ha contribuito a ricreare per i piccoli alunni un clima di normalit\u00e0 e di affetto, oltre naturalmente a garantire una continuit\u00e0 didattica. Un grazie di cuore alle insegnanti della Scuola dell\u2019Infanzia di Taibon ed al Dirigente Scolastico, prof. Paolo Giovanni Zanin, che sempre con entusiasmo, impegno e tanta sensibilit\u00e0 pensano alla serenit\u00e0 dei loro piccoli.<\/p>\n\n\t\t\t<style type='text\/css'>\n\t\t\t\t#gallery-4 {\n\t\t\t\t\tmargin: auto;\n\t\t\t\t}\n\t\t\t\t#gallery-4 .gallery-item {\n\t\t\t\t\tfloat: left;\n\t\t\t\t\tmargin-top: 10px;\n\t\t\t\t\ttext-align: center;\n\t\t\t\t\twidth: 25%;\n\t\t\t\t}\n\t\t\t\t#gallery-4 img {\n\t\t\t\t\tborder: 2px solid #cfcfcf;\n\t\t\t\t}\n\t\t\t\t#gallery-4 .gallery-caption {\n\t\t\t\t\tmargin-left: 0;\n\t\t\t\t}\n\t\t\t\t\/* see gallery_shortcode() in wp-includes\/media.php *\/\n\t\t\t<\/style>\n\t\t<div id='gallery-4' class='dt-gallery-container gallery galleryid-167578 gallery-columns-4 gallery-size-thumbnail'><dl class='gallery-item'>\n\t\t\t\t<dt class='gallery-icon landscape'>\n\t\t\t\t\t<a class=\"rollover rollover-zoom dt-pswp-item\" title=\"db7b7071-f32e-42a1-b55f-d74fe4ff90d8\" data-dt-img-description=\"\" data-large_image_width=\"1600\" data-large_image_height=\"784\"href='https:\/\/www.radiopiu.net\/wordpress\/wp-content\/uploads\/2020\/10\/db7b7071-f32e-42a1-b55f-d74fe4ff90d8.jpg'><img loading=\"lazy\" decoding=\"async\" width=\"150\" height=\"150\" src=\"https:\/\/www.radiopiu.net\/wordpress\/wp-content\/uploads\/2020\/10\/db7b7071-f32e-42a1-b55f-d74fe4ff90d8-150x150.jpg\" class=\"attachment-thumbnail size-thumbnail\" alt=\"\" \/><\/a>\n\t\t\t\t<\/dt><\/dl><dl class='gallery-item'>\n\t\t\t\t<dt class='gallery-icon landscape'>\n\t\t\t\t\t<a class=\"rollover rollover-zoom dt-pswp-item\" title=\"b7a59739-753d-416e-a389-606cfbe1bc22\" data-dt-img-description=\"\" data-large_image_width=\"987\" data-large_image_height=\"679\"href='https:\/\/www.radiopiu.net\/wordpress\/wp-content\/uploads\/2020\/10\/b7a59739-753d-416e-a389-606cfbe1bc22.jpg'><img loading=\"lazy\" decoding=\"async\" width=\"150\" height=\"150\" src=\"https:\/\/www.radiopiu.net\/wordpress\/wp-content\/uploads\/2020\/10\/b7a59739-753d-416e-a389-606cfbe1bc22-150x150.jpg\" class=\"attachment-thumbnail size-thumbnail\" alt=\"\" \/><\/a>\n\t\t\t\t<\/dt><\/dl><dl class='gallery-item'>\n\t\t\t\t<dt class='gallery-icon landscape'>\n\t\t\t\t\t<a class=\"rollover rollover-zoom dt-pswp-item\" title=\"1352c303-47bc-43e1-92d2-20cdff5c755f\" data-dt-img-description=\"\" data-large_image_width=\"1415\" data-large_image_height=\"883\"href='https:\/\/www.radiopiu.net\/wordpress\/wp-content\/uploads\/2020\/10\/1352c303-47bc-43e1-92d2-20cdff5c755f.jpg'><img loading=\"lazy\" decoding=\"async\" width=\"150\" height=\"150\" src=\"https:\/\/www.radiopiu.net\/wordpress\/wp-content\/uploads\/2020\/10\/1352c303-47bc-43e1-92d2-20cdff5c755f-150x150.jpg\" class=\"attachment-thumbnail size-thumbnail\" alt=\"\" \/><\/a>\n\t\t\t\t<\/dt><\/dl><dl class='gallery-item'>\n\t\t\t\t<dt class='gallery-icon portrait'>\n\t\t\t\t\t<a class=\"rollover rollover-zoom dt-pswp-item\" title=\"f40ffdeb-c05f-4618-a46d-db992010fb85\" data-dt-img-description=\"\" data-large_image_width=\"1165\" data-large_image_height=\"1600\"href='https:\/\/www.radiopiu.net\/wordpress\/wp-content\/uploads\/2020\/10\/f40ffdeb-c05f-4618-a46d-db992010fb85.jpg'><img loading=\"lazy\" decoding=\"async\" width=\"150\" height=\"150\" src=\"https:\/\/www.radiopiu.net\/wordpress\/wp-content\/uploads\/2020\/10\/f40ffdeb-c05f-4618-a46d-db992010fb85-150x150.jpg\" class=\"attachment-thumbnail size-thumbnail\" alt=\"\" \/><\/a>\n\t\t\t\t<\/dt><\/dl><br style=\"clear: both\" \/>\n\t\t\t<\/div>\n\n<p>&nbsp;<\/p>\n<hr \/>\n<h3><\/h3>\n<blockquote>\n<h3>IL COLPO DI SCENA, STAGIONE SALVA OGGI LA FIRMA<\/h3>\n<h2><strong><img decoding=\"async\" src=\"https:\/\/www.radiopiu.net\/wordpress\/wp-content\/uploads\/2019\/10\/paesaggio-innevato-dellalpe_del_nevegal.jpg\" \/><\/strong><\/h2>\n<\/blockquote>\n<p><strong>BELLUNO<\/strong> La stagione invernale \u00e8 salva. Oggi, alle 14, davanti al notaio prender\u00e0 ufficialmente forma la nuova societ\u00e0 che acquister\u00e0 impianti di risalita e beni accessori da Alpe del Nevegal, in liquidazione.<\/p>\n<p><strong>di Moreno Gioli<\/strong><\/p>\n<audio class=\"wp-audio-shortcode\" id=\"audio-167578-7\" preload=\"none\" style=\"width: 100%;\" controls=\"controls\"><source type=\"audio\/mpeg\" src=\"https:\/\/www.radiopiu.net\/wordpress\/wp-content\/uploads\/2020\/10\/moreno-neve.mp3?_=7\" \/><a href=\"https:\/\/www.radiopiu.net\/wordpress\/wp-content\/uploads\/2020\/10\/moreno-neve.mp3\">https:\/\/www.radiopiu.net\/wordpress\/wp-content\/uploads\/2020\/10\/moreno-neve.mp3<\/a><\/audio>\n<p><strong>\u00a0IL SINDACO DI BELLUNO JACOPO MASSARO<\/strong><\/p>\n<audio class=\"wp-audio-shortcode\" id=\"audio-167578-8\" preload=\"none\" style=\"width: 100%;\" controls=\"controls\"><source type=\"audio\/mpeg\" src=\"https:\/\/www.radiopiu.net\/wordpress\/wp-content\/uploads\/2020\/10\/massaro-1.mp3?_=8\" \/><a href=\"https:\/\/www.radiopiu.net\/wordpress\/wp-content\/uploads\/2020\/10\/massaro-1.mp3\">https:\/\/www.radiopiu.net\/wordpress\/wp-content\/uploads\/2020\/10\/massaro-1.mp3<\/a><\/audio>\n<p>&nbsp;<\/p>\n<hr \/>\n<p>&nbsp;<\/p>\n<p>&nbsp;<\/p>\n<blockquote>\n<h3><a class=\"dt-pswp-item\" href=\"https:\/\/www.radiopiu.net\/wordpress\/wp-content\/uploads\/2020\/10\/ping_pong_wimbledon_blu.jpg\" data-dt-img-description=\"\" data-large_image_width=\"1800\" data-large_image_height=\"1078\"><img loading=\"lazy\" decoding=\"async\" class=\" wp-image-167814 alignleft\" src=\"https:\/\/www.radiopiu.net\/wordpress\/wp-content\/uploads\/2020\/10\/ping_pong_wimbledon_blu-300x180.jpg\" alt=\"\" width=\"228\" height=\"137\" srcset=\"https:\/\/www.radiopiu.net\/wordpress\/wp-content\/uploads\/2020\/10\/ping_pong_wimbledon_blu-300x180.jpg 300w, https:\/\/www.radiopiu.net\/wordpress\/wp-content\/uploads\/2020\/10\/ping_pong_wimbledon_blu-1024x613.jpg 1024w, https:\/\/www.radiopiu.net\/wordpress\/wp-content\/uploads\/2020\/10\/ping_pong_wimbledon_blu-768x460.jpg 768w, https:\/\/www.radiopiu.net\/wordpress\/wp-content\/uploads\/2020\/10\/ping_pong_wimbledon_blu-1536x920.jpg 1536w, https:\/\/www.radiopiu.net\/wordpress\/wp-content\/uploads\/2020\/10\/ping_pong_wimbledon_blu.jpg 1800w\" sizes=\"auto, (max-width: 228px) 100vw, 228px\" \/><\/a>UNA COPPIA DI RESIDENTI REGALA IL TAVOLO DA PING PONG<\/h3>\n<p>ALPAGO<\/p>\n<p>DI DAMIANO TORMEN<\/p><\/blockquote>\n<audio class=\"wp-audio-shortcode\" id=\"audio-167578-9\" preload=\"none\" style=\"width: 100%;\" controls=\"controls\"><source type=\"audio\/mpeg\" src=\"https:\/\/www.radiopiu.net\/wordpress\/wp-content\/uploads\/2020\/10\/damiano-2.mp3?_=9\" \/><a href=\"https:\/\/www.radiopiu.net\/wordpress\/wp-content\/uploads\/2020\/10\/damiano-2.mp3\">https:\/\/www.radiopiu.net\/wordpress\/wp-content\/uploads\/2020\/10\/damiano-2.mp3<\/a><\/audio>\n<blockquote>\n<h3><\/h3>\n<h3><\/h3>\n<\/blockquote>\n<hr \/>\n<h3><\/h3>\n<blockquote>\n<h3>RIAMBIENTIAMOCI CON CASA ARMONICA, FILIERA BOSCO-LEGNO LEGATA ALLA MUSICA<\/h3>\n<\/blockquote>\n<p><strong><a class=\"dt-pswp-item\" href=\"https:\/\/www.radiopiu.net\/wordpress\/wp-content\/uploads\/2020\/10\/Presentazione-CASArmonica-2-scaled.jpeg\" data-dt-img-description=\"\" data-large_image_width=\"2560\" data-large_image_height=\"1920\"><img loading=\"lazy\" decoding=\"async\" class=\"wp-image-167644 alignleft\" src=\"https:\/\/www.radiopiu.net\/wordpress\/wp-content\/uploads\/2020\/10\/Presentazione-CASArmonica-2-300x225.jpeg\" alt=\"\" width=\"175\" height=\"131\" srcset=\"https:\/\/www.radiopiu.net\/wordpress\/wp-content\/uploads\/2020\/10\/Presentazione-CASArmonica-2-300x225.jpeg 300w, https:\/\/www.radiopiu.net\/wordpress\/wp-content\/uploads\/2020\/10\/Presentazione-CASArmonica-2-1024x768.jpeg 1024w, https:\/\/www.radiopiu.net\/wordpress\/wp-content\/uploads\/2020\/10\/Presentazione-CASArmonica-2-768x576.jpeg 768w, https:\/\/www.radiopiu.net\/wordpress\/wp-content\/uploads\/2020\/10\/Presentazione-CASArmonica-2-1536x1152.jpeg 1536w, https:\/\/www.radiopiu.net\/wordpress\/wp-content\/uploads\/2020\/10\/Presentazione-CASArmonica-2-2048x1536.jpeg 2048w\" sizes=\"auto, (max-width: 175px) 100vw, 175px\" \/><\/a>SANTO STEFANO DI CADORE<\/strong> Dopo VizArt e il progetto artistico di land art che ha sviluppato la rinascita del bosco, il progetto RiAmbientiamoci riparte dagli schianti della tempesta Vaia per valorizzare la risorsa legno e il territorio, puntando sulla musica: nel 2020, la proposta si chiama CASArmonica ed \u00e8 stata presentata nei giorni scorsi a Pi\u00e8 della Costa, in Val Visdende, nel territorio di Santo Stefano di Cadore, sul terreno che la Regola di Casada ha voluto in parte dedicare a questo progetto.<\/p>\n<p><strong>Daniela-Zambelli-Presidente-Cooperativa-LASSU<\/strong><\/p>\n<audio class=\"wp-audio-shortcode\" id=\"audio-167578-10\" preload=\"none\" style=\"width: 100%;\" controls=\"controls\"><source type=\"audio\/mpeg\" src=\"https:\/\/www.radiopiu.net\/wordpress\/wp-content\/uploads\/2020\/10\/Daniela-Zambelli-Presidente-Cooperativa-LASSU.mp3?_=10\" \/><a href=\"https:\/\/www.radiopiu.net\/wordpress\/wp-content\/uploads\/2020\/10\/Daniela-Zambelli-Presidente-Cooperativa-LASSU.mp3\">https:\/\/www.radiopiu.net\/wordpress\/wp-content\/uploads\/2020\/10\/Daniela-Zambelli-Presidente-Cooperativa-LASSU.mp3<\/a><\/audio>\n<p><strong>Samuele-Giacometti-Fondatore-12-to-many<\/strong><\/p>\n<audio class=\"wp-audio-shortcode\" id=\"audio-167578-11\" preload=\"none\" style=\"width: 100%;\" controls=\"controls\"><source type=\"audio\/mpeg\" src=\"https:\/\/www.radiopiu.net\/wordpress\/wp-content\/uploads\/2020\/10\/Samuele-Giacometti-Fondatore-12-to-many.mp3?_=11\" \/><a href=\"https:\/\/www.radiopiu.net\/wordpress\/wp-content\/uploads\/2020\/10\/Samuele-Giacometti-Fondatore-12-to-many.mp3\">https:\/\/www.radiopiu.net\/wordpress\/wp-content\/uploads\/2020\/10\/Samuele-Giacometti-Fondatore-12-to-many.mp3<\/a><\/audio>\n<p align=\"LEFT\"><strong>Sebastiano-Grosselle-Segretario-FLAI-CGIL-Belluno<\/strong><\/p>\n<audio class=\"wp-audio-shortcode\" id=\"audio-167578-12\" preload=\"none\" style=\"width: 100%;\" controls=\"controls\"><source type=\"audio\/mpeg\" src=\"https:\/\/www.radiopiu.net\/wordpress\/wp-content\/uploads\/2020\/10\/Samuele-Giacometti-Fondatore-12-to-many.mp3?_=12\" \/><a href=\"https:\/\/www.radiopiu.net\/wordpress\/wp-content\/uploads\/2020\/10\/Samuele-Giacometti-Fondatore-12-to-many.mp3\">https:\/\/www.radiopiu.net\/wordpress\/wp-content\/uploads\/2020\/10\/Samuele-Giacometti-Fondatore-12-to-many.mp3<\/a><\/audio>\n<p>&nbsp;<\/p>\n\n\t\t\t<style type='text\/css'>\n\t\t\t\t#gallery-5 {\n\t\t\t\t\tmargin: auto;\n\t\t\t\t}\n\t\t\t\t#gallery-5 .gallery-item {\n\t\t\t\t\tfloat: left;\n\t\t\t\t\tmargin-top: 10px;\n\t\t\t\t\ttext-align: center;\n\t\t\t\t\twidth: 33%;\n\t\t\t\t}\n\t\t\t\t#gallery-5 img {\n\t\t\t\t\tborder: 2px solid #cfcfcf;\n\t\t\t\t}\n\t\t\t\t#gallery-5 .gallery-caption {\n\t\t\t\t\tmargin-left: 0;\n\t\t\t\t}\n\t\t\t\t\/* see gallery_shortcode() in wp-includes\/media.php *\/\n\t\t\t<\/style>\n\t\t<div id='gallery-5' class='dt-gallery-container gallery galleryid-167578 gallery-columns-3 gallery-size-thumbnail'><dl class='gallery-item'>\n\t\t\t\t<dt class='gallery-icon portrait'>\n\t\t\t\t\t<a class=\"rollover rollover-zoom dt-pswp-item\" title=\"Sonorit\u00e0 Legno Armonico\" data-dt-img-description=\"\" data-large_image_width=\"1536\" data-large_image_height=\"2048\"href='https:\/\/www.radiopiu.net\/wordpress\/wp-content\/uploads\/2020\/10\/Sonorita-Legno-Armonico.jpeg'><img loading=\"lazy\" decoding=\"async\" width=\"150\" height=\"150\" src=\"https:\/\/www.radiopiu.net\/wordpress\/wp-content\/uploads\/2020\/10\/Sonorita-Legno-Armonico-150x150.jpeg\" class=\"attachment-thumbnail size-thumbnail\" alt=\"\" \/><\/a>\n\t\t\t\t<\/dt><\/dl><dl class='gallery-item'>\n\t\t\t\t<dt class='gallery-icon landscape'>\n\t\t\t\t\t<a class=\"rollover rollover-zoom dt-pswp-item\" title=\"Segheria mobile\" data-dt-img-description=\"\" data-large_image_width=\"2048\" data-large_image_height=\"1536\"href='https:\/\/www.radiopiu.net\/wordpress\/wp-content\/uploads\/2020\/10\/Segheria-mobile.jpeg'><img loading=\"lazy\" decoding=\"async\" width=\"150\" height=\"150\" src=\"https:\/\/www.radiopiu.net\/wordpress\/wp-content\/uploads\/2020\/10\/Segheria-mobile-150x150.jpeg\" class=\"attachment-thumbnail size-thumbnail\" alt=\"\" \/><\/a>\n\t\t\t\t<\/dt><\/dl><dl class='gallery-item'>\n\t\t\t\t<dt class='gallery-icon landscape'>\n\t\t\t\t\t<a class=\"rollover rollover-zoom dt-pswp-item\" title=\"Segheria mobile (2)\" data-dt-img-description=\"\" data-large_image_width=\"2107\" data-large_image_height=\"1080\"href='https:\/\/www.radiopiu.net\/wordpress\/wp-content\/uploads\/2020\/10\/Segheria-mobile-2-rotated.jpeg'><img loading=\"lazy\" decoding=\"async\" width=\"150\" height=\"150\" src=\"https:\/\/www.radiopiu.net\/wordpress\/wp-content\/uploads\/2020\/10\/Segheria-mobile-2-150x150.jpeg\" class=\"attachment-thumbnail size-thumbnail\" alt=\"\" \/><\/a>\n\t\t\t\t<\/dt><\/dl><br style=\"clear: both\" \/><dl class='gallery-item'>\n\t\t\t\t<dt class='gallery-icon landscape'>\n\t\t\t\t\t<a class=\"rollover rollover-zoom dt-pswp-item\" title=\"Segheria mobile (1)\" data-dt-img-description=\"\" data-large_image_width=\"960\" data-large_image_height=\"720\"href='https:\/\/www.radiopiu.net\/wordpress\/wp-content\/uploads\/2020\/10\/Segheria-mobile-1.jpeg'><img loading=\"lazy\" decoding=\"async\" width=\"150\" height=\"150\" src=\"https:\/\/www.radiopiu.net\/wordpress\/wp-content\/uploads\/2020\/10\/Segheria-mobile-1-150x150.jpeg\" class=\"attachment-thumbnail size-thumbnail\" alt=\"\" \/><\/a>\n\t\t\t\t<\/dt><\/dl><dl class='gallery-item'>\n\t\t\t\t<dt class='gallery-icon landscape'>\n\t\t\t\t\t<a class=\"rollover rollover-zoom dt-pswp-item\" title=\"Presentazione CASArmonica (3)\" data-dt-img-description=\"\" data-large_image_width=\"960\" data-large_image_height=\"720\"href='https:\/\/www.radiopiu.net\/wordpress\/wp-content\/uploads\/2020\/10\/Presentazione-CASArmonica-3.jpeg'><img loading=\"lazy\" decoding=\"async\" width=\"150\" height=\"150\" src=\"https:\/\/www.radiopiu.net\/wordpress\/wp-content\/uploads\/2020\/10\/Presentazione-CASArmonica-3-150x150.jpeg\" class=\"attachment-thumbnail size-thumbnail\" alt=\"\" \/><\/a>\n\t\t\t\t<\/dt><\/dl><dl class='gallery-item'>\n\t\t\t\t<dt class='gallery-icon portrait'>\n\t\t\t\t\t<a class=\"rollover rollover-zoom dt-pswp-item\" title=\"Clavicembalo Angelica Selmo\" data-dt-img-description=\"\" data-large_image_width=\"1536\" data-large_image_height=\"2048\"href='https:\/\/www.radiopiu.net\/wordpress\/wp-content\/uploads\/2020\/10\/Clavicembalo-Angelica-Selmo.jpeg'><img loading=\"lazy\" decoding=\"async\" width=\"150\" height=\"150\" src=\"https:\/\/www.radiopiu.net\/wordpress\/wp-content\/uploads\/2020\/10\/Clavicembalo-Angelica-Selmo-150x150.jpeg\" class=\"attachment-thumbnail size-thumbnail\" alt=\"\" \/><\/a>\n\t\t\t\t<\/dt><\/dl><br style=\"clear: both\" \/>\n\t\t\t<\/div>\n\n<p>&nbsp;<\/p>\n<hr \/>\n<p>&nbsp;<\/p>\n<blockquote>\n<h3>PROGETTO SALVA SCUOLA-AMBIENTE<\/h3>\n<\/blockquote>\n<p><strong>BELLUNO\u00a0<\/strong>L&#8217;Associazione Amici delle Scuole in Rete, in collaborazione con Le Scuole in Rete per un Mondo di Solidariet\u00e0 e Pace e l&#8217;Ufficio Scolastico Provinciale, lancia il progetto &#8220;Salvascuola-Salvambiente&#8221;, tramite il quale si cercher\u00e0 di portare nelle aule scolastiche della provincia due nuove tecnologie che permettono di sanificare le aule scolastiche dal nuovo coronavirus attraverso il risparmio energetico prodotto da una pi\u00f9 intelligente gestione del calore delle caldaie. Si tratta infatti di installare in tempi brevi nelle classi l\u2019innovativa tecnologia al plasma freddo, permette la sanificazione dell&#8217;aria in presenza degli studenti. E&#8217; una tecnologia che, gi\u00e0 sperimentata altrove in alcune grandi comunit\u00e0 come scuole, case di cura e residenze per anziani ha permesso di ridurre significativamente i giorni di malattia e quindi di ottenere anche dei notevoli ritorni economici. Vista l&#8217;urgenza, dovuta alla necessit\u00e0 di evitare la diffusione della pandemia e delle incombenti influenze stagionali nelle classi e a ricaduta nelle famiglie, si valuter\u00e0 se finanziare l&#8217;operazione attraverso l&#8217;affido ad una Energy Service Company, che potrebbe installare gratis il sanificatore nei locali scolastici, ripagandosi con i risparmi prodotti dall&#8217;installazione di innovativi strumenti di gestione del calore delle caldaie degli Istituti scolastici. Al termine dell&#8217;ammortamento, a costi zero per gli enti locali e le scuole, l&#8217;ulteriore risparmio e comunque i sanificatori resterebbero rispettivamente agli enti e agli Istituti scolastici.<\/p>\n<p>&nbsp;<\/p>\n<p>&nbsp;<\/p>\n<hr \/>\n<p>&nbsp;<\/p>\n<blockquote>\n<h3 style=\"text-align: center;\">&#8220;CAPACITANDO&#8221; PROGETTO PER I GIOVANI<\/h3>\n<\/blockquote>\n<p><strong><a class=\"dt-pswp-item\" href=\"https:\/\/www.radiopiu.net\/wordpress\/wp-content\/uploads\/2020\/10\/Da_Rold_Lucia.jpg\" data-dt-img-description=\"\" data-large_image_width=\"487\" data-large_image_height=\"649\"><img loading=\"lazy\" decoding=\"async\" class=\" wp-image-167650 alignleft\" src=\"https:\/\/www.radiopiu.net\/wordpress\/wp-content\/uploads\/2020\/10\/Da_Rold_Lucia-225x300.jpg\" alt=\"\" width=\"192\" height=\"256\" srcset=\"https:\/\/www.radiopiu.net\/wordpress\/wp-content\/uploads\/2020\/10\/Da_Rold_Lucia-225x300.jpg 225w, https:\/\/www.radiopiu.net\/wordpress\/wp-content\/uploads\/2020\/10\/Da_Rold_Lucia.jpg 487w\" sizes=\"auto, (max-width: 192px) 100vw, 192px\" \/><\/a>PONTE NELLE ALP<\/strong>I Il Comune di Ponte nelle Alpi \u00e8 capofila del progetto \u201cCapacitandosi\u201d per il biennio 2020-2021. Progetto che si inserisce nella programmazione dei Piani di intervento in materia di Politiche giovanili della Regione Veneto. Lo scopo \u00e8 quello di favorire la partecipazione attiva dei giovani dai 14 ai 19 anni, residenti nel territorio dell&#8217;Alto Bellunese. Oltre a Ponte nelle Alpi, partecipano al piano altri dieci Comuni: Belluno, Soverzene, Alpago, Val di Zoldo, Longarone, Limana, Agordo, Calalzo, Auronzo e Lorenzago. Senza considerare il partenariato dell\u2019Ulss 1 Dolomiti. Ogni Comune proporr\u00e0 degli interventi educativi ai ragazzi, i primi beneficiari delle varie azioni progettuali messe in campo.\u00a0 Dalle attivit\u00e0 occupazionali a quelle di primo approccio al mondo del lavoro, passando per il volontariato, le attivit\u00e0 formative e di prevenzione per arginare il fenomeno delle dipendenze, fino agli \u201ceducatori di strada\u201d.\u00a0 <em>\u00abIn pi\u00f9 &#8211; spiega la vice sindaca di Ponte nelle Alpi, Lucia Da Rold &#8211; si vuole promuovere un&#8217;azione in grado di unire tutti i Comuni che hanno aderito al progetto. Abbiamo pensato quindi di avviare una serie di laboratori diretti da artisti (fotografi, pittori\u2026) che consentano a chi risiede in zone diverse, e distanti, di condividere proiezioni sul futuro, attraverso la propria creativit\u00e0\u00bb.\u00a0 <\/em>Il finanziamento complessivo per svolgere la progettualit\u00e0 \u00e8 di 32.600 euro.<\/p>\n<p>&nbsp;<\/p>\n<p>&nbsp;<\/p>\n<hr \/>\n<blockquote>\n<h3>MAGGIORI INTROITI DAI PARCHEGGI DI FARRA E DAL CONTRIBUTO STRAORDINARIO PER LA FUSIONE<\/h3>\n<\/blockquote>\n<p><strong><a class=\"dt-pswp-item\" href=\"https:\/\/www.radiopiu.net\/wordpress\/wp-content\/uploads\/2018\/06\/LagoSantaCroce.jpg\" data-dt-img-description=\"\" data-large_image_width=\"500\" data-large_image_height=\"276\"><img loading=\"lazy\" decoding=\"async\" class=\" wp-image-50180 alignleft\" src=\"https:\/\/www.radiopiu.net\/wordpress\/wp-content\/uploads\/2018\/06\/LagoSantaCroce-300x166.jpg\" alt=\"\" width=\"247\" height=\"136\" srcset=\"https:\/\/www.radiopiu.net\/wordpress\/wp-content\/uploads\/2018\/06\/LagoSantaCroce-300x166.jpg 300w, https:\/\/www.radiopiu.net\/wordpress\/wp-content\/uploads\/2018\/06\/LagoSantaCroce.jpg 500w\" sizes=\"auto, (max-width: 247px) 100vw, 247px\" \/><\/a>ALPAGO<\/strong> I parcheggi di Farra hanno fatto registrare introiti per complessivi 180 mila euro (contro i 150 mila dello scorso anno). Si tratta di un record assoluto, effetto delle numerose presenze di questa estate in riva al lago di Santa Croce. I maggiori introiti verranno destinati dall\u2019Amministrazione al settore turistico ed in particolare alle manutenzioni e ad un nuovo sistema di gestione, pi\u00f9 agile e veloce, degli stessi parcheggi. I contributi straordinari per la fusione dei Comuni hanno portato nel bilancio altri 95 mila euro. <em>\u201cVa sottolineato, commenta l\u2019assessore al bilancio Alberto Peterle, che in questi 4 anni le premesse sono state interamente mantenute ed abbiamo incassato tutti i maggiori trasferimenti previsti per il processo di fusione dei Comuni.\u201d <\/em>\u00a050 mila euro sono stati destinati alla copertura dei maggiori costi di gestione delle scuole materne per garantire a tutte le famiglie rette invariate rispetto allo scorso anno; altri 35 mila euro sono stati destinati all\u2019acquisto della cucina per la nuova scuola materna. C\u2019\u00e8 spazio poi anche per un intervento in ambito storico e culturale: 8 mila euro\u00a0 per finanziare le indagini archeologiche sui siti di Pian de la Gnela e per un primo sondaggio archeologico condotto in collaborazione con il Comune di Ponte nelle Alpi, in seguito alla recente scoperta di una lamina, attribuita ad un tempio romano del I secolo d.c., sul monte Faverghera.<\/p>\n<p>&nbsp;<\/p>\n<p>&nbsp;<\/p>\n<p>&nbsp;<\/p>\n<hr \/>\n<\/div>\n<\/div>\n<\/div>\n<p>&nbsp;<\/p>\n<blockquote>\n<h3>Nuovo DPCM: a Longarone si sta pensando al Forum in digitale<\/h3>\n<\/blockquote>\n<p><strong><img loading=\"lazy\" decoding=\"async\" class=\"alignleft\" src=\"https:\/\/www.radiopiu.net\/wordpress\/wp-content\/uploads\/2018\/12\/Il-Gelato-delle-Dolomiti.jpg\" width=\"189\" height=\"126\" \/>LONGARONE<\/strong>\u00a0Fiere informa a malincuore che, a causa del recente Dpcm del 18 ottobre 2020 che <strong>sospende tutte le attivit\u00e0 congressuali e convegnistiche<\/strong>, anche il<strong> Forum della Gelateria<\/strong>, e tutte le iniziative in programma previste a Longarone nei giorni 1 e 2 dicembre 2020, non potr\u00e0 aver luogo. <em>&#8220;Peccato perch\u00e9 poteva essere una occasione importante di incontro, informazione e arricchimento culturale per il mondo del gelato in questo momento difficile per tutti. Longarone Fiere ringrazia Aziende, Associazioni, Gelatieri e tutte le persone coinvolte nell&#8217;iniziativa per la disponibilit\u00e0 dimostrata&#8221;.<\/em> si legge nella nota della direzione dell&#8217;ente fieristico che sta valutando la possibilit\u00e0 di proporre l&#8217;iniziativa in modalit\u00e0 digitale<\/p>\n<p>&nbsp;<\/p>\n<div class=\"im_message_outer_wrap hasselect\" data-msg-id=\"-2\">\n<div class=\"im_message_wrap clearfix\">\n<div class=\"im_content_message_wrap im_message_out\">\n<blockquote>\n<h3><\/h3>\n<\/blockquote>\n<\/div>\n<hr \/>\n<div class=\"im_content_message_wrap im_message_out\">\n<blockquote>\n<h3><\/h3>\n<h3>DOMENICA L&#8217;ASSEMBLEA ANNUALE DEL GAV<\/h3>\n<\/blockquote>\n<p><strong>AGORDO<\/strong> Domenica alle 11 nell&#8217;auditurium del centro parrocchiale Monsignor Vincenzo Savio assemblea annuale del GAV, Gruppo di Assistenza Volontaria. Tra i punti in dicussione dell&#8217;ordine del giorno a firma del presidente Sisto Da Roit: relazione 2019, bilancio consuntivo 2019 e preventivo 2020. Prima delle conclusioni l&#8217;intervento degli ospiti. Alle 10 nell&#8217;Arcidiaconale la messa in memoria dei volontari. A causa della pandemia covid il tradizionale pranzo \u00e8 invece annullato.<\/p>\n<p>SISTO DA ROIT AI MICROFONI DI RADIO PIU<\/p>\n<audio class=\"wp-audio-shortcode\" id=\"audio-167578-13\" preload=\"none\" style=\"width: 100%;\" controls=\"controls\"><source type=\"audio\/mpeg\" src=\"https:\/\/www.radiopiu.net\/wordpress\/wp-content\/uploads\/2020\/10\/SISTO.mp3?_=13\" \/><a href=\"https:\/\/www.radiopiu.net\/wordpress\/wp-content\/uploads\/2020\/10\/SISTO.mp3\">https:\/\/www.radiopiu.net\/wordpress\/wp-content\/uploads\/2020\/10\/SISTO.mp3<\/a><\/audio>\n<p>&nbsp;<\/p>\n<p>&nbsp;<\/p>\n<hr \/>\n<p>&nbsp;<\/p>\n<blockquote>\n<h3>ASCA CERCA PERSONALE<\/h3>\n<\/blockquote>\n<p><strong><a class=\"dt-pswp-item\" href=\"https:\/\/www.radiopiu.net\/wordpress\/wp-content\/uploads\/2020\/04\/ASCA.png\" data-dt-img-description=\"\" data-large_image_width=\"1211\" data-large_image_height=\"668\"><img loading=\"lazy\" decoding=\"async\" class=\"size-medium wp-image-128881 alignleft\" src=\"https:\/\/www.radiopiu.net\/wordpress\/wp-content\/uploads\/2020\/04\/ASCA-300x165.png\" alt=\"\" width=\"300\" height=\"165\" srcset=\"https:\/\/www.radiopiu.net\/wordpress\/wp-content\/uploads\/2020\/04\/ASCA-300x165.png 300w, https:\/\/www.radiopiu.net\/wordpress\/wp-content\/uploads\/2020\/04\/ASCA-1024x565.png 1024w, https:\/\/www.radiopiu.net\/wordpress\/wp-content\/uploads\/2020\/04\/ASCA-768x424.png 768w, https:\/\/www.radiopiu.net\/wordpress\/wp-content\/uploads\/2020\/04\/ASCA.png 1211w\" sizes=\"auto, (max-width: 300px) 100vw, 300px\" \/><\/a>AGORDO\u00a0<\/strong>ASCA ha indetto una nuova selezione pubblica finalizzata alla formulazione di una graduatoria di idoneit\u00e0 utile all\u2019inserimento a tempo indeterminato e a tempo pieno presso la RSA di Agordo di INFERMIERE. Le modalit\u00e0 di presentazione delle domande di entrambe le selezioni si trovano sulla home page del sito aziendale\u00a0<a href=\"http:\/\/www.servizisocialiasca.it\/\">www.servizisocialiasca.it<\/a>.<\/p>\n<p>&nbsp;<\/p>\n<p>&nbsp;<\/p>\n<hr \/>\n<blockquote><p>&nbsp;<\/p>\n<h3>BILANCIO ED ALIENAZIONE DI TERRENI<\/h3>\n<\/blockquote>\n<blockquote>\n<h3><strong style=\"font-size: 14px;\"><a class=\"dt-pswp-item\" href=\"https:\/\/www.radiopiu.net\/wordpress\/wp-content\/uploads\/2020\/06\/CANALE-DAGORDO-6.jpg\" data-dt-img-description=\"\" data-large_image_width=\"960\" data-large_image_height=\"720\"><img loading=\"lazy\" decoding=\"async\" class=\"wp-image-142143 alignleft\" src=\"https:\/\/www.radiopiu.net\/wordpress\/wp-content\/uploads\/2020\/06\/CANALE-DAGORDO-6-300x225.jpg\" alt=\"\" width=\"126\" height=\"94\" srcset=\"https:\/\/www.radiopiu.net\/wordpress\/wp-content\/uploads\/2020\/06\/CANALE-DAGORDO-6-300x225.jpg 300w, https:\/\/www.radiopiu.net\/wordpress\/wp-content\/uploads\/2020\/06\/CANALE-DAGORDO-6-768x576.jpg 768w, https:\/\/www.radiopiu.net\/wordpress\/wp-content\/uploads\/2020\/06\/CANALE-DAGORDO-6.jpg 960w\" sizes=\"auto, (max-width: 126px) 100vw, 126px\" \/><\/a><\/strong><\/h3>\n<\/blockquote>\n<p><strong>CANALE D&#8217;AGORDO <\/strong>Questa sera alle 20.05 consiglio comunale a porte chiuse in sala Musal. All&#8217;ordine del giorno: variazione al bilancio, criteri per il riconoscimento dei compensi al personale dipendente per le attivit\u00e0 di rilevazione, bilancio di previsione e istanza di alienazione di alcuni terreni d&#8217;uso civico in localit\u00e0 La Sota. Il consiglio comunale sar\u00e0 trasmesso in diretta facebook sulle pagine di RADIO PIU&#8217;<\/p>\n<p>&nbsp;<\/p>\n<p>&nbsp;<\/p>\n<hr \/>\n<blockquote>\n<h3><\/h3>\n<h3>RICORDO DI DON SERGIO MANFROI<\/h3>\n<\/blockquote>\n<p><strong>BELLUNO<\/strong> 22^ edizione della Rassegna di Musica Sacra, alla memoria di Monsignor Sergio Manfroi La prima delle tre serate \u00e8 in programma sabato alle 20.45 nella Basilica Cattedrale di S. Martino a Belluno con: il Coro Polifonico del Centro Turistico Giovanile di Belluno, diretto dal maestro Sebastiano Sitta, ed il Coro Femminile \u201cVocincanto\u201d di Feltre, diretto dal maestro Francesco Lorenzo Luciani.<\/p>\n<p>&nbsp;<\/p>\n<hr \/>\n<p>&nbsp;<\/p>\n<blockquote>\n<h3>L&#8217;EX TEMPORE A SOCCHER<\/h3>\n<\/blockquote>\n<p><strong>PONTE NELLE ALPI\u00a0 <\/strong>Fino a<span style=\"color: #000000; font-family: Helvetica;\"> domani \u00e8 in programma l\u2019Ex tempore di pittura: \u201cSu e gi\u00f9 per le nostre frazioni\u201d. In particolare, per una frazione: quella di Soccher. \u00a0<\/span><span style=\"color: #000000; font-family: Helvetica;\">La regia \u00e8 dell&#8217;Istituto comprensivo di Ponte nelle Alpi. L<\/span><span style=\"color: #000000; font-family: Helvetica;\">a prossima settimana entrer\u00e0 in scena Vico Calabr\u00f2 che realizzer\u00e0 un affresco insieme ai ragazzi e alle ragazze delle medie. L&#8217;opera prender\u00e0 forma a Paiane, nello stabile che ospita la sede della frazione e degli Amici della musica<\/span><span style=\"color: #000000; font-family: Helvetica;\">.<\/span><\/p>\n<p>&nbsp;<\/p>\n<p>&nbsp;<\/p>\n<hr \/>\n<blockquote>\n<h3><\/h3>\n<h3>SELEZIONE EYEWEAR PRODUCT MANAGER<\/h3>\n<\/blockquote>\n<p><strong>LONGARONE<\/strong>\u00a0 Una prova scritta e un colloquio orale serviranno a selezionare gli ultimi partecipanti alla 7\u00b0 edizione del corso Its Academy per eyewear product manager che inizier\u00e0 entro met\u00e0 novembre. L\u2019appuntamento con questa seconda tornata di test \u00e8 fissato a oggi alle 14.30 per lo scritto, mentre gli orari saranno stabiliti su appuntamento.\u00a0 \u00a0Info: 0437 573157, oppure via mail a formazione@certottica.it.<\/p>\n<p>&nbsp;<\/p>\n<p>&nbsp;<\/p>\n<hr \/>\n<blockquote>\n<h3><\/h3>\n<h3>\u00a0FAMIGLIA EX-EMIGRANTI AGORDINI<\/h3>\n<\/blockquote>\n<p><strong>CENCENIGHE<\/strong> La Presidente Lucia De Toffol Macutan\u00a0 rende noto a tutti i soci che a causa della pandemia Covid 19, tutte le manifestazioni in programma per il corrente anno 2020 sono state rinviate al prossimo anno 2021. Pertanto anche il consueto \u201cporta a porta\u201d per il rinnovo dell\u2019abbonamento al mensile \u201cBellunesi nel mondo\u201d per l\u2019anno 2021 non verr\u00e0 effettuato<\/p>\n<div>\n<div>\n<div>\n<div>\n<div>\n<div>\n<div>\n<div>\n<div>\n<div>\n<div>\n<div>\n<div>\n<div>\n<div>\n<div>\n<div>\n<div>\n<div>\n<div>\n<div>\n<div>\n<div>\n<div>\n<div>\n<div>\n<div>\n<blockquote>\n<h3><\/h3>\n<\/blockquote>\n<\/div>\n<\/div>\n<\/div>\n<\/div>\n<\/div>\n<\/div>\n<\/div>\n<\/div>\n<\/div>\n<\/div>\n<\/div>\n<\/div>\n<\/div>\n<\/div>\n<\/div>\n<\/div>\n<\/div>\n<\/div>\n<\/div>\n<\/div>\n<\/div>\n<\/div>\n<\/div>\n<\/div>\n<\/div>\n<\/div>\n<\/div>\n<p>&nbsp;<\/p>\n<p>&nbsp;<\/p>\n<hr \/>\n<p>&nbsp;<\/p>\n<blockquote>\n<h3>SOSPESO IL CORSO, PETTIROSSO AGORDINO SI VALUTA LA POSSIBILITA&#8217; &#8220;A DISTANZA&#8221;<\/h3>\n<\/blockquote>\n<p><strong class=\"photoswipe-wrapper\"><a class=\"dt-pswp-item pspw-wrap-ready\" href=\"https:\/\/i2.wp.com\/www.radiopiu.net\/wordpress\/wp-content\/uploads\/2016\/03\/cucc-pettirosso-15.jpg?ssl=1\" data-dt-img-description=\"\" data-large_image_width=\"400\" data-large_image_height=\"200\"><img loading=\"lazy\" decoding=\"async\" class=\" wp-image-17194 alignleft\" src=\"https:\/\/i2.wp.com\/www.radiopiu.net\/wordpress\/wp-content\/uploads\/2016\/03\/cucc-pettirosso-15.jpg?resize=234%2C117&amp;ssl=1\" sizes=\"auto, (max-width: 234px) 100vw, 234px\" srcset=\"https:\/\/i2.wp.com\/www.radiopiu.net\/wordpress\/wp-content\/uploads\/2016\/03\/cucc-pettirosso-15.jpg?resize=300%2C150&amp;ssl=1 300w, https:\/\/i2.wp.com\/www.radiopiu.net\/wordpress\/wp-content\/uploads\/2016\/03\/cucc-pettirosso-15.jpg?w=400&amp;ssl=1 400w\" alt=\"\" width=\"234\" height=\"117\" data-recalc-dims=\"1\" \/><\/a>AGORDO<\/strong> Il nuovo DPCM \u00a0fa sospendere il corso. Oggi niente serata. L&#8217;associazione valuta il futuro, se riuscir\u00e0\u00a0a proseguire in modalit\u00e0 videoconferenza (zoom)<\/p>\n<p>&nbsp;<\/p>\n<p>&nbsp;<\/p>\n<hr \/>\n<p>&nbsp;<\/p>\n<blockquote>\n<h3>SPETTACOLI DI MISTERO DELLE PROLOCO BELLUNESI<\/h3>\n<\/blockquote>\n<p><strong>SOSPIROLO <\/strong>Ritorna la rassegna \u201cVeneto, spettacoli di mistero\u201d, promossa dall\u2019Unpli Belluno. Domani primo evento \u201cCastelli perduti e draghi dimenticati\u201d, passeggiata serale per le vie del centro storico di Belluno alla riscoperta della storia del Capoluogo. La partenza \u00e8 da Piazza Martiri alle 17.45 e alle 19.\u00a0 Sabato nel pomeriggio\u00a0 \u201cPresenze nei boschi, rumori lungo il Mis\u2026\u201d della Pro loco \u201cMonti del Sole\u201d di Sospirolo. Alle 20.30 a Mel di Borgo Valbelluna nella ex chiesa di San Pietro spettacolo teatrale con monologhi e riflessioni\u00a0 di Giorgio Dell\u2019Osta e Giulia Fretuti. Sabato a Trichiana \u201cCavarnere, voci e silenzi dai boschi\u201d, passeggiata di 4,5 km con partenza e arrivo area turistica di Melere in tre gruppi alle ore 17.10, 18.20 e 19.30.<\/p>\n<p>&nbsp;<\/p>\n<p>&nbsp;<\/p>\n<p>&nbsp;<\/p>\n<hr \/>\n<p>&nbsp;<\/p>\n<blockquote>\n<h3>VIDEO CONFERENZA CGIL SULLA SANIT\u00c0 CONTEMPORANEA<\/h3>\n<\/blockquote>\n<p><strong><a class=\"dt-pswp-item\" href=\"https:\/\/www.radiopiu.net\/wordpress\/wp-content\/uploads\/2020\/10\/NUOVA-LOCANDINA-BL_Sanita_26-ottobre_2020.jpg\" data-dt-img-description=\"\" data-large_image_width=\"1407\" data-large_image_height=\"1921\"><img loading=\"lazy\" decoding=\"async\" class=\" wp-image-167738 alignleft\" src=\"https:\/\/www.radiopiu.net\/wordpress\/wp-content\/uploads\/2020\/10\/NUOVA-LOCANDINA-BL_Sanita_26-ottobre_2020-220x300.jpg\" alt=\"\" width=\"136\" height=\"186\" srcset=\"https:\/\/www.radiopiu.net\/wordpress\/wp-content\/uploads\/2020\/10\/NUOVA-LOCANDINA-BL_Sanita_26-ottobre_2020-220x300.jpg 220w, https:\/\/www.radiopiu.net\/wordpress\/wp-content\/uploads\/2020\/10\/NUOVA-LOCANDINA-BL_Sanita_26-ottobre_2020-750x1024.jpg 750w, https:\/\/www.radiopiu.net\/wordpress\/wp-content\/uploads\/2020\/10\/NUOVA-LOCANDINA-BL_Sanita_26-ottobre_2020-768x1049.jpg 768w, https:\/\/www.radiopiu.net\/wordpress\/wp-content\/uploads\/2020\/10\/NUOVA-LOCANDINA-BL_Sanita_26-ottobre_2020-1125x1536.jpg 1125w, https:\/\/www.radiopiu.net\/wordpress\/wp-content\/uploads\/2020\/10\/NUOVA-LOCANDINA-BL_Sanita_26-ottobre_2020.jpg 1407w\" sizes=\"auto, (max-width: 136px) 100vw, 136px\" \/><\/a>BELLUNO <\/strong>\u00c8 in programma per luned\u00ec 26 ottobre la videoconferenza organizzata dalla CGIL sulla &#8220;Sanit\u00e0 Contemporanea&#8221;.\u00a0L&#8217;iniziativa\u00a0 intende discutere sullo stato della sanit\u00e0 Veneta e Bellunese, partendo dall&#8217;analisi dei dati della Ricerca IRES (anche se non interamente completata) che sar\u00e0 illustrata da Barbara Bonvento . Dopo le relazioni di interpretazione della situazione socio-sanitaria del territorio bellunese, interverranno Il D. G: della ULSS Dolomiti &#8211; Adriano Rasi Caldogno, e il presidente della conferenza dei sindaci della setssa ULSS- Paolo Perenzin. \u00a0La conclusione \u00e8 affidata al segr. Gen CGIL Veneto Christian Ferrari.<\/p>\n<p>&nbsp;<\/p>\n<p>&nbsp;<\/p>\n<hr \/>\n<p>&nbsp;<\/p>\n<blockquote>\n<h3>IERI ALLA RADIO, YESWE NET<\/h3>\n<\/blockquote>\n<blockquote><p><strong><a class=\"dt-pswp-item\" href=\"https:\/\/www.radiopiu.net\/wordpress\/wp-content\/uploads\/2020\/10\/unnamed-1.jpg\" data-dt-img-description=\"\" data-large_image_width=\"512\" data-large_image_height=\"291\"><img loading=\"lazy\" decoding=\"async\" class=\"wp-image-167630 alignleft\" src=\"https:\/\/www.radiopiu.net\/wordpress\/wp-content\/uploads\/2020\/10\/unnamed-1-300x171.jpg\" alt=\"\" width=\"177\" height=\"101\" srcset=\"https:\/\/www.radiopiu.net\/wordpress\/wp-content\/uploads\/2020\/10\/unnamed-1-300x171.jpg 300w, https:\/\/www.radiopiu.net\/wordpress\/wp-content\/uploads\/2020\/10\/unnamed-1.jpg 512w\" sizes=\"auto, (max-width: 177px) 100vw, 177px\" \/><\/a>di Claudio Fontanive<\/strong><\/p><\/blockquote>\n<p>Ospite: Fabio Sagarriga Visconti<\/p>\n<p>&nbsp;<\/p>\n<p>&nbsp;<\/p>\n<audio class=\"wp-audio-shortcode\" id=\"audio-167578-14\" preload=\"none\" style=\"width: 100%;\" controls=\"controls\"><source type=\"audio\/mpeg\" src=\"https:\/\/www.radiopiu.net\/wordpress\/wp-content\/uploads\/2020\/10\/yes-we-net-fabio-sagarriga-visconti.mp3?_=14\" \/><a href=\"https:\/\/www.radiopiu.net\/wordpress\/wp-content\/uploads\/2020\/10\/yes-we-net-fabio-sagarriga-visconti.mp3\">https:\/\/www.radiopiu.net\/wordpress\/wp-content\/uploads\/2020\/10\/yes-we-net-fabio-sagarriga-visconti.mp3<\/a><\/audio>\n<p>&nbsp;<\/p>\n<p>&nbsp;<\/p>\n<hr \/>\n<h2><span style=\"color: #ff0000;\">IERI ALLA RADIO<\/span><\/h2>\n<p><strong>IL RITORNO DI IN VIVO VERSO, LA SESTA STAGIONE, PRIMA SETTIMANA DA UN&#8217;IDEA DI BRUNELLA MORO:<\/strong>\u00a0 questa settimana Antonietta Crepaz, Gisella Canzian, Lorella De Bon. Marco V. Dal Farra\u00a0 e Mariano Grossi.<\/p>\n<p><strong><span style=\"color: #0000ff;\">IN ONDA DAL LUNEDI AL VENERDI ALLE 7.10, 10.10, 18.50<\/span><\/strong><\/p>\n<blockquote class=\"wp-embedded-content\" data-secret=\"FFUTH56ZWw\"><p><a href=\"https:\/\/www.radiopiu.net\/wordpress\/uno-strappo-nellaria-di-lorella-de-bon\/\">UNO STRAPPO NELL&#8217;ARIA di LORELLA DE BON<\/a><\/p><\/blockquote>\n<p><iframe loading=\"lazy\" class=\"wp-embedded-content\" sandbox=\"allow-scripts\" security=\"restricted\" style=\"position: absolute; clip: rect(1px, 1px, 1px, 1px);\" title=\"&#8220;UNO STRAPPO NELL&#8217;ARIA di LORELLA DE BON&#8221; &#8212; Radio Pi\u00f9\" src=\"https:\/\/www.radiopiu.net\/wordpress\/uno-strappo-nellaria-di-lorella-de-bon\/embed\/#?secret=FFUTH56ZWw\" data-secret=\"FFUTH56ZWw\" width=\"600\" height=\"338\" frameborder=\"0\" marginwidth=\"0\" marginheight=\"0\" scrolling=\"no\"><\/iframe><\/p>\n<\/div>\n<\/div>\n<p><span style=\"font-family: Verdana, sans-serif;\"><span style=\"font-size: medium;\">LA RACCOLTA COMPLETA, TUTTE LE COLLEZIONI<\/span><\/span><\/p>\n<blockquote class=\"wp-embedded-content\" data-secret=\"GtB0ObgbF4\"><p><a href=\"https:\/\/www.radiopiu.net\/wordpress\/in-vivo-verso\/\">In Vivo Verso<\/a><\/p><\/blockquote>\n<p><iframe loading=\"lazy\" class=\"wp-embedded-content\" sandbox=\"allow-scripts\" security=\"restricted\" style=\"position: absolute; clip: rect(1px, 1px, 1px, 1px);\" title=\"&#8220;In Vivo Verso&#8221; &#8212; Radio Pi\u00f9\" src=\"https:\/\/www.radiopiu.net\/wordpress\/in-vivo-verso\/embed\/#?secret=GtB0ObgbF4\" data-secret=\"GtB0ObgbF4\" width=\"600\" height=\"338\" frameborder=\"0\" marginwidth=\"0\" marginheight=\"0\" scrolling=\"no\"><\/iframe><\/p>\n<hr \/>\n<p>&nbsp;<\/p>\n<blockquote class=\"wp-embedded-content\" data-secret=\"x43rLFo4B6\"><p><a href=\"https:\/\/www.radiopiu.net\/wordpress\/dillo-a-radio-piu-infrastrutture-fisiche-e-digitali-per-la-mobilita\/\">DILLO A RADIO PI\u00d9&#8230;INFRASTRUTTURE FISICHE E DIGITALI PER LA MOBILIT\u00c0<\/a><\/p><\/blockquote>\n<p><iframe loading=\"lazy\" class=\"wp-embedded-content\" sandbox=\"allow-scripts\" security=\"restricted\" style=\"position: absolute; clip: rect(1px, 1px, 1px, 1px);\" title=\"&#8220;DILLO A RADIO PI\u00d9&#8230;INFRASTRUTTURE FISICHE E DIGITALI PER LA MOBILIT\u00c0&#8221; &#8212; Radio Pi\u00f9\" src=\"https:\/\/www.radiopiu.net\/wordpress\/dillo-a-radio-piu-infrastrutture-fisiche-e-digitali-per-la-mobilita\/embed\/#?secret=x43rLFo4B6\" data-secret=\"x43rLFo4B6\" width=\"600\" height=\"338\" frameborder=\"0\" marginwidth=\"0\" marginheight=\"0\" scrolling=\"no\"><\/iframe><\/p>\n<p>&nbsp;<\/p>\n<hr \/>\n<p>&nbsp;<\/p>\n<blockquote>\n<h3>AL CENTRO GIOVANNI XXIII GIORNATA PER IL \u201cDIALOGO CRISTIANO ISLAMICO\u201d<\/h3>\n<\/blockquote>\n<p><strong>di\u00a0Renato Bona\u00a0<\/strong><\/p>\n<p><strong>BELLUNO <\/strong>Torna sabato 24 &#8211; con alcuni giorni di anticipo per la Diocesi di Belluno-Feltre sulla classica data del 27 ottobre &#8211; la \u201cGiornata per il dialogo cristiano islamico\u201d che quest\u2019anno avr\u00e0 per tema: \u201cFratelli tutti, costruiamo una sola umanit\u00e0\u201d, anche nel ricordo della classica data che fu scelta 19 anni fa per la cadenza annuale, \u201cnel giorno in cui, in un lontano ma indimenticabile 1986 &#8211; come scrive don Giuseppe Bratti sul sito diocesano \u201cchiesabellunofeltre\u201d \u2013 ad Assisi Giovanni Paolo II, poi Santo, e i rappresentanti delle varie confessioni cristiane e religiosi si radunarono per pregare insieme per la pace\u201d. Ancora dal sito: \u201cIl titolo bellunese, individuato dal gruppo di musulmani e cristiani che organizza la giornata, aggiunge allo slogan nazionale \u2018costruiamo una sola umanit\u00e0\u2019 la citazione dell\u2019ultima enciclica di Papa Francesco\u201d. \u2018Fratelli tutti\u2019, firmata ancora una volta ad Assisi e diffusa il 4 ottobre, \u201c\u00e8 il frutto di una lunga storia che vede oggi Papa Bergoglio assumere lo sguardo del buon samaritano che non volge lo sguardo Altrove dalle piaghe di chi \u00e8 stato assalito da briganti, ma le sa riconoscere per chinarsi su di esse e curarlo\u201d. Lo stesso Pontefice d\u00e0 alle religioni il ruolo di essere al servizio della fraternit\u00e0 nel mondo, sulla base, di un testo, ancora una volta, di Giovanni Paolo II per il quale se non esiste una verit\u00e0 trascendente, obbedendo alla quale l\u2019uomo acquista la sua piena identit\u00e0, allora non esiste nessun principio sicuro che garantisca giusti rapporti tra gli uomini\u2026 Cercare Dio con cuore sincero, purch\u00e9 non lo offuschiamo con i nostri interessi ideologici e strumentali, ci aiuta a riconoscerci compagni di strada veramente fratelli\u201d. Si annuncia che per quanto riguarda Belluno-Feltre, a riflettere sul tema \u2013 grazie al collegamento su piattaforma \u2013 saranno Michele Zanzucchi, del Movimento dei Focolari, gi\u00e0 direttore della rivista \u201cCitt\u00e0 Nuova\u201d e del sito <a href=\"https:\/\/l.facebook.com\/l.php?u=http%3A%2F%2Fwww.cittanuova.it%2F%3Ffbclid%3DIwAR2LEJbHPMnTT-JxNPzG9Vr0K-Hitt9kNHM10AzONQ3KOHYBTrAZVAEmi44&amp;h=AT2nN1RS0-yMLjKYVnOd6AGH1iB9GWbltGeDSzXj7Ix5GGYg1jJ8ksuZw-QCyU9nDgdaP9rWQvSguzokb-YpbAhT6zJQ-jZsAB57drlAWjZlrbpL1ctxXAJusk9L31t05XR5VWAq\" target=\"_blank\" rel=\"nofollow noopener noreferrer\" data-lynx-mode=\"hover\">www.cittanuova.it<\/a>, e docente di comunicazione all\u2019Universit\u00e0 Sophia di Loppiano e alla Pontificia universit\u00e0 Gregoriana oltre che autore di una quarantina di volumi; e Adnane Mokrani, originario della Tunisia, docente aggregato di missiologia alla Pontificia Universit\u00e0 Gregoriana. Dalle loro residenze si collegheranno con la sala-teatro del centro diocesano Giovanni XXIII di Belluno dove l\u2019incontro sar\u00e0 aperto a tutti (secondo le attuali norme sulla pandemia) dalle 15,30 alle 17,30 di sabato 24 (\u00e8 necessario iscriversi scrivendo all\u2019indirizzo e-mail: ud.ecumenismo@chiesabellunofeltre.it oppure con un messaggio Whatsapp al numero 333 . 6782427).\u00a0E a proposito di preghiere per la pace: successo del grande evento di fraternit\u00e0 dell\u2019altro pomeriggio, con i leader delle religioni all\u2019Ara Coeli e in Campidoglio a lanciare appelli per la pace nel mondo e Papa Francesco a sottolineare ancora una volta che \u201cla guerra \u00e8 il fallimento della politica e dell\u2019umanit\u00e0\u201d.\u00a0In chiusura torniamo brevemente sulla nuova enciclica di Papa Francesco con la libera enciclopedia Wikipedia che in proposito ricorda che \u201cE\u2019 dedicata alla fraternit\u00e0 e all\u2019amicizia sociale. Un documento che rimarca ancora una volta, l\u2019attenzione del Pontefice verso ogni donna e uomo. Come sottolinea Alessandra Smerilli nella Guida alla lettura di questa edizione, Francesco denuncia con forza la cultura dell\u2019indifferenza e dello scarto e invita a guardare il mondo a partire dalle periferie, quelle economiche, materiali ed esistenziali. Come gi\u00e0 avvenuto per altri documenti del Pontefice, anche \u2018Fratelli tutti\u2019 si lascia ispirare dalla capacit\u00e0 di dialogo e dalla fraternit\u00e0 che hanno caratterizzato la vita e la missione di san Francesco. Questa edizione, oltre alla Guida alla lettura, contiene un ricco apparato di indici a cura di Giuliano Vigini. Sogniamo come un\u2019unica umanit\u00e0, come viandanti fatti della stessa carne umana, come figli di questa stessa terra che ospita tutti noi, ciascuno con la ricchezza della sua fede o delle sue convinzioni, ciascuno con la propria voce, tutti fratelli\u201d.<\/p>\n\n\t\t\t<style type='text\/css'>\n\t\t\t\t#gallery-6 {\n\t\t\t\t\tmargin: auto;\n\t\t\t\t}\n\t\t\t\t#gallery-6 .gallery-item {\n\t\t\t\t\tfloat: left;\n\t\t\t\t\tmargin-top: 10px;\n\t\t\t\t\ttext-align: center;\n\t\t\t\t\twidth: 16%;\n\t\t\t\t}\n\t\t\t\t#gallery-6 img {\n\t\t\t\t\tborder: 2px solid #cfcfcf;\n\t\t\t\t}\n\t\t\t\t#gallery-6 .gallery-caption {\n\t\t\t\t\tmargin-left: 0;\n\t\t\t\t}\n\t\t\t\t\/* see gallery_shortcode() in wp-includes\/media.php *\/\n\t\t\t<\/style>\n\t\t<div id='gallery-6' class='dt-gallery-container gallery galleryid-167578 gallery-columns-6 gallery-size-thumbnail'><dl class='gallery-item'>\n\t\t\t\t<dt class='gallery-icon portrait'>\n\t\t\t\t\t<a class=\"rollover rollover-zoom dt-pswp-item\" title=\"122336557_362285391855820_5380421858473128808_n\" data-dt-img-description=\"\" data-large_image_width=\"502\" data-large_image_height=\"687\"href='https:\/\/www.radiopiu.net\/wordpress\/wp-content\/uploads\/2020\/10\/122336557_362285391855820_5380421858473128808_n.jpg'><img loading=\"lazy\" decoding=\"async\" width=\"150\" height=\"150\" src=\"https:\/\/www.radiopiu.net\/wordpress\/wp-content\/uploads\/2020\/10\/122336557_362285391855820_5380421858473128808_n-150x150.jpg\" class=\"attachment-thumbnail size-thumbnail\" alt=\"\" \/><\/a>\n\t\t\t\t<\/dt><\/dl><dl class='gallery-item'>\n\t\t\t\t<dt class='gallery-icon portrait'>\n\t\t\t\t\t<a class=\"rollover rollover-zoom dt-pswp-item\" title=\"122324219_268261914550427_339895511165523444_n\" data-dt-img-description=\"\" data-large_image_width=\"249\" data-large_image_height=\"396\"href='https:\/\/www.radiopiu.net\/wordpress\/wp-content\/uploads\/2020\/10\/122324219_268261914550427_339895511165523444_n.jpg'><img loading=\"lazy\" decoding=\"async\" width=\"150\" height=\"150\" src=\"https:\/\/www.radiopiu.net\/wordpress\/wp-content\/uploads\/2020\/10\/122324219_268261914550427_339895511165523444_n-150x150.jpg\" class=\"attachment-thumbnail size-thumbnail\" alt=\"\" \/><\/a>\n\t\t\t\t<\/dt><\/dl><dl class='gallery-item'>\n\t\t\t\t<dt class='gallery-icon landscape'>\n\t\t\t\t\t<a class=\"rollover rollover-zoom dt-pswp-item\" title=\"122344780_426784575391386_5281628764580636193_n\" data-dt-img-description=\"\" data-large_image_width=\"1024\" data-large_image_height=\"682\"href='https:\/\/www.radiopiu.net\/wordpress\/wp-content\/uploads\/2020\/10\/122344780_426784575391386_5281628764580636193_n.jpg'><img loading=\"lazy\" decoding=\"async\" width=\"150\" height=\"150\" src=\"https:\/\/www.radiopiu.net\/wordpress\/wp-content\/uploads\/2020\/10\/122344780_426784575391386_5281628764580636193_n-150x150.jpg\" class=\"attachment-thumbnail size-thumbnail\" alt=\"\" \/><\/a>\n\t\t\t\t<\/dt><\/dl><dl class='gallery-item'>\n\t\t\t\t<dt class='gallery-icon landscape'>\n\t\t\t\t\t<a class=\"rollover rollover-zoom dt-pswp-item\" title=\"122336960_760125764716242_7975481997455146134_n\" data-dt-img-description=\"\" data-large_image_width=\"302\" data-large_image_height=\"191\"href='https:\/\/www.radiopiu.net\/wordpress\/wp-content\/uploads\/2020\/10\/122336960_760125764716242_7975481997455146134_n.jpg'><img loading=\"lazy\" decoding=\"async\" width=\"150\" height=\"150\" src=\"https:\/\/www.radiopiu.net\/wordpress\/wp-content\/uploads\/2020\/10\/122336960_760125764716242_7975481997455146134_n-150x150.jpg\" class=\"attachment-thumbnail size-thumbnail\" alt=\"\" \/><\/a>\n\t\t\t\t<\/dt><\/dl><dl class='gallery-item'>\n\t\t\t\t<dt class='gallery-icon portrait'>\n\t\t\t\t\t<a class=\"rollover rollover-zoom dt-pswp-item\" title=\"122400435_428751591442981_7477911324306354194_n\" data-dt-img-description=\"\" data-large_image_width=\"98\" data-large_image_height=\"128\"href='https:\/\/www.radiopiu.net\/wordpress\/wp-content\/uploads\/2020\/10\/122400435_428751591442981_7477911324306354194_n.png'><img loading=\"lazy\" decoding=\"async\" width=\"98\" height=\"128\" src=\"https:\/\/www.radiopiu.net\/wordpress\/wp-content\/uploads\/2020\/10\/122400435_428751591442981_7477911324306354194_n.png\" class=\"attachment-thumbnail size-thumbnail\" alt=\"\" \/><\/a>\n\t\t\t\t<\/dt><\/dl><dl class='gallery-item'>\n\t\t\t\t<dt class='gallery-icon portrait'>\n\t\t\t\t\t<a class=\"rollover rollover-zoom dt-pswp-item\" title=\"122199843_3687819597918687_3564845624144358451_n\" data-dt-img-description=\"\" data-large_image_width=\"120\" data-large_image_height=\"178\"href='https:\/\/www.radiopiu.net\/wordpress\/wp-content\/uploads\/2020\/10\/122199843_3687819597918687_3564845624144358451_n.jpg'><img loading=\"lazy\" decoding=\"async\" width=\"120\" height=\"150\" src=\"https:\/\/www.radiopiu.net\/wordpress\/wp-content\/uploads\/2020\/10\/122199843_3687819597918687_3564845624144358451_n-120x150.jpg\" class=\"attachment-thumbnail size-thumbnail\" alt=\"\" \/><\/a>\n\t\t\t\t<\/dt><\/dl><br style=\"clear: both\" \/>\n\t\t\t<\/div>\n\n<p>NELLE FOTO (sito chiesabellunofeltre, Avvenire e Google): la copertina della lettera-enciclica di Papa Francesco sulla fraternit\u00e0 e l\u2019amicizia sociale; Papa Bergoglio; il Pontefice in Campidoglio accende un cero per la pace nel mondo; la sala-teatro del centro diocesano bellunese Giovanni XXIII che ospiter\u00e0 la \u201cGiornata per il dialogo cristiano islamico\u201d; il prof. Michele Zanzucchi; il prof. Adnane Mokrani.<\/p>\n<p>&nbsp;<\/p>\n<p>&nbsp;<\/p>\n<hr \/>\n<p>&nbsp;<\/p>\n<div class=\"im_message_wrap clearfix\">\n<div class=\"im_content_message_wrap im_message_out\">\n<p><a class=\"dt-pswp-item\" href=\"https:\/\/www.radiopiu.net\/wordpress\/wp-content\/uploads\/2018\/09\/appuntamenti.jpeg\" data-dt-img-description=\"\" data-large_image_width=\"800\" data-large_image_height=\"100\"><img loading=\"lazy\" decoding=\"async\" class=\"aligncenter wp-image-61958 size-full\" src=\"https:\/\/www.radiopiu.net\/wordpress\/wp-content\/uploads\/2018\/09\/appuntamenti.jpeg\" alt=\"\" width=\"800\" height=\"100\" srcset=\"https:\/\/www.radiopiu.net\/wordpress\/wp-content\/uploads\/2018\/09\/appuntamenti.jpeg 800w, https:\/\/www.radiopiu.net\/wordpress\/wp-content\/uploads\/2018\/09\/appuntamenti-300x38.jpeg 300w, https:\/\/www.radiopiu.net\/wordpress\/wp-content\/uploads\/2018\/09\/appuntamenti-768x96.jpeg 768w\" sizes=\"auto, (max-width: 800px) 100vw, 800px\" \/><\/a><\/p>\n<p>&nbsp;<\/p>\n<div><strong>CHIES D&#8217;ALPAGO<\/strong> Domenica 25 ottobre 70^ giornata del ringraziamento agricolo, alle 9 arrivo trattoristi, 9.30 messa con il Vescovo o suo delegato, 10.30 benedizione macchine agricole e animali 10.45 interventi delle autorit\u00e0 11 sfilata trattori e animali 12.00 momento conviviale.<\/div>\n<div><\/div>\n<div><strong>AGORDO<\/strong> &#8220;Il paesaggio alpino nell&#8217;arte&#8221; \u00e8 il titolo delle conferenza in programma domani alle 18 in sala Don Tamis, con l&#8217;occasione sar\u00e0 inaugurata la mostra che rimarr\u00e0 aperta fino al 1 novembre. Si tratta di un racconto fotografico della trasformazione del paesaggio alpino nell&#8217;arte. <a class=\"dt-pswp-item\" href=\"https:\/\/www.radiopiu.net\/wordpress\/wp-content\/uploads\/2020\/10\/13Quartetto-di-Venezia.jpg\" data-dt-img-description=\"\" data-large_image_width=\"1920\" data-large_image_height=\"1080\"><img loading=\"lazy\" decoding=\"async\" class=\"size-medium wp-image-167231 alignright\" src=\"https:\/\/www.radiopiu.net\/wordpress\/wp-content\/uploads\/2020\/10\/13Quartetto-di-Venezia-300x169.jpg\" alt=\"\" width=\"300\" height=\"169\" srcset=\"https:\/\/www.radiopiu.net\/wordpress\/wp-content\/uploads\/2020\/10\/13Quartetto-di-Venezia-300x169.jpg 300w, https:\/\/www.radiopiu.net\/wordpress\/wp-content\/uploads\/2020\/10\/13Quartetto-di-Venezia-1024x576.jpg 1024w, https:\/\/www.radiopiu.net\/wordpress\/wp-content\/uploads\/2020\/10\/13Quartetto-di-Venezia-768x432.jpg 768w, https:\/\/www.radiopiu.net\/wordpress\/wp-content\/uploads\/2020\/10\/13Quartetto-di-Venezia-1536x864.jpg 1536w, https:\/\/www.radiopiu.net\/wordpress\/wp-content\/uploads\/2020\/10\/13Quartetto-di-Venezia.jpg 1920w\" sizes=\"auto, (max-width: 300px) 100vw, 300px\" \/><\/a>Ingresso libero, da un&#8217;idea degli Architetti dell&#8217;Arco Alpino.<\/div>\n<div><\/div>\n<div>\n<p><strong>BELLUNO<\/strong> Il Quartetto di Venezia (foto)\u00a0 si esibir\u00e0 domani alle 20.30 in Sala Giovanni XXIII per iniziativa del Circolo Culturale Bellunese. Prenotazione\u00a0 obbligatoria, allo 0437 940407, e-mail: info@alpebellunese.it. Ingresso: interi 20 euro, soci 15, studenti 5.<\/p>\n<p><strong>AGORDO\u00a0<\/strong>Pc Ranch Young Team e Aics Belluno organizzano un corso di ginnastica-coordinazione-ritmo volteggio (foto). Tutti i martedi fino a maggio sempre alle 16 al Palarova. Orario: 16-17 bambini 5-7 anni; 16.30-1830 bambini dagli 8 anni compiuti. Info e iscrizioni da Donatella al 348 4352362. (Ci sono ancora alcuni posti disponibili)<\/p>\n<p>&nbsp;<\/p>\n<p>&nbsp;<\/p>\n<\/div>\n<hr \/>\n<p>&nbsp;<\/p>\n<p>&nbsp;<\/p>\n<h2><span style=\"color: #ff0000;\">IERI ALLA RADIO<\/span><\/h2>\n<h2><span style=\"color: #808000;\">DUE MINUTI UN LIBRO\u00a0<\/span><\/h2>\n<blockquote class=\"wp-embedded-content\" data-secret=\"OKwCBDH5ne\"><p><a href=\"https:\/\/www.radiopiu.net\/wordpress\/la-sposa-di-roma\/\">LA SPOSA DI ROMA<\/a><\/p><\/blockquote>\n<p><iframe loading=\"lazy\" class=\"wp-embedded-content\" sandbox=\"allow-scripts\" security=\"restricted\" style=\"position: absolute; clip: rect(1px, 1px, 1px, 1px);\" title=\"&#8220;LA SPOSA DI ROMA&#8221; &#8212; Radio Pi\u00f9\" src=\"https:\/\/www.radiopiu.net\/wordpress\/la-sposa-di-roma\/embed\/#?secret=OKwCBDH5ne\" data-secret=\"OKwCBDH5ne\" width=\"600\" height=\"338\" frameborder=\"0\" marginwidth=\"0\" marginheight=\"0\" scrolling=\"no\"><\/iframe><\/p>\n<h2>LA RACCOLTA COMPLETA<\/h2>\n<blockquote class=\"wp-embedded-content\" data-secret=\"bdo3IbaMgB\"><p><a href=\"https:\/\/www.radiopiu.net\/wordpress\/due-minuti-un-libro\/\">Due minuti un libro<\/a><\/p><\/blockquote>\n<p><iframe loading=\"lazy\" class=\"wp-embedded-content\" sandbox=\"allow-scripts\" security=\"restricted\" style=\"position: absolute; clip: rect(1px, 1px, 1px, 1px);\" title=\"&#8220;Due minuti un libro&#8221; &#8212; Radio Pi\u00f9\" src=\"https:\/\/www.radiopiu.net\/wordpress\/due-minuti-un-libro\/embed\/#?secret=bdo3IbaMgB\" data-secret=\"bdo3IbaMgB\" width=\"600\" height=\"338\" frameborder=\"0\" marginwidth=\"0\" marginheight=\"0\" scrolling=\"no\"><\/iframe><\/p>\n<p>&nbsp;<\/p>\n<p>&nbsp;<\/p>\n<p>&nbsp;<\/p>\n<p>&nbsp;<\/p>\n<hr \/>\n<p>&nbsp;<\/p>\n<div>\n<h2><span style=\"color: #33cccc;\">I RACCONTI DI PAOLO SOPPELSA il lunedi alle 9.30 e 18.30<\/span><\/h2>\n<h2><span style=\"color: #33cccc;\"><strong>LA RACCOLTA COMPLETA<\/strong><\/span><\/h2>\n<blockquote class=\"wp-embedded-content\" data-secret=\"PoRwgHj2FF\"><p><a href=\"https:\/\/www.radiopiu.net\/wordpress\/i-racconti-di-paolo-soppelsa\/\">I racconti di Paolo Soppelsa<\/a><\/p><\/blockquote>\n<p><iframe loading=\"lazy\" class=\"wp-embedded-content\" sandbox=\"allow-scripts\" security=\"restricted\" style=\"position: absolute; clip: rect(1px, 1px, 1px, 1px);\" title=\"&#8220;I racconti di Paolo Soppelsa&#8221; &#8212; Radio Pi\u00f9\" src=\"https:\/\/www.radiopiu.net\/wordpress\/i-racconti-di-paolo-soppelsa\/embed\/#?secret=PoRwgHj2FF\" data-secret=\"PoRwgHj2FF\" width=\"600\" height=\"338\" frameborder=\"0\" marginwidth=\"0\" marginheight=\"0\" scrolling=\"no\"><\/iframe><\/p>\n<p>&nbsp;<\/p>\n<\/div>\n<p>&nbsp;<\/p>\n<hr \/>\n<div>\n<h2><span style=\"color: #000080;\"><a class=\"dt-pswp-item\" href=\"https:\/\/www.radiopiu.net\/wordpress\/wp-content\/uploads\/2020\/10\/pp.jpg\" data-dt-img-description=\"\" data-large_image_width=\"640\" data-large_image_height=\"640\"><img loading=\"lazy\" decoding=\"async\" class=\"wp-image-163678 alignleft\" src=\"https:\/\/www.radiopiu.net\/wordpress\/wp-content\/uploads\/2020\/10\/pp-300x300.jpg\" alt=\"\" width=\"106\" height=\"106\" srcset=\"https:\/\/www.radiopiu.net\/wordpress\/wp-content\/uploads\/2020\/10\/pp-300x300.jpg 300w, https:\/\/www.radiopiu.net\/wordpress\/wp-content\/uploads\/2020\/10\/pp-150x150.jpg 150w, https:\/\/www.radiopiu.net\/wordpress\/wp-content\/uploads\/2020\/10\/pp-125x125.jpg 125w, https:\/\/www.radiopiu.net\/wordpress\/wp-content\/uploads\/2020\/10\/pp-200x200.jpg 200w, https:\/\/www.radiopiu.net\/wordpress\/wp-content\/uploads\/2020\/10\/pp-80x80.jpg 80w, https:\/\/www.radiopiu.net\/wordpress\/wp-content\/uploads\/2020\/10\/pp-480x480.jpg 480w, https:\/\/www.radiopiu.net\/wordpress\/wp-content\/uploads\/2020\/10\/pp.jpg 640w\" sizes=\"auto, (max-width: 106px) 100vw, 106px\" \/><\/a>DON CESARE, IL PENSIERO DEL GIORNO. ALLA RADIO ALLE 7 DEL MATTINO E ALLE 19.30 DELLA SERA.\u00a0\u00a0<\/span><\/h2>\n<\/div>\n<p>&nbsp;<\/p>\n<p>&nbsp;<\/p>\n<audio class=\"wp-audio-shortcode\" id=\"audio-167578-15\" preload=\"none\" style=\"width: 100%;\" controls=\"controls\"><source type=\"audio\/mpeg\" src=\"https:\/\/www.radiopiu.net\/wordpress\/wp-content\/uploads\/2020\/10\/cesare-2.mp3?_=15\" \/><a href=\"https:\/\/www.radiopiu.net\/wordpress\/wp-content\/uploads\/2020\/10\/cesare-2.mp3\">https:\/\/www.radiopiu.net\/wordpress\/wp-content\/uploads\/2020\/10\/cesare-2.mp3<\/a><\/audio>\n<p>&nbsp;<\/p>\n<hr \/>\n<p>&nbsp;<\/p>\n<div>\n<p><a class=\"dt-pswp-item\" href=\"https:\/\/www.radiopiu.net\/wordpress\/wp-content\/uploads\/2018\/09\/viabilita.jpeg\" data-dt-img-description=\"\" data-large_image_width=\"800\" data-large_image_height=\"100\"><img loading=\"lazy\" decoding=\"async\" class=\"aligncenter wp-image-61954 size-full\" src=\"https:\/\/www.radiopiu.net\/wordpress\/wp-content\/uploads\/2018\/09\/viabilita.jpeg\" alt=\"\" width=\"800\" height=\"100\" srcset=\"https:\/\/www.radiopiu.net\/wordpress\/wp-content\/uploads\/2018\/09\/viabilita.jpeg 800w, https:\/\/www.radiopiu.net\/wordpress\/wp-content\/uploads\/2018\/09\/viabilita-300x38.jpeg 300w, https:\/\/www.radiopiu.net\/wordpress\/wp-content\/uploads\/2018\/09\/viabilita-768x96.jpeg 768w\" sizes=\"auto, (max-width: 800px) 100vw, 800px\" \/><\/a><\/p>\n<\/div>\n<p>&nbsp;<\/p>\n<p><strong>PROVINCIALE 251<\/strong> COLLE SANTA LUCIA Fino al 28 novembre senso unico (per asfaltature) compresi sabato e domenica.<\/p>\n<p><strong>SP 638 PASSO GIAU <\/strong>A Colle Santa Lucia fino\u00a0al 28 ottobre. esclusi sabato e domenica senso unico alternato per indagini geognostiche<\/p>\n<p><strong>SP 12 PEDEMONTANA <\/strong>senso unico alternato regolato da impianto semaforico in localit\u00e0 Veses fino al 6 novembre, esclusi sabati e domeniche, per messa in sicurezza versante a monte della strada<\/p>\n<p><strong>SP 25 DEL PASSO VALLES<\/strong> senso unico alternato regolato da impianto semaforico in localit\u00e0 Caverson fino al 30 ottobre, esclusi sabati e domenica, \u00a0per manutenzione sovrappasso pista da sci<\/p>\n<p><strong>SR 203 AGORDINA <\/strong>fino al 23 ottobre, dalle 8 alle 12 e dalle 13:30 alle 17:30, temporanee interruzioni al traffico della durata massima di 20 minuti tra Cencenighe e Avoscan per esbosco con elicottero in attraversamento strada<\/p>\n<p><strong>SR 48 DELLE DOLOMITI<\/strong> Fino al 30 ottobre (festivi e prefestivi esclusi) senso unico alternato con movieri o semafori<\/p>\n<p><strong>SR 50 DEL GRAPPA E PASSO ROLLE<\/strong>\u00a0 fino al 23 ottobre, dalle 8 alle 17 esclusi sabati e domeniche, temporanee interruzioni alla viabilit\u00e0 di massimo 30 minuti per allestimento protezione in prossimit\u00e0 dell&#8217;imbocco a monte della galleria Pontet<\/p>\n<p><strong>203 AGORDINA, ALLEGHE<\/strong> LOCALITA&#8217; SOPRA SAC\u00a0 fino \u00a0al 30 ottobre (sabato e domenica esclusi) senso unico alternato per allestimento opere anti valanghive<\/p>\n<p><strong>SP 3 DELLA VAL IMPERINA<\/strong> fino a revoca, senso unico alternato regolato a vista in localit\u00e0 Gona di Conedera di Rivamonte per cedimento della carreggiata stradale<\/p>\n<p><strong>SR 48 DELLE DOLOMITI<\/strong> fino\u00a0 al 6 novembre (festivi e prefestivi inclusi) senso unico alternato in localit\u00e0 Brenta Comune di Livinallongo del Col di Lana.<\/p>\n<p><strong>SP 422 DELL&#8217;ALPAGO E DEL CANSIGLIO<\/strong> fino al 30 ottobre senso unico alternato regolato da movieri tra le 8 e le 19 tra Puos e Cornei per posa fibra ottica<\/p>\n<p><strong>SR 48 DELLE DOLOMITI\u00a0 <\/strong>fino\u00a0al 31 ottobre, compresi sabati e domeniche, senso unico alternato regolato da impianto semaforico tra Passo Falzarego e il parcheggio 5 Torri per posa elettrodotto interrato<\/p>\n<p><strong>SP 49 DI MISURINA <\/strong>fino al\u00a020 novembre, senso unico alternato regolato da impianto semaforico tra Misurina e il confine con la provincia di Bolzano per posa elettrodotto interrato<\/p>\n<p><strong>REGIONALE 48 DELLE DOLOMITI<\/strong> localit\u00e0 Cernadoi-Pian di Falzarego, fino al 30 ottobre senso unico alternato regolato da semaforo anche nei giorni festivi e prefestivi.<\/p>\n<p><strong>PROVINCIALE 251 VAL DI ZOLDO E CELLINA<\/strong> localit\u00e0 Pescul-Selva di Cadore, fino al 31 ottobre senso unico alternato con movieri o semaforo, escluso sabato e domenica.<\/p>\n<p><strong>PROVINCIALE 641 PASSO FEDAIA<\/strong> Fino al 30 ottobre compresi festivi e prefestivi senso unico con semaforo in localit\u00e0 Capanna Bill<\/p>\n<p><strong>REGIONALE 203 AGORDINA<\/strong>\u00a0 Fino\u00a0 al 18 dicembre (esclusi festivi e prefestivi) senso unico alternato tra Peron e Candaten con movieri dalle 7.30 alle 9 e dalle 16.30 alle 18. Con semaforo negli altri orari<\/p>\n<p><strong>REGIONALE 203 AGORDINA<\/strong> Fino al 30 ottobre (sabato e domenica esclusi) tra Candaten e La Stanga dalle 7.30 alle 9 e dalle 16.30 alle 18 con movieri e negli altri orari con semaforo, senso unico alternato.<\/p>\n<div>\n<p>&nbsp;<\/p>\n<hr \/>\n<p>&nbsp;<\/p>\n<p class=\"photoswipe-wrapper\"><a class=\"dt-pswp-item pspw-wrap-ready\" href=\"https:\/\/i0.wp.com\/www.radiopiu.net\/wordpress\/wp-content\/uploads\/2018\/09\/WhatsApp-Image-2018-09-20-at-16.04.06.jpeg?ssl=1\" data-dt-img-description=\"\" data-large_image_width=\"800\" data-large_image_height=\"100\"><img loading=\"lazy\" decoding=\"async\" class=\"aligncenter wp-image-61378 size-full jetpack-lazy-image jetpack-lazy-image--handled\" src=\"https:\/\/i0.wp.com\/www.radiopiu.net\/wordpress\/wp-content\/uploads\/2018\/09\/WhatsApp-Image-2018-09-20-at-16.04.06.jpeg?resize=800%2C100&amp;ssl=1\" sizes=\"auto, (max-width: 800px) 100vw, 800px\" srcset=\"https:\/\/i0.wp.com\/www.radiopiu.net\/wordpress\/wp-content\/uploads\/2018\/09\/WhatsApp-Image-2018-09-20-at-16.04.06.jpeg?w=800&amp;ssl=1 800w, https:\/\/i0.wp.com\/www.radiopiu.net\/wordpress\/wp-content\/uploads\/2018\/09\/WhatsApp-Image-2018-09-20-at-16.04.06.jpeg?resize=300%2C38&amp;ssl=1 300w, https:\/\/i0.wp.com\/www.radiopiu.net\/wordpress\/wp-content\/uploads\/2018\/09\/WhatsApp-Image-2018-09-20-at-16.04.06.jpeg?resize=768%2C96&amp;ssl=1 768w\" alt=\"\" width=\"800\" height=\"100\" data-lazy-loaded=\"1\" \/><\/a><\/p>\n<\/div>\n<div><\/div>\n<div><center><b>Giovedi 22<\/b><\/center><b>Tempo atteso: <\/b>Fino al primo pomeriggio in quota e nelle valli dolomitiche, anche su molti settori prealpini parzialmente soleggiato per transito di sottili nubi alte; in alcune conche prealpine ci sar\u00e0 la presenza di nubi basse mattutine che ritarder\u00e0 l&#8217;arrivo del sole, come ci sar\u00e0 nebbia su alcuni settori dell&#8217;altopiano del Cansiglio. Al pomeriggio infittirsi della nuvolosit\u00e0 alta e medio-alta con cielo via via sempre pi\u00f9 velato o coperto ovunque. Livelli termici anormalmente elevati in alta quota e lieve inversione termica nelle valli durante le ore pi\u00f9 fredde.<br \/>\n<b>Precipitazioni: <\/b>Assenti (0%).<br \/>\n<b>Temperature: <\/b>Minime in aumento in quota e stazionarie nelle valli con inversione termica notturna nelle valli non interessate da nubi basse; massime senza notevoli variazioni. Sono previste punte di 15\/17\u00b0C nei fondovalle prealpini e di 11\/14\u00b0C a 1000\/1200 m. Su Prealpi a 1500 m min 7\u00b0C max 11\u00b0C, a 2000 m min 5\u00b0C max 7\u00b0C. Su Dolomiti a 2000 m min 4\u00b0C max 8\u00b0C, a 3000 m min 2\u00b0C max 6\u00b0C.<br \/>\n<b>Venti: <\/b>Nelle valli deboli a regime di brezza, solo localmente e a tratti moderati; in quota perlopi\u00f9 moderati da sud-ovest, anche tesi sulle cime dolomitiche pi\u00f9 alte, in temporaneo rinforzo alla sera, a 10-15 km\/h a 2000 m e 20-35 km\/h a 3000 m.<\/p>\n<hr \/>\n<p><center><b>Venerdi 23<\/b><\/center><b>Tempo atteso: <\/b>Poche chance di squarci di sereno ed estesa nuvolosit\u00e0 medio-alta stratiforme, assieme a nubi basse in alcune valli, specie sulla fascia prealpina. Nel corso del pomeriggio intensificazione della nuvolosit\u00e0 e graduale peggioramento del tempo, in estensione dalle Prealpi occidentali al resto dei monti veneti entro la mezzanotte. Atmosfera sempre pi\u00f9 uggiosa.<br \/>\n<b>Precipitazioni: <\/b>Al mattino assenti (0%), eccetto prime gocce sulle Prealpi occidentali (20\/30%), nel corso del pomeriggio primi deboli o debolissime precipitazioni a partire dalle Prealpi occidentali (40\/60%), in estensione a gran parte della montagna veneta alla sera (80\/90%), nevose oltre i 2800\/2900 m.<br \/>\n<b>Temperature: <\/b>In contenuto calo, eccetto rialzo delle minime nelle valli. Sono previste punte di 13\/15\u00b0C nei fondovalle prealpini e di 9\/11\u00b0C a 1000\/1200 m. Su Prealpi a 1500 m min 6\u00b0C max 9\u00b0C, a 2000 m min 4\u00b0C max 6\u00b0C. Su Dolomiti a 2000 m min 3\u00b0C max 6\u00b0C, a 3000 m min 0\u00b0C max 2\u00b0C.<br \/>\n<b>Venti: <\/b>Nelle valli deboli di direzione variabile; in quota moderati\/tesi sud-occidentali, anche forti sulle cime dolomitiche pi\u00f9 alte e sulle creste prealpine, a 15-30 km\/h a 2000 m e 35-65 km\/h a 3000 m.<\/p>\n<hr \/>\n<p><center><b>Sabato 24<\/b><\/center>Tra la notte e il primo mattino lieve maltempo con residue deboli precipitazioni sparse, nevose oltre i 2600\/2700 m. In seguito miglioramento del tempo, gi\u00e0 dall&#8217;alba sulle Dolomiti, successivamente anche sulle Prealpi, con cielo sereno e sole prevalente. Temperature minime in calo e massime in aumento. Venti deboli\/moderati dai quadranti settentrionali in quota, deboli\/moderati a regime di brezza nelle valli.<\/p>\n<hr \/>\n<p><center><b>Domenica 25<\/b><\/center>Tempo stabile, ben soleggiato con cielo sereno o poco nuvoloso per qualche banco di sottili e passeggere nubi alte. Temperature minime in calo e massime in aumento. Venti perlopi\u00f9 deboli a regime di brezza nelle valli, localmente e a tratti moderati; deboli\/moderati meridionali in quota. Previsore: R.L.Th.<\/p>\n<hr \/>\n<\/div>\n<p>&nbsp;<\/p>\n<p>&nbsp;<\/p>\n<hr \/>\n<p>&nbsp;<\/p>\n<p><a class=\"dt-pswp-item\" href=\"https:\/\/www.radiopiu.net\/wordpress\/wp-content\/uploads\/2018\/09\/sport.jpg\" data-dt-img-description=\"\" data-large_image_width=\"800\" data-large_image_height=\"100\"><img loading=\"lazy\" decoding=\"async\" class=\"wp-image-60761 size-full aligncenter\" src=\"https:\/\/www.radiopiu.net\/wordpress\/wp-content\/uploads\/2018\/09\/sport.jpg\" alt=\"\" width=\"800\" height=\"100\" srcset=\"https:\/\/www.radiopiu.net\/wordpress\/wp-content\/uploads\/2018\/09\/sport.jpg 800w, https:\/\/www.radiopiu.net\/wordpress\/wp-content\/uploads\/2018\/09\/sport-300x38.jpg 300w, https:\/\/www.radiopiu.net\/wordpress\/wp-content\/uploads\/2018\/09\/sport-768x96.jpg 768w\" sizes=\"auto, (max-width: 800px) 100vw, 800px\" \/><\/a><\/p>\n<p>&nbsp;<\/p>\n<blockquote>\n<h3>L&#8217;AGORDINA PAREGGIA NELLA TRASFERTA TREVIGIANA INFRASETTIMANALE<\/h3>\n<\/blockquote>\n<p><a class=\"dt-pswp-item\" href=\"https:\/\/www.radiopiu.net\/wordpress\/wp-content\/uploads\/2019\/09\/AGORDINA-CALCIO.jpeg\" data-dt-img-description=\"\" data-large_image_width=\"225\" data-large_image_height=\"225\"><img loading=\"lazy\" decoding=\"async\" class=\"size-full wp-image-97575 alignleft\" src=\"https:\/\/www.radiopiu.net\/wordpress\/wp-content\/uploads\/2019\/09\/AGORDINA-CALCIO.jpeg\" alt=\"\" width=\"225\" height=\"225\" srcset=\"https:\/\/www.radiopiu.net\/wordpress\/wp-content\/uploads\/2019\/09\/AGORDINA-CALCIO.jpeg 225w, https:\/\/www.radiopiu.net\/wordpress\/wp-content\/uploads\/2019\/09\/AGORDINA-CALCIO-150x150.jpeg 150w\" sizes=\"auto, (max-width: 225px) 100vw, 225px\" \/><\/a><em><strong>RECUPERO 1\u00aa GIORNATA SECONDA CATEGORIA GIRONE R<\/strong><\/em><\/p>\n<p>SARMEDE &#8211; AGORDINA 1-1<\/p>\n<p>GOL AGORDINA: Ndiaye<\/p>\n<p>Secondo pareggio consecutivo per l&#8217;Agordina di Marco Lorenzi che in terra trevigiana non va oltre l&#8217;1 a 1 contro il Sarmede. Match equilibrato con gli agordini che passano in vantaggio a fine primo tempo ma gli avversari pareggiano ad inizio ripresa. 3 punti in classifica per la squadra di Agordo che dopo 6 giornate giocate deve ancora festeggiare una vittoria. Buon primo tempo della squadra di Agordo che sembra essere in serata. I ragazzi di Lorenzi creano delle buone azioni ma i trevigiani riescono a contenere le incursioni. Match abbastanza equilibrato che staziona a centrocampo. La svolta della gara al 43&#8242; quando l&#8217;Agordina passa in vantaggio con una bella conclusione di Douda Ndiaye che per la prima volta va a segno in una partita ufficiale. Nella ripresa il Sarmede prova a reagire e pareggia i conti. Le squadre continuano a giocare a viso aperto alla ricerca del gol che per\u00f2 non arriva.<\/p>\n<p>&nbsp;<\/p>\n<p>&nbsp;<\/p>\n<hr \/>\n<p>&nbsp;<\/p>\n<blockquote>\n<h3>SU E&#8217; GIU&#8217; DA CANALE D&#8217;AGORDO E PER NICOLA E&#8217; RECORD ITALIANO<\/h3>\n<\/blockquote>\n<p id=\"js_1\" class=\"_7tae _14f3 _14f5 _5pbw _5vra\" data-ft=\"{&quot;tn&quot;:&quot;C&quot;}\"><strong>CANALE D&#8217;AGORDO<\/strong> Quella di Nicola Genuin \u00e8 un&#8217;impresa, eccome e per l&#8217;under 23 della Valle del Biois va messa nel medagliere con la dicitura <em>&#8220;miglior prestazione italiana&#8221;<\/em> come assicura l&#8217;esperto Ilario Tancon: da Canale a Fregona, su e gi\u00f9 in 9 ore e 23 minuti, 197 chilometri, 9556 metri di dislivello. Nicola ha portato a termine il suo primo Everesting. Essendo un atleta, era consapevole di quale sofferenza lo attendesse, ma grazie ad un appropriato piano di rifornimenti (<a class=\"profileLink\" href=\"https:\/\/www.facebook.com\/StefanoNardelliCoach\/?__tn__=K-R&amp;eid=ARB-AYisS_txBDJVRAkc7lpio0Xq8lay_XwQxa7xe8IFCIc80DhgKpU0B1smpYbdDxoGYBA9mRJtTlLV&amp;fref=mentions&amp;__xts__%5B0%5D=68.ARBhL0nAFPaZR79_hUxXl2L5FEOcTPdsgxoGer6JkV7ztfkevR4nG192M_VHZZ7gf5szVqwfmXvMBgMogMq8MR9lb7clqyR95g-8BXkF7pRPGYAgmftKgxZrHBuq80I6JQ15aGTlrT0xxuYUCO_wsD_hnKgceb6YQHsPUn9gg4RO1KaEfvTO7FCP38VU7KhIW4-YtPJr2YgnckIE\" data-hovercard=\"\/ajax\/hovercard\/page.php?id=1971519959783412&amp;extragetparams=%7B%22__tn__%22%3A%22%2CdK-R-R%22%2C%22eid%22%3A%22ARB-AYisS_txBDJVRAkc7lpio0Xq8lay_XwQxa7xe8IFCIc80DhgKpU0B1smpYbdDxoGYBA9mRJtTlLV%22%2C%22fref%22%3A%22mentions%22%7D\" data-hovercard-prefer-more-content-show=\"1\">Magnitudo &#8211; Stefano Nardelli<\/a>) e specifici consigli scientifici (<a class=\"profileLink\" title=\"Tarcisio Genuin\" href=\"https:\/\/www.facebook.com\/tarcisio.genuin.1?__tn__=K-R&amp;eid=ARCEBCoazQBLHtqc_F3RImz5KBuhyDYYiP0xO2irJ__-hf27Or5YxE_aI69w4ydMmmgokYQgou4fWv3Z&amp;fref=mentions&amp;__xts__%5B0%5D=68.ARBhL0nAFPaZR79_hUxXl2L5FEOcTPdsgxoGer6JkV7ztfkevR4nG192M_VHZZ7gf5szVqwfmXvMBgMogMq8MR9lb7clqyR95g-8BXkF7pRPGYAgmftKgxZrHBuq80I6JQ15aGTlrT0xxuYUCO_wsD_hnKgceb6YQHsPUn9gg4RO1KaEfvTO7FCP38VU7KhIW4-YtPJr2YgnckIE\" data-hovercard=\"\/ajax\/hovercard\/user.php?id=100012130143293&amp;extragetparams=%7B%22__tn__%22%3A%22%2CdK-R-R%22%2C%22eid%22%3A%22ARCEBCoazQBLHtqc_F3RImz5KBuhyDYYiP0xO2irJ__-hf27Or5YxE_aI69w4ydMmmgokYQgou4fWv3Z%22%2C%22fref%22%3A%22mentions%22%7D\" data-hovercard-prefer-more-content-show=\"1\">Tarcisio <\/a>\u00a0e\u00a0<a class=\"profileLink\" title=\"Fabio Genu\" href=\"https:\/\/www.facebook.com\/fabio.genuin.9?__tn__=K-R&amp;eid=ARCV6ro-D_kZ11QKBkvFINIf6r9O1hN1RZAkeAdWKL3C6gq6BewZ3RSqW92ws9JuVtWao3Wco78oQSZ7&amp;fref=mentions&amp;__xts__%5B0%5D=68.ARBhL0nAFPaZR79_hUxXl2L5FEOcTPdsgxoGer6JkV7ztfkevR4nG192M_VHZZ7gf5szVqwfmXvMBgMogMq8MR9lb7clqyR95g-8BXkF7pRPGYAgmftKgxZrHBuq80I6JQ15aGTlrT0xxuYUCO_wsD_hnKgceb6YQHsPUn9gg4RO1KaEfvTO7FCP38VU7KhIW4-YtPJr2YgnckIE\" data-hovercard=\"\/ajax\/hovercard\/user.php?id=100006346119586&amp;extragetparams=%7B%22__tn__%22%3A%22%2CdK-R-R%22%2C%22eid%22%3A%22ARCV6ro-D_kZ11QKBkvFINIf6r9O1hN1RZAkeAdWKL3C6gq6BewZ3RSqW92ws9JuVtWao3Wco78oQSZ7%22%2C%22fref%22%3A%22mentions%22%7D\" data-hovercard-prefer-more-content-show=\"1\">Fabio Genuin)<\/a> \u00e8 riuscito a superarla e a raggiungere l&#8217;obiettivo finale <em>&#8220;Pi\u00f9 facilmente del previsto&#8221;<\/em> racconta Nicola che continua <em>&#8220;Credo che questa sia stata soprattutto una sfida mentale: mi sono sentito sollevato solo quando nelle ultime 10-12 ascese ho smesso di guardare i dati della potenza sul ciclocomputer e\u00a0 ho continuato a spingere secondo quanto le gambe mi permettevano di fare. Posso dire di aver trovato molto pi\u00f9 tempo per guardarmi attorno in quelle ultime poche ore che durante tutte le precedenti, e solo in quei momenti ho veramente compreso cosa stavo facendo, e ho potuto ricordare quanto il ciclismo sia uno sport incredibile: mi ha portato sulla cima della montagna pi\u00f9 alta pedalando tutto il giorno sulla stessa breve salita nei luoghi che pi\u00f9 amo&#8221;.<\/em><\/p>\n\n\t\t\t<style type='text\/css'>\n\t\t\t\t#gallery-7 {\n\t\t\t\t\tmargin: auto;\n\t\t\t\t}\n\t\t\t\t#gallery-7 .gallery-item {\n\t\t\t\t\tfloat: left;\n\t\t\t\t\tmargin-top: 10px;\n\t\t\t\t\ttext-align: center;\n\t\t\t\t\twidth: 33%;\n\t\t\t\t}\n\t\t\t\t#gallery-7 img {\n\t\t\t\t\tborder: 2px solid #cfcfcf;\n\t\t\t\t}\n\t\t\t\t#gallery-7 .gallery-caption {\n\t\t\t\t\tmargin-left: 0;\n\t\t\t\t}\n\t\t\t\t\/* see gallery_shortcode() in wp-includes\/media.php *\/\n\t\t\t<\/style>\n\t\t<div id='gallery-7' class='dt-gallery-container gallery galleryid-167578 gallery-columns-3 gallery-size-thumbnail'><dl class='gallery-item'>\n\t\t\t\t<dt class='gallery-icon portrait'>\n\t\t\t\t\t<a class=\"rollover\" href='https:\/\/www.radiopiu.net\/wordpress\/su-e-giu-da-canale-dagordo-e-per-nicola-e-record-italiano\/122333248_2823296701250577_5040136025281669459_o\/'><img loading=\"lazy\" decoding=\"async\" width=\"150\" height=\"150\" src=\"https:\/\/www.radiopiu.net\/wordpress\/wp-content\/uploads\/2020\/10\/122333248_2823296701250577_5040136025281669459_o-150x150.jpg\" class=\"attachment-thumbnail size-thumbnail\" alt=\"\" \/><\/a>\n\t\t\t\t<\/dt><\/dl><dl class='gallery-item'>\n\t\t\t\t<dt class='gallery-icon portrait'>\n\t\t\t\t\t<a class=\"rollover\" href='https:\/\/www.radiopiu.net\/wordpress\/su-e-giu-da-canale-dagordo-e-per-nicola-e-record-italiano\/122297302_2823292591250988_4553117166758540848_o\/'><img loading=\"lazy\" decoding=\"async\" width=\"150\" height=\"150\" src=\"https:\/\/www.radiopiu.net\/wordpress\/wp-content\/uploads\/2020\/10\/122297302_2823292591250988_4553117166758540848_o-150x150.jpg\" class=\"attachment-thumbnail size-thumbnail\" alt=\"\" \/><\/a>\n\t\t\t\t<\/dt><\/dl><dl class='gallery-item'>\n\t\t\t\t<dt class='gallery-icon landscape'>\n\t\t\t\t\t<a class=\"rollover\" href='https:\/\/www.radiopiu.net\/wordpress\/su-e-giu-da-canale-dagordo-e-per-nicola-e-record-italiano\/122324863_2823292671250980_6519546358377022115_o\/'><img loading=\"lazy\" decoding=\"async\" width=\"150\" height=\"150\" src=\"https:\/\/www.radiopiu.net\/wordpress\/wp-content\/uploads\/2020\/10\/122324863_2823292671250980_6519546358377022115_o-150x150.jpg\" class=\"attachment-thumbnail size-thumbnail\" alt=\"\" \/><\/a>\n\t\t\t\t<\/dt><\/dl><br style=\"clear: both\" \/>\n\t\t\t<\/div>\n\n<p>&nbsp;<\/p>\n<hr \/>\n<p>&nbsp;<\/p>\n<blockquote>\n<h3>STASERA L&#8217;ALLEGHE GIOCA A CAVALESE CONTRO IL FIEMME<\/h3>\n<\/blockquote>\n<p><strong><a class=\"dt-pswp-item\" href=\"https:\/\/www.radiopiu.net\/wordpress\/wp-content\/uploads\/2019\/08\/logo-alleghe-hockey.png\" data-dt-img-description=\"\" data-large_image_width=\"547\" data-large_image_height=\"512\"><img loading=\"lazy\" decoding=\"async\" class=\"size-medium wp-image-95699 alignleft\" src=\"https:\/\/www.radiopiu.net\/wordpress\/wp-content\/uploads\/2019\/08\/logo-alleghe-hockey-300x281.png\" alt=\"\" width=\"300\" height=\"281\" srcset=\"https:\/\/www.radiopiu.net\/wordpress\/wp-content\/uploads\/2019\/08\/logo-alleghe-hockey-300x281.png 300w, https:\/\/www.radiopiu.net\/wordpress\/wp-content\/uploads\/2019\/08\/logo-alleghe-hockey.png 547w\" sizes=\"auto, (max-width: 300px) 100vw, 300px\" \/><\/a>ALLEGHE <\/strong>Le civette ritornano in campo dopo lo stop forzato di sabato scorso per il rinvio del match col Merano. Stasera l&#8217;Alleghe sar\u00e0 a Cavalese per affrontare il Fiemme<\/p>\n<p><strong>CI PRESENTA LA PARTITA ROBERTO MIANA<\/strong><\/p>\n<audio class=\"wp-audio-shortcode\" id=\"audio-167578-16\" preload=\"none\" style=\"width: 100%;\" controls=\"controls\"><source type=\"audio\/mpeg\" src=\"https:\/\/www.radiopiu.net\/wordpress\/wp-content\/uploads\/2020\/10\/ROBERTO-MIANA-FIEMME-ALLEGHE.mp3?_=16\" \/><a href=\"https:\/\/www.radiopiu.net\/wordpress\/wp-content\/uploads\/2020\/10\/ROBERTO-MIANA-FIEMME-ALLEGHE.mp3\">https:\/\/www.radiopiu.net\/wordpress\/wp-content\/uploads\/2020\/10\/ROBERTO-MIANA-FIEMME-ALLEGHE.mp3<\/a><\/audio>\n<p>&nbsp;<\/p>\n<\/div>\n<\/div>\n<\/div>\n<\/div>\n","protected":false},"excerpt":{"rendered":"<p>PER RICEVERE QUESTO NOTIZIARIO DIRETTAMENTE SUL TUO CELLULARE ISCRIVITI AL CANALE TELEGRAM \u201cRADIO PIU\u00a0 INFORMAZIONE&#8221; ATTENZIONE: LA NUOVA APP PER IOS-IPHONE https:\/\/apps.apple.com\/it\/app\/radio-pi%C3%B9-emittente-agordina\/id1515939845 ATTENZIONE: LA NUOVA APP RADIO\u00a0 PER ANDROID https:\/\/play.google.com\/store\/apps\/details?id=net.radiopiu.iniko &nbsp; Ora solare: domenica alle 3 lancette indietro di un&#8217;ora. Sar\u00e0 l&#8217;ultima volta?\u00a0 MERCOLEDI VACCINAZIONI ANTI INFLUENZALI A TAIBON PER I PAZIENTI DELLA DOTTORESSA FRIDA&hellip;<\/p>\n","protected":false},"author":4,"featured_media":167672,"comment_status":"closed","ping_status":"closed","sticky":false,"template":"","format":"standard","meta":{"_monsterinsights_skip_tracking":false,"_monsterinsights_sitenote_active":false,"_monsterinsights_sitenote_note":"","_monsterinsights_sitenote_category":0,"footnotes":""},"categories":[1,51,86,49],"tags":[],"class_list":["post-167578","post","type-post","status-publish","format-standard","has-post-thumbnail","hentry","category-senza-categoria","category-evidenza-top","category-gr","category-news-18","category-1","category-51","category-86","category-49","description-off"],"img_url":"https:\/\/www.radiopiu.net\/wordpress\/wp-content\/uploads\/2020\/10\/tamponi-drive-in.jpg","_links":{"self":[{"href":"https:\/\/www.radiopiu.net\/wordpress\/wp-json\/wp\/v2\/posts\/167578","targetHints":{"allow":["GET"]}}],"collection":[{"href":"https:\/\/www.radiopiu.net\/wordpress\/wp-json\/wp\/v2\/posts"}],"about":[{"href":"https:\/\/www.radiopiu.net\/wordpress\/wp-json\/wp\/v2\/types\/post"}],"author":[{"embeddable":true,"href":"https:\/\/www.radiopiu.net\/wordpress\/wp-json\/wp\/v2\/users\/4"}],"replies":[{"embeddable":true,"href":"https:\/\/www.radiopiu.net\/wordpress\/wp-json\/wp\/v2\/comments?post=167578"}],"version-history":[{"count":0,"href":"https:\/\/www.radiopiu.net\/wordpress\/wp-json\/wp\/v2\/posts\/167578\/revisions"}],"wp:featuredmedia":[{"embeddable":true,"href":"https:\/\/www.radiopiu.net\/wordpress\/wp-json\/wp\/v2\/media\/167672"}],"wp:attachment":[{"href":"https:\/\/www.radiopiu.net\/wordpress\/wp-json\/wp\/v2\/media?parent=167578"}],"wp:term":[{"taxonomy":"category","embeddable":true,"href":"https:\/\/www.radiopiu.net\/wordpress\/wp-json\/wp\/v2\/categories?post=167578"},{"taxonomy":"post_tag","embeddable":true,"href":"https:\/\/www.radiopiu.net\/wordpress\/wp-json\/wp\/v2\/tags?post=167578"}],"curies":[{"name":"wp","href":"https:\/\/api.w.org\/{rel}","templated":true}]}}