{"id":167663,"date":"2020-10-22T05:47:31","date_gmt":"2020-10-22T03:47:31","guid":{"rendered":"https:\/\/www.radiopiu.net\/wordpress\/?p=167663"},"modified":"2020-10-22T06:29:59","modified_gmt":"2020-10-22T04:29:59","slug":"ricercato-in-tutta-europa-arrestato-dalla-polizia-di-stato-nella-stazione-ferroviaria-di-belluno","status":"publish","type":"post","link":"https:\/\/www.radiopiu.net\/wordpress\/ricercato-in-tutta-europa-arrestato-dalla-polizia-di-stato-nella-stazione-ferroviaria-di-belluno\/","title":{"rendered":"RICERCATO IN TUTTA EUROPA: ARRESTATO DALLA POLIZIA DI STATO NELLA STAZIONE FERROVIARIA DI BELLUNO"},"content":{"rendered":"<p><strong><a class=\"dt-pswp-item\" href=\"https:\/\/www.radiopiu.net\/wordpress\/wp-content\/uploads\/2016\/07\/POLFER2.jpg\" data-dt-img-description=\"\" data-large_image_width=\"480\" data-large_image_height=\"360\"><img loading=\"lazy\" decoding=\"async\" class=\"size-medium wp-image-21583 alignleft\" src=\"https:\/\/www.radiopiu.net\/wordpress\/wp-content\/uploads\/2016\/07\/POLFER2-300x225.jpg\" alt=\"\" width=\"300\" height=\"225\" \/><\/a>BELLUNO\u00a0<\/strong>La Polizia Ferroviaria di Belluno, nel corso dei servizi per la prevenzione e la repressione dei reati in ambito ferroviario, ha arrestato di un latitante 28enne. Il giovane, di nazionalit\u00e0 romena, \u00e8 stato fermato dai poliziotti mentre si aggirava nello scalo ferroviario. Sottoposto a controllo, \u00e8 emerso che lo stesso era ricercato con un mandato di arresto europeo, emesso dal suo paese di origine, per guida senza patente e in stato di ebbrezza e, condannato alla pena detentiva di 3 anni e 4 mesi di reclusione. Al termine degli adempimenti di rito, l\u2019uomo \u00e8 stato accompagnato presso la locale Casa Circondariale. La collaborazione internazionale di Polizia, grazie a piattaforme che rendono sempre aggiornato lo\u00a0 scambio di dati, risulta particolarmente importante ed efficace nei casi in cui un ricercato cerchi di sfuggire alla condanna, varcando i confini nazionali.<\/p>\n","protected":false},"excerpt":{"rendered":"<p>BELLUNO\u00a0La Polizia Ferroviaria di Belluno, nel corso dei servizi per la prevenzione e la repressione dei reati in ambito ferroviario, ha arrestato di un latitante 28enne. Il giovane, di nazionalit\u00e0 romena, \u00e8 stato fermato dai poliziotti mentre si aggirava nello scalo ferroviario. Sottoposto a controllo, \u00e8 emerso che lo stesso era ricercato con un mandato&hellip;<\/p>\n","protected":false},"author":4,"featured_media":0,"comment_status":"closed","ping_status":"closed","sticky":false,"template":"","format":"standard","meta":{"_monsterinsights_skip_tracking":false,"_monsterinsights_sitenote_active":false,"_monsterinsights_sitenote_note":"","_monsterinsights_sitenote_category":0,"footnotes":""},"categories":[51,49],"tags":[],"class_list":["post-167663","post","type-post","status-publish","format-standard","hentry","category-evidenza-top","category-news-18","category-51","category-49","description-off"],"img_url":false,"_links":{"self":[{"href":"https:\/\/www.radiopiu.net\/wordpress\/wp-json\/wp\/v2\/posts\/167663","targetHints":{"allow":["GET"]}}],"collection":[{"href":"https:\/\/www.radiopiu.net\/wordpress\/wp-json\/wp\/v2\/posts"}],"about":[{"href":"https:\/\/www.radiopiu.net\/wordpress\/wp-json\/wp\/v2\/types\/post"}],"author":[{"embeddable":true,"href":"https:\/\/www.radiopiu.net\/wordpress\/wp-json\/wp\/v2\/users\/4"}],"replies":[{"embeddable":true,"href":"https:\/\/www.radiopiu.net\/wordpress\/wp-json\/wp\/v2\/comments?post=167663"}],"version-history":[{"count":0,"href":"https:\/\/www.radiopiu.net\/wordpress\/wp-json\/wp\/v2\/posts\/167663\/revisions"}],"wp:attachment":[{"href":"https:\/\/www.radiopiu.net\/wordpress\/wp-json\/wp\/v2\/media?parent=167663"}],"wp:term":[{"taxonomy":"category","embeddable":true,"href":"https:\/\/www.radiopiu.net\/wordpress\/wp-json\/wp\/v2\/categories?post=167663"},{"taxonomy":"post_tag","embeddable":true,"href":"https:\/\/www.radiopiu.net\/wordpress\/wp-json\/wp\/v2\/tags?post=167663"}],"curies":[{"name":"wp","href":"https:\/\/api.w.org\/{rel}","templated":true}]}}