{"id":167667,"date":"2020-10-21T15:16:16","date_gmt":"2020-10-21T13:16:16","guid":{"rendered":"https:\/\/www.radiopiu.net\/wordpress\/?p=167667"},"modified":"2020-10-21T15:16:16","modified_gmt":"2020-10-21T13:16:16","slug":"ulss-1-dolomiti-accolti-10-ospiti-dal-centro-servizi-di-ponte-nelle-alpi","status":"publish","type":"post","link":"https:\/\/www.radiopiu.net\/wordpress\/ulss-1-dolomiti-accolti-10-ospiti-dal-centro-servizi-di-ponte-nelle-alpi\/","title":{"rendered":"ULSS 1 DOLOMITI: ACCOLTI 10 OSPITI DAL CENTRO SERVIZI DI PONTE NELLE ALPI"},"content":{"rendered":"<p><strong><a class=\"dt-pswp-item\" href=\"https:\/\/www.radiopiu.net\/wordpress\/wp-content\/uploads\/2020\/06\/dc8d9e01-0412-48a8-91b1-c64ba92a8187.jpg\" data-dt-img-description=\"\" data-large_image_width=\"2048\" data-large_image_height=\"1024\"><img loading=\"lazy\" decoding=\"async\" class=\"size-medium wp-image-144229 alignleft\" src=\"https:\/\/www.radiopiu.net\/wordpress\/wp-content\/uploads\/2020\/06\/dc8d9e01-0412-48a8-91b1-c64ba92a8187-300x150.jpg\" alt=\"\" width=\"300\" height=\"150\" srcset=\"https:\/\/www.radiopiu.net\/wordpress\/wp-content\/uploads\/2020\/06\/dc8d9e01-0412-48a8-91b1-c64ba92a8187-300x150.jpg 300w, https:\/\/www.radiopiu.net\/wordpress\/wp-content\/uploads\/2020\/06\/dc8d9e01-0412-48a8-91b1-c64ba92a8187-1024x512.jpg 1024w, https:\/\/www.radiopiu.net\/wordpress\/wp-content\/uploads\/2020\/06\/dc8d9e01-0412-48a8-91b1-c64ba92a8187-768x384.jpg 768w, https:\/\/www.radiopiu.net\/wordpress\/wp-content\/uploads\/2020\/06\/dc8d9e01-0412-48a8-91b1-c64ba92a8187-1536x768.jpg 1536w, https:\/\/www.radiopiu.net\/wordpress\/wp-content\/uploads\/2020\/06\/dc8d9e01-0412-48a8-91b1-c64ba92a8187.jpg 2048w\" sizes=\"auto, (max-width: 300px) 100vw, 300px\" \/><\/a>BELLUNO\u00a0<\/strong>E\u2019 stata completata oggi l\u2019accoglienza nelle strutture dell\u2019ulss Dolomiti di 10 ospiti provenienti dal Centro Servizi di Ponte nelle Alpi , allo scopo di alleggerire il carico di lavoro e il carico assistenziale del personale della struttura.\u00a0L\u2019intervento ha carattere di straordinariet\u00e0 e si aggiunge alle numerose azioni di supporto e di verifica attuate in questi giorni nella struttura di Ponte nelle Alpi, con un notevole impegno da parte dell\u2019Ulss Dolomiti. L\u2019Azienda Sanitaria, infatti, oltre a garantire le risposte ai bisogni di cura dei pazienti covid con sintomatologia che necessitano di un ricovero stratificato secondo intensit\u00e0 di cura nei reparti COVID, \u00e8 impegnata a garantire le risposte ai bisogni sanitari \u201cnon covid\u201d della cittadinanza. Inoltre, molto del personale aggiuntivo assunto in questi mesi \u00e8 stato inserito nello staff del Dipartimento di Prevenzione per le nuove e impegnative attivit\u00e0 di diagnostica attraverso tamponi, <em>contact tracing<\/em>e sorveglianza attiva. Inoltre, il carico assistenziale nei reparti covid \u00e8 maggiore rispetto ai reparti ordinari sia per intensit\u00e0 che per qualit\u00e0 dell\u2019assistenza necessaria per garantire le cure in sicurezza sia per i degenti che per gli operatori e, quindi, il personale richiesto \u00e8 maggiore. Infine, anche l\u2019impegno dell\u2019Ulss nel territorio, sia medico e di assistenza sia come verifica e controllo, impiega significative risorse.\u00a0In questo contesto, appaiono fuorvianti e infondate le accuse di depauperamento di personale dei centri di servizio mosse in questi giorni. L\u2019Ulss ha supportato gli stessi anche attraverso la ricerca di personale con specifici avvisi.\u00a0Per quanto riguarda il Centro Servizi di Cortina, si precisa che da diverse settimane la situazione \u00e8 monitorata\u00a0 ed \u00e8 stato attivato un supporto organizzativo con la consulenza di coordinatori Ulss immediatamente intervenuti.\u00a0Procede, inoltre, l\u2019attivit\u00e0 di verifica e controllo da parte dell\u2019Ulss degli assetti organizzativi che ogni singolo Centro Servizio ha il compito di attuare secondo il Piano di Sanit\u00e0 Pubblica e le specifiche linee guida regionali.<\/p>\n","protected":false},"excerpt":{"rendered":"<p>BELLUNO\u00a0E\u2019 stata completata oggi l\u2019accoglienza nelle strutture dell\u2019ulss Dolomiti di 10 ospiti provenienti dal Centro Servizi di Ponte nelle Alpi , allo scopo di alleggerire il carico di lavoro e il carico assistenziale del personale della struttura.\u00a0L\u2019intervento ha carattere di straordinariet\u00e0 e si aggiunge alle numerose azioni di supporto e di verifica attuate in questi&hellip;<\/p>\n","protected":false},"author":4,"featured_media":144229,"comment_status":"closed","ping_status":"closed","sticky":false,"template":"","format":"standard","meta":{"_monsterinsights_skip_tracking":false,"_monsterinsights_sitenote_active":false,"_monsterinsights_sitenote_note":"","_monsterinsights_sitenote_category":0,"footnotes":""},"categories":[49],"tags":[],"class_list":["post-167667","post","type-post","status-publish","format-standard","has-post-thumbnail","hentry","category-news-18","category-49","description-off"],"img_url":"https:\/\/www.radiopiu.net\/wordpress\/wp-content\/uploads\/2020\/06\/dc8d9e01-0412-48a8-91b1-c64ba92a8187.jpg","_links":{"self":[{"href":"https:\/\/www.radiopiu.net\/wordpress\/wp-json\/wp\/v2\/posts\/167667","targetHints":{"allow":["GET"]}}],"collection":[{"href":"https:\/\/www.radiopiu.net\/wordpress\/wp-json\/wp\/v2\/posts"}],"about":[{"href":"https:\/\/www.radiopiu.net\/wordpress\/wp-json\/wp\/v2\/types\/post"}],"author":[{"embeddable":true,"href":"https:\/\/www.radiopiu.net\/wordpress\/wp-json\/wp\/v2\/users\/4"}],"replies":[{"embeddable":true,"href":"https:\/\/www.radiopiu.net\/wordpress\/wp-json\/wp\/v2\/comments?post=167667"}],"version-history":[{"count":0,"href":"https:\/\/www.radiopiu.net\/wordpress\/wp-json\/wp\/v2\/posts\/167667\/revisions"}],"wp:featuredmedia":[{"embeddable":true,"href":"https:\/\/www.radiopiu.net\/wordpress\/wp-json\/wp\/v2\/media\/144229"}],"wp:attachment":[{"href":"https:\/\/www.radiopiu.net\/wordpress\/wp-json\/wp\/v2\/media?parent=167667"}],"wp:term":[{"taxonomy":"category","embeddable":true,"href":"https:\/\/www.radiopiu.net\/wordpress\/wp-json\/wp\/v2\/categories?post=167667"},{"taxonomy":"post_tag","embeddable":true,"href":"https:\/\/www.radiopiu.net\/wordpress\/wp-json\/wp\/v2\/tags?post=167667"}],"curies":[{"name":"wp","href":"https:\/\/api.w.org\/{rel}","templated":true}]}}