{"id":167670,"date":"2020-10-21T15:47:04","date_gmt":"2020-10-21T13:47:04","guid":{"rendered":"https:\/\/www.radiopiu.net\/wordpress\/?p=167670"},"modified":"2020-10-21T15:47:04","modified_gmt":"2020-10-21T13:47:04","slug":"la-ulss-1-dolomiti-comunica-le-nuove-modalita-di-accesso-drive-in-tamponi","status":"publish","type":"post","link":"https:\/\/www.radiopiu.net\/wordpress\/la-ulss-1-dolomiti-comunica-le-nuove-modalita-di-accesso-drive-in-tamponi\/","title":{"rendered":"LA ULSS 1 DOLOMITI COMUNICA LE NUOVE MODALIT\u00c0 DI ACCESSO DRIVE-IN TAMPONI"},"content":{"rendered":"<p><strong><a class=\"dt-pswp-item\" href=\"https:\/\/www.radiopiu.net\/wordpress\/wp-content\/uploads\/2020\/10\/tamponi-drive-in.jpg\" data-dt-img-description=\"\" data-large_image_width=\"1600\" data-large_image_height=\"1200\"><img loading=\"lazy\" decoding=\"async\" class=\"size-medium wp-image-167672 alignleft\" src=\"https:\/\/www.radiopiu.net\/wordpress\/wp-content\/uploads\/2020\/10\/tamponi-drive-in-300x225.jpg\" alt=\"\" width=\"300\" height=\"225\" srcset=\"https:\/\/www.radiopiu.net\/wordpress\/wp-content\/uploads\/2020\/10\/tamponi-drive-in-300x225.jpg 300w, https:\/\/www.radiopiu.net\/wordpress\/wp-content\/uploads\/2020\/10\/tamponi-drive-in-1024x768.jpg 1024w, https:\/\/www.radiopiu.net\/wordpress\/wp-content\/uploads\/2020\/10\/tamponi-drive-in-768x576.jpg 768w, https:\/\/www.radiopiu.net\/wordpress\/wp-content\/uploads\/2020\/10\/tamponi-drive-in-1536x1152.jpg 1536w, https:\/\/www.radiopiu.net\/wordpress\/wp-content\/uploads\/2020\/10\/tamponi-drive-in.jpg 1600w\" sizes=\"auto, (max-width: 300px) 100vw, 300px\" \/><\/a>BELLUNO\u00a0<\/strong>Da luned\u00ec 26 ottobre sar\u00e0 fortemente potenziata l\u2019offerta tamponi nei 4 Covid point (drive-in tamponi) attivi sul territorio, per far fronte all\u2019aumento della richiesta di diagnostica Covid e per rendere pi\u00f9 fluidi e accessibili i percorsi di esecuzione del tampone. Il Covid Point di Belluno sar\u00e0 attivo h 24 7 giorni su 7,\u00a0dalle 7.00 alle ore 19.00 in Loc. Sagrogna e\u00a0dalle 19.00 alle 7.00 all\u2019Ospedale San Martino;\u00a0Il Covid Point di Feltre \u2013 Zona Peschiera &#8211; ex Marangoni sar\u00e0 attivo dal luned\u00ec al sabato dalle 8.30 alle 12.30; Covid point Tai di Cadore \u2013 P.le Dolomiti: dal luned\u00ec al sabato dalle 16.00 alle 18.00; Covid point Agordo \u2013 P.le Tamonich: luned\u00ec, mercoled\u00ec e venerd\u00ec dalle 16.00 alle 18.00. Inoltre, per facilitare e velocizzare i percorsi, da luned\u00ec 26 ottobre potranno accedere ai 4 drive-in SENZA APPUNTAMENTO anche le persone a cui \u00e8 stato prescritto un tampone molecolare o un tampone antigenico rapido da parte del Medico di Famiglia. Si ricorda di presentarsi in auto, con mascherina e tessera sanitaria magnetica. All\u2019ingresso dei drive-in andr\u00e0 esibita l\u2019impegnativa cartacea o l\u2019impegnativa dematerializzata sul cellulare. Sar\u00e0 eseguito, sempre in modalit\u00e0 drive-in (abbassando il finestrino dell\u2019auto) il tipo di tampone (antigenico rapido o molecolare) prescritto dal Medico, secondo quanto previsto dalle linee guida per le varie indicazioni al test. In caso di test antigenico rapido, il referto sar\u00e0 consegnato sul posto dopo circa 20 minuti. In caso di tampone molecolare sar\u00e0 inviato un SMS con i codici per lo scarico del referto che, di regola, sar\u00e0 disponibile dopo 48\/72 ore. Fino all\u2019esito, la persona dovr\u00e0 rimanere in isolamento domiciliare, seguendo le raccomandazioni sui comportamenti da tenere presenti sul sito <a href=\"http:\/\/www.aulss1.veneto.it\/\">www.aulss1.veneto.it<\/a>. Si ricorda che accedono al drive-in anche:\u00a0i soggetti (bambini\/ragazzi\/adulti) frequentanti la scuola con sintomatologia simil covid, preferibilmente su indicazione del Pediatra o del Medico di Famiglia, con ACCESSO LIBERO;\u00a0i soggetti in rientro da Belgio, Francia, Paesi Bassi, Regno Unito di Gran Bretagna e Irlanda del Nord, Repubblica Ceca con ACCESSO LIBERO (senza prenotazione, senza impegnativa); i soggetti inviati dall\u2019unit\u00e0 di Crisi del Dipartimento di Prevenzione \u2013 SU INDICAZIONE DEL DIPARTIMENTO DI PREVENZIONE<\/p>\n","protected":false},"excerpt":{"rendered":"<p>BELLUNO\u00a0Da luned\u00ec 26 ottobre sar\u00e0 fortemente potenziata l\u2019offerta tamponi nei 4 Covid point (drive-in tamponi) attivi sul territorio, per far fronte all\u2019aumento della richiesta di diagnostica Covid e per rendere pi\u00f9 fluidi e accessibili i percorsi di esecuzione del tampone. Il Covid Point di Belluno sar\u00e0 attivo h 24 7 giorni su 7,\u00a0dalle 7.00 alle&hellip;<\/p>\n","protected":false},"author":4,"featured_media":167672,"comment_status":"closed","ping_status":"closed","sticky":false,"template":"","format":"standard","meta":{"_monsterinsights_skip_tracking":false,"_monsterinsights_sitenote_active":false,"_monsterinsights_sitenote_note":"","_monsterinsights_sitenote_category":0,"footnotes":""},"categories":[49],"tags":[],"class_list":["post-167670","post","type-post","status-publish","format-standard","has-post-thumbnail","hentry","category-news-18","category-49","description-off"],"img_url":"https:\/\/www.radiopiu.net\/wordpress\/wp-content\/uploads\/2020\/10\/tamponi-drive-in.jpg","_links":{"self":[{"href":"https:\/\/www.radiopiu.net\/wordpress\/wp-json\/wp\/v2\/posts\/167670","targetHints":{"allow":["GET"]}}],"collection":[{"href":"https:\/\/www.radiopiu.net\/wordpress\/wp-json\/wp\/v2\/posts"}],"about":[{"href":"https:\/\/www.radiopiu.net\/wordpress\/wp-json\/wp\/v2\/types\/post"}],"author":[{"embeddable":true,"href":"https:\/\/www.radiopiu.net\/wordpress\/wp-json\/wp\/v2\/users\/4"}],"replies":[{"embeddable":true,"href":"https:\/\/www.radiopiu.net\/wordpress\/wp-json\/wp\/v2\/comments?post=167670"}],"version-history":[{"count":0,"href":"https:\/\/www.radiopiu.net\/wordpress\/wp-json\/wp\/v2\/posts\/167670\/revisions"}],"wp:featuredmedia":[{"embeddable":true,"href":"https:\/\/www.radiopiu.net\/wordpress\/wp-json\/wp\/v2\/media\/167672"}],"wp:attachment":[{"href":"https:\/\/www.radiopiu.net\/wordpress\/wp-json\/wp\/v2\/media?parent=167670"}],"wp:term":[{"taxonomy":"category","embeddable":true,"href":"https:\/\/www.radiopiu.net\/wordpress\/wp-json\/wp\/v2\/categories?post=167670"},{"taxonomy":"post_tag","embeddable":true,"href":"https:\/\/www.radiopiu.net\/wordpress\/wp-json\/wp\/v2\/tags?post=167670"}],"curies":[{"name":"wp","href":"https:\/\/api.w.org\/{rel}","templated":true}]}}