{"id":167718,"date":"2020-10-21T23:59:21","date_gmt":"2020-10-21T21:59:21","guid":{"rendered":"https:\/\/www.radiopiu.net\/wordpress\/?p=167718"},"modified":"2020-10-22T05:21:16","modified_gmt":"2020-10-22T03:21:16","slug":"al-centro-giovanni-xxiii-giornata-per-il-dialogo-cristiano-islamico","status":"publish","type":"post","link":"https:\/\/www.radiopiu.net\/wordpress\/al-centro-giovanni-xxiii-giornata-per-il-dialogo-cristiano-islamico\/","title":{"rendered":"AL CENTRO GIOVANNI XXIII GIORNATA PER IL \u201cDIALOGO CRISTIANO ISLAMICO\u201d"},"content":{"rendered":"<p><strong>di\u00a0Renato Bona\u00a0<\/strong><\/p>\n<p><strong>BELLUNO <\/strong>Torna sabato 24 &#8211; con alcuni giorni di anticipo per la Diocesi di Belluno-Feltre sulla classica data del 27 ottobre &#8211; la \u201cGiornata per il dialogo cristiano islamico\u201d che quest\u2019anno avr\u00e0 per tema: \u201cFratelli tutti, costruiamo una sola umanit\u00e0\u201d, anche nel ricordo della classica data che fu scelta 19 anni fa per la cadenza annuale, \u201cnel giorno in cui, in un lontano ma indimenticabile 1986 &#8211; come scrive don Giuseppe Bratti sul sito diocesano \u201cchiesabellunofeltre\u201d \u2013 ad Assisi Giovanni Paolo II, poi Santo, e i rappresentanti delle varie confessioni cristiane e religiosi si radunarono per pregare insieme per la pace\u201d. Ancora dal sito: \u201cIl titolo bellunese, individuato dal gruppo di musulmani e cristiani che organizza la giornata, aggiunge allo slogan nazionale \u2018costruiamo una sola umanit\u00e0\u2019 la citazione dell\u2019ultima enciclica di Papa Francesco\u201d. \u2018Fratelli tutti\u2019, firmata ancora una volta ad Assisi e diffusa il 4 ottobre, \u201c\u00e8 il frutto di una lunga storia che vede oggi Papa Bergoglio assumere lo sguardo del buon samaritano che non volge lo sguardo Altrove dalle piaghe di chi \u00e8 stato assalito da briganti, ma le sa riconoscere per chinarsi su di esse e curarlo\u201d. Lo stesso Pontefice d\u00e0 alle religioni il ruolo di essere al servizio della fraternit\u00e0 nel mondo, sulla base, di un testo, ancora una volta, di Giovanni Paolo II per il quale se non esiste una verit\u00e0 trascendente, obbedendo alla quale l\u2019uomo acquista la sua piena identit\u00e0, allora non esiste nessun principio sicuro che garantisca giusti rapporti tra gli uomini\u2026 Cercare Dio con cuore sincero, purch\u00e9 non lo offuschiamo con i nostri interessi ideologici e strumentali, ci aiuta a riconoscerci compagni di strada veramente fratelli\u201d. Si annuncia che per quanto riguarda Belluno-Feltre, a riflettere sul tema \u2013 grazie al collegamento su piattaforma \u2013 saranno Michele Zanzucchi, del Movimento dei Focolari, gi\u00e0 direttore della rivista \u201cCitt\u00e0 Nuova\u201d e del sito <a href=\"https:\/\/l.facebook.com\/l.php?u=http%3A%2F%2Fwww.cittanuova.it%2F%3Ffbclid%3DIwAR2LEJbHPMnTT-JxNPzG9Vr0K-Hitt9kNHM10AzONQ3KOHYBTrAZVAEmi44&amp;h=AT2nN1RS0-yMLjKYVnOd6AGH1iB9GWbltGeDSzXj7Ix5GGYg1jJ8ksuZw-QCyU9nDgdaP9rWQvSguzokb-YpbAhT6zJQ-jZsAB57drlAWjZlrbpL1ctxXAJusk9L31t05XR5VWAq\" target=\"_blank\" rel=\"nofollow noopener noreferrer\" data-lynx-mode=\"hover\">www.cittanuova.it<\/a>, e docente di comunicazione all\u2019Universit\u00e0 Sophia di Loppiano e alla Pontificia universit\u00e0 Gregoriana oltre che autore di una quarantina di volumi; e Adnane Mokrani, originario della Tunisia, docente aggregato di missiologia alla Pontificia Universit\u00e0 Gregoriana. Dalle loro residenze si collegheranno con la sala-teatro del centro diocesano Giovanni XXIII di Belluno dove l\u2019incontro sar\u00e0 aperto a tutti (secondo le attuali norme sulla pandemia) dalle 15,30 alle 17,30 di sabato 24 (\u00e8 necessario iscriversi scrivendo all\u2019indirizzo e-mail: ud.ecumenismo@chiesabellunofeltre.it oppure con un messaggio Whatsapp al numero 333 . 6782427).\u00a0E a proposito di preghiere per la pace: successo del grande evento di fraternit\u00e0 dell\u2019altro pomeriggio, con i leader delle religioni all\u2019Ara Coeli e in Campidoglio a lanciare appelli per la pace nel mondo e Papa Francesco a sottolineare ancora una volta che \u201cla guerra \u00e8 il fallimento della politica e dell\u2019umanit\u00e0\u201d.\u00a0In chiusura torniamo brevemente sulla nuova enciclica di Papa Francesco con la libera enciclopedia Wikipedia che in proposito ricorda che \u201cE\u2019 dedicata alla fraternit\u00e0 e all\u2019amicizia sociale. Un documento che rimarca ancora una volta, l\u2019attenzione del Pontefice verso ogni donna e uomo. Come sottolinea Alessandra Smerilli nella Guida alla lettura di questa edizione, Francesco denuncia con forza la cultura dell\u2019indifferenza e dello scarto e invita a guardare il mondo a partire dalle periferie, quelle economiche, materiali ed esistenziali. Come gi\u00e0 avvenuto per altri documenti del Pontefice, anche \u2018Fratelli tutti\u2019 si lascia ispirare dalla capacit\u00e0 di dialogo e dalla fraternit\u00e0 che hanno caratterizzato la vita e la missione di san Francesco. Questa edizione, oltre alla Guida alla lettura, contiene un ricco apparato di indici a cura di Giuliano Vigini. Sogniamo come un\u2019unica umanit\u00e0, come viandanti fatti della stessa carne umana, come figli di questa stessa terra che ospita tutti noi, ciascuno con la ricchezza della sua fede o delle sue convinzioni, ciascuno con la propria voce, tutti fratelli\u201d.<\/p>\n\n\t\t\t<style type='text\/css'>\n\t\t\t\t#gallery-1 {\n\t\t\t\t\tmargin: auto;\n\t\t\t\t}\n\t\t\t\t#gallery-1 .gallery-item {\n\t\t\t\t\tfloat: left;\n\t\t\t\t\tmargin-top: 10px;\n\t\t\t\t\ttext-align: center;\n\t\t\t\t\twidth: 16%;\n\t\t\t\t}\n\t\t\t\t#gallery-1 img {\n\t\t\t\t\tborder: 2px solid #cfcfcf;\n\t\t\t\t}\n\t\t\t\t#gallery-1 .gallery-caption {\n\t\t\t\t\tmargin-left: 0;\n\t\t\t\t}\n\t\t\t\t\/* see gallery_shortcode() in wp-includes\/media.php *\/\n\t\t\t<\/style>\n\t\t<div id='gallery-1' class='dt-gallery-container gallery galleryid-167718 gallery-columns-6 gallery-size-thumbnail'><dl class='gallery-item'>\n\t\t\t\t<dt class='gallery-icon portrait'>\n\t\t\t\t\t<a class=\"rollover rollover-zoom dt-pswp-item\" title=\"122336557_362285391855820_5380421858473128808_n\" data-dt-img-description=\"\" data-large_image_width=\"502\" data-large_image_height=\"687\"href='https:\/\/www.radiopiu.net\/wordpress\/wp-content\/uploads\/2020\/10\/122336557_362285391855820_5380421858473128808_n.jpg'><img loading=\"lazy\" decoding=\"async\" width=\"150\" height=\"150\" src=\"https:\/\/www.radiopiu.net\/wordpress\/wp-content\/uploads\/2020\/10\/122336557_362285391855820_5380421858473128808_n-150x150.jpg\" class=\"attachment-thumbnail size-thumbnail\" alt=\"\" \/><\/a>\n\t\t\t\t<\/dt><\/dl><dl class='gallery-item'>\n\t\t\t\t<dt class='gallery-icon portrait'>\n\t\t\t\t\t<a class=\"rollover rollover-zoom dt-pswp-item\" title=\"122324219_268261914550427_339895511165523444_n\" data-dt-img-description=\"\" data-large_image_width=\"249\" data-large_image_height=\"396\"href='https:\/\/www.radiopiu.net\/wordpress\/wp-content\/uploads\/2020\/10\/122324219_268261914550427_339895511165523444_n.jpg'><img loading=\"lazy\" decoding=\"async\" width=\"150\" height=\"150\" src=\"https:\/\/www.radiopiu.net\/wordpress\/wp-content\/uploads\/2020\/10\/122324219_268261914550427_339895511165523444_n-150x150.jpg\" class=\"attachment-thumbnail size-thumbnail\" alt=\"\" \/><\/a>\n\t\t\t\t<\/dt><\/dl><dl class='gallery-item'>\n\t\t\t\t<dt class='gallery-icon landscape'>\n\t\t\t\t\t<a class=\"rollover rollover-zoom dt-pswp-item\" title=\"122344780_426784575391386_5281628764580636193_n\" data-dt-img-description=\"\" data-large_image_width=\"1024\" data-large_image_height=\"682\"href='https:\/\/www.radiopiu.net\/wordpress\/wp-content\/uploads\/2020\/10\/122344780_426784575391386_5281628764580636193_n.jpg'><img loading=\"lazy\" decoding=\"async\" width=\"150\" height=\"150\" src=\"https:\/\/www.radiopiu.net\/wordpress\/wp-content\/uploads\/2020\/10\/122344780_426784575391386_5281628764580636193_n-150x150.jpg\" class=\"attachment-thumbnail size-thumbnail\" alt=\"\" \/><\/a>\n\t\t\t\t<\/dt><\/dl><dl class='gallery-item'>\n\t\t\t\t<dt class='gallery-icon landscape'>\n\t\t\t\t\t<a class=\"rollover rollover-zoom dt-pswp-item\" title=\"122336960_760125764716242_7975481997455146134_n\" data-dt-img-description=\"\" data-large_image_width=\"302\" data-large_image_height=\"191\"href='https:\/\/www.radiopiu.net\/wordpress\/wp-content\/uploads\/2020\/10\/122336960_760125764716242_7975481997455146134_n.jpg'><img loading=\"lazy\" decoding=\"async\" width=\"150\" height=\"150\" src=\"https:\/\/www.radiopiu.net\/wordpress\/wp-content\/uploads\/2020\/10\/122336960_760125764716242_7975481997455146134_n-150x150.jpg\" class=\"attachment-thumbnail size-thumbnail\" alt=\"\" \/><\/a>\n\t\t\t\t<\/dt><\/dl><dl class='gallery-item'>\n\t\t\t\t<dt class='gallery-icon portrait'>\n\t\t\t\t\t<a class=\"rollover rollover-zoom dt-pswp-item\" title=\"122400435_428751591442981_7477911324306354194_n\" data-dt-img-description=\"\" data-large_image_width=\"98\" data-large_image_height=\"128\"href='https:\/\/www.radiopiu.net\/wordpress\/wp-content\/uploads\/2020\/10\/122400435_428751591442981_7477911324306354194_n.png'><img loading=\"lazy\" decoding=\"async\" width=\"98\" height=\"128\" src=\"https:\/\/www.radiopiu.net\/wordpress\/wp-content\/uploads\/2020\/10\/122400435_428751591442981_7477911324306354194_n.png\" class=\"attachment-thumbnail size-thumbnail\" alt=\"\" \/><\/a>\n\t\t\t\t<\/dt><\/dl><dl class='gallery-item'>\n\t\t\t\t<dt class='gallery-icon portrait'>\n\t\t\t\t\t<a class=\"rollover rollover-zoom dt-pswp-item\" title=\"122199843_3687819597918687_3564845624144358451_n\" data-dt-img-description=\"\" data-large_image_width=\"120\" data-large_image_height=\"178\"href='https:\/\/www.radiopiu.net\/wordpress\/wp-content\/uploads\/2020\/10\/122199843_3687819597918687_3564845624144358451_n.jpg'><img loading=\"lazy\" decoding=\"async\" width=\"120\" height=\"150\" src=\"https:\/\/www.radiopiu.net\/wordpress\/wp-content\/uploads\/2020\/10\/122199843_3687819597918687_3564845624144358451_n-120x150.jpg\" class=\"attachment-thumbnail size-thumbnail\" alt=\"\" \/><\/a>\n\t\t\t\t<\/dt><\/dl><br style=\"clear: both\" \/>\n\t\t\t<\/div>\n\n<p>NELLE FOTO (sito chiesabellunofeltre, Avvenire e Google): la copertina della lettera-enciclica di Papa Francesco sulla fraternit\u00e0 e l\u2019amicizia sociale; Papa Bergoglio; il Pontefice in Campidoglio accende un cero per la pace nel mondo; la sala-teatro del centro diocesano bellunese Giovanni XXIII che ospiter\u00e0 la \u201cGiornata per il dialogo cristiano islamico\u201d; il prof. Michele Zanzucchi; il prof. Adnane Mokrani.<\/p>\n","protected":false},"excerpt":{"rendered":"<p>di\u00a0Renato Bona\u00a0 BELLUNO Torna sabato 24 &#8211; con alcuni giorni di anticipo per la Diocesi di Belluno-Feltre sulla classica data del 27 ottobre &#8211; la \u201cGiornata per il dialogo cristiano islamico\u201d che quest\u2019anno avr\u00e0 per tema: \u201cFratelli tutti, costruiamo una sola umanit\u00e0\u201d, anche nel ricordo della classica data che fu scelta 19 anni fa per&hellip;<\/p>\n","protected":false},"author":4,"featured_media":167722,"comment_status":"closed","ping_status":"closed","sticky":false,"template":"","format":"standard","meta":{"_monsterinsights_skip_tracking":false,"_monsterinsights_sitenote_active":false,"_monsterinsights_sitenote_note":"","_monsterinsights_sitenote_category":0,"footnotes":""},"categories":[49],"tags":[],"class_list":["post-167718","post","type-post","status-publish","format-standard","has-post-thumbnail","hentry","category-news-18","category-49","description-off"],"img_url":"https:\/\/www.radiopiu.net\/wordpress\/wp-content\/uploads\/2020\/10\/122344780_426784575391386_5281628764580636193_n.jpg","_links":{"self":[{"href":"https:\/\/www.radiopiu.net\/wordpress\/wp-json\/wp\/v2\/posts\/167718","targetHints":{"allow":["GET"]}}],"collection":[{"href":"https:\/\/www.radiopiu.net\/wordpress\/wp-json\/wp\/v2\/posts"}],"about":[{"href":"https:\/\/www.radiopiu.net\/wordpress\/wp-json\/wp\/v2\/types\/post"}],"author":[{"embeddable":true,"href":"https:\/\/www.radiopiu.net\/wordpress\/wp-json\/wp\/v2\/users\/4"}],"replies":[{"embeddable":true,"href":"https:\/\/www.radiopiu.net\/wordpress\/wp-json\/wp\/v2\/comments?post=167718"}],"version-history":[{"count":0,"href":"https:\/\/www.radiopiu.net\/wordpress\/wp-json\/wp\/v2\/posts\/167718\/revisions"}],"wp:featuredmedia":[{"embeddable":true,"href":"https:\/\/www.radiopiu.net\/wordpress\/wp-json\/wp\/v2\/media\/167722"}],"wp:attachment":[{"href":"https:\/\/www.radiopiu.net\/wordpress\/wp-json\/wp\/v2\/media?parent=167718"}],"wp:term":[{"taxonomy":"category","embeddable":true,"href":"https:\/\/www.radiopiu.net\/wordpress\/wp-json\/wp\/v2\/categories?post=167718"},{"taxonomy":"post_tag","embeddable":true,"href":"https:\/\/www.radiopiu.net\/wordpress\/wp-json\/wp\/v2\/tags?post=167718"}],"curies":[{"name":"wp","href":"https:\/\/api.w.org\/{rel}","templated":true}]}}