{"id":167741,"date":"2020-10-22T05:53:03","date_gmt":"2020-10-22T03:53:03","guid":{"rendered":"https:\/\/www.radiopiu.net\/wordpress\/?p=167741"},"modified":"2020-10-22T06:14:26","modified_gmt":"2020-10-22T04:14:26","slug":"covid-19-zaia-in-consiglio-regionale-siamo-pronti-al-peggio-ma-lavoriamo-per-evitarlo","status":"publish","type":"post","link":"https:\/\/www.radiopiu.net\/wordpress\/covid-19-zaia-in-consiglio-regionale-siamo-pronti-al-peggio-ma-lavoriamo-per-evitarlo\/","title":{"rendered":"COVID-19. ZAIA IN CONSIGLIO REGIONALE, \u201cSIAMO PRONTI AL PEGGIO, MA LAVORIAMO PER EVITARLO&#8221;"},"content":{"rendered":"<p><strong><a class=\"dt-pswp-item\" href=\"https:\/\/www.radiopiu.net\/wordpress\/wp-content\/uploads\/2020\/05\/ZAIA-1.jpg\" data-dt-img-description=\"\" data-large_image_width=\"656\" data-large_image_height=\"492\"><img loading=\"lazy\" decoding=\"async\" class=\"size-medium wp-image-139388 alignleft\" src=\"https:\/\/www.radiopiu.net\/wordpress\/wp-content\/uploads\/2020\/05\/ZAIA-1-300x225.jpg\" alt=\"\" width=\"300\" height=\"225\" srcset=\"https:\/\/www.radiopiu.net\/wordpress\/wp-content\/uploads\/2020\/05\/ZAIA-1-300x225.jpg 300w, https:\/\/www.radiopiu.net\/wordpress\/wp-content\/uploads\/2020\/05\/ZAIA-1.jpg 656w\" sizes=\"auto, (max-width: 300px) 100vw, 300px\" \/><\/a>VENEZIA\u00a0<\/strong>\u201c<em>Gi\u00e0 oggi il sistema sanitario Veneto \u00e8 pronto ad attivare 1016 posti letto di terapia intensiva. Abbiamo a disposizione tutti i macchinari necessari, a cominciare dai respiratori automatici, e abbiamo un\u2019autosufficienza media di otto mesi per tutti gli altri dispositivi come mascherine e guanti. Qualche difficolt\u00e0, avanti nel tempo, potrebbe esserci per i camici, ma ci stiamo lavorando. Sul fronte del personale, non ci sono problemi per quello infermieristico che, dopo le molte assunzioni fatte, \u00e8 sufficiente, mentre preoccupa la carenza di medici. Un problema nazionale che viene da lontano. Per questo ho gi\u00e0 chiesto al Ministro della Salute Speranza di attivare dei corsi rapidi di anestesia e rianimazione per medici di altre specialit\u00e0. Oggi, sottolineo oggi perch\u00e9 nessuno ha la sfera di cristallo per prevedere cosa ci sar\u00e0 domani, la curva dei contagi \u00e8 in salita, ma non esiste alcuna emergenza ospedaliera. Oggi non ci sono le condizioni per ipotizzare un lock down in Veneto e continuiamo a lavorare perch\u00e9 non accada mai<\/em>\u201d.\u00a0Sono questi alcuni dei concetti principali espressi oggi dal Presidente della Regione Veneto, Luca Zaia, nell\u2019ampia parte dedicata al Covid-19 del suo intervento programmatico in Consiglio regionale.\u00a0Zaia ha tenuto a precisare subito le motivazioni per cui il bollettino Covid di oggi riporta un forte aumento: \u201c<em>un numero che va letto alla luce del fatto che \u2013 ha sottolineato &#8211;\u00a0 in una sola notte si sono scaricati praticamente tutti i dati di Venezia dal 15 ottobre a oggi (circa 500 positivit\u00e0), per una variazione del sistema informatico di carico dei dati. L\u2019aumento reale di oggi conferma quindi pi\u00f9 o meno l\u2019andamento dei giorni scorsi<\/em>\u201d.\u00a0\u201c<em>Noi non siamo n\u00e9 ottimisti n\u00e9 catastrofisti e non ci muoviamo sulla base di opinioni, ma di dati scientifici \u2013 ha ribadito il Governatore \u2013 come quelli che stanno alla base del nuovo Piano di Salute Pubblica che delinea cinque scenari di diversa gravit\u00e0 e le azioni sugli ospedali da modulare a seconda della situazione, e come quelli che quotidianamente diffondiamo e valutiamo con i nostri esperti. Facciamo ormai 25-30 mila tamponi al giorno, dai quali emerge che il 96% delle persone positive non presenta sintomi e abbiamo 66 ricoveri in terapia intensiva su 494 posti strutturati, pronti ad arrivare a 1.016. Quindi al momento non esiste tensione sugli ospedali. 66 ricoveri stanno nella forbice da 51 a 150 casi prevista dal livello 2 del nuovo Psp, mentre la fase 5 scatta sopra i 400 letti occupati. In ogni conteggio programmatorio teniamo naturalmente conto di almeno 200 posti da riservare ai pazienti con altre patologie gravi come infarti, ictus, interventi chirurgici importanti, incidenti stradali o sul lavoro. E\u2019 evidente che dobbiamo evitare a tutti i costi di raggiungere la fase 5, che significherebbe tensione elevatissima con il rischio di dover tagliare cure non Covid. Stiamo lavorando per questo, con una diagnostica sempre pi\u00f9 affinata e diffusa, usando non solo i tamponi molecolari di prima generazione, ma sempre di pi\u00f9 i tamponi rapidi sperimentati dal dottor Rigoli a Treviso e validati dal Centro di Riferimento Nazionale dello Spallanzani di Roma. Siamo pronti a usare i cosiddetti \u2018mini tamponi\u2019 mandando i nostri sanitari nelle scuole dove c\u2019\u00e8 bisogno di diagnosi per la presenza di una positivit\u00e0, mentre su un altro fronte si sta aprendo la prospettiva dei tamponi salivari<\/em>\u201d.\u00a0\u201c<em>Questo \u2013 ha detto Zaia \u2013 per ribadire che il Veneto \u00e8 fin dall\u2019inizio in prima fila per studiare e sperimentare tutte le novit\u00e0 nazionali e internazionali e che spesso siamo stati noi i precursori. A cominciare dal primo caso di V\u00f2 il 21 febbraio, a seguito del quale, sulla base del Piano di Salute Pubblica di allora, mi assunsi personalmente la responsabilit\u00e0 di decidere la chiusura del comune e l\u2019effettuazione dei tamponi a tappeto. Allora \u2013 ha ricordato Zaia \u2013 ci fu chi arriv\u00f2 ad accusarmi di danno erariale perch\u00e9 avrei usato male i soldi pubblici per fare una cosa inutile. Poco dopo, questo metodo divenne il faro della prevenzione in tutto il mondo, e lo \u00e8 tuttora<\/em>\u201d.\u00a0Zaia ha concluso rivolgendo un nuovo appello a tutti i cittadini: \u201c<em>Come tutti i virus \u2013 ha detto \u2013 anche questo se ne andr\u00e0. Abbiamo le cure migliori e un\u2019organizzazione forte, ma per uscirne serve che giochiamo come un\u2019unica squadra e che ognuno dia il suo apporto, portando sempre la mascherina, rispettando le distanze di sicurezza e le regole di igienizzazione delle mani<\/em>\u201d.<\/p>\n","protected":false},"excerpt":{"rendered":"<p>VENEZIA\u00a0\u201cGi\u00e0 oggi il sistema sanitario Veneto \u00e8 pronto ad attivare 1016 posti letto di terapia intensiva. Abbiamo a disposizione tutti i macchinari necessari, a cominciare dai respiratori automatici, e abbiamo un\u2019autosufficienza media di otto mesi per tutti gli altri dispositivi come mascherine e guanti. Qualche difficolt\u00e0, avanti nel tempo, potrebbe esserci per i camici, ma&hellip;<\/p>\n","protected":false},"author":4,"featured_media":139388,"comment_status":"closed","ping_status":"closed","sticky":false,"template":"","format":"standard","meta":{"_monsterinsights_skip_tracking":false,"_monsterinsights_sitenote_active":false,"_monsterinsights_sitenote_note":"","_monsterinsights_sitenote_category":0,"footnotes":""},"categories":[51,49],"tags":[],"class_list":["post-167741","post","type-post","status-publish","format-standard","has-post-thumbnail","hentry","category-evidenza-top","category-news-18","category-51","category-49","description-off"],"img_url":"https:\/\/www.radiopiu.net\/wordpress\/wp-content\/uploads\/2020\/05\/ZAIA-1.jpg","_links":{"self":[{"href":"https:\/\/www.radiopiu.net\/wordpress\/wp-json\/wp\/v2\/posts\/167741","targetHints":{"allow":["GET"]}}],"collection":[{"href":"https:\/\/www.radiopiu.net\/wordpress\/wp-json\/wp\/v2\/posts"}],"about":[{"href":"https:\/\/www.radiopiu.net\/wordpress\/wp-json\/wp\/v2\/types\/post"}],"author":[{"embeddable":true,"href":"https:\/\/www.radiopiu.net\/wordpress\/wp-json\/wp\/v2\/users\/4"}],"replies":[{"embeddable":true,"href":"https:\/\/www.radiopiu.net\/wordpress\/wp-json\/wp\/v2\/comments?post=167741"}],"version-history":[{"count":0,"href":"https:\/\/www.radiopiu.net\/wordpress\/wp-json\/wp\/v2\/posts\/167741\/revisions"}],"wp:featuredmedia":[{"embeddable":true,"href":"https:\/\/www.radiopiu.net\/wordpress\/wp-json\/wp\/v2\/media\/139388"}],"wp:attachment":[{"href":"https:\/\/www.radiopiu.net\/wordpress\/wp-json\/wp\/v2\/media?parent=167741"}],"wp:term":[{"taxonomy":"category","embeddable":true,"href":"https:\/\/www.radiopiu.net\/wordpress\/wp-json\/wp\/v2\/categories?post=167741"},{"taxonomy":"post_tag","embeddable":true,"href":"https:\/\/www.radiopiu.net\/wordpress\/wp-json\/wp\/v2\/tags?post=167741"}],"curies":[{"name":"wp","href":"https:\/\/api.w.org\/{rel}","templated":true}]}}