{"id":167784,"date":"2020-10-23T05:55:17","date_gmt":"2020-10-23T03:55:17","guid":{"rendered":"https:\/\/www.radiopiu.net\/wordpress\/?p=167784"},"modified":"2020-10-23T10:25:25","modified_gmt":"2020-10-23T08:25:25","slug":"giornale-radiopiu-23-ottobre-2020-direttore-mirko-mezzacasa","status":"publish","type":"post","link":"https:\/\/www.radiopiu.net\/wordpress\/giornale-radiopiu-23-ottobre-2020-direttore-mirko-mezzacasa\/","title":{"rendered":"GIORNALE RADIOPIU 23 OTTOBRE 2020 DIRETTORE MIRKO MEZZACASA"},"content":{"rendered":"<h3><strong>PER RICEVERE QUESTO NOTIZIARIO DIRETTAMENTE SUL TUO CELLULARE ISCRIVITI AL CANALE TELEGRAM <\/strong><strong>\u201cRADIO PIU\u00a0 INFORMAZIONE&#8221;<\/strong><\/h3>\n<p><em>ATTENZIONE: LA NUOVA APP PER IOS-IPHONE<\/em><\/p>\n<div>\n<div><a href=\"https:\/\/apps.apple.com\/it\/app\/radio-pi%C3%B9-emittente-agordina\/id1515939845\">https:\/\/apps.apple.com\/it\/app\/radio-pi%C3%B9-emittente-agordina\/id1515939845<\/a><\/div>\n<\/div>\n<div><\/div>\n<div>\n<div dir=\"auto\"><em>ATTENZIONE: LA NUOVA APP RADIO\u00a0 PER ANDROID<\/em><\/div>\n<\/div>\n<p><a href=\"https:\/\/play.google.com\/store\/apps\/details?id=net.radiopiu.iniko\" target=\"_blank\" rel=\"noopener noreferrer\">https:\/\/play.google.com\/store\/apps\/details?id=net.radiopiu.iniko\u00a0\u00a0<\/a><\/p>\n<p>&nbsp;<\/p>\n<p><strong>A CAVIOLA FESTEGGIATI DI 100 ANNI DI FIORETTA<\/strong><\/p>\n<p><a class=\"dt-pswp-item\" href=\"https:\/\/www.radiopiu.net\/wordpress\/wp-content\/uploads\/2020\/10\/121998794_3775364989140142_1213700517849199291_o.jpg\" data-dt-img-description=\"\" data-large_image_width=\"526\" data-large_image_height=\"526\"><img loading=\"lazy\" decoding=\"async\" class=\"alignnone size-medium wp-image-167998\" src=\"https:\/\/www.radiopiu.net\/wordpress\/wp-content\/uploads\/2020\/10\/121998794_3775364989140142_1213700517849199291_o-300x300.jpg\" alt=\"\" width=\"300\" height=\"300\" srcset=\"https:\/\/www.radiopiu.net\/wordpress\/wp-content\/uploads\/2020\/10\/121998794_3775364989140142_1213700517849199291_o-300x300.jpg 300w, https:\/\/www.radiopiu.net\/wordpress\/wp-content\/uploads\/2020\/10\/121998794_3775364989140142_1213700517849199291_o-150x150.jpg 150w, https:\/\/www.radiopiu.net\/wordpress\/wp-content\/uploads\/2020\/10\/121998794_3775364989140142_1213700517849199291_o.jpg 526w\" sizes=\"auto, (max-width: 300px) 100vw, 300px\" \/><\/a><\/p>\n<p>&nbsp;<\/p>\n<p>&nbsp;<\/p>\n<hr \/>\n<h3><strong><span style=\"color: #ff0000;\">Ora solare: domenica alle 3 lancette indietro di un&#8217;ora. Sar\u00e0 l&#8217;ultima volta?\u00a0<\/span><\/strong><\/h3>\n<blockquote>\n<hr \/>\n<h3><a class=\"dt-pswp-item\" href=\"https:\/\/www.radiopiu.net\/wordpress\/wp-content\/uploads\/2020\/10\/3c1bef73-fb07-4324-8bc7-9cfa0cac7c4a-1.jpg\" data-dt-img-description=\"\" data-large_image_width=\"1536\" data-large_image_height=\"2048\"><img loading=\"lazy\" decoding=\"async\" class=\" wp-image-167903 alignleft\" src=\"https:\/\/www.radiopiu.net\/wordpress\/wp-content\/uploads\/2020\/10\/3c1bef73-fb07-4324-8bc7-9cfa0cac7c4a-1-225x300.jpg\" alt=\"\" width=\"130\" height=\"173\" srcset=\"https:\/\/www.radiopiu.net\/wordpress\/wp-content\/uploads\/2020\/10\/3c1bef73-fb07-4324-8bc7-9cfa0cac7c4a-1-225x300.jpg 225w, https:\/\/www.radiopiu.net\/wordpress\/wp-content\/uploads\/2020\/10\/3c1bef73-fb07-4324-8bc7-9cfa0cac7c4a-1-768x1024.jpg 768w, https:\/\/www.radiopiu.net\/wordpress\/wp-content\/uploads\/2020\/10\/3c1bef73-fb07-4324-8bc7-9cfa0cac7c4a-1-1152x1536.jpg 1152w, https:\/\/www.radiopiu.net\/wordpress\/wp-content\/uploads\/2020\/10\/3c1bef73-fb07-4324-8bc7-9cfa0cac7c4a-1.jpg 1536w\" sizes=\"auto, (max-width: 130px) 100vw, 130px\" \/><\/a>MERCOLEDI VACCINAZIONI ANTI INFLUENZALI A TAIBON PER I PAZIENTI DELLA DOTTORESSA FRIDA SPOTO, NELL&#8217;EX MUNICIPIO CON LA COLLABORAZIONE DEL COMUNE (foto, autunno in Piazza IV Novembre a Taibon Agordino, di Marco Gaz)<\/h3>\n<\/blockquote>\n<p><strong>AUDIO<\/strong><\/p>\n<audio class=\"wp-audio-shortcode\" id=\"audio-167784-1\" preload=\"none\" style=\"width: 100%;\" controls=\"controls\"><source type=\"audio\/mpeg\" src=\"https:\/\/www.radiopiu.net\/wordpress\/wp-content\/uploads\/2020\/10\/FRIDA.mp3?_=1\" \/><a href=\"https:\/\/www.radiopiu.net\/wordpress\/wp-content\/uploads\/2020\/10\/FRIDA.mp3\">https:\/\/www.radiopiu.net\/wordpress\/wp-content\/uploads\/2020\/10\/FRIDA.mp3<\/a><\/audio>\n<p>&nbsp;<\/p>\n<hr \/>\n<blockquote>\n<h3>DOMENICA\u00a0 VENDITA DI CRISANTEMI BENEFICA AD AGORDO<\/h3>\n<\/blockquote>\n<audio class=\"wp-audio-shortcode\" id=\"audio-167784-2\" preload=\"none\" style=\"width: 100%;\" controls=\"controls\"><source type=\"audio\/mpeg\" src=\"https:\/\/www.radiopiu.net\/wordpress\/wp-content\/uploads\/2020\/10\/CRISANTEMI.mp3?_=2\" \/><a href=\"https:\/\/www.radiopiu.net\/wordpress\/wp-content\/uploads\/2020\/10\/CRISANTEMI.mp3\">https:\/\/www.radiopiu.net\/wordpress\/wp-content\/uploads\/2020\/10\/CRISANTEMI.mp3<\/a><\/audio>\n<p>&nbsp;<\/p>\n<p>&nbsp;<\/p>\n<hr \/>\n<h2 style=\"text-align: left;\"><\/h2>\n<p>Nuovo record di contagi e quasi 1000 positivi in provincia. Le case di riposo ribadiscono l&#8217;appello &#8220;mancano infermieri&#8221; e chiedono aiuto alla Regione dove \u00e8 aperto un tavolo tecnico &#8220;residenzialit\u00e0 anziani&#8221;, diminuiscono i dipendenti e aumentano i rischi. Dalla Diocesi il vescovo di Belluno impone lo stop a tutte le processioni e funerali. Secondo Dolomitibus per i trasporti non c&#8217;\u00e8 alcuna emergenza, ma intanto si organizzano gli incontri con i dirigenti scolastici. per valutare eventuali richieste. Al Liceo Dal Piaz di Feltre due alunni positivi finiscono in quarantena con l&#8217;intera classe, stamane gli studenti tornano in classe per eseguire il tampone poi a casa e le lezioni riprenderanno con la didattica a distanza. La Regione prepara una nuova stretta, attesa per lunedi l&#8217;ordinanza (incentiver\u00e0 l&#8217;uso della mascherina e combatter\u00e0 gli assembramenti) mentre Zaia chiede al Governo la possibilit\u00e0 di poter usare l&#8217;app regionale per la sorveglianza a distanza dei positivi. In Regione se aumenteranno i ricoveri in terapia intensiva saranno riaperti 10 ospedali covid. La Germania ha incluso Veneto e Friuli nella zona rossa a rischio covid e i turisti s&#8217;allontanano. Il Governo ha dato il via libera per i tamponi rapidi sia nelle farmacie che negli ambulatori dei medici di base. Palazzo Chigi valuta lo stop negli spostameni tra Regioni<\/p>\n<blockquote>\n<h3>IN PROVINCIA SONO 3 I DECESSI DELLE ULTIME ORE. 92 I NUOVI POSITIVI. 75 LE PERSONE RICOVERATE NEGLI OSPEDALI BELLUNESI<\/h3>\n<\/blockquote>\n<p><strong>BELLUNO <\/strong>Sono 3 i decessi delle ultime ore in\u00a0Ulss 1 Dolomiti. Nella serata del 21 ottobre \u00e8 deceduto un paziente covid positivo di 94 anni in Pronto Soccorso a Belluno. Nella notte tra il 21 e il 22 ottobre \u00e8 deceduta un paziente covid positiva di anni 92 in Pronto Soccorso. \u00a0Nella mattinata del 22 ottobre \u00e8 deceduto un paziente covid positivo di 73 anni ricoverato in Terapia Intensiva a Belluno. Nelle ultime 24 ore sono emerse 92 nuove positivit\u00e0<\/p>\n<p><a class=\"dt-pswp-item\" href=\"https:\/\/www.radiopiu.net\/wordpress\/wp-content\/uploads\/2020\/10\/Schermata-2020-10-22-alle-18.51.17.png\" data-dt-img-description=\"\" data-large_image_width=\"1502\" data-large_image_height=\"764\"><img loading=\"lazy\" decoding=\"async\" class=\"aligncenter wp-image-167968 size-large\" src=\"https:\/\/www.radiopiu.net\/wordpress\/wp-content\/uploads\/2020\/10\/Schermata-2020-10-22-alle-18.51.17-1024x521.png\" alt=\"\" width=\"1024\" height=\"521\" srcset=\"https:\/\/www.radiopiu.net\/wordpress\/wp-content\/uploads\/2020\/10\/Schermata-2020-10-22-alle-18.51.17-1024x521.png 1024w, https:\/\/www.radiopiu.net\/wordpress\/wp-content\/uploads\/2020\/10\/Schermata-2020-10-22-alle-18.51.17-300x153.png 300w, https:\/\/www.radiopiu.net\/wordpress\/wp-content\/uploads\/2020\/10\/Schermata-2020-10-22-alle-18.51.17-768x391.png 768w, https:\/\/www.radiopiu.net\/wordpress\/wp-content\/uploads\/2020\/10\/Schermata-2020-10-22-alle-18.51.17.png 1502w\" sizes=\"auto, (max-width: 1024px) 100vw, 1024px\" \/><\/a><\/p>\n<p>&nbsp;<\/p>\n<hr \/>\n<p>&nbsp;<\/p>\n<blockquote>\n<blockquote>\n<h3>A LA VALLE E VOLTAGO ACQUA NON POTABILE<\/h3>\n<\/blockquote>\n<p><a class=\"dt-pswp-item\" href=\"https:\/\/www.radiopiu.net\/wordpress\/wp-content\/uploads\/2019\/10\/ACQUA-SPORCA.jpeg\" data-dt-img-description=\"\" data-large_image_width=\"1024\" data-large_image_height=\"768\"><img loading=\"lazy\" decoding=\"async\" class=\" wp-image-104646 alignleft\" src=\"https:\/\/www.radiopiu.net\/wordpress\/wp-content\/uploads\/2019\/10\/ACQUA-SPORCA-300x225.jpeg\" alt=\"\" width=\"127\" height=\"95\" srcset=\"https:\/\/www.radiopiu.net\/wordpress\/wp-content\/uploads\/2019\/10\/ACQUA-SPORCA-300x225.jpeg 300w, https:\/\/www.radiopiu.net\/wordpress\/wp-content\/uploads\/2019\/10\/ACQUA-SPORCA-768x576.jpeg 768w, https:\/\/www.radiopiu.net\/wordpress\/wp-content\/uploads\/2019\/10\/ACQUA-SPORCA.jpeg 1024w\" sizes=\"auto, (max-width: 127px) 100vw, 127px\" \/><\/a>Gestione Servizi Pubblici informa che a <strong>LA VALLE AGORDINA<\/strong> nelle LOCALITA&#8217; RONCHE, RONCHET, NOACH, LE CAMPE e CANCELLADE l&#8217;acqua erogata dall&#8217;acquedotto non \u00e8 potabile e pu\u00f2 essere usata per scopi alimentari SOLO PREVIA bollitura. GSP ha, comunque, gi\u00e0 adottato le necessarie misure per la disinfezione dell&#8217;acqua presente nei serbatoi e nella rete idrica con l&#8217;aggiunta di cloro.<\/p>\n<p>Anche a V<strong>OLTAGO AGORDINO<\/strong>, nelle LOCALITA&#8217; FRASSENE&#8217; e VILLA, l&#8217;acqua erogata dall&#8217;acquedotto non \u00e8 potabile e pu\u00f2 essere usata per scopi alimentari SOLO PREVIA bollitura.<\/p><\/blockquote>\n<p>&nbsp;<\/p>\n<hr \/>\n<p>&nbsp;<\/p>\n<blockquote>\n<h3>LAVORI E-DISTRIBUZIONE A CANALE D&#8217;AGORDO<\/h3>\n<\/blockquote>\n<p><strong>CANALE D&#8217;AGORDO<\/strong> Luned\u00ec 26 ottobre dalle 13 alle 16:30 verr\u00e0 interrotta l&#8217;energia elettrica a Canale D&#8217;Agordo per lavori sugli impianti di E-Distribuzione. Le vie interessate dal disservizio saranno: Piazza Papa Luciani, Via Cavallera, Via 20 Agosto, Via Tancon, Via Monsignor Bramezza e la localit\u00e0 Carfon.<\/p>\n<p>&nbsp;<\/p>\n<p>&nbsp;<\/p>\n<hr \/>\n<p>&nbsp;<\/p>\n<h3><span style=\"color: #0000ff;\">PER CHI VIAGGIA: <span style=\"color: #000000;\">negli spostamenti Agordo-Belluno prendetevi per tempo, sono due i semafori (non sincronizzati) tra La Stanga e Candaten. Disagi\u00a0 nelle ore di cambio turno in Luxottica ad Agordo.\u00a0<\/span><\/span><\/h3>\n<p>&nbsp;<\/p>\n<hr \/>\n<p>&nbsp;<\/p>\n<p><strong>SP 37 VILLAPAIERA &#8211; FELTRE &#8211;\u00a0 <\/strong>Fino al 30 novembre (compresi festivi e prefestivi) in abitato di Villapaiera interdizione totale al transito per sistemazione condotta fognaria<\/p>\n<div class=\"im_message_meta pull-right text-right noselect\"><\/div>\n<div class=\"im_message_body\">\n<div>\n<div class=\"im_message_text\" dir=\"auto\"><strong>SR 50 DEL GRAPPA E PASSO ROLLE<\/strong> fino a oggi, dalle 8 alle 17 , temporanee interruzioni alla viabilit\u00e0 di massimo 30 minuti per allestimento protezione in prossimit\u00e0 dell&#8217;imbocco a monte della galleria Pontet<\/div>\n<div dir=\"auto\"><\/div>\n<\/div>\n<\/div>\n<div class=\"im_history_message_wrap\">\n<div class=\"im_message_outer_wrap hasselect\" data-msg-id=\"-1\">\n<div class=\"im_message_wrap clearfix\">\n<div class=\"im_content_message_wrap im_message_out\">\n<div class=\"im_message_body\">\n<div>\n<div class=\"im_message_text\" dir=\"auto\"><strong>SR 203 AGORDINA<\/strong> fino a oggi, dalle 8 alle 12 e dalle 13:30 alle 17:30, temporanee interruzioni al traffico della durata massima di 20 minuti tra Cencenighe e Avoscan per esbosco con elicottero in attraversamento strada<\/div>\n<\/div>\n<\/div>\n<\/div>\n<\/div>\n<\/div>\n<\/div>\n<div class=\"im_history_message_wrap im_grouped\">\n<div class=\"im_message_outer_wrap hasselect\" data-msg-id=\"-2\">\n<div class=\"im_message_wrap clearfix\">\n<div class=\"im_content_message_wrap im_message_out\">\n<p>&nbsp;<\/p>\n<p>&nbsp;<\/p>\n<hr \/>\n<h3><\/h3>\n<blockquote>\n<h3>VICINI AI NOSTRI ANZIANI, DALLA PAGINA FACEBOOK DELLA QUESTURA<\/h3>\n<\/blockquote>\n<p><strong>BELLUNO<\/strong> Truffe infinite per le categorie pi\u00f9 deboli, ecco cosa \u00e8 comparso sulla pagina facebook della Questura di Belluno<\/p>\n<div dir=\"auto\"><img loading=\"lazy\" decoding=\"async\" class=\"alignleft\" src=\"https:\/\/www.radiopiu.net\/wordpress\/wp-content\/uploads\/2020\/10\/122155376_2438255296468504_8214527597780079683_o.jpg\" width=\"172\" height=\"97\" \/>Due casi: una signora ci chiama e racconta che la mamma anziana \u00e8 stata raggirata da una venditrice di detersivi la quale, con furbizia, \u00e8 riuscita a farle firmare un contratto con l&#8217;impegno di acquistare prodotti per un valore di 3000 euro circa (ovviamente l&#8217;anziana non lo aveva compreso&#8230;). Un uomo viene avvicinato da uno sconosciuto che cerca di vendergli una motosega. Per fortuna qui il signore non abbocca e chiama il 113. Entrambi gli episodi sono avvenuti nei giorni scorsi qui in provincia. Tutto questo per raccomandarvi ancora una volta di prestare attenzione a chi si presenta alla porta di casa vostra o vi ferma per strada proponendovi l&#8217;acquisto dei prodotti pi\u00f9 disparati. Le truffe purtroppo, malgrado il Covid, non conoscono lockdown!<\/div>\n<div dir=\"auto\"><a class=\"oajrlxb2 g5ia77u1 qu0x051f esr5mh6w e9989ue4 r7d6kgcz rq0escxv nhd2j8a9 nc684nl6 p7hjln8o kvgmc6g5 cxmmr5t8 oygrvhab hcukyx3x jb3vyjys rz4wbd8a qt6c0cv9 a8nywdso i1ao9s8h esuyzwwr f1sip0of lzcic4wl q66pz984 gpro0wi8 b1v8xokw\" tabindex=\"0\" role=\"link\" href=\"https:\/\/www.facebook.com\/hashtag\/essercisempre?__eep__=6&amp;__cft__[0]=AZXRvpJlnfCEH_PQBfPMWVymKBvVvFfz6TXvRodKpnIOFAXcmMZ-32YpZwDcZRfNEEDsuHW27_cFkvgui4sMSl1kB_rjOXUJItHGC_Q7p1wqFIOIMcWxc-p9ngK64v2ycg6cgXosOvK6uXP6g8KBPBO-MpNR31-XK1nHnISC_Upeow&amp;__tn__=*NK-R\">#essercisempre<\/a><\/div>\n<p>&nbsp;<\/p>\n<hr \/>\n<p>&nbsp;<\/p>\n<blockquote>\n<h3>FINDOMESTIC ADDEBITA A UN OMONIMO LA RATA DEL FINANZIAMENTO. &#8220;IO MI TUTELO&#8221; IN 15 GIORNI CHIARISCE IL CASO CON LA BANCA<\/h3>\n<\/blockquote>\n<p><strong>FELTRE<\/strong> Vedersi addebitare ogni mese delle rate di una cinquantina di euro senza sapere il perch\u00e9 non dev\u2019essere piacevole. E\u2019 successo in un Comune della Valbelluna a un signore che molti anni fa aveva acceso e poi regolarmente estinto un finanziamento con Findomestic Banca spa, e i suoi dati erano rimasti nel data base dell\u2019istituto di credito. Per un errore, la banca inizia ad addebitargli la rata di un altro finanziamento erogato a un suo omonimo. \u201cL<em>a prima rata da pagare gli \u00e8 arrivata a dicembre 2019 &#8211; racconta Andrea Brumurelli, fondatore dell\u2019Associazione Io mi tutelo con sede in Feltre &#8211; seguono quelle di gennaio e febbraio 2020. Il signore si \u00e8 rivolto inizialmente all\u2019agenzia di Belluno, dove alcuni anni prima aveva stipulato il contratto di finanziamento con i pagamenti regolarmente onorati. La banca procede quindi ad accreditargli la prima rata di dicembre, ma le altre due non arrivano pi\u00f9, nonostante le sue proteste. Cos\u00ec il signore decide di rivolgersi alla nostra associazione per il recupero delle due rate pagate. Abbiamo verificato innanzitutto che non fossero stati accesi illegittimamente dei finanziamenti. Ma ci\u00f2 non risultava, pertanto abbiamo chiesto alla banca il rimborso delle due rate rimanenti, che gli sono state accreditate nel giro di 15 giorni con le scuse dell\u2019istituto di credito\u201d.<\/em><\/p>\n<p>&nbsp;<\/p>\n<p>&nbsp;<\/p>\n<p>&nbsp;<\/p>\n<hr \/>\n<blockquote>\n<h3>PRESENTATO AL PUBBLICO IL PROGETTO DELLA CENTRALINA SUL TEGNAS<\/h3>\n<\/blockquote>\n<p><strong><a class=\"dt-pswp-item\" href=\"https:\/\/www.radiopiu.net\/wordpress\/wp-content\/uploads\/2020\/10\/VALLE-ANGHERAZ.jpg\" data-dt-img-description=\"\" data-large_image_width=\"1600\" data-large_image_height=\"894\"><img loading=\"lazy\" decoding=\"async\" class=\"size-medium wp-image-167959 alignleft\" src=\"https:\/\/www.radiopiu.net\/wordpress\/wp-content\/uploads\/2020\/10\/VALLE-ANGHERAZ-300x168.jpg\" alt=\"\" width=\"300\" height=\"168\" srcset=\"https:\/\/www.radiopiu.net\/wordpress\/wp-content\/uploads\/2020\/10\/VALLE-ANGHERAZ-300x168.jpg 300w, https:\/\/www.radiopiu.net\/wordpress\/wp-content\/uploads\/2020\/10\/VALLE-ANGHERAZ-1024x572.jpg 1024w, https:\/\/www.radiopiu.net\/wordpress\/wp-content\/uploads\/2020\/10\/VALLE-ANGHERAZ-768x429.jpg 768w, https:\/\/www.radiopiu.net\/wordpress\/wp-content\/uploads\/2020\/10\/VALLE-ANGHERAZ-1536x858.jpg 1536w, https:\/\/www.radiopiu.net\/wordpress\/wp-content\/uploads\/2020\/10\/VALLE-ANGHERAZ.jpg 1600w\" sizes=\"auto, (max-width: 300px) 100vw, 300px\" \/><\/a>TAIBON\u00a0<\/strong>L\u2019idea di realizzare una centralina sul torrente\u00a0 Tegnas non \u00e8 tramontata, non se ne parlava da tempo,\u00a0 forse anche perch\u00e9 l\u2019uragano Vaia ha completamente sconvolto la valle di San Lucano. Gi\u00e0 a suo tempo ci eravamo occupati comunque dei vari progetti presentati per la costruzione di centraline, come molti ricorderanno ci furono sia incontri in Municipio che vivaci sopralluoghi lungo il greto del torrente che attraversa una tra le pi\u00f9 belle vallate dolomitiche.\u00a0L\u2019ultima novit\u00e0 \u00e8 la presentazione al pubblico dei contenuti\u00a0 del progetto SKIAREA MIARA SRL con Zeno Kastlunger (legale rappresentante) e la SAN LUCANO IDROELETTRICA SRL con Francesco Pastore (legale rappresentante) che in solido propongono un progetto dal titolo \u201cIMPIANTO IDROELETTRICO COL DI PRA&#8217;\u201d<\/p>\n<p><strong>IL SERVIZIO DI GIANNI SANTOMASO<\/strong><\/p>\n<audio class=\"wp-audio-shortcode\" id=\"audio-167784-3\" preload=\"none\" style=\"width: 100%;\" controls=\"controls\"><source type=\"audio\/mpeg\" src=\"https:\/\/www.radiopiu.net\/wordpress\/wp-content\/uploads\/2020\/10\/GIANNI-CENTRALINA-TEGNAS.mp3?_=3\" \/><a href=\"https:\/\/www.radiopiu.net\/wordpress\/wp-content\/uploads\/2020\/10\/GIANNI-CENTRALINA-TEGNAS.mp3\">https:\/\/www.radiopiu.net\/wordpress\/wp-content\/uploads\/2020\/10\/GIANNI-CENTRALINA-TEGNAS.mp3<\/a><\/audio>\n<p>&nbsp;<\/p>\n<p><strong>IL SINDACO DI TAIBON SILVIA TORMEN<\/strong><\/p>\n<audio class=\"wp-audio-shortcode\" id=\"audio-167784-4\" preload=\"none\" style=\"width: 100%;\" controls=\"controls\"><source type=\"audio\/mpeg\" src=\"https:\/\/www.radiopiu.net\/wordpress\/wp-content\/uploads\/2020\/10\/SILVIA-TORMEN-CENTRALINA.mp3?_=4\" \/><a href=\"https:\/\/www.radiopiu.net\/wordpress\/wp-content\/uploads\/2020\/10\/SILVIA-TORMEN-CENTRALINA.mp3\">https:\/\/www.radiopiu.net\/wordpress\/wp-content\/uploads\/2020\/10\/SILVIA-TORMEN-CENTRALINA.mp3<\/a><\/audio>\n<p>&nbsp;<\/p>\n<hr \/>\n<p>&nbsp;<\/p>\n<blockquote>\n<h3>ANCHE LA RIAPERTURA DELLA STRADA DI CARFON E LA REALIZZAZIONE DEI PARCHEGGI NEL CONSIGLIO COMUNALE DI IERI SERA A CANALE D&#8217;AGORDO<\/h3>\n<\/blockquote>\n<p><strong>CANALE D&#8217;AGORDO<\/strong>\u00a0 Con il segretario Giacomo D&#8217;Antona in videoconferenza (bloccato a Cortina d&#8217;Ampezzo) si \u00e8 svolto ieri sera il consiglio comunale dove tutti i punti all&#8217;ordine del giorno sono stati approvati all&#8217;unanimit\u00e0: variazione al bilancio,\u00a0 bilancio di previsione e istanza di alienazione di alcuni terreni d\u2019uso civico in localit\u00e0 La Sota. In chiusura il sindaco ha risposto alle domande della minoranza sulla strada di Carfon, recupero degli schianti boschivi e parcheggi per la frazione. Radio Pi\u00f9 ha trasmesso in diretta il consiglio comunale.<\/p>\n<p>https:\/\/www.facebook.com\/Mirkomezziano\/videos\/2810416535907781<\/p>\n<p>&nbsp;<\/p>\n<p>&nbsp;<\/p>\n<hr \/>\n<p>&nbsp;<\/p>\n<blockquote>\n<h3>UNA SABO DAM PER CANCIA<\/h3>\n<\/blockquote>\n<blockquote><p><em>\u00c8 la briglia frangicolata di tecnologia giapponese che dovr\u00e0 trattenere la parte solida della colata, pi\u00f9 di 50mila metri cubi.<\/em><\/p><\/blockquote>\n<p><iframe loading=\"lazy\" title=\"DJI 0227\" width=\"1200\" height=\"675\" src=\"https:\/\/www.youtube.com\/embed\/cMcyrnfIMNg?feature=oembed\" frameborder=\"0\" allow=\"accelerometer; autoplay; clipboard-write; encrypted-media; gyroscope; picture-in-picture\" allowfullscreen><\/iframe><\/p>\n<p><strong>BORCA DI CADORE<\/strong>\u00a0 Nei giorni scorsi \u00e8 arrivata la struttura componibile della briglia \u201cSabo dam\u201d, l\u2019opera principale dell\u2019imponente lavoro di messa in sicurezza della frana di Cancia che sar\u00e0 installata a breve sul blocco di cemento armato gi\u00e0 realizzato per completare\u00a0 il\u00a0 primo stralcio del progetto di un cantiere iniziato nel settembre 2019 con una previsione di 630 giorni per la consegna dei lavori.\u00a0La \u201cSabo dam\u201d sar\u00e0 installata nel giro di qualche settimana.\u00a0 Negli ultimi mesi il canalone di Cancia \u00e8 stato interessato anche da altre due importanti operazioni da 330 mila euro: la rimozione dei\u00a0 5000 metri cubi di detriti accumulatisi nel vascone di contenimento a seguito degli eventi meteo di fine agosto e il ripristino della scogliera a monte del ponte.<\/p>\n<p><strong>AI MICROFONI DI RADIO PI\u00d9 IL CONSIGLIERE PROVINCIALE MASSIMO BORTOLUZZI<\/strong><\/p>\n<audio class=\"wp-audio-shortcode\" id=\"audio-167784-5\" preload=\"none\" style=\"width: 100%;\" controls=\"controls\"><source type=\"audio\/mpeg\" src=\"https:\/\/www.radiopiu.net\/wordpress\/wp-content\/uploads\/2020\/10\/BORTOLUZZI-CANCIA.mp3?_=5\" \/><a href=\"https:\/\/www.radiopiu.net\/wordpress\/wp-content\/uploads\/2020\/10\/BORTOLUZZI-CANCIA.mp3\">https:\/\/www.radiopiu.net\/wordpress\/wp-content\/uploads\/2020\/10\/BORTOLUZZI-CANCIA.mp3<\/a><\/audio>\n<p>&nbsp;<\/p>\n\n\t\t\t<style type='text\/css'>\n\t\t\t\t#gallery-1 {\n\t\t\t\t\tmargin: auto;\n\t\t\t\t}\n\t\t\t\t#gallery-1 .gallery-item {\n\t\t\t\t\tfloat: left;\n\t\t\t\t\tmargin-top: 10px;\n\t\t\t\t\ttext-align: center;\n\t\t\t\t\twidth: 25%;\n\t\t\t\t}\n\t\t\t\t#gallery-1 img {\n\t\t\t\t\tborder: 2px solid #cfcfcf;\n\t\t\t\t}\n\t\t\t\t#gallery-1 .gallery-caption {\n\t\t\t\t\tmargin-left: 0;\n\t\t\t\t}\n\t\t\t\t\/* see gallery_shortcode() in wp-includes\/media.php *\/\n\t\t\t<\/style>\n\t\t<div id='gallery-1' class='dt-gallery-container gallery galleryid-167784 gallery-columns-4 gallery-size-medium'><dl class='gallery-item'>\n\t\t\t\t<dt class='gallery-icon landscape'>\n\t\t\t\t\t<a class=\"rollover rollover-zoom dt-pswp-item\" title=\"DCIM100MEDIADJI_0276.JPG\" data-dt-img-description=\"\" data-large_image_width=\"1280\" data-large_image_height=\"960\"href='https:\/\/www.radiopiu.net\/wordpress\/wp-content\/uploads\/2020\/10\/Cancia-1.jpg'><img loading=\"lazy\" decoding=\"async\" width=\"300\" height=\"225\" src=\"https:\/\/www.radiopiu.net\/wordpress\/wp-content\/uploads\/2020\/10\/Cancia-1-300x225.jpg\" class=\"attachment-medium size-medium\" alt=\"\" srcset=\"https:\/\/www.radiopiu.net\/wordpress\/wp-content\/uploads\/2020\/10\/Cancia-1-300x225.jpg 300w, https:\/\/www.radiopiu.net\/wordpress\/wp-content\/uploads\/2020\/10\/Cancia-1-1024x768.jpg 1024w, https:\/\/www.radiopiu.net\/wordpress\/wp-content\/uploads\/2020\/10\/Cancia-1-768x576.jpg 768w, https:\/\/www.radiopiu.net\/wordpress\/wp-content\/uploads\/2020\/10\/Cancia-1.jpg 1280w\" sizes=\"auto, (max-width: 300px) 100vw, 300px\" \/><\/a>\n\t\t\t\t<\/dt><\/dl><dl class='gallery-item'>\n\t\t\t\t<dt class='gallery-icon landscape'>\n\t\t\t\t\t<a class=\"rollover rollover-zoom dt-pswp-item\" title=\"Briglia Sabo dam\" data-dt-img-description=\"\" data-large_image_width=\"1558\" data-large_image_height=\"899\"href='https:\/\/www.radiopiu.net\/wordpress\/wp-content\/uploads\/2020\/10\/Briglia-Sabo-dam.jpeg'><img loading=\"lazy\" decoding=\"async\" width=\"300\" height=\"173\" src=\"https:\/\/www.radiopiu.net\/wordpress\/wp-content\/uploads\/2020\/10\/Briglia-Sabo-dam-300x173.jpeg\" class=\"attachment-medium size-medium\" alt=\"\" srcset=\"https:\/\/www.radiopiu.net\/wordpress\/wp-content\/uploads\/2020\/10\/Briglia-Sabo-dam-300x173.jpeg 300w, https:\/\/www.radiopiu.net\/wordpress\/wp-content\/uploads\/2020\/10\/Briglia-Sabo-dam-1024x591.jpeg 1024w, https:\/\/www.radiopiu.net\/wordpress\/wp-content\/uploads\/2020\/10\/Briglia-Sabo-dam-768x443.jpeg 768w, https:\/\/www.radiopiu.net\/wordpress\/wp-content\/uploads\/2020\/10\/Briglia-Sabo-dam-1536x886.jpeg 1536w, https:\/\/www.radiopiu.net\/wordpress\/wp-content\/uploads\/2020\/10\/Briglia-Sabo-dam.jpeg 1558w\" sizes=\"auto, (max-width: 300px) 100vw, 300px\" \/><\/a>\n\t\t\t\t<\/dt><\/dl><dl class='gallery-item'>\n\t\t\t\t<dt class='gallery-icon landscape'>\n\t\t\t\t\t<a class=\"rollover rollover-zoom dt-pswp-item\" title=\"DCIM100MEDIADJI_0277.JPG\" data-dt-img-description=\"\" data-large_image_width=\"1280\" data-large_image_height=\"960\"href='https:\/\/www.radiopiu.net\/wordpress\/wp-content\/uploads\/2020\/10\/Cancia-2.jpg'><img loading=\"lazy\" decoding=\"async\" width=\"300\" height=\"225\" src=\"https:\/\/www.radiopiu.net\/wordpress\/wp-content\/uploads\/2020\/10\/Cancia-2-300x225.jpg\" class=\"attachment-medium size-medium\" alt=\"\" srcset=\"https:\/\/www.radiopiu.net\/wordpress\/wp-content\/uploads\/2020\/10\/Cancia-2-300x225.jpg 300w, https:\/\/www.radiopiu.net\/wordpress\/wp-content\/uploads\/2020\/10\/Cancia-2-1024x768.jpg 1024w, https:\/\/www.radiopiu.net\/wordpress\/wp-content\/uploads\/2020\/10\/Cancia-2-768x576.jpg 768w, https:\/\/www.radiopiu.net\/wordpress\/wp-content\/uploads\/2020\/10\/Cancia-2.jpg 1280w\" sizes=\"auto, (max-width: 300px) 100vw, 300px\" \/><\/a>\n\t\t\t\t<\/dt><\/dl><dl class='gallery-item'>\n\t\t\t\t<dt class='gallery-icon landscape'>\n\t\t\t\t\t<a class=\"rollover rollover-zoom dt-pswp-item\" title=\"DCIM101MEDIADJI_0226.JPG\" data-dt-img-description=\"\" data-large_image_width=\"1024\" data-large_image_height=\"768\"href='https:\/\/www.radiopiu.net\/wordpress\/wp-content\/uploads\/2020\/10\/Cancia-3.jpg'><img loading=\"lazy\" decoding=\"async\" width=\"300\" height=\"225\" src=\"https:\/\/www.radiopiu.net\/wordpress\/wp-content\/uploads\/2020\/10\/Cancia-3-300x225.jpg\" class=\"attachment-medium size-medium\" alt=\"\" srcset=\"https:\/\/www.radiopiu.net\/wordpress\/wp-content\/uploads\/2020\/10\/Cancia-3-300x225.jpg 300w, https:\/\/www.radiopiu.net\/wordpress\/wp-content\/uploads\/2020\/10\/Cancia-3-768x576.jpg 768w, https:\/\/www.radiopiu.net\/wordpress\/wp-content\/uploads\/2020\/10\/Cancia-3.jpg 1024w\" sizes=\"auto, (max-width: 300px) 100vw, 300px\" \/><\/a>\n\t\t\t\t<\/dt><\/dl><br style=\"clear: both\" \/>\n\t\t\t<\/div>\n\n<hr \/>\n<p>&nbsp;<\/p>\n<blockquote>\n<h3>IN ARRIVO FONDI PER I COMUNI BELLUNESI PIU&#8217; COLPITI DALL&#8217;EMERGENZA CORONAVIRUS<\/h3>\n<\/blockquote>\n<p><strong>VENEZIA<\/strong>\u00a0 Oltre 280 mila euro ai comuni della provincia di Belluno. L\u2019annuncio \u00e8 della deputata di Italia Viva Sara Moretto, che rende noto l\u2019elenco dei comuni bellunesi beneficiari e il relativo stanziamento. Il fondo prevede una dotazione per i comuni in zona rossa e una parte invece per i comuni, in rapporto alla popolazione residente, in base all\u2019incidenza del numero dei casi di contagio e dei decessi da COVID-19 comunicati dal Ministero della salute e accertati fino al 30 giugno 2020. Per questa seconda fascia di comuni, in cui rientrano gli enti bellunesi, sono stanziati nel complesso 17.280.800 euro, di cui oltre 1,2 milioni spettano al Veneto. <em>\u201cUn aiuto concreto e importante agli enti particolarmente penalizzati dall\u2019emergenza \u2013 conclude la deputata -, che certo non compenser\u00e0 le gravi perdite subite dalle comunit\u00e0 e gli sforzi dei sindaci ma che rappresenta un segnale di riconoscimento e d\u2019aiuto. Bisogna proseguire sulla strada del supporto concreto ai territori, ne sono convinta da sempre\u201d.<\/em><\/p>\n<table width=\"433\">\n<tbody>\n<tr>\n<td width=\"87\"><strong>REGIONE<\/strong><\/td>\n<td width=\"95\"><strong>PROVINCIA<\/strong><\/td>\n<td width=\"143\"><strong>ENTE<\/strong><\/td>\n<td width=\"109\"><strong>CONTRIBUTO<\/strong><\/td>\n<\/tr>\n<tr>\n<td>VENETO<\/td>\n<td>BELLUNO<\/td>\n<td>ALANO DI PIAVE<\/td>\n<td>31.162,22<\/td>\n<\/tr>\n<tr>\n<td>VENETO<\/td>\n<td>BELLUNO<\/td>\n<td>ALPAGO<\/td>\n<td>30.145,65<\/td>\n<\/tr>\n<tr>\n<td>VENETO<\/td>\n<td>BELLUNO<\/td>\n<td>BORGO VALBELLUNA<\/td>\n<td>84.158,85<\/td>\n<\/tr>\n<tr>\n<td>VENETO<\/td>\n<td>BELLUNO<\/td>\n<td>CORTINA D&#8217;AMPEZZO<\/td>\n<td>46.167,60<\/td>\n<\/tr>\n<tr>\n<td>VENETO<\/td>\n<td>BELLUNO<\/td>\n<td>LAMON<\/td>\n<td>20.682,16<\/td>\n<\/tr>\n<tr>\n<td>VENETO<\/td>\n<td>BELLUNO<\/td>\n<td>PEDAVENA<\/td>\n<td>70.745,51<\/td>\n<\/tr>\n<tr>\n<td colspan=\"3\"><\/td>\n<td><span style=\"color: #ff0000;\">283.061,99<\/span><\/td>\n<\/tr>\n<\/tbody>\n<\/table>\n<p>&nbsp;<\/p>\n<p>&nbsp;<\/p>\n<hr \/>\n<p>&nbsp;<\/p>\n<blockquote>\n<h3>ORARI SALE SLOT IL TAR RESPINGE LA RICHIESTA DI SOSPENSIVA<\/h3>\n<\/blockquote>\n<p><strong><a class=\"dt-pswp-item\" href=\"https:\/\/www.radiopiu.net\/wordpress\/wp-content\/uploads\/2020\/08\/SLOT-MACHINE.jpg\" data-dt-img-description=\"\" data-large_image_width=\"1920\" data-large_image_height=\"1278\"><img loading=\"lazy\" decoding=\"async\" class=\" wp-image-152886 alignleft\" src=\"https:\/\/www.radiopiu.net\/wordpress\/wp-content\/uploads\/2020\/08\/SLOT-MACHINE-300x200.jpg\" alt=\"\" width=\"243\" height=\"162\" srcset=\"https:\/\/www.radiopiu.net\/wordpress\/wp-content\/uploads\/2020\/08\/SLOT-MACHINE-300x200.jpg 300w, https:\/\/www.radiopiu.net\/wordpress\/wp-content\/uploads\/2020\/08\/SLOT-MACHINE-1024x682.jpg 1024w, https:\/\/www.radiopiu.net\/wordpress\/wp-content\/uploads\/2020\/08\/SLOT-MACHINE-768x511.jpg 768w, https:\/\/www.radiopiu.net\/wordpress\/wp-content\/uploads\/2020\/08\/SLOT-MACHINE-1536x1022.jpg 1536w, https:\/\/www.radiopiu.net\/wordpress\/wp-content\/uploads\/2020\/08\/SLOT-MACHINE.jpg 1920w\" sizes=\"auto, (max-width: 243px) 100vw, 243px\" \/><\/a>BELLUNO<\/strong>\u00a0 Nuova vittoria del Comune di Belluno al tribunale amministrativo in materia di gioco d&#8217;azzardo: la Terza Sezione del TAR Veneto ha infatti respinto la richiesta di sospensiva dell&#8217;ordinanza dello scorso luglio che disciplina orari e funzionamento delle sale slot e delle \u201cmacchinette\u201d da gioco nei locali, avanzata da una societ\u00e0 del settore.\u00a0 E&#8217; arrivata la risposta negativa da parte del TAR, che ha quindi per ora confermato la validit\u00e0 del provvedimento adottato dal Comune. Tra i punti contestati, la societ\u00e0 sottolineava come l&#8217;ordinanza non rispettasse l&#8217;intesa raggiunta dalla Conferenza unificata Stato-Regioni-Enti Locali, che prevede una durata possibile delle aperture superiore alle 8 ore; come la legge regionale abbia limitato i poteri dei sindaci in materia di orari; come l&#8217;ordinanza non salvaguardi l&#8217;occupazione e gli interessi economici. Il Comune di Belluno, difeso dall&#8217;avvocato civico Paolo Vignola, ha invece sottolineato come l&#8217;intesa Stato-Regioni non sia stata recepita in alcun provvedimento normativo, e come altri TAR regionali e il Consiglio di Stato non la considerino vincolante<\/p>\n<p><strong>IL SINDACO DI BELLUNO JACOPO MASSARO<\/strong><\/p>\n<audio class=\"wp-audio-shortcode\" id=\"audio-167784-6\" preload=\"none\" style=\"width: 100%;\" controls=\"controls\"><source type=\"audio\/mpeg\" src=\"https:\/\/www.radiopiu.net\/wordpress\/wp-content\/uploads\/2020\/10\/Massaro-Tar-respinge-sospensiva-ordinanza-orari-sale-slot.mp3?_=6\" \/><a href=\"https:\/\/www.radiopiu.net\/wordpress\/wp-content\/uploads\/2020\/10\/Massaro-Tar-respinge-sospensiva-ordinanza-orari-sale-slot.mp3\">https:\/\/www.radiopiu.net\/wordpress\/wp-content\/uploads\/2020\/10\/Massaro-Tar-respinge-sospensiva-ordinanza-orari-sale-slot.mp3<\/a><\/audio>\n<p>&nbsp;<\/p>\n<p>&nbsp;<\/p>\n<hr \/>\n<p>&nbsp;<\/p>\n<blockquote>\n<h3>SOLIDARIETA&#8217; DI CASA A ROCCA PIETORE<\/h3>\n<\/blockquote>\n<p><strong>ROCCA PIETORE<\/strong> Ieri hanno fatto visita ai bambini della scuola Primaria: Gino Balzan, Renzo Poloni e Danilo Dal Farra rappresentanti dell&#8217; Ordine dei Cavalieri di San Martino di Sospirolo- Belluno, portando in dono vari materiali scolastici : colle, inchiostri per stampanti, carta per fotocopie ecc.\u00a0 Si sono intrattenuti con gli alunni e le insegnanti, spiegando quali sono gli scopi e le finalit\u00e0 della loro Associazione. Per vari motivi organizzativi non sono potuti venire prima, ma hanno sottolineato come il loro pensiero voglia contribuire alla ripresa morale e sociale della nostra comunit\u00e0 duramente colpita dalla devastazione di Vaia.<\/p>\n\n\t\t\t<style type='text\/css'>\n\t\t\t\t#gallery-2 {\n\t\t\t\t\tmargin: auto;\n\t\t\t\t}\n\t\t\t\t#gallery-2 .gallery-item {\n\t\t\t\t\tfloat: left;\n\t\t\t\t\tmargin-top: 10px;\n\t\t\t\t\ttext-align: center;\n\t\t\t\t\twidth: 33%;\n\t\t\t\t}\n\t\t\t\t#gallery-2 img {\n\t\t\t\t\tborder: 2px solid #cfcfcf;\n\t\t\t\t}\n\t\t\t\t#gallery-2 .gallery-caption {\n\t\t\t\t\tmargin-left: 0;\n\t\t\t\t}\n\t\t\t\t\/* see gallery_shortcode() in wp-includes\/media.php *\/\n\t\t\t<\/style>\n\t\t<div id='gallery-2' class='dt-gallery-container gallery galleryid-167784 gallery-columns-3 gallery-size-medium'><dl class='gallery-item'>\n\t\t\t\t<dt class='gallery-icon landscape'>\n\t\t\t\t\t<a class=\"rollover rollover-zoom dt-pswp-item\" title=\"a6f0abb2-dcda-48e3-842d-7034055d5548\" data-dt-img-description=\"\" data-large_image_width=\"1600\" data-large_image_height=\"1200\"href='https:\/\/www.radiopiu.net\/wordpress\/wp-content\/uploads\/2020\/10\/a6f0abb2-dcda-48e3-842d-7034055d5548.jpg'><img loading=\"lazy\" decoding=\"async\" width=\"300\" height=\"225\" src=\"https:\/\/www.radiopiu.net\/wordpress\/wp-content\/uploads\/2020\/10\/a6f0abb2-dcda-48e3-842d-7034055d5548-300x225.jpg\" class=\"attachment-medium size-medium\" alt=\"\" srcset=\"https:\/\/www.radiopiu.net\/wordpress\/wp-content\/uploads\/2020\/10\/a6f0abb2-dcda-48e3-842d-7034055d5548-300x225.jpg 300w, https:\/\/www.radiopiu.net\/wordpress\/wp-content\/uploads\/2020\/10\/a6f0abb2-dcda-48e3-842d-7034055d5548-1024x768.jpg 1024w, https:\/\/www.radiopiu.net\/wordpress\/wp-content\/uploads\/2020\/10\/a6f0abb2-dcda-48e3-842d-7034055d5548-768x576.jpg 768w, https:\/\/www.radiopiu.net\/wordpress\/wp-content\/uploads\/2020\/10\/a6f0abb2-dcda-48e3-842d-7034055d5548-1536x1152.jpg 1536w, https:\/\/www.radiopiu.net\/wordpress\/wp-content\/uploads\/2020\/10\/a6f0abb2-dcda-48e3-842d-7034055d5548.jpg 1600w\" sizes=\"auto, (max-width: 300px) 100vw, 300px\" \/><\/a>\n\t\t\t\t<\/dt><\/dl><dl class='gallery-item'>\n\t\t\t\t<dt class='gallery-icon landscape'>\n\t\t\t\t\t<a class=\"rollover rollover-zoom dt-pswp-item\" title=\"857dbf95-4dbc-4d71-8fa8-5a98d5441705\" data-dt-img-description=\"\" data-large_image_width=\"1600\" data-large_image_height=\"1200\"href='https:\/\/www.radiopiu.net\/wordpress\/wp-content\/uploads\/2020\/10\/857dbf95-4dbc-4d71-8fa8-5a98d5441705.jpg'><img loading=\"lazy\" decoding=\"async\" width=\"300\" height=\"225\" src=\"https:\/\/www.radiopiu.net\/wordpress\/wp-content\/uploads\/2020\/10\/857dbf95-4dbc-4d71-8fa8-5a98d5441705-300x225.jpg\" class=\"attachment-medium size-medium\" alt=\"\" srcset=\"https:\/\/www.radiopiu.net\/wordpress\/wp-content\/uploads\/2020\/10\/857dbf95-4dbc-4d71-8fa8-5a98d5441705-300x225.jpg 300w, https:\/\/www.radiopiu.net\/wordpress\/wp-content\/uploads\/2020\/10\/857dbf95-4dbc-4d71-8fa8-5a98d5441705-1024x768.jpg 1024w, https:\/\/www.radiopiu.net\/wordpress\/wp-content\/uploads\/2020\/10\/857dbf95-4dbc-4d71-8fa8-5a98d5441705-768x576.jpg 768w, https:\/\/www.radiopiu.net\/wordpress\/wp-content\/uploads\/2020\/10\/857dbf95-4dbc-4d71-8fa8-5a98d5441705-1536x1152.jpg 1536w, https:\/\/www.radiopiu.net\/wordpress\/wp-content\/uploads\/2020\/10\/857dbf95-4dbc-4d71-8fa8-5a98d5441705.jpg 1600w\" sizes=\"auto, (max-width: 300px) 100vw, 300px\" \/><\/a>\n\t\t\t\t<\/dt><\/dl><dl class='gallery-item'>\n\t\t\t\t<dt class='gallery-icon landscape'>\n\t\t\t\t\t<a class=\"rollover rollover-zoom dt-pswp-item\" title=\"f9d663c2-bbd7-4074-86bc-be4fff57c500\" data-dt-img-description=\"\" data-large_image_width=\"1600\" data-large_image_height=\"1200\"href='https:\/\/www.radiopiu.net\/wordpress\/wp-content\/uploads\/2020\/10\/f9d663c2-bbd7-4074-86bc-be4fff57c500.jpg'><img loading=\"lazy\" decoding=\"async\" width=\"300\" height=\"225\" src=\"https:\/\/www.radiopiu.net\/wordpress\/wp-content\/uploads\/2020\/10\/f9d663c2-bbd7-4074-86bc-be4fff57c500-300x225.jpg\" class=\"attachment-medium size-medium\" alt=\"\" srcset=\"https:\/\/www.radiopiu.net\/wordpress\/wp-content\/uploads\/2020\/10\/f9d663c2-bbd7-4074-86bc-be4fff57c500-300x225.jpg 300w, https:\/\/www.radiopiu.net\/wordpress\/wp-content\/uploads\/2020\/10\/f9d663c2-bbd7-4074-86bc-be4fff57c500-1024x768.jpg 1024w, https:\/\/www.radiopiu.net\/wordpress\/wp-content\/uploads\/2020\/10\/f9d663c2-bbd7-4074-86bc-be4fff57c500-768x576.jpg 768w, https:\/\/www.radiopiu.net\/wordpress\/wp-content\/uploads\/2020\/10\/f9d663c2-bbd7-4074-86bc-be4fff57c500-1536x1152.jpg 1536w, https:\/\/www.radiopiu.net\/wordpress\/wp-content\/uploads\/2020\/10\/f9d663c2-bbd7-4074-86bc-be4fff57c500.jpg 1600w\" sizes=\"auto, (max-width: 300px) 100vw, 300px\" \/><\/a>\n\t\t\t\t<\/dt><\/dl><br style=\"clear: both\" \/>\n\t\t\t<\/div>\n\n<p>&nbsp;<\/p>\n<hr \/>\n<p>&nbsp;<\/p>\n<blockquote>\n<h3>AL VIA L&#8217; OPERAZIONE ANTIVALANGHE<\/h3>\n<\/blockquote>\n<p><strong>ROCCA PIETORE<\/strong>\u00a0 Posizionati gli esploditori \u00a0O&#8217;Bellx\u00a0 per il distacco programmato delle valanghe nella zona delle Crepe Rosse, a difesa della strada del Passo Fedaia, del rifugio Tabia Palazza, della linea elettrica, dell&#8217;acquedotto della Val Pettorina, della pista e dello skilift Arei 2.\u00a0 l&#8217;investimento vale un milione di euro per interessamento del Comune di Rocca e della societ\u00e0 impianti Padon- Marmolada. Lo skilift Arei 1 diversamente dall&#8217;Arei 2 non sar\u00e0 pi\u00f9 messo in funzione ma verr\u00e0 sostituito da un nuovo impianto di cabinovia che la nuova societ\u00e0 Padon-Marmolada\u00a0 di\u00a0 Diego De Battista intende realizzare.<\/p>\n<p>IL SINDACO ANDREA DE BERNARDIN<\/p>\n<audio class=\"wp-audio-shortcode\" id=\"audio-167784-7\" preload=\"none\" style=\"width: 100%;\" controls=\"controls\"><source type=\"audio\/mpeg\" src=\"https:\/\/www.radiopiu.net\/wordpress\/wp-content\/uploads\/2020\/10\/ANDREA.mp3?_=7\" \/><a href=\"https:\/\/www.radiopiu.net\/wordpress\/wp-content\/uploads\/2020\/10\/ANDREA.mp3\">https:\/\/www.radiopiu.net\/wordpress\/wp-content\/uploads\/2020\/10\/ANDREA.mp3<\/a><\/audio>\n<p>&nbsp;<\/p>\n<p><a class=\"dt-pswp-item\" href=\"https:\/\/www.radiopiu.net\/wordpress\/wp-content\/uploads\/2020\/10\/c7385d56-cb18-44ee-9d97-8138ea1af81d.jpg\" data-dt-img-description=\"\" data-large_image_width=\"1024\" data-large_image_height=\"768\"><img loading=\"lazy\" decoding=\"async\" class=\"alignnone wp-image-167917\" src=\"https:\/\/www.radiopiu.net\/wordpress\/wp-content\/uploads\/2020\/10\/c7385d56-cb18-44ee-9d97-8138ea1af81d-300x225.jpg\" alt=\"\" width=\"223\" height=\"167\" srcset=\"https:\/\/www.radiopiu.net\/wordpress\/wp-content\/uploads\/2020\/10\/c7385d56-cb18-44ee-9d97-8138ea1af81d-300x225.jpg 300w, https:\/\/www.radiopiu.net\/wordpress\/wp-content\/uploads\/2020\/10\/c7385d56-cb18-44ee-9d97-8138ea1af81d-768x576.jpg 768w, https:\/\/www.radiopiu.net\/wordpress\/wp-content\/uploads\/2020\/10\/c7385d56-cb18-44ee-9d97-8138ea1af81d.jpg 1024w\" sizes=\"auto, (max-width: 223px) 100vw, 223px\" \/><\/a><a class=\"dt-pswp-item\" href=\"https:\/\/www.radiopiu.net\/wordpress\/wp-content\/uploads\/2020\/10\/f5c806b9-c293-41f7-affe-488079fd65a4.jpg\" data-dt-img-description=\"\" data-large_image_width=\"1024\" data-large_image_height=\"768\"><img loading=\"lazy\" decoding=\"async\" class=\"alignnone wp-image-167918\" src=\"https:\/\/www.radiopiu.net\/wordpress\/wp-content\/uploads\/2020\/10\/f5c806b9-c293-41f7-affe-488079fd65a4-150x150.jpg\" alt=\"\" width=\"170\" height=\"170\" \/><\/a><\/p>\n<p>&nbsp;<\/p>\n<p>&nbsp;<\/p>\n<hr \/>\n<blockquote>\n<h3><\/h3>\n<h3>CASTELLO ILLUMINATO NEL SEGNO DELLA PREVENZIONE DEL TUMORE AL SENO<\/h3>\n<\/blockquote>\n<p><strong><a class=\"dt-pswp-item\" href=\"https:\/\/www.radiopiu.net\/wordpress\/wp-content\/uploads\/2020\/10\/Castello.jpg\" data-dt-img-description=\"\" data-large_image_width=\"1892\" data-large_image_height=\"1180\"><img loading=\"lazy\" decoding=\"async\" class=\" wp-image-167850 alignleft\" src=\"https:\/\/www.radiopiu.net\/wordpress\/wp-content\/uploads\/2020\/10\/Castello-300x187.jpg\" alt=\"\" width=\"206\" height=\"128\" srcset=\"https:\/\/www.radiopiu.net\/wordpress\/wp-content\/uploads\/2020\/10\/Castello-300x187.jpg 300w, https:\/\/www.radiopiu.net\/wordpress\/wp-content\/uploads\/2020\/10\/Castello-1024x639.jpg 1024w, https:\/\/www.radiopiu.net\/wordpress\/wp-content\/uploads\/2020\/10\/Castello-768x479.jpg 768w, https:\/\/www.radiopiu.net\/wordpress\/wp-content\/uploads\/2020\/10\/Castello-1536x958.jpg 1536w, https:\/\/www.radiopiu.net\/wordpress\/wp-content\/uploads\/2020\/10\/Castello.jpg 1892w\" sizes=\"auto, (max-width: 206px) 100vw, 206px\" \/><\/a>FELTRE<\/strong> Ottobre \u00e8 il mese della prevenzione del tumore al seno, grazie alla campagna promossa dalla\u00a0 Lega Italiana per la Lotta ai Tumori. Il Comune di Feltre sar\u00e0 impegnato con alcune azioni di sensibilizzazione alla cittadinanza che prevedono, tra l\u2019altro, l\u2019esposizione di uno striscione presso la rotatoria \u201cdei pompieri\u201d e l\u2019illuminazione (sabato e domenica) della facciata sud del Castello di Alboino. <em>\u201cIl tema della battaglia contro il tumore del seno e, pi\u00f9 in generale, i tumori femminili ci vede in prima linea; sono infatti ancora molte le conquiste da ottenere in questo ambito\u201d<\/em>,\u00a0 lo dice\u00a0 l\u2019assessore ai Servizi Sociali e alle Pari Opportunit\u00e0 del Comune di Feltre Giorgia Li Castri. <em>&#8220;Basti pensare &#8211; continua &#8211;\u00a0 alla necessit\u00e0 di ampliare lo screening gratuito, che deve essere disponibile anche per la fascia d\u2019et\u00e0 35-45 anni &#8211; proprio perch\u00e9 in et\u00e0 giovane i tumori mammari sono ancora pi\u00f9 aggressivi &#8211; ad oggi esclusa, o ai problemi dati dai forti rallentamenti verificatisi per le visite e le diagnosi precoci in concomitanza della pandemia da Coronavirus. Siamo impegnati affinch\u00e9 l\u2019attenzione resti alta su questo tema: \u00e8 una questione di salute, ma ancor prima di civilt\u00e0\u201d.<\/em><\/p>\n<p>&nbsp;<\/p>\n<p>&nbsp;<\/p>\n<hr \/>\n<p>&nbsp;<\/p>\n<blockquote>\n<h3>DILLO A RADIO PIU&#8217;. A PROPOSITO DI AUTOVELOX IN VALLE DEL BIOIS&#8230;<\/h3>\n<\/blockquote>\n<p><strong><a class=\"dt-pswp-item\" href=\"https:\/\/www.radiopiu.net\/wordpress\/wp-content\/uploads\/2020\/10\/34712958-4116-4934-a0ba-974c192d806b.jpg\" data-dt-img-description=\"\" data-large_image_width=\"1200\" data-large_image_height=\"1599\"><img loading=\"lazy\" decoding=\"async\" class=\"size-medium wp-image-167834 alignleft\" src=\"https:\/\/www.radiopiu.net\/wordpress\/wp-content\/uploads\/2020\/10\/34712958-4116-4934-a0ba-974c192d806b-225x300.jpg\" alt=\"\" width=\"225\" height=\"300\" srcset=\"https:\/\/www.radiopiu.net\/wordpress\/wp-content\/uploads\/2020\/10\/34712958-4116-4934-a0ba-974c192d806b-225x300.jpg 225w, https:\/\/www.radiopiu.net\/wordpress\/wp-content\/uploads\/2020\/10\/34712958-4116-4934-a0ba-974c192d806b-768x1023.jpg 768w, https:\/\/www.radiopiu.net\/wordpress\/wp-content\/uploads\/2020\/10\/34712958-4116-4934-a0ba-974c192d806b-1153x1536.jpg 1153w, https:\/\/www.radiopiu.net\/wordpress\/wp-content\/uploads\/2020\/10\/34712958-4116-4934-a0ba-974c192d806b.jpg 1200w\" sizes=\"auto, (max-width: 225px) 100vw, 225px\" \/><\/a>FALCADE<\/strong> Anche a Falcade Alto, come in localit\u00e0 La Mora (Canale d&#8217;Agordo) ieri sera \u00e8 stato installato un rilevatore non di velocit\u00e0, ma di auto in transito, ideale per la statistica e il controllo dei flussi di traffico<em> &#8220;Infatti &#8211; commenta il sindaco di Falcade Michele Costa &#8211; non si tratta di un&#8217;iniziativa del Comune per il controllo della velocit\u00e0&#8221;<\/em>, anche perch\u00e9 l&#8217;autovelox a Falcade Alto \u00e8 gi\u00e0 previsto, o meglio da tempo ha trovato collocazione il contenitore grigio metallico\u00a0 con controlli periodici in presenza degli agenti di Polizia Locale, non si tratta pertanto di un autovelox fisso tipo Morbiach, Le Vare, Santa Maria delle Grazie etc&#8230; Ieri sera, in concomitanza con il montaggio della nuova apparecchiatura abbiamo ricevuto una nota che volentieri pubblichiamo<\/p>\n<p><em>&#8220;Installazione a Falcade Alto ieri sera verso le 17. Autovelox o telecamera? Se \u00e8 un autovelox direi che bisognerebbe posizionarne uno anche a monte dell&#8217;abitato, cio\u00e8 in entrata scendendo dal passo San Pellegrino. Il limite nell&#8217;abitato di Falcade Alto \u00e8 di 30 km\/h e spesso, a qualsiasi ora del giorno o della notte, c&#8217;\u00e8 chi sfreccia fregandosene di tale limite. C&#8217;\u00e8\u00a0 una strettoia che inviterebbe pure alla prudenza, ma come \u00e8 arcinoto la stupidit\u00e0 umana \u00e8 infinita. In 7 anni di amministrazione da parte dell&#8217;attuale Sindaco mi sarei aspettato anche qualcosa di pi\u00f9, non per fare cassa, ma per garantire la sicurezza a chi abita a Falcade Alto e non c&#8217;\u00e8 bisogno di chiss\u00e0 quanti soldi, esperimenti o opere straordinarie. Si spera sempre che gli amministratori locali siano lungimiranti e capaci, ma capita di rado e in realt\u00e0 anche pi\u00f9 complicate di Falcade.&#8221;<\/em><\/p>\n<p>&nbsp;<\/p>\n<p>&nbsp;<\/p>\n<hr \/>\n<blockquote>\n<h3><\/h3>\n<h3>ZAIA ANTICIPA UNA NUOVA ORDINANZA ANTI ASSEMBRAMENTO. VERSO I 40MILA POSITIVI &#8220;DIRETTA, DA MARGHERA LA CONFERENZA STAMPA&#8221;<\/h3>\n<\/blockquote>\n<p><strong>VENEZIA<\/strong> Aumenta la curva dei contagi. Rispetto a marzo il carico di ricoveri \u00e8 diverso, non c&#8217;\u00e8 pi\u00f9 la proporzione ricoveri-terapia intensiva. A marzo 1 su 3 finiva attaccato ai respiratori in gravi condizioni. Oggi il rapporto \u00e8 di 1 a 9 se rimanesse cos\u00ec sar\u00e0 fondamentale capire l&#8217;evoluzione dei sintomatici. Oggi entrano in terapia intensiva anziani che arrivano dalle case di riposo. Che oggi abbiamo 580 persone ricoverate e 66 in terapia intensiva vuol dire che c&#8217;\u00e8 uno sbarramento pauroso nelle cure. A marzo lo sbarramento non c&#8217;era. La nuova ordinanza? Non anticipo nulla ma dico ai cittadini che siamo entrati nella fase che non si scherza pi\u00f9 e il naso va messo sotto la mascherina non fuori evitando sorprese.<\/p>\n<h2>LEGGI LA CONFERENZA STAMPA &#8220;Invece che pensare ai mini lockdown si usi la mascherina&#8221;.<\/h2>\n<blockquote><p><em>Zaia anticipa che nel fine settimana ci sar\u00e0 una nuova ordinanza\u00a0 contro gli assembramenti e restrizioni non da lockdown che serviranno per creare meno contatti tra i cittadini, mentre crescono i contagi alla grande &#8220;perch\u00e8 li cerchiamo&#8221;. Oggi riunione con il Governo per il contact traging<\/em><\/p><\/blockquote>\n<p>Il 29 marzo avevamo raggiunto l&#8217;esordio dell&#8217;epidemia, 356 persone in terapia intensiva, erano passati 40 giorni dall&#8217;inizio, poi la curva \u00e8 iniziata a crescere con una situazione tranquilla ai primi di maggio. Una tipica curva a campana. Oggi la vediamo crescere, prima met\u00e0 della campana \u00e8 da capire dove si posizioneranno le terapie intensive, oggi \u00e8 una crescita lenta pur con l&#8217;impennata di positivi ma si fanno 10 volte pi\u00f9 tamponi rispetto a marzo, sono quasi 30mila al giorno. La curva ci dice che sta crescendo ma lentamente, negli ultimi giorni le terapia intensive sono stabili. Non dobbiamo cantare vittoria, il covid ci ha abituato a cambi repentini che \u00e8 la nostra preoccupazione. Chi \u00e8 a casa deve essere correttamente informato, non sono n\u00e8 catastrofista n\u00e8 l&#8217;Alice nel paese delle meraviglia. Come fatto per 140 giorni nella prima fase lo facciamo anche oggi. La storia \u00e8 sempre quella della doppia curva. Dobbiamo venire fuori da un lungo inverno, in ospedale abbiamo 66 persone in terapia intensiva a 588 ricoverate, c&#8217;\u00e8 pressione in ospedale, siamo preoccupati perch\u00e9 arriver\u00e0 anche il picco dell&#8217;influenza e ci sar\u00e0 l&#8217;allerta per la sovrapposizione delle due patologie. Siamo pronto con l&#8217;artiglieria pesante. In magazzino abbiamo disponibilit\u00e0 per otto mesi. Le 1000 terapie intensive per noi sono reali non sulla carta. Siamo sempre nella seconda fascia (fino a 150 terapie intensive) poi nella terza fascia se arriveremo attiveremo 10 ospedali covid (Belluno compreso) che verranno sottratti alle cure ordinarie. Dobbiamo evitare il collasso della sanit\u00e0 in una Regione che eroga 80 mila prestazioni l&#8217;anno, 7000 al mese a chi ne ha bisogno. A Gianpaolo Bottacin chiedero&#8217; le statistiche per contagi-abitanti-tampone. Mancano medici pur avendo assunto nfermieri non ci sono medici effetto di una mancata programmazione a livello di universit\u00e0: ne mancano oltre 56 mila in Italia, oltre 1300 nel Veneto. Bisogna fare corsi per medici da impiegare nelle terapie intensive. Noi non abbiamo mai sospeso i tamponi,d&#8217;estate non abbiamo fatto meno tamponi, abbiamo continuato anche in casa di riposo e abbiamo trovato sempre tutto pulito poi improvvisamente \u00e8 tornato il virus. Eppure abbiamo continuato a fare i tamponi ogni 20 giorni. Difficile dire che il contagio \u00e8 avvenuto in spiaggia. Il coronavirus scompare d&#8217;estate per poi tornare con le stagioni fredde. Con 25-30 mila tamponi al giorno noi la nostra parte l&#8217;abbiamo fatta.<\/p>\n<p>https:\/\/www.facebook.com\/zaiaufficiale\/videos\/2705809599667961\/<\/p>\n<p>&nbsp;<\/p>\n<hr \/>\n<p>&nbsp;<\/p>\n<blockquote>\n<h3>COVID 19. ZAIA, \u201cIN VENETO NOVITA\u2019 IN ARRIVO\u201d<\/h3>\n<\/blockquote>\n<p><strong><a class=\"dt-pswp-item\" href=\"https:\/\/www.radiopiu.net\/wordpress\/wp-content\/uploads\/2020\/04\/ZAIA.jpg\" data-dt-img-description=\"\" data-large_image_width=\"960\" data-large_image_height=\"720\"><img loading=\"lazy\" decoding=\"async\" class=\"alignleft wp-image-133954 size-medium\" src=\"https:\/\/www.radiopiu.net\/wordpress\/wp-content\/uploads\/2020\/04\/ZAIA-300x225.jpg\" alt=\"\" width=\"300\" height=\"225\" srcset=\"https:\/\/www.radiopiu.net\/wordpress\/wp-content\/uploads\/2020\/04\/ZAIA-300x225.jpg 300w, https:\/\/www.radiopiu.net\/wordpress\/wp-content\/uploads\/2020\/04\/ZAIA-768x576.jpg 768w, https:\/\/www.radiopiu.net\/wordpress\/wp-content\/uploads\/2020\/04\/ZAIA.jpg 960w\" sizes=\"auto, (max-width: 300px) 100vw, 300px\" \/><\/a>VENEZIA\u00a0<\/strong>Per fronteggiare l\u2019evoluzione del Covid-19 senza intasare gli ospedali, che \u00e8 il rischio maggiore, la Regione Veneto ha ulteriormente affinato le sue azioni, sul fronte della sorveglianza attiva dei pazienti positivi o paucisintomatici in isolamento domiciliare e sull\u2019erogazione delle terapie ad essi necessarie. Su questi due aspetti si \u00e8 soffermato oggi il Presidente Luca Zaia, nel corso del punto stampa tenutosi alla Protezione Civile a Marghera per fare il punto della situazione affiancato, come sempre, dagli Assessori Manuela Lanzarin (Sanit\u00e0) e Gianpaolo Bottacin (Protezione Civile). \u201c<em>La curva delle positivit\u00e0 \u2013 ha detto Zaia illustrando i dati di oggi \u2013 sta salendo di giorno in giorno, ma rimangono stabili i ricoveri in terapia intensiva, e la percentuale dei sintomatici rispetto ai positivi rimane bassa, al 3,32%. Siamo di fronte a una situazione diversa da quella del marzo scorso, ma non per questo meno preoccupante. Perci\u00f2 la guardia resta altissima e le azioni di sanit\u00e0 pubblica si devono evolvere con l\u2019evolversi dei numeri e dell\u2019epidemiologia, e tenendo conto che, con il crescere dei positivi (ogni positivo genera in media 20 contatti) e dei paucisintomatici bisogna affinare la sorveglianza attiva e le modalit\u00e0 di trattamento farmaceutico a domicilio<\/em>\u201d. \u201c<em>In questo senso \u2013 ha aggiunto il Governatore \u2013 rivolgo al Governo un appello perch\u00e9 siano individuati e validati dei protocolli specifici per la cura dei pazienti a casa fino a che non si renda necessario il ricovero, perch\u00e9 da febbraio scorso \u2013 ha sottolineato &#8211; anche i metodi e i farmaci per le cure hanno fatto progressi e registrato innovazioni che sarebbe bene codificare e condividere. E\u2019 evidente che, pi\u00f9 si riesce ad assistere efficacemente un malato a domicilio, meno si accresce la pressione sugli ospedali<\/em>\u201d Per fronteggiare l\u2019esigenza di controllo delle migliaia in isolamento fiduciario, inoltre, potrebbe, fra poco, non risultare pi\u00f9 efficiente come dovrebbe il metodo della telefonata quotidiana a casa da parte dei tracciatori. Ecco quindi che Zaia ha annunciato l\u2019attivazione di una App di biosorveglianza attraverso la quale ogni persona isolata potr\u00e0 quotidianamente far sapere le proprie condizioni alla struttura sanitaria presso la quale \u00e8 in carico. Se la segnalazione dovesse far emergere qualche preoccupazione, allora i sanitari si porteranno al domicilio del paziente. \u201c<em>L\u2019abbiamo pronta da Giugno \u2013 detto Zaia \u2013 ma non l\u2019abbiamo attivata perch\u00e9 non volevamo apparisse come una sorta di concorrenza a Immuni, anche se ha finalit\u00e0 e modalit\u00e0 operative assolutamente diverse. Illustrer\u00f2 al Governo questa nostra novit\u00e0 \u2013 ha aggiunto \u2013 perch\u00e9 siamo convinti possa alleggerire molti problemi non solo in Veneto<\/em>\u201d. Infine, il Presidente ha annunciato la prossima emanazione di una sua nuova ordinanza dai contenuti che egli stesso ha definito \u201cinnovativi\u201d, ora al vaglio di legittimit\u00e0 da parte degli esperti legali della Regione, precisando che \u201c<em>si tratta di contenere meglio i rischi di assembramento e di contagio, senza assolutamente immaginare nessun tipo di lock down<\/em>\u201d.<\/p>\n<p>&nbsp;<\/p>\n<hr \/>\n<h3><\/h3>\n<blockquote class=\"wp-embedded-content\" data-secret=\"4P1hfwsmBp\"><p><a href=\"https:\/\/www.radiopiu.net\/wordpress\/coronavirus-aggiornamento-nazionale-22-ottobre\/\">CORONAVIRUS: AGGIORNAMENTO NAZIONALE 22 OTTOBRE<\/a><\/p><\/blockquote>\n<p><iframe loading=\"lazy\" class=\"wp-embedded-content\" sandbox=\"allow-scripts\" security=\"restricted\" style=\"position: absolute; clip: rect(1px, 1px, 1px, 1px);\" title=\"&#8220;CORONAVIRUS: AGGIORNAMENTO NAZIONALE 22 OTTOBRE&#8221; &#8212; Radio Pi\u00f9\" src=\"https:\/\/www.radiopiu.net\/wordpress\/coronavirus-aggiornamento-nazionale-22-ottobre\/embed\/#?secret=4P1hfwsmBp\" data-secret=\"4P1hfwsmBp\" width=\"600\" height=\"338\" frameborder=\"0\" marginwidth=\"0\" marginheight=\"0\" scrolling=\"no\"><\/iframe><\/p>\n<p>&nbsp;<\/p>\n<hr \/>\n<p>&nbsp;<\/p>\n<blockquote class=\"wp-embedded-content\" data-secret=\"ADxlzr1Uqs\"><p><a href=\"https:\/\/www.radiopiu.net\/wordpress\/sono-1543-i-nuovi-positivi-in-veneto-delle-ultime-24-ore-10-i-decessi-aumentano-i-ricoveri-ma-anche-i-dimessi-dagli-ospedali-a-belluno-92-nuove-positivita\/\">SONO 1543 I NUOVI POSITIVI IN VENETO DELLE ULTIME 24 ORE. 10 I DECESSI, AUMENTANO I RICOVERI MA ANCHE I DIMESSI DAGLI OSPEDALI. A BELLUNO 92 NUOVE POSITIVIT\u00c0<\/a><\/p><\/blockquote>\n<p><iframe loading=\"lazy\" class=\"wp-embedded-content\" sandbox=\"allow-scripts\" security=\"restricted\" style=\"position: absolute; clip: rect(1px, 1px, 1px, 1px);\" title=\"&#8220;SONO 1543 I NUOVI POSITIVI IN VENETO DELLE ULTIME 24 ORE. 10 I DECESSI, AUMENTANO I RICOVERI MA ANCHE I DIMESSI DAGLI OSPEDALI. A BELLUNO 92 NUOVE POSITIVIT\u00c0&#8221; &#8212; Radio Pi\u00f9\" src=\"https:\/\/www.radiopiu.net\/wordpress\/sono-1543-i-nuovi-positivi-in-veneto-delle-ultime-24-ore-10-i-decessi-aumentano-i-ricoveri-ma-anche-i-dimessi-dagli-ospedali-a-belluno-92-nuove-positivita\/embed\/#?secret=ADxlzr1Uqs\" data-secret=\"ADxlzr1Uqs\" width=\"600\" height=\"338\" frameborder=\"0\" marginwidth=\"0\" marginheight=\"0\" scrolling=\"no\"><\/iframe><\/p>\n<p>&nbsp;<\/p>\n<hr \/>\n<p>&nbsp;<\/p>\n<blockquote>\n<h3>I GRAFICI DI TIZIANO DE COL<\/h3>\n<\/blockquote>\n\n\t\t\t<style type='text\/css'>\n\t\t\t\t#gallery-3 {\n\t\t\t\t\tmargin: auto;\n\t\t\t\t}\n\t\t\t\t#gallery-3 .gallery-item {\n\t\t\t\t\tfloat: left;\n\t\t\t\t\tmargin-top: 10px;\n\t\t\t\t\ttext-align: center;\n\t\t\t\t\twidth: 50%;\n\t\t\t\t}\n\t\t\t\t#gallery-3 img {\n\t\t\t\t\tborder: 2px solid #cfcfcf;\n\t\t\t\t}\n\t\t\t\t#gallery-3 .gallery-caption {\n\t\t\t\t\tmargin-left: 0;\n\t\t\t\t}\n\t\t\t\t\/* see gallery_shortcode() in wp-includes\/media.php *\/\n\t\t\t<\/style>\n\t\t<div id='gallery-3' class='dt-gallery-container gallery galleryid-167784 gallery-columns-2 gallery-size-medium'><dl class='gallery-item'>\n\t\t\t\t<dt class='gallery-icon landscape'>\n\t\t\t\t\t<a class=\"rollover rollover-zoom dt-pswp-item\" title=\"5fe03027-467c-4e87-b299-ff724fad0eec\" data-dt-img-description=\"\" data-large_image_width=\"595\" data-large_image_height=\"335\"href='https:\/\/www.radiopiu.net\/wordpress\/wp-content\/uploads\/2020\/10\/5fe03027-467c-4e87-b299-ff724fad0eec.jpg'><img loading=\"lazy\" decoding=\"async\" width=\"300\" height=\"169\" src=\"https:\/\/www.radiopiu.net\/wordpress\/wp-content\/uploads\/2020\/10\/5fe03027-467c-4e87-b299-ff724fad0eec-300x169.jpg\" class=\"attachment-medium size-medium\" alt=\"\" srcset=\"https:\/\/www.radiopiu.net\/wordpress\/wp-content\/uploads\/2020\/10\/5fe03027-467c-4e87-b299-ff724fad0eec-300x169.jpg 300w, https:\/\/www.radiopiu.net\/wordpress\/wp-content\/uploads\/2020\/10\/5fe03027-467c-4e87-b299-ff724fad0eec.jpg 595w\" sizes=\"auto, (max-width: 300px) 100vw, 300px\" \/><\/a>\n\t\t\t\t<\/dt><\/dl><dl class='gallery-item'>\n\t\t\t\t<dt class='gallery-icon portrait'>\n\t\t\t\t\t<a class=\"rollover rollover-zoom dt-pswp-item\" title=\"5963cdb8-f7ed-4338-bfb0-ef3f2714cb20\" data-dt-img-description=\"\" data-large_image_width=\"600\" data-large_image_height=\"618\"href='https:\/\/www.radiopiu.net\/wordpress\/wp-content\/uploads\/2020\/10\/5963cdb8-f7ed-4338-bfb0-ef3f2714cb20.jpg'><img loading=\"lazy\" decoding=\"async\" width=\"291\" height=\"300\" src=\"https:\/\/www.radiopiu.net\/wordpress\/wp-content\/uploads\/2020\/10\/5963cdb8-f7ed-4338-bfb0-ef3f2714cb20-291x300.jpg\" class=\"attachment-medium size-medium\" alt=\"\" srcset=\"https:\/\/www.radiopiu.net\/wordpress\/wp-content\/uploads\/2020\/10\/5963cdb8-f7ed-4338-bfb0-ef3f2714cb20-291x300.jpg 291w, https:\/\/www.radiopiu.net\/wordpress\/wp-content\/uploads\/2020\/10\/5963cdb8-f7ed-4338-bfb0-ef3f2714cb20.jpg 600w\" sizes=\"auto, (max-width: 291px) 100vw, 291px\" \/><\/a>\n\t\t\t\t<\/dt><\/dl><br style=\"clear: both\" \/>\n\t\t\t<\/div>\n\n<p>&nbsp;<\/p>\n<hr \/>\n<p>&nbsp;<\/p>\n<blockquote>\n<h3>DA LUNED\u00ec POTENZIAMENTO DEI DRIVE IN TAMPONI E NUOVE MODALIT\u00c0 DI ACCESSO<\/h3>\n<\/blockquote>\n<p><strong><a class=\"dt-pswp-item\" href=\"https:\/\/www.radiopiu.net\/wordpress\/wp-content\/uploads\/2020\/05\/drivein1.jpg\" data-dt-img-description=\"\" data-large_image_width=\"1600\" data-large_image_height=\"1200\"><img loading=\"lazy\" decoding=\"async\" class=\"size-medium wp-image-137284 alignleft\" src=\"https:\/\/www.radiopiu.net\/wordpress\/wp-content\/uploads\/2020\/05\/drivein1-300x225.jpg\" alt=\"\" width=\"300\" height=\"225\" srcset=\"https:\/\/www.radiopiu.net\/wordpress\/wp-content\/uploads\/2020\/05\/drivein1-300x225.jpg 300w, https:\/\/www.radiopiu.net\/wordpress\/wp-content\/uploads\/2020\/05\/drivein1-1024x768.jpg 1024w, https:\/\/www.radiopiu.net\/wordpress\/wp-content\/uploads\/2020\/05\/drivein1-768x576.jpg 768w, https:\/\/www.radiopiu.net\/wordpress\/wp-content\/uploads\/2020\/05\/drivein1-1536x1152.jpg 1536w, https:\/\/www.radiopiu.net\/wordpress\/wp-content\/uploads\/2020\/05\/drivein1.jpg 1600w\" sizes=\"auto, (max-width: 300px) 100vw, 300px\" \/><\/a>BELLUNO\u00a0<\/strong>Da luned\u00ec 26 ottobre sar\u00e0 fortemente potenziata l\u2019offerta tamponi nei 4 Covid point (drive-in tamponi) attivi sul territorio, per far fronte all\u2019aumento della richiesta di diagnostica Covid e per rendere pi\u00f9 fluidi e accessibili i percorsi di esecuzione del tampone.\u00a0Il Covid Point di Belluno sar\u00e0 attivo h 24 7 giorni su 7\u00a0dalle 7.00 alle ore 19.00 in Loc. Sagrogna e\u00a0dalle 19.00 alle 7.00 all\u2019Ospedale San Martino; Il Covid Point di Feltre \u2013 Zona Peschiera &#8211; ex Marangoni sar\u00e0 attivo dal luned\u00ec al sabato dalle 8.30 alle 12.30; Covid point Tai di Cadore \u2013 P.le Dolomiti: dal luned\u00ec al sabato dalle 16.00 alle 18.00; Covid point Agordo \u2013 P.le Tamonich: luned\u00ec, mercoled\u00ec e venerd\u00ec dalle 16.00 alle 18.00\u00a0Inoltre, per facilitare e velocizzare i percorsi, da luned\u00ec 26 ottobre potranno accedere ai 4 drive-in SENZA APPUNTAMENTO anche le persone a cui \u00e8 stato prescritto un tampone molecolare o un tampone antigenico rapido da parte del Medico di Famiglia. Si ricorda di presentarsi in auto, con mascherina e tessera sanitaria magnetica. All\u2019ingresso dei drive-in andr\u00e0 esibita l\u2019impegnativa cartacea o l\u2019impegnativa dematerializzata sul cellulare. Sar\u00e0 eseguito, sempre in modalit\u00e0 drive-in (abbassando il finestrino dell\u2019auto) il tipo di tampone (antigenico rapido o molecolare) prescritto dal Medico, secondo quanto previsto dalle linee guida per le varie indicazioni al test.\u00a0In caso di test antigenico rapido, il referto sar\u00e0 consegnato sul posto dopo circa 20 minuti. In caso di tampone molecolare sar\u00e0 inviato un SMS con i codici per lo scarico del referto che, di regola, sar\u00e0 disponibile dopo 48\/72 ore. Fino all\u2019esito, la persona dovr\u00e0 rimanere in isolamento domiciliare, seguendo le raccomandazioni sui comportamenti da tenere presenti sul sito <a href=\"http:\/\/www.aulss1.veneto.it\/\">www.aulss1.veneto.it<\/a>.\u00a0Si ricorda che accedono al drive-in anche:\u00a0i soggetti (bambini\/ragazzi\/adulti) frequentanti la scuola con sintomatologia simil covid, preferibilmente su indicazione del Pediatra o del Medico di Famiglia, con ACCESSO LIBERO;\u00a0i soggetti in rientro da Belgio, Francia, Paesi Bassi, Regno Unito di Gran Bretagna e Irlanda del Nord, Repubblica Ceca, Spagna con ACCESSO LIBERO (senza prenotazione, senza impegnativa); i soggetti inviati dall\u2019unit\u00e0 di Crisi del Dipartimento di Prevenzione \u2013 SU INDICAZIONE DEL DIPARTIMENTO DI PREVENZIONE<\/p>\n<p>&nbsp;<\/p>\n<p>&nbsp;<\/p>\n<hr \/>\n<p>&nbsp;<\/p>\n<blockquote>\n<h3>MEDICI DI FAMIGLIA NEL FELTRINO, ZOLDANO E LONGARONE<\/h3>\n<\/blockquote>\n<p><strong><a class=\"dt-pswp-item\" href=\"https:\/\/www.radiopiu.net\/wordpress\/wp-content\/uploads\/2020\/10\/Medicodimedicinagenerale.jpg\" data-dt-img-description=\"\" data-large_image_width=\"1200\" data-large_image_height=\"790\"><img loading=\"lazy\" decoding=\"async\" class=\"size-medium wp-image-167000 alignleft\" src=\"https:\/\/www.radiopiu.net\/wordpress\/wp-content\/uploads\/2020\/10\/Medicodimedicinagenerale-300x198.jpg\" alt=\"\" width=\"300\" height=\"198\" srcset=\"https:\/\/www.radiopiu.net\/wordpress\/wp-content\/uploads\/2020\/10\/Medicodimedicinagenerale-300x198.jpg 300w, https:\/\/www.radiopiu.net\/wordpress\/wp-content\/uploads\/2020\/10\/Medicodimedicinagenerale-1024x674.jpg 1024w, https:\/\/www.radiopiu.net\/wordpress\/wp-content\/uploads\/2020\/10\/Medicodimedicinagenerale-768x506.jpg 768w, https:\/\/www.radiopiu.net\/wordpress\/wp-content\/uploads\/2020\/10\/Medicodimedicinagenerale.jpg 1200w\" sizes=\"auto, (max-width: 300px) 100vw, 300px\" \/><\/a>FELTRE<\/strong>\u00a0Dal <u>1\u00b0 novembre 2020<\/u> sar\u00e0 inserito con incarico definitivo di medico di assistenza primaria il dr. Marco De Bastiani\u00a0presso l\u2019ambito territoriale dei comuni di Feltre, Pedavena, Seren del Grappa, Alano di Piave e Quero Vas, che cesser\u00e0 contestualmente l\u2019incarico provvisorio. Dal\u00a0<b><u>1\u00b0 novembre 2020\u00a0<\/u><\/b>sar\u00e0 attribuito un incarico definitivo, con contestuale cessazione dell\u2019incarico provvisorio, di medico di assistenza primaria al\u00a0<b>dr Nazario Ponticiello<\/b>, nell\u2019ambito territoriale dei comuni di Longarone, Ospitale di Cadore, Val di Zoldo e Zopp\u00e8\u00a0 di Cadore. Dal <b><u>31 ottobre 2020<\/u><\/b> cesser\u00e0 il dottor Marco Zoppas l\u2019attivit\u00e0 di Medico di assistenza primaria nell\u2019ambito territoriale dei comuni di Val di Zoldo, Zopp\u00e8 di Cadore, Longarone e Ospitale di Cadore.\u00a0Per poter continuare ad usufruire dell\u2019assistenza medica in forma diretta e gratuita a carico del servizio sanitario nazionale, gli assistiti dovranno effettuare la scelta tra uno dei medici di assistenza primaria con disponibilit\u00e0 di posti nell\u2019ambito territoriale citato. \u00c8 possibile verificare la disponibilit\u00e0 dei medici in tempo reale collegandosi al link <a href=\"https:\/\/salute.regione.veneto.it\/servizi\/cerca-medici-e-pediatri\">https:\/\/salute.regione.veneto.it\/servizi\/cerca-medici-e-pediatr<\/a><a href=\"https:\/\/salute.regione.veneto.it\/servizi\/cerca-medici-e-pediatri\">i<\/a> &#8211; selezionando un medico, si visualizzer\u00e0 il numero dei posti disponibili indicato in corrispondenza della voce \u201cdisponibilit\u00e0\u00a0 assistiti illimitati\u201d. In base della normativa sul covid-19, la scelta del medico dovr\u00e0 essere fatta inviando una mail all\u2019indirizzo <a href=\"mailto:cambiomedico@aulss1.veneto.it\">cambiomedico@aulss1.veneto.it<\/a> con oggetto \u201ccessazione del medico\u201d, allegando copia del documento di identit\u00e0, indicando i dati personali e il nome del medico prescelto (si suggerisce di indicare pi\u00f9 di un nome).\u00a0In caso di impossibilit\u00e0 all\u2019utilizzo della mail, si potr\u00e0 essere effettuare la scelta del medico agli sportelli dell\u2019anagrafe sanitaria di Feltre, previo appuntamento al seguente numero telefonico 0439.883680 (lunedi, martedi, giovedi e venerdi dalle ore 8.30 alle ore 12.00).<\/p>\n<p>&nbsp;<\/p>\n<p>&nbsp;<\/p>\n<hr \/>\n<p>&nbsp;<\/p>\n<blockquote>\n<h3>VACCINAZIONI SOLO PER MAIL, SOSPESO IL NUMERO DI TELEFONO<\/h3>\n<\/blockquote>\n<p><strong><a class=\"dt-pswp-item\" href=\"https:\/\/www.radiopiu.net\/wordpress\/wp-content\/uploads\/2020\/10\/sospensione-linea-telefonica.jpg\" data-dt-img-description=\"\" data-large_image_width=\"800\" data-large_image_height=\"532\"><img loading=\"lazy\" decoding=\"async\" class=\" wp-image-167842 alignleft\" src=\"https:\/\/www.radiopiu.net\/wordpress\/wp-content\/uploads\/2020\/10\/sospensione-linea-telefonica-300x200.jpg\" alt=\"\" width=\"218\" height=\"145\" srcset=\"https:\/\/www.radiopiu.net\/wordpress\/wp-content\/uploads\/2020\/10\/sospensione-linea-telefonica-300x200.jpg 300w, https:\/\/www.radiopiu.net\/wordpress\/wp-content\/uploads\/2020\/10\/sospensione-linea-telefonica-768x511.jpg 768w, https:\/\/www.radiopiu.net\/wordpress\/wp-content\/uploads\/2020\/10\/sospensione-linea-telefonica.jpg 800w\" sizes=\"auto, (max-width: 218px) 100vw, 218px\" \/><\/a>BELLUNO<\/strong> Anche questo \u00e8 un effetto dell&#8217;emergenza covid, sospeso il numero di telefono per le prenotazioni delle vaccinazioni, si pu\u00f2 accedere alle strutture della Ulss Dolomiti dopo aver inviato una mail con evidenti difficolt\u00e0 per la popolazione anziana, pi\u00f9 debole, che non dispone di computer o telefono smart.<\/p>\n<p align=\"CENTER\"><span style=\"font-size: large;\"><b>Casella di posta elettronica per informazioni e prenotazioni di vaccinazioni<\/b><\/span><\/p>\n<p><span style=\"font-size: large;\">\u00a0Per informazioni o prenotazione di vaccinazioni (TBE, antinfluenzale etc) si invita la cittadinanza a mandare una mail a <a href=\"mailto:vaccinazioni.bl@aulss1.veneto.it\">vaccinazioni.bl@aulss1.veneto.it<\/a>. <\/span><span style=\"font-size: large;\">Da oggi, il numero dedicato 0437\/514333 sar\u00e0 sospeso per potenziare l\u2019unit\u00e0 di crisi Covid.<\/span><\/p>\n<h3><\/h3>\n<hr \/>\n<p>&nbsp;<\/p>\n<blockquote>\n<h3>APERTO IL PUNTO UMANA AD ALLEGHE<\/h3>\n<\/blockquote>\n<p><a class=\"dt-pswp-item\" href=\"https:\/\/www.radiopiu.net\/wordpress\/wp-content\/uploads\/2017\/11\/umana.jpg\" data-dt-img-description=\"\" data-large_image_width=\"250\" data-large_image_height=\"88\"><img loading=\"lazy\" decoding=\"async\" class=\"size-full wp-image-37945 alignleft\" src=\"https:\/\/www.radiopiu.net\/wordpress\/wp-content\/uploads\/2017\/11\/umana.jpg\" alt=\"\" width=\"250\" height=\"88\" \/><\/a>di Claudio Fontanive<\/p>\n<p>OSPITE: la dottoressa Maria Caprioglio<\/p>\n<audio class=\"wp-audio-shortcode\" id=\"audio-167784-8\" preload=\"none\" style=\"width: 100%;\" controls=\"controls\"><source type=\"audio\/mpeg\" src=\"https:\/\/www.radiopiu.net\/wordpress\/wp-content\/uploads\/2020\/10\/umana-dottoressa-caprioglio.mp3?_=8\" \/><a href=\"https:\/\/www.radiopiu.net\/wordpress\/wp-content\/uploads\/2020\/10\/umana-dottoressa-caprioglio.mp3\">https:\/\/www.radiopiu.net\/wordpress\/wp-content\/uploads\/2020\/10\/umana-dottoressa-caprioglio.mp3<\/a><\/audio>\n<p>&nbsp;<\/p>\n<p>&nbsp;<\/p>\n<hr \/>\n<blockquote>\n<h3><\/h3>\n<h3>SINDACATI: NUOVE DISPOSIZIONI IN MATERIA COVID19<\/h3>\n<\/blockquote>\n<p>Alla luce dei nuovi DPCM tutte le iniziative, convegni, incontri e riunioni si svolgeranno in remoto, modalit\u00e0 video conferenza. La gestione delle vertenze e delle crisi aziendali che necessitano dell&#8217;assistenza e presidio dovr\u00e0 essere svolta prioritariamente con l&#8217;utilizzo degli strumenti tecnologici a disposizione. Rinviate (fino al chiarimento delle disposizioni) gli avvi di eventuali procedure elettorali<em>. &#8220;A tutti i lavoratori &#8211; dicono i segretari di Cgil-Cisl-Uil &#8211; vogliamo trasmettere un segnale di prudenza evitando anche quelle occasioni che, seppure consentite, potrebbero creare rischi andando contro al concetto di cautela&#8221;.<\/em><\/p>\n<p>&nbsp;<\/p>\n<p>&nbsp;<\/p>\n<hr \/>\n<h3><\/h3>\n<blockquote>\n<h3>FORMAZIONE PER LE IMPRESE, VIA AL DIGITAL INNOVATION<\/h3>\n<\/blockquote>\n<p><strong>BELLUNO\u00a0<\/strong> Comincia la prossima settimana il ciclo di webinar dedicato alle imprese e al mondo del lavoro per gestire l\u2019emergenza sanitaria come opportunit\u00e0. Si tratta di una delle azioni previste dal progetto Digital innovation hub, finanziato con Fondo Comuni di confine, che vede insieme Provincia e Confindustria Belluno Dolomiti. Verranno trattate cinque diverse tematiche, tutte declinate nell\u2019ambito della gestione dei rapporti di lavoro nell\u2019emergenza Covid-19. Modalit\u00e0 di svolgimento dei corsi: Webinar di 90-120 minuti di cui 30 dedicati a domande ed approfondimenti delle tematiche presentate.\u00a0 Al termine di ogni webinar gli iscritti potranno richiedere un attestato di partecipazione.\u00a0 Per informazioni e iscrizioni, formazione@adapt.it.<\/p>\n<h3><\/h3>\n<hr \/>\n<p>&nbsp;<\/p>\n<blockquote>\n<h3>CONFINDUSTRIA BELLUNO DOLOMITI ALL\u2019ASSEMBLEA DELL\u2019UNCEM DEDICATA AL FUTURO DELLA MONTAGNA<\/h3>\n<\/blockquote>\n<p><strong>BELLUNO<\/strong> <em>\u201cLa montagna riparte solo se c\u2019\u00e8 fiducia e una precisa visione di futuro. Dobbiamo gi\u00e0 guardare oltre il Covid, altrimenti rischiamo di farci travolgere, puntando sull\u2019innovazione e sulle competenze\u201d.<\/em> Questo il messaggio che Confindustria Belluno Dolomiti lancer\u00e0 in una delle sessioni (domenica pomeriggio dalle 16 alle 17) della due giorni di Assemblea dell\u2019Uncem, l\u2019unione nazionale comuni comunit\u00e0 ed enti montani, prevista per il fine settimana in modalit\u00e0 on line e dedicata alle \u201cSfide dei territori: montagne e comunit\u00e0 verso il futuro\u201d, evento al quale parteciperanno \u2013 tra gli altri \u2013 anche i ministri Francesco Boccia (Affari Regionali), Paola Pisano (Innovazione) e Fabiana Dadone (Pubblica Amministrazione). Confindustria Belluno Dolomiti sar\u00e0 presente &#8211; su delega del Presidente Lorraine Berton &#8211; con il direttore Andrea Ferrazzi, che porter\u00e0 l\u2019esperienza dell\u2019Associazione, promotrice della rete nazionale \u201cConfindustria per la Montagna\u201d. La dichiarazione di Ferrazzi: \u201c<em>Non ci siamo mai fermati e non intendiamo farlo nemmeno ora. Anzi. Vogliamo accelerare e dare alle aziende gli strumenti per sviluppare ulteriore resilienza e farsi trovare pronti per la ripartenza. La \u201cmontagna\u201d, intesa come ecosistema di innovazione, deve diventare attrattiva, non solo per i turisti, ma anche per i giovani talenti e nuove imprese&#8221;.<\/em><\/p>\n<blockquote>\n<h3><\/h3>\n<\/blockquote>\n<hr \/>\n<p>&nbsp;<\/p>\n<blockquote>\n<h3>BELLOTTO NUOVO PRESIDENTE ADICONSUM TREVISO-BELLUNO<\/h3>\n<\/blockquote>\n<p><strong><a class=\"dt-pswp-item\" href=\"https:\/\/www.radiopiu.net\/wordpress\/wp-content\/uploads\/2020\/10\/Stefano-Bellotto-2020-10-22.jpeg\" data-dt-img-description=\"\" data-large_image_width=\"2016\" data-large_image_height=\"1512\"><img loading=\"lazy\" decoding=\"async\" class=\" wp-image-167898 alignleft\" src=\"https:\/\/www.radiopiu.net\/wordpress\/wp-content\/uploads\/2020\/10\/Stefano-Bellotto-2020-10-22-300x225.jpeg\" alt=\"\" width=\"187\" height=\"140\" srcset=\"https:\/\/www.radiopiu.net\/wordpress\/wp-content\/uploads\/2020\/10\/Stefano-Bellotto-2020-10-22-300x225.jpeg 300w, https:\/\/www.radiopiu.net\/wordpress\/wp-content\/uploads\/2020\/10\/Stefano-Bellotto-2020-10-22-1024x768.jpeg 1024w, https:\/\/www.radiopiu.net\/wordpress\/wp-content\/uploads\/2020\/10\/Stefano-Bellotto-2020-10-22-768x576.jpeg 768w, https:\/\/www.radiopiu.net\/wordpress\/wp-content\/uploads\/2020\/10\/Stefano-Bellotto-2020-10-22-1536x1152.jpeg 1536w, https:\/\/www.radiopiu.net\/wordpress\/wp-content\/uploads\/2020\/10\/Stefano-Bellotto-2020-10-22.jpeg 2016w\" sizes=\"auto, (max-width: 187px) 100vw, 187px\" \/><\/a>\u00a0BELLUNO<\/strong> Stefano Bellotto \u00e8 il nuovo presidente di Adiconsum, l\u2019Associazione dei consumatori promossa dalla Cisl. 50 anni, trevigiano, residente ad Auronzo di Cadore, sposato con due figli, laurea in Scienze politiche, Bellotto ha vissuto significative esperienze giovanili nell&#8217;associazionismo cattolico e nella Federazione universitaria cattolica italiana e svolto attivit\u00e0 di rappresentanza nella scuola e nell&#8217;esercito. Assunto in banca nel 1995 con compiti di cassiere e gestore della clientela privata, nel 1997 ha avviato l\u2019attivit\u00e0 sindacale. Dal 2018 \u00e8 operatore di Adiconsum e Sicet (il Sindacato degli inquilini della Cisl) in provincia di Belluno. Bellotto \u00e8 stato eletto venerd\u00ec scorso e subentra a Giorgio Luigi Menis, in carica dal 2017.<\/p>\n<p><strong>AI MICROFONI DI RADIO PIU STEFANO BELLOTTO<\/strong><\/p>\n<audio class=\"wp-audio-shortcode\" id=\"audio-167784-9\" preload=\"none\" style=\"width: 100%;\" controls=\"controls\"><source type=\"audio\/mpeg\" src=\"https:\/\/www.radiopiu.net\/wordpress\/wp-content\/uploads\/2020\/10\/BELLOTTO.mp3?_=9\" \/><a href=\"https:\/\/www.radiopiu.net\/wordpress\/wp-content\/uploads\/2020\/10\/BELLOTTO.mp3\">https:\/\/www.radiopiu.net\/wordpress\/wp-content\/uploads\/2020\/10\/BELLOTTO.mp3<\/a><\/audio>\n<p>&nbsp;<\/p>\n<hr \/>\n<p>&nbsp;<\/p>\n<blockquote>\n<h3>PER CALALZO 150 NUOVI PUNTI LED ESEMPIO DI OCULATA AMMINISTRAZIONE<\/h3>\n<\/blockquote>\n<p><strong>CALALZO DI CADORE<\/strong>\u00a0 Saranno presto sostituiti i punti luce del territorio: al loro posto, altrettanti lampioni a led che consentiranno un minor consumo energetico e risparmi importanti per le spese di gestione e di manutenzione. Ad annunciarlo \u00e8 lo stesso sindaco, Luca De Carlo: <em>\u201cQuesto intervento ci consente l&#8217;efficientamento energetico della rete di illuminazione pubblica: si tratta di un&#8217;operazione importante per la riduzione dei consumi, e siamo convinti che le politiche per l\u2019ambiente debbano partire dalle comunit\u00e0 locali e non fumose enunciazioni di principio\u201d. <\/em>I lavori costeranno 101mila euro: di questi, 51mila arrivano dal Consorzio dei Comuni Bim Piave e 50mila sono fondi statali destinati all&#8217;efficientamento energetico. Un risparmio per l&#8217;ambiente, ma anche per le casse comunali cio\u00e8 25mila euro all&#8217;anno, a cui si aggiungono i quasi 5mila euro annuali di manutenzione previsti per il precedente impianto. In tre anni, quindi, questo nuovo sistema si sar\u00e0 ripagato e consentir\u00e0 di avere risorse da destinare ad altri interventi.<\/p>\n<p>&nbsp;<\/p>\n<hr \/>\n<h3><\/h3>\n<blockquote>\n<blockquote>\n<h3>LA PRESENTAZIONE DEL LIBRO &#8220;PERCORSI&#8221; E&#8217; STATA RINVIATA<\/h3>\n<\/blockquote>\n<p><strong>PONTE NELLE ALPI\u00a0<\/strong> \u00c8 rinviata a data destinarsi la presentazione del libro \u201cPercorsi\u201d di Giovanna Toniolo. L&#8217;incontro era previsto\u00a0 per oggi\u00a0 alla Biblioteca civica. <em>\u00abNonostante il dispiacere per la sospensione dell&#8217;evento &#8211; dice la referente della Commissione Diritti civili e Politiche di genere, Sabrina Dassi\u00e8 &#8211; confidiamo che la comunit\u00e0 dei cittadini possa comprendere la decisione. La situazione che stiamo vivendo a livello nazionale e locale potrebbe distogliere l&#8217;attenzione del pubblico dal tema dei disturbi legati alla sfera psichica: un argomento di cui si parla ancora troppo poco e per cui l&#8217;incontro costituisce un&#8217;occasione preziosa. Il rinvio dell&#8217;appuntamento \u00e8 funzionale anche a questo\u00bb.\u00a0<\/em><\/p>\n<p>&nbsp;<\/p><\/blockquote>\n<hr \/>\n<blockquote>\n<h3>DOMENICA L&#8217;ASSEMBLEA ANNUALE DEL GAV<\/h3>\n<\/blockquote>\n<p><strong>AGORDO<\/strong> Domenica alle 11 nell&#8217;auditurium del centro parrocchiale Monsignor Vincenzo Savio assemblea annuale del GAV, Gruppo di Assistenza Volontaria. Tra i punti in dicussione dell&#8217;ordine del giorno a firma del presidente Sisto Da Roit: relazione 2019, bilancio consuntivo 2019 e preventivo 2020. Prima delle conclusioni l&#8217;intervento degli ospiti. Alle 10 nell&#8217;Arcidiaconale la messa in memoria dei volontari. A causa della pandemia covid il tradizionale pranzo \u00e8 invece annullato.<\/p>\n<p>AI MICROFONI DI RADIO PIU SISTO DA ROIT<\/p>\n<audio class=\"wp-audio-shortcode\" id=\"audio-167784-10\" preload=\"none\" style=\"width: 100%;\" controls=\"controls\"><source type=\"audio\/mpeg\" src=\"https:\/\/www.radiopiu.net\/wordpress\/wp-content\/uploads\/2020\/10\/SISTO.mp3?_=10\" \/><a href=\"https:\/\/www.radiopiu.net\/wordpress\/wp-content\/uploads\/2020\/10\/SISTO.mp3\">https:\/\/www.radiopiu.net\/wordpress\/wp-content\/uploads\/2020\/10\/SISTO.mp3<\/a><\/audio>\n<p>&nbsp;<\/p>\n<hr \/>\n<p>&nbsp;<\/p>\n<h3>S. MESSA PER I CADUTI DELLA MONTAGNA CON IL CORO AGORDO, DOMENICA ALLE 18.30\u00a0 DIRETTA RADIO E FACEBOOK SU RADIO PIU.<\/h3>\n<blockquote>\n<h3><\/h3>\n<\/blockquote>\n<p><strong><a class=\"dt-pswp-item\" href=\"https:\/\/www.radiopiu.net\/wordpress\/wp-content\/uploads\/2017\/10\/WhatsApp-Image-2017-10-29-at-19.21.11.jpeg\" data-dt-img-description=\"\" data-large_image_width=\"899\" data-large_image_height=\"1599\"><img loading=\"lazy\" decoding=\"async\" class=\" wp-image-37844 alignleft\" src=\"https:\/\/www.radiopiu.net\/wordpress\/wp-content\/uploads\/2017\/10\/WhatsApp-Image-2017-10-29-at-19.21.11-169x300.jpeg\" alt=\"\" width=\"112\" height=\"199\" \/><\/a>AGORDO<\/strong> Domenica 25 ottobre alle 18.30 si rinnova l&#8217;appuntamento nella Chiesa Arcidiaconale di Agordo con la\u00a0 messa a suffragio di chi, per amore della montagna, ha perso prematuramente la vita. Questa data chiude gli appuntamenti annuali della\u00a0 Sezione agordina del Cai. La messa come da tradizione sar\u00e0 accompagnata dal Coro Agordo diretto da Roberta Conedera. In considerazione dei ridotti posti a sedere (norme anti covid_19) la messa sar\u00e0 trasmessa da RADIO PIU&#8217; (frequenze FM, streaming per portare il segnale in tutto il mondo) ma sar\u00e0 anche video trasmessa sui canali: Telegram Radio Piu&#8217; Informazione; Facebook pagina RADIO PIU,\u00a0 gruppo RADIO PIU EMITTENTE AGORDINA e pagina facebook SEI DI AGORDO SE&#8230;<\/p>\n<p><strong>DAL CORRIERE DELLE ALPI IL SERVIZIO DI GIANNI SANTOMASO<\/strong><\/p>\n<audio class=\"wp-audio-shortcode\" id=\"audio-167784-11\" preload=\"none\" style=\"width: 100%;\" controls=\"controls\"><source type=\"audio\/mpeg\" src=\"https:\/\/www.radiopiu.net\/wordpress\/wp-content\/uploads\/2020\/10\/GIANNI-MESSA-CADUTI.mp3?_=11\" \/><a href=\"https:\/\/www.radiopiu.net\/wordpress\/wp-content\/uploads\/2020\/10\/GIANNI-MESSA-CADUTI.mp3\">https:\/\/www.radiopiu.net\/wordpress\/wp-content\/uploads\/2020\/10\/GIANNI-MESSA-CADUTI.mp3<\/a><\/audio>\n<p>&nbsp;<\/p>\n<a href=\"https:\/\/www.radiopiu.net\/wordpress\/wp-content\/uploads\/2020\/10\/CS_MessaCautiMontagna-1.pdf\" class=\"pdfemb-viewer\" style=\"\" data-width=\"max\" data-height=\"max\" data-toolbar=\"top\" data-toolbar-fixed=\"on\">CS_MessaCautiMontagna-1<\/a>\n<p>&nbsp;<\/p>\n<hr \/>\n<p>&nbsp;<\/p>\n<blockquote>\n<h3>ASCA CERCA PERSONALE<\/h3>\n<\/blockquote>\n<p><strong><a class=\"dt-pswp-item\" href=\"https:\/\/www.radiopiu.net\/wordpress\/wp-content\/uploads\/2020\/04\/ASCA.png\" data-dt-img-description=\"\" data-large_image_width=\"1211\" data-large_image_height=\"668\"><img loading=\"lazy\" decoding=\"async\" class=\"size-medium wp-image-128881 alignleft\" src=\"https:\/\/www.radiopiu.net\/wordpress\/wp-content\/uploads\/2020\/04\/ASCA-300x165.png\" alt=\"\" width=\"300\" height=\"165\" srcset=\"https:\/\/www.radiopiu.net\/wordpress\/wp-content\/uploads\/2020\/04\/ASCA-300x165.png 300w, https:\/\/www.radiopiu.net\/wordpress\/wp-content\/uploads\/2020\/04\/ASCA-1024x565.png 1024w, https:\/\/www.radiopiu.net\/wordpress\/wp-content\/uploads\/2020\/04\/ASCA-768x424.png 768w, https:\/\/www.radiopiu.net\/wordpress\/wp-content\/uploads\/2020\/04\/ASCA.png 1211w\" sizes=\"auto, (max-width: 300px) 100vw, 300px\" \/><\/a>AGORDO\u00a0<\/strong>ASCA ha indetto una nuova selezione pubblica finalizzata alla formulazione di una graduatoria di idoneit\u00e0 utile all\u2019inserimento a tempo indeterminato e a tempo pieno presso la RSA di Agordo di INFERMIERE. Le modalit\u00e0 di presentazione delle domande di entrambe le selezioni si trovano sulla home page del sito aziendale\u00a0<a href=\"http:\/\/www.servizisocialiasca.it\/\">www.servizisocialiasca.it<\/a>.<\/p>\n<p>&nbsp;<\/p>\n<p>&nbsp;<\/p>\n<hr \/>\n<blockquote><p>&nbsp;<\/p><\/blockquote>\n<blockquote>\n<h3>RICORDO DI DON SERGIO MANFROI<\/h3>\n<\/blockquote>\n<p><strong>BELLUNO<\/strong> 22^ edizione della Rassegna di Musica Sacra, alla memoria di Monsignor Sergio Manfroi La prima delle tre serate \u00e8 in programma domani alle 20.45 nella Basilica Cattedrale di S. Martino a Belluno con: il Coro Polifonico del Centro Turistico Giovanile di Belluno, diretto dal maestro Sebastiano Sitta, ed il Coro Femminile \u201cVocincanto\u201d di Feltre, diretto dal maestro Francesco Lorenzo Luciani.<\/p>\n<p>&nbsp;<\/p>\n<hr \/>\n<p>&nbsp;<\/p>\n<blockquote>\n<h3>L&#8217;EX TEMPORE A SOCCHER<\/h3>\n<\/blockquote>\n<p><strong>PONTE NELLE ALPI\u00a0 <\/strong>Fino a<span style=\"color: #000000; font-family: Helvetica;\"> oggi \u00e8 in programma l\u2019Ex tempore di pittura: \u201cSu e gi\u00f9 per le nostre frazioni\u201d. In particolare, per una frazione: quella di Soccher. \u00a0<\/span><span style=\"color: #000000; font-family: Helvetica;\">La regia \u00e8 dell&#8217;Istituto comprensivo di Ponte nelle Alpi. L<\/span><span style=\"color: #000000; font-family: Helvetica;\">a prossima settimana entrer\u00e0 in scena Vico Calabr\u00f2 che realizzer\u00e0 un affresco insieme ai ragazzi e alle ragazze delle medie. L&#8217;opera prender\u00e0 forma a Paiane, nello stabile che ospita la sede della frazione e degli Amici della musica<\/span><span style=\"color: #000000; font-family: Helvetica;\">.<\/span><\/p>\n<p>&nbsp;<\/p>\n<div>\n<div>\n<div>\n<div>\n<div>\n<div>\n<div>\n<div>\n<div>\n<div>\n<div>\n<div>\n<div>\n<div>\n<div>\n<div>\n<div>\n<div>\n<div>\n<div>\n<div>\n<div>\n<div>\n<div>\n<div>\n<div>\n<div>\n<blockquote>\n<h3><\/h3>\n<\/blockquote>\n<\/div>\n<\/div>\n<\/div>\n<\/div>\n<\/div>\n<\/div>\n<\/div>\n<\/div>\n<\/div>\n<\/div>\n<\/div>\n<\/div>\n<\/div>\n<\/div>\n<\/div>\n<\/div>\n<\/div>\n<\/div>\n<\/div>\n<\/div>\n<\/div>\n<\/div>\n<\/div>\n<\/div>\n<\/div>\n<\/div>\n<\/div>\n<hr \/>\n<p>&nbsp;<\/p>\n<blockquote>\n<h3>SPETTACOLI DI MISTERO DELLE PROLOCO BELLUNESI<\/h3>\n<\/blockquote>\n<p><strong>SOSPIROLO <\/strong>Ritorna la rassegna \u201cVeneto, spettacoli di mistero\u201d, promossa dall\u2019Unpli Belluno. Domani primo evento \u201cCastelli perduti e draghi dimenticati\u201d, passeggiata serale per le vie del centro storico di Belluno alla riscoperta della storia del Capoluogo. La partenza \u00e8 da Piazza Martiri alle 17.45 e alle 19.\u00a0 Sabato nel pomeriggio\u00a0 \u201cPresenze nei boschi, rumori lungo il Mis\u2026\u201d della Pro loco \u201cMonti del Sole\u201d di Sospirolo. Alle 20.30 a Mel di Borgo Valbelluna nella ex chiesa di San Pietro spettacolo teatrale con monologhi e riflessioni\u00a0 di Giorgio Dell\u2019Osta e Giulia Fretuti. Sabato a Trichiana \u201cCavarnere, voci e silenzi dai boschi\u201d, passeggiata di 4,5 km con partenza e arrivo area turistica di Melere in tre gruppi alle ore 17.10, 18.20 e 19.30.<\/p>\n<p>&nbsp;<\/p>\n<p>&nbsp;<\/p>\n<p>&nbsp;<\/p>\n<hr \/>\n<p>&nbsp;<\/p>\n<blockquote>\n<h3>VIDEO CONFERENZA CGIL SULLA SANIT\u00c0 CONTEMPORANEA<\/h3>\n<\/blockquote>\n<p><strong><a class=\"dt-pswp-item\" href=\"https:\/\/www.radiopiu.net\/wordpress\/wp-content\/uploads\/2020\/10\/NUOVA-LOCANDINA-BL_Sanita_26-ottobre_2020.jpg\" data-dt-img-description=\"\" data-large_image_width=\"1407\" data-large_image_height=\"1921\"><img loading=\"lazy\" decoding=\"async\" class=\" wp-image-167738 alignleft\" src=\"https:\/\/www.radiopiu.net\/wordpress\/wp-content\/uploads\/2020\/10\/NUOVA-LOCANDINA-BL_Sanita_26-ottobre_2020-220x300.jpg\" alt=\"\" width=\"136\" height=\"186\" srcset=\"https:\/\/www.radiopiu.net\/wordpress\/wp-content\/uploads\/2020\/10\/NUOVA-LOCANDINA-BL_Sanita_26-ottobre_2020-220x300.jpg 220w, https:\/\/www.radiopiu.net\/wordpress\/wp-content\/uploads\/2020\/10\/NUOVA-LOCANDINA-BL_Sanita_26-ottobre_2020-750x1024.jpg 750w, https:\/\/www.radiopiu.net\/wordpress\/wp-content\/uploads\/2020\/10\/NUOVA-LOCANDINA-BL_Sanita_26-ottobre_2020-768x1049.jpg 768w, https:\/\/www.radiopiu.net\/wordpress\/wp-content\/uploads\/2020\/10\/NUOVA-LOCANDINA-BL_Sanita_26-ottobre_2020-1125x1536.jpg 1125w, https:\/\/www.radiopiu.net\/wordpress\/wp-content\/uploads\/2020\/10\/NUOVA-LOCANDINA-BL_Sanita_26-ottobre_2020.jpg 1407w\" sizes=\"auto, (max-width: 136px) 100vw, 136px\" \/><\/a>BELLUNO <\/strong>\u00c8 in programma per luned\u00ec 26 ottobre la videoconferenza organizzata dalla CGIL sulla &#8220;Sanit\u00e0 Contemporanea&#8221;.\u00a0L&#8217;iniziativa\u00a0 intende discutere sullo stato della sanit\u00e0 Veneta e Bellunese, partendo dall&#8217;analisi dei dati della Ricerca IRES (anche se non interamente completata) che sar\u00e0 illustrata da Barbara Bonvento . Dopo le relazioni di interpretazione della situazione socio-sanitaria del territorio bellunese, interverranno Il D. G: della ULSS Dolomiti &#8211; Adriano Rasi Caldogno, e il presidente della conferenza dei sindaci della setssa ULSS- Paolo Perenzin. \u00a0La conclusione \u00e8 affidata al segr. Gen CGIL Veneto Christian Ferrari.<\/p>\n<p>&nbsp;<\/p>\n<p>&nbsp;<\/p>\n<p>&nbsp;<\/p>\n<hr \/>\n<p>&nbsp;<\/p>\n<blockquote>\n<h3>IL GROSSO DEL REDDITO DI RIVA PROVENIVA DALLE ATTIVITA\u2019 MINERARIE DI VAL IMPERINA di RENATO BONA<\/h3>\n<p>&nbsp;<\/p><\/blockquote>\n<div class=\"_4gx_\">\n<div class=\"_1aa6\">\n<blockquote>\n<h3>Nel 1962 la Montecatini chiuder\u00e0 gli stabilimenti e con essi un\u2019epoca di storia di una comunit\u00e0 forte e laboriosa<\/h3>\n<\/blockquote>\n<div><strong>RIVAMONTE\u00a0<\/strong> S\u00ec, moltissime famiglie di quella che un tempo si chiamava Riva (ora Rivamonte Agordino) possedevano un appezzamento di terreno che coltivavano (in particolar modo le donne, ma anche vecchi e bambini) per i consumi di famiglia, utilizzavano prato, pascolo e anche bosco per nutrire gli animali e fare provvista di legna da ardere e, perch\u00e9 no, di legna da costruzione, ma\u2026 \u201cIl grosso del reddito proveniva alla comunit\u00e0 \u2013 come evidenziava Raffaello Vergani nel libro fotografico \u201cRiva de na \u00f2lta pa\u00e9s de c\u00f2nze e de can\u00f2p\u201d \u2013 dalle attivit\u00e0 minerarie e metallurgiche di Valle Imperina. E\u2019 per questo che le sorti del paese, a partire dal \u2018600 e fino quasi ai giorni nostri, sono rimaste strettamente legate alle sorti di quelle attivit\u00e0\u201d. Che registrarono purtroppo una notevole crisi nel periodo 1774-76 a seguito del crollo di una parte delle miniere con inevitabile disoccupazione. Ma \u00e8 probabilmente allora \u2013 scriveva Vergani \u2013 che si delinea, per la prima volta nella storia di Riva, una corrente di emigrazione temporanea in direzione della pianura veneta\u201d. Coinvolti nel fenomeno, per lo pi\u00f9 seggiolai ambulanti, specialit\u00e0 nata nella vicina Gosaldo e poi diffusasi gradualmente anche nei paesi circonvicini: \u201csono i \u2018conza\u2019, portatori di una cultura manuale e persino di un proprio gergo specializzato che tante tracce hanno lasciato nella tradizione orale di questi paesi. Da allora in poi, i \u2018conza\u2019 saranno una costante del paesaggio umano di Riva\u201d. Lo scrittore aveva diligentemente spiegato che \u201cLa crisi di quegli anni viene riassorbita verso il 1790-91, ma subito dopo comincia il periodo delle guerre napoleoniche con le difficolt\u00e0 economiche che esso comporta\u201d. Per fortuna \u201cLa situazione si stabilizza nuovamente verso il 1815, quando si apre per Riva un periodo di pace e di relativa prosperit\u00e0 economica che dura fino al 1866. Poi, un lungo declino, che trova nella diminuzione progressiva della popolazione uno dei suoi segni pi\u00f9 evidenti: 2048 residenti nel 1871, 1484 nel 1961, 914 nel 1981. Il motivo di fondo \u00e8 il fatto che, a partire dal 1860, le miniere di Valle Imperina non sono pi\u00f9 competitive sul piano internazionale\u201d. Aveva dunque ragione il sindaco Domenico Del Din quando in conclusione della sua presentazione del volume voluto dall\u2019Amministrazione comunale col contributo della Parrocchia e dell\u2019Azienda autonoma di soggiorno e turismo Conca Agordina in occasione della mostra fotografica \u201cRiva de na \u00f2lta . Estate 1983\u201d evidenziava che \u201cLa civilt\u00e0 industriale ha soppiantato le vecchie attivit\u00e0 agricole ed artigianali dando inizio all\u2019epoca del consumismo, del benessere economico diffuso\u201d aggiungendo: \u201cPoco o nulla \u00e8 rimasto come una volta, perfino le stagioni sembrano cadenzate da un ritmo diverso. Tanta gente se n\u2019\u00e8 andata in cerca di un posto di lavoro rispondente alle nuove esigenze di vita\u2026\u201d. Ma su questo che \u00e8 l\u2019elemento pi\u00f9 importante, torneremo, ancora con Vergani, condividendo, come facciamo senza esitazioni, le parole di Del Din quando sosteneva che \u201cLa conoscenza del passato \u00e8 un indispensabile strumento per programmare in modo equilibrato il futuro\u201d, esprimendo l\u2019auspicio che il libro \u201csia di gradimento a tutti, in particolare agli emigranti che hanno dovuto lasciare Riva non per una loro libera scelta ma perch\u00e9 costretti dalla necessit\u00e0 di un posto di lavoro\u201d. E a proposito del libro edito da Nuovi Sentieri di Bepi Pellegrinon con la Litografia Antiga di Cornuda, Giuliano Laveder che ne ha curato le riproduzioni fotografiche per proporre \u201cUn ricordo in 66 foto 1888-1950\u201d, esprimeva l\u2019opinione che \u201cNon \u00e8 da escludere che l\u2019iniziativa possa essere ripetuta con l\u2019aggiunta di tante altre significativa fotografie che, sono certo, \u2018dormono\u2019 ancora in tanti cassetti o, peggio, in qualche scatolone in soffitta, pronte per essere distrutte o dal fuoco o dal tempo. Sarebbe un vero peccato se questa mostra non riuscisse almeno a rinfocolare una maggiore attenzione verso quel grande patrimonio di storia e cultura che \u00e8 rappresentato dalla fotografia\u201d.<\/div>\n<\/div>\n<\/div>\n<div><\/div>\n<div>\n\n\t\t\t<style type='text\/css'>\n\t\t\t\t#gallery-4 {\n\t\t\t\t\tmargin: auto;\n\t\t\t\t}\n\t\t\t\t#gallery-4 .gallery-item {\n\t\t\t\t\tfloat: left;\n\t\t\t\t\tmargin-top: 10px;\n\t\t\t\t\ttext-align: center;\n\t\t\t\t\twidth: 14%;\n\t\t\t\t}\n\t\t\t\t#gallery-4 img {\n\t\t\t\t\tborder: 2px solid #cfcfcf;\n\t\t\t\t}\n\t\t\t\t#gallery-4 .gallery-caption {\n\t\t\t\t\tmargin-left: 0;\n\t\t\t\t}\n\t\t\t\t\/* see gallery_shortcode() in wp-includes\/media.php *\/\n\t\t\t<\/style>\n\t\t<div id='gallery-4' class='dt-gallery-container gallery galleryid-167784 gallery-columns-7 gallery-size-thumbnail'><dl class='gallery-item'>\n\t\t\t\t<dt class='gallery-icon landscape'>\n\t\t\t\t\t<a class=\"rollover rollover-zoom dt-pswp-item\" title=\"122529556_386537592523828_9020761593856487711_n\" data-dt-img-description=\"\" data-large_image_width=\"2048\" data-large_image_height=\"1352\"href='https:\/\/www.radiopiu.net\/wordpress\/wp-content\/uploads\/2020\/10\/122529556_386537592523828_9020761593856487711_n.jpg'><img loading=\"lazy\" decoding=\"async\" width=\"150\" height=\"150\" src=\"https:\/\/www.radiopiu.net\/wordpress\/wp-content\/uploads\/2020\/10\/122529556_386537592523828_9020761593856487711_n-150x150.jpg\" class=\"attachment-thumbnail size-thumbnail\" alt=\"\" \/><\/a>\n\t\t\t\t<\/dt><\/dl><dl class='gallery-item'>\n\t\t\t\t<dt class='gallery-icon portrait'>\n\t\t\t\t\t<a class=\"rollover rollover-zoom dt-pswp-item\" title=\"122516114_396383598046464_4367949186469920228_n\" data-dt-img-description=\"\" data-large_image_width=\"715\" data-large_image_height=\"960\"href='https:\/\/www.radiopiu.net\/wordpress\/wp-content\/uploads\/2020\/10\/122516114_396383598046464_4367949186469920228_n.jpg'><img loading=\"lazy\" decoding=\"async\" width=\"150\" height=\"150\" src=\"https:\/\/www.radiopiu.net\/wordpress\/wp-content\/uploads\/2020\/10\/122516114_396383598046464_4367949186469920228_n-150x150.jpg\" class=\"attachment-thumbnail size-thumbnail\" alt=\"\" \/><\/a>\n\t\t\t\t<\/dt><\/dl><dl class='gallery-item'>\n\t\t\t\t<dt class='gallery-icon landscape'>\n\t\t\t\t\t<a class=\"rollover rollover-zoom dt-pswp-item\" title=\"122469184_365027414854820_2263735000358024786_n\" data-dt-img-description=\"\" data-large_image_width=\"2048\" data-large_image_height=\"1376\"href='https:\/\/www.radiopiu.net\/wordpress\/wp-content\/uploads\/2020\/10\/122469184_365027414854820_2263735000358024786_n.jpg'><img loading=\"lazy\" decoding=\"async\" width=\"150\" height=\"150\" src=\"https:\/\/www.radiopiu.net\/wordpress\/wp-content\/uploads\/2020\/10\/122469184_365027414854820_2263735000358024786_n-150x150.jpg\" class=\"attachment-thumbnail size-thumbnail\" alt=\"\" \/><\/a>\n\t\t\t\t<\/dt><\/dl><dl class='gallery-item'>\n\t\t\t\t<dt class='gallery-icon landscape'>\n\t\t\t\t\t<a class=\"rollover rollover-zoom dt-pswp-item\" title=\"122450200_854717935301973_353359930342223403_n\" data-dt-img-description=\"\" data-large_image_width=\"2048\" data-large_image_height=\"1527\"href='https:\/\/www.radiopiu.net\/wordpress\/wp-content\/uploads\/2020\/10\/122450200_854717935301973_353359930342223403_n.jpg'><img loading=\"lazy\" decoding=\"async\" width=\"150\" height=\"150\" src=\"https:\/\/www.radiopiu.net\/wordpress\/wp-content\/uploads\/2020\/10\/122450200_854717935301973_353359930342223403_n-150x150.jpg\" class=\"attachment-thumbnail size-thumbnail\" alt=\"\" \/><\/a>\n\t\t\t\t<\/dt><\/dl><dl class='gallery-item'>\n\t\t\t\t<dt class='gallery-icon portrait'>\n\t\t\t\t\t<a class=\"rollover rollover-zoom dt-pswp-item\" title=\"122464815_391567602021615_2687171055624980070_n\" data-dt-img-description=\"\" data-large_image_width=\"720\" data-large_image_height=\"961\"href='https:\/\/www.radiopiu.net\/wordpress\/wp-content\/uploads\/2020\/10\/122464815_391567602021615_2687171055624980070_n.jpg'><img loading=\"lazy\" decoding=\"async\" width=\"150\" height=\"150\" src=\"https:\/\/www.radiopiu.net\/wordpress\/wp-content\/uploads\/2020\/10\/122464815_391567602021615_2687171055624980070_n-150x150.jpg\" class=\"attachment-thumbnail size-thumbnail\" alt=\"\" \/><\/a>\n\t\t\t\t<\/dt><\/dl><dl class='gallery-item'>\n\t\t\t\t<dt class='gallery-icon landscape'>\n\t\t\t\t\t<a class=\"rollover rollover-zoom dt-pswp-item\" title=\"122479653_715412489183996_4592855741924604881_n\" data-dt-img-description=\"\" data-large_image_width=\"2048\" data-large_image_height=\"1457\"href='https:\/\/www.radiopiu.net\/wordpress\/wp-content\/uploads\/2020\/10\/122479653_715412489183996_4592855741924604881_n.jpg'><img loading=\"lazy\" decoding=\"async\" width=\"150\" height=\"150\" src=\"https:\/\/www.radiopiu.net\/wordpress\/wp-content\/uploads\/2020\/10\/122479653_715412489183996_4592855741924604881_n-150x150.jpg\" class=\"attachment-thumbnail size-thumbnail\" alt=\"\" \/><\/a>\n\t\t\t\t<\/dt><\/dl><dl class='gallery-item'>\n\t\t\t\t<dt class='gallery-icon portrait'>\n\t\t\t\t\t<a class=\"rollover rollover-zoom dt-pswp-item\" title=\"122453632_641530046532815_4967382853804795456_n\" data-dt-img-description=\"\" data-large_image_width=\"709\" data-large_image_height=\"960\"href='https:\/\/www.radiopiu.net\/wordpress\/wp-content\/uploads\/2020\/10\/122453632_641530046532815_4967382853804795456_n.jpg'><img loading=\"lazy\" decoding=\"async\" width=\"150\" height=\"150\" src=\"https:\/\/www.radiopiu.net\/wordpress\/wp-content\/uploads\/2020\/10\/122453632_641530046532815_4967382853804795456_n-150x150.jpg\" class=\"attachment-thumbnail size-thumbnail\" alt=\"\" \/><\/a>\n\t\t\t\t<\/dt><\/dl><br style=\"clear: both\" \/><dl class='gallery-item'>\n\t\t\t\t<dt class='gallery-icon landscape'>\n\t\t\t\t\t<a class=\"rollover rollover-zoom dt-pswp-item\" title=\"122457338_1236368876724499_3745049649352514057_n\" data-dt-img-description=\"\" data-large_image_width=\"2048\" data-large_image_height=\"1310\"href='https:\/\/www.radiopiu.net\/wordpress\/wp-content\/uploads\/2020\/10\/122457338_1236368876724499_3745049649352514057_n.jpg'><img loading=\"lazy\" decoding=\"async\" width=\"150\" height=\"150\" src=\"https:\/\/www.radiopiu.net\/wordpress\/wp-content\/uploads\/2020\/10\/122457338_1236368876724499_3745049649352514057_n-150x150.jpg\" class=\"attachment-thumbnail size-thumbnail\" alt=\"\" \/><\/a>\n\t\t\t\t<\/dt><\/dl><dl class='gallery-item'>\n\t\t\t\t<dt class='gallery-icon landscape'>\n\t\t\t\t\t<a class=\"rollover rollover-zoom dt-pswp-item\" title=\"122444227_948016322386956_1337918461304372529_n\" data-dt-img-description=\"\" data-large_image_width=\"2048\" data-large_image_height=\"1410\"href='https:\/\/www.radiopiu.net\/wordpress\/wp-content\/uploads\/2020\/10\/122444227_948016322386956_1337918461304372529_n.jpg'><img loading=\"lazy\" decoding=\"async\" width=\"150\" height=\"150\" src=\"https:\/\/www.radiopiu.net\/wordpress\/wp-content\/uploads\/2020\/10\/122444227_948016322386956_1337918461304372529_n-150x150.jpg\" class=\"attachment-thumbnail size-thumbnail\" alt=\"\" \/><\/a>\n\t\t\t\t<\/dt><\/dl><dl class='gallery-item'>\n\t\t\t\t<dt class='gallery-icon landscape'>\n\t\t\t\t\t<a class=\"rollover rollover-zoom dt-pswp-item\" title=\"122428065_726390001295299_537551076720391567_n\" data-dt-img-description=\"\" data-large_image_width=\"2048\" data-large_image_height=\"1316\"href='https:\/\/www.radiopiu.net\/wordpress\/wp-content\/uploads\/2020\/10\/122428065_726390001295299_537551076720391567_n.jpg'><img loading=\"lazy\" decoding=\"async\" width=\"150\" height=\"150\" src=\"https:\/\/www.radiopiu.net\/wordpress\/wp-content\/uploads\/2020\/10\/122428065_726390001295299_537551076720391567_n-150x150.jpg\" class=\"attachment-thumbnail size-thumbnail\" alt=\"\" \/><\/a>\n\t\t\t\t<\/dt><\/dl><dl class='gallery-item'>\n\t\t\t\t<dt class='gallery-icon landscape'>\n\t\t\t\t\t<a class=\"rollover rollover-zoom dt-pswp-item\" title=\"122469481_357690975341745_8317313936545033545_n\" data-dt-img-description=\"\" data-large_image_width=\"2048\" data-large_image_height=\"1165\"href='https:\/\/www.radiopiu.net\/wordpress\/wp-content\/uploads\/2020\/10\/122469481_357690975341745_8317313936545033545_n.jpg'><img loading=\"lazy\" decoding=\"async\" width=\"150\" height=\"150\" src=\"https:\/\/www.radiopiu.net\/wordpress\/wp-content\/uploads\/2020\/10\/122469481_357690975341745_8317313936545033545_n-150x150.jpg\" class=\"attachment-thumbnail size-thumbnail\" alt=\"\" \/><\/a>\n\t\t\t\t<\/dt><\/dl><dl class='gallery-item'>\n\t\t\t\t<dt class='gallery-icon landscape'>\n\t\t\t\t\t<a class=\"rollover rollover-zoom dt-pswp-item\" title=\"122461406_343566696867913_4208337906196660131_n\" data-dt-img-description=\"\" data-large_image_width=\"2048\" data-large_image_height=\"1292\"href='https:\/\/www.radiopiu.net\/wordpress\/wp-content\/uploads\/2020\/10\/122461406_343566696867913_4208337906196660131_n.jpg'><img loading=\"lazy\" decoding=\"async\" width=\"150\" height=\"150\" src=\"https:\/\/www.radiopiu.net\/wordpress\/wp-content\/uploads\/2020\/10\/122461406_343566696867913_4208337906196660131_n-150x150.jpg\" class=\"attachment-thumbnail size-thumbnail\" alt=\"\" \/><\/a>\n\t\t\t\t<\/dt><\/dl><dl class='gallery-item'>\n\t\t\t\t<dt class='gallery-icon landscape'>\n\t\t\t\t\t<a class=\"rollover rollover-zoom dt-pswp-item\" title=\"122442855_343446590290142_7301966376576299438_n\" data-dt-img-description=\"\" data-large_image_width=\"2048\" data-large_image_height=\"1455\"href='https:\/\/www.radiopiu.net\/wordpress\/wp-content\/uploads\/2020\/10\/122442855_343446590290142_7301966376576299438_n.jpg'><img loading=\"lazy\" decoding=\"async\" width=\"150\" height=\"150\" src=\"https:\/\/www.radiopiu.net\/wordpress\/wp-content\/uploads\/2020\/10\/122442855_343446590290142_7301966376576299438_n-150x150.jpg\" class=\"attachment-thumbnail size-thumbnail\" alt=\"\" \/><\/a>\n\t\t\t\t<\/dt><\/dl><dl class='gallery-item'>\n\t\t\t\t<dt class='gallery-icon landscape'>\n\t\t\t\t\t<a class=\"rollover rollover-zoom dt-pswp-item\" title=\"122449128_690098301929341_2927626149068115454_n\" data-dt-img-description=\"\" data-large_image_width=\"2048\" data-large_image_height=\"1311\"href='https:\/\/www.radiopiu.net\/wordpress\/wp-content\/uploads\/2020\/10\/122449128_690098301929341_2927626149068115454_n.jpg'><img loading=\"lazy\" decoding=\"async\" width=\"150\" height=\"150\" src=\"https:\/\/www.radiopiu.net\/wordpress\/wp-content\/uploads\/2020\/10\/122449128_690098301929341_2927626149068115454_n-150x150.jpg\" class=\"attachment-thumbnail size-thumbnail\" alt=\"\" \/><\/a>\n\t\t\t\t<\/dt><\/dl><br style=\"clear: both\" \/>\n\t\t\t<\/div>\n\n<\/div>\n<div class=\"_4gx_\">\n<div class=\"_1aa6\">\n<div><\/div>\n<div>NELLE FOTO (riproduzioni da \u201cRiva de na \u00f2lta: pa\u00e8s de c\u00f2nze e de canop\u201d): fabbricati esterni delle miniere: cinque secoli di storia di una comunit\u00e0; visione generale degli stabilimenti di pirite cuprifera; gruppo di minatori all\u2019ingresso principale; un ingresso secondario delle miniere ad inizio secolo; can\u00f2p in gruppo per la foto-ricordo; le Fusine ad inizio \u2018900; quattro chiacchiere durante una meritata pausa di lavoro; addetti e carri per il trasporto del minerale; scavi all\u2019interno della miniera; una visita agli stabilimenti gestiti dalla societ\u00e0 Magni; interno della miniera; scarico filovia; minatori di Riva in Belgio nell\u2019ultimo dopoguerra; un primo maggio degli anni \u201950: a Vallimperina la vita era ancora fiorente e si trovava modo di far festa nonostante il duro lavoro nel sottosuolo; nel 1962 la Montecatini chiuder\u00e0 gli stabilimenti e con essi un\u2019epoca di storia di una comunit\u00e0 forte e laboriosa.<\/div>\n<\/div>\n<\/div>\n<p>&nbsp;<\/p>\n<p>&nbsp;<\/p>\n<p>&nbsp;<\/p>\n<hr \/>\n<h2><span style=\"color: #800000;\">\u00a0<\/span><\/h2>\n<h2><span style=\"color: #800000;\">IERI ALLA RADIO<\/span><\/h2>\n<blockquote>\n<h3>FANTASTICHE DOLOMITI: LA PRESENTAZIONE CON CLAUDIO CANOVA<\/h3>\n<\/blockquote>\n<h2><span style=\"color: #ff0000;\">SECONDA PUNTATA\u00a0<\/span><\/h2>\n<p><img loading=\"lazy\" decoding=\"async\" class=\"alignleft\" src=\"https:\/\/www.radiopiu.net\/wordpress\/wp-content\/uploads\/2020\/10\/FANTASTICHE-DOLOMITI.png\" width=\"164\" height=\"95\" \/><strong>OSPITE IL PRESIDENTE CLAUDIO CANOVA ED AL VICE PRESIDENTE EMILIANO BONANNI<\/strong> <strong>DOPO LA PRESENTAZIONE UFFICIALE A VILLA PATT DI SEDICO<\/strong><\/p>\n<audio class=\"wp-audio-shortcode\" id=\"audio-167784-12\" preload=\"none\" style=\"width: 100%;\" controls=\"controls\"><source type=\"audio\/mpeg\" src=\"https:\/\/www.radiopiu.net\/wordpress\/wp-content\/uploads\/2020\/10\/fantastiche-dolomiti-22-ottobre.mp3?_=12\" \/><a href=\"https:\/\/www.radiopiu.net\/wordpress\/wp-content\/uploads\/2020\/10\/fantastiche-dolomiti-22-ottobre.mp3\">https:\/\/www.radiopiu.net\/wordpress\/wp-content\/uploads\/2020\/10\/fantastiche-dolomiti-22-ottobre.mp3<\/a><\/audio>\n<p>&nbsp;<\/p>\n<p>&nbsp;<\/p>\n<hr \/>\n<h2><span style=\"color: #0000ff;\">\u00a0<\/span><\/h2>\n<h2><span style=\"color: #0000ff;\">IERI ALLA RADIO<\/span><\/h2>\n<blockquote>\n<h3>120-80 CON IL CHIRURGO DOMENICO RIZZITELLI. QUANDO &#8220;RIMBORSA&#8221; IL SERVIZIO SANITARIO NAZIONALE?<\/h3>\n<\/blockquote>\n<p><strong><a class=\"dt-pswp-item\" href=\"https:\/\/www.radiopiu.net\/wordpress\/wp-content\/uploads\/2020\/10\/mammoplasty-4475080_960_720.jpg\" data-dt-img-description=\"\" data-large_image_width=\"960\" data-large_image_height=\"640\"><img loading=\"lazy\" decoding=\"async\" class=\" wp-image-167914 alignleft\" src=\"https:\/\/www.radiopiu.net\/wordpress\/wp-content\/uploads\/2020\/10\/mammoplasty-4475080_960_720-300x200.jpg\" alt=\"\" width=\"149\" height=\"99\" srcset=\"https:\/\/www.radiopiu.net\/wordpress\/wp-content\/uploads\/2020\/10\/mammoplasty-4475080_960_720-300x200.jpg 300w, https:\/\/www.radiopiu.net\/wordpress\/wp-content\/uploads\/2020\/10\/mammoplasty-4475080_960_720-768x512.jpg 768w, https:\/\/www.radiopiu.net\/wordpress\/wp-content\/uploads\/2020\/10\/mammoplasty-4475080_960_720.jpg 960w\" sizes=\"auto, (max-width: 149px) 100vw, 149px\" \/><\/a>di Claudio Fontanive<\/strong><\/p>\n<p>&nbsp;<\/p>\n<p><strong>SECONDA PUNTATA<\/strong><\/p>\n<audio class=\"wp-audio-shortcode\" id=\"audio-167784-13\" preload=\"none\" style=\"width: 100%;\" controls=\"controls\"><source type=\"audio\/mpeg\" src=\"https:\/\/www.radiopiu.net\/wordpress\/wp-content\/uploads\/2020\/10\/domenico-rizzitelli-scade-23-ottobre.mp3?_=13\" \/><a href=\"https:\/\/www.radiopiu.net\/wordpress\/wp-content\/uploads\/2020\/10\/domenico-rizzitelli-scade-23-ottobre.mp3\">https:\/\/www.radiopiu.net\/wordpress\/wp-content\/uploads\/2020\/10\/domenico-rizzitelli-scade-23-ottobre.mp3<\/a><\/audio>\n<p>&nbsp;<\/p>\n<p>&nbsp;<\/p>\n<hr \/>\n<h2><span style=\"color: #ff0000;\">\u00a0<\/span><\/h2>\n<h2><span style=\"color: #ff0000;\">L&#8217;OPINIONE<\/span><\/h2>\n<p><strong>\u201cCombattere Covid 19 con scelte condivise anche in Veneto\u201d<\/strong><\/p>\n<p>di Franco Piacentini, Feltre<\/p>\n<blockquote><p><em>Il politico, nonch\u00e9 scrittore e giornalista, Walter Veltroni, sulla gravit\u00e0 della <\/em><em>pandemia, per evitare, come lui afferma, di limitarsi, con una certa disinvoltura, a <\/em><em>parole come \u201cguerra\u201d e \u201ccoprifuoco\u201d, in un contesto di quotidiano scontro politico <\/em><em>tra la compagine governativa e l\u2019opposizione, con lungimiranza propone un <\/em><em>\u201ctavolo permanente di consultazione\u201d tra tutte le forze parlamentari. Un luogo di <\/em><em>scambio di dati e di preventiva informazione sulle scelte fondamentali. Dati, scelte e anche rischi, devono essere condivisi fra tutti gli eletti democraticamente alla Camera e al Senato. I soggetti con responsabilit\u00e0 politica e amministrativa e i <\/em><em>rappresentanti del Terzo Settore, del Volontariato, delle Confederazioni CGIL <\/em><em>CISL UIL, delle Associazioni imprenditoriali, delle Istituzioni regionali e locali, tutti<\/em><br \/>\n<em>(soprattutto governo e opposizione senza pasticci) devono esercitare grandissimo senso di responsabilit\u00e0 per evitare che il nostro Paese entri nel ginepraio del caos sociale ed economico. Il senso di appartenenza alla nostra democrazia costituzionale, nei fatti lo si dimostra, riprendendo, valorizzando e applicando le indicazioni del Presidente della Repubblica: \u201c\u2026cercare collaborazione, coordinamento, raccordo positivo, perch\u00e9 soltanto il coro sintonico delle nostre istituzioni, nella loro attivit\u00e0, pu\u00f2 condurci a superare le difficolt\u00e0 della pandemia&#8230;\u201d. Come sottolinea Walter Veltroni, per una volta diciamolo in italiano: \u201cgiusto o sbagliato, \u00e8 il mio Paese\u201d. Non sarebbe male, anzi, che anche la Regione Veneto, le Amministrazioni comunali, le Forze politiche, sociali, sindacali ed economiche, per contribuire a prevenire e sconfiggere Covid 19, orientassero i propri sforzi in scelte condivise, per il bene di tutte le persone.\u00a0<\/em><\/p><\/blockquote>\n<p>&nbsp;<\/p>\n<hr \/>\n<p>&nbsp;<\/p>\n<div class=\"im_message_wrap clearfix\">\n<div class=\"im_content_message_wrap im_message_out\">\n<h2><span style=\"color: #ff0000;\">IERI ALLA RADIO<\/span><\/h2>\n<p><strong>IL RITORNO DI IN VIVO VERSO, LA SESTA STAGIONE, PRIMA SETTIMANA DA UN&#8217;IDEA DI BRUNELLA MORO:<\/strong>\u00a0 questa settimana Antonietta Crepaz, Gisella Canzian, Lorella De Bon. Marco V. Dal Farra\u00a0 e Mariano Grossi.<\/p>\n<p><strong><span style=\"color: #0000ff;\">IN ONDA DAL LUNEDI AL VENERDI ALLE 7.10, 10.10, 18.50<\/span><\/strong><\/p>\n<blockquote class=\"wp-embedded-content\" data-secret=\"vkDDx6zehm\"><p><a href=\"https:\/\/www.radiopiu.net\/wordpress\/umano-disumano-di-marco-dal-farra\/\">UMANO DISUMANO di MARCO DAL FARRA<\/a><\/p><\/blockquote>\n<p><iframe loading=\"lazy\" class=\"wp-embedded-content\" sandbox=\"allow-scripts\" security=\"restricted\" style=\"position: absolute; clip: rect(1px, 1px, 1px, 1px);\" title=\"&#8220;UMANO DISUMANO di MARCO DAL FARRA&#8221; &#8212; Radio Pi\u00f9\" src=\"https:\/\/www.radiopiu.net\/wordpress\/umano-disumano-di-marco-dal-farra\/embed\/#?secret=vkDDx6zehm\" data-secret=\"vkDDx6zehm\" width=\"600\" height=\"338\" frameborder=\"0\" marginwidth=\"0\" marginheight=\"0\" scrolling=\"no\"><\/iframe><\/p>\n<\/div>\n<\/div>\n<p><span style=\"font-family: Verdana, sans-serif;\"><span style=\"font-size: medium;\">LA RACCOLTA COMPLETA, TUTTE LE COLLEZIONI<\/span><\/span><\/p>\n<blockquote class=\"wp-embedded-content\" data-secret=\"U6kLa84tHC\"><p><a href=\"https:\/\/www.radiopiu.net\/wordpress\/in-vivo-verso\/\">In Vivo Verso<\/a><\/p><\/blockquote>\n<p><iframe loading=\"lazy\" class=\"wp-embedded-content\" sandbox=\"allow-scripts\" security=\"restricted\" style=\"position: absolute; clip: rect(1px, 1px, 1px, 1px);\" title=\"&#8220;In Vivo Verso&#8221; &#8212; Radio Pi\u00f9\" src=\"https:\/\/www.radiopiu.net\/wordpress\/in-vivo-verso\/embed\/#?secret=U6kLa84tHC\" data-secret=\"U6kLa84tHC\" width=\"600\" height=\"338\" frameborder=\"0\" marginwidth=\"0\" marginheight=\"0\" scrolling=\"no\"><\/iframe><\/p>\n<p>&nbsp;<\/p>\n<p><a class=\"dt-pswp-item\" href=\"https:\/\/www.radiopiu.net\/wordpress\/wp-content\/uploads\/2018\/09\/appuntamenti.jpeg\" data-dt-img-description=\"\" data-large_image_width=\"800\" data-large_image_height=\"100\"><img loading=\"lazy\" decoding=\"async\" class=\"aligncenter wp-image-61958 size-full\" src=\"https:\/\/www.radiopiu.net\/wordpress\/wp-content\/uploads\/2018\/09\/appuntamenti.jpeg\" alt=\"\" width=\"800\" height=\"100\" srcset=\"https:\/\/www.radiopiu.net\/wordpress\/wp-content\/uploads\/2018\/09\/appuntamenti.jpeg 800w, https:\/\/www.radiopiu.net\/wordpress\/wp-content\/uploads\/2018\/09\/appuntamenti-300x38.jpeg 300w, https:\/\/www.radiopiu.net\/wordpress\/wp-content\/uploads\/2018\/09\/appuntamenti-768x96.jpeg 768w\" sizes=\"auto, (max-width: 800px) 100vw, 800px\" \/><\/a><\/p>\n<p>&nbsp;<\/p>\n<div><strong>CHIES D&#8217;ALPAGO<\/strong> Domenica 25 ottobre 70^ giornata del ringraziamento agricolo, alle 9 arrivo trattoristi, 9.30 messa con il Vescovo o suo delegato, 10.30 benedizione macchine agricole e animali 10.45 interventi delle autorit\u00e0 11 sfilata trattori e animali 12.00 momento conviviale.<\/div>\n<div><\/div>\n<div><span style=\"color: #ff0000;\"><strong>AGORDO<\/strong> &#8220;Il paesaggio alpino nell&#8217;arte&#8221;\u00a0 la\u00a0 conferenza in programma oggi alle 18 in sala Don Tamis (e successiva mostra) \u00e8 stata annullata in seguito all&#8217;emergenza covid.<\/span><\/div>\n<div><\/div>\n<div>\n<p><strong>BELLUNO<\/strong> Il Quartetto di Venezia (foto)\u00a0 si esibir\u00e0 oggi alle 20.30 in Sala Giovanni XXIII per iniziativa del Circolo Culturale Bellunese. Prenotazione\u00a0 obbligatoria, allo 0437 940407, e-mail: info@alpebellunese.it. Ingresso: interi 20 euro, soci 15, studenti 5.<\/p>\n<p><strong>AGORDO\u00a0<\/strong>Pc Ranch Young Team e Aics Belluno organizzano un corso di ginnastica-coordinazione-ritmo volteggio (foto). Tutti i martedi fino a maggio sempre alle 16 al Palarova. Orario: 16-17 bambini 5-7 anni; 16.30-1830 bambini dagli 8 anni compiuti. Info e iscrizioni da Donatella al 348 4352362. (Ci sono ancora alcuni posti disponibili)<\/p>\n<p>&nbsp;<\/p>\n<p>&nbsp;<\/p>\n<\/div>\n<hr \/>\n<p>&nbsp;<\/p>\n<p>&nbsp;<\/p>\n<h2><span style=\"color: #ff0000;\">IERI ALLA RADIO<\/span><\/h2>\n<h2><span style=\"color: #808000;\">DUE MINUTI UN LIBRO\u00a0\u00a0<\/span><\/h2>\n<blockquote class=\"wp-embedded-content\" data-secret=\"wbM9L2UGGn\"><p><a href=\"https:\/\/www.radiopiu.net\/wordpress\/la-morte-e-il-mio-mestiere\/\">LA MORTE E&#8217; IL MIO MESTIERE<\/a><\/p><\/blockquote>\n<p><iframe loading=\"lazy\" class=\"wp-embedded-content\" sandbox=\"allow-scripts\" security=\"restricted\" style=\"position: absolute; clip: rect(1px, 1px, 1px, 1px);\" title=\"&#8220;LA MORTE E&#8217; IL MIO MESTIERE&#8221; &#8212; Radio Pi\u00f9\" src=\"https:\/\/www.radiopiu.net\/wordpress\/la-morte-e-il-mio-mestiere\/embed\/#?secret=wbM9L2UGGn\" data-secret=\"wbM9L2UGGn\" width=\"600\" height=\"338\" frameborder=\"0\" marginwidth=\"0\" marginheight=\"0\" scrolling=\"no\"><\/iframe><\/p>\n<h2>LA RACCOLTA COMPLETA<\/h2>\n<blockquote class=\"wp-embedded-content\" data-secret=\"HLpfL3uPbS\"><p><a href=\"https:\/\/www.radiopiu.net\/wordpress\/due-minuti-un-libro\/\">Due minuti un libro<\/a><\/p><\/blockquote>\n<p><iframe loading=\"lazy\" class=\"wp-embedded-content\" sandbox=\"allow-scripts\" security=\"restricted\" style=\"position: absolute; clip: rect(1px, 1px, 1px, 1px);\" title=\"&#8220;Due minuti un libro&#8221; &#8212; Radio Pi\u00f9\" src=\"https:\/\/www.radiopiu.net\/wordpress\/due-minuti-un-libro\/embed\/#?secret=HLpfL3uPbS\" data-secret=\"HLpfL3uPbS\" width=\"600\" height=\"338\" frameborder=\"0\" marginwidth=\"0\" marginheight=\"0\" scrolling=\"no\"><\/iframe><\/p>\n<p>&nbsp;<\/p>\n<p>&nbsp;<\/p>\n<p>&nbsp;<\/p>\n<p>&nbsp;<\/p>\n<hr \/>\n<p>&nbsp;<\/p>\n<div>\n<h2><span style=\"color: #33cccc;\">I RACCONTI DI PAOLO SOPPELSA il lunedi alle 9.30 e 18.30<\/span><\/h2>\n<h2><span style=\"color: #33cccc;\"><strong>LA RACCOLTA COMPLETA<\/strong><\/span><\/h2>\n<blockquote class=\"wp-embedded-content\" data-secret=\"M3kn6y9DQe\"><p><a href=\"https:\/\/www.radiopiu.net\/wordpress\/i-racconti-di-paolo-soppelsa\/\">I racconti di Paolo Soppelsa<\/a><\/p><\/blockquote>\n<p><iframe loading=\"lazy\" class=\"wp-embedded-content\" sandbox=\"allow-scripts\" security=\"restricted\" style=\"position: absolute; clip: rect(1px, 1px, 1px, 1px);\" title=\"&#8220;I racconti di Paolo Soppelsa&#8221; &#8212; Radio Pi\u00f9\" src=\"https:\/\/www.radiopiu.net\/wordpress\/i-racconti-di-paolo-soppelsa\/embed\/#?secret=M3kn6y9DQe\" data-secret=\"M3kn6y9DQe\" width=\"600\" height=\"338\" frameborder=\"0\" marginwidth=\"0\" marginheight=\"0\" scrolling=\"no\"><\/iframe><\/p>\n<p>&nbsp;<\/p>\n<\/div>\n<p>&nbsp;<\/p>\n<hr \/>\n<div>\n<h2><span style=\"color: #000080;\"><a class=\"dt-pswp-item\" href=\"https:\/\/www.radiopiu.net\/wordpress\/wp-content\/uploads\/2020\/10\/pp.jpg\" data-dt-img-description=\"\" data-large_image_width=\"640\" data-large_image_height=\"640\"><img loading=\"lazy\" decoding=\"async\" class=\"wp-image-163678 alignleft\" src=\"https:\/\/www.radiopiu.net\/wordpress\/wp-content\/uploads\/2020\/10\/pp-300x300.jpg\" alt=\"\" width=\"106\" height=\"106\" srcset=\"https:\/\/www.radiopiu.net\/wordpress\/wp-content\/uploads\/2020\/10\/pp-300x300.jpg 300w, https:\/\/www.radiopiu.net\/wordpress\/wp-content\/uploads\/2020\/10\/pp-150x150.jpg 150w, https:\/\/www.radiopiu.net\/wordpress\/wp-content\/uploads\/2020\/10\/pp-125x125.jpg 125w, https:\/\/www.radiopiu.net\/wordpress\/wp-content\/uploads\/2020\/10\/pp-200x200.jpg 200w, https:\/\/www.radiopiu.net\/wordpress\/wp-content\/uploads\/2020\/10\/pp-80x80.jpg 80w, https:\/\/www.radiopiu.net\/wordpress\/wp-content\/uploads\/2020\/10\/pp-480x480.jpg 480w, https:\/\/www.radiopiu.net\/wordpress\/wp-content\/uploads\/2020\/10\/pp.jpg 640w\" sizes=\"auto, (max-width: 106px) 100vw, 106px\" \/><\/a>DON CESARE, IL PENSIERO DEL GIORNO. ALLA RADIO ALLE 7 DEL MATTINO E ALLE 19.30 DELLA SERA.\u00a0\u00a0<\/span><\/h2>\n<\/div>\n<p>&nbsp;<\/p>\n<blockquote><p>&nbsp;<\/p><\/blockquote>\n<audio class=\"wp-audio-shortcode\" id=\"audio-167784-14\" preload=\"none\" style=\"width: 100%;\" controls=\"controls\"><source type=\"audio\/mpeg\" src=\"https:\/\/www.radiopiu.net\/wordpress\/wp-content\/uploads\/2020\/10\/CESARE-17.mp3?_=14\" \/><a href=\"https:\/\/www.radiopiu.net\/wordpress\/wp-content\/uploads\/2020\/10\/CESARE-17.mp3\">https:\/\/www.radiopiu.net\/wordpress\/wp-content\/uploads\/2020\/10\/CESARE-17.mp3<\/a><\/audio>\n<p>&nbsp;<\/p>\n<hr \/>\n<p>&nbsp;<\/p>\n<div>\n<p><a class=\"dt-pswp-item\" href=\"https:\/\/www.radiopiu.net\/wordpress\/wp-content\/uploads\/2018\/09\/viabilita.jpeg\" data-dt-img-description=\"\" data-large_image_width=\"800\" data-large_image_height=\"100\"><img loading=\"lazy\" decoding=\"async\" class=\"aligncenter wp-image-61954 size-full\" src=\"https:\/\/www.radiopiu.net\/wordpress\/wp-content\/uploads\/2018\/09\/viabilita.jpeg\" alt=\"\" width=\"800\" height=\"100\" srcset=\"https:\/\/www.radiopiu.net\/wordpress\/wp-content\/uploads\/2018\/09\/viabilita.jpeg 800w, https:\/\/www.radiopiu.net\/wordpress\/wp-content\/uploads\/2018\/09\/viabilita-300x38.jpeg 300w, https:\/\/www.radiopiu.net\/wordpress\/wp-content\/uploads\/2018\/09\/viabilita-768x96.jpeg 768w\" sizes=\"auto, (max-width: 800px) 100vw, 800px\" \/><\/a><\/p>\n<\/div>\n<p>&nbsp;<\/p>\n<p><strong>PROVINCIALE 251<\/strong> COLLE SANTA LUCIA Fino al 28 novembre senso unico (per asfaltature) compresi sabato e domenica.<\/p>\n<p><strong>SP 638 PASSO GIAU <\/strong>A Colle Santa Lucia fino\u00a0al 28 ottobre. esclusi sabato e domenica senso unico alternato per indagini geognostiche<\/p>\n<p><strong>SP 12 PEDEMONTANA <\/strong>senso unico alternato regolato da impianto semaforico in localit\u00e0 Veses fino al 6 novembre, esclusi sabati e domeniche, per messa in sicurezza versante a monte della strada<\/p>\n<p><strong>SP 25 DEL PASSO VALLES<\/strong> senso unico alternato regolato da impianto semaforico in localit\u00e0 Caverson fino al 30 ottobre, esclusi sabati e domenica, \u00a0per manutenzione sovrappasso pista da sci<\/p>\n<p><strong>SR 203 AGORDINA <\/strong>fino al 23 ottobre, dalle 8 alle 12 e dalle 13:30 alle 17:30, temporanee interruzioni al traffico della durata massima di 20 minuti tra Cencenighe e Avoscan per esbosco con elicottero in attraversamento strada<\/p>\n<p><strong>SR 48 DELLE DOLOMITI<\/strong> Fino al 30 ottobre (festivi e prefestivi esclusi) senso unico alternato con movieri o semafori<\/p>\n<p><strong>SR 50 DEL GRAPPA E PASSO ROLLE<\/strong>\u00a0 fino al 23 ottobre, dalle 8 alle 17 esclusi sabati e domeniche, temporanee interruzioni alla viabilit\u00e0 di massimo 30 minuti per allestimento protezione in prossimit\u00e0 dell&#8217;imbocco a monte della galleria Pontet<\/p>\n<p><strong>203 AGORDINA, ALLEGHE<\/strong> LOCALITA&#8217; SOPRA SAC\u00a0 fino \u00a0al 30 ottobre (sabato e domenica esclusi) senso unico alternato per allestimento opere anti valanghive<\/p>\n<p><strong>SP 3 DELLA VAL IMPERINA<\/strong> fino a revoca, senso unico alternato regolato a vista in localit\u00e0 Gona di Conedera di Rivamonte per cedimento della carreggiata stradale<\/p>\n<p><strong>SR 48 DELLE DOLOMITI<\/strong> fino\u00a0 al 6 novembre (festivi e prefestivi inclusi) senso unico alternato in localit\u00e0 Brenta Comune di Livinallongo del Col di Lana.<\/p>\n<p><strong>SP 422 DELL&#8217;ALPAGO E DEL CANSIGLIO<\/strong> fino al 30 ottobre senso unico alternato regolato da movieri tra le 8 e le 19 tra Puos e Cornei per posa fibra ottica<\/p>\n<p><strong>SR 48 DELLE DOLOMITI\u00a0 <\/strong>fino\u00a0al 31 ottobre, compresi sabati e domeniche, senso unico alternato regolato da impianto semaforico tra Passo Falzarego e il parcheggio 5 Torri per posa elettrodotto interrato<\/p>\n<p><strong>SP 49 DI MISURINA <\/strong>fino al\u00a020 novembre, senso unico alternato regolato da impianto semaforico tra Misurina e il confine con la provincia di Bolzano per posa elettrodotto interrato<\/p>\n<p><strong>REGIONALE 48 DELLE DOLOMITI<\/strong> localit\u00e0 Cernadoi-Pian di Falzarego, fino al 30 ottobre senso unico alternato regolato da semaforo anche nei giorni festivi e prefestivi.<\/p>\n<p><strong>PROVINCIALE 251 VAL DI ZOLDO E CELLINA<\/strong> localit\u00e0 Pescul-Selva di Cadore, fino al 31 ottobre senso unico alternato con movieri o semaforo, escluso sabato e domenica.<\/p>\n<p><strong>PROVINCIALE 641 PASSO FEDAIA<\/strong> Fino al 30 ottobre compresi festivi e prefestivi senso unico con semaforo in localit\u00e0 Capanna Bill<\/p>\n<p><strong>REGIONALE 203 AGORDINA<\/strong>\u00a0 Fino\u00a0 al 18 dicembre (esclusi festivi e prefestivi) senso unico alternato tra Peron e Candaten con movieri dalle 7.30 alle 9 e dalle 16.30 alle 18. Con semaforo negli altri orari<\/p>\n<p><strong>REGIONALE 203 AGORDINA<\/strong> Fino al 30 ottobre (sabato e domenica esclusi) tra Candaten e La Stanga dalle 7.30 alle 9 e dalle 16.30 alle 18 con movieri e negli altri orari con semaforo, senso unico alternato.<\/p>\n<div>\n<p>&nbsp;<\/p>\n<hr \/>\n<p>&nbsp;<\/p>\n<p class=\"photoswipe-wrapper\"><a class=\"dt-pswp-item pspw-wrap-ready\" href=\"https:\/\/i0.wp.com\/www.radiopiu.net\/wordpress\/wp-content\/uploads\/2018\/09\/WhatsApp-Image-2018-09-20-at-16.04.06.jpeg?ssl=1\" data-dt-img-description=\"\" data-large_image_width=\"800\" data-large_image_height=\"100\"><img loading=\"lazy\" decoding=\"async\" class=\"aligncenter wp-image-61378 size-full jetpack-lazy-image jetpack-lazy-image--handled\" src=\"https:\/\/i0.wp.com\/www.radiopiu.net\/wordpress\/wp-content\/uploads\/2018\/09\/WhatsApp-Image-2018-09-20-at-16.04.06.jpeg?resize=800%2C100&amp;ssl=1\" sizes=\"auto, (max-width: 800px) 100vw, 800px\" srcset=\"https:\/\/i0.wp.com\/www.radiopiu.net\/wordpress\/wp-content\/uploads\/2018\/09\/WhatsApp-Image-2018-09-20-at-16.04.06.jpeg?w=800&amp;ssl=1 800w, https:\/\/i0.wp.com\/www.radiopiu.net\/wordpress\/wp-content\/uploads\/2018\/09\/WhatsApp-Image-2018-09-20-at-16.04.06.jpeg?resize=300%2C38&amp;ssl=1 300w, https:\/\/i0.wp.com\/www.radiopiu.net\/wordpress\/wp-content\/uploads\/2018\/09\/WhatsApp-Image-2018-09-20-at-16.04.06.jpeg?resize=768%2C96&amp;ssl=1 768w\" alt=\"\" width=\"800\" height=\"100\" data-lazy-loaded=\"1\" \/><\/a><\/p>\n<\/div>\n<div><\/div>\n<div><center><b>Venerdi 23<\/b><\/center><b>Tempo atteso: <\/b>Poche chance di squarci di sereno al primo mattino ed estesa nuvolosit\u00e0 media stratiforme, assieme a nubi basse su alcuni settori, specie sulle Prealpi. Dalle ore centrali e soprattutto nel corso del pomeriggio intensificazione della nuvolosit\u00e0 e graduale peggioramento del tempo, in estensione dalle Prealpi occidentali al resto dei monti veneti entro la sera. Atmosfera sempre pi\u00f9 uggiosa.<br \/>\n<b>Precipitazioni: <\/b>Al mattino assenti (0%), eccetto prime gocce sulle Prealpi occidentali (10%) in tarda mattinata. Nel corso del pomeriggio primi deboli o debolissime precipitazioni a partire dalle Prealpi occidentali (40\/60%), in estensione a gran parte della montagna veneta alla sera (80\/90%), nevose oltre i 2800\/2900 m.<br \/>\n<b>Temperature: <\/b>In contenuto calo, eccetto rialzo delle minime nelle valli. Sono previste punte di 13\/15\u00b0C nei fondovalle prealpini e di 9\/11\u00b0C a 1000\/1200 m. Su Prealpi a 1500 m min 7\u00b0C max 9\u00b0C, a 2000 m min 4\u00b0C max 6\u00b0C. Su Dolomiti a 2000 m min 3\u00b0C max 6\u00b0C, a 3000 m min 0\u00b0C max 2\u00b0C.<br \/>\n<b>Venti: <\/b>Nelle valli deboli di direzione variabile; in quota moderati\/tesi sud-occidentali, anche forti sulle cime dolomitiche pi\u00f9 alte, a 15-30 km\/h a 2000 m e 35-45 km\/h a 3000 m.<\/p>\n<hr \/>\n<p><center><b>Sabato 24<\/b><\/center><b>Tempo atteso: <\/b>Tra la notte e parte del mattino lieve maltempo con residui deboli fenomeni. In seguito miglioramento del tempo con rasserenamenti, gi\u00e0 dalle ore centrali sulle Dolomiti, successivamente anche sulle Prealpi, nonostante il formarsi di qualche addensamento cumuliforme fino a met\u00e0 pomeriggio. Ambiente un po&#8217; fresco all&#8217;alba e di nuovo relativamente mite in giornata, specie nei posti pi\u00f9 assolati per ritorno del sole.<br \/>\n<b>Precipitazioni: <\/b>Nottetempo e al mattino piogge sparse, anche a carattere di rovescio (40\/50%), nevose oltre 2600\/2700 m. Al pomeriggio fenomeni generalmente assenti (0%) sulle Dolomiti e sporadici sulle Prealpi (10\/20%). Tra venerd\u00ec e le prime ore di sabato sono previsti cumuli di 5\/10 mm sulle Dolomiti, 10\/15 mm sulle Prealpi, localmente fino a 20 mm su quest&#8217;ultime. La neve fresca sar\u00e0 di altrettanti cm sui 3000 m e di pochi cm a 2600\/2700 m.<br \/>\n<b>Temperature: <\/b>In generale lieve calo, salvo stazionariet\u00e0 o lieve ripresa delle massime nelle valli. Sono previste punte di 13\/15\u00b0C nei fondovalle prealpini e di 9\/11\u00b0C a 1000\/1200 m. Su Prealpi a 1500 m min 6\u00b0C max 8\u00b0C, a 2000 m min 4\u00b0C max 5\u00b0C. Su Dolomiti a 2000 m min 3\u00b0C max 5\u00b0C, a 3000 m min -2\u00b0C max 0\u00b0C.<br \/>\n<b>Venti: <\/b>Nelle valli perlopi\u00f9 deboli a regime di brezza, localmente e a tratti moderati; in quota deboli\/moderati dai quadranti settentrionali, a 5-10 km\/h a 2000 m e 10-20 km\/h a 3000 m.<\/p>\n<hr \/>\n<p><center><b>Domenica 25<\/b><\/center>Tempo stabile, ben soleggiato con cielo sereno o poco nuvoloso per qualche banco di sottili e passeggere nubi alte. Temperature minime in calo e massime in aumento. Locali banchi di nebbia nelle ore pi\u00f9 fredde in alcune conche prealpine. Venti perlopi\u00f9 deboli a regime di brezza nelle valli, localmente e a tratti moderati; deboli\/moderati meridionali in quota.<\/p>\n<hr \/>\n<p><center><b>Lunedi 26<\/b><\/center>Peggioramento del tempo fino a essere perturbato con cielo coperto e precipitazioni sempre pi\u00f9 diffuse, perlopi\u00f9 di moderata intensit\u00e0. Il lieve calo termico determiner\u00e0 un abbassamento del limite della neve dai 2100\/2200 m iniziali fino sui 1900\/2000 m a fine episodio. Nel corso della serata esaurimento del maltempo. Temperature in diminuzione, eccetto rialzo delle minime nelle valli. Venti deboli di direzione variabile nelle valli, moderati da sud-ovest in quota, anche tesi sulle cime dolomitiche pi\u00f9 alte e sulle dorsali prealpine. Previsore: R.L.Th.<\/p>\n<hr \/>\n<\/div>\n<p>&nbsp;<\/p>\n<p>&nbsp;<\/p>\n<p>&nbsp;<\/p>\n<p><a class=\"dt-pswp-item\" href=\"https:\/\/www.radiopiu.net\/wordpress\/wp-content\/uploads\/2018\/09\/sport.jpg\" data-dt-img-description=\"\" data-large_image_width=\"800\" data-large_image_height=\"100\"><img loading=\"lazy\" decoding=\"async\" class=\"wp-image-60761 size-full aligncenter\" src=\"https:\/\/www.radiopiu.net\/wordpress\/wp-content\/uploads\/2018\/09\/sport.jpg\" alt=\"\" width=\"800\" height=\"100\" srcset=\"https:\/\/www.radiopiu.net\/wordpress\/wp-content\/uploads\/2018\/09\/sport.jpg 800w, https:\/\/www.radiopiu.net\/wordpress\/wp-content\/uploads\/2018\/09\/sport-300x38.jpg 300w, https:\/\/www.radiopiu.net\/wordpress\/wp-content\/uploads\/2018\/09\/sport-768x96.jpg 768w\" sizes=\"auto, (max-width: 800px) 100vw, 800px\" \/><\/a><\/p>\n<p>&nbsp;<\/p>\n<h3>L&#8217;ALLEGHE PERDE AI RIGORI DOPO UNA PRESTAZIONE SUPERLATIVA CONTRO IL FIEMME<\/h3>\n<p><a class=\"dt-pswp-item\" href=\"https:\/\/www.radiopiu.net\/wordpress\/wp-content\/uploads\/2019\/08\/logo-alleghe-hockey.png\" data-dt-img-description=\"\" data-large_image_width=\"547\" data-large_image_height=\"512\"><img loading=\"lazy\" decoding=\"async\" class=\"size-medium wp-image-95699 alignleft\" src=\"https:\/\/www.radiopiu.net\/wordpress\/wp-content\/uploads\/2019\/08\/logo-alleghe-hockey-300x281.png\" alt=\"\" width=\"300\" height=\"281\" srcset=\"https:\/\/www.radiopiu.net\/wordpress\/wp-content\/uploads\/2019\/08\/logo-alleghe-hockey-300x281.png 300w, https:\/\/www.radiopiu.net\/wordpress\/wp-content\/uploads\/2019\/08\/logo-alleghe-hockey.png 547w\" sizes=\"auto, (max-width: 300px) 100vw, 300px\" \/><\/a>FIEMME &#8211; ALLEGHE 3-2 dtr<\/p>\n<p>PARZIALI: 0-0, 0-1, 1-2, 0-0, 1-0<\/p>\n<p>GOL: st. 17\u201920\u201d March. tt. 3\u201921\u201d Machan, 5\u201948\u201d Matikainen, 14\u201936\u201d De Val. rig. Gilmozzi<\/p>\n<p>Quante emozioni a Cavalese. Dopo una partita giocata alla pari e con le squadre che hanno dato spettacolo, i rigori decretano la vittoria del Fiemme. Civette agguerrite che tengono il passo dei fiemmesi per 60\u2019. Un pareggio giusto dopo i tempi regolamentari, all\u2019overtime il Fiemme si vede annullare un gol ma ai rigori trova i due punti aggiuntivi grazie all\u2019unica realizzazione di Gilmozzi. Serata super per i due golie, delle vere e proprie saracinesche e protagonisti indiscussi del match. Si gioca fin da subito a ritmi alti e l\u2019Alleghe va vicina al vantaggio con De Val. I padroni di casa rispondo con Pontus Moren ma il golie agordino sventa la minaccia. Le squadre non se le mandano a dire e da entrambi i lati le occasioni non mancano. I trentini fanno paura e colpiscono un palo. Matteo Dall\u2019Agnol ci prova ma il portiere fiemmese riesce a mettere una pezza. La sfida \u00e8 piacevole con poche pause per tirare il fiato. Le civette sembrano in forma e rispondo ad ogni buona occasione. I due portieri sono protagonisti della serata e salvano il risultato in pi\u00f9 occasioni. Nel secondo drittel i biancorossi entrano in campo agguerriti e nel giro di pochi istanti Matteo Dall\u2019Agnol e Martini scaldano i guantoni a al portiere del Fiemme. Anche Scola deve fare del suo per evitare che i padroni di casa passino in vantaggio. Il match sembra non volersi sbloccare e il pareggio \u00e8 il risultato giusto. Fioccano le prime penalit\u00e0 ma a fare la differenza sono ancora i portieri che sembrano delle saracinesche. Il primo gol della serata arriva a 2\u2019 dal termine della frazione centrale. \u00c8 il Fiemme che riesce a sbloccare il punteggio con March che sorprende Scola con un polsino preciso. Il terzo tempo inizia con il doppio vantaggio trentino. De Val finisce in panca puniti e Machan dopo pochi secondi trova il raddoppio. Non si perdono d\u2019animo le civette che provano subito a reagire e con Kiviranta rientrano in partita, imprendibile il tiro dalla distanza dell\u2019alleghese. Il pareggio arriva a pochi minuti dal termine. Alleghe in superiorit\u00e0 numerica e De Val che coglie un assist d\u2019oro di Da Tos per spedire in fondo al sacco il disco. Ultimi 2\u2019 al cardiopalma con le squadre che le provano tutte per chiudere la sfida ma si va all\u2019overtime. Il Fiemme si vede annullare il gol di Pontus Moren per aver spinto il disco col pattino. Le emozioni non mancano in 3 contro 3 ma sono i rigori a decidere chi riceve i due punti supplementari. Trentini che vincono grazie all\u2019unico rigore trasformato da Gilmozzi.<\/p>\n<p>&nbsp;<\/p>\n<hr \/>\n<p>&nbsp;<\/p>\n<blockquote>\n<h3>HOCKEY GHIACCIO, SOSPESI I CAMPIONATI GIOVANILI<\/h3>\n<\/blockquote>\n<p><a class=\"dt-pswp-item\" href=\"https:\/\/www.radiopiu.net\/wordpress\/wp-content\/uploads\/2020\/10\/989fbc3b-274c-4edf-8c1c-e94ba5325fc9.jpg\" data-dt-img-description=\"\" data-large_image_width=\"1153\" data-large_image_height=\"640\"><img loading=\"lazy\" decoding=\"async\" class=\" wp-image-167987 alignleft\" src=\"https:\/\/www.radiopiu.net\/wordpress\/wp-content\/uploads\/2020\/10\/989fbc3b-274c-4edf-8c1c-e94ba5325fc9-300x167.jpg\" alt=\"\" width=\"230\" height=\"127\" srcset=\"https:\/\/www.radiopiu.net\/wordpress\/wp-content\/uploads\/2020\/10\/989fbc3b-274c-4edf-8c1c-e94ba5325fc9-300x167.jpg 300w, https:\/\/www.radiopiu.net\/wordpress\/wp-content\/uploads\/2020\/10\/989fbc3b-274c-4edf-8c1c-e94ba5325fc9-1024x568.jpg 1024w, https:\/\/www.radiopiu.net\/wordpress\/wp-content\/uploads\/2020\/10\/989fbc3b-274c-4edf-8c1c-e94ba5325fc9-768x426.jpg 768w, https:\/\/www.radiopiu.net\/wordpress\/wp-content\/uploads\/2020\/10\/989fbc3b-274c-4edf-8c1c-e94ba5325fc9.jpg 1153w\" sizes=\"auto, (max-width: 230px) 100vw, 230px\" \/><\/a>Tutti i Campionati Giovanili Nazionali di hockey su ghiaccio &#8211; Junior League Under 19, U17, U15, U13 &#8211; sono sospesi con effetto immediato fino al prossimo 15 novembre. Nonostante l&#8217;attuale momento, la Federazione s\u2019impegna per la prossima continuazione dell&#8217;attivit\u00e0 giovanile, di fondamentale importanza per tutto il settore. In questo senso, tutte le partite che non verranno disputate saranno recuperate nei prossimi mesi. Vista anche la cancellazione dei Mondiali IIHF, legati ai settori giovanili, si dispone di un calendario pi\u00f9 ampio per portare a termine la stagione 2020\/21.<\/p>\n<hr \/>\n<p>&nbsp;<\/p>\n<blockquote>\n<h3>HOCKEY SU GHIACCIO: ANNULLATI GLI IMPEGNI DELLE NAZIONALI<\/h3>\n<\/blockquote>\n<p><a class=\"dt-pswp-item\" href=\"https:\/\/www.radiopiu.net\/wordpress\/wp-content\/uploads\/2020\/10\/4e2adc45-d109-49af-a31b-5e51bff3b705-e1603359192213.jpg\" data-dt-img-description=\"\" data-large_image_width=\"1920\" data-large_image_height=\"1280\"><img loading=\"lazy\" decoding=\"async\" class=\" wp-image-167866 alignleft\" src=\"https:\/\/www.radiopiu.net\/wordpress\/wp-content\/uploads\/2020\/10\/4e2adc45-d109-49af-a31b-5e51bff3b705-e1603359192213-300x200.jpg\" alt=\"\" width=\"218\" height=\"145\" srcset=\"https:\/\/www.radiopiu.net\/wordpress\/wp-content\/uploads\/2020\/10\/4e2adc45-d109-49af-a31b-5e51bff3b705-e1603359192213-300x200.jpg 300w, https:\/\/www.radiopiu.net\/wordpress\/wp-content\/uploads\/2020\/10\/4e2adc45-d109-49af-a31b-5e51bff3b705-e1603359192213-1024x683.jpg 1024w, https:\/\/www.radiopiu.net\/wordpress\/wp-content\/uploads\/2020\/10\/4e2adc45-d109-49af-a31b-5e51bff3b705-e1603359192213-768x512.jpg 768w, https:\/\/www.radiopiu.net\/wordpress\/wp-content\/uploads\/2020\/10\/4e2adc45-d109-49af-a31b-5e51bff3b705-e1603359192213-1536x1024.jpg 1536w, https:\/\/www.radiopiu.net\/wordpress\/wp-content\/uploads\/2020\/10\/4e2adc45-d109-49af-a31b-5e51bff3b705-e1603359192213.jpg 1920w\" sizes=\"auto, (max-width: 218px) 100vw, 218px\" \/><\/a>Gli impegni di tutte le squadre nazionali previsti a novembre sono stati annullati. Niente tornei amichevoli per le tutte le nazionali maschili e femminili, e sospensione anche dei raduni di preparazione. L\u2019obiettivo principale rimane quello di tutelare la salute degli atleti evitando di sottoporli a trasferte e rischi ulteriori rispetto a quelli gi\u00e0 in essere. La Federazione Italiana Sport Ghiaccio, punta anche a salvaguardare la continuit\u00e0 dei campionati maggiori mettendo a disposizione una nuova finestra per poter recuperare gli incontri annullati a causa dei casi di positivit\u00e0 al Coronavirus registrati in alcune squadre di club. La nazionale senior maschile avrebbe dovuto affrontare l\u2019Euro Ice Hockey Challenge in Ungheria contro i padroni di casa, la Polonia e la Corea del Sud, mentre la Under 20 maschile avrebbe dovuto ospitare un quadrangolare in Italia. Per quanto riguarda le altre rappresentative, le Under 18 maschile e femminile sarebbero dovute andare in Ungheria, la Under 16 in Slovenia e la Under 15 in Austria.<\/p>\n<p>&nbsp;<\/p>\n<hr \/>\n<blockquote>\n<h3><\/h3>\n<h3>IL TROFEO BODY EVIDENZE DI SKIROL NON E&#8217; STATO ANNULLATO<\/h3>\n<\/blockquote>\n<p><strong>PORDENONE<\/strong> Si svolger\u00e0 regolarmente il Trofeo Body Evidence, gara promozionale di skiroll in tecnica classica, sulla tradizionale salita che conduce a Mezzomonte (Polcenigo) ma con alcune leggere modifiche: la partenza verr\u00e0 data dalla piazza della frazione di Coltura, anzich\u00e9 da Gorgazzo, e ci\u00f2 consentir\u00e0 di sfruttare un tratto di asfalto appena realizzato. Il nuovo tracciato sar\u00e0 un po&#8217; pi\u00f9 breve del precedente.<\/p>\n<p>&nbsp;<\/p>\n<\/div>\n<\/div>\n<\/div>\n<\/div>\n","protected":false},"excerpt":{"rendered":"<p>PER RICEVERE QUESTO NOTIZIARIO DIRETTAMENTE SUL TUO CELLULARE ISCRIVITI AL CANALE TELEGRAM \u201cRADIO PIU\u00a0 INFORMAZIONE&#8221; ATTENZIONE: LA NUOVA APP PER IOS-IPHONE https:\/\/apps.apple.com\/it\/app\/radio-pi%C3%B9-emittente-agordina\/id1515939845 ATTENZIONE: LA NUOVA APP RADIO\u00a0 PER ANDROID https:\/\/play.google.com\/store\/apps\/details?id=net.radiopiu.iniko\u00a0\u00a0 &nbsp; A CAVIOLA FESTEGGIATI DI 100 ANNI DI FIORETTA &nbsp; &nbsp; Ora solare: domenica alle 3 lancette indietro di un&#8217;ora. Sar\u00e0 l&#8217;ultima volta?\u00a0 MERCOLEDI VACCINAZIONI&hellip;<\/p>\n","protected":false},"author":4,"featured_media":167917,"comment_status":"closed","ping_status":"closed","sticky":false,"template":"","format":"standard","meta":{"_monsterinsights_skip_tracking":false,"_monsterinsights_sitenote_active":false,"_monsterinsights_sitenote_note":"","_monsterinsights_sitenote_category":0,"footnotes":""},"categories":[1,51,86,49],"tags":[],"class_list":["post-167784","post","type-post","status-publish","format-standard","has-post-thumbnail","hentry","category-senza-categoria","category-evidenza-top","category-gr","category-news-18","category-1","category-51","category-86","category-49","description-off"],"img_url":"https:\/\/www.radiopiu.net\/wordpress\/wp-content\/uploads\/2020\/10\/c7385d56-cb18-44ee-9d97-8138ea1af81d.jpg","_links":{"self":[{"href":"https:\/\/www.radiopiu.net\/wordpress\/wp-json\/wp\/v2\/posts\/167784","targetHints":{"allow":["GET"]}}],"collection":[{"href":"https:\/\/www.radiopiu.net\/wordpress\/wp-json\/wp\/v2\/posts"}],"about":[{"href":"https:\/\/www.radiopiu.net\/wordpress\/wp-json\/wp\/v2\/types\/post"}],"author":[{"embeddable":true,"href":"https:\/\/www.radiopiu.net\/wordpress\/wp-json\/wp\/v2\/users\/4"}],"replies":[{"embeddable":true,"href":"https:\/\/www.radiopiu.net\/wordpress\/wp-json\/wp\/v2\/comments?post=167784"}],"version-history":[{"count":0,"href":"https:\/\/www.radiopiu.net\/wordpress\/wp-json\/wp\/v2\/posts\/167784\/revisions"}],"wp:featuredmedia":[{"embeddable":true,"href":"https:\/\/www.radiopiu.net\/wordpress\/wp-json\/wp\/v2\/media\/167917"}],"wp:attachment":[{"href":"https:\/\/www.radiopiu.net\/wordpress\/wp-json\/wp\/v2\/media?parent=167784"}],"wp:term":[{"taxonomy":"category","embeddable":true,"href":"https:\/\/www.radiopiu.net\/wordpress\/wp-json\/wp\/v2\/categories?post=167784"},{"taxonomy":"post_tag","embeddable":true,"href":"https:\/\/www.radiopiu.net\/wordpress\/wp-json\/wp\/v2\/tags?post=167784"}],"curies":[{"name":"wp","href":"https:\/\/api.w.org\/{rel}","templated":true}]}}