{"id":167833,"date":"2020-10-22T09:33:00","date_gmt":"2020-10-22T07:33:00","guid":{"rendered":"https:\/\/www.radiopiu.net\/wordpress\/?p=167833"},"modified":"2020-10-22T10:48:44","modified_gmt":"2020-10-22T08:48:44","slug":"dillo-a-radio-piu-a-proposito-di-autovelox-in-valle-del-biois","status":"publish","type":"post","link":"https:\/\/www.radiopiu.net\/wordpress\/dillo-a-radio-piu-a-proposito-di-autovelox-in-valle-del-biois\/","title":{"rendered":"DILLO A RADIO PIU&#8217;. A PROPOSITO DI AUTOVELOX IN VALLE DEL BIOIS&#8230;"},"content":{"rendered":"<p><strong><a class=\"dt-pswp-item\" href=\"https:\/\/www.radiopiu.net\/wordpress\/wp-content\/uploads\/2020\/10\/34712958-4116-4934-a0ba-974c192d806b.jpg\" data-dt-img-description=\"\" data-large_image_width=\"1200\" data-large_image_height=\"1599\"><img loading=\"lazy\" decoding=\"async\" class=\"size-medium wp-image-167834 alignleft\" src=\"https:\/\/www.radiopiu.net\/wordpress\/wp-content\/uploads\/2020\/10\/34712958-4116-4934-a0ba-974c192d806b-225x300.jpg\" alt=\"\" width=\"225\" height=\"300\" srcset=\"https:\/\/www.radiopiu.net\/wordpress\/wp-content\/uploads\/2020\/10\/34712958-4116-4934-a0ba-974c192d806b-225x300.jpg 225w, https:\/\/www.radiopiu.net\/wordpress\/wp-content\/uploads\/2020\/10\/34712958-4116-4934-a0ba-974c192d806b-768x1023.jpg 768w, https:\/\/www.radiopiu.net\/wordpress\/wp-content\/uploads\/2020\/10\/34712958-4116-4934-a0ba-974c192d806b-1153x1536.jpg 1153w, https:\/\/www.radiopiu.net\/wordpress\/wp-content\/uploads\/2020\/10\/34712958-4116-4934-a0ba-974c192d806b.jpg 1200w\" sizes=\"auto, (max-width: 225px) 100vw, 225px\" \/><\/a>FALCADE<\/strong> Anche a Falcade Alto, come in localit\u00e0 La Mora (Canale d&#8217;Agordo) ieri sera \u00e8 stato installato un rilevatore non di velocit\u00e0, ma di auto in transito, ideale per la statistica e il controllo dei flussi di traffico<em> &#8220;Infatti &#8211; commenta il sindaco di Falcade Michele Costa &#8211; non si tratta di un&#8217;iniziativa del Comune per il controllo della velocit\u00e0&#8221;<\/em>, anche perch\u00e9 l&#8217;autovelox a Falcade Alto \u00e8 gi\u00e0 previsto, o meglio da tempo ha trovato collocazione il contenitore grigio metallico\u00a0 con controlli periodici in presenza degli agenti di Polizia Locale, non si tratta pertanto di un autovelox fisso tipo Morbiach, Le Vare, Santa Maria delle Grazie etc&#8230; Ieri sera, in concomitanza con il montaggio della nuova apparecchiatura abbiamo ricevuto una nota che volentieri pubblichiamo<\/p>\n<p><em>&#8220;Installazione a Falcade Alto ieri sera verso le 17. Autovelox o telecamera? Se \u00e8 un autovelox direi che bisognerebbe posizionarne uno anche a monte dell&#8217;abitato, cio\u00e8 in entrata scendendo dal passo San Pellegrino. Il limite nell&#8217;abitato di Falcade Alto \u00e8 di 30 km\/h e spesso, a qualsiasi ora del giorno o della notte, c&#8217;\u00e8 chi sfreccia fregandosene di tale limite. C&#8217;\u00e8\u00a0 una strettoia che inviterebbe pure alla prudenza, ma come \u00e8 arcinoto la stupidit\u00e0 umana \u00e8 infinita. In 7 anni di amministrazione da parte dell&#8217;attuale Sindaco mi sarei aspettato anche qualcosa di pi\u00f9, non per fare cassa, ma per garantire la sicurezza a chi abita a Falcade Alto e non c&#8217;\u00e8 bisogno di chiss\u00e0 quanti soldi, esperimenti o opere straordinarie. Si spera sempre che gli amministratori locali siano lungimiranti e capaci, ma capita di rado e in realt\u00e0 anche pi\u00f9 complicate di Falcade.&#8221;<\/em><br \/>\n<strong>Axel De Pellegrini<\/strong><\/p>\n","protected":false},"excerpt":{"rendered":"<p>FALCADE Anche a Falcade Alto, come in localit\u00e0 La Mora (Canale d&#8217;Agordo) ieri sera \u00e8 stato installato un rilevatore non di velocit\u00e0, ma di auto in transito, ideale per la statistica e il controllo dei flussi di traffico &#8220;Infatti &#8211; commenta il sindaco di Falcade Michele Costa &#8211; non si tratta di un&#8217;iniziativa del Comune&hellip;<\/p>\n","protected":false},"author":1,"featured_media":167834,"comment_status":"closed","ping_status":"closed","sticky":false,"template":"","format":"standard","meta":{"_monsterinsights_skip_tracking":false,"_monsterinsights_sitenote_active":false,"_monsterinsights_sitenote_note":"","_monsterinsights_sitenote_category":0,"footnotes":""},"categories":[51,49],"tags":[],"class_list":["post-167833","post","type-post","status-publish","format-standard","has-post-thumbnail","hentry","category-evidenza-top","category-news-18","category-51","category-49","description-off"],"img_url":"https:\/\/www.radiopiu.net\/wordpress\/wp-content\/uploads\/2020\/10\/34712958-4116-4934-a0ba-974c192d806b.jpg","_links":{"self":[{"href":"https:\/\/www.radiopiu.net\/wordpress\/wp-json\/wp\/v2\/posts\/167833","targetHints":{"allow":["GET"]}}],"collection":[{"href":"https:\/\/www.radiopiu.net\/wordpress\/wp-json\/wp\/v2\/posts"}],"about":[{"href":"https:\/\/www.radiopiu.net\/wordpress\/wp-json\/wp\/v2\/types\/post"}],"author":[{"embeddable":true,"href":"https:\/\/www.radiopiu.net\/wordpress\/wp-json\/wp\/v2\/users\/1"}],"replies":[{"embeddable":true,"href":"https:\/\/www.radiopiu.net\/wordpress\/wp-json\/wp\/v2\/comments?post=167833"}],"version-history":[{"count":0,"href":"https:\/\/www.radiopiu.net\/wordpress\/wp-json\/wp\/v2\/posts\/167833\/revisions"}],"wp:featuredmedia":[{"embeddable":true,"href":"https:\/\/www.radiopiu.net\/wordpress\/wp-json\/wp\/v2\/media\/167834"}],"wp:attachment":[{"href":"https:\/\/www.radiopiu.net\/wordpress\/wp-json\/wp\/v2\/media?parent=167833"}],"wp:term":[{"taxonomy":"category","embeddable":true,"href":"https:\/\/www.radiopiu.net\/wordpress\/wp-json\/wp\/v2\/categories?post=167833"},{"taxonomy":"post_tag","embeddable":true,"href":"https:\/\/www.radiopiu.net\/wordpress\/wp-json\/wp\/v2\/tags?post=167833"}],"curies":[{"name":"wp","href":"https:\/\/api.w.org\/{rel}","templated":true}]}}