{"id":167841,"date":"2020-10-22T10:58:49","date_gmt":"2020-10-22T08:58:49","guid":{"rendered":"https:\/\/www.radiopiu.net\/wordpress\/?p=167841"},"modified":"2020-10-22T10:58:49","modified_gmt":"2020-10-22T08:58:49","slug":"vaccinazioni-solo-per-mail-sospeso-il-numero-di-telefono","status":"publish","type":"post","link":"https:\/\/www.radiopiu.net\/wordpress\/vaccinazioni-solo-per-mail-sospeso-il-numero-di-telefono\/","title":{"rendered":"VACCINAZIONI  SOLO PER MAIL, SOSPESO IL NUMERO DI TELEFONO"},"content":{"rendered":"<p><strong><a class=\"dt-pswp-item\" href=\"https:\/\/www.radiopiu.net\/wordpress\/wp-content\/uploads\/2020\/10\/sospensione-linea-telefonica.jpg\" data-dt-img-description=\"\" data-large_image_width=\"800\" data-large_image_height=\"532\"><img loading=\"lazy\" decoding=\"async\" class=\" wp-image-167842 alignleft\" src=\"https:\/\/www.radiopiu.net\/wordpress\/wp-content\/uploads\/2020\/10\/sospensione-linea-telefonica-300x200.jpg\" alt=\"\" width=\"218\" height=\"145\" srcset=\"https:\/\/www.radiopiu.net\/wordpress\/wp-content\/uploads\/2020\/10\/sospensione-linea-telefonica-300x200.jpg 300w, https:\/\/www.radiopiu.net\/wordpress\/wp-content\/uploads\/2020\/10\/sospensione-linea-telefonica-768x511.jpg 768w, https:\/\/www.radiopiu.net\/wordpress\/wp-content\/uploads\/2020\/10\/sospensione-linea-telefonica.jpg 800w\" sizes=\"auto, (max-width: 218px) 100vw, 218px\" \/><\/a>BELLUNO<\/strong> Anche questo \u00e8 un effetto dell&#8217;emergenza covid, sospeso il numero di telefono per le prenotazioni della vaccinazioni, si pu\u00f2 accedere alle strutture della Ulss Dolomiti dopo aver inviato una mail con evidenti difficolt\u00e0 per la popolazione anziana, pi\u00f9 debole, che non dispone di computer o telefono smart.<\/p>\n<p align=\"CENTER\"><span style=\"font-size: large;\"><b>Casella di posta elettronica per informazioni e prenotazioni di vaccinazioni<\/b><\/span><\/p>\n<p><span style=\"font-size: large;\">\u00a0Per informazioni o prenotazione di vaccinazioni (TBE, antinfluenzale etc) si invita la cittadinanza a mandare una mail a <a href=\"mailto:vaccinazioni.bl@aulss1.veneto.it\">vaccinazioni.bl@aulss1.veneto.it<\/a>. <\/span><span style=\"font-size: large;\">Da oggi, il numero dedicato 0437\/514333 sar\u00e0 sospeso per potenziare l\u2019unit\u00e0 di crisi Covid. <\/span><\/p>\n","protected":false},"excerpt":{"rendered":"<p>BELLUNO Anche questo \u00e8 un effetto dell&#8217;emergenza covid, sospeso il numero di telefono per le prenotazioni della vaccinazioni, si pu\u00f2 accedere alle strutture della Ulss Dolomiti dopo aver inviato una mail con evidenti difficolt\u00e0 per la popolazione anziana, pi\u00f9 debole, che non dispone di computer o telefono smart. Casella di posta elettronica per informazioni e&hellip;<\/p>\n","protected":false},"author":4,"featured_media":167842,"comment_status":"closed","ping_status":"closed","sticky":false,"template":"","format":"standard","meta":{"_monsterinsights_skip_tracking":false,"_monsterinsights_sitenote_active":false,"_monsterinsights_sitenote_note":"","_monsterinsights_sitenote_category":0,"footnotes":""},"categories":[51,49],"tags":[],"class_list":["post-167841","post","type-post","status-publish","format-standard","has-post-thumbnail","hentry","category-evidenza-top","category-news-18","category-51","category-49","description-off"],"img_url":"https:\/\/www.radiopiu.net\/wordpress\/wp-content\/uploads\/2020\/10\/sospensione-linea-telefonica.jpg","_links":{"self":[{"href":"https:\/\/www.radiopiu.net\/wordpress\/wp-json\/wp\/v2\/posts\/167841","targetHints":{"allow":["GET"]}}],"collection":[{"href":"https:\/\/www.radiopiu.net\/wordpress\/wp-json\/wp\/v2\/posts"}],"about":[{"href":"https:\/\/www.radiopiu.net\/wordpress\/wp-json\/wp\/v2\/types\/post"}],"author":[{"embeddable":true,"href":"https:\/\/www.radiopiu.net\/wordpress\/wp-json\/wp\/v2\/users\/4"}],"replies":[{"embeddable":true,"href":"https:\/\/www.radiopiu.net\/wordpress\/wp-json\/wp\/v2\/comments?post=167841"}],"version-history":[{"count":0,"href":"https:\/\/www.radiopiu.net\/wordpress\/wp-json\/wp\/v2\/posts\/167841\/revisions"}],"wp:featuredmedia":[{"embeddable":true,"href":"https:\/\/www.radiopiu.net\/wordpress\/wp-json\/wp\/v2\/media\/167842"}],"wp:attachment":[{"href":"https:\/\/www.radiopiu.net\/wordpress\/wp-json\/wp\/v2\/media?parent=167841"}],"wp:term":[{"taxonomy":"category","embeddable":true,"href":"https:\/\/www.radiopiu.net\/wordpress\/wp-json\/wp\/v2\/categories?post=167841"},{"taxonomy":"post_tag","embeddable":true,"href":"https:\/\/www.radiopiu.net\/wordpress\/wp-json\/wp\/v2\/tags?post=167841"}],"curies":[{"name":"wp","href":"https:\/\/api.w.org\/{rel}","templated":true}]}}