{"id":167849,"date":"2020-10-22T11:15:58","date_gmt":"2020-10-22T09:15:58","guid":{"rendered":"https:\/\/www.radiopiu.net\/wordpress\/?p=167849"},"modified":"2020-10-22T11:15:58","modified_gmt":"2020-10-22T09:15:58","slug":"castello-illuminato-nel-segno-della-prevenzione-del-tumore-al-seno","status":"publish","type":"post","link":"https:\/\/www.radiopiu.net\/wordpress\/castello-illuminato-nel-segno-della-prevenzione-del-tumore-al-seno\/","title":{"rendered":"CASTELLO ILLUMINATO NEL SEGNO DELLA PREVENZIONE DEL TUMORE AL SENO"},"content":{"rendered":"<p><strong><a class=\"dt-pswp-item\" href=\"https:\/\/www.radiopiu.net\/wordpress\/wp-content\/uploads\/2020\/10\/Castello.jpg\" data-dt-img-description=\"\" data-large_image_width=\"1892\" data-large_image_height=\"1180\"><img loading=\"lazy\" decoding=\"async\" class=\" wp-image-167850 alignleft\" src=\"https:\/\/www.radiopiu.net\/wordpress\/wp-content\/uploads\/2020\/10\/Castello-300x187.jpg\" alt=\"\" width=\"206\" height=\"128\" srcset=\"https:\/\/www.radiopiu.net\/wordpress\/wp-content\/uploads\/2020\/10\/Castello-300x187.jpg 300w, https:\/\/www.radiopiu.net\/wordpress\/wp-content\/uploads\/2020\/10\/Castello-1024x639.jpg 1024w, https:\/\/www.radiopiu.net\/wordpress\/wp-content\/uploads\/2020\/10\/Castello-768x479.jpg 768w, https:\/\/www.radiopiu.net\/wordpress\/wp-content\/uploads\/2020\/10\/Castello-1536x958.jpg 1536w, https:\/\/www.radiopiu.net\/wordpress\/wp-content\/uploads\/2020\/10\/Castello.jpg 1892w\" sizes=\"auto, (max-width: 206px) 100vw, 206px\" \/><\/a>FELTRE<\/strong> Ottobre \u00e8 il mese della prevenzione del tumore al seno, grazie alla campagna promossa dalla\u00a0 Lega Italiana per la Lotta ai Tumori. Il Comune di Feltre sar\u00e0 impegnato con alcune azioni di sensibilizzazione alla cittadinanza che prevedono, tra l\u2019altro, l\u2019esposizione di uno striscione presso la rotatoria \u201cdei pompieri\u201d e l\u2019illuminazione (sabato e domenica) della facciata sud del Castello di Alboino. <em>\u201cIl tema della battaglia contro il tumore del seno e, pi\u00f9 in generale, i tumori femminili ci vede in prima linea; sono infatti ancora molte le conquiste da ottenere in questo ambito\u201d<\/em>,\u00a0 lo dice\u00a0 l\u2019assessore ai Servizi Sociali e alle Pari Opportunit\u00e0 del Comune di Feltre Giorgia Li Castri. <em>&#8220;Basti pensare &#8211; continua &#8211;\u00a0 alla necessit\u00e0 di ampliare lo screening gratuito, che deve essere disponibile anche per la fascia d\u2019et\u00e0 35-45 anni &#8211; proprio perch\u00e9 in et\u00e0 giovane i tumori mammari sono ancora pi\u00f9 aggressivi &#8211; ad oggi esclusa, o ai problemi dati dai forti rallentamenti verificatisi per le visite e le diagnosi precoci in concomitanza della pandemia da Coronavirus. Siamo impegnati affinch\u00e9 l\u2019attenzione resti alta su questo tema: \u00e8 una questione di salute, ma ancor prima di civilt\u00e0\u201d.<\/em><\/p>\n","protected":false},"excerpt":{"rendered":"<p>FELTRE Ottobre \u00e8 il mese della prevenzione del tumore al seno, grazie alla campagna promossa dalla\u00a0 Lega Italiana per la Lotta ai Tumori. Il Comune di Feltre sar\u00e0 impegnato con alcune azioni di sensibilizzazione alla cittadinanza che prevedono, tra l\u2019altro, l\u2019esposizione di uno striscione presso la rotatoria \u201cdei pompieri\u201d e l\u2019illuminazione (sabato e domenica) della&hellip;<\/p>\n","protected":false},"author":4,"featured_media":167850,"comment_status":"closed","ping_status":"closed","sticky":false,"template":"","format":"standard","meta":{"_monsterinsights_skip_tracking":false,"_monsterinsights_sitenote_active":false,"_monsterinsights_sitenote_note":"","_monsterinsights_sitenote_category":0,"footnotes":""},"categories":[49],"tags":[],"class_list":["post-167849","post","type-post","status-publish","format-standard","has-post-thumbnail","hentry","category-news-18","category-49","description-off"],"img_url":"https:\/\/www.radiopiu.net\/wordpress\/wp-content\/uploads\/2020\/10\/Castello.jpg","_links":{"self":[{"href":"https:\/\/www.radiopiu.net\/wordpress\/wp-json\/wp\/v2\/posts\/167849","targetHints":{"allow":["GET"]}}],"collection":[{"href":"https:\/\/www.radiopiu.net\/wordpress\/wp-json\/wp\/v2\/posts"}],"about":[{"href":"https:\/\/www.radiopiu.net\/wordpress\/wp-json\/wp\/v2\/types\/post"}],"author":[{"embeddable":true,"href":"https:\/\/www.radiopiu.net\/wordpress\/wp-json\/wp\/v2\/users\/4"}],"replies":[{"embeddable":true,"href":"https:\/\/www.radiopiu.net\/wordpress\/wp-json\/wp\/v2\/comments?post=167849"}],"version-history":[{"count":0,"href":"https:\/\/www.radiopiu.net\/wordpress\/wp-json\/wp\/v2\/posts\/167849\/revisions"}],"wp:featuredmedia":[{"embeddable":true,"href":"https:\/\/www.radiopiu.net\/wordpress\/wp-json\/wp\/v2\/media\/167850"}],"wp:attachment":[{"href":"https:\/\/www.radiopiu.net\/wordpress\/wp-json\/wp\/v2\/media?parent=167849"}],"wp:term":[{"taxonomy":"category","embeddable":true,"href":"https:\/\/www.radiopiu.net\/wordpress\/wp-json\/wp\/v2\/categories?post=167849"},{"taxonomy":"post_tag","embeddable":true,"href":"https:\/\/www.radiopiu.net\/wordpress\/wp-json\/wp\/v2\/tags?post=167849"}],"curies":[{"name":"wp","href":"https:\/\/api.w.org\/{rel}","templated":true}]}}