{"id":167859,"date":"2020-10-22T11:28:46","date_gmt":"2020-10-22T09:28:46","guid":{"rendered":"https:\/\/www.radiopiu.net\/wordpress\/?p=167859"},"modified":"2020-10-22T19:36:05","modified_gmt":"2020-10-22T17:36:05","slug":"una-sabo-dam-per-cancia","status":"publish","type":"post","link":"https:\/\/www.radiopiu.net\/wordpress\/una-sabo-dam-per-cancia\/","title":{"rendered":"UNA SABO DAM PER CANCIA"},"content":{"rendered":"<blockquote><p><em>\u00c8 la briglia frangicolata di tecnologia giapponese che dovr\u00e0 trattenere la parte solida della colata, pi\u00f9 di 50mila metri cubi.<\/em><\/p>\n<p>https:\/\/www.youtube.com\/watch?v=cMcyrnfIMNg<\/p><\/blockquote>\n<p><strong>BORCA DI CADORE<\/strong>\u00a0 Nei giorni scorsi \u00e8 arrivata la struttura componibile della briglia \u201cSabo dam\u201d, l\u2019opera principale dell\u2019imponente lavoro di messa in sicurezza della frana di Cancia che sar\u00e0 installata a breve sul blocco di cemento armato gi\u00e0 realizzato per completare\u00a0 il\u00a0 primo stralcio del progetto di un cantiere iniziato nel settembre 2019 con una previsione di 630 giorni per la consegna dei lavori. &#8220;<em>In realt\u00e0, grazie alla ditta che sta operando sul canalone di Cancia, siamo riusciti a ridurre sensibilmente i tempi, per il momento. Se non ci saranno intoppi e il meteo ci aiuter\u00e0, si potr\u00e0 concludere entro il mese di dicembre&#8221;\u00a0<\/em>\u00a0 anticipa il direttore dei lavori, l\u2019ingegner Simone Carraro -. La \u201cSabo dam\u201d sar\u00e0 installata nel giro di qualche settimana.\u00a0 Negli ultimi mesi il canalone di Cancia \u00e8 stato interessato anche da altre due importanti operazioni da 330 mila euro: la rimozione dei\u00a0 5000 metri cubi di detriti accumulatisi nel vascone di contenimento a seguito degli eventi meteo di fine agosto e il ripristino della scogliera a monte del ponte.<\/p>\n<p><strong>AI MICROFONI DI RADIO PI\u00d9 IL CONSIGLIERE PROVINCIALE MASSIMO BORTOLUZZI<\/strong><\/p>\n<audio class=\"wp-audio-shortcode\" id=\"audio-167859-1\" preload=\"none\" style=\"width: 100%;\" controls=\"controls\"><source type=\"audio\/mpeg\" src=\"https:\/\/www.radiopiu.net\/wordpress\/wp-content\/uploads\/2020\/10\/BORTOLUZZI-CANCIA.mp3?_=1\" \/><a href=\"https:\/\/www.radiopiu.net\/wordpress\/wp-content\/uploads\/2020\/10\/BORTOLUZZI-CANCIA.mp3\">https:\/\/www.radiopiu.net\/wordpress\/wp-content\/uploads\/2020\/10\/BORTOLUZZI-CANCIA.mp3<\/a><\/audio>\n<p>&nbsp;<\/p>\n\n\t\t\t<style type='text\/css'>\n\t\t\t\t#gallery-1 {\n\t\t\t\t\tmargin: auto;\n\t\t\t\t}\n\t\t\t\t#gallery-1 .gallery-item {\n\t\t\t\t\tfloat: left;\n\t\t\t\t\tmargin-top: 10px;\n\t\t\t\t\ttext-align: center;\n\t\t\t\t\twidth: 50%;\n\t\t\t\t}\n\t\t\t\t#gallery-1 img {\n\t\t\t\t\tborder: 2px solid #cfcfcf;\n\t\t\t\t}\n\t\t\t\t#gallery-1 .gallery-caption {\n\t\t\t\t\tmargin-left: 0;\n\t\t\t\t}\n\t\t\t\t\/* see gallery_shortcode() in wp-includes\/media.php *\/\n\t\t\t<\/style>\n\t\t<div id='gallery-1' class='dt-gallery-container gallery galleryid-167859 gallery-columns-2 gallery-size-medium'><dl class='gallery-item'>\n\t\t\t\t<dt class='gallery-icon landscape'>\n\t\t\t\t\t<a class=\"rollover\" href='https:\/\/www.radiopiu.net\/wordpress\/una-sabo-dam-per-cancia\/dcim100mediadji_0276-jpg\/'><img loading=\"lazy\" decoding=\"async\" width=\"300\" height=\"225\" src=\"https:\/\/www.radiopiu.net\/wordpress\/wp-content\/uploads\/2020\/10\/Cancia-1-300x225.jpg\" class=\"attachment-medium size-medium\" alt=\"\" srcset=\"https:\/\/www.radiopiu.net\/wordpress\/wp-content\/uploads\/2020\/10\/Cancia-1-300x225.jpg 300w, https:\/\/www.radiopiu.net\/wordpress\/wp-content\/uploads\/2020\/10\/Cancia-1-1024x768.jpg 1024w, https:\/\/www.radiopiu.net\/wordpress\/wp-content\/uploads\/2020\/10\/Cancia-1-768x576.jpg 768w, https:\/\/www.radiopiu.net\/wordpress\/wp-content\/uploads\/2020\/10\/Cancia-1.jpg 1280w\" sizes=\"auto, (max-width: 300px) 100vw, 300px\" \/><\/a>\n\t\t\t\t<\/dt><\/dl><dl class='gallery-item'>\n\t\t\t\t<dt class='gallery-icon landscape'>\n\t\t\t\t\t<a class=\"rollover\" href='https:\/\/www.radiopiu.net\/wordpress\/una-sabo-dam-per-cancia\/briglia-sabo-dam\/'><img loading=\"lazy\" decoding=\"async\" width=\"300\" height=\"173\" src=\"https:\/\/www.radiopiu.net\/wordpress\/wp-content\/uploads\/2020\/10\/Briglia-Sabo-dam-300x173.jpeg\" class=\"attachment-medium size-medium\" alt=\"\" srcset=\"https:\/\/www.radiopiu.net\/wordpress\/wp-content\/uploads\/2020\/10\/Briglia-Sabo-dam-300x173.jpeg 300w, https:\/\/www.radiopiu.net\/wordpress\/wp-content\/uploads\/2020\/10\/Briglia-Sabo-dam-1024x591.jpeg 1024w, https:\/\/www.radiopiu.net\/wordpress\/wp-content\/uploads\/2020\/10\/Briglia-Sabo-dam-768x443.jpeg 768w, https:\/\/www.radiopiu.net\/wordpress\/wp-content\/uploads\/2020\/10\/Briglia-Sabo-dam-1536x886.jpeg 1536w, https:\/\/www.radiopiu.net\/wordpress\/wp-content\/uploads\/2020\/10\/Briglia-Sabo-dam.jpeg 1558w\" sizes=\"auto, (max-width: 300px) 100vw, 300px\" \/><\/a>\n\t\t\t\t<\/dt><\/dl><br style=\"clear: both\" \/><dl class='gallery-item'>\n\t\t\t\t<dt class='gallery-icon landscape'>\n\t\t\t\t\t<a class=\"rollover\" href='https:\/\/www.radiopiu.net\/wordpress\/una-sabo-dam-per-cancia\/dcim100mediadji_0277-jpg\/'><img loading=\"lazy\" decoding=\"async\" width=\"300\" height=\"225\" src=\"https:\/\/www.radiopiu.net\/wordpress\/wp-content\/uploads\/2020\/10\/Cancia-2-300x225.jpg\" class=\"attachment-medium size-medium\" alt=\"\" srcset=\"https:\/\/www.radiopiu.net\/wordpress\/wp-content\/uploads\/2020\/10\/Cancia-2-300x225.jpg 300w, https:\/\/www.radiopiu.net\/wordpress\/wp-content\/uploads\/2020\/10\/Cancia-2-1024x768.jpg 1024w, https:\/\/www.radiopiu.net\/wordpress\/wp-content\/uploads\/2020\/10\/Cancia-2-768x576.jpg 768w, https:\/\/www.radiopiu.net\/wordpress\/wp-content\/uploads\/2020\/10\/Cancia-2.jpg 1280w\" sizes=\"auto, (max-width: 300px) 100vw, 300px\" \/><\/a>\n\t\t\t\t<\/dt><\/dl><dl class='gallery-item'>\n\t\t\t\t<dt class='gallery-icon landscape'>\n\t\t\t\t\t<a class=\"rollover\" href='https:\/\/www.radiopiu.net\/wordpress\/una-sabo-dam-per-cancia\/dcim101mediadji_0226-jpg\/'><img loading=\"lazy\" decoding=\"async\" width=\"300\" height=\"225\" src=\"https:\/\/www.radiopiu.net\/wordpress\/wp-content\/uploads\/2020\/10\/Cancia-3-300x225.jpg\" class=\"attachment-medium size-medium\" alt=\"\" srcset=\"https:\/\/www.radiopiu.net\/wordpress\/wp-content\/uploads\/2020\/10\/Cancia-3-300x225.jpg 300w, https:\/\/www.radiopiu.net\/wordpress\/wp-content\/uploads\/2020\/10\/Cancia-3-768x576.jpg 768w, https:\/\/www.radiopiu.net\/wordpress\/wp-content\/uploads\/2020\/10\/Cancia-3.jpg 1024w\" sizes=\"auto, (max-width: 300px) 100vw, 300px\" \/><\/a>\n\t\t\t\t<\/dt><\/dl><br style=\"clear: both\" \/>\n\t\t\t<\/div>\n\n<p>&nbsp;<\/p>\n","protected":false},"excerpt":{"rendered":"<p>\u00c8 la briglia frangicolata di tecnologia giapponese che dovr\u00e0 trattenere la parte solida della colata, pi\u00f9 di 50mila metri cubi. https:\/\/www.youtube.com\/watch?v=cMcyrnfIMNg BORCA DI CADORE\u00a0 Nei giorni scorsi \u00e8 arrivata la struttura componibile della briglia \u201cSabo dam\u201d, l\u2019opera principale dell\u2019imponente lavoro di messa in sicurezza della frana di Cancia che sar\u00e0 installata a breve sul blocco&hellip;<\/p>\n","protected":false},"author":4,"featured_media":167861,"comment_status":"closed","ping_status":"closed","sticky":false,"template":"","format":"standard","meta":{"_monsterinsights_skip_tracking":false,"_monsterinsights_sitenote_active":false,"_monsterinsights_sitenote_note":"","_monsterinsights_sitenote_category":0,"footnotes":""},"categories":[49],"tags":[],"class_list":["post-167859","post","type-post","status-publish","format-standard","has-post-thumbnail","hentry","category-news-18","category-49","description-off"],"img_url":"https:\/\/www.radiopiu.net\/wordpress\/wp-content\/uploads\/2020\/10\/Briglia-Sabo-dam.jpeg","_links":{"self":[{"href":"https:\/\/www.radiopiu.net\/wordpress\/wp-json\/wp\/v2\/posts\/167859","targetHints":{"allow":["GET"]}}],"collection":[{"href":"https:\/\/www.radiopiu.net\/wordpress\/wp-json\/wp\/v2\/posts"}],"about":[{"href":"https:\/\/www.radiopiu.net\/wordpress\/wp-json\/wp\/v2\/types\/post"}],"author":[{"embeddable":true,"href":"https:\/\/www.radiopiu.net\/wordpress\/wp-json\/wp\/v2\/users\/4"}],"replies":[{"embeddable":true,"href":"https:\/\/www.radiopiu.net\/wordpress\/wp-json\/wp\/v2\/comments?post=167859"}],"version-history":[{"count":0,"href":"https:\/\/www.radiopiu.net\/wordpress\/wp-json\/wp\/v2\/posts\/167859\/revisions"}],"wp:featuredmedia":[{"embeddable":true,"href":"https:\/\/www.radiopiu.net\/wordpress\/wp-json\/wp\/v2\/media\/167861"}],"wp:attachment":[{"href":"https:\/\/www.radiopiu.net\/wordpress\/wp-json\/wp\/v2\/media?parent=167859"}],"wp:term":[{"taxonomy":"category","embeddable":true,"href":"https:\/\/www.radiopiu.net\/wordpress\/wp-json\/wp\/v2\/categories?post=167859"},{"taxonomy":"post_tag","embeddable":true,"href":"https:\/\/www.radiopiu.net\/wordpress\/wp-json\/wp\/v2\/tags?post=167859"}],"curies":[{"name":"wp","href":"https:\/\/api.w.org\/{rel}","templated":true}]}}