{"id":167870,"date":"2020-10-22T12:39:07","date_gmt":"2020-10-22T10:39:07","guid":{"rendered":"https:\/\/www.radiopiu.net\/wordpress\/?p=167870"},"modified":"2020-10-22T13:22:09","modified_gmt":"2020-10-22T11:22:09","slug":"zaia-in-diretta-da-marghera-la-conferenza-stampa-aggiornamento-covid","status":"publish","type":"post","link":"https:\/\/www.radiopiu.net\/wordpress\/zaia-in-diretta-da-marghera-la-conferenza-stampa-aggiornamento-covid\/","title":{"rendered":"ZAIA ANTICIPA UNA NUOVA ORDINANZA ANTI ASSEMBRAMENTO. VERSO I 40MILA POSITIVI &#8220;DIRETTA, DA MARGHERA LA CONFERENZA STAMPA&#8221;"},"content":{"rendered":"<p><strong>VENEZIA<\/strong> Aumenta la curva dei contagi. Rispetto a marzo il carico di ricoveri \u00e8 diverso, non c&#8217;\u00e8 pi\u00f9 la proporzione ricoveri-terapia intensiva. A marzo 1 su 3 finiva attaccato ai respiratori in gravi condizioni. Oggi il rapporto \u00e8 di 1 a 9 se rimanesse cos\u00ec sar\u00e0 fondamentale capire l&#8217;evoluzione dei sintomatici. Oggi entrano in terapia intensiva anziani che arrivano dalle case di riposo. Che oggi abbiamo 580 persone ricoverate e 66 in terapia intensiva vuol dire che c&#8217;\u00e8 uno sbarramento pauroso nelle cure. A marzo lo sbarramento non c&#8217;era. La nuova ordinanza? Non anticipo nulla ma dico ai cittadini che siamo entrati nella fase che non si scherza pi\u00f9 e il naso va messo sotto la mascherina non fuori evitando sorprese.<\/p>\n<p><strong><span style=\"color: #ff0000;\">I NUMERI<span style=\"color: #000000;\"> DEL CONTAGIO 2 192 554 TAMPONI, 1.500.000 TEST RAPIDI, POSITIVI 39590 (1325 IN PIU&#8217; IN 24 ORE), 12068 ATTUALI POSITIVI (+1325), 13676 PERSONE IN ISOLAMENTO (+57), 588\u00a0 RICOVERATI IN AREA NON CRITICA, 66 TERAPIA INTENSIVA (TERAPIE INVARIATE) 2301 DECESSI 4436 DIMESSI. SINTOMATICI 401 CIOE&#8217; IL 3,32%.<\/span><\/span><\/strong><\/p>\n<h2>LEGGI LA CONFERENZA STAMPA &#8220;Invece che pensare ai mini lockdown si usi la mascherina&#8221;.<\/h2>\n<blockquote><p><em>Zaia anticipa che nel fine settimana ci sar\u00e0 una nuova ordinanza\u00a0 contro gli assembramenti e restrizioni non da lockdown che serviranno per creare meno contatti tra i cittadini, mentre crescono i contagi alla grande &#8220;perch\u00e8 li cerchiamo&#8221;. Oggi riunione con il Governo per il contact traging<\/em><\/p><\/blockquote>\n<p>Il 29 marzo avevamo raggiunto l&#8217;esordio dell&#8217;epidemia, 356 persone in terapia intensiva, erano passati 40 giorni dall&#8217;inizio, poi la curva \u00e8 iniziata a crescere con una situazione tranquilla ai primi di maggio. Una tipica curva a campana. Oggi la vediamo crescere, prima met\u00e0 della campana \u00e8 da capire dove si posizioneranno le terapie intensive, oggi \u00e8 una crescita lenta pur con l&#8217;impennata di positivi ma si fanno 10 volte pi\u00f9 tamponi rispetto a marzo, sono quasi 30mila al giorno. La curva ci dice che sta crescendo ma lentamente, negli ultimi giorni le terapia intensive sono stabili. Non dobbiamo cantare vittoria, il covid ci ha abituato a cambi repentini che \u00e8 la nostra preoccupazione. Chi \u00e8 a casa deve essere correttamente informato, non sono n\u00e8 catastrofista n\u00e8 l&#8217;Alice nel paese delle meraviglia. Come fatto per 140 giorni nella prima fase lo facciamo anche oggi. La storia \u00e8 sempre quella della doppia curva. Dobbiamo venire fuori da un lungo inverno, in ospedale abbiamo 66 persone in terapia intensiva a 588 ricoverate, c&#8217;\u00e8 pressione in ospedale, siamo preoccupati perch\u00e9 arriver\u00e0 anche il picco dell&#8217;influenza e ci sar\u00e0 l&#8217;allerta per la sovrapposizione delle due patologie. Siamo pronto con l&#8217;artiglieria pesante. In magazzino abbiamo disponibilit\u00e0 per otto mesi. Le 1000 terapie intensive per noi sono reali non sulla carta. Siamo sempre nella seconda fascia (fino a 150 terapie intensive) poi nella terza fascia se arriveremo attiveremo 10 ospedali covid (Belluno compreso) che verranno sottratti alle cure ordinarie. Dobbiamo evitare il collasso della sanit\u00e0 in una Regione che eroga 80 mila prestazioni l&#8217;anno, 7000 al mese a chi ne ha bisogno. A Gianpaolo Bottacin chiedero&#8217; le statistiche per contagi-abitanti-tampone. Mancano medici pur avendo assunto nfermieri non ci sono medici effetto di una mancata programmazione a livello di universit\u00e0: ne mancano oltre 56 mila in Italia, oltre 1300 nel Veneto. Bisogna fare corsi per medici da impiegare nelle terapie intensive. Noi non abbiamo mai sospeso i tamponi,d&#8217;estate non abbiamo fatto meno tamponi, abbiamo continuato anche in casa di riposo e abbiamo trovato sempre tutto pulito poi improvvisamente \u00e8 tornato il virus. Eppure abbiamo continuato a fare i tamponi ogni 20 giorni. Difficile dire che il contagio \u00e8 avvenuto in spiaggia. Il coronavirus scompare d&#8217;estate per poi tornare con le stagioni fredde. Con 25-30 mila tamponi al giorno noi la nostra parte l&#8217;abbiamo fatta.<\/p>\n<p>https:\/\/www.facebook.com\/zaiaufficiale\/videos\/2705809599667961\/<\/p>\n","protected":false},"excerpt":{"rendered":"<p>VENEZIA Aumenta la curva dei contagi. Rispetto a marzo il carico di ricoveri \u00e8 diverso, non c&#8217;\u00e8 pi\u00f9 la proporzione ricoveri-terapia intensiva. A marzo 1 su 3 finiva attaccato ai respiratori in gravi condizioni. Oggi il rapporto \u00e8 di 1 a 9 se rimanesse cos\u00ec sar\u00e0 fondamentale capire l&#8217;evoluzione dei sintomatici. Oggi entrano in terapia&hellip;<\/p>\n","protected":false},"author":4,"featured_media":78231,"comment_status":"closed","ping_status":"closed","sticky":false,"template":"","format":"standard","meta":{"_monsterinsights_skip_tracking":false,"_monsterinsights_sitenote_active":false,"_monsterinsights_sitenote_note":"","_monsterinsights_sitenote_category":0,"footnotes":""},"categories":[51,49],"tags":[],"class_list":["post-167870","post","type-post","status-publish","format-standard","has-post-thumbnail","hentry","category-evidenza-top","category-news-18","category-51","category-49","description-off"],"img_url":"https:\/\/www.radiopiu.net\/wordpress\/wp-content\/uploads\/2019\/03\/ZAIA-BELLUNO-3.png","_links":{"self":[{"href":"https:\/\/www.radiopiu.net\/wordpress\/wp-json\/wp\/v2\/posts\/167870","targetHints":{"allow":["GET"]}}],"collection":[{"href":"https:\/\/www.radiopiu.net\/wordpress\/wp-json\/wp\/v2\/posts"}],"about":[{"href":"https:\/\/www.radiopiu.net\/wordpress\/wp-json\/wp\/v2\/types\/post"}],"author":[{"embeddable":true,"href":"https:\/\/www.radiopiu.net\/wordpress\/wp-json\/wp\/v2\/users\/4"}],"replies":[{"embeddable":true,"href":"https:\/\/www.radiopiu.net\/wordpress\/wp-json\/wp\/v2\/comments?post=167870"}],"version-history":[{"count":0,"href":"https:\/\/www.radiopiu.net\/wordpress\/wp-json\/wp\/v2\/posts\/167870\/revisions"}],"wp:featuredmedia":[{"embeddable":true,"href":"https:\/\/www.radiopiu.net\/wordpress\/wp-json\/wp\/v2\/media\/78231"}],"wp:attachment":[{"href":"https:\/\/www.radiopiu.net\/wordpress\/wp-json\/wp\/v2\/media?parent=167870"}],"wp:term":[{"taxonomy":"category","embeddable":true,"href":"https:\/\/www.radiopiu.net\/wordpress\/wp-json\/wp\/v2\/categories?post=167870"},{"taxonomy":"post_tag","embeddable":true,"href":"https:\/\/www.radiopiu.net\/wordpress\/wp-json\/wp\/v2\/tags?post=167870"}],"curies":[{"name":"wp","href":"https:\/\/api.w.org\/{rel}","templated":true}]}}