{"id":167981,"date":"2020-10-24T05:55:20","date_gmt":"2020-10-24T03:55:20","guid":{"rendered":"https:\/\/www.radiopiu.net\/wordpress\/?p=167981"},"modified":"2020-10-24T10:24:59","modified_gmt":"2020-10-24T08:24:59","slug":"giornale-radiopiu-24-ottobre-2020-direttore-mirko-mezzacasa","status":"publish","type":"post","link":"https:\/\/www.radiopiu.net\/wordpress\/giornale-radiopiu-24-ottobre-2020-direttore-mirko-mezzacasa\/","title":{"rendered":"GIORNALE RADIOPIU 24 OTTOBRE 2020 DIRETTORE MIRKO MEZZACASA"},"content":{"rendered":"<h3><strong>\u00a0PER RICEVERE QUESTO NOTIZIARIO DIRETTAMENTE SUL TUO CELLULARE ISCRIVITI AL CANALE TELEGRAM <\/strong><strong>\u201cRADIO PIU\u00a0 INFORMAZIONE&#8221;<\/strong><\/h3>\n<p><em>ATTENZIONE: LA NUOVA APP PER IOS-IPHONE<\/em><\/p>\n<div>\n<div><a href=\"https:\/\/apps.apple.com\/it\/app\/radio-pi%C3%B9-emittente-agordina\/id1515939845\">https:\/\/apps.apple.com\/it\/app\/radio-pi%C3%B9-emittente-agordina\/id1515939845<\/a><\/div>\n<\/div>\n<div><\/div>\n<div>\n<div dir=\"auto\"><em>ATTENZIONE: LA NUOVA APP RADIO\u00a0 PER ANDROID<\/em><\/div>\n<\/div>\n<p><a href=\"https:\/\/play.google.com\/store\/apps\/details?id=net.radiopiu.iniko\" target=\"_blank\" rel=\"noopener noreferrer\">https:\/\/play.google.com\/store\/apps\/details?id=net.radiopiu.iniko\u00a0\u00a0<\/a><\/p>\n<p>&nbsp;<\/p>\n<blockquote>\n<h2 style=\"text-align: center;\">FANTASTICHE DOLOMITI<\/h2>\n<\/blockquote>\n<div style=\"width: 640px;\" class=\"wp-video\"><video class=\"wp-video-shortcode\" id=\"video-167981-1\" width=\"640\" height=\"480\" preload=\"metadata\" controls=\"controls\"><source type=\"video\/mp4\" src=\"https:\/\/www.radiopiu.net\/wordpress\/wp-content\/uploads\/2020\/10\/WhatsApp-Video-2020-10-23-at-09.33.50.mp4?_=1\" \/><a href=\"https:\/\/www.radiopiu.net\/wordpress\/wp-content\/uploads\/2020\/10\/WhatsApp-Video-2020-10-23-at-09.33.50.mp4\">https:\/\/www.radiopiu.net\/wordpress\/wp-content\/uploads\/2020\/10\/WhatsApp-Video-2020-10-23-at-09.33.50.mp4<\/a><\/video><\/div>\n<p>&nbsp;<\/p>\n<hr \/>\n<h3><\/h3>\n<blockquote>\n<h3>ARRIVA L&#8217;ESERCITO PER FARE I TAMPONI, ANCHE IN VENETO DOVE IERI SI SONO CONTATI QUASI 1500 CONTAGI<\/h3>\n<\/blockquote>\n<p>Altra giornata da record ieri con 1437 nuovi casi di positivit\u00e0 in Veneto, ma rispetto allo scorso inverno si fanno molti tamponi in pi\u00f9. Anche i malati intubati in percentuale sono molto meno dello scorso marzo. Dai modelli della Regione &#8211; che ancora non sono stati resi noti &#8211; trapela una data importante, quella del picco che potrebbe essere raggiunto a fine novembre. Non e&#8217; ancora allerta rossa, nemmeno arancione, quella scatter\u00e0 al raggiungimento delle 150 persone in terapia intensiva (oggi sono attorno ai 70, la met\u00e0) con la riapertura di 10 ospedali covid. Lunedi Zaia annuncer\u00e0 le nuove restrizioni <em>&#8220;Ma non chiuder\u00f2 i confini&#8221;<\/em> ha assicurato il Presidente che non segue il collega campano De Luca, per la verit\u00e0 non lo segue nessuno. C&#8217;\u00e8 preoccupazione nelle Dolomiti, le prenotazioni non arrivano soprattutto dopo le restrizioni che hanno imposto i tedeschi. Il mercatino degli annunci di RADIO PIU&#8217; si sta riempendo di persone alla ricerca di un lavoro, camerieri, cuochi, tutto fare, diversamente dalle scorse stagioni quando a riempirsi era il settore degli alberghi alla ricerca di personale. L&#8217;assessore al turismo Federico Caner propone i test rapidi per i turisti dall&#8217;estero e chiede al Governo di sottoscrivere un accordo bilaterale con la Germania in accordo con\u00a0 il presidente alto atesino Kompatscher.<\/p>\n<blockquote>\n<h3>IN PROVINCIA OLTRE 1000 TAMPONI AL GIORNO, IERI UN DECESSO, 80 PERSONE RICOVERATE E 70 NUOVE POSITIVIT\u00c0 IN 24 ORE<\/h3>\n<\/blockquote>\n<p><strong>BELLUNO\u00a0<\/strong> Ancora un decesso in Ulss 1 Dolomiti: nella serata del 22 ottobre \u00e8 deceduto un paziente covid positivo di 84 anni in Pneumologia Covid a Feltre.<\/p>\n<p><a class=\"dt-pswp-item\" href=\"https:\/\/www.radiopiu.net\/wordpress\/wp-content\/uploads\/2020\/10\/Schermata-2020-10-23-alle-18.20.00.png\" data-dt-img-description=\"\" data-large_image_width=\"1032\" data-large_image_height=\"474\"><img loading=\"lazy\" decoding=\"async\" class=\"aligncenter wp-image-168155 size-large\" src=\"https:\/\/www.radiopiu.net\/wordpress\/wp-content\/uploads\/2020\/10\/Schermata-2020-10-23-alle-18.20.00-1024x470.png\" alt=\"\" width=\"1024\" height=\"470\" srcset=\"https:\/\/www.radiopiu.net\/wordpress\/wp-content\/uploads\/2020\/10\/Schermata-2020-10-23-alle-18.20.00-1024x470.png 1024w, https:\/\/www.radiopiu.net\/wordpress\/wp-content\/uploads\/2020\/10\/Schermata-2020-10-23-alle-18.20.00-300x138.png 300w, https:\/\/www.radiopiu.net\/wordpress\/wp-content\/uploads\/2020\/10\/Schermata-2020-10-23-alle-18.20.00-768x353.png 768w, https:\/\/www.radiopiu.net\/wordpress\/wp-content\/uploads\/2020\/10\/Schermata-2020-10-23-alle-18.20.00.png 1032w\" sizes=\"auto, (max-width: 1024px) 100vw, 1024px\" \/><\/a><\/p>\n<p>&nbsp;<\/p>\n<p><a class=\"dt-pswp-item\" href=\"https:\/\/www.radiopiu.net\/wordpress\/wp-content\/uploads\/2020\/10\/Schermata-2020-10-23-alle-18.23.21.png\" data-dt-img-description=\"\" data-large_image_width=\"1502\" data-large_image_height=\"784\"><img loading=\"lazy\" decoding=\"async\" class=\"aligncenter wp-image-168156 size-large\" src=\"https:\/\/www.radiopiu.net\/wordpress\/wp-content\/uploads\/2020\/10\/Schermata-2020-10-23-alle-18.23.21-1024x534.png\" alt=\"\" width=\"1024\" height=\"534\" srcset=\"https:\/\/www.radiopiu.net\/wordpress\/wp-content\/uploads\/2020\/10\/Schermata-2020-10-23-alle-18.23.21-1024x534.png 1024w, https:\/\/www.radiopiu.net\/wordpress\/wp-content\/uploads\/2020\/10\/Schermata-2020-10-23-alle-18.23.21-300x157.png 300w, https:\/\/www.radiopiu.net\/wordpress\/wp-content\/uploads\/2020\/10\/Schermata-2020-10-23-alle-18.23.21-768x401.png 768w, https:\/\/www.radiopiu.net\/wordpress\/wp-content\/uploads\/2020\/10\/Schermata-2020-10-23-alle-18.23.21.png 1502w\" sizes=\"auto, (max-width: 1024px) 100vw, 1024px\" \/><\/a><\/p>\n<p>&nbsp;<\/p>\n<p>&nbsp;<\/p>\n<hr \/>\n<p>&nbsp;<\/p>\n<blockquote>\n<h2>EMERGENZA: &#8220;MANCA IL PERSONALE NELLE STRUTTURE ULSS&#8221;<\/h2>\n<\/blockquote>\n<p><strong><a class=\"dt-pswp-item\" href=\"https:\/\/www.radiopiu.net\/wordpress\/wp-content\/uploads\/2020\/03\/GIANLUIGI-DELLA-GIACOMA.jpg\" data-dt-img-description=\"\" data-large_image_width=\"1199\" data-large_image_height=\"1200\"><img loading=\"lazy\" decoding=\"async\" class=\"wp-image-122293 alignright\" src=\"https:\/\/www.radiopiu.net\/wordpress\/wp-content\/uploads\/2020\/03\/GIANLUIGI-DELLA-GIACOMA-300x300.jpg\" alt=\"\" width=\"151\" height=\"151\" \/><\/a>AGORDO<\/strong> Su Radio Pi\u00f9 interviene Gianluigi Della Giacoma mettendo in evidenza l&#8217;esigenza di personale nelle strutture ospedaliere, non ultima quella di Agordo. L&#8217;appello alla Regione.<\/p>\n<p><em>\u00abi vertici dell&#8217;azienda sanitaria stanno pensando di chiudere o comunque sospendere l&#8217;attivit\u00e0 programmata dei reparti di Chirurgia e Ortopedia e del gruppo operatorio dell&#8217;ospedale di Agordo per recuperare operatori da spostare in area Covid. Purtroppo, come avevo previsto tempo fa, si \u00e8 giunti a questa situazione perch\u00e9 il personale scarseggia&#8221;<\/em><\/p>\n<p><strong>AI MICROFONI DI RADIO PIU DALLA FP CGIL GIANLUIGI DELLA GIACOMA<\/strong><\/p>\n<audio class=\"wp-audio-shortcode\" id=\"audio-167981-1\" preload=\"none\" style=\"width: 100%;\" controls=\"controls\"><source type=\"audio\/mpeg\" src=\"https:\/\/www.radiopiu.net\/wordpress\/wp-content\/uploads\/2020\/10\/della-giacoma.mp3?_=1\" \/><a href=\"https:\/\/www.radiopiu.net\/wordpress\/wp-content\/uploads\/2020\/10\/della-giacoma.mp3\">https:\/\/www.radiopiu.net\/wordpress\/wp-content\/uploads\/2020\/10\/della-giacoma.mp3<\/a><\/audio>\n<p>&nbsp;<\/p>\n<p>&nbsp;<\/p>\n<p>&nbsp;<\/p>\n<hr \/>\n<p>&nbsp;<\/p>\n<blockquote>\n<h3>&#8220;NOI RIPARTIAMO DA QUI&#8221; , NON SI FERMA L&#8217;ATTIVITA&#8217; DELLA QUESTURA<\/h3>\n<\/blockquote>\n<p><strong>BELLUNO<\/strong> Primo incontro di questo anno scolastico con gli alunni della scuola primaria di Villapiana, in comune di Borgo Valbelluna. Rispettando tutte le norme anti Covid in vigore<em> &#8220;Con la voglia di riuscire a trasmettere, gi\u00e0 a questa et\u00e0, i principi di legalit\u00e0 e di rispetto degli altri, e con la speranza che questa pandemia non fermi la nostra attivit\u00e0 di prevenzione, in cui tanto crediamo&#8221;<\/em> lo si legge sulla pagina facebook della Questura di Belluno<\/p>\n<p><a class=\"dt-pswp-item\" href=\"https:\/\/www.radiopiu.net\/wordpress\/wp-content\/uploads\/2020\/10\/122146006_2439223033038397_425605609593722065_o.jpg\" data-dt-img-description=\"\" data-large_image_width=\"960\" data-large_image_height=\"720\"><img loading=\"lazy\" decoding=\"async\" class=\"size-medium wp-image-168088 aligncenter\" src=\"https:\/\/www.radiopiu.net\/wordpress\/wp-content\/uploads\/2020\/10\/122146006_2439223033038397_425605609593722065_o-300x225.jpg\" alt=\"\" width=\"300\" height=\"225\" srcset=\"https:\/\/www.radiopiu.net\/wordpress\/wp-content\/uploads\/2020\/10\/122146006_2439223033038397_425605609593722065_o-300x225.jpg 300w, https:\/\/www.radiopiu.net\/wordpress\/wp-content\/uploads\/2020\/10\/122146006_2439223033038397_425605609593722065_o-768x576.jpg 768w, https:\/\/www.radiopiu.net\/wordpress\/wp-content\/uploads\/2020\/10\/122146006_2439223033038397_425605609593722065_o.jpg 960w\" sizes=\"auto, (max-width: 300px) 100vw, 300px\" \/><\/a><\/p>\n<p>&nbsp;<\/p>\n<p>&nbsp;<\/p>\n<hr \/>\n<h3><strong><span style=\"color: #ff0000;\">Ora solare: questa notte,\u00a0 alle 3 lancette indietro di un&#8217;ora. Sar\u00e0 l&#8217;ultima volta?\u00a0\u00a0<\/span><\/strong><\/h3>\n<p>&nbsp;<\/p>\n<blockquote>\n<hr \/>\n<\/blockquote>\n<p><span style=\"color: #0000ff;\"><strong>DA LUNEDI SU RADIO PIU&#8217; RITORNA L&#8217;ALAMANCCO LADINO, QUINDICINALE APPUNTAMENTO IL LUNEDI ALLE 8.30, IL MARTEDI ALLE 12.25, IL MERCOLEDI ALLE 18.25 LA DOMENICA ALLE 9.<\/strong><\/span><\/p>\n<p><strong>IL PROMO<\/strong><\/p>\n<audio class=\"wp-audio-shortcode\" id=\"audio-167981-2\" preload=\"none\" style=\"width: 100%;\" controls=\"controls\"><source type=\"audio\/mpeg\" src=\"https:\/\/www.radiopiu.net\/wordpress\/wp-content\/uploads\/2020\/10\/pubblicita_2020almanacco.mp3?_=2\" \/><a href=\"https:\/\/www.radiopiu.net\/wordpress\/wp-content\/uploads\/2020\/10\/pubblicita_2020almanacco.mp3\">https:\/\/www.radiopiu.net\/wordpress\/wp-content\/uploads\/2020\/10\/pubblicita_2020almanacco.mp3<\/a><\/audio>\n<p>&nbsp;<\/p>\n<p>&nbsp;<\/p>\n<hr \/>\n<blockquote>\n<h3><\/h3>\n<h3>DOMANI VENDITA DI CRISANTEMI BENEFICA AD AGORDO<\/h3>\n<\/blockquote>\n<audio class=\"wp-audio-shortcode\" id=\"audio-167981-3\" preload=\"none\" style=\"width: 100%;\" controls=\"controls\"><source type=\"audio\/mpeg\" src=\"https:\/\/www.radiopiu.net\/wordpress\/wp-content\/uploads\/2020\/10\/CRISANTEMI.mp3?_=3\" \/><a href=\"https:\/\/www.radiopiu.net\/wordpress\/wp-content\/uploads\/2020\/10\/CRISANTEMI.mp3\">https:\/\/www.radiopiu.net\/wordpress\/wp-content\/uploads\/2020\/10\/CRISANTEMI.mp3<\/a><\/audio>\n<p>&nbsp;<\/p>\n<p>&nbsp;<\/p>\n<hr \/>\n<p>&nbsp;<\/p>\n<p><span style=\"color: #ff0000;\">OGGI SUL CORRIERE DELLE ALPI<\/span><br \/>\n<strong>Investe una famiglia in galleria e scappa: imolese condannato a 6 mesi. Mountain bike senza luci ma l&#8217;omissione di soccorso \u00e8 risultata decisiva.<\/strong><\/p>\n<p><strong><a class=\"dt-pswp-item\" href=\"https:\/\/www.radiopiu.net\/wordpress\/wp-content\/uploads\/2020\/08\/galleria-castei.jpg\" data-dt-img-description=\"\" data-large_image_width=\"168\" data-large_image_height=\"300\"><img loading=\"lazy\" decoding=\"async\" class=\"wp-image-158484 alignleft\" src=\"https:\/\/www.radiopiu.net\/wordpress\/wp-content\/uploads\/2020\/08\/galleria-castei.jpg\" alt=\"\" width=\"104\" height=\"186\" \/><\/a>AGORDO<\/strong> La mattina del 6 agosto 2017 ha imboccato la galleria dei Castei a bordo della sua Jeep Renegade e dopo pochi istanti ha travolto una famiglia che stava percorrendo la galleria in bicicletta. Per fortuna l&#8217;incidente non ha avuto conseguenze fatali, ma quello che il pm Sandra Rossi ha definito &#8220;l&#8217;elemento gravissimo&#8221;, \u00e8 il fatto che l&#8217;automobilista non si sia fermato per accertarsi delle condizioni dei ciclisti e chiamare i soccorsi. Per questo motivo, ieri, Maurizio Ricci Petitoni \u00e8 stato condannato a sei mesi di reclusione (pi\u00f9 le spese processuali) e a tre mesi di sospensione della patente&#8230;..<\/p>\n<p>&nbsp;<\/p>\n<p>&nbsp;<\/p>\n<p>&nbsp;<\/p>\n<hr \/>\n<h3><span style=\"color: #ff0000;\">\u00a0<\/span><\/h3>\n<h3><span style=\"color: #ff0000;\">\u00a0<\/span><\/h3>\n<h3><span style=\"color: #ff0000;\">PERCEZIONE DI INSICUREZZA<\/span><\/h3>\n<blockquote>\n<h3><a class=\"dt-pswp-item\" href=\"https:\/\/www.radiopiu.net\/wordpress\/wp-content\/uploads\/2018\/03\/LIMANA.jpg\" data-dt-img-description=\"\" data-large_image_width=\"254\" data-large_image_height=\"198\"><img loading=\"lazy\" decoding=\"async\" class=\"wp-image-44429 alignleft\" src=\"https:\/\/www.radiopiu.net\/wordpress\/wp-content\/uploads\/2018\/03\/LIMANA.jpg\" alt=\"\" width=\"130\" height=\"101\" \/><\/a>I LADRI TORNANO A COLPIRE IN VALBELLUNA<\/h3>\n<\/blockquote>\n<p>&nbsp;<\/p>\n<p><strong>DI DAMIANO TORMEN\u00a0<\/strong><\/p>\n<p><strong>LIMANA<\/strong> Hanno agito in tarda serata dopo aver forzato la porta finestra al pian terreno. Una volta dentro l&#8217;appartamento si sono impossessati di monili e preziosi per alcune centinaia di euro. In Via Dante Alighieri, per i rilievi di legge sono intervenuti i Carabinieri di Santa Giustina. E&#8217; purtroppo l&#8217;ennesimo episodio ladresco tra la Valbelluna e il feltrino, chi ha agito era a conoscenza degli abitudini dei proprietari, fuori casa nel momento del furto. Furti anche a Mel e se non basta anche un furto con destrezza in un supermercato alle porte di Belluno.<\/p>\n<p>&nbsp;<\/p>\n<audio class=\"wp-audio-shortcode\" id=\"audio-167981-4\" preload=\"none\" style=\"width: 100%;\" controls=\"controls\"><source type=\"audio\/mpeg\" src=\"https:\/\/www.radiopiu.net\/wordpress\/wp-content\/uploads\/2020\/10\/damiano-furti.mp3?_=4\" \/><a href=\"https:\/\/www.radiopiu.net\/wordpress\/wp-content\/uploads\/2020\/10\/damiano-furti.mp3\">https:\/\/www.radiopiu.net\/wordpress\/wp-content\/uploads\/2020\/10\/damiano-furti.mp3<\/a><\/audio>\n<p>&nbsp;<\/p>\n<p>&nbsp;<\/p>\n<p>&nbsp;<\/p>\n<hr \/>\n<blockquote>\n<h3>IERI MATTINA: SCHIUMA NEL CAMPREGANA<\/h3>\n<\/blockquote>\n<p><strong>AGORDO<\/strong> Le fotografie sono di ieri mattina, scattate lungo il corso del torrente Campregana che dalla Val di Frela scende attraversando l&#8217;abitato di Prompicai per poi buttarsi nel Cordevole difronte allo stabilimento Luxottica. Ieri la comparsa di abbondante ed anomala schiuma bianca, subito informati i Carabinieri e la Polizia Locale che sono stati sul posto per sincerarsi dell&#8217;episodio. Il sindaco\u00a0 Roberto Chissal\u00e8 contattato gi\u00e0 ieri ha riferito<em> &#8220;Non si tratta di nulla di grave, potrebbe essere stato versato del bagno schiuma, piuttosto che dello shampoo, non escludo possa essersi trattato di una bravata. Il problema era comunque circoscritto ad una zona limitata sotto alla regionale 203 agordina e non tra l&#8217;abitato di Parech e verso la Val di Frela&#8221;.<\/em><\/p>\n<p>foto Paola Costantini<\/p>\n<h3>IERI MATTINA<\/h3>\n\n\t\t\t<style type='text\/css'>\n\t\t\t\t#gallery-1 {\n\t\t\t\t\tmargin: auto;\n\t\t\t\t}\n\t\t\t\t#gallery-1 .gallery-item {\n\t\t\t\t\tfloat: left;\n\t\t\t\t\tmargin-top: 10px;\n\t\t\t\t\ttext-align: center;\n\t\t\t\t\twidth: 33%;\n\t\t\t\t}\n\t\t\t\t#gallery-1 img {\n\t\t\t\t\tborder: 2px solid #cfcfcf;\n\t\t\t\t}\n\t\t\t\t#gallery-1 .gallery-caption {\n\t\t\t\t\tmargin-left: 0;\n\t\t\t\t}\n\t\t\t\t\/* see gallery_shortcode() in wp-includes\/media.php *\/\n\t\t\t<\/style>\n\t\t<div id='gallery-1' class='dt-gallery-container gallery galleryid-167981 gallery-columns-3 gallery-size-medium'><dl class='gallery-item'>\n\t\t\t\t<dt class='gallery-icon portrait'>\n\t\t\t\t\t<a class=\"rollover rollover-zoom dt-pswp-item\" title=\"122498744_379889603205698_7580349590461915957_n\" data-dt-img-description=\"\" data-large_image_width=\"720\" data-large_image_height=\"960\"href='https:\/\/www.radiopiu.net\/wordpress\/wp-content\/uploads\/2020\/10\/122498744_379889603205698_7580349590461915957_n.jpg'><img loading=\"lazy\" decoding=\"async\" width=\"225\" height=\"300\" src=\"https:\/\/www.radiopiu.net\/wordpress\/wp-content\/uploads\/2020\/10\/122498744_379889603205698_7580349590461915957_n-225x300.jpg\" class=\"attachment-medium size-medium\" alt=\"\" srcset=\"https:\/\/www.radiopiu.net\/wordpress\/wp-content\/uploads\/2020\/10\/122498744_379889603205698_7580349590461915957_n-225x300.jpg 225w, https:\/\/www.radiopiu.net\/wordpress\/wp-content\/uploads\/2020\/10\/122498744_379889603205698_7580349590461915957_n.jpg 720w\" sizes=\"auto, (max-width: 225px) 100vw, 225px\" \/><\/a>\n\t\t\t\t<\/dt><\/dl><dl class='gallery-item'>\n\t\t\t\t<dt class='gallery-icon portrait'>\n\t\t\t\t\t<a class=\"rollover rollover-zoom dt-pswp-item\" title=\"122480006_394363425277235_7562283673567855258_n\" data-dt-img-description=\"\" data-large_image_width=\"720\" data-large_image_height=\"960\"href='https:\/\/www.radiopiu.net\/wordpress\/wp-content\/uploads\/2020\/10\/122480006_394363425277235_7562283673567855258_n.jpg'><img loading=\"lazy\" decoding=\"async\" width=\"225\" height=\"300\" src=\"https:\/\/www.radiopiu.net\/wordpress\/wp-content\/uploads\/2020\/10\/122480006_394363425277235_7562283673567855258_n-225x300.jpg\" class=\"attachment-medium size-medium\" alt=\"\" srcset=\"https:\/\/www.radiopiu.net\/wordpress\/wp-content\/uploads\/2020\/10\/122480006_394363425277235_7562283673567855258_n-225x300.jpg 225w, https:\/\/www.radiopiu.net\/wordpress\/wp-content\/uploads\/2020\/10\/122480006_394363425277235_7562283673567855258_n.jpg 720w\" sizes=\"auto, (max-width: 225px) 100vw, 225px\" \/><\/a>\n\t\t\t\t<\/dt><\/dl><dl class='gallery-item'>\n\t\t\t\t<dt class='gallery-icon portrait'>\n\t\t\t\t\t<a class=\"rollover rollover-zoom dt-pswp-item\" title=\"122317861_262647458514641_5630126924652626866_n\" data-dt-img-description=\"\" data-large_image_width=\"720\" data-large_image_height=\"960\"href='https:\/\/www.radiopiu.net\/wordpress\/wp-content\/uploads\/2020\/10\/122317861_262647458514641_5630126924652626866_n.jpg'><img loading=\"lazy\" decoding=\"async\" width=\"225\" height=\"300\" src=\"https:\/\/www.radiopiu.net\/wordpress\/wp-content\/uploads\/2020\/10\/122317861_262647458514641_5630126924652626866_n-225x300.jpg\" class=\"attachment-medium size-medium\" alt=\"\" srcset=\"https:\/\/www.radiopiu.net\/wordpress\/wp-content\/uploads\/2020\/10\/122317861_262647458514641_5630126924652626866_n-225x300.jpg 225w, https:\/\/www.radiopiu.net\/wordpress\/wp-content\/uploads\/2020\/10\/122317861_262647458514641_5630126924652626866_n.jpg 720w\" sizes=\"auto, (max-width: 225px) 100vw, 225px\" \/><\/a>\n\t\t\t\t<\/dt><\/dl><br style=\"clear: both\" \/>\n\t\t\t<\/div>\n\n<h3>ALLE 14.00<\/h3>\n<p>https:\/\/www.facebook.com\/Mirkomezziano\/videos\/2811077125841722<\/p>\n<p>&nbsp;<\/p>\n<p>&nbsp;<\/p>\n<p>&nbsp;<\/p>\n<hr \/>\n<blockquote>\n<blockquote>\n<h3><\/h3>\n<h3>A LA VALLE E VOLTAGO ACQUA NON POTABILE<\/h3>\n<\/blockquote>\n<p><a class=\"dt-pswp-item\" href=\"https:\/\/www.radiopiu.net\/wordpress\/wp-content\/uploads\/2019\/10\/ACQUA-SPORCA.jpeg\" data-dt-img-description=\"\" data-large_image_width=\"1024\" data-large_image_height=\"768\"><img loading=\"lazy\" decoding=\"async\" class=\" wp-image-104646 alignleft\" src=\"https:\/\/www.radiopiu.net\/wordpress\/wp-content\/uploads\/2019\/10\/ACQUA-SPORCA-300x225.jpeg\" alt=\"\" width=\"127\" height=\"95\" srcset=\"https:\/\/www.radiopiu.net\/wordpress\/wp-content\/uploads\/2019\/10\/ACQUA-SPORCA-300x225.jpeg 300w, https:\/\/www.radiopiu.net\/wordpress\/wp-content\/uploads\/2019\/10\/ACQUA-SPORCA-768x576.jpeg 768w, https:\/\/www.radiopiu.net\/wordpress\/wp-content\/uploads\/2019\/10\/ACQUA-SPORCA.jpeg 1024w\" sizes=\"auto, (max-width: 127px) 100vw, 127px\" \/><\/a>Gestione Servizi Pubblici informa che a <strong>LA VALLE AGORDINA<\/strong> nelle LOCALITA&#8217; RONCHE, RONCHET, NOACH, LE CAMPE e CANCELLADE l&#8217;acqua erogata dall&#8217;acquedotto non \u00e8 potabile e pu\u00f2 essere usata per scopi alimentari SOLO PREVIA bollitura. GSP ha, comunque, gi\u00e0 adottato le necessarie misure per la disinfezione dell&#8217;acqua presente nei serbatoi e nella rete idrica con l&#8217;aggiunta di cloro.<\/p>\n<p>Anche a V<strong>OLTAGO AGORDINO<\/strong>, nelle LOCALITA&#8217; FRASSENE&#8217; e VILLA, l&#8217;acqua erogata dall&#8217;acquedotto non \u00e8 potabile e pu\u00f2 essere usata per scopi alimentari SOLO PREVIA bollitura.<\/p><\/blockquote>\n<p>Per lavori alla rete idrica comunale\u00a0 lunedi\u00a0 dalle 8 a FINE LAVORI, verr\u00e0 sospesa l\u2019erogazione dell\u2019acqua a <strong>S.TOMASO AGORDINO,<\/strong> nelle FRAZIONI CELAT, CHIEA, TOCCOL, COLZARESE e FONTANELLE.<\/p>\n<p>&nbsp;<\/p>\n<hr \/>\n<p>&nbsp;<\/p>\n<blockquote>\n<h3>LAVORI E-DISTRIBUZIONE A CANALE D&#8217;AGORDO<\/h3>\n<\/blockquote>\n<p><strong>CANALE D&#8217;AGORDO<\/strong> Luned\u00ec 26 ottobre dalle 13 alle 16:30 verr\u00e0 interrotta l&#8217;energia elettrica a Canale D&#8217;Agordo per lavori sugli impianti di E-Distribuzione. Le vie interessate dal disservizio saranno: Piazza Papa Luciani, Via Cavallera, Via 20 Agosto, Via Tancon, Via Monsignor Bramezza e la localit\u00e0 Carfon.<\/p>\n<p>&nbsp;<\/p>\n<hr \/>\n<p>&nbsp;<\/p>\n<p>&nbsp;<\/p>\n<p>&nbsp;<\/p>\n<p>&nbsp;<\/p>\n<blockquote>\n<h3>I DATI DI LUXOTTICA DIFFUSI SUL DARK WEB<\/h3>\n<\/blockquote>\n<p><strong>Rivendicato nel darkweb l&#8217;attacco a Luxottica da parte del gruppo cyber-criminale Nefilim<\/strong><\/p>\n<p><strong>MILANO\u00a0<\/strong>Il sito difesaesicurezza.com per primo ha pubblicato un articolo dove si legge:<\/p>\n<blockquote>\n<h3><a class=\"dt-pswp-item\" href=\"https:\/\/www.radiopiu.net\/wordpress\/wp-content\/uploads\/2020\/10\/Schermata-2020-10-20-alle-15.52.20.png\" data-dt-img-description=\"\" data-large_image_width=\"1628\" data-large_image_height=\"1044\"><img loading=\"lazy\" decoding=\"async\" class=\"size-medium wp-image-167474 alignleft\" src=\"https:\/\/www.radiopiu.net\/wordpress\/wp-content\/uploads\/2020\/10\/Schermata-2020-10-20-alle-15.52.20-300x192.png\" alt=\"\" width=\"300\" height=\"192\" srcset=\"https:\/\/www.radiopiu.net\/wordpress\/wp-content\/uploads\/2020\/10\/Schermata-2020-10-20-alle-15.52.20-300x192.png 300w, https:\/\/www.radiopiu.net\/wordpress\/wp-content\/uploads\/2020\/10\/Schermata-2020-10-20-alle-15.52.20-1024x657.png 1024w, https:\/\/www.radiopiu.net\/wordpress\/wp-content\/uploads\/2020\/10\/Schermata-2020-10-20-alle-15.52.20-768x493.png 768w, https:\/\/www.radiopiu.net\/wordpress\/wp-content\/uploads\/2020\/10\/Schermata-2020-10-20-alle-15.52.20-1536x985.png 1536w, https:\/\/www.radiopiu.net\/wordpress\/wp-content\/uploads\/2020\/10\/Schermata-2020-10-20-alle-15.52.20.png 1628w\" sizes=\"auto, (max-width: 300px) 100vw, 300px\" \/><\/a>I dati di Luxottica pubblicati sul darkweb dal gruppo di cyber criminali Nefilim<\/h3>\n<p>I cyber criminali di Nefilim avrebbero dunque pubblicato una lunga lista di file, che sembrerebbe appartengano a Luxottica e, in particolare, relativi a due dipartimenti: ufficio del personale e finanza come riportato dal sito difesaesicurezza.com.<\/p><\/blockquote>\n<p><a href=\"https:\/\/www.difesaesicurezza.com\/cyber\/cybercrime-i-dati-di-luxottica-pubblicati-sul-darkweb-dal-gruppo-nefilim\/\">CLICCA QUI PER LEGGERE LA NOTIZIA <\/a><\/p>\n<blockquote><p>A 28 giorni esatti dalla compromissione, gli autori del gesto criminale avrebbero pubblicato su un dominio accessibile tramite la rete TOR, la prima parte di quelli che dovrebbero essere i dati (in chiaro) sottratti all\u2019azienda, fornendo cos\u00ec prova della violazione. Il leak pubblicato contiene una serie di documenti MS Office, prevalentemente fogli di calcolo Excel, qualche presentazione PowerPoint, qualche documento Word e file esportati da Outlook per un totale di quasi 6000 file. Ne da notizia il sito governativo Agenzia per l&#8217;Italia Digitale<\/p><\/blockquote>\n<p><a href=\"https:\/\/cert-agid.gov.it\/news\/il-malware-nefilim-fa-una-vittima-illustre-in-rete-i-dati-sottratti-a-luxottica\/\">PER LEGGERE LA NOTIZIA DEL SITO AGID PREMI QUI<\/a><\/p>\n<p>&nbsp;<\/p>\n<hr \/>\n<p>&nbsp;<\/p>\n<blockquote>\n<h3>LUXOTTICA NON CEDE AI RICATTI E NON TRATTA CON I CRIMINALI<\/h3>\n<\/blockquote>\n<p><strong><a class=\"dt-pswp-item\" href=\"https:\/\/www.radiopiu.net\/wordpress\/wp-content\/uploads\/2020\/10\/5fcf89a1-ddb7-4496-b761-268cd188e036.jpg\" data-dt-img-description=\"\" data-large_image_width=\"1600\" data-large_image_height=\"1066\"><img loading=\"lazy\" decoding=\"async\" class=\" wp-image-168128 alignleft\" src=\"https:\/\/www.radiopiu.net\/wordpress\/wp-content\/uploads\/2020\/10\/5fcf89a1-ddb7-4496-b761-268cd188e036-300x200.jpg\" alt=\"\" width=\"236\" height=\"157\" srcset=\"https:\/\/www.radiopiu.net\/wordpress\/wp-content\/uploads\/2020\/10\/5fcf89a1-ddb7-4496-b761-268cd188e036-300x200.jpg 300w, https:\/\/www.radiopiu.net\/wordpress\/wp-content\/uploads\/2020\/10\/5fcf89a1-ddb7-4496-b761-268cd188e036-1024x682.jpg 1024w, https:\/\/www.radiopiu.net\/wordpress\/wp-content\/uploads\/2020\/10\/5fcf89a1-ddb7-4496-b761-268cd188e036-768x512.jpg 768w, https:\/\/www.radiopiu.net\/wordpress\/wp-content\/uploads\/2020\/10\/5fcf89a1-ddb7-4496-b761-268cd188e036-1536x1023.jpg 1536w, https:\/\/www.radiopiu.net\/wordpress\/wp-content\/uploads\/2020\/10\/5fcf89a1-ddb7-4496-b761-268cd188e036.jpg 1600w\" sizes=\"auto, (max-width: 236px) 100vw, 236px\" \/><\/a>AGORDO<\/strong> Dopo l\u2019attacco di settembre, il ricatto. Ma Luxottica non molla e sceglie di non trattare con i criminali n\u00e9 di attribuirgli alcuna visibilit\u00e0. L\u2019azienda sta rassicurando in queste ore rappresentanti sindacali e dipendenti in Italia circa le notizie circolate in Rete nelle ultime ore, in merito a dati e informazioni aziendali riversati sul dark web dal gruppo di hacker responsabile dell\u2019attacco di met\u00e0 settembre. Al tempo l\u2019azienda aveva reagito subito all\u2019incidente, isolando la sua rete globale nel corso di un fine settimana e riprendendo l\u2019operativit\u00e0 in Italia e nel mondo nel giro di ore. Erano subito partite le indagini \u00a0in coordinamento con la Polizia italiana e l\u2019FBI americana, per identificare gli autori e per capire fino a che punto avessero fatto breccia nei sistemi aziendali. Il problema, dalle evidenze raccolte ad oggi, avrebbe interessato in particolare un server dell\u2019azienda in Sud Africa, che supporta le attivit\u00e0 locali del Gruppo. I responsabili dell\u2019attacco sarebbero riusciti a scaricare file e materiali interni, minacciando di diffonderli se l\u2019azienda non avesse pagato un riscatto. Da l\u00ec la presa di posizione netta di Luxottica: non scendiamo a patti con i criminali, nell\u2019idea che pagare significa dare credito a queste organizzazioni e tenere in piedi un sistema che ogni anno colpisce centinaia e centinaia di aziende in Italia e nel mondo. I responsabili hanno cominciato pertanto nelle ultime ore a far uscire nel dark web una prima parte di file relativi alle attivit\u00e0 sudafricane del Gruppo. L\u2019azienda si sta gi\u00e0 adoperando con le forze dell\u2019ordine e gli esperti per ridurre al minimo i potenziali impatti sulle sue persone \u2013 qualche centinaio in Sud Africa \u2013 sui partner e sulle attivit\u00e0 locali, dato che la protezione delle informazioni aziendali, dei dipendenti e dei clienti \u00e8 una responsabilit\u00e0 che l\u2019azienda prende molto seriamente.<\/p>\n<p>&nbsp;<\/p>\n<hr \/>\n<p>&nbsp;<\/p>\n<p>&nbsp;<\/p>\n<p>&nbsp;<\/p>\n<p>&nbsp;<\/p>\n<blockquote>\n<h3>\u00a0 IMPIANTO DI VIDEO SORVEGLIANZA PER LA SICUREZZA DEI CITTADINI.<\/h3>\n<\/blockquote>\n<p><strong>CANALE D&#8217;AGORDO<\/strong> Per la sicurezza dei cittadini il Comune \u00e8 intenzionato a montare le telecamere di sorveglianza in via Lotta al Parco Giochi. L&#8217;amministrazione cerca anche un gestore per l&#8217;area, ricerca iniziata da un paio d&#8217;anni per ora senza risultato, con i fondi di confine la struttura sar\u00e0 riqualificata e arredata.\u00a0 Dell&#8217;argomento se n&#8217;\u00e8 occupato il consiglio comunale dove il sindaco Flavio Colcergnan ha illustrato i progetti.<strong><span style=\"color: #ff0000;\">\u00a0 <\/span><\/strong><\/p>\n<h3><a tabindex=\"0\" title=\"Consigliere Massimo Murer\" href=\"https:\/\/www.comune.canaledagordo.bl.it\/myportal\/C_B574\/dettaglio\/contenuto\/consigliere-massimo-murer\">Consigliere Massimo Murer<\/a><\/h3>\n<div class=\"description\">\n<p>Vicesindaco-Assessore-Consigliere<\/p>\n<\/div>\n<audio class=\"wp-audio-shortcode\" id=\"audio-167981-5\" preload=\"none\" style=\"width: 100%;\" controls=\"controls\"><source type=\"audio\/mpeg\" src=\"https:\/\/www.radiopiu.net\/wordpress\/wp-content\/uploads\/2020\/10\/MASSIMO.mp3?_=5\" \/><a href=\"https:\/\/www.radiopiu.net\/wordpress\/wp-content\/uploads\/2020\/10\/MASSIMO.mp3\">https:\/\/www.radiopiu.net\/wordpress\/wp-content\/uploads\/2020\/10\/MASSIMO.mp3<\/a><\/audio>\n<p>&nbsp;<\/p>\n<p><strong><span style=\"color: #ff0000;\">RADIO PIU&#8217; HA TRASMESSO IL DIRETTA LA SEDUTA, QUI SI PUO&#8217; RISENTIRE E RIASCOLTARE<\/span><\/strong><\/p>\n<p>https:\/\/www.facebook.com\/Mirkomezziano\/videos\/2810416535907781<\/p>\n<p>&nbsp;<\/p>\n<p>&nbsp;<\/p>\n<hr \/>\n<blockquote>\n<h2><\/h2>\n<\/blockquote>\n<h2><\/h2>\n<blockquote>\n<h2>PRECISAZIONI E CONTRODEDUZIONI DEL SINDACO DOPO L&#8217;INTERVISTA A LA MUDA<\/h2>\n<\/blockquote>\n<p><strong>LA VALLE<\/strong>\u00a0 Nei giorni scorsi il nostro notiziario ha pubblicato un&#8217;intervista ad Anouska Giovannelli realizzata in localit\u00e0 La Muda, frazione del Comune di La Valle. Oggi ospitiamo invece l&#8217;intervento del sindaco, Ezio Zuanel, che ribatte punto per punto alle dichiarazioni rilasciate nel corso dell&#8217;intervista dove tra l&#8217;altro \u00e8 stato detto dalla Giovannelli <em>&#8220;L&#8217;amministrazione comunale ha abbandonato a se stessi gli abitanti della frazione&#8221;.<\/em><\/p>\n<p>&nbsp;<\/p>\n<p><strong>IL SINDACO EZIO ZUANEL<\/strong><\/p>\n<p><span style=\"color: #ff0000;\"><a class=\"dt-pswp-item\" href=\"https:\/\/www.radiopiu.net\/wordpress\/wp-content\/uploads\/2020\/10\/1e8731d9-58e8-497b-a029-b79494c37c16.jpg\" data-dt-img-description=\"\" data-large_image_width=\"2048\" data-large_image_height=\"1024\"><img loading=\"lazy\" decoding=\"async\" class=\"wp-image-167292 alignleft\" src=\"https:\/\/www.radiopiu.net\/wordpress\/wp-content\/uploads\/2020\/10\/1e8731d9-58e8-497b-a029-b79494c37c16-300x150.jpg\" alt=\"\" width=\"204\" height=\"102\" srcset=\"https:\/\/www.radiopiu.net\/wordpress\/wp-content\/uploads\/2020\/10\/1e8731d9-58e8-497b-a029-b79494c37c16-300x150.jpg 300w, https:\/\/www.radiopiu.net\/wordpress\/wp-content\/uploads\/2020\/10\/1e8731d9-58e8-497b-a029-b79494c37c16-1024x512.jpg 1024w, https:\/\/www.radiopiu.net\/wordpress\/wp-content\/uploads\/2020\/10\/1e8731d9-58e8-497b-a029-b79494c37c16-768x384.jpg 768w, https:\/\/www.radiopiu.net\/wordpress\/wp-content\/uploads\/2020\/10\/1e8731d9-58e8-497b-a029-b79494c37c16-1536x768.jpg 1536w, https:\/\/www.radiopiu.net\/wordpress\/wp-content\/uploads\/2020\/10\/1e8731d9-58e8-497b-a029-b79494c37c16.jpg 2048w\" sizes=\"auto, (max-width: 204px) 100vw, 204px\" \/><\/a>IL NUOVO CANALE<\/span>: Sono stati girati direttamente a Veneto Strade i fondi di Vaia del 2019 stanziati per il dissesto idrogeologico spettanti al nostro Comune per la somma di\u00a0 500.000 euro, il resto \u00e9 stato cofinanziato da Veneto Strade quale Soggetto Attuatore. Ci \u00e8 sembrato giusto dare la precedenza a questo intervento giudicato il pi\u00f9 urgente, anche perch\u00e9 era da cinque anni che in tutti i modi con i vari enti ho cercato di portare avanti il progetto, non solo per la sicurezza che era la prima cosa che permetteva agli abitanti di dormire tranquilli, ma anche per dare un aspetto pi\u00f9 dignitoso alle porte del paese e di tutto l\u2019Agordino.<\/p>\n<p>&nbsp;<\/p>\n<p><span style=\"color: #ff0000;\"><a class=\"dt-pswp-item\" href=\"https:\/\/www.radiopiu.net\/wordpress\/wp-content\/uploads\/2018\/10\/muda-mirko.jpeg\" data-dt-img-description=\"\" data-large_image_width=\"1200\" data-large_image_height=\"1600\"><img loading=\"lazy\" decoding=\"async\" class=\"wp-image-65505 alignright\" src=\"https:\/\/www.radiopiu.net\/wordpress\/wp-content\/uploads\/2018\/10\/muda-mirko-225x300.jpeg\" alt=\"\" width=\"91\" height=\"121\" srcset=\"https:\/\/www.radiopiu.net\/wordpress\/wp-content\/uploads\/2018\/10\/muda-mirko-225x300.jpeg 225w, https:\/\/www.radiopiu.net\/wordpress\/wp-content\/uploads\/2018\/10\/muda-mirko-768x1024.jpeg 768w, https:\/\/www.radiopiu.net\/wordpress\/wp-content\/uploads\/2018\/10\/muda-mirko.jpeg 1200w\" sizes=\"auto, (max-width: 91px) 100vw, 91px\" \/><\/a>GLI EVENTI ATOMOSFERICI<\/span> \u00a0accaduti in questi ultimi anni e ben descritti nell\u2019intervista in oggetto, l\u2019amministrazione comunale \u00e8 sempre stata presente e operativa in questi difficili momenti, lo stesso dicasi per la Protezione Civile e il volontariato di La Valle , come pure le evacuazioni degli abitanti in questi particolari momenti sono state gestite sia operativamente che finanziariamente dal Comune.<\/p>\n<p>&nbsp;<\/p>\n<p><a class=\"dt-pswp-item\" href=\"https:\/\/www.radiopiu.net\/wordpress\/wp-content\/uploads\/2020\/10\/DSC00525.jpg\" data-dt-img-description=\"\" data-large_image_width=\"1024\" data-large_image_height=\"768\"><img loading=\"lazy\" decoding=\"async\" class=\"wp-image-168025 alignleft\" src=\"https:\/\/www.radiopiu.net\/wordpress\/wp-content\/uploads\/2020\/10\/DSC00525-300x225.jpg\" alt=\"\" width=\"157\" height=\"118\" srcset=\"https:\/\/www.radiopiu.net\/wordpress\/wp-content\/uploads\/2020\/10\/DSC00525-300x225.jpg 300w, https:\/\/www.radiopiu.net\/wordpress\/wp-content\/uploads\/2020\/10\/DSC00525-768x576.jpg 768w, https:\/\/www.radiopiu.net\/wordpress\/wp-content\/uploads\/2020\/10\/DSC00525.jpg 1024w\" sizes=\"auto, (max-width: 157px) 100vw, 157px\" \/><\/a><span style=\"color: #ff0000;\">LE ACQUE<\/span>\u00a0penso si riferisse a quel pozzetto a monte del \u201clavatoio\u201d che contiene un contatore dell\u2019acqua del BIM\/GSP con un allacciamento provvisorio per Agre e due allacciamenti che credo siano fontana e lavatoio. Tale pozzetto \u00e8 stato parzialmente distrutto ed insabbiato dal tempo di Vaia .Questo \u00e8 da verificare se pu\u00f2 intervenire direttamente il Comune o BIM\/GSP . Comunque il tutto \u00e8 funzionante a parte l\u2019impatto visivo<\/p>\n<p><a class=\"dt-pswp-item\" href=\"https:\/\/www.radiopiu.net\/wordpress\/wp-content\/uploads\/2020\/10\/638cbd0e-0daa-4cb2-9147-10fa532681dc.jpg\" data-dt-img-description=\"\" data-large_image_width=\"2048\" data-large_image_height=\"1024\"><img loading=\"lazy\" decoding=\"async\" class=\"wp-image-167291 alignright\" src=\"https:\/\/www.radiopiu.net\/wordpress\/wp-content\/uploads\/2020\/10\/638cbd0e-0daa-4cb2-9147-10fa532681dc-300x150.jpg\" alt=\"\" width=\"150\" height=\"74\" srcset=\"https:\/\/www.radiopiu.net\/wordpress\/wp-content\/uploads\/2020\/10\/638cbd0e-0daa-4cb2-9147-10fa532681dc-300x150.jpg 300w, https:\/\/www.radiopiu.net\/wordpress\/wp-content\/uploads\/2020\/10\/638cbd0e-0daa-4cb2-9147-10fa532681dc-1024x512.jpg 1024w, https:\/\/www.radiopiu.net\/wordpress\/wp-content\/uploads\/2020\/10\/638cbd0e-0daa-4cb2-9147-10fa532681dc-768x384.jpg 768w, https:\/\/www.radiopiu.net\/wordpress\/wp-content\/uploads\/2020\/10\/638cbd0e-0daa-4cb2-9147-10fa532681dc-1536x768.jpg 1536w, https:\/\/www.radiopiu.net\/wordpress\/wp-content\/uploads\/2020\/10\/638cbd0e-0daa-4cb2-9147-10fa532681dc.jpg 2048w\" sizes=\"auto, (max-width: 150px) 100vw, 150px\" \/><\/a><span style=\"color: #ff0000;\">LA FONTANA<\/span> al bordo della SR 203 che \u00e8 stata pi\u00f9 volte inghiaiata e sommersa dagli eventi atmosferici degli anni scorsi e ogni volta ripulita, comunque \u00e8 funzionante, giustamente ora che il pericolo \u00e8 stato eliminato, merita un ripristino da parte dell\u2019Amministrazione anche per l\u2019immagine che d\u00e0 del nostro paese.<\/p>\n<p>&nbsp;<\/p>\n<p><span style=\"color: #ff0000;\">LA PUBBLICA ILLLUMINAZIONE<\/span>\u00a0 chi \u00e8 la sul posto lo sa meglio di noi, per eseguire i lavori\u00a0 \u00e8 stato necessario all\u2019impresa appaltatrice interrompere la linea diretta ed eseguire un by- <span style=\"color: #ff0000;\"><a class=\"dt-pswp-item\" href=\"https:\/\/www.radiopiu.net\/wordpress\/wp-content\/uploads\/2020\/10\/4a503b07-5bc4-4065-956d-72288d51d965.jpg\" data-dt-img-description=\"\" data-large_image_width=\"2048\" data-large_image_height=\"1024\"><img loading=\"lazy\" decoding=\"async\" class=\" wp-image-167299 alignleft\" src=\"https:\/\/www.radiopiu.net\/wordpress\/wp-content\/uploads\/2020\/10\/4a503b07-5bc4-4065-956d-72288d51d965-300x150.jpg\" alt=\"\" width=\"254\" height=\"127\" srcset=\"https:\/\/www.radiopiu.net\/wordpress\/wp-content\/uploads\/2020\/10\/4a503b07-5bc4-4065-956d-72288d51d965-300x150.jpg 300w, https:\/\/www.radiopiu.net\/wordpress\/wp-content\/uploads\/2020\/10\/4a503b07-5bc4-4065-956d-72288d51d965-1024x512.jpg 1024w, https:\/\/www.radiopiu.net\/wordpress\/wp-content\/uploads\/2020\/10\/4a503b07-5bc4-4065-956d-72288d51d965-768x384.jpg 768w, https:\/\/www.radiopiu.net\/wordpress\/wp-content\/uploads\/2020\/10\/4a503b07-5bc4-4065-956d-72288d51d965-1536x768.jpg 1536w, https:\/\/www.radiopiu.net\/wordpress\/wp-content\/uploads\/2020\/10\/4a503b07-5bc4-4065-956d-72288d51d965.jpg 2048w\" sizes=\"auto, (max-width: 254px) 100vw, 254px\" \/><\/a><\/span>pass provvisorio da ripristinare a fine lavori dall\u2019impresa medesima.<\/p>\n<p><span style=\"color: #ff0000;\">FRAZIONE FANTASMA<\/span>\u00a0Sono convinto che la Muda sia quasi una frazione fantasma perch\u00e9 gli abitanti fissi sono rimasti 5-6 (il resto sono seconde case) che oltre ad esse gente anziana forse non si parlano nemmeno e quindi non fanno gruppo, ma non vedo cosa possa fare l\u2019amministrazione per risolvere il problema.<\/p>\n<p>&nbsp;<\/p>\n<p><span style=\"color: #ff0000;\">GLI SCHIANTI<\/span> Riguardo alla sceneggiata durante l\u2019intervista sull\u2019intervento previsto per la pulizia degli alberi schiantati e taglio di quelli pericolanti sul rio Val Scure che \u00e8 il prolungamento del nuovo canale, probabilmente ci sono a monte altri interessi perch\u00e8 non c&#8217;entrano niente con le piante e il versante ripetutamente indicati durante l\u2019intervista, ma sono all\u2019interno della valle e non visibili dal basso ( luogo dell\u2019intervista). Comunque noi non essendo n\u00e8 geologi n\u00e9 Forestali n\u00e9 ingegneri idraulici come certi, abbiamo segnalato e demandato il tutto ai Servizi Forestali competenti cos\u00ec saranno gli stessi a valutare e prendere qualsiasi decisione in base al pericolo che ritengono i loro tecnici e se necessario procedere alla messa in sicurezza sia del rio Val Scure sia dell\u2019altro rio minore ( vedi foto 3) segnalato nella stessa intervista.<\/p>\n\n\t\t\t<style type='text\/css'>\n\t\t\t\t#gallery-2 {\n\t\t\t\t\tmargin: auto;\n\t\t\t\t}\n\t\t\t\t#gallery-2 .gallery-item {\n\t\t\t\t\tfloat: left;\n\t\t\t\t\tmargin-top: 10px;\n\t\t\t\t\ttext-align: center;\n\t\t\t\t\twidth: 33%;\n\t\t\t\t}\n\t\t\t\t#gallery-2 img {\n\t\t\t\t\tborder: 2px solid #cfcfcf;\n\t\t\t\t}\n\t\t\t\t#gallery-2 .gallery-caption {\n\t\t\t\t\tmargin-left: 0;\n\t\t\t\t}\n\t\t\t\t\/* see gallery_shortcode() in wp-includes\/media.php *\/\n\t\t\t<\/style>\n\t\t<div id='gallery-2' class='dt-gallery-container gallery galleryid-167981 gallery-columns-3 gallery-size-thumbnail'><dl class='gallery-item'>\n\t\t\t\t<dt class='gallery-icon landscape'>\n\t\t\t\t\t<a class=\"rollover rollover-zoom dt-pswp-item\" title=\"DSC00517\" data-dt-img-description=\"\" data-large_image_width=\"1024\" data-large_image_height=\"768\"href='https:\/\/www.radiopiu.net\/wordpress\/wp-content\/uploads\/2020\/10\/DSC00517.jpg'><img loading=\"lazy\" decoding=\"async\" width=\"150\" height=\"150\" src=\"https:\/\/www.radiopiu.net\/wordpress\/wp-content\/uploads\/2020\/10\/DSC00517-150x150.jpg\" class=\"attachment-thumbnail size-thumbnail\" alt=\"\" \/><\/a>\n\t\t\t\t<\/dt><\/dl><dl class='gallery-item'>\n\t\t\t\t<dt class='gallery-icon landscape'>\n\t\t\t\t\t<a class=\"rollover rollover-zoom dt-pswp-item\" title=\"DSC00504\" data-dt-img-description=\"\" data-large_image_width=\"1024\" data-large_image_height=\"768\"href='https:\/\/www.radiopiu.net\/wordpress\/wp-content\/uploads\/2020\/10\/DSC00504.jpg'><img loading=\"lazy\" decoding=\"async\" width=\"150\" height=\"150\" src=\"https:\/\/www.radiopiu.net\/wordpress\/wp-content\/uploads\/2020\/10\/DSC00504-150x150.jpg\" class=\"attachment-thumbnail size-thumbnail\" alt=\"\" \/><\/a>\n\t\t\t\t<\/dt><\/dl><dl class='gallery-item'>\n\t\t\t\t<dt class='gallery-icon landscape'>\n\t\t\t\t\t<a class=\"rollover rollover-zoom dt-pswp-item\" title=\"DSC00502\" data-dt-img-description=\"\" data-large_image_width=\"1024\" data-large_image_height=\"768\"href='https:\/\/www.radiopiu.net\/wordpress\/wp-content\/uploads\/2020\/10\/DSC00502.jpg'><img loading=\"lazy\" decoding=\"async\" width=\"150\" height=\"150\" src=\"https:\/\/www.radiopiu.net\/wordpress\/wp-content\/uploads\/2020\/10\/DSC00502-150x150.jpg\" class=\"attachment-thumbnail size-thumbnail\" alt=\"\" \/><\/a>\n\t\t\t\t<\/dt><\/dl><br style=\"clear: both\" \/>\n\t\t\t<\/div>\n\n<p>&nbsp;<\/p>\n<p><strong><a class=\"dt-pswp-item\" href=\"https:\/\/www.radiopiu.net\/wordpress\/wp-content\/uploads\/2017\/06\/lamuda1.jpg\" data-dt-img-description=\"\" data-large_image_width=\"528\" data-large_image_height=\"960\"><img loading=\"lazy\" decoding=\"async\" class=\" wp-image-33882 alignright\" src=\"https:\/\/www.radiopiu.net\/wordpress\/wp-content\/uploads\/2017\/06\/lamuda1-165x300.jpg\" alt=\"\" width=\"135\" height=\"245\" \/><\/a>CONCLUSIONI:<\/strong> <em>Tutto questo a dimostrazione che\u00a0 l\u2019amministrazione non ha mai abbandonato nessuno n\u00e8 si \u00e8 mai permessa di creare inutili pericoli al paese, ma \u00e8 sempre stata presente e lo \u00e8 tuttora,\u00a0 in ogni occasione, pertanto certe affermazioni prima di sbandierarle ai media andrebbero verificate meglio. <\/em><em>L\u2019amministrazione si ritiene moralmente offesa da tali insinuazioni e comportamenti, con questo mi auguro che quanto riportato sopra sia sufficientemente spiegato e chiarito, in caso contrario faremo i passi dovuti. <\/em><em>Saluti a tutti i cittadini della Muda dall\u2019Amministrazione Comunale.<\/em><\/p>\n<p><strong>il sindaco Ezio Zuanel.<\/strong><\/p>\n<p>&nbsp;<\/p>\n<p>&nbsp;<\/p>\n<p>&nbsp;<\/p>\n<p><strong>ARTICOLO PRECEDENTE, INTERVISTA CITATA DAL SINDACO<\/strong><\/p>\n<blockquote class=\"wp-embedded-content\" data-secret=\"TvS1k5bfPR\"><p><a href=\"https:\/\/www.radiopiu.net\/wordpress\/non-tagliate-le-piante-anouska-lo-chiede-al-comune-dopo-un-incendio-tre-frane-e-anche-una-fuga-di-gas\/\">&#8220;NON TAGLIATE LE PIANTE&#8221;, ANOUSKA LO CHIEDE AL COMUNE DOPO UN INCENDIO, TRE FRANE E ANCHE UNA FUGA DI GAS<\/a><\/p><\/blockquote>\n<p><iframe loading=\"lazy\" class=\"wp-embedded-content\" sandbox=\"allow-scripts\" security=\"restricted\" style=\"position: absolute; clip: rect(1px, 1px, 1px, 1px);\" title=\"&#8220;&#8220;NON TAGLIATE LE PIANTE&#8221;, ANOUSKA LO CHIEDE AL COMUNE DOPO UN INCENDIO, TRE FRANE E ANCHE UNA FUGA DI GAS&#8221; &#8212; Radio Pi\u00f9\" src=\"https:\/\/www.radiopiu.net\/wordpress\/non-tagliate-le-piante-anouska-lo-chiede-al-comune-dopo-un-incendio-tre-frane-e-anche-una-fuga-di-gas\/embed\/#?secret=TvS1k5bfPR\" data-secret=\"TvS1k5bfPR\" width=\"600\" height=\"338\" frameborder=\"0\" marginwidth=\"0\" marginheight=\"0\" scrolling=\"no\"><\/iframe><\/p>\n<p>&nbsp;<\/p>\n<hr \/>\n<p>&nbsp;<\/p>\n<p>&nbsp;<\/p>\n<h3><span style=\"color: #ff0000;\">L&#8217;ENNESIMA RINASCITA<\/span><\/h3>\n<blockquote>\n<h3>IL COMUNE DI BELLUNO ACQUISTERA&#8217; GLI IMPIANTI NEL NEVEGAL, VIA LIBERA DAL CONSIGLIO COMUNALE<\/h3>\n<\/blockquote>\n<p><strong><a class=\"dt-pswp-item\" href=\"https:\/\/www.radiopiu.net\/wordpress\/wp-content\/uploads\/2020\/06\/be8b9967-cf21-4f23-8e42-b56b1c184d9b.jpg\" data-dt-img-description=\"\" data-large_image_width=\"2048\" data-large_image_height=\"1024\"><img loading=\"lazy\" decoding=\"async\" class=\"wp-image-147116 alignleft\" src=\"https:\/\/www.radiopiu.net\/wordpress\/wp-content\/uploads\/2020\/06\/be8b9967-cf21-4f23-8e42-b56b1c184d9b-300x150.jpg\" alt=\"\" width=\"176\" height=\"88\" srcset=\"https:\/\/www.radiopiu.net\/wordpress\/wp-content\/uploads\/2020\/06\/be8b9967-cf21-4f23-8e42-b56b1c184d9b-300x150.jpg 300w, https:\/\/www.radiopiu.net\/wordpress\/wp-content\/uploads\/2020\/06\/be8b9967-cf21-4f23-8e42-b56b1c184d9b-1024x512.jpg 1024w, https:\/\/www.radiopiu.net\/wordpress\/wp-content\/uploads\/2020\/06\/be8b9967-cf21-4f23-8e42-b56b1c184d9b-768x384.jpg 768w, https:\/\/www.radiopiu.net\/wordpress\/wp-content\/uploads\/2020\/06\/be8b9967-cf21-4f23-8e42-b56b1c184d9b-1536x768.jpg 1536w, https:\/\/www.radiopiu.net\/wordpress\/wp-content\/uploads\/2020\/06\/be8b9967-cf21-4f23-8e42-b56b1c184d9b.jpg 2048w\" sizes=\"auto, (max-width: 176px) 100vw, 176px\" \/><\/a>BELLUNO<\/strong><\/p>\n<p><strong>di MORENO GIOLI<\/strong><\/p>\n<audio class=\"wp-audio-shortcode\" id=\"audio-167981-6\" preload=\"none\" style=\"width: 100%;\" controls=\"controls\"><source type=\"audio\/mpeg\" src=\"https:\/\/www.radiopiu.net\/wordpress\/wp-content\/uploads\/2020\/10\/moreno-nevegal.mp3?_=6\" \/><a href=\"https:\/\/www.radiopiu.net\/wordpress\/wp-content\/uploads\/2020\/10\/moreno-nevegal.mp3\">https:\/\/www.radiopiu.net\/wordpress\/wp-content\/uploads\/2020\/10\/moreno-nevegal.mp3<\/a><\/audio>\n<p>&nbsp;<\/p>\n<hr \/>\n<p>&nbsp;<\/p>\n<blockquote class=\"wp-embedded-content\" data-secret=\"OPibEgRzTP\"><p><a href=\"https:\/\/www.radiopiu.net\/wordpress\/coronavirus-aggiornamento-nazionale-23-ottobre\/\">CORONAVIRUS: AGGIORNAMENTO NAZIONALE 23 OTTOBRE<\/a><\/p><\/blockquote>\n<p><iframe loading=\"lazy\" class=\"wp-embedded-content\" sandbox=\"allow-scripts\" security=\"restricted\" style=\"position: absolute; clip: rect(1px, 1px, 1px, 1px);\" title=\"&#8220;CORONAVIRUS: AGGIORNAMENTO NAZIONALE 23 OTTOBRE&#8221; &#8212; Radio Pi\u00f9\" src=\"https:\/\/www.radiopiu.net\/wordpress\/coronavirus-aggiornamento-nazionale-23-ottobre\/embed\/#?secret=OPibEgRzTP\" data-secret=\"OPibEgRzTP\" width=\"600\" height=\"338\" frameborder=\"0\" marginwidth=\"0\" marginheight=\"0\" scrolling=\"no\"><\/iframe><\/p>\n<p>&nbsp;<\/p>\n<hr \/>\n<p>&nbsp;<\/p>\n<blockquote class=\"wp-embedded-content\" data-secret=\"ZVcchSdYlb\"><p><a href=\"https:\/\/www.radiopiu.net\/wordpress\/in-24-ore-1437-nuovi-positivi-in-veneto-7-i-decessi-negli-ospedali-aumentano-i-ricoveri-20-ma-anche-i-soggetti-dimessi-34-a-belluno-70-nuove-positivita-e-un-decesso\/\">IN 24 ORE 1437 NUOVI POSITIVI IN VENETO, 7 I DECESSI. NEGLI OSPEDALI AUMENTANO I RICOVERI (+20) MA ANCHE I SOGGETTI DIMESSI (+34). A BELLUNO 70 NUOVE POSITIVIT\u00c0 E UN DECESSO<\/a><\/p><\/blockquote>\n<p><iframe loading=\"lazy\" class=\"wp-embedded-content\" sandbox=\"allow-scripts\" security=\"restricted\" style=\"position: absolute; clip: rect(1px, 1px, 1px, 1px);\" title=\"&#8220;IN 24 ORE 1437 NUOVI POSITIVI IN VENETO, 7 I DECESSI. NEGLI OSPEDALI AUMENTANO I RICOVERI (+20) MA ANCHE I SOGGETTI DIMESSI (+34). A BELLUNO 70 NUOVE POSITIVIT\u00c0 E UN DECESSO&#8221; &#8212; Radio Pi\u00f9\" src=\"https:\/\/www.radiopiu.net\/wordpress\/in-24-ore-1437-nuovi-positivi-in-veneto-7-i-decessi-negli-ospedali-aumentano-i-ricoveri-20-ma-anche-i-soggetti-dimessi-34-a-belluno-70-nuove-positivita-e-un-decesso\/embed\/#?secret=ZVcchSdYlb\" data-secret=\"ZVcchSdYlb\" width=\"600\" height=\"338\" frameborder=\"0\" marginwidth=\"0\" marginheight=\"0\" scrolling=\"no\"><\/iframe><\/p>\n<p>&nbsp;<\/p>\n<hr \/>\n<p>&nbsp;<\/p>\n<blockquote>\n<h3>I GRAFICI DI TIZIANO DE COL<\/h3>\n<\/blockquote>\n\n\t\t\t<style type='text\/css'>\n\t\t\t\t#gallery-3 {\n\t\t\t\t\tmargin: auto;\n\t\t\t\t}\n\t\t\t\t#gallery-3 .gallery-item {\n\t\t\t\t\tfloat: left;\n\t\t\t\t\tmargin-top: 10px;\n\t\t\t\t\ttext-align: center;\n\t\t\t\t\twidth: 50%;\n\t\t\t\t}\n\t\t\t\t#gallery-3 img {\n\t\t\t\t\tborder: 2px solid #cfcfcf;\n\t\t\t\t}\n\t\t\t\t#gallery-3 .gallery-caption {\n\t\t\t\t\tmargin-left: 0;\n\t\t\t\t}\n\t\t\t\t\/* see gallery_shortcode() in wp-includes\/media.php *\/\n\t\t\t<\/style>\n\t\t<div id='gallery-3' class='dt-gallery-container gallery galleryid-167981 gallery-columns-2 gallery-size-medium'><dl class='gallery-item'>\n\t\t\t\t<dt class='gallery-icon landscape'>\n\t\t\t\t\t<a class=\"rollover rollover-zoom dt-pswp-item\" title=\"016e8738-c033-4777-b497-c3bcac47f2a3\" data-dt-img-description=\"\" data-large_image_width=\"590\" data-large_image_height=\"333\"href='https:\/\/www.radiopiu.net\/wordpress\/wp-content\/uploads\/2020\/10\/016e8738-c033-4777-b497-c3bcac47f2a3.jpg'><img loading=\"lazy\" decoding=\"async\" width=\"300\" height=\"169\" src=\"https:\/\/www.radiopiu.net\/wordpress\/wp-content\/uploads\/2020\/10\/016e8738-c033-4777-b497-c3bcac47f2a3-300x169.jpg\" class=\"attachment-medium size-medium\" alt=\"\" srcset=\"https:\/\/www.radiopiu.net\/wordpress\/wp-content\/uploads\/2020\/10\/016e8738-c033-4777-b497-c3bcac47f2a3-300x169.jpg 300w, https:\/\/www.radiopiu.net\/wordpress\/wp-content\/uploads\/2020\/10\/016e8738-c033-4777-b497-c3bcac47f2a3.jpg 590w\" sizes=\"auto, (max-width: 300px) 100vw, 300px\" \/><\/a>\n\t\t\t\t<\/dt><\/dl><dl class='gallery-item'>\n\t\t\t\t<dt class='gallery-icon landscape'>\n\t\t\t\t\t<a class=\"rollover rollover-zoom dt-pswp-item\" title=\"befad9c2-b13f-4a2a-8c3e-18fcf6541895\" data-dt-img-description=\"\" data-large_image_width=\"798\" data-large_image_height=\"636\"href='https:\/\/www.radiopiu.net\/wordpress\/wp-content\/uploads\/2020\/10\/befad9c2-b13f-4a2a-8c3e-18fcf6541895.jpg'><img loading=\"lazy\" decoding=\"async\" width=\"300\" height=\"239\" src=\"https:\/\/www.radiopiu.net\/wordpress\/wp-content\/uploads\/2020\/10\/befad9c2-b13f-4a2a-8c3e-18fcf6541895-300x239.jpg\" class=\"attachment-medium size-medium\" alt=\"\" srcset=\"https:\/\/www.radiopiu.net\/wordpress\/wp-content\/uploads\/2020\/10\/befad9c2-b13f-4a2a-8c3e-18fcf6541895-300x239.jpg 300w, https:\/\/www.radiopiu.net\/wordpress\/wp-content\/uploads\/2020\/10\/befad9c2-b13f-4a2a-8c3e-18fcf6541895-768x612.jpg 768w, https:\/\/www.radiopiu.net\/wordpress\/wp-content\/uploads\/2020\/10\/befad9c2-b13f-4a2a-8c3e-18fcf6541895.jpg 798w\" sizes=\"auto, (max-width: 300px) 100vw, 300px\" \/><\/a>\n\t\t\t\t<\/dt><\/dl><br style=\"clear: both\" \/>\n\t\t\t<\/div>\n\n<p>&nbsp;<\/p>\n<hr \/>\n<p>&nbsp;<\/p>\n<p>&nbsp;<\/p>\n<blockquote>\n<h3>SONO 600 I PAZIENTI IN OSPEDALE, LA CURVA DEI RICOVERI IN TERAPIA INTENSIVA CRESCE MA NON COME A MARZO. CONFERENZA STAMPA DI LUCA ZAIA<\/h3>\n<\/blockquote>\n<h3>LEGGI LA CONFERENZA STAMPA DI LUCA ZAIA<\/h3>\n<p><em>&#8220;Test rapidi: faccio un appello ai medici\u00a0 perch\u00e9 aderiscano, sarebbe un grande aiuto&#8221;. App di bioserveglianza <\/em>\u00a0per chi \u00e8 positivo o in isolamento, serve un passaggio istituzionale (privacy). <em>&#8220;Abbiamo chiesto al ministro di dare alle Regioni la facolt\u00e0 di introdurne l&#8217;uso&#8221;<\/em><\/p>\n<p>Oggi videoconferenza con i direttori delle Ulss del Veneto,\u00a0 siamo preoccupati che vi sia una crisi ospedaliera. Stiamo valutando di creare punti di accesso rapido per ogni Ulss, uno almeno per provincia dove testare coloro che sono entrati in contatto con postiivi.\u00a0Al ministro Speranza inoltrata la richiesta di rivedere il piano di Sanit\u00e0 pubblica servono misure pi\u00f9 performanti. Sta per arrivare l&#8217;esercito,\u00a0 200 squadre\u00a0 per fare drive-in, in Veneto ne attendiamo 20 per testare i cittadini.\u00a0 Su 3500 medici di base, oltre 600 stanno facendo gratuitamente la somministrazione di tamponi rapidi ai propri assistiti.<br \/>\nL&#8217;ordinanza \u00e8 pronta ma non la presentiamo perch\u00e9 siamo ancora in fase di semaforo arancione ma anche perch\u00e9 pare che nel fine settimana il Governo proponga nuove misure, vorremmo evitare per essere corretti e per evitare confusione di attendere le novit\u00e0 che arrivano da Roma.\u00a0 Dei 700mila studenti in Veneto sono 697 le situazioni scolastiche con almeno un caso,\u00a0 835\u00a0 studenti positivi cio\u00e8 lo\u00a0 0,12% del totale. In quarantena\u00a0 6.551 studenti. Insegnati e personale non decente: 167 positivi su 95mila\u00a0 cio\u00e8 lo 0,17%.<\/p>\n<p>&nbsp;<\/p>\n<p>https:\/\/www.facebook.com\/zaiaufficiale\/videos\/714081196122099\/<\/p>\n<p class=\"western\">La situazione nelle scuole del Veneto, per monitorare la quale la Regione ha presentato oggi un nuovo report, rimane ancora positiva, anche se in crescita numerica. In generale, in Veneto, i contagi stanno salendo (1.426 quelli nelle ultime 24 ore), ma con una curva decisamente pi\u00f9 piatta rispetto al marzo scorso. Tra le persone attualmente in isolamento domiciliare (circa 14.000), la percentuale di pazienti sintomatici resta bassa, pari al 3,03%<\/p>\n<p class=\"western\">Pronta a partire in Veneto anche l\u2019App di biosorveglianza grazie alla quale le persone in isolamento domiciliare potranno facilmente comunicare il loro stato di salute, senza la necessit\u00e0 delle oramai molte migliaia di telefonate da fare quotidianamente secondo i canoni della tradizionale sorveglianza attiva (anche qui esiste un limite massimo umanamente possibile)<\/p>\n<p>&nbsp;<\/p>\n<p>&nbsp;<\/p>\n<hr \/>\n<p>&nbsp;<\/p>\n<blockquote>\n<h3>VACCINAZIONI SOLO PER MAIL, SOSPESO IL NUMERO DI TELEFONO<\/h3>\n<\/blockquote>\n<p><strong><a class=\"dt-pswp-item\" href=\"https:\/\/www.radiopiu.net\/wordpress\/wp-content\/uploads\/2020\/10\/sospensione-linea-telefonica.jpg\" data-dt-img-description=\"\" data-large_image_width=\"800\" data-large_image_height=\"532\"><img loading=\"lazy\" decoding=\"async\" class=\" wp-image-167842 alignleft\" src=\"https:\/\/www.radiopiu.net\/wordpress\/wp-content\/uploads\/2020\/10\/sospensione-linea-telefonica-300x200.jpg\" alt=\"\" width=\"218\" height=\"145\" srcset=\"https:\/\/www.radiopiu.net\/wordpress\/wp-content\/uploads\/2020\/10\/sospensione-linea-telefonica-300x200.jpg 300w, https:\/\/www.radiopiu.net\/wordpress\/wp-content\/uploads\/2020\/10\/sospensione-linea-telefonica-768x511.jpg 768w, https:\/\/www.radiopiu.net\/wordpress\/wp-content\/uploads\/2020\/10\/sospensione-linea-telefonica.jpg 800w\" sizes=\"auto, (max-width: 218px) 100vw, 218px\" \/><\/a>BELLUNO<\/strong> Anche questo \u00e8 un effetto dell&#8217;emergenza covid, sospeso il numero di telefono per le prenotazioni delle vaccinazioni, si pu\u00f2 accedere alle strutture della Ulss Dolomiti dopo aver inviato una mail con evidenti difficolt\u00e0 per la popolazione anziana, pi\u00f9 debole, che non dispone di computer o telefono smart.<\/p>\n<p align=\"CENTER\"><span style=\"font-size: large;\"><b>Casella di posta elettronica per informazioni e prenotazioni di vaccinazioni<\/b><\/span><\/p>\n<p><span style=\"font-size: large;\">\u00a0Per informazioni o prenotazione di vaccinazioni (TBE, antinfluenzale etc) si invita la cittadinanza a mandare una mail a <a href=\"mailto:vaccinazioni.bl@aulss1.veneto.it\">vaccinazioni.bl@aulss1.veneto.it<\/a>. <\/span><span style=\"font-size: large;\">Da oggi, il numero dedicato 0437\/514333 sar\u00e0 sospeso per potenziare l\u2019unit\u00e0 di crisi Covid.<\/span><\/p>\n<h3><\/h3>\n<hr \/>\n<p>&nbsp;<\/p>\n<blockquote>\n<h3>MONITORAGGIO CASI A SCUOLA E GESTIONE DEI CONTATTI SCOLASTICI<\/h3>\n<\/blockquote>\n<p><strong><img loading=\"lazy\" decoding=\"async\" class=\"alignleft\" src=\"https:\/\/www.radiopiu.net\/wordpress\/wp-content\/uploads\/2020\/06\/primo-piano-gli-studenti-che-scrivono-e-leggono-gli-fogli-di-risposta-degli-esami-di-esercitazione-in-aula-della-scuola-con-lo-stress_73622-858.jpg\" width=\"194\" height=\"129\" \/>VENEZIA<\/strong> Sono 697 i plessi scolastici in Veneto con almeno 1 caso di covid19, 835 i bambini\/ragazzi\u00a0 positivi, 6551 in quarantena. Positivi 167 docenti, 1292 in quarantena. Percentualmente i numeri sono ancora bassi, 0,12% di positivi tra gli studenti (0,93% in quarantena), 0,17% tra il personale docente, 1,35% in quarantena. Rispetto ad una settimana fa 388 scuole in pi\u00f9 con almeno un caso covid, raddoppiato invece il numero di studenti positivi, il 16 ottobre erano 412,\u00a0 due volte e mezza il numero dei casi da quarantena. Tra i docenti raddoppiati di casi positivi,\u00a0 quasi quadruplicato il numero delle persone in quarantena.<\/p>\n<a href=\"https:\/\/www.radiopiu.net\/wordpress\/wp-content\/uploads\/2020\/10\/MONITORAGGIO-CASI-A-SCUOLA-E-GESTIONE-DEI-CONTATTI-Documenti-Google.pdf\" class=\"pdfemb-viewer\" style=\"\" data-width=\"max\" data-height=\"max\" data-toolbar=\"top\" data-toolbar-fixed=\"on\">MONITORAGGIO CASI A SCUOLA E GESTIONE DEI CONTATTI - Documenti Google<\/a>\n<p>&nbsp;<\/p>\n<p>&nbsp;<\/p>\n<hr \/>\n<blockquote>\n<h3><\/h3>\n<h3>TAIBOTRASPORTI: IN CORSO LA VERIFICA TRA DOLOMITIBUS E DIRIGENTI DELLA SCUOLA<\/h3>\n<\/blockquote>\n<blockquote><p><em>&#8220;L\u2019attenzione verso gli studenti \u00e8 sempre altissima, come \u00e8 massima l\u2019attenzione dell\u2019azienda per garantire il trasporto in sicurezza&#8221;<\/em><\/p><\/blockquote>\n<p><strong><a class=\"dt-pswp-item\" href=\"https:\/\/www.radiopiu.net\/wordpress\/wp-content\/uploads\/2019\/01\/download-2.jpg\" data-dt-img-description=\"\" data-large_image_width=\"183\" data-large_image_height=\"276\"><img loading=\"lazy\" decoding=\"async\" class=\" wp-image-71362 alignleft\" src=\"https:\/\/www.radiopiu.net\/wordpress\/wp-content\/uploads\/2019\/01\/download-2.jpg\" alt=\"\" width=\"102\" height=\"153\" \/><\/a>BELLUNO<\/strong> Il consigliere provinciale Dario Scopel (foto) \u00e8 sul pezzo, quello del trasporto pubblico locale e in queste ore ha chiesto a\u00a0 Dolomitibus di verificare puntualmente con le scuole e i presidi le esigenze dei singoli istituti alla luce del nuovo Dpcm. <em>&#8220;Non appena avremo i dati precisi, potremo costruire eventuali aggiustamenti nel servizio&#8221;<\/em>. assicura il consigliere provinciale con delega ai trasporti. Di fatto, l\u2019azienda di trasporto pubblico locale incontrer\u00e0 i dirigenti scolastici e verificher\u00e0 se rispetto a qualche settimana fa sono cambiate le necessit\u00e0 dei trasporti. <em>\u00abIn particolare, verr\u00e0 valutato se i presidi dovranno adeguarsi agli ingressi scaglionati, a partire dalle 9, come indicato nell\u2019ultimo Dpcm. Al momento pare non sia necessario, in quanto l\u2019ingresso ritardato dovrebbe essere previsto solo in casi eccezionali&#8221;.<\/em> Questo anche sulla scorta della nota ministeriale ma per avere un quadro preciso prima vanno sentite le singole realt\u00e0 scolastiche.<em> &#8220;Solo dopo questo passaggio &#8211; dice Scopel &#8211;\u00a0 potranno eventualmente essere ridefinite alcune corse e alcune parti del servizio&#8221;. <\/em>Un passaggio\u00a0 \u00a0fortemente richiesto dalla Provincia per capire se\u00a0 ci sono eventuali criticit\u00e0. In pi\u00f9, il dialogo tra Dolomitibus e presidi\u00a0 consente anche di tarare meglio il servizio, laddove necessario.<\/p>\n<p>&nbsp;<\/p>\n<hr \/>\n<p>&nbsp;<\/p>\n<blockquote>\n<h3>OSTACOLI AL VOLO I PROGETTI PER ABBATTERE IL RISCHIO IN MONTAGNA<\/h3>\n<h3><\/h3>\n<div style=\"width: 848px;\" class=\"wp-video\"><video class=\"wp-video-shortcode\" id=\"video-167981-2\" width=\"848\" height=\"480\" preload=\"metadata\" controls=\"controls\"><source type=\"video\/mp4\" src=\"https:\/\/www.radiopiu.net\/wordpress\/wp-content\/uploads\/2020\/10\/WhatsApp-Video-2020-10-23-at-15.08.02.mp4?_=2\" \/><a href=\"https:\/\/www.radiopiu.net\/wordpress\/wp-content\/uploads\/2020\/10\/WhatsApp-Video-2020-10-23-at-15.08.02.mp4\">https:\/\/www.radiopiu.net\/wordpress\/wp-content\/uploads\/2020\/10\/WhatsApp-Video-2020-10-23-at-15.08.02.mp4<\/a><\/video><\/div>\n<h3><\/h3>\n<\/blockquote>\n<p><strong>BELLUNO<\/strong>\u00a0 La Provincia\u00a0 coordiner\u00e0 un nuovo progetto di mappatura e la segnalazione degli ostacoli al volo. Con un sistema innovativo di palette catarifrangenti installate sui cavi delle teleferiche tramite un drone, ideato dall\u2019associazione-comitato \u201cFalco senza ostacoli\u201d, nato proprio per evitare tragedie come quella occorsa all\u2019equipaggio dell\u2019elisoccorso caduto a Rio Gere undici anni fa.\u00a0 \u00a0Il sistema di installazione con drone \u00e8 stato testato nella zona del Cinque Torri (a Cortina), con esito positivo. Il progetto prevede l\u2019installazione di particolari palette segnaletiche di tecnologia svedese su tutti i cavi posizionati a un\u2019altezza inferiore ai 60 metri . Si tratta di strumenti rifrangenti e fotoluminescenti, ben individuabili cio\u00e8 anche con visori notturni. Se la Sovrintendenza lo permetter\u00e0 saranno installati a tappeto.\u00a0 Il cronoprogramma di massima conta la convocazione del tavolo da parte della Provincia e l\u2019avvio dell\u2019iter progettuale entro fine anno.<\/p>\n<blockquote><p><em> \u00abSe tutto andr\u00e0 per il verso giusto, l\u2019installazione dovrebbe avvenire la prossima primavera &#8211; dice il consigliere provinciale Massimo Bortoluzzi -. Crediamo sia doveroso procedere, per mettere in sicurezza tutte le linee non segnalate e i possibili ostacoli al volo. Solo cos\u00ec si abbattono i rischi di intervento in montagna&#8221;.<\/em><\/p><\/blockquote>\n\n\t\t\t<style type='text\/css'>\n\t\t\t\t#gallery-4 {\n\t\t\t\t\tmargin: auto;\n\t\t\t\t}\n\t\t\t\t#gallery-4 .gallery-item {\n\t\t\t\t\tfloat: left;\n\t\t\t\t\tmargin-top: 10px;\n\t\t\t\t\ttext-align: center;\n\t\t\t\t\twidth: 25%;\n\t\t\t\t}\n\t\t\t\t#gallery-4 img {\n\t\t\t\t\tborder: 2px solid #cfcfcf;\n\t\t\t\t}\n\t\t\t\t#gallery-4 .gallery-caption {\n\t\t\t\t\tmargin-left: 0;\n\t\t\t\t}\n\t\t\t\t\/* see gallery_shortcode() in wp-includes\/media.php *\/\n\t\t\t<\/style>\n\t\t<div id='gallery-4' class='dt-gallery-container gallery galleryid-167981 gallery-columns-4 gallery-size-thumbnail'><dl class='gallery-item'>\n\t\t\t\t<dt class='gallery-icon portrait'>\n\t\t\t\t\t<a class=\"rollover\" href='https:\/\/www.radiopiu.net\/wordpress\/ostacoli-al-volo-i-progetti-per-abbattere-il-rischio-in-montagna\/cartello-segnalatore\/'><img loading=\"lazy\" decoding=\"async\" width=\"150\" height=\"150\" src=\"https:\/\/www.radiopiu.net\/wordpress\/wp-content\/uploads\/2020\/10\/cartello-segnalatore-150x150.jpeg\" class=\"attachment-thumbnail size-thumbnail\" alt=\"\" \/><\/a>\n\t\t\t\t<\/dt><\/dl><dl class='gallery-item'>\n\t\t\t\t<dt class='gallery-icon landscape'>\n\t\t\t\t\t<a class=\"rollover\" href='https:\/\/www.radiopiu.net\/wordpress\/ostacoli-al-volo-i-progetti-per-abbattere-il-rischio-in-montagna\/drone\/'><img loading=\"lazy\" decoding=\"async\" width=\"150\" height=\"150\" src=\"https:\/\/www.radiopiu.net\/wordpress\/wp-content\/uploads\/2020\/10\/Drone-150x150.jpeg\" class=\"attachment-thumbnail size-thumbnail\" alt=\"\" \/><\/a>\n\t\t\t\t<\/dt><\/dl><dl class='gallery-item'>\n\t\t\t\t<dt class='gallery-icon landscape'>\n\t\t\t\t\t<a class=\"rollover\" href='https:\/\/www.radiopiu.net\/wordpress\/ostacoli-al-volo-i-progetti-per-abbattere-il-rischio-in-montagna\/drone-1\/'><img loading=\"lazy\" decoding=\"async\" width=\"150\" height=\"150\" src=\"https:\/\/www.radiopiu.net\/wordpress\/wp-content\/uploads\/2020\/10\/drone-1-150x150.jpeg\" class=\"attachment-thumbnail size-thumbnail\" alt=\"\" \/><\/a>\n\t\t\t\t<\/dt><\/dl><dl class='gallery-item'>\n\t\t\t\t<dt class='gallery-icon landscape'>\n\t\t\t\t\t<a class=\"rollover\" href='https:\/\/www.radiopiu.net\/wordpress\/ostacoli-al-volo-i-progetti-per-abbattere-il-rischio-in-montagna\/cartello-segnalatore-1\/'><img loading=\"lazy\" decoding=\"async\" width=\"150\" height=\"150\" src=\"https:\/\/www.radiopiu.net\/wordpress\/wp-content\/uploads\/2020\/10\/Cartello-segnalatore-1-150x150.jpeg\" class=\"attachment-thumbnail size-thumbnail\" alt=\"\" \/><\/a>\n\t\t\t\t<\/dt><\/dl><br style=\"clear: both\" \/>\n\t\t\t<\/div>\n\n<p>&nbsp;<\/p>\n<hr \/>\n<p>&nbsp;<\/p>\n<blockquote>\n<h3>\u00a0OLTRE ALL\u2019ECONOMIA GOVERNO DISTRUGGE ANCHE SPERANZA E GIOIA<\/h3>\n<p><strong><span style=\"color: #ff0000;\">Salta Riva Nadal a Rivamonte<\/span><\/strong><\/p><\/blockquote>\n<p>\u201cSe i mercati settimanali sulle piazze sono consentiti, perch\u00e9 non si d\u00e0 la stessa possibilit\u00e0 ai mercatini di Natale prevedendo le medesime misure anti contagio?\u00a0 Cos\u00ec, in una nota, il deputato di Forza Italia Dario Bond.<\/p>\n<p><strong>AUDIO<\/strong><\/p>\n<audio class=\"wp-audio-shortcode\" id=\"audio-167981-7\" preload=\"none\" style=\"width: 100%;\" controls=\"controls\"><source type=\"audio\/mpeg\" src=\"https:\/\/www.radiopiu.net\/wordpress\/wp-content\/uploads\/2020\/10\/bond-2.mp3?_=7\" \/><a href=\"https:\/\/www.radiopiu.net\/wordpress\/wp-content\/uploads\/2020\/10\/bond-2.mp3\">https:\/\/www.radiopiu.net\/wordpress\/wp-content\/uploads\/2020\/10\/bond-2.mp3<\/a><\/audio>\n\n\t\t\t<style type='text\/css'>\n\t\t\t\t#gallery-5 {\n\t\t\t\t\tmargin: auto;\n\t\t\t\t}\n\t\t\t\t#gallery-5 .gallery-item {\n\t\t\t\t\tfloat: left;\n\t\t\t\t\tmargin-top: 10px;\n\t\t\t\t\ttext-align: center;\n\t\t\t\t\twidth: 25%;\n\t\t\t\t}\n\t\t\t\t#gallery-5 img {\n\t\t\t\t\tborder: 2px solid #cfcfcf;\n\t\t\t\t}\n\t\t\t\t#gallery-5 .gallery-caption {\n\t\t\t\t\tmargin-left: 0;\n\t\t\t\t}\n\t\t\t\t\/* see gallery_shortcode() in wp-includes\/media.php *\/\n\t\t\t<\/style>\n\t\t<div id='gallery-5' class='dt-gallery-container gallery galleryid-167981 gallery-columns-4 gallery-size-thumbnail'><dl class='gallery-item'>\n\t\t\t\t<dt class='gallery-icon portrait'>\n\t\t\t\t\t<a class=\"rollover\" href='https:\/\/www.radiopiu.net\/wordpress\/rivanadal-2019-le-foto-i-video-e-tanti-complimenti-ai-promotori-dellevento-agordino\/whatsapp-image-2019-12-15-at-15-50-55\/'><img loading=\"lazy\" decoding=\"async\" width=\"150\" height=\"150\" src=\"https:\/\/www.radiopiu.net\/wordpress\/wp-content\/uploads\/2019\/12\/WhatsApp-Image-2019-12-15-at-15.50.55-150x150.jpeg\" class=\"attachment-thumbnail size-thumbnail\" alt=\"\" \/><\/a>\n\t\t\t\t<\/dt><\/dl><dl class='gallery-item'>\n\t\t\t\t<dt class='gallery-icon portrait'>\n\t\t\t\t\t<a class=\"rollover\" href='https:\/\/www.radiopiu.net\/wordpress\/rivanadal-2019-le-foto-i-video-e-tanti-complimenti-ai-promotori-dellevento-agordino\/whatsapp-image-2019-12-15-at-15-52-27\/'><img loading=\"lazy\" decoding=\"async\" width=\"150\" height=\"150\" src=\"https:\/\/www.radiopiu.net\/wordpress\/wp-content\/uploads\/2019\/12\/WhatsApp-Image-2019-12-15-at-15.52.27-150x150.jpeg\" class=\"attachment-thumbnail size-thumbnail\" alt=\"\" \/><\/a>\n\t\t\t\t<\/dt><\/dl><dl class='gallery-item'>\n\t\t\t\t<dt class='gallery-icon portrait'>\n\t\t\t\t\t<a class=\"rollover\" href='https:\/\/www.radiopiu.net\/wordpress\/rivanadal-2019-le-foto-i-video-e-tanti-complimenti-ai-promotori-dellevento-agordino\/whatsapp-image-2019-12-15-at-15-52-32\/'><img loading=\"lazy\" decoding=\"async\" width=\"150\" height=\"150\" src=\"https:\/\/www.radiopiu.net\/wordpress\/wp-content\/uploads\/2019\/12\/WhatsApp-Image-2019-12-15-at-15.52.32-150x150.jpeg\" class=\"attachment-thumbnail size-thumbnail\" alt=\"\" \/><\/a>\n\t\t\t\t<\/dt><\/dl><dl class='gallery-item'>\n\t\t\t\t<dt class='gallery-icon landscape'>\n\t\t\t\t\t<a class=\"rollover\" href='https:\/\/www.radiopiu.net\/wordpress\/rivanadal-2019-le-foto-i-video-e-tanti-complimenti-ai-promotori-dellevento-agordino\/whatsapp-image-2019-12-15-at-15-57-59\/'><img loading=\"lazy\" decoding=\"async\" width=\"150\" height=\"150\" src=\"https:\/\/www.radiopiu.net\/wordpress\/wp-content\/uploads\/2019\/12\/WhatsApp-Image-2019-12-15-at-15.57.59-150x150.jpeg\" class=\"attachment-thumbnail size-thumbnail\" alt=\"\" srcset=\"https:\/\/www.radiopiu.net\/wordpress\/wp-content\/uploads\/2019\/12\/WhatsApp-Image-2019-12-15-at-15.57.59-150x150.jpeg 150w, https:\/\/www.radiopiu.net\/wordpress\/wp-content\/uploads\/2019\/12\/WhatsApp-Image-2019-12-15-at-15.57.59-300x300.jpeg 300w, https:\/\/www.radiopiu.net\/wordpress\/wp-content\/uploads\/2019\/12\/WhatsApp-Image-2019-12-15-at-15.57.59-1024x1024.jpeg 1024w, https:\/\/www.radiopiu.net\/wordpress\/wp-content\/uploads\/2019\/12\/WhatsApp-Image-2019-12-15-at-15.57.59-768x768.jpeg 768w, https:\/\/www.radiopiu.net\/wordpress\/wp-content\/uploads\/2019\/12\/WhatsApp-Image-2019-12-15-at-15.57.59-1536x1536.jpeg 1536w, https:\/\/www.radiopiu.net\/wordpress\/wp-content\/uploads\/2019\/12\/WhatsApp-Image-2019-12-15-at-15.57.59.jpeg 1599w\" sizes=\"auto, (max-width: 150px) 100vw, 150px\" \/><\/a>\n\t\t\t\t<\/dt><\/dl><br style=\"clear: both\" \/>\n\t\t\t<\/div>\n\n<p>&nbsp;<\/p>\n<p>&nbsp;<\/p>\n<hr \/>\n<blockquote>\n<h3><\/h3>\n<h3>INDISPENSABILE UN ACCORDO BILATERALE ITALIA-GERMANIA SUI TEST COVID PER FACILITARE I FLUSSI TURISTICI<\/h3>\n<\/blockquote>\n<p><strong> VENEZIA\u00a0<\/strong> Prevedere l\u2019effettuazione di test Covid per evitare la quarantena ai turisti tedeschi che rientrano in patria dopo una vacanza in Italia. A proporlo \u00e8 l\u2019assessore veneto al turismo, Federico Caner, ribadendo la richiesta avanzata ieri in sede di Conferenza Stato-Regioni ai Ministeri degli esteri e della salute affinch\u00e9 il governo italiano si accordi con quello tedesco per rendere pi\u00f9 agevoli e ugualmente sicuri i flussi turistici, ma anche quelli commerciali e industriali, tra i due Paesi.<em> \u201cHo gi\u00e0 espresso in Conferenza Stato-Regioni \u2013 spiega Caner \u2013 il mio pieno sostegno alla soluzione proposta dal presidente della Provincia Autonoma di Bolzano, Arno Kompatscher, di sottoscrizione di un accordo bilaterale che consenta di superare l\u2019obbligo della quarantena attraverso l\u2019effettuazione di un test PCR che certifichi la negativit\u00e0. Ma auspico anche che i test PCR, che richiedono tempi pi\u00f9 lunghi di lavorazione, possano essere sostituiti dai test rapidi di ricerca dell\u2019antigene, gi\u00e0 oggi effettuati in numerose circostanze, al fine di rendere meno problematico il ritorno in patria di chi rientra da una vacanza o da un viaggio di lavoro nelle Regioni italiane\u201d.<\/em><\/p>\n<p>&nbsp;<\/p>\n<hr \/>\n<p>&nbsp;<\/p>\n<p>&nbsp;<\/p>\n<blockquote>\n<h3>RINNOVO DEL CONTRATTO DELL&#8217;OCCHIALERIA<\/h3>\n<\/blockquote>\n<p><strong><img loading=\"lazy\" decoding=\"async\" class=\"alignleft\" src=\"https:\/\/www.radiopiu.net\/wordpress\/wp-content\/uploads\/2020\/06\/6df11ecc-dded-4ddc-8dc8-606fa9c74555.jpg\" width=\"196\" height=\"147\" \/>AGORDO<\/strong> Si \u00e8 svolto in video conferenza un incontro tra le parti sindacali e azienda\u00a0 per il rinnovo del contratto nazionale di lavoro. Sono state evidenziate le osservazioni emerse durante la riunione delle delegazione sindacale unitarie circa le modifiche al contratto, ferie, flessibilit\u00e0 dell&#8217;orario di lavoro e gestione della quinta settimana di ferie. La triplice (Cgil-Cisl-Uil) ha proposto di intervenire a valle di un monitoraggio e di uno studio condiviso tra le parti all&#8217;interno dell&#8217;osservatorio di settore attraverso il finanziamento dell&#8217;ente bilaterale da svolgere durante la vigenza del contratto in fase di rinnovo. La controparte ha ribadito la necessit\u00e0 di trovare un accordo complessivo su tutti i temi partendo dalle loro disponibilit\u00e0 alle richieste sindacali, richieste di modifica di alcuni temi normativi. E&#8217; stata comunque ribadita la fase di assoluta difficolt\u00e0 in cui versano tutte le aziende del settore. Il prossimo 3 novembre \u00e8 previsto un nuovo incontro.<\/p>\n<p>&nbsp;<\/p>\n<p>&nbsp;<\/p>\n<p>&nbsp;<\/p>\n<hr \/>\n<blockquote>\n<h3>O&#8217;BELLX A MALGA CIAPELA, IL PARERE DELL&#8217;ARPAV<\/h3>\n<\/blockquote>\n<p><span id=\"parent-fieldname-description\" class=\"\"><strong>ROCCA PIETORE<\/strong> Si \u00e8 svolta la verifica funzionale dei sistemi di difesa dalle valanghe che interessano la zona della sciovia \u201cArei2\u201d e del campo scuola a Rocca Pietore. I tecnici Arpav del Centro Valanghe di Arabba hanno verificato gli interventi realizzati per la messa in sicurezza da pericolo valanghe delle aree degli impianti sciistici di Malga Ciapela, nel rispetto della normativa prevista per la realizzazione di comprensori sciistici che attribuisce all&#8217;Agenzia questo compito. <\/span>Le opere sottoposte a verifica consistono in un vallo con terrapieno in terre armate della lunghezza di 180 metri e un\u2019altezza di 7 metri e in cinque esploditori tipo O\u2019BellX per il distacco artificiale delle masse nevose instabili. Gli O\u2019BellX, posizionati nelle zone di possibile distacco delle valanghe, vengono gestiti a distanza e in sicurezza. La deflagrazione avviene per innesco elettrico radiocomandato di una carica gassosa di idrogeno e ossigeno.Le procedure operative della sicurezza dalle valanghe sono contenute in specifici allegati progettuali, approvati dagli organi amministrativi di competenza, che contengono le fasi operative, i parametri nivologoci di intervento e i nominativi del personale specializzato che opera per la messa in sicurezza. L&#8217;attivazione degli O\u2019BellX generalmente si basa sul raggiungimento di valori soglia di neve fresca.<\/p>\n\n\t\t\t<style type='text\/css'>\n\t\t\t\t#gallery-6 {\n\t\t\t\t\tmargin: auto;\n\t\t\t\t}\n\t\t\t\t#gallery-6 .gallery-item {\n\t\t\t\t\tfloat: left;\n\t\t\t\t\tmargin-top: 10px;\n\t\t\t\t\ttext-align: center;\n\t\t\t\t\twidth: 33%;\n\t\t\t\t}\n\t\t\t\t#gallery-6 img {\n\t\t\t\t\tborder: 2px solid #cfcfcf;\n\t\t\t\t}\n\t\t\t\t#gallery-6 .gallery-caption {\n\t\t\t\t\tmargin-left: 0;\n\t\t\t\t}\n\t\t\t\t\/* see gallery_shortcode() in wp-includes\/media.php *\/\n\t\t\t<\/style>\n\t\t<div id='gallery-6' class='dt-gallery-container gallery galleryid-167981 gallery-columns-3 gallery-size-medium'><dl class='gallery-item'>\n\t\t\t\t<dt class='gallery-icon portrait'>\n\t\t\t\t\t<a class=\"rollover\" href='https:\/\/www.radiopiu.net\/wordpress\/obellx-a-malga-ciapela-il-parere-dellarpav\/obllex\/'><img loading=\"lazy\" decoding=\"async\" width=\"225\" height=\"300\" src=\"https:\/\/www.radiopiu.net\/wordpress\/wp-content\/uploads\/2020\/10\/OBLLEX-225x300.jpg\" class=\"attachment-medium size-medium\" alt=\"\" srcset=\"https:\/\/www.radiopiu.net\/wordpress\/wp-content\/uploads\/2020\/10\/OBLLEX-225x300.jpg 225w, https:\/\/www.radiopiu.net\/wordpress\/wp-content\/uploads\/2020\/10\/OBLLEX.jpg 300w\" sizes=\"auto, (max-width: 225px) 100vw, 225px\" \/><\/a>\n\t\t\t\t<\/dt><\/dl><dl class='gallery-item'>\n\t\t\t\t<dt class='gallery-icon landscape'>\n\t\t\t\t\t<a class=\"rollover\" href='https:\/\/www.radiopiu.net\/wordpress\/obellx-a-malga-ciapela-il-parere-dellarpav\/terrapieno_contenimento-valanghe\/'><img loading=\"lazy\" decoding=\"async\" width=\"300\" height=\"225\" src=\"https:\/\/www.radiopiu.net\/wordpress\/wp-content\/uploads\/2020\/10\/Terrapieno_contenimento-valanghe-300x225.jpg\" class=\"attachment-medium size-medium\" alt=\"\" srcset=\"https:\/\/www.radiopiu.net\/wordpress\/wp-content\/uploads\/2020\/10\/Terrapieno_contenimento-valanghe-300x225.jpg 300w, https:\/\/www.radiopiu.net\/wordpress\/wp-content\/uploads\/2020\/10\/Terrapieno_contenimento-valanghe.jpg 400w\" sizes=\"auto, (max-width: 300px) 100vw, 300px\" \/><\/a>\n\t\t\t\t<\/dt><\/dl>\n\t\t\t\t<br style='clear: both' \/>\n\t\t\t<\/div>\n\n<p>&nbsp;<\/p>\n<blockquote><p>&nbsp;<\/p><\/blockquote>\n<hr \/>\n<blockquote>\n<h2>TAIBON, IL COMUNE PIU&#8217; &#8220;RICICLONE DELL&#8217;AGORDINO&#8221;<\/h2>\n<\/blockquote>\n<div class=\"span10\">\n<blockquote>\n<h5><em>Dal 1994 Comuni Ricicloni premia l&#8217;eccellenza di comunit\u00e0 locali, amministrazioni pubbliche e cittadini che hanno ottenuto i migliori risultati nella raccolta e gestione dei rifiuti.<\/em><\/h5>\n<\/blockquote>\n<div class=\"span2\"><strong><img loading=\"lazy\" decoding=\"async\" class=\"alignleft\" src=\"https:\/\/www.radiopiu.net\/wordpress\/wp-content\/uploads\/2015\/12\/rifiuti-discarica.jpg\" width=\"200\" height=\"133\" \/>ROMA<\/strong> Sono stati presentati ieri\u00a0 i risultati del concorso <strong>Comuni Ricicloni 2020 <\/strong>come di\u00a0 consueto a <strong>Roma<\/strong>, presso il Nazionale Spazio Eventi di via Palermo. La classifica permette di\u00a0 conoscere lo stato della raccolta differenziata in Italia. Per quanto riguarda la Provincia di Belluno primeggia Ponte Nella Alpi con poco pi\u00f9 di 36 chilogrammi di rifiuto secco per abitante, Taibon\u00a0 \u00e8 il primo Comune dell&#8217;Agordino e ben 5 Comuni della Vallata entrano nella top ten. Il Veneto\u00a0 anche quest&#8217;anno \u00e8 la\u00a0 Regione con il numero pi\u00f9 elevato di Comuni rifiuti free (168) davanti a\u00a0 Trentino-Alto Adige\u00a0 (78) e\u00a0 Friuli-Venezia Giulia (48)<\/div>\n<div><\/div>\n<\/div>\n<div class=\"span4\">\n<p>Comuni Ricicloni \u00e8 un&#8217;iniziativa di Legambiente con il patrocinio del Ministero dell&#8217;Ambiente e della Tutela del Territorio e del Mare. <a href=\"http:\/\/www.conai.org\/\" target=\"_blank\" rel=\"noopener noreferrer\">Conai<\/a>,\u00a0<a href=\"http:\/\/www.assoambiente.org\/\" target=\"_blank\" rel=\"noopener noreferrer\">Fise Assoambiente<\/a>,\u00a0 <a href=\"http:\/\/www.cial.it\/\" target=\"_blank\" rel=\"noopener noreferrer\">CiAl<\/a>,\u00a0 <a href=\"http:\/\/www.comieco.org\/\" target=\"_blank\" rel=\"noopener noreferrer\">Comieco<\/a>,\u00a0 <a href=\"http:\/\/www.corepla.it\/\" target=\"_blank\" rel=\"noopener noreferrer\">CoRePla<\/a>,\u00a0 <a href=\"http:\/\/www.coreve.it\/showPage.php?template=homepage\" target=\"_blank\" rel=\"noopener noreferrer\">CoReVe<\/a>,\u00a0<a href=\"http:\/\/www.consorzioricrea.org\/\" target=\"_blank\" rel=\"noopener noreferrer\">Ricrea<\/a>,\u00a0<a href=\"http:\/\/www.rilegno.org\/\" target=\"_blank\" rel=\"noopener noreferrer\">Rilegno<\/a>,\u00a0<a href=\"http:\/\/www.compost.it\/\" target=\"_blank\" rel=\"noopener noreferrer\">Consorzio Italiano Compostatori<\/a>,\u00a0<a href=\"https:\/\/www.cdcraee.it\/GetHome.pub_do\" target=\"_blank\" rel=\"noopener noreferrer\">Centro di Coordinamento RAEE<\/a>,\u00a0<a href=\"http:\/\/www.assobioplastiche.org\/\" target=\"_blank\" rel=\"noopener noreferrer\">Assobioplastiche<\/a>,\u00a0<a href=\"http:\/\/www.ippr.it\/\" target=\"_blank\" rel=\"noopener noreferrer\">IPPR<\/a>\u00a0e la rivista Rifiuti Oggi.<\/p>\n<\/div>\n<h3 class=\"internal-section-title\">CLASSIFICA PROVINCIA DI BELLUNO EDIZIONE 2020<\/h3>\n<p><strong>I PRIMI 31 COMUNI PIU&#8217; RICICLONI<\/strong><\/p>\n<table class=\"table table-striped tbl_classifica\">\n<thead>\n<tr>\n<th>Pos.<\/th>\n<th>Comune<\/th>\n<th>Prov<\/th>\n<th>Abitanti<\/th>\n<th>Procapite secco residuo (Kg\/a\/abitante)<\/th>\n<th>% RD<\/th>\n<\/tr>\n<\/thead>\n<tbody>\n<tr>\n<td>1<\/td>\n<td class=\"name\"><a title=\"VAI ALLA SCHEDA DI Ponte nelle Alpi\" href=\"http:\/\/www.ricicloni.it\/comune\/scheda\/025040\">Ponte nelle Alpi<\/a><\/td>\n<td>BL<\/td>\n<td>9.159<\/td>\n<td class=\"indice\">36.6<\/td>\n<td>89.0<\/td>\n<\/tr>\n<tr>\n<td>2<\/td>\n<td class=\"name\"><a title=\"VAI ALLA SCHEDA DI San Gregorio nelle Alpi\" href=\"http:\/\/www.ricicloni.it\/comune\/scheda\/025045\">San Gregorio nelle Alpi<\/a><\/td>\n<td>BL<\/td>\n<td>1.588<\/td>\n<td class=\"indice\">37.3<\/td>\n<td>88.6<\/td>\n<\/tr>\n<tr>\n<td>3<\/td>\n<td class=\"name\"><a title=\"VAI ALLA SCHEDA DI Sedico\" href=\"http:\/\/www.ricicloni.it\/comune\/scheda\/025053\">Sedico<\/a><\/td>\n<td>BL<\/td>\n<td>10.204<\/td>\n<td class=\"indice\">41.2<\/td>\n<td>88.4<\/td>\n<\/tr>\n<tr>\n<td>4<\/td>\n<td class=\"name\"><a title=\"VAI ALLA SCHEDA DI Cesiomaggiore\" href=\"http:\/\/www.ricicloni.it\/comune\/scheda\/025011\">Cesiomaggiore<\/a><\/td>\n<td>BL<\/td>\n<td>4.167<\/td>\n<td class=\"indice\">46.3<\/td>\n<td>88.4<\/td>\n<\/tr>\n<tr>\n<td>5<\/td>\n<td class=\"name\"><a title=\"VAI ALLA SCHEDA DI Taibon Agordino\" href=\"http:\/\/www.ricicloni.it\/comune\/scheda\/025059\">Taibon Agordino<\/a><\/td>\n<td>BL<\/td>\n<td>2.003<\/td>\n<td class=\"indice\">48.7<\/td>\n<td>89.6<\/td>\n<\/tr>\n<tr>\n<td>6<\/td>\n<td class=\"name\"><a title=\"VAI ALLA SCHEDA DI Falcade\" href=\"http:\/\/www.ricicloni.it\/comune\/scheda\/025019\">Falcade<\/a><\/td>\n<td>BL<\/td>\n<td>2.144<\/td>\n<td class=\"indice\">48.8<\/td>\n<td>89.2<\/td>\n<\/tr>\n<tr>\n<td>7<\/td>\n<td class=\"name\"><a title=\"VAI ALLA SCHEDA DI Alleghe\" href=\"http:\/\/www.ricicloni.it\/comune\/scheda\/025003\">Alleghe<\/a><\/td>\n<td>BL<\/td>\n<td>1.341<\/td>\n<td class=\"indice\">48.8<\/td>\n<td>89.1<\/td>\n<\/tr>\n<tr>\n<td>8<\/td>\n<td class=\"name\"><a title=\"VAI ALLA SCHEDA DI Livinallongo del Col di Lana\" href=\"http:\/\/www.ricicloni.it\/comune\/scheda\/025030\">Livinallongo del Col di Lana<\/a><\/td>\n<td>BL<\/td>\n<td>1.493<\/td>\n<td class=\"indice\">48.9<\/td>\n<td>89.1<\/td>\n<\/tr>\n<tr>\n<td>9<\/td>\n<td class=\"name\"><a title=\"VAI ALLA SCHEDA DI Agordo\" href=\"http:\/\/www.ricicloni.it\/comune\/scheda\/025001\">Agordo<\/a><\/td>\n<td>BL<\/td>\n<td>4.692<\/td>\n<td class=\"indice\">48.9<\/td>\n<td>89.0<\/td>\n<\/tr>\n<tr>\n<td>10<\/td>\n<td class=\"name\"><a title=\"VAI ALLA SCHEDA DI Feltre\" href=\"http:\/\/www.ricicloni.it\/comune\/scheda\/025021\">Feltre<\/a><\/td>\n<td>BL<\/td>\n<td>22.106<\/td>\n<td class=\"indice\">48.9<\/td>\n<td>88.2<\/td>\n<\/tr>\n<tr>\n<td>11<\/td>\n<td class=\"name\"><a title=\"VAI ALLA SCHEDA DI Gosaldo\" href=\"http:\/\/www.ricicloni.it\/comune\/scheda\/025025\">Gosaldo<\/a><\/td>\n<td>BL<\/td>\n<td>646<\/td>\n<td class=\"indice\">49.0<\/td>\n<td>90.8<\/td>\n<\/tr>\n<tr>\n<td>12<\/td>\n<td class=\"name\"><a title=\"VAI ALLA SCHEDA DI Vallada Agordina\" href=\"http:\/\/www.ricicloni.it\/comune\/scheda\/025062\">Vallada Agordina<\/a><\/td>\n<td>BL<\/td>\n<td>558<\/td>\n<td class=\"indice\">49.0<\/td>\n<td>90.2<\/td>\n<\/tr>\n<tr>\n<td>13<\/td>\n<td class=\"name\"><a title=\"VAI ALLA SCHEDA DI Rivamonte Agordino\" href=\"http:\/\/www.ricicloni.it\/comune\/scheda\/025043\">Rivamonte Agordino<\/a><\/td>\n<td>BL<\/td>\n<td>707<\/td>\n<td class=\"indice\">49.0<\/td>\n<td>90.0<\/td>\n<\/tr>\n<tr>\n<td>14<\/td>\n<td class=\"name\"><a title=\"VAI ALLA SCHEDA DI Voltago Agordino\" href=\"http:\/\/www.ricicloni.it\/comune\/scheda\/025067\">Voltago Agordino<\/a><\/td>\n<td>BL<\/td>\n<td>959<\/td>\n<td class=\"indice\">49.0<\/td>\n<td>90.0<\/td>\n<\/tr>\n<tr>\n<td>15<\/td>\n<td class=\"name\"><a title=\"VAI ALLA SCHEDA DI San Tomaso Agordino\" href=\"http:\/\/www.ricicloni.it\/comune\/scheda\/025049\">San Tomaso Agordino<\/a><\/td>\n<td>BL<\/td>\n<td>704<\/td>\n<td class=\"indice\">49.0<\/td>\n<td>89.9<\/td>\n<\/tr>\n<tr>\n<td>16<\/td>\n<td class=\"name\"><a title=\"VAI ALLA SCHEDA DI La Valle Agordina\" href=\"http:\/\/www.ricicloni.it\/comune\/scheda\/025027\">La Valle Agordina<\/a><\/td>\n<td>BL<\/td>\n<td>1.229<\/td>\n<td class=\"indice\">49.0<\/td>\n<td>89.8<\/td>\n<\/tr>\n<tr>\n<td>17<\/td>\n<td class=\"name\"><a title=\"VAI ALLA SCHEDA DI Colle Santa Lucia\" href=\"http:\/\/www.ricicloni.it\/comune\/scheda\/025014\">Colle Santa Lucia<\/a><\/td>\n<td>BL<\/td>\n<td>401<\/td>\n<td class=\"indice\">49.1<\/td>\n<td>90.2<\/td>\n<\/tr>\n<tr>\n<td>18<\/td>\n<td class=\"name\"><a title=\"VAI ALLA SCHEDA DI Cencenighe Agordino\" href=\"http:\/\/www.ricicloni.it\/comune\/scheda\/025010\">Cencenighe Agordino<\/a><\/td>\n<td>BL<\/td>\n<td>1.449<\/td>\n<td class=\"indice\">49.1<\/td>\n<td>89.5<\/td>\n<\/tr>\n<tr>\n<td>19<\/td>\n<td class=\"name\"><a title=\"VAI ALLA SCHEDA DI Rocca Pietore\" href=\"http:\/\/www.ricicloni.it\/comune\/scheda\/025044\">Rocca Pietore<\/a><\/td>\n<td>BL<\/td>\n<td>1.375<\/td>\n<td class=\"indice\">49.1<\/td>\n<td>89.4<\/td>\n<\/tr>\n<tr>\n<td>20<\/td>\n<td class=\"name\"><a title=\"VAI ALLA SCHEDA DI Canale d'Agordo\" href=\"http:\/\/www.ricicloni.it\/comune\/scheda\/025023\">Canale d&#8217;Agordo<\/a><\/td>\n<td>BL<\/td>\n<td>1.260<\/td>\n<td class=\"indice\">49.1<\/td>\n<td>89.2<\/td>\n<\/tr>\n<tr>\n<td>21<\/td>\n<td class=\"name\"><a title=\"VAI ALLA SCHEDA DI Selva di Cadore\" href=\"http:\/\/www.ricicloni.it\/comune\/scheda\/025054\">Selva di Cadore<\/a><\/td>\n<td>BL<\/td>\n<td>567<\/td>\n<td class=\"indice\">49.2<\/td>\n<td>89.6<\/td>\n<\/tr>\n<tr>\n<td>22<\/td>\n<td class=\"name\"><a title=\"VAI ALLA SCHEDA DI Santa Giustina\" href=\"http:\/\/www.ricicloni.it\/comune\/scheda\/025048\">Santa Giustina<\/a><\/td>\n<td>BL<\/td>\n<td>6.895<\/td>\n<td class=\"indice\">54.7<\/td>\n<td>82.1<\/td>\n<\/tr>\n<tr>\n<td>23<\/td>\n<td class=\"name\"><a title=\"VAI ALLA SCHEDA DI Limana\" href=\"http:\/\/www.ricicloni.it\/comune\/scheda\/025029\">Limana<\/a><\/td>\n<td>BL<\/td>\n<td>5.461<\/td>\n<td class=\"indice\">54.9<\/td>\n<td>86.7<\/td>\n<\/tr>\n<tr>\n<td>24<\/td>\n<td class=\"name\"><a title=\"VAI ALLA SCHEDA DI Quero Vas\" href=\"http:\/\/www.ricicloni.it\/comune\/scheda\/025070\">Quero Vas<\/a><\/td>\n<td>BL<\/td>\n<td>3.319<\/td>\n<td class=\"indice\">56.0<\/td>\n<td>85.5<\/td>\n<\/tr>\n<tr>\n<td>25<\/td>\n<td class=\"name\"><a title=\"VAI ALLA SCHEDA DI Sovramonte\" href=\"http:\/\/www.ricicloni.it\/comune\/scheda\/025058\">Sovramonte<\/a><\/td>\n<td>BL<\/td>\n<td>1.425<\/td>\n<td class=\"indice\">66.1<\/td>\n<td>80.1<\/td>\n<\/tr>\n<tr>\n<td>26<\/td>\n<td class=\"name\"><a title=\"VAI ALLA SCHEDA DI Lamon\" href=\"http:\/\/www.ricicloni.it\/comune\/scheda\/025026\">Lamon<\/a><\/td>\n<td>BL<\/td>\n<td>2.861<\/td>\n<td class=\"indice\">66.4<\/td>\n<td>81.0<\/td>\n<\/tr>\n<tr>\n<td>27<\/td>\n<td class=\"name\"><a title=\"VAI ALLA SCHEDA DI Fonzaso\" href=\"http:\/\/www.ricicloni.it\/comune\/scheda\/025022\">Fonzaso<\/a><\/td>\n<td>BL<\/td>\n<td>3.206<\/td>\n<td class=\"indice\">66.7<\/td>\n<td>82.9<\/td>\n<\/tr>\n<tr>\n<td>28<\/td>\n<td class=\"name\"><a title=\"VAI ALLA SCHEDA DI Alano di Piave\" href=\"http:\/\/www.ricicloni.it\/comune\/scheda\/025002\">Alano di Piave<\/a><\/td>\n<td>BL<\/td>\n<td>2.830<\/td>\n<td class=\"indice\">66.7<\/td>\n<td>81.4<\/td>\n<\/tr>\n<tr>\n<td>29<\/td>\n<td class=\"name\"><a title=\"VAI ALLA SCHEDA DI Seren del Grappa\" href=\"http:\/\/www.ricicloni.it\/comune\/scheda\/025055\">Seren del Grappa<\/a><\/td>\n<td>BL<\/td>\n<td>2.429<\/td>\n<td class=\"indice\">69.0<\/td>\n<td>81.2<\/td>\n<\/tr>\n<tr>\n<td>30<\/td>\n<td class=\"name\"><a title=\"VAI ALLA SCHEDA DI Belluno\" href=\"http:\/\/www.ricicloni.it\/comune\/scheda\/025006\">Belluno<\/a><\/td>\n<td>BL<\/td>\n<td>36.769<\/td>\n<td class=\"indice\">71.8<\/td>\n<td>82.9<\/td>\n<\/tr>\n<tr>\n<td>31<\/td>\n<td class=\"name\"><a title=\"VAI ALLA SCHEDA DI Pedavena\" href=\"http:\/\/www.ricicloni.it\/comune\/scheda\/025036\">Pedavena<\/a><\/td>\n<td>BL<\/td>\n<td>4.377<\/td>\n<td class=\"indice\">73.5<\/td>\n<td>84.1<\/td>\n<\/tr>\n<\/tbody>\n<\/table>\n<p>&nbsp;<\/p>\n<blockquote><p>&nbsp;<\/p>\n<p>&nbsp;<\/p><\/blockquote>\n<hr \/>\n<h3><\/h3>\n<blockquote>\n<h3>COMUNI RICICLONI&#8230;PONTE NELLE ALPI PRIMEGGIA<\/h3>\n<\/blockquote>\n<p><strong><a class=\"dt-pswp-item\" href=\"https:\/\/www.radiopiu.net\/wordpress\/wp-content\/uploads\/2020\/10\/Raccolta_Ponte_nelle_Alpi-1.jpg\" data-dt-img-description=\"\" data-large_image_width=\"1115\" data-large_image_height=\"764\"><img loading=\"lazy\" decoding=\"async\" class=\"size-medium wp-image-168130 alignleft\" src=\"https:\/\/www.radiopiu.net\/wordpress\/wp-content\/uploads\/2020\/10\/Raccolta_Ponte_nelle_Alpi-1-300x206.jpg\" alt=\"\" width=\"300\" height=\"206\" srcset=\"https:\/\/www.radiopiu.net\/wordpress\/wp-content\/uploads\/2020\/10\/Raccolta_Ponte_nelle_Alpi-1-300x206.jpg 300w, https:\/\/www.radiopiu.net\/wordpress\/wp-content\/uploads\/2020\/10\/Raccolta_Ponte_nelle_Alpi-1-1024x702.jpg 1024w, https:\/\/www.radiopiu.net\/wordpress\/wp-content\/uploads\/2020\/10\/Raccolta_Ponte_nelle_Alpi-1-768x526.jpg 768w, https:\/\/www.radiopiu.net\/wordpress\/wp-content\/uploads\/2020\/10\/Raccolta_Ponte_nelle_Alpi-1.jpg 1115w\" sizes=\"auto, (max-width: 300px) 100vw, 300px\" \/><\/a>PONTE NELLE ALPI\u00a0<\/strong><span style=\"color: #000000; font-family: Helvetica;\">Il\u00a0Comune di Ponte nelle Alpi \u00e8 il pi\u00f9 riciclone della provincia di Belluno. L&#8217;ufficialit\u00e0 arriva dal dossier di Legambiente. \u00a0<\/span><span style=\"color: #000000; font-family: Helvetica;\">In base alla produzione procapite di rifiuto secco residuo, Ponte nelle Alpi primeggia nella speciale classifica con 36,6 kg di secco all&#8217;anno, mentre la percentuale di raccolta differenziata sfiora quota 90: nello specifico, 89 per cento.\u00a0<\/span><span style=\"color: #000000; font-family: Helvetica;\">Un traguardo importante, quindi. E anche una conferma per un territorio che si \u00e8 sempre messo in luce in termini di gestione dei rifiuti: \u00abUno speciale ringraziamento &#8211; afferma il sindaco Paolo Vendramini &#8211; va ai concittadini e alle concittadine. La raccolta differenziata \u00e8 un patrimonio della nostra comunit\u00e0, sempre molto rispettosa, attenta e impegnata rispetto a queste tematiche. Grazie poi al personale della Ponte Servizi, capace di distinguersi per professionalit\u00e0 e competenza\u00bb.\u00a0<\/span><span style=\"color: #000000; font-family: Helvetica;\">Il primato nella graduatoria provinciale \u00e8 figlio di un gioco di squadra, in cui ogni componente ha recitato un ruolo di rilievo, anzi, decisivo per ottenere un risultato che gratifica l&#8217;amministrazione e, in generale, la collettivit\u00e0. \u00abQuesto riconoscimento conferma il consolidarsi del progetto di raccolta differenziata &#8211; prosegue l\u2019assessore comunale all&#8217;Ambiente e alle Societ\u00e0 partecipate, Pierluigi Dal Borgo &#8211; e arriva proprio nei giorni in cui abbiamo rinnovato la fiducia in Ponte Servizi con un consistente rafforzamento della patrimonializzazione della societ\u00e0, alla quale abbiamo fornito gli strumenti finanziari adeguati. Ora siamo pronti a portare il nostro contributo di competenza e conoscenza al progetto provinciale di affidamento in house del servizio\u00bb.<\/span><span style=\"color: #000000; font-family: Helvetica;\">Va ricordato che quella di Legambiente \u00e8 un&#8217;iniziativa, patrocinata dal Ministero per l&#8217;Ambiente, orientata a individuare una serie di realt\u00e0, nell&#8217;intero Stivale (isole comprese), impegnate ad avviare la differenziata e un sistema integrato di gestione dei propri rifiuti.<\/span><span style=\"color: #000000; font-family: Helvetica;\">In definitiva, Ponte nelle Alpi compare di diritto nei \u201cComune Rifiuti Free\u201d: ovvero, quei Comuni a bassa produzione di rifiuto indifferenziato destinato allo smaltimento.\u00a0<\/span><span style=\"color: #000000; font-family: Helvetica;\">E l&#8217;impegno continua.\u00a0<\/span><\/p>\n<p>&nbsp;<\/p>\n<p>&nbsp;<\/p>\n<hr \/>\n<p>&nbsp;<\/p>\n<blockquote>\n<h3>MARCO BUSSONE CONFERMATO PRESIDENTE UNCEM<\/h3>\n<\/blockquote>\n<p><strong><a class=\"dt-pswp-item\" href=\"https:\/\/www.radiopiu.net\/wordpress\/wp-content\/uploads\/2020\/04\/UNCEM.jpg\" data-dt-img-description=\"\" data-large_image_width=\"500\" data-large_image_height=\"500\"><img loading=\"lazy\" decoding=\"async\" class=\"size-medium wp-image-133399 alignleft\" src=\"https:\/\/www.radiopiu.net\/wordpress\/wp-content\/uploads\/2020\/04\/UNCEM-300x300.jpg\" alt=\"\" width=\"300\" height=\"300\" srcset=\"https:\/\/www.radiopiu.net\/wordpress\/wp-content\/uploads\/2020\/04\/UNCEM-300x300.jpg 300w, https:\/\/www.radiopiu.net\/wordpress\/wp-content\/uploads\/2020\/04\/UNCEM-150x150.jpg 150w, https:\/\/www.radiopiu.net\/wordpress\/wp-content\/uploads\/2020\/04\/UNCEM.jpg 500w\" sizes=\"auto, (max-width: 300px) 100vw, 300px\" \/><\/a>ROMA<\/strong> Il Congresso nazionale Uncem ha confermato oggi pomeriggio all&#8217;unanimit\u00e0 Marco Bussone Presidente\u00a0dell&#8217;Unione nazionale dei Comuni, delle Comunit\u00e0 e degli Enti montani. Bussone, 35 anni, giornalista, sposato con un figlio, era stato eletto Presidente nazionale per la prima volta il 7 luglio 2018, ereditando la presidenza da Enrico Borghi. Oggi \u00e8 stato rieletto dal Congresso che l&#8217;Associazione nata nel 1952 &#8211; &#8220;Sindacato della Montagna&#8221; &#8211; non ha potuto svolgere in presenza a causa della pandemia e della vigente normativa. Marco Bussone guider\u00e0 Uncem nazionale per i prossimi cinque anni. Con lui vi sono 20 Presidenti delle Delegazioni regionali, eletti dalle Assemblee congressuali territoriali negli ultimi quindici giorni. Eletto oggi dai Delegati e dai Rappresentanti degli Enti associati a Uncem, il nuovo Consiglio nazionale composto da 150 Sindaci, Amministratori comunali e di Unioni montane, Comunit\u00e0 Montane e Province.\u00a0&#8220;<em>Sono onorato per questa riconferma &#8211; ha detto commosso il Presidente Bussone subito dopo l&#8217;applauso virtuale sulla piattaforma dove si \u00e8 &#8216;riunito&#8217; il Congresso Uncem &#8211; Ripartiamo dopo due anni e mezzo intensi di lavoro. La rete cresce e lavora con entusiasmo, passione, determinazione. Mai da soli.\u00a0Nessuno si salva da solo, ci ripetono Papa Francesco e il Presidente Mattarella. Ripartiamo in primis sostenendo i Comuni e gli Enti territoriali nell&#8217;affrontare questa pandemia con i numeri di contagi che drammaticamente tornano a crescere. Puntiamo sulle Autonomie, guardiamo tutti alla montagna non con voglia di assistenzialismo e con retorica benevolenza. I territori e le comunit\u00e0 sono al centro di un piano di ripresa e resilienza sul quale stiamo gi\u00e0 lavorando. La montagna e i Comuni sono il Paese vero. Determinato e forte. Che sa affrontare le sfide dell&#8217;innovazione e della sostenibilit\u00e0. Punta su Sindaci, imprese, terzo settore, volontariato, su un nuovo patto tra aree urbane e aree montane. Uncem prosegue nel percorso, inclusivo e forte di valori, per un nuovo umanesimo dal quale ripartire<\/em>&#8220;.<\/p>\n<p>&nbsp;<\/p>\n<p>&nbsp;<\/p>\n<hr \/>\n<p>&nbsp;<\/p>\n<blockquote>\n<h3>A LONGARONE FIERE TUTTO PRONTO PER LA 43\u00aa EDIZIONE DI ARREDAMONT<\/h3>\n<\/blockquote>\n<p><strong><a class=\"dt-pswp-item\" href=\"https:\/\/www.radiopiu.net\/wordpress\/wp-content\/uploads\/2019\/11\/Arredamont2019.jpg\" data-dt-img-description=\"\" data-large_image_width=\"2200\" data-large_image_height=\"1467\"><img loading=\"lazy\" decoding=\"async\" class=\"size-medium wp-image-105152 alignleft\" src=\"https:\/\/www.radiopiu.net\/wordpress\/wp-content\/uploads\/2019\/11\/Arredamont2019-300x200.jpg\" alt=\"\" width=\"300\" height=\"200\" srcset=\"https:\/\/www.radiopiu.net\/wordpress\/wp-content\/uploads\/2019\/11\/Arredamont2019-300x200.jpg 300w, https:\/\/www.radiopiu.net\/wordpress\/wp-content\/uploads\/2019\/11\/Arredamont2019-768x512.jpg 768w, https:\/\/www.radiopiu.net\/wordpress\/wp-content\/uploads\/2019\/11\/Arredamont2019-1024x683.jpg 1024w\" sizes=\"auto, (max-width: 300px) 100vw, 300px\" \/><\/a>LONGARONE\u00a0<\/strong>Presentata ufficialmente la 43a edizione di Arredamont. Un\u2019edizione particolare. Che deve fare i conti con il ritorno dell\u2019emergenza Covid e con le nuove disposizioni del Dpcm. Ma comunque Arredamont va avanti come sottolinea all\u2019inizio della conferenza stampa che si \u00e8 svolta in modalit\u00e0 webinar per evitare problemi di assembramento il Presidente di Longarone Fiere Gian Angelo Bellati. \u00abNon nego che ci sono state difficolt\u00e0 nell\u2019organizzazione con questa spada di Damocle dell\u2019emergenza sanitaria. Ma era necessario, quasi un dovere per noi, fare questa edizione. Anche perch\u00e9 alle spalle abbiamo avuto tre pi\u00f9 piccole fiere per prepararci ma che ci hanno dato grandi soddisfazioni. Nel caso di Arredamont le stesse imprese hanno voluto fortemente ci fosse \u2013 sottolinea Bellati\u00bb. Che poi riprende: \u00abPer quanto riguarda la Fiera noi siamo i primi a volerla portare avanti senza bloccare le attivit\u00e0 economiche stando, ovviamente, nell\u2019ambito delle norme di sicurezza stabilite dalla legge; ma noi abbiamo aggiunto qualcosa di pi\u00f9: anche una particolare sanificazione dell\u2019aria per dare una maggiore sicurezza agli ospiti che ci verranno a trovare. Con la fiducia delle imprese siamo pronti a partire il 31 ottobre. Avremo 112 marchi aziendali provenienti da 8 regioni e 4 paesi esteri che danno una caratterizzazione internazionale a questa 43a edizione. La superficie espositiva sar\u00e0 minore, ma permetter\u00e0 il distanziamento. Non cambier\u00e0 la formula. Tanti eventi, ad esempio quelli dei tappezzieri e arredatori faranno da cornice ad Arredamont e un ringraziamento speciale va alle aziende che ci hanno dato fiducia, al sindaco di Logarone Padrin e all\u2019AEFI. La Fiera Arredamont vuole essere da esempio per la continuazione e il rilancio della fieristica e dell\u2019economia\u00bb. Proprio il sindaco Roberto Padrin prende poi la parola. \u00ab\u00c8 di certo l\u2019edizione pi\u00f9 difficile. Abbiamo affrontato anche Vaja, \u00e8 vero, ma quest\u2019anno i presupposti non erano semplici e non lo sono tutt\u2019ora, ma grazie alle aziende che ci credono e alla nostra volont\u00e0 vogliamo essere un esempio nazionale. Ora speriamo non ci siano altre restrizioni nei prossimi giorni, ma noi siamo fiduciosi\u00bb. Per sicurezza i convegni sono stati cancellati, ma la Fiera sar\u00e0 lo stesso occasione di rilancio e dar\u00e0 il suo contributo per l\u2019economia per ottenere risultati pi\u00f9 che positivi. \u00c8 intervenuto anche il direttore artistico di Arte in Fiera Dolomiti, Franco Fonzo che ha sottolineato la \u00abGrande voglia di reagire da parte degli artisti (come accaduto nella rassegna Woman Art) ma anche da parte del pubblico. Speriamo che l\u2019emergenza finisca presto ma noi dobbiamo andare avanti. Saremo presenti con una piccola esposizione di Arte in Fiera Dolomiti. Questo periodo deve per\u00f2 anche essere di insegnamento. Ormai si vive alla giornata e dobbiamo sempre prevedere piani alternativi\u00bb. Ernesto contessa, presidente associazione tappezzieri spiega il perch\u00e9 della loro presenza anche in una situazione delicata. \u00abAbbiamo voluto fortemente esserci perch\u00e9 supportati e aiutati dalla Fiera e per dimostrare che dobbiamo continuare a portare avanti il nostro valore e cultura. In questa edizione ci soffermeremo sulla sostenibilit\u00e0 e posto migliore delle Dolomiti non poteva esserci. Sostenibilit\u00e0 \u00e8 la parola chiave per un artigiano che da ci\u00f2 che pu\u00f2 apparire \u201cmorto\u201d per molti, riesce sempre a ridare la \u201cvita\u201d. Cos\u00ec vogliamo dimostrare come da un periodo difficile possa rinascere anche l\u2019economia\u00bb.\u00a0 Italo D\u2019Inc\u00e0 in rappresentanza di Confagricoltura porta il saluto del presidente Donazzolo. \u00abUn impegno immane e ringrazio lo sforzo di espositori e Longarone Fiere e spero in una grande affluenza di pubblico\u00bb. Il Direttore del Centro di Formazione e Sicurezza di Belluno, l\u2019arch. Danilo de Zaiacomo considera Arredamont una \u00abGrande vetrina dove dobbiamo essere solidali nei momenti facili e difficili e in questo momento noi siamo uniti pi\u00f9 che mai perch\u00e9 stiamo preparando i nostri percorsi per la scuola\u00bb. Chiude alla fine il Presidente Bellati rispondendo alla domanda se ora Arredamont corre qualche rischio in vista delle restrizioni previste luned\u00ec dal Presidente Zaia. <a class=\"dt-pswp-item\" href=\"https:\/\/www.radiopiu.net\/wordpress\/wp-content\/uploads\/2020\/10\/gian-angelo-bellati-in-videoconferenza-arredamont.jpg\" data-dt-img-description=\"\" data-large_image_width=\"2500\" data-large_image_height=\"1407\"><img loading=\"lazy\" decoding=\"async\" class=\" wp-image-168151 alignright\" src=\"https:\/\/www.radiopiu.net\/wordpress\/wp-content\/uploads\/2020\/10\/gian-angelo-bellati-in-videoconferenza-arredamont-300x169.jpg\" alt=\"\" width=\"373\" height=\"210\" srcset=\"https:\/\/www.radiopiu.net\/wordpress\/wp-content\/uploads\/2020\/10\/gian-angelo-bellati-in-videoconferenza-arredamont-300x169.jpg 300w, https:\/\/www.radiopiu.net\/wordpress\/wp-content\/uploads\/2020\/10\/gian-angelo-bellati-in-videoconferenza-arredamont-1024x576.jpg 1024w, https:\/\/www.radiopiu.net\/wordpress\/wp-content\/uploads\/2020\/10\/gian-angelo-bellati-in-videoconferenza-arredamont-768x432.jpg 768w, https:\/\/www.radiopiu.net\/wordpress\/wp-content\/uploads\/2020\/10\/gian-angelo-bellati-in-videoconferenza-arredamont-1536x864.jpg 1536w, https:\/\/www.radiopiu.net\/wordpress\/wp-content\/uploads\/2020\/10\/gian-angelo-bellati-in-videoconferenza-arredamont-2048x1153.jpg 2048w\" sizes=\"auto, (max-width: 373px) 100vw, 373px\" \/><\/a>\u00abQualche timore c\u2019\u00e8 ma a livello nazionale \u2013 specifica Bellati &#8211; perch\u00e9 il sistema fiere non \u00e8 mai stato affrontato in maniera seria. Non c\u2019\u00e8 mai stata una vera distinzione tra quelle che non possono svolgersi perch\u00e9 locali o sagre o quelle ritenute di livello regionale o nazionale. Paradossalmente le fiere internazionali sono pi\u00f9 pericolose per l\u2019afflusso di turisti e visitatori esteri ed esiste un po\u2019 di confusione nel riconoscimento del tipo di fiera. Questo \u00e8 uno dei tanti casi in cui \u00e8 meglio avere un\u2019amministrazione pubblica vicina al territorio. Il dialogo con la Regione che ha messo a disposizione i suoi esperti in Veneto, come in Emilia Romagna e Lombardia ha risolto pi\u00f9 velocemente diversi problemi mentre a livello nazionale, giustamente, alcune questioni non sono state affrontate. A livello regionale, lavorando sul territorio si capisce perch\u00e9 da un punto di vista giuridico\/istituzionale diventa pi\u00f9 facile affrontare certe tematiche come l\u2019economia che non pu\u00f2 essere bloccata per due o tre anni. Dobbiamo ormai imparare a convivere con l\u2019emergenza sanitaria con buon senso e l\u2019applicazione delle norme anche per evitare che ci siano pi\u00f9 morti per l\u2019emergenza economica che per quella sanitaria\u00bb.\u00a0Arredamont aprir\u00e0 con orario 10-19, sabato 31 ottobre per continuare domenica 1 e luned\u00ec 2 novembre. Riprender\u00e0 poi da venerd\u00ec 6 fino a domenica 8 novembre.<\/p>\n<a href=\"https:\/\/www.radiopiu.net\/wordpress\/wp-content\/uploads\/2020\/10\/SCHEDA-Arredamont-2020.pdf\" class=\"pdfemb-viewer\" style=\"\" data-width=\"max\" data-height=\"max\" data-toolbar=\"top\" data-toolbar-fixed=\"on\">SCHEDA Arredamont 2020<\/a>\n<p>&nbsp;<\/p>\n<p>&nbsp;<\/p>\n<hr \/>\n<p>&nbsp;<\/p>\n<blockquote>\n<h3>WORLD POLIO DAY CON IL ROTARY BELLUNO CONTRO LA MALATTIA<\/h3>\n<\/blockquote>\n<p><strong><a class=\"dt-pswp-item\" href=\"https:\/\/www.radiopiu.net\/wordpress\/wp-content\/uploads\/2020\/10\/loris_pauletti-e1603443820127.jpeg\" data-dt-img-description=\"\" data-large_image_width=\"1600\" data-large_image_height=\"1200\"><img loading=\"lazy\" decoding=\"async\" class=\"size-medium wp-image-168028 alignleft\" src=\"https:\/\/www.radiopiu.net\/wordpress\/wp-content\/uploads\/2020\/10\/loris_pauletti-e1603443820127-300x225.jpeg\" alt=\"\" width=\"300\" height=\"225\" srcset=\"https:\/\/www.radiopiu.net\/wordpress\/wp-content\/uploads\/2020\/10\/loris_pauletti-e1603443820127-300x225.jpeg 300w, https:\/\/www.radiopiu.net\/wordpress\/wp-content\/uploads\/2020\/10\/loris_pauletti-e1603443820127-1024x768.jpeg 1024w, https:\/\/www.radiopiu.net\/wordpress\/wp-content\/uploads\/2020\/10\/loris_pauletti-e1603443820127-768x576.jpeg 768w, https:\/\/www.radiopiu.net\/wordpress\/wp-content\/uploads\/2020\/10\/loris_pauletti-e1603443820127-1536x1152.jpeg 1536w, https:\/\/www.radiopiu.net\/wordpress\/wp-content\/uploads\/2020\/10\/loris_pauletti-e1603443820127.jpeg 1600w\" sizes=\"auto, (max-width: 300px) 100vw, 300px\" \/><\/a>BELLUNO<\/strong> Il Rotary \u00e8 impegnato\u00a0 contro\u00a0 la poliomelite da oltre 30 anni. Sembrava un obiettivo impossibile ma, con l\u2019aiuto di altri partner internazionali, in primo luogo l\u2019OMS, le agenzie per la prevenzione delle malattie di alcuni Stati e la Bill e Melinda Gates Foundation, il traguardo \u00e8 sempre pi\u00f9 vicino. Ecco quindi che sono importanti la sensibilizzazione, la comunicazione e la raccolta fondi. La giornata da segnare sul calendario \u00e8 quella di sabato 24 ottobre, il World Polio Day. Chi si ricorda dello IOE &#8211; Istituto Ortopedico Elioterapico? Fu costruito nel 1952 a Santa Fosca, comune di Selva di Cadore, sopra i resti di un\u2019antica frana, e rimase operativo fino al 1974. In questa struttura venivano curati i bambini colpiti dalla polio. Tra questi anche Loris Pauletti (foto): <em>\u00abSono nato nel 1956 e a soli sei mesi \u00e8 arrivata l\u2019infausta diagnosi: paralisi di entrambi gli arti inferiori dovuta alla poliomielite\u00bb. \u00abLa mia infanzia e tutta la mia adolescenza &#8211; racconta sempre Loris &#8211; l\u2019ho passata in istituti come lo IOE di Santa <a class=\"dt-pswp-item\" href=\"https:\/\/www.radiopiu.net\/wordpress\/wp-content\/uploads\/2020\/10\/ioe_santa_fosca_selva_cadore.jpeg\" data-dt-img-description=\"\" data-large_image_width=\"978\" data-large_image_height=\"655\"><img loading=\"lazy\" decoding=\"async\" class=\"size-medium wp-image-168029 alignright\" src=\"https:\/\/www.radiopiu.net\/wordpress\/wp-content\/uploads\/2020\/10\/ioe_santa_fosca_selva_cadore-300x201.jpeg\" alt=\"\" width=\"300\" height=\"201\" srcset=\"https:\/\/www.radiopiu.net\/wordpress\/wp-content\/uploads\/2020\/10\/ioe_santa_fosca_selva_cadore-300x201.jpeg 300w, https:\/\/www.radiopiu.net\/wordpress\/wp-content\/uploads\/2020\/10\/ioe_santa_fosca_selva_cadore-768x514.jpeg 768w, https:\/\/www.radiopiu.net\/wordpress\/wp-content\/uploads\/2020\/10\/ioe_santa_fosca_selva_cadore.jpeg 978w\" sizes=\"auto, (max-width: 300px) 100vw, 300px\" \/><\/a>Fosca (foto). Ho studiato all\u2019interno di queste strutture, perch\u00e9 come pazienti eravamo sottoposti a continui interventi chirurgici e la scuola era all\u2019interno\u00bb. <\/em>Nell\u2019arco della sua vita Loris ha subito ben diciotto interventi e purtroppo non sa cosa significhi camminare.<em> \u00abQuesta malattia ci ha fatto diventare subito adulti\u00bb, spiega ancora, \u00abanche perch\u00e9 non si sapeva il significato di saltare o di correre, ma conoscevamo solo le parole sofferenza e dolore\u00bb. <\/em>In Italia i sopravvissuti alla poliomelite sono circa 70mila. Tra questi anche Loris, che non smette di ringraziare il concreto impegno messo in atto dal Rotary. <em>\u00abSe oggi ci sono meno bambini che soffrono di questa terribile malattia lo dobbiamo proprio a tutti i rotariani\u00bb, sottolinea, \u00abche in questi trent\u2019anni si sono spesi, a livello mondiale, con molteplici iniziative e raccolte fondi per la capillare diffusione del vaccino\u00bb. <\/em>La giornata del 24 ottobre \u00e8 importante proprio perch\u00e9 bisogna parlare della polio e sconfiggerla. In tutto il mondo, si parler\u00e0 della polio. Ed \u00e8 necessario parlarne anche in provincia di Belluno in cui, agli sguardi pi\u00f9 attenti, non possono sfuggire i segni lasciata da questa terribile malattia. <em>\u00a0\u00abOgni anno, da quarant\u2019anni\u00bb, conclude Pauletti, \u00abnoi sopravvissuti alla Polio ci incontriamo per un pranzo proprio a Santa Fosca, nel Comune di Selva di Cadore\u00bb.<\/em><\/p>\n<blockquote><p><em>\u00abSabato 24 ottobre invito tutti a sostenere la \u201cWorld Polio Day\u201d\u00bb, le parole di Mariachiara Santin, presidente del Rotary Club Belluno. \u00abBasta visitare il sito www.endpolio.org e dare il proprio sostegno, raccontare la propria storia, armarsi di solidariet\u00e0 per sconfiggere un male che \u00e8 curabile\u00bb.<\/em><\/p><\/blockquote>\n<p>&nbsp;<\/p>\n<p>&nbsp;<\/p>\n<hr \/>\n<h3><\/h3>\n<blockquote>\n<h3><strong>POSTE ITALIANE: IN PROVINCIA DI BELLUNO LE PENSIONI DI NOVEMBRE IN PAGAMENTO DA MARTEDI\u2019 27 OTTOBRE NEL RISPETTO DELLE NORME ANTI-COVID<\/strong><\/h3>\n<\/blockquote>\n<p><strong><a class=\"dt-pswp-item\" href=\"https:\/\/www.radiopiu.net\/wordpress\/wp-content\/uploads\/2020\/05\/POSTE-ITALIANE.png\" data-dt-img-description=\"\" data-large_image_width=\"436\" data-large_image_height=\"88\"><img loading=\"lazy\" decoding=\"async\" class=\"size-medium wp-image-141305 alignleft\" src=\"https:\/\/www.radiopiu.net\/wordpress\/wp-content\/uploads\/2020\/05\/POSTE-ITALIANE-300x61.png\" alt=\"\" width=\"300\" height=\"61\" srcset=\"https:\/\/www.radiopiu.net\/wordpress\/wp-content\/uploads\/2020\/05\/POSTE-ITALIANE-300x61.png 300w, https:\/\/www.radiopiu.net\/wordpress\/wp-content\/uploads\/2020\/05\/POSTE-ITALIANE.png 436w\" sizes=\"auto, (max-width: 300px) 100vw, 300px\" \/><\/a>BELLUNO\u00a0<\/strong>Poste Italiane comunica che in provincia di Belluno le pensioni del mese di novembre verranno accreditate marted\u00ec 27 ottobre per i titolari di un Libretto di Risparmio, di un Conto BancoPosta o di una Postepay Evolution. I titolari di carta Postamat, Carta Libretto o di Postepay Evolution potranno prelevare i contanti dai Postamat disponibili in provincia, senza bisogno di recarsi allo sportello. In funzione di una nuova ed importante diffusione del virus Covid-19. Il calendario dei pagamenti dal 27 ottobre. Pertanto, coloro che non possono evitare di ritirare la pensione in contanti in un Ufficio Postale, dovranno presentarsi agli sportelli rispettando la turnazione alfabetica prevista dal seguente calendario che potr\u00e0 variare a seconda del numero di giorni di apertura dell\u2019ufficio postale di riferimento: I cognomi\u00a0<em>dalla A alla B marted\u00ec 27 ottobre,\u00a0<\/em><em>dalla C alla D mercoled\u00ec 28 ottobre,\u00a0<\/em><em>dalla E alla K gioved\u00ec 29 ottobre,\u00a0<\/em><em>dalla L alla O venerd\u00ec 30 ottobre,\u00a0<\/em><em>dalla P alla R sabato mattina 31 ottobre,\u00a0<\/em><em>dalla S alla Z luned\u00ec 2 novembre.\u00a0<\/em>Poste Italiane ricorda che i cittadini di et\u00e0 pari o superiore a 75 anni che percepiscono prestazioni previdenziali presso gli uffici postali, che riscuotono normalmente la pensione in contanti e che non hanno gi\u00e0 delegato altri soggetti al ritiro della pensione, possono chiedere di ricevere gratuitamente le somme in denaro presso il loro domicilio, delegando al ritiro i Carabinieri.Prenotazione del turno via WhatsApp. Poste Italiane comunica inoltre che nei principali uffici postali della provincia \u00e8 possibile prenotare il proprio turno allo sportello tramite WhatsApp. Richiedere il ticket elettronico con questa modalit\u00e0 \u00e8 molto semplice: baster\u00e0 memorizzare sul proprio smartphone il numero 3715 00 3715 e seguire le indicazioni utili a conseguire la prenotazione del ticket. Per gli uffici abilitati alla prenotazione su WhatsApp, \u00e8 stata riattivata anche la possibilit\u00e0 di prenotare il proprio turno allo sportello da remoto direttamente da smartphone e tablet utilizzando l\u2019app \u201cUfficio Postale\u201d oppure da pc collegandosi al sito poste.it, senza la necessit\u00e0 di registrarsi. Negli uffici postali con possibilit\u00e0 di prenotazione \u201ca distanza\u201d, \u00e8 inoltre possibile tornare ad attendere il proprio turno allo sportello all\u2019interno dei locali.<\/p>\n<p>&nbsp;<\/p>\n<p>&nbsp;<\/p>\n<hr \/>\n<p>&nbsp;<\/p>\n<h3>S. MESSA PER I CADUTI DELLA MONTAGNA CON IL CORO AGORDO, DOMANI ALLE 18.30\u00a0 DIRETTA RADIO E FACEBOOK SU RADIO PIU.<\/h3>\n<h3>IERI SERA L&#8217;ULTIMA PROVA&#8230;<\/h3>\n<p>https:\/\/www.facebook.com\/Mirkomezziano\/videos\/2811376962478405<\/p>\n<p>&nbsp;<\/p>\n<p><strong><a class=\"dt-pswp-item\" href=\"https:\/\/www.radiopiu.net\/wordpress\/wp-content\/uploads\/2017\/10\/WhatsApp-Image-2017-10-29-at-19.21.11.jpeg\" data-dt-img-description=\"\" data-large_image_width=\"899\" data-large_image_height=\"1599\"><img loading=\"lazy\" decoding=\"async\" class=\" wp-image-37844 alignleft\" src=\"https:\/\/www.radiopiu.net\/wordpress\/wp-content\/uploads\/2017\/10\/WhatsApp-Image-2017-10-29-at-19.21.11-169x300.jpeg\" alt=\"\" width=\"112\" height=\"199\" \/><\/a>AGORDO<\/strong> Domenica 25 ottobre alle 18.30 si rinnova l&#8217;appuntamento nella Chiesa Arcidiaconale di Agordo con la\u00a0 messa a suffragio di chi, per amore della montagna, ha perso prematuramente la vita. Questa data chiude gli appuntamenti annuali della\u00a0 Sezione agordina del Cai. La messa come da tradizione sar\u00e0 accompagnata dal Coro Agordo diretto da Roberta Conedera. In considerazione dei ridotti posti a sedere (norme anti covid_19) la messa sar\u00e0 trasmessa da RADIO PIU&#8217; (frequenze FM, streaming per portare il segnale in tutto il mondo) ma sar\u00e0 anche video trasmessa sui canali: Telegram Radio Piu&#8217; Informazione; Facebook pagina RADIO PIU,\u00a0 gruppo RADIO PIU EMITTENTE AGORDINA e pagina facebook SEI DI AGORDO SE.<\/p>\n<blockquote>\n<h3><\/h3>\n<\/blockquote>\n<div class=\"im_message_meta pull-right text-right noselect\">\n<hr \/>\n<\/div>\n<div class=\"im_message_body\">\n<div><\/div>\n<div>\n<blockquote>\n<h3 class=\"articlePlainSubHead\">NUOVO STATUTO PER IL GAMP<\/h3>\n<\/blockquote>\n<div><strong>AGORDO<\/strong>\u00a0 Il presidente del Gruppo agordino mineralogico e palentologico, Manuel Conedera, ha convocato l&#8217;assemblea dei soci per sabato alle 17 nella sala della biblioteca civica di Agordo. <em>\u00abL&#8217;adeguamento alla nuova normativa\u00bb, dice il presidente Conedera, \u00abci obbliga ad approvare entro la fine di ottobre un nuovo statuto sociale fondamentale per il riconoscimento della associazione Gamp come associazione Associazione di promozione sociale\u00bb.<\/em><\/div>\n<\/div>\n<\/div>\n<div class=\"im_history_message_wrap\">\n<div class=\"im_message_outer_wrap hasselect\" data-msg-id=\"-1\">\n<div class=\"im_message_wrap clearfix\">\n<div class=\"im_content_message_wrap im_message_out\">\n<div class=\"im_message_body\">\n<div class=\"im_message_text\" dir=\"auto\"><\/div>\n<div dir=\"auto\"><\/div>\n<div dir=\"auto\">\n<hr \/>\n<\/div>\n<blockquote>\n<h3>DOMANI L&#8217;ASSEMBLEA ANNUALE DEL GAV<\/h3>\n<\/blockquote>\n<p><strong>AGORDO<\/strong> Domani alle 11 nell&#8217;auditurium del centro parrocchiale Monsignor Vincenzo Savio assemblea annuale del GAV, Gruppo di Assistenza Volontaria. Tra i punti in dicussione dell&#8217;ordine del giorno a firma del presidente Sisto Da Roit: relazione 2019, bilancio consuntivo 2019 e preventivo 2020. Prima delle conclusioni l&#8217;intervento degli ospiti. Alle 10 nell&#8217;Arcidiaconale la messa in memoria dei volontari. A causa della pandemia covid il tradizionale pranzo \u00e8 invece annullato.<\/p>\n<p><strong>AI MICROFONI DI RADIO PIU SISTO DA ROIT<\/strong><\/p>\n<audio class=\"wp-audio-shortcode\" id=\"audio-167981-8\" preload=\"none\" style=\"width: 100%;\" controls=\"controls\"><source type=\"audio\/mpeg\" src=\"https:\/\/www.radiopiu.net\/wordpress\/wp-content\/uploads\/2020\/10\/SISTO.mp3?_=8\" \/><a href=\"https:\/\/www.radiopiu.net\/wordpress\/wp-content\/uploads\/2020\/10\/SISTO.mp3\">https:\/\/www.radiopiu.net\/wordpress\/wp-content\/uploads\/2020\/10\/SISTO.mp3<\/a><\/audio>\n<p>&nbsp;<\/p>\n<p>&nbsp;<\/p>\n<hr \/>\n<p>&nbsp;<\/p>\n<blockquote>\n<h3>ASCA CERCA PERSONALE<\/h3>\n<\/blockquote>\n<p><strong><a class=\"dt-pswp-item\" href=\"https:\/\/www.radiopiu.net\/wordpress\/wp-content\/uploads\/2020\/04\/ASCA.png\" data-dt-img-description=\"\" data-large_image_width=\"1211\" data-large_image_height=\"668\"><img loading=\"lazy\" decoding=\"async\" class=\"size-medium wp-image-128881 alignleft\" src=\"https:\/\/www.radiopiu.net\/wordpress\/wp-content\/uploads\/2020\/04\/ASCA-300x165.png\" alt=\"\" width=\"300\" height=\"165\" srcset=\"https:\/\/www.radiopiu.net\/wordpress\/wp-content\/uploads\/2020\/04\/ASCA-300x165.png 300w, https:\/\/www.radiopiu.net\/wordpress\/wp-content\/uploads\/2020\/04\/ASCA-1024x565.png 1024w, https:\/\/www.radiopiu.net\/wordpress\/wp-content\/uploads\/2020\/04\/ASCA-768x424.png 768w, https:\/\/www.radiopiu.net\/wordpress\/wp-content\/uploads\/2020\/04\/ASCA.png 1211w\" sizes=\"auto, (max-width: 300px) 100vw, 300px\" \/><\/a>AGORDO\u00a0<\/strong>ASCA ha indetto una nuova selezione pubblica finalizzata alla formulazione di una graduatoria di idoneit\u00e0 utile all\u2019inserimento a tempo indeterminato e a tempo pieno presso la RSA di Agordo di INFERMIERE. Le modalit\u00e0 di presentazione delle domande di entrambe le selezioni si trovano sulla home page del sito aziendale\u00a0<a href=\"http:\/\/www.servizisocialiasca.it\/\">www.servizisocialiasca.it<\/a>.<\/p>\n<p>&nbsp;<\/p>\n<p>&nbsp;<\/p>\n<hr \/>\n<blockquote><p>&nbsp;<\/p><\/blockquote>\n<blockquote>\n<h3>RICORDO DI DON SERGIO MANFROI<\/h3>\n<\/blockquote>\n<p><strong>BELLUNO<\/strong> 22^ edizione della Rassegna di Musica Sacra, alla memoria di Monsignor Sergio Manfroi La prima delle tre serate \u00e8 in programma oggi alle 20.45 nella Basilica Cattedrale di S. Martino a Belluno con: il Coro Polifonico del Centro Turistico Giovanile di Belluno, diretto dal maestro Sebastiano Sitta, ed il Coro Femminile \u201cVocincanto\u201d di Feltre, diretto dal maestro Francesco Lorenzo Luciani.<\/p>\n<div>\n<div>\n<div>\n<div>\n<div>\n<div>\n<div>\n<div>\n<div>\n<div>\n<div>\n<div>\n<div>\n<div>\n<div>\n<div>\n<div>\n<div>\n<div>\n<div>\n<div>\n<div>\n<div>\n<div>\n<div>\n<div>\n<div>\n<blockquote>\n<h3><\/h3>\n<\/blockquote>\n<\/div>\n<\/div>\n<\/div>\n<\/div>\n<\/div>\n<\/div>\n<\/div>\n<\/div>\n<\/div>\n<\/div>\n<\/div>\n<\/div>\n<\/div>\n<\/div>\n<\/div>\n<\/div>\n<\/div>\n<\/div>\n<\/div>\n<\/div>\n<\/div>\n<\/div>\n<\/div>\n<\/div>\n<\/div>\n<\/div>\n<\/div>\n<hr \/>\n<p>&nbsp;<\/p>\n<blockquote>\n<h3>SPETTACOLI DI MISTERO DELLE PROLOCO BELLUNESI<\/h3>\n<\/blockquote>\n<p><strong>SOSPIROLO <\/strong>Ritorna la rassegna \u201cVeneto, spettacoli di mistero\u201d, promossa dall\u2019Unpli Belluno. Domani primo evento \u201cCastelli perduti e draghi dimenticati\u201d, passeggiata serale per le vie del centro storico di Belluno alla riscoperta della storia del Capoluogo. La partenza \u00e8 da Piazza Martiri alle 17.45 e alle 19.\u00a0 Sabato nel pomeriggio\u00a0 \u201cPresenze nei boschi, rumori lungo il Mis\u2026\u201d della Pro loco \u201cMonti del Sole\u201d di Sospirolo. Alle 20.30 a Mel di Borgo Valbelluna nella ex chiesa di San Pietro spettacolo teatrale con monologhi e riflessioni\u00a0 di Giorgio Dell\u2019Osta e Giulia Fretuti. Sabato a Trichiana \u201cCavarnere, voci e silenzi dai boschi\u201d, passeggiata di 4,5 km con partenza e arrivo area turistica di Melere in tre gruppi alle ore 17.10, 18.20 e 19.30.<\/p>\n<p>&nbsp;<\/p>\n<p>&nbsp;<\/p>\n<p>&nbsp;<\/p>\n<hr \/>\n<p>&nbsp;<\/p>\n<blockquote>\n<h3>VIDEO CONFERENZA CGIL SULLA SANIT\u00c0 CONTEMPORANEA<\/h3>\n<\/blockquote>\n<p><strong><a class=\"dt-pswp-item\" href=\"https:\/\/www.radiopiu.net\/wordpress\/wp-content\/uploads\/2020\/10\/NUOVA-LOCANDINA-BL_Sanita_26-ottobre_2020.jpg\" data-dt-img-description=\"\" data-large_image_width=\"1407\" data-large_image_height=\"1921\"><img loading=\"lazy\" decoding=\"async\" class=\" wp-image-167738 alignleft\" src=\"https:\/\/www.radiopiu.net\/wordpress\/wp-content\/uploads\/2020\/10\/NUOVA-LOCANDINA-BL_Sanita_26-ottobre_2020-220x300.jpg\" alt=\"\" width=\"136\" height=\"186\" srcset=\"https:\/\/www.radiopiu.net\/wordpress\/wp-content\/uploads\/2020\/10\/NUOVA-LOCANDINA-BL_Sanita_26-ottobre_2020-220x300.jpg 220w, https:\/\/www.radiopiu.net\/wordpress\/wp-content\/uploads\/2020\/10\/NUOVA-LOCANDINA-BL_Sanita_26-ottobre_2020-750x1024.jpg 750w, https:\/\/www.radiopiu.net\/wordpress\/wp-content\/uploads\/2020\/10\/NUOVA-LOCANDINA-BL_Sanita_26-ottobre_2020-768x1049.jpg 768w, https:\/\/www.radiopiu.net\/wordpress\/wp-content\/uploads\/2020\/10\/NUOVA-LOCANDINA-BL_Sanita_26-ottobre_2020-1125x1536.jpg 1125w, https:\/\/www.radiopiu.net\/wordpress\/wp-content\/uploads\/2020\/10\/NUOVA-LOCANDINA-BL_Sanita_26-ottobre_2020.jpg 1407w\" sizes=\"auto, (max-width: 136px) 100vw, 136px\" \/><\/a>BELLUNO <\/strong>\u00c8 in programma per luned\u00ec 26 ottobre la videoconferenza organizzata dalla CGIL sulla &#8220;Sanit\u00e0 Contemporanea&#8221;.\u00a0L&#8217;iniziativa\u00a0 intende discutere sullo stato della sanit\u00e0 Veneta e Bellunese, partendo dall&#8217;analisi dei dati della Ricerca IRES (anche se non interamente completata) che sar\u00e0 illustrata da Barbara Bonvento . Dopo le relazioni di interpretazione della situazione socio-sanitaria del territorio bellunese, interverranno Il D. G: della ULSS Dolomiti &#8211; Adriano Rasi Caldogno, e il presidente della conferenza dei sindaci della setssa ULSS- Paolo Perenzin. \u00a0La conclusione \u00e8 affidata al segr. Gen CGIL Veneto Christian Ferrari.<\/p>\n<p>&nbsp;<\/p>\n<hr \/>\n<p>&nbsp;<\/p>\n<blockquote>\n<h3>\u201cAL FERI\u00d3N\u201d: LE POESIE IN DIALETTO DEL BELLUNESE THOMAS PELLEGRINI<\/h3>\n<h3>di RENATO BONA<\/h3>\n<\/blockquote>\n<p>Thomas Pellegrini, gi\u00e0 docente di educazione fisica alle scuole superiori, ha coltivato da sempre la passione per prosa e poesia in rigoroso dialetto bellunese e nel tempo ha realizzato diversi libri, tutti apprezzati (\u201cIl paradiso di Dante. Canto XXIII in dialetto bellunese\u201d, edizioni Libreria Camped\u00e8l 2011; \u201cOdissea. Passi scelti. Versione metrica in dialetto bellunese\u201d, Istituto bellunese ricerche sociali, 1987\u201d; \u201cL\u2019inferno di Dante. Canti I, III, V, VI, XXI. Versione metrica in dialetto bellunese\u201d, Ibrs, 1997; \u201cFuliske. Poesie in dialetto bellunese\u201d, editore Tipografia Piave, 1989; \u201cIl Vangelo di Luca\u201d versione in dialetto bellunese, Istituto di scienze religiose San Gregorio Magno di Belluno, solo per citarne alcuni). Quello di cui ci occupiamo \u00e8 intitolato \u201cAl feri\u00f3n\u201d (tipico slittino con pattini che in alcuni paesi del Bellunese \u00e8 chiamato fri\u00f3n. F\u00e8rio, fer\u00e0da, j\u00e9zol, liz\u00e9r, c\u00f2cio, grav\u00e0tol e chi pi\u00f9 ne ha pi\u00f9 ne metta\u2026 \u2013 ndr.). Proposto nell\u2019aprile del 1973 per i tipi della tipolitografia Piave di Belluno dalla Tarantola editore, \u00e8 arricchito da copertina e disegni di Vincenzo Munaro, e si apre con una puntualizzazione dell\u2019autore: \u201cHo scritto questi versi, senza nessuna pretesa, in dialetto, perch\u00e9 \u00e8 la lingua della mia terra. Essi non sono che l\u2019espressione dell\u2019affetto che nutro per la mia Citt\u00e0. Li dedico a mia moglie Emanuela, che per prima ha sorriso per queste rime\u201d. Si parte dunque con \u201cAl feri\u00f3n, prima di ventinove liriche che comprendono : Matina t\u00e9l Piave\u201d, \u201cCrodar\u00f3i\u201d, \u201cNa vita\u201d, \u201cLa me tuia\u201d; \u201cLa ricreazi\u00f3n\u201d, \u201cMiniera\u201d. \u201cAn pore elm\u00e9t\u201d; \u201cFadiga\u201d, \u201cCamera nostra\u201d, \u201cPiero mut\u201d, \u201cA Giano\u201d, \u201cPanic\u00f9ch\u201d, \u201cToni Sbr\u00e9ga\u201d, \u201cLa Caor\u00e8ra\u201d, \u201cSenza c\u00f3r\u201d, \u201cFan da \u00f2rbi\u201d, \u201cMostro de \u2018n lat\u201d, \u201cMosche zarlat\u00e0ne\u201d, \u201cVoia de Bel\u00f9n\u201d, \u201cTosat del \u201898\u201d, \u201cNote, amor\u201d, \u201cPorta Dojona\u201d, \u201cV\u00e8ndre Sant\u201d, \u201cAl Matutin in Domo\u201d, \u201cVent de novembre\u201d, \u201cSperanza\u201d \u201cBepo Tanaca\u201d, \u201cFlavio Ostilio. Nell\u2019impossibilit\u00e0 di postarle tutte, ne abbiamo scelte alcune partendo proprio da quella che ha dato il titolo al lavoro dell\u2019amico di vecchia data Thomas: \u201cTorot\u00f3n, torot\u00f3n, torot\u00f3n,\/ Jaza nono che passa \u2018l feri\u00f3n!\/ Fe mo presto tireve tel f\u00f2s,\/ che \u2018l ve salta, mo nono, tei \u00f2s.\/ Elo che mo elo che da zig\u00e0r?\/ No se pol gnanca pi camin\u00e0r?!\/ E tirandose f\u00f2ra dal gi\u00e0z\/ al ghe ciapa na gamba \u2018l trem\u00e0z.\/ Sacraboldfi de boce test\u00f3i,\/ no av\u00e9altro che t\u00f2le e feri\u00f3i!\/ Ma ve giure, se ciape \u2018n schiz\u00e9t,\/ te la zuca ve spache \u2018l bach\u00e9t!\/ No l\u2019\u00e0 gnanca fin\u00ec de parlar,\/ pore vecio, che l\u00e0 ne \u2018l olt\u00e0r,\/ an feri\u00f3n da s\u00f3 p\u00f3sta sband\u00e0\/ al ghe slava le brage ten fi\u00e0!\/ Torot\u00f3n, tor\u00f3ton, tor\u00f3ton,\/ Jaza nono che passa \u2018l feri\u00f3n!\/ Jaza \u2018n porco!! Che \u2018 passe de qua\/ se \u2019l\u00e0 voia finirf scavez\u00e0!\/ Ma continua a passar i bociasse\/ che fazendoghe \u2018n sac de lenguazze\/ i ghe fis\u2019cia par sot al so nas\/ e sto pore vec\u00e9t no \u2018l \u00e0 pas!\u201d Ed ecco \u201cCrodar\u00f3i\u201d: \u201cLigadi da na corda,\/ ma pi da la passi\u00f3n,\/ i scala tel silenzio\/ na Pala del Balc\u00f3n.\/ I ciodi i bat la cr\u00f2da,\/ le man i la careza,\/ pi \u2018n su, pi \u2018n su che i scala\/ la corda la s\u2019indr\u00e9za,\/ s\u2019indr\u00e9za sot an sp\u00ecgol\/ de \u2018n sesto che no \u2018l m\u00f2la,\/ Al ci\u00f2do Berto, al cio\u00f2do!&#8230;\/ E un sul altro \u2018l vola.\/ No \u2018l \u00e8 ness\u00f9n che varda,\/ no l\u2019\u00e8 ness\u00f9n che s\u00e9nt,\/ le crode no le piande,\/ no ghe n\u2019importa gn\u00e9nt\u201d. Tocca a \u201cMiniera\u201d: \u201cTel scur de na mini\u00e9ra,\/ par guadagnar \u2018l p\u00e0n,\/ elo just che la pussi\u00e9ra\/ la maze \u2018n pore c\u00e0n?\/ Ancoi \u2018l \u00e8 mort an v\u00e8cio\/ che \u2018l era de Casti\u00f3n,\/ al \u00e8 mort te na bar\u00e0ca,\/ tel fret del so paj\u00f3n\u201d. E ora \u201cLa Caor\u00e8ra\u201d: \u201cL\u2019\u00e8 quatro cas\u00e9te poi\u00e0de\/ par s\u00f3ra \u2018n pier\u00f3n de le grave,\/ da temp l\u2019\u00e8 r\u00f3mai bituade\/ al vecio s\u2019ciaf\u00f3n de la Piave.\/ Co l\u2019aqua la bat su le porte,\/ passando par sora \u2018l mur\u00e9t,\/ le par che, cenendose forte,\/ le voie salvar i poar\u00e9t.\/ Passada che l\u2019\u00e8 la brent\u00e0na,\/ co \u2018l girlo se move pian\u00e9t,\/ na v\u00e8cia lavando la biana\/ tovaja, camise e calz\u00e9t\u201d. Eccoci a \u201cFan da \u00f2rbi\u201d: \u201cCo te \u00e0 fan no te rai\u00f3na,\/ te s\u00e9 nero tant fa \u2018n bis;\/ la cusina te piantona,\/ de zigar no te finis:\/ &#8211; \u00d2 la panza che me str\u00e9nde,\/ de spetar mi ghe n\u2019\u00f2 \u2018n g\u00f2s! -.\/ Na veceta la ghe tende,\/ l\u2019\u00e8 me mama e me con\u00f3s\u201d. Concludiamo con \u201cVoia de Bel\u00f9n\u201d: \u201cTi Roma te s\u00e9 bela,\/ ti Roma te s\u00e9 granda,\/ al me Bel\u00f9n inveze\/ al \u00e8 da n\u2019altra banda.\/ Al \u00e8 tra le montagne\/ speciade te la Piave\/ e tute le so case\/ le v\u00e0rda in do le grave.\/ Ti Roma te \u00e0 le c\u00e9se\/ de Piero e Paolo Sant\/ e \u2018n grun de pelegrini\/ i core qua de bant,\/ ma mi no me n\u2019importa,\/ no fae tu part del gr\u00f9n,\/ me ciame Pellegrini,\/ ma torne su a Bel\u00f9n\u201d. Ed ora, per agevolare la comprensione dei testi, il glossario: bate br\u00f3che: battere i denti per il freddo; brentana: piena; br\u00f2ch: buono a nulla; bur\u00e8la: vicolo stretto; busna: mormorano; Caor\u00e8ra: gruppo di vecchie case sul Piave; carolade: tarlate; caza: mestolo, ramaiolo, caccia; che i me l\u00f3ghe: che mi rimbocchino; c\u00f3gne: debbo; da s\u00f3 posta: da s\u00e9; D\u00e0i \u00f2lta! D\u00e0i issa!: espressione di incitamento; de bant: inutilmente, per nulla; fest\u00f9ch: pagliuzze; galivadi: spianati; girlo: gorgo; guaza: rugiada; infintimai: fino a quando, fino a; jaza: pista (esclamazione), pista di ghiaccio; matutin: funzione religiosa; molt\u00f3n: montone; paj\u00f3n: pagliericcio; Pale de Balc\u00f3n: gruppo roccioso alla sinistra del monte Schiara; panic\u00f9ch: acetosella: pianta erbacea delle Oxalidacee; Pascol\u00e9t: monte Pascolet; pussi\u00e9ra: silicosi; racole: raganelle, strumenti di legno per fare del chiasso usati il Venerd\u00ec Santo; sacrab\u00f2ldi: imprecazione; sacrinfizio: imprecazione; savisi\u00e9de: sapeste; s\u2019ciap: frotta; sdraia: cade a dirotto; s\u2019inch\u00e9chea: balbetta; stram\u00e0z: materasso di strame; taje: tronchi d\u2019albero senza corteccia; talp\u00f3n: pioppo; teghe: fagiolini; trem\u00e0z: tremito; zapa: pesta, zappa.<\/p>\n\n\t\t\t<style type='text\/css'>\n\t\t\t\t#gallery-7 {\n\t\t\t\t\tmargin: auto;\n\t\t\t\t}\n\t\t\t\t#gallery-7 .gallery-item {\n\t\t\t\t\tfloat: left;\n\t\t\t\t\tmargin-top: 10px;\n\t\t\t\t\ttext-align: center;\n\t\t\t\t\twidth: 25%;\n\t\t\t\t}\n\t\t\t\t#gallery-7 img {\n\t\t\t\t\tborder: 2px solid #cfcfcf;\n\t\t\t\t}\n\t\t\t\t#gallery-7 .gallery-caption {\n\t\t\t\t\tmargin-left: 0;\n\t\t\t\t}\n\t\t\t\t\/* see gallery_shortcode() in wp-includes\/media.php *\/\n\t\t\t<\/style>\n\t\t<div id='gallery-7' class='dt-gallery-container gallery galleryid-167981 gallery-columns-4 gallery-size-thumbnail'><dl class='gallery-item'>\n\t\t\t\t<dt class='gallery-icon landscape'>\n\t\t\t\t\t<a class=\"rollover rollover-zoom dt-pswp-item\" title=\"122503398_1056880751436864_4279264978078998269_n\" data-dt-img-description=\"\" data-large_image_width=\"800\" data-large_image_height=\"480\"href='https:\/\/www.radiopiu.net\/wordpress\/wp-content\/uploads\/2020\/10\/122503398_1056880751436864_4279264978078998269_n.jpg'><img loading=\"lazy\" decoding=\"async\" width=\"150\" height=\"150\" src=\"https:\/\/www.radiopiu.net\/wordpress\/wp-content\/uploads\/2020\/10\/122503398_1056880751436864_4279264978078998269_n-150x150.jpg\" class=\"attachment-thumbnail size-thumbnail\" alt=\"\" \/><\/a>\n\t\t\t\t<\/dt><\/dl><dl class='gallery-item'>\n\t\t\t\t<dt class='gallery-icon portrait'>\n\t\t\t\t\t<a class=\"rollover rollover-zoom dt-pswp-item\" title=\"122625132_389887335355337_2635442335714001030_n\" data-dt-img-description=\"\" data-large_image_width=\"679\" data-large_image_height=\"960\"href='https:\/\/www.radiopiu.net\/wordpress\/wp-content\/uploads\/2020\/10\/122625132_389887335355337_2635442335714001030_n.jpg'><img loading=\"lazy\" decoding=\"async\" width=\"150\" height=\"150\" src=\"https:\/\/www.radiopiu.net\/wordpress\/wp-content\/uploads\/2020\/10\/122625132_389887335355337_2635442335714001030_n-150x150.jpg\" class=\"attachment-thumbnail size-thumbnail\" alt=\"\" \/><\/a>\n\t\t\t\t<\/dt><\/dl><dl class='gallery-item'>\n\t\t\t\t<dt class='gallery-icon portrait'>\n\t\t\t\t\t<a class=\"rollover rollover-zoom dt-pswp-item\" title=\"122474398_2804478599879606_8813334562710525780_n\" data-dt-img-description=\"\" data-large_image_width=\"687\" data-large_image_height=\"960\"href='https:\/\/www.radiopiu.net\/wordpress\/wp-content\/uploads\/2020\/10\/122474398_2804478599879606_8813334562710525780_n.jpg'><img loading=\"lazy\" decoding=\"async\" width=\"150\" height=\"150\" src=\"https:\/\/www.radiopiu.net\/wordpress\/wp-content\/uploads\/2020\/10\/122474398_2804478599879606_8813334562710525780_n-150x150.jpg\" class=\"attachment-thumbnail size-thumbnail\" alt=\"\" \/><\/a>\n\t\t\t\t<\/dt><\/dl><dl class='gallery-item'>\n\t\t\t\t<dt class='gallery-icon portrait'>\n\t\t\t\t\t<a class=\"rollover rollover-zoom dt-pswp-item\" title=\"122617912_686237898977888_4445934747159201040_n\" data-dt-img-description=\"\" data-large_image_width=\"645\" data-large_image_height=\"960\"href='https:\/\/www.radiopiu.net\/wordpress\/wp-content\/uploads\/2020\/10\/122617912_686237898977888_4445934747159201040_n.jpg'><img loading=\"lazy\" decoding=\"async\" width=\"150\" height=\"150\" src=\"https:\/\/www.radiopiu.net\/wordpress\/wp-content\/uploads\/2020\/10\/122617912_686237898977888_4445934747159201040_n-150x150.jpg\" class=\"attachment-thumbnail size-thumbnail\" alt=\"\" \/><\/a>\n\t\t\t\t<\/dt><\/dl><br style=\"clear: both\" \/><dl class='gallery-item'>\n\t\t\t\t<dt class='gallery-icon portrait'>\n\t\t\t\t\t<a class=\"rollover rollover-zoom dt-pswp-item\" title=\"122531973_678319119766512_5221687245836975740_n\" data-dt-img-description=\"\" data-large_image_width=\"142\" data-large_image_height=\"200\"href='https:\/\/www.radiopiu.net\/wordpress\/wp-content\/uploads\/2020\/10\/122531973_678319119766512_5221687245836975740_n.jpg'><img loading=\"lazy\" decoding=\"async\" width=\"142\" height=\"150\" src=\"https:\/\/www.radiopiu.net\/wordpress\/wp-content\/uploads\/2020\/10\/122531973_678319119766512_5221687245836975740_n-142x150.jpg\" class=\"attachment-thumbnail size-thumbnail\" alt=\"\" \/><\/a>\n\t\t\t\t<\/dt><\/dl><dl class='gallery-item'>\n\t\t\t\t<dt class='gallery-icon portrait'>\n\t\t\t\t\t<a class=\"rollover rollover-zoom dt-pswp-item\" title=\"122509481_640340976652586_546060134476120575_n\" data-dt-img-description=\"\" data-large_image_width=\"751\" data-large_image_height=\"960\"href='https:\/\/www.radiopiu.net\/wordpress\/wp-content\/uploads\/2020\/10\/122509481_640340976652586_546060134476120575_n.jpg'><img loading=\"lazy\" decoding=\"async\" width=\"150\" height=\"150\" src=\"https:\/\/www.radiopiu.net\/wordpress\/wp-content\/uploads\/2020\/10\/122509481_640340976652586_546060134476120575_n-150x150.jpg\" class=\"attachment-thumbnail size-thumbnail\" alt=\"\" \/><\/a>\n\t\t\t\t<\/dt><\/dl><dl class='gallery-item'>\n\t\t\t\t<dt class='gallery-icon portrait'>\n\t\t\t\t\t<a class=\"rollover rollover-zoom dt-pswp-item\" title=\"122626365_416257859368497_1200297410826011363_n\" data-dt-img-description=\"\" data-large_image_width=\"670\" data-large_image_height=\"960\"href='https:\/\/www.radiopiu.net\/wordpress\/wp-content\/uploads\/2020\/10\/122626365_416257859368497_1200297410826011363_n.jpg'><img loading=\"lazy\" decoding=\"async\" width=\"150\" height=\"150\" src=\"https:\/\/www.radiopiu.net\/wordpress\/wp-content\/uploads\/2020\/10\/122626365_416257859368497_1200297410826011363_n-150x150.jpg\" class=\"attachment-thumbnail size-thumbnail\" alt=\"\" \/><\/a>\n\t\t\t\t<\/dt><\/dl><dl class='gallery-item'>\n\t\t\t\t<dt class='gallery-icon portrait'>\n\t\t\t\t\t<a class=\"rollover rollover-zoom dt-pswp-item\" title=\"122579834_355027392373251_6893470925225682427_n\" data-dt-img-description=\"\" data-large_image_width=\"250\" data-large_image_height=\"329\"href='https:\/\/www.radiopiu.net\/wordpress\/wp-content\/uploads\/2020\/10\/122579834_355027392373251_6893470925225682427_n.jpg'><img loading=\"lazy\" decoding=\"async\" width=\"150\" height=\"150\" src=\"https:\/\/www.radiopiu.net\/wordpress\/wp-content\/uploads\/2020\/10\/122579834_355027392373251_6893470925225682427_n-150x150.jpg\" class=\"attachment-thumbnail size-thumbnail\" alt=\"\" \/><\/a>\n\t\t\t\t<\/dt><\/dl><br style=\"clear: both\" \/>\n\t\t\t<\/div>\n\n<p>NELLE FOTO (Abm, Google, riproduzioni dal libro \u201cAl feri\u00f3n): la copertina del libro di poesie in dialetto bellunese; l\u2019autore, Thomas Pellegrini; l\u2019illustratore Vincenzo Munaro; il feri\u00f3n, slittino tipico con pattini; \u201can pore elmet\u201d; la Caor\u00e8ra; Porta Dojona; il sarcofago di Flavio Ostilio.<\/p>\n<p>&nbsp;<\/p>\n<hr \/>\n<blockquote>\n<h3><\/h3>\n<h3>DILLO A RADIO PIU&#8217;&#8230; SEMAFORI NON SINCRONIZZATI<\/h3>\n<div><strong><a class=\"dt-pswp-item\" href=\"https:\/\/www.radiopiu.net\/wordpress\/wp-content\/uploads\/2018\/07\/semafoto.jpg\" data-dt-img-description=\"\" data-large_image_width=\"1280\" data-large_image_height=\"676\"><img loading=\"lazy\" decoding=\"async\" class=\"wp-image-55030 alignleft\" src=\"https:\/\/www.radiopiu.net\/wordpress\/wp-content\/uploads\/2018\/07\/semafoto-300x158.jpg\" alt=\"\" width=\"197\" height=\"104\" srcset=\"https:\/\/www.radiopiu.net\/wordpress\/wp-content\/uploads\/2018\/07\/semafoto-300x158.jpg 300w, https:\/\/www.radiopiu.net\/wordpress\/wp-content\/uploads\/2018\/07\/semafoto-768x406.jpg 768w, https:\/\/www.radiopiu.net\/wordpress\/wp-content\/uploads\/2018\/07\/semafoto-1024x541.jpg 1024w, https:\/\/www.radiopiu.net\/wordpress\/wp-content\/uploads\/2018\/07\/semafoto.jpg 1280w\" sizes=\"auto, (max-width: 197px) 100vw, 197px\" \/><\/a>FALCADE<\/strong> U<em>na mia riflessione sui tanti semafori che siamo costretti a subire andando a Belluno. Me lo sono chiesto tante volte e, me lo richiedo, perch\u00e9\u00a0 questi semafori o almeno quelli pi\u00f9 vicini tra loro non vengono sincronizzati? Notavo a Falcade dove dopo il semaforo dell\u2019incrocio di\u00a0 Via Trieste a circa 100 metri era situato altro semaforo per lavori. Quando sul primo scattava\u00a0 il verde sul secondo scattava\u00a0 il rosso, quindi altra fermata. Non credo ci voglia una speciale tecnologia per sincronizzarli ma soltanto un po di buon senso. Ho capito una cosa: ognuno fa il suo lavoro senza pensare che certe situazioni portano disagio ad altri, in particolare agli automobilisti.<\/em><\/div>\n<div><\/div>\n<div><strong>Rodolfo Pellegrinon<\/strong><\/div>\n<\/blockquote>\n<p>&nbsp;<\/p>\n<p>&nbsp;<\/p>\n<hr \/>\n<p>&nbsp;<\/p>\n<h3><span style=\"color: #800000;\">IERI ALLA RADIO<\/span><\/h3>\n<p><span style=\"color: #000000;\"><a class=\"dt-pswp-item\" href=\"https:\/\/www.radiopiu.net\/wordpress\/wp-content\/uploads\/2019\/03\/almanacco-lettore.jpg\" data-dt-img-description=\"\" data-large_image_width=\"1100\" data-large_image_height=\"200\"><img loading=\"lazy\" decoding=\"async\" class=\"size-medium wp-image-79244 alignleft\" src=\"https:\/\/www.radiopiu.net\/wordpress\/wp-content\/uploads\/2019\/03\/almanacco-lettore-300x55.jpg\" alt=\"\" width=\"300\" height=\"55\" srcset=\"https:\/\/www.radiopiu.net\/wordpress\/wp-content\/uploads\/2019\/03\/almanacco-lettore-300x55.jpg 300w, https:\/\/www.radiopiu.net\/wordpress\/wp-content\/uploads\/2019\/03\/almanacco-lettore-768x140.jpg 768w, https:\/\/www.radiopiu.net\/wordpress\/wp-content\/uploads\/2019\/03\/almanacco-lettore-1024x186.jpg 1024w, https:\/\/www.radiopiu.net\/wordpress\/wp-content\/uploads\/2019\/03\/almanacco-lettore.jpg 1100w\" sizes=\"auto, (max-width: 300px) 100vw, 300px\" \/><\/a>IL RITORNO DELL&#8217;ALMANACCO LADINO, DA LUNEDI ALLA RADIO\u00a0<\/span><\/p>\n<p><strong>OSPITE IN STUDIO, DENNI DORIGO<\/strong><\/p>\n<audio class=\"wp-audio-shortcode\" id=\"audio-167981-9\" preload=\"none\" style=\"width: 100%;\" controls=\"controls\"><source type=\"audio\/mpeg\" src=\"https:\/\/www.radiopiu.net\/wordpress\/wp-content\/uploads\/2020\/10\/denni-dorigo.mp3?_=9\" \/><a href=\"https:\/\/www.radiopiu.net\/wordpress\/wp-content\/uploads\/2020\/10\/denni-dorigo.mp3\">https:\/\/www.radiopiu.net\/wordpress\/wp-content\/uploads\/2020\/10\/denni-dorigo.mp3<\/a><\/audio>\n<p>&nbsp;<\/p>\n<p>&nbsp;<\/p>\n<hr \/>\n<div class=\"im_message_wrap clearfix\">\n<div class=\"im_content_message_wrap im_message_out\">\n<h2><span style=\"color: #ff0000;\">IERI ALLA RADIO<\/span><\/h2>\n<p><strong>IL RITORNO DI IN VIVO VERSO, LA SESTA STAGIONE, PRIMA SETTIMANA DA UN&#8217;IDEA DI BRUNELLA MORO:<\/strong>\u00a0 questa settimana Antonietta Crepaz, Gisella Canzian, Lorella De Bon. Marco V. Dal Farra\u00a0 e Mariano Grossi.<\/p>\n<p><strong><span style=\"color: #0000ff;\">IN ONDA DAL LUNEDI AL VENERDI ALLE 7.10, 10.10, 18.50<\/span><\/strong><\/p>\n<blockquote class=\"wp-embedded-content\" data-secret=\"q6hOsaIfHB\"><p><a href=\"https:\/\/www.radiopiu.net\/wordpress\/pupe-di-mariano-grossi\/\">PUPE&#8217; di MARIANO GROSSI<\/a><\/p><\/blockquote>\n<p><iframe loading=\"lazy\" class=\"wp-embedded-content\" sandbox=\"allow-scripts\" security=\"restricted\" style=\"position: absolute; clip: rect(1px, 1px, 1px, 1px);\" title=\"&#8220;PUPE&#8217; di MARIANO GROSSI&#8221; &#8212; Radio Pi\u00f9\" src=\"https:\/\/www.radiopiu.net\/wordpress\/pupe-di-mariano-grossi\/embed\/#?secret=q6hOsaIfHB\" data-secret=\"q6hOsaIfHB\" width=\"600\" height=\"338\" frameborder=\"0\" marginwidth=\"0\" marginheight=\"0\" scrolling=\"no\"><\/iframe><\/p>\n<\/div>\n<\/div>\n<p><span style=\"font-family: Verdana, sans-serif;\"><span style=\"font-size: medium;\">LA RACCOLTA COMPLETA, TUTTE LE COLLEZIONI<\/span><\/span><\/p>\n<blockquote class=\"wp-embedded-content\" data-secret=\"zwMLo2WI18\"><p><a href=\"https:\/\/www.radiopiu.net\/wordpress\/in-vivo-verso\/\">In Vivo Verso<\/a><\/p><\/blockquote>\n<p><iframe loading=\"lazy\" class=\"wp-embedded-content\" sandbox=\"allow-scripts\" security=\"restricted\" style=\"position: absolute; clip: rect(1px, 1px, 1px, 1px);\" title=\"&#8220;In Vivo Verso&#8221; &#8212; Radio Pi\u00f9\" src=\"https:\/\/www.radiopiu.net\/wordpress\/in-vivo-verso\/embed\/#?secret=zwMLo2WI18\" data-secret=\"zwMLo2WI18\" width=\"600\" height=\"338\" frameborder=\"0\" marginwidth=\"0\" marginheight=\"0\" scrolling=\"no\"><\/iframe><\/p>\n<p>&nbsp;<\/p>\n<p><a class=\"dt-pswp-item\" href=\"https:\/\/www.radiopiu.net\/wordpress\/wp-content\/uploads\/2018\/09\/appuntamenti.jpeg\" data-dt-img-description=\"\" data-large_image_width=\"800\" data-large_image_height=\"100\"><img loading=\"lazy\" decoding=\"async\" class=\"aligncenter wp-image-61958 size-full\" src=\"https:\/\/www.radiopiu.net\/wordpress\/wp-content\/uploads\/2018\/09\/appuntamenti.jpeg\" alt=\"\" width=\"800\" height=\"100\" srcset=\"https:\/\/www.radiopiu.net\/wordpress\/wp-content\/uploads\/2018\/09\/appuntamenti.jpeg 800w, https:\/\/www.radiopiu.net\/wordpress\/wp-content\/uploads\/2018\/09\/appuntamenti-300x38.jpeg 300w, https:\/\/www.radiopiu.net\/wordpress\/wp-content\/uploads\/2018\/09\/appuntamenti-768x96.jpeg 768w\" sizes=\"auto, (max-width: 800px) 100vw, 800px\" \/><\/a><\/p>\n<p>&nbsp;<\/p>\n<div><strong>CHIES D&#8217;ALPAGO<\/strong> Domani 70^ giornata del ringraziamento agricolo, alle 9 arrivo trattoristi, 9.30 messa con il Vescovo o suo delegato, 10.30 benedizione macchine agricole e animali 10.45 interventi delle autorit\u00e0 11 sfilata trattori e animali 12.00 momento conviviale.<\/div>\n<div><\/div>\n<div>\n<p><strong>AGORDO\u00a0<\/strong>Pc Ranch Young Team e Aics Belluno organizzano un corso di ginnastica-coordinazione-ritmo volteggio (foto). Tutti i martedi fino a maggio sempre alle 16 al Palarova. Orario: 16-17 bambini 5-7 anni; 16.30-1830 bambini dagli 8 anni compiuti. Info e iscrizioni da Donatella al 348 4352362. (Ci sono ancora alcuni posti disponibili)<\/p>\n<p>&nbsp;<\/p>\n<p>&nbsp;<\/p>\n<\/div>\n<hr \/>\n<p>&nbsp;<\/p>\n<p>&nbsp;<\/p>\n<h2><span style=\"color: #ff0000;\">IERI ALLA RADIO<\/span><\/h2>\n<h2><span style=\"color: #808000;\">DUE MINUTI UN LIBRO\u00a0 \u00a0 \u00a0<\/span><\/h2>\n<blockquote class=\"wp-embedded-content\" data-secret=\"UQcewV78aC\"><p><a href=\"https:\/\/www.radiopiu.net\/wordpress\/la-casa-sullargine\/\">LA CASA SULL&#8217;ARGINE<\/a><\/p><\/blockquote>\n<p><iframe loading=\"lazy\" class=\"wp-embedded-content\" sandbox=\"allow-scripts\" security=\"restricted\" style=\"position: absolute; clip: rect(1px, 1px, 1px, 1px);\" title=\"&#8220;LA CASA SULL&#8217;ARGINE&#8221; &#8212; Radio Pi\u00f9\" src=\"https:\/\/www.radiopiu.net\/wordpress\/la-casa-sullargine\/embed\/#?secret=UQcewV78aC\" data-secret=\"UQcewV78aC\" width=\"600\" height=\"338\" frameborder=\"0\" marginwidth=\"0\" marginheight=\"0\" scrolling=\"no\"><\/iframe><\/p>\n<h2>LA RACCOLTA COMPLETA<\/h2>\n<blockquote class=\"wp-embedded-content\" data-secret=\"4AdoSJy78M\"><p><a href=\"https:\/\/www.radiopiu.net\/wordpress\/due-minuti-un-libro\/\">Due minuti un libro<\/a><\/p><\/blockquote>\n<p><iframe loading=\"lazy\" class=\"wp-embedded-content\" sandbox=\"allow-scripts\" security=\"restricted\" style=\"position: absolute; clip: rect(1px, 1px, 1px, 1px);\" title=\"&#8220;Due minuti un libro&#8221; &#8212; Radio Pi\u00f9\" src=\"https:\/\/www.radiopiu.net\/wordpress\/due-minuti-un-libro\/embed\/#?secret=4AdoSJy78M\" data-secret=\"4AdoSJy78M\" width=\"600\" height=\"338\" frameborder=\"0\" marginwidth=\"0\" marginheight=\"0\" scrolling=\"no\"><\/iframe><\/p>\n<p>&nbsp;<\/p>\n<p>&nbsp;<\/p>\n<p>&nbsp;<\/p>\n<p>&nbsp;<\/p>\n<hr \/>\n<p>&nbsp;<\/p>\n<div>\n<h2><span style=\"color: #33cccc;\">I RACCONTI DI PAOLO SOPPELSA il lunedi alle 9.30 e 18.30<\/span><\/h2>\n<h2><span style=\"color: #33cccc;\"><strong>LA RACCOLTA COMPLETA<\/strong><\/span><\/h2>\n<blockquote class=\"wp-embedded-content\" data-secret=\"QAOPD7p5dt\"><p><a href=\"https:\/\/www.radiopiu.net\/wordpress\/i-racconti-di-paolo-soppelsa\/\">I racconti di Paolo Soppelsa<\/a><\/p><\/blockquote>\n<p><iframe loading=\"lazy\" class=\"wp-embedded-content\" sandbox=\"allow-scripts\" security=\"restricted\" style=\"position: absolute; clip: rect(1px, 1px, 1px, 1px);\" title=\"&#8220;I racconti di Paolo Soppelsa&#8221; &#8212; Radio Pi\u00f9\" src=\"https:\/\/www.radiopiu.net\/wordpress\/i-racconti-di-paolo-soppelsa\/embed\/#?secret=QAOPD7p5dt\" data-secret=\"QAOPD7p5dt\" width=\"600\" height=\"338\" frameborder=\"0\" marginwidth=\"0\" marginheight=\"0\" scrolling=\"no\"><\/iframe><\/p>\n<p>&nbsp;<\/p>\n<\/div>\n<p>&nbsp;<\/p>\n<hr \/>\n<div>\n<h2><span style=\"color: #000080;\"><a class=\"dt-pswp-item\" href=\"https:\/\/www.radiopiu.net\/wordpress\/wp-content\/uploads\/2020\/10\/pp.jpg\" data-dt-img-description=\"\" data-large_image_width=\"640\" data-large_image_height=\"640\"><img loading=\"lazy\" decoding=\"async\" class=\"wp-image-163678 alignleft\" src=\"https:\/\/www.radiopiu.net\/wordpress\/wp-content\/uploads\/2020\/10\/pp-300x300.jpg\" alt=\"\" width=\"106\" height=\"106\" srcset=\"https:\/\/www.radiopiu.net\/wordpress\/wp-content\/uploads\/2020\/10\/pp-300x300.jpg 300w, https:\/\/www.radiopiu.net\/wordpress\/wp-content\/uploads\/2020\/10\/pp-150x150.jpg 150w, https:\/\/www.radiopiu.net\/wordpress\/wp-content\/uploads\/2020\/10\/pp-125x125.jpg 125w, https:\/\/www.radiopiu.net\/wordpress\/wp-content\/uploads\/2020\/10\/pp-200x200.jpg 200w, https:\/\/www.radiopiu.net\/wordpress\/wp-content\/uploads\/2020\/10\/pp-80x80.jpg 80w, https:\/\/www.radiopiu.net\/wordpress\/wp-content\/uploads\/2020\/10\/pp-480x480.jpg 480w, https:\/\/www.radiopiu.net\/wordpress\/wp-content\/uploads\/2020\/10\/pp.jpg 640w\" sizes=\"auto, (max-width: 106px) 100vw, 106px\" \/><\/a>DON CESARE, IL PENSIERO DEL GIORNO. ALLA RADIO ALLE 7 DEL MATTINO E ALLE 19.30 DELLA SERA.\u00a0\u00a0<\/span><\/h2>\n<\/div>\n<p>&nbsp;<\/p>\n<p>&nbsp;<\/p>\n<audio class=\"wp-audio-shortcode\" id=\"audio-167981-10\" preload=\"none\" style=\"width: 100%;\" controls=\"controls\"><source type=\"audio\/mpeg\" src=\"https:\/\/www.radiopiu.net\/wordpress\/wp-content\/uploads\/2020\/10\/cesare-3.mp3?_=10\" \/><a href=\"https:\/\/www.radiopiu.net\/wordpress\/wp-content\/uploads\/2020\/10\/cesare-3.mp3\">https:\/\/www.radiopiu.net\/wordpress\/wp-content\/uploads\/2020\/10\/cesare-3.mp3<\/a><\/audio>\n<hr \/>\n<p>&nbsp;<\/p>\n<div>\n<p><a class=\"dt-pswp-item\" href=\"https:\/\/www.radiopiu.net\/wordpress\/wp-content\/uploads\/2018\/09\/viabilita.jpeg\" data-dt-img-description=\"\" data-large_image_width=\"800\" data-large_image_height=\"100\"><img loading=\"lazy\" decoding=\"async\" class=\"aligncenter wp-image-61954 size-full\" src=\"https:\/\/www.radiopiu.net\/wordpress\/wp-content\/uploads\/2018\/09\/viabilita.jpeg\" alt=\"\" width=\"800\" height=\"100\" srcset=\"https:\/\/www.radiopiu.net\/wordpress\/wp-content\/uploads\/2018\/09\/viabilita.jpeg 800w, https:\/\/www.radiopiu.net\/wordpress\/wp-content\/uploads\/2018\/09\/viabilita-300x38.jpeg 300w, https:\/\/www.radiopiu.net\/wordpress\/wp-content\/uploads\/2018\/09\/viabilita-768x96.jpeg 768w\" sizes=\"auto, (max-width: 800px) 100vw, 800px\" \/><\/a><\/p>\n<\/div>\n<p>&nbsp;<\/p>\n<p><strong>PROVINCIALE 251\u00a0<\/strong> COLLE SANTA LUCIA Fino al 28 novembre senso unico (per asfaltature) compresi sabato e domenica (stessa situazione lungo la 203 agordina in localit\u00e0 Rucav\u00e0)<\/p>\n<p><strong>SP 638 PASSO GIAU <\/strong>A Colle Santa Lucia fino\u00a0al 28 ottobre. esclusi sabato e domenica senso unico alternato per indagini geognostiche<\/p>\n<p><strong>SP 12 PEDEMONTANA <\/strong>senso unico alternato regolato da impianto semaforico in localit\u00e0 Veses fino al 6 novembre, esclusi sabati e domeniche, per messa in sicurezza versante a monte della strada<\/p>\n<p><strong>SP 25 DEL PASSO VALLES<\/strong> senso unico alternato regolato da impianto semaforico in localit\u00e0 Caverson fino al 30 ottobre, esclusi sabati e domenica, \u00a0per manutenzione sovrappasso pista da sci<\/p>\n<p><strong>SR 48 DELLE DOLOMITI<\/strong> Fino al 30 ottobre (festivi e prefestivi esclusi) senso unico alternato con movieri o semafori<\/p>\n<p><strong>203 AGORDINA, ALLEGHE<\/strong> LOCALITA&#8217; SOPRA SAC\u00a0 fino \u00a0al 30 ottobre (sabato e domenica esclusi) senso unico alternato per allestimento opere anti valanghive<\/p>\n<p><strong>SP 3 DELLA VAL IMPERINA<\/strong> fino a revoca, senso unico alternato regolato a vista in localit\u00e0 Gona di Conedera di Rivamonte per cedimento della carreggiata stradale<\/p>\n<p><strong>SR 48 DELLE DOLOMITI<\/strong> fino\u00a0 al 6 novembre (festivi e prefestivi inclusi) senso unico alternato in localit\u00e0 Brenta Comune di Livinallongo del Col di Lana.<\/p>\n<p><strong>SP 422 DELL&#8217;ALPAGO E DEL CANSIGLIO<\/strong> fino al 30 ottobre senso unico alternato regolato da movieri tra le 8 e le 19 tra Puos e Cornei per posa fibra ottica<\/p>\n<p><strong>SR 48 DELLE DOLOMITI\u00a0 <\/strong>fino\u00a0al 31 ottobre, compresi sabati e domeniche, senso unico alternato regolato da impianto semaforico tra Passo Falzarego e il parcheggio 5 Torri per posa elettrodotto interrato<\/p>\n<p><strong>SP 49 DI MISURINA <\/strong>fino al\u00a020 novembre, senso unico alternato regolato da impianto semaforico tra Misurina e il confine con la provincia di Bolzano per posa elettrodotto interrato<\/p>\n<p><strong>REGIONALE 48 DELLE DOLOMITI<\/strong> localit\u00e0 Cernadoi-Pian di Falzarego, fino al 30 ottobre senso unico alternato regolato da semaforo anche nei giorni festivi e prefestivi.<\/p>\n<p><strong>PROVINCIALE 251 VAL DI ZOLDO E CELLINA<\/strong> localit\u00e0 Pescul-Selva di Cadore, fino al 31 ottobre senso unico alternato con movieri o semaforo, escluso sabato e domenica.<\/p>\n<p><strong>PROVINCIALE 641 PASSO FEDAIA<\/strong> Fino al 30 ottobre compresi festivi e prefestivi senso unico con semaforo in localit\u00e0 Capanna Bill<\/p>\n<p><strong>REGIONALE 203 AGORDINA<\/strong>\u00a0 Fino\u00a0 al 18 dicembre (esclusi festivi e prefestivi) senso unico alternato tra Peron e Candaten con movieri dalle 7.30 alle 9 e dalle 16.30 alle 18. Con semaforo negli altri orari<\/p>\n<p><strong>REGIONALE 203 AGORDINA<\/strong> Fino al 30 ottobre (sabato e domenica esclusi) tra Candaten e La Stanga dalle 7.30 alle 9 e dalle 16.30 alle 18 con movieri e negli altri orari con semaforo, senso unico alternato.<\/p>\n<div>\n<p>&nbsp;<\/p>\n<hr \/>\n<p>&nbsp;<\/p>\n<p class=\"photoswipe-wrapper\"><a class=\"dt-pswp-item pspw-wrap-ready\" href=\"https:\/\/i0.wp.com\/www.radiopiu.net\/wordpress\/wp-content\/uploads\/2018\/09\/WhatsApp-Image-2018-09-20-at-16.04.06.jpeg?ssl=1\" data-dt-img-description=\"\" data-large_image_width=\"800\" data-large_image_height=\"100\"><img loading=\"lazy\" decoding=\"async\" class=\"aligncenter wp-image-61378 size-full jetpack-lazy-image jetpack-lazy-image--handled\" src=\"https:\/\/i0.wp.com\/www.radiopiu.net\/wordpress\/wp-content\/uploads\/2018\/09\/WhatsApp-Image-2018-09-20-at-16.04.06.jpeg?resize=800%2C100&amp;ssl=1\" sizes=\"auto, (max-width: 800px) 100vw, 800px\" srcset=\"https:\/\/i0.wp.com\/www.radiopiu.net\/wordpress\/wp-content\/uploads\/2018\/09\/WhatsApp-Image-2018-09-20-at-16.04.06.jpeg?w=800&amp;ssl=1 800w, https:\/\/i0.wp.com\/www.radiopiu.net\/wordpress\/wp-content\/uploads\/2018\/09\/WhatsApp-Image-2018-09-20-at-16.04.06.jpeg?resize=300%2C38&amp;ssl=1 300w, https:\/\/i0.wp.com\/www.radiopiu.net\/wordpress\/wp-content\/uploads\/2018\/09\/WhatsApp-Image-2018-09-20-at-16.04.06.jpeg?resize=768%2C96&amp;ssl=1 768w\" alt=\"\" width=\"800\" height=\"100\" data-lazy-loaded=\"1\" \/><\/a><\/p>\n<\/div>\n<div><\/div>\n<div><b>Sabato 24<\/b> <b>Tempo atteso: <\/b>Fino al pomeriggio parzialmente nuvoloso o nuvoloso, di sera nuvolosit\u00e0 in diminuzione fino anche a cielo sereno o poco nuvoloso.<br \/>\n<b>Precipitazioni: <\/b>Fino al mattino probabilit\u00e0 bassa (5-25%); saranno locali, modeste e di breve durata. Durante il pomeriggio probabilit\u00e0 medio-bassa (25-50%); saranno sparse, modeste e discontinue. Di sera assenti. Quota neve attorno ai 2400\/2500 m.<br \/>\n<b>Temperature: <\/b>Rispetto a venerd\u00ec variazioni anche sensibili; di notte avranno andamento irregolare, di giorno saranno in aumento e di sera in calo con minime nelle ultime ore. Valori prossimi alla norma. Min\/max (\u00b0C): su Prealpi a 1500 m 8\/9, a 2000 m 4\/6; su Dolomiti a 2000 m 4\/5, a 3000 m -3\/0.<br \/>\n<b>Venti: <\/b>Nelle valli deboli\/moderati con direzione variabile; in quota inizialmente moderati\/tesi da sud-ovest ma con tendenza ad indebolirsi e disporsi da nord-est nel corso della prima met\u00e0 di giornata. A 2000 m 10-20 km\/h, a 3000 m 35-50 km\/h.<\/p>\n<hr \/>\n<p><b>Domenica 25<\/b> <b>Tempo atteso: <\/b>Nella prima met\u00e0 di giornata cielo sereno o poco nuvoloso, nelle valli prealpine alcune nebbie fino all&#8217;alba ed in dissolvimento al mattino; dal pomeriggio poco o parzialmente nuvoloso.<br \/>\n<b>Precipitazioni: <\/b>Assenti.<br \/>\n<b>Temperature: <\/b>Rispetto a sabato fino all&#8217;alba saranno pi\u00f9 basse anche di molto, in giornata senza variazioni di rilievo, di sera pi\u00f9 alte in modo leggero\/moderato. Min\/max (\u00b0C): su Prealpi a 1500 m 6\/9, a 2000 m 3\/5; su Dolomiti a 2000 m 3\/5, a 3000 m -3\/0.<br \/>\n<b>Venti: <\/b>Nelle valli deboli\/moderati con direzione variabile; in quota da deboli a tesi col passar delle ore, da sud-ovest. A 2000 m 10-20 km\/h, a 3000 m 25-40 km\/h.<\/p>\n<hr \/>\n<p><b>Lunedi 26<\/b>Nuvolosit\u00e0 in aumento. Attese precipitazioni pi\u00f9 probabilmente dal pomeriggio, con quota neve in graduale abbassamento fino ad arrivare anche attorno ai 2000 m. Temperature in aumento di notte ed in calo di giorno.<\/p>\n<hr \/>\n<p><b>Martedi 27<\/b>Cieo molto nuvoloso o coperto. Ci saranno precipitazioni in vari momenti della giornata, con quota neve in ulteriore abbassamento fino anche ai 1500 m circa pi\u00f9 probabilmente sulle Dolomiti. Temperature in calo. Previsore: Stefano Veronese<\/p>\n<\/div>\n<p>&nbsp;<\/p>\n<p>&nbsp;<\/p>\n<hr \/>\n<p>&nbsp;<\/p>\n<p><a class=\"dt-pswp-item\" href=\"https:\/\/www.radiopiu.net\/wordpress\/wp-content\/uploads\/2018\/09\/sport.jpg\" data-dt-img-description=\"\" data-large_image_width=\"800\" data-large_image_height=\"100\"><img loading=\"lazy\" decoding=\"async\" class=\"wp-image-60761 size-full aligncenter\" src=\"https:\/\/www.radiopiu.net\/wordpress\/wp-content\/uploads\/2018\/09\/sport.jpg\" alt=\"\" width=\"800\" height=\"100\" srcset=\"https:\/\/www.radiopiu.net\/wordpress\/wp-content\/uploads\/2018\/09\/sport.jpg 800w, https:\/\/www.radiopiu.net\/wordpress\/wp-content\/uploads\/2018\/09\/sport-300x38.jpg 300w, https:\/\/www.radiopiu.net\/wordpress\/wp-content\/uploads\/2018\/09\/sport-768x96.jpg 768w\" sizes=\"auto, (max-width: 800px) 100vw, 800px\" \/><\/a><\/p>\n<p>&nbsp;<\/p>\n<blockquote>\n<h3>POCO SPORT IN QUESTO FINE SETTIMANA<\/h3>\n<\/blockquote>\n<p><strong><a class=\"dt-pswp-item\" href=\"https:\/\/www.radiopiu.net\/wordpress\/wp-content\/uploads\/2019\/09\/CALCIO-HOCKEY.jpeg\" data-dt-img-description=\"\" data-large_image_width=\"1600\" data-large_image_height=\"1600\"><img loading=\"lazy\" decoding=\"async\" class=\"size-medium wp-image-97718 alignleft\" src=\"https:\/\/www.radiopiu.net\/wordpress\/wp-content\/uploads\/2019\/09\/CALCIO-HOCKEY-300x300.jpeg\" alt=\"\" width=\"300\" height=\"300\" srcset=\"https:\/\/www.radiopiu.net\/wordpress\/wp-content\/uploads\/2019\/09\/CALCIO-HOCKEY-300x300.jpeg 300w, https:\/\/www.radiopiu.net\/wordpress\/wp-content\/uploads\/2019\/09\/CALCIO-HOCKEY-150x150.jpeg 150w, https:\/\/www.radiopiu.net\/wordpress\/wp-content\/uploads\/2019\/09\/CALCIO-HOCKEY-768x768.jpeg 768w, https:\/\/www.radiopiu.net\/wordpress\/wp-content\/uploads\/2019\/09\/CALCIO-HOCKEY-1024x1024.jpeg 1024w, https:\/\/www.radiopiu.net\/wordpress\/wp-content\/uploads\/2019\/09\/CALCIO-HOCKEY.jpeg 1600w\" sizes=\"auto, (max-width: 300px) 100vw, 300px\" \/><\/a>RADIO PI\u00d9 <\/strong>Sar\u00e0 un fine settimana sterile di avvenimenti sportivi quello che sta per arrivare. Il settore giovanile di calcio ed hockey non scender\u00e0 in campo dopo le disposizioni del nuovo DPCM. Il Fiori Barp ha rinviato il derby con il Borgo Valbelluna e anche l\u2019Agordina rester\u00e0 a casa per il rinvio della gara con l\u2019Arsi\u00e8. Confermate le gare dei campionati Femminili<\/p>\n<p><strong>HOCKEY<\/strong><\/p>\n<p>Questa sera si gioca la quinta giornata della IHL e l\u2019Alleghe \u00e8 impegnato al De Toni contro il Caldaro. Gli agordini escono da una sconfitta ai rigori dopo una bella prestazione contro il Fiemme. Una sola vittoria per le civette nelle prime 3 partite giocate e questa sera la squadra di Matikainen prover\u00e0 a mettere il bastone tra le ruote agli altoatesini. Ingaggio alle 20:30 e diretta su Radio Pi\u00f9 con \u201cHockey Al Punto Giusto\u201d. Settore giovanile che, dopo l\u2019ultimo DPCM, \u00e8 stato fermato dalla federazione fino al 3 novembre prossimo.<\/p>\n<p><strong>CALCIO GIOVANILI <\/strong><\/p>\n<p>Fermo anche il settore giovanile dell\u2019Agordina che, partecipando ai campionati provinciali, non possono giocare partite ufficiali come da decreto del Presidente del Consiglio.<\/p>\n<p><strong>SECONDA E PRIMA CATEGORIA<\/strong><\/p>\n<p>N\u00e8 l\u2019Agordina n\u00e8 il Fiori Barp non scenderanno in campo questo fine settimana. Le due squadre devono fare i conti con la pandemia da Covid-19. La squadra di Agordo si vede rinviare il match con l\u2019Arsi\u00e8 visto che la squadra avversaria ha avuto dei positivi nell\u2019organico. Terza domenica consecutiva senza calcio per il Fiori Barp che deve rinviare il derby con il Borgo Valbelluna sempre per lo stop dell\u2019attivit\u00e0 a causa coronavirus.<\/p>\n<p><strong>CALCIO FEMMINILE<\/strong><\/p>\n<p>Le ragazze del Keralpen giocheranno regolarmente nel fine settimana. Il settore giovanile sar\u00e0 presente nel campionato Juniores che oggi sar\u00e0 a Padova per la sfida contro la Virtus. Prima squadra in campo domani alle 14:30 contro la Proioxix per la trasferta in provincia di Verona<\/p>\n<p><strong>Domani a partire dalle 14:30 su Radio Pi\u00f9 l\u2019appuntamento con \u201cDomenica + Sport\u201d, il contenitore sportivo della domenica pomeriggio per seguire in diretta la partita del Keralpen.<\/strong><\/p>\n<p>&nbsp;<\/p>\n<p>&nbsp;<\/p>\n<hr \/>\n<p>&nbsp;<\/p>\n<blockquote>\n<h3>STASERA AL DE TONI ALLEGHE &#8211; CALDARO<\/h3>\n<\/blockquote>\n<p><strong><a class=\"dt-pswp-item\" href=\"https:\/\/www.radiopiu.net\/wordpress\/wp-content\/uploads\/2019\/08\/logo-alleghe-hockey.png\" data-dt-img-description=\"\" data-large_image_width=\"547\" data-large_image_height=\"512\"><img loading=\"lazy\" decoding=\"async\" class=\"size-medium wp-image-95699 alignleft\" src=\"https:\/\/www.radiopiu.net\/wordpress\/wp-content\/uploads\/2019\/08\/logo-alleghe-hockey-300x281.png\" alt=\"\" width=\"300\" height=\"281\" srcset=\"https:\/\/www.radiopiu.net\/wordpress\/wp-content\/uploads\/2019\/08\/logo-alleghe-hockey-300x281.png 300w, https:\/\/www.radiopiu.net\/wordpress\/wp-content\/uploads\/2019\/08\/logo-alleghe-hockey.png 547w\" sizes=\"auto, (max-width: 300px) 100vw, 300px\" \/><\/a>ALLEGHE<\/strong> Stasera in programma la quinta giornata della IHL. All&#8217;Alvise De Toni di Alleghe le civette ospitano il Caldaro.<\/p>\n<p>&nbsp;<\/p>\n<p><strong>\u00a0<\/strong><\/p>\n<p><strong>\u00a0<\/strong><\/p>\n<p><strong>\u00a0<\/strong><\/p>\n<p><strong>\u00a0<\/strong><\/p>\n<p><strong>\u00a0<\/strong><\/p>\n<p><strong>\u00a0<\/strong><\/p>\n<p><strong>\u00a0<\/strong><\/p>\n<p><strong>ROBERTO MIANA CI PRESENTA LA PARTITA<\/strong><\/p>\n<audio class=\"wp-audio-shortcode\" id=\"audio-167981-11\" preload=\"none\" style=\"width: 100%;\" controls=\"controls\"><source type=\"audio\/mpeg\" src=\"https:\/\/www.radiopiu.net\/wordpress\/wp-content\/uploads\/2020\/10\/ROBERTO-MIANA-ALLEGHE-CALDARO.mp3?_=11\" \/><a href=\"https:\/\/www.radiopiu.net\/wordpress\/wp-content\/uploads\/2020\/10\/ROBERTO-MIANA-ALLEGHE-CALDARO.mp3\">https:\/\/www.radiopiu.net\/wordpress\/wp-content\/uploads\/2020\/10\/ROBERTO-MIANA-ALLEGHE-CALDARO.mp3<\/a><\/audio>\n<\/div>\n<\/div>\n<\/div>\n<\/div>\n<\/div>\n","protected":false},"excerpt":{"rendered":"<p>\u00a0PER RICEVERE QUESTO NOTIZIARIO DIRETTAMENTE SUL TUO CELLULARE ISCRIVITI AL CANALE TELEGRAM \u201cRADIO PIU\u00a0 INFORMAZIONE&#8221; ATTENZIONE: LA NUOVA APP PER IOS-IPHONE https:\/\/apps.apple.com\/it\/app\/radio-pi%C3%B9-emittente-agordina\/id1515939845 ATTENZIONE: LA NUOVA APP RADIO\u00a0 PER ANDROID https:\/\/play.google.com\/store\/apps\/details?id=net.radiopiu.iniko\u00a0\u00a0 &nbsp; FANTASTICHE DOLOMITI &nbsp; ARRIVA L&#8217;ESERCITO PER FARE I TAMPONI, ANCHE IN VENETO DOVE IERI SI SONO CONTATI QUASI 1500 CONTAGI Altra giornata da record&hellip;<\/p>\n","protected":false},"author":4,"featured_media":168088,"comment_status":"closed","ping_status":"closed","sticky":false,"template":"","format":"standard","meta":{"_monsterinsights_skip_tracking":false,"_monsterinsights_sitenote_active":false,"_monsterinsights_sitenote_note":"","_monsterinsights_sitenote_category":0,"footnotes":""},"categories":[1,51,86,49],"tags":[],"class_list":["post-167981","post","type-post","status-publish","format-standard","has-post-thumbnail","hentry","category-senza-categoria","category-evidenza-top","category-gr","category-news-18","category-1","category-51","category-86","category-49","description-off"],"img_url":"https:\/\/www.radiopiu.net\/wordpress\/wp-content\/uploads\/2020\/10\/122146006_2439223033038397_425605609593722065_o.jpg","_links":{"self":[{"href":"https:\/\/www.radiopiu.net\/wordpress\/wp-json\/wp\/v2\/posts\/167981","targetHints":{"allow":["GET"]}}],"collection":[{"href":"https:\/\/www.radiopiu.net\/wordpress\/wp-json\/wp\/v2\/posts"}],"about":[{"href":"https:\/\/www.radiopiu.net\/wordpress\/wp-json\/wp\/v2\/types\/post"}],"author":[{"embeddable":true,"href":"https:\/\/www.radiopiu.net\/wordpress\/wp-json\/wp\/v2\/users\/4"}],"replies":[{"embeddable":true,"href":"https:\/\/www.radiopiu.net\/wordpress\/wp-json\/wp\/v2\/comments?post=167981"}],"version-history":[{"count":0,"href":"https:\/\/www.radiopiu.net\/wordpress\/wp-json\/wp\/v2\/posts\/167981\/revisions"}],"wp:featuredmedia":[{"embeddable":true,"href":"https:\/\/www.radiopiu.net\/wordpress\/wp-json\/wp\/v2\/media\/168088"}],"wp:attachment":[{"href":"https:\/\/www.radiopiu.net\/wordpress\/wp-json\/wp\/v2\/media?parent=167981"}],"wp:term":[{"taxonomy":"category","embeddable":true,"href":"https:\/\/www.radiopiu.net\/wordpress\/wp-json\/wp\/v2\/categories?post=167981"},{"taxonomy":"post_tag","embeddable":true,"href":"https:\/\/www.radiopiu.net\/wordpress\/wp-json\/wp\/v2\/tags?post=167981"}],"curies":[{"name":"wp","href":"https:\/\/api.w.org\/{rel}","templated":true}]}}