{"id":168026,"date":"2020-10-24T05:54:16","date_gmt":"2020-10-24T03:54:16","guid":{"rendered":"https:\/\/www.radiopiu.net\/wordpress\/?p=168026"},"modified":"2020-10-24T06:05:55","modified_gmt":"2020-10-24T04:05:55","slug":"precisazioni-e-controdeduzioni-del-sindaco-dopo-lintervista-a-la-muda","status":"publish","type":"post","link":"https:\/\/www.radiopiu.net\/wordpress\/precisazioni-e-controdeduzioni-del-sindaco-dopo-lintervista-a-la-muda\/","title":{"rendered":"PRECISAZIONI E CONTRODEDUZIONI DEL SINDACO DOPO L&#8217;INTERVISTA A LA MUDA"},"content":{"rendered":"<p><strong>LA VALLE<\/strong>\u00a0 Nei giorni scorsi il nostro notiziario ha pubblicato un&#8217;intervista ad Anouska Giovannelli realizzata in localit\u00e0 La Muda, frazione del Comune di La Valle. Oggi ospitiamo invece l&#8217;intervento del sindaco, Ezio Zuanel, che ribatte punto per punto alle dichiarazioni rilasciate nel corso dell&#8217;intervista dove tra l&#8217;altro \u00e8 stato detto dalla Giovannelli <em>&#8220;L&#8217;amministrazione comunale ha abbandonato a se stessi gli abitanti della frazione&#8221;.<\/em><\/p>\n<p>&nbsp;<\/p>\n<p><strong>IL SINDACO EZIO ZUANEL<\/strong><\/p>\n<p><span style=\"color: #ff0000;\"><a class=\"dt-pswp-item\" href=\"https:\/\/www.radiopiu.net\/wordpress\/wp-content\/uploads\/2020\/10\/1e8731d9-58e8-497b-a029-b79494c37c16.jpg\" data-dt-img-description=\"\" data-large_image_width=\"2048\" data-large_image_height=\"1024\"><img loading=\"lazy\" decoding=\"async\" class=\"wp-image-167292 alignleft\" src=\"https:\/\/www.radiopiu.net\/wordpress\/wp-content\/uploads\/2020\/10\/1e8731d9-58e8-497b-a029-b79494c37c16-300x150.jpg\" alt=\"\" width=\"204\" height=\"102\" srcset=\"https:\/\/www.radiopiu.net\/wordpress\/wp-content\/uploads\/2020\/10\/1e8731d9-58e8-497b-a029-b79494c37c16-300x150.jpg 300w, https:\/\/www.radiopiu.net\/wordpress\/wp-content\/uploads\/2020\/10\/1e8731d9-58e8-497b-a029-b79494c37c16-1024x512.jpg 1024w, https:\/\/www.radiopiu.net\/wordpress\/wp-content\/uploads\/2020\/10\/1e8731d9-58e8-497b-a029-b79494c37c16-768x384.jpg 768w, https:\/\/www.radiopiu.net\/wordpress\/wp-content\/uploads\/2020\/10\/1e8731d9-58e8-497b-a029-b79494c37c16-1536x768.jpg 1536w, https:\/\/www.radiopiu.net\/wordpress\/wp-content\/uploads\/2020\/10\/1e8731d9-58e8-497b-a029-b79494c37c16.jpg 2048w\" sizes=\"auto, (max-width: 204px) 100vw, 204px\" \/><\/a>IL NUOVO CANALE<\/span>: Sono stati girati direttamente a Veneto Strade i fondi di Vaia del 2019 stanziati per il dissesto idrogeologico spettanti al nostro Comune per la somma di\u00a0 500.000 euro, il resto \u00e9 stato cofinanziato da Veneto Strade quale Soggetto Attuatore. Ci \u00e8 sembrato giusto dare la precedenza a questo intervento giudicato il pi\u00f9 urgente, anche perch\u00e9 era da cinque anni che in tutti i modi con i vari enti ho cercato di portare avanti il progetto, non solo per la sicurezza che era la prima cosa che permetteva agli abitanti di dormire tranquilli, ma anche per dare un aspetto pi\u00f9 dignitoso alle porte del paese e di tutto l\u2019Agordino.<\/p>\n<p>&nbsp;<\/p>\n<p><span style=\"color: #ff0000;\"><a class=\"dt-pswp-item\" href=\"https:\/\/www.radiopiu.net\/wordpress\/wp-content\/uploads\/2018\/10\/muda-mirko.jpeg\" data-dt-img-description=\"\" data-large_image_width=\"1200\" data-large_image_height=\"1600\"><img loading=\"lazy\" decoding=\"async\" class=\"wp-image-65505 alignright\" src=\"https:\/\/www.radiopiu.net\/wordpress\/wp-content\/uploads\/2018\/10\/muda-mirko-225x300.jpeg\" alt=\"\" width=\"91\" height=\"121\" srcset=\"https:\/\/www.radiopiu.net\/wordpress\/wp-content\/uploads\/2018\/10\/muda-mirko-225x300.jpeg 225w, https:\/\/www.radiopiu.net\/wordpress\/wp-content\/uploads\/2018\/10\/muda-mirko-768x1024.jpeg 768w, https:\/\/www.radiopiu.net\/wordpress\/wp-content\/uploads\/2018\/10\/muda-mirko.jpeg 1200w\" sizes=\"auto, (max-width: 91px) 100vw, 91px\" \/><\/a>GLI EVENTI ATOMOSFERICI<\/span> \u00a0accaduti in questi ultimi anni e ben descritti nell\u2019intervista in oggetto, l\u2019amministrazione comunale \u00e8 sempre stata presente e operativa in questi difficili momenti, lo stesso dicasi per la Protezione Civile e il volontariato di La Valle , come pure le evacuazioni degli abitanti in questi particolari momenti sono state gestite sia operativamente che finanziariamente dal Comune.<\/p>\n<p>&nbsp;<\/p>\n<p><a class=\"dt-pswp-item\" href=\"https:\/\/www.radiopiu.net\/wordpress\/wp-content\/uploads\/2020\/10\/DSC00525.jpg\" data-dt-img-description=\"\" data-large_image_width=\"1024\" data-large_image_height=\"768\"><img loading=\"lazy\" decoding=\"async\" class=\"wp-image-168025 alignleft\" src=\"https:\/\/www.radiopiu.net\/wordpress\/wp-content\/uploads\/2020\/10\/DSC00525-300x225.jpg\" alt=\"\" width=\"157\" height=\"118\" srcset=\"https:\/\/www.radiopiu.net\/wordpress\/wp-content\/uploads\/2020\/10\/DSC00525-300x225.jpg 300w, https:\/\/www.radiopiu.net\/wordpress\/wp-content\/uploads\/2020\/10\/DSC00525-768x576.jpg 768w, https:\/\/www.radiopiu.net\/wordpress\/wp-content\/uploads\/2020\/10\/DSC00525.jpg 1024w\" sizes=\"auto, (max-width: 157px) 100vw, 157px\" \/><\/a><span style=\"color: #ff0000;\">LE ACQUE<\/span>\u00a0penso si riferisse a quel pozzetto a monte del \u201clavatoio\u201d che contiene un contatore dell\u2019acqua del BIM\/GSP con un allacciamento provvisorio per Agre e due allacciamenti che credo siano fontana e lavatoio. Tale pozzetto \u00e8 stato parzialmente distrutto ed insabbiato dal tempo di Vaia .Questo \u00e8 da verificare se pu\u00f2 intervenire direttamente il Comune o BIM\/GSP . Comunque il tutto \u00e8 funzionante a parte l\u2019impatto visivo<\/p>\n<p><a class=\"dt-pswp-item\" href=\"https:\/\/www.radiopiu.net\/wordpress\/wp-content\/uploads\/2020\/10\/638cbd0e-0daa-4cb2-9147-10fa532681dc.jpg\" data-dt-img-description=\"\" data-large_image_width=\"2048\" data-large_image_height=\"1024\"><img loading=\"lazy\" decoding=\"async\" class=\"wp-image-167291 alignright\" src=\"https:\/\/www.radiopiu.net\/wordpress\/wp-content\/uploads\/2020\/10\/638cbd0e-0daa-4cb2-9147-10fa532681dc-300x150.jpg\" alt=\"\" width=\"150\" height=\"74\" srcset=\"https:\/\/www.radiopiu.net\/wordpress\/wp-content\/uploads\/2020\/10\/638cbd0e-0daa-4cb2-9147-10fa532681dc-300x150.jpg 300w, https:\/\/www.radiopiu.net\/wordpress\/wp-content\/uploads\/2020\/10\/638cbd0e-0daa-4cb2-9147-10fa532681dc-1024x512.jpg 1024w, https:\/\/www.radiopiu.net\/wordpress\/wp-content\/uploads\/2020\/10\/638cbd0e-0daa-4cb2-9147-10fa532681dc-768x384.jpg 768w, https:\/\/www.radiopiu.net\/wordpress\/wp-content\/uploads\/2020\/10\/638cbd0e-0daa-4cb2-9147-10fa532681dc-1536x768.jpg 1536w, https:\/\/www.radiopiu.net\/wordpress\/wp-content\/uploads\/2020\/10\/638cbd0e-0daa-4cb2-9147-10fa532681dc.jpg 2048w\" sizes=\"auto, (max-width: 150px) 100vw, 150px\" \/><\/a><span style=\"color: #ff0000;\">LA FONTANA<\/span> al bordo della SR 203 che \u00e8 stata pi\u00f9 volte inghiaiata e sommersa dagli eventi atmosferici degli anni scorsi e ogni volta ripulita, comunque \u00e8 funzionante, giustamente ora che il pericolo \u00e8 stato eliminato, merita un ripristino da parte dell\u2019Amministrazione anche per l\u2019immagine che d\u00e0 del nostro paese.<\/p>\n<p>&nbsp;<\/p>\n<p><span style=\"color: #ff0000;\">LA PUBBLICA ILLLUMINAZIONE<\/span>\u00a0 chi \u00e8 la sul posto lo sa meglio di noi, per eseguire i lavori\u00a0 \u00e8 stato necessario all\u2019impresa appaltatrice interrompere la linea diretta ed eseguire un by- <span style=\"color: #ff0000;\"><a class=\"dt-pswp-item\" href=\"https:\/\/www.radiopiu.net\/wordpress\/wp-content\/uploads\/2020\/10\/4a503b07-5bc4-4065-956d-72288d51d965.jpg\" data-dt-img-description=\"\" data-large_image_width=\"2048\" data-large_image_height=\"1024\"><img loading=\"lazy\" decoding=\"async\" class=\" wp-image-167299 alignleft\" src=\"https:\/\/www.radiopiu.net\/wordpress\/wp-content\/uploads\/2020\/10\/4a503b07-5bc4-4065-956d-72288d51d965-300x150.jpg\" alt=\"\" width=\"254\" height=\"127\" srcset=\"https:\/\/www.radiopiu.net\/wordpress\/wp-content\/uploads\/2020\/10\/4a503b07-5bc4-4065-956d-72288d51d965-300x150.jpg 300w, https:\/\/www.radiopiu.net\/wordpress\/wp-content\/uploads\/2020\/10\/4a503b07-5bc4-4065-956d-72288d51d965-1024x512.jpg 1024w, https:\/\/www.radiopiu.net\/wordpress\/wp-content\/uploads\/2020\/10\/4a503b07-5bc4-4065-956d-72288d51d965-768x384.jpg 768w, https:\/\/www.radiopiu.net\/wordpress\/wp-content\/uploads\/2020\/10\/4a503b07-5bc4-4065-956d-72288d51d965-1536x768.jpg 1536w, https:\/\/www.radiopiu.net\/wordpress\/wp-content\/uploads\/2020\/10\/4a503b07-5bc4-4065-956d-72288d51d965.jpg 2048w\" sizes=\"auto, (max-width: 254px) 100vw, 254px\" \/><\/a><\/span>pass provvisorio da ripristinare a fine lavori dall\u2019impresa medesima.<\/p>\n<p><span style=\"color: #ff0000;\">FRAZIONE FANTASMA<\/span>\u00a0Sono convinto che la Muda sia quasi una frazione fantasma perch\u00e9 gli abitanti fissi sono rimasti 5-6 (il resto sono seconde case) che oltre ad esse gente anziana forse non si parlano nemmeno e quindi non fanno gruppo, ma non vedo cosa possa fare l\u2019amministrazione per risolvere il problema.<\/p>\n<p>&nbsp;<\/p>\n<p><span style=\"color: #ff0000;\">GLI SCHIANTI<\/span> Riguardo alla sceneggiata durante l\u2019intervista sull\u2019intervento previsto per la pulizia degli alberi schiantati e taglio di quelli pericolanti sul rio Val Scure che \u00e8 il prolungamento del nuovo canale, probabilmente ci sono a monte altri interessi perch\u00e8 non c&#8217;entrano niente con le piante e il versante ripetutamente indicati durante l\u2019intervista, ma sono all\u2019interno della valle e non visibili dal basso ( luogo dell\u2019intervista). Comunque noi non essendo n\u00e8 geologi n\u00e9 Forestali n\u00e9 ingegneri idraulici come certi, abbiamo segnalato e demandato il tutto ai Servizi Forestali competenti cos\u00ec saranno gli stessi a valutare e prendere qualsiasi decisione in base al pericolo che ritengono i loro tecnici e se necessario procedere alla messa in sicurezza sia del rio Val Scure sia dell\u2019altro rio minore ( vedi foto 3) segnalato nella stessa intervista.<\/p>\n\n\t\t\t<style type='text\/css'>\n\t\t\t\t#gallery-1 {\n\t\t\t\t\tmargin: auto;\n\t\t\t\t}\n\t\t\t\t#gallery-1 .gallery-item {\n\t\t\t\t\tfloat: left;\n\t\t\t\t\tmargin-top: 10px;\n\t\t\t\t\ttext-align: center;\n\t\t\t\t\twidth: 33%;\n\t\t\t\t}\n\t\t\t\t#gallery-1 img {\n\t\t\t\t\tborder: 2px solid #cfcfcf;\n\t\t\t\t}\n\t\t\t\t#gallery-1 .gallery-caption {\n\t\t\t\t\tmargin-left: 0;\n\t\t\t\t}\n\t\t\t\t\/* see gallery_shortcode() in wp-includes\/media.php *\/\n\t\t\t<\/style>\n\t\t<div id='gallery-1' class='dt-gallery-container gallery galleryid-168026 gallery-columns-3 gallery-size-thumbnail'><dl class='gallery-item'>\n\t\t\t\t<dt class='gallery-icon landscape'>\n\t\t\t\t\t<a class=\"rollover rollover-zoom dt-pswp-item\" title=\"DSC00517\" data-dt-img-description=\"\" data-large_image_width=\"1024\" data-large_image_height=\"768\"href='https:\/\/www.radiopiu.net\/wordpress\/wp-content\/uploads\/2020\/10\/DSC00517.jpg'><img loading=\"lazy\" decoding=\"async\" width=\"150\" height=\"150\" src=\"https:\/\/www.radiopiu.net\/wordpress\/wp-content\/uploads\/2020\/10\/DSC00517-150x150.jpg\" class=\"attachment-thumbnail size-thumbnail\" alt=\"\" \/><\/a>\n\t\t\t\t<\/dt><\/dl><dl class='gallery-item'>\n\t\t\t\t<dt class='gallery-icon landscape'>\n\t\t\t\t\t<a class=\"rollover rollover-zoom dt-pswp-item\" title=\"DSC00504\" data-dt-img-description=\"\" data-large_image_width=\"1024\" data-large_image_height=\"768\"href='https:\/\/www.radiopiu.net\/wordpress\/wp-content\/uploads\/2020\/10\/DSC00504.jpg'><img loading=\"lazy\" decoding=\"async\" width=\"150\" height=\"150\" src=\"https:\/\/www.radiopiu.net\/wordpress\/wp-content\/uploads\/2020\/10\/DSC00504-150x150.jpg\" class=\"attachment-thumbnail size-thumbnail\" alt=\"\" \/><\/a>\n\t\t\t\t<\/dt><\/dl><dl class='gallery-item'>\n\t\t\t\t<dt class='gallery-icon landscape'>\n\t\t\t\t\t<a class=\"rollover rollover-zoom dt-pswp-item\" title=\"DSC00502\" data-dt-img-description=\"\" data-large_image_width=\"1024\" data-large_image_height=\"768\"href='https:\/\/www.radiopiu.net\/wordpress\/wp-content\/uploads\/2020\/10\/DSC00502.jpg'><img loading=\"lazy\" decoding=\"async\" width=\"150\" height=\"150\" src=\"https:\/\/www.radiopiu.net\/wordpress\/wp-content\/uploads\/2020\/10\/DSC00502-150x150.jpg\" class=\"attachment-thumbnail size-thumbnail\" alt=\"\" \/><\/a>\n\t\t\t\t<\/dt><\/dl><br style=\"clear: both\" \/>\n\t\t\t<\/div>\n\n<p>&nbsp;<\/p>\n<p><strong><a class=\"dt-pswp-item\" href=\"https:\/\/www.radiopiu.net\/wordpress\/wp-content\/uploads\/2017\/06\/lamuda1.jpg\" data-dt-img-description=\"\" data-large_image_width=\"528\" data-large_image_height=\"960\"><img loading=\"lazy\" decoding=\"async\" class=\" wp-image-33882 alignright\" src=\"https:\/\/www.radiopiu.net\/wordpress\/wp-content\/uploads\/2017\/06\/lamuda1-165x300.jpg\" alt=\"\" width=\"135\" height=\"245\" \/><\/a>CONCLUSIONI:<\/strong> <em>Tutto questo a dimostrazione che\u00a0 l\u2019amministrazione non ha mai abbandonato nessuno n\u00e8 si \u00e8 mai permessa di creare inutili pericoli al paese, ma \u00e8 sempre stata presente e lo \u00e8 tuttora,\u00a0 in ogni occasione, pertanto certe affermazioni prima di sbandierarle ai media andrebbero verificate meglio. <\/em><em>L\u2019amministrazione si ritiene moralmente offesa da tali insinuazioni e comportamenti, con questo mi auguro che quanto riportato sopra sia sufficientemente spiegato e chiarito, in caso contrario faremo i passi dovuti. <\/em><em>Saluti a tutti i cittadini della Muda dall\u2019Amministrazione Comunale.<\/em><\/p>\n<p><strong>il sindaco Ezio Zuanel.<\/strong><\/p>\n<p>&nbsp;<\/p>\n<p>&nbsp;<\/p>\n<p>&nbsp;<\/p>\n<p><strong>ARTICOLO PRECEDENTE, INTERVISTA CITATA DAL SINDACO<\/strong><\/p>\n<blockquote class=\"wp-embedded-content\" data-secret=\"ThV1Ya7jwi\"><p><a href=\"https:\/\/www.radiopiu.net\/wordpress\/non-tagliate-le-piante-anouska-lo-chiede-al-comune-dopo-un-incendio-tre-frane-e-anche-una-fuga-di-gas\/\">&#8220;NON TAGLIATE LE PIANTE&#8221;, ANOUSKA LO CHIEDE AL COMUNE DOPO UN INCENDIO, TRE FRANE E ANCHE UNA FUGA DI GAS<\/a><\/p><\/blockquote>\n<p><iframe loading=\"lazy\" class=\"wp-embedded-content\" sandbox=\"allow-scripts\" security=\"restricted\" style=\"position: absolute; clip: rect(1px, 1px, 1px, 1px);\" title=\"&#8220;&#8220;NON TAGLIATE LE PIANTE&#8221;, ANOUSKA LO CHIEDE AL COMUNE DOPO UN INCENDIO, TRE FRANE E ANCHE UNA FUGA DI GAS&#8221; &#8212; Radio Pi\u00f9\" src=\"https:\/\/www.radiopiu.net\/wordpress\/non-tagliate-le-piante-anouska-lo-chiede-al-comune-dopo-un-incendio-tre-frane-e-anche-una-fuga-di-gas\/embed\/#?secret=ThV1Ya7jwi\" data-secret=\"ThV1Ya7jwi\" width=\"600\" height=\"338\" frameborder=\"0\" marginwidth=\"0\" marginheight=\"0\" scrolling=\"no\"><\/iframe><\/p>\n<p>&nbsp;<\/p>\n<p>&nbsp;<\/p>\n<p>&nbsp;<\/p>\n","protected":false},"excerpt":{"rendered":"<p>LA VALLE\u00a0 Nei giorni scorsi il nostro notiziario ha pubblicato un&#8217;intervista ad Anouska Giovannelli realizzata in localit\u00e0 La Muda, frazione del Comune di La Valle. Oggi ospitiamo invece l&#8217;intervento del sindaco, Ezio Zuanel, che ribatte punto per punto alle dichiarazioni rilasciate nel corso dell&#8217;intervista dove tra l&#8217;altro \u00e8 stato detto dalla Giovannelli &#8220;L&#8217;amministrazione comunale ha&hellip;<\/p>\n","protected":false},"author":4,"featured_media":167299,"comment_status":"closed","ping_status":"closed","sticky":false,"template":"","format":"standard","meta":{"_monsterinsights_skip_tracking":false,"_monsterinsights_sitenote_active":false,"_monsterinsights_sitenote_note":"","_monsterinsights_sitenote_category":0,"footnotes":""},"categories":[51,49],"tags":[],"class_list":["post-168026","post","type-post","status-publish","format-standard","has-post-thumbnail","hentry","category-evidenza-top","category-news-18","category-51","category-49","description-off"],"img_url":"https:\/\/www.radiopiu.net\/wordpress\/wp-content\/uploads\/2020\/10\/4a503b07-5bc4-4065-956d-72288d51d965.jpg","_links":{"self":[{"href":"https:\/\/www.radiopiu.net\/wordpress\/wp-json\/wp\/v2\/posts\/168026","targetHints":{"allow":["GET"]}}],"collection":[{"href":"https:\/\/www.radiopiu.net\/wordpress\/wp-json\/wp\/v2\/posts"}],"about":[{"href":"https:\/\/www.radiopiu.net\/wordpress\/wp-json\/wp\/v2\/types\/post"}],"author":[{"embeddable":true,"href":"https:\/\/www.radiopiu.net\/wordpress\/wp-json\/wp\/v2\/users\/4"}],"replies":[{"embeddable":true,"href":"https:\/\/www.radiopiu.net\/wordpress\/wp-json\/wp\/v2\/comments?post=168026"}],"version-history":[{"count":0,"href":"https:\/\/www.radiopiu.net\/wordpress\/wp-json\/wp\/v2\/posts\/168026\/revisions"}],"wp:featuredmedia":[{"embeddable":true,"href":"https:\/\/www.radiopiu.net\/wordpress\/wp-json\/wp\/v2\/media\/167299"}],"wp:attachment":[{"href":"https:\/\/www.radiopiu.net\/wordpress\/wp-json\/wp\/v2\/media?parent=168026"}],"wp:term":[{"taxonomy":"category","embeddable":true,"href":"https:\/\/www.radiopiu.net\/wordpress\/wp-json\/wp\/v2\/categories?post=168026"},{"taxonomy":"post_tag","embeddable":true,"href":"https:\/\/www.radiopiu.net\/wordpress\/wp-json\/wp\/v2\/tags?post=168026"}],"curies":[{"name":"wp","href":"https:\/\/api.w.org\/{rel}","templated":true}]}}