{"id":168030,"date":"2020-10-23T11:05:26","date_gmt":"2020-10-23T09:05:26","guid":{"rendered":"https:\/\/www.radiopiu.net\/wordpress\/?p=168030"},"modified":"2020-10-23T11:05:26","modified_gmt":"2020-10-23T09:05:26","slug":"world-polio-day-con-il-rotary-belluno-contro-la-malattia","status":"publish","type":"post","link":"https:\/\/www.radiopiu.net\/wordpress\/world-polio-day-con-il-rotary-belluno-contro-la-malattia\/","title":{"rendered":"WORLD POLIO DAY CON IL ROTARY BELLUNO CONTRO LA MALATTIA\u00a0"},"content":{"rendered":"<blockquote>\n<h3><\/h3>\n<\/blockquote>\n<p><strong><a class=\"dt-pswp-item\" href=\"https:\/\/www.radiopiu.net\/wordpress\/wp-content\/uploads\/2020\/10\/loris_pauletti-e1603443820127.jpeg\" data-dt-img-description=\"\" data-large_image_width=\"1600\" data-large_image_height=\"1200\"><img loading=\"lazy\" decoding=\"async\" class=\"size-medium wp-image-168028 alignleft\" src=\"https:\/\/www.radiopiu.net\/wordpress\/wp-content\/uploads\/2020\/10\/loris_pauletti-e1603443820127-300x225.jpeg\" alt=\"\" width=\"300\" height=\"225\" srcset=\"https:\/\/www.radiopiu.net\/wordpress\/wp-content\/uploads\/2020\/10\/loris_pauletti-e1603443820127-300x225.jpeg 300w, https:\/\/www.radiopiu.net\/wordpress\/wp-content\/uploads\/2020\/10\/loris_pauletti-e1603443820127-1024x768.jpeg 1024w, https:\/\/www.radiopiu.net\/wordpress\/wp-content\/uploads\/2020\/10\/loris_pauletti-e1603443820127-768x576.jpeg 768w, https:\/\/www.radiopiu.net\/wordpress\/wp-content\/uploads\/2020\/10\/loris_pauletti-e1603443820127-1536x1152.jpeg 1536w, https:\/\/www.radiopiu.net\/wordpress\/wp-content\/uploads\/2020\/10\/loris_pauletti-e1603443820127.jpeg 1600w\" sizes=\"auto, (max-width: 300px) 100vw, 300px\" \/><\/a>BELLUNO<\/strong> Il Rotary \u00e8 impegnato\u00a0 contro\u00a0 la poliomelite da oltre 30 anni. Sembrava un obiettivo impossibile ma, con l\u2019aiuto di altri partner internazionali, in primo luogo l\u2019OMS, le agenzie per la prevenzione delle malattie di alcuni Stati e la Bill e Melinda Gates Foundation, il traguardo \u00e8 sempre pi\u00f9 vicino. Ecco quindi che sono importanti la sensibilizzazione, la comunicazione e la raccolta fondi. La giornata da segnare sul calendario \u00e8 quella di sabato 24 ottobre, il World Polio Day. Chi si ricorda dello IOE &#8211; Istituto Ortopedico Elioterapico? Fu costruito nel 1952 a Santa Fosca, comune di Selva di Cadore, sopra i resti di un\u2019antica frana, e rimase operativo fino al 1974. In questa struttura venivano curati i bambini colpiti dalla polio. Tra questi anche Loris Pauletti (foto): <em>\u00abSono nato nel 1956 e a soli sei mesi \u00e8 arrivata l\u2019infausta diagnosi: paralisi di entrambi gli arti inferiori dovuta alla poliomielite\u00bb. \u00abLa mia infanzia e tutta la mia adolescenza &#8211; racconta sempre Loris &#8211; l\u2019ho passata in istituti come lo IOE di Santa <a class=\"dt-pswp-item\" href=\"https:\/\/www.radiopiu.net\/wordpress\/wp-content\/uploads\/2020\/10\/ioe_santa_fosca_selva_cadore.jpeg\" data-dt-img-description=\"\" data-large_image_width=\"978\" data-large_image_height=\"655\"><img loading=\"lazy\" decoding=\"async\" class=\"size-medium wp-image-168029 alignright\" src=\"https:\/\/www.radiopiu.net\/wordpress\/wp-content\/uploads\/2020\/10\/ioe_santa_fosca_selva_cadore-300x201.jpeg\" alt=\"\" width=\"300\" height=\"201\" srcset=\"https:\/\/www.radiopiu.net\/wordpress\/wp-content\/uploads\/2020\/10\/ioe_santa_fosca_selva_cadore-300x201.jpeg 300w, https:\/\/www.radiopiu.net\/wordpress\/wp-content\/uploads\/2020\/10\/ioe_santa_fosca_selva_cadore-768x514.jpeg 768w, https:\/\/www.radiopiu.net\/wordpress\/wp-content\/uploads\/2020\/10\/ioe_santa_fosca_selva_cadore.jpeg 978w\" sizes=\"auto, (max-width: 300px) 100vw, 300px\" \/><\/a>Fosca (foto). Ho studiato all\u2019interno di queste strutture, perch\u00e9 come pazienti eravamo sottoposti a continui interventi chirurgici e la scuola era all\u2019interno\u00bb. <\/em>Nell\u2019arco della sua vita Loris ha subito ben diciotto interventi e purtroppo non sa cosa significhi camminare.<em> \u00abQuesta malattia ci ha fatto diventare subito adulti\u00bb, spiega ancora, \u00abanche perch\u00e9 non si sapeva il significato di saltare o di correre, ma conoscevamo solo le parole sofferenza e dolore\u00bb. <\/em>In Italia i sopravvissuti alla poliomelite sono circa 70mila. Tra questi anche Loris, che non smette di ringraziare il concreto impegno messo in atto dal Rotary. <em>\u00abSe oggi ci sono meno bambini che soffrono di questa terribile malattia lo dobbiamo proprio a tutti i rotariani\u00bb, sottolinea, \u00abche in questi trent\u2019anni si sono spesi, a livello mondiale, con molteplici iniziative e raccolte fondi per la capillare diffusione del vaccino\u00bb. <\/em>La giornata del 24 ottobre \u00e8 importante proprio perch\u00e9 bisogna parlare della polio e sconfiggerla. In tutto il mondo, si parler\u00e0 della polio. Ed \u00e8 necessario parlarne anche in provincia di Belluno in cui, agli sguardi pi\u00f9 attenti, non possono sfuggire i segni lasciata da questa terribile malattia. <em>\u00a0\u00abOgni anno, da quarant\u2019anni\u00bb, conclude Pauletti, \u00abnoi sopravvissuti alla Polio ci incontriamo per un pranzo proprio a Santa Fosca, nel Comune di Selva di Cadore\u00bb.<\/em><\/p>\n<blockquote><p><em>\u00abSabato 24 ottobre invito tutti a sostenere la \u201cWorld Polio Day\u201d\u00bb, le parole di Mariachiara Santin, presidente del Rotary Club Belluno. \u00abBasta visitare il sito www.endpolio.org e dare il proprio sostegno, raccontare la propria storia, armarsi di solidariet\u00e0 per sconfiggere un male che \u00e8 curabile\u00bb.<\/em><\/p><\/blockquote>\n<p>&nbsp;<\/p>\n<p>&nbsp;<\/p>\n<p>&nbsp;<\/p>\n","protected":false},"excerpt":{"rendered":"<p>BELLUNO Il Rotary \u00e8 impegnato\u00a0 contro\u00a0 la poliomelite da oltre 30 anni. Sembrava un obiettivo impossibile ma, con l\u2019aiuto di altri partner internazionali, in primo luogo l\u2019OMS, le agenzie per la prevenzione delle malattie di alcuni Stati e la Bill e Melinda Gates Foundation, il traguardo \u00e8 sempre pi\u00f9 vicino. Ecco quindi che sono importanti&hellip;<\/p>\n","protected":false},"author":4,"featured_media":168028,"comment_status":"closed","ping_status":"closed","sticky":false,"template":"","format":"standard","meta":{"_monsterinsights_skip_tracking":false,"_monsterinsights_sitenote_active":false,"_monsterinsights_sitenote_note":"","_monsterinsights_sitenote_category":0,"footnotes":""},"categories":[104,49],"tags":[],"class_list":["post-168030","post","type-post","status-publish","format-standard","has-post-thumbnail","hentry","category-evidenza_3","category-news-18","category-104","category-49","description-off"],"img_url":"https:\/\/www.radiopiu.net\/wordpress\/wp-content\/uploads\/2020\/10\/loris_pauletti-e1603443820127.jpeg","_links":{"self":[{"href":"https:\/\/www.radiopiu.net\/wordpress\/wp-json\/wp\/v2\/posts\/168030","targetHints":{"allow":["GET"]}}],"collection":[{"href":"https:\/\/www.radiopiu.net\/wordpress\/wp-json\/wp\/v2\/posts"}],"about":[{"href":"https:\/\/www.radiopiu.net\/wordpress\/wp-json\/wp\/v2\/types\/post"}],"author":[{"embeddable":true,"href":"https:\/\/www.radiopiu.net\/wordpress\/wp-json\/wp\/v2\/users\/4"}],"replies":[{"embeddable":true,"href":"https:\/\/www.radiopiu.net\/wordpress\/wp-json\/wp\/v2\/comments?post=168030"}],"version-history":[{"count":0,"href":"https:\/\/www.radiopiu.net\/wordpress\/wp-json\/wp\/v2\/posts\/168030\/revisions"}],"wp:featuredmedia":[{"embeddable":true,"href":"https:\/\/www.radiopiu.net\/wordpress\/wp-json\/wp\/v2\/media\/168028"}],"wp:attachment":[{"href":"https:\/\/www.radiopiu.net\/wordpress\/wp-json\/wp\/v2\/media?parent=168030"}],"wp:term":[{"taxonomy":"category","embeddable":true,"href":"https:\/\/www.radiopiu.net\/wordpress\/wp-json\/wp\/v2\/categories?post=168030"},{"taxonomy":"post_tag","embeddable":true,"href":"https:\/\/www.radiopiu.net\/wordpress\/wp-json\/wp\/v2\/tags?post=168030"}],"curies":[{"name":"wp","href":"https:\/\/api.w.org\/{rel}","templated":true}]}}