{"id":168033,"date":"2020-10-23T11:48:37","date_gmt":"2020-10-23T09:48:37","guid":{"rendered":"https:\/\/www.radiopiu.net\/wordpress\/?p=168033"},"modified":"2020-10-23T11:49:22","modified_gmt":"2020-10-23T09:49:22","slug":"trasporti-in-corso-la-verifica-tra-dolomitibus-e-dirigenti-della-scuola","status":"publish","type":"post","link":"https:\/\/www.radiopiu.net\/wordpress\/trasporti-in-corso-la-verifica-tra-dolomitibus-e-dirigenti-della-scuola\/","title":{"rendered":"TRASPORTI: IN CORSO LA VERIFICA TRA DOLOMITIBUS E DIRIGENTI DELLA SCUOLA"},"content":{"rendered":"<blockquote><p><em>&#8220;L\u2019attenzione verso gli studenti \u00e8 sempre altissima, come \u00e8 massima l\u2019attenzione dell\u2019azienda per garantire il trasporto in sicurezza&#8221;<\/em><\/p><\/blockquote>\n<p><strong><a class=\"dt-pswp-item\" href=\"https:\/\/www.radiopiu.net\/wordpress\/wp-content\/uploads\/2019\/01\/download-2.jpg\" data-dt-img-description=\"\" data-large_image_width=\"183\" data-large_image_height=\"276\"><img loading=\"lazy\" decoding=\"async\" class=\" wp-image-71362 alignleft\" src=\"https:\/\/www.radiopiu.net\/wordpress\/wp-content\/uploads\/2019\/01\/download-2.jpg\" alt=\"\" width=\"102\" height=\"153\" \/><\/a>BELLUNO<\/strong> Il consigliere provinciale Dario Scopel (foto) \u00e8 sul pezzo, quello del trasporto pubblico locale e in queste ore ha chiesto a\u00a0 Dolomitibus di verificare puntualmente con le scuole e i presidi le esigenze dei singoli istituti alla luce del nuovo Dpcm. <em>&#8220;Non appena avremo i dati precisi, potremo costruire eventuali aggiustamenti nel servizio&#8221;<\/em>. assicura il consigliere provinciale con delega ai trasporti. Di fatto, l\u2019azienda di trasporto pubblico locale incontrer\u00e0 i dirigenti scolastici e verificher\u00e0 se rispetto a qualche settimana fa sono cambiate le necessit\u00e0 dei trasporti. <em>\u00abIn particolare, verr\u00e0 valutato se i presidi dovranno adeguarsi agli ingressi scaglionati, a partire dalle 9, come indicato nell\u2019ultimo Dpcm. Al momento pare non sia necessario, in quanto l\u2019ingresso ritardato dovrebbe essere previsto solo in casi eccezionali&#8221;.<\/em> Questo anche sulla scorta della nota ministeriale ma per avere un quadro preciso prima vanno sentite le singole realt\u00e0 scolastiche.<em> &#8220;Solo dopo questo passaggio &#8211; dice Scopel &#8211;\u00a0 potranno eventualmente essere ridefinite alcune corse e alcune parti del servizio&#8221;. <\/em>Un passaggio\u00a0 \u00a0fortemente richiesto dalla Provincia per capire se\u00a0 ci sono eventuali criticit\u00e0. In pi\u00f9, il dialogo tra Dolomitibus e presidi\u00a0 consente anche di tarare meglio il servizio, laddove necessario.<\/p>\n","protected":false},"excerpt":{"rendered":"<p>&#8220;L\u2019attenzione verso gli studenti \u00e8 sempre altissima, come \u00e8 massima l\u2019attenzione dell\u2019azienda per garantire il trasporto in sicurezza&#8221; BELLUNO Il consigliere provinciale Dario Scopel (foto) \u00e8 sul pezzo, quello del trasporto pubblico locale e in queste ore ha chiesto a\u00a0 Dolomitibus di verificare puntualmente con le scuole e i presidi le esigenze dei singoli istituti&hellip;<\/p>\n","protected":false},"author":4,"featured_media":144900,"comment_status":"closed","ping_status":"closed","sticky":false,"template":"","format":"standard","meta":{"_monsterinsights_skip_tracking":false,"_monsterinsights_sitenote_active":false,"_monsterinsights_sitenote_note":"","_monsterinsights_sitenote_category":0,"footnotes":""},"categories":[49],"tags":[],"class_list":["post-168033","post","type-post","status-publish","format-standard","has-post-thumbnail","hentry","category-news-18","category-49","description-off"],"img_url":"https:\/\/www.radiopiu.net\/wordpress\/wp-content\/uploads\/2020\/06\/4b299438-d3cd-4953-bb41-b739ff3291f9.jpg","_links":{"self":[{"href":"https:\/\/www.radiopiu.net\/wordpress\/wp-json\/wp\/v2\/posts\/168033","targetHints":{"allow":["GET"]}}],"collection":[{"href":"https:\/\/www.radiopiu.net\/wordpress\/wp-json\/wp\/v2\/posts"}],"about":[{"href":"https:\/\/www.radiopiu.net\/wordpress\/wp-json\/wp\/v2\/types\/post"}],"author":[{"embeddable":true,"href":"https:\/\/www.radiopiu.net\/wordpress\/wp-json\/wp\/v2\/users\/4"}],"replies":[{"embeddable":true,"href":"https:\/\/www.radiopiu.net\/wordpress\/wp-json\/wp\/v2\/comments?post=168033"}],"version-history":[{"count":0,"href":"https:\/\/www.radiopiu.net\/wordpress\/wp-json\/wp\/v2\/posts\/168033\/revisions"}],"wp:featuredmedia":[{"embeddable":true,"href":"https:\/\/www.radiopiu.net\/wordpress\/wp-json\/wp\/v2\/media\/144900"}],"wp:attachment":[{"href":"https:\/\/www.radiopiu.net\/wordpress\/wp-json\/wp\/v2\/media?parent=168033"}],"wp:term":[{"taxonomy":"category","embeddable":true,"href":"https:\/\/www.radiopiu.net\/wordpress\/wp-json\/wp\/v2\/categories?post=168033"},{"taxonomy":"post_tag","embeddable":true,"href":"https:\/\/www.radiopiu.net\/wordpress\/wp-json\/wp\/v2\/tags?post=168033"}],"curies":[{"name":"wp","href":"https:\/\/api.w.org\/{rel}","templated":true}]}}