{"id":168300,"date":"2020-10-24T17:58:24","date_gmt":"2020-10-24T15:58:24","guid":{"rendered":"https:\/\/www.radiopiu.net\/wordpress\/?p=168300"},"modified":"2020-10-24T18:10:22","modified_gmt":"2020-10-24T16:10:22","slug":"ancora-un-decesso-in-provincia-111-nuovi-positivi-e-79-persone-ricoverate-negli-ospedali","status":"publish","type":"post","link":"https:\/\/www.radiopiu.net\/wordpress\/ancora-un-decesso-in-provincia-111-nuovi-positivi-e-79-persone-ricoverate-negli-ospedali\/","title":{"rendered":"ANCORA UN DECESSO IN PROVINCIA. 111 NUOVI POSITIVI E 79 PERSONE RICOVERATE NEGLI OSPEDALI"},"content":{"rendered":"<p><strong>BELLUNO<\/strong> Anche oggi un decesso in Ulss 1 Dolomiti: nella notte del 23 ottobre \u00e8 deceduta una paziente covid positiva di 88 anni in Pneumologia Covid a Feltre.<\/p>\n<p><a class=\"dt-pswp-item\" href=\"https:\/\/www.radiopiu.net\/wordpress\/wp-content\/uploads\/2020\/10\/Schermata-2020-10-24-alle-17.53.50.png\" data-dt-img-description=\"\" data-large_image_width=\"1032\" data-large_image_height=\"456\"><img loading=\"lazy\" decoding=\"async\" class=\"aligncenter wp-image-168301 size-large\" src=\"https:\/\/www.radiopiu.net\/wordpress\/wp-content\/uploads\/2020\/10\/Schermata-2020-10-24-alle-17.53.50-1024x452.png\" alt=\"\" width=\"1024\" height=\"452\" srcset=\"https:\/\/www.radiopiu.net\/wordpress\/wp-content\/uploads\/2020\/10\/Schermata-2020-10-24-alle-17.53.50-1024x452.png 1024w, https:\/\/www.radiopiu.net\/wordpress\/wp-content\/uploads\/2020\/10\/Schermata-2020-10-24-alle-17.53.50-300x133.png 300w, https:\/\/www.radiopiu.net\/wordpress\/wp-content\/uploads\/2020\/10\/Schermata-2020-10-24-alle-17.53.50-768x339.png 768w, https:\/\/www.radiopiu.net\/wordpress\/wp-content\/uploads\/2020\/10\/Schermata-2020-10-24-alle-17.53.50.png 1032w\" sizes=\"auto, (max-width: 1024px) 100vw, 1024px\" \/><\/a><\/p>\n<p>&nbsp;<\/p>\n<p><a class=\"dt-pswp-item\" href=\"https:\/\/www.radiopiu.net\/wordpress\/wp-content\/uploads\/2020\/10\/Schermata-2020-10-24-alle-17.54.21.png\" data-dt-img-description=\"\" data-large_image_width=\"1502\" data-large_image_height=\"772\"><img loading=\"lazy\" decoding=\"async\" class=\"aligncenter wp-image-168302 size-large\" src=\"https:\/\/www.radiopiu.net\/wordpress\/wp-content\/uploads\/2020\/10\/Schermata-2020-10-24-alle-17.54.21-1024x526.png\" alt=\"\" width=\"1024\" height=\"526\" srcset=\"https:\/\/www.radiopiu.net\/wordpress\/wp-content\/uploads\/2020\/10\/Schermata-2020-10-24-alle-17.54.21-1024x526.png 1024w, https:\/\/www.radiopiu.net\/wordpress\/wp-content\/uploads\/2020\/10\/Schermata-2020-10-24-alle-17.54.21-300x154.png 300w, https:\/\/www.radiopiu.net\/wordpress\/wp-content\/uploads\/2020\/10\/Schermata-2020-10-24-alle-17.54.21-768x395.png 768w, https:\/\/www.radiopiu.net\/wordpress\/wp-content\/uploads\/2020\/10\/Schermata-2020-10-24-alle-17.54.21.png 1502w\" sizes=\"auto, (max-width: 1024px) 100vw, 1024px\" \/><\/a><\/p>\n<p>&nbsp;<\/p>\n<p>Gli ultimi giorni sono stati caratterizzati da alcune code nei 4 drive-in tamponi attivi sul territorio (Belluno, Feltre, Tai e Agordo). Ci\u00f2 \u00e8 dipeso da due fattori fondamentali:\u00a0l\u2019enorme attivit\u00e0 di contact tracing con esecuzione del tampone di controllo ai contatti di caso derivante dal grande numero di positivit\u00e0 insorgenti;\u00a0l\u2019anticipato ricorso all\u2019accesso libero con impegnativa del medico di famiglia, previsto in partenza per luned\u00ec prossimo ma ampiamente utilizzato prima del potenziamento dell\u2019offerta calendarizzato per il 26 ottobre.\u00a0Si rimarca in particolare il grande numero di tamponi eseguito ieri sera a Tai di Cadore con necessit\u00e0 per gli operatori di prolungare l\u2019attivit\u00e0 ben oltre l\u2019orario previsto (17-19). Ci\u00f2 ha comportato, anche al fine di poter consegnare i tamponi al laboratorio diagnostico di Belluno in tempi ragionevoli, la richiesta ad alcune persone in coda di rinviare il tampone nelle stessa sede o di eseguirlo oggi in altra sede. L\u2019Azienda si scusa con gli utenti in appuntamento che non hanno trovato risposta nei tempi previsti per considerando che le squadre di operatori sanitari operano in condizioni di enorme impegno e dedizione, all\u2019aperto per favorire la massima sicurezza degli utenti, in orari serali e notturni, con dispositivi di protezione individuale comportanti impegno fisico e con necessit\u00e0 di rimanere concentrati per la delicatezza delle operazioni non superando eccessivamente l\u2019orario di attivit\u00e0.\u00a0L\u2019ampliamento dell\u2019offerta di un punto h 24 permetter\u00e0 un\u2019accessibilit\u00e0 stabile al tampone specie per le situazioni con necessit\u00e0 di diagnostica rapida come ad esempio le scuole, i rientri dall\u2019estero.\u00a0Da luned\u00ec 26 ottobre 2020 in Ulss Dolomiti saranno disponibili <strong>quattro <\/strong>drive-in per l\u2019esecuzione di tamponi:\u00a0<strong>Belluno attivo h 24 7 giorni su 7\u00a0<\/strong>dalle 7.00 alle ore 19.00 in Loc. Sagrogna e\u00a0dalle 19.00 alle 7.00 all\u2019Ospedale San Martino;\u00a0<strong>Feltre<\/strong> \u2013 Zona Peschiera &#8211; ex Marangoni dal luned\u00ec al sabato dalle 8.30 alle 12.30;\u00a0<strong>Tai di Cadore<\/strong> \u2013 P.le Dolomiti: <strong>dal luned\u00ec al sabato<\/strong> dalle 16.00 alle 18.00;\u00a0<strong>Agordo <\/strong>\u2013 P.le Tamonich: luned\u00ec, mercoled\u00ec e venerd\u00ec dalle 16.00 alle 18.00.\u00a0Accedono:\u00a0<strong>persone con prescrizione di tampone<\/strong> (antigenico rapido o molecolare) del Medico di Medicina Generale o Pediatra di Libera Scelta \u2013 <strong>SENZA APPUNTAMENTO<\/strong>, esibire all\u2019ingresso impegnativa cartacea o dematerializzata anche in formato elettronico;\u00a0<strong>soggetti frequentanti la scuola con sintomatologia simil covid, <\/strong>preferibilmente su indicazione del Pediatra o del Medico di Medicina Generale con ACCESSO LIBERO;\u00a0i soggetti in <strong>rientro<\/strong> da <strong>Belgio, Francia, Paesi Bassi, Regno Unito di Gran Bretagna e Irlanda del Nord, Repubblica Ceca, Spagna <\/strong>con ACCESSO LIBERO (senza prenotazione, senza impegnativa);\u00a0i soggetti inviati dall\u2019unit\u00e0 di Crisi del Dipartimento di Prevenzione \u2013 SU INDICAZIONE DEL DIPARTIMENTO DI PREVENZIONE\u00a0\u00c8 necessario presentarsi in auto muniti di mascherina e tessera sanitaria magnetica.\u00a0In caso di test antigenico rapido, il referto sar\u00e0 consegnato sul posto dopo circa 20 minuti.\u00a0In caso di tampone molecolare sar\u00e0 inviato un SMS con i codici per lo scarico del referto che, di regola, sar\u00e0 disponibile dopo 48-72 ore.\u00a0Fino all\u2019esito, la persona dovr\u00e0 rimanere in isolamento domiciliare, seguendo le raccomandazioni sui comportamenti qui pubblicate <a href=\"http:\/\/www.aulss1.veneto.it\/indicazioni-per-il-periodo-di-quarantena-e-isolamento\/\">http:\/\/www.aulss1.veneto.it\/indicazioni-per-il-periodo-di-quarantena-e-isolamento\/<\/a><\/p>\n","protected":false},"excerpt":{"rendered":"<p>BELLUNO Anche oggi un decesso in Ulss 1 Dolomiti: nella notte del 23 ottobre \u00e8 deceduta una paziente covid positiva di 88 anni in Pneumologia Covid a Feltre. &nbsp; &nbsp; Gli ultimi giorni sono stati caratterizzati da alcune code nei 4 drive-in tamponi attivi sul territorio (Belluno, Feltre, Tai e Agordo). Ci\u00f2 \u00e8 dipeso da&hellip;<\/p>\n","protected":false},"author":4,"featured_media":158956,"comment_status":"closed","ping_status":"closed","sticky":false,"template":"","format":"standard","meta":{"_monsterinsights_skip_tracking":false,"_monsterinsights_sitenote_active":false,"_monsterinsights_sitenote_note":"","_monsterinsights_sitenote_category":0,"footnotes":""},"categories":[49],"tags":[],"class_list":["post-168300","post","type-post","status-publish","format-standard","has-post-thumbnail","hentry","category-news-18","category-49","description-off"],"img_url":"https:\/\/www.radiopiu.net\/wordpress\/wp-content\/uploads\/2020\/09\/corona-aggiornamenti-copia.jpg","_links":{"self":[{"href":"https:\/\/www.radiopiu.net\/wordpress\/wp-json\/wp\/v2\/posts\/168300","targetHints":{"allow":["GET"]}}],"collection":[{"href":"https:\/\/www.radiopiu.net\/wordpress\/wp-json\/wp\/v2\/posts"}],"about":[{"href":"https:\/\/www.radiopiu.net\/wordpress\/wp-json\/wp\/v2\/types\/post"}],"author":[{"embeddable":true,"href":"https:\/\/www.radiopiu.net\/wordpress\/wp-json\/wp\/v2\/users\/4"}],"replies":[{"embeddable":true,"href":"https:\/\/www.radiopiu.net\/wordpress\/wp-json\/wp\/v2\/comments?post=168300"}],"version-history":[{"count":0,"href":"https:\/\/www.radiopiu.net\/wordpress\/wp-json\/wp\/v2\/posts\/168300\/revisions"}],"wp:featuredmedia":[{"embeddable":true,"href":"https:\/\/www.radiopiu.net\/wordpress\/wp-json\/wp\/v2\/media\/158956"}],"wp:attachment":[{"href":"https:\/\/www.radiopiu.net\/wordpress\/wp-json\/wp\/v2\/media?parent=168300"}],"wp:term":[{"taxonomy":"category","embeddable":true,"href":"https:\/\/www.radiopiu.net\/wordpress\/wp-json\/wp\/v2\/categories?post=168300"},{"taxonomy":"post_tag","embeddable":true,"href":"https:\/\/www.radiopiu.net\/wordpress\/wp-json\/wp\/v2\/tags?post=168300"}],"curies":[{"name":"wp","href":"https:\/\/api.w.org\/{rel}","templated":true}]}}