{"id":168326,"date":"2020-10-26T17:01:44","date_gmt":"2020-10-26T16:01:44","guid":{"rendered":"https:\/\/www.radiopiu.net\/wordpress\/?p=168326"},"modified":"2020-10-26T17:01:44","modified_gmt":"2020-10-26T16:01:44","slug":"giornale-radiopiu-26-ottobre-2020-direttore-mirko-mezzacasa","status":"publish","type":"post","link":"https:\/\/www.radiopiu.net\/wordpress\/giornale-radiopiu-26-ottobre-2020-direttore-mirko-mezzacasa\/","title":{"rendered":"GIORNALE RADIOPIU 26 OTTOBRE 2020 DIRETTORE MIRKO MEZZACASA"},"content":{"rendered":"<h3><strong>PER RICEVERE QUESTO NOTIZIARIO DIRETTAMENTE SUL TUO CELLULARE ISCRIVITI AL CANALE TELEGRAM <\/strong><strong>\u201cRADIO PIU\u00a0 INFORMAZIONE&#8221;<\/strong><\/h3>\n<p><em>ATTENZIONE: LA NUOVA APP PER IOS-IPHONE<\/em><\/p>\n<div>\n<div><a href=\"https:\/\/apps.apple.com\/it\/app\/radio-pi%C3%B9-emittente-agordina\/id1515939845\">https:\/\/apps.apple.com\/it\/app\/radio-pi%C3%B9-emittente-agordina\/id1515939845<\/a><\/div>\n<\/div>\n<div><\/div>\n<div>\n<div dir=\"auto\"><em>ATTENZIONE: LA NUOVA APP RADIO\u00a0 PER ANDROID<\/em><\/div>\n<\/div>\n<p><a href=\"https:\/\/play.google.com\/store\/apps\/details?id=net.radiopiu.iniko\" target=\"_blank\" rel=\"noopener noreferrer\">https:\/\/play.google.com\/store\/apps\/details?id=net.radiopiu.iniko\u00a0\u00a0<\/a><\/p>\n<hr \/>\n<p>&nbsp;<\/p>\n<blockquote>\n<h3>NUOVA CARTELLONISTICA A VOLTAGO AGORDINO. FOTO ILARIO DA CAMPO<\/h3>\n<\/blockquote>\n<div>\n<div class=\"\" dir=\"auto\">\n<div id=\"jsc_c_ca\" class=\"ecm0bbzt hv4rvrfc ihqw7lf3 dati1w0a\" data-ad-comet-preview=\"message\" data-ad-preview=\"message\">\n<div class=\"j83agx80 cbu4d94t ew0dbk1b irj2b8pg\">\n<div class=\"qzhwtbm6 knvmm38d\">\n<div class=\"kvgmc6g5 cxmmr5t8 oygrvhab hcukyx3x c1et5uql ii04i59q\">\n<blockquote>\n<div dir=\"auto\"><em>Voltago: in questi giorni nuovo restyling per le vie del paese<\/em><\/div>\n<\/blockquote>\n<\/div>\n<\/div>\n<\/div>\n<\/div>\n<\/div>\n<div id=\"jsc_c_cb\" class=\"l9j0dhe7\">\n<div class=\"l9j0dhe7\">\n<div class=\"l9j0dhe7\">\n<div class=\"l9j0dhe7\">\n<div class=\"ni8dbmo4 stjgntxs pmk7jnqg\">\n<div class=\"stjgntxs ni8dbmo4\">\n<div class=\"do00u71z ni8dbmo4 stjgntxs l9j0dhe7\">\n<div class=\"pmk7jnqg kr520xx4\"><img loading=\"lazy\" decoding=\"async\" class=\"i09qtzwb n7fi1qx3 datstx6m pmk7jnqg j9ispegn kr520xx4 k4urcfbm\" src=\"https:\/\/scontent.fmxp1-1.fna.fbcdn.net\/v\/t1.0-9\/122151574_3407504179334570_259510861429652011_n.jpg?_nc_cat=101&amp;ccb=2&amp;_nc_sid=8bfeb9&amp;_nc_ohc=TQlwO8smU_AAX9syGh4&amp;_nc_ht=scontent.fmxp1-1.fna&amp;oh=70c6573a28b7ce5c10b2f805751af5c8&amp;oe=5FBD1BD6\" alt=\"\" width=\"269\" height=\"202\" \/><img loading=\"lazy\" decoding=\"async\" class=\"i09qtzwb n7fi1qx3 datstx6m pmk7jnqg j9ispegn kr520xx4 k4urcfbm\" src=\"https:\/\/scontent.fmxp1-1.fna.fbcdn.net\/v\/t1.0-9\/122114022_3407504242667897_6202601877428816984_n.jpg?_nc_cat=101&amp;ccb=2&amp;_nc_sid=8bfeb9&amp;_nc_ohc=vxRZ4DwcNFAAX9RMt-C&amp;_nc_ht=scontent.fmxp1-1.fna&amp;oh=e4f72b6b397a4fd3935c0c359bf9d6d0&amp;oe=5FBA836A\" alt=\"\" width=\"268\" height=\"201\" \/><\/div>\n<\/div>\n<div class=\"hzruof5a opwvks06 linmgsc8 kr520xx4 j9ispegn pmk7jnqg n7fi1qx3 rq0escxv i09qtzwb\"><\/div>\n<\/div>\n<div class=\"n00je7tq arfg74bv qs9ysxi8 k77z8yql i09qtzwb n7fi1qx3 b5wmifdl hzruof5a pmk7jnqg j9ispegn kr520xx4 c5ndavph art1omkt ot9fgl3s r9n4d945\" data-visualcompletion=\"ignore\"><\/div>\n<\/div>\n<\/div>\n<\/div>\n<\/div>\n<\/div>\n<\/div>\n<p>&nbsp;<\/p>\n<hr \/>\n<p><a class=\"dt-pswp-item\" href=\"https:\/\/www.radiopiu.net\/wordpress\/wp-content\/uploads\/2020\/10\/sisto-michela.jpg\" data-dt-img-description=\"\" data-large_image_width=\"1024\" data-large_image_height=\"865\"><img loading=\"lazy\" decoding=\"async\" class=\"wp-image-168343 alignleft\" src=\"https:\/\/www.radiopiu.net\/wordpress\/wp-content\/uploads\/2020\/10\/sisto-michela-300x253.jpg\" alt=\"\" width=\"170\" height=\"143\" srcset=\"https:\/\/www.radiopiu.net\/wordpress\/wp-content\/uploads\/2020\/10\/sisto-michela-300x253.jpg 300w, https:\/\/www.radiopiu.net\/wordpress\/wp-content\/uploads\/2020\/10\/sisto-michela-768x649.jpg 768w, https:\/\/www.radiopiu.net\/wordpress\/wp-content\/uploads\/2020\/10\/sisto-michela.jpg 1024w\" sizes=\"auto, (max-width: 170px) 100vw, 170px\" \/><\/a><strong>IERI AD AGORDO<\/strong> LA VENDITA DEI CRISANTEMI Sul sagrato della chiesa ieri la consueta vendita di crisantemi, il ricavato \u00e8 devoluto alla\u00a0 Comunit\u00e0 alloggio VIlla\u00a0 San Francesco di Pedavena che accogli i minori con difficolt\u00e0 famigliari. Con il grazie a quanti hanno destinato all&#8217;iniziativa un importante contributo<\/p>\n<p>&nbsp;<\/p>\n<p>&nbsp;<\/p>\n<hr \/>\n<p>&nbsp;<\/p>\n<p><strong>AGORDO<\/strong> IN CHIESA LA MESSA PER I CADUTI IN MONTAGNA CELEBRATA DA DON CESARE\u00a0 LARESE,\u00a0 \u00a0ACCOMPAGNATA DAI CANTI DEL CORO AGORDO\u00a0 VOCI RECITANTI DINO BRIDDA E LORIS SANTOMASO<\/p>\n<blockquote>\n<h3>VIDEO REGISTRAZIONE.<\/h3>\n<\/blockquote>\n<p>https:\/\/www.facebook.com\/mirko.mezzacasa\/videos\/10224763169293425<\/p>\n<blockquote class=\"wp-embedded-content\" data-secret=\"uWNXKCSvlg\"><p><a href=\"https:\/\/www.radiopiu.net\/wordpress\/messa-per-i-caduti-in-montagna-galleria-fotografica\/\">MESSA PER I CADUTI IN MONTAGNA, GALLERIA FOTOGRAFICA<\/a><\/p><\/blockquote>\n<p><iframe loading=\"lazy\" class=\"wp-embedded-content\" sandbox=\"allow-scripts\" security=\"restricted\" style=\"position: absolute; clip: rect(1px, 1px, 1px, 1px);\" title=\"&#8220;MESSA PER I CADUTI IN MONTAGNA, GALLERIA FOTOGRAFICA&#8221; &#8212; Radio Pi\u00f9\" src=\"https:\/\/www.radiopiu.net\/wordpress\/messa-per-i-caduti-in-montagna-galleria-fotografica\/embed\/#?secret=uWNXKCSvlg\" data-secret=\"uWNXKCSvlg\" width=\"600\" height=\"338\" frameborder=\"0\" marginwidth=\"0\" marginheight=\"0\" scrolling=\"no\"><\/iframe><\/p>\n<hr \/>\n<blockquote><p><span style=\"color: #0000ff;\"><strong>\u00a0<\/strong><\/span><\/p>\n<p><span style=\"color: #0000ff;\"><strong>DA OGGI\u00a0 SU RADIO PIU&#8217; RITORNA L&#8217;ALMANACCO LADINO, QUINDICINALE APPUNTAMENTO IL LUNEDI ALLE 8.30, IL MARTEDI ALLE 12.25, IL MERCOLEDI ALLE 18.25 LA DOMENICA ALLE 9.<\/strong><\/span><\/p><\/blockquote>\n<p><strong>IL PROMO<\/strong><\/p>\n<audio class=\"wp-audio-shortcode\" id=\"audio-168326-1\" preload=\"none\" style=\"width: 100%;\" controls=\"controls\"><source type=\"audio\/mpeg\" src=\"https:\/\/www.radiopiu.net\/wordpress\/wp-content\/uploads\/2020\/10\/pubblicita_2020almanacco.mp3?_=1\" \/><a href=\"https:\/\/www.radiopiu.net\/wordpress\/wp-content\/uploads\/2020\/10\/pubblicita_2020almanacco.mp3\">https:\/\/www.radiopiu.net\/wordpress\/wp-content\/uploads\/2020\/10\/pubblicita_2020almanacco.mp3<\/a><\/audio>\n<p>&nbsp;<\/p>\n<hr \/>\n<blockquote>\n<h2><span style=\"color: #ff0000;\"><strong>\u00a0<\/strong><\/span><\/h2>\n<h2><span style=\"color: #ff0000;\"><strong>MAZZATE SOPRATTUTTO PER CHI HA RISPETTATO LE REGOLE.<\/strong><\/span><\/h2>\n<\/blockquote>\n<p><strong>IL PREMIER CONTE E&#8217; CONVINTO DI SALVARE IL NATALE, IN VENETO E&#8217; GIA&#8217; RIVOLTA, ANNUNCIATI LICENZIAMENTI DI MASSA. REGIONI IGNORATE. ARRABBIATO BOND, OTTIMISTA D&#8217;INCA&#8217;. OGGI A SCUOLA TUTTI IN CLASSE. IMPIANTI SCIISTICI CHIUSI.\u00a0<\/strong><\/p>\n<p>Il nuovo Dpcm \u00e8 entrato in vigore, bar e ristoranti chiusi dalle 18, fino alla mezzanotte \u00e8 possibile l&#8217;asporto. Liberi gli spostamenti tra regioni, aperti parrucchieri ed estetiste cos\u00ec come le chiese ed i musei. Stop a palestre e cinema. Preoccupazione tra i gestori degli impianti di risalita per una stagione che non decoller\u00e0, non in queste condizioni, la palla passa alle Regioni che dovranno decidere dove il Governo non ha deciso liquidando tutto in due parole: impianti chiusi, come dire che per gli impianti non valgono le regole del settore trasporti, il pi\u00f9 criticato del momento. Dalle previsioni del Governo sar\u00e0 un Natale nella normalit\u00e0, alle imprese arriveranno gli aiuti economici direttamente sul conto corrente. In Provincia salgono a 1232 le persone attualmente positive (asintomatiche per la maggior parte). Da oggi a Belluno tamponi non stop nelle 24 ore cos\u00ec a Feltre (ma non la domenica) ad Agordo i soliti tre giorni alla settimana. Oggi riunione in Prefettura. Nelle scuole saranno prese decisioni importanti nelle prossime ore, questa mattina tutti in classe in presenza, il Dpcm fa riferimento al 75% delle lezioni a distanza.<\/p>\n<p>&nbsp;<\/p>\n<blockquote>\n<h3>IN PROVINCIA CALANO I RICOVERI PER COVID 19. 81 I NUOVI POSITIVI DELLA GIORNATA, NESSUN DECESSO<\/h3>\n<\/blockquote>\n<p><strong>BELLUNO <\/strong>Di sicuro la notizia migliore \u00e8 che nelle\u00a0ultime ore in provincia di Belluno non ci sono stati decessi causa Covid-19.<\/p>\n<p><a class=\"dt-pswp-item\" href=\"https:\/\/www.radiopiu.net\/wordpress\/wp-content\/uploads\/2020\/10\/Schermata-2020-10-25-alle-19.22.07.png\" data-dt-img-description=\"\" data-large_image_width=\"1034\" data-large_image_height=\"472\"><img loading=\"lazy\" decoding=\"async\" class=\"aligncenter wp-image-168428 size-large\" src=\"https:\/\/www.radiopiu.net\/wordpress\/wp-content\/uploads\/2020\/10\/Schermata-2020-10-25-alle-19.22.07-1024x467.png\" alt=\"\" width=\"1024\" height=\"467\" srcset=\"https:\/\/www.radiopiu.net\/wordpress\/wp-content\/uploads\/2020\/10\/Schermata-2020-10-25-alle-19.22.07-1024x467.png 1024w, https:\/\/www.radiopiu.net\/wordpress\/wp-content\/uploads\/2020\/10\/Schermata-2020-10-25-alle-19.22.07-300x137.png 300w, https:\/\/www.radiopiu.net\/wordpress\/wp-content\/uploads\/2020\/10\/Schermata-2020-10-25-alle-19.22.07-768x351.png 768w, https:\/\/www.radiopiu.net\/wordpress\/wp-content\/uploads\/2020\/10\/Schermata-2020-10-25-alle-19.22.07.png 1034w\" sizes=\"auto, (max-width: 1024px) 100vw, 1024px\" \/><\/a><\/p>\n<p>&nbsp;<\/p>\n<p><a class=\"dt-pswp-item\" href=\"https:\/\/www.radiopiu.net\/wordpress\/wp-content\/uploads\/2020\/10\/Schermata-2020-10-25-alle-19.22.38.png\" data-dt-img-description=\"\" data-large_image_width=\"1464\" data-large_image_height=\"916\"><img loading=\"lazy\" decoding=\"async\" class=\"aligncenter wp-image-168429 size-large\" src=\"https:\/\/www.radiopiu.net\/wordpress\/wp-content\/uploads\/2020\/10\/Schermata-2020-10-25-alle-19.22.38-1024x641.png\" alt=\"\" width=\"1024\" height=\"641\" srcset=\"https:\/\/www.radiopiu.net\/wordpress\/wp-content\/uploads\/2020\/10\/Schermata-2020-10-25-alle-19.22.38-1024x641.png 1024w, https:\/\/www.radiopiu.net\/wordpress\/wp-content\/uploads\/2020\/10\/Schermata-2020-10-25-alle-19.22.38-300x188.png 300w, https:\/\/www.radiopiu.net\/wordpress\/wp-content\/uploads\/2020\/10\/Schermata-2020-10-25-alle-19.22.38-768x481.png 768w, https:\/\/www.radiopiu.net\/wordpress\/wp-content\/uploads\/2020\/10\/Schermata-2020-10-25-alle-19.22.38.png 1464w\" sizes=\"auto, (max-width: 1024px) 100vw, 1024px\" \/><\/a><\/p>\n<p>&nbsp;<\/p>\n<p>&nbsp;<\/p>\n<hr \/>\n<p>&nbsp;<\/p>\n<blockquote>\n<h3>IL PRESIDENTE DEL CONSIGLIO PRESENTA IL NUOVO DPCM<\/h3>\n<\/blockquote>\n<p><strong>RISTORAZIONE FINO ALLE 18 ANCHE ALLA DOMENICA, STOP A PALESTRE E PISCINE CONTE HA FIRMATO IL NUOVO DPCM. ECCO IL TESTO UFFICIALE <\/strong><span style=\"color: #000000;\">la nuova stretta sul coronavirus\u00a0 entra in vigore<b> da oggi e <\/b>\u00a0<strong>fino al 24 novembre<\/strong><\/span><span style=\"color: #0000ff;\"><span style=\"color: #000000;\">.<\/span>. <\/span><strong>SCUOLA\u00a0<\/strong>La percentuale di didattica a distanza alle scuole superiori si alza: arriver\u00e0 al\u00a0<strong>75%<\/strong>, nelle scuole superiori anche oltre. <strong>RISTORANTI E BAR<\/strong>. Chiusura anticipata alle\u00a0<strong>18\u00a0<\/strong>per tutto il settore della ristorazione. Ma la domenica e i festivi potranno rimanere aperti. Il consumo al tavolo \u00e8 consentito per un massimo di quattro persone non conviventi. Resta invece consentita senza limiti di orario la ristorazione negli alberghi ma \u00ablimitatamente ai propri clienti\u00bb, aperti\u00a0 gli autogrill,\u00a0 bar e ristoranti negli ospedali e negli aeroporti. <strong>PALESTRE, PISCINE, SPORT.\u00a0<\/strong>Serrata per palestre, piscine e anche i circoli sportivi dove finora erano consentiti gli allenamenti.\u00a0 Stessa situazione per centri natatori, centri benessere, centri termali, \u00abfatta eccezione per le prestazioni rientranti nei livelli essenziali di assistenza\u00bb <strong>PARRUCCHIERI ESTETISTE<\/strong> aperti <strong>CENTRI CULTURALI<\/strong>. Chiusi anche i centri sociali e ricreativi. <strong>SALE GIOCO E SCOMMESSE<\/strong> Chiuse <strong>SAGRE E FIERE<\/strong> Vietate <strong>SPETTACOLI\u00a0<\/strong>Sospesi cinema, teatri, concerti, sia al chiuso che all&#8217;aperto. Stop alle discoteche.<\/p>\n<blockquote>\n<h3><span style=\"color: #ff0000;\">IMPIANTI SCIISTICI: DECIDERANNO LE REGIONI, MA APPROVERA&#8217;\u00a0 GOVERNO E\u00a0 TECNICI.\u00a0<\/span><\/h3>\n<\/blockquote>\n<p><strong>IMPIANTI SCIISTICI<\/strong> Sono chiusi gli impianti nei comprensorio sciistici, possono essere utilizzati solo da parte di atleti professionisti e non professionisti, riconosciuti di interesse nazionale dal CONI e CIP o dalle rispettive Federazioni, per permettere la preparazione finalizzata allo svolgimento di competizioni sportive. <strong><em>Gli impianti sono aperti agli sciatori amatoriali solo subordinatamente all&#8217;adozione di apposite linee guida da parte della Conferenza delle Regioni e validate dal comitato tecnico scientifico<\/em><\/strong><\/p>\n<p><strong>\u00a0ROMA<\/strong><\/p>\n<p><iframe loading=\"lazy\" title=\"Dpcm 24 ottobre 2020,  conferenza stampa del Presidente Conte\" width=\"1200\" height=\"675\" src=\"https:\/\/www.youtube.com\/embed\/0myrTEcyULQ?feature=oembed\" frameborder=\"0\" allow=\"accelerometer; autoplay; clipboard-write; encrypted-media; gyroscope; picture-in-picture\" allowfullscreen><\/iframe><\/p>\n<p>&nbsp;<\/p>\n<blockquote>\n<h3>IL DPCM CHE AMMAZZA LA STAGIONE TURISTICA INVERNALE, IL PESSIMISMO DI BOND<\/h3>\n<\/blockquote>\n<p><strong>DALLA RASSEGNA STAMPA DELLE OTTO\u00a0<\/strong><\/p>\n<audio class=\"wp-audio-shortcode\" id=\"audio-168326-2\" preload=\"none\" style=\"width: 100%;\" controls=\"controls\"><source type=\"audio\/mpeg\" src=\"https:\/\/www.radiopiu.net\/wordpress\/wp-content\/uploads\/2020\/10\/BOND-1.mp3?_=2\" \/><a href=\"https:\/\/www.radiopiu.net\/wordpress\/wp-content\/uploads\/2020\/10\/BOND-1.mp3\">https:\/\/www.radiopiu.net\/wordpress\/wp-content\/uploads\/2020\/10\/BOND-1.mp3<\/a><\/audio>\n<p>&nbsp;<\/p>\n<blockquote><p><strong><a class=\"dt-pswp-item\" href=\"https:\/\/www.radiopiu.net\/wordpress\/wp-content\/uploads\/2020\/07\/BOND-ROMA.jpg\" data-dt-img-description=\"\" data-large_image_width=\"640\" data-large_image_height=\"640\"><img loading=\"lazy\" decoding=\"async\" class=\"wp-image-149602 alignleft\" src=\"https:\/\/www.radiopiu.net\/wordpress\/wp-content\/uploads\/2020\/07\/BOND-ROMA-300x300.jpg\" alt=\"\" width=\"135\" height=\"135\" srcset=\"https:\/\/www.radiopiu.net\/wordpress\/wp-content\/uploads\/2020\/07\/BOND-ROMA-300x300.jpg 300w, https:\/\/www.radiopiu.net\/wordpress\/wp-content\/uploads\/2020\/07\/BOND-ROMA-150x150.jpg 150w, https:\/\/www.radiopiu.net\/wordpress\/wp-content\/uploads\/2020\/07\/BOND-ROMA.jpg 640w\" sizes=\"auto, (max-width: 135px) 100vw, 135px\" \/><\/a><\/strong><\/p><\/blockquote>\n<div>\n<p><strong>ROMA<\/strong> <em>\u00abLe premesse sono gi\u00e0 state scritte dal premier Conte: sar\u00e0 una stagione invernale da lacrime e sangue\u00bb.<\/em> Cos\u00ec in una nota il deputato di Forza Italia Dario Bond.<em> \u00abNel Dpcm \u00e8 scritto il futuro della nostra economia: non ci sono i presupposti per vedere una stagione positiva in Veneto e nelle vallate bellunesi. Anche se i provvedimenti sono limitati al 24 novembre, mancano le basi su cui programmare il turismo, lo sci, il Natale. Sono richiesti sacrifici a tutti gli italiani, e ci pu\u00f2 stare. Ma ogni sacrificio deve essere combinato da una prospettiva. Invece qui manca completamente. E per albergatori, attivit\u00e0 ricettive, attivit\u00e0 economiche, artigiani e servizi il Dpcm rischia di essere la pietra tombale, tanto pi\u00f9 se arriveremo alla stessa logica vista a marzo, con continue proroghe e strette sempre pi\u00f9 forti\u00bb.\u00a0<\/em>Per Bond bisogna cambiare completamente gli elementi di ragionamento\u00bb\u00a0 <em>\u00abBasta alla paura collettiva e all\u2019isteria di questo governo, creata dal numero di contagi. Il fattore determinante sono i ricoveri ospedalieri e le terapie intensive. Oggi ci sono tanti positivi, perch\u00e9 si fanno tanti tamponi. Ma il 95% \u00e8 asintomatico. Non vorrei che si curassero le persone che stanno bene, lasciando morire economicamente e socialmente un intero Paese\u00bb.\u00a0<\/em>\u201c<em>Nessuno nasconde che stiamo vivendo una seria emergenza in termini di sanit\u00e0, ma i provvedimenti del nuovo Dpcm segnano un vero e proprio secondo lockdown, solo mascherato dall\u2019approccio un tantino pi\u00f9 morbido di chi invoca il senso della responsabilit\u00e0 collettiva e non impone limiti alla mobilit\u00e0, ma si limita a raccomandare. Un provvedimento che rinvia tra un mese la resa dei conti, pur sapendo bene che la data del 24 novembre \u00e8 solo un pannicello caldo. Ingannando gli italiani, nulla di pi\u00f9. Con un impegno a dare ristoro alle categorie danneggiate \u2013 basti pensare a quanto coster\u00e0 in termini di Pil la chiusura di cinema, teatri, palestre, piscine e impianti sciistici, e la restrizione di orario a ristoranti e bar \u2013 solo a parole, almeno per ora. Gli italiani ormai sono stanchi e non ha senso chiedere agli italiani altri sacrifici senza una programmazione chiara su cosa accadr\u00e0 tra un mese. Perch\u00e9 se \u00e8 vero che la curva dei contagi si \u00e8 impennata vertiginosamente, lo \u00e8 altrettanto il fatto che si continua a prendere provvedimenti senza studiarla quella curva. E\u2019 normale che se sale il numero dei tamponi effettuati, sale anche la curva dei positivi. Quello che non \u00e8 normale \u00e8 che non ci sia una presa di coscienza e di assunzione di responsabilit\u00e0 da parte del Governo e delle regioni, soprattutto di quelle regioni &#8211; un esempio per tutti la Campania &#8211; dove l\u2019emergenza era nell\u2019aria e non si \u00e8 fatto nulla per prendere misure e correttivi efficaci per arginare questa seconda impennata, attesa peraltro, dei contagi. E intanto si vuol accontentare chi sar\u00e0 massacrato da tutte queste restrizioni con una foglia di fico<\/em>\u201d. conclude Bond<\/p>\n<p>&nbsp;<\/p>\n<\/div>\n<blockquote>\n<h3>DALLE LACRIME E SANGUE DI BOND AI SORRISI DEL MINISTRO FEDERICO D&#8217;INCA&#8217;\u00a0 CHE OSTENTA\u00a0 OTTIMISMO<\/h3>\n<\/blockquote>\n<div><\/div>\n<div><strong><a class=\"dt-pswp-item\" href=\"https:\/\/www.radiopiu.net\/wordpress\/wp-content\/uploads\/2020\/04\/FEDERICO-DINCA.png\" data-dt-img-description=\"\" data-large_image_width=\"1018\" data-large_image_height=\"1290\"><img loading=\"lazy\" decoding=\"async\" class=\"wp-image-132319 alignleft\" src=\"https:\/\/www.radiopiu.net\/wordpress\/wp-content\/uploads\/2020\/04\/FEDERICO-DINCA-237x300.png\" alt=\"\" width=\"99\" height=\"125\" srcset=\"https:\/\/www.radiopiu.net\/wordpress\/wp-content\/uploads\/2020\/04\/FEDERICO-DINCA-237x300.png 237w, https:\/\/www.radiopiu.net\/wordpress\/wp-content\/uploads\/2020\/04\/FEDERICO-DINCA-808x1024.png 808w, https:\/\/www.radiopiu.net\/wordpress\/wp-content\/uploads\/2020\/04\/FEDERICO-DINCA-768x973.png 768w, https:\/\/www.radiopiu.net\/wordpress\/wp-content\/uploads\/2020\/04\/FEDERICO-DINCA.png 1018w\" sizes=\"auto, (max-width: 99px) 100vw, 99px\" \/><\/a>ROMA<\/strong><em> &#8220;L&#8217;obiettivo \u00e8 tenere sotto controllo la curva epidemiologica e proteggere la nostra economia, senza ricorrere al lock down generalizzato. L&#8217;indice di diffusione del #Covid19, purtroppo, \u00e8 tornato a crescere e per questo siamo stati costretti a ricorrere a misure restrittive ma non siamo stati colti di sorpresa. Parallelamente, infatti, abbiamo immediatamente attivato misure di sostegno economico per tutte le categorie di lavoratori e cittadini che subiranno le conseguenze delle nuove misure. <\/em><em>Il piano di interventi \u00e8 stato messo a punto con la collaborazione di tutti, ministri, presidenti delle regioni, capigruppo di partiti e movimenti, perch\u00e8 di tutti \u00e8 la responsabilit\u00e0 di affrontare questa nuova fase della pandemia, facendo affidamento sulla resilienza, il coraggio e la capacit\u00e0 di coesione che sono da sempre patrimonio della cultura del nostro Paese. <\/em><em>Questo \u00e8 un momento in cui non possiamo e non dobbiamo far prevalere sentimenti negativi ma dobbiamo lavorare, cos\u00ec come stanno facendo tutti i Paesi del mondo, per domare questa nuova ondata di contagio nel modo pi\u00f9 efficace e veloce possibile. Ce la faremo anche questa volta&#8221;.<\/em><\/div>\n<p>&nbsp;<\/p>\n<p>&nbsp;<\/p>\n<blockquote>\n<h3>NE&#8217; PESSIMISMO, NE&#8217; OTTIMISMO IN CONFARTIGIANATO, MA LA RICHIESTA DI RISTORI ECONOMICI PER CHI E&#8217; COSTRETTO A CHIUDERE<\/h3>\n<\/blockquote>\n<p><strong><a class=\"dt-pswp-item\" href=\"https:\/\/www.radiopiu.net\/wordpress\/wp-content\/uploads\/2017\/02\/confartigianato-imprese-belluno.jpg\" data-dt-img-description=\"\" data-large_image_width=\"170\" data-large_image_height=\"79\"><img loading=\"lazy\" decoding=\"async\" class=\" wp-image-28523 alignleft\" src=\"https:\/\/www.radiopiu.net\/wordpress\/wp-content\/uploads\/2017\/02\/confartigianato-imprese-belluno.jpg\" alt=\"\" width=\"198\" height=\"92\" \/><\/a>BELLUNO<\/strong>\u00a0<em> &#8220;Parrucchieri ed estetisti possono tenere aperto, perch\u00e9 rispettano i protocolli: ci saremmo aspettati che il governo, con la stessa logica, lasciasse lavorare palestre, fitness, bar e ristoranti, distinguendo tra chi \u00e8 ligio alle regole e chi no\u00bb.<\/em> \u00c8 quanto afferma la presidente di Confartigianato Belluno Claudia Scarzanella, alla lettura del\u00a0 Dpcm.\u00a0<em>\u00abIl senso di responsabilit\u00e0 di ognuno \u00e8 fondamentale in questo momento. E fortunatamente anche il governo lo riconosce, lasciando lavorare parrucchieri ed estetisti che si sono adeguati a tutte le misure previste. E anzi hanno fatto ancora nei mesi scorsi sforzi enormi perch\u00e9 i loro saloni e i lori negozi fossero davvero a prova di virus\u00bb sottolinea la presidente Scarzanella. \u00abCome Confartigianato Belluno avevamo sostenuto una grande battaglia la primavera scorsa, per consentire a queste attivit\u00e0 di riaprire. Purtroppo la stessa battaglia, fatta per palestre e centri sportivi, non ha avuto esito positivo. Il protocollo predisposto dai nostri uffici per il settore fitness \u00e8 seguito al 100 per cento dalle palestre. Evidentemente basta che qualche struttura non si sia adeguata per vanificare tutti gli sforzi fatti\u00bb. <\/em>L\u2019amarezza per le palestre si somma alla preoccupazione per bar e ristoranti fortemente penalizzati, ancora una volta \u00e8 mancata la distinzione tra chi rispetta le regole e chi non lo fa. <em>&#8220;\u00c8 per questo .- conclude Claudia Scarzanella &#8211;\u00a0 che, con grande senso di responsabilit\u00e0, chiediamo perlomeno un ristoro economico. \u00c8 doveroso curare il virus, ma non possiamo permetterci di mettere sul lastrico centinaia e centinaia di artigiani e loro dipendenti\u00bb.<\/em><\/p>\n<p>&nbsp;<\/p>\n<p>&nbsp;<\/p>\n<hr \/>\n<p>&nbsp;<\/p>\n<blockquote>\n<h3>METEO. IL MALTEMPO IN ARRIVO SULLE ZONE MONTANE E PEDEMONTANE VENETE<\/h3>\n<\/blockquote>\n<p><strong><img loading=\"lazy\" decoding=\"async\" class=\"alignleft\" src=\"https:\/\/www.radiopiu.net\/wordpress\/wp-content\/uploads\/2018\/08\/instabilita.jpg\" width=\"181\" height=\"108\" \/>VENEZIA\u00a0<\/strong> Dal tardo pomeriggio sono previste precipitazioni estese sulle zone centro settentrionali, anche con forti rovesci e qualche locale temporale, con quantitativi da consistenti ad abbondanti sulle zone montane e pedemontane. Limite della neve in abbassamento intorno ai 2000 m nella serata , a quote anche un po\u2019 inferiori nella mattinata di domani\u00ec, specie sulle Dolomiti. Sulle zone meridionali e costiere fenomeni pi\u00f9 discontinui e di entit\u00e0 assai minore. Alla luce delle previsioni meteo per le prossime ore, il Centro Funzionale Decentrato della Protezione Civile della Regione ha emesso un avviso di criticit\u00e0, valevole, complessivamente, fino alle ore 14 di domani.<\/p>\n<p>&nbsp;<\/p>\n<p>&nbsp;<\/p>\n<hr \/>\n<blockquote>\n<h3>QUATTRO FURTI AD ALANO DI PIAVE<\/h3>\n<\/blockquote>\n<p><strong><a class=\"dt-pswp-item\" href=\"https:\/\/www.radiopiu.net\/wordpress\/wp-content\/uploads\/2016\/08\/carabinieri-6-2.jpg\" data-dt-img-description=\"\" data-large_image_width=\"1000\" data-large_image_height=\"681\"><img loading=\"lazy\" decoding=\"async\" class=\" wp-image-22568 alignleft\" src=\"https:\/\/www.radiopiu.net\/wordpress\/wp-content\/uploads\/2016\/08\/carabinieri-6-2-300x204.jpg\" alt=\"\" width=\"172\" height=\"117\" \/><\/a>ALANO DI PIAVE\u00a0<\/strong>Ancora furti in appartamento in provincia di Belluno. Questa volta ad Alano Di Piave in 4 case diverse. I ladri sono penetrati nelle case dopo aver manomesso gli infissi. Le abitazioni visitate si trovano in\u00a0Via Dispersi di Russia, Via Tenente De Rossi, Via Pontini e Via San Vittore. Rubati dei monili in oro e qualche banconota. Indagano i Carabinieri<\/p>\n<p>&nbsp;<\/p>\n<hr \/>\n<blockquote>\n<h3>DOMENICA DI INTERVENTI PER IL SOCCORSO ALPINO. TRE USCITE IN POCHE ORE<\/h3>\n<\/blockquote>\n<p><strong><a class=\"dt-pswp-item\" href=\"https:\/\/www.radiopiu.net\/wordpress\/wp-content\/uploads\/2020\/08\/salt_20200810_175813_090_resized.jpg\" data-dt-img-description=\"\" data-large_image_width=\"1182\" data-large_image_height=\"886\"><img loading=\"lazy\" decoding=\"async\" class=\"size-medium wp-image-154485 alignleft\" src=\"https:\/\/www.radiopiu.net\/wordpress\/wp-content\/uploads\/2020\/08\/salt_20200810_175813_090_resized-300x225.jpg\" alt=\"\" width=\"300\" height=\"225\" srcset=\"https:\/\/www.radiopiu.net\/wordpress\/wp-content\/uploads\/2020\/08\/salt_20200810_175813_090_resized-300x225.jpg 300w, https:\/\/www.radiopiu.net\/wordpress\/wp-content\/uploads\/2020\/08\/salt_20200810_175813_090_resized-1024x768.jpg 1024w, https:\/\/www.radiopiu.net\/wordpress\/wp-content\/uploads\/2020\/08\/salt_20200810_175813_090_resized-768x576.jpg 768w, https:\/\/www.radiopiu.net\/wordpress\/wp-content\/uploads\/2020\/08\/salt_20200810_175813_090_resized.jpg 1182w\" sizes=\"auto, (max-width: 300px) 100vw, 300px\" \/><\/a>LONGARONE <\/strong>Alle 11 circa la Centrale del 118 \u00e8 stata allertata dagli amici di un ragazzo colto da malore all&#8217;esterno di una casera a Igne, Longarone. J.S., 31 anni, di Ponte nelle Alpi (BL), aveva infatti perso i sensi all&#8217;improvviso e i compagni lo avevano trovato cos\u00ec. Ricevute le coordinate, l&#8217;elicottero del Suem di Pieve di Cadore \u00e8 atterrato nelle vicinanze e l&#8217;equipe medica ha subito monitorato il trentenne, che nel frattempo aveva ripreso conoscenza, per poi caricarlo a bordo e trasportarlo all&#8217;ospedale di Belluno per le verifiche del caso.<\/p>\n<p><strong>VAL DI ZOLDO <\/strong>Poco prima delle 13, \u00e8 scattato l&#8217;allarme per una donna precipitata dal Monte Coldai, lanciato da un testimone che aveva assistito all&#8217;accaduto da Forcella Coldai, Val di Zoldo. L&#8217;eliambulanza si \u00e8 portata sul luogo dell&#8217;incidente e ha calato con un verricello di 30 metri tecnico di elisoccorso, medico e infermiere, che hanno raggiunto L.G., 57 anni, di Conegliano (TV), caduta mentre con un amico stava scendendo verso il lago e ruzzolata per una trentina di metri. Prestate le prime cure per un probabile politrauma, l&#8217;infortunata \u00e8 stata imbarellata e issata a bordo sempre con il verricello, per essere poi accompagnata al San Martino.<\/p>\n<p><strong>MEL <\/strong>Alle 14 l&#8217;elicottero \u00e8 infine volato alla Grotta Azzurra, a Mel, a seguito della scivolata di un escursionista. L&#8217;uomo, A.C., 73 anni, di Adria (RO), che si trovava con i familiari, aveva sbattuto a terra nei pressi della grotta, riportando possibili traumi cranico e dorsale. Sbarcati con un verricello, equipe medica e tecnico di elisoccorso hanno preso in carico l&#8217;uomo, sul posto erano presenti il personale sanitario dell&#8217;ambulanza, il Soccorso alpino di Belluno e i Vigili\u00a0 del fuoco. Una volta caricato in barella e recuperato, l&#8217;infortunato \u00e8 stato portato a Belluno per le cure del caso.<\/p>\n<p>&nbsp;<\/p>\n<hr \/>\n<p>&nbsp;<\/p>\n<blockquote>\n<h2>POLANE: RIQUALIFICAZIONE DEI MAGAZZINI COMUNALI E STADIO DI CALCIO DORIGO<\/h2>\n<\/blockquote>\n<p><strong>AGORDO\u00a0<\/strong> Mezzi in movimento, movimento terra, prime fondamenta di cemento. I cantieri in localit\u00e0 Polane sono stati avviati, ai magazzini comunali e allo stadio di calcio Ivano Dorigo. Ne parla a Radio Pi\u00f9 l&#8217;assessore allo sport Cristina Bien<\/p>\n<p><strong>AUDIO<\/strong><\/p>\n<audio class=\"wp-audio-shortcode\" id=\"audio-168326-3\" preload=\"none\" style=\"width: 100%;\" controls=\"controls\"><source type=\"audio\/mpeg\" src=\"https:\/\/www.radiopiu.net\/wordpress\/wp-content\/uploads\/2020\/10\/CRISTINA-BIEN-STADIO-CALCIO.mp3?_=3\" \/><a href=\"https:\/\/www.radiopiu.net\/wordpress\/wp-content\/uploads\/2020\/10\/CRISTINA-BIEN-STADIO-CALCIO.mp3\">https:\/\/www.radiopiu.net\/wordpress\/wp-content\/uploads\/2020\/10\/CRISTINA-BIEN-STADIO-CALCIO.mp3<\/a><\/audio>\n<p>&nbsp;<\/p>\n<blockquote>\n<h3>GALLERIA FOTOGRAFICA, CANTIERI MAGAZZINI COMUNE DI AGORDO E CANTIERE STADIO DI CALCIO &#8220;IVANO DORIGO&#8221; IN LOCALITA&#8217; POLANE<\/h3>\n<\/blockquote>\n\n\t\t\t<style type='text\/css'>\n\t\t\t\t#gallery-1 {\n\t\t\t\t\tmargin: auto;\n\t\t\t\t}\n\t\t\t\t#gallery-1 .gallery-item {\n\t\t\t\t\tfloat: left;\n\t\t\t\t\tmargin-top: 10px;\n\t\t\t\t\ttext-align: center;\n\t\t\t\t\twidth: 33%;\n\t\t\t\t}\n\t\t\t\t#gallery-1 img {\n\t\t\t\t\tborder: 2px solid #cfcfcf;\n\t\t\t\t}\n\t\t\t\t#gallery-1 .gallery-caption {\n\t\t\t\t\tmargin-left: 0;\n\t\t\t\t}\n\t\t\t\t\/* see gallery_shortcode() in wp-includes\/media.php *\/\n\t\t\t<\/style>\n\t\t<div id='gallery-1' class='dt-gallery-container gallery galleryid-168326 gallery-columns-3 gallery-size-thumbnail'><dl class='gallery-item'>\n\t\t\t\t<dt class='gallery-icon landscape'>\n\t\t\t\t\t<a class=\"rollover rollover-zoom dt-pswp-item\" title=\"agordo magazzini (1)\" data-dt-img-description=\"\" data-large_image_width=\"1024\" data-large_image_height=\"768\"href='https:\/\/www.radiopiu.net\/wordpress\/wp-content\/uploads\/2020\/10\/agordo-magazzini-1.jpg'><img loading=\"lazy\" decoding=\"async\" width=\"150\" height=\"150\" src=\"https:\/\/www.radiopiu.net\/wordpress\/wp-content\/uploads\/2020\/10\/agordo-magazzini-1-150x150.jpg\" class=\"attachment-thumbnail size-thumbnail\" alt=\"\" \/><\/a>\n\t\t\t\t<\/dt><\/dl><dl class='gallery-item'>\n\t\t\t\t<dt class='gallery-icon landscape'>\n\t\t\t\t\t<a class=\"rollover rollover-zoom dt-pswp-item\" title=\"agordo magazzini (4)\" data-dt-img-description=\"\" data-large_image_width=\"1024\" data-large_image_height=\"768\"href='https:\/\/www.radiopiu.net\/wordpress\/wp-content\/uploads\/2020\/10\/agordo-magazzini-4.jpg'><img loading=\"lazy\" decoding=\"async\" width=\"150\" height=\"150\" src=\"https:\/\/www.radiopiu.net\/wordpress\/wp-content\/uploads\/2020\/10\/agordo-magazzini-4-150x150.jpg\" class=\"attachment-thumbnail size-thumbnail\" alt=\"\" \/><\/a>\n\t\t\t\t<\/dt><\/dl><dl class='gallery-item'>\n\t\t\t\t<dt class='gallery-icon landscape'>\n\t\t\t\t\t<a class=\"rollover rollover-zoom dt-pswp-item\" title=\"agordo magazzini (3)\" data-dt-img-description=\"\" data-large_image_width=\"1024\" data-large_image_height=\"768\"href='https:\/\/www.radiopiu.net\/wordpress\/wp-content\/uploads\/2020\/10\/agordo-magazzini-3.jpg'><img loading=\"lazy\" decoding=\"async\" width=\"150\" height=\"150\" src=\"https:\/\/www.radiopiu.net\/wordpress\/wp-content\/uploads\/2020\/10\/agordo-magazzini-3-150x150.jpg\" class=\"attachment-thumbnail size-thumbnail\" alt=\"\" \/><\/a>\n\t\t\t\t<\/dt><\/dl><br style=\"clear: both\" \/><dl class='gallery-item'>\n\t\t\t\t<dt class='gallery-icon landscape'>\n\t\t\t\t\t<a class=\"rollover rollover-zoom dt-pswp-item\" title=\"agordo stadio (3)\" data-dt-img-description=\"\" data-large_image_width=\"1024\" data-large_image_height=\"768\"href='https:\/\/www.radiopiu.net\/wordpress\/wp-content\/uploads\/2020\/10\/agordo-stadio-3.jpg'><img loading=\"lazy\" decoding=\"async\" width=\"150\" height=\"150\" src=\"https:\/\/www.radiopiu.net\/wordpress\/wp-content\/uploads\/2020\/10\/agordo-stadio-3-150x150.jpg\" class=\"attachment-thumbnail size-thumbnail\" alt=\"\" \/><\/a>\n\t\t\t\t<\/dt><\/dl><dl class='gallery-item'>\n\t\t\t\t<dt class='gallery-icon landscape'>\n\t\t\t\t\t<a class=\"rollover rollover-zoom dt-pswp-item\" title=\"agordo stadio (2)\" data-dt-img-description=\"\" data-large_image_width=\"1024\" data-large_image_height=\"768\"href='https:\/\/www.radiopiu.net\/wordpress\/wp-content\/uploads\/2020\/10\/agordo-stadio-2.jpg'><img loading=\"lazy\" decoding=\"async\" width=\"150\" height=\"150\" src=\"https:\/\/www.radiopiu.net\/wordpress\/wp-content\/uploads\/2020\/10\/agordo-stadio-2-150x150.jpg\" class=\"attachment-thumbnail size-thumbnail\" alt=\"\" \/><\/a>\n\t\t\t\t<\/dt><\/dl><dl class='gallery-item'>\n\t\t\t\t<dt class='gallery-icon landscape'>\n\t\t\t\t\t<a class=\"rollover rollover-zoom dt-pswp-item\" title=\"agordo stadio (1)\" data-dt-img-description=\"\" data-large_image_width=\"1024\" data-large_image_height=\"768\"href='https:\/\/www.radiopiu.net\/wordpress\/wp-content\/uploads\/2020\/10\/agordo-stadio-1.jpg'><img loading=\"lazy\" decoding=\"async\" width=\"150\" height=\"150\" src=\"https:\/\/www.radiopiu.net\/wordpress\/wp-content\/uploads\/2020\/10\/agordo-stadio-1-150x150.jpg\" class=\"attachment-thumbnail size-thumbnail\" alt=\"\" \/><\/a>\n\t\t\t\t<\/dt><\/dl><br style=\"clear: both\" \/>\n\t\t\t<\/div>\n\n<p>&nbsp;<\/p>\n<blockquote>\n<h3>VIDEO STADIO DI AGORDO &#8220;IVANO DORIGO&#8221;<\/h3>\n<\/blockquote>\n<p><iframe loading=\"lazy\" title=\"2020 10 25 08 29 18 Cache\" width=\"1200\" height=\"675\" src=\"https:\/\/www.youtube.com\/embed\/9h2_T22DjeU?feature=oembed\" frameborder=\"0\" allow=\"accelerometer; autoplay; clipboard-write; encrypted-media; gyroscope; picture-in-picture\" allowfullscreen><\/iframe><\/p>\n<p>&nbsp;<\/p>\n<p>&nbsp;<\/p>\n<hr \/>\n<p>&nbsp;<\/p>\n<blockquote>\n<h3>CORSO BASE E CORSO BASE SICUREZZA VOLONTARI PROTEZIONE CIVILE<\/h3>\n<\/blockquote>\n<p><strong><a class=\"dt-pswp-item\" href=\"https:\/\/www.radiopiu.net\/wordpress\/wp-content\/uploads\/2020\/10\/IMG-20201022-WA0021.jpg\" data-dt-img-description=\"\" data-large_image_width=\"1600\" data-large_image_height=\"1200\"><img loading=\"lazy\" decoding=\"async\" class=\" wp-image-168442 alignleft\" src=\"https:\/\/www.radiopiu.net\/wordpress\/wp-content\/uploads\/2020\/10\/IMG-20201022-WA0021-300x225.jpg\" alt=\"\" width=\"243\" height=\"182\" srcset=\"https:\/\/www.radiopiu.net\/wordpress\/wp-content\/uploads\/2020\/10\/IMG-20201022-WA0021-300x225.jpg 300w, https:\/\/www.radiopiu.net\/wordpress\/wp-content\/uploads\/2020\/10\/IMG-20201022-WA0021-1024x768.jpg 1024w, https:\/\/www.radiopiu.net\/wordpress\/wp-content\/uploads\/2020\/10\/IMG-20201022-WA0021-768x576.jpg 768w, https:\/\/www.radiopiu.net\/wordpress\/wp-content\/uploads\/2020\/10\/IMG-20201022-WA0021-1536x1152.jpg 1536w, https:\/\/www.radiopiu.net\/wordpress\/wp-content\/uploads\/2020\/10\/IMG-20201022-WA0021.jpg 1600w\" sizes=\"auto, (max-width: 243px) 100vw, 243px\" \/><\/a>CENCENIGHE<\/strong> Continua la formazione di nuovi volontari da parte dell\u2019Ufficio Regionale della Protezione Civile in collaborazione con L\u2019Ente Provincia ed il Volontariato. Si \u00e8 concluso\u00a0 il corso base ed il corso base sicurezza per 45 nuovi volontari di Protezione Civile. Gli aspiranti volontari hanno frequentato le lezioni teoriche (36 ore) al Nof Fil\u00f2 messo\u00a0 a disposizione dal Comune. Sono state trattate le tematiche del settore dai formatori abilitati dalla Regione. Di seguito la prova pratica\u00a0 (8 ore) a La Cal di Limana presso la struttura logistica provinciale. Hanno partecipato i volontari del nuovo Gruppo Comunale di Taibon, Giunta e Sindaco, volontari che verranno inquadrati nel Gruppo Alpini di Cencenighe e Vallada, nel Gruppo Comunale di Voltago, e nell\u2019associazione Radio Club Cime Bianche di Agordo. Ci sono poi\u00a0 gli aspiranti che\u00a0 si metteranno a disposizione in caso di necessit\u00e0. <em>&#8220;Il numero considerevole di nuovi volontari &#8211; dice Francesco Dell&#8217;Osbel, <a class=\"dt-pswp-item\" href=\"https:\/\/www.radiopiu.net\/wordpress\/wp-content\/uploads\/2020\/10\/IMG-20201024-WA0005.jpg\" data-dt-img-description=\"\" data-large_image_width=\"2000\" data-large_image_height=\"1126\"><img loading=\"lazy\" decoding=\"async\" class=\"size-medium wp-image-168443 alignright\" src=\"https:\/\/www.radiopiu.net\/wordpress\/wp-content\/uploads\/2020\/10\/IMG-20201024-WA0005-300x169.jpg\" alt=\"\" width=\"300\" height=\"169\" srcset=\"https:\/\/www.radiopiu.net\/wordpress\/wp-content\/uploads\/2020\/10\/IMG-20201024-WA0005-300x169.jpg 300w, https:\/\/www.radiopiu.net\/wordpress\/wp-content\/uploads\/2020\/10\/IMG-20201024-WA0005-1024x577.jpg 1024w, https:\/\/www.radiopiu.net\/wordpress\/wp-content\/uploads\/2020\/10\/IMG-20201024-WA0005-768x432.jpg 768w, https:\/\/www.radiopiu.net\/wordpress\/wp-content\/uploads\/2020\/10\/IMG-20201024-WA0005-1536x865.jpg 1536w, https:\/\/www.radiopiu.net\/wordpress\/wp-content\/uploads\/2020\/10\/IMG-20201024-WA0005.jpg 2000w\" sizes=\"auto, (max-width: 300px) 100vw, 300px\" \/><\/a>coordinatore del Radio Club Cime Bianche &#8211;\u00a0 \u00e8 senz\u2019altro un segnale positivo per la collettivit\u00e0 e per le esigenze del territorio Agordino, in quanto l\u2019inserimento di nuovi gruppi Comunali costituiti da persone motivate, e l\u2019implementazione di gruppi gi\u00e0 costituiti rappresenta un importante rafforzamento del sistema di Protezione Civile locale che poi \u00e8 quello che dovr\u00e0 intervenire in prima battuta in caso di calamit\u00e0 naturale; ben vengano quindi negli organici del settore queste persone di spiccato senso civico&#8221; . <\/em>La Regione\u00a0 iscriver\u00e0 i neo volontari\u00a0 all\u2019albo regionale della Protezione Civile e il volontario sar\u00e0 definitivamente operativo. E\u2019 previsto un ulteriore corso di formazione non appena sar\u00e0 possibile, superare le difficolt\u00e0\u00a0 legate all&#8217;emergenza sanitaria. Chiunque fosse interessato\u00a0 pu\u00f2 rivolgersi all\u2019ufficio Regionale preposto presso la Provincia di Belluno.<\/p>\n<p>&nbsp;<\/p>\n<hr \/>\n<h3><\/h3>\n<blockquote>\n<h3>CONCLUSO IL CORSO DI PROTEZIONE CIVILE: IN PROVINCIA ALTRI 50 NUOVI VOLONTARI<\/h3>\n<\/blockquote>\n<p><strong><a class=\"dt-pswp-item\" href=\"https:\/\/www.radiopiu.net\/wordpress\/wp-content\/uploads\/2020\/10\/Protezione-Civile-1.jpeg\" data-dt-img-description=\"\" data-large_image_width=\"1600\" data-large_image_height=\"1200\"><img loading=\"lazy\" decoding=\"async\" class=\"size-medium wp-image-168417 alignleft\" src=\"https:\/\/www.radiopiu.net\/wordpress\/wp-content\/uploads\/2020\/10\/Protezione-Civile-1-300x225.jpeg\" alt=\"\" width=\"300\" height=\"225\" srcset=\"https:\/\/www.radiopiu.net\/wordpress\/wp-content\/uploads\/2020\/10\/Protezione-Civile-1-300x225.jpeg 300w, https:\/\/www.radiopiu.net\/wordpress\/wp-content\/uploads\/2020\/10\/Protezione-Civile-1-1024x768.jpeg 1024w, https:\/\/www.radiopiu.net\/wordpress\/wp-content\/uploads\/2020\/10\/Protezione-Civile-1-768x576.jpeg 768w, https:\/\/www.radiopiu.net\/wordpress\/wp-content\/uploads\/2020\/10\/Protezione-Civile-1-1536x1152.jpeg 1536w, https:\/\/www.radiopiu.net\/wordpress\/wp-content\/uploads\/2020\/10\/Protezione-Civile-1.jpeg 1600w\" sizes=\"auto, (max-width: 300px) 100vw, 300px\" \/><\/a>BELLUNO<\/strong> Si \u00e8 concluso l\u2019ultimo corso di Protezione Civile organizzato e curato dalla Provincia di Belluno. Hanno partecipato 50 persone, soprattutto giovani, che saranno a disposizione dei vari gruppi attivi sul territorio provinciale. In particolare, i gruppi Radio Club Cime Bianche, Ana Belluno (con le squadre di Cencenighe e Vallada), e i gruppi comunali di Taibon, Voltago e Colle Santa Lucia.\u00a0I volontari hanno cominciato la formazione il 16 ottobre scorso e dopo 44 ore tra prove pratiche e teoria di base sono formati per operare in contesti di emergenza. Al corso ha partecipato anche la sindaca di Taibon, Silvia Tormen, con tutta la giunta.\u00a0\u00abRingraziamo i nuovi volontari che hanno scelto di dedicare il loro tempo e le loro energie per diventare operativi in Protezione Civile\u00bb ha detto il presidente della Provincia Roberto Padrin, che questa mattina ha fatto visita ai magazzini provinciali della Cal (Limana), per incontrare i nuovi volontari e i docenti del corso, insieme al consigliere provinciale delegato alla Protezione Civile, Massimo Bortoluzzi. \u00abLa forza del volontariato \u00e8 quella che permette alle nostre amministrazioni locali di svolgere moltissime attivit\u00e0 che altrimenti rimarrebbero ferme, bloccate. E la fragilit\u00e0 del territorio, pi\u00f9 volte riscontrata negli ultimi anni, ha bisogno di persone di buona volont\u00e0 che si impegnano per la societ\u00e0 civile e per la collettivit\u00e0. Fa piacere poi che ci sia anche un sindaco tra i nuovi volontari\u00bb.\u00a0Il ringraziamento ai docenti del corso e a tutti coloro che hanno collaborato \u00e8 arrivato anche dal consigliere provinciale Bortoluzzi. \u00abRingrazio in particolare il nostro referente Carlo Zampieri e il sindaco di Cencenighe, che per la prima parte della formazione ha messo a disposizione il Nof Fil\u00f2. Oggi le attivit\u00e0 pratiche si sono svolte ai magazzini della Cal di Limana, che stanno diventando la nuova casa operativa della Protezione Civile bellunese, grazie all\u2019impegno dell\u2019Ana Belluno. La Provincia ha dato la struttura, ma sono le tute fluo ad averla resa un fiore all\u2019occhiello, centro della logistica delle emergenze\u00bb.<\/p>\n<p>&nbsp;<\/p>\n<p>&nbsp;<\/p>\n<hr \/>\n<blockquote>\n<h3>HERBERT DORFMANN AL PARLAMENTO EUROPEO<\/h3>\n<\/blockquote>\n<p><strong>BRUXELLES<\/strong> Di seguito la dichiarazione di Herbert Dorfmann sulla votazione al Parlamento Europeo\u00a0 che ha portato all&#8217;approvazione dei regolamenti della nuova Politica Agricola Comune &#8211; PAC.<\/p>\n<p>&nbsp;<\/p>\n<div style=\"width: 848px;\" class=\"wp-video\"><video class=\"wp-video-shortcode\" id=\"video-168326-1\" width=\"848\" height=\"480\" preload=\"metadata\" controls=\"controls\"><source type=\"video\/mp4\" src=\"https:\/\/www.radiopiu.net\/wordpress\/wp-content\/uploads\/2020\/10\/WhatsApp-Video-2020-10-23-at-07.19.24.mp4?_=1\" \/><a href=\"https:\/\/www.radiopiu.net\/wordpress\/wp-content\/uploads\/2020\/10\/WhatsApp-Video-2020-10-23-at-07.19.24.mp4\">https:\/\/www.radiopiu.net\/wordpress\/wp-content\/uploads\/2020\/10\/WhatsApp-Video-2020-10-23-at-07.19.24.mp4<\/a><\/video><\/div>\n<p>&nbsp;<\/p>\n<p>&nbsp;<\/p>\n<hr \/>\n<p>&nbsp;<\/p>\n<blockquote class=\"wp-embedded-content\" data-secret=\"qOhIdPin7Q\"><p><a href=\"https:\/\/www.radiopiu.net\/wordpress\/coronavirus-aggiornamento-nazionale-25-ottobre\/\">CORONAVIRUS: AGGIORNAMENTO NAZIONALE 25 OTTOBRE<\/a><\/p><\/blockquote>\n<p><iframe loading=\"lazy\" class=\"wp-embedded-content\" sandbox=\"allow-scripts\" security=\"restricted\" style=\"position: absolute; clip: rect(1px, 1px, 1px, 1px);\" title=\"&#8220;CORONAVIRUS: AGGIORNAMENTO NAZIONALE 25 OTTOBRE&#8221; &#8212; Radio Pi\u00f9\" src=\"https:\/\/www.radiopiu.net\/wordpress\/coronavirus-aggiornamento-nazionale-25-ottobre\/embed\/#?secret=qOhIdPin7Q\" data-secret=\"qOhIdPin7Q\" width=\"600\" height=\"338\" frameborder=\"0\" marginwidth=\"0\" marginheight=\"0\" scrolling=\"no\"><\/iframe><\/p>\n<p>&nbsp;<\/p>\n<hr \/>\n<p>&nbsp;<\/p>\n<blockquote class=\"wp-embedded-content\" data-secret=\"ROApHgDKfi\"><p><a href=\"https:\/\/www.radiopiu.net\/wordpress\/1438-i-nuovi-positivi-in-veneto-delle-ultime-24-ore-11-decessi-e-52-persone-in-piu-ricoverate-in-area-non-critica-a-belluno-81-nuove-positivita-5-soggetti-abbandonano-lospedale-di-feltre\/\">1438 I NUOVI POSITIVI IN VENETO DELLE ULTIME 24 ORE. 11 DECESSI E 52 PERSONE IN PI\u00d9 RICOVERATE IN AREA NON CRITICA. A BELLUNO 81 NUOVE POSITIVIT\u00c0, 5 SOGGETTI ABBANDONANO L&#8217;OSPEDALE DI FELTRE<\/a><\/p><\/blockquote>\n<p><iframe loading=\"lazy\" class=\"wp-embedded-content\" sandbox=\"allow-scripts\" security=\"restricted\" style=\"position: absolute; clip: rect(1px, 1px, 1px, 1px);\" title=\"&#8220;1438 I NUOVI POSITIVI IN VENETO DELLE ULTIME 24 ORE. 11 DECESSI E 52 PERSONE IN PI\u00d9 RICOVERATE IN AREA NON CRITICA. A BELLUNO 81 NUOVE POSITIVIT\u00c0, 5 SOGGETTI ABBANDONANO L&#8217;OSPEDALE DI FELTRE&#8221; &#8212; Radio Pi\u00f9\" src=\"https:\/\/www.radiopiu.net\/wordpress\/1438-i-nuovi-positivi-in-veneto-delle-ultime-24-ore-11-decessi-e-52-persone-in-piu-ricoverate-in-area-non-critica-a-belluno-81-nuove-positivita-5-soggetti-abbandonano-lospedale-di-feltre\/embed\/#?secret=ROApHgDKfi\" data-secret=\"ROApHgDKfi\" width=\"600\" height=\"338\" frameborder=\"0\" marginwidth=\"0\" marginheight=\"0\" scrolling=\"no\"><\/iframe><\/p>\n<p>&nbsp;<\/p>\n<blockquote>\n<h3>I GRAFICI DI TIZIANO DE COL<\/h3>\n<\/blockquote>\n\n\t\t\t<style type='text\/css'>\n\t\t\t\t#gallery-2 {\n\t\t\t\t\tmargin: auto;\n\t\t\t\t}\n\t\t\t\t#gallery-2 .gallery-item {\n\t\t\t\t\tfloat: left;\n\t\t\t\t\tmargin-top: 10px;\n\t\t\t\t\ttext-align: center;\n\t\t\t\t\twidth: 50%;\n\t\t\t\t}\n\t\t\t\t#gallery-2 img {\n\t\t\t\t\tborder: 2px solid #cfcfcf;\n\t\t\t\t}\n\t\t\t\t#gallery-2 .gallery-caption {\n\t\t\t\t\tmargin-left: 0;\n\t\t\t\t}\n\t\t\t\t\/* see gallery_shortcode() in wp-includes\/media.php *\/\n\t\t\t<\/style>\n\t\t<div id='gallery-2' class='dt-gallery-container gallery galleryid-168326 gallery-columns-2 gallery-size-medium'><dl class='gallery-item'>\n\t\t\t\t<dt class='gallery-icon landscape'>\n\t\t\t\t\t<a class=\"rollover rollover-zoom dt-pswp-item\" title=\"aaed9a56-f178-456a-9ef8-b8dfec26007f\" data-dt-img-description=\"\" data-large_image_width=\"588\" data-large_image_height=\"333\"href='https:\/\/www.radiopiu.net\/wordpress\/wp-content\/uploads\/2020\/10\/aaed9a56-f178-456a-9ef8-b8dfec26007f.jpg'><img loading=\"lazy\" decoding=\"async\" width=\"300\" height=\"170\" src=\"https:\/\/www.radiopiu.net\/wordpress\/wp-content\/uploads\/2020\/10\/aaed9a56-f178-456a-9ef8-b8dfec26007f-300x170.jpg\" class=\"attachment-medium size-medium\" alt=\"\" srcset=\"https:\/\/www.radiopiu.net\/wordpress\/wp-content\/uploads\/2020\/10\/aaed9a56-f178-456a-9ef8-b8dfec26007f-300x170.jpg 300w, https:\/\/www.radiopiu.net\/wordpress\/wp-content\/uploads\/2020\/10\/aaed9a56-f178-456a-9ef8-b8dfec26007f.jpg 588w\" sizes=\"auto, (max-width: 300px) 100vw, 300px\" \/><\/a>\n\t\t\t\t<\/dt><\/dl><dl class='gallery-item'>\n\t\t\t\t<dt class='gallery-icon portrait'>\n\t\t\t\t\t<a class=\"rollover rollover-zoom dt-pswp-item\" title=\"4ac2e9b8-d32c-4ef5-880a-d5cda0703640\" data-dt-img-description=\"\" data-large_image_width=\"602\" data-large_image_height=\"636\"href='https:\/\/www.radiopiu.net\/wordpress\/wp-content\/uploads\/2020\/10\/4ac2e9b8-d32c-4ef5-880a-d5cda0703640.jpg'><img loading=\"lazy\" decoding=\"async\" width=\"284\" height=\"300\" src=\"https:\/\/www.radiopiu.net\/wordpress\/wp-content\/uploads\/2020\/10\/4ac2e9b8-d32c-4ef5-880a-d5cda0703640-284x300.jpg\" class=\"attachment-medium size-medium\" alt=\"\" srcset=\"https:\/\/www.radiopiu.net\/wordpress\/wp-content\/uploads\/2020\/10\/4ac2e9b8-d32c-4ef5-880a-d5cda0703640-284x300.jpg 284w, https:\/\/www.radiopiu.net\/wordpress\/wp-content\/uploads\/2020\/10\/4ac2e9b8-d32c-4ef5-880a-d5cda0703640.jpg 602w\" sizes=\"auto, (max-width: 284px) 100vw, 284px\" \/><\/a>\n\t\t\t\t<\/dt><\/dl><br style=\"clear: both\" \/>\n\t\t\t<\/div>\n\n<p>&nbsp;<\/p>\n<hr \/>\n<p>&nbsp;<\/p>\n<p>&nbsp;<\/p>\n<blockquote>\n<h2>ALLARME CGIA: L\u2019ARTIGIANATO VENETO NON REGGE L\u2019URTO DEL COVID. UNA NUOVA CHIUSURA TOTALE SAREBBE IL COLPO DEL KO.<\/h2>\n<p>&nbsp;<\/p><\/blockquote>\n<p><a class=\"dt-pswp-item\" href=\"https:\/\/www.radiopiu.net\/wordpress\/wp-content\/uploads\/2020\/10\/Schermata-2020-10-24-alle-11.00.38.png\" data-dt-img-description=\"\" data-large_image_width=\"1060\" data-large_image_height=\"1272\"><img loading=\"lazy\" decoding=\"async\" class=\"alignleft size-thumbnail wp-image-168234\" src=\"https:\/\/www.radiopiu.net\/wordpress\/wp-content\/uploads\/2020\/10\/Schermata-2020-10-24-alle-11.00.38-150x150.png\" alt=\"\" width=\"150\" height=\"150\" \/><\/a>Anche a causa del Covid, l\u2019artigianato veneto \u00e8 sempre pi\u00f9 in affanno. Nei primi 6 mesi di quest\u2019anno le imprese del settore sono scese di 687 unit\u00e0; facendo diminuire il numero complessivo a quota 125.305. Sia nel I (-1.002) che nel II trimestre 2020 (+315) i saldi sono tra i peggiori registrati negli ultimi 10 anni, a conferma che l\u2019artigianato in Veneto, come del resto tutte le attivit\u00e0 di prossimit\u00e0, non \u00e8 stato in grado di reggere l\u2019urto dello shock pandemico. E se fosse proclamata una nuova chiusura totale del Paese assisteremmo al colpo del definitivo KO. A lanciare l\u2019allarme \u00e8 la CGIA. Afferma il coordinatore dell\u2019Ufficio studi Paolo Zabeo: \u201cUn nuovo lockdown generalizzato darebbe il colpo di grazia ad un settore che da 11 anni a questa parte sta costantemente diminuendo di numero. Dal 2009, infatti, hanno chiuso definitivamente la saracinesca 18.000 aziende artigiane venete. Questo ha avviato la desertificazione dei centri storici e delle periferie, contribuendo a peggiorare il volto urbano delle nostre citt\u00e0 che, anche per questa ragione, sono diventate meno vivibili, meno sicure e pi\u00f9 degradate. Sia chiaro: soluzioni miracolistiche non ce ne sono, anche se \u00e8 necessario un imminente intervento pubblico almeno per calmierare il costo degli affitti, ridurre le tasse, soprattutto quelle locali, e facilitare l\u2019accesso al credito. Nonostante i prestiti erogati con il decreto liquidit\u00e0, sono ancora tantissime le imprese artigiane che non trovano ascolto presso le banche, con il pericolo che molte di queste finiscano nella rete tesa dagli usurai\u201d. La difficolt\u00e0 di accedere al credito bancario da parte delle piccolissime aziende potrebbe addirittura peggiorare a partire dal 2021. Sottolinea il segretario della CGIA Renato Mason: <a class=\"dt-pswp-item\" href=\"https:\/\/www.radiopiu.net\/wordpress\/wp-content\/uploads\/2020\/10\/Schermata-2020-10-24-alle-11.00.53.png\" data-dt-img-description=\"\" data-large_image_width=\"1006\" data-large_image_height=\"664\"><img loading=\"lazy\" decoding=\"async\" class=\"alignleft size-thumbnail wp-image-168233\" src=\"https:\/\/www.radiopiu.net\/wordpress\/wp-content\/uploads\/2020\/10\/Schermata-2020-10-24-alle-11.00.53-150x150.png\" alt=\"\" width=\"150\" height=\"150\" \/><\/a>\u201cDal prossimo 1\u00b0 gennaio, le banche applicheranno le nuove regole europee sulla definizione di default. Queste novit\u00e0 stabiliscono criteri e modalit\u00e0 pi\u00f9 restrittive rispetto a quelli finora adottati. Altres\u00ec, \u00e8 previsto che le banche definiscano inadempiente colui che presenta un arretrato consecutivo da oltre 90 giorni, il cui importo risulti superiore sia ai 100 euro sia all\u20191 per cento del totale delle esposizioni verso il gruppo bancario. Se dovesse superare entrambe le soglie, scatter\u00e0 la segnalazione presso la Centrale Rischi della Banca d\u2019Italia che, automaticamente, bolliner\u00e0 l\u2019imprenditore come cattivo pagatore, impedendogli cos\u00ec di poter disporre per un determinato periodo di tempo dell\u2019aiuto di qualsiasi istituto di credito. Una situazione che rischia di interessare tantissime partite Iva che tradizionalmente sono a corto di liquidit\u00e0 e con grosse difficolt\u00e0, soprattutto in questo momento, a rispettare i piani di rientro dei propri debiti bancari\u201d. Quasi sicuramente, questa nuova definizione di default spinger\u00e0 le banche a tenere un comportamento molto \u201cprudente\u201d nei confronti dei clienti. Con l\u2019abbassamento della soglia di sconfinamento, registreremo senz&#8217;altro una impennata dei crediti deteriorati. Per evitare gli effetti negativi degli Npl, infatti, Bruxelles ha imposto alle banche la svalutazione in 3 anni dei crediti a rischio non garantiti e in 7-9 anni per quelli con garanzia reali. E\u2019 evidente che l\u2019applicazione di queste misure indurr\u00e0 moltissimi istituti di credito ad adottare un atteggiamento di estrema cautela nell\u2019erogare i prestiti, per evitare di dover sostenere delle perdite in pochi anni. Insomma, per tantissime Pmi venete \u00e8 in arrivo una nuova stretta creditizia. A livello regionale il Veneto \u00e8 la terza regione d\u2019Italia ad aver subito la contrazione pi\u00f9 pesante: solo la Lombardia (-1.244) e l\u2019Emilia Romagna (-881) hanno registrato un saldo pi\u00f9 negativo del nostro che, ricordiamo, nel primo semestre del 2020 \u00e8 stato pari a -687. A livello provinciale, infine, le province venete che hanno subito le riduzioni pi\u00f9 significative sono state Treviso (-112), Padova (-116) e Vicenza (-204). A livello nazionale solo Milano (-261) ha segnato un dato peggiore della nostra provincia berica. Sebbene abbia anch\u2019essa registrato un saldo negativo, nel primo semestre la realt\u00e0 territoriale pi\u00f9 \u201cvirtuosa\u201d del Veneto \u00e8 stata Belluno (-44).<\/p>\n<p>&nbsp;<\/p>\n<p>&nbsp;<\/p>\n<hr \/>\n<p>&nbsp;<\/p>\n<p>&nbsp;<\/p>\n<blockquote>\n<h3>AVANTI CON IL PROGETTO PROTEZIONE CIVILE<\/h3>\n<\/blockquote>\n<p style=\"text-align: left;\"><strong><a class=\"dt-pswp-item\" href=\"https:\/\/www.radiopiu.net\/wordpress\/wp-content\/uploads\/2020\/10\/41535bbf-23f4-40a8-9850-51daad237627.jpg\" data-dt-img-description=\"\" data-large_image_width=\"1600\" data-large_image_height=\"757\"><img loading=\"lazy\" decoding=\"async\" class=\"wp-image-168221 alignleft\" src=\"https:\/\/www.radiopiu.net\/wordpress\/wp-content\/uploads\/2020\/10\/41535bbf-23f4-40a8-9850-51daad237627-300x142.jpg\" alt=\"\" width=\"241\" height=\"114\" srcset=\"https:\/\/www.radiopiu.net\/wordpress\/wp-content\/uploads\/2020\/10\/41535bbf-23f4-40a8-9850-51daad237627-300x142.jpg 300w, https:\/\/www.radiopiu.net\/wordpress\/wp-content\/uploads\/2020\/10\/41535bbf-23f4-40a8-9850-51daad237627-1024x484.jpg 1024w, https:\/\/www.radiopiu.net\/wordpress\/wp-content\/uploads\/2020\/10\/41535bbf-23f4-40a8-9850-51daad237627-768x363.jpg 768w, https:\/\/www.radiopiu.net\/wordpress\/wp-content\/uploads\/2020\/10\/41535bbf-23f4-40a8-9850-51daad237627-1536x727.jpg 1536w, https:\/\/www.radiopiu.net\/wordpress\/wp-content\/uploads\/2020\/10\/41535bbf-23f4-40a8-9850-51daad237627.jpg 1600w\" sizes=\"auto, (max-width: 241px) 100vw, 241px\" \/><\/a>ROCCA PIETORE<\/strong> E&#8217; stata\u00a0 firmata la convenzione con la Sezione Alpini di Belluno relativa al nuovo Gruppo ANA di Protezione Civile del Comune di Rocca Pietore. Pi\u00f9 di venti volontari da tutte le frazioni del Comune.\u00a0<i>\u00a0<\/i><\/p>\n<blockquote>\n<h3><\/h3>\n<p>&nbsp;<\/p><\/blockquote>\n<hr \/>\n<blockquote>\n<h3><\/h3>\n<h3>DUE NUOVI MEZZI PER IL COMUNE DI CALALZO DI CADORE.<\/h3>\n<\/blockquote>\n<h3><strong style=\"font-size: 14px;\"><a class=\"dt-pswp-item\" href=\"https:\/\/www.radiopiu.net\/wordpress\/wp-content\/uploads\/2020\/10\/MEZZI-CALALZO.jpeg\" data-dt-img-description=\"\" data-large_image_width=\"1599\" data-large_image_height=\"899\"><img loading=\"lazy\" decoding=\"async\" class=\"wp-image-168295 alignright\" src=\"https:\/\/www.radiopiu.net\/wordpress\/wp-content\/uploads\/2020\/10\/MEZZI-CALALZO-300x169.jpeg\" alt=\"\" width=\"254\" height=\"143\" srcset=\"https:\/\/www.radiopiu.net\/wordpress\/wp-content\/uploads\/2020\/10\/MEZZI-CALALZO-300x169.jpeg 300w, https:\/\/www.radiopiu.net\/wordpress\/wp-content\/uploads\/2020\/10\/MEZZI-CALALZO-1024x576.jpeg 1024w, https:\/\/www.radiopiu.net\/wordpress\/wp-content\/uploads\/2020\/10\/MEZZI-CALALZO-768x432.jpeg 768w, https:\/\/www.radiopiu.net\/wordpress\/wp-content\/uploads\/2020\/10\/MEZZI-CALALZO-1536x864.jpeg 1536w, https:\/\/www.radiopiu.net\/wordpress\/wp-content\/uploads\/2020\/10\/MEZZI-CALALZO.jpeg 1599w\" sizes=\"auto, (max-width: 254px) 100vw, 254px\" \/><\/a>CALALZO DI CADORE\u00a0<\/strong><span style=\"font-size: 14px; font-weight: normal;\">Continua il rinnovamento del parco macchine del Comune di Calalzo di Cadore: sono infatti arrivati in questi giorni il nuovo furgone Iveco e il pickup Mitsubishi acquistati con i 75mila euro di contributo del Consorzio bellunese dei Comuni.<\/span><\/h3>\n<p>&nbsp;<\/p>\n<p>&nbsp;<\/p>\n<p>&nbsp;<\/p>\n<hr \/>\n<p>&nbsp;<\/p>\n<blockquote>\n<h3>COMUNE ESTESO&#8230; CANTIERI ESTESI &#8220;CI STIAMO PROVANDO ANCHE SE NON E&#8217; MAI ABBASTANZA&#8221;<\/h3>\n<\/blockquote>\n<p>&nbsp;<\/p>\n<p><strong>ROCCA PIETORE<\/strong> A due anni da Vaia alcuni cantieri da Laste al Sass de Rocia, ne parla il sindaco Andrea De Berardin<\/p>\n<audio class=\"wp-audio-shortcode\" id=\"audio-168326-4\" preload=\"none\" style=\"width: 100%;\" controls=\"controls\"><source type=\"audio\/mpeg\" src=\"https:\/\/www.radiopiu.net\/wordpress\/wp-content\/uploads\/2020\/10\/andrea-3.mp3?_=4\" \/><a href=\"https:\/\/www.radiopiu.net\/wordpress\/wp-content\/uploads\/2020\/10\/andrea-3.mp3\">https:\/\/www.radiopiu.net\/wordpress\/wp-content\/uploads\/2020\/10\/andrea-3.mp3<\/a><\/audio>\n<p>&nbsp;<\/p>\n\n\t\t\t<style type='text\/css'>\n\t\t\t\t#gallery-3 {\n\t\t\t\t\tmargin: auto;\n\t\t\t\t}\n\t\t\t\t#gallery-3 .gallery-item {\n\t\t\t\t\tfloat: left;\n\t\t\t\t\tmargin-top: 10px;\n\t\t\t\t\ttext-align: center;\n\t\t\t\t\twidth: 50%;\n\t\t\t\t}\n\t\t\t\t#gallery-3 img {\n\t\t\t\t\tborder: 2px solid #cfcfcf;\n\t\t\t\t}\n\t\t\t\t#gallery-3 .gallery-caption {\n\t\t\t\t\tmargin-left: 0;\n\t\t\t\t}\n\t\t\t\t\/* see gallery_shortcode() in wp-includes\/media.php *\/\n\t\t\t<\/style>\n\t\t<div id='gallery-3' class='dt-gallery-container gallery galleryid-168326 gallery-columns-2 gallery-size-medium'><dl class='gallery-item'>\n\t\t\t\t<dt class='gallery-icon landscape'>\n\t\t\t\t\t<a class=\"rollover rollover-zoom dt-pswp-item\" title=\"b9ade225-ed4e-4c76-9145-86980bff6178\" data-dt-img-description=\"\" data-large_image_width=\"1599\" data-large_image_height=\"1200\"href='https:\/\/www.radiopiu.net\/wordpress\/wp-content\/uploads\/2020\/10\/b9ade225-ed4e-4c76-9145-86980bff6178.jpg'><img loading=\"lazy\" decoding=\"async\" width=\"300\" height=\"225\" src=\"https:\/\/www.radiopiu.net\/wordpress\/wp-content\/uploads\/2020\/10\/b9ade225-ed4e-4c76-9145-86980bff6178-300x225.jpg\" class=\"attachment-medium size-medium\" alt=\"\" aria-describedby=\"gallery-3-168383\" srcset=\"https:\/\/www.radiopiu.net\/wordpress\/wp-content\/uploads\/2020\/10\/b9ade225-ed4e-4c76-9145-86980bff6178-300x225.jpg 300w, https:\/\/www.radiopiu.net\/wordpress\/wp-content\/uploads\/2020\/10\/b9ade225-ed4e-4c76-9145-86980bff6178-1024x768.jpg 1024w, https:\/\/www.radiopiu.net\/wordpress\/wp-content\/uploads\/2020\/10\/b9ade225-ed4e-4c76-9145-86980bff6178-768x576.jpg 768w, https:\/\/www.radiopiu.net\/wordpress\/wp-content\/uploads\/2020\/10\/b9ade225-ed4e-4c76-9145-86980bff6178-1536x1153.jpg 1536w, https:\/\/www.radiopiu.net\/wordpress\/wp-content\/uploads\/2020\/10\/b9ade225-ed4e-4c76-9145-86980bff6178.jpg 1599w\" sizes=\"auto, (max-width: 300px) 100vw, 300px\" \/><\/a>\n\t\t\t\t<\/dt>\n\t\t\t\t\t<dd class='wp-caption-text gallery-caption' id='gallery-3-168383'>\n\t\t\t\t\tAllargamento strada loc. Col di Laste con parziale asfaltatura\n\t\t\t\t\t<\/dd><\/dl><dl class='gallery-item'>\n\t\t\t\t<dt class='gallery-icon landscape'>\n\t\t\t\t\t<a class=\"rollover rollover-zoom dt-pswp-item\" title=\"laste\" data-dt-img-description=\"\" data-large_image_width=\"1599\" data-large_image_height=\"1200\"href='https:\/\/www.radiopiu.net\/wordpress\/wp-content\/uploads\/2020\/10\/5a7250ff-c146-4ca3-9b29-9f499359960f.jpg'><img loading=\"lazy\" decoding=\"async\" width=\"300\" height=\"225\" src=\"https:\/\/www.radiopiu.net\/wordpress\/wp-content\/uploads\/2020\/10\/5a7250ff-c146-4ca3-9b29-9f499359960f-300x225.jpg\" class=\"attachment-medium size-medium\" alt=\"\" srcset=\"https:\/\/www.radiopiu.net\/wordpress\/wp-content\/uploads\/2020\/10\/5a7250ff-c146-4ca3-9b29-9f499359960f-300x225.jpg 300w, https:\/\/www.radiopiu.net\/wordpress\/wp-content\/uploads\/2020\/10\/5a7250ff-c146-4ca3-9b29-9f499359960f-1024x768.jpg 1024w, https:\/\/www.radiopiu.net\/wordpress\/wp-content\/uploads\/2020\/10\/5a7250ff-c146-4ca3-9b29-9f499359960f-768x576.jpg 768w, https:\/\/www.radiopiu.net\/wordpress\/wp-content\/uploads\/2020\/10\/5a7250ff-c146-4ca3-9b29-9f499359960f-1536x1153.jpg 1536w, https:\/\/www.radiopiu.net\/wordpress\/wp-content\/uploads\/2020\/10\/5a7250ff-c146-4ca3-9b29-9f499359960f.jpg 1599w\" sizes=\"auto, (max-width: 300px) 100vw, 300px\" \/><\/a>\n\t\t\t\t<\/dt><\/dl><br style=\"clear: both\" \/><dl class='gallery-item'>\n\t\t\t\t<dt class='gallery-icon portrait'>\n\t\t\t\t\t<a class=\"rollover rollover-zoom dt-pswp-item\" title=\"00accad7-502d-4c2d-b3e7-42cd9eeb1e0d\" data-dt-img-description=\"\" data-large_image_width=\"1200\" data-large_image_height=\"1599\"href='https:\/\/www.radiopiu.net\/wordpress\/wp-content\/uploads\/2020\/10\/00accad7-502d-4c2d-b3e7-42cd9eeb1e0d.jpg'><img loading=\"lazy\" decoding=\"async\" width=\"225\" height=\"300\" src=\"https:\/\/www.radiopiu.net\/wordpress\/wp-content\/uploads\/2020\/10\/00accad7-502d-4c2d-b3e7-42cd9eeb1e0d-225x300.jpg\" class=\"attachment-medium size-medium\" alt=\"\" aria-describedby=\"gallery-3-168386\" srcset=\"https:\/\/www.radiopiu.net\/wordpress\/wp-content\/uploads\/2020\/10\/00accad7-502d-4c2d-b3e7-42cd9eeb1e0d-225x300.jpg 225w, https:\/\/www.radiopiu.net\/wordpress\/wp-content\/uploads\/2020\/10\/00accad7-502d-4c2d-b3e7-42cd9eeb1e0d-768x1023.jpg 768w, https:\/\/www.radiopiu.net\/wordpress\/wp-content\/uploads\/2020\/10\/00accad7-502d-4c2d-b3e7-42cd9eeb1e0d-1153x1536.jpg 1153w, https:\/\/www.radiopiu.net\/wordpress\/wp-content\/uploads\/2020\/10\/00accad7-502d-4c2d-b3e7-42cd9eeb1e0d.jpg 1200w\" sizes=\"auto, (max-width: 225px) 100vw, 225px\" \/><\/a>\n\t\t\t\t<\/dt>\n\t\t\t\t\t<dd class='wp-caption-text gallery-caption' id='gallery-3-168386'>\n\t\t\t\t\tZona Sass de Rocia pulita dagli schianti\n\t\t\t\t\t<\/dd><\/dl><dl class='gallery-item'>\n\t\t\t\t<dt class='gallery-icon landscape'>\n\t\t\t\t\t<a class=\"rollover rollover-zoom dt-pswp-item\" title=\"af800a17-eef8-4159-b839-9010ac297dfb\" data-dt-img-description=\"\" data-large_image_width=\"1599\" data-large_image_height=\"1200\"href='https:\/\/www.radiopiu.net\/wordpress\/wp-content\/uploads\/2020\/10\/af800a17-eef8-4159-b839-9010ac297dfb.jpg'><img loading=\"lazy\" decoding=\"async\" width=\"300\" height=\"225\" src=\"https:\/\/www.radiopiu.net\/wordpress\/wp-content\/uploads\/2020\/10\/af800a17-eef8-4159-b839-9010ac297dfb-300x225.jpg\" class=\"attachment-medium size-medium\" alt=\"\" aria-describedby=\"gallery-3-168385\" srcset=\"https:\/\/www.radiopiu.net\/wordpress\/wp-content\/uploads\/2020\/10\/af800a17-eef8-4159-b839-9010ac297dfb-300x225.jpg 300w, https:\/\/www.radiopiu.net\/wordpress\/wp-content\/uploads\/2020\/10\/af800a17-eef8-4159-b839-9010ac297dfb-1024x768.jpg 1024w, https:\/\/www.radiopiu.net\/wordpress\/wp-content\/uploads\/2020\/10\/af800a17-eef8-4159-b839-9010ac297dfb-768x576.jpg 768w, https:\/\/www.radiopiu.net\/wordpress\/wp-content\/uploads\/2020\/10\/af800a17-eef8-4159-b839-9010ac297dfb-1536x1153.jpg 1536w, https:\/\/www.radiopiu.net\/wordpress\/wp-content\/uploads\/2020\/10\/af800a17-eef8-4159-b839-9010ac297dfb.jpg 1599w\" sizes=\"auto, (max-width: 300px) 100vw, 300px\" \/><\/a>\n\t\t\t\t<\/dt>\n\t\t\t\t\t<dd class='wp-caption-text gallery-caption' id='gallery-3-168385'>\n\t\t\t\t\tZona Sass de Rocia pulita dagli schianti\n\t\t\t\t\t<\/dd><\/dl><br style=\"clear: both\" \/>\n\t\t\t<\/div>\n\n<p>&nbsp;<\/p>\n<p>&nbsp;<\/p>\n<hr \/>\n<p>&nbsp;<\/p>\n<blockquote>\n<h3>FESTA DEL RINGRAZIAMENTO, PADRIN: \u00abUN PLAUSO DOVEROSO AI NOSTRI AGRICOLTORI, PRESIDIO DELLA MONTAGNA E ORGOGLIO DEL TERRITORIO\u00bb<\/h3>\n<\/blockquote>\n<h3><strong style=\"font-size: 14px;\"><a class=\"dt-pswp-item\" href=\"https:\/\/www.radiopiu.net\/wordpress\/wp-content\/uploads\/2020\/05\/PADRIN.jpg\" data-dt-img-description=\"\" data-large_image_width=\"945\" data-large_image_height=\"1417\"><img loading=\"lazy\" decoding=\"async\" class=\"size-medium wp-image-134835 alignleft\" src=\"https:\/\/www.radiopiu.net\/wordpress\/wp-content\/uploads\/2020\/05\/PADRIN-200x300.jpg\" alt=\"\" width=\"200\" height=\"300\" srcset=\"https:\/\/www.radiopiu.net\/wordpress\/wp-content\/uploads\/2020\/05\/PADRIN-200x300.jpg 200w, https:\/\/www.radiopiu.net\/wordpress\/wp-content\/uploads\/2020\/05\/PADRIN-683x1024.jpg 683w, https:\/\/www.radiopiu.net\/wordpress\/wp-content\/uploads\/2020\/05\/PADRIN-768x1152.jpg 768w, https:\/\/www.radiopiu.net\/wordpress\/wp-content\/uploads\/2020\/05\/PADRIN.jpg 945w\" sizes=\"auto, (max-width: 200px) 100vw, 200px\" \/><\/a><\/strong><\/h3>\n<p><strong>BELLUNO <\/strong>\u00abUn grazie enorme agli agricoltori e allevatori bellunesi: sono il presidio della nostra montagna e rappresentano l\u2019orgoglio delle nostre vallate\u00bb. Lo ha detto il presidente della Provincia Roberto Padrin, intervenuto questa mattina alla Festa del ringraziamento a Chies d\u2019Alpago, insieme al consigliere provinciale Massimo Bortoluzzi. \u00abI nostri allevatori e agricoltori contribuiscono attivamente alla manutenzione del territorio, creando quel bel paesaggio che diventa attrazione turistica. E lo stesso fanno con i prodotti d\u2019eccellenza che portano in giro per il Veneto il nome di Belluno e delle sue montagne. Per questo dobbiamo ringraziarli. Senza dimenticarci del grande aiuto che hanno assicurato la scorsa primavera, quando hanno messo a disposizione della collettivit\u00e0 i loro mezzi e il loro tempo per collaborare alla sanificazione di strade e piazze\u00bb. \u00abNon possiamo nasconderci che anche l\u2019agricoltura sta subendo forti contraccolpi dovuti all\u2019emergenza sanitaria in corso\u00bb ha aggiunto il presidente Padrin. \u00abCome Provincia metteremo in campo gli strumenti necessari a dare una mano, un sollievo, alle attivit\u00e0 agricole che stanno stringendo i denti. Attraverso il Fondo Comuni di confine abbiamo gi\u00e0 messo in campo un bando apposito per le latterie. Cercheremo di intervenire nuovamente. Quanto ai problemi evidenziati dalla zootecnia, mi riferisco soprattutto al lupo e alla gestione della fauna selvatica, la Provincia \u00e8 a disposizione per creare <strong>un coordinamento con Regione e Stato\u00bb.<\/strong><\/p>\n<p><strong>AI MICROFONI DI RADIO PIU&#8217; IL PRESIDENTE DELLA PROVINCIA, IL PRESIDENTE DELLA COLDIRETTI, IL SINDACO DI CHIES D&#8217;ALPAGO<\/strong><\/p>\n<audio class=\"wp-audio-shortcode\" id=\"audio-168326-5\" preload=\"none\" style=\"width: 100%;\" controls=\"controls\"><source type=\"audio\/mpeg\" src=\"https:\/\/www.radiopiu.net\/wordpress\/wp-content\/uploads\/2020\/10\/TERZO-TEMPO-3.mp3?_=5\" \/><a href=\"https:\/\/www.radiopiu.net\/wordpress\/wp-content\/uploads\/2020\/10\/TERZO-TEMPO-3.mp3\">https:\/\/www.radiopiu.net\/wordpress\/wp-content\/uploads\/2020\/10\/TERZO-TEMPO-3.mp3<\/a><\/audio>\n<p><strong>\u00a0<\/strong><\/p>\n<p><strong><span style=\"color: #ff0000;\">GALLERIA FOTOGRAFICA, NEI NOTIZIARI DI OGGI ALLA RADIO GLI INTERVENTI DI: ROBERTO PADRIN, ALESSANDRO DE ROCCO (PRESIDENTE COLDIRETTI), GIANLUCA DAL BORGO (SINDACO CHIESA D&#8217;ALPAGO) ROGER DE MENECH (DEPUTATO) GIOVANNI PUPPATO (CONSIGLIERE REGIONALE)\u00a0\u00a0<\/span><\/strong><\/p>\n\n\t\t\t<style type='text\/css'>\n\t\t\t\t#gallery-4 {\n\t\t\t\t\tmargin: auto;\n\t\t\t\t}\n\t\t\t\t#gallery-4 .gallery-item {\n\t\t\t\t\tfloat: left;\n\t\t\t\t\tmargin-top: 10px;\n\t\t\t\t\ttext-align: center;\n\t\t\t\t\twidth: 11%;\n\t\t\t\t}\n\t\t\t\t#gallery-4 img {\n\t\t\t\t\tborder: 2px solid #cfcfcf;\n\t\t\t\t}\n\t\t\t\t#gallery-4 .gallery-caption {\n\t\t\t\t\tmargin-left: 0;\n\t\t\t\t}\n\t\t\t\t\/* see gallery_shortcode() in wp-includes\/media.php *\/\n\t\t\t<\/style>\n\t\t<div id='gallery-4' class='dt-gallery-container gallery galleryid-168326 gallery-columns-9 gallery-size-thumbnail'><dl class='gallery-item'>\n\t\t\t\t<dt class='gallery-icon landscape'>\n\t\t\t\t\t<a class=\"rollover rollover-zoom dt-pswp-item\" title=\"20201025_104343\" data-dt-img-description=\"\" data-large_image_width=\"2560\" data-large_image_height=\"1920\"href='https:\/\/www.radiopiu.net\/wordpress\/wp-content\/uploads\/2020\/10\/20201025_104343-scaled.jpg'><img loading=\"lazy\" decoding=\"async\" width=\"150\" height=\"150\" src=\"https:\/\/www.radiopiu.net\/wordpress\/wp-content\/uploads\/2020\/10\/20201025_104343-150x150.jpg\" class=\"attachment-thumbnail size-thumbnail\" alt=\"\" \/><\/a>\n\t\t\t\t<\/dt><\/dl><dl class='gallery-item'>\n\t\t\t\t<dt class='gallery-icon landscape'>\n\t\t\t\t\t<a class=\"rollover rollover-zoom dt-pswp-item\" title=\"20201025_104749\" data-dt-img-description=\"\" data-large_image_width=\"2560\" data-large_image_height=\"1920\"href='https:\/\/www.radiopiu.net\/wordpress\/wp-content\/uploads\/2020\/10\/20201025_104749-scaled.jpg'><img loading=\"lazy\" decoding=\"async\" width=\"150\" height=\"150\" src=\"https:\/\/www.radiopiu.net\/wordpress\/wp-content\/uploads\/2020\/10\/20201025_104749-150x150.jpg\" class=\"attachment-thumbnail size-thumbnail\" alt=\"\" \/><\/a>\n\t\t\t\t<\/dt><\/dl><dl class='gallery-item'>\n\t\t\t\t<dt class='gallery-icon landscape'>\n\t\t\t\t\t<a class=\"rollover rollover-zoom dt-pswp-item\" title=\"20201025_105640\" data-dt-img-description=\"\" data-large_image_width=\"2560\" data-large_image_height=\"1920\"href='https:\/\/www.radiopiu.net\/wordpress\/wp-content\/uploads\/2020\/10\/20201025_105640-scaled.jpg'><img loading=\"lazy\" decoding=\"async\" width=\"150\" height=\"150\" src=\"https:\/\/www.radiopiu.net\/wordpress\/wp-content\/uploads\/2020\/10\/20201025_105640-150x150.jpg\" class=\"attachment-thumbnail size-thumbnail\" alt=\"\" \/><\/a>\n\t\t\t\t<\/dt><\/dl><dl class='gallery-item'>\n\t\t\t\t<dt class='gallery-icon landscape'>\n\t\t\t\t\t<a class=\"rollover rollover-zoom dt-pswp-item\" title=\"20201025_110115\" data-dt-img-description=\"\" data-large_image_width=\"2560\" data-large_image_height=\"1920\"href='https:\/\/www.radiopiu.net\/wordpress\/wp-content\/uploads\/2020\/10\/20201025_110115-scaled.jpg'><img loading=\"lazy\" decoding=\"async\" width=\"150\" height=\"150\" src=\"https:\/\/www.radiopiu.net\/wordpress\/wp-content\/uploads\/2020\/10\/20201025_110115-150x150.jpg\" class=\"attachment-thumbnail size-thumbnail\" alt=\"\" \/><\/a>\n\t\t\t\t<\/dt><\/dl><dl class='gallery-item'>\n\t\t\t\t<dt class='gallery-icon landscape'>\n\t\t\t\t\t<a class=\"rollover rollover-zoom dt-pswp-item\" title=\"20201025_110122\" data-dt-img-description=\"\" data-large_image_width=\"2560\" data-large_image_height=\"1920\"href='https:\/\/www.radiopiu.net\/wordpress\/wp-content\/uploads\/2020\/10\/20201025_110122-scaled.jpg'><img loading=\"lazy\" decoding=\"async\" width=\"150\" height=\"150\" src=\"https:\/\/www.radiopiu.net\/wordpress\/wp-content\/uploads\/2020\/10\/20201025_110122-150x150.jpg\" class=\"attachment-thumbnail size-thumbnail\" alt=\"\" \/><\/a>\n\t\t\t\t<\/dt><\/dl><dl class='gallery-item'>\n\t\t\t\t<dt class='gallery-icon landscape'>\n\t\t\t\t\t<a class=\"rollover rollover-zoom dt-pswp-item\" title=\"20201025_110251\" data-dt-img-description=\"\" data-large_image_width=\"2560\" data-large_image_height=\"1920\"href='https:\/\/www.radiopiu.net\/wordpress\/wp-content\/uploads\/2020\/10\/20201025_110251-scaled.jpg'><img loading=\"lazy\" decoding=\"async\" width=\"150\" height=\"150\" src=\"https:\/\/www.radiopiu.net\/wordpress\/wp-content\/uploads\/2020\/10\/20201025_110251-150x150.jpg\" class=\"attachment-thumbnail size-thumbnail\" alt=\"\" \/><\/a>\n\t\t\t\t<\/dt><\/dl><dl class='gallery-item'>\n\t\t\t\t<dt class='gallery-icon landscape'>\n\t\t\t\t\t<a class=\"rollover rollover-zoom dt-pswp-item\" title=\"20201025_111011\" data-dt-img-description=\"\" data-large_image_width=\"2560\" data-large_image_height=\"1920\"href='https:\/\/www.radiopiu.net\/wordpress\/wp-content\/uploads\/2020\/10\/20201025_111011-scaled.jpg'><img loading=\"lazy\" decoding=\"async\" width=\"150\" height=\"150\" src=\"https:\/\/www.radiopiu.net\/wordpress\/wp-content\/uploads\/2020\/10\/20201025_111011-150x150.jpg\" class=\"attachment-thumbnail size-thumbnail\" alt=\"\" \/><\/a>\n\t\t\t\t<\/dt><\/dl><dl class='gallery-item'>\n\t\t\t\t<dt class='gallery-icon landscape'>\n\t\t\t\t\t<a class=\"rollover rollover-zoom dt-pswp-item\" title=\"20201025_111027\" data-dt-img-description=\"\" data-large_image_width=\"2560\" data-large_image_height=\"1920\"href='https:\/\/www.radiopiu.net\/wordpress\/wp-content\/uploads\/2020\/10\/20201025_111027-scaled.jpg'><img loading=\"lazy\" decoding=\"async\" width=\"150\" height=\"150\" src=\"https:\/\/www.radiopiu.net\/wordpress\/wp-content\/uploads\/2020\/10\/20201025_111027-150x150.jpg\" class=\"attachment-thumbnail size-thumbnail\" alt=\"\" \/><\/a>\n\t\t\t\t<\/dt><\/dl><dl class='gallery-item'>\n\t\t\t\t<dt class='gallery-icon landscape'>\n\t\t\t\t\t<a class=\"rollover rollover-zoom dt-pswp-item\" title=\"20201025_112140\" data-dt-img-description=\"\" data-large_image_width=\"2560\" data-large_image_height=\"1920\"href='https:\/\/www.radiopiu.net\/wordpress\/wp-content\/uploads\/2020\/10\/20201025_112140-scaled.jpg'><img loading=\"lazy\" decoding=\"async\" width=\"150\" height=\"150\" src=\"https:\/\/www.radiopiu.net\/wordpress\/wp-content\/uploads\/2020\/10\/20201025_112140-150x150.jpg\" class=\"attachment-thumbnail size-thumbnail\" alt=\"\" \/><\/a>\n\t\t\t\t<\/dt><\/dl><br style=\"clear: both\" \/><dl class='gallery-item'>\n\t\t\t\t<dt class='gallery-icon landscape'>\n\t\t\t\t\t<a class=\"rollover rollover-zoom dt-pswp-item\" title=\"_1240006\" data-dt-img-description=\"\" data-large_image_width=\"2560\" data-large_image_height=\"1922\"href='https:\/\/www.radiopiu.net\/wordpress\/wp-content\/uploads\/2020\/10\/1240006-scaled.jpg'><img loading=\"lazy\" decoding=\"async\" width=\"150\" height=\"150\" src=\"https:\/\/www.radiopiu.net\/wordpress\/wp-content\/uploads\/2020\/10\/1240006-150x150.jpg\" class=\"attachment-thumbnail size-thumbnail\" alt=\"\" \/><\/a>\n\t\t\t\t<\/dt><\/dl><dl class='gallery-item'>\n\t\t\t\t<dt class='gallery-icon landscape'>\n\t\t\t\t\t<a class=\"rollover rollover-zoom dt-pswp-item\" title=\"_1240010\" data-dt-img-description=\"\" data-large_image_width=\"2560\" data-large_image_height=\"1922\"href='https:\/\/www.radiopiu.net\/wordpress\/wp-content\/uploads\/2020\/10\/1240010-scaled.jpg'><img loading=\"lazy\" decoding=\"async\" width=\"150\" height=\"150\" src=\"https:\/\/www.radiopiu.net\/wordpress\/wp-content\/uploads\/2020\/10\/1240010-150x150.jpg\" class=\"attachment-thumbnail size-thumbnail\" alt=\"\" \/><\/a>\n\t\t\t\t<\/dt><\/dl><dl class='gallery-item'>\n\t\t\t\t<dt class='gallery-icon landscape'>\n\t\t\t\t\t<a class=\"rollover rollover-zoom dt-pswp-item\" title=\"_1240016\" data-dt-img-description=\"\" data-large_image_width=\"2560\" data-large_image_height=\"1922\"href='https:\/\/www.radiopiu.net\/wordpress\/wp-content\/uploads\/2020\/10\/1240016-scaled.jpg'><img loading=\"lazy\" decoding=\"async\" width=\"150\" height=\"150\" src=\"https:\/\/www.radiopiu.net\/wordpress\/wp-content\/uploads\/2020\/10\/1240016-150x150.jpg\" class=\"attachment-thumbnail size-thumbnail\" alt=\"\" \/><\/a>\n\t\t\t\t<\/dt><\/dl><dl class='gallery-item'>\n\t\t\t\t<dt class='gallery-icon landscape'>\n\t\t\t\t\t<a class=\"rollover rollover-zoom dt-pswp-item\" title=\"_1240019\" data-dt-img-description=\"\" data-large_image_width=\"2560\" data-large_image_height=\"1922\"href='https:\/\/www.radiopiu.net\/wordpress\/wp-content\/uploads\/2020\/10\/1240019-scaled.jpg'><img loading=\"lazy\" decoding=\"async\" width=\"150\" height=\"150\" src=\"https:\/\/www.radiopiu.net\/wordpress\/wp-content\/uploads\/2020\/10\/1240019-150x150.jpg\" class=\"attachment-thumbnail size-thumbnail\" alt=\"\" \/><\/a>\n\t\t\t\t<\/dt><\/dl><dl class='gallery-item'>\n\t\t\t\t<dt class='gallery-icon landscape'>\n\t\t\t\t\t<a class=\"rollover rollover-zoom dt-pswp-item\" title=\"_1240031\" data-dt-img-description=\"\" data-large_image_width=\"2560\" data-large_image_height=\"1922\"href='https:\/\/www.radiopiu.net\/wordpress\/wp-content\/uploads\/2020\/10\/1240031-scaled.jpg'><img loading=\"lazy\" decoding=\"async\" width=\"150\" height=\"150\" src=\"https:\/\/www.radiopiu.net\/wordpress\/wp-content\/uploads\/2020\/10\/1240031-150x150.jpg\" class=\"attachment-thumbnail size-thumbnail\" alt=\"\" \/><\/a>\n\t\t\t\t<\/dt><\/dl><dl class='gallery-item'>\n\t\t\t\t<dt class='gallery-icon portrait'>\n\t\t\t\t\t<a class=\"rollover rollover-zoom dt-pswp-item\" title=\"_1240034\" data-dt-img-description=\"\" data-large_image_width=\"1922\" data-large_image_height=\"2560\"href='https:\/\/www.radiopiu.net\/wordpress\/wp-content\/uploads\/2020\/10\/1240034-scaled.jpg'><img loading=\"lazy\" decoding=\"async\" width=\"150\" height=\"150\" src=\"https:\/\/www.radiopiu.net\/wordpress\/wp-content\/uploads\/2020\/10\/1240034-150x150.jpg\" class=\"attachment-thumbnail size-thumbnail\" alt=\"\" \/><\/a>\n\t\t\t\t<\/dt><\/dl><dl class='gallery-item'>\n\t\t\t\t<dt class='gallery-icon landscape'>\n\t\t\t\t\t<a class=\"rollover rollover-zoom dt-pswp-item\" title=\"_1240043\" data-dt-img-description=\"\" data-large_image_width=\"2560\" data-large_image_height=\"1922\"href='https:\/\/www.radiopiu.net\/wordpress\/wp-content\/uploads\/2020\/10\/1240043-scaled.jpg'><img loading=\"lazy\" decoding=\"async\" width=\"150\" height=\"150\" src=\"https:\/\/www.radiopiu.net\/wordpress\/wp-content\/uploads\/2020\/10\/1240043-150x150.jpg\" class=\"attachment-thumbnail size-thumbnail\" alt=\"\" \/><\/a>\n\t\t\t\t<\/dt><\/dl><dl class='gallery-item'>\n\t\t\t\t<dt class='gallery-icon landscape'>\n\t\t\t\t\t<a class=\"rollover rollover-zoom dt-pswp-item\" title=\"_1240047\" data-dt-img-description=\"\" data-large_image_width=\"2560\" data-large_image_height=\"1922\"href='https:\/\/www.radiopiu.net\/wordpress\/wp-content\/uploads\/2020\/10\/1240047-scaled.jpg'><img loading=\"lazy\" decoding=\"async\" width=\"150\" height=\"150\" src=\"https:\/\/www.radiopiu.net\/wordpress\/wp-content\/uploads\/2020\/10\/1240047-150x150.jpg\" class=\"attachment-thumbnail size-thumbnail\" alt=\"\" \/><\/a>\n\t\t\t\t<\/dt><\/dl><dl class='gallery-item'>\n\t\t\t\t<dt class='gallery-icon landscape'>\n\t\t\t\t\t<a class=\"rollover rollover-zoom dt-pswp-item\" title=\"_1240050\" data-dt-img-description=\"\" data-large_image_width=\"2560\" data-large_image_height=\"1922\"href='https:\/\/www.radiopiu.net\/wordpress\/wp-content\/uploads\/2020\/10\/1240050-scaled.jpg'><img loading=\"lazy\" decoding=\"async\" width=\"150\" height=\"150\" src=\"https:\/\/www.radiopiu.net\/wordpress\/wp-content\/uploads\/2020\/10\/1240050-150x150.jpg\" class=\"attachment-thumbnail size-thumbnail\" alt=\"\" \/><\/a>\n\t\t\t\t<\/dt><\/dl><br style=\"clear: both\" \/><dl class='gallery-item'>\n\t\t\t\t<dt class='gallery-icon landscape'>\n\t\t\t\t\t<a class=\"rollover rollover-zoom dt-pswp-item\" title=\"_1240070\" data-dt-img-description=\"\" data-large_image_width=\"2560\" data-large_image_height=\"1922\"href='https:\/\/www.radiopiu.net\/wordpress\/wp-content\/uploads\/2020\/10\/1240070-scaled.jpg'><img loading=\"lazy\" decoding=\"async\" width=\"150\" height=\"150\" src=\"https:\/\/www.radiopiu.net\/wordpress\/wp-content\/uploads\/2020\/10\/1240070-150x150.jpg\" class=\"attachment-thumbnail size-thumbnail\" alt=\"\" \/><\/a>\n\t\t\t\t<\/dt><\/dl><dl class='gallery-item'>\n\t\t\t\t<dt class='gallery-icon landscape'>\n\t\t\t\t\t<a class=\"rollover rollover-zoom dt-pswp-item\" title=\"_1240082\" data-dt-img-description=\"\" data-large_image_width=\"2560\" data-large_image_height=\"1922\"href='https:\/\/www.radiopiu.net\/wordpress\/wp-content\/uploads\/2020\/10\/1240082-scaled.jpg'><img loading=\"lazy\" decoding=\"async\" width=\"150\" height=\"150\" src=\"https:\/\/www.radiopiu.net\/wordpress\/wp-content\/uploads\/2020\/10\/1240082-150x150.jpg\" class=\"attachment-thumbnail size-thumbnail\" alt=\"\" \/><\/a>\n\t\t\t\t<\/dt><\/dl><dl class='gallery-item'>\n\t\t\t\t<dt class='gallery-icon landscape'>\n\t\t\t\t\t<a class=\"rollover rollover-zoom dt-pswp-item\" title=\"_1240088\" data-dt-img-description=\"\" data-large_image_width=\"2560\" data-large_image_height=\"1922\"href='https:\/\/www.radiopiu.net\/wordpress\/wp-content\/uploads\/2020\/10\/1240088-scaled.jpg'><img loading=\"lazy\" decoding=\"async\" width=\"150\" height=\"150\" src=\"https:\/\/www.radiopiu.net\/wordpress\/wp-content\/uploads\/2020\/10\/1240088-150x150.jpg\" class=\"attachment-thumbnail size-thumbnail\" alt=\"\" \/><\/a>\n\t\t\t\t<\/dt><\/dl><dl class='gallery-item'>\n\t\t\t\t<dt class='gallery-icon landscape'>\n\t\t\t\t\t<a class=\"rollover rollover-zoom dt-pswp-item\" title=\"20201025_095409\" data-dt-img-description=\"\" data-large_image_width=\"2560\" data-large_image_height=\"1920\"href='https:\/\/www.radiopiu.net\/wordpress\/wp-content\/uploads\/2020\/10\/20201025_095409-scaled.jpg'><img loading=\"lazy\" decoding=\"async\" width=\"150\" height=\"150\" src=\"https:\/\/www.radiopiu.net\/wordpress\/wp-content\/uploads\/2020\/10\/20201025_095409-150x150.jpg\" class=\"attachment-thumbnail size-thumbnail\" alt=\"\" \/><\/a>\n\t\t\t\t<\/dt><\/dl><dl class='gallery-item'>\n\t\t\t\t<dt class='gallery-icon landscape'>\n\t\t\t\t\t<a class=\"rollover rollover-zoom dt-pswp-item\" title=\"20201025_095415\" data-dt-img-description=\"\" data-large_image_width=\"2560\" data-large_image_height=\"1920\"href='https:\/\/www.radiopiu.net\/wordpress\/wp-content\/uploads\/2020\/10\/20201025_095415-scaled.jpg'><img loading=\"lazy\" decoding=\"async\" width=\"150\" height=\"150\" src=\"https:\/\/www.radiopiu.net\/wordpress\/wp-content\/uploads\/2020\/10\/20201025_095415-150x150.jpg\" class=\"attachment-thumbnail size-thumbnail\" alt=\"\" \/><\/a>\n\t\t\t\t<\/dt><\/dl><dl class='gallery-item'>\n\t\t\t\t<dt class='gallery-icon landscape'>\n\t\t\t\t\t<a class=\"rollover rollover-zoom dt-pswp-item\" title=\"20201025_103617\" data-dt-img-description=\"\" data-large_image_width=\"2560\" data-large_image_height=\"1920\"href='https:\/\/www.radiopiu.net\/wordpress\/wp-content\/uploads\/2020\/10\/20201025_103617-scaled.jpg'><img loading=\"lazy\" decoding=\"async\" width=\"150\" height=\"150\" src=\"https:\/\/www.radiopiu.net\/wordpress\/wp-content\/uploads\/2020\/10\/20201025_103617-150x150.jpg\" class=\"attachment-thumbnail size-thumbnail\" alt=\"\" \/><\/a>\n\t\t\t\t<\/dt><\/dl><dl class='gallery-item'>\n\t\t\t\t<dt class='gallery-icon portrait'>\n\t\t\t\t\t<a class=\"rollover rollover-zoom dt-pswp-item\" title=\"20201025_103640\" data-dt-img-description=\"\" data-large_image_width=\"1920\" data-large_image_height=\"2560\"href='https:\/\/www.radiopiu.net\/wordpress\/wp-content\/uploads\/2020\/10\/20201025_103640-scaled.jpg'><img loading=\"lazy\" decoding=\"async\" width=\"150\" height=\"150\" src=\"https:\/\/www.radiopiu.net\/wordpress\/wp-content\/uploads\/2020\/10\/20201025_103640-150x150.jpg\" class=\"attachment-thumbnail size-thumbnail\" alt=\"\" \/><\/a>\n\t\t\t\t<\/dt><\/dl>\n\t\t\t\t<br style='clear: both' \/>\n\t\t\t<\/div>\n\n<p>&nbsp;<\/p>\n<hr \/>\n<p>&nbsp;<\/p>\n<blockquote>\n<h3>I MEDICI DI MEDICINA GENERALE DA NOVEMBRE VACCINERANNO ANCHE LE PERSONE A RISCHIO<\/h3>\n<\/blockquote>\n<p><strong><a class=\"dt-pswp-item\" href=\"https:\/\/www.radiopiu.net\/wordpress\/wp-content\/uploads\/2020\/06\/vaccino.jpg\" data-dt-img-description=\"\" data-large_image_width=\"1920\" data-large_image_height=\"1280\"><img loading=\"lazy\" decoding=\"async\" class=\" wp-image-143923 alignleft\" src=\"https:\/\/www.radiopiu.net\/wordpress\/wp-content\/uploads\/2020\/06\/vaccino-300x200.jpg\" alt=\"\" width=\"198\" height=\"132\" srcset=\"https:\/\/www.radiopiu.net\/wordpress\/wp-content\/uploads\/2020\/06\/vaccino-300x200.jpg 300w, https:\/\/www.radiopiu.net\/wordpress\/wp-content\/uploads\/2020\/06\/vaccino-1024x683.jpg 1024w, https:\/\/www.radiopiu.net\/wordpress\/wp-content\/uploads\/2020\/06\/vaccino-768x512.jpg 768w, https:\/\/www.radiopiu.net\/wordpress\/wp-content\/uploads\/2020\/06\/vaccino-1536x1024.jpg 1536w, https:\/\/www.radiopiu.net\/wordpress\/wp-content\/uploads\/2020\/06\/vaccino.jpg 1920w\" sizes=\"auto, (max-width: 198px) 100vw, 198px\" \/><\/a>BELLUNO\u00a0<\/strong>Da novembre partir\u00e0 la vaccinazione dei soggetti affetti da patologie croniche, donne gravide, addetti ai servizi essenziali e altre categorie a rischio a cura dei Medici di Medicina Generale e dei Pediatri di Libera Scelta. Procede spedita la campagna vaccinale contro l\u2019influenza. Le persone tra i 60 e i 64 anni che devono ancora vaccinarsi o necessitano di spostare l\u2019appuntamento dato possono scrivere a <a href=\"mailto:vaccinazioni.bl@aulss1.veneto.it\">vaccinazioni.bl@aulss1.veneto.it<\/a>.<\/p>\n<p>&nbsp;<\/p>\n<p>&nbsp;<\/p>\n<hr \/>\n<p>&nbsp;<\/p>\n<blockquote>\n<h3>ANNULLATI GLI INCONTRI A BOSCOVERDE<\/h3>\n<\/blockquote>\n<p><strong>ROCCA PIETORE<\/strong> E&#8217; con immenso dispiacere che L&#8217;Asca-Agordo, alla luce dell&#8217;invito alla prudenza che quotidianamente viene diramato dalla Regione e dalle Aziende Sanitarie, ha deciso di sospendere nuovamente le attivit\u00e0 del centro sollievo. La volont\u00e0 \u00e8 comunque quella di accorciare le distanze indotte dalla pandemia con modalit\u00e0 d&#8217;interazione per far comunque sentire una presenza importante.<\/p>\n<p>&nbsp;<\/p>\n<hr \/>\n<p>&nbsp;<\/p>\n<p>&nbsp;<\/p>\n<p><strong><span style=\"color: #ff0000;\">IL COMPLEANNO<\/span><\/strong><\/p>\n<blockquote>\n<h3>UN NUOVO PROGETTO DA DOLOMITICI (PAGINA FACEBOOK)<\/h3>\n<\/blockquote>\n<p><a class=\"dt-pswp-item\" href=\"https:\/\/www.radiopiu.net\/wordpress\/wp-content\/uploads\/2020\/10\/download-13.jpg\" data-dt-img-description=\"\" data-large_image_width=\"140\" data-large_image_height=\"140\"><img loading=\"lazy\" decoding=\"async\" class=\"size-full wp-image-168391 alignleft\" src=\"https:\/\/www.radiopiu.net\/wordpress\/wp-content\/uploads\/2020\/10\/download-13.jpg\" alt=\"\" width=\"140\" height=\"140\" \/><\/a><strong>BELLUNO<\/strong> E&#8217; attivo un nuovo progetto DoloMitici con lo scopo di CONOSCERE nuovi sentieri e approfondire la propria esperienza sul territorio, ma anche\u00a0 PREFERIRE il sentiero in base alle caratteristiche di dislivello, lunghezza, difficolt\u00e0. Di primaria importanza SCEGLIERE il giorno ideale grazie al METEO e altre indicazioni sempre con la necessit\u00e0 di INDICARE che un certo numero di persone percorreranno quel sentiero in una data e frequentare consapevolmente la montagna. Cos\u2019\u00e8 e come utilizzare <strong>persentieri.it:\u00a0 <span style=\"color: #0000ff;\"><a style=\"color: #0000ff;\" href=\"https:\/\/persentieri.it\/\">CLICCA QUI \u00a0<\/a><\/span><\/strong>DI PIU&#8217; SU\u00a0 <strong><span style=\"color: #0000ff;\"><a style=\"color: #0000ff;\" href=\"https:\/\/dolomitici.landen.co\/persentieri\">CLICCA QUI<\/a><\/span><\/strong><\/p>\n<p><strong>AI MICROFONI DI RADIO PIU, DARIO GANZ DI DOLOMITICI\u00a0<\/strong><\/p>\n<audio class=\"wp-audio-shortcode\" id=\"audio-168326-6\" preload=\"none\" style=\"width: 100%;\" controls=\"controls\"><source type=\"audio\/mpeg\" src=\"https:\/\/www.radiopiu.net\/wordpress\/wp-content\/uploads\/2020\/10\/DARIO-GANZ.mp3?_=6\" \/><a href=\"https:\/\/www.radiopiu.net\/wordpress\/wp-content\/uploads\/2020\/10\/DARIO-GANZ.mp3\">https:\/\/www.radiopiu.net\/wordpress\/wp-content\/uploads\/2020\/10\/DARIO-GANZ.mp3<\/a><\/audio>\n<p>&nbsp;<\/p>\n<p>&nbsp;<\/p>\n<hr \/>\n<blockquote>\n<h3><\/h3>\n<h3>VIA LIBERA AL NUOVO STATUTO: L\u2019ASSI SI APRE AL FUTURO<\/h3>\n<\/blockquote>\n<p><strong><a class=\"dt-pswp-item\" href=\"https:\/\/www.radiopiu.net\/wordpress\/wp-content\/uploads\/2020\/10\/39b53cb6-8530-4c29-ada3-d09de1d32fb0.jpg\" data-dt-img-description=\"\" data-large_image_width=\"1600\" data-large_image_height=\"1126\"><img loading=\"lazy\" decoding=\"async\" class=\" wp-image-168281 alignleft\" src=\"https:\/\/www.radiopiu.net\/wordpress\/wp-content\/uploads\/2020\/10\/39b53cb6-8530-4c29-ada3-d09de1d32fb0-300x211.jpg\" alt=\"\" width=\"225\" height=\"158\" srcset=\"https:\/\/www.radiopiu.net\/wordpress\/wp-content\/uploads\/2020\/10\/39b53cb6-8530-4c29-ada3-d09de1d32fb0-300x211.jpg 300w, https:\/\/www.radiopiu.net\/wordpress\/wp-content\/uploads\/2020\/10\/39b53cb6-8530-4c29-ada3-d09de1d32fb0-1024x721.jpg 1024w, https:\/\/www.radiopiu.net\/wordpress\/wp-content\/uploads\/2020\/10\/39b53cb6-8530-4c29-ada3-d09de1d32fb0-768x540.jpg 768w, https:\/\/www.radiopiu.net\/wordpress\/wp-content\/uploads\/2020\/10\/39b53cb6-8530-4c29-ada3-d09de1d32fb0-1536x1081.jpg 1536w, https:\/\/www.radiopiu.net\/wordpress\/wp-content\/uploads\/2020\/10\/39b53cb6-8530-4c29-ada3-d09de1d32fb0.jpg 1600w\" sizes=\"auto, (max-width: 225px) 100vw, 225px\" \/><\/a>SEDICO\u00a0<\/strong>Il domani \u00e8 adesso: l\u2019ASSI si adegua alla Riforma del Terzo settore e modifica il proprio statuto. Un passaggio necessario per continuare a operare nell\u2019ambito del volontariato e a garantire servizi, attivit\u00e0, iniziative e progetti rivolti ai 181 iscritti. Lo stesso passaggio \u00e8 stato formalizzato all\u2019interno dell\u2019assemblea ordinaria (e straordinaria), andata in scena al Pala Skating di Sedico<\/p>\n<p>&nbsp;<\/p>\n<p>&nbsp;<\/p>\n<hr \/>\n<p>&nbsp;<\/p>\n<blockquote>\n<h3 class=\"articlePlainSubHead\"><a class=\"dt-pswp-item\" href=\"https:\/\/www.radiopiu.net\/wordpress\/wp-content\/uploads\/2020\/02\/Manuel_Conedera.jpg\" data-dt-img-description=\"\" data-large_image_width=\"512\" data-large_image_height=\"512\"><img loading=\"lazy\" decoding=\"async\" class=\"wp-image-119145 alignleft\" src=\"https:\/\/www.radiopiu.net\/wordpress\/wp-content\/uploads\/2020\/02\/Manuel_Conedera-300x300.jpg\" alt=\"\" width=\"140\" height=\"140\" srcset=\"https:\/\/www.radiopiu.net\/wordpress\/wp-content\/uploads\/2020\/02\/Manuel_Conedera-300x300.jpg 300w, https:\/\/www.radiopiu.net\/wordpress\/wp-content\/uploads\/2020\/02\/Manuel_Conedera-150x150.jpg 150w, https:\/\/www.radiopiu.net\/wordpress\/wp-content\/uploads\/2020\/02\/Manuel_Conedera.jpg 512w\" sizes=\"auto, (max-width: 140px) 100vw, 140px\" \/><\/a>NUOVO STATUTO PER IL GAMP<\/h3>\n<\/blockquote>\n<div><strong>AGORDO<\/strong>\u00a0 Il presidente del Gruppo agordino mineralogico e palentologico, Manuel Conedera, ha convocato l&#8217;assemblea dei soci per sabato alle 17 nella sala della biblioteca civica di Agordo. <em>\u00abL&#8217;adeguamento alla nuova normativa\u00bb, dice il presidente Conedera, \u00abci obbliga ad approvare entro la fine di ottobre un nuovo statuto sociale fondamentale per il riconoscimento della associazione Gamp come associazione Associazione di promozione sociale\u00bb.<\/em><\/div>\n<p>&nbsp;<\/p>\n<p>&nbsp;<\/p>\n<p>&nbsp;<\/p>\n<hr \/>\n<p>&nbsp;<\/p>\n<p>&nbsp;<\/p>\n<blockquote class=\"wp-embedded-content\" data-secret=\"QTUHKhf4FT\"><p><a href=\"https:\/\/www.radiopiu.net\/wordpress\/progetti-ed-attivita-dellaipd-belluno-e-i-numeri-vincenti-della-lotteria\/\">PROGETTI ED ATTIVITA\u2019 DELL\u2019AIPD BELLUNO E I NUMERI VINCENTI DELLA LOTTERIA<\/a><\/p><\/blockquote>\n<p><iframe loading=\"lazy\" class=\"wp-embedded-content\" sandbox=\"allow-scripts\" security=\"restricted\" style=\"position: absolute; clip: rect(1px, 1px, 1px, 1px);\" title=\"&#8220;PROGETTI ED ATTIVITA\u2019 DELL\u2019AIPD BELLUNO E I NUMERI VINCENTI DELLA LOTTERIA&#8221; &#8212; Radio Pi\u00f9\" src=\"https:\/\/www.radiopiu.net\/wordpress\/progetti-ed-attivita-dellaipd-belluno-e-i-numeri-vincenti-della-lotteria\/embed\/#?secret=QTUHKhf4FT\" data-secret=\"QTUHKhf4FT\" width=\"600\" height=\"338\" frameborder=\"0\" marginwidth=\"0\" marginheight=\"0\" scrolling=\"no\"><\/iframe><\/p>\n<p>&nbsp;<\/p>\n<p>&nbsp;<\/p>\n<hr \/>\n<p>&nbsp;<\/p>\n<blockquote>\n<h3>VIDEO CONFERENZA CGIL SULLA SANIT\u00c0 CONTEMPORANEA<\/h3>\n<\/blockquote>\n<p><strong><a class=\"dt-pswp-item\" href=\"https:\/\/www.radiopiu.net\/wordpress\/wp-content\/uploads\/2020\/10\/NUOVA-LOCANDINA-BL_Sanita_26-ottobre_2020.jpg\" data-dt-img-description=\"\" data-large_image_width=\"1407\" data-large_image_height=\"1921\"><img loading=\"lazy\" decoding=\"async\" class=\" wp-image-167738 alignleft\" src=\"https:\/\/www.radiopiu.net\/wordpress\/wp-content\/uploads\/2020\/10\/NUOVA-LOCANDINA-BL_Sanita_26-ottobre_2020-220x300.jpg\" alt=\"\" width=\"136\" height=\"186\" srcset=\"https:\/\/www.radiopiu.net\/wordpress\/wp-content\/uploads\/2020\/10\/NUOVA-LOCANDINA-BL_Sanita_26-ottobre_2020-220x300.jpg 220w, https:\/\/www.radiopiu.net\/wordpress\/wp-content\/uploads\/2020\/10\/NUOVA-LOCANDINA-BL_Sanita_26-ottobre_2020-750x1024.jpg 750w, https:\/\/www.radiopiu.net\/wordpress\/wp-content\/uploads\/2020\/10\/NUOVA-LOCANDINA-BL_Sanita_26-ottobre_2020-768x1049.jpg 768w, https:\/\/www.radiopiu.net\/wordpress\/wp-content\/uploads\/2020\/10\/NUOVA-LOCANDINA-BL_Sanita_26-ottobre_2020-1125x1536.jpg 1125w, https:\/\/www.radiopiu.net\/wordpress\/wp-content\/uploads\/2020\/10\/NUOVA-LOCANDINA-BL_Sanita_26-ottobre_2020.jpg 1407w\" sizes=\"auto, (max-width: 136px) 100vw, 136px\" \/><\/a>BELLUNO <\/strong>\u00c8 in programma per oggi la videoconferenza organizzata dalla CGIL sulla &#8220;Sanit\u00e0 Contemporanea&#8221;. L&#8217;iniziativa\u00a0 intende discutere sullo stato della sanit\u00e0 Veneta e Bellunese, partendo dall&#8217;analisi dei dati della Ricerca IRES (anche se non interamente completata) che sar\u00e0 illustrata da Barbara Bonvento . Dopo le relazioni di interpretazione della situazione socio-sanitaria del territorio bellunese, interverranno Il D. G: della ULSS Dolomiti &#8211; Adriano Rasi Caldogno, e il presidente della conferenza dei sindaci della setssa ULSS- Paolo Perenzin. \u00a0La conclusione \u00e8 affidata al segr. Gen CGIL Veneto Christian Ferrari.<\/p>\n<p>&nbsp;<\/p>\n<p>&nbsp;<\/p>\n<hr \/>\n<p>&nbsp;<\/p>\n<blockquote>\n<h3>IL NUOVO LIBRO DI TIGROTTO DI CRISTINA E SANDRA<\/h3>\n<\/blockquote>\n<p><strong><a class=\"dt-pswp-item\" href=\"https:\/\/www.radiopiu.net\/wordpress\/wp-content\/uploads\/2020\/10\/tigrotto-posso-anch-io-di-cristina-pocchiesa-cno-e-sandra-bortot-1024x1008-1.jpg\" data-dt-img-description=\"\" data-large_image_width=\"1024\" data-large_image_height=\"1008\"><img loading=\"lazy\" decoding=\"async\" class=\"wp-image-168360 alignleft\" src=\"https:\/\/www.radiopiu.net\/wordpress\/wp-content\/uploads\/2020\/10\/tigrotto-posso-anch-io-di-cristina-pocchiesa-cno-e-sandra-bortot-1024x1008-1-300x295.jpg\" alt=\"\" width=\"181\" height=\"178\" srcset=\"https:\/\/www.radiopiu.net\/wordpress\/wp-content\/uploads\/2020\/10\/tigrotto-posso-anch-io-di-cristina-pocchiesa-cno-e-sandra-bortot-1024x1008-1-300x295.jpg 300w, https:\/\/www.radiopiu.net\/wordpress\/wp-content\/uploads\/2020\/10\/tigrotto-posso-anch-io-di-cristina-pocchiesa-cno-e-sandra-bortot-1024x1008-1-768x756.jpg 768w, https:\/\/www.radiopiu.net\/wordpress\/wp-content\/uploads\/2020\/10\/tigrotto-posso-anch-io-di-cristina-pocchiesa-cno-e-sandra-bortot-1024x1008-1.jpg 1024w\" sizes=\"auto, (max-width: 181px) 100vw, 181px\" \/><\/a>BELLUNO<\/strong> Un libro-gioco per insegnare la gentilezza ai bambini. E\u2019 quanto fa \u201cTigrotto\u2026. Posso anch\u2019io?\u201d, il nuovo titolo della serie dedicata al micio rosso e pasticcione nato dalla fantasia delle bellunesi Cristina Pocchiesa Cn\u00f2 e Sandra Bortot. Cinquantaquattro pagine con copertina cartonata che accompagnano i piccoli lettori in un\u2019avventura colorata e frizzante in compagnia di tanti amici delle precedenti avventure e di qualche nuova entrata come l\u2019uccellino Agata. Anche questa piccola creatura, come gli altri personaggi, \u00e8 ispirata ad animali che animano la quotidianit\u00e0 delle due creative autrici a cominciare da Tigrotto, trasposizione in disegno di gatto Tigro. Oggi, con i suoi 13 anni e ben 12 tra libri ed albi all\u2019attivo, il morbidissimo gattone si prepara ad abbandonare il mondo della carta stampata.<em> \u201cE\u2019 stata una bellissima avventura \u2013 raccontano Cristina e Sandra \u2013 ma ora \u00e8 tempo per lui e per noi di dedicarci a nuove avventure\u201d.<\/em> Quali? Le due amiche lo sveleranno con il tempo. <em>\u201cPer il momento \u2013 sorridono \u2013 lasciamo ai bimbi il piacere di giocare con questa nuova storia, alla scoperta di quanto anche i piccoli possano essere importanti. E vedremo chi sar\u00e0 il pi\u00f9 bravo a scoprire il mistero che si nasconde tra le pagine\u201d.\u00a0<\/em><\/p>\n<p>&nbsp;<\/p>\n<p>&nbsp;<\/p>\n<hr \/>\n<p>&nbsp;<\/p>\n<h2><a class=\"dt-pswp-item\" href=\"https:\/\/www.radiopiu.net\/wordpress\/wp-content\/uploads\/2020\/10\/d61efb2b-25ba-4e9d-938d-b3ea0e9f3694.jpg\" data-dt-img-description=\"\" data-large_image_width=\"604\" data-large_image_height=\"465\"><img loading=\"lazy\" decoding=\"async\" class=\" wp-image-167070 alignleft\" src=\"https:\/\/www.radiopiu.net\/wordpress\/wp-content\/uploads\/2020\/10\/d61efb2b-25ba-4e9d-938d-b3ea0e9f3694-300x231.jpg\" alt=\"\" width=\"177\" height=\"136\" srcset=\"https:\/\/www.radiopiu.net\/wordpress\/wp-content\/uploads\/2020\/10\/d61efb2b-25ba-4e9d-938d-b3ea0e9f3694-300x231.jpg 300w, https:\/\/www.radiopiu.net\/wordpress\/wp-content\/uploads\/2020\/10\/d61efb2b-25ba-4e9d-938d-b3ea0e9f3694.jpg 604w\" sizes=\"auto, (max-width: 177px) 100vw, 177px\" \/><\/a>ALLA RADIO<\/h2>\n<p>DI GIANNI SANTOMASO<\/p>\n<p><strong>LA RASSEGNA STAMPA DA L&#8217;AMICO DEL POPOLO, OSPITE ARMANDO CONEDERA, SUO IL MIGLIOR MIELE A LIMANA PAESE DEL MIELE.<\/strong><\/p>\n<audio class=\"wp-audio-shortcode\" id=\"audio-168326-7\" preload=\"none\" style=\"width: 100%;\" controls=\"controls\"><source type=\"audio\/mpeg\" src=\"https:\/\/www.radiopiu.net\/wordpress\/wp-content\/uploads\/2020\/10\/RASSEGNA-GIANNI-4.mp3?_=7\" \/><a href=\"https:\/\/www.radiopiu.net\/wordpress\/wp-content\/uploads\/2020\/10\/RASSEGNA-GIANNI-4.mp3\">https:\/\/www.radiopiu.net\/wordpress\/wp-content\/uploads\/2020\/10\/RASSEGNA-GIANNI-4.mp3<\/a><\/audio>\n<p>&nbsp;<\/p>\n<p>&nbsp;<\/p>\n<hr \/>\n<div class=\"im_message_wrap clearfix\">\n<div class=\"im_content_message_wrap im_message_out\">\n<h2><\/h2>\n<h2><span style=\"color: #ff0000;\">IERI ALLA RADIO<\/span><\/h2>\n<p><strong>IL RITORNO DI IN VIVO VERSO, LA SESTA STAGIONE, PRIMA SETTIMANA DA UN&#8217;IDEA DI BRUNELLA MORO:<\/strong>\u00a0 questa settimana Manuele Carbogno, Paolo De Toffol, Daniele Gazzarin, Ilaria Colangeli, Gaetano Zagra<\/p>\n<p><strong><span style=\"color: #0000ff;\">IN ONDA DAL LUNEDI AL VENERDI ALLE 7.10, 10.10, 18.50<\/span><\/strong><\/p>\n<\/div>\n<\/div>\n<p><span style=\"font-family: Verdana, sans-serif;\"><span style=\"font-size: medium;\">LA RACCOLTA COMPLETA, TUTTE LE COLLEZIONI<\/span><\/span><\/p>\n<blockquote><p>&nbsp;<\/p><\/blockquote>\n<blockquote class=\"wp-embedded-content\" data-secret=\"kwLVC5Gzqg\"><p><a href=\"https:\/\/www.radiopiu.net\/wordpress\/in-vivo-verso\/\">In Vivo Verso<\/a><\/p><\/blockquote>\n<p><iframe loading=\"lazy\" class=\"wp-embedded-content\" sandbox=\"allow-scripts\" security=\"restricted\" style=\"position: absolute; clip: rect(1px, 1px, 1px, 1px);\" title=\"&#8220;In Vivo Verso&#8221; &#8212; Radio Pi\u00f9\" src=\"https:\/\/www.radiopiu.net\/wordpress\/in-vivo-verso\/embed\/#?secret=kwLVC5Gzqg\" data-secret=\"kwLVC5Gzqg\" width=\"600\" height=\"338\" frameborder=\"0\" marginwidth=\"0\" marginheight=\"0\" scrolling=\"no\"><\/iframe><\/p>\n<p>&nbsp;<\/p>\n<hr \/>\n<p>&nbsp;<\/p>\n<blockquote>\n<h3>BELLUNO: ARALDICA DELLA PROVINCIA IN UN BEL LIBRO DI BURLON E PONTIN<\/h3>\n<\/blockquote>\n<p><strong>di\u00a0Renato Bona\u00a0<\/strong><\/p>\n<p><strong>BELLUNO<\/strong> Nel novembre di vent\u2019anni fa il benemerito Istituto bellunese di ricerche sociali e culturali, presieduto dal prof. don Sergio Sacco, dava alle stampe per i tipi della Tipografia Piave, il pregevole volume, della serie \u201cStoria\u201d: \u201cAraldica della Provincia di Belluno\u201d del quale sono stati autori Augusto Burlon e Laura Pontin. Il primo si \u00e8 occupato dell\u2019illustrazione dei motivi dell\u2019opera e quindi dei criteri di scelta, grafica e termini in araldica, grafica araldica dei colori, partizioni, ripartizioni, convenevoli partizioni, pezze onorevoli e croci, di Agordo, Belluno, Cadore, Mel e Lentiai, stemmi antichi di comuni, Signorie; la seconda di: origini ed evoluzione dell\u2019araldica, stemmi feltrini, l\u2019araldica ecclesiastica. La copertina del libro \u00e8 di Claudia Pillinini Rigoni e raggruppa gli stemmi Avoscano, Doglioni, Vecellio, Muffoni, Cesana; l\u2019indice generale dell\u2019opera \u00e8 stato curato da Letizia Rizzotto, l\u2019esecuzione grafica degli stemmi \u00e8 degli stessi autori; preziose le collaborazioni di Flavio Vizzutti, Giovanni Pante, Maurizio dei Conti Lucheschi di Colle Umberto, Durando Pagani Cesa, Strina Bianchi Lanfranchi, Romano Gamba, Paolo Fabris, Giustiniana Migliardi O\u2019Riordan, Pietro Rugo, Maria Marcella Vallascas, Mario Perotti, Alessandra Schiavon, Otello Bullato, Claudia Miari Venturi, Marco Toffol, Giuditta Guiotto, Massimino Pezzani, Ambasciata della Repubblica Ceca di Roma, Eva Drasarov\u00e0. Detto che \u201cL\u2019araldica \u00e8 un complesso sistema di segni e simboli originatosi a partire dai primi decenni del XII secolo, con funzione prettamente militare; con il potenziamento dell\u2019armamento difensivo dei cavalieri, infatti, il volto venne gradualmente coperto al punto che i singoli guerrieri finirono con l\u2019essere irriconoscibili ad amici e nemici e ne segu\u00ec l\u2019inderogabile necessit\u00f2 che ognuno si munisse di un distintivo atto a renderlo facilmente individuabile\u2026\u201d ecco come vengono spiegati i \u201cmotivi dell\u2019opera\u201d: l\u2019idea del volume di Burlon-Pontin \u201cNasce dall\u2019opportunit\u00e0 di riunire gli stemmi che ancora sono documentabili nell\u2019area della Provincia di Belluno\u201d perch\u00e9: \u201cSe l\u2019araldica quale disciplina ausiliaria della storia, ha la funzione in generale di dare conto dei simboli utilizzati da famiglie o singoli uomini nel corso dei secoli, consentire di individuare chi ha lasciato determinate tracce mediante i propri stemmi, quando e probabilmente anche perch\u00e9, fondamentale essa \u00e8 per le opere d\u2019arte\u201d. Infatti: \u201cDa alcuni anni gli storici dell\u2019arte chiedono l\u2019individuazione degli stemmi che compaiono sulle opere che sono oggetto dei loro studi allo scopo di svelare la casata e l\u2019individuo che ne fu il committente, a titolo privato o quale rappresentante di un\u2019autorit\u00e0 pubblica, civile oppure religiosa, da esponenti di arti e mestieri o confraternite dedite alle pratiche religiose e di carit\u00e0: per lo stesso motivo gli stemmi interessano anche i restauratori che delle opere d\u2019arte hanno lo scopo di provvedere alla conservazione\u201d. In chiusura si precisa che \u201cQuesto volume raccoglie, per quanto \u00e8 stato possibile fare, tutti gli stemmi che in precedenza erano dispersi in biblioteche, musei, chiese, lapidari pubblici o privati, ma anche collocati in luoghi i pi\u00f9 impensati. Nella gran parte dei casi tutti questi simboli erano consultabili con grande difficolt\u00e0 e notevole perdita di tempo. Si cerca quindi di ovviare ai citati inconvenienti, favorendo la ricerca a chi ne sia, per qualsiasi ragione, interessato\u201d. In questa occasione, seguendo l\u2019ordine alfabetico, riportiamo i nomi di persone e-o famiglie o enti i cui stemmi araldici sono riportati nel capitolo dedicato esclusivamente ad Agordo i cui stemmi del paese e del suo territorio, appartenuti o ancora appartenenti a casate di rilievo, documentati precedentemente al XVIII secolo o nel corso di questo sono pochi mentre tre sono probabilmente precedenti al XIV secolo, quelli delle casate della feudalit\u00e0 medio-piccola von Pouchenstein (trasferitasi in Tirolo dal sud a seguito della cessione del Castello di Andraz, nel 1220, al Vescovo di Bressanone e dove divenne nota come Pouchenstein von Rost), della Valle e Avoscano (o Avoscan). A questi seguono quelli delle famiglie Decima (XV secolo), Burattini e Chizzali (XVI secolo), Piazza, Varda e Crotta (XVII secolo) Trois e de Manzoni (XVIII secolo). Eccoli: Agnola (Dell\u2019), Avoscan, Avoscano I, Avoscano II, Barcarol, Bellenzier, Biasio (De), Bramezza, Buos, Burattini, Caracoi, Centenin, Cet, Chenet, Chizzali Bonfadini I, Chizzali Bonfadini II, Cimador, Col (De), Colle, Comunit\u00e0 di Agordo (?), Cordella, Costa, Cristofoletti, Cucol, Decima, Deon, Fontana, Frare, Franceschini, Gaiardi, Gares poi Adami, Ghetta, Giolai, Laguserl, Manzoni (de), Minotto (?), Monego(Del), Moretti, Negro (Del), Olivo (Dell\u2019), Pellegrin (De), Piaia, Pian (Da), Piazza, Pierobon, Pini\u00e8, Puchenstein (von), Puro, Riete, Riva (Da), Rossi, Rudatis, Santa (Della), Signoria del Puchenstein, Silvestro (De), Sirena, Talamin, Tareghetta, Tommasi, Toni (De), Tos (Da), Treve, Trois I, Trois II, Valle (Della), Varda (De), Vedove (Delle), Zammichieli, Zenero (Del).<\/p>\n\n\t\t\t<style type='text\/css'>\n\t\t\t\t#gallery-5 {\n\t\t\t\t\tmargin: auto;\n\t\t\t\t}\n\t\t\t\t#gallery-5 .gallery-item {\n\t\t\t\t\tfloat: left;\n\t\t\t\t\tmargin-top: 10px;\n\t\t\t\t\ttext-align: center;\n\t\t\t\t\twidth: 20%;\n\t\t\t\t}\n\t\t\t\t#gallery-5 img {\n\t\t\t\t\tborder: 2px solid #cfcfcf;\n\t\t\t\t}\n\t\t\t\t#gallery-5 .gallery-caption {\n\t\t\t\t\tmargin-left: 0;\n\t\t\t\t}\n\t\t\t\t\/* see gallery_shortcode() in wp-includes\/media.php *\/\n\t\t\t<\/style>\n\t\t<div id='gallery-5' class='dt-gallery-container gallery galleryid-168326 gallery-columns-5 gallery-size-thumbnail'><dl class='gallery-item'>\n\t\t\t\t<dt class='gallery-icon portrait'>\n\t\t\t\t\t<a class=\"rollover rollover-zoom dt-pswp-item\" title=\"122778993_2135820273208304_4805222217666801482_n\" data-dt-img-description=\"\" data-large_image_width=\"1305\" data-large_image_height=\"2048\"href='https:\/\/www.radiopiu.net\/wordpress\/wp-content\/uploads\/2020\/10\/122778993_2135820273208304_4805222217666801482_n.jpg'><img loading=\"lazy\" decoding=\"async\" width=\"150\" height=\"150\" src=\"https:\/\/www.radiopiu.net\/wordpress\/wp-content\/uploads\/2020\/10\/122778993_2135820273208304_4805222217666801482_n-150x150.jpg\" class=\"attachment-thumbnail size-thumbnail\" alt=\"\" \/><\/a>\n\t\t\t\t<\/dt><\/dl><dl class='gallery-item'>\n\t\t\t\t<dt class='gallery-icon portrait'>\n\t\t\t\t\t<a class=\"rollover rollover-zoom dt-pswp-item\" title=\"122805324_3946456275371074_327221559339526621_n\" data-dt-img-description=\"\" data-large_image_width=\"1725\" data-large_image_height=\"2048\"href='https:\/\/www.radiopiu.net\/wordpress\/wp-content\/uploads\/2020\/10\/122805324_3946456275371074_327221559339526621_n.jpg'><img loading=\"lazy\" decoding=\"async\" width=\"150\" height=\"150\" src=\"https:\/\/www.radiopiu.net\/wordpress\/wp-content\/uploads\/2020\/10\/122805324_3946456275371074_327221559339526621_n-150x150.jpg\" class=\"attachment-thumbnail size-thumbnail\" alt=\"\" \/><\/a>\n\t\t\t\t<\/dt><\/dl><dl class='gallery-item'>\n\t\t\t\t<dt class='gallery-icon portrait'>\n\t\t\t\t\t<a class=\"rollover rollover-zoom dt-pswp-item\" title=\"122685155_4578148802226523_2759854781119481115_n\" data-dt-img-description=\"\" data-large_image_width=\"1693\" data-large_image_height=\"2048\"href='https:\/\/www.radiopiu.net\/wordpress\/wp-content\/uploads\/2020\/10\/122685155_4578148802226523_2759854781119481115_n.jpg'><img loading=\"lazy\" decoding=\"async\" width=\"150\" height=\"150\" src=\"https:\/\/www.radiopiu.net\/wordpress\/wp-content\/uploads\/2020\/10\/122685155_4578148802226523_2759854781119481115_n-150x150.jpg\" class=\"attachment-thumbnail size-thumbnail\" alt=\"\" \/><\/a>\n\t\t\t\t<\/dt><\/dl><dl class='gallery-item'>\n\t\t\t\t<dt class='gallery-icon portrait'>\n\t\t\t\t\t<a class=\"rollover rollover-zoom dt-pswp-item\" title=\"122805324_1701012990068755_4607359211182939502_n\" data-dt-img-description=\"\" data-large_image_width=\"1743\" data-large_image_height=\"2048\"href='https:\/\/www.radiopiu.net\/wordpress\/wp-content\/uploads\/2020\/10\/122805324_1701012990068755_4607359211182939502_n.jpg'><img loading=\"lazy\" decoding=\"async\" width=\"150\" height=\"150\" src=\"https:\/\/www.radiopiu.net\/wordpress\/wp-content\/uploads\/2020\/10\/122805324_1701012990068755_4607359211182939502_n-150x150.jpg\" class=\"attachment-thumbnail size-thumbnail\" alt=\"\" \/><\/a>\n\t\t\t\t<\/dt><\/dl><dl class='gallery-item'>\n\t\t\t\t<dt class='gallery-icon portrait'>\n\t\t\t\t\t<a class=\"rollover rollover-zoom dt-pswp-item\" title=\"122793303_427439498655473_3788501808401845067_n\" data-dt-img-description=\"\" data-large_image_width=\"1732\" data-large_image_height=\"2048\"href='https:\/\/www.radiopiu.net\/wordpress\/wp-content\/uploads\/2020\/10\/122793303_427439498655473_3788501808401845067_n.jpg'><img loading=\"lazy\" decoding=\"async\" width=\"150\" height=\"150\" src=\"https:\/\/www.radiopiu.net\/wordpress\/wp-content\/uploads\/2020\/10\/122793303_427439498655473_3788501808401845067_n-150x150.jpg\" class=\"attachment-thumbnail size-thumbnail\" alt=\"\" \/><\/a>\n\t\t\t\t<\/dt><\/dl><br style=\"clear: both\" \/><dl class='gallery-item'>\n\t\t\t\t<dt class='gallery-icon portrait'>\n\t\t\t\t\t<a class=\"rollover rollover-zoom dt-pswp-item\" title=\"122850199_382300716514550_3964263901060366686_n\" data-dt-img-description=\"\" data-large_image_width=\"1219\" data-large_image_height=\"1862\"href='https:\/\/www.radiopiu.net\/wordpress\/wp-content\/uploads\/2020\/10\/122850199_382300716514550_3964263901060366686_n.jpg'><img loading=\"lazy\" decoding=\"async\" width=\"150\" height=\"150\" src=\"https:\/\/www.radiopiu.net\/wordpress\/wp-content\/uploads\/2020\/10\/122850199_382300716514550_3964263901060366686_n-150x150.jpg\" class=\"attachment-thumbnail size-thumbnail\" alt=\"\" \/><\/a>\n\t\t\t\t<\/dt><\/dl><dl class='gallery-item'>\n\t\t\t\t<dt class='gallery-icon portrait'>\n\t\t\t\t\t<a class=\"rollover rollover-zoom dt-pswp-item\" title=\"122829109_360480398377113_2009244777134876793_n\" data-dt-img-description=\"\" data-large_image_width=\"1200\" data-large_image_height=\"1665\"href='https:\/\/www.radiopiu.net\/wordpress\/wp-content\/uploads\/2020\/10\/122829109_360480398377113_2009244777134876793_n.jpg'><img loading=\"lazy\" decoding=\"async\" width=\"150\" height=\"150\" src=\"https:\/\/www.radiopiu.net\/wordpress\/wp-content\/uploads\/2020\/10\/122829109_360480398377113_2009244777134876793_n-150x150.jpg\" class=\"attachment-thumbnail size-thumbnail\" alt=\"\" \/><\/a>\n\t\t\t\t<\/dt><\/dl><dl class='gallery-item'>\n\t\t\t\t<dt class='gallery-icon portrait'>\n\t\t\t\t\t<a class=\"rollover rollover-zoom dt-pswp-item\" title=\"122878766_652238202158859_7054881255285883035_n\" data-dt-img-description=\"\" data-large_image_width=\"1071\" data-large_image_height=\"1632\"href='https:\/\/www.radiopiu.net\/wordpress\/wp-content\/uploads\/2020\/10\/122878766_652238202158859_7054881255285883035_n.jpg'><img loading=\"lazy\" decoding=\"async\" width=\"150\" height=\"150\" src=\"https:\/\/www.radiopiu.net\/wordpress\/wp-content\/uploads\/2020\/10\/122878766_652238202158859_7054881255285883035_n-150x150.jpg\" class=\"attachment-thumbnail size-thumbnail\" alt=\"\" \/><\/a>\n\t\t\t\t<\/dt><\/dl><dl class='gallery-item'>\n\t\t\t\t<dt class='gallery-icon portrait'>\n\t\t\t\t\t<a class=\"rollover rollover-zoom dt-pswp-item\" title=\"122838817_1318745491803437_6767306627264744820_n\" data-dt-img-description=\"\" data-large_image_width=\"1134\" data-large_image_height=\"1623\"href='https:\/\/www.radiopiu.net\/wordpress\/wp-content\/uploads\/2020\/10\/122838817_1318745491803437_6767306627264744820_n.jpg'><img loading=\"lazy\" decoding=\"async\" width=\"150\" height=\"150\" src=\"https:\/\/www.radiopiu.net\/wordpress\/wp-content\/uploads\/2020\/10\/122838817_1318745491803437_6767306627264744820_n-150x150.jpg\" class=\"attachment-thumbnail size-thumbnail\" alt=\"\" \/><\/a>\n\t\t\t\t<\/dt><\/dl><dl class='gallery-item'>\n\t\t\t\t<dt class='gallery-icon portrait'>\n\t\t\t\t\t<a class=\"rollover rollover-zoom dt-pswp-item\" title=\"122888717_774823046412145_1158547931433120836_n\" data-dt-img-description=\"\" data-large_image_width=\"1336\" data-large_image_height=\"1812\"href='https:\/\/www.radiopiu.net\/wordpress\/wp-content\/uploads\/2020\/10\/122888717_774823046412145_1158547931433120836_n.jpg'><img loading=\"lazy\" decoding=\"async\" width=\"150\" height=\"150\" src=\"https:\/\/www.radiopiu.net\/wordpress\/wp-content\/uploads\/2020\/10\/122888717_774823046412145_1158547931433120836_n-150x150.jpg\" class=\"attachment-thumbnail size-thumbnail\" alt=\"\" \/><\/a>\n\t\t\t\t<\/dt><\/dl><br style=\"clear: both\" \/>\n\t\t\t<\/div>\n\n<p>NELLE FOTO (riproduzioni dal libro \u201cAraldica della Provincia di Belluno): la copertina del lavoro di Augusto Burlon e Laura Pontin; la serie degli stemmi araldici relativi a persone, famiglie, enti di Agordo.<\/p>\n<p>&nbsp;<\/p>\n<p>&nbsp;<\/p>\n<hr \/>\n<p>&nbsp;<\/p>\n<p><a class=\"dt-pswp-item\" href=\"https:\/\/www.radiopiu.net\/wordpress\/wp-content\/uploads\/2018\/09\/appuntamenti.jpeg\" data-dt-img-description=\"\" data-large_image_width=\"800\" data-large_image_height=\"100\"><img loading=\"lazy\" decoding=\"async\" class=\"aligncenter wp-image-61958 size-full\" src=\"https:\/\/www.radiopiu.net\/wordpress\/wp-content\/uploads\/2018\/09\/appuntamenti.jpeg\" alt=\"\" width=\"800\" height=\"100\" srcset=\"https:\/\/www.radiopiu.net\/wordpress\/wp-content\/uploads\/2018\/09\/appuntamenti.jpeg 800w, https:\/\/www.radiopiu.net\/wordpress\/wp-content\/uploads\/2018\/09\/appuntamenti-300x38.jpeg 300w, https:\/\/www.radiopiu.net\/wordpress\/wp-content\/uploads\/2018\/09\/appuntamenti-768x96.jpeg 768w\" sizes=\"auto, (max-width: 800px) 100vw, 800px\" \/><\/a><\/p>\n<div><\/div>\n<div><\/div>\n<div>\n<p><strong>AGORDO\u00a0<\/strong>Pc Ranch Young Team e Aics Belluno organizzano un corso di ginnastica-coordinazione-ritmo volteggio (foto). Tutti i martedi fino a maggio sempre alle 16 al Palarova. Orario: 16-17 bambini 5-7 anni; 16.30-1830 bambini dagli 8 anni compiuti. Info e iscrizioni da Donatella al 348 4352362. (Ci sono ancora alcuni posti disponibili)<\/p>\n<p>&nbsp;<\/p>\n<p>&nbsp;<\/p>\n<\/div>\n<hr \/>\n<p>&nbsp;<\/p>\n<p>&nbsp;<\/p>\n<h2><span style=\"color: #ff0000;\">IERI ALLA RADIO<\/span><\/h2>\n<h2><span style=\"color: #808000;\">DUE MINUTI UN LIBRO\u00a0 \u00a0\u00a0<\/span><\/h2>\n<h2>LA RACCOLTA COMPLETA<\/h2>\n<p>&nbsp;<\/p>\n<blockquote class=\"wp-embedded-content\" data-secret=\"QrrHbGwHpP\"><p><a href=\"https:\/\/www.radiopiu.net\/wordpress\/due-minuti-un-libro\/\">Due minuti un libro<\/a><\/p><\/blockquote>\n<p><iframe loading=\"lazy\" class=\"wp-embedded-content\" sandbox=\"allow-scripts\" security=\"restricted\" style=\"position: absolute; clip: rect(1px, 1px, 1px, 1px);\" title=\"&#8220;Due minuti un libro&#8221; &#8212; Radio Pi\u00f9\" src=\"https:\/\/www.radiopiu.net\/wordpress\/due-minuti-un-libro\/embed\/#?secret=QrrHbGwHpP\" data-secret=\"QrrHbGwHpP\" width=\"600\" height=\"338\" frameborder=\"0\" marginwidth=\"0\" marginheight=\"0\" scrolling=\"no\"><\/iframe><\/p>\n<p>&nbsp;<\/p>\n<p>&nbsp;<\/p>\n<hr \/>\n<p>&nbsp;<\/p>\n<div>\n<h2><span style=\"color: #33cccc;\">I RACCONTI DI PAOLO SOPPELSA il lunedi alle 9.30 e 18.30<\/span><\/h2>\n<h2><span style=\"color: #33cccc;\"><strong>LA RACCOLTA COMPLETA<\/strong><\/span><\/h2>\n<blockquote class=\"wp-embedded-content\" data-secret=\"OGwYmG0zmx\"><p><a href=\"https:\/\/www.radiopiu.net\/wordpress\/i-racconti-di-paolo-soppelsa\/\">I racconti di Paolo Soppelsa<\/a><\/p><\/blockquote>\n<p><iframe loading=\"lazy\" class=\"wp-embedded-content\" sandbox=\"allow-scripts\" security=\"restricted\" style=\"position: absolute; clip: rect(1px, 1px, 1px, 1px);\" title=\"&#8220;I racconti di Paolo Soppelsa&#8221; &#8212; Radio Pi\u00f9\" src=\"https:\/\/www.radiopiu.net\/wordpress\/i-racconti-di-paolo-soppelsa\/embed\/#?secret=OGwYmG0zmx\" data-secret=\"OGwYmG0zmx\" width=\"600\" height=\"338\" frameborder=\"0\" marginwidth=\"0\" marginheight=\"0\" scrolling=\"no\"><\/iframe><\/p>\n<\/div>\n<p>&nbsp;<\/p>\n<hr \/>\n<div>\n<h2><span style=\"color: #000080;\"><a class=\"dt-pswp-item\" href=\"https:\/\/www.radiopiu.net\/wordpress\/wp-content\/uploads\/2020\/10\/pp.jpg\" data-dt-img-description=\"\" data-large_image_width=\"640\" data-large_image_height=\"640\"><img loading=\"lazy\" decoding=\"async\" class=\"wp-image-163678 alignleft\" src=\"https:\/\/www.radiopiu.net\/wordpress\/wp-content\/uploads\/2020\/10\/pp-300x300.jpg\" alt=\"\" width=\"106\" height=\"106\" srcset=\"https:\/\/www.radiopiu.net\/wordpress\/wp-content\/uploads\/2020\/10\/pp-300x300.jpg 300w, https:\/\/www.radiopiu.net\/wordpress\/wp-content\/uploads\/2020\/10\/pp-150x150.jpg 150w, https:\/\/www.radiopiu.net\/wordpress\/wp-content\/uploads\/2020\/10\/pp-125x125.jpg 125w, https:\/\/www.radiopiu.net\/wordpress\/wp-content\/uploads\/2020\/10\/pp-200x200.jpg 200w, https:\/\/www.radiopiu.net\/wordpress\/wp-content\/uploads\/2020\/10\/pp-80x80.jpg 80w, https:\/\/www.radiopiu.net\/wordpress\/wp-content\/uploads\/2020\/10\/pp-480x480.jpg 480w, https:\/\/www.radiopiu.net\/wordpress\/wp-content\/uploads\/2020\/10\/pp.jpg 640w\" sizes=\"auto, (max-width: 106px) 100vw, 106px\" \/><\/a>DON CESARE, IL PENSIERO DEL GIORNO. ALLA RADIO ALLE 7 DEL MATTINO E ALLE 19.30 DELLA SERA.\u00a0\u00a0<\/span><\/h2>\n<\/div>\n<p>&nbsp;<\/p>\n<p>&nbsp;<\/p>\n<p>&nbsp;<\/p>\n<audio class=\"wp-audio-shortcode\" id=\"audio-168326-8\" preload=\"none\" style=\"width: 100%;\" controls=\"controls\"><source type=\"audio\/mpeg\" src=\"https:\/\/www.radiopiu.net\/wordpress\/wp-content\/uploads\/2020\/10\/CESARE-19.mp3?_=8\" \/><a href=\"https:\/\/www.radiopiu.net\/wordpress\/wp-content\/uploads\/2020\/10\/CESARE-19.mp3\">https:\/\/www.radiopiu.net\/wordpress\/wp-content\/uploads\/2020\/10\/CESARE-19.mp3<\/a><\/audio>\n<p>&nbsp;<\/p>\n<div>\n<p><a class=\"dt-pswp-item\" href=\"https:\/\/www.radiopiu.net\/wordpress\/wp-content\/uploads\/2018\/09\/viabilita.jpeg\" data-dt-img-description=\"\" data-large_image_width=\"800\" data-large_image_height=\"100\"><img loading=\"lazy\" decoding=\"async\" class=\"aligncenter wp-image-61954 size-full\" src=\"https:\/\/www.radiopiu.net\/wordpress\/wp-content\/uploads\/2018\/09\/viabilita.jpeg\" alt=\"\" width=\"800\" height=\"100\" srcset=\"https:\/\/www.radiopiu.net\/wordpress\/wp-content\/uploads\/2018\/09\/viabilita.jpeg 800w, https:\/\/www.radiopiu.net\/wordpress\/wp-content\/uploads\/2018\/09\/viabilita-300x38.jpeg 300w, https:\/\/www.radiopiu.net\/wordpress\/wp-content\/uploads\/2018\/09\/viabilita-768x96.jpeg 768w\" sizes=\"auto, (max-width: 800px) 100vw, 800px\" \/><\/a><\/p>\n<\/div>\n<p>&nbsp;<\/p>\n<p><strong>PROVINCIALE 251\u00a0<\/strong> COLLE SANTA LUCIA Fino al 28 novembre senso unico (per asfaltature) compresi sabato e domenica (stessa situazione lungo la 203 agordina in localit\u00e0 Rucav\u00e0)<\/p>\n<p><strong>SP 638 PASSO GIAU <\/strong>A Colle Santa Lucia fino\u00a0al 28 ottobre. esclusi sabato e domenica senso unico alternato per indagini geognostiche<\/p>\n<p><strong>SP 12 PEDEMONTANA <\/strong>senso unico alternato regolato da impianto semaforico in localit\u00e0 Veses fino al 6 novembre, esclusi sabati e domeniche, per messa in sicurezza versante a monte della strada<\/p>\n<p><strong>SP 25 DEL PASSO VALLES<\/strong> senso unico alternato regolato da impianto semaforico in localit\u00e0 Caverson fino al 30 ottobre, esclusi sabati e domenica, \u00a0per manutenzione sovrappasso pista da sci<\/p>\n<p><strong>SR 48 DELLE DOLOMITI<\/strong> Fino al 30 ottobre (festivi e prefestivi esclusi) senso unico alternato con movieri o semafori<\/p>\n<p><strong>203 AGORDINA, ALLEGHE<\/strong> LOCALITA&#8217; SOPRA SAC\u00a0 fino \u00a0al 30 ottobre (sabato e domenica esclusi) senso unico alternato per allestimento opere anti valanghive<\/p>\n<p><strong>SP 3 DELLA VAL IMPERINA<\/strong> fino a revoca, senso unico alternato regolato a vista in localit\u00e0 Gona di Conedera di Rivamonte per cedimento della carreggiata stradale<\/p>\n<p><strong>SR 48 DELLE DOLOMITI<\/strong> fino\u00a0 al 6 novembre (festivi e prefestivi inclusi) senso unico alternato in localit\u00e0 Brenta Comune di Livinallongo del Col di Lana.<\/p>\n<p><strong>SP 422 DELL&#8217;ALPAGO E DEL CANSIGLIO<\/strong> fino al 30 ottobre senso unico alternato regolato da movieri tra le 8 e le 19 tra Puos e Cornei per posa fibra ottica<\/p>\n<p><strong>SR 48 DELLE DOLOMITI\u00a0 <\/strong>fino\u00a0al 31 ottobre, compresi sabati e domeniche, senso unico alternato regolato da impianto semaforico tra Passo Falzarego e il parcheggio 5 Torri per posa elettrodotto interrato<\/p>\n<p><strong>SP 49 DI MISURINA <\/strong>fino al\u00a020 novembre, senso unico alternato regolato da impianto semaforico tra Misurina e il confine con la provincia di Bolzano per posa elettrodotto interrato<\/p>\n<p><strong>REGIONALE 48 DELLE DOLOMITI<\/strong> localit\u00e0 Cernadoi-Pian di Falzarego, fino al 30 ottobre senso unico alternato regolato da semaforo anche nei giorni festivi e prefestivi.<\/p>\n<p><strong>PROVINCIALE 251 VAL DI ZOLDO E CELLINA<\/strong> localit\u00e0 Pescul-Selva di Cadore, fino al 31 ottobre senso unico alternato con movieri o semaforo, escluso sabato e domenica.<\/p>\n<p><strong>PROVINCIALE 641 PASSO FEDAIA<\/strong> Fino al 30 ottobre compresi festivi e prefestivi senso unico con semaforo in localit\u00e0 Capanna Bill<\/p>\n<p><strong>REGIONALE 203 AGORDINA<\/strong>\u00a0 Fino\u00a0 al 18 dicembre (esclusi festivi e prefestivi) senso unico alternato tra Peron e Candaten con movieri dalle 7.30 alle 9 e dalle 16.30 alle 18. Con semaforo negli altri orari<\/p>\n<p><strong>REGIONALE 203 AGORDINA<\/strong> Fino al 30 ottobre (sabato e domenica esclusi) tra Candaten e La Stanga dalle 7.30 alle 9 e dalle 16.30 alle 18 con movieri e negli altri orari con semaforo, senso unico alternato.<\/p>\n<div>\n<p>&nbsp;<\/p>\n<hr \/>\n<p>&nbsp;<\/p>\n<blockquote>\n<h3>FORZA E CORAGGIO DI JOHN FRANCIS DELLA PIETRA<\/h3>\n<\/blockquote>\n<p><a class=\"dt-pswp-item\" href=\"https:\/\/www.radiopiu.net\/wordpress\/wp-content\/uploads\/2020\/10\/WhatsApp-Image-2020-10-25-at-20.18.14.jpeg\" data-dt-img-description=\"\" data-large_image_width=\"899\" data-large_image_height=\"1599\"><img loading=\"lazy\" decoding=\"async\" class=\"alignnone size-medium wp-image-168501\" src=\"https:\/\/www.radiopiu.net\/wordpress\/wp-content\/uploads\/2020\/10\/WhatsApp-Image-2020-10-25-at-20.18.14-169x300.jpeg\" alt=\"\" width=\"169\" height=\"300\" srcset=\"https:\/\/www.radiopiu.net\/wordpress\/wp-content\/uploads\/2020\/10\/WhatsApp-Image-2020-10-25-at-20.18.14-169x300.jpeg 169w, https:\/\/www.radiopiu.net\/wordpress\/wp-content\/uploads\/2020\/10\/WhatsApp-Image-2020-10-25-at-20.18.14-576x1024.jpeg 576w, https:\/\/www.radiopiu.net\/wordpress\/wp-content\/uploads\/2020\/10\/WhatsApp-Image-2020-10-25-at-20.18.14-768x1366.jpeg 768w, https:\/\/www.radiopiu.net\/wordpress\/wp-content\/uploads\/2020\/10\/WhatsApp-Image-2020-10-25-at-20.18.14-864x1536.jpeg 864w, https:\/\/www.radiopiu.net\/wordpress\/wp-content\/uploads\/2020\/10\/WhatsApp-Image-2020-10-25-at-20.18.14.jpeg 899w\" sizes=\"auto, (max-width: 169px) 100vw, 169px\" \/><\/a><a class=\"dt-pswp-item\" href=\"https:\/\/www.radiopiu.net\/wordpress\/wp-content\/uploads\/2020\/10\/WhatsApp-Image-2020-10-25-at-20.18.14-1.jpeg\" data-dt-img-description=\"\" data-large_image_width=\"899\" data-large_image_height=\"1599\"><img loading=\"lazy\" decoding=\"async\" class=\"alignnone size-medium wp-image-168500\" src=\"https:\/\/www.radiopiu.net\/wordpress\/wp-content\/uploads\/2020\/10\/WhatsApp-Image-2020-10-25-at-20.18.14-1-169x300.jpeg\" alt=\"\" width=\"169\" height=\"300\" srcset=\"https:\/\/www.radiopiu.net\/wordpress\/wp-content\/uploads\/2020\/10\/WhatsApp-Image-2020-10-25-at-20.18.14-1-169x300.jpeg 169w, https:\/\/www.radiopiu.net\/wordpress\/wp-content\/uploads\/2020\/10\/WhatsApp-Image-2020-10-25-at-20.18.14-1-576x1024.jpeg 576w, https:\/\/www.radiopiu.net\/wordpress\/wp-content\/uploads\/2020\/10\/WhatsApp-Image-2020-10-25-at-20.18.14-1-768x1366.jpeg 768w, https:\/\/www.radiopiu.net\/wordpress\/wp-content\/uploads\/2020\/10\/WhatsApp-Image-2020-10-25-at-20.18.14-1-864x1536.jpeg 864w, https:\/\/www.radiopiu.net\/wordpress\/wp-content\/uploads\/2020\/10\/WhatsApp-Image-2020-10-25-at-20.18.14-1.jpeg 899w\" sizes=\"auto, (max-width: 169px) 100vw, 169px\" \/><\/a><\/p>\n<audio class=\"wp-audio-shortcode\" id=\"audio-168326-9\" preload=\"none\" style=\"width: 100%;\" controls=\"controls\"><source type=\"audio\/mpeg\" src=\"https:\/\/www.radiopiu.net\/wordpress\/wp-content\/uploads\/2020\/10\/JOHN.mp3?_=9\" \/><a href=\"https:\/\/www.radiopiu.net\/wordpress\/wp-content\/uploads\/2020\/10\/JOHN.mp3\">https:\/\/www.radiopiu.net\/wordpress\/wp-content\/uploads\/2020\/10\/JOHN.mp3<\/a><\/audio>\n<p>&nbsp;<\/p>\n<p>&nbsp;<\/p>\n<hr \/>\n<p class=\"photoswipe-wrapper\"><a class=\"dt-pswp-item pspw-wrap-ready\" href=\"https:\/\/i0.wp.com\/www.radiopiu.net\/wordpress\/wp-content\/uploads\/2018\/09\/WhatsApp-Image-2018-09-20-at-16.04.06.jpeg?ssl=1\" data-dt-img-description=\"\" data-large_image_width=\"800\" data-large_image_height=\"100\"><img loading=\"lazy\" decoding=\"async\" class=\"aligncenter wp-image-61378 size-full jetpack-lazy-image jetpack-lazy-image--handled\" src=\"https:\/\/i0.wp.com\/www.radiopiu.net\/wordpress\/wp-content\/uploads\/2018\/09\/WhatsApp-Image-2018-09-20-at-16.04.06.jpeg?resize=800%2C100&amp;ssl=1\" sizes=\"auto, (max-width: 800px) 100vw, 800px\" srcset=\"https:\/\/i0.wp.com\/www.radiopiu.net\/wordpress\/wp-content\/uploads\/2018\/09\/WhatsApp-Image-2018-09-20-at-16.04.06.jpeg?w=800&amp;ssl=1 800w, https:\/\/i0.wp.com\/www.radiopiu.net\/wordpress\/wp-content\/uploads\/2018\/09\/WhatsApp-Image-2018-09-20-at-16.04.06.jpeg?resize=300%2C38&amp;ssl=1 300w, https:\/\/i0.wp.com\/www.radiopiu.net\/wordpress\/wp-content\/uploads\/2018\/09\/WhatsApp-Image-2018-09-20-at-16.04.06.jpeg?resize=768%2C96&amp;ssl=1 768w\" alt=\"\" width=\"800\" height=\"100\" data-lazy-loaded=\"1\" \/><\/a><\/p>\n<\/div>\n<p>&nbsp;<\/p>\n<p><center><b>Lunedi 26<\/b><\/center><b>Tempo atteso:\u00a0<\/b>Residue schiarite su Dolomiti al primo mattino, gi\u00e0 coperto sulle Prealpi. Tra la tarda mattinata e il primo pomeriggio peggioramento del tempo fino a perturbato con cielo coperto e diffuse precipitazioni. L&#8217;apice del maltempo sar\u00e0 in serata. Atmosfera uggiosa, ma non fresca grazie al flusso sciroccale nei bassi strati atmosferici.<br \/>\n<b>Precipitazioni:\u00a0<\/b>Inizialmente assenti, nel corso della mattinata prime precipitazioni deboli e sparse (20\/40%), in estensione a tutti i settori montani al pomeriggio (90\/100%). I fenomeni saranno perlopi\u00f9 moderati, a tratti forti e temporaleschi alla sera, risultando abbondanti. Il limite delle nevicate inizialmente sui 2300\/2400 m si abbasser\u00e0 fino sui 1900\/2000 m alla sera.<br \/>\n<b>Temperature:\u00a0<\/b>In generale diminuzione (minime osservate alla sera in quota), eccetto rialzo delle minime nelle valli. Sono previste punte di 12\/13\u00b0C nei fondovalle prealpini e di 8\/11\u00b0C a 1000\/1200 m. Su Prealpi a 1500 m min 5\u00b0C max 6\u00b0C, a 2000 m min 3\u00b0C max 4\u00b0C. Su Dolomiti a 2000 m min 2\u00b0C max 3\u00b0C, a 3000 m min -3\u00b0C max -1\u00b0C.<br \/>\n<b>Venti:\u00a0<\/b>Nelle valli perlopi\u00f9 deboli di direzione variabile con qualche rinforzo da sud-est ed eventuali forti raffiche di vento per temporali serali; in quota moderati\/tesi da sud-ovest, anche forti sulle cime dolomitiche pi\u00f9 alte e sulle dorsali prealpine a 20-45 km\/h a 2000 m e 40-80 km\/h a 3000 m.<\/p>\n<hr \/>\n<p><center><b>Martedi 27<\/b><\/center><b>Tempo atteso:\u00a0<\/b>Nottetempo perturbabilit\u00e0 ancora diffusa, seguita al mattino da rapido esaurimento del maltempo e da variabilit\u00e0 a partire dalle Prealpi, prima di un miglioramento, pi\u00f9 avvertito al pomeriggio e sulle Dolomiti. Sulle Prealpi tratti di sereno e residui addensamenti. Atmosfera assai pi\u00f9 fredda in quota.<br \/>\n<b>Precipitazioni:\u00a0<\/b>Diffuse nottetempo (90\/100%), nevose oltre i 1800\/1900 m, localmente fino sui 1600\/1700 m nelle valli dolomitiche pi\u00f9 chiuse. Dal primo mattino esaurimento dei fenomeni che diventeranno assenti sulle Dolomiti (0%), mentre qualche residuo piovasco pomeridiano potrebbe verificarsi sulle Prealpi e la pedemontana (30\/40%). I cumuli complessivi previsti saranno di 35\/40 mm, fino a 50\/60 mm nelle zone esposte allo Stau da sud-est e probabili locali punte di 90\/100 mm in sulle Prealpi, con altrettanti cm di neve fresca sopra i 2400\/2500 m, sotto tali quote i quantitativi di neve saranno man mano meno minori per contributo pioggia (20\/25 cm a 2000 m).<br \/>\n<b>Temperature:\u00a0<\/b>In generale lieve calo, salvo stazionariet\u00e0 o lieve rialzo delle massime nelle valli nell&#8217;ipotesi di ampie schiarite pomeridiane. Su Prealpi a 1500 m min 2\u00b0C max 4\u00b0C, a 2000 m min 0\u00b0C max 2\u00b0C. Su Dolomiti a 2000 m min -1\u00b0C max 1\u00b0C, a 3000 m min -7\u00b0C max -4\u00b0C.<br \/>\n<b>Venti:\u00a0<\/b>Deboli di direzione variabile nelle valli; moderati da sud-est in quota, in attenuazione fino a deboli al pomeriggio, a 5-15 km\/h a 2000 m e 5-25 km\/h a 3000 m.<\/p>\n<hr \/>\n<p><center><b>Mercoledi 28<\/b><\/center>Sole e cielo sereno o poco nuvoloso con aria tersa e ottima visibilit\u00e0 sulle Dolomiti, anche sulle Prealpi, dove, tuttavia, occorrer\u00e0 aspettare il dissolvimento delle nubi basse o delle nebbie mattutine su alcuni settori. Temperature minime in generale calo e massime in ripresa ovunque. Venti a regime di brezza nelle valli; deboli\/moderati dai quadranti occidentali in quota.<\/p>\n<hr \/>\n<p><center><b>Giovedi 29<\/b><\/center>Nuvolosit\u00e0 alta (velature) o medio-alta stratiforme (altostrati) sulle Dolomiti, stessa nuvolosit\u00e0, anche se meno compatta sulle Prealpi, dove occorrer\u00e0 considerare l&#8217;eventuale presenza di nubi basse o di nebbie mattutine su alcuni settori. Temperature minime in aumento e massime in diminuzione. Venti perlopi\u00f9 moderati da nord-ovest in quota, a tratti tesi sulle cime dolomitiche pi\u00f9 alte; deboli di direzione variabile nelle valli. Previsore: R.L.Th.<\/p>\n<p>&nbsp;<\/p>\n<hr \/>\n<p>&nbsp;<\/p>\n<p><a class=\"dt-pswp-item\" href=\"https:\/\/www.radiopiu.net\/wordpress\/wp-content\/uploads\/2018\/09\/sport.jpg\" data-dt-img-description=\"\" data-large_image_width=\"800\" data-large_image_height=\"100\"><img loading=\"lazy\" decoding=\"async\" class=\"wp-image-60761 size-full aligncenter\" src=\"https:\/\/www.radiopiu.net\/wordpress\/wp-content\/uploads\/2018\/09\/sport.jpg\" alt=\"\" width=\"800\" height=\"100\" srcset=\"https:\/\/www.radiopiu.net\/wordpress\/wp-content\/uploads\/2018\/09\/sport.jpg 800w, https:\/\/www.radiopiu.net\/wordpress\/wp-content\/uploads\/2018\/09\/sport-300x38.jpg 300w, https:\/\/www.radiopiu.net\/wordpress\/wp-content\/uploads\/2018\/09\/sport-768x96.jpg 768w\" sizes=\"auto, (max-width: 800px) 100vw, 800px\" \/><\/a><\/p>\n<p>&nbsp;<\/p>\n<blockquote>\n<h3>KERALPEN CALCIO FEMMINILE: ANCORA UNA SCONFITTA PER LA PRIMA SQUADRA, JUNIORES A PUNTEGGIO PIENO<\/h3>\n<\/blockquote>\n<p><strong><a class=\"dt-pswp-item\" href=\"https:\/\/www.radiopiu.net\/wordpress\/wp-content\/uploads\/2020\/10\/KERALPEN-2020.jpg\" data-dt-img-description=\"\" data-large_image_width=\"1263\" data-large_image_height=\"766\"><img loading=\"lazy\" decoding=\"async\" class=\"size-medium wp-image-167116 alignleft\" src=\"https:\/\/www.radiopiu.net\/wordpress\/wp-content\/uploads\/2020\/10\/KERALPEN-2020-300x182.jpg\" alt=\"\" width=\"300\" height=\"182\" srcset=\"https:\/\/www.radiopiu.net\/wordpress\/wp-content\/uploads\/2020\/10\/KERALPEN-2020-300x182.jpg 300w, https:\/\/www.radiopiu.net\/wordpress\/wp-content\/uploads\/2020\/10\/KERALPEN-2020-1024x621.jpg 1024w, https:\/\/www.radiopiu.net\/wordpress\/wp-content\/uploads\/2020\/10\/KERALPEN-2020-768x466.jpg 768w, https:\/\/www.radiopiu.net\/wordpress\/wp-content\/uploads\/2020\/10\/KERALPEN-2020.jpg 1263w\" sizes=\"auto, (max-width: 300px) 100vw, 300px\" \/><\/a>ECCELLENZA<\/strong><\/p>\n<p>LEGNAGO &#8211; KERALPEN 3-1<\/p>\n<p>GOL KERALPEN: Paganin<\/p>\n<p>Seconda sconfitta consecutiva per le ragazze del Keralpen che in terra veronese non riesce a farsi valere contro un Legnago che ha concretizzato le uniche azioni da gol arrivate sui piedi. Bellunesi subito in vantaggio ma poi pagano caro alcune lacune difensive.<span class=\"Apple-converted-space\">\u00a0\u00a0<\/span>Pronti via e subito Keralpen a segno. A sbloccare la lartita una bella conclusione di Paganin che trova il pertugio per beffare il portiere veronese. Giocano bene le ragazze bellunesi che si fanno pericolose e sventano ogni incursione avversaria. Il Legnago riesce a pareggiare i conti con un gol su azione di calcio d\u2019angolo ma il Keralpen prova la reazione. Ancora una volta \u00e8 Paganin che sfiora il gol con una conclusione che fa la barba al palo. Prima della fine del primo tempo anche Conedera si avvicina al gol per la squadra bellunese. Legnago che al rientro dagli spogliatoi passa in vantaggio con un tiro imprendibile dalla distanza. Nonostante tutto il Keralpen \u00e8 agguerrito e ci prova a bucare la difesa avversaria. Padrone di casa che trovano il terzo gol della giornata. Un calcio di punizione che il portiere non riesce a deviare fuori.<\/p>\n<p><strong>JUNIORES<\/strong><\/p>\n<p>VIRTUS PADOVA &#8211; KERALPEN 0-3<\/p>\n<p>Seconda vittoria consecutiva per le giovanili del Keralpen che in terra padovana sotterrano la Virtus con 3 gol. Una bella prestazione delle bellunesi che ora si trovano in testa alla classifica del campionato Juniores regionale a pieni punti. Doppietta di Barduca e un gol di Feltrin per una vittoria che ha visto solo una squadra in campo.<\/p>\n<p>&nbsp;<\/p>\n<p>&nbsp;<\/p>\n<hr \/>\n<p>&nbsp;<\/p>\n<blockquote>\n<h3>IL CALDARO ESPUGNA IL DE TONI DI ALLEGHE ALL&#8217;OVERTIME<\/h3>\n<\/blockquote>\n<p><a class=\"dt-pswp-item\" href=\"https:\/\/www.radiopiu.net\/wordpress\/wp-content\/uploads\/2019\/08\/logo-alleghe-hockey.png\" data-dt-img-description=\"\" data-large_image_width=\"547\" data-large_image_height=\"512\"><img loading=\"lazy\" decoding=\"async\" class=\"size-medium wp-image-95699 alignleft\" src=\"https:\/\/www.radiopiu.net\/wordpress\/wp-content\/uploads\/2019\/08\/logo-alleghe-hockey-300x281.png\" alt=\"\" width=\"300\" height=\"281\" srcset=\"https:\/\/www.radiopiu.net\/wordpress\/wp-content\/uploads\/2019\/08\/logo-alleghe-hockey-300x281.png 300w, https:\/\/www.radiopiu.net\/wordpress\/wp-content\/uploads\/2019\/08\/logo-alleghe-hockey.png 547w\" sizes=\"auto, (max-width: 300px) 100vw, 300px\" \/><\/a><strong>ALLEGHE &#8211; CALDARO 1-2 dot<\/strong><\/p>\n<p>PARZIALI: 0-1, 1-0, 0-0, 0-1<\/p>\n<p>GOL: pt. 11\u201922\u201d De Don\u00e0. st. 9\u201937\u201d M. Dall\u2019Agnol. ot. 0\u201925\u201d Virtala<\/p>\n<p>Prima sconfitta casalinga per l\u2019Alleghe Hockey. Buona la prestazione delle civette che calano nel terzo tempo anche a causa del doppio impegno settimanale. Il Caladaro passa in vantaggio nel primo tempo, Matteo Dall\u2019Agnol pareggia i conti nel drittel centrale. 1 a 1 alla fine dei tempi regolamentari ed altoatesini che incamerano il punto aggiuntivo dopo 25\u201d dell\u2019overtime.<span class=\"Apple-converted-space\">\u00a0\u00a0<\/span>Parte bene la squadra di Matikainen che dopo poco sfiora il gol. Anche gli altoatesini non scherzano e rispondono impegnando Scola. Match che sembra abbastanza equilibrato ma poche le occasioni. Alla prima disattenzione alleghese il Caldaro trova il vantaggio. Ci pensa De Don\u00e0 a deviare in porta un ottimo assist da distanza ravvicinata. Agordini che non reagiscono rischiando addirittura di subire la seconda marcatura. Gli ospiti puntano sui contropiedi e a chiudersi in difesa per sventare le incursioni alleghesi. Secondo drittel con le civette che macinano gioco. Agordini che non sfruttano la prima superiorit\u00e0 numerica, tanta confusione in fase di impostazione e pochi tiri in porta. Stesso discorso anche per il Caldaro che in powerplay non impegna Scola. Alleghe che pareggia i conti subito quando Matteo Dall\u2019Agnol viene servito da Kiviranta e trova l\u2019angolino giusto. Prendono coraggio i ragazzi di Matikainen e De Val si vede negare il gol da un ottimo intervento del golie altoatesino. Nel terzo tempo i ritmi di gara vanno calando ma nonostante tutto le squadre non se le mandano a dire. Per le civette si fanno sentire le fatiche del turno infrasettimanale mentre il Caldaro, sornione, sta a guardare aspettando di colpire al momento giusto. I tempi regolamentari terminano in parit\u00e0 e si va all\u2019overtime. Bastano 25\u201d al Caldaro che chiude la sfida con un tiro improvviso di Virtala.<\/p>\n","protected":false},"excerpt":{"rendered":"<p>PER RICEVERE QUESTO NOTIZIARIO DIRETTAMENTE SUL TUO CELLULARE ISCRIVITI AL CANALE TELEGRAM \u201cRADIO PIU\u00a0 INFORMAZIONE&#8221; ATTENZIONE: LA NUOVA APP PER IOS-IPHONE https:\/\/apps.apple.com\/it\/app\/radio-pi%C3%B9-emittente-agordina\/id1515939845 ATTENZIONE: LA NUOVA APP RADIO\u00a0 PER ANDROID https:\/\/play.google.com\/store\/apps\/details?id=net.radiopiu.iniko\u00a0\u00a0 &nbsp; NUOVA CARTELLONISTICA A VOLTAGO AGORDINO. FOTO ILARIO DA CAMPO Voltago: in questi giorni nuovo restyling per le vie del paese &nbsp; IERI AD AGORDO&hellip;<\/p>\n","protected":false},"author":4,"featured_media":168468,"comment_status":"closed","ping_status":"closed","sticky":false,"template":"","format":"standard","meta":{"_monsterinsights_skip_tracking":false,"_monsterinsights_sitenote_active":false,"_monsterinsights_sitenote_note":"","_monsterinsights_sitenote_category":0,"footnotes":""},"categories":[1,51,86,49],"tags":[],"class_list":["post-168326","post","type-post","status-publish","format-standard","has-post-thumbnail","hentry","category-senza-categoria","category-evidenza-top","category-gr","category-news-18","category-1","category-51","category-86","category-49","description-off"],"img_url":"https:\/\/www.radiopiu.net\/wordpress\/wp-content\/uploads\/2020\/10\/59e0f6bc-fa71-468b-9afb-69a631d45448.jpg","_links":{"self":[{"href":"https:\/\/www.radiopiu.net\/wordpress\/wp-json\/wp\/v2\/posts\/168326","targetHints":{"allow":["GET"]}}],"collection":[{"href":"https:\/\/www.radiopiu.net\/wordpress\/wp-json\/wp\/v2\/posts"}],"about":[{"href":"https:\/\/www.radiopiu.net\/wordpress\/wp-json\/wp\/v2\/types\/post"}],"author":[{"embeddable":true,"href":"https:\/\/www.radiopiu.net\/wordpress\/wp-json\/wp\/v2\/users\/4"}],"replies":[{"embeddable":true,"href":"https:\/\/www.radiopiu.net\/wordpress\/wp-json\/wp\/v2\/comments?post=168326"}],"version-history":[{"count":0,"href":"https:\/\/www.radiopiu.net\/wordpress\/wp-json\/wp\/v2\/posts\/168326\/revisions"}],"wp:featuredmedia":[{"embeddable":true,"href":"https:\/\/www.radiopiu.net\/wordpress\/wp-json\/wp\/v2\/media\/168468"}],"wp:attachment":[{"href":"https:\/\/www.radiopiu.net\/wordpress\/wp-json\/wp\/v2\/media?parent=168326"}],"wp:term":[{"taxonomy":"category","embeddable":true,"href":"https:\/\/www.radiopiu.net\/wordpress\/wp-json\/wp\/v2\/categories?post=168326"},{"taxonomy":"post_tag","embeddable":true,"href":"https:\/\/www.radiopiu.net\/wordpress\/wp-json\/wp\/v2\/tags?post=168326"}],"curies":[{"name":"wp","href":"https:\/\/api.w.org\/{rel}","templated":true}]}}