{"id":168495,"date":"2020-10-27T08:25:10","date_gmt":"2020-10-27T07:25:10","guid":{"rendered":"https:\/\/www.radiopiu.net\/wordpress\/?p=168495"},"modified":"2020-10-27T17:28:56","modified_gmt":"2020-10-27T16:28:56","slug":"giornale-radiopiu-27-ottobre-2020-direttore-mirko-mezzacasa","status":"publish","type":"post","link":"https:\/\/www.radiopiu.net\/wordpress\/giornale-radiopiu-27-ottobre-2020-direttore-mirko-mezzacasa\/","title":{"rendered":"GIORNALE RADIOPIU 27 OTTOBRE 2020 DIRETTORE MIRKO MEZZACASA"},"content":{"rendered":"<h3><strong>PER RICEVERE QUESTO NOTIZIARIO DIRETTAMENTE SUL TUO CELLULARE ISCRIVITI AL CANALE TELEGRAM <\/strong><strong>\u201cRADIO PIU\u00a0 INFORMAZIONE&#8221;<\/strong><\/h3>\n<p><em>ATTENZIONE: LA NUOVA APP PER IOS-IPHONE<\/em><\/p>\n<div>\n<div><a href=\"https:\/\/apps.apple.com\/it\/app\/radio-pi%C3%B9-emittente-agordina\/id1515939845\">https:\/\/apps.apple.com\/it\/app\/radio-pi%C3%B9-emittente-agordina\/id1515939845<\/a><\/div>\n<\/div>\n<div><\/div>\n<div>\n<div dir=\"auto\"><em>ATTENZIONE: LA NUOVA APP RADIO\u00a0 PER ANDROID<\/em><\/div>\n<\/div>\n<p><a href=\"https:\/\/play.google.com\/store\/apps\/details?id=net.radiopiu.iniko\" target=\"_blank\" rel=\"noopener noreferrer\">https:\/\/play.google.com\/store\/apps\/details?id=net.radiopiu.iniko\u00a0\u00a0\u00a0<\/a><\/p>\n<p><span style=\"color: #0000ff;\"><a class=\"dt-pswp-item\" href=\"https:\/\/www.radiopiu.net\/wordpress\/wp-content\/uploads\/2020\/10\/a4a92ac6-8f2e-487e-9b20-fc098baf7289.jpg\" data-dt-img-description=\"\" data-large_image_width=\"1200\" data-large_image_height=\"1600\"><img loading=\"lazy\" decoding=\"async\" class=\"wp-image-168772 alignleft\" src=\"https:\/\/www.radiopiu.net\/wordpress\/wp-content\/uploads\/2020\/10\/a4a92ac6-8f2e-487e-9b20-fc098baf7289-225x300.jpg\" alt=\"\" width=\"177\" height=\"236\" srcset=\"https:\/\/www.radiopiu.net\/wordpress\/wp-content\/uploads\/2020\/10\/a4a92ac6-8f2e-487e-9b20-fc098baf7289-225x300.jpg 225w, https:\/\/www.radiopiu.net\/wordpress\/wp-content\/uploads\/2020\/10\/a4a92ac6-8f2e-487e-9b20-fc098baf7289-768x1024.jpg 768w, https:\/\/www.radiopiu.net\/wordpress\/wp-content\/uploads\/2020\/10\/a4a92ac6-8f2e-487e-9b20-fc098baf7289-1152x1536.jpg 1152w, https:\/\/www.radiopiu.net\/wordpress\/wp-content\/uploads\/2020\/10\/a4a92ac6-8f2e-487e-9b20-fc098baf7289.jpg 1200w\" sizes=\"auto, (max-width: 177px) 100vw, 177px\" \/><\/a>OGGI ALLA RADIO: ALLE 10.30 E 1900 LEGGERMENTE BELLUNESI DI LUISA ALCHINI, di Michele Cau &#8220;Magno Magni&#8221;\u00a0<\/span><br \/>\n<span style=\"color: #0000ff;\">Alle 15.10 e 21.00 di Claudio Fontanive i lavori di Ottavio Rossi in Birreria ad Agordo, Piazza Libert\u00e0.\u00a0<\/span><br \/>\n<span style=\"color: #0000ff;\">Alle 16.00 di Mirko Mezzacasa speciale covid19 dalla conferenza stampa di Marghera.\u00a0<\/span><\/p>\n<p><strong>FOTO DI RENATO<\/strong><br \/>\n<strong>Ieri sera dopo le 18 il Liston, Piazza dei Martiri a Belluno<\/strong><\/p>\n<p>&nbsp;<\/p>\n<p>&nbsp;<\/p>\n<p>&nbsp;<\/p>\n<p>&nbsp;<\/p>\n<blockquote>\n<h2>IERI ALLA RADIO, TRA GLI ARTICOLI PIU&#8217; CLICCATI SUL SITO DI RADIO PIU<\/h2>\n<p>&nbsp;<\/p><\/blockquote>\n<blockquote class=\"wp-embedded-content\" data-secret=\"wRw31mOR8d\"><p><a href=\"https:\/\/www.radiopiu.net\/wordpress\/corso-base-e-corso-base-sicurezza-volontari-protezione-civile\/\">CORSO BASE E CORSO BASE SICUREZZA VOLONTARI PROTEZIONE CIVILE<\/a><\/p><\/blockquote>\n<p><iframe loading=\"lazy\" class=\"wp-embedded-content\" sandbox=\"allow-scripts\" security=\"restricted\" style=\"position: absolute; clip: rect(1px, 1px, 1px, 1px);\" title=\"&#8220;CORSO BASE E CORSO BASE SICUREZZA VOLONTARI PROTEZIONE CIVILE&#8221; &#8212; Radio Pi\u00f9\" src=\"https:\/\/www.radiopiu.net\/wordpress\/corso-base-e-corso-base-sicurezza-volontari-protezione-civile\/embed\/#?secret=wRw31mOR8d\" data-secret=\"wRw31mOR8d\" width=\"600\" height=\"338\" frameborder=\"0\" marginwidth=\"0\" marginheight=\"0\" scrolling=\"no\"><\/iframe><\/p>\n<p>&nbsp;<\/p>\n<p>&nbsp;<\/p>\n<p><strong>DRIVE IN TAMPONE AD AGORDO, L&#8217;INFAUSTA SCELTA DEI SOLI 3 GIORNI ALLA SETTIMANA PER DUE ORE A TURNO<\/strong><\/p>\n<div style=\"width: 848px;\" class=\"wp-video\"><video class=\"wp-video-shortcode\" id=\"video-168495-1\" width=\"848\" height=\"480\" preload=\"metadata\" controls=\"controls\"><source type=\"video\/mp4\" src=\"https:\/\/www.radiopiu.net\/wordpress\/wp-content\/uploads\/2020\/10\/WhatsApp-Video-2020-10-26-at-16.39.22.mp4?_=1\" \/><a href=\"https:\/\/www.radiopiu.net\/wordpress\/wp-content\/uploads\/2020\/10\/WhatsApp-Video-2020-10-26-at-16.39.22.mp4\">https:\/\/www.radiopiu.net\/wordpress\/wp-content\/uploads\/2020\/10\/WhatsApp-Video-2020-10-26-at-16.39.22.mp4<\/a><\/video><\/div>\n<hr \/>\n<p>&nbsp;<\/p>\n<p>&nbsp;<\/p>\n<blockquote><p><span style=\"color: #ff0000;\">L&#8217;ESCALATION DI TENSIONI SOCIALI<\/span><\/p>\n<blockquote>\n<h3>TREVISO-BELLUNO<\/h3>\n<p>FOTO COPERTINA <em><strong>Paolo Perona<\/strong><\/em><\/p>\n<p>Il Premier sotto attacco, l&#8217;Italia in piazza, guerriglia a Milano, saccheggi a Torino, proteste a Treviso. Ieri lo sport in piazza a Belluno con un flash mob al motto dello <strong>&#8220;sport \u00e8 vita&#8221;<\/strong>. Nel pomeriggio di ieri l mondo dello sport si \u00e8 ritrovato in piazza dei Martiri, per una protesta pacifica ma di grande impatto emotivo. Genitori con i bambini, presidenti di societ\u00e0, atleti e istruttori si sono radunati attorno alla fontana dei giardini pubblici, ciascuno in divisa societaria.<\/p><\/blockquote>\n<\/blockquote>\n<p><strong>DI DAMIANO TORMEN<\/strong><\/p>\n<audio class=\"wp-audio-shortcode\" id=\"audio-168495-1\" preload=\"none\" style=\"width: 100%;\" controls=\"controls\"><source type=\"audio\/mpeg\" src=\"https:\/\/www.radiopiu.net\/wordpress\/wp-content\/uploads\/2020\/10\/DAMIANO-3.mp3?_=1\" \/><a href=\"https:\/\/www.radiopiu.net\/wordpress\/wp-content\/uploads\/2020\/10\/DAMIANO-3.mp3\">https:\/\/www.radiopiu.net\/wordpress\/wp-content\/uploads\/2020\/10\/DAMIANO-3.mp3<\/a><\/audio>\n<p>video dalla pagina facebook max man <span style=\"color: #0000ff;\"><a style=\"color: #0000ff;\" href=\"https:\/\/www.facebook.com\/massimo.mander\">CLICCA QUI<\/a><\/span><\/p>\n<p>https:\/\/www.facebook.com\/massimo.mander\/videos\/10221211217864103<\/p>\n<p>&nbsp;<\/p>\n<blockquote>\n<h3>FLASH MOB IN PIAZZA MARTIRI A DIFESA DELLO SPORT CHE E&#8217; VITA<\/h3>\n<\/blockquote>\n<p><strong><a class=\"dt-pswp-item\" href=\"https:\/\/www.radiopiu.net\/wordpress\/wp-content\/uploads\/2020\/10\/9d63710c-2384-4e2d-9af1-4701fb5d8a80.jpg\" data-dt-img-description=\"\" data-large_image_width=\"676\" data-large_image_height=\"450\"><img loading=\"lazy\" decoding=\"async\" class=\"size-medium wp-image-168800 alignleft\" src=\"https:\/\/www.radiopiu.net\/wordpress\/wp-content\/uploads\/2020\/10\/9d63710c-2384-4e2d-9af1-4701fb5d8a80-300x200.jpg\" alt=\"\" width=\"300\" height=\"200\" srcset=\"https:\/\/www.radiopiu.net\/wordpress\/wp-content\/uploads\/2020\/10\/9d63710c-2384-4e2d-9af1-4701fb5d8a80-300x200.jpg 300w, https:\/\/www.radiopiu.net\/wordpress\/wp-content\/uploads\/2020\/10\/9d63710c-2384-4e2d-9af1-4701fb5d8a80.jpg 676w\" sizes=\"auto, (max-width: 300px) 100vw, 300px\" \/><\/a>di\u00a0Moreno Gioli\u00a0<\/strong><\/p>\n<p><strong>BELLUNO<\/strong> Ieri lo sport in piazza a Belluno con un flash mob al motto dello &#8220;sport \u00e8 vita&#8221;. Nel pomeriggio di ieri l mondo dello sport si \u00e8 ritrovato in piazza dei Martiri, per una protesta pacifica ma di grande impatto emotivo. Genitori con i bambini, presidenti di societ\u00e0, atleti e istruttori si sono radunati attorno alla fontana dei giardini pubblici, ciascuno in divisa societaria. <em><strong>(foto Paolo Perona)<\/strong><\/em><\/p>\n<audio class=\"wp-audio-shortcode\" id=\"audio-168495-2\" preload=\"none\" style=\"width: 100%;\" controls=\"controls\"><source type=\"audio\/mpeg\" src=\"https:\/\/www.radiopiu.net\/wordpress\/wp-content\/uploads\/2020\/10\/MORENO-GIOLI-FLASH-MOB-SPORT.mp3?_=2\" \/><a href=\"https:\/\/www.radiopiu.net\/wordpress\/wp-content\/uploads\/2020\/10\/MORENO-GIOLI-FLASH-MOB-SPORT.mp3\">https:\/\/www.radiopiu.net\/wordpress\/wp-content\/uploads\/2020\/10\/MORENO-GIOLI-FLASH-MOB-SPORT.mp3<\/a><\/audio>\n<p>&nbsp;<\/p>\n<blockquote><p>&nbsp;<\/p>\n<p>&nbsp;<\/p><\/blockquote>\n<hr \/>\n<div class=\"page-title-head hgroup\">\n<blockquote>\n<h3 class=\"entry-title\">METEO.\u00a0 ALLERTA GIALLA<\/h3>\n<\/blockquote>\n<p><img loading=\"lazy\" decoding=\"async\" class=\"alignleft\" src=\"https:\/\/www.radiopiu.net\/wordpress\/wp-content\/uploads\/2018\/08\/instabilita.jpg\" width=\"257\" height=\"154\" \/><strong>VENEZIA<\/strong>\u00a0 Oggi \u00e8 prevista la fase pi\u00f9 significativa di precipitazioni, conseguenza dell\u2019ampia saccatura che si sta estendo dal Mare del Nord fino al Nord Africa, determinando un intenso flusso meridionale che, abbinato alla formazione di una depressione al suolo sull&#8217;Italia settentrionale, porta piogge e rinforzo dei venti. Tali precipitazioni si prevedono estese sulle zone centro settentrionali della nostra regione, anche con forti rovesci e qualche locale temporale, con quantitativi consistenti sulle zone montane e pedemontane (specie quelle centro-orientali). Il limite della neve, gi\u00e0 in abbassamento intorno ai 2000 metri nella serata di luned\u00ec, sar\u00e0 a quote un po&#8217; inferiori (1700-1900 metri) nella mattinata specie sulle Dolomiti. In considerazione dei fenomeni atmosferici previsti, la criticit\u00e0 attesa \u00e8 riferita anche allo scenario di temporali forti. Il Centro Funzionale Decentrato della Protezione Civile della Regione ha emesso un avviso di criticit\u00e0 idrogeologica, con validit\u00e0 fino alle 16, in cui \u00e8 fissato lo stato di attenzione (allerta gialla)<\/p>\n<\/div>\n<div class=\"page-title-breadcrumbs\"><\/div>\n<hr \/>\n<p>&nbsp;<\/p>\n<p><span style=\"color: #ff0000;\">OGGI SUL CORRIERE DELLE ALPI<\/span><br \/>\n<strong>di Gigi Sosso<\/strong><\/p>\n<blockquote>\n<h3>ARRESTATO PER RESISTENZA A PUBBLICO UFFICIALE, 21ENNE DI AGORDO IN CARCERE A BALDENICH.<\/h3>\n<\/blockquote>\n<p>&nbsp;<\/p>\n<p><strong><a class=\"dt-pswp-item\" href=\"https:\/\/www.radiopiu.net\/wordpress\/wp-content\/uploads\/2016\/08\/carabinieri-6-2.jpg\" data-dt-img-description=\"\" data-large_image_width=\"1000\" data-large_image_height=\"681\"><img loading=\"lazy\" decoding=\"async\" class=\" wp-image-22568 alignleft\" src=\"https:\/\/www.radiopiu.net\/wordpress\/wp-content\/uploads\/2016\/08\/carabinieri-6-2-300x204.jpg\" alt=\"\" width=\"193\" height=\"131\" \/><\/a>BELLUNO<\/strong>\u00a0 Amine Bendaoud \u00e8 stato arrestato ed \u00e8 in carcere a Belluno. Il 21enne di origine marocchina, residente ad Agordo, \u00e8 indagato per resistenza a pubblico ufficiale, ma non sono escluse altre ipotesi di reato. Gioved\u00ec scorso era all&#8217;esterno di un locale pubblico, quando sono intervenuti i carabinieri del nucleo Radiomobile, nei confronti dei quali avrebbe tenuto un comportamento talmente aggressivo da giustificare l&#8217;arresto.\u00a0 Bendaoud non era sottoposto a misure, dopo un periodo trascorso in una comunit\u00e0 fuori provincia e a febbraio era stato condannato a un anno e quattro mesi per spaccio stupefacenti, anche a minorenni, tra il 2016 e il 2018. .Assolto per l&#8217;estorsione, della quale era stato accusato, perch\u00e9 avrebbe aizzato il suo pitbull Kaos (il cane ucciso il 19 aprile in Viale Sommariva) contro un ragazzino, per farsi consegnare 30 euro.<\/p>\n<p>&nbsp;<\/p>\n<p>&nbsp;<\/p>\n<hr \/>\n<p>&nbsp;<\/p>\n<blockquote>\n<h3>INVESTITO IN VIALE FANTUZZI<\/h3>\n<\/blockquote>\n<p><strong><a class=\"dt-pswp-item\" href=\"https:\/\/www.radiopiu.net\/wordpress\/wp-content\/uploads\/2018\/10\/Volante-Questura-2.jpg\" data-dt-img-description=\"\" data-large_image_width=\"200\" data-large_image_height=\"200\"><img loading=\"lazy\" decoding=\"async\" class=\"wp-image-63841 alignleft\" src=\"https:\/\/www.radiopiu.net\/wordpress\/wp-content\/uploads\/2018\/10\/Volante-Questura-2.jpg\" alt=\"\" width=\"110\" height=\"110\" srcset=\"https:\/\/www.radiopiu.net\/wordpress\/wp-content\/uploads\/2018\/10\/Volante-Questura-2.jpg 200w, https:\/\/www.radiopiu.net\/wordpress\/wp-content\/uploads\/2018\/10\/Volante-Questura-2-150x150.jpg 150w\" sizes=\"auto, (max-width: 110px) 100vw, 110px\" \/><\/a>BELLUNO<\/strong> Un ventiduenne L.C. \u00e8 stato investito ieri sera da un&#8217;Audi in in viale Fantuzzi,\u00a0 non \u00e8 in gravi condizioni\u00a0 ma rimane in ospedale in osservazione al\u00a0 San Martino. Il ragazzo stava attraversando nella zona di viale Fantuzzi dove ci sono le strisce pedonali all&#8217;altezza della Questura. L&#8217;Audi S3 condotta da un bellunese\u00a0 viaggiava in direzione della rotonda della Cerva, tra le cause la carenza di visibilit\u00e0 per il maltempo.<\/p>\n<p>&nbsp;<\/p>\n<p>&nbsp;<\/p>\n<hr \/>\n<p>&nbsp;<\/p>\n<blockquote>\n<h2>ALLARME CASE DI RIPOSO: POSITIVI, DECESSI, MANCANZA DI PERSONALE<\/h2>\n<\/blockquote>\n<p>&nbsp;<\/p>\n<p>Da domani gli studenti delle superiori studieranno a distanza, la Regione impone che almeno il 75% delle lezioni si facciano on line ed a rotazione, ogni istituto\u00a0 decider\u00e0 sugli orari, non ci sar\u00e0 invece alcun rientro pomeridiano. Ieri in Veneto 11 vittime, 3 negli ospedali di Belluno. In casa di riposo a Cortina le vittime salgono a 15, gli ospiti attualmente contagiati sono 20, 13 i guariti. I dipendenti: 17 i positivi, 18 i guariti. A Pieve di Cadore in casa di riposo 15 operatori e 30 ospiti infettati e &#8220;Manca il personale&#8221; ricorda Mario De Boni dalla Cisl FP Belluno-Treviso. Record di contagi a Cortina con 179 positivi ieri +19 e il sindaco Gianpietro Ghedina lancia l&#8217;appello per il rispetto delle regole per bloccare la curva del contagio prima che inizi la stagione. In Italia la paura \u00e8 il raddoppio dei pazienti in terapia intensiva. Ieri incontro in Prefettura, sono 15 i Comuni sotto controllo in Veneto i casi gravi raddoppiano ogni dieci giorni. Intanto Bolzano e Trento &#8211; l&#8217;altra Italia &#8211; posticipano le chiusure dei locali alle 22 ma i bellunesi non ci stanno soprattutto nelle aree di confine, per Bond \u00e8 uno schiaffo alle regole.<\/p>\n<p>&nbsp;<\/p>\n<blockquote>\n<h3>AGGIORNAMENTO COVID A BELLUNO: 3 DECESSI, 113 POSITIVI IN 24 ORE<\/h3>\n<\/blockquote>\n<p><span style=\"font-size: medium;\"><img loading=\"lazy\" decoding=\"async\" class=\"alignleft\" src=\"https:\/\/www.radiopiu.net\/wordpress\/wp-content\/uploads\/2020\/03\/covid-ulss.jpg\" width=\"93\" height=\"70\" \/><strong>BELLUNO<\/strong> Tre decessi nelle ultime ore, domenica sera\u00a0 \u00e8 deceduto un paziente covid positivo di 90 anni ricoverato in Malattie Infettive a Belluno. Nella mattinata di ieri\u00a0 un paziente covid positivo di 92 anni ricoverato in Malattie Infettive a Belluno e un paziente covid positivo di anni 88 ricoverato in Pneumologia Covid a Feltre. Due dei tre deceduti erano ospiti della casa di riposo di Cortina, entrambi soggetti pluri patologici.<\/span><\/p>\n<p align=\"JUSTIFY\"><span style=\"font-size: medium;\"><b>SITUAZIONE EPIDEMIOLOGICA <\/b><\/span><i style=\"font-size: medium;\">(dato alle ore 17.00 fonte: Azienda Zero)<\/i><\/p>\n<table border=\"1\" width=\"449\" frame=\"HSIDES\" rules=\"GROUPS\" cellspacing=\"0\" cellpadding=\"7\">\n<tbody>\n<tr valign=\"TOP\">\n<td width=\"226\"><\/td>\n<td width=\"194\">\n<p align=\"CENTER\"><span style=\"color: #5f497a;\"><span style=\"font-size: medium;\"><b>Ore 17.00<\/b><\/span><\/span><\/p>\n<\/td>\n<\/tr>\n<\/tbody>\n<tbody>\n<tr valign=\"TOP\">\n<td bgcolor=\"#dfd8e8\" width=\"226\">\n<p align=\"JUSTIFY\"><span style=\"color: #5f497a;\"><span style=\"font-size: medium;\"><b>Attualmente positivi<\/b><\/span><\/span><\/p>\n<\/td>\n<td bgcolor=\"#dfd8e8\" width=\"194\">\n<p align=\"CENTER\"><span style=\"color: #5f497a;\"><span style=\"font-size: large;\">1329<\/span><\/span><\/p>\n<\/td>\n<\/tr>\n<tr valign=\"TOP\">\n<td width=\"226\">\n<p align=\"JUSTIFY\"><span style=\"color: #5f497a;\"><span style=\"font-size: medium;\"><b>Delta totale casi positivi<\/b><\/span><\/span><\/p>\n<p align=\"JUSTIFY\"><span style=\"color: #5f497a;\"><span style=\"font-size: medium;\"><b>Nelle ultime 24 ore<\/b><\/span><\/span><\/p>\n<\/td>\n<td width=\"194\">\n<p align=\"CENTER\"><span style=\"color: #5f497a;\"><span style=\"font-size: large;\">113<\/span><\/span><\/p>\n<\/td>\n<\/tr>\n<\/tbody>\n<\/table>\n<p align=\"JUSTIFY\"><span style=\"font-size: medium;\"><b>Ricoveri <\/b><\/span><\/p>\n<p align=\"JUSTIFY\"><span style=\"font-size: medium;\"><i>(dato alle ore 17.00 fonte: Azienda Zero) <\/i><\/span><span style=\"font-size: medium;\">Le persone attualmente POSITIVE ricoverate negli ospedali dell\u2019Ulss Dolomiti sono:<\/span><\/p>\n<table border=\"1\" width=\"652\" frame=\"HSIDES\" rules=\"GROUPS\" cellspacing=\"0\" cellpadding=\"7\">\n<tbody>\n<tr valign=\"TOP\">\n<td width=\"203\"><\/td>\n<td width=\"203\">\n<p align=\"JUSTIFY\"><span style=\"color: #365f91;\"><span style=\"font-size: medium;\"><b>Area NON CRITICA<\/b><\/span><\/span><\/p>\n<\/td>\n<td width=\"203\">\n<p align=\"JUSTIFY\"><span style=\"color: #365f91;\"><span style=\"font-size: medium;\"><b>Terapia Intensiva<\/b><\/span><\/span><\/p>\n<\/td>\n<\/tr>\n<\/tbody>\n<tbody>\n<tr valign=\"TOP\">\n<td bgcolor=\"#d3dfee\" width=\"203\">\n<p align=\"JUSTIFY\"><span style=\"color: #365f91;\"><span style=\"font-size: medium;\"><b>Ospedale San Martino BELLUNO<\/b><\/span><\/span><\/p>\n<\/td>\n<td bgcolor=\"#d3dfee\" width=\"203\">\n<p align=\"CENTER\"><span style=\"color: #365f91;\"><span style=\"font-size: medium;\">40<\/span><\/span><\/p>\n<\/td>\n<td bgcolor=\"#d3dfee\" width=\"203\">\n<p align=\"CENTER\"><span style=\"color: #365f91;\"><span style=\"font-size: medium;\">2<\/span><\/span><\/p>\n<\/td>\n<\/tr>\n<tr valign=\"TOP\">\n<td width=\"203\">\n<p align=\"JUSTIFY\"><span style=\"color: #365f91;\"><span style=\"font-size: medium;\"><b>Ospedale Santa Maria Del Prato &#8211; FELTRE<\/b><\/span><\/span><\/p>\n<\/td>\n<td width=\"203\">\n<p align=\"CENTER\"><span style=\"color: #365f91;\"><span style=\"font-size: medium;\">18<\/span><\/span><\/p>\n<\/td>\n<td width=\"203\"><span style=\"color: #365f91;\"><span style=\"font-size: medium;\"> 0<\/span><\/span><\/td>\n<\/tr>\n<\/tbody>\n<\/table>\n<p align=\"JUSTIFY\"><span style=\"font-size: medium;\">Le persone attualmente POSITIVE ricoverate in Ospedale di Comunit\u00e0 sono:<\/span><\/p>\n<table border=\"1\" width=\"652\" frame=\"HSIDES\" rules=\"GROUPS\" cellspacing=\"0\" cellpadding=\"7\">\n<tbody>\n<tr valign=\"TOP\">\n<td width=\"312\"><\/td>\n<td width=\"312\">\n<p align=\"JUSTIFY\"><span style=\"color: #76923c;\"><span style=\"font-size: medium;\"><b>pazienti attualmente positivi<\/b><\/span><\/span><\/p>\n<\/td>\n<\/tr>\n<\/tbody>\n<tbody>\n<tr valign=\"TOP\">\n<td bgcolor=\"#e6eed5\" width=\"312\">\n<p align=\"JUSTIFY\"><span style=\"color: #76923c;\"><span style=\"font-size: medium;\"><b>Ospedale di comunit\u00e0 ALANO<\/b><\/span><\/span><\/p>\n<\/td>\n<td bgcolor=\"#e6eed5\" width=\"312\">\n<p align=\"CENTER\"><span style=\"color: #76923c;\"><span style=\"font-size: medium;\">4<\/span><\/span><\/p>\n<\/td>\n<\/tr>\n<tr valign=\"TOP\">\n<td bgcolor=\"#e6eed5\" width=\"312\">\n<p align=\"JUSTIFY\"><span style=\"color: #76923c;\"><span style=\"font-size: medium;\"><b>Ospedale di Comunit\u00e0 FELTRE<\/b><\/span><\/span><\/p>\n<\/td>\n<td bgcolor=\"#e6eed5\" width=\"312\">\n<p align=\"CENTER\"><span style=\"color: #76923c;\"><span style=\"font-size: medium;\">13<\/span><\/span><\/p>\n<\/td>\n<\/tr>\n<\/tbody>\n<\/table>\n<p>&nbsp;<\/p>\n<p><span style=\"font-size: medium;\"><b>Ospedali Distretto di Belluno <\/b><\/span><span style=\"font-size: medium;\">E\u2019 in corso di graduale riattivazione l\u2019attivit\u00e0 della Chirurgia\/Urologia dell\u2019Ospedale San Martino di Belluno. <\/span><b style=\"font-size: medium;\">Ospedali Distretto di Feltre <\/b><span style=\"font-size: medium;\">Sono stati riattivati i ricoveri in Medicina al 5\u00b0 Piano dell\u2019Ospedale. <\/span><span style=\"font-size: medium;\"><b>Dipartimento di Prevenzione <\/b><\/span><span style=\"font-size: medium;\">Ha preso il via\u00a0 la nuova operativit\u00e0 dei drive-in tamponi con la disponibilit\u00e0 del covid point h 24 a Belluno (dalle 7.00 alle 19.00 a Sagrogna; dalle 19.00 alle 7.00 nell\u2019area esterna dell\u2019ospedale San Martino nei pressi del PS Covid) e il potenziamento dell\u2019offerta a Tai di Cadore. <\/span><span style=\"font-size: medium;\"><b>Nella sola mattinata<\/b><\/span><span style=\"font-size: medium;\"> di ieri sono stati eseguiti 649 tamponi in modalit\u00e0 drive-in tra Belluno, Feltre e una sessione aggiuntiva svoltasi a Cortina. Nel pomeriggio, oltre al drive in di Belluno (Sagrogna fino alle 19.00 \u2013 19-7 al San Martino), sono attivi i drive-in di Tai e Agordo dalle 16.00 alle 18.00. <\/span><span style=\"font-size: medium;\">Per velocizzare la presa in carico dei positivi da parte dell\u2019unit\u00e0 di crisi, si informa che sar\u00e0 operativo un team di medici che si occuper\u00e0 di contattare le persone risultate positive al tampone molecolare per la comunicazione di positivit\u00e0 e le indicazioni sui comportamenti da tenere durante la quarantena. Inoltre, saranno indicati i criteri di definizione dei contatti stretti e sar\u00e0 raccomandato a ciascun positivo di compilare un elenco con tali persone. Sar\u00e0 inoltre raccomandato ad ogni persona positiva di allertare i propri contatti stretti e di avvisarli di rimanere in isolamento fino alla chiamata del Dipartimento di Prevenzione per il proseguimento dell\u2019indagine epidemiologica. Le chiamate si prolungheranno fino alle 22 per consentire una presa in carico pi\u00f9 rapida, in considerazione delle numerose nuove positivit\u00e0 che emergono ogni giorno.<\/span><\/p>\n<p>&nbsp;<\/p>\n<hr \/>\n<p>&nbsp;<\/p>\n<blockquote>\n<h3>MAPPA DEL CONTAGIO: A CORTINA\u00a0 TRISTE RECORD DI POSITIVI (179) E PERSONE IN ISOLAMENTO (137)<\/h3>\n<\/blockquote>\n<p><strong><img loading=\"lazy\" decoding=\"async\" class=\"alignleft\" src=\"https:\/\/www.radiopiu.net\/wordpress\/wp-content\/uploads\/2019\/02\/prefettura.jpeg\" width=\"256\" height=\"128\" \/>BELLUNO<\/strong> Si \u00e8 tenuta nel pomeriggio\u00a0 di ieri una riunione del Comitato Provinciale per l\u2019Ordine e la Sicurezza Pubblica, presieduto dal Prefetto, Adriana Cogode. L\u2019incontro si \u00e8 reso necessario alla luce dei dati inerenti alla diffusione del contagio da COVID \u2013 19 che fanno registrare, nei comuni indicati, un significativo numero di persone positive. La situazione alle\u00a0 8 di ieri: \u00a0BELLUNO: 90 persone positive e 106 in quarantena \u00a0CORTINA: 179 -137\u00a0 PONTE NELLE ALPI: 92-43\u00a0 PIEVE DI CADORE: 82-25 FELTRE: 58 -76 SAN VITO DI CADORE: 57 &#8211; 38 SANTO STEFANO DI CADORE: 53-19 SANTA GIUSTINA: 41-29 SAN PIETRO DI CADORE: 31 &#8211; 17\u00a0 COMELICO SUPERIORE: 32- 13\u00a0 SEDICO: 25- 34 VODO DI CADORE: 25 &#8211; 6 AURONZO DI CADORE: 22- 13 CALALZO DI CADORE: 19- 15 \u00a0DANTA DI CADORE: 12- 3, Non sono emerse particolari criticit\u00e0. I Sindaci hanno comunque assicurato la loro disponibilit\u00e0 ad attivare le strutture comunali di protezione civile, laddove necessario per assistere la popolazione. Il Direttore Generale della ULSS1 ha promesso l\u2019ulteriore ampliamento del servizio di screening mediante tampone. Prosegue\u00a0 il monitoraggio della situazione anche sotto l\u2019aspetto di eventuali disagi, allo scopo di garantire un assiduo e stretto raccordo istituzionale nell\u2019esame delle criticit\u00e0 che dovessero insorgere. Al contempo, continueranno le verifiche da parte delle Forze di Polizia.<\/p>\n<p>&nbsp;<\/p>\n<hr \/>\n<p>&nbsp;<\/p>\n<p>&nbsp;<\/p>\n<blockquote>\n<h2>LA SCUOLA TEMA PRINCIPALE DELL&#8217;INCONTRO DI IERI MATTINA IN PREFETTURA<\/h2>\n<\/blockquote>\n<p><strong><a class=\"dt-pswp-item\" href=\"https:\/\/www.radiopiu.net\/wordpress\/wp-content\/uploads\/2020\/04\/PREFETTURA-BELLUNO.jpeg\" data-dt-img-description=\"\" data-large_image_width=\"384\" data-large_image_height=\"384\"><img loading=\"lazy\" decoding=\"async\" class=\" wp-image-133575 alignleft\" src=\"https:\/\/www.radiopiu.net\/wordpress\/wp-content\/uploads\/2020\/04\/PREFETTURA-BELLUNO-300x300.jpeg\" alt=\"\" width=\"159\" height=\"159\" srcset=\"https:\/\/www.radiopiu.net\/wordpress\/wp-content\/uploads\/2020\/04\/PREFETTURA-BELLUNO-300x300.jpeg 300w, https:\/\/www.radiopiu.net\/wordpress\/wp-content\/uploads\/2020\/04\/PREFETTURA-BELLUNO-150x150.jpeg 150w, https:\/\/www.radiopiu.net\/wordpress\/wp-content\/uploads\/2020\/04\/PREFETTURA-BELLUNO.jpeg 384w\" sizes=\"auto, (max-width: 159px) 100vw, 159px\" \/><\/a>BELLUNO<\/strong> Nell&#8217;incontro di ieri mattina in Prefettura, convocato dal Prefetto Adriana Cogode l&#8217;attenzione \u00e8 stata incentrata sul tema della scuola sia con riferimento alla didattica digitale a distanza integrata, ma \u00e8 stato anche affrontato il tema dei trasporti con eventuale rimodulazione degli orari di ingresso e uscita degli studenti per evitare\u00a0 assembramenti, con inizio delle lezioni non prima delle ore 9. Non sono emerse criticit\u00e0 particolari afferenti al settore del <strong>trasporto pubblico locale<\/strong> la cui organizzazione, secondo quanto rappresentato dall\u2019amministratore di Dolomitibus, \u00e8 sinora riuscita a garantire il rispetto dei limiti di capienza,\u00a0 ferme restando le valutazioni di competenza dell\u2019autorit\u00e0 scolastica regionale, non \u00e8 quindi stata ravvisata l\u2019esigenza di introdurre modifiche agli orari delle lezioni degli istituti superiori\u00a0\u00a0 Per quel che concerne, invece, la <strong>didattica a distanza,<\/strong> \u00e8 emersa l\u2019opportunit\u00e0 di introdurre un sistema che, tenendo in debita considerazione le peculiarit\u00e0 di ciascun istituto, possa favorire l\u2019alternanza \u2013 sfalsata tra le varie classi \u2013 tra una settimana di lezione in presenza e periodi plurisettimanali di didattica digitale.<\/p>\n<blockquote><p><em>Il Prefetto ha assicurato che continuer\u00e0 a seguire la questione con la massima attenzione, in stretta sinergia con tutti gli altri soggetti a vario titolo competenti, tenuto conto che la stessa non riguarda solo le istituzioni scolastiche ma, pi\u00f9 in generale, la corretta attuazione delle misure di prevenzione dal contagio, con particolare riguardo alla cruciale necessit\u00e0 di evitare le aggregazioni incontrollate di persone.<\/em><\/p><\/blockquote>\n<blockquote><p>&nbsp;<\/p><\/blockquote>\n<p>&nbsp;<\/p>\n<p>&nbsp;<\/p>\n<p>\u200b<\/p>\n<hr \/>\n<p>&nbsp;<\/p>\n<blockquote>\n<h2>CASE DI RIPOSO AL COLLASSO PER LA MANCANZA DI PERSONALE<\/h2>\n<\/blockquote>\n<p><strong><span style=\"color: #000000; font-family: Helvetica;\">Le Federazioni regionali del Pubblico impiego di Cgil, Cisl, Uil con la Fisascat Cisl hanno chiesto un incontro urgente all\u2019assessore regionale alla Sanit\u00e0 Manuela Lanzarin che non ha ancora risposto.<\/span><\/strong><\/p>\n<p><strong><a class=\"dt-pswp-item\" href=\"https:\/\/www.radiopiu.net\/wordpress\/wp-content\/uploads\/2020\/09\/Mario-De-Boni.jpeg\" data-dt-img-description=\"\" data-large_image_width=\"900\" data-large_image_height=\"1600\"><img loading=\"lazy\" decoding=\"async\" class=\"size-medium wp-image-162992 alignleft\" src=\"https:\/\/www.radiopiu.net\/wordpress\/wp-content\/uploads\/2020\/09\/Mario-De-Boni-169x300.jpeg\" alt=\"\" width=\"169\" height=\"300\" srcset=\"https:\/\/www.radiopiu.net\/wordpress\/wp-content\/uploads\/2020\/09\/Mario-De-Boni-169x300.jpeg 169w, https:\/\/www.radiopiu.net\/wordpress\/wp-content\/uploads\/2020\/09\/Mario-De-Boni-576x1024.jpeg 576w, https:\/\/www.radiopiu.net\/wordpress\/wp-content\/uploads\/2020\/09\/Mario-De-Boni-768x1365.jpeg 768w, https:\/\/www.radiopiu.net\/wordpress\/wp-content\/uploads\/2020\/09\/Mario-De-Boni-864x1536.jpeg 864w, https:\/\/www.radiopiu.net\/wordpress\/wp-content\/uploads\/2020\/09\/Mario-De-Boni-270x480.jpeg 270w, https:\/\/www.radiopiu.net\/wordpress\/wp-content\/uploads\/2020\/09\/Mario-De-Boni.jpeg 900w\" sizes=\"auto, (max-width: 169px) 100vw, 169px\" \/><\/a>BELLUNO<\/strong> <span style=\"color: #000000; font-family: Helvetica;\">Case di riposo della provincia in grave difficolt\u00e0 per mancanza di personale.<em> \u201cGli istituti- spiega Mario De Boni (foto), segretario della Federazione del pubblico impiego della Cisl territoriale &#8211; sono in grave sofferenza, perch\u00e8 oltre alla carenza strutturale di personale, con tantissimi operatori e infermieri che nel corso degli ultimi anni sono andati a lavorare alla Ulss, attratti da un contratto migliore, in questi giorni ci sono anche tanti lavoratori risultati positivi al Covid, dunque a casa. Basti pensare ai casi di Cortina e di Ponte nelle Alpi, con pi\u00f9 della met\u00e0 degli operatori contagiati\u201d. <\/em><\/span><span style=\"color: #000000; font-family: Helvetica;\">Secondo le stime della Fp della Cisl, nell\u2019attuale stato emergenziale sono<b> oltre un centinaio gli operatori socio-sanitari e gli infermieri mancanti<\/b> per garantire il necessario servizio di assistenza nelle 31 case di riposo della provincia. Nei prossimi due anni, la necessit\u00e0 &#8211; fra case di riposo e ospedali &#8211; sar\u00e0 di 350 Oss in pi\u00f9 rispetto ad oggi e di 200 infermieri, considerando anche lo sviluppo della medicina territoriale. <\/span><em><span style=\"color: #000000; font-family: Helvetica;\">\u201cSi stanno mettendo in campo collaborazioni fra strutture &#8211; spiega De Boni &#8211; e la stessa Ulss sta cercando di supportare le case di riposo, ma ricordiamo che anche gli ospedali sono in seria difficolt\u00e0, perch\u00e9 devono garantire l\u2019assistenza ai malati di Covid, il sostegno alle case di riposo e il mantenimento dell\u2019attivit\u00e0 non procrastinabile\u201d. <\/span><\/em><span style=\"color: #000000; font-family: Helvetica;\">La richiesta della Cisl Fp: una regia unica della Regione che si deve fare carico del problema, trovando delle nuove modalit\u00e0 per l\u2019assunzione di infermieri e Oss destinati alle case di riposo, con un contratto dignitoso, paragonabile a quello nazionale della Sanit\u00e0. .<\/span><\/p>\n<p><strong>MARIO DE BONI, DALLA RASSEGNA STAMPA DELLE OTTO<\/strong><\/p>\n<audio class=\"wp-audio-shortcode\" id=\"audio-168495-3\" preload=\"none\" style=\"width: 100%;\" controls=\"controls\"><source type=\"audio\/mpeg\" src=\"https:\/\/www.radiopiu.net\/wordpress\/wp-content\/uploads\/2020\/10\/mario-de-boni.mp3?_=3\" \/><a href=\"https:\/\/www.radiopiu.net\/wordpress\/wp-content\/uploads\/2020\/10\/mario-de-boni.mp3\">https:\/\/www.radiopiu.net\/wordpress\/wp-content\/uploads\/2020\/10\/mario-de-boni.mp3<\/a><\/audio>\n<p>&nbsp;<\/p>\n<p>&nbsp;<\/p>\n<hr \/>\n<blockquote>\n<h3>DPCM, MISURE ALTO ADIGE, BOND (FI): \u00abLO STATO NELLO STATO COLPISCE ANCORA. BASTA ALLA CONCORRENZA SLEALE\u00bb<\/h3>\n<\/blockquote>\n<p><strong><a class=\"dt-pswp-item\" href=\"https:\/\/www.radiopiu.net\/wordpress\/wp-content\/uploads\/2020\/07\/BOND-ROMA.jpg\" data-dt-img-description=\"\" data-large_image_width=\"640\" data-large_image_height=\"640\"><img loading=\"lazy\" decoding=\"async\" class=\" wp-image-149602 alignleft\" src=\"https:\/\/www.radiopiu.net\/wordpress\/wp-content\/uploads\/2020\/07\/BOND-ROMA-300x300.jpg\" alt=\"\" width=\"247\" height=\"247\" srcset=\"https:\/\/www.radiopiu.net\/wordpress\/wp-content\/uploads\/2020\/07\/BOND-ROMA-300x300.jpg 300w, https:\/\/www.radiopiu.net\/wordpress\/wp-content\/uploads\/2020\/07\/BOND-ROMA-150x150.jpg 150w, https:\/\/www.radiopiu.net\/wordpress\/wp-content\/uploads\/2020\/07\/BOND-ROMA.jpg 640w\" sizes=\"auto, (max-width: 247px) 100vw, 247px\" \/><\/a>ROMA\u00a0<\/strong>\u00abCosa possono fare gli inermi baristi e ristoratori di tutti quei territori bellunesi confinanti con l\u2019Alto Adige? Niente. Di qua dal confine saranno costretti a chiudere alle 18 e rispettare il coprifuoco previsto dall\u2019ultimo Dpcm, dall\u2019altra parte invece faranno come vogliono, lavorando fino alle 22\u00bb. Lo dice in una nota il deputato di Forza Italia Dario Bond, intervenendo sulla nuova ordinanza provinciale firmata dal governatore altoatesino Kompatscher, che lascia aperti i bar fino alle 20 e i ristoranti fino alle 22, oltre a limitare l\u2019uso della didattica a distanza.\u00a0\u00abUno schiaffo alle regole. Se \u00e8 vero che tutti dobbiamo rispettare il Dpcm per la salute collettiva, non \u00e8 tollerabile che Bolzano faccia &#8211; come sempre &#8211; quello che vuole. Nella Provincia autonoma il virus pu\u00f2 circolare liberamente fino alle 22? Pensiamo alla concorrenza sleale nei confronti dei ristoratori di Cortina, di Arabba, di altre localit\u00e0 bellunesi di confine, costretti a chiudere alle 18, mentre i loro competitor, a qualche chilometro di distanza, possono continuare a lavorare. Lo Stato nello Stato ancora una volta colpisce e crea danni enormi\u00bb.<\/p>\n<p>&nbsp;<\/p>\n<hr \/>\n<p>&nbsp;<\/p>\n<blockquote>\n<h3>CONFARTIGIANATO BOCCIA IL GOVERNO PER LE\u00a0 SCORRETTE PENALIZZAZIONI E ATTENDE SEGNALI IN TERMINI DI SUPPORTO<\/h3>\n<\/blockquote>\n<p><strong><a class=\"dt-pswp-item\" href=\"https:\/\/www.radiopiu.net\/wordpress\/wp-content\/uploads\/2020\/06\/pasticceria-giocoebenessere3.jpg\" data-dt-img-description=\"\" data-large_image_width=\"800\" data-large_image_height=\"533\"><img loading=\"lazy\" decoding=\"async\" class=\" wp-image-142496 alignleft\" src=\"https:\/\/www.radiopiu.net\/wordpress\/wp-content\/uploads\/2020\/06\/pasticceria-giocoebenessere3-300x200.jpg\" alt=\"\" width=\"185\" height=\"123\" srcset=\"https:\/\/www.radiopiu.net\/wordpress\/wp-content\/uploads\/2020\/06\/pasticceria-giocoebenessere3-300x200.jpg 300w, https:\/\/www.radiopiu.net\/wordpress\/wp-content\/uploads\/2020\/06\/pasticceria-giocoebenessere3-768x512.jpg 768w, https:\/\/www.radiopiu.net\/wordpress\/wp-content\/uploads\/2020\/06\/pasticceria-giocoebenessere3.jpg 800w\" sizes=\"auto, (max-width: 185px) 100vw, 185px\" \/><\/a>BELLUNO<\/strong> <span style=\"font-family: Helvetica;\">Tutto chiuso dopo le 18 per bar, pub,\u00a0 ristoranti e pasticcerie. <\/span><span style=\"font-family: Helvetica;\">Inevitabili\u00a0 le ripercussioni su un settore gi\u00e0 messo a dura prova dal lockdown della scorsa primavera. Cos\u00ec come sono inevitabili i timori, manifestati a chiare lettere da Cristiano Gaggion, a capo dei produttori dolciari di Confartigianato: <em>\u00abNon riesco a capire la logica secondo la quale la grande distribuzione \u00e8 legittimata a proseguire nelle sua attivit\u00e0, anche oltre le 18, e noi no. Se non in termini di asporto. \u00c8 scorretto nei confronti delle realt\u00e0 artigiane\u00bb. Il Governo ha garantito ristori economici: \u00abUn supporto \u00e8 necessario e ce lo auguriamo. Ma, in questo senso, non abbiamo alcuna certezza\u00bb.\u00a0 <\/em><\/span><span style=\"font-family: Helvetica;\">Salvare le festivit\u00e0 natalizie diventa ora prioritario: <em>\u00abCi avviciniamo a un periodo estremamente importante per il fatturato &#8211; prosegue Gaggion -. Gi\u00e0 siamo stati costretti a chiudere a Pasqua, non vorremmo che la storia si ripetesse pure a Natale. Anche perch\u00e9 diverse aziende sono in sofferenza, tra mutui e decine di dipendenti a carico. Auspico arrivi presto un segnale chiaro in termini di supporto\u00bb.\u00a0\u00a0<\/em><\/span><\/p>\n<p>&nbsp;<\/p>\n<hr \/>\n<p>&nbsp;<\/p>\n<blockquote>\n<h3>ARREDAMONT SPOSTATA A NATALE\u2026 OCCASIONE PER LE FESTIVITA\u2019 DI FINE ANNO<\/h3>\n<\/blockquote>\n<blockquote><p><i><b>Il rammarico \u00e8 evidente, ma un riposizionamento pu\u00f2 essere l\u2019occasione per nuove iniziative legate alle festivit\u00e0 di fine anno.<\/b><\/i><\/p><\/blockquote>\n<p><strong><a class=\"dt-pswp-item\" href=\"https:\/\/www.radiopiu.net\/wordpress\/wp-content\/uploads\/2020\/10\/A0C0073.jpg\" data-dt-img-description=\"\" data-large_image_width=\"1200\" data-large_image_height=\"655\"><img loading=\"lazy\" decoding=\"async\" class=\"size-medium wp-image-168735 alignleft\" src=\"https:\/\/www.radiopiu.net\/wordpress\/wp-content\/uploads\/2020\/10\/A0C0073-300x164.jpg\" alt=\"\" width=\"300\" height=\"164\" srcset=\"https:\/\/www.radiopiu.net\/wordpress\/wp-content\/uploads\/2020\/10\/A0C0073-300x164.jpg 300w, https:\/\/www.radiopiu.net\/wordpress\/wp-content\/uploads\/2020\/10\/A0C0073-1024x559.jpg 1024w, https:\/\/www.radiopiu.net\/wordpress\/wp-content\/uploads\/2020\/10\/A0C0073-768x419.jpg 768w, https:\/\/www.radiopiu.net\/wordpress\/wp-content\/uploads\/2020\/10\/A0C0073.jpg 1200w\" sizes=\"auto, (max-width: 300px) 100vw, 300px\" \/><\/a>LONGARONE<\/strong>\u00a0 Il Presidente di Longarone Fiere Dolomiti, Gian Angelo Bellati sottolinea come \u201c<i>con estremo rammarico dobbiamo posticipare la fiera di Arredamont. Abbiamo investito molti soldi per garantire la sicurezza e la salute dei nostri espositori e visitatori, ma inutilmente a causa di un decreto che ci mette in estrema difficolt\u00e0 e provoca ingenti danni economici. <\/i><i>La cosa che ancor pi\u00f9 ci rattrista \u00e8 la totale mancanza di programmazione e strategia che questo dpcm dimostra, dato che solo una settimana prima, con il precedente dpcm, era stata consentita la possibilit\u00e0 di realizzare la fiera, dandoci quindi il via a importanti spese ed investimenti. <\/i><i>Auspichiamo che il Governo <\/i><i>sappia affrontare l\u2019emergenza economica tanto quanto quella sanitaria<\/i><i> mettendo subito a disposizione i necessari e cospicui finanziamenti a fondo perduto indispensabili per compensare le enormi perdite generate da decisioni imprevedibili che danno l\u2019idea della totale \u2018non comprensione\u2019 del nostro settore. <\/i><i>Segnaliamo anche, che fino ad oggi, nulla o quasi nulla \u00e8 stato previsto dal Governo per dare un concreto aiuto al settore fieristico in un momento di cos\u00ec grave difficolt\u00e0. <\/i><i>Nonostante le motivate richieste di aiuto, il Governo non \u00e8 intervenuto in nostro favore mettendo a rischio di sopravvivenza tutto il sistema fieristico italiano. Aiuti importanti, al contrario, vengono erogati dai Governi stranieri ai propri sistemi fieristici causando cos\u00ec ancora pi\u00f9 difficolt\u00e0 al nostro sistema fieristico; una situazione \u2018non equa\u2019 che ci rende impossibile competere sotto tutti i profili rischiando di farci cadere in una \u2018voragine\u2019 da cui ben difficilmente si riuscir\u00e0 a risalire con il rischio di porgere il fianco ad eventuali acquisizioni da parte di enti fieristici stranieri<\/i>\u201d.<\/p>\n<p>&nbsp;<\/p>\n<p>&nbsp;<\/p>\n<p>&nbsp;<\/p>\n<hr \/>\n<p>&nbsp;<\/p>\n<blockquote>\n<h3>L&#8217;ASSESSORE CANER CHIEDE LO STATO DI CRISI PER IL SETTORE TURISMO<\/h3>\n<\/blockquote>\n<p class=\"western\"><strong><a class=\"dt-pswp-item\" href=\"https:\/\/www.radiopiu.net\/wordpress\/wp-content\/uploads\/2020\/06\/FEDERICO-CANER-conf.-stampa-2.jpg\" data-dt-img-description=\"\" data-large_image_width=\"1600\" data-large_image_height=\"1200\"><img loading=\"lazy\" decoding=\"async\" class=\" wp-image-143995 alignleft\" src=\"https:\/\/www.radiopiu.net\/wordpress\/wp-content\/uploads\/2020\/06\/FEDERICO-CANER-conf.-stampa-2-300x225.jpg\" alt=\"\" width=\"204\" height=\"153\" srcset=\"https:\/\/www.radiopiu.net\/wordpress\/wp-content\/uploads\/2020\/06\/FEDERICO-CANER-conf.-stampa-2-300x225.jpg 300w, https:\/\/www.radiopiu.net\/wordpress\/wp-content\/uploads\/2020\/06\/FEDERICO-CANER-conf.-stampa-2-1024x768.jpg 1024w, https:\/\/www.radiopiu.net\/wordpress\/wp-content\/uploads\/2020\/06\/FEDERICO-CANER-conf.-stampa-2-768x576.jpg 768w, https:\/\/www.radiopiu.net\/wordpress\/wp-content\/uploads\/2020\/06\/FEDERICO-CANER-conf.-stampa-2-1536x1152.jpg 1536w, https:\/\/www.radiopiu.net\/wordpress\/wp-content\/uploads\/2020\/06\/FEDERICO-CANER-conf.-stampa-2.jpg 1600w\" sizes=\"auto, (max-width: 204px) 100vw, 204px\" \/><\/a>VENEZIA<\/strong><em> \u201cSono al fianco degli operatori dei settori del turismo e dell\u2019agroalimentare duramente colpiti dal nuovo Dpcm. Spiace che il ministro Dario Franceschini abbia speso parole, certamente legittime, solo a favore del mondo del teatro e del cinema, ma non abbia detto nulla sul settore del turismo che da solo produce il 13% del Pil nazionale\u201d.<\/em> A dirlo \u00e8 l\u2019assessore al Turismo e all\u2019Agricoltura Federico Caner. Periodo nero \u00a0anche per il settore termale: gli stabilimenti italiani e veneti hanno ricevuto numerose disdette da parte dei clienti. <em>\u201cAccolgo anche l\u2019appello di Federalberghi Terme per ribadire a tutti che le terme sono aperte e sono un luogo sicuro. \u2013 interviene Caner \u2013 Molti sono gli italiani caduti nel malinteso di credere che le nuove misure di contenimento da Covid-19 abbiano sancito la chiusura delle terme. Non \u00e8 cos\u00ec. Gli stabilimenti con presidio sanitario, che sono la stragrande maggioranza delle terme venete, possono continuare a offrire i propri servizi\u201d. <\/em>La richiesta dell\u2019assessore Caner: lo stato di crisi\u00a0 e misure urgenti di sostegno.<\/p>\n<p>&nbsp;<\/p>\n<hr \/>\n<p>&nbsp;<\/p>\n<blockquote>\n<h3>RISTORANTI E BAR CHIUSI ALLE 18. UNCEM: &#8220;NEI PICCOLI COMUNI E NELLE ZONE MONTANE NON CI SONO MAI STATI PROBLEMI DI ASSEMBRAMENTI.<\/h3>\n<\/blockquote>\n<p><strong>ROMA<\/strong>\u00a0<em> &#8220;Il blocco della ristorazione, dei bar, dei pub, delle gelaterie, delle pasticcerie dopo le 18 va rivisto con urgenza<strong>.<\/strong> Sbloccato, soprattutto per i Comuni piccoli e i territori montani, dove queste attivit\u00e0 rappresentano in moltissimi casi l&#8217;unico presidio economico, insieme a uno o pochi negozi di alimentari. <\/em>Lo chiedonoTiziano Maffezzini, Presidente Uncem Lombardia, Vincenzo Luciano, Presidente Uncem Campania, e Marco Bussone, Presidente Uncem nazionale. Bar e ristoranti nei Comuni delle Alpi e degli Appennini hanno saputo negli ultimi mesi riorganizzare afflussi e accessi, produzione e somministrazione. Non andavano bloccati alle 18. <em>&#8220;Si riveda il sistema di chiusure, portandole almeno alle ore 22. I ristoratori e i gestori dei bar hanno gi\u00e0 fortemente limitato sedute e posti. Stavano prendendo un assetto che oggi subisce un brusco arresto. Chiediamo al Governo di rivedere con Regioni ed Enti locali il limite delle ore 18&#8221;.<\/em><\/p>\n<hr \/>\n<p>&nbsp;<\/p>\n<blockquote>\n<h3>IL DPCM INPONE ANCHE NUOVE FASCE ORARIE, SUCCEDE IN PIAZZA LIBERTA&#8217;<\/h3>\n<\/blockquote>\n<p><a class=\"dt-pswp-item\" href=\"https:\/\/www.radiopiu.net\/wordpress\/wp-content\/uploads\/2020\/10\/WhatsApp-Image-2020-10-26-at-17.51.01.jpeg\" data-dt-img-description=\"\" data-large_image_width=\"1600\" data-large_image_height=\"1200\"><img loading=\"lazy\" decoding=\"async\" class=\"size-medium wp-image-168727 alignleft\" src=\"https:\/\/www.radiopiu.net\/wordpress\/wp-content\/uploads\/2020\/10\/WhatsApp-Image-2020-10-26-at-17.51.01-300x225.jpeg\" alt=\"\" width=\"300\" height=\"225\" srcset=\"https:\/\/www.radiopiu.net\/wordpress\/wp-content\/uploads\/2020\/10\/WhatsApp-Image-2020-10-26-at-17.51.01-300x225.jpeg 300w, https:\/\/www.radiopiu.net\/wordpress\/wp-content\/uploads\/2020\/10\/WhatsApp-Image-2020-10-26-at-17.51.01-1024x768.jpeg 1024w, https:\/\/www.radiopiu.net\/wordpress\/wp-content\/uploads\/2020\/10\/WhatsApp-Image-2020-10-26-at-17.51.01-768x576.jpeg 768w, https:\/\/www.radiopiu.net\/wordpress\/wp-content\/uploads\/2020\/10\/WhatsApp-Image-2020-10-26-at-17.51.01-1536x1152.jpeg 1536w, https:\/\/www.radiopiu.net\/wordpress\/wp-content\/uploads\/2020\/10\/WhatsApp-Image-2020-10-26-at-17.51.01.jpeg 1600w\" sizes=\"auto, (max-width: 300px) 100vw, 300px\" \/><\/a><\/p>\n<p>&nbsp;<\/p>\n<p><strong>AGORDO <\/strong>Ecco Gabriele Rossini, dall&#8217;esercito a imprenditore in un settore in cui \u00e8 appassionato. Il DPCM influisce sulla sua attivit\u00e0 al punto che ha deciso di cambiare orario. A proposito&#8230; oggi alle 15,10 presentiamo la mostra di Ottavio Rossi che trover\u00e0 spazio nel nuovo locale di Piazza Libert\u00e0<\/p>\n<p><strong>DI GIANNI SANTOMASO<\/strong><\/p>\n<audio class=\"wp-audio-shortcode\" id=\"audio-168495-4\" preload=\"none\" style=\"width: 100%;\" controls=\"controls\"><source type=\"audio\/mpeg\" src=\"https:\/\/www.radiopiu.net\/wordpress\/wp-content\/uploads\/2020\/10\/gianni.mp3?_=4\" \/><a href=\"https:\/\/www.radiopiu.net\/wordpress\/wp-content\/uploads\/2020\/10\/gianni.mp3\">https:\/\/www.radiopiu.net\/wordpress\/wp-content\/uploads\/2020\/10\/gianni.mp3<\/a><\/audio>\n<p>&nbsp;<\/p>\n<p>&nbsp;<\/p>\n<p>&nbsp;<\/p>\n<hr \/>\n<blockquote>\n<h3>ANNULLATA L&#8217;EDIZIONE 2020 DI RIVA NADAL<\/h3>\n<\/blockquote>\n<p><strong><a class=\"dt-pswp-item\" href=\"https:\/\/www.radiopiu.net\/wordpress\/wp-content\/uploads\/2018\/07\/rivamonte.jpg\" data-dt-img-description=\"\" data-large_image_width=\"259\" data-large_image_height=\"194\"><img loading=\"lazy\" decoding=\"async\" class=\"size-full wp-image-54941 alignleft\" src=\"https:\/\/www.radiopiu.net\/wordpress\/wp-content\/uploads\/2018\/07\/rivamonte.jpg\" alt=\"\" width=\"259\" height=\"194\" \/><\/a>RIVAMONTE<\/strong> La Pro Loco di Rivamonte ha dovuto gettare la spugna. Quest&#8217;anno niente mercatini di Natale. Riva Nadal \u00e8 stata rinviata al prossimo anno, ma la Pro Loco di Rivamonte non sta con le mani in mano, Giacomo Bressan, presidente della Pro Loco Rivamonte ci spiega perch\u00e9.<\/p>\n<audio class=\"wp-audio-shortcode\" id=\"audio-168495-5\" preload=\"none\" style=\"width: 100%;\" controls=\"controls\"><source type=\"audio\/mpeg\" src=\"https:\/\/www.radiopiu.net\/wordpress\/wp-content\/uploads\/2020\/10\/GIACOMO-BRESSAN-RIVA-NADAL.mp3?_=5\" \/><a href=\"https:\/\/www.radiopiu.net\/wordpress\/wp-content\/uploads\/2020\/10\/GIACOMO-BRESSAN-RIVA-NADAL.mp3\">https:\/\/www.radiopiu.net\/wordpress\/wp-content\/uploads\/2020\/10\/GIACOMO-BRESSAN-RIVA-NADAL.mp3<\/a><\/audio>\n<p>&nbsp;<\/p>\n<hr \/>\n<p>&nbsp;<\/p>\n<p>&nbsp;<\/p>\n<p>&nbsp;<\/p>\n<hr \/>\n<blockquote>\n<h3><\/h3>\n<h3>LA MUDA, ORA LA CURA ALL&#8217;ESTETICA<\/h3>\n<\/blockquote>\n<p><strong>LA VALLE\u00a0<\/strong> In localit\u00e0 La Muda dopo i grandi lavori di regimazione delle acque per evitare quanto successo negli ultimi anni, cio\u00e8\u00a0 ruscelli ingrossati e tracimati fino a bloccare la regionale 203 agordina, sono stati piantati tanti alberi da frutti che rendono i pendii esteticamente piacevoli.<\/p>\n<h2><strong>OGGI<\/strong><\/h2>\n\n\t\t\t<style type='text\/css'>\n\t\t\t\t#gallery-1 {\n\t\t\t\t\tmargin: auto;\n\t\t\t\t}\n\t\t\t\t#gallery-1 .gallery-item {\n\t\t\t\t\tfloat: left;\n\t\t\t\t\tmargin-top: 10px;\n\t\t\t\t\ttext-align: center;\n\t\t\t\t\twidth: 33%;\n\t\t\t\t}\n\t\t\t\t#gallery-1 img {\n\t\t\t\t\tborder: 2px solid #cfcfcf;\n\t\t\t\t}\n\t\t\t\t#gallery-1 .gallery-caption {\n\t\t\t\t\tmargin-left: 0;\n\t\t\t\t}\n\t\t\t\t\/* see gallery_shortcode() in wp-includes\/media.php *\/\n\t\t\t<\/style>\n\t\t<div id='gallery-1' class='dt-gallery-container gallery galleryid-168495 gallery-columns-3 gallery-size-thumbnail'><dl class='gallery-item'>\n\t\t\t\t<dt class='gallery-icon landscape'>\n\t\t\t\t\t<a class=\"rollover rollover-zoom dt-pswp-item\" title=\"a8be6d1b-cfb7-4833-b83e-070d105e8bad\" data-dt-img-description=\"\" data-large_image_width=\"1600\" data-large_image_height=\"1198\"href='https:\/\/www.radiopiu.net\/wordpress\/wp-content\/uploads\/2020\/10\/a8be6d1b-cfb7-4833-b83e-070d105e8bad.jpg'><img loading=\"lazy\" decoding=\"async\" width=\"150\" height=\"150\" src=\"https:\/\/www.radiopiu.net\/wordpress\/wp-content\/uploads\/2020\/10\/a8be6d1b-cfb7-4833-b83e-070d105e8bad-150x150.jpg\" class=\"attachment-thumbnail size-thumbnail\" alt=\"\" \/><\/a>\n\t\t\t\t<\/dt><\/dl><dl class='gallery-item'>\n\t\t\t\t<dt class='gallery-icon landscape'>\n\t\t\t\t\t<a class=\"rollover rollover-zoom dt-pswp-item\" title=\"d84a3171-333d-4a4d-a053-011f15024086\" data-dt-img-description=\"\" data-large_image_width=\"1600\" data-large_image_height=\"1198\"href='https:\/\/www.radiopiu.net\/wordpress\/wp-content\/uploads\/2020\/10\/d84a3171-333d-4a4d-a053-011f15024086.jpg'><img loading=\"lazy\" decoding=\"async\" width=\"150\" height=\"150\" src=\"https:\/\/www.radiopiu.net\/wordpress\/wp-content\/uploads\/2020\/10\/d84a3171-333d-4a4d-a053-011f15024086-150x150.jpg\" class=\"attachment-thumbnail size-thumbnail\" alt=\"\" \/><\/a>\n\t\t\t\t<\/dt><\/dl><dl class='gallery-item'>\n\t\t\t\t<dt class='gallery-icon landscape'>\n\t\t\t\t\t<a class=\"rollover rollover-zoom dt-pswp-item\" title=\"c3ef7405-f8ff-4103-be4f-0c68a8590753\" data-dt-img-description=\"\" data-large_image_width=\"1600\" data-large_image_height=\"1198\"href='https:\/\/www.radiopiu.net\/wordpress\/wp-content\/uploads\/2020\/10\/c3ef7405-f8ff-4103-be4f-0c68a8590753.jpg'><img loading=\"lazy\" decoding=\"async\" width=\"150\" height=\"150\" src=\"https:\/\/www.radiopiu.net\/wordpress\/wp-content\/uploads\/2020\/10\/c3ef7405-f8ff-4103-be4f-0c68a8590753-150x150.jpg\" class=\"attachment-thumbnail size-thumbnail\" alt=\"\" \/><\/a>\n\t\t\t\t<\/dt><\/dl><br style=\"clear: both\" \/><dl class='gallery-item'>\n\t\t\t\t<dt class='gallery-icon landscape'>\n\t\t\t\t\t<a class=\"rollover rollover-zoom dt-pswp-item\" title=\"ae466c75-d16b-4755-ba4f-ddff097b30d3\" data-dt-img-description=\"\" data-large_image_width=\"1600\" data-large_image_height=\"1198\"href='https:\/\/www.radiopiu.net\/wordpress\/wp-content\/uploads\/2020\/10\/ae466c75-d16b-4755-ba4f-ddff097b30d3.jpg'><img loading=\"lazy\" decoding=\"async\" width=\"150\" height=\"150\" src=\"https:\/\/www.radiopiu.net\/wordpress\/wp-content\/uploads\/2020\/10\/ae466c75-d16b-4755-ba4f-ddff097b30d3-150x150.jpg\" class=\"attachment-thumbnail size-thumbnail\" alt=\"\" \/><\/a>\n\t\t\t\t<\/dt><\/dl><dl class='gallery-item'>\n\t\t\t\t<dt class='gallery-icon landscape'>\n\t\t\t\t\t<a class=\"rollover rollover-zoom dt-pswp-item\" title=\"c69feb05-a0c1-4d06-b264-d52c21acbdca\" data-dt-img-description=\"\" data-large_image_width=\"1600\" data-large_image_height=\"1198\"href='https:\/\/www.radiopiu.net\/wordpress\/wp-content\/uploads\/2020\/10\/c69feb05-a0c1-4d06-b264-d52c21acbdca.jpg'><img loading=\"lazy\" decoding=\"async\" width=\"150\" height=\"150\" src=\"https:\/\/www.radiopiu.net\/wordpress\/wp-content\/uploads\/2020\/10\/c69feb05-a0c1-4d06-b264-d52c21acbdca-150x150.jpg\" class=\"attachment-thumbnail size-thumbnail\" alt=\"\" \/><\/a>\n\t\t\t\t<\/dt><\/dl><dl class='gallery-item'>\n\t\t\t\t<dt class='gallery-icon landscape'>\n\t\t\t\t\t<a class=\"rollover rollover-zoom dt-pswp-item\" title=\"f00b3c34-f26d-4bb8-acf4-1b5fd8452e4b\" data-dt-img-description=\"\" data-large_image_width=\"1600\" data-large_image_height=\"1198\"href='https:\/\/www.radiopiu.net\/wordpress\/wp-content\/uploads\/2020\/10\/f00b3c34-f26d-4bb8-acf4-1b5fd8452e4b.jpg'><img loading=\"lazy\" decoding=\"async\" width=\"150\" height=\"150\" src=\"https:\/\/www.radiopiu.net\/wordpress\/wp-content\/uploads\/2020\/10\/f00b3c34-f26d-4bb8-acf4-1b5fd8452e4b-150x150.jpg\" class=\"attachment-thumbnail size-thumbnail\" alt=\"\" \/><\/a>\n\t\t\t\t<\/dt><\/dl><br style=\"clear: both\" \/>\n\t\t\t<\/div>\n\n<h2>IERI<\/h2>\n\n\t\t\t<style type='text\/css'>\n\t\t\t\t#gallery-2 {\n\t\t\t\t\tmargin: auto;\n\t\t\t\t}\n\t\t\t\t#gallery-2 .gallery-item {\n\t\t\t\t\tfloat: left;\n\t\t\t\t\tmargin-top: 10px;\n\t\t\t\t\ttext-align: center;\n\t\t\t\t\twidth: 33%;\n\t\t\t\t}\n\t\t\t\t#gallery-2 img {\n\t\t\t\t\tborder: 2px solid #cfcfcf;\n\t\t\t\t}\n\t\t\t\t#gallery-2 .gallery-caption {\n\t\t\t\t\tmargin-left: 0;\n\t\t\t\t}\n\t\t\t\t\/* see gallery_shortcode() in wp-includes\/media.php *\/\n\t\t\t<\/style>\n\t\t<div id='gallery-2' class='dt-gallery-container gallery galleryid-168495 gallery-columns-3 gallery-size-thumbnail'><dl class='gallery-item'>\n\t\t\t\t<dt class='gallery-icon portrait'>\n\t\t\t\t\t<a class=\"rollover\" href='https:\/\/www.radiopiu.net\/wordpress\/la-muda-ora-la-cura-allestetica\/9f1693d9-1e88-4c90-83d3-a7ee31367360\/'><img loading=\"lazy\" decoding=\"async\" width=\"150\" height=\"150\" src=\"https:\/\/www.radiopiu.net\/wordpress\/wp-content\/uploads\/2020\/10\/9f1693d9-1e88-4c90-83d3-a7ee31367360-150x150.jpg\" class=\"attachment-thumbnail size-thumbnail\" alt=\"\" \/><\/a>\n\t\t\t\t<\/dt><\/dl><dl class='gallery-item'>\n\t\t\t\t<dt class='gallery-icon portrait'>\n\t\t\t\t\t<a class=\"rollover\" href='https:\/\/www.radiopiu.net\/wordpress\/la-muda-ora-la-cura-allestetica\/44fd3138-72bd-4ae0-b07b-9d9f659d213f\/'><img loading=\"lazy\" decoding=\"async\" width=\"150\" height=\"150\" src=\"https:\/\/www.radiopiu.net\/wordpress\/wp-content\/uploads\/2020\/10\/44fd3138-72bd-4ae0-b07b-9d9f659d213f-150x150.jpg\" class=\"attachment-thumbnail size-thumbnail\" alt=\"\" \/><\/a>\n\t\t\t\t<\/dt><\/dl><dl class='gallery-item'>\n\t\t\t\t<dt class='gallery-icon portrait'>\n\t\t\t\t\t<a class=\"rollover\" href='https:\/\/www.radiopiu.net\/wordpress\/la-muda-ora-la-cura-allestetica\/ee238e67-b602-41cb-9834-c87656e89597\/'><img loading=\"lazy\" decoding=\"async\" width=\"150\" height=\"150\" src=\"https:\/\/www.radiopiu.net\/wordpress\/wp-content\/uploads\/2020\/10\/ee238e67-b602-41cb-9834-c87656e89597-150x150.jpg\" class=\"attachment-thumbnail size-thumbnail\" alt=\"\" \/><\/a>\n\t\t\t\t<\/dt><\/dl><br style=\"clear: both\" \/>\n\t\t\t<\/div>\n\n<p>&nbsp;<\/p>\n<hr \/>\n<p>&nbsp;<\/p>\n<p>&nbsp;<\/p>\n<blockquote>\n<h3>&#8220;SCUOLE SUPERIORI CHIUSE AL 75%, NOI SIAMO PRONTI A COLLABORARE, MA IL GOVERNO NON CI ASCOLTA, IL DPCM NON E&#8217; NE&#8217; INCISIVO NE&#8217; CHIARO PER GLI ASSEMBRAMENTI&#8221;, PARLA LUCA ZAIA DA MARGHERA<\/h3>\n<\/blockquote>\n<blockquote>\n<h2>LEGGI LA CONFERENZA STAMPA DI LUCA ZAIA<\/h2>\n<p><span style=\"color: #ff0000;\"><strong>Il Dpcm \u00e8 l&#8217;anticamera del coprifuoco e queste misure non modificheranno le curve del contagio. Le fiere: in una settimana il Governo le ha aperte e chiuse, che figura ci facciamo nel mondo?<\/strong><\/span><\/p><\/blockquote>\n<p><em>Dentro ristoranti e palestre non\u00a0 ci sono stati grandi focolai e diffusioni del virus. Oggi questi imprenditori sono trattati come untori.\u00a0 Che il\u00a0 Governo riveda questo provvedimento. Ho firmato l&#8217;ordinanza di chiusura delle scuole\u00a0 superiori con l&#8217;obbligo di didagtica a distanza per non meno del 75% il Governo non mi ha dato alternative.\u00a0<\/em><\/p>\n<p><b>CHIUSURA IMPIANTI DI SCI:\u00a0 <\/b>Che senso ha lanciare l&#8217;allarme dello sport invernale, della stagione, quando il Dpcm varr\u00e0 fino a novembre? E&#8217; chiaro che il turista non prenota.\u00a0 <strong>CENTRI COMMERCIALI<\/strong>: ll Governo chiude bar e ristoranti\u00a0 e non tocca i centri commerciali, causa di\u00a0 assembramenti.<\/p>\n<p>I medici di base saranno chiamati a fare i tamponi in virt\u00f9 di una direttiva nazionale. Troviamo positivi e dobbiamo testare tutti i contatti. Ogni positivo significa altre 20 persone da testare. Se tutti i medici di base si occuperanno di fare i tamponi\u00a0 spariranno i test. L&#8217;accordo sar\u00e0 nazionale, non pi\u00f9 su base volontaria per i medici. E&#8217; una riforma straordinaria, noi a quel punto avremo risolto tutto il tema della fase di testing e della sorveglianza. Il piano di Sanit\u00e0 pubblica resta comunque in piedi. Si procede sia con i tamponi molecolari (13mila al giorno) che sui tamponi rapidi. Dai dati \u00e8 chiaro che il virus c&#8217;\u00e8, che il virus va affrontato per quello che \u00e8 che per noi significa non avere emergenza sanitaria. Con 700 ricoverati la pressione c&#8217;\u00e8 siamo pronti a coordinarci a 360 gradi con le Ulss e con la regia di Azienda Zero. E&#8217; un&#8217;emergenza sanitaria ospedaliera.\u00a0 L&#8217;emergenza ci mette a dura prova, stamane abbiamo parlato dell&#8217;infezione ospedaliera rispetto ai nostri lavoratori perch\u00e9 c&#8217;\u00e8 un lieve picco nella curva, gi\u00e0 abbiamo poco personale se si infetta la preoccupazione cresce. Ho chiesto ai direttore di fare pi\u00f9 comunicazione e prevenzione. Nei reparti critici il test \u00e8 ogni 7 giorni, negli altri ogni 20. Inutile che vi dica la mia posizione che \u00e8 quella delle Regioni. Io ho portato subito le ragioni di una comunit\u00e0 che sta cercando di gestire per bene la pandemia da Covid. Sulle scuole avrei voluto porre con quell&#8217;ordinanza un ragionamento per diminuire la pressione demografica. Avevo posto la questione dei tamponi presso i medici di base, e non condivido il tema sulle attivit\u00e0 produttive. Ristoranti, Bar, Palestre che chiudono e forse non riapriranno hanno rispettato in maniera onerosa i dettami di prevenzione. Gli imprenditori hanno investito per creare attivit\u00e0 e non si sono certo arricchite, hanno creato occupazione ed economia rendendo ricco un paese che gode delle loro tasse. Dopo aver investito in questa attivit\u00e0 hanno avuto anche il coraggio di adeguarsi alle linee guida, abbiamo chiesto sacrifici e sono stato criticato perch\u00e9 ho voluto riaprirle per primo. Ora il provvedimento si trasforma in autentica tragedia. Non c&#8217;\u00e8 un dato che dice che sono loro i responsabili dell&#8217;aumento della pandemia, non sono diffusori n\u00e8 untori. Il verso tema \u00e8 un altro, degli assembramenti ben diverso dal ristorante che si \u00e8 organizzato con i distanziamenti, il gel, la mascherina in bagno etc. Sono tutte persone che io conosco. C&#8217;\u00e8 chi ha creato attivit\u00e0 imprenditoriale e centri culturali. Ristoranti pieni di distanziamento sociale oggi trattati come untori. Non ho mai fatto polemica con il Governo ma questo non ci voleva, facciamo fatica a giustificare azioni come queste. Faccio appello al governo perch\u00e9 riveda questo provvedimento. Avevo chiesto la chiusura dei locali a mezzanotte, poi si era parlato delle 23&#8230; neanche questo. Alle 18 significa farli chiudere ma per sempre. Avevamo proposto di lasciare aperto a chi poteva garantire la mescita al tavolo diversamente da chi ha solo una vetrina, ma anche questo niente. Il problema \u00e8 la gelateria che vende un cono di gelato o uno spicchio di pizza. Questo va oltre la sanit\u00e0 pubblica e non sono un negazionista n\u00e8 ho avuto azioni benevole visto che per primo ho fatto l&#8217;area rossa oltre a chiudere scuole, musei, chiese. Tutti i sacrifici dei veneti dovevano essere riconosciuti anche con misure di visura. Si chiudono realt\u00e0 controllate con le linee guida ed in modo incomprensibile. Se il Governo ha deciso tutto perch\u00e9 noi dobbiamo decidere sulle scuole? E se decide di chiudere deve chiudere il 75%? Nella mia ordinanza c&#8217;era scritto 50 per cento a scuola e il resto a casa in modo alternativo di una settimana. Ma il Governo mi dice che in base ai dati epidemilogici dovr\u00f2 fare un&#8217;ordinanza con la soluzione di chiudere il 75%.\u00a0 Non c&#8217;\u00e8 razionalit\u00e0. Oggi sono obbligato a chiudere le scuole al 75% non ho alternative. La nostra ordinanza non intendeva toccare le attivit\u00e0 produttive diversamente da quello che invece hanno deciso a Roma.<strong> Dal 28 ottobre al 24 novembre le scuole superiori adotteranno la didattica a distanza per non meno del 75%, vale per circa 200 mila studenti, prioritariamente didattica a distanza per gli studenti delle ultime classi, questa \u00e8 la nostra indicazione permettendo ai pi\u00f9 giovani, alle &#8220;matricole&#8221; di rimanere in classe. <\/strong>Le modalit\u00e0 concrete sono definite dalle istituzioni scolastiche. Dal 28 ottobre al 24 novembre le scuole di istruzione e formazione professionale sono invitati ad approntare la didattica digitale integrata al 75%\u00a0 con criteri di rotazione perch\u00e9 ci sono molte attivit\u00e0 pratiche e di laboratorio. Sempre garantita la didattica in presenza agli alunni con disabilit\u00e0 certificata. Non si chiudono le mense n\u00e8 a pranzo n\u00e8 a cena nei ristoranti contrattualizzati,\u00a0 se il Governo impugna l&#8217;ordinanza resisteremo.<strong><em> In una settimana le fiere sono state aperte e chiuse&#8230; se questa non \u00e8 schizzofrenia&#8230;.pensate a Fiera Cavalli che gi\u00e0 hanno comperato gli stand e rassicurati fino a una settimana fa, da ieri \u00e8 cambiato tutto, ma che figura ci facciamo nel mondo?\u00a0\u00a0<\/em><\/strong><\/p>\n<p><span style=\"color: #ff0000;\">Bolzano con l&#8217;autonomia ha deciso di chiudere i locali alle 22 e non alle 18,<em> &#8220;Anch&#8217;io se potessi metterei la chiusura alle 24 per gli operatori che hanno sempre rispettato le regole&#8221;.<\/em> Una storica ristoratrice mi ha detto che non vuole soldi ma lavorare per questo il Governo o riveda la norma o dia la possibilit\u00e0 alle Regioni di decidere in base all&#8217;andamento delle curve epidemiologiche.<\/span><\/p>\n<p>&nbsp;<\/p>\n<p>https:\/\/www.facebook.com\/zaiaufficiale\/videos\/747827556081787\/?v=747827556081787&#038;notif_id=1603711958367866&#038;notif_t=live_video_explicit<\/p>\n<p>&nbsp;<\/p>\n<blockquote class=\"wp-embedded-content\" data-secret=\"DnMpXEaoQx\"><p><a href=\"https:\/\/www.radiopiu.net\/wordpress\/coronavirus-nuova-ordinanza-del-presidente-zaia\/\">CORONAVIRUS. NUOVA ORDINANZA DEL PRESIDENTE ZAIA<\/a><\/p><\/blockquote>\n<p><iframe loading=\"lazy\" class=\"wp-embedded-content\" sandbox=\"allow-scripts\" security=\"restricted\" style=\"position: absolute; clip: rect(1px, 1px, 1px, 1px);\" title=\"&#8220;CORONAVIRUS. NUOVA ORDINANZA DEL PRESIDENTE ZAIA&#8221; &#8212; Radio Pi\u00f9\" src=\"https:\/\/www.radiopiu.net\/wordpress\/coronavirus-nuova-ordinanza-del-presidente-zaia\/embed\/#?secret=DnMpXEaoQx\" data-secret=\"DnMpXEaoQx\" width=\"600\" height=\"338\" frameborder=\"0\" marginwidth=\"0\" marginheight=\"0\" scrolling=\"no\"><\/iframe><\/p>\n<p>&nbsp;<\/p>\n<p>&nbsp;<\/p>\n<hr \/>\n<p>&nbsp;<\/p>\n<p>&nbsp;<\/p>\n<p>&nbsp;<\/p>\n<blockquote class=\"wp-embedded-content\" data-secret=\"ihoPwyMdJP\"><p><a href=\"https:\/\/www.radiopiu.net\/wordpress\/coronavirus-aggiornamento-nazionale-26-ottobre\/\">CORONAVIRUS: AGGIORNAMENTO NAZIONALE 26 OTTOBRE<\/a><\/p><\/blockquote>\n<p><iframe loading=\"lazy\" class=\"wp-embedded-content\" sandbox=\"allow-scripts\" security=\"restricted\" style=\"position: absolute; clip: rect(1px, 1px, 1px, 1px);\" title=\"&#8220;CORONAVIRUS: AGGIORNAMENTO NAZIONALE 26 OTTOBRE&#8221; &#8212; Radio Pi\u00f9\" src=\"https:\/\/www.radiopiu.net\/wordpress\/coronavirus-aggiornamento-nazionale-26-ottobre\/embed\/#?secret=ihoPwyMdJP\" data-secret=\"ihoPwyMdJP\" width=\"600\" height=\"338\" frameborder=\"0\" marginwidth=\"0\" marginheight=\"0\" scrolling=\"no\"><\/iframe><\/p>\n<blockquote><p>&nbsp;<\/p>\n<p>&nbsp;<\/p><\/blockquote>\n<blockquote class=\"wp-embedded-content\" data-secret=\"KEZ0ntdE1y\"><p><a href=\"https:\/\/www.radiopiu.net\/wordpress\/https-wp-me-p63lo7-hob\/\">ATTUALMENTE POSITIVI IN AUMENTO: 2550 IN 24 ORE, OLTRE 700 PERSONE IN OSPEDALE E 11 DECESSI, OLTRE 1300 POSITIVI IN PROVINCIA<\/a><\/p><\/blockquote>\n<p><iframe loading=\"lazy\" class=\"wp-embedded-content\" sandbox=\"allow-scripts\" security=\"restricted\" style=\"position: absolute; clip: rect(1px, 1px, 1px, 1px);\" title=\"&#8220;ATTUALMENTE POSITIVI IN AUMENTO: 2550 IN 24 ORE, OLTRE 700 PERSONE IN OSPEDALE E 11 DECESSI, OLTRE 1300 POSITIVI IN PROVINCIA&#8221; &#8212; Radio Pi\u00f9\" src=\"https:\/\/www.radiopiu.net\/wordpress\/https-wp-me-p63lo7-hob\/embed\/#?secret=KEZ0ntdE1y\" data-secret=\"KEZ0ntdE1y\" width=\"600\" height=\"338\" frameborder=\"0\" marginwidth=\"0\" marginheight=\"0\" scrolling=\"no\"><\/iframe><\/p>\n<h3>I GRAFICI DI TIZIANO DE COL<\/h3>\n<p><a class=\"dt-pswp-item\" href=\"https:\/\/www.radiopiu.net\/wordpress\/wp-content\/uploads\/2020\/10\/128c2a64-fc55-4b0b-b3eb-18853f89ab1e.jpg\" data-dt-img-description=\"\" data-large_image_width=\"588\" data-large_image_height=\"335\"><img loading=\"lazy\" decoding=\"async\" class=\"alignnone wp-image-168743\" src=\"https:\/\/www.radiopiu.net\/wordpress\/wp-content\/uploads\/2020\/10\/128c2a64-fc55-4b0b-b3eb-18853f89ab1e-300x171.jpg\" alt=\"\" width=\"284\" height=\"162\" srcset=\"https:\/\/www.radiopiu.net\/wordpress\/wp-content\/uploads\/2020\/10\/128c2a64-fc55-4b0b-b3eb-18853f89ab1e-300x171.jpg 300w, https:\/\/www.radiopiu.net\/wordpress\/wp-content\/uploads\/2020\/10\/128c2a64-fc55-4b0b-b3eb-18853f89ab1e.jpg 588w\" sizes=\"auto, (max-width: 284px) 100vw, 284px\" \/><\/a><a class=\"dt-pswp-item\" href=\"https:\/\/www.radiopiu.net\/wordpress\/wp-content\/uploads\/2020\/10\/597b00ab-ad28-43a3-8150-b9f1490d2fff.jpg\" data-dt-img-description=\"\" data-large_image_width=\"602\" data-large_image_height=\"633\"><img loading=\"lazy\" decoding=\"async\" class=\"alignnone size-medium wp-image-168744\" src=\"https:\/\/www.radiopiu.net\/wordpress\/wp-content\/uploads\/2020\/10\/597b00ab-ad28-43a3-8150-b9f1490d2fff-285x300.jpg\" alt=\"\" width=\"285\" height=\"300\" srcset=\"https:\/\/www.radiopiu.net\/wordpress\/wp-content\/uploads\/2020\/10\/597b00ab-ad28-43a3-8150-b9f1490d2fff-285x300.jpg 285w, https:\/\/www.radiopiu.net\/wordpress\/wp-content\/uploads\/2020\/10\/597b00ab-ad28-43a3-8150-b9f1490d2fff.jpg 602w\" sizes=\"auto, (max-width: 285px) 100vw, 285px\" \/><\/a><\/p>\n<hr \/>\n<p>&nbsp;<\/p>\n<blockquote>\n<h3>I MEDICI DI MEDICINA GENERALE DA NOVEMBRE VACCINERANNO ANCHE LE PERSONE A RISCHIO<\/h3>\n<\/blockquote>\n<p><strong><a class=\"dt-pswp-item\" href=\"https:\/\/www.radiopiu.net\/wordpress\/wp-content\/uploads\/2020\/06\/vaccino.jpg\" data-dt-img-description=\"\" data-large_image_width=\"1920\" data-large_image_height=\"1280\"><img loading=\"lazy\" decoding=\"async\" class=\" wp-image-143923 alignleft\" src=\"https:\/\/www.radiopiu.net\/wordpress\/wp-content\/uploads\/2020\/06\/vaccino-300x200.jpg\" alt=\"\" width=\"198\" height=\"132\" srcset=\"https:\/\/www.radiopiu.net\/wordpress\/wp-content\/uploads\/2020\/06\/vaccino-300x200.jpg 300w, https:\/\/www.radiopiu.net\/wordpress\/wp-content\/uploads\/2020\/06\/vaccino-1024x683.jpg 1024w, https:\/\/www.radiopiu.net\/wordpress\/wp-content\/uploads\/2020\/06\/vaccino-768x512.jpg 768w, https:\/\/www.radiopiu.net\/wordpress\/wp-content\/uploads\/2020\/06\/vaccino-1536x1024.jpg 1536w, https:\/\/www.radiopiu.net\/wordpress\/wp-content\/uploads\/2020\/06\/vaccino.jpg 1920w\" sizes=\"auto, (max-width: 198px) 100vw, 198px\" \/><\/a>BELLUNO\u00a0<\/strong>Da novembre partir\u00e0 la vaccinazione dei soggetti affetti da patologie croniche, donne gravide, addetti ai servizi essenziali e altre categorie a rischio a cura dei Medici di Medicina Generale e dei Pediatri di Libera Scelta. Procede spedita la campagna vaccinale contro l\u2019influenza. Le persone tra i 60 e i 64 anni che devono ancora vaccinarsi o necessitano di spostare l\u2019appuntamento dato possono scrivere a <a href=\"mailto:vaccinazioni.bl@aulss1.veneto.it\">vaccinazioni.bl@aulss1.veneto.it<\/a>.<\/p>\n<p>&nbsp;<\/p>\n<p>&nbsp;<\/p>\n<hr \/>\n<p>&nbsp;<\/p>\n<p>&nbsp;<\/p>\n<blockquote>\n<h3>IL COMITATO GEMELLAGGIO DI AGORDO SI \u00c8 INCONTRATO VENERDI&#8217; SCORSO<\/h3>\n<\/blockquote>\n<p><strong><a class=\"dt-pswp-item\" href=\"https:\/\/www.radiopiu.net\/wordpress\/wp-content\/uploads\/2020\/10\/fotoPresentazione-libro290619-scaled.jpg\" data-dt-img-description=\"\" data-large_image_width=\"2560\" data-large_image_height=\"1696\"><img loading=\"lazy\" decoding=\"async\" class=\"size-medium wp-image-168593 alignleft\" src=\"https:\/\/www.radiopiu.net\/wordpress\/wp-content\/uploads\/2020\/10\/fotoPresentazione-libro290619-300x199.jpg\" alt=\"\" width=\"300\" height=\"199\" srcset=\"https:\/\/www.radiopiu.net\/wordpress\/wp-content\/uploads\/2020\/10\/fotoPresentazione-libro290619-300x199.jpg 300w, https:\/\/www.radiopiu.net\/wordpress\/wp-content\/uploads\/2020\/10\/fotoPresentazione-libro290619-1024x678.jpg 1024w, https:\/\/www.radiopiu.net\/wordpress\/wp-content\/uploads\/2020\/10\/fotoPresentazione-libro290619-768x509.jpg 768w, https:\/\/www.radiopiu.net\/wordpress\/wp-content\/uploads\/2020\/10\/fotoPresentazione-libro290619-1536x1017.jpg 1536w, https:\/\/www.radiopiu.net\/wordpress\/wp-content\/uploads\/2020\/10\/fotoPresentazione-libro290619-2048x1356.jpg 2048w\" sizes=\"auto, (max-width: 300px) 100vw, 300px\" \/><\/a>AGORDO\u00a0<\/strong>Si \u00e8 riunita l\u2019assemblea dei soci del Comitato di Gemellaggio di Agordo in seguito all&#8217;annullamento della convocazione della primavera scorsa a causa del lockdown. La Presidente Michela Paganin ha illustrato il bilancio\u00a0 e\u00a0 le iniziative realizzate nel 2019:\u00a0 la visita dello scorso maggio dei gemelli Francesi che hanno visitato e apprezzato i graffiti che costellano il paese di Agordo;\u00a0 il tour guidato al museo Fulcis di Belluno e al birrificio di Pedavena.<span class=\"Apple-converted-space\">\u00a0\u00a0<\/span>In occasione della Sagra di San Pietro del 2019 era stato presentato anche il libro che ricorda i 30 anni <span class=\"Apple-converted-space\">\u00a0 <\/span>di Gemellaggio tra Agordo e Zugliano. Nell&#8217;autunno la cena a base di piatti francesi aperta a tutti.<span class=\"Apple-converted-space\">\u00a0\u00a0<\/span>Le iniziative sono state rese possibili grazie al contributo del Consorzio Bim Piave di Belluno e del Comune di Agordo, da sempre sensibili e vicini al Comitato di Gemellaggio.<span class=\"Apple-converted-space\">\u00a0<\/span>Se l&#8217;emergenza sanitaria lo permetter\u00e0, sono gi\u00e0 in cantiere delle idee e dei progetti da realizzare nel 2021. Nei prossimi mesi si definiranno i dettagli e verr\u00e0 data opportuna informazione.<\/p>\n<p>&nbsp;<\/p>\n<hr \/>\n<p>&nbsp;<\/p>\n<blockquote>\n<h3 class=\"documentFirstHeading\"><span id=\"parent-fieldname-title\" class=\"\">PM10. Permane lo stato di allerta verde in tutta la regione<\/span><\/h3>\n<\/blockquote>\n<div class=\"data\"><strong>PADOVA\u00a0<\/strong> <span id=\"parent-fieldname-description\" class=\"\">Il bollettino PM10 conferma per tutta la regione, da oggi\u00a0 e fino a gioved\u00ec 29 ottobre, il livello di allerta 0 (verde). Infatti, dopo un innalzamento delle concentrazioni di PM10 avvenuto nella seconda met\u00e0 della scorsa settimana, con valori diffusamente sopra i limiti, si \u00e8 assistito nella giornata di domenica ad una significativa diminuzione delle concentrazioni del particolato sottile, al di sotto della soglia giornaliera imposta dalla legge (50\u00b5g\/m3). La diminuzione delle concentrazioni \u00e8 legata al passaggio di una perturbazione atlantica, che ha portato qualche precipitazione nei giorni di venerd\u00ec e sabato ed un successivo modesto rinforzo dei venti domenica, determinando il ricambio della massa d&#8217;aria. <\/span>Le condizioni meteorologiche saranno favorevoli alla dispersione degli inquinanti grazie al passaggio di una nuova perturbazione accompagnata da fenomeni anche pi\u00f9 significativi di quelli del fine settimana.<\/div>\n<p>&nbsp;<\/p>\n<p>&nbsp;<\/p>\n<hr \/>\n<blockquote>\n<h3><\/h3>\n<h3>PROVINCIA DI BELLUNO CARBON NEUTRAL? I DUBBI DI EUROPA VERDE BELLUNO<\/h3>\n<p><strong>La nota di Europa Verde Belluno<\/strong><\/p><\/blockquote>\n<p><strong><a class=\"dt-pswp-item\" href=\"https:\/\/www.radiopiu.net\/wordpress\/wp-content\/uploads\/2020\/10\/europa-verde.png\" data-dt-img-description=\"\" data-large_image_width=\"225\" data-large_image_height=\"225\"><img loading=\"lazy\" decoding=\"async\" class=\"size-full wp-image-168630 alignleft\" src=\"https:\/\/www.radiopiu.net\/wordpress\/wp-content\/uploads\/2020\/10\/europa-verde.png\" alt=\"\" width=\"225\" height=\"225\" srcset=\"https:\/\/www.radiopiu.net\/wordpress\/wp-content\/uploads\/2020\/10\/europa-verde.png 225w, https:\/\/www.radiopiu.net\/wordpress\/wp-content\/uploads\/2020\/10\/europa-verde-150x150.png 150w\" sizes=\"auto, (max-width: 225px) 100vw, 225px\" \/><\/a>BELLUNO\u00a0<\/strong>&#8220;<em>L\u2019iniziativa del marchio \u201ccarbon neutral\u201d per la provincia di Belluno lascia molto perplessi. Va bene fare una fotografia delle emissioni di CO2, soprattutto per capire dove e come ridurre le stesse nei vari ambiti. Ma utilizzare il marchio come certificato di qualit\u00e0 di un prodotto per sostenere, come evidentemente succeder\u00e0, che le capacit\u00e0 di assorbimento dei nostri boschi consentiranno localmente nuove emissioni di carbonio non va nella direzione auspicata di un impegno collettivo mondiale per ridurre le emissioni e combattere il riscaldamento globale. Sarebbe come dire che in Amazzonia il presidente brasiliano Bolsonaro pu\u00f2 continuare tranquillamente nella sua politica di distruzione della foresta, tanto il territorio comunque pareggia\u2026 Sarebbe molto pi\u00f9 interessante lavorare ad un marchio \u201ccarbon neutral\u201d su scala regionale, puntando su riforestazioni in pianura, energie rinnovabili, economia circolare e mobilit\u00e0 sostenibile ma questo ovviamente non verr\u00e0 mai fatto. Ognuno deve fare responsabilmente la sua parte, in primis\u00a0politica e mondo produttivo i quali dovrebbero far s\u00ec che almeno tutte le nuove attivit\u00e0, a cominciare dalle prossime Olimpiadi, siano carbon neutral o a ridotto impatto senza cercare giustificazioni sul fatto che ci sono le nostre foreste a compensare. A proposito di tale compensazione: perch\u00e9 non pensiamo piuttosto a completare il ripristino delle foreste distrutte da Vaia e a sostenere una efficiente filiera economica del legno?<\/em>&#8220;.<\/p>\n<p>&nbsp;<\/p>\n<hr \/>\n<p>&nbsp;<\/p>\n<h2><span style=\"color: #ff0000;\">UNESCO NEWS<\/span><\/h2>\n<blockquote>\n<h3>Ospitalit\u00e0 dolomitica ai tempi del COVID<\/h3>\n<\/blockquote>\n<p><img loading=\"lazy\" decoding=\"async\" class=\"mcnImage alignleft\" src=\"https:\/\/mcusercontent.com\/5b51ea86fdc4031b35c9a9989\/images\/ec38425d-e0c7-4d17-b5d6-3c7f0ff58d4b.png\" alt=\"\" width=\"84\" height=\"84\" \/>Con l\u2019autunno torna il Corso organizzato dalla Fondazione Giovanni Angelini insieme alla Fondazione Dolomiti UNESCO e rivolto agli addetti all\u2019ospitalit\u00e0, ovvero gestori di rifugi, alberghi, B&amp;B, agriturismi con possibilit\u00e0 di pernottamento dell&#8217;area bellunese. Un\u2019occasione che rientra tra le attivit\u00e0 della Rete della Formazione e Ricerca scientifica della Fondazione Dolomiti UNESCO. Le iscrizioni sono aperte\u00a0e gli eventi si svolgeranno in modalit\u00e0 online il 3, 10 e 17 novembre a partire dalle 10.<\/p>\n<p>&nbsp;<\/p>\n<blockquote>\n<h3>Le Dolomiti che vorrei: partecipa anche tu al questionario<\/h3>\n<\/blockquote>\n<p><img loading=\"lazy\" decoding=\"async\" class=\"mcnImage alignleft\" src=\"https:\/\/mcusercontent.com\/5b51ea86fdc4031b35c9a9989\/images\/a3fde313-c5d1-4eb0-b5b0-b12ac39deeab.png\" alt=\"\" width=\"94\" height=\"94\" \/>\u00c8 online il questionario promosso dalla Fondazione Dolomiti UNESCO, sviluppato nell\u2019ambito del progetto \u2018Musei delle Dolomiti\u2019, e che si rivolge a ragazzi e ragazze tra i 18 e i 35 anni per raccogliere le loro visioni di futuro per le Dolomiti e capire che ruolo possono avere i musei nell\u2019affiancare il cambiamento. L\u2019obiettivo \u00e8 dare voce alle nuove generazioni e comprendere come vivano il patrimonio culturale del proprio territorio e se nutrono speranza nella cultura affinch\u00e9 possa diventare una ragione per continuare a vivere e investire nelle Dolomiti.<\/p>\n<p>&nbsp;<\/p>\n<hr \/>\n<p>&nbsp;<\/p>\n<blockquote>\n<h3>SOSPESI I CORSI DI GINNASTICA POSTURALE A CANALE D&#8217;AGORDO<\/h3>\n<\/blockquote>\n<p><strong>CANALE D&#8217;AGORDO\u00a0<\/strong>La Pro Loco di Canale D&#8217;Agordo comunica che,\u00a0in ottemperanza alle recenti disposizioni per il contrasto del Coronavirus stabilite nel DPCM del 24 ottobre 2020, l&#8217;attivit\u00e0 di ginnastica posturale con la fisioterapista Silvana Andrich \u00e8 SOSPESA fino al 24 novembre.<\/p>\n<p>&nbsp;<\/p>\n<p>&nbsp;<\/p>\n<hr \/>\n<p>&nbsp;<\/p>\n<blockquote>\n<h3>ANNULLATI GLI INCONTRI A BOSCOVERDE<\/h3>\n<\/blockquote>\n<p><strong>ROCCA PIETORE<\/strong> E&#8217; con immenso dispiacere che L&#8217;Asca-Agordo, alla luce dell&#8217;invito alla prudenza che quotidianamente viene diramato dalla Regione e dalle Aziende Sanitarie, ha deciso di sospendere nuovamente le attivit\u00e0 del centro sollievo. La volont\u00e0 \u00e8 comunque quella di accorciare le distanze indotte dalla pandemia con modalit\u00e0 d&#8217;interazione per far comunque sentire una presenza importante.<\/p>\n<p>&nbsp;<\/p>\n<p>&nbsp;<\/p>\n<hr \/>\n<p>&nbsp;<\/p>\n<blockquote>\n<h3 class=\"articlePlainSubHead\"><a class=\"dt-pswp-item\" href=\"https:\/\/www.radiopiu.net\/wordpress\/wp-content\/uploads\/2020\/02\/Manuel_Conedera.jpg\" data-dt-img-description=\"\" data-large_image_width=\"512\" data-large_image_height=\"512\"><img loading=\"lazy\" decoding=\"async\" class=\"wp-image-119145 alignleft\" src=\"https:\/\/www.radiopiu.net\/wordpress\/wp-content\/uploads\/2020\/02\/Manuel_Conedera-300x300.jpg\" alt=\"\" width=\"140\" height=\"140\" srcset=\"https:\/\/www.radiopiu.net\/wordpress\/wp-content\/uploads\/2020\/02\/Manuel_Conedera-300x300.jpg 300w, https:\/\/www.radiopiu.net\/wordpress\/wp-content\/uploads\/2020\/02\/Manuel_Conedera-150x150.jpg 150w, https:\/\/www.radiopiu.net\/wordpress\/wp-content\/uploads\/2020\/02\/Manuel_Conedera.jpg 512w\" sizes=\"auto, (max-width: 140px) 100vw, 140px\" \/><\/a>NUOVO STATUTO PER IL GAMP<\/h3>\n<\/blockquote>\n<div><strong>AGORDO<\/strong>\u00a0 Il presidente del Gruppo agordino mineralogico e palentologico, Manuel Conedera, ha convocato l&#8217;assemblea dei soci per sabato alle 17 nella sala della biblioteca civica di Agordo. <em>\u00abL&#8217;adeguamento alla nuova normativa\u00bb, dice il presidente Conedera, \u00abci obbliga ad approvare entro la fine di ottobre un nuovo statuto sociale fondamentale per il riconoscimento della associazione Gamp come associazione Associazione di promozione sociale\u00bb.<\/em><\/div>\n<div><\/div>\n<div><\/div>\n<hr \/>\n<p>&nbsp;<\/p>\n<blockquote>\n<h2>IL TURISMO\u201d E \u201cS. PELEGRIN\u201d NELL\u2019ALBUM DI PELLEGRINON<\/h2>\n<\/blockquote>\n<blockquote>\n<h3>di RENATO BONA<\/h3>\n<\/blockquote>\n<p><strong><a class=\"dt-pswp-item\" href=\"https:\/\/www.radiopiu.net\/wordpress\/wp-content\/uploads\/2020\/10\/122901497_410390896634794_4152763988393616507_n.jpg\" data-dt-img-description=\"\" data-large_image_width=\"1308\" data-large_image_height=\"2028\"><img loading=\"lazy\" decoding=\"async\" class=\"size-medium wp-image-168709 alignleft\" src=\"https:\/\/www.radiopiu.net\/wordpress\/wp-content\/uploads\/2020\/10\/122901497_410390896634794_4152763988393616507_n-193x300.jpg\" alt=\"\" width=\"193\" height=\"300\" srcset=\"https:\/\/www.radiopiu.net\/wordpress\/wp-content\/uploads\/2020\/10\/122901497_410390896634794_4152763988393616507_n-193x300.jpg 193w, https:\/\/www.radiopiu.net\/wordpress\/wp-content\/uploads\/2020\/10\/122901497_410390896634794_4152763988393616507_n-660x1024.jpg 660w, https:\/\/www.radiopiu.net\/wordpress\/wp-content\/uploads\/2020\/10\/122901497_410390896634794_4152763988393616507_n-768x1191.jpg 768w, https:\/\/www.radiopiu.net\/wordpress\/wp-content\/uploads\/2020\/10\/122901497_410390896634794_4152763988393616507_n-991x1536.jpg 991w, https:\/\/www.radiopiu.net\/wordpress\/wp-content\/uploads\/2020\/10\/122901497_410390896634794_4152763988393616507_n.jpg 1308w\" sizes=\"auto, (max-width: 193px) 100vw, 193px\" \/><\/a>FALCADE\u00a0<\/strong> Ci occupiamo oggi di due capitoli: \u201cIl turismo\u201d e \u201cS. Pelegrin\u201d del libro \u201cQuando a Falcade la meridiana segnava il tempo\u201d di Bepi Pellegrinon, edito dal Comune col contributo dell\u2019allora Cassa di risparmio di Verona, Vicenza e Belluno, in occasione della mostra fotografica dell\u2019estate 1982 \u201cFalcade com\u2019era\u201d. Introducendo l\u2019album di immagini che spaziano dal 1890 al 1930, l\u2019autore evidenziava, riferendosi alle montagne che cingono la vallata, come fosse immutato l\u2019ambiente mentre \u201cIl fondovalle si \u00e8 rapidamente modificato e da zona prettamente agricola si \u00e8 trasformato in gran parte in zona di insediamenti e servizi turistici\u201d. Con la gente stessa che si \u00e8 modificata perch\u00e9 \u201c\u00e8 passata da un modo di vivere tradizionale nel quale i mutamenti erano lentissimi e quasi non si potevano intravvedere ad un periodo molto pi\u00f9 veloce, quasi convulso, in cui i costumi e le abitudini si modificano con estrema rapidit\u00e0\u201d . E se oggi Falcade \u00e8 un importante centro turistico che accoglie ed ospita moltissimi forestieri che la scelgono per villeggiare, ammirare luoghi stupendi e vivere in un ambiente di serenit\u00e0, \u00e8 perch\u00e9 \u201cPochi altri abitanti delle montagne hanno saputo tanto rapidamente adeguarsi al mutare dei tempi, passando da una situazione secolare di stasi ad una situazione di dinamica ed hanno intravvisto in modo individuale pi\u00f9 che collettivo che il futuro si presentava loro meno sfavorevole e con maggiore possibilit\u00e0 di riuscita\u201d. Ed emerge in tal modo, dal confronto tra Falcade come era e come \u00e8 \u201cl\u2019intelligenza e la capacit\u00f2 di questa gente non solo ad adattarsi agli eventi, ma modificarli nel limite del possibile a proprio vantaggio e per le proprie fortune\u201d. Gente alla quale \u2013 scriveva ancora Pellegrinon \u2013 va dato altissimo merito essendosi scrollata di dosso le vecchie antiche abitudini ed i vecchi antichi bisogni, con una nuova mentalit\u00e0 che ha assicurato il miglioramento del tenore di vita proprio e dei propri figli tanto che ora \u201csi guarda al futuro con minor ansia e con maggiore sicurezza\u201d. Ed ora, i commenti alla sequenza di fotografie che qui riproduciamo nell\u2019ordine proposto dal libro. TURISMO: 1894: la contessa Piatti con accompagnatori alla Forcella del Negher nella catena delle Cime dell\u2019Auta dove gli alpini furono i pionieri del turismo; 1907: al rifugio del Mul\u00e0z, appena sorto ad iniziativa della sezione veneziana del Cai, posano alcuni dei promotori ed esecutori dell\u2019opera: Abramo Murer Rav\u00e8re, Margherita Murer, Agostino Murer B\u00e0da, la guida canalina Giovanni De Dorigo Fum\u00e0s, il presidente del Cai veneziano Giovanni Arduini ed il \u201cpadre\u201d del turismo falcadino, Emanuele Murer F\u00f2ca; 1910: l\u2019industria alberghiera si afferma a Falcade con la costruzione dell\u2019albergo Focobon al Rifugio Mul\u00e0z, fabbricato nel 1900 da Emanuele Murer; il nuovo fabbricato rappresenta il necessario biglietto per visita per una localit\u00e0 che per sfruttare le bellezze naturali circostanti intende aprirsi ai forestieri; 1931:la tradizionale ospitalit\u00e0 si esprime in questo quadretto in cui si allineano, accanto a due clienti ed allo chef di cucina che campeggia nel centro, il personale di servizio ed i proprietari dell\u2019Albergo Falcade; si riconoscono: Lucia Ganz, Carmela Ganz, Catarinola Serafini, Ernesta Scola, i coniugi Maria ed Augusto Bez con in braccio la figlia Norma; 1930: i fratelli Gilberto, Isabella, Davide e Sisto Serafini Mat, si deliziano incravattati con gli sci sulle nevi di Falcade: non prevedevano certamente che tale sport sarebbe divenuto mezzo secolo pi\u00f9 tardi il cavallo trainante dell\u2019economi turistica invernale delle zone di montagna. \u201cS. PELEGRIN\u201d: 1908: il vecchio confine ai Zinghen Bas. Fino al 1787 frontiera fra la Repubblica Veneta, il Principato di Trento ed il Vescovado di Bressanone, dopo il 1866 fra il Regno d\u2019Italia e l\u2019Impero Asburgico. Oltre ai cippi, due pali dipinti, uno col tricolore, l\u2019altro col giallo e nero, suscitavano negli animi dei nostri avi un sentimento di attaccamento alla Patria e di ostilit\u00e0 nei confronti dell\u2019Impero di Checco Beppe; 1908: il 13 giugno, ricorrenza di S. Antonio, i valligiani del Biois accorrevano numerosi in processione al passo di San Pellegrino ove, secondo un\u2019antica usanza, il \u201cpriore\u201d dell\u2019Ospizio, distribuiva gratis a tutti un piatto di minestra di fave; 1880 circa: rara immagine del vecchio Ospizio e della Chiesetta di San Pellegrino, dovuta all\u2019impareggiabile fotografo trentino Giovanni Battista Unterweger; l\u2019Ospizio, eretto nel 1358, allo scopo di garantire sicurezza ed un certo conforto al transito sempre pi\u00f9 frequente per ragioni di commercio, venne distrutto dagli austriaci assieme alla chiesetta, all\u2019inizio del primo conflitto mondiale; sui lati est e sud della Chiesa si trovava anche un piccolo e malandato cimitero; 1909: l\u2019ala nuova dell\u2019Ospizio di San Pellegrino funzionava come \u201calbergo\u201d con tre camere \u201cad uso osteria\u201d ed era naturalmente gestito dal \u201cpriore\u201d; la parte vecchia comprendeva invece lo stabbio e la stalla nonch\u00e9 alcune camere la cui dislocazione faceva pensare a celle dei frati; 1909: la famiglia di Giuseppe Wolcan, detto Gaiosta; l\u2019intraprendente moenese era stato \u201cpriore\u201d dell\u2019Ospizio ed aveva ritenuto maturi i tempi per un nuovo albergo sul Passo; sorger\u00e0 cos\u00ec il \u201cMonzoni\u201d, che inizialmente sar\u00e0 aperto soltanto durante la stagione estiva; 1909: giovani falcadini saliti al Passo incontro agli operai che rientrano da Bolzano dopo una stagione di lavoro; \u00e8 riconoscibile Costante De Pellegrin Mor\u00e8l; 1909: mentre le crode soprastanti si specchiano nelle acque opaline del laghetto di San Pellegrino, una gita in barca \u00e8 una piacevole fuga nell\u2019assorto silenzio della natura; 1912: i nostri avi erano, per necessit\u00e0 anzitutto, per amore del rischio, per rivalsa contro un potere che non li rappresentava ma li soggiogava, quasi tutti contrabbandieri; la \u201cbricola\u201d era un arnese da tenere nascosto, ma sempre a portata di mano, poich\u00e9 il buon esito di una spedizione oltre confine poteva garantire la sopravvivenza della famiglia anche per lungo tempo: pietre focaie, tabacco, zucchero, sale, spezie rifornivano le rivendite del monopolio e dei privati, arricchendo gli ostio e garantivano il viaggio di primavera degli emigranti; regina delle contrabbandiere era la Gigia Malora, una donna dalla forza erculea e dall\u2019astuzia inesauribile, sempre alla ricerca di nuovi stratagemmi per sfuggire alle maglie della finanza\u2026<\/p>\n\n\t\t\t<style type='text\/css'>\n\t\t\t\t#gallery-3 {\n\t\t\t\t\tmargin: auto;\n\t\t\t\t}\n\t\t\t\t#gallery-3 .gallery-item {\n\t\t\t\t\tfloat: left;\n\t\t\t\t\tmargin-top: 10px;\n\t\t\t\t\ttext-align: center;\n\t\t\t\t\twidth: 33%;\n\t\t\t\t}\n\t\t\t\t#gallery-3 img {\n\t\t\t\t\tborder: 2px solid #cfcfcf;\n\t\t\t\t}\n\t\t\t\t#gallery-3 .gallery-caption {\n\t\t\t\t\tmargin-left: 0;\n\t\t\t\t}\n\t\t\t\t\/* see gallery_shortcode() in wp-includes\/media.php *\/\n\t\t\t<\/style>\n\t\t<div id='gallery-3' class='dt-gallery-container gallery galleryid-168495 gallery-columns-3 gallery-size-thumbnail'><dl class='gallery-item'>\n\t\t\t\t<dt class='gallery-icon landscape'>\n\t\t\t\t\t<a class=\"rollover rollover-zoom dt-pswp-item\" title=\"122870014_1483444605176126_5183617504961495374_n\" data-dt-img-description=\"\" data-large_image_width=\"2560\" data-large_image_height=\"1847\"href='https:\/\/www.radiopiu.net\/wordpress\/wp-content\/uploads\/2020\/10\/122870014_1483444605176126_5183617504961495374_n-scaled.jpg'><img loading=\"lazy\" decoding=\"async\" width=\"150\" height=\"150\" src=\"https:\/\/www.radiopiu.net\/wordpress\/wp-content\/uploads\/2020\/10\/122870014_1483444605176126_5183617504961495374_n-150x150.jpg\" class=\"attachment-thumbnail size-thumbnail\" alt=\"\" \/><\/a>\n\t\t\t\t<\/dt><\/dl><dl class='gallery-item'>\n\t\t\t\t<dt class='gallery-icon landscape'>\n\t\t\t\t\t<a class=\"rollover rollover-zoom dt-pswp-item\" title=\"122954528_1311684025862854_6165870142208867934_n\" data-dt-img-description=\"\" data-large_image_width=\"2379\" data-large_image_height=\"1624\"href='https:\/\/www.radiopiu.net\/wordpress\/wp-content\/uploads\/2020\/10\/122954528_1311684025862854_6165870142208867934_n.jpg'><img loading=\"lazy\" decoding=\"async\" width=\"150\" height=\"150\" src=\"https:\/\/www.radiopiu.net\/wordpress\/wp-content\/uploads\/2020\/10\/122954528_1311684025862854_6165870142208867934_n-150x150.jpg\" class=\"attachment-thumbnail size-thumbnail\" alt=\"\" \/><\/a>\n\t\t\t\t<\/dt><\/dl><dl class='gallery-item'>\n\t\t\t\t<dt class='gallery-icon landscape'>\n\t\t\t\t\t<a class=\"rollover rollover-zoom dt-pswp-item\" title=\"122955488_395388815159658_868659771592561513_n\" data-dt-img-description=\"\" data-large_image_width=\"2134\" data-large_image_height=\"1432\"href='https:\/\/www.radiopiu.net\/wordpress\/wp-content\/uploads\/2020\/10\/122955488_395388815159658_868659771592561513_n.jpg'><img loading=\"lazy\" decoding=\"async\" width=\"150\" height=\"150\" src=\"https:\/\/www.radiopiu.net\/wordpress\/wp-content\/uploads\/2020\/10\/122955488_395388815159658_868659771592561513_n-150x150.jpg\" class=\"attachment-thumbnail size-thumbnail\" alt=\"\" \/><\/a>\n\t\t\t\t<\/dt><\/dl><br style=\"clear: both\" \/><dl class='gallery-item'>\n\t\t\t\t<dt class='gallery-icon landscape'>\n\t\t\t\t\t<a class=\"rollover rollover-zoom dt-pswp-item\" title=\"122888717_769433373634526_2246190411454862018_n\" data-dt-img-description=\"\" data-large_image_width=\"1715\" data-large_image_height=\"1034\"href='https:\/\/www.radiopiu.net\/wordpress\/wp-content\/uploads\/2020\/10\/122888717_769433373634526_2246190411454862018_n.jpg'><img loading=\"lazy\" decoding=\"async\" width=\"150\" height=\"150\" src=\"https:\/\/www.radiopiu.net\/wordpress\/wp-content\/uploads\/2020\/10\/122888717_769433373634526_2246190411454862018_n-150x150.jpg\" class=\"attachment-thumbnail size-thumbnail\" alt=\"\" \/><\/a>\n\t\t\t\t<\/dt><\/dl><dl class='gallery-item'>\n\t\t\t\t<dt class='gallery-icon landscape'>\n\t\t\t\t\t<a class=\"rollover rollover-zoom dt-pswp-item\" title=\"122988818_365289064787754_7249532881506403385_n\" data-dt-img-description=\"\" data-large_image_width=\"2283\" data-large_image_height=\"1420\"href='https:\/\/www.radiopiu.net\/wordpress\/wp-content\/uploads\/2020\/10\/122988818_365289064787754_7249532881506403385_n.jpg'><img loading=\"lazy\" decoding=\"async\" width=\"150\" height=\"150\" src=\"https:\/\/www.radiopiu.net\/wordpress\/wp-content\/uploads\/2020\/10\/122988818_365289064787754_7249532881506403385_n-150x150.jpg\" class=\"attachment-thumbnail size-thumbnail\" alt=\"\" \/><\/a>\n\t\t\t\t<\/dt><\/dl><dl class='gallery-item'>\n\t\t\t\t<dt class='gallery-icon landscape'>\n\t\t\t\t\t<a class=\"rollover rollover-zoom dt-pswp-item\" title=\"122851500_2816686041901059_3401495704160403024_n\" data-dt-img-description=\"\" data-large_image_width=\"2404\" data-large_image_height=\"1698\"href='https:\/\/www.radiopiu.net\/wordpress\/wp-content\/uploads\/2020\/10\/122851500_2816686041901059_3401495704160403024_n.jpg'><img loading=\"lazy\" decoding=\"async\" width=\"150\" height=\"150\" src=\"https:\/\/www.radiopiu.net\/wordpress\/wp-content\/uploads\/2020\/10\/122851500_2816686041901059_3401495704160403024_n-150x150.jpg\" class=\"attachment-thumbnail size-thumbnail\" alt=\"\" \/><\/a>\n\t\t\t\t<\/dt><\/dl><br style=\"clear: both\" \/><dl class='gallery-item'>\n\t\t\t\t<dt class='gallery-icon landscape'>\n\t\t\t\t\t<a class=\"rollover rollover-zoom dt-pswp-item\" title=\"122890026_353796622544198_5865724208508690910_n\" data-dt-img-description=\"\" data-large_image_width=\"2379\" data-large_image_height=\"1648\"href='https:\/\/www.radiopiu.net\/wordpress\/wp-content\/uploads\/2020\/10\/122890026_353796622544198_5865724208508690910_n.jpg'><img loading=\"lazy\" decoding=\"async\" width=\"150\" height=\"150\" src=\"https:\/\/www.radiopiu.net\/wordpress\/wp-content\/uploads\/2020\/10\/122890026_353796622544198_5865724208508690910_n-150x150.jpg\" class=\"attachment-thumbnail size-thumbnail\" alt=\"\" \/><\/a>\n\t\t\t\t<\/dt><\/dl><dl class='gallery-item'>\n\t\t\t\t<dt class='gallery-icon landscape'>\n\t\t\t\t\t<a class=\"rollover rollover-zoom dt-pswp-item\" title=\"122888669_1053751358418161_8454465271523832319_n\" data-dt-img-description=\"\" data-large_image_width=\"2560\" data-large_image_height=\"1641\"href='https:\/\/www.radiopiu.net\/wordpress\/wp-content\/uploads\/2020\/10\/122888669_1053751358418161_8454465271523832319_n-scaled.jpg'><img loading=\"lazy\" decoding=\"async\" width=\"150\" height=\"150\" src=\"https:\/\/www.radiopiu.net\/wordpress\/wp-content\/uploads\/2020\/10\/122888669_1053751358418161_8454465271523832319_n-150x150.jpg\" class=\"attachment-thumbnail size-thumbnail\" alt=\"\" \/><\/a>\n\t\t\t\t<\/dt><\/dl><dl class='gallery-item'>\n\t\t\t\t<dt class='gallery-icon landscape'>\n\t\t\t\t\t<a class=\"rollover rollover-zoom dt-pswp-item\" title=\"122887284_288298812239669_7995916398751520967_n\" data-dt-img-description=\"\" data-large_image_width=\"2560\" data-large_image_height=\"1784\"href='https:\/\/www.radiopiu.net\/wordpress\/wp-content\/uploads\/2020\/10\/122887284_288298812239669_7995916398751520967_n-scaled.jpg'><img loading=\"lazy\" decoding=\"async\" width=\"150\" height=\"150\" src=\"https:\/\/www.radiopiu.net\/wordpress\/wp-content\/uploads\/2020\/10\/122887284_288298812239669_7995916398751520967_n-150x150.jpg\" class=\"attachment-thumbnail size-thumbnail\" alt=\"\" \/><\/a>\n\t\t\t\t<\/dt><\/dl><br style=\"clear: both\" \/><dl class='gallery-item'>\n\t\t\t\t<dt class='gallery-icon landscape'>\n\t\t\t\t\t<a class=\"rollover rollover-zoom dt-pswp-item\" title=\"122899766_2721531081447471_6149210511551923460_n\" data-dt-img-description=\"\" data-large_image_width=\"2560\" data-large_image_height=\"1769\"href='https:\/\/www.radiopiu.net\/wordpress\/wp-content\/uploads\/2020\/10\/122899766_2721531081447471_6149210511551923460_n-scaled.jpg'><img loading=\"lazy\" decoding=\"async\" width=\"150\" height=\"150\" src=\"https:\/\/www.radiopiu.net\/wordpress\/wp-content\/uploads\/2020\/10\/122899766_2721531081447471_6149210511551923460_n-150x150.jpg\" class=\"attachment-thumbnail size-thumbnail\" alt=\"\" \/><\/a>\n\t\t\t\t<\/dt><\/dl><dl class='gallery-item'>\n\t\t\t\t<dt class='gallery-icon landscape'>\n\t\t\t\t\t<a class=\"rollover rollover-zoom dt-pswp-item\" title=\"122874729_2820828738206127_4198946081099403056_n\" data-dt-img-description=\"\" data-large_image_width=\"2560\" data-large_image_height=\"1469\"href='https:\/\/www.radiopiu.net\/wordpress\/wp-content\/uploads\/2020\/10\/122874729_2820828738206127_4198946081099403056_n-scaled.jpg'><img loading=\"lazy\" decoding=\"async\" width=\"150\" height=\"150\" src=\"https:\/\/www.radiopiu.net\/wordpress\/wp-content\/uploads\/2020\/10\/122874729_2820828738206127_4198946081099403056_n-150x150.jpg\" class=\"attachment-thumbnail size-thumbnail\" alt=\"\" \/><\/a>\n\t\t\t\t<\/dt><\/dl><dl class='gallery-item'>\n\t\t\t\t<dt class='gallery-icon landscape'>\n\t\t\t\t\t<a class=\"rollover rollover-zoom dt-pswp-item\" title=\"122979037_1240294436337954_8720673105049914552_n\" data-dt-img-description=\"\" data-large_image_width=\"2171\" data-large_image_height=\"1441\"href='https:\/\/www.radiopiu.net\/wordpress\/wp-content\/uploads\/2020\/10\/122979037_1240294436337954_8720673105049914552_n.jpg'><img loading=\"lazy\" decoding=\"async\" width=\"150\" height=\"150\" src=\"https:\/\/www.radiopiu.net\/wordpress\/wp-content\/uploads\/2020\/10\/122979037_1240294436337954_8720673105049914552_n-150x150.jpg\" class=\"attachment-thumbnail size-thumbnail\" alt=\"\" \/><\/a>\n\t\t\t\t<\/dt><\/dl><br style=\"clear: both\" \/>\n\t\t\t<\/div>\n\n<p>&nbsp;<\/p>\n<p>&nbsp;<\/p>\n<hr \/>\n<div class=\"im_message_wrap clearfix\">\n<div class=\"im_content_message_wrap im_message_out\">\n<h2><span style=\"color: #ff0000;\">\u00a0<\/span><\/h2>\n<h2><span style=\"color: #ff0000;\">IERI ALLA RADIO<\/span><\/h2>\n<p><strong>IL RITORNO DI IN VIVO VERSO, LA SESTA STAGIONE, SECONDA\u00a0 SETTIMANA DA UN&#8217;IDEA DI BRUNELLA MORO:<\/strong><\/p>\n<p><strong><span style=\"color: #0000ff;\">IN ONDA DAL LUNEDI AL VENERDI ALLE 7.10, 10.10, 18.50<\/span><\/strong><\/p>\n<blockquote class=\"wp-embedded-content\" data-secret=\"k1DjCjf9Wt\"><p><a href=\"https:\/\/www.radiopiu.net\/wordpress\/https-wp-me-p63lo7-hrv\/\">SE MAI MI ALZASSI di MANUELE CARBOGNO<\/a><\/p><\/blockquote>\n<p><iframe loading=\"lazy\" class=\"wp-embedded-content\" sandbox=\"allow-scripts\" security=\"restricted\" style=\"position: absolute; clip: rect(1px, 1px, 1px, 1px);\" title=\"&#8220;SE MAI MI ALZASSI di MANUELE CARBOGNO&#8221; &#8212; Radio Pi\u00f9\" src=\"https:\/\/www.radiopiu.net\/wordpress\/https-wp-me-p63lo7-hrv\/embed\/#?secret=k1DjCjf9Wt\" data-secret=\"k1DjCjf9Wt\" width=\"600\" height=\"338\" frameborder=\"0\" marginwidth=\"0\" marginheight=\"0\" scrolling=\"no\"><\/iframe><\/p>\n<\/div>\n<\/div>\n<p><strong><span style=\"font-family: Verdana, sans-serif;\"><span style=\"font-size: medium;\">LA RACCOLTA COMPLETA, TUTTE LE COLLEZIONI<\/span><\/span><\/strong><\/p>\n<blockquote><p>&nbsp;<\/p><\/blockquote>\n<blockquote class=\"wp-embedded-content\" data-secret=\"nhfq3i1sDh\"><p><a href=\"https:\/\/www.radiopiu.net\/wordpress\/in-vivo-verso\/\">In Vivo Verso<\/a><\/p><\/blockquote>\n<p><iframe loading=\"lazy\" class=\"wp-embedded-content\" sandbox=\"allow-scripts\" security=\"restricted\" style=\"position: absolute; clip: rect(1px, 1px, 1px, 1px);\" title=\"&#8220;In Vivo Verso&#8221; &#8212; Radio Pi\u00f9\" src=\"https:\/\/www.radiopiu.net\/wordpress\/in-vivo-verso\/embed\/#?secret=nhfq3i1sDh\" data-secret=\"nhfq3i1sDh\" width=\"600\" height=\"338\" frameborder=\"0\" marginwidth=\"0\" marginheight=\"0\" scrolling=\"no\"><\/iframe><\/p>\n<p>&nbsp;<\/p>\n<hr \/>\n<p>&nbsp;<\/p>\n<p><a class=\"dt-pswp-item\" href=\"https:\/\/www.radiopiu.net\/wordpress\/wp-content\/uploads\/2018\/09\/appuntamenti.jpeg\" data-dt-img-description=\"\" data-large_image_width=\"800\" data-large_image_height=\"100\"><img loading=\"lazy\" decoding=\"async\" class=\"aligncenter wp-image-61958 size-full\" src=\"https:\/\/www.radiopiu.net\/wordpress\/wp-content\/uploads\/2018\/09\/appuntamenti.jpeg\" alt=\"\" width=\"800\" height=\"100\" srcset=\"https:\/\/www.radiopiu.net\/wordpress\/wp-content\/uploads\/2018\/09\/appuntamenti.jpeg 800w, https:\/\/www.radiopiu.net\/wordpress\/wp-content\/uploads\/2018\/09\/appuntamenti-300x38.jpeg 300w, https:\/\/www.radiopiu.net\/wordpress\/wp-content\/uploads\/2018\/09\/appuntamenti-768x96.jpeg 768w\" sizes=\"auto, (max-width: 800px) 100vw, 800px\" \/><\/a><\/p>\n<div><\/div>\n<div><\/div>\n<div>\n<p><strong>AGORDO\u00a0<\/strong>Pc Ranch Young Team e Aics Belluno organizzano un corso di ginnastica-coordinazione-ritmo volteggio (foto). Tutti i martedi fino a maggio sempre alle 16 al Palarova. Orario: 16-17 bambini 5-7 anni; 16.30-1830 bambini dagli 8 anni compiuti. Info e iscrizioni da Donatella al 348 4352362. (Ci sono ancora alcuni posti disponibili)<\/p>\n<p>&nbsp;<\/p>\n<p>&nbsp;<\/p>\n<\/div>\n<hr \/>\n<p>&nbsp;<\/p>\n<h2><span style=\"color: #ff0000;\">IERI ALLA RADIO<\/span><\/h2>\n<h2><span style=\"color: #008080;\">L&#8217;ALMANACCO LADINO prima puntata, secondo anno.<\/span><\/h2>\n<audio class=\"wp-audio-shortcode\" id=\"audio-168495-6\" preload=\"none\" style=\"width: 100%;\" controls=\"controls\"><source type=\"audio\/mpeg\" src=\"https:\/\/www.radiopiu.net\/wordpress\/wp-content\/uploads\/2020\/10\/44\u00b0-Almanacco-Ladino_Fodom-1.mp3?_=6\" \/><a href=\"https:\/\/www.radiopiu.net\/wordpress\/wp-content\/uploads\/2020\/10\/44\u00b0-Almanacco-Ladino_Fodom-1.mp3\">https:\/\/www.radiopiu.net\/wordpress\/wp-content\/uploads\/2020\/10\/44\u00b0-Almanacco-Ladino_Fodom-1.mp3<\/a><\/audio>\n<h2>\u00a0LA RACCOLTA COMPLETA<\/h2>\n<blockquote class=\"wp-embedded-content\" data-secret=\"6QmvwuuiMQ\"><p><a href=\"https:\/\/www.radiopiu.net\/wordpress\/almanacco-ladino\/\">Almanacco Ladino<\/a><\/p><\/blockquote>\n<p><iframe loading=\"lazy\" class=\"wp-embedded-content\" sandbox=\"allow-scripts\" security=\"restricted\" style=\"position: absolute; clip: rect(1px, 1px, 1px, 1px);\" title=\"&#8220;Almanacco Ladino&#8221; &#8212; Radio Pi\u00f9\" src=\"https:\/\/www.radiopiu.net\/wordpress\/almanacco-ladino\/embed\/#?secret=6QmvwuuiMQ\" data-secret=\"6QmvwuuiMQ\" width=\"600\" height=\"338\" frameborder=\"0\" marginwidth=\"0\" marginheight=\"0\" scrolling=\"no\"><\/iframe><\/p>\n<p>&nbsp;<\/p>\n<p>&nbsp;<\/p>\n<hr \/>\n<p>&nbsp;<\/p>\n<h2><span style=\"color: #33cccc;\">SALUTE E SOCIET\u00c0<\/span><\/h2>\n<blockquote class=\"wp-embedded-content\" data-secret=\"Qz6eFgJCTs\"><p><a href=\"https:\/\/www.radiopiu.net\/wordpress\/e-tempo-di-vita\/\">\u00c8 tempo di vita\u2019<\/a><\/p><\/blockquote>\n<p><iframe loading=\"lazy\" class=\"wp-embedded-content\" sandbox=\"allow-scripts\" security=\"restricted\" style=\"position: absolute; clip: rect(1px, 1px, 1px, 1px);\" title=\"&#8220;\u00c8 tempo di vita\u2019&#8221; &#8212; Radio Pi\u00f9\" src=\"https:\/\/www.radiopiu.net\/wordpress\/e-tempo-di-vita\/embed\/#?secret=Qz6eFgJCTs\" data-secret=\"Qz6eFgJCTs\" width=\"600\" height=\"338\" frameborder=\"0\" marginwidth=\"0\" marginheight=\"0\" scrolling=\"no\"><\/iframe><\/p>\n<p><strong>LE ALTRE PUNTATE<\/strong><\/p>\n<blockquote class=\"wp-embedded-content\" data-secret=\"b9DTJS6TeU\"><p><a href=\"https:\/\/www.radiopiu.net\/wordpress\/saluteesocieta\/\">Salute e Societ\u00e0<\/a><\/p><\/blockquote>\n<p><iframe loading=\"lazy\" class=\"wp-embedded-content\" sandbox=\"allow-scripts\" security=\"restricted\" style=\"position: absolute; clip: rect(1px, 1px, 1px, 1px);\" title=\"&#8220;Salute e Societ\u00e0&#8221; &#8212; Radio Pi\u00f9\" src=\"https:\/\/www.radiopiu.net\/wordpress\/saluteesocieta\/embed\/#?secret=b9DTJS6TeU\" data-secret=\"b9DTJS6TeU\" width=\"600\" height=\"338\" frameborder=\"0\" marginwidth=\"0\" marginheight=\"0\" scrolling=\"no\"><\/iframe><\/p>\n<p>&nbsp;<\/p>\n<hr \/>\n<p>&nbsp;<\/p>\n<h2><span style=\"color: #ff6600;\">007 IN CONDOTTA<\/span><\/h2>\n<blockquote class=\"wp-embedded-content\" data-secret=\"E2D8tp7ViZ\"><p><a href=\"https:\/\/www.radiopiu.net\/wordpress\/facolta-scientifiche-e-genere\/\">Facolt\u00e0 scientifiche e genere<\/a><\/p><\/blockquote>\n<p><iframe loading=\"lazy\" class=\"wp-embedded-content\" sandbox=\"allow-scripts\" security=\"restricted\" style=\"position: absolute; clip: rect(1px, 1px, 1px, 1px);\" title=\"&#8220;Facolt\u00e0 scientifiche e genere&#8221; &#8212; Radio Pi\u00f9\" src=\"https:\/\/www.radiopiu.net\/wordpress\/facolta-scientifiche-e-genere\/embed\/#?secret=E2D8tp7ViZ\" data-secret=\"E2D8tp7ViZ\" width=\"600\" height=\"338\" frameborder=\"0\" marginwidth=\"0\" marginheight=\"0\" scrolling=\"no\"><\/iframe><\/p>\n<p>&nbsp;<\/p>\n<p><strong>LE ALTRE PUNTATE<\/strong><\/p>\n<blockquote class=\"wp-embedded-content\" data-secret=\"m2DOXSegFn\"><p><a href=\"https:\/\/www.radiopiu.net\/wordpress\/007incondotta-9\/\">007 in condotta<\/a><\/p><\/blockquote>\n<p><iframe loading=\"lazy\" class=\"wp-embedded-content\" sandbox=\"allow-scripts\" security=\"restricted\" style=\"position: absolute; clip: rect(1px, 1px, 1px, 1px);\" title=\"&#8220;007 in condotta&#8221; &#8212; Radio Pi\u00f9\" src=\"https:\/\/www.radiopiu.net\/wordpress\/007incondotta-9\/embed\/#?secret=m2DOXSegFn\" data-secret=\"m2DOXSegFn\" width=\"600\" height=\"338\" frameborder=\"0\" marginwidth=\"0\" marginheight=\"0\" scrolling=\"no\"><\/iframe><\/p>\n<p>&nbsp;<\/p>\n<hr \/>\n<p>&nbsp;<\/p>\n<h2><span style=\"color: #808000;\">DUE MINUTI UN LIBRO\u00a0\u00a0<\/span><\/h2>\n<blockquote class=\"wp-embedded-content\" data-secret=\"oC4DYkw4H2\"><p><a href=\"https:\/\/www.radiopiu.net\/wordpress\/un-angelo-per-sempre\/\">UN ANGELO PER SEMPRE<\/a><\/p><\/blockquote>\n<p><iframe loading=\"lazy\" class=\"wp-embedded-content\" sandbox=\"allow-scripts\" security=\"restricted\" style=\"position: absolute; clip: rect(1px, 1px, 1px, 1px);\" title=\"&#8220;UN ANGELO PER SEMPRE&#8221; &#8212; Radio Pi\u00f9\" src=\"https:\/\/www.radiopiu.net\/wordpress\/un-angelo-per-sempre\/embed\/#?secret=oC4DYkw4H2\" data-secret=\"oC4DYkw4H2\" width=\"600\" height=\"338\" frameborder=\"0\" marginwidth=\"0\" marginheight=\"0\" scrolling=\"no\"><\/iframe><\/p>\n<h2>LA RACCOLTA COMPLETA<\/h2>\n<p>&nbsp;<\/p>\n<blockquote class=\"wp-embedded-content\" data-secret=\"kiI5lW2BcU\"><p><a href=\"https:\/\/www.radiopiu.net\/wordpress\/due-minuti-un-libro\/\">Due minuti un libro<\/a><\/p><\/blockquote>\n<p><iframe loading=\"lazy\" class=\"wp-embedded-content\" sandbox=\"allow-scripts\" security=\"restricted\" style=\"position: absolute; clip: rect(1px, 1px, 1px, 1px);\" title=\"&#8220;Due minuti un libro&#8221; &#8212; Radio Pi\u00f9\" src=\"https:\/\/www.radiopiu.net\/wordpress\/due-minuti-un-libro\/embed\/#?secret=kiI5lW2BcU\" data-secret=\"kiI5lW2BcU\" width=\"600\" height=\"338\" frameborder=\"0\" marginwidth=\"0\" marginheight=\"0\" scrolling=\"no\"><\/iframe><\/p>\n<p>&nbsp;<\/p>\n<p>&nbsp;<\/p>\n<hr \/>\n<p>&nbsp;<\/p>\n<div>\n<h2><span style=\"color: #33cccc;\">I RACCONTI DI PAOLO SOPPELSA il lunedi alle 9.30 e 18.30<\/span><\/h2>\n<p><strong>FUOCO SULLE PALE<\/strong><br \/>\n<strong>24 OTTOBRE 2018<\/strong><\/p>\n<p><em><strong>AUDIO<\/strong><\/em><\/p>\n<audio class=\"wp-audio-shortcode\" id=\"audio-168495-7\" preload=\"none\" style=\"width: 100%;\" controls=\"controls\"><source type=\"audio\/mpeg\" src=\"https:\/\/www.radiopiu.net\/wordpress\/wp-content\/uploads\/2020\/10\/PAOLO-SOPPELSA-FUOCO-SULLE-PALE.mp3?_=7\" \/><a href=\"https:\/\/www.radiopiu.net\/wordpress\/wp-content\/uploads\/2020\/10\/PAOLO-SOPPELSA-FUOCO-SULLE-PALE.mp3\">https:\/\/www.radiopiu.net\/wordpress\/wp-content\/uploads\/2020\/10\/PAOLO-SOPPELSA-FUOCO-SULLE-PALE.mp3<\/a><\/audio>\n<p>&nbsp;<\/p>\n<p><a class=\"dt-pswp-item\" href=\"https:\/\/www.radiopiu.net\/wordpress\/wp-content\/uploads\/2020\/10\/bed16db6-d45a-4668-904c-39ae912af74d.jpg\" data-dt-img-description=\"\" data-large_image_width=\"1080\" data-large_image_height=\"811\"><img loading=\"lazy\" decoding=\"async\" class=\"size-medium wp-image-168479 alignleft\" src=\"https:\/\/www.radiopiu.net\/wordpress\/wp-content\/uploads\/2020\/10\/bed16db6-d45a-4668-904c-39ae912af74d-300x225.jpg\" alt=\"\" width=\"300\" height=\"225\" srcset=\"https:\/\/www.radiopiu.net\/wordpress\/wp-content\/uploads\/2020\/10\/bed16db6-d45a-4668-904c-39ae912af74d-300x225.jpg 300w, https:\/\/www.radiopiu.net\/wordpress\/wp-content\/uploads\/2020\/10\/bed16db6-d45a-4668-904c-39ae912af74d-1024x769.jpg 1024w, https:\/\/www.radiopiu.net\/wordpress\/wp-content\/uploads\/2020\/10\/bed16db6-d45a-4668-904c-39ae912af74d-768x577.jpg 768w, https:\/\/www.radiopiu.net\/wordpress\/wp-content\/uploads\/2020\/10\/bed16db6-d45a-4668-904c-39ae912af74d.jpg 1080w\" sizes=\"auto, (max-width: 300px) 100vw, 300px\" \/><\/a>&#8220;&#8230;elo che, agosto?&#8221;. Questo fu il mio primo pensiero appena uscito dal capannone poco dopo mezzogiorno. Mentre mi recavo in mensa guardai i boschi sopra Longarone. Erano colorati d&#8217;autunno e non c&#8217;era una nuvola in cielo in quel mercoled\u00ec 24 ottobre 2018. E c&#8217;era caldo, troppo caldo per essere autunno ormai inoltrato. Pranzai e poi fu un normale pomeriggio di lavoro finch\u00e9, verso le 16, lessi un messaggio arrivato qualche minuto prima. Un incendio in agordino, fra Cencenighe e Listolade scoppiato nel pomeriggio. Sperai fosse cosa da poco anche se un p\u00f2 di preoccupazione c&#8217;era visto che non pioveva da un p\u00f2 e c&#8217;era pure un p\u00f2 di vento. Mezz&#8217;ora pi\u00f9 tardi presi la strada per il capoluogo. Appena imboccata la Sinistra Piave vidi per la prima volta la terribile nube di fumo sopra la Valbelluna e rimasi alquanto impressionato da quella visione. Arrivai a casa e chiamai pap\u00e0 a Cencenighe. Poco dopo mi mand\u00f2 una foto ed un breve video di ci\u00f2 che stava accadendo. Una visione inquietante quella di quei nuvoloni bianchi e grigi che risalivano i costoni delle Pale di San Lucano. Arriv\u00f2 pure la notizia di due giovani bloccati in un &#8220;boral&#8221; nella zona del bivacco Bedin. Cenai in fretta e partii verso l&#8217;agordino per capire cosa stesse accadendo. Mentre guidavo lungo la 203 ogni tanto scrutavo il cielo. Stranamente si vedevano le stelle ed il fumo pareva essere scomparso. &#8220;&#8230;fursi i sar\u00e0 riusii a stusalo\u2026&#8221; pensai con troppo ottimismo. Dopo la curva di Ponte Alto mi si present\u00f2 davanti l&#8217;inferno. Una visione paurosa quella del fuoco che si inoltrava rapidamente in Valle di San Lucano. All&#8217;uscita della galleria di Listolade mi fermai: era in quel punto che l&#8217;incendio si era scatenato ed eravamo in tanti a guardare quelle fiamme ormai imponenti. C&#8217;era il silenzio delle persone ed il rumore di sassi che rotolavano e schioccare di alberi che iniziavano ad ardere. E poi il soffiare violento di quel vento caldo che spirava verso sud alimentando il fuoco. Il termometro della macchina segnava 24\u00b0 ed il pensiero andava a quei giovani bloccati lass\u00f9. Pi\u00f9 tardi partii verso Cencenighe e davanti a me c&#8217;era la jeep del Soccorso Alpino. Quando la vidi svoltare verso Pradimezzo capii. Sarebbero saliti lass\u00f9, sfidando il fumo e le fiamme per trarre in salvo quei giovani. Pregai per loro confidando che andasse tutto per il meglio. Dopo le 22 partii per rientrare a Belluno. Mi fermai un attimo all&#8217;area di servizio di Morbiach per vedere com&#8217;era la situazione. Era uscita una gran Luna e lampeggianti blu squarciavano il buio. Poi ripresi la strada verso casa con le fiamme che si facevano vedere negli specchietti retrovisori. Al mattino la buona notizia: i giovani erano stati tratti in salvo con una operazione di soccorso memorabile. Si misero in moto i Canadair, gli elicotteri ed il personale a terra. La Valle di San Lucano venne evacuata e si inizi\u00f2 a sperare nella pioggia che era prevista nei giorni successivi. Che arriv\u00f2 puntuale e purtroppo distruttrice. Le Pale portano ancora le cicatrici di quel fuoco a cui si aggiunsero le profonde ferite della tempesta Vaia che si scaten\u00f2 il luned\u00ec successivo sulle Dolomiti. Iniziarono cos\u00ec per me quei giorni di fine ottobre 2018. Giorni tristi, impossibili da dimenticare.<\/p>\n<h2><span style=\"color: #33cccc;\"><strong>LA RACCOLTA COMPLETA<\/strong><\/span><\/h2>\n<blockquote class=\"wp-embedded-content\" data-secret=\"aRcVCNVeAp\"><p><a href=\"https:\/\/www.radiopiu.net\/wordpress\/i-racconti-di-paolo-soppelsa\/\">I racconti di Paolo Soppelsa<\/a><\/p><\/blockquote>\n<p><iframe loading=\"lazy\" class=\"wp-embedded-content\" sandbox=\"allow-scripts\" security=\"restricted\" style=\"position: absolute; clip: rect(1px, 1px, 1px, 1px);\" title=\"&#8220;I racconti di Paolo Soppelsa&#8221; &#8212; Radio Pi\u00f9\" src=\"https:\/\/www.radiopiu.net\/wordpress\/i-racconti-di-paolo-soppelsa\/embed\/#?secret=aRcVCNVeAp\" data-secret=\"aRcVCNVeAp\" width=\"600\" height=\"338\" frameborder=\"0\" marginwidth=\"0\" marginheight=\"0\" scrolling=\"no\"><\/iframe><\/p>\n<\/div>\n<p>&nbsp;<\/p>\n<hr \/>\n<div>\n<h2><span style=\"color: #000080;\"><a class=\"dt-pswp-item\" href=\"https:\/\/www.radiopiu.net\/wordpress\/wp-content\/uploads\/2020\/10\/pp.jpg\" data-dt-img-description=\"\" data-large_image_width=\"640\" data-large_image_height=\"640\"><img loading=\"lazy\" decoding=\"async\" class=\"wp-image-163678 alignleft\" src=\"https:\/\/www.radiopiu.net\/wordpress\/wp-content\/uploads\/2020\/10\/pp-300x300.jpg\" alt=\"\" width=\"106\" height=\"106\" srcset=\"https:\/\/www.radiopiu.net\/wordpress\/wp-content\/uploads\/2020\/10\/pp-300x300.jpg 300w, https:\/\/www.radiopiu.net\/wordpress\/wp-content\/uploads\/2020\/10\/pp-150x150.jpg 150w, https:\/\/www.radiopiu.net\/wordpress\/wp-content\/uploads\/2020\/10\/pp-125x125.jpg 125w, https:\/\/www.radiopiu.net\/wordpress\/wp-content\/uploads\/2020\/10\/pp-200x200.jpg 200w, https:\/\/www.radiopiu.net\/wordpress\/wp-content\/uploads\/2020\/10\/pp-80x80.jpg 80w, https:\/\/www.radiopiu.net\/wordpress\/wp-content\/uploads\/2020\/10\/pp-480x480.jpg 480w, https:\/\/www.radiopiu.net\/wordpress\/wp-content\/uploads\/2020\/10\/pp.jpg 640w\" sizes=\"auto, (max-width: 106px) 100vw, 106px\" \/><\/a>DON CESARE, IL PENSIERO DEL GIORNO. ALLA RADIO ALLE 7 DEL MATTINO E ALLE 19.30 DELLA SERA.\u00a0\u00a0<\/span><\/h2>\n<\/div>\n<p>&nbsp;<\/p>\n<p>&nbsp;<\/p>\n<audio class=\"wp-audio-shortcode\" id=\"audio-168495-8\" preload=\"none\" style=\"width: 100%;\" controls=\"controls\"><source type=\"audio\/mpeg\" src=\"https:\/\/www.radiopiu.net\/wordpress\/wp-content\/uploads\/2020\/10\/CESARE-20.mp3?_=8\" \/><a href=\"https:\/\/www.radiopiu.net\/wordpress\/wp-content\/uploads\/2020\/10\/CESARE-20.mp3\">https:\/\/www.radiopiu.net\/wordpress\/wp-content\/uploads\/2020\/10\/CESARE-20.mp3<\/a><\/audio>\n<p>&nbsp;<\/p>\n<hr \/>\n<p>&nbsp;<\/p>\n<div>\n<p><a class=\"dt-pswp-item\" href=\"https:\/\/www.radiopiu.net\/wordpress\/wp-content\/uploads\/2018\/09\/viabilita.jpeg\" data-dt-img-description=\"\" data-large_image_width=\"800\" data-large_image_height=\"100\"><img loading=\"lazy\" decoding=\"async\" class=\"aligncenter wp-image-61954 size-full\" src=\"https:\/\/www.radiopiu.net\/wordpress\/wp-content\/uploads\/2018\/09\/viabilita.jpeg\" alt=\"\" width=\"800\" height=\"100\" srcset=\"https:\/\/www.radiopiu.net\/wordpress\/wp-content\/uploads\/2018\/09\/viabilita.jpeg 800w, https:\/\/www.radiopiu.net\/wordpress\/wp-content\/uploads\/2018\/09\/viabilita-300x38.jpeg 300w, https:\/\/www.radiopiu.net\/wordpress\/wp-content\/uploads\/2018\/09\/viabilita-768x96.jpeg 768w\" sizes=\"auto, (max-width: 800px) 100vw, 800px\" \/><\/a><\/p>\n<\/div>\n<p>&nbsp;<\/p>\n<p><strong>PROVINCIALE 251\u00a0<\/strong> COLLE SANTA LUCIA Fino al 28 novembre senso unico (per asfaltature) compresi sabato e domenica (stessa situazione lungo la 203 agordina in localit\u00e0 Rucav\u00e0)<\/p>\n<p><strong>SP 638 PASSO GIAU <\/strong>A Colle Santa Lucia fino\u00a0al 28 ottobre. esclusi sabato e domenica senso unico alternato per indagini geognostiche<\/p>\n<p><strong>SP 12 PEDEMONTANA <\/strong>senso unico alternato regolato da impianto semaforico in localit\u00e0 Veses fino al 6 novembre, esclusi sabati e domeniche, per messa in sicurezza versante a monte della strada<\/p>\n<p><strong>SP 25 DEL PASSO VALLES<\/strong> senso unico alternato regolato da impianto semaforico in localit\u00e0 Caverson fino al 30 ottobre, esclusi sabati e domenica, \u00a0per manutenzione sovrappasso pista da sci<\/p>\n<p><strong>SR 48 DELLE DOLOMITI<\/strong> Fino al 30 ottobre (festivi e prefestivi esclusi) senso unico alternato con movieri o semafori<\/p>\n<p><strong>203 AGORDINA, ALLEGHE<\/strong> LOCALITA&#8217; SOPRA SAC\u00a0 fino \u00a0al 30 ottobre (sabato e domenica esclusi) senso unico alternato per allestimento opere anti valanghive<\/p>\n<p><strong>SP 3 DELLA VAL IMPERINA<\/strong> fino a revoca, senso unico alternato regolato a vista in localit\u00e0 Gona di Conedera di Rivamonte per cedimento della carreggiata stradale<\/p>\n<p><strong>SR 48 DELLE DOLOMITI<\/strong> fino\u00a0 al 6 novembre (festivi e prefestivi inclusi) senso unico alternato in localit\u00e0 Brenta Comune di Livinallongo del Col di Lana.<\/p>\n<p><strong>SP 422 DELL&#8217;ALPAGO E DEL CANSIGLIO<\/strong> fino al 30 ottobre senso unico alternato regolato da movieri tra le 8 e le 19 tra Puos e Cornei per posa fibra ottica<\/p>\n<p><strong>SR 48 DELLE DOLOMITI\u00a0 <\/strong>fino\u00a0al 31 ottobre, compresi sabati e domeniche, senso unico alternato regolato da impianto semaforico tra Passo Falzarego e il parcheggio 5 Torri per posa elettrodotto interrato<\/p>\n<p><strong>SP 49 DI MISURINA <\/strong>fino al\u00a020 novembre, senso unico alternato regolato da impianto semaforico tra Misurina e il confine con la provincia di Bolzano per posa elettrodotto interrato<\/p>\n<p><strong>REGIONALE 48 DELLE DOLOMITI<\/strong> localit\u00e0 Cernadoi-Pian di Falzarego, fino al 30 ottobre senso unico alternato regolato da semaforo anche nei giorni festivi e prefestivi.<\/p>\n<p><strong>PROVINCIALE 251 VAL DI ZOLDO E CELLINA<\/strong> localit\u00e0 Pescul-Selva di Cadore, fino al 31 ottobre senso unico alternato con movieri o semaforo, escluso sabato e domenica.<\/p>\n<p><strong>PROVINCIALE 641 PASSO FEDAIA<\/strong> Fino al 30 ottobre compresi festivi e prefestivi senso unico con semaforo in localit\u00e0 Capanna Bill<\/p>\n<p><strong>REGIONALE 203 AGORDINA<\/strong>\u00a0 Fino\u00a0 al 18 dicembre (esclusi festivi e prefestivi) senso unico alternato tra Peron e Candaten con movieri dalle 7.30 alle 9 e dalle 16.30 alle 18. Con semaforo negli altri orari<\/p>\n<p><strong>REGIONALE 203 AGORDINA<\/strong> Fino al 30 ottobre (sabato e domenica esclusi) tra Candaten e La Stanga dalle 7.30 alle 9 e dalle 16.30 alle 18 con movieri e negli altri orari con semaforo, senso unico alternato.<\/p>\n<div>\n<p>&nbsp;<\/p>\n<hr \/>\n<p>&nbsp;<\/p>\n<p class=\"photoswipe-wrapper\"><a class=\"dt-pswp-item pspw-wrap-ready\" href=\"https:\/\/i0.wp.com\/www.radiopiu.net\/wordpress\/wp-content\/uploads\/2018\/09\/WhatsApp-Image-2018-09-20-at-16.04.06.jpeg?ssl=1\" data-dt-img-description=\"\" data-large_image_width=\"800\" data-large_image_height=\"100\"><img loading=\"lazy\" decoding=\"async\" class=\"aligncenter wp-image-61378 size-full jetpack-lazy-image jetpack-lazy-image--handled\" src=\"https:\/\/i0.wp.com\/www.radiopiu.net\/wordpress\/wp-content\/uploads\/2018\/09\/WhatsApp-Image-2018-09-20-at-16.04.06.jpeg?resize=800%2C100&amp;ssl=1\" sizes=\"auto, (max-width: 800px) 100vw, 800px\" srcset=\"https:\/\/i0.wp.com\/www.radiopiu.net\/wordpress\/wp-content\/uploads\/2018\/09\/WhatsApp-Image-2018-09-20-at-16.04.06.jpeg?w=800&amp;ssl=1 800w, https:\/\/i0.wp.com\/www.radiopiu.net\/wordpress\/wp-content\/uploads\/2018\/09\/WhatsApp-Image-2018-09-20-at-16.04.06.jpeg?resize=300%2C38&amp;ssl=1 300w, https:\/\/i0.wp.com\/www.radiopiu.net\/wordpress\/wp-content\/uploads\/2018\/09\/WhatsApp-Image-2018-09-20-at-16.04.06.jpeg?resize=768%2C96&amp;ssl=1 768w\" alt=\"\" width=\"800\" height=\"100\" data-lazy-loaded=\"1\" \/><\/a><\/p>\n<\/div>\n<p>&nbsp;<\/p>\n<p><center><b>Martedi 27<\/b><\/center><b>Tempo atteso:\u00a0<\/b>Nottetempo perturbabilit\u00e0 ancora diffusa, seguita al mattino da rapido esaurimento del maltempo sulle Prealpi occidentali, sar\u00e0 pi\u00f9 lento altrove. Successivamente il tempo migliorer\u00e0, specie sulle sulle Dolomiti, mentre residui addensamenti sosteranno ancora sulle Prealpi. Atmosfera assai pi\u00f9 fredda in quota.<br \/>\n<b>Precipitazioni:\u00a0<\/b>Diffuse nottetempo (90\/100%), nevose oltre i 1800\/1900 m, localmente e temporaneamente fino sui 1600\/1700 m nelle valli dolomitiche pi\u00f9 chiuse. Dal primo mattino esaurimento dei fenomeni sulle Prealpi occidentali, ma non altrove (60\/80%). Al pomeriggio assenti sulle Dolomiti (0%), mentre qualche residuo piovasco si verificher\u00e0 tra Prealpi e pedemontana (30\/40%). I cumuli complessivi medi previsti saranno di 40\/50 mm, fino a 60\/70 mm nelle zone esposte allo Stau da sud-est senza escludere locali punte di 90\/100 mm su alcuni settori prealpini, sul basso Agordino e in Val di Zoldo, con altrettanti cm di neve fresca sopra i 2500\/2600 m, sotto tali quote i quantitativi di neve saranno minori per contributo pioggia (mediamente 15\/20 cm attono ai 2000\/2200 m).<br \/>\n<b>Temperature:\u00a0<\/b>In generale lieve calo, salvo stazionariet\u00e0 o lieve rialzo delle massime nelle valli nell&#8217;ipotesi di momenti soleggiati al pomeriggio. Sono previste punte di 13\/14\u00b0C nelle conche prealpine e di 7\/9\u00b0C a 1000\/1200 m. Su Prealpi a 1500 m min 2\u00b0C max 4\u00b0C, a 2000 m min 0\u00b0C max 2\u00b0C. Su Dolomiti a 2000 m min -1\u00b0C max 1\u00b0C, a 3000 m min -6\u00b0C max -4\u00b0C.<br \/>\n<b>Venti:\u00a0<\/b>Deboli di direzione variabile nelle valli; moderati dai quadranti meridionali in quota, in attenuazione fino a deboli al pomeriggio, a 5-15 km\/h a 2000 m e 5-25 km\/h a 3000 m.<\/p>\n<hr \/>\n<p><center><b>Mercoledi 28<\/b><\/center><b>Tempo atteso:\u00a0<\/b>Al mattino sole e cielo sereno o velato per transito di sottili nubi alte; al pomeriggio cielo sereno. Aria tersa e ottima visibilit\u00e0 sulle Dolomiti, anche sulle Prealpi, dove, tuttavia, occorrer\u00e0 aspettare il dissolvimento delle nubi basse o delle nebbie mattutine nelle conche o su alcuni settori degli altopiani. Maggiore escursione termica diurna nelle valli.<br \/>\n<b>Precipitazioni:\u00a0<\/b>Assenti (0%).<br \/>\n<b>Temperature:\u00a0<\/b>Minime in calo nelle valli ed in rialzo in alta quota; massime in generale ripresa. Sono previste punte di 13\/15\u00b0C nei fondovalle prealpini e di 10\/12\u00b0C a 1000\/1200 m. Su Prealpi a 1500 m min 4\u00b0C max 8\u00b0C, a 2000 m min 2\u00b0C max 5\u00b0C. Su Dolomiti a 2000 m min 1\u00b0C max 6\u00b0C, a 3000 m min -2\u00b0C max 0\u00b0C.<br \/>\n<b>Venti:\u00a0<\/b>Nelle valli perlopi\u00f9 deboli a regime di brezza, localmente e a tratti moderati; in quota deboli\/moderati da ovest nord-ovest, a 5-10 km\/h a 2000 m e 10-20 km\/h a 3000 m.<\/p>\n<hr \/>\n<p><center><b>Giovedi 29<\/b><\/center>Sulle Dolomiti estesa nuvolosit\u00e0 alta o medio-alta stratiforme, con rischio al mattino di qualche goccia e di neve burrascosa sopra i 2300 m. Stessa nuvolosit\u00e0, anche se meno compatta sulle Prealpi, dove occorrer\u00e0 considerare l&#8217;eventuale presenza di nubi basse o di nebbie mattutine su alcuni settori. Al pomeriggio attenuazione della nuvolosit\u00e0 ovunque. Temperature minime in aumento e massime in diminuzione. Venti perlopi\u00f9 moderati da nord-ovest in quota, a tratti tesi sulle cime dolomitiche pi\u00f9 alte; deboli di direzione variabile nelle valli.<\/p>\n<hr \/>\n<p><center><b>Venerdi 30<\/b><\/center>Tempo stabile con estese velature del cielo o temporanee nubi di sottovento al mattino, in diradamento al pomeriggio, con rasserenamenti sempre pi\u00f9 ampi. Temperature in generale rialzo, anche per favonio in alcune valli. Venti deboli\/moderati nelle valli con rinforzi per episodi di Foehn, specie in alcune valli dolomitiche e sui Lessini; in quota venti tesi\/forti da nord nord-ovest, in attenuazione al pomeriggio. Previsore: R.L.Th.<\/p>\n<p>&nbsp;<\/p>\n<hr \/>\n<p>&nbsp;<\/p>\n<p><a class=\"dt-pswp-item\" href=\"https:\/\/www.radiopiu.net\/wordpress\/wp-content\/uploads\/2018\/09\/sport.jpg\" data-dt-img-description=\"\" data-large_image_width=\"800\" data-large_image_height=\"100\"><img loading=\"lazy\" decoding=\"async\" class=\"wp-image-60761 size-full aligncenter\" src=\"https:\/\/www.radiopiu.net\/wordpress\/wp-content\/uploads\/2018\/09\/sport.jpg\" alt=\"\" width=\"800\" height=\"100\" srcset=\"https:\/\/www.radiopiu.net\/wordpress\/wp-content\/uploads\/2018\/09\/sport.jpg 800w, https:\/\/www.radiopiu.net\/wordpress\/wp-content\/uploads\/2018\/09\/sport-300x38.jpg 300w, https:\/\/www.radiopiu.net\/wordpress\/wp-content\/uploads\/2018\/09\/sport-768x96.jpg 768w\" sizes=\"auto, (max-width: 800px) 100vw, 800px\" \/><\/a><\/p>\n<p>&nbsp;<\/p>\n<blockquote>\n<h3>AGORDINA: LO STOP CONTRO L&#8217;ARSI\u00c8 E IL CONGELAMENTO DEI CAMPIONATI DOPO IL DPCM. NE PARLA IL PRESIDENTE COSMO FORCELLA<\/h3>\n<\/blockquote>\n<p><strong><a class=\"dt-pswp-item\" href=\"https:\/\/www.radiopiu.net\/wordpress\/wp-content\/uploads\/2019\/09\/COSMO-FORCELLA.jpeg\" data-dt-img-description=\"\" data-large_image_width=\"1200\" data-large_image_height=\"1600\"><img loading=\"lazy\" decoding=\"async\" class=\"size-medium wp-image-98244 alignleft\" src=\"https:\/\/www.radiopiu.net\/wordpress\/wp-content\/uploads\/2019\/09\/COSMO-FORCELLA-225x300.jpeg\" alt=\"\" width=\"225\" height=\"300\" srcset=\"https:\/\/www.radiopiu.net\/wordpress\/wp-content\/uploads\/2019\/09\/COSMO-FORCELLA-225x300.jpeg 225w, https:\/\/www.radiopiu.net\/wordpress\/wp-content\/uploads\/2019\/09\/COSMO-FORCELLA-768x1024.jpeg 768w, https:\/\/www.radiopiu.net\/wordpress\/wp-content\/uploads\/2019\/09\/COSMO-FORCELLA.jpeg 1200w\" sizes=\"auto, (max-width: 225px) 100vw, 225px\" \/><\/a>AGORDO<\/strong> Nel fine settimana l&#8217;Agordina non \u00e8 scesa in campo contro l&#8217;Arsi\u00e8 perch\u00e9 la squadra avversaria ha avuto delle positivit\u00e0 al covid-19. In pi\u00f9, dopo il DPCM di domenica scorsa, i campionati verranno congelati fino al 24 novembre. Ai microfoni di Radio Pi\u00f9 ne parla il presidente dell&#8217;Agordina Cosmo Forcella<\/p>\n<audio class=\"wp-audio-shortcode\" id=\"audio-168495-9\" preload=\"none\" style=\"width: 100%;\" controls=\"controls\"><source type=\"audio\/mpeg\" src=\"https:\/\/www.radiopiu.net\/wordpress\/wp-content\/uploads\/2020\/10\/COSMO-RINVIO-ARSIE-E-DPCM.mp3?_=9\" \/><a href=\"https:\/\/www.radiopiu.net\/wordpress\/wp-content\/uploads\/2020\/10\/COSMO-RINVIO-ARSIE-E-DPCM.mp3\">https:\/\/www.radiopiu.net\/wordpress\/wp-content\/uploads\/2020\/10\/COSMO-RINVIO-ARSIE-E-DPCM.mp3<\/a><\/audio>\n<p>&nbsp;<\/p>\n<hr \/>\n<p>&nbsp;<\/p>\n","protected":false},"excerpt":{"rendered":"<p>PER RICEVERE QUESTO NOTIZIARIO DIRETTAMENTE SUL TUO CELLULARE ISCRIVITI AL CANALE TELEGRAM \u201cRADIO PIU\u00a0 INFORMAZIONE&#8221; ATTENZIONE: LA NUOVA APP PER IOS-IPHONE https:\/\/apps.apple.com\/it\/app\/radio-pi%C3%B9-emittente-agordina\/id1515939845 ATTENZIONE: LA NUOVA APP RADIO\u00a0 PER ANDROID https:\/\/play.google.com\/store\/apps\/details?id=net.radiopiu.iniko\u00a0\u00a0\u00a0 OGGI ALLA RADIO: ALLE 10.30 E 1900 LEGGERMENTE BELLUNESI DI LUISA ALCHINI, di Michele Cau &#8220;Magno Magni&#8221;\u00a0 Alle 15.10 e 21.00 di Claudio Fontanive i&hellip;<\/p>\n","protected":false},"author":4,"featured_media":168800,"comment_status":"closed","ping_status":"closed","sticky":false,"template":"","format":"standard","meta":{"_monsterinsights_skip_tracking":false,"_monsterinsights_sitenote_active":false,"_monsterinsights_sitenote_note":"","_monsterinsights_sitenote_category":0,"footnotes":""},"categories":[1,51,86,49],"tags":[],"class_list":["post-168495","post","type-post","status-publish","format-standard","has-post-thumbnail","hentry","category-senza-categoria","category-evidenza-top","category-gr","category-news-18","category-1","category-51","category-86","category-49","description-off"],"img_url":"https:\/\/www.radiopiu.net\/wordpress\/wp-content\/uploads\/2020\/10\/9d63710c-2384-4e2d-9af1-4701fb5d8a80.jpg","_links":{"self":[{"href":"https:\/\/www.radiopiu.net\/wordpress\/wp-json\/wp\/v2\/posts\/168495","targetHints":{"allow":["GET"]}}],"collection":[{"href":"https:\/\/www.radiopiu.net\/wordpress\/wp-json\/wp\/v2\/posts"}],"about":[{"href":"https:\/\/www.radiopiu.net\/wordpress\/wp-json\/wp\/v2\/types\/post"}],"author":[{"embeddable":true,"href":"https:\/\/www.radiopiu.net\/wordpress\/wp-json\/wp\/v2\/users\/4"}],"replies":[{"embeddable":true,"href":"https:\/\/www.radiopiu.net\/wordpress\/wp-json\/wp\/v2\/comments?post=168495"}],"version-history":[{"count":0,"href":"https:\/\/www.radiopiu.net\/wordpress\/wp-json\/wp\/v2\/posts\/168495\/revisions"}],"wp:featuredmedia":[{"embeddable":true,"href":"https:\/\/www.radiopiu.net\/wordpress\/wp-json\/wp\/v2\/media\/168800"}],"wp:attachment":[{"href":"https:\/\/www.radiopiu.net\/wordpress\/wp-json\/wp\/v2\/media?parent=168495"}],"wp:term":[{"taxonomy":"category","embeddable":true,"href":"https:\/\/www.radiopiu.net\/wordpress\/wp-json\/wp\/v2\/categories?post=168495"},{"taxonomy":"post_tag","embeddable":true,"href":"https:\/\/www.radiopiu.net\/wordpress\/wp-json\/wp\/v2\/tags?post=168495"}],"curies":[{"name":"wp","href":"https:\/\/api.w.org\/{rel}","templated":true}]}}