{"id":168594,"date":"2020-10-26T10:56:34","date_gmt":"2020-10-26T09:56:34","guid":{"rendered":"https:\/\/www.radiopiu.net\/wordpress\/?p=168594"},"modified":"2020-10-26T15:31:55","modified_gmt":"2020-10-26T14:31:55","slug":"il-comitato-gemellaggio-di-agordo-si-e-incontrato-venerdi-scorso","status":"publish","type":"post","link":"https:\/\/www.radiopiu.net\/wordpress\/il-comitato-gemellaggio-di-agordo-si-e-incontrato-venerdi-scorso\/","title":{"rendered":"IL COMITATO GEMELLAGGIO DI AGORDO SI \u00c8 INCONTRATO VENERD\u00ec SCORSO"},"content":{"rendered":"<p><strong><a class=\"dt-pswp-item\" href=\"https:\/\/www.radiopiu.net\/wordpress\/wp-content\/uploads\/2020\/10\/fotoPresentazione-libro290619-scaled.jpg\" data-dt-img-description=\"\" data-large_image_width=\"2560\" data-large_image_height=\"1696\"><img loading=\"lazy\" decoding=\"async\" class=\"size-medium wp-image-168593 alignleft\" src=\"https:\/\/www.radiopiu.net\/wordpress\/wp-content\/uploads\/2020\/10\/fotoPresentazione-libro290619-300x199.jpg\" alt=\"\" width=\"300\" height=\"199\" srcset=\"https:\/\/www.radiopiu.net\/wordpress\/wp-content\/uploads\/2020\/10\/fotoPresentazione-libro290619-300x199.jpg 300w, https:\/\/www.radiopiu.net\/wordpress\/wp-content\/uploads\/2020\/10\/fotoPresentazione-libro290619-1024x678.jpg 1024w, https:\/\/www.radiopiu.net\/wordpress\/wp-content\/uploads\/2020\/10\/fotoPresentazione-libro290619-768x509.jpg 768w, https:\/\/www.radiopiu.net\/wordpress\/wp-content\/uploads\/2020\/10\/fotoPresentazione-libro290619-1536x1017.jpg 1536w, https:\/\/www.radiopiu.net\/wordpress\/wp-content\/uploads\/2020\/10\/fotoPresentazione-libro290619-2048x1356.jpg 2048w\" sizes=\"auto, (max-width: 300px) 100vw, 300px\" \/><\/a>AGORDO\u00a0<\/strong>Si \u00e8 riunita l\u2019assemblea dei soci del Comitato di Gemellaggio di Agordo in seguito all&#8217;annullamento della convocazione della primavera scorsa a causa del lockdown. La Presidente Michela Paganin ha illustrato il bilancio\u00a0 e\u00a0 le iniziative realizzate nel 2019:\u00a0 la visita dello scorso maggio dei gemelli Francesi che hanno visitato e apprezzato i graffiti che costellano il paese di Agordo;\u00a0 il tour guidato al museo Fulcis di Belluno e al birrificio di Pedavena.<span class=\"Apple-converted-space\">\u00a0\u00a0<\/span>In occasione della Sagra di San Pietro del 2019 era stato presentato anche il libro che ricorda i 30 anni <span class=\"Apple-converted-space\">\u00a0 <\/span>di Gemellaggio tra Agordo e Zugliano. Nell&#8217;autunno la cena a base di piatti francesi aperta a tutti.<span class=\"Apple-converted-space\">\u00a0\u00a0<\/span>Le iniziative sono state rese possibili grazie al contributo del Consorzio Bim Piave di Belluno e del Comune di Agordo, da sempre sensibili e vicini al Comitato di Gemellaggio. Se l&#8217;emergenza sanitaria lo permetter\u00e0, sono gi\u00e0 in cantiere delle idee e dei progetti da realizzare nel 2021. Nei prossimi mesi si definiranno i dettagli e verr\u00e0 data opportuna informazione.<\/p>\n","protected":false},"excerpt":{"rendered":"<p>AGORDO\u00a0Si \u00e8 riunita l\u2019assemblea dei soci del Comitato di Gemellaggio di Agordo in seguito all&#8217;annullamento della convocazione della primavera scorsa a causa del lockdown. La Presidente Michela Paganin ha illustrato il bilancio\u00a0 e\u00a0 le iniziative realizzate nel 2019:\u00a0 la visita dello scorso maggio dei gemelli Francesi che hanno visitato e apprezzato i graffiti che costellano&hellip;<\/p>\n","protected":false},"author":4,"featured_media":168593,"comment_status":"closed","ping_status":"closed","sticky":false,"template":"","format":"standard","meta":{"_monsterinsights_skip_tracking":false,"_monsterinsights_sitenote_active":false,"_monsterinsights_sitenote_note":"","_monsterinsights_sitenote_category":0,"footnotes":""},"categories":[49],"tags":[],"class_list":["post-168594","post","type-post","status-publish","format-standard","has-post-thumbnail","hentry","category-news-18","category-49","description-off"],"img_url":"https:\/\/www.radiopiu.net\/wordpress\/wp-content\/uploads\/2020\/10\/fotoPresentazione-libro290619-scaled.jpg","_links":{"self":[{"href":"https:\/\/www.radiopiu.net\/wordpress\/wp-json\/wp\/v2\/posts\/168594","targetHints":{"allow":["GET"]}}],"collection":[{"href":"https:\/\/www.radiopiu.net\/wordpress\/wp-json\/wp\/v2\/posts"}],"about":[{"href":"https:\/\/www.radiopiu.net\/wordpress\/wp-json\/wp\/v2\/types\/post"}],"author":[{"embeddable":true,"href":"https:\/\/www.radiopiu.net\/wordpress\/wp-json\/wp\/v2\/users\/4"}],"replies":[{"embeddable":true,"href":"https:\/\/www.radiopiu.net\/wordpress\/wp-json\/wp\/v2\/comments?post=168594"}],"version-history":[{"count":0,"href":"https:\/\/www.radiopiu.net\/wordpress\/wp-json\/wp\/v2\/posts\/168594\/revisions"}],"wp:featuredmedia":[{"embeddable":true,"href":"https:\/\/www.radiopiu.net\/wordpress\/wp-json\/wp\/v2\/media\/168593"}],"wp:attachment":[{"href":"https:\/\/www.radiopiu.net\/wordpress\/wp-json\/wp\/v2\/media?parent=168594"}],"wp:term":[{"taxonomy":"category","embeddable":true,"href":"https:\/\/www.radiopiu.net\/wordpress\/wp-json\/wp\/v2\/categories?post=168594"},{"taxonomy":"post_tag","embeddable":true,"href":"https:\/\/www.radiopiu.net\/wordpress\/wp-json\/wp\/v2\/tags?post=168594"}],"curies":[{"name":"wp","href":"https:\/\/api.w.org\/{rel}","templated":true}]}}