{"id":168681,"date":"2020-10-26T15:13:54","date_gmt":"2020-10-26T14:13:54","guid":{"rendered":"https:\/\/www.radiopiu.net\/wordpress\/?p=168681"},"modified":"2020-10-26T15:13:54","modified_gmt":"2020-10-26T14:13:54","slug":"confartigianato-boccia-il-governo-per-le-scorrette-penalizzazioni-e-attende-segnali-in-termini-di-supporto","status":"publish","type":"post","link":"https:\/\/www.radiopiu.net\/wordpress\/confartigianato-boccia-il-governo-per-le-scorrette-penalizzazioni-e-attende-segnali-in-termini-di-supporto\/","title":{"rendered":"CONFARTIGIANATO BOCCIA IL GOVERNO PER LE\u00a0 SCORRETTE PENALIZZAZIONI E ATTENDE SEGNALI IN TERMINI DI SUPPORTO"},"content":{"rendered":"<blockquote>\n<h3><\/h3>\n<\/blockquote>\n<p><strong><a class=\"dt-pswp-item\" href=\"https:\/\/www.radiopiu.net\/wordpress\/wp-content\/uploads\/2020\/06\/pasticceria-giocoebenessere3.jpg\" data-dt-img-description=\"\" data-large_image_width=\"800\" data-large_image_height=\"533\"><img loading=\"lazy\" decoding=\"async\" class=\" wp-image-142496 alignleft\" src=\"https:\/\/www.radiopiu.net\/wordpress\/wp-content\/uploads\/2020\/06\/pasticceria-giocoebenessere3-300x200.jpg\" alt=\"\" width=\"185\" height=\"123\" srcset=\"https:\/\/www.radiopiu.net\/wordpress\/wp-content\/uploads\/2020\/06\/pasticceria-giocoebenessere3-300x200.jpg 300w, https:\/\/www.radiopiu.net\/wordpress\/wp-content\/uploads\/2020\/06\/pasticceria-giocoebenessere3-768x512.jpg 768w, https:\/\/www.radiopiu.net\/wordpress\/wp-content\/uploads\/2020\/06\/pasticceria-giocoebenessere3.jpg 800w\" sizes=\"auto, (max-width: 185px) 100vw, 185px\" \/><\/a>BELLUNO<\/strong> <span style=\"font-family: Helvetica;\">Tutto chiuso dopo le 18 per bar, pub,\u00a0 ristoranti e pasticcerie. <\/span><span style=\"font-family: Helvetica;\">Inevitabili\u00a0 le ripercussioni su un settore gi\u00e0 messo a dura prova dal lockdown della scorsa primavera. Cos\u00ec come sono inevitabili i timori, manifestati a chiare lettere da Cristiano Gaggion, a capo dei produttori dolciari di Confartigianato: <em>\u00abNon riesco a capire la logica secondo la quale la grande distribuzione \u00e8 legittimata a proseguire nelle sua attivit\u00e0, anche oltre le 18, e noi no. Se non in termini di asporto. \u00c8 scorretto nei confronti delle realt\u00e0 artigiane\u00bb. Il Governo ha garantito ristori economici: \u00abUn supporto \u00e8 necessario e ce lo auguriamo. Ma, in questo senso, non abbiamo alcuna certezza\u00bb.\u00a0 <\/em><\/span><span style=\"font-family: Helvetica;\">Salvare le festivit\u00e0 natalizie diventa ora prioritario: <em>\u00abCi avviciniamo a un periodo estremamente importante per il fatturato &#8211; prosegue Gaggion -. Gi\u00e0 siamo stati costretti a chiudere a Pasqua, non vorremmo che la storia si ripetesse pure a Natale. Anche perch\u00e9 diverse aziende sono in sofferenza, tra mutui e decine di dipendenti a carico. Auspico arrivi presto un segnale chiaro in termini di supporto\u00bb.\u00a0<\/em><\/span><\/p>\n","protected":false},"excerpt":{"rendered":"<p>BELLUNO Tutto chiuso dopo le 18 per bar, pub,\u00a0 ristoranti e pasticcerie. Inevitabili\u00a0 le ripercussioni su un settore gi\u00e0 messo a dura prova dal lockdown della scorsa primavera. Cos\u00ec come sono inevitabili i timori, manifestati a chiare lettere da Cristiano Gaggion, a capo dei produttori dolciari di Confartigianato: \u00abNon riesco a capire la logica secondo&hellip;<\/p>\n","protected":false},"author":4,"featured_media":142496,"comment_status":"closed","ping_status":"closed","sticky":false,"template":"","format":"standard","meta":{"_monsterinsights_skip_tracking":false,"_monsterinsights_sitenote_active":false,"_monsterinsights_sitenote_note":"","_monsterinsights_sitenote_category":0,"footnotes":""},"categories":[49],"tags":[],"class_list":["post-168681","post","type-post","status-publish","format-standard","has-post-thumbnail","hentry","category-news-18","category-49","description-off"],"img_url":"https:\/\/www.radiopiu.net\/wordpress\/wp-content\/uploads\/2020\/06\/pasticceria-giocoebenessere3.jpg","_links":{"self":[{"href":"https:\/\/www.radiopiu.net\/wordpress\/wp-json\/wp\/v2\/posts\/168681","targetHints":{"allow":["GET"]}}],"collection":[{"href":"https:\/\/www.radiopiu.net\/wordpress\/wp-json\/wp\/v2\/posts"}],"about":[{"href":"https:\/\/www.radiopiu.net\/wordpress\/wp-json\/wp\/v2\/types\/post"}],"author":[{"embeddable":true,"href":"https:\/\/www.radiopiu.net\/wordpress\/wp-json\/wp\/v2\/users\/4"}],"replies":[{"embeddable":true,"href":"https:\/\/www.radiopiu.net\/wordpress\/wp-json\/wp\/v2\/comments?post=168681"}],"version-history":[{"count":0,"href":"https:\/\/www.radiopiu.net\/wordpress\/wp-json\/wp\/v2\/posts\/168681\/revisions"}],"wp:featuredmedia":[{"embeddable":true,"href":"https:\/\/www.radiopiu.net\/wordpress\/wp-json\/wp\/v2\/media\/142496"}],"wp:attachment":[{"href":"https:\/\/www.radiopiu.net\/wordpress\/wp-json\/wp\/v2\/media?parent=168681"}],"wp:term":[{"taxonomy":"category","embeddable":true,"href":"https:\/\/www.radiopiu.net\/wordpress\/wp-json\/wp\/v2\/categories?post=168681"},{"taxonomy":"post_tag","embeddable":true,"href":"https:\/\/www.radiopiu.net\/wordpress\/wp-json\/wp\/v2\/tags?post=168681"}],"curies":[{"name":"wp","href":"https:\/\/api.w.org\/{rel}","templated":true}]}}