{"id":168689,"date":"2020-10-27T05:39:10","date_gmt":"2020-10-27T04:39:10","guid":{"rendered":"https:\/\/www.radiopiu.net\/wordpress\/?p=168689"},"modified":"2020-10-27T06:03:19","modified_gmt":"2020-10-27T05:03:19","slug":"meteo-tra-questa-sera-e-domani-mattina-allerta-gialla","status":"publish","type":"post","link":"https:\/\/www.radiopiu.net\/wordpress\/meteo-tra-questa-sera-e-domani-mattina-allerta-gialla\/","title":{"rendered":"METEO. TRA QUESTA SERA E DOMANI MATTINA ALLERTA GIALLA"},"content":{"rendered":"<p class=\"western\" align=\"JUSTIFY\"><strong><img loading=\"lazy\" decoding=\"async\" class=\"alignleft\" src=\"https:\/\/www.radiopiu.net\/wordpress\/wp-content\/uploads\/2018\/08\/instabilita.jpg\" width=\"198\" height=\"119\" \/>VENEZIA\u00a0<\/strong> Il Meteo regionale del Veneto riferisce che tra il tardo pomeriggio di oggi ed il primo mattino di domani \u00e8 prevista la fase pi\u00f9 significativa di precipitazioni, conseguenza dell\u2019ampia saccatura che si sta estendo dal Mare del Nord fino al Nord Africa, determinando un intenso flusso meridionale che, abbinato alla formazione di una depressione al suolo sull&#8217;Italia settentrionale, porta piogge e rinforzo dei venti. Tali precipitazioni si prevedono estese sulle zone centro settentrionali della nostra regione, anche con forti rovesci e qualche locale temporale, con quantitativi consistenti sulle zone montane e pedemontane (specie quelle centro-orientali). Il limite della neve, gi\u00e0 in abbassamento intorno ai 2000 metri nella serata di luned\u00ec, sar\u00e0 a quote un po&#8217; inferiori (1700-1900 metri) nella mattinata di marted\u00ec specie sulle Dolomiti. In considerazione dei fenomeni atmosferici previsti, la criticit\u00e0 attesa \u00e8 riferita anche allo scenario di temporali forti. Il Centro Funzionale Decentrato della Protezione Civile della Regione ha emesso un avviso di criticit\u00e0 idrogeologica, con validit\u00e0 fino alle 16 di domani, in cui \u00e8 fissato lo stato di attenzione (allerta gialla)<\/p>\n","protected":false},"excerpt":{"rendered":"<p>VENEZIA\u00a0 Il Meteo regionale del Veneto riferisce che tra il tardo pomeriggio di oggi ed il primo mattino di domani \u00e8 prevista la fase pi\u00f9 significativa di precipitazioni, conseguenza dell\u2019ampia saccatura che si sta estendo dal Mare del Nord fino al Nord Africa, determinando un intenso flusso meridionale che, abbinato alla formazione di una depressione&hellip;<\/p>\n","protected":false},"author":4,"featured_media":57488,"comment_status":"closed","ping_status":"closed","sticky":false,"template":"","format":"standard","meta":{"_monsterinsights_skip_tracking":false,"_monsterinsights_sitenote_active":false,"_monsterinsights_sitenote_note":"","_monsterinsights_sitenote_category":0,"footnotes":""},"categories":[51,49],"tags":[],"class_list":["post-168689","post","type-post","status-publish","format-standard","has-post-thumbnail","hentry","category-evidenza-top","category-news-18","category-51","category-49","description-off"],"img_url":"https:\/\/www.radiopiu.net\/wordpress\/wp-content\/uploads\/2018\/08\/instabilita.jpg","_links":{"self":[{"href":"https:\/\/www.radiopiu.net\/wordpress\/wp-json\/wp\/v2\/posts\/168689","targetHints":{"allow":["GET"]}}],"collection":[{"href":"https:\/\/www.radiopiu.net\/wordpress\/wp-json\/wp\/v2\/posts"}],"about":[{"href":"https:\/\/www.radiopiu.net\/wordpress\/wp-json\/wp\/v2\/types\/post"}],"author":[{"embeddable":true,"href":"https:\/\/www.radiopiu.net\/wordpress\/wp-json\/wp\/v2\/users\/4"}],"replies":[{"embeddable":true,"href":"https:\/\/www.radiopiu.net\/wordpress\/wp-json\/wp\/v2\/comments?post=168689"}],"version-history":[{"count":0,"href":"https:\/\/www.radiopiu.net\/wordpress\/wp-json\/wp\/v2\/posts\/168689\/revisions"}],"wp:featuredmedia":[{"embeddable":true,"href":"https:\/\/www.radiopiu.net\/wordpress\/wp-json\/wp\/v2\/media\/57488"}],"wp:attachment":[{"href":"https:\/\/www.radiopiu.net\/wordpress\/wp-json\/wp\/v2\/media?parent=168689"}],"wp:term":[{"taxonomy":"category","embeddable":true,"href":"https:\/\/www.radiopiu.net\/wordpress\/wp-json\/wp\/v2\/categories?post=168689"},{"taxonomy":"post_tag","embeddable":true,"href":"https:\/\/www.radiopiu.net\/wordpress\/wp-json\/wp\/v2\/tags?post=168689"}],"curies":[{"name":"wp","href":"https:\/\/api.w.org\/{rel}","templated":true}]}}