{"id":168730,"date":"2020-10-27T05:42:22","date_gmt":"2020-10-27T04:42:22","guid":{"rendered":"https:\/\/www.radiopiu.net\/wordpress\/?p=168730"},"modified":"2020-10-27T06:02:24","modified_gmt":"2020-10-27T05:02:24","slug":"aggiornamento-covid-a-belluno-3-decessi-113-positivi-in-24-ore","status":"publish","type":"post","link":"https:\/\/www.radiopiu.net\/wordpress\/aggiornamento-covid-a-belluno-3-decessi-113-positivi-in-24-ore\/","title":{"rendered":"AGGIORNAMENTO COVID A BELLUNO: 3 DECESSI, 113 POSITIVI IN 24 ORE"},"content":{"rendered":"<p><span style=\"font-size: medium;\"><img loading=\"lazy\" decoding=\"async\" class=\"alignleft\" src=\"https:\/\/www.radiopiu.net\/wordpress\/wp-content\/uploads\/2020\/03\/covid-ulss.jpg\" width=\"93\" height=\"70\" \/><strong>BELLUNO<\/strong> Tre decessi nelle ultime 24 ore, ieri sera\u00a0 \u00e8 deceduto un paziente covid positivo di 90 anni ricoverato in Malattie Infettive a Belluno. Nella mattinata\u00a0 un paziente covid positivo di 92 anni ricoverato in Malattie Infettive a Belluno e un paziente covid positivo di anni 88 ricoverato in Pneumologia Covid a Feltre.<\/span><\/p>\n<p align=\"CENTER\">\n<p align=\"JUSTIFY\"><span style=\"font-size: medium;\"><b>SITUAZIONE EPIDEMIOLOGICA <\/b><\/span><\/p>\n<p align=\"JUSTIFY\"><span style=\"font-size: medium;\"><i>(dato alle ore 17.00 fonte: Azienda Zero)<\/i><\/span><\/p>\n<table border=\"1\" width=\"449\" frame=\"HSIDES\" rules=\"GROUPS\" cellspacing=\"0\" cellpadding=\"7\">\n<tbody>\n<tr valign=\"TOP\">\n<td width=\"226\"><\/td>\n<td width=\"194\">\n<p align=\"CENTER\"><span style=\"color: #5f497a;\"><span style=\"font-size: medium;\"><b>Ore 17.00<\/b><\/span><\/span><\/p>\n<\/td>\n<\/tr>\n<\/tbody>\n<tbody>\n<tr valign=\"TOP\">\n<td bgcolor=\"#dfd8e8\" width=\"226\">\n<p align=\"JUSTIFY\"><span style=\"color: #5f497a;\"><span style=\"font-size: medium;\"><b>Attualmente positivi<\/b><\/span><\/span><\/p>\n<\/td>\n<td bgcolor=\"#dfd8e8\" width=\"194\">\n<p align=\"CENTER\"><span style=\"color: #5f497a;\"><span style=\"font-size: large;\">1329<\/span><\/span><\/p>\n<\/td>\n<\/tr>\n<tr valign=\"TOP\">\n<td width=\"226\">\n<p align=\"JUSTIFY\"><span style=\"color: #5f497a;\"><span style=\"font-size: medium;\"><b>Delta totale casi positivi<\/b><\/span><\/span><\/p>\n<p align=\"JUSTIFY\"><span style=\"color: #5f497a;\"><span style=\"font-size: medium;\"><b>Nelle ultime 24 ore<\/b><\/span><\/span><\/p>\n<\/td>\n<td width=\"194\">\n<p align=\"CENTER\"><span style=\"color: #5f497a;\"><span style=\"font-size: large;\">113<\/span><\/span><\/p>\n<\/td>\n<\/tr>\n<\/tbody>\n<\/table>\n<p align=\"JUSTIFY\"><span style=\"font-size: medium;\"><b>Ricoveri <\/b><\/span><\/p>\n<p align=\"JUSTIFY\"><span style=\"font-size: medium;\"><i>(dato alle ore 17.00 fonte: Azienda Zero)<\/i><\/span><\/p>\n<p align=\"JUSTIFY\"><span style=\"font-size: medium;\">Le persone attualmente POSITIVE ricoverate negli ospedali dell\u2019Ulss Dolomiti sono:<\/span><\/p>\n<table border=\"1\" width=\"652\" frame=\"HSIDES\" rules=\"GROUPS\" cellspacing=\"0\" cellpadding=\"7\">\n<tbody>\n<tr valign=\"TOP\">\n<td width=\"203\"><\/td>\n<td width=\"203\">\n<p align=\"JUSTIFY\"><span style=\"color: #365f91;\"><span style=\"font-size: medium;\"><b>Area NON CRITICA<\/b><\/span><\/span><\/p>\n<\/td>\n<td width=\"203\">\n<p align=\"JUSTIFY\"><span style=\"color: #365f91;\"><span style=\"font-size: medium;\"><b>Terapia Intensiva<\/b><\/span><\/span><\/p>\n<\/td>\n<\/tr>\n<\/tbody>\n<tbody>\n<tr valign=\"TOP\">\n<td bgcolor=\"#d3dfee\" width=\"203\">\n<p align=\"JUSTIFY\"><span style=\"color: #365f91;\"><span style=\"font-size: medium;\"><b>Ospedale San Martino BELLUNO<\/b><\/span><\/span><\/p>\n<\/td>\n<td bgcolor=\"#d3dfee\" width=\"203\">\n<p align=\"CENTER\"><span style=\"color: #365f91;\"><span style=\"font-size: medium;\">40<\/span><\/span><\/p>\n<\/td>\n<td bgcolor=\"#d3dfee\" width=\"203\">\n<p align=\"CENTER\"><span style=\"color: #365f91;\"><span style=\"font-size: medium;\">2<\/span><\/span><\/p>\n<\/td>\n<\/tr>\n<tr valign=\"TOP\">\n<td width=\"203\">\n<p align=\"JUSTIFY\"><span style=\"color: #365f91;\"><span style=\"font-size: medium;\"><b>Ospedale Santa Maria Del Prato &#8211; FELTRE<\/b><\/span><\/span><\/p>\n<\/td>\n<td width=\"203\">\n<p align=\"CENTER\"><span style=\"color: #365f91;\"><span style=\"font-size: medium;\">18<\/span><\/span><\/p>\n<\/td>\n<td width=\"203\"><span style=\"color: #365f91;\"><span style=\"font-size: medium;\"> 0<\/span><\/span><\/td>\n<\/tr>\n<\/tbody>\n<\/table>\n<p align=\"JUSTIFY\"><span style=\"font-size: medium;\">Le persone attualmente POSITIVE ricoverate in Ospedale di Comunit\u00e0 sono:<\/span><\/p>\n<table border=\"1\" width=\"652\" frame=\"HSIDES\" rules=\"GROUPS\" cellspacing=\"0\" cellpadding=\"7\">\n<tbody>\n<tr valign=\"TOP\">\n<td width=\"312\"><\/td>\n<td width=\"312\">\n<p align=\"JUSTIFY\"><span style=\"color: #76923c;\"><span style=\"font-size: medium;\"><b>pazienti attualmente positivi<\/b><\/span><\/span><\/p>\n<\/td>\n<\/tr>\n<\/tbody>\n<tbody>\n<tr valign=\"TOP\">\n<td bgcolor=\"#e6eed5\" width=\"312\">\n<p align=\"JUSTIFY\"><span style=\"color: #76923c;\"><span style=\"font-size: medium;\"><b>Ospedale di comunit\u00e0 ALANO<\/b><\/span><\/span><\/p>\n<\/td>\n<td bgcolor=\"#e6eed5\" width=\"312\">\n<p align=\"CENTER\"><span style=\"color: #76923c;\"><span style=\"font-size: medium;\">4<\/span><\/span><\/p>\n<\/td>\n<\/tr>\n<tr valign=\"TOP\">\n<td bgcolor=\"#e6eed5\" width=\"312\">\n<p align=\"JUSTIFY\"><span style=\"color: #76923c;\"><span style=\"font-size: medium;\"><b>Ospedale di Comunit\u00e0 FELTRE<\/b><\/span><\/span><\/p>\n<\/td>\n<td bgcolor=\"#e6eed5\" width=\"312\">\n<p align=\"CENTER\"><span style=\"color: #76923c;\"><span style=\"font-size: medium;\">13<\/span><\/span><\/p>\n<\/td>\n<\/tr>\n<\/tbody>\n<\/table>\n<p><a name=\"_GoBack\"><\/a><\/p>\n<p align=\"JUSTIFY\">\n<p><span style=\"font-size: medium;\"><b>Ospedali Distretto di Belluno <\/b><\/span><span style=\"font-size: medium;\">E\u2019 in corso di graduale riattivazione l\u2019attivit\u00e0 della Chirurgia\/Urologia dell\u2019Ospedale San Martino di Belluno. <\/span><b style=\"font-size: medium;\">Ospedali Distretto di Feltre <\/b><span style=\"font-size: medium;\">Sono stati riattivati i ricoveri in Medicina al 5\u00b0 Piano dell\u2019Ospedale di Feltre. <\/span><span style=\"font-size: medium;\"><b>Dipartimento di Prevenzione <\/b><\/span><span style=\"font-size: medium;\">Ha preso il via\u00a0 la nuova operativit\u00e0 dei drive-in tamponi con la disponibilit\u00e0 del covid point h 24 a Belluno (dalle 7.00 alle 19.00 a Sagrogna; dalle 19.00 alle 7.00 nell\u2019area esterna dell\u2019ospedale San Martino nei pressi del PS Covid) e il potenziamento dell\u2019offerta a Tai di Cadore. <\/span><span style=\"font-size: medium;\"><b>Nella sola mattinata<\/b><\/span><span style=\"font-size: medium;\"> di oggi sono stati eseguiti 649 tamponi in modalit\u00e0 drive-in tra Belluno, Feltre e una sessione aggiuntiva svoltasi a Cortina. Nel pomeriggio, oltre al drive in di Belluno (Sagrogna fino alle 19.00 \u2013 19-7 al San Martino), sono attivi i drive-in di Tai e Agordo dalle 16.00 alle 18.00. <\/span><span style=\"font-size: medium;\">Per velocizzare la presa in carico dei positivi da parte dell\u2019unit\u00e0 di crisi, si informa che sar\u00e0 operativo un team di medici che si occuper\u00e0 di contattare le persone risultate positive al tampone molecolare per la comunicazione di positivit\u00e0 e le indicazioni sui comportamenti da tenere durante la quarantena. Inoltre, saranno indicati i criteri di definizione dei contatti stretti e sar\u00e0 raccomandato a ciascun positivo di compilare un elenco con tali persone. Sar\u00e0 inoltre raccomandato ad ogni persona positiva di allertare i propri contatti stretti e di avvisarli di rimanere in isolamento fino alla chiamata del Dipartimento di Prevenzione per il proseguimento dell\u2019indagine epidemiologica. Le chiamate si prolungheranno fino alle 22 per consentire una presa in carico pi\u00f9 rapida, in considerazione delle numerose nuove positivit\u00e0 che emergono ogni giorno.<\/span><\/p>\n","protected":false},"excerpt":{"rendered":"<p>BELLUNO Tre decessi nelle ultime 24 ore, ieri sera\u00a0 \u00e8 deceduto un paziente covid positivo di 90 anni ricoverato in Malattie Infettive a Belluno. Nella mattinata\u00a0 un paziente covid positivo di 92 anni ricoverato in Malattie Infettive a Belluno e un paziente covid positivo di anni 88 ricoverato in Pneumologia Covid a Feltre. SITUAZIONE EPIDEMIOLOGICA&hellip;<\/p>\n","protected":false},"author":4,"featured_media":121260,"comment_status":"closed","ping_status":"closed","sticky":false,"template":"","format":"standard","meta":{"_monsterinsights_skip_tracking":false,"_monsterinsights_sitenote_active":false,"_monsterinsights_sitenote_note":"","_monsterinsights_sitenote_category":0,"footnotes":""},"categories":[51,49],"tags":[],"class_list":["post-168730","post","type-post","status-publish","format-standard","has-post-thumbnail","hentry","category-evidenza-top","category-news-18","category-51","category-49","description-off"],"img_url":"https:\/\/www.radiopiu.net\/wordpress\/wp-content\/uploads\/2020\/03\/covid-ulss.jpg","_links":{"self":[{"href":"https:\/\/www.radiopiu.net\/wordpress\/wp-json\/wp\/v2\/posts\/168730","targetHints":{"allow":["GET"]}}],"collection":[{"href":"https:\/\/www.radiopiu.net\/wordpress\/wp-json\/wp\/v2\/posts"}],"about":[{"href":"https:\/\/www.radiopiu.net\/wordpress\/wp-json\/wp\/v2\/types\/post"}],"author":[{"embeddable":true,"href":"https:\/\/www.radiopiu.net\/wordpress\/wp-json\/wp\/v2\/users\/4"}],"replies":[{"embeddable":true,"href":"https:\/\/www.radiopiu.net\/wordpress\/wp-json\/wp\/v2\/comments?post=168730"}],"version-history":[{"count":0,"href":"https:\/\/www.radiopiu.net\/wordpress\/wp-json\/wp\/v2\/posts\/168730\/revisions"}],"wp:featuredmedia":[{"embeddable":true,"href":"https:\/\/www.radiopiu.net\/wordpress\/wp-json\/wp\/v2\/media\/121260"}],"wp:attachment":[{"href":"https:\/\/www.radiopiu.net\/wordpress\/wp-json\/wp\/v2\/media?parent=168730"}],"wp:term":[{"taxonomy":"category","embeddable":true,"href":"https:\/\/www.radiopiu.net\/wordpress\/wp-json\/wp\/v2\/categories?post=168730"},{"taxonomy":"post_tag","embeddable":true,"href":"https:\/\/www.radiopiu.net\/wordpress\/wp-json\/wp\/v2\/tags?post=168730"}],"curies":[{"name":"wp","href":"https:\/\/api.w.org\/{rel}","templated":true}]}}