{"id":168916,"date":"2020-10-28T05:38:41","date_gmt":"2020-10-28T04:38:41","guid":{"rendered":"https:\/\/www.radiopiu.net\/wordpress\/?p=168916"},"modified":"2020-10-28T06:08:11","modified_gmt":"2020-10-28T05:08:11","slug":"luca-marchetto-confermato-alla-presidenza-dello-ski-college-veneto-di-falcade","status":"publish","type":"post","link":"https:\/\/www.radiopiu.net\/wordpress\/luca-marchetto-confermato-alla-presidenza-dello-ski-college-veneto-di-falcade\/","title":{"rendered":"LUCA MARCHETTO CONFERMATO ALLA PRESIDENZA DELLO SKI COLLEGE VENETO DI FALCADE"},"content":{"rendered":"<p>&nbsp;<\/p>\n<blockquote><p><strong><em>Nel cda, in rappresentanza dell\u2019istituto Follador-De Rossi, entra Luca Marchet<\/em><\/strong><\/p><\/blockquote>\n<p><strong><a class=\"dt-pswp-item\" href=\"https:\/\/www.radiopiu.net\/wordpress\/wp-content\/uploads\/2020\/10\/204947ff-cc8c-41f2-8723-6c4a438660de.jpg\" data-dt-img-description=\"\" data-large_image_width=\"1600\" data-large_image_height=\"1066\"><img loading=\"lazy\" decoding=\"async\" class=\" wp-image-168917 alignleft\" src=\"https:\/\/www.radiopiu.net\/wordpress\/wp-content\/uploads\/2020\/10\/204947ff-cc8c-41f2-8723-6c4a438660de-300x200.jpg\" alt=\"\" width=\"282\" height=\"188\" srcset=\"https:\/\/www.radiopiu.net\/wordpress\/wp-content\/uploads\/2020\/10\/204947ff-cc8c-41f2-8723-6c4a438660de-300x200.jpg 300w, https:\/\/www.radiopiu.net\/wordpress\/wp-content\/uploads\/2020\/10\/204947ff-cc8c-41f2-8723-6c4a438660de-1024x682.jpg 1024w, https:\/\/www.radiopiu.net\/wordpress\/wp-content\/uploads\/2020\/10\/204947ff-cc8c-41f2-8723-6c4a438660de-768x512.jpg 768w, https:\/\/www.radiopiu.net\/wordpress\/wp-content\/uploads\/2020\/10\/204947ff-cc8c-41f2-8723-6c4a438660de-1536x1023.jpg 1536w, https:\/\/www.radiopiu.net\/wordpress\/wp-content\/uploads\/2020\/10\/204947ff-cc8c-41f2-8723-6c4a438660de.jpg 1600w\" sizes=\"auto, (max-width: 282px) 100vw, 282px\" \/><\/a>FALCADE <\/strong>L\u2019assemblea dei soci dello Ski College Veneto di Falcade ha riconfermato alla presidenza del consiglio di amministrazione della Societ\u00e0 Cooperativa Sportiva Dilettantistica Luca Marchetto. Nel suo compito\u00a0 Marchetto sar\u00e0 coadiuvato da Michele Costa (sindaco di Falcade), Valentina Della Zonca, Davide Pettini, Corrado Piscanec, Manuela Xaiz e Monica Zorzini. Nuovo ingresso \u00e8 quello di Luca Marchet, in rappresentanza del Follador-De Rossi. <em>\u00abRingrazio il cda e i soci della cooperativa che mi hanno rinnovato la loro fiducia, cos\u00ec come il personale docente e il <a class=\"dt-pswp-item\" href=\"https:\/\/www.radiopiu.net\/wordpress\/wp-content\/uploads\/2020\/10\/fe5d0180-d779-499e-84e6-2cec496116e9.jpg\" data-dt-img-description=\"\" data-large_image_width=\"1600\" data-large_image_height=\"1066\"><img loading=\"lazy\" decoding=\"async\" class=\"size-medium wp-image-168918 alignright\" src=\"https:\/\/www.radiopiu.net\/wordpress\/wp-content\/uploads\/2020\/10\/fe5d0180-d779-499e-84e6-2cec496116e9-300x200.jpg\" alt=\"\" width=\"300\" height=\"200\" srcset=\"https:\/\/www.radiopiu.net\/wordpress\/wp-content\/uploads\/2020\/10\/fe5d0180-d779-499e-84e6-2cec496116e9-300x200.jpg 300w, https:\/\/www.radiopiu.net\/wordpress\/wp-content\/uploads\/2020\/10\/fe5d0180-d779-499e-84e6-2cec496116e9-1024x682.jpg 1024w, https:\/\/www.radiopiu.net\/wordpress\/wp-content\/uploads\/2020\/10\/fe5d0180-d779-499e-84e6-2cec496116e9-768x512.jpg 768w, https:\/\/www.radiopiu.net\/wordpress\/wp-content\/uploads\/2020\/10\/fe5d0180-d779-499e-84e6-2cec496116e9-1536x1023.jpg 1536w, https:\/\/www.radiopiu.net\/wordpress\/wp-content\/uploads\/2020\/10\/fe5d0180-d779-499e-84e6-2cec496116e9.jpg 1600w\" sizes=\"auto, (max-width: 300px) 100vw, 300px\" \/><\/a>personale Ata con i quali la collaborazione \u00e8 stata massima\u00bb commenta Marchetto. \u00abUn saluto di benvenuto rivolgo al professor Luca Marchet, ch comunque gi\u00e0 ben conosciamo per il lavoro preciso e puntale che ha svolto in qualit\u00e0 di responsabile per il progetto studente-atleta di alto livello del Miur &#8211; Ministero istruzione universit\u00e0 ricerca, e al nuovo dirigente scolastico, dottor Claudio Magalini\u00bb.\u00a0<\/em>Obiettivi per i prossimi tre anni: \u00a0<em>&#8220;Dare continuit\u00e0 al lavoro e alle azioni intraprese negli ultimi mandati, in particolare proseguire e rafforzare la collaborazione con l\u2019istituzione scolastica e con le amministrazioni dell\u2019Agordino, in particolare con quella di Falcade, nell\u2019ambito dei progetti strategici per l\u2019accesso ai Fondi dei comuni di confine&#8221;<\/em> prosegue Marchetto.\u00a0 <em>&#8220;La stagione 2020-2021 non si preannuncia facile, a causa delle problematiche relative all\u2019emergenza sanitaria che stiamo vivendo, ma sono convinto che con la collaborazione di tutti riusciremo a proseguire sulla strada intrapresa, proponendo un\u2019offerta scolastica e un\u2019attivit\u00e0 sportiva di ottimo livello\u00bb.<\/em><\/p>\n","protected":false},"excerpt":{"rendered":"<p>&nbsp; Nel cda, in rappresentanza dell\u2019istituto Follador-De Rossi, entra Luca Marchet FALCADE L\u2019assemblea dei soci dello Ski College Veneto di Falcade ha riconfermato alla presidenza del consiglio di amministrazione della Societ\u00e0 Cooperativa Sportiva Dilettantistica Luca Marchetto. Nel suo compito\u00a0 Marchetto sar\u00e0 coadiuvato da Michele Costa (sindaco di Falcade), Valentina Della Zonca, Davide Pettini, Corrado Piscanec,&hellip;<\/p>\n","protected":false},"author":4,"featured_media":168917,"comment_status":"closed","ping_status":"closed","sticky":false,"template":"","format":"standard","meta":{"_monsterinsights_skip_tracking":false,"_monsterinsights_sitenote_active":false,"_monsterinsights_sitenote_note":"","_monsterinsights_sitenote_category":0,"footnotes":""},"categories":[104,49],"tags":[],"class_list":["post-168916","post","type-post","status-publish","format-standard","has-post-thumbnail","hentry","category-evidenza_3","category-news-18","category-104","category-49","description-off"],"img_url":"https:\/\/www.radiopiu.net\/wordpress\/wp-content\/uploads\/2020\/10\/204947ff-cc8c-41f2-8723-6c4a438660de.jpg","_links":{"self":[{"href":"https:\/\/www.radiopiu.net\/wordpress\/wp-json\/wp\/v2\/posts\/168916","targetHints":{"allow":["GET"]}}],"collection":[{"href":"https:\/\/www.radiopiu.net\/wordpress\/wp-json\/wp\/v2\/posts"}],"about":[{"href":"https:\/\/www.radiopiu.net\/wordpress\/wp-json\/wp\/v2\/types\/post"}],"author":[{"embeddable":true,"href":"https:\/\/www.radiopiu.net\/wordpress\/wp-json\/wp\/v2\/users\/4"}],"replies":[{"embeddable":true,"href":"https:\/\/www.radiopiu.net\/wordpress\/wp-json\/wp\/v2\/comments?post=168916"}],"version-history":[{"count":0,"href":"https:\/\/www.radiopiu.net\/wordpress\/wp-json\/wp\/v2\/posts\/168916\/revisions"}],"wp:featuredmedia":[{"embeddable":true,"href":"https:\/\/www.radiopiu.net\/wordpress\/wp-json\/wp\/v2\/media\/168917"}],"wp:attachment":[{"href":"https:\/\/www.radiopiu.net\/wordpress\/wp-json\/wp\/v2\/media?parent=168916"}],"wp:term":[{"taxonomy":"category","embeddable":true,"href":"https:\/\/www.radiopiu.net\/wordpress\/wp-json\/wp\/v2\/categories?post=168916"},{"taxonomy":"post_tag","embeddable":true,"href":"https:\/\/www.radiopiu.net\/wordpress\/wp-json\/wp\/v2\/tags?post=168916"}],"curies":[{"name":"wp","href":"https:\/\/api.w.org\/{rel}","templated":true}]}}