{"id":168967,"date":"2020-10-29T05:49:55","date_gmt":"2020-10-29T04:49:55","guid":{"rendered":"https:\/\/www.radiopiu.net\/wordpress\/?p=168967"},"modified":"2020-10-29T08:56:56","modified_gmt":"2020-10-29T07:56:56","slug":"giornale-radiopiu-29-ottobre-2020-direttore-mirko-mezzacasa","status":"publish","type":"post","link":"https:\/\/www.radiopiu.net\/wordpress\/giornale-radiopiu-29-ottobre-2020-direttore-mirko-mezzacasa\/","title":{"rendered":"GIORNALE RADIOPIU 29 OTTOBRE 2020 DIRETTORE MIRKO MEZZACASA"},"content":{"rendered":"<h3><strong>PER RICEVERE QUESTO NOTIZIARIO DIRETTAMENTE SUL TUO CELLULARE ISCRIVITI AL CANALE TELEGRAM <\/strong><strong>\u201cRADIO PIU\u00a0 INFORMAZIONE&#8221;\u00a0<\/strong><\/h3>\n<div class=\"\" data-block=\"true\" data-editor=\"1nnn4\" data-offset-key=\"a4he4-0-0\">\n<blockquote>\n<h3 class=\"_1mf _1mj\" data-offset-key=\"a4he4-0-0\"><span data-offset-key=\"a4he4-0-0\">INGRESSI<\/span><span data-offset-key=\"a4he4-1-0\"> SUL SITO INTERNET 27.10:34.182\u00a0 <\/span>28.10:30.701<\/h3>\n<\/blockquote>\n<\/div>\n<p>&nbsp;<\/p>\n<p><em>ATTENZIONE: LA NUOVA APP PER IOS-IPHONE<\/em><\/p>\n<div>\n<div><a href=\"https:\/\/apps.apple.com\/it\/app\/radio-pi%C3%B9-emittente-agordina\/id1515939845\">https:\/\/apps.apple.com\/it\/app\/radio-pi%C3%B9-emittente-agordina\/id1515939845<\/a><\/div>\n<\/div>\n<div><\/div>\n<div>\n<div dir=\"auto\"><em>ATTENZIONE: LA NUOVA APP RADIO\u00a0 PER ANDROID<\/em><\/div>\n<\/div>\n<p><a href=\"https:\/\/play.google.com\/store\/apps\/details?id=net.radiopiu.iniko\" target=\"_blank\" rel=\"noopener noreferrer\">https:\/\/play.google.com\/store\/apps\/details?id=net.radiopiu.iniko\u00a0\u00a0<\/a><\/p>\n<p>&nbsp;<\/p>\n<p><a class=\"dt-pswp-item\" href=\"https:\/\/www.radiopiu.net\/wordpress\/wp-content\/uploads\/2020\/10\/89a2f983-9904-44bb-b571-e42c17e6fc6c.jpg\" data-dt-img-description=\"\" data-large_image_width=\"1600\" data-large_image_height=\"757\"><img loading=\"lazy\" decoding=\"async\" class=\" wp-image-169161 alignleft\" src=\"https:\/\/www.radiopiu.net\/wordpress\/wp-content\/uploads\/2020\/10\/89a2f983-9904-44bb-b571-e42c17e6fc6c-300x142.jpg\" alt=\"\" width=\"213\" height=\"101\" srcset=\"https:\/\/www.radiopiu.net\/wordpress\/wp-content\/uploads\/2020\/10\/89a2f983-9904-44bb-b571-e42c17e6fc6c-300x142.jpg 300w, https:\/\/www.radiopiu.net\/wordpress\/wp-content\/uploads\/2020\/10\/89a2f983-9904-44bb-b571-e42c17e6fc6c-1024x484.jpg 1024w, https:\/\/www.radiopiu.net\/wordpress\/wp-content\/uploads\/2020\/10\/89a2f983-9904-44bb-b571-e42c17e6fc6c-768x363.jpg 768w, https:\/\/www.radiopiu.net\/wordpress\/wp-content\/uploads\/2020\/10\/89a2f983-9904-44bb-b571-e42c17e6fc6c-1536x727.jpg 1536w, https:\/\/www.radiopiu.net\/wordpress\/wp-content\/uploads\/2020\/10\/89a2f983-9904-44bb-b571-e42c17e6fc6c.jpg 1600w\" sizes=\"auto, (max-width: 213px) 100vw, 213px\" \/><\/a><strong>DILLO A RADIO PIU&#8217;.<\/strong>..a proposito della Provinciale 3 Ponte Alto Rivamonte<\/p>\n<p><strong>RIVAMONTE<\/strong> Un suggerimento. Questi aggeggi posati per delimitare la strada non sono idonei, durano poco, il caldo e il freddo deteriorano la plastica in uno o due anni. I delimitatori in cemento sono &#8220;eterni&#8221;. Corrado Campedel.<\/p>\n<p>&nbsp;<\/p>\n<h3>AUGURI AI TIRATAIE CHE IERI HANNO FESTEGGIATO 12 ANNI<\/h3>\n<p><a class=\"dt-pswp-item\" href=\"https:\/\/www.radiopiu.net\/wordpress\/wp-content\/uploads\/2020\/10\/122665394_3397132510335836_1828028467478960368_o.jpg\" data-dt-img-description=\"\" data-large_image_width=\"816\" data-large_image_height=\"540\"><img loading=\"lazy\" decoding=\"async\" class=\"alignnone size-medium wp-image-169235\" src=\"https:\/\/www.radiopiu.net\/wordpress\/wp-content\/uploads\/2020\/10\/122665394_3397132510335836_1828028467478960368_o-300x199.jpg\" alt=\"\" width=\"300\" height=\"199\" srcset=\"https:\/\/www.radiopiu.net\/wordpress\/wp-content\/uploads\/2020\/10\/122665394_3397132510335836_1828028467478960368_o-300x199.jpg 300w, https:\/\/www.radiopiu.net\/wordpress\/wp-content\/uploads\/2020\/10\/122665394_3397132510335836_1828028467478960368_o-768x508.jpg 768w, https:\/\/www.radiopiu.net\/wordpress\/wp-content\/uploads\/2020\/10\/122665394_3397132510335836_1828028467478960368_o.jpg 816w\" sizes=\"auto, (max-width: 300px) 100vw, 300px\" \/><\/a><\/p>\n<p>&nbsp;<\/p>\n<p>&nbsp;<\/p>\n<hr \/>\n<p>&nbsp;<\/p>\n<blockquote>\n<h2>VIRUS IN RAPIDA ESPANSIONE<\/h2>\n<\/blockquote>\n<p>Ieri: oltre 2000 casi in Regione, l&#8217;assessore Gianpaolo Bottacin presenta le curve e le raffronta a quelle del marzo scorso, il picco \u00e8 previsto per dicembre e anticiper\u00e0 il calo sar\u00e0 pertanto un novembre nero. Quattro decessi ieri al San Martino in una Belluna gi\u00e0 nella fase 3, la prima provincia in Regione a raggiungere il poco invidiabile primato, ma entro poche ore tutto il Veneto sar\u00e0 in terza fascia perch\u00e9 i ricoveri aumentano in modo esponenziale ad un ritmo di 50-60 al giorno. In Provincia molti dei contagiati sono asintomatici o comunque non pochi sintomi. In Veneto arrivano i militari, 16 squadre dell&#8217;Esercito per dare una mano nei covid center nel fare i tamponi. Cambiano gli orari del drive in ad Agordo, si anticipa alle 15 per usufruire delle ore di luce, a Tai di Cadore sar\u00e0 invece potenziato.<\/p>\n<p>&nbsp;<\/p>\n<blockquote>\n<h3>4 DECESSI AL SAN MARTINO, 165 POSITIVI NELLE ULTIME 24 ORE, 86 I RICOVERATI IN OSPEDALE<\/h3>\n<\/blockquote>\n<p><strong> <img loading=\"lazy\" decoding=\"async\" class=\"alignleft\" src=\"https:\/\/www.radiopiu.net\/wordpress\/wp-content\/uploads\/2020\/03\/covid-ulss.jpg\" width=\"151\" height=\"113\" \/>BELLUN<\/strong><strong>O <\/strong><b>Decessi <\/b>Ieri sono deceduti: un paziente Covid positivo di anni 68 ricoverato in Pneumologia Covid a Belluno, un paziente covid positivo di anni 77 in Pronto Soccorso, una paziente covid positiva di anni 92 ricoverata in area covid a Belluno, un paziente covid positivo di anni 97 ricoverato in Malattie Infettive covid. Attualmetne postiivi 1561 (+165) Ricoverati al San Martino in area non critica 43, in terapia intensiva 3, Al Santa Maria del Prato di Feltre 20, negli ospedali di Comunit\u00e0 5 ad Alano, 12 a Feltre. ASPETTI ORGANIZZATIVI Ospedali Distretto di Belluno E\u2019 in corso di attivazione l\u2019Ospedale di Comunit\u00e0 in Agordo .<\/p>\n<p>&nbsp;<\/p>\n<p>&nbsp;<\/p>\n<p>&nbsp;<\/p>\n<hr \/>\n<blockquote>\n<h1><\/h1>\n<h1><span style=\"color: #ff0000;\">VAIA 2 ANNI: RICORDI A FIOR DI PELLE<\/span><\/h1>\n<\/blockquote>\n<p>&nbsp;<\/p>\n<h2>VAIA 2 ANNI DOPO, IL RICORDO DI CLAUDIO PRA<\/h2>\n<audio class=\"wp-audio-shortcode\" id=\"audio-168967-1\" preload=\"none\" style=\"width: 100%;\" controls=\"controls\"><source type=\"audio\/mpeg\" src=\"https:\/\/www.radiopiu.net\/wordpress\/wp-content\/uploads\/2020\/10\/CLAUDIO-PRA-VAIA.mp3?_=1\" \/><a href=\"https:\/\/www.radiopiu.net\/wordpress\/wp-content\/uploads\/2020\/10\/CLAUDIO-PRA-VAIA.mp3\">https:\/\/www.radiopiu.net\/wordpress\/wp-content\/uploads\/2020\/10\/CLAUDIO-PRA-VAIA.mp3<\/a><\/audio>\n<p>&nbsp;<\/p>\n<h2>LUNED\u00ec 29 OTTOBRE UNIONE MONTANA ORE 20<\/h2>\n<p><iframe loading=\"lazy\" title=\"VAIA 2018 UNO\" width=\"1200\" height=\"675\" src=\"https:\/\/www.youtube.com\/embed\/HTLaFd_MWOY?start=4&#038;feature=oembed\" frameborder=\"0\" allow=\"accelerometer; autoplay; clipboard-write; encrypted-media; gyroscope; picture-in-picture\" allowfullscreen><\/iframe><\/p>\n<p>&nbsp;<\/p>\n<h2>GLI STUDI DI RADIO PI\u00d9 AL BUIO<\/h2>\n<p><iframe loading=\"lazy\" title=\"VAIA RADIO SENZA LUCE\" width=\"1200\" height=\"675\" src=\"https:\/\/www.youtube.com\/embed\/CUeYziLAOIw?feature=oembed\" frameborder=\"0\" allow=\"accelerometer; autoplay; clipboard-write; encrypted-media; gyroscope; picture-in-picture\" allowfullscreen><\/iframe><\/p>\n<p>&nbsp;<\/p>\n<h2>MERCOLEDI&#8217; 31 OTTOBRE ORE 19<\/h2>\n<p><iframe loading=\"lazy\" title=\"VAIA 2018 DUE\" width=\"1200\" height=\"675\" src=\"https:\/\/www.youtube.com\/embed\/IW5VHpP2MCI?feature=oembed\" frameborder=\"0\" allow=\"accelerometer; autoplay; clipboard-write; encrypted-media; gyroscope; picture-in-picture\" allowfullscreen><\/iframe><\/p>\n<p>&nbsp;<\/p>\n<h2>COLLEGAMENTO IN EMERGENZA DA LA STANGA 1 NOVEMBRE ALLE 19:30<\/h2>\n<p><iframe loading=\"lazy\" title=\"VAIA 2018 TRE\" width=\"1200\" height=\"675\" src=\"https:\/\/www.youtube.com\/embed\/7fq8veANOCE?feature=oembed\" frameborder=\"0\" allow=\"accelerometer; autoplay; clipboard-write; encrypted-media; gyroscope; picture-in-picture\" allowfullscreen><\/iframe><\/p>\n<p>&nbsp;<\/p>\n<h2>LA VALLE DI GARES DOPO LA TEMPESTA VAIA<\/h2>\n<p><iframe loading=\"lazy\" title=\"VAIA VALLE GARES\" width=\"1200\" height=\"675\" src=\"https:\/\/www.youtube.com\/embed\/hzUj53U0MwI?feature=oembed\" frameborder=\"0\" allow=\"accelerometer; autoplay; clipboard-write; encrypted-media; gyroscope; picture-in-picture\" allowfullscreen><\/iframe><\/p>\n<p>&nbsp;<\/p>\n<h2>IL LAGHETTO DELLE PESCHIERE RIPRESO CON IL DRONE di Nicola Del Din<\/h2>\n<p><iframe loading=\"lazy\" title=\"VAIA PESCHIERE DRONE\" width=\"1200\" height=\"675\" src=\"https:\/\/www.youtube.com\/embed\/ib_wFPEtOBc?feature=oembed\" frameborder=\"0\" allow=\"accelerometer; autoplay; clipboard-write; encrypted-media; gyroscope; picture-in-picture\" allowfullscreen><\/iframe><\/p>\n<p>&nbsp;<\/p>\n<blockquote>\n<h3>LA TESTIMONIANZA LADINA, DENNI DORIGO DALL&#8217;ALMANACCO LADINO<\/h3>\n<\/blockquote>\n<audio class=\"wp-audio-shortcode\" id=\"audio-168967-2\" preload=\"none\" style=\"width: 100%;\" controls=\"controls\"><source type=\"audio\/mpeg\" src=\"https:\/\/www.radiopiu.net\/wordpress\/wp-content\/uploads\/2020\/10\/44\u00b0-Almanacco-Ladino_Fodom-1.mp3?_=2\" \/><a href=\"https:\/\/www.radiopiu.net\/wordpress\/wp-content\/uploads\/2020\/10\/44\u00b0-Almanacco-Ladino_Fodom-1.mp3\">https:\/\/www.radiopiu.net\/wordpress\/wp-content\/uploads\/2020\/10\/44\u00b0-Almanacco-Ladino_Fodom-1.mp3<\/a><\/audio>\n<h2>GALLERIA FOTOGRAFICA<\/h2>\n<blockquote class=\"wp-embedded-content\" data-secret=\"5bZe5q142I\"><p><a href=\"https:\/\/www.radiopiu.net\/wordpress\/galleria-fotografica-vaia-ottobre-2018\/\">GALLERIA FOTOGRAFICA VAIA, OTTOBRE  2018<\/a><\/p><\/blockquote>\n<p><iframe loading=\"lazy\" class=\"wp-embedded-content\" sandbox=\"allow-scripts\" security=\"restricted\" style=\"position: absolute; clip: rect(1px, 1px, 1px, 1px);\" title=\"&#8220;GALLERIA FOTOGRAFICA VAIA, OTTOBRE  2018&#8221; &#8212; Radio Pi\u00f9\" src=\"https:\/\/www.radiopiu.net\/wordpress\/galleria-fotografica-vaia-ottobre-2018\/embed\/#?secret=5bZe5q142I\" data-secret=\"5bZe5q142I\" width=\"600\" height=\"338\" frameborder=\"0\" marginwidth=\"0\" marginheight=\"0\" scrolling=\"no\"><\/iframe><\/p>\n<p>&nbsp;<\/p>\n<p>&nbsp;<\/p>\n<blockquote class=\"wp-embedded-content\" data-secret=\"0IwpDRxhNG\"><p><a href=\"https:\/\/www.radiopiu.net\/wordpress\/belluno-alza-la-voce-la-diretta-di-radio-piu-i-commenti-dellevento\/\">BELLUNO ALZA LA VOCE, LA DIRETTA DI RADIO PIU&#8217; I COMMENTI DELL&#8217;EVENTO<\/a><\/p><\/blockquote>\n<p><iframe loading=\"lazy\" class=\"wp-embedded-content\" sandbox=\"allow-scripts\" security=\"restricted\" style=\"position: absolute; clip: rect(1px, 1px, 1px, 1px);\" title=\"&#8220;BELLUNO ALZA LA VOCE, LA DIRETTA DI RADIO PIU&#8217; I COMMENTI DELL&#8217;EVENTO&#8221; &#8212; Radio Pi\u00f9\" src=\"https:\/\/www.radiopiu.net\/wordpress\/belluno-alza-la-voce-la-diretta-di-radio-piu-i-commenti-dellevento\/embed\/#?secret=0IwpDRxhNG\" data-secret=\"0IwpDRxhNG\" width=\"600\" height=\"338\" frameborder=\"0\" marginwidth=\"0\" marginheight=\"0\" scrolling=\"no\"><\/iframe><\/p>\n<h2><\/h2>\n<hr \/>\n<h2><\/h2>\n<blockquote>\n<h3>VAIA. IL BILANCIO DEL COMMISSARIO ZAIA NEL SECONDO ANNIVERSARIO<\/h3>\n<\/blockquote>\n<p>&nbsp;<\/p>\n<p><strong><a class=\"dt-pswp-item\" href=\"https:\/\/www.radiopiu.net\/wordpress\/wp-content\/uploads\/2020\/10\/6339c6dc-7c99-4f4c-a90b-8676c1f4d545.jpg\" data-dt-img-description=\"\" data-large_image_width=\"640\" data-large_image_height=\"478\"><img loading=\"lazy\" decoding=\"async\" class=\"size-medium wp-image-169026 alignleft\" src=\"https:\/\/www.radiopiu.net\/wordpress\/wp-content\/uploads\/2020\/10\/6339c6dc-7c99-4f4c-a90b-8676c1f4d545-300x224.jpg\" alt=\"\" width=\"300\" height=\"224\" srcset=\"https:\/\/www.radiopiu.net\/wordpress\/wp-content\/uploads\/2020\/10\/6339c6dc-7c99-4f4c-a90b-8676c1f4d545-300x224.jpg 300w, https:\/\/www.radiopiu.net\/wordpress\/wp-content\/uploads\/2020\/10\/6339c6dc-7c99-4f4c-a90b-8676c1f4d545.jpg 640w\" sizes=\"auto, (max-width: 300px) 100vw, 300px\" \/><\/a>VENEZIA<\/strong>\u00a0 Due anni fa, in queste ore, cominciava in Veneto una terribile ondata di maltempo, che colp\u00ec particolarmente le aree montane, creando distruzione e paura. Prese il nome di \u201cVaia\u201d, e da allora questa parola \u00e8 simbolo di devastazione a causa di elementi meteorologici eccezionali, incontrollabili. Nel secondo anniversario di una tragedia che ha profondamente ferito il territorio, il Presidente della Regione, Luca Zaia, Commissario Delegato dello Stato per gli Interventi Urgenti, ha fatto il punto della situazione, sottolineando che <em>\u201cDalla distruzione di quei giorni sono stati fatti passi avanti enormi, grazie al lavoro di una squadra di tecnici preparati e tenaci e al grande cuore di tutta la popolazione colpita che subito dopo, mentre piangeva, gi\u00e0 impugnava una pala per ripartire. I risultati stanno nei numeri: ad oggi sono stati assegnati e totalmente impegnati da parte del Commissario Delegato circa 682 milioni di euro, con 931 cantieri ultimati o in corso per l\u2019annualit\u00e0 2019, e con altri 480 cantieri per l\u2019annualit\u00e0 2020, pari a 240,5 milioni di importo\u201d. <\/em>La gravit\u00e0 della tragedia, ha ricordato Zaia richiedeva una risposta all\u2019altezza, che c\u2019\u00e8 stata fin dalle prime ore con i primi interventi emergenziali per 15 milioni di euro e poi con un immenso lavoro di progettazione, di assegnazione delle opere, di <a class=\"dt-pswp-item\" href=\"https:\/\/www.radiopiu.net\/wordpress\/wp-content\/uploads\/2020\/10\/LAGO-PESCHIERE-AGOSTO-2019-08.jpg\" data-dt-img-description=\"\" data-large_image_width=\"1600\" data-large_image_height=\"1200\"><img loading=\"lazy\" decoding=\"async\" class=\"size-medium wp-image-169024 alignright\" src=\"https:\/\/www.radiopiu.net\/wordpress\/wp-content\/uploads\/2020\/10\/LAGO-PESCHIERE-AGOSTO-2019-08-300x225.jpg\" alt=\"\" width=\"300\" height=\"225\" srcset=\"https:\/\/www.radiopiu.net\/wordpress\/wp-content\/uploads\/2020\/10\/LAGO-PESCHIERE-AGOSTO-2019-08-300x225.jpg 300w, https:\/\/www.radiopiu.net\/wordpress\/wp-content\/uploads\/2020\/10\/LAGO-PESCHIERE-AGOSTO-2019-08-1024x768.jpg 1024w, https:\/\/www.radiopiu.net\/wordpress\/wp-content\/uploads\/2020\/10\/LAGO-PESCHIERE-AGOSTO-2019-08-768x576.jpg 768w, https:\/\/www.radiopiu.net\/wordpress\/wp-content\/uploads\/2020\/10\/LAGO-PESCHIERE-AGOSTO-2019-08-1536x1152.jpg 1536w, https:\/\/www.radiopiu.net\/wordpress\/wp-content\/uploads\/2020\/10\/LAGO-PESCHIERE-AGOSTO-2019-08.jpg 1600w\" sizes=\"auto, (max-width: 300px) 100vw, 300px\" \/><\/a>realizzazione dei cantieri, dei 931 cantieri a valere sul 2019, 467 sono gi\u00e0 ultimati e 426 con i lavori in corso. Per il 2020 stipulati 464 nuovi contratti per un importo di circa 240 milioni e ci sono gi\u00e0 7 lavori ultimati per 303 mila euro e 9 lavori in corso per 885 mila euro.\u00a0 C<span style=\"font-size: medium;\"><span style=\"color: #222222;\">irca l\u201985% del legname \u00e8 stato venduto e di questo il 50% portato via fisicamente. Per il resto ci sar\u00e0 bisogno di almeno 50 milioni di spesa per recuperare il legname che non ha mercato e non \u00e8 vendibile senza costi. <\/span><\/span><span style=\"font-size: medium;\">Sono stati inoltre imputati con Ordinanza Commissariale\u00a0 i 68 milioni di euro del Fondo di Solidariet\u00e0 assegnato dall\u2019Unione Europea. I cantieri gi\u00e0 realizzati ed in corso di verifica e rendicontazione sono 118. <\/span><span style=\"font-size: medium;\">Ad oggi sono stati liquidati 6 milioni di euro nel 2018, 65 <a class=\"dt-pswp-item\" href=\"https:\/\/www.radiopiu.net\/wordpress\/wp-content\/uploads\/2020\/10\/7c0a760f-24fd-4c03-9597-6a6c35737bdc.jpg\" data-dt-img-description=\"\" data-large_image_width=\"1600\" data-large_image_height=\"1069\"><img loading=\"lazy\" decoding=\"async\" class=\"size-medium wp-image-169013 alignleft\" src=\"https:\/\/www.radiopiu.net\/wordpress\/wp-content\/uploads\/2020\/10\/7c0a760f-24fd-4c03-9597-6a6c35737bdc-300x200.jpg\" alt=\"\" width=\"300\" height=\"200\" srcset=\"https:\/\/www.radiopiu.net\/wordpress\/wp-content\/uploads\/2020\/10\/7c0a760f-24fd-4c03-9597-6a6c35737bdc-300x200.jpg 300w, https:\/\/www.radiopiu.net\/wordpress\/wp-content\/uploads\/2020\/10\/7c0a760f-24fd-4c03-9597-6a6c35737bdc-1024x684.jpg 1024w, https:\/\/www.radiopiu.net\/wordpress\/wp-content\/uploads\/2020\/10\/7c0a760f-24fd-4c03-9597-6a6c35737bdc-768x513.jpg 768w, https:\/\/www.radiopiu.net\/wordpress\/wp-content\/uploads\/2020\/10\/7c0a760f-24fd-4c03-9597-6a6c35737bdc-1536x1026.jpg 1536w, https:\/\/www.radiopiu.net\/wordpress\/wp-content\/uploads\/2020\/10\/7c0a760f-24fd-4c03-9597-6a6c35737bdc.jpg 1600w\" sizes=\"auto, (max-width: 300px) 100vw, 300px\" \/><\/a>milioni di euro nel 2019 e 89 milioni di euro nel 2020, per un totale complessivo ben 160 milioni di euro, un aiuto reale e concreto all\u2019economia dell\u2019intera regione tenuto conto che il liquidato \u00e8 solo una parte delle opere gi\u00e0 realizzate ed in corso di contabilizzazione. <\/span><\/p>\n<p><span style=\"font-size: medium;\">Per quanto riguarda i Serrai di Sottoguda in Comune di Rocca Pietore, infine, sono stati avviati lavori per 9,1 milioni di euro non solo per il ripristino dell\u2019intera valle al fine per renderla nuovamente fruibile, nel rispetto delle peculiarit\u00e0 dell\u2019area patrimonio dell\u2019UNESCO, ma anche per il rifacimento e messa in sicurezza di tutti i sottoservizi (acquedotto, reti elettriche, fognature) con l\u2019obiettivo di rendere la zona sicura in caso di eventi della portata di Vaia.<\/span><\/p>\n<p><a href=\"https:\/\/www.radiopiu.net\/wordpress\/wp-content\/uploads\/2020\/10\/Vaia-anno-2020-NOTA-COMPLETA-1.docx\">Vaia anno 2020 NOTA COMPLETA-1<\/a><\/p>\n<p>&nbsp;<\/p>\n<p>&nbsp;<\/p>\n<p>&nbsp;<\/p>\n<hr \/>\n<p>&nbsp;<\/p>\n<p>&nbsp;<\/p>\n<blockquote>\n<h3>D&#8217;INCA&#8217;: RICORDO INDELEBILE, LA LOTTA AL CAMBIAMENTO CLIMATICO E&#8217; UNA DELLE NOSTRE PRIORITA&#8217;<\/h3>\n<\/blockquote>\n<p><strong><a class=\"dt-pswp-item\" href=\"https:\/\/www.radiopiu.net\/wordpress\/wp-content\/uploads\/2020\/10\/download-19.jpg\" data-dt-img-description=\"\" data-large_image_width=\"304\" data-large_image_height=\"228\"><img loading=\"lazy\" decoding=\"async\" class=\"size-medium wp-image-169046 alignright\" src=\"https:\/\/www.radiopiu.net\/wordpress\/wp-content\/uploads\/2020\/10\/download-19-300x225.jpg\" alt=\"\" width=\"300\" height=\"225\" srcset=\"https:\/\/www.radiopiu.net\/wordpress\/wp-content\/uploads\/2020\/10\/download-19-300x225.jpg 300w, https:\/\/www.radiopiu.net\/wordpress\/wp-content\/uploads\/2020\/10\/download-19.jpg 304w\" sizes=\"auto, (max-width: 300px) 100vw, 300px\" \/><\/a>ROMA\u00a0<\/strong><em> \u201cSono trascorsi due anni da quando la tempesta Vaia si \u00e8 abbattuta sul bellunese e sul triveneto. Abbiamo affrontato giorni difficili, con venti che soffiavano a 200 chilometri all\u2019ora che hanno portato distruzione e forti disagi per l\u2019intero territorio. Un territorio, per\u00f2, che ha saputo resistere e guardare avanti, rimboccandosi le maniche e con tanta voglia di ricominciare\u201d.<\/em> Lo dichiara in una nota Federico D\u2019Inc\u00e0, Ministro per i Rapporti con il Parlamento. <em>\u201cVaia, infatti, oltre a un brutto ricordo ha anche rappresentato un esempio di comunit\u00e0: quella fondata sull\u2019aiuto reciproco e sulle capacit\u00e0 di rialzare la testa nei momenti pi\u00f9 complessi\u00a0\u2013 prosegue D\u2019Inc\u00e0, che aggiunge -: sono stati fatti notevoli investimenti nel Veneto e nel bellunese per riparare i danni provocati dalla tempesta, ma \u00e8 necessario continuare a lavorare e a investire nell\u2019intero Paese per una messa in sicurezza dei territori. Pi\u00f9 in generale, \u00e8 opportuno adottare una politica decisa per contrastare i cambiamenti climatici:\u00a0 l\u2019occasione derivante dalle risorse europee legate al Covid, \u00e8 particolarmente importante per raggiungere questo obiettivo e difendere i nostri bellissimi territori. A due anni di distanza, il mio ringraziamento va ancora una volta a tutte le autorit\u00e0 e ai volontari che si sono impegnati fin dalle prime ore per le operazioni di soccorso: un esempio di coesione che, mai come in questo difficile momento, deve farci riflettere\u201d.<\/em><\/p>\n<p>&nbsp;<\/p>\n<p>&nbsp;<\/p>\n<hr \/>\n<p>&nbsp;<\/p>\n<blockquote>\n<h2>PRIMA DI VAIA L&#8217;INCENDIO A TAIBON, IL RICORDO DI MASSIMO MASAREI<\/h2>\n<\/blockquote>\n<p><strong>ALLEGHE<\/strong> Massimo Masarei \u00e8 il Caposquadra dei vigili del fuoco volontari di Caprile-Rocca Pietore. E&#8217; bella e vera la sua testimonianza a due anni dall&#8217;incendio che ha interessato le Pale di San Lucano, ci sembra altrettanto bello riportarla nel nostro sito a testimonianza del lavoro e dell&#8217;importanza dei volontari, la testimonianza di Massimo rappresenta il mondo del volontariato al quale dobbiamo sempre un grande grazie (mm)<\/p>\n<p>&nbsp;<\/p>\n<div class=\"kvgmc6g5 cxmmr5t8 oygrvhab hcukyx3x c1et5uql ii04i59q\">\n<div dir=\"auto\"><em><a class=\"dt-pswp-item\" href=\"https:\/\/www.radiopiu.net\/wordpress\/wp-content\/uploads\/2020\/10\/122814004_1031269910634423_5119104956257541454_n.jpg\" data-dt-img-description=\"\" data-large_image_width=\"512\" data-large_image_height=\"288\"><img loading=\"lazy\" decoding=\"async\" class=\" wp-image-169199 alignleft\" src=\"https:\/\/www.radiopiu.net\/wordpress\/wp-content\/uploads\/2020\/10\/122814004_1031269910634423_5119104956257541454_n-300x169.jpg\" alt=\"\" width=\"266\" height=\"150\" srcset=\"https:\/\/www.radiopiu.net\/wordpress\/wp-content\/uploads\/2020\/10\/122814004_1031269910634423_5119104956257541454_n-300x169.jpg 300w, https:\/\/www.radiopiu.net\/wordpress\/wp-content\/uploads\/2020\/10\/122814004_1031269910634423_5119104956257541454_n.jpg 512w\" sizes=\"auto, (max-width: 266px) 100vw, 266px\" \/><\/a>&#8221;Era mercoled\u00ec 24 ottobre 2018 quando delle fiamme sviluppatesi sulla linea elettrica tra Cencenighe e Listolade, sospinte dal vento forte, avevano in breve tempo originato un vasto incendio boschivo che minacciava le case di Taibon Agordino. Nel tardo pomeriggio anche il nostro distaccamento di Caprile viene allertato; noi siamo cos\u00ec, non importa dove come e cosa, noi partiamo e andiamo in aiuto! <\/em><em>La nostra postazione era a Listolade per evitare, in qualunque modo, che il fuoco arrivasse alle baite sottostanti. Ci prepariamo con numerose motopompe assieme ai colleghi e amici volontari di Agordo e Gosaldo. La notte sar\u00e0 lunga e ad accompagnare la nostra veglia alle fiamme c&#8217;\u00e8 un forte vento caldo, troppo caldo per il periodo. Ma nonostante tutto il fuoco si avvicina sempre di pi\u00f9 e a farci preoccupare sono tutti quei sassi ,anche di notevoli dimensioni sui pendii della montagna che nel buio della notte, sentiamo rotolare a valle e non c&#8217;\u00e8 modo di capire se e dove si fermeranno&#8230; A notte fonda arriva un Vigile del Fuoco permanente di Agordo prossimo alla pensione che con gli occhi sbarrati ci dice che non ha mai visto nulla di simile&#8230;la tensione e la sensazione di pericolo ci attanagliano. &#8221;Ci vorrebbe una settimana di pioggia per spegnerlo!&#8221; sono i commenti, c&#8217;\u00e8 chi spera nella neve per spegnere definitivamente l&#8217;incendio&#8230; Non sapevamo che da l\u00ec a poche ore si sarebbe abbattuta sul nostro territorio con una forza distruttrice tremenda la TEMPESTA VAIA.&#8221;<\/em><\/div>\n<\/div>\n<div class=\"o9v6fnle cxmmr5t8 oygrvhab hcukyx3x c1et5uql ii04i59q\">\n<div dir=\"auto\"><strong>Capo Distaccamento Caposquadra Massimo Masarei<\/strong><\/div>\n<\/div>\n<p>&nbsp;<\/p>\n<p>&nbsp;<\/p>\n<hr \/>\n<blockquote>\n<h3>DUE ARRESTI PER IL NON RISPETTO DELLE MISURE DI PREVENZIONE<\/h3>\n<\/blockquote>\n<p><strong><a class=\"dt-pswp-item\" href=\"https:\/\/www.radiopiu.net\/wordpress\/wp-content\/uploads\/2018\/10\/Volante-Questura.jpg\" data-dt-img-description=\"\" data-large_image_width=\"768\" data-large_image_height=\"510\"><img loading=\"lazy\" decoding=\"async\" class=\" wp-image-63842 alignleft\" src=\"https:\/\/www.radiopiu.net\/wordpress\/wp-content\/uploads\/2018\/10\/Volante-Questura-300x199.jpg\" alt=\"\" width=\"225\" height=\"149\" \/><\/a>BELLUNO<\/strong> Due interventi e altrettanti arresti da parte della Polizia di Belluno, <span style=\"font-family: Times New Roman, serif;\"><span style=\"font-size: large;\"><span style=\"font-size: medium;\">una donna, Z.L. di 57 anni, \u00e8 stata arrestata per violazione della misura di prevenzione alla quale era stata sottoposta.\u00a0 E&#8217; stata identificata\u00a0 in piazza Piloni,\u00a0 gi\u00e0 conosciuta agli operanti per i suoi innumerevoli trascorsi delittuosi perseguiti anche nel centro di Belluno. Risultava sottoposta alla misura di prevenzione della sorveglianza speciale con obbligo di soggiorno in altro Comune.\u00a0<\/span><\/span><\/span><\/p>\n<p>Una donna <span style=\"font-family: Times New Roman, serif;\"><span style=\"font-size: large;\"><span style=\"font-size: medium;\">D.A. di 39 anni \u00e8 stata arrestata in esecuzione di un ordine di accompagnamento emesso dal Tribunale di Venezia. La volante ha notato la donna nei dintorni della stazione ferroviaria,\u00a0 mente attendeva l\u2019autobus, la\u00a0 nota pregiudicata, risulta destinataria della misura alternativa della detenzione domiciliare. Nonostante i tentativi di eludere il controllo celandosi tra i giovani studenti, la donna \u00e8 stata fermata e accompagnata presso gli uffici della locale Questura dove \u00e8 stato accertato che era destinataria di un provvedimento di sospensione della misura alternativa e un connesso ordine di accompagnamento presso la Casa Circondariale.\u00a0<\/span><\/span><\/span><\/p>\n<p>&nbsp;<\/p>\n<hr \/>\n<p>&nbsp;<\/p>\n<blockquote>\n<h3 style=\"text-align: left;\">RISSA IN PIAZZA, DUE PERSONE IN OSPEDALE<\/h3>\n<\/blockquote>\n<p><strong>FELTRE<\/strong>\u00a0 In piazza Isola dalle parole i violenti passano presto ai fatti, ceffoni, pugni, sedie in volo e alla fine due di loro finiscono al pronto soccorso, che da il via alla querela. I carabinieri hanno riportato la calma dopo la rissa per futili motivi. Almeno cinque le persone coinvolte e non giovanissimi.<\/p>\n<p>&nbsp;<\/p>\n<hr \/>\n<p>&nbsp;<\/p>\n<blockquote>\n<h3>INCIDENTE SUL LAVORO, OPERAIO FERITO DA UN TRONCO<\/h3>\n<\/blockquote>\n<p><strong>ROCCA PIETORE<\/strong> Un 31enne di Padola, A.D.M.T. \u00e8 rimasto ferito nell&#8217;incidente occorsogli ieri nel cantiere sulla provinciale al bivio per Arabba. Era impegnato nel montaggio di reti paramassi, un tronco l&#8217;albero lo ha travolto. Sul posto l&#8217;elicottero del Suem di Pieve di Cadore che lo ha trasportato all&#8217;ospedale di Belluno con una gamba fratturata.<\/p>\n<p>&nbsp;<\/p>\n<hr \/>\n<p>&nbsp;<\/p>\n<blockquote>\n<h3>I CARABINIERI POTENZIANO I CONTROLLI MA PURTROPPO I FURTI CONTINUANO<\/h3>\n<\/blockquote>\n<p><strong>ALANO<\/strong> Ladri ancora in azione la notte scorsa ad Alano di Piave, questa volta gli ignoti sono meno ignoti giacch\u00e8 immortalati dalle telecamere di sorveglianza, auto compresa, pare una volvo. Ad inizio settimana erano state prese di mira gli appartamenti in \u00a0via Remuglia a Pedavena,\u00a0 nel quartiere Salvo D&#8217;acquisto a Mel e a\u00a0 Borgo Valbelluna, qualche giorno prima ad Alano, Pedavena, Feltre e Santa Giustina ma anche a Seren<\/p>\n<p>&nbsp;<\/p>\n<hr \/>\n<p>&nbsp;<\/p>\n<h2><span style=\"color: #ff0000;\">OGGI SUL CORRIERE DELLE ALPI\u00a0<\/span><\/h2>\n<p>di Gigi Sosso<\/p>\n<p><strong>Violent\u00f2 la paziente psichica: cinque anni, <\/strong><strong>Condannato anche all&#8217;interdizione perpetua un operatore socio sanitario che due anni fa lavorava nella Rsa\u00a0<\/strong><\/p>\n<p><strong>BELLUNO_AGORDO<\/strong> Violenza sessuale in Psichiatria: cinque anni all&#8217;operatore socio sanitario. Meno di quanti ne avrebbe voluti la Procura della Repubblica. Davide Barresi \u00e8 stato riconosciuto colpevole di aver violentato un&#8217;anziana disabile psichica ricoverata nella Rsa di Agordo. Il Tribunale di Belluno ha disposto anche l&#8217;interdizione perpetua dai pubblici uffici dell&#8217;imputato e il pagamento di un risarcimento danni di 5 mila euro. Il pubblico ministero Marcon di anni ne aveva chiesti sei.<\/p>\n<p>&nbsp;<\/p>\n<hr \/>\n<blockquote>\n<h3><\/h3>\n<p>&nbsp;<\/p>\n<h3><strong><a class=\"dt-pswp-item\" href=\"https:\/\/www.radiopiu.net\/wordpress\/wp-content\/uploads\/2020\/10\/download-20.jpg\" data-dt-img-description=\"\" data-large_image_width=\"168\" data-large_image_height=\"300\"><img loading=\"lazy\" decoding=\"async\" class=\"wp-image-169225 alignleft\" src=\"https:\/\/www.radiopiu.net\/wordpress\/wp-content\/uploads\/2020\/10\/download-20.jpg\" alt=\"\" width=\"120\" height=\"214\" \/><\/a><\/strong>L&#8217;IMBECILLITA&#8217; SENZA CONFINI, UN NUOVO ATTO VANDALICO CONTRO I NASTRI ROSA<\/h3>\n<\/blockquote>\n<p><strong>\u00a0BELLUNO<\/strong> Ci risiamo nella notte tra marted\u00ec e mercoled\u00ec per la seconda volta in meno di un mese,\u00a0 sono stati presi\u00a0 di mira i\u00a0 simboli rosa che ricordano l&#8217;importanza della prevenzione della lotta contro il tumore al seno, posizionati nei giardini di piazza dei Martiri dall&#8217;associazione Ados.\u00a0 A essere ridotti in brandelli sono stati diversi &#8220;nastri&#8221;. Dimostrazione di ignoranza totale, soprattutto stupida cattiveria. Noi nel nostro piccolo proviamo a rimediare alle cavolate altrui riproponendo e con piacere l&#8217;intervista realizzata in occasione dell&#8217;ottobre rosa all&#8217;associazione ONDA ROSA di BELLUNO<\/p>\n<blockquote><audio class=\"wp-audio-shortcode\" id=\"audio-168967-3\" preload=\"none\" style=\"width: 100%;\" controls=\"controls\"><source type=\"audio\/mpeg\" src=\"https:\/\/www.radiopiu.net\/wordpress\/wp-content\/uploads\/2020\/10\/onda-ROSAbelluno.mp3?_=3\" \/><a href=\"https:\/\/www.radiopiu.net\/wordpress\/wp-content\/uploads\/2020\/10\/onda-ROSAbelluno.mp3\">https:\/\/www.radiopiu.net\/wordpress\/wp-content\/uploads\/2020\/10\/onda-ROSAbelluno.mp3<\/a><\/audio>\n<p>&nbsp;<\/p>\n<p>&nbsp;<\/p>\n<p>&nbsp;<\/p>\n<hr \/>\n<h3>A LA VALLE,\u00a0 TAIBON\u00a0 E VOLTAGO ACQUA NON POTABILE<\/h3>\n<\/blockquote>\n<p class=\"photoswipe-wrapper\"><a class=\"dt-pswp-item pspw-wrap-ready\" href=\"https:\/\/i1.wp.com\/www.radiopiu.net\/wordpress\/wp-content\/uploads\/2019\/10\/ACQUA-SPORCA.jpeg?ssl=1\" data-dt-img-description=\"\" data-large_image_width=\"1024\" data-large_image_height=\"768\"><img loading=\"lazy\" decoding=\"async\" class=\" wp-image-104646 alignleft\" src=\"https:\/\/i1.wp.com\/www.radiopiu.net\/wordpress\/wp-content\/uploads\/2019\/10\/ACQUA-SPORCA.jpeg?resize=127%2C95&amp;ssl=1\" sizes=\"auto, (max-width: 127px) 100vw, 127px\" srcset=\"https:\/\/i1.wp.com\/www.radiopiu.net\/wordpress\/wp-content\/uploads\/2019\/10\/ACQUA-SPORCA.jpeg?resize=300%2C225&amp;ssl=1 300w, https:\/\/i1.wp.com\/www.radiopiu.net\/wordpress\/wp-content\/uploads\/2019\/10\/ACQUA-SPORCA.jpeg?resize=768%2C576&amp;ssl=1 768w, https:\/\/i1.wp.com\/www.radiopiu.net\/wordpress\/wp-content\/uploads\/2019\/10\/ACQUA-SPORCA.jpeg?w=1024&amp;ssl=1 1024w\" alt=\"\" width=\"96\" height=\"72\" \/><\/a>Gestione Servizi Pubblici informa che a <strong>LA VALLE AGORDINA<\/strong> nelle LOCALITA\u2019 RONCHE, RONCHET, NOACH, LE CAMPE e CANCELLADE a <strong>VOLTAGO<\/strong>, nelle LOCALITA\u2019 FRASSENE\u2019 e VILLA, a <strong>TAIBON <\/strong>\u00a0nelle localit\u00e0 RONCH DE BOS e NOGAROLA, l&#8217;acqua erogata dall&#8217;acquedotto non \u00e8 potabile e pu\u00f2 essere usata per scopi alimentari SOLO PREVIA bollitura.<\/p>\n<p>&nbsp;<\/p>\n<p>&nbsp;<\/p>\n<hr \/>\n<p>&nbsp;<\/p>\n<p><span style=\"color: #ff0000;\"><strong>SR 203 AGORDINA<\/strong> localit\u00e0 Sopra Sac di Alleghe, chiusura totale al transito il 1 novembre dalle 8 alle 12 e dalle 14 alle 18 per esbosco alberi<\/span><\/p>\n<p><strong><img loading=\"lazy\" decoding=\"async\" class=\"alignleft\" src=\"https:\/\/www.radiopiu.net\/wordpress\/wp-content\/uploads\/2020\/05\/VENETO-STRADE-300x300.png\" width=\"85\" height=\"85\" \/>LONGARONE\u00a0<\/strong> Da subito e fino a revoca dell&#8217;ordinanza di Veneto Strade \u00e8 imposto il senso unico alternato tra Soffranco e Mezzocanale lungo la provinciale 251 Val di Zoldo e Cellina per il cedimento di parte della carreggiata. L&#8217;impianto semaforico \u00e8 gi\u00e0 attivo nelle 24 ore, festivi e prefestivi inclusi<\/p>\n<p>&nbsp;<\/p>\n<p>&nbsp;<\/p>\n<hr \/>\n<p>&nbsp;<\/p>\n<h3><em>Gestione Servizi Pubblici informa che, per lavori alla rete idrica comunale, oggi dalle 8.30 alle 14 verr\u00e0 sospesa l\u2019erogazione dell\u2019acqua a LIVINALLONGO DEL COL DI LANA, in via PRECUMON. Il personale addetto operer\u00e0 per limitare il pi\u00f9 possibile i disagi alla popolazione<\/em><\/h3>\n<p>&nbsp;<\/p>\n<p>&nbsp;<\/p>\n<hr \/>\n<p>&nbsp;<\/p>\n<p>&nbsp;<\/p>\n<h2><a class=\"dt-pswp-item\" href=\"https:\/\/www.radiopiu.net\/wordpress\/wp-content\/uploads\/2020\/10\/CLAUDIO-CANOVA-FANTASTICHE-DOLOMITI.jpg\" data-dt-img-description=\"\" data-large_image_width=\"384\" data-large_image_height=\"384\"><img loading=\"lazy\" decoding=\"async\" class=\" wp-image-168995 alignleft\" src=\"https:\/\/www.radiopiu.net\/wordpress\/wp-content\/uploads\/2020\/10\/CLAUDIO-CANOVA-FANTASTICHE-DOLOMITI-300x300.jpg\" alt=\"\" width=\"123\" height=\"123\" srcset=\"https:\/\/www.radiopiu.net\/wordpress\/wp-content\/uploads\/2020\/10\/CLAUDIO-CANOVA-FANTASTICHE-DOLOMITI-300x300.jpg 300w, https:\/\/www.radiopiu.net\/wordpress\/wp-content\/uploads\/2020\/10\/CLAUDIO-CANOVA-FANTASTICHE-DOLOMITI-150x150.jpg 150w, https:\/\/www.radiopiu.net\/wordpress\/wp-content\/uploads\/2020\/10\/CLAUDIO-CANOVA-FANTASTICHE-DOLOMITI.jpg 384w\" sizes=\"auto, (max-width: 123px) 100vw, 123px\" \/><\/a><\/h2>\n<h2><\/h2>\n<h2><span style=\"color: #800080;\">IL BANDO PER IL TURISMO, CLAUDIO CANOVA SPIEGA A CHI \u00c8 DESTINATO<\/span><\/h2>\n<p><strong>di Claudio Fontanive\u00a0<\/strong><\/p>\n<p>Ospite: Claudio Canova<\/p>\n<audio class=\"wp-audio-shortcode\" id=\"audio-168967-4\" preload=\"none\" style=\"width: 100%;\" controls=\"controls\"><source type=\"audio\/mpeg\" src=\"https:\/\/www.radiopiu.net\/wordpress\/wp-content\/uploads\/2020\/10\/bando-turismo.mp3?_=4\" \/><a href=\"https:\/\/www.radiopiu.net\/wordpress\/wp-content\/uploads\/2020\/10\/bando-turismo.mp3\">https:\/\/www.radiopiu.net\/wordpress\/wp-content\/uploads\/2020\/10\/bando-turismo.mp3<\/a><\/audio>\n<p>&nbsp;<\/p>\n<p>&nbsp;<\/p>\n<hr \/>\n<p>&nbsp;<\/p>\n<blockquote>\n<h3>GRUPPO ASSISTENZA VOLONTARIA DI AGORDO, QUELLI CHE NON SI FERMANO MAI<\/h3>\n<\/blockquote>\n<p><strong><a class=\"dt-pswp-item\" href=\"https:\/\/www.radiopiu.net\/wordpress\/wp-content\/uploads\/2020\/10\/image-4.jpg\" data-dt-img-description=\"\" data-large_image_width=\"910\" data-large_image_height=\"512\"><img loading=\"lazy\" decoding=\"async\" class=\" wp-image-169203 alignleft\" src=\"https:\/\/www.radiopiu.net\/wordpress\/wp-content\/uploads\/2020\/10\/image-4-300x169.jpg\" alt=\"\" width=\"209\" height=\"118\" srcset=\"https:\/\/www.radiopiu.net\/wordpress\/wp-content\/uploads\/2020\/10\/image-4-300x169.jpg 300w, https:\/\/www.radiopiu.net\/wordpress\/wp-content\/uploads\/2020\/10\/image-4-768x432.jpg 768w, https:\/\/www.radiopiu.net\/wordpress\/wp-content\/uploads\/2020\/10\/image-4.jpg 910w\" sizes=\"auto, (max-width: 209px) 100vw, 209px\" \/><\/a>AGORDO<\/strong><\/p>\n<p><strong>DI GIANNI SANTOMASO<\/strong><\/p>\n<p><span style=\"color: #ff0000;\">FOTO ARCHIVIO<\/span><\/p>\n<audio class=\"wp-audio-shortcode\" id=\"audio-168967-5\" preload=\"none\" style=\"width: 100%;\" controls=\"controls\"><source type=\"audio\/mpeg\" src=\"https:\/\/www.radiopiu.net\/wordpress\/wp-content\/uploads\/2020\/10\/gianni-gav.mp3?_=5\" \/><a href=\"https:\/\/www.radiopiu.net\/wordpress\/wp-content\/uploads\/2020\/10\/gianni-gav.mp3\">https:\/\/www.radiopiu.net\/wordpress\/wp-content\/uploads\/2020\/10\/gianni-gav.mp3<\/a><\/audio>\n<p>&nbsp;<\/p>\n<hr \/>\n<p>&nbsp;<\/p>\n<blockquote>\n<h3>ASILO, ELEMENTARI E MEDIE: LA MENSA NON AUMENTA NON PER I GENITORI, PAGA IL COMUNE<\/h3>\n<\/blockquote>\n<p><strong><a class=\"dt-pswp-item\" href=\"https:\/\/www.radiopiu.net\/wordpress\/wp-content\/uploads\/2018\/07\/CESIO.jpg\" data-dt-img-description=\"\" data-large_image_width=\"354\" data-large_image_height=\"142\"><img loading=\"lazy\" decoding=\"async\" class=\" wp-image-53558 alignleft\" src=\"https:\/\/www.radiopiu.net\/wordpress\/wp-content\/uploads\/2018\/07\/CESIO-300x120.jpg\" alt=\"\" width=\"198\" height=\"79\" srcset=\"https:\/\/www.radiopiu.net\/wordpress\/wp-content\/uploads\/2018\/07\/CESIO-300x120.jpg 300w, https:\/\/www.radiopiu.net\/wordpress\/wp-content\/uploads\/2018\/07\/CESIO.jpg 354w\" sizes=\"auto, (max-width: 198px) 100vw, 198px\" \/><\/a>CESIOMAGGIORE<\/strong><\/p>\n<p><strong>DI DAMIANO TORMEN<\/strong><\/p>\n<audio class=\"wp-audio-shortcode\" id=\"audio-168967-6\" preload=\"none\" style=\"width: 100%;\" controls=\"controls\"><source type=\"audio\/mpeg\" src=\"https:\/\/www.radiopiu.net\/wordpress\/wp-content\/uploads\/2020\/10\/DAMIANO-4.mp3?_=6\" \/><a href=\"https:\/\/www.radiopiu.net\/wordpress\/wp-content\/uploads\/2020\/10\/DAMIANO-4.mp3\">https:\/\/www.radiopiu.net\/wordpress\/wp-content\/uploads\/2020\/10\/DAMIANO-4.mp3<\/a><\/audio>\n<p>&nbsp;<\/p>\n<hr \/>\n<blockquote>\n<h3><\/h3>\n<h3>LUXOTTICA, GLI ARTICOLI PIU&#8217; CLICCATI SUL SITO INTERNET DI RADIO PIU&#8217; NELLE ULTIME 48 ORE: LE 10 RACCOMANDAZIONI ANTI COVID, IL NUOVO PIANO PER LA FLESSIBILITA&#8217; E CISL LA VOCE DEI LAVORATORI, DI PAOLO CHISSALE&#8217;. RILEGGILI E RIASCOLTATI QUI.<\/h3>\n<\/blockquote>\n<blockquote class=\"wp-embedded-content\" data-secret=\"yLm8KjY1SB\"><p><a href=\"https:\/\/www.radiopiu.net\/wordpress\/straordinario-incentivato-in-luxottica-per-il-recupero-delle-ore-in-seguito-al-blocco-informatico\/\">STRAORDINARIO INCENTIVATO IN LUXOTTICA PER IL RECUPERO DELLE ORE IN SEGUITO AL BLOCCO INFORMATICO<\/a><\/p><\/blockquote>\n<p><iframe loading=\"lazy\" class=\"wp-embedded-content\" sandbox=\"allow-scripts\" security=\"restricted\" style=\"position: absolute; clip: rect(1px, 1px, 1px, 1px);\" title=\"&#8220;STRAORDINARIO INCENTIVATO IN LUXOTTICA PER IL RECUPERO DELLE ORE IN SEGUITO AL BLOCCO INFORMATICO&#8221; &#8212; Radio Pi\u00f9\" src=\"https:\/\/www.radiopiu.net\/wordpress\/straordinario-incentivato-in-luxottica-per-il-recupero-delle-ore-in-seguito-al-blocco-informatico\/embed\/#?secret=yLm8KjY1SB\" data-secret=\"yLm8KjY1SB\" width=\"600\" height=\"338\" frameborder=\"0\" marginwidth=\"0\" marginheight=\"0\" scrolling=\"no\"><\/iframe><\/p>\n<p>&nbsp;<\/p>\n<h2><span style=\"color: #ff0000;\">IERI ALLA RADIO<\/span><\/h2>\n<h2><a class=\"dt-pswp-item\" href=\"https:\/\/www.radiopiu.net\/wordpress\/wp-content\/uploads\/2020\/04\/FEMCA-CISL.png\" data-dt-img-description=\"\" data-large_image_width=\"225\" data-large_image_height=\"225\"><img loading=\"lazy\" decoding=\"async\" class=\"size-full wp-image-127312 alignleft\" src=\"https:\/\/www.radiopiu.net\/wordpress\/wp-content\/uploads\/2020\/04\/FEMCA-CISL.png\" alt=\"\" width=\"225\" height=\"225\" srcset=\"https:\/\/www.radiopiu.net\/wordpress\/wp-content\/uploads\/2020\/04\/FEMCA-CISL.png 225w, https:\/\/www.radiopiu.net\/wordpress\/wp-content\/uploads\/2020\/04\/FEMCA-CISL-150x150.png 150w\" sizes=\"auto, (max-width: 225px) 100vw, 225px\" \/><\/a><span style=\"color: #339966;\">CISL LA VOCE DEI LAVORATORI<\/span><\/h2>\n<p>L&#8217;appuntamento con CISL La Voce Dei Lavoratori<\/p>\n<p>con Paolo Chissal\u00e8<\/p>\n<audio class=\"wp-audio-shortcode\" id=\"audio-168967-7\" preload=\"none\" style=\"width: 100%;\" controls=\"controls\"><source type=\"audio\/mpeg\" src=\"https:\/\/www.radiopiu.net\/wordpress\/wp-content\/uploads\/2020\/10\/CISL-1.mp3?_=7\" \/><a href=\"https:\/\/www.radiopiu.net\/wordpress\/wp-content\/uploads\/2020\/10\/CISL-1.mp3\">https:\/\/www.radiopiu.net\/wordpress\/wp-content\/uploads\/2020\/10\/CISL-1.mp3<\/a><\/audio>\n<p>&nbsp;<\/p>\n<p>&nbsp;<\/p>\n<blockquote class=\"wp-embedded-content\" data-secret=\"Eb0YCmYZtz\"><p><a href=\"https:\/\/www.radiopiu.net\/wordpress\/le-10-raccomandazioni-di-luxottica-per-contenere-il-covid-19\/\">LE 10 RACCOMANDAZIONI DI LUXOTTICA PER CONTENERE IL COVID-19<\/a><\/p><\/blockquote>\n<p><iframe loading=\"lazy\" class=\"wp-embedded-content\" sandbox=\"allow-scripts\" security=\"restricted\" style=\"position: absolute; clip: rect(1px, 1px, 1px, 1px);\" title=\"&#8220;LE 10 RACCOMANDAZIONI DI LUXOTTICA PER CONTENERE IL COVID-19&#8221; &#8212; Radio Pi\u00f9\" src=\"https:\/\/www.radiopiu.net\/wordpress\/le-10-raccomandazioni-di-luxottica-per-contenere-il-covid-19\/embed\/#?secret=Eb0YCmYZtz\" data-secret=\"Eb0YCmYZtz\" width=\"600\" height=\"338\" frameborder=\"0\" marginwidth=\"0\" marginheight=\"0\" scrolling=\"no\"><\/iframe><\/p>\n<p>&nbsp;<\/p>\n<blockquote><p>&nbsp;<\/p>\n<p>&nbsp;<\/p>\n<p>&nbsp;<\/p>\n<hr \/>\n<h3>DONAZIONE DI VETRI NASCI-FRANZOIA AL COMUNE DI FELTRE. IN ALLESTIMENTO UNA MOSTRA IN GALLERIA RIZZARDA<\/h3>\n<\/blockquote>\n<p><strong>FELTRE <\/strong>\u00c8 stata donata al comune di Feltre una collezione di vetri Nasci-Franzoia e per cui si sta allestendo una sezione dedicata della Galleria Rizzarda. Ieri \u00e8 stata ufficializzata la data di inaugurazione fissata al prossimo 19 dicembre. La donazione, che avevamo gi\u00e0 presentato alcuni mesi fa, si compone di circa 800 pezzi della preziosa arte muranese.<\/p>\n\n\t\t\t<style type='text\/css'>\n\t\t\t\t#gallery-1 {\n\t\t\t\t\tmargin: auto;\n\t\t\t\t}\n\t\t\t\t#gallery-1 .gallery-item {\n\t\t\t\t\tfloat: left;\n\t\t\t\t\tmargin-top: 10px;\n\t\t\t\t\ttext-align: center;\n\t\t\t\t\twidth: 50%;\n\t\t\t\t}\n\t\t\t\t#gallery-1 img {\n\t\t\t\t\tborder: 2px solid #cfcfcf;\n\t\t\t\t}\n\t\t\t\t#gallery-1 .gallery-caption {\n\t\t\t\t\tmargin-left: 0;\n\t\t\t\t}\n\t\t\t\t\/* see gallery_shortcode() in wp-includes\/media.php *\/\n\t\t\t<\/style>\n\t\t<div id='gallery-1' class='dt-gallery-container gallery galleryid-168967 gallery-columns-2 gallery-size-medium'><dl class='gallery-item'>\n\t\t\t\t<dt class='gallery-icon landscape'>\n\t\t\t\t\t<a class=\"rollover rollover-zoom dt-pswp-item\" title=\"8f7379e8-6377-467c-ad33-cbf984fee475\" data-dt-img-description=\"\" data-large_image_width=\"1344\" data-large_image_height=\"756\"href='https:\/\/www.radiopiu.net\/wordpress\/wp-content\/uploads\/2020\/10\/8f7379e8-6377-467c-ad33-cbf984fee475.jpg'><img loading=\"lazy\" decoding=\"async\" width=\"300\" height=\"169\" src=\"https:\/\/www.radiopiu.net\/wordpress\/wp-content\/uploads\/2020\/10\/8f7379e8-6377-467c-ad33-cbf984fee475-300x169.jpg\" class=\"attachment-medium size-medium\" alt=\"\" srcset=\"https:\/\/www.radiopiu.net\/wordpress\/wp-content\/uploads\/2020\/10\/8f7379e8-6377-467c-ad33-cbf984fee475-300x169.jpg 300w, https:\/\/www.radiopiu.net\/wordpress\/wp-content\/uploads\/2020\/10\/8f7379e8-6377-467c-ad33-cbf984fee475-1024x576.jpg 1024w, https:\/\/www.radiopiu.net\/wordpress\/wp-content\/uploads\/2020\/10\/8f7379e8-6377-467c-ad33-cbf984fee475-768x432.jpg 768w, https:\/\/www.radiopiu.net\/wordpress\/wp-content\/uploads\/2020\/10\/8f7379e8-6377-467c-ad33-cbf984fee475.jpg 1344w\" sizes=\"auto, (max-width: 300px) 100vw, 300px\" \/><\/a>\n\t\t\t\t<\/dt><\/dl><dl class='gallery-item'>\n\t\t\t\t<dt class='gallery-icon landscape'>\n\t\t\t\t\t<a class=\"rollover rollover-zoom dt-pswp-item\" title=\"4e84f8c5-e6e2-462b-ae27-b577d05e3249\" data-dt-img-description=\"\" data-large_image_width=\"1344\" data-large_image_height=\"756\"href='https:\/\/www.radiopiu.net\/wordpress\/wp-content\/uploads\/2020\/10\/4e84f8c5-e6e2-462b-ae27-b577d05e3249.jpg'><img loading=\"lazy\" decoding=\"async\" width=\"300\" height=\"169\" src=\"https:\/\/www.radiopiu.net\/wordpress\/wp-content\/uploads\/2020\/10\/4e84f8c5-e6e2-462b-ae27-b577d05e3249-300x169.jpg\" class=\"attachment-medium size-medium\" alt=\"\" srcset=\"https:\/\/www.radiopiu.net\/wordpress\/wp-content\/uploads\/2020\/10\/4e84f8c5-e6e2-462b-ae27-b577d05e3249-300x169.jpg 300w, https:\/\/www.radiopiu.net\/wordpress\/wp-content\/uploads\/2020\/10\/4e84f8c5-e6e2-462b-ae27-b577d05e3249-1024x576.jpg 1024w, https:\/\/www.radiopiu.net\/wordpress\/wp-content\/uploads\/2020\/10\/4e84f8c5-e6e2-462b-ae27-b577d05e3249-768x432.jpg 768w, https:\/\/www.radiopiu.net\/wordpress\/wp-content\/uploads\/2020\/10\/4e84f8c5-e6e2-462b-ae27-b577d05e3249.jpg 1344w\" sizes=\"auto, (max-width: 300px) 100vw, 300px\" \/><\/a>\n\t\t\t\t<\/dt><\/dl><br style=\"clear: both\" \/>\n\t\t\t<\/div>\n\n<p><strong>IL SINDACO DI FELTRE PAOLO PERENZIN<\/strong><\/p>\n<audio class=\"wp-audio-shortcode\" id=\"audio-168967-8\" preload=\"none\" style=\"width: 100%;\" controls=\"controls\"><source type=\"audio\/mpeg\" src=\"https:\/\/www.radiopiu.net\/wordpress\/wp-content\/uploads\/2020\/10\/Int.-Perenzin.mp3?_=8\" \/><a href=\"https:\/\/www.radiopiu.net\/wordpress\/wp-content\/uploads\/2020\/10\/Int.-Perenzin.mp3\">https:\/\/www.radiopiu.net\/wordpress\/wp-content\/uploads\/2020\/10\/Int.-Perenzin.mp3<\/a><\/audio>\n<p>&nbsp;<\/p>\n<p><strong>L&#8217;ASSESSORE ALLA CULTURA DEL COMUNE DI FELTRE ALESSANDRO DEL BIANCO<\/strong><\/p>\n<audio class=\"wp-audio-shortcode\" id=\"audio-168967-9\" preload=\"none\" style=\"width: 100%;\" controls=\"controls\"><source type=\"audio\/mpeg\" src=\"https:\/\/www.radiopiu.net\/wordpress\/wp-content\/uploads\/2020\/10\/Int.-Del-Bianco.mp3?_=9\" \/><a href=\"https:\/\/www.radiopiu.net\/wordpress\/wp-content\/uploads\/2020\/10\/Int.-Del-Bianco.mp3\">https:\/\/www.radiopiu.net\/wordpress\/wp-content\/uploads\/2020\/10\/Int.-Del-Bianco.mp3<\/a><\/audio>\n<p>&nbsp;<\/p>\n<hr \/>\n<p>&nbsp;<\/p>\n<blockquote>\n<h3>BIM GSP, PARTITI I LAVORI AL DEPURATORE DI BAORCHE A LIMANA<\/h3>\n<\/blockquote>\n<p><strong><a class=\"dt-pswp-item\" href=\"https:\/\/www.radiopiu.net\/wordpress\/wp-content\/uploads\/2020\/10\/le-fondazioni-della-barriera-protettiva_2.jpg\" data-dt-img-description=\"\" data-large_image_width=\"1600\" data-large_image_height=\"1200\"><img loading=\"lazy\" decoding=\"async\" class=\"size-medium wp-image-169061 alignleft\" src=\"https:\/\/www.radiopiu.net\/wordpress\/wp-content\/uploads\/2020\/10\/le-fondazioni-della-barriera-protettiva_2-300x225.jpg\" alt=\"\" width=\"300\" height=\"225\" srcset=\"https:\/\/www.radiopiu.net\/wordpress\/wp-content\/uploads\/2020\/10\/le-fondazioni-della-barriera-protettiva_2-300x225.jpg 300w, https:\/\/www.radiopiu.net\/wordpress\/wp-content\/uploads\/2020\/10\/le-fondazioni-della-barriera-protettiva_2-1024x768.jpg 1024w, https:\/\/www.radiopiu.net\/wordpress\/wp-content\/uploads\/2020\/10\/le-fondazioni-della-barriera-protettiva_2-768x576.jpg 768w, https:\/\/www.radiopiu.net\/wordpress\/wp-content\/uploads\/2020\/10\/le-fondazioni-della-barriera-protettiva_2-1536x1152.jpg 1536w, https:\/\/www.radiopiu.net\/wordpress\/wp-content\/uploads\/2020\/10\/le-fondazioni-della-barriera-protettiva_2.jpg 1600w\" sizes=\"auto, (max-width: 300px) 100vw, 300px\" \/><\/a>BELLUNO\u00a0<\/strong>Bim Gsp ha avviato in questi giorni i lavori di ammodernamento dell\u2019impianto di depurazione di Baorche, a Limana. L\u2019impianto, realizzato negli anni \u201980 per trattare i reflui civili provenienti dall\u2019abitato, verr\u00e0 sottoposto ad un vero e proprio restyling, per migliorare, da un lato, il rendimento del processo depurativo e contenere, dall\u2019altro, l\u2019emissione di aerosol e di odore all\u2019esterno. I lavori comporteranno la copertura delle sezioni di trattamento potenzialmente pi\u00f9 critiche per la formazione di aerosol e odori, in particolare i canali di dissabbiatura in ingresso (comparto di pretrattamento), il pozzo di sollevamento fanghi, le vasche di ossidazione biologica e di ispessimento fanghi. Le varie vasche, inoltre, verranno chiuse con appositi grigliati per l\u2019accesso in sicurezza e l\u2019ispezione periodica. La vasca di ossidazione sar\u00e0 dotata di sei calotte di aerazione al fine di permettere il ricircolo dell\u2019aria, non forzata, all\u2019interno della vasca nella parte superiore non occupata dai fanghi. A ridosso della vasca di ossidazione verr\u00e0, infine, realizzata una struttura frangivento, in acciaio. Per quanto riguarda l\u2019efficientamento del processo depurativo, verr\u00e0 sostituito l\u2019esistente sistema di diffusione dell\u2019aria in vasca di ossidazione con uno, sempre a micro-bolle, pi\u00f9 performante; verranno inoltre installate nuove pompe di sollevamento iniziale in sostituzione delle attuali ormai obsolete.\u00a0\u201c<em>Questo intervento \u2013 spiega la societ\u00e0 \u2013 che vale complessivamente 138 mila euro, rappresenta la miglior soluzione per preservare l\u2019integrit\u00e0 dell\u2019ambiente esterno da qualsiasi forma di inquinamento: le coperture alle vasche e la barriera frangivento che andremo a realizzare garantiranno il contenimento di emissioni odorigene verso l\u2019esterno, mentre la sostituzione delle apparecchiature meccaniche migliorer\u00e0 il processo depurativo. Un\u2019opera strategica, quindi, che ha ricevuto il parere favorevole anche dell\u2019azienda sanitaria locale e dato soluzione definitiva all\u2019annoso problema cui era sottoposta l\u2019area circostante l\u2019impianto<\/em>\u201d.\u00a0I lavori si concluderanno entro la fine dell\u2019anno.<\/p>\n<p>&nbsp;<\/p>\n<hr \/>\n<p>&nbsp;<\/p>\n<blockquote>\n<h3>FLAVIA MONEGO, CONSIGLIERE IN PIU&#8217; IN PROVINCIA<\/h3>\n<\/blockquote>\n<p><strong> <a class=\"dt-pswp-item\" href=\"https:\/\/www.radiopiu.net\/wordpress\/wp-content\/uploads\/2020\/10\/IMG_7105.jpg\" data-dt-img-description=\"\" data-large_image_width=\"1277\" data-large_image_height=\"1143\"><img loading=\"lazy\" decoding=\"async\" class=\" wp-image-169109 alignleft\" src=\"https:\/\/www.radiopiu.net\/wordpress\/wp-content\/uploads\/2020\/10\/IMG_7105-300x269.jpg\" alt=\"\" width=\"172\" height=\"154\" srcset=\"https:\/\/www.radiopiu.net\/wordpress\/wp-content\/uploads\/2020\/10\/IMG_7105-300x269.jpg 300w, https:\/\/www.radiopiu.net\/wordpress\/wp-content\/uploads\/2020\/10\/IMG_7105-1024x917.jpg 1024w, https:\/\/www.radiopiu.net\/wordpress\/wp-content\/uploads\/2020\/10\/IMG_7105-768x687.jpg 768w, https:\/\/www.radiopiu.net\/wordpress\/wp-content\/uploads\/2020\/10\/IMG_7105.jpg 1277w\" sizes=\"auto, (max-width: 172px) 100vw, 172px\" \/><\/a>BELLUNO<\/strong> Si \u00e8 insediata\u00a0 a Palazzo Piloni la nuova Consigliera di parit\u00e0: Flavia Monego. La Consigliera di parit\u00e0 \u00e8 una figura che la legge istituisce per la promozione e il controllo dell\u2019attuazione dei principi di uguaglianza, opportunit\u00e0 e non discriminazione nel mondo del lavoro. Ha il compito di vigilare e intervenire in qualit\u00e0 di pubblico ufficiale in tutti i casi nei quali si riscontri una discriminazione sul lavoro legata al genere.\u00a0 Possono rivolgersi a lei donne e uomini che pensano di essere discriminati, organizzazioni sindacali, imprese ed enti pubblici. Fra i suoi compiti rientra l&#8217;esercizio di funzioni di controllo e garanzia sulle discriminazioni nei luoghi di lavoro legate al genere, pu\u00f2 ricorrere in giudizio innanzi al Tribunale contro le discriminazioni, su delega delle persone interessate, in forma totalmente gratuita La Consigliera di parit\u00e0 riceve presso la Provincia di Belluno, via S.Andrea 5, il marted\u00ec pomeriggio dalle 15 alle 17 (su appuntamento, da fissare telefonando al n. 0437 959141).<\/p>\n<p>&nbsp;<\/p>\n<p>&nbsp;<\/p>\n<hr \/>\n<p>&nbsp;<\/p>\n<div>\n<blockquote>\n<h3 class=\"WW-Predefinito\"><span class=\"None\"><b>AVO BELLUNO: \u201cATTIVIT\u00c0 SOSPESE MA SIAMO PRONTI ALLA RIPRESA\u201d<\/b><\/span><\/h3>\n<\/blockquote>\n<p><strong><a class=\"dt-pswp-item\" href=\"https:\/\/www.radiopiu.net\/wordpress\/wp-content\/uploads\/2020\/10\/avo-belluno-scaled.jpg\" data-dt-img-description=\"\" data-large_image_width=\"1244\" data-large_image_height=\"2560\"><img loading=\"lazy\" decoding=\"async\" class=\"size-medium wp-image-169057 alignleft\" src=\"https:\/\/www.radiopiu.net\/wordpress\/wp-content\/uploads\/2020\/10\/avo-belluno-146x300.jpg\" alt=\"\" width=\"146\" height=\"300\" srcset=\"https:\/\/www.radiopiu.net\/wordpress\/wp-content\/uploads\/2020\/10\/avo-belluno-146x300.jpg 146w, https:\/\/www.radiopiu.net\/wordpress\/wp-content\/uploads\/2020\/10\/avo-belluno-498x1024.jpg 498w, https:\/\/www.radiopiu.net\/wordpress\/wp-content\/uploads\/2020\/10\/avo-belluno-768x1580.jpg 768w, https:\/\/www.radiopiu.net\/wordpress\/wp-content\/uploads\/2020\/10\/avo-belluno-746x1536.jpg 746w, https:\/\/www.radiopiu.net\/wordpress\/wp-content\/uploads\/2020\/10\/avo-belluno-995x2048.jpg 995w, https:\/\/www.radiopiu.net\/wordpress\/wp-content\/uploads\/2020\/10\/avo-belluno-scaled.jpg 1244w\" sizes=\"auto, (max-width: 146px) 100vw, 146px\" \/><\/a>BELLUNO\u00a0<\/strong>\u00ab<em>Avo Belluno c\u2019\u00e8 ed \u00e8 pronta a riprendere l\u2019attivit\u00e0, quando sar\u00e0 possibile, e ad accogliere nuovi volontari, che si riconoscano nei valori di reciprocit\u00e0, sussidiariet\u00e0 e solidariet\u00e0 civile e umana<\/em>\u00bb. Sono le parole del presidente dell&#8217;Associazione volontari ospedalieri bellunese, Pier Giorgio Olivieri, che sottolinea l&#8217;importanza del volontariato presso il sodalizio, proprio nel momento in cui, causa restrizioni, \u00e8 stato necessario sospendere alcune attivit\u00e0 senza riuscire dunque a rimarcare il messaggio.\u00a0Sono saltati, infatti, quest&#8217;anno due tradizionali appuntamenti di fine ottobre: la \u201cGiornata nazionale Avo\u201d e il corso di formazione per i volontari.\u00a0Il primo prevedeva, presso uno stand in Piazza dei Martiri, la possibilit\u00e0 di conoscere la realt\u00e0 direttamente dalle parole di alcuni volontari.\u00a0Il corso di formazione era strutturato in sette conferenze dedicate alla definizione della struttura e del funzionamento dell\u2019Avo, destinato sia ai nuovi volontari che a quelli pi\u00f9 esperti.\u00a0L\u2019Avo (nata nel 1975 a Milano grazie al professor Erminio Longhini) \u00e8 presente a Belluno dal 1992 per opera di Nina Barcelloni Corte; i volontari operano presso l\u2019ospedale civile e la casa di riposo \u201cMaria Gaggia Lante\u201d di Belluno e presso l\u2019ospedale di Pieve di Cadore, dal 2014.\u00a0L\u2019emergenza sanitaria attualmente impedisce l\u2019accesso alle strutture e l\u2019Avo nazionale ha deliberato la sospensione di ogni attivit\u00e0 fino a data da destinarsi. A inizio ottobre i soci bellunesi si sono riuniti solo per approvare il nuovo statuto.<\/p>\n<p>&nbsp;<\/p>\n<hr \/>\n<p>&nbsp;<\/p>\n<blockquote class=\"wp-embedded-content\" data-secret=\"furyrkHZwE\"><p><a href=\"https:\/\/www.radiopiu.net\/wordpress\/https-wp-me-p63lo7-hoe\/\">CORONAVIRUS: AGGIORNAMENTO NAZIONALE 28 OTTOBRE<\/a><\/p><\/blockquote>\n<p><iframe loading=\"lazy\" class=\"wp-embedded-content\" sandbox=\"allow-scripts\" security=\"restricted\" style=\"position: absolute; clip: rect(1px, 1px, 1px, 1px);\" title=\"&#8220;CORONAVIRUS: AGGIORNAMENTO NAZIONALE 28 OTTOBRE&#8221; &#8212; Radio Pi\u00f9\" src=\"https:\/\/www.radiopiu.net\/wordpress\/https-wp-me-p63lo7-hoe\/embed\/#?secret=furyrkHZwE\" data-secret=\"furyrkHZwE\" width=\"600\" height=\"338\" frameborder=\"0\" marginwidth=\"0\" marginheight=\"0\" scrolling=\"no\"><\/iframe><\/p>\n<p>&nbsp;<\/p>\n<blockquote class=\"wp-embedded-content\" data-secret=\"y2cvflKdOz\"><p><a href=\"https:\/\/www.radiopiu.net\/wordpress\/https-wp-me-p63lo7-hob\/\">BALZI: 12 DECEDUTI, OLTRE 2000 POSITIVI E ALTRETTANTI ATTUALMENTE POSITIVI. IN PROVINCIA 2 DECESSI OLTRE 3000 POSITIVI DAL 21 FEBBRAIO  86 RICOVERATI<\/a><\/p><\/blockquote>\n<p><iframe loading=\"lazy\" class=\"wp-embedded-content\" sandbox=\"allow-scripts\" security=\"restricted\" style=\"position: absolute; clip: rect(1px, 1px, 1px, 1px);\" title=\"&#8220;BALZI: 12 DECEDUTI, OLTRE 2000 POSITIVI E ALTRETTANTI ATTUALMENTE POSITIVI. IN PROVINCIA 2 DECESSI OLTRE 3000 POSITIVI DAL 21 FEBBRAIO  86 RICOVERATI&#8221; &#8212; Radio Pi\u00f9\" src=\"https:\/\/www.radiopiu.net\/wordpress\/https-wp-me-p63lo7-hob\/embed\/#?secret=y2cvflKdOz\" data-secret=\"y2cvflKdOz\" width=\"600\" height=\"338\" frameborder=\"0\" marginwidth=\"0\" marginheight=\"0\" scrolling=\"no\"><\/iframe><\/p>\n<p>&nbsp;<\/p>\n<h2>I GRAFICI DI TIZIANO DE COL<\/h2>\n\n\t\t\t<style type='text\/css'>\n\t\t\t\t#gallery-2 {\n\t\t\t\t\tmargin: auto;\n\t\t\t\t}\n\t\t\t\t#gallery-2 .gallery-item {\n\t\t\t\t\tfloat: left;\n\t\t\t\t\tmargin-top: 10px;\n\t\t\t\t\ttext-align: center;\n\t\t\t\t\twidth: 33%;\n\t\t\t\t}\n\t\t\t\t#gallery-2 img {\n\t\t\t\t\tborder: 2px solid #cfcfcf;\n\t\t\t\t}\n\t\t\t\t#gallery-2 .gallery-caption {\n\t\t\t\t\tmargin-left: 0;\n\t\t\t\t}\n\t\t\t\t\/* see gallery_shortcode() in wp-includes\/media.php *\/\n\t\t\t<\/style>\n\t\t<div id='gallery-2' class='dt-gallery-container gallery galleryid-168967 gallery-columns-3 gallery-size-thumbnail'><dl class='gallery-item'>\n\t\t\t\t<dt class='gallery-icon portrait'>\n\t\t\t\t\t<a class=\"rollover rollover-zoom dt-pswp-item\" title=\"0c507e76-c674-4492-b0cb-fd5e3a12da34\" data-dt-img-description=\"\" data-large_image_width=\"538\" data-large_image_height=\"618\"href='https:\/\/www.radiopiu.net\/wordpress\/wp-content\/uploads\/2020\/10\/0c507e76-c674-4492-b0cb-fd5e3a12da34.jpg'><img loading=\"lazy\" decoding=\"async\" width=\"150\" height=\"150\" src=\"https:\/\/www.radiopiu.net\/wordpress\/wp-content\/uploads\/2020\/10\/0c507e76-c674-4492-b0cb-fd5e3a12da34-150x150.jpg\" class=\"attachment-thumbnail size-thumbnail\" alt=\"\" \/><\/a>\n\t\t\t\t<\/dt><\/dl><dl class='gallery-item'>\n\t\t\t\t<dt class='gallery-icon landscape'>\n\t\t\t\t\t<a class=\"rollover rollover-zoom dt-pswp-item\" title=\"a7d4462c-6acd-4245-8763-27a806c92a65\" data-dt-img-description=\"\" data-large_image_width=\"469\" data-large_image_height=\"339\"href='https:\/\/www.radiopiu.net\/wordpress\/wp-content\/uploads\/2020\/10\/a7d4462c-6acd-4245-8763-27a806c92a65.jpg'><img loading=\"lazy\" decoding=\"async\" width=\"150\" height=\"150\" src=\"https:\/\/www.radiopiu.net\/wordpress\/wp-content\/uploads\/2020\/10\/a7d4462c-6acd-4245-8763-27a806c92a65-150x150.jpg\" class=\"attachment-thumbnail size-thumbnail\" alt=\"\" \/><\/a>\n\t\t\t\t<\/dt><\/dl><dl class='gallery-item'>\n\t\t\t\t<dt class='gallery-icon landscape'>\n\t\t\t\t\t<a class=\"rollover rollover-zoom dt-pswp-item\" title=\"2fb5c111-fee4-45c3-b7d7-2bd8333f7afd\" data-dt-img-description=\"\" data-large_image_width=\"591\" data-large_image_height=\"334\"href='https:\/\/www.radiopiu.net\/wordpress\/wp-content\/uploads\/2020\/10\/2fb5c111-fee4-45c3-b7d7-2bd8333f7afd.jpg'><img loading=\"lazy\" decoding=\"async\" width=\"150\" height=\"150\" src=\"https:\/\/www.radiopiu.net\/wordpress\/wp-content\/uploads\/2020\/10\/2fb5c111-fee4-45c3-b7d7-2bd8333f7afd-150x150.jpg\" class=\"attachment-thumbnail size-thumbnail\" alt=\"\" \/><\/a>\n\t\t\t\t<\/dt><\/dl><br style=\"clear: both\" \/>\n\t\t\t<\/div>\n\n<p>&nbsp;<\/p>\n<p>&nbsp;<\/p>\n<hr \/>\n<p>&nbsp;<\/p>\n<blockquote>\n<h3>LA REGIONE PRONTA ALLA FASE 3 CON L&#8217;AUMENTO DEI RICOVERI SOPRATTUTTO IN AREA NON CRITICA. BOTTACIN SPIEGA LE CURVE, LA LANZARIN LA SITUAZIONE DEL PERSONALE<\/h3>\n<\/blockquote>\n<p><strong>VENEZIA<\/strong> Dalla sala stampa della Protezione Civile a Marghera il punto su l&#8217;emergenza Covid-19.<\/p>\n<p><strong>I NUMERI 2.275.869 TAMPONI (+16000) 49.135 POSITIVI DAL 21 FEBBRAIO (2000 IN PIU&#8217; NELLE ULTIME 24 ORE),\u00a0 ATTUALMENTE POSITIVI 21.600 IN ISOLAMENTO 15.993 RICOVERI 802 (+53) TERAPIA INTENSIVA 94 DECESSI 2355 (+11) DIMESSI 4635 (+50) I SINTOMATICI A DOMICILIO 480 PARI AL 2,31% DEI POSTIIVI.\u00a0<\/strong><\/p>\n<blockquote>\n<h2>LEGGI LA CONFERENZA STAMPA DI LUCA ZAIA<\/h2>\n<\/blockquote>\n<p><em>Entriamo nel vivo della battaglia e chiediamo la collaborazione del cittadino: no panico ma chiamare sempre il medico di base senza far collassare il Pronto Soccorso con scelte autonome. Fra due giorni entriamo nella fase 3, il problema sono i posti letto. Questa cosa finir\u00e0, abbiamo una grande sanit\u00e0 ora il gioco si fa duro i duri cominciano a giocare (<\/em>la frase \u00e8 stata attribuita a John Beluschi, che l&#8217;ha resa celebre in uno dei suoi film: &#8220;Animal House&#8221;).<em> Ringrazio chi ci ha omaggiato un sacco di alcool che sar\u00e0 importante per la Protezione Civile. Per ora nessun \u00a0punto di rottura negli ospedali. Io non concordo per il lockdown che si fa in dittatura quando non ci sono altre soluzioni ma su dati precisi e non ci sono altre scelte.\u00a0<\/em><\/p>\n<p>Stiamo passando alla fase 3 (con 900 ricoverati e ne mancano 100) quindi il punto di riferimento non sono le terapie intensive ma proprio i ricoveri che sono ormai 50 al giorno. Il tema dei letti in area non critica inizia a pesare. Per questo pensiamo ai covid hospital. E&#8217; un grande viaggio intercontinentale dove a un certo punto c&#8217;\u00e8 sempre la turbolenza ma teniamo i nervi saldi con organizzazione. Il problema del covid non \u00e8 capire se esiste o se \u00e8 uscito dai marziani, il problema \u00e8 uno solo liberare letti in ospedale per poter ricoverare i malati. Abbiamo la necessit\u00e0 di avere il meno pazienti possibile, anche oggi abbiamo parlato per irrobustire le cure domiciliari, abbiamo rivisto i protocolli, ma serve la massima collaborazione del cittadino, chi ha sintomi non vada al pronto soccorso in autonomia come sta succedendo rischiando di far collassare il Pronto Soccorso, nessuno avr\u00e0 le cure negate ma prima si chiami il proprio medico curante. Il tema covid non \u00e8 che te lo becchi e in un&#8217;ora sei in terapia intensiva, c&#8217;\u00e8 un evoluzione con qualche giorno di febbre e altri sintomi. La casistica ci dice che si puo&#8217; superare il covid anche con le cure domiciliari. Il Governo ha chiuso la trattativa per coinvolgere i medici di base a fare i tamponi ai proprio pazienti, 2000 su 3150 in Veneto sono collaborativi e ora serve un lavoro di squadra. Se ogni medico cura il suo gruppo di pazienti tutti assieme costruiamo gli alveari. Se ogni medico ne fa 5 al giorno sono 10mila tamponi fatti in 24 ore. Nelle prossime 48 ore prepareremo il protocollo operativo, dispositivi compresi. Segue la partita l&#8217;assessore Manuela Lanzarin con i suoi tecnici. Abbiamo per ora i letti per curare i pazienti, abbiamo letti anche per chi non ha il covid e hanno il diritto di essere curati nella maniera migliore. Il problema non \u00e8 la cura dei pazienti con bassa normalit\u00e0. Aprire i covid center significa chiudere 10 ospedali e in Veneto eroghiamo 80 mila prestazioni all&#8217;anno, 7000 al mese. Sono 16 (su 200 in Italia) le squadre dell&#8217;esercito destinate alla Regione per fare tamponi,\u00a0 non operano nelle caserme ma opereranno nei nostri drive-in.\u00a0 <strong>Realisticamente quale la tenuta del sistema ospedaliero? Quali prestazioni saranno sospese o ridotte?<\/strong> C&#8217;\u00e8 gi\u00e0 qualche restrizione a Padova e Verona\u00a0 (ma anche ad\u00a0 Agordo con Ortopedia ndr.) manteniamo le attivit\u00e0 degli hub provinciali e 200 terapie intensive non covid, il tema ambulatoriale avr\u00e0 pi\u00f9 pressione. La coperta \u00e8 corta, gli ospedali sono dimensionati secondo leggi uguali per tutti (tot per abitante) se la curva si conferma di 60 giorni (come evidenza scientifica) a dicembre iniziamo la fase di discesa. Non sono in grado di dire quale sia il punto di rottura, faremo sempre in modo che ci sia sempre un letto, questa \u00e8 la vera sfida. Con un po&#8217; di fortuna e un po&#8217; di organizzazione&#8230; abbiamo avuto 356 persone in terapia intensiva a marzo e oltre 2400 ricoverati poi \u00e8 iniziata la discesa sfumata a fine maggio. Per ora il problema delle terapie intensive \u00e8 inesistente siamo lontani dal crash e anche dal &#8220;curatevi da soli le ferite&#8221;.<strong> Cosa pensa del libro di Vespa sul caso Crisanti \u00e8 rottura definitiva?<\/strong> Su queste cose non intervengo \u00e8 vicenda dolorosa. <strong>Per ogni Santi sono previste ordinanza?<\/strong> C&#8217;\u00e8 gi\u00e0 il DPCM invito i cittadini a portare la mascherina e non andare in mezzo al casino. <strong>Ieri ha citato gli anticorpi mono clonali, cura gi\u00e0 operativa?<\/strong> No, siamo pronti, c&#8217;\u00e8 la culla per il neonato non ancora arrivato. Quando gli anticorpi sbarcheranno in via sperimentale saremo pronti a partecipare siamo candidati. Sembra -secondo un&#8217;agenzia &#8211; che il monoclonale dia risultati nella fase precoce dell&#8217;infezione non in casi gravi e si sta investendo in questa prima fase. <strong>Tempi e prospettive?<\/strong> Qualche mese. <strong>Vaccini anti influenzali possibile acquisto di nuove dosi dall&#8217;esterno, vi state muovendo?<\/strong> E&#8217; un tema del Ministero. Noi abbiamo iniziato il 12 ottobre a vaccinare, non \u00e8 che noi non vogliamo dare i vaccini alle farmacie ma per leggi e aspetto etico dobbiamo garantirlo prima alle categorie a rischio compresi i 54mila dipendenti della sanit\u00e0. Il magazzino ora \u00e8 vuoto. Comunque il vaccino ha durata 4 mesi a chi l&#8217;ha fatto a luglio probabilmente non serve a nulla, almeno questo \u00e8 quello che ho sentito dir<strong>e. Che piano \u00e8 previsto ora?<\/strong> Il Terzo livello per molte realt\u00e0 \u00e8 gi\u00e0 scattato (Belluno e Treviso) presentiamo un piano per attivare 10 ospedali covid, la fase dura fino al raggiungimento dei 1500 posti letto o 150 di terapia intensiva, impossibile dire la tempistica, ogni giorno ha la sua pena. Le scelte vengono fatte con oculatezza pe garantire le attivit\u00e0 indispensabili, per quelle programmabili chiederemo il sacrificio di pazientare. <strong>Ulteriori DPCM e lock down localizzati che ne pensa?<\/strong> Penso che quando non c&#8217;era il covid c&#8217;erano delle belle sorprese ora no, solo DPCM. E&#8217; necessario avere i piedi per terra ed investire nelle cuore domiciliari, verificare le potenzialit\u00e0 di cura. Non tifo per il lock down, lo puo&#8217; fare una dittatura che chiude tutti in casa, per farlo\u00a0 ci vogliono dati e modelli che non lasciano altre scelte. <strong>Chi lavora nella pulizie negli ospedali (Schiavonia) si lamentano che non vengono fatti i tamponi?<\/strong> A me non risulta datemi i nomi e faccio la verifica.<strong> Tamponi dei medici di base gratuiti?<\/strong> Si gratuiti al paziente e forniti dalla Regione.<\/p>\n<p><strong>LA CURVA,<\/strong> PARLA L&#8217;ASSESSORE GIANPAOLO BOTTACIN\u00a0 \u00e8 meno pendente rispetto a marzo per i posti letto in ospedale in terapia non intensiva, l&#8217;occupazione dei posti letto \u00e8 meno veloce. Si entra nella fase 3 per il raggiungimento dei 900 posti letti in terapia non intensiva, non per il superamento dei 150 posti in terapia intensiva. Quindi non paragonabile alla situazione della scorsa primavera, Le strutture ospedaliere regionali sono\u00a0 in grado\u00a0 di garantire un posto letto a chiunque ne abbia bisogno, questo nell&#8217;attuale situazione.<\/p>\n<p><b>POSTI LETTO: <\/b>72 posti a Belluno, 192 a Treviso, 270 a Venezia, 310 a Padova, 110\u00a0 a Rovigo, 240\u00a0 a Vicenza, 330 a Verona<\/p>\n<p><b>PERSONALE SANITARIO <\/b>PARLA L&#8217;ASSESSORE MANUELA LANZARIN 3.448 le unit\u00e0 di personale, 2.200 gi\u00e0 assunti. Sono in arrivo 16 squadre dell&#8217;Esercito che si collocheranno dei drive-in. Il bando per il contact tracing\u00a0 prevede 163 persone, dalle\u00a0 15 alle 20\u00a0 per ciascun dipartimento di prevenzione. Ho scritto una lettera ai rettori delle universit\u00e0 di Padova e Verona chiedendo la possibilit\u00e0 che oltre ai 400 ai infermieri\u00a0 che escono dal corso, vengano messi in circolo anche gli studenti dei primi anni.<\/p>\n<p>&nbsp;<\/p>\n<p>https:\/\/www.facebook.com\/zaiaufficiale\/videos\/1019532178564884<\/p>\n<p>&nbsp;<\/p>\n<p>&nbsp;<\/p>\n<blockquote class=\"wp-embedded-content\" data-secret=\"gdNxDKY67j\"><p><a href=\"https:\/\/www.radiopiu.net\/wordpress\/grafici-le-curve-del-contagio-e-il-raffronto-con-lo-scorso-marzo\/\">GRAFICI: LE CURVE DEL CONTAGIO E IL RAFFRONTO CON LO SCORSO MARZO<\/a><\/p><\/blockquote>\n<p><iframe loading=\"lazy\" class=\"wp-embedded-content\" sandbox=\"allow-scripts\" security=\"restricted\" style=\"position: absolute; clip: rect(1px, 1px, 1px, 1px);\" title=\"&#8220;GRAFICI: LE CURVE DEL CONTAGIO E IL RAFFRONTO CON LO SCORSO MARZO&#8221; &#8212; Radio Pi\u00f9\" src=\"https:\/\/www.radiopiu.net\/wordpress\/grafici-le-curve-del-contagio-e-il-raffronto-con-lo-scorso-marzo\/embed\/#?secret=gdNxDKY67j\" data-secret=\"gdNxDKY67j\" width=\"600\" height=\"338\" frameborder=\"0\" marginwidth=\"0\" marginheight=\"0\" scrolling=\"no\"><\/iframe><\/p>\n<p>&nbsp;<\/p>\n<p>&nbsp;<\/p>\n<blockquote class=\"wp-embedded-content\" data-secret=\"5QYxltH1xm\"><p><a href=\"https:\/\/www.radiopiu.net\/wordpress\/situazione-sanita-medici-infermiere-personale-sanitario-parla-lassessore-manuela-lanzarin\/\">SITUAZIONE SANITA&#8217;, MEDICI, INFERMIERI, PERSONALE SANITARIO. PARLA L&#8217;ASSESSORE MANUELA LANZARIN<\/a><\/p><\/blockquote>\n<p><iframe loading=\"lazy\" class=\"wp-embedded-content\" sandbox=\"allow-scripts\" security=\"restricted\" style=\"position: absolute; clip: rect(1px, 1px, 1px, 1px);\" title=\"&#8220;SITUAZIONE SANITA&#8217;, MEDICI, INFERMIERI, PERSONALE SANITARIO. PARLA L&#8217;ASSESSORE MANUELA LANZARIN&#8221; &#8212; Radio Pi\u00f9\" src=\"https:\/\/www.radiopiu.net\/wordpress\/situazione-sanita-medici-infermiere-personale-sanitario-parla-lassessore-manuela-lanzarin\/embed\/#?secret=5QYxltH1xm\" data-secret=\"5QYxltH1xm\" width=\"600\" height=\"338\" frameborder=\"0\" marginwidth=\"0\" marginheight=\"0\" scrolling=\"no\"><\/iframe><\/p>\n<p>&nbsp;<\/p>\n<p>&nbsp;<\/p>\n<hr \/>\n<p>&nbsp;<\/p>\n<p>&nbsp;<\/p>\n<blockquote>\n<h3>CHI E&#8217; IL CONTATTO STRETTO DI UNA PERSONA POSITIVA?<\/h3>\n<\/blockquote>\n<p><strong>BELLUNO <\/strong>Si definisce contatto stretto di caso positivo al covid-19 una persona che: \u00a0convive col caso positivo; \u00a0ha avuto un contatto fisico diretto (ad esempio una stretta di mano) con un caso positivo o con oggetti contenenti le secrezioni di un caso positivo (ad esempio un fazzoletto); \u00a0si sia intrattenuta con un caso positivo per almeno un quarto d\u2019ora a meno di 2 metri di distanza, senza uso di dispositivi di protezione individuali; \u00a0si \u00e8 trovata in un ambiente chiuso (ad esempio un\u2019aula, una sala riunioni\u2026) con un caso COVID-19 in assenza di DPI idonei; \u00a0ha viaggiato seduta in treno, aereo o qualsiasi altro mezzo di <img loading=\"lazy\" decoding=\"async\" class=\" wp-image-145704 alignleft\" src=\"https:\/\/www.radiopiu.net\/wordpress\/wp-content\/uploads\/2020\/06\/covid-ss-300x183.jpg\" alt=\"\" width=\"216\" height=\"132\" srcset=\"https:\/\/www.radiopiu.net\/wordpress\/wp-content\/uploads\/2020\/06\/covid-ss-300x183.jpg 300w, https:\/\/www.radiopiu.net\/wordpress\/wp-content\/uploads\/2020\/06\/covid-ss.jpg 626w\" sizes=\"auto, (max-width: 216px) 100vw, 216px\" \/>trasporto entro due posti inqualsiasi direzione rispetto a un caso COVID-19o fa parte del personale di bordo addetto alla sezione dell\u2019aereo\/treno dove il caso indice era seduto.<\/p>\n<blockquote>\n<p align=\"JUSTIFY\"><em>La persona che ha ricevuto la notizia della propria positivit\u00e0 deve predisporre una lista di tutti i contatti stretti delle ultime 48 ore prima della comparsa dei sintomi. Il positivo deve fornire al Dipartimento di Prevenzione i dati dei contatti: nome, cognome, data di nascita, recapito telefonico, breve descrizione del tipo di contatto intrattenuto e quando questo contatto \u00e8 avvenuto\u00a0<\/em><\/p>\n<\/blockquote>\n<p>&nbsp;<\/p>\n<hr \/>\n<p>&nbsp;<\/p>\n<blockquote>\n<h3>DRIVE-IN TAMPONI AD AGORDO, CAMBIO DI ORARIO<\/h3>\n<\/blockquote>\n<p><strong><img loading=\"lazy\" decoding=\"async\" class=\"alignleft\" src=\"https:\/\/www.radiopiu.net\/wordpress\/wp-content\/uploads\/2020\/08\/cortina-tamponi.jpg\" width=\"253\" height=\"190\" \/>AGORDO\u00a0<\/strong> Da luned\u00ec i drive-in tamponi con accesso libero di Agordo e\u00a0 Tai di Cadore anticipano l\u2019orario di attivit\u00e0 per consentire di sfruttare al meglio le ore di luce. Covid point Agordo \u2013 P.le Tamonich: luned\u00ec, mercoled\u00ec e venerd\u00ec dalle 15.00 alle 17.00 Covid point Tai di Cadore \u2013 P.le Dolomiti: dal luned\u00ec al sabato dalle 15.00 alle 17.00. Possono accedere senza appuntamento i soggetti con impegnativa per tampone molecolare o antigenico del Medico di Medicina Generale o Pediatra di Libera Scelta;\u00a0 i\u00a0soggetti (bambini\/ragazzi\/adulti) frequentanti la scuola con sintomatologia simil covid, preferibilmente su indicazione del Pediatra o del Medico di Famiglia, i\u00a0soggetti in rientro da Belgio, Francia, Paesi Bassi, Regno Unito di Gran Bretagna e Irlanda del Nord, Repubblica Ceca, Spagna con accesso libero senza prenotazione, senza impegnativa.<\/p>\n<p>&nbsp;<\/p>\n<p>&nbsp;<\/p>\n<hr \/>\n<h3>STATALI IN PREFETTURA IN VIDEO CONFERENZA PER UN NUOVO VERTICE<\/h3>\n<p><strong><a class=\"dt-pswp-item\" href=\"https:\/\/www.radiopiu.net\/wordpress\/wp-content\/uploads\/2020\/04\/PREFETTURA-BELLUNO.jpeg\" data-dt-img-description=\"\" data-large_image_width=\"384\" data-large_image_height=\"384\"><img loading=\"lazy\" decoding=\"async\" class=\"wp-image-133575 alignleft\" src=\"https:\/\/www.radiopiu.net\/wordpress\/wp-content\/uploads\/2020\/04\/PREFETTURA-BELLUNO-300x300.jpeg\" alt=\"\" width=\"134\" height=\"134\" srcset=\"https:\/\/www.radiopiu.net\/wordpress\/wp-content\/uploads\/2020\/04\/PREFETTURA-BELLUNO-300x300.jpeg 300w, https:\/\/www.radiopiu.net\/wordpress\/wp-content\/uploads\/2020\/04\/PREFETTURA-BELLUNO-150x150.jpeg 150w, https:\/\/www.radiopiu.net\/wordpress\/wp-content\/uploads\/2020\/04\/PREFETTURA-BELLUNO.jpeg 384w\" sizes=\"auto, (max-width: 134px) 100vw, 134px\" \/><\/a>BELLUNO<\/strong> Scopo dell\u2019incontro il D.M. del Ministro della Pubblica Amministrazione del 19 ottobre 2020 con il quale sono state dettate, nell\u2019ambito degli Uffici Pubblici, le misure di prevenzione e sicurezza dei dipendenti pubblici nei luoghi di lavoro a fronte dello scenario di rischio sanitario provocato dall\u2019epidemia da Covid-19. E\u2019 stata in particolare focalizzata l\u2019attenzione su come l\u2019attuale andamento degli Uffici Pubblici ed il rispetto della percentuale di lavoro agile non inferiore al 50% imponga adeguate misure organizzative affinch\u00e9 l\u2019utenza possa comunque accedere ai servizi con il minor pregiudizio o ritardo possibile. Si \u00e8 a tal proposito preso atto che le Amministrazioni Statali hanno strutturato i propri uffici rimodulando gli accessi del pubblico per via informatica e telefonica, dopo aver effettuato una puntuale mappatura delle attivit\u00e0 per le quali si rende possibile lo svolgimento in forma agile. E\u2019 stato da tutti garantito il massimo impegno per consentire la continuit\u00e0 e regolarit\u00e0 dei servizi rivolti ai cittadini e alle imprese, tenendo in ogni caso conto delle variabili correlate al quotidiano, concreto evolversi dell\u2019epidemia.<\/p>\n<p>&nbsp;<\/p>\n<p>&nbsp;<\/p>\n<hr \/>\n<\/div>\n<blockquote>\n<h3><\/h3>\n<h3>I MEDICI DI MEDICINA GENERALE DA NOVEMBRE VACCINERANNO ANCHE LE PERSONE A RISCHIO<\/h3>\n<\/blockquote>\n<p><strong><a class=\"dt-pswp-item\" href=\"https:\/\/www.radiopiu.net\/wordpress\/wp-content\/uploads\/2020\/06\/vaccino.jpg\" data-dt-img-description=\"\" data-large_image_width=\"1920\" data-large_image_height=\"1280\"><img loading=\"lazy\" decoding=\"async\" class=\" wp-image-143923 alignleft\" src=\"https:\/\/www.radiopiu.net\/wordpress\/wp-content\/uploads\/2020\/06\/vaccino-300x200.jpg\" alt=\"\" width=\"198\" height=\"132\" srcset=\"https:\/\/www.radiopiu.net\/wordpress\/wp-content\/uploads\/2020\/06\/vaccino-300x200.jpg 300w, https:\/\/www.radiopiu.net\/wordpress\/wp-content\/uploads\/2020\/06\/vaccino-1024x683.jpg 1024w, https:\/\/www.radiopiu.net\/wordpress\/wp-content\/uploads\/2020\/06\/vaccino-768x512.jpg 768w, https:\/\/www.radiopiu.net\/wordpress\/wp-content\/uploads\/2020\/06\/vaccino-1536x1024.jpg 1536w, https:\/\/www.radiopiu.net\/wordpress\/wp-content\/uploads\/2020\/06\/vaccino.jpg 1920w\" sizes=\"auto, (max-width: 198px) 100vw, 198px\" \/><\/a>BELLUNO\u00a0<\/strong>Da novembre partir\u00e0 la vaccinazione dei soggetti affetti da patologie croniche, donne gravide, addetti ai servizi essenziali e altre categorie a rischio a cura dei Medici di Medicina Generale e dei Pediatri di Libera Scelta. Procede spedita la campagna vaccinale contro l\u2019influenza. Le persone tra i 60 e i 64 anni che devono ancora vaccinarsi o necessitano di spostare l\u2019appuntamento dato possono scrivere a <a href=\"mailto:vaccinazioni.bl@aulss1.veneto.it\">vaccinazioni.bl@aulss1.veneto.it<\/a>.<\/p>\n<p>&nbsp;<\/p>\n<p>&nbsp;<\/p>\n<p>&nbsp;<\/p>\n<hr \/>\n<p>&nbsp;<\/p>\n<blockquote>\n<h3>CONCORSO PUBBLICO PER L&#8217;ASSUNZIONE DI UN ISTRUTTORE TECNICO E UN AGENTE DI POLIZIA LOCALE<\/h3>\n<\/blockquote>\n<p><strong>PEDAVENA<\/strong> Concorso pubblico per l&#8217;assunzione a tempo indeterminato e pieno di un istruttore tecnico categoria C1 presso l\u2019Area Tecnica del Comune di Pedavena, presso lo stesso Comune altro concorso per l&#8217;assunzione a tempo indeterminato e pieno di un Agente di Polizia Locale categoria C1.\u00a0 Le domande di partecipazione dovranno pervenire all&#8217;ufficio protocollo dell&#8217;Unione Montana Feltrina. Informazioni sul sito istituzionale dell&#8217;ente.\u00a0 Termine di scadenza per la presentazione delle domande alle 12 del\u00a0 10 dicembre.<\/p>\n<p>&nbsp;<\/p>\n<p>&nbsp;<\/p>\n<hr \/>\n<blockquote>\n<h3><\/h3>\n<h3><a class=\"dt-pswp-item\" href=\"https:\/\/www.radiopiu.net\/wordpress\/wp-content\/uploads\/2020\/10\/122934875_3224081514384665_7740501492426689334_n.jpg\" data-dt-img-description=\"\" data-large_image_width=\"473\" data-large_image_height=\"800\"><img loading=\"lazy\" decoding=\"async\" class=\"wp-image-168937 alignleft\" src=\"https:\/\/www.radiopiu.net\/wordpress\/wp-content\/uploads\/2020\/10\/122934875_3224081514384665_7740501492426689334_n-177x300.jpg\" alt=\"\" width=\"87\" height=\"147\" srcset=\"https:\/\/www.radiopiu.net\/wordpress\/wp-content\/uploads\/2020\/10\/122934875_3224081514384665_7740501492426689334_n-177x300.jpg 177w, https:\/\/www.radiopiu.net\/wordpress\/wp-content\/uploads\/2020\/10\/122934875_3224081514384665_7740501492426689334_n.jpg 473w\" sizes=\"auto, (max-width: 87px) 100vw, 87px\" \/><\/a>\u00a0IL MESSAGGIO DEGLI AMICI DELLA PIAZZA DI GOSALDO<\/h3>\n<\/blockquote>\n<div class=\"o9v6fnle cxmmr5t8 oygrvhab hcukyx3x c1et5uql ii04i59q\">\n<div dir=\"auto\">Volevamo informarvi che a causa del recente aumento delle restrizioni dovute all&#8217;emergenza Covid siamo stati costretti ad annullare le nostre iniziative autunnali.\u00a0 Speriamo che al pi\u00f9 presto la situazione migliori e a tal fine vi raccomandiamo anche noi di rispettare le disposizioni del governo e ad indossare la\u00a0 mascherina \u00a0per preservare voi stessi e gli altri. Se ci impegnamo tutti ce la faremo<\/div>\n<\/div>\n<blockquote><p>&nbsp;<\/p><\/blockquote>\n<p>&nbsp;<\/p>\n<hr \/>\n<blockquote>\n<h3><\/h3>\n<h3>SOSPESI I CORSI DI GINNASTICA POSTURALE A CANALE D&#8217;AGORDO<\/h3>\n<\/blockquote>\n<p><strong>CANALE D&#8217;AGORDO\u00a0<\/strong>La Pro Loco di Canale D&#8217;Agordo comunica che,\u00a0in ottemperanza alle recenti disposizioni per il contrasto del Coronavirus stabilite nel DPCM del 24 ottobre 2020, l&#8217;attivit\u00e0 di ginnastica posturale con la fisioterapista Silvana Andrich \u00e8 SOSPESA fino al 24 novembre.<\/p>\n<p>&nbsp;<\/p>\n<p>&nbsp;<\/p>\n<hr \/>\n<p>&nbsp;<\/p>\n<blockquote>\n<h3>ANNULLATI GLI INCONTRI A BOSCOVERDE<\/h3>\n<\/blockquote>\n<p><strong>ROCCA PIETORE<\/strong> E&#8217; con immenso dispiacere che L&#8217;Asca-Agordo, alla luce dell&#8217;invito alla prudenza che quotidianamente viene diramato dalla Regione e dalle Aziende Sanitarie, ha deciso di sospendere nuovamente le attivit\u00e0 del centro sollievo. La volont\u00e0 \u00e8 comunque quella di accorciare le distanze indotte dalla pandemia con modalit\u00e0 d&#8217;interazione per far comunque sentire una presenza importante.<\/p>\n<p>&nbsp;<\/p>\n<p>&nbsp;<\/p>\n<hr \/>\n<p>&nbsp;<\/p>\n<blockquote>\n<h3 class=\"articlePlainSubHead\"><a class=\"dt-pswp-item\" href=\"https:\/\/www.radiopiu.net\/wordpress\/wp-content\/uploads\/2020\/02\/Manuel_Conedera.jpg\" data-dt-img-description=\"\" data-large_image_width=\"512\" data-large_image_height=\"512\"><img loading=\"lazy\" decoding=\"async\" class=\"wp-image-119145 alignleft\" src=\"https:\/\/www.radiopiu.net\/wordpress\/wp-content\/uploads\/2020\/02\/Manuel_Conedera-300x300.jpg\" alt=\"\" width=\"98\" height=\"98\" srcset=\"https:\/\/www.radiopiu.net\/wordpress\/wp-content\/uploads\/2020\/02\/Manuel_Conedera-300x300.jpg 300w, https:\/\/www.radiopiu.net\/wordpress\/wp-content\/uploads\/2020\/02\/Manuel_Conedera-150x150.jpg 150w, https:\/\/www.radiopiu.net\/wordpress\/wp-content\/uploads\/2020\/02\/Manuel_Conedera.jpg 512w\" sizes=\"auto, (max-width: 98px) 100vw, 98px\" \/><\/a>NUOVO STATUTO PER IL GAMP<\/h3>\n<\/blockquote>\n<div><strong>AGORDO<\/strong>\u00a0 Il presidente del Gruppo agordino mineralogico e palentologico, Manuel Conedera, ha convocato l&#8217;assemblea dei soci per sabato alle 17 nella sala della biblioteca civica di Agordo. <em>\u00abL&#8217;adeguamento alla nuova normativa\u00bb, dice il presidente Conedera, \u00abci obbliga ad approvare entro la fine di ottobre un nuovo statuto sociale fondamentale per il riconoscimento della associazione Gamp come associazione Associazione di promozione sociale\u00bb.<\/em><\/div>\n<div><\/div>\n<div><\/div>\n<hr \/>\n<p>&nbsp;<\/p>\n<blockquote>\n<h3>BANDO DI CONCORSO PER L&#8217;ASSEGNAZIONE DI ALLOGGIO DI EDILIZIA RESIDENZIALE PUBBLICA RELATIVO ALL&#8217;ANNO 2020<\/h3>\n<\/blockquote>\n<p><strong><a class=\"dt-pswp-item\" href=\"https:\/\/www.radiopiu.net\/wordpress\/wp-content\/uploads\/2020\/10\/ATER-BELLUNO.png\" data-dt-img-description=\"\" data-large_image_width=\"442\" data-large_image_height=\"744\"><img loading=\"lazy\" decoding=\"async\" class=\" wp-image-168990 alignleft\" src=\"https:\/\/www.radiopiu.net\/wordpress\/wp-content\/uploads\/2020\/10\/ATER-BELLUNO-178x300.png\" alt=\"\" width=\"159\" height=\"268\" srcset=\"https:\/\/www.radiopiu.net\/wordpress\/wp-content\/uploads\/2020\/10\/ATER-BELLUNO-178x300.png 178w, https:\/\/www.radiopiu.net\/wordpress\/wp-content\/uploads\/2020\/10\/ATER-BELLUNO.png 442w\" sizes=\"auto, (max-width: 159px) 100vw, 159px\" \/><\/a>BELLUNO\u00a0<\/strong>L\u2019Azienda Territoriale per l&#8217;Edilizia Residenziale della Provincia di Belluno informa che \u00e8 aperto il:\u00a0BANDO DI CONCORSO PER L&#8217;ASSEGNAZIONE DI ALLOGGIO DI EDILIZIA RESIDENZIALE PUBBLICA RELATIVO ALL&#8217;ANNO 2020<u>\u00a0<\/u>E\u2019 possibile fare domanda dal giorno 5 ottobre 2020 al giorno 4 dicembre 2020 \u00a0(eccetto che per i Comuni di Alpago e di Chies d&#8217;Alpago, il cui bando \u00e8 indetto, rispettivamente, dal giorno 12 ottobre 2020 al giorno 11 dicembre 2020 e dal giorno 29 ottobre 2020 al giorno 28 dicembre 2020 e prossimamente anche il Comune di Val di Zoldo) \u00a0La domanda \u00e8 ritirabile presso gli uffici aziendali in Belluno, via B.Castellani n.2 oppure \u00e8 <a href=\"http:\/\/scaricabile%20dal%20sito%20www.aterbl.it%20\">scaricabile dal sito www.aterbl.it <\/a>o ritirabile presso il Comune di interesse; \u00e8 redatta quale autocertificazione relativa a situazione di famiglia e possesso di requisiti d&#8217;accesso \/ condizioni di priorit\u00e0, nonch\u00e9 corredata d&#8217;eventuale documentazione quando necessaria per l&#8217;attribuzione di punteggio, dovr\u00e0 pervenire all\u2019ATER entro sessanta giorni decorrenti dal giorno successivo a quello di pubblicazione del bando. Si intendono prodotte in tempo utile le domande inviate a mezzo raccomandata postale entro detto termine finale. L\u2019accesso agli uffici aziendali \u00e8 consentito solamente con appuntamento da fissarsi telefonando al n. 0437 935911 .<\/p>\n<p>&nbsp;<\/p>\n<hr \/>\n<p>&nbsp;<\/p>\n<blockquote>\n<h3>MOSTRA FOTOGRAFICA \u201cPENSARE IN BIANCO E NERO, VEDERE A COLORI\u201d<\/h3>\n<\/blockquote>\n<p><strong> <a class=\"dt-pswp-item\" href=\"https:\/\/www.radiopiu.net\/wordpress\/wp-content\/uploads\/2020\/10\/irene-pampanin-e-paolo-mecca.jpg\" data-dt-img-description=\"\" data-large_image_width=\"750\" data-large_image_height=\"562\"><img loading=\"lazy\" decoding=\"async\" class=\" wp-image-169130 alignleft\" src=\"https:\/\/www.radiopiu.net\/wordpress\/wp-content\/uploads\/2020\/10\/irene-pampanin-e-paolo-mecca-300x225.jpg\" alt=\"\" width=\"220\" height=\"165\" srcset=\"https:\/\/www.radiopiu.net\/wordpress\/wp-content\/uploads\/2020\/10\/irene-pampanin-e-paolo-mecca-300x225.jpg 300w, https:\/\/www.radiopiu.net\/wordpress\/wp-content\/uploads\/2020\/10\/irene-pampanin-e-paolo-mecca.jpg 750w\" sizes=\"auto, (max-width: 220px) 100vw, 220px\" \/><\/a>PONTE NELLE ALPI<\/strong>\u00a0 Un percorso attraverso la visione fotografica: questa la mostra del Circolo Fotografico Bellunese \u201cMario De Biasi\u201d dal titolo \u201cPensare in bianco e nero, vedere a colori\u201d. L\u2019esposizione sar\u00e0 visibile fino al 14 novembre al bar pasticceria La Tour Eiffel di Ponte nelle Alpi durante gli orari di apertura del locale. In esposizione sono le foto di due soci del Circolo, Paolo Mecca di Agordo e Irene Pampanin di Selva di Cadore. Paolo Mecca propone una visione a colori, forti suggestioni in un luogo dove si compenetrano in maniera sempre diversa acqua e cielo, realt\u00e0 e fantasia; dove l\u2019uomo \u00e8 solo spettatore di fronte alla bellezza della natura. Irene Pampanin propone il bianco e nero, luoghi senza tempo in cui l\u2019apparente immobilit\u00e0 viene interrotta da elementi che ne suggeriscono una presenza: siano essi solo un\u2019ombra, una preghiera o una poesia.<\/p>\n<p>&nbsp;<\/p>\n<hr \/>\n<p>&nbsp;<\/p>\n<blockquote class=\"wp-embedded-content\" data-secret=\"VtpPJ3O1Sb\"><p><a href=\"https:\/\/www.radiopiu.net\/wordpress\/centro-di-solidarieta-un-modello-di-qualita-globale-di-renato-bona\/\">CENTRO DI SOLIDARIET\u00c0 UN MODELLO DI QUALIT\u00c0 GLOBALE di RENATO BONA<\/a><\/p><\/blockquote>\n<p><iframe loading=\"lazy\" class=\"wp-embedded-content\" sandbox=\"allow-scripts\" security=\"restricted\" style=\"position: absolute; clip: rect(1px, 1px, 1px, 1px);\" title=\"&#8220;CENTRO DI SOLIDARIET\u00c0 UN MODELLO DI QUALIT\u00c0 GLOBALE di RENATO BONA&#8221; &#8212; Radio Pi\u00f9\" src=\"https:\/\/www.radiopiu.net\/wordpress\/centro-di-solidarieta-un-modello-di-qualita-globale-di-renato-bona\/embed\/#?secret=VtpPJ3O1Sb\" data-secret=\"VtpPJ3O1Sb\" width=\"600\" height=\"338\" frameborder=\"0\" marginwidth=\"0\" marginheight=\"0\" scrolling=\"no\"><\/iframe><\/p>\n<p>&nbsp;<\/p>\n<p>&nbsp;<\/p>\n<hr \/>\n<div class=\"im_message_wrap clearfix\">\n<div class=\"im_content_message_wrap im_message_out\">\n<h2><span style=\"color: #ff0000;\">IERI ALLA RADIO<\/span><\/h2>\n<p><strong>IL RITORNO DI IN VIVO VERSO, LA SESTA STAGIONE, SECONDA SETTIMANA DA UN&#8217;IDEA DI BRUNELLA MORO:\u00a0<\/strong><\/p>\n<p><strong><span style=\"color: #0000ff;\">IN ONDA DAL LUNEDI AL VENERDI ALLE 7.10, 10.10, 18.50<\/span><\/strong><\/p>\n<\/div>\n<\/div>\n<p>&nbsp;<\/p>\n<blockquote class=\"wp-embedded-content\" data-secret=\"aNEamX1eYw\"><p><a href=\"https:\/\/www.radiopiu.net\/wordpress\/cio-che-ero-di-daniele-gazzarin\/\">CIO&#8217; CHE ERO di DANIELE GAZZARIN<\/a><\/p><\/blockquote>\n<p><iframe loading=\"lazy\" class=\"wp-embedded-content\" sandbox=\"allow-scripts\" security=\"restricted\" style=\"position: absolute; clip: rect(1px, 1px, 1px, 1px);\" title=\"&#8220;CIO&#8217; CHE ERO di DANIELE GAZZARIN&#8221; &#8212; Radio Pi\u00f9\" src=\"https:\/\/www.radiopiu.net\/wordpress\/cio-che-ero-di-daniele-gazzarin\/embed\/#?secret=aNEamX1eYw\" data-secret=\"aNEamX1eYw\" width=\"600\" height=\"338\" frameborder=\"0\" marginwidth=\"0\" marginheight=\"0\" scrolling=\"no\"><\/iframe><\/p>\n<p><strong><span style=\"font-family: Verdana, sans-serif;\"><span style=\"font-size: medium;\">LA RACCOLTA COMPLETA, TUTTE LE COLLEZIONI<\/span><\/span><\/strong><\/p>\n<blockquote><p>&nbsp;<\/p><\/blockquote>\n<blockquote class=\"wp-embedded-content\" data-secret=\"ctmFmKxjts\"><p><a href=\"https:\/\/www.radiopiu.net\/wordpress\/in-vivo-verso\/\">In Vivo Verso<\/a><\/p><\/blockquote>\n<p><iframe loading=\"lazy\" class=\"wp-embedded-content\" sandbox=\"allow-scripts\" security=\"restricted\" style=\"position: absolute; clip: rect(1px, 1px, 1px, 1px);\" title=\"&#8220;In Vivo Verso&#8221; &#8212; Radio Pi\u00f9\" src=\"https:\/\/www.radiopiu.net\/wordpress\/in-vivo-verso\/embed\/#?secret=ctmFmKxjts\" data-secret=\"ctmFmKxjts\" width=\"600\" height=\"338\" frameborder=\"0\" marginwidth=\"0\" marginheight=\"0\" scrolling=\"no\"><\/iframe><\/p>\n<hr \/>\n<p>&nbsp;<\/p>\n<p>&nbsp;<\/p>\n<h2><strong>LE\u00a0 PUNTATE di Luisa Alchini<\/strong><\/h2>\n<blockquote class=\"wp-embedded-content\" data-secret=\"vBOEc6YjJ4\"><p><a href=\"https:\/\/www.radiopiu.net\/wordpress\/leggermente-20\/\">LEGGERmente&#8230;Bellunesi<\/a><\/p><\/blockquote>\n<p><iframe loading=\"lazy\" class=\"wp-embedded-content\" sandbox=\"allow-scripts\" security=\"restricted\" style=\"position: absolute; clip: rect(1px, 1px, 1px, 1px);\" title=\"&#8220;LEGGERmente&#8230;Bellunesi&#8221; &#8212; Radio Pi\u00f9\" src=\"https:\/\/www.radiopiu.net\/wordpress\/leggermente-20\/embed\/#?secret=vBOEc6YjJ4\" data-secret=\"vBOEc6YjJ4\" width=\"600\" height=\"338\" frameborder=\"0\" marginwidth=\"0\" marginheight=\"0\" scrolling=\"no\"><\/iframe><\/p>\n<p>&nbsp;<\/p>\n<p>&nbsp;<\/p>\n<hr \/>\n<p>&nbsp;<\/p>\n<p><a class=\"dt-pswp-item\" href=\"https:\/\/www.radiopiu.net\/wordpress\/wp-content\/uploads\/2018\/09\/appuntamenti.jpeg\" data-dt-img-description=\"\" data-large_image_width=\"800\" data-large_image_height=\"100\"><img loading=\"lazy\" decoding=\"async\" class=\"aligncenter wp-image-61958 size-full\" src=\"https:\/\/www.radiopiu.net\/wordpress\/wp-content\/uploads\/2018\/09\/appuntamenti.jpeg\" alt=\"\" width=\"800\" height=\"100\" srcset=\"https:\/\/www.radiopiu.net\/wordpress\/wp-content\/uploads\/2018\/09\/appuntamenti.jpeg 800w, https:\/\/www.radiopiu.net\/wordpress\/wp-content\/uploads\/2018\/09\/appuntamenti-300x38.jpeg 300w, https:\/\/www.radiopiu.net\/wordpress\/wp-content\/uploads\/2018\/09\/appuntamenti-768x96.jpeg 768w\" sizes=\"auto, (max-width: 800px) 100vw, 800px\" \/><\/a><\/p>\n<div><\/div>\n<div><\/div>\n<div>\n<p><strong>AGORDO\u00a0<\/strong>Pc Ranch Young Team e Aics Belluno organizzano un corso di ginnastica-coordinazione-ritmo volteggio (foto). Tutti i martedi fino a maggio sempre alle 16 al Palarova. Orario: 16-17 bambini 5-7 anni; 16.30-1830 bambini dagli 8 anni compiuti. Info e iscrizioni da Donatella al 348 4352362. (Ci sono ancora alcuni posti disponibili)<\/p>\n<p>&nbsp;<\/p>\n<p>&nbsp;<\/p>\n<\/div>\n<p>&nbsp;<\/p>\n<hr \/>\n<p>&nbsp;<\/p>\n<h2><span style=\"color: #808000;\">DUE MINUTI UN LIBRO\u00a0\u00a0<\/span><\/h2>\n<blockquote class=\"wp-embedded-content\" data-secret=\"PV1lwlnX7e\"><p><a href=\"https:\/\/www.radiopiu.net\/wordpress\/una-donna-puo-tutto\/\">UNA DONNA PUO&#8217; TUTTO<\/a><\/p><\/blockquote>\n<p><iframe loading=\"lazy\" class=\"wp-embedded-content\" sandbox=\"allow-scripts\" security=\"restricted\" style=\"position: absolute; clip: rect(1px, 1px, 1px, 1px);\" title=\"&#8220;UNA DONNA PUO&#8217; TUTTO&#8221; &#8212; Radio Pi\u00f9\" src=\"https:\/\/www.radiopiu.net\/wordpress\/una-donna-puo-tutto\/embed\/#?secret=PV1lwlnX7e\" data-secret=\"PV1lwlnX7e\" width=\"600\" height=\"338\" frameborder=\"0\" marginwidth=\"0\" marginheight=\"0\" scrolling=\"no\"><\/iframe><\/p>\n<h2>LA RACCOLTA COMPLETA<\/h2>\n<p>&nbsp;<\/p>\n<blockquote class=\"wp-embedded-content\" data-secret=\"9dha9pUK4v\"><p><a href=\"https:\/\/www.radiopiu.net\/wordpress\/due-minuti-un-libro\/\">Due minuti un libro<\/a><\/p><\/blockquote>\n<p><iframe loading=\"lazy\" class=\"wp-embedded-content\" sandbox=\"allow-scripts\" security=\"restricted\" style=\"position: absolute; clip: rect(1px, 1px, 1px, 1px);\" title=\"&#8220;Due minuti un libro&#8221; &#8212; Radio Pi\u00f9\" src=\"https:\/\/www.radiopiu.net\/wordpress\/due-minuti-un-libro\/embed\/#?secret=9dha9pUK4v\" data-secret=\"9dha9pUK4v\" width=\"600\" height=\"338\" frameborder=\"0\" marginwidth=\"0\" marginheight=\"0\" scrolling=\"no\"><\/iframe><\/p>\n<p>&nbsp;<\/p>\n<p>&nbsp;<\/p>\n<hr \/>\n<p>&nbsp;<\/p>\n<div>\n<h2><span style=\"color: #33cccc;\">I RACCONTI DI PAOLO SOPPELSA il lunedi alle 9.30 e 18.30<\/span><\/h2>\n<h2><span style=\"color: #33cccc;\"><strong>LA RACCOLTA COMPLETA<\/strong><\/span><\/h2>\n<blockquote class=\"wp-embedded-content\" data-secret=\"Xxr4mvEqxH\"><p><a href=\"https:\/\/www.radiopiu.net\/wordpress\/i-racconti-di-paolo-soppelsa\/\">I racconti di Paolo Soppelsa<\/a><\/p><\/blockquote>\n<p><iframe loading=\"lazy\" class=\"wp-embedded-content\" sandbox=\"allow-scripts\" security=\"restricted\" style=\"position: absolute; clip: rect(1px, 1px, 1px, 1px);\" title=\"&#8220;I racconti di Paolo Soppelsa&#8221; &#8212; Radio Pi\u00f9\" src=\"https:\/\/www.radiopiu.net\/wordpress\/i-racconti-di-paolo-soppelsa\/embed\/#?secret=Xxr4mvEqxH\" data-secret=\"Xxr4mvEqxH\" width=\"600\" height=\"338\" frameborder=\"0\" marginwidth=\"0\" marginheight=\"0\" scrolling=\"no\"><\/iframe><\/p>\n<\/div>\n<p>&nbsp;<\/p>\n<hr \/>\n<div>\n<h2><span style=\"color: #000080;\"><a class=\"dt-pswp-item\" href=\"https:\/\/www.radiopiu.net\/wordpress\/wp-content\/uploads\/2020\/10\/pp.jpg\" data-dt-img-description=\"\" data-large_image_width=\"640\" data-large_image_height=\"640\"><img loading=\"lazy\" decoding=\"async\" class=\"wp-image-163678 alignleft\" src=\"https:\/\/www.radiopiu.net\/wordpress\/wp-content\/uploads\/2020\/10\/pp-300x300.jpg\" alt=\"\" width=\"106\" height=\"106\" srcset=\"https:\/\/www.radiopiu.net\/wordpress\/wp-content\/uploads\/2020\/10\/pp-300x300.jpg 300w, https:\/\/www.radiopiu.net\/wordpress\/wp-content\/uploads\/2020\/10\/pp-150x150.jpg 150w, https:\/\/www.radiopiu.net\/wordpress\/wp-content\/uploads\/2020\/10\/pp-125x125.jpg 125w, https:\/\/www.radiopiu.net\/wordpress\/wp-content\/uploads\/2020\/10\/pp-200x200.jpg 200w, https:\/\/www.radiopiu.net\/wordpress\/wp-content\/uploads\/2020\/10\/pp-80x80.jpg 80w, https:\/\/www.radiopiu.net\/wordpress\/wp-content\/uploads\/2020\/10\/pp-480x480.jpg 480w, https:\/\/www.radiopiu.net\/wordpress\/wp-content\/uploads\/2020\/10\/pp.jpg 640w\" sizes=\"auto, (max-width: 106px) 100vw, 106px\" \/><\/a>DON CESARE, IL PENSIERO DEL GIORNO. ALLA RADIO ALLE 7 DEL MATTINO E ALLE 19.30 DELLA SERA.\u00a0\u00a0<\/span><\/h2>\n<\/div>\n<p>&nbsp;<\/p>\n<p>&nbsp;<\/p>\n<audio class=\"wp-audio-shortcode\" id=\"audio-168967-10\" preload=\"none\" style=\"width: 100%;\" controls=\"controls\"><source type=\"audio\/mpeg\" src=\"https:\/\/www.radiopiu.net\/wordpress\/wp-content\/uploads\/2020\/10\/CESRE.mp3?_=10\" \/><a href=\"https:\/\/www.radiopiu.net\/wordpress\/wp-content\/uploads\/2020\/10\/CESRE.mp3\">https:\/\/www.radiopiu.net\/wordpress\/wp-content\/uploads\/2020\/10\/CESRE.mp3<\/a><\/audio>\n<p>&nbsp;<\/p>\n<hr \/>\n<p>&nbsp;<\/p>\n<div>\n<p><a class=\"dt-pswp-item\" href=\"https:\/\/www.radiopiu.net\/wordpress\/wp-content\/uploads\/2018\/09\/viabilita.jpeg\" data-dt-img-description=\"\" data-large_image_width=\"800\" data-large_image_height=\"100\"><img loading=\"lazy\" decoding=\"async\" class=\"aligncenter wp-image-61954 size-full\" src=\"https:\/\/www.radiopiu.net\/wordpress\/wp-content\/uploads\/2018\/09\/viabilita.jpeg\" alt=\"\" width=\"800\" height=\"100\" srcset=\"https:\/\/www.radiopiu.net\/wordpress\/wp-content\/uploads\/2018\/09\/viabilita.jpeg 800w, https:\/\/www.radiopiu.net\/wordpress\/wp-content\/uploads\/2018\/09\/viabilita-300x38.jpeg 300w, https:\/\/www.radiopiu.net\/wordpress\/wp-content\/uploads\/2018\/09\/viabilita-768x96.jpeg 768w\" sizes=\"auto, (max-width: 800px) 100vw, 800px\" \/><\/a><\/p>\n<\/div>\n<p>&nbsp;<\/p>\n<p><span style=\"color: #000000;\"><strong>SR 203 AGORDINA<\/strong> localit\u00e0 Sopra Sac di Alleghe, chiusura totale al transito il 1 novembre dalle 8 alle 12 e dalle 14 alle 18 per esbosco alberi<\/span><\/p>\n<p><strong>PROVINCIALE 251\u00a0<\/strong> COLLE SANTA LUCIA Fino al 28 novembre senso unico (per asfaltature) compresi sabato e domenica (stessa situazione lungo la 203 agordina in localit\u00e0 Rucav\u00e0)<\/p>\n<p><strong>SP 12 PEDEMONTANA <\/strong>senso unico alternato regolato da impianto semaforico in localit\u00e0 Veses fino al 6 novembre, esclusi sabati e domeniche, per messa in sicurezza versante a monte della strada<\/p>\n<p><strong>SP 25 DEL PASSO VALLES<\/strong> senso unico alternato regolato da impianto semaforico in localit\u00e0 Caverson fino al 30 ottobre, esclusi sabati e domenica, \u00a0per manutenzione sovrappasso pista da sci<\/p>\n<p><strong>SR 48 DELLE DOLOMITI<\/strong> Fino al 30 ottobre (festivi e prefestivi esclusi) senso unico alternato con movieri o semafori<\/p>\n<p><strong>203 AGORDINA, ALLEGHE<\/strong> LOCALITA&#8217; SOPRA SAC\u00a0 fino \u00a0al 30 ottobre (sabato e domenica esclusi) senso unico alternato per allestimento opere anti valanghive<\/p>\n<p><strong>SP 3 DELLA VAL IMPERINA<\/strong> fino a revoca, senso unico alternato regolato a vista in localit\u00e0 Gona di Conedera di Rivamonte per cedimento della carreggiata stradale<\/p>\n<p><strong>SR 48 DELLE DOLOMITI<\/strong> fino\u00a0 al 6 novembre (festivi e prefestivi inclusi) senso unico alternato in localit\u00e0 Brenta Comune di Livinallongo del Col di Lana.<\/p>\n<p><strong>SP 422 DELL&#8217;ALPAGO E DEL CANSIGLIO<\/strong> fino al 30 ottobre senso unico alternato regolato da movieri tra le 8 e le 19 tra Puos e Cornei per posa fibra ottica<\/p>\n<p><strong>SR 48 DELLE DOLOMITI\u00a0 <\/strong>fino\u00a0al 31 ottobre, compresi sabati e domeniche, senso unico alternato regolato da impianto semaforico tra Passo Falzarego e il parcheggio 5 Torri per posa elettrodotto interrato<\/p>\n<p><strong>SP 49 DI MISURINA <\/strong>fino al\u00a020 novembre, senso unico alternato regolato da impianto semaforico tra Misurina e il confine con la provincia di Bolzano per posa elettrodotto interrato<\/p>\n<p><strong>REGIONALE 48 DELLE DOLOMITI<\/strong> localit\u00e0 Cernadoi-Pian di Falzarego, fino al 30 ottobre senso unico alternato regolato da semaforo anche nei giorni festivi e prefestivi.<\/p>\n<p><strong>PROVINCIALE 251 VAL DI ZOLDO E CELLINA<\/strong> localit\u00e0 Pescul-Selva di Cadore, fino al 31 ottobre senso unico alternato con movieri o semaforo, escluso sabato e domenica.<\/p>\n<p><strong>PROVINCIALE 641 PASSO FEDAIA<\/strong> Fino al 30 ottobre compresi festivi e prefestivi senso unico con semaforo in localit\u00e0 Capanna Bill<\/p>\n<p><strong>REGIONALE 203 AGORDINA<\/strong>\u00a0 Fino\u00a0 al 18 dicembre (esclusi festivi e prefestivi) senso unico alternato tra Peron e Candaten con movieri dalle 7.30 alle 9 e dalle 16.30 alle 18. Con semaforo negli altri orari<\/p>\n<p><strong>REGIONALE 203 AGORDINA<\/strong> Fino al 30 ottobre (sabato e domenica esclusi) tra Candaten e La Stanga dalle 7.30 alle 9 e dalle 16.30 alle 18 con movieri e negli altri orari con semaforo, senso unico alternato.<\/p>\n<div>\n<p>&nbsp;<\/p>\n<hr \/>\n<p>&nbsp;<\/p>\n<p class=\"photoswipe-wrapper\"><a class=\"dt-pswp-item pspw-wrap-ready\" href=\"https:\/\/i0.wp.com\/www.radiopiu.net\/wordpress\/wp-content\/uploads\/2018\/09\/WhatsApp-Image-2018-09-20-at-16.04.06.jpeg?ssl=1\" data-dt-img-description=\"\" data-large_image_width=\"800\" data-large_image_height=\"100\"><img loading=\"lazy\" decoding=\"async\" class=\"aligncenter wp-image-61378 size-full jetpack-lazy-image jetpack-lazy-image--handled\" src=\"https:\/\/i0.wp.com\/www.radiopiu.net\/wordpress\/wp-content\/uploads\/2018\/09\/WhatsApp-Image-2018-09-20-at-16.04.06.jpeg?resize=800%2C100&amp;ssl=1\" sizes=\"auto, (max-width: 800px) 100vw, 800px\" srcset=\"https:\/\/i0.wp.com\/www.radiopiu.net\/wordpress\/wp-content\/uploads\/2018\/09\/WhatsApp-Image-2018-09-20-at-16.04.06.jpeg?w=800&amp;ssl=1 800w, https:\/\/i0.wp.com\/www.radiopiu.net\/wordpress\/wp-content\/uploads\/2018\/09\/WhatsApp-Image-2018-09-20-at-16.04.06.jpeg?resize=300%2C38&amp;ssl=1 300w, https:\/\/i0.wp.com\/www.radiopiu.net\/wordpress\/wp-content\/uploads\/2018\/09\/WhatsApp-Image-2018-09-20-at-16.04.06.jpeg?resize=768%2C96&amp;ssl=1 768w\" alt=\"\" width=\"800\" height=\"100\" data-lazy-loaded=\"1\" \/><\/a><\/p>\n<\/div>\n<p>&nbsp;<\/p>\n<p><center><b>Giovedi 29<\/b><\/center><b>Tempo atteso:\u00a0<\/b>Al mattino sulle Dolomiti estesa nuvolosit\u00e0 alta e medio-alta stratiforme. Stessa nuvolosit\u00e0, anche se meno compatta sulle Prealpi, dove occorrer\u00e0 considerare l&#8217;eventuale presenza di nubi basse o di nebbie mattutine su alcuni settori, in graduale dissolvimento. Al pomeriggio attenuazione della nuvolosit\u00e0 ovunque con alternanza di velature e d\u00ec rasserenamenti. Atmosfera un po&#8217; pi\u00f9 fresca, anche leggermente pi\u00f9 ventosa in quota.<br \/>\n<b>Precipitazioni:\u00a0<\/b>Assenti (0%), eccetto nevischio burrascoso sulle cime dolomitiche pi\u00f9 settentrionali nel corso della mattinata (10\/20%).<br \/>\n<b>Temperature:\u00a0<\/b>Minime in aumento e massime in diminuzione con minore escursione termica a tutte le quote. Sono previste punte di 12\/13\u00b0C nei fondovalle prealpini e di 8\/10\u00b0C a 1000\/1200 m. Su Prealpi a 1500 m min 5\u00b0C max 7\u00b0C, a 2000 m min 2\u00b0C max 4\u00b0C. Su Dolomiti a 2000 m min 1\u00b0C max 4\u00b0C, a 3000 m min -5\u00b0C max -2\u00b0C.<br \/>\n<b>Venti:\u00a0<\/b>Nelle valli perlopi\u00f9 deboli a regime di brezza, localmente e a tratti moderati; in quota perlopi\u00f9 moderati da nord-ovest al mattino, in rinforzo al pomeriggio fino a tesi\/forti sulle cime dolomitiche pi\u00f9 alte, a 5-20 km\/h a 2000 m e 15-40 km\/h a 3000 m.<\/p>\n<hr \/>\n<p><center><b>Venerdi 30<\/b><\/center><b>Tempo atteso:\u00a0<\/b>Al mattino tempo stabile con estese velature del cielo o temporanee nubi medio-alte di sottovento al mattino, entrambi in grado di ridurre il soleggiamento. Nuvolosit\u00e0 sempre pi\u00f9 sottile al pomeriggio con maggiore chance di rasserenamenti da met\u00e0 pomeriggio in poi. Atmosfera di nuovo meno fresca grazie ad un avvezione d&#8217;aria pi\u00f9 mite in quota e rialzo termico per eventuale lieve favonio in alcune valli.<br \/>\n<b>Precipitazioni:\u00a0<\/b>Asenti (0%)<br \/>\n<b>Temperature:\u00a0<\/b>In generale aumento, eccetto stazionariet\u00e0 delle minime nelle valli. Sono previste punte di 15\/16\u00b0C nei fondovalle prealpini e di 11\/14\u00b0C a 1000\/1200 m. Su Prealpi a 1500 m min 6\u00b0C max 12\u00b0C, a 2000 m min 4\u00b0C max 9\u00b0C. Su Dolomiti a 2000 m min 3\u00b0C max 8\u00b0C, a 3000 m min -3\u00b0C max 3\u00b0C.<br \/>\n<b>Venti:\u00a0<\/b>Nelle valli perlopi\u00f9 deboli a regime di brezza, probabili rinforzi per episodi di Foehn tra la notte ed il mattino; in quota tesi\/forti da nord nord-ovest fino alle ore centrali del giorno, in attenuazione al pomeriggio, a 10-25 km\/h a 2000 m e 22-50 km\/h a 3000 m.<\/p>\n<hr \/>\n<p><center><b>Sabato 31<\/b><\/center>Stupenda giornata autunnale con sole, cielo sereno, atmosfera tersa ed ottima visibilit\u00e0 in montagna, l&#8217;unica insidia si limiter\u00e0 al rischio di banchi di nebbia nelle conche e localmente sugli altopiani della fascia prealpina durante le ore pi\u00f9 fredde. Temperature in generale aumento, salvo stazionariet\u00e0 o lieve calo delle minime nelle valli, con inversione termica notturne. Venti a regime di brezza nelle valli; deboli\/moderati da nord-ovest in quota.<\/p>\n<hr \/>\n<p><center><b>Domenica 1<\/b><\/center>Bel tempo tardo-autunnale con sole, cielo sereno o poco nuvoloso per arrivo di sottili nubi alte alla sera. Aria limpida e ottima visibilit\u00e0 in montagna. L&#8217;unica insidia si limiter\u00e0 a banchi di nebbia nelle conche e localmente sugli altopiani della fascia prealpina durante le ore pi\u00f9 fredde. Temperature in leggera flessione a tutte le quote con riduzione dell&#8217;inversione termica notturna nelle valli. Venti a regime di brezza nelle valli; deboli da nord-ovest in quota. Previsore: R.L.Th.<\/p>\n<p>&nbsp;<\/p>\n<hr \/>\n<p>&nbsp;<\/p>\n<p><a class=\"dt-pswp-item\" href=\"https:\/\/www.radiopiu.net\/wordpress\/wp-content\/uploads\/2018\/09\/sport.jpg\" data-dt-img-description=\"\" data-large_image_width=\"800\" data-large_image_height=\"100\"><img loading=\"lazy\" decoding=\"async\" class=\"wp-image-60761 size-full aligncenter\" src=\"https:\/\/www.radiopiu.net\/wordpress\/wp-content\/uploads\/2018\/09\/sport.jpg\" alt=\"\" width=\"800\" height=\"100\" srcset=\"https:\/\/www.radiopiu.net\/wordpress\/wp-content\/uploads\/2018\/09\/sport.jpg 800w, https:\/\/www.radiopiu.net\/wordpress\/wp-content\/uploads\/2018\/09\/sport-300x38.jpg 300w, https:\/\/www.radiopiu.net\/wordpress\/wp-content\/uploads\/2018\/09\/sport-768x96.jpg 768w\" sizes=\"auto, (max-width: 800px) 100vw, 800px\" \/><\/a><\/p>\n<p>&nbsp;<\/p>\n<p>&nbsp;<\/p>\n<blockquote>\n<h3>CORTINA EXPRESS E PALLAVOLO BELLUNO ASSIEME SOTTO RETE<\/h3>\n<\/blockquote>\n<p><a class=\"dt-pswp-item\" href=\"https:\/\/www.radiopiu.net\/wordpress\/wp-content\/uploads\/2020\/10\/Ellen_Broccolo.jpg\" data-dt-img-description=\"\" data-large_image_width=\"1855\" data-large_image_height=\"1236\"><img loading=\"lazy\" decoding=\"async\" class=\"wp-image-169110 alignleft\" src=\"https:\/\/www.radiopiu.net\/wordpress\/wp-content\/uploads\/2020\/10\/Ellen_Broccolo-300x200.jpg\" alt=\"\" width=\"152\" height=\"101\" srcset=\"https:\/\/www.radiopiu.net\/wordpress\/wp-content\/uploads\/2020\/10\/Ellen_Broccolo-300x200.jpg 300w, https:\/\/www.radiopiu.net\/wordpress\/wp-content\/uploads\/2020\/10\/Ellen_Broccolo-1024x682.jpg 1024w, https:\/\/www.radiopiu.net\/wordpress\/wp-content\/uploads\/2020\/10\/Ellen_Broccolo-768x512.jpg 768w, https:\/\/www.radiopiu.net\/wordpress\/wp-content\/uploads\/2020\/10\/Ellen_Broccolo-1536x1023.jpg 1536w, https:\/\/www.radiopiu.net\/wordpress\/wp-content\/uploads\/2020\/10\/Ellen_Broccolo.jpg 1855w\" sizes=\"auto, (max-width: 152px) 100vw, 152px\" \/><\/a><strong><a class=\"dt-pswp-item\" href=\"https:\/\/www.radiopiu.net\/wordpress\/wp-content\/uploads\/2020\/10\/Cortina_Express_Pallavolo_Belluno.jpg\" data-dt-img-description=\"\" data-large_image_width=\"1146\" data-large_image_height=\"764\"><img loading=\"lazy\" decoding=\"async\" class=\" wp-image-169111 alignright\" src=\"https:\/\/www.radiopiu.net\/wordpress\/wp-content\/uploads\/2020\/10\/Cortina_Express_Pallavolo_Belluno-300x200.jpg\" alt=\"\" width=\"237\" height=\"158\" srcset=\"https:\/\/www.radiopiu.net\/wordpress\/wp-content\/uploads\/2020\/10\/Cortina_Express_Pallavolo_Belluno-300x200.jpg 300w, https:\/\/www.radiopiu.net\/wordpress\/wp-content\/uploads\/2020\/10\/Cortina_Express_Pallavolo_Belluno-1024x683.jpg 1024w, https:\/\/www.radiopiu.net\/wordpress\/wp-content\/uploads\/2020\/10\/Cortina_Express_Pallavolo_Belluno-768x512.jpg 768w, https:\/\/www.radiopiu.net\/wordpress\/wp-content\/uploads\/2020\/10\/Cortina_Express_Pallavolo_Belluno.jpg 1146w\" sizes=\"auto, (max-width: 237px) 100vw, 237px\" \/><\/a>BELLUNO<\/strong> Continua l&#8217;intreccio tra lo sponsor Cortina Express e la Pallavolo Belluno femminile iniziato cinque anni fa.\u00a0 &#8220;<span style=\"color: #000000; font-family: Helvetica;\">Siamo molto soddisfatti di questo rapporto &#8211; afferma Ellen Broccolo, direttore dell&#8217;azienda &#8211;\u00a0 vogliamo mantenere un legame forte con la Pallavolo Belluno anche per una questione sociale&#8221;. L&#8217;auspicio per la nuova stagione ormai alle porte:\u00a0 che il campionato si svolga regolarmente, nei limiti del possibile, con la presenza del pubblico o\u00a0 almeno di una parte. Che le atlete proseguano nel loro percorso di miglioramento e riescano a centrare i risultati sperati.<\/span><\/p>\n<p>&nbsp;<\/p>\n<p>&nbsp;<\/p>\n<p>&nbsp;<\/p>\n","protected":false},"excerpt":{"rendered":"<p>PER RICEVERE QUESTO NOTIZIARIO DIRETTAMENTE SUL TUO CELLULARE ISCRIVITI AL CANALE TELEGRAM \u201cRADIO PIU\u00a0 INFORMAZIONE&#8221;\u00a0 INGRESSI SUL SITO INTERNET 27.10:34.182\u00a0 28.10:30.701 &nbsp; ATTENZIONE: LA NUOVA APP PER IOS-IPHONE https:\/\/apps.apple.com\/it\/app\/radio-pi%C3%B9-emittente-agordina\/id1515939845 ATTENZIONE: LA NUOVA APP RADIO\u00a0 PER ANDROID https:\/\/play.google.com\/store\/apps\/details?id=net.radiopiu.iniko\u00a0\u00a0 &nbsp; DILLO A RADIO PIU&#8217;&#8230;a proposito della Provinciale 3 Ponte Alto Rivamonte RIVAMONTE Un suggerimento. Questi aggeggi posati&hellip;<\/p>\n","protected":false},"author":4,"featured_media":169020,"comment_status":"closed","ping_status":"closed","sticky":false,"template":"","format":"standard","meta":{"_monsterinsights_skip_tracking":false,"_monsterinsights_sitenote_active":false,"_monsterinsights_sitenote_note":"","_monsterinsights_sitenote_category":0,"footnotes":""},"categories":[1,51,86,49],"tags":[],"class_list":["post-168967","post","type-post","status-publish","format-standard","has-post-thumbnail","hentry","category-senza-categoria","category-evidenza-top","category-gr","category-news-18","category-1","category-51","category-86","category-49","description-off"],"img_url":"https:\/\/www.radiopiu.net\/wordpress\/wp-content\/uploads\/2020\/10\/dowload.jpg","_links":{"self":[{"href":"https:\/\/www.radiopiu.net\/wordpress\/wp-json\/wp\/v2\/posts\/168967","targetHints":{"allow":["GET"]}}],"collection":[{"href":"https:\/\/www.radiopiu.net\/wordpress\/wp-json\/wp\/v2\/posts"}],"about":[{"href":"https:\/\/www.radiopiu.net\/wordpress\/wp-json\/wp\/v2\/types\/post"}],"author":[{"embeddable":true,"href":"https:\/\/www.radiopiu.net\/wordpress\/wp-json\/wp\/v2\/users\/4"}],"replies":[{"embeddable":true,"href":"https:\/\/www.radiopiu.net\/wordpress\/wp-json\/wp\/v2\/comments?post=168967"}],"version-history":[{"count":0,"href":"https:\/\/www.radiopiu.net\/wordpress\/wp-json\/wp\/v2\/posts\/168967\/revisions"}],"wp:featuredmedia":[{"embeddable":true,"href":"https:\/\/www.radiopiu.net\/wordpress\/wp-json\/wp\/v2\/media\/169020"}],"wp:attachment":[{"href":"https:\/\/www.radiopiu.net\/wordpress\/wp-json\/wp\/v2\/media?parent=168967"}],"wp:term":[{"taxonomy":"category","embeddable":true,"href":"https:\/\/www.radiopiu.net\/wordpress\/wp-json\/wp\/v2\/categories?post=168967"},{"taxonomy":"post_tag","embeddable":true,"href":"https:\/\/www.radiopiu.net\/wordpress\/wp-json\/wp\/v2\/tags?post=168967"}],"curies":[{"name":"wp","href":"https:\/\/api.w.org\/{rel}","templated":true}]}}