{"id":169156,"date":"2020-10-28T17:05:51","date_gmt":"2020-10-28T16:05:51","guid":{"rendered":"https:\/\/www.radiopiu.net\/wordpress\/?p=169156"},"modified":"2020-10-28T17:05:51","modified_gmt":"2020-10-28T16:05:51","slug":"drive-in-tamponi-ad-agordo-cambio-di-orario","status":"publish","type":"post","link":"https:\/\/www.radiopiu.net\/wordpress\/drive-in-tamponi-ad-agordo-cambio-di-orario\/","title":{"rendered":"DRIVE-IN TAMPONI AD AGORDO, CAMBIO DI ORARIO"},"content":{"rendered":"<p><strong> <img loading=\"lazy\" decoding=\"async\" class=\"alignleft\" src=\"https:\/\/www.radiopiu.net\/wordpress\/wp-content\/uploads\/2020\/08\/cortina-tamponi.jpg\" width=\"253\" height=\"190\" \/>AGORDO\u00a0<\/strong> Da luned\u00ec i drive-in tamponi con accesso libero di Agordo e\u00a0 Tai di Cadore anticipano l\u2019orario di attivit\u00e0 per consentire di sfruttare al meglio le ore di luce. Covid point Agordo \u2013 P.le Tamonich: luned\u00ec, mercoled\u00ec e venerd\u00ec dalle 15.00 alle 17.00 Covid point Tai di Cadore \u2013 P.le Dolomiti: dal luned\u00ec al sabato dalle 15.00 alle 17.00. Possono accedere senza appuntamento i soggetti con impegnativa per tampone molecolare o antigenico del Medico di Medicina Generale o Pediatra di Libera Scelta;\u00a0 i\u00a0soggetti (bambini\/ragazzi\/adulti) frequentanti la scuola con sintomatologia simil covid, preferibilmente su indicazione del Pediatra o del Medico di Famiglia, i\u00a0soggetti in rientro da Belgio, Francia, Paesi Bassi, Regno Unito di Gran Bretagna e Irlanda del Nord, Repubblica Ceca, Spagna con accesso libero senza prenotazione, senza impegnativa.<\/p>\n<p>&nbsp;<\/p>\n","protected":false},"excerpt":{"rendered":"<p>AGORDO\u00a0 Da luned\u00ec i drive-in tamponi con accesso libero di Agordo e\u00a0 Tai di Cadore anticipano l\u2019orario di attivit\u00e0 per consentire di sfruttare al meglio le ore di luce. Covid point Agordo \u2013 P.le Tamonich: luned\u00ec, mercoled\u00ec e venerd\u00ec dalle 15.00 alle 17.00 Covid point Tai di Cadore \u2013 P.le Dolomiti: dal luned\u00ec al sabato&hellip;<\/p>\n","protected":false},"author":4,"featured_media":158199,"comment_status":"closed","ping_status":"closed","sticky":false,"template":"","format":"standard","meta":{"_monsterinsights_skip_tracking":false,"_monsterinsights_sitenote_active":false,"_monsterinsights_sitenote_note":"","_monsterinsights_sitenote_category":0,"footnotes":""},"categories":[49],"tags":[],"class_list":["post-169156","post","type-post","status-publish","format-standard","has-post-thumbnail","hentry","category-news-18","category-49","description-off"],"img_url":"https:\/\/www.radiopiu.net\/wordpress\/wp-content\/uploads\/2020\/08\/cortina-tamponi.jpg","_links":{"self":[{"href":"https:\/\/www.radiopiu.net\/wordpress\/wp-json\/wp\/v2\/posts\/169156","targetHints":{"allow":["GET"]}}],"collection":[{"href":"https:\/\/www.radiopiu.net\/wordpress\/wp-json\/wp\/v2\/posts"}],"about":[{"href":"https:\/\/www.radiopiu.net\/wordpress\/wp-json\/wp\/v2\/types\/post"}],"author":[{"embeddable":true,"href":"https:\/\/www.radiopiu.net\/wordpress\/wp-json\/wp\/v2\/users\/4"}],"replies":[{"embeddable":true,"href":"https:\/\/www.radiopiu.net\/wordpress\/wp-json\/wp\/v2\/comments?post=169156"}],"version-history":[{"count":0,"href":"https:\/\/www.radiopiu.net\/wordpress\/wp-json\/wp\/v2\/posts\/169156\/revisions"}],"wp:featuredmedia":[{"embeddable":true,"href":"https:\/\/www.radiopiu.net\/wordpress\/wp-json\/wp\/v2\/media\/158199"}],"wp:attachment":[{"href":"https:\/\/www.radiopiu.net\/wordpress\/wp-json\/wp\/v2\/media?parent=169156"}],"wp:term":[{"taxonomy":"category","embeddable":true,"href":"https:\/\/www.radiopiu.net\/wordpress\/wp-json\/wp\/v2\/categories?post=169156"},{"taxonomy":"post_tag","embeddable":true,"href":"https:\/\/www.radiopiu.net\/wordpress\/wp-json\/wp\/v2\/tags?post=169156"}],"curies":[{"name":"wp","href":"https:\/\/api.w.org\/{rel}","templated":true}]}}