{"id":169196,"date":"2020-10-29T05:47:22","date_gmt":"2020-10-29T04:47:22","guid":{"rendered":"https:\/\/www.radiopiu.net\/wordpress\/?p=169196"},"modified":"2020-10-29T06:00:37","modified_gmt":"2020-10-29T05:00:37","slug":"https-wp-me-p63lo7-i0y","status":"publish","type":"post","link":"https:\/\/www.radiopiu.net\/wordpress\/https-wp-me-p63lo7-i0y\/","title":{"rendered":"4 DECESSI AL SAN MARTINO, 165 POSITIVI NELLE ULTIME 24 ORE, 86 I RICOVERATI IN OSPEDALE"},"content":{"rendered":"<p>&nbsp;<\/p>\n<p><strong>BELLUN<\/strong><strong>O <\/strong><b>Decessi\u00a0<\/b>Nelle ultime 24 ore sono deceduti: un paziente Covid positivo di anni 68 ricoverato in Pneumologia Covid a Belluno, un paziente covid positivo di anni 77 in Pronto Soccorso, una paziente covid positiva di anni 92 ricoverata in area covid a Belluno, un paziente covid positivo di anni 97 ricoverato in Malattie Infettive covid.<\/p>\n<p align=\"JUSTIFY\"><span style=\"font-size: medium;\"><b>SITUAZIONE EPIDEMIOLOGICA <\/b><\/span><i style=\"font-size: medium;\">(dato alle ore 17.00 fonte: Azienda Zero)<\/i><\/p>\n<table border=\"1\" width=\"449\" frame=\"HSIDES\" rules=\"GROUPS\" cellspacing=\"0\" cellpadding=\"7\">\n<tbody>\n<tr valign=\"TOP\">\n<td width=\"226\"><\/td>\n<td width=\"194\">\n<p align=\"CENTER\"><span style=\"color: #5f497a;\"><span style=\"font-size: medium;\"><b>Ore 17.00<\/b><\/span><\/span><\/p>\n<\/td>\n<\/tr>\n<\/tbody>\n<tbody>\n<tr valign=\"TOP\">\n<td bgcolor=\"#dfd8e8\" width=\"226\">\n<p align=\"JUSTIFY\"><span style=\"color: #5f497a;\"><span style=\"font-size: medium;\"><b>Attualmente positivi<\/b><\/span><\/span><\/p>\n<\/td>\n<td bgcolor=\"#dfd8e8\" width=\"194\">\n<p align=\"CENTER\"><span style=\"color: #5f497a;\"><span style=\"font-size: large;\">1561<\/span><\/span><\/p>\n<\/td>\n<\/tr>\n<tr valign=\"TOP\">\n<td width=\"226\">\n<p align=\"JUSTIFY\"><span style=\"color: #5f497a;\"><span style=\"font-size: medium;\"><b>Delta totale casi positivi<\/b><\/span><\/span><\/p>\n<p align=\"JUSTIFY\"><span style=\"color: #5f497a;\"><span style=\"font-size: medium;\"><b>Nelle ultime 24 ore<\/b><\/span><\/span><\/p>\n<\/td>\n<td width=\"194\">\n<p align=\"CENTER\"><span style=\"color: #5f497a;\"><span style=\"font-size: large;\">165<\/span><\/span><\/p>\n<\/td>\n<\/tr>\n<\/tbody>\n<\/table>\n<p align=\"JUSTIFY\"><span style=\"font-size: medium;\"><b>Ricoveri <\/b><\/span><\/p>\n<p align=\"JUSTIFY\"><span style=\"font-size: medium;\"><i>(dato alle ore 17.00 fonte: Azienda Zero)<\/i><\/span><\/p>\n<p align=\"JUSTIFY\"><span style=\"font-size: medium;\">Le persone attualmente POSITIVE ricoverate negli ospedali dell\u2019Ulss Dolomiti sono:<\/span><\/p>\n<table border=\"1\" width=\"652\" frame=\"HSIDES\" rules=\"GROUPS\" cellspacing=\"0\" cellpadding=\"7\">\n<tbody>\n<tr valign=\"TOP\">\n<td width=\"203\"><\/td>\n<td width=\"203\">\n<p align=\"JUSTIFY\"><span style=\"color: #365f91;\"><span style=\"font-size: medium;\"><b>Area NON CRITICA<\/b><\/span><\/span><\/p>\n<\/td>\n<td width=\"203\">\n<p align=\"JUSTIFY\"><span style=\"color: #365f91;\"><span style=\"font-size: medium;\"><b>Terapia Intensiva<\/b><\/span><\/span><\/p>\n<\/td>\n<\/tr>\n<\/tbody>\n<tbody>\n<tr valign=\"TOP\">\n<td bgcolor=\"#d3dfee\" width=\"203\">\n<p align=\"JUSTIFY\"><span style=\"color: #365f91;\"><span style=\"font-size: medium;\"><b>Ospedale San Martino BELLUNO<\/b><\/span><\/span><\/p>\n<\/td>\n<td bgcolor=\"#d3dfee\" width=\"203\">\n<p align=\"CENTER\"><span style=\"color: #365f91;\"><span style=\"font-size: medium;\">43<\/span><\/span><\/p>\n<\/td>\n<td bgcolor=\"#d3dfee\" width=\"203\">\n<p align=\"CENTER\"><span style=\"color: #365f91;\"><span style=\"font-size: medium;\">3<\/span><\/span><\/p>\n<\/td>\n<\/tr>\n<tr valign=\"TOP\">\n<td width=\"203\">\n<p align=\"JUSTIFY\"><span style=\"color: #365f91;\"><span style=\"font-size: medium;\"><b>Ospedale Santa Maria Del Prato &#8211; FELTRE<\/b><\/span><\/span><\/p>\n<\/td>\n<td width=\"203\">\n<p align=\"CENTER\"><span style=\"color: #365f91;\"><span style=\"font-size: medium;\">20<\/span><\/span><\/p>\n<\/td>\n<td width=\"203\"><span style=\"color: #365f91;\"><span style=\"font-size: medium;\"> 0<\/span><\/span><\/td>\n<\/tr>\n<\/tbody>\n<\/table>\n<p align=\"JUSTIFY\"><span style=\"font-size: medium;\">Le persone attualmente POSITIVE ricoverate in Ospedale di Comunit\u00e0 sono:<\/span><\/p>\n<table border=\"1\" width=\"652\" frame=\"HSIDES\" rules=\"GROUPS\" cellspacing=\"0\" cellpadding=\"7\">\n<tbody>\n<tr valign=\"TOP\">\n<td width=\"312\"><\/td>\n<td width=\"312\">\n<p align=\"JUSTIFY\"><span style=\"color: #76923c;\"><span style=\"font-size: medium;\"><b>pazienti attualmente positivi<\/b><\/span><\/span><\/p>\n<\/td>\n<\/tr>\n<\/tbody>\n<tbody>\n<tr valign=\"TOP\">\n<td bgcolor=\"#e6eed5\" width=\"312\">\n<p align=\"JUSTIFY\"><span style=\"color: #76923c;\"><span style=\"font-size: medium;\"><b>Ospedale di comunit\u00e0 ALANO<\/b><\/span><\/span><\/p>\n<\/td>\n<td bgcolor=\"#e6eed5\" width=\"312\">\n<p align=\"CENTER\"><span style=\"color: #76923c;\"><span style=\"font-size: medium;\">5<\/span><\/span><\/p>\n<\/td>\n<\/tr>\n<tr valign=\"TOP\">\n<td bgcolor=\"#e6eed5\" width=\"312\">\n<p align=\"JUSTIFY\"><span style=\"color: #76923c;\"><span style=\"font-size: medium;\"><b>Ospedale di Comunit\u00e0 FELTRE<\/b><\/span><\/span><\/p>\n<\/td>\n<td bgcolor=\"#e6eed5\" width=\"312\">\n<p align=\"CENTER\"><span style=\"color: #76923c;\"><span style=\"font-size: medium;\">15<\/span><\/span><\/p>\n<\/td>\n<\/tr>\n<\/tbody>\n<\/table>\n<p><a name=\"_GoBack\"><\/a><\/p>\n<p>&nbsp;<\/p>\n<p><span style=\"font-size: medium;\"><b>ASPETTI ORGANIZZATIVI <\/b><\/span><span style=\"font-size: medium;\"><b>Ospedali Distretto di Belluno <\/b><\/span><span style=\"font-size: medium;\">E\u2019 in corso di attivazione l\u2019Ospedale di Comunit\u00e0 in Agordo <\/span><span style=\"font-size: medium;\">.<\/span><\/p>\n<p>&nbsp;<\/p>\n<p>&nbsp;<\/p>\n<hr \/>\n<blockquote>\n<h3>DA LUNEDI 2 NOVEMBRE CAMBIO ORARI AL DRIVE-IN COVID DI TAI DI CADORE E AGORDO<\/h3>\n<\/blockquote>\n<p><strong>Covid point Tai di Cadore<\/strong> \u2013 P.le Dolomiti: dal luned\u00ec al sabato dalle 15 alle 17 <strong>Covid point Agordo<\/strong> \u2013 P.le Tamonich: luned\u00ec, mercoled\u00ec e venerd\u00ec dalle 15 alle 17<strong>\u00a0Covid Point di Belluno<\/strong> \u00e8 attivo h 24,\u00a0 7 giorni su 7 dalle 7 alle 19 in Loc. Sagrogna; dalle 19 alle 7 all\u2019<strong>Ospedale San Martino<\/strong>&#8211; drive-in nei pressi del PS Covid.\u00a0 <em>L\u2019orario notturno consente di dare una risposta anche a coloro che necessitano di fare il tampone (antigenico o molecolare) anche dopo la chiusura dei drive-in territoriali nei quali si registra costantemente un grande afflusso, in particolare negli ultimi giorni.\u00a0<\/em><\/p>\n<p style=\"text-align: center;\">&#8212;&#8212;&#8212;&#8212;&#8212;&#8212;-<\/p>\n<p><span style=\"color: #ff0000;\">CHI E&#8217; CONTATTO STRETTO?<\/span><br \/>\n<strong>AUDIO<\/strong><\/p>\n<audio class=\"wp-audio-shortcode\" id=\"audio-169196-1\" preload=\"none\" style=\"width: 100%;\" controls=\"controls\"><source type=\"audio\/mpeg\" src=\"https:\/\/www.radiopiu.net\/wordpress\/wp-content\/uploads\/2020\/10\/GIANNI-CONTATTO-STRETTO.mp3?_=1\" \/><a href=\"https:\/\/www.radiopiu.net\/wordpress\/wp-content\/uploads\/2020\/10\/GIANNI-CONTATTO-STRETTO.mp3\">https:\/\/www.radiopiu.net\/wordpress\/wp-content\/uploads\/2020\/10\/GIANNI-CONTATTO-STRETTO.mp3<\/a><\/audio>\n<hr \/>\n<p>&nbsp;<\/p>\n","protected":false},"excerpt":{"rendered":"<p>&nbsp; BELLUNO Decessi\u00a0Nelle ultime 24 ore sono deceduti: un paziente Covid positivo di anni 68 ricoverato in Pneumologia Covid a Belluno, un paziente covid positivo di anni 77 in Pronto Soccorso, una paziente covid positiva di anni 92 ricoverata in area covid a Belluno, un paziente covid positivo di anni 97 ricoverato in Malattie Infettive&hellip;<\/p>\n","protected":false},"author":4,"featured_media":121260,"comment_status":"closed","ping_status":"closed","sticky":false,"template":"","format":"standard","meta":{"_monsterinsights_skip_tracking":false,"_monsterinsights_sitenote_active":false,"_monsterinsights_sitenote_note":"","_monsterinsights_sitenote_category":0,"footnotes":""},"categories":[51,104,49],"tags":[],"class_list":["post-169196","post","type-post","status-publish","format-standard","has-post-thumbnail","hentry","category-evidenza-top","category-evidenza_3","category-news-18","category-51","category-104","category-49","description-off"],"img_url":"https:\/\/www.radiopiu.net\/wordpress\/wp-content\/uploads\/2020\/03\/covid-ulss.jpg","_links":{"self":[{"href":"https:\/\/www.radiopiu.net\/wordpress\/wp-json\/wp\/v2\/posts\/169196","targetHints":{"allow":["GET"]}}],"collection":[{"href":"https:\/\/www.radiopiu.net\/wordpress\/wp-json\/wp\/v2\/posts"}],"about":[{"href":"https:\/\/www.radiopiu.net\/wordpress\/wp-json\/wp\/v2\/types\/post"}],"author":[{"embeddable":true,"href":"https:\/\/www.radiopiu.net\/wordpress\/wp-json\/wp\/v2\/users\/4"}],"replies":[{"embeddable":true,"href":"https:\/\/www.radiopiu.net\/wordpress\/wp-json\/wp\/v2\/comments?post=169196"}],"version-history":[{"count":0,"href":"https:\/\/www.radiopiu.net\/wordpress\/wp-json\/wp\/v2\/posts\/169196\/revisions"}],"wp:featuredmedia":[{"embeddable":true,"href":"https:\/\/www.radiopiu.net\/wordpress\/wp-json\/wp\/v2\/media\/121260"}],"wp:attachment":[{"href":"https:\/\/www.radiopiu.net\/wordpress\/wp-json\/wp\/v2\/media?parent=169196"}],"wp:term":[{"taxonomy":"category","embeddable":true,"href":"https:\/\/www.radiopiu.net\/wordpress\/wp-json\/wp\/v2\/categories?post=169196"},{"taxonomy":"post_tag","embeddable":true,"href":"https:\/\/www.radiopiu.net\/wordpress\/wp-json\/wp\/v2\/tags?post=169196"}],"curies":[{"name":"wp","href":"https:\/\/api.w.org\/{rel}","templated":true}]}}