{"id":169216,"date":"2020-10-30T05:40:51","date_gmt":"2020-10-30T04:40:51","guid":{"rendered":"https:\/\/www.radiopiu.net\/wordpress\/?p=169216"},"modified":"2020-10-30T08:40:55","modified_gmt":"2020-10-30T07:40:55","slug":"https-wp-me-p63lo7-i1i","status":"publish","type":"post","link":"https:\/\/www.radiopiu.net\/wordpress\/https-wp-me-p63lo7-i1i\/","title":{"rendered":"GIORNALE RADIOPIU 30 OTTOBRE 2020 DIRETTORE MIRKO MEZZACASA"},"content":{"rendered":"<h3>PER<strong> RICEVERE QUESTO NOTIZIARIO DIRETTAMENTE SUL TUO CELLULARE ISCRIVITI AL CANALE TELEGRAM <\/strong><strong>\u201cRADIO PIU\u00a0 INFORMAZIONE&#8221;<\/strong><\/h3>\n<p><em>ATTENZIONE: LA NUOVA APP PER IOS-IPHONE<\/em><\/p>\n<div>\n<div><a href=\"https:\/\/apps.apple.com\/it\/app\/radio-pi%C3%B9-emittente-agordina\/id1515939845\">https:\/\/apps.apple.com\/it\/app\/radio-pi%C3%B9-emittente-agordina\/id1515939845<\/a><\/div>\n<\/div>\n<div><\/div>\n<div>\n<div dir=\"auto\"><em>ATTENZIONE: LA NUOVA APP RADIO\u00a0 PER ANDROID<\/em><\/div>\n<\/div>\n<p><a href=\"https:\/\/play.google.com\/store\/apps\/details?id=net.radiopiu.iniko\" target=\"_blank\" rel=\"noopener noreferrer\">https:\/\/play.google.com\/store\/apps\/details?id=net.radiopiu.iniko\u00a0\u00a0<\/a><\/p>\n<p>&nbsp;<\/p>\n<hr \/>\n<p>&nbsp;<\/p>\n<blockquote>\n<h3><a class=\"dt-pswp-item\" href=\"https:\/\/www.radiopiu.net\/wordpress\/wp-content\/uploads\/2015\/08\/enel-150505131004.jpg\" data-dt-img-description=\"\" data-large_image_width=\"512\" data-large_image_height=\"341\"><img loading=\"lazy\" decoding=\"async\" class=\"wp-image-8856 alignleft\" src=\"https:\/\/www.radiopiu.net\/wordpress\/wp-content\/uploads\/2015\/08\/enel-150505131004-300x200.jpg\" alt=\"\" width=\"173\" height=\"115\" \/><\/a>INTERRUZIONE ENERGIA ELETTRICA CANALE D&#8217;AGORDO<\/h3>\n<\/blockquote>\n<p>Oggi dalle 13 alle 16:30 verr\u00e0 interrotta l&#8217;erogazione di\u00a0 l&#8217;energia elettrica a Canale D&#8217;Agordo in Piazza Papa Luciani e nelle vie Cavallera, 20 Agosto, Tancon, Bramezza e localit\u00e0 Carfon. Interruzione dovuta a lavori sugli impianti E-distribuzione.<\/p>\n<p>&nbsp;<\/p>\n<p>&nbsp;<\/p>\n<hr \/>\n<p>&nbsp;<\/p>\n<blockquote>\n<div class=\"page-title-head hgroup\">\n<h3 class=\"entry-title\">ACQUA DI NUOVO POTABILE A VOLTAGO E LA VALLE, SEMPRE INQUINATA A TAIBON<\/h3>\n<\/div>\n<div class=\"page-title-breadcrumbs\"><\/div>\n<\/blockquote>\n<p class=\"photoswipe-wrapper\"><a class=\"dt-pswp-item pspw-wrap-ready\" href=\"https:\/\/i1.wp.com\/www.radiopiu.net\/wordpress\/wp-content\/uploads\/2019\/10\/ACQUA-SPORCA.jpeg?ssl=1\" data-dt-img-description=\"\" data-large_image_width=\"1024\" data-large_image_height=\"768\"><img loading=\"lazy\" decoding=\"async\" class=\" wp-image-104646 alignleft\" src=\"https:\/\/i1.wp.com\/www.radiopiu.net\/wordpress\/wp-content\/uploads\/2019\/10\/ACQUA-SPORCA.jpeg?resize=127%2C95&amp;ssl=1\" sizes=\"auto, (max-width: 127px) 100vw, 127px\" srcset=\"https:\/\/i1.wp.com\/www.radiopiu.net\/wordpress\/wp-content\/uploads\/2019\/10\/ACQUA-SPORCA.jpeg?resize=300%2C225&amp;ssl=1 300w, https:\/\/i1.wp.com\/www.radiopiu.net\/wordpress\/wp-content\/uploads\/2019\/10\/ACQUA-SPORCA.jpeg?resize=768%2C576&amp;ssl=1 768w, https:\/\/i1.wp.com\/www.radiopiu.net\/wordpress\/wp-content\/uploads\/2019\/10\/ACQUA-SPORCA.jpeg?w=1024&amp;ssl=1 1024w\" alt=\"\" width=\"96\" height=\"72\" \/><\/a>Gestione Servizi Pubblici informa che a <strong>LA VALLE AGORDINA<\/strong> nelle LOCALITA&#8217; RONCHE, RONCHET, NOACH, LE CAMPE e CANCELLADE ed a <strong>VOLTAGO AGORDINO<\/strong>, nelle LOCALITA&#8217; FRASSENE&#8217; e VILLA, l&#8217;acqua erogata dall&#8217;acquedotto \u00e8 di nuovo potabile e pu\u00f2 essere usata, quindi, per scopi alimentari.<br \/>\nAcqua sempre inquinata (si puo&#8217; usare per scopi alimentari previa bollitura) in frazione Ronch di Bos e Nogarola a <strong>TAIBON\u00a0<\/strong><\/p>\n<p>&nbsp;<\/p>\n<p>&nbsp;<\/p>\n<hr \/>\n<p>&nbsp;<\/p>\n<p><span style=\"color: #ff0000;\"><strong>SR 203 AGORDINA<\/strong> localit\u00e0 Sopra Sac di Alleghe, chiusura totale al transito il 1 novembre dalle 8 alle 12 e dalle 14 alle 18 per esbosco alberi<\/span><\/p>\n<p><strong><img loading=\"lazy\" decoding=\"async\" class=\"alignleft\" src=\"https:\/\/www.radiopiu.net\/wordpress\/wp-content\/uploads\/2020\/05\/VENETO-STRADE-300x300.png\" width=\"85\" height=\"85\" \/>LONGARONE\u00a0<\/strong> Da subito e fino a revoca dell&#8217;ordinanza di Veneto Strade \u00e8 imposto il senso unico alternato tra Soffranco e Mezzocanale lungo la provinciale 251 Val di Zoldo e Cellina per il cedimento di parte della carreggiata. L&#8217;impianto semaforico \u00e8 gi\u00e0 attivo nelle 24 ore, festivi e prefestivi inclusi<\/p>\n<p>&nbsp;<\/p>\n<p>&nbsp;<\/p>\n<hr \/>\n<p>&nbsp;<\/p>\n<blockquote>\n<h3>DRIVE-IN TAMPONI AD AGORDO, CAMBIO DI ORARIO<\/h3>\n<\/blockquote>\n<p><strong>AGORDO\u00a0<\/strong> Da luned\u00ec i drive-in tamponi con accesso libero di Agordo e\u00a0 Tai di Cadore anticipano l\u2019orario di attivit\u00e0 per consentire di sfruttare al meglio le ore di luce. Covid point Agordo \u2013 P.le Tamonich: luned\u00ec, mercoled\u00ec e venerd\u00ec dalle 15.00 alle 17.00<\/p>\n<p>&nbsp;<\/p>\n<div>\n<hr \/>\n<\/div>\n<h3><\/h3>\n<blockquote>\n<h3>IL COVID-19 ENTRA NELLO SPOGLIATOIO DELL\u2019AGORDINA<\/h3>\n<\/blockquote>\n<p><strong><a class=\"dt-pswp-item\" href=\"https:\/\/www.radiopiu.net\/wordpress\/wp-content\/uploads\/2019\/09\/AGORDINA-CALCIO.jpeg\" data-dt-img-description=\"\" data-large_image_width=\"225\" data-large_image_height=\"225\"><img loading=\"lazy\" decoding=\"async\" class=\" wp-image-97575 alignleft\" src=\"https:\/\/www.radiopiu.net\/wordpress\/wp-content\/uploads\/2019\/09\/AGORDINA-CALCIO.jpeg\" alt=\"\" width=\"143\" height=\"143\" srcset=\"https:\/\/www.radiopiu.net\/wordpress\/wp-content\/uploads\/2019\/09\/AGORDINA-CALCIO.jpeg 225w, https:\/\/www.radiopiu.net\/wordpress\/wp-content\/uploads\/2019\/09\/AGORDINA-CALCIO-150x150.jpeg 150w\" sizes=\"auto, (max-width: 143px) 100vw, 143px\" \/><\/a>AGORDO <\/strong>Dopo il caso del Fiori Barp Mas e di altre squadre bellunesi, anche nello spogliatoio dell\u2019Agordina ha fatto capolino il Covid-19. L\u2019emergenza coronavirus colpisce la squadra di Agordo che nelle ultime ore \u00e8 stata chiamata a fare i tamponi dopo i primi due casi confermati. Giocatori, allenatori e dirigenti in fila per il controllo di routine imposto per chi \u00e8 stato a contatto con un positivo. Nei prossimi giorni arriveranno le risposte dei tamponi ma al momento non si sa quanti siano i positivi all\u2019interno dell&#8217;Agordina Calcio. Un\u2019emergenza arrivata nel momento in cui il DPCM di domenica scorsa metteva lo stop ai campionati regionali di calcio, quindi nessuna ripercussione per la stagione degli agordini che saranno costretti ugualmente a non scendere in campo fino al 24 novembre prossimo. Intanto si pensa alla salute di tutto lo staff e si cerca di individuare se all\u2019interno della famiglia Agordina ci siano altri casi di positivit\u00e0 cos\u00ec come nelle famiglie dei giocatori contatti di positivi: padre, madre, nonni, fratelli&#8230;Numeri importanti anche per il drive-in tamponi di Agordo per il quale al momento non \u00e8 previsto un aumento di potenzialit\u00e0 n\u00e8 l&#8217;intervento dell&#8217;Esercito come in altre realt\u00e0. Per ora dunque tre giorni la settimana, 2 ore a turno. Basteranno?<\/p>\n<p>&nbsp;<\/p>\n<p>&nbsp;<\/p>\n<hr \/>\n<h3><\/h3>\n<p>&nbsp;<\/p>\n<blockquote>\n<h3>SONO 86 I PAZIENTI IN OSPEDALE, DA IERI RICOVERI ANCHE AD AGORDO<\/h3>\n<\/blockquote>\n<p><em>Sono pi\u00f9 di 50mila i veneti contagiati, ieri in Provincia altro balzo in avanti con 114 positivi e primi due ricoveri nell&#8217;ospedale di comunit\u00e0 di Agordo. Da lunedi via al potenziamento dei drive in con la collaborazione dell&#8217;Esercito. E lunedi la protesta dei ristoratori e baristi.<\/em><\/p>\n<p><strong>BELLUNO <\/strong>La situazione negli ospedali: 44 i ricoverati al San Martino di Belluno, 4 (uno in pi\u00f9 rispetto a ieri) in terapia intensiva, 19 i pazienti all&#8217;ospedale Santa Maria del Prato di Feltre, Ospedale di comunit\u00e0 di Alano 5 ricoverati, Ospedale di comunit\u00e0 di Feltre 14.\u00a0 Da ieri pomeriggio\u00a0 primi ricoveri all&#8217;ospedale di Comunit\u00e0 di Agordo. <span style=\"color: #ff0000;\">ATTUALMENTE POSITIVI 1667, RISPETTO A MERCOLEDI 114 IN PIU&#8217; (delta nelle 24 ore)<\/span><\/p>\n<h3>ARRIVA L&#8217;ESERCITO, SARA&#8217; POTENZIATO IL SERVIZIO TAMPONI MA NON AD AGORDO<\/h3>\n<p style=\"text-align: left;\" align=\"CENTER\"><strong>BELLUNO<\/strong>\u00a0<span style=\"font-size: medium;\">Dalla prossima settimana sar\u00e0 ulteriormente potenziata l\u2019offerta di tamponi in drive-in dell\u2019Ulss Dolomiti con l\u2019inserimento di ulteriore personale Ulss grazie alle nuove assunzioni e con il supporto di un team dell\u2019Esercito. <\/span><span style=\"font-size: medium;\">Continua, infatti, il grande afflusso ai drive-in tamponi aziendali, con il verificarsi di alcune code: ogni giorno vengono eseguiti complessivamente pi\u00f9 di 1.000 tamponi ai Covid Point tra test antigenici e tamponi molecolari. <\/span><span style=\"font-size: medium;\">L\u2019enorme attivit\u00e0 di contact tracing con esecuzione del tampone di controllo ai contatti di caso derivante dal grande numero di positivit\u00e0 insorgenti e l\u2019accesso libero con impegnativa del medico di famiglia per l\u2019esecuzione di tamponi, hanno comportato un forte aumento di richiesta dei tamponi. <\/span><span style=\"font-size: medium;\">I 4 drive- in sono stati potenziati da luned\u00ec con l\u2019estensione del Covid Point di Belluno sulle 24 ore e con l\u2019attivit\u00e0 dal luned\u00ec al sabato a Tai di Cadore. <\/span><span style=\"font-size: medium;\">Si ricorda che \u00e8 disponibile anche l\u2019accesso notturno per tamponi dalle 19 alle 7 alla postazione drive-in del San Martino di Belluno vicino al Pronto Soccorso Covid.<\/span><\/p>\n<p>&nbsp;<\/p>\n<hr \/>\n<p>&nbsp;<\/p>\n<p>&nbsp;<\/p>\n<p><a class=\"dt-pswp-item\" href=\"https:\/\/www.radiopiu.net\/wordpress\/wp-content\/uploads\/2020\/10\/7ae39eae-f82c-4f62-bde4-ed590871ffbb.jpg\" data-dt-img-description=\"\" data-large_image_width=\"1200\" data-large_image_height=\"1600\"><img loading=\"lazy\" decoding=\"async\" class=\" wp-image-169430 alignleft\" src=\"https:\/\/www.radiopiu.net\/wordpress\/wp-content\/uploads\/2020\/10\/7ae39eae-f82c-4f62-bde4-ed590871ffbb-225x300.jpg\" alt=\"\" width=\"118\" height=\"157\" srcset=\"https:\/\/www.radiopiu.net\/wordpress\/wp-content\/uploads\/2020\/10\/7ae39eae-f82c-4f62-bde4-ed590871ffbb-225x300.jpg 225w, https:\/\/www.radiopiu.net\/wordpress\/wp-content\/uploads\/2020\/10\/7ae39eae-f82c-4f62-bde4-ed590871ffbb-768x1024.jpg 768w, https:\/\/www.radiopiu.net\/wordpress\/wp-content\/uploads\/2020\/10\/7ae39eae-f82c-4f62-bde4-ed590871ffbb-1152x1536.jpg 1152w, https:\/\/www.radiopiu.net\/wordpress\/wp-content\/uploads\/2020\/10\/7ae39eae-f82c-4f62-bde4-ed590871ffbb.jpg 1200w\" sizes=\"auto, (max-width: 118px) 100vw, 118px\" \/><\/a><\/p>\n<p>&nbsp;<\/p>\n<h1>LUNEDI LA PROTESTA DI PIAZZA DEI GESTORI DEI LOCALI CHIUSI<\/h1>\n<p><strong>BELLUNO<\/strong><\/p>\n<p><strong>DAMIANO TORMEN<\/strong><\/p>\n<audio class=\"wp-audio-shortcode\" id=\"audio-169216-1\" preload=\"none\" style=\"width: 100%;\" controls=\"controls\"><source type=\"audio\/mpeg\" src=\"https:\/\/www.radiopiu.net\/wordpress\/wp-content\/uploads\/2020\/10\/damiano-manifestazione.mp3?_=1\" \/><a href=\"https:\/\/www.radiopiu.net\/wordpress\/wp-content\/uploads\/2020\/10\/damiano-manifestazione.mp3\">https:\/\/www.radiopiu.net\/wordpress\/wp-content\/uploads\/2020\/10\/damiano-manifestazione.mp3<\/a><\/audio>\n<p>&nbsp;<\/p>\n<hr \/>\n<p><span style=\"color: #ff0000;\">\u00a0<\/span><\/p>\n<p><span style=\"color: #ff0000;\">OGGI SUL CORRIERE DELLE ALPI\u00a0<\/span><\/p>\n<p>di Francesco Dal Mas<\/p>\n<p><strong><a class=\"dt-pswp-item\" href=\"https:\/\/www.radiopiu.net\/wordpress\/wp-content\/uploads\/2020\/10\/download-21.jpg\" data-dt-img-description=\"\" data-large_image_width=\"275\" data-large_image_height=\"183\"><img loading=\"lazy\" decoding=\"async\" class=\"wp-image-169434 alignleft\" src=\"https:\/\/www.radiopiu.net\/wordpress\/wp-content\/uploads\/2020\/10\/download-21.jpg\" alt=\"\" width=\"179\" height=\"119\" \/><\/a>CANALE D&#8217;AGORDO<\/strong> L&#8217;intervista ai fratelli Tibolla del Ristorante Le Codole, &#8220;Prima il disastro di Vaia, poi il Covid, \u00e8 stata durissima ma andiamo avanti&#8221;. E la paura di restare blindati anche per le feste di Natale e Capodanno. Sono giorni d&#8217;ansia per Diego Tibolla, sommelier, suo fratello Oscar, chef, la sorella Livia, maitre di sala. Siamo al ristorante albergo &#8220;Alle Cadole&#8221; di Canale d&#8217;Agordo, una cucina che \u00e8 ai vertici delle classifiche di gran parte delle guide.<\/p>\n<p>&nbsp;<\/p>\n<p>&nbsp;<\/p>\n<hr \/>\n<blockquote>\n<h3><\/h3>\n<h3>ASSODATO CHE ORTOPEDIA CHIUDE, QUANDO RIAPRIRA&#8217;? CIOE&#8217; RIAPRIRA&#8217;?<\/h3>\n<p><strong>di Mirko Mezzacasa<\/strong><\/p><\/blockquote>\n<p><strong><a class=\"dt-pswp-item\" href=\"https:\/\/www.radiopiu.net\/wordpress\/wp-content\/uploads\/2020\/10\/ORTOPEDIA-OSPEDALE-AGORDO-9.jpg\" data-dt-img-description=\"\" data-large_image_width=\"1151\" data-large_image_height=\"2048\"><img loading=\"lazy\" decoding=\"async\" class=\"size-medium wp-image-169306 alignleft\" src=\"https:\/\/www.radiopiu.net\/wordpress\/wp-content\/uploads\/2020\/10\/ORTOPEDIA-OSPEDALE-AGORDO-9-169x300.jpg\" alt=\"\" width=\"169\" height=\"300\" srcset=\"https:\/\/www.radiopiu.net\/wordpress\/wp-content\/uploads\/2020\/10\/ORTOPEDIA-OSPEDALE-AGORDO-9-169x300.jpg 169w, https:\/\/www.radiopiu.net\/wordpress\/wp-content\/uploads\/2020\/10\/ORTOPEDIA-OSPEDALE-AGORDO-9-576x1024.jpg 576w, https:\/\/www.radiopiu.net\/wordpress\/wp-content\/uploads\/2020\/10\/ORTOPEDIA-OSPEDALE-AGORDO-9-768x1367.jpg 768w, https:\/\/www.radiopiu.net\/wordpress\/wp-content\/uploads\/2020\/10\/ORTOPEDIA-OSPEDALE-AGORDO-9-863x1536.jpg 863w, https:\/\/www.radiopiu.net\/wordpress\/wp-content\/uploads\/2020\/10\/ORTOPEDIA-OSPEDALE-AGORDO-9.jpg 1151w\" sizes=\"auto, (max-width: 169px) 100vw, 169px\" \/><\/a>AGORDO<\/strong> Porte chiuse in Ortopedia, oltre l&#8217;ambulatorio gli interventi sono da programmare a Belluno (64 chilometri da Livinallongo) oppure\u00a0 a Feltre (87\u00a0 chilometri da Arabba). E&#8217; il momento di emergenza che lo impone ed \u00e8 giusto cos\u00ec, perch\u00e9 l&#8217;ospedale oggi struttura covid free diventer\u00e0 Ospedale di Comunit\u00e0, forse anche perch\u00e9 il personale serve altrove.\u00a0 Emergenza sta per circostanza imprevista, caso grave, urgente, situazione di necessit\u00e0, cio\u00e8 straordinario. Se per\u00f2 si chiede oggi di conoscere la data del ritorno alla normalit\u00e0, nessuno sa dove appuntarla sul calendario,\u00a0 n\u00e8 con riferimento al mese, n\u00e8 alla stagione. Visti i <a class=\"dt-pswp-item\" href=\"https:\/\/www.radiopiu.net\/wordpress\/wp-content\/uploads\/2020\/10\/ORTOPEDIA-OSPEDALE-AGORDO-2.jpg\" data-dt-img-description=\"\" data-large_image_width=\"1151\" data-large_image_height=\"2048\"><img loading=\"lazy\" decoding=\"async\" class=\"size-medium wp-image-169309 alignright\" src=\"https:\/\/www.radiopiu.net\/wordpress\/wp-content\/uploads\/2020\/10\/ORTOPEDIA-OSPEDALE-AGORDO-2-169x300.jpg\" alt=\"\" width=\"169\" height=\"300\" srcset=\"https:\/\/www.radiopiu.net\/wordpress\/wp-content\/uploads\/2020\/10\/ORTOPEDIA-OSPEDALE-AGORDO-2-169x300.jpg 169w, https:\/\/www.radiopiu.net\/wordpress\/wp-content\/uploads\/2020\/10\/ORTOPEDIA-OSPEDALE-AGORDO-2-576x1024.jpg 576w, https:\/\/www.radiopiu.net\/wordpress\/wp-content\/uploads\/2020\/10\/ORTOPEDIA-OSPEDALE-AGORDO-2-768x1367.jpg 768w, https:\/\/www.radiopiu.net\/wordpress\/wp-content\/uploads\/2020\/10\/ORTOPEDIA-OSPEDALE-AGORDO-2-863x1536.jpg 863w, https:\/\/www.radiopiu.net\/wordpress\/wp-content\/uploads\/2020\/10\/ORTOPEDIA-OSPEDALE-AGORDO-2.jpg 1151w\" sizes=\"auto, (max-width: 169px) 100vw, 169px\" \/><\/a>precedenti della Lungodegenza che non risulta sia mai pi\u00f9 ripartita come un tempo,\u00a0 qualche dubbio \u00e8 giustificato, per questo la popolazione chiede ai Sindaci di vigilare, soprattutto dopo aver devoluto i loro 2 milioni e mezzo dei fondi di confine per la rinascita del Pronto Soccorso,\u00a0 dando pi\u00f9 di una mano all&#8217;Azienda Sanitaria Dolomiti, visto che la Regione si \u00e8 limitata ad un contributo pari a un quinto di quella somma. I dubbi sorgono anche perch\u00e9 oggi in Ortopedia la situazione \u00e8 ottimale con un Primario benvoluto e tre medici altrettanto apprezzati, ma se \u00e8 vero che a dicembre uno di questi tre lascia Agordo per Belluno, allora i problemi aumentano in modo esponenziale, al punto di giustificare la non ripartenza del reparto, perch\u00e9 due faticherebbero\u00a0 a coprire tutti i turni e da che mondo \u00e8 mondo il Primario non si mette certo di guardia, quindi i tre medici sono indispensabili oltre che vantare professionalit\u00e0 importanti ma vanificate se destinate ad ambulatorio o Pronto Soccorso. L&#8217;Agordino gi\u00e0 spogliato di tanti servizi in pochi anni il reparto di Ortopedia una volta fuori dall&#8217;emergenza covid-19 lo rivuole come \u00e8 oggi. Perch\u00e9 gli agordini si sono sempre affezionati ai loro ortopedici, da Grandesso a Dalla C\u00e0, da Costa a Botto attuale primario, Maffei, Canella,\u00a0 Ballis, ma giusto per fare <a class=\"dt-pswp-item\" href=\"https:\/\/www.radiopiu.net\/wordpress\/wp-content\/uploads\/2020\/10\/ORTOPEDIA-OSPEDALE-AGORDO-6.jpg\" data-dt-img-description=\"\" data-large_image_width=\"1151\" data-large_image_height=\"2048\"><img loading=\"lazy\" decoding=\"async\" class=\"size-medium wp-image-169303 alignleft\" src=\"https:\/\/www.radiopiu.net\/wordpress\/wp-content\/uploads\/2020\/10\/ORTOPEDIA-OSPEDALE-AGORDO-6-169x300.jpg\" alt=\"\" width=\"169\" height=\"300\" srcset=\"https:\/\/www.radiopiu.net\/wordpress\/wp-content\/uploads\/2020\/10\/ORTOPEDIA-OSPEDALE-AGORDO-6-169x300.jpg 169w, https:\/\/www.radiopiu.net\/wordpress\/wp-content\/uploads\/2020\/10\/ORTOPEDIA-OSPEDALE-AGORDO-6-576x1024.jpg 576w, https:\/\/www.radiopiu.net\/wordpress\/wp-content\/uploads\/2020\/10\/ORTOPEDIA-OSPEDALE-AGORDO-6-768x1367.jpg 768w, https:\/\/www.radiopiu.net\/wordpress\/wp-content\/uploads\/2020\/10\/ORTOPEDIA-OSPEDALE-AGORDO-6-863x1536.jpg 863w, https:\/\/www.radiopiu.net\/wordpress\/wp-content\/uploads\/2020\/10\/ORTOPEDIA-OSPEDALE-AGORDO-6.jpg 1151w\" sizes=\"auto, (max-width: 169px) 100vw, 169px\" \/><\/a>qualche nome e segnare il trascorrere del tempo. Perch\u00e9 l&#8217;ortopedico \u00e8 il medico amico al quale ci si rivolge per l&#8217;anca sbilenca, il femore spappolato o la micro frattura piuttosto che la botta al piede, a volte purtroppo pure in momenti pi\u00f9 difficili e difficilmente superabili nella vita. Poi ci sono i turisti dello sci, che si rompono le gambe, che si spezzano le braccia, che finiscono con la testa contro un sasso, gli stessi che prima di partire da remote localit\u00e0 di citt\u00e0 chiedono se la montagna dove trascorreranno i loro giorni di vacanza sia o meno dotata di adeguate strutture sanitarie, se vi sono certezze in caso di emergenza, solo dopo essersi informati\u00a0 &#8211; e con la rete non \u00e8 poi cos\u00ec difficile-\u00a0 firmano il modulo di prenotazione. Poi ci sono i volontari dell&#8217;ambulanza, da tempo sotto pressione per turni massacranti, perch\u00e9 il volontario latita, ma anche perch\u00e9 amareggiati dalle scelte della politica a pi\u00f9 livelli, ci manca solo di costringerli a partire da Arabba, dai Piani di Pezz\u00e8 sopra Alleghe, da Passo San Pellegrino in Cima alla Valle del Biois per farli scendere fino a Belluno o fino a Feltre per la frattura di una caviglia, gi\u00e0 stufi che sono rischiamo davvero di perderli i nostri volontari, per sempre e,\u00a0 con loro le associazioni che padri e nonni hanno fatto crescere per il bene della collettivit\u00e0 e perch\u00e9 no, in aiuto anche alle varie direzioni Ulss che si sono succedute negli anni, fino a quella attuale del feltrino Adriano Rasi Caldogno. Quindi i tempi sono grigi e non solo per il corovavirus, per questo i sindaci sono chiamati a vigilare affinch\u00e8 il primario Federico Botto, per gli agordini il &#8220;primario del ginocchio&#8221;,\u00a0 continui a rimanere il\u00a0 punto di forza dell&#8217;ospedale di Agordo, motivo di orgoglio, come sarebbe punto di forza e di orgoglio di una qualsiasi ortopedia,\u00a0 non ultima quella di Feltre.<\/p>\n<p>&nbsp;<\/p>\n<hr \/>\n<p>&nbsp;<\/p>\n<p>&nbsp;<\/p>\n<blockquote>\n<h3>LA CROCE VERDE VAL BIOIS NON ASSICURA LA COPERTURA TOTALE<\/h3>\n<p><strong>di GIANNI SANTOMASO\u00a0<\/strong><\/p><\/blockquote>\n<blockquote><audio class=\"wp-audio-shortcode\" id=\"audio-169216-2\" preload=\"none\" style=\"width: 100%;\" controls=\"controls\"><source type=\"audio\/mpeg\" src=\"https:\/\/www.radiopiu.net\/wordpress\/wp-content\/uploads\/2020\/10\/gianni-croce.mp3?_=2\" \/><a href=\"https:\/\/www.radiopiu.net\/wordpress\/wp-content\/uploads\/2020\/10\/gianni-croce.mp3\">https:\/\/www.radiopiu.net\/wordpress\/wp-content\/uploads\/2020\/10\/gianni-croce.mp3<\/a><\/audio>\n<p>&nbsp;<\/p>\n<p><strong>IL PRESIDENTE STEFANO MURER A RADIO PIU<\/strong><\/p>\n<audio class=\"wp-audio-shortcode\" id=\"audio-169216-3\" preload=\"none\" style=\"width: 100%;\" controls=\"controls\"><source type=\"audio\/mpeg\" src=\"https:\/\/www.radiopiu.net\/wordpress\/wp-content\/uploads\/2020\/10\/stefano-murer.mp3?_=3\" \/><a href=\"https:\/\/www.radiopiu.net\/wordpress\/wp-content\/uploads\/2020\/10\/stefano-murer.mp3\">https:\/\/www.radiopiu.net\/wordpress\/wp-content\/uploads\/2020\/10\/stefano-murer.mp3<\/a><\/audio>\n<p>&nbsp;<\/p>\n<p><strong><img loading=\"lazy\" decoding=\"async\" class=\"alignleft\" src=\"https:\/\/www.radiopiu.net\/wordpress\/wp-content\/uploads\/2020\/08\/CROCE-VERDE-VAL-BIOIS.jpg\" width=\"149\" height=\"112\" \/><\/strong><\/p><\/blockquote>\n<p><strong>FALCADE<\/strong> La carenza di volontari si fa risentire in Valle del Biois. A malincuore il presidente della Croce\u00a0 Verde Stefano Murer ha comunicato al Pronto Soccorso di Agordo: <em>&#8220;Nelle seguenti giornate la Valle del Biois non \u00e8 in grado di disporre dell&#8217;equipaggio di servizio in reperibilit\u00e0 118: Venerd\u00ec 6, 13, 20 novembre dalle 6 alle\u00a0 20; Venerdi 27 dalle 11 alle 20, Sabato 14 novembre dalle 6 alle 20, lunedi 23 novembre dalle 6 alle 14. In caso di disponibilit\u00e0 di qualche volontario a coprire i buchi provveder\u00f2 a comunicarlo prontamente&#8221;.<\/em><\/p>\n<p>&nbsp;<\/p>\n<p>&nbsp;<\/p>\n<hr \/>\n<blockquote>\n<h4><\/h4>\n<h4>TRE FURTI NEL FELTRINO E SUI SOCIAL PARTONO LE SEGNALAZIONI<\/h4>\n<\/blockquote>\n<p><strong><img loading=\"lazy\" decoding=\"async\" class=\"alignleft\" src=\"https:\/\/www.radiopiu.net\/wordpress\/wp-content\/uploads\/2016\/03\/posto-di-blocco-Carabinieri-provincia-di-Cuneo1.jpg\" width=\"147\" height=\"82\" \/>FELTRE<\/strong> L&#8217;Arma dei Carabinieri da poche ore ha comunicato il potenziamento dei controlli, ma i ladri tornano in azione a Villabruna in via Pontile e via Agrizzi. Tre i furti denunciati, sempre dopo l&#8217;effrazione di infissi, il bottino \u00e8 di qualche centinaio d&#8217;euro, i malviventi sono sempre alla ricerca di denaro contante e monili in oro, sfruttano il buio e l&#8217;assenza dei proprietari. Non mancano gli appelli sui social come quello di ieri comparso sulle pagine facebook che segnalava un&#8217;auto. L&#8217;invito \u00e8 sempre e comunque quello di informare la pi\u00f9 vicina stazione dei Carabinier segnalando eventuali persone o mezzi sospetti. Il controllo di vicinato in queste occasioni potrebbe rivelarsi fondamentale. Sugli ultimi tre furti indagano i Carabinieri.<\/p>\n<p>&nbsp;<\/p>\n<p>&nbsp;<\/p>\n<hr \/>\n<p>&nbsp;<\/p>\n<p>&nbsp;<\/p>\n<blockquote>\n<h3>FELTRINA DENUNCIATA DALLA POLFER<\/h3>\n<\/blockquote>\n<p><strong>FELTRE<\/strong> \u00a0Una seconda bellunese \u00e8 stata denunciata dalla Polizia Ferroviaria a Mestre. Poche settimane fa\u00a0 una ventiduenne, ieri una 29 enne con precedenti penali per reati contro il patrimonio, \u00e8 stata denunciata perch\u00e9 \u00e8 risultata inottemperante al foglio di via obbligatorio emesso dalla Questura di Venezia, con divieto di ritorno nel territorio comunale. Oltre a lei altre due persone denunciate\u00a0 per resistenza a pubblico ufficiale. Particolare attenzione \u00e8 stata rivolta anche al rispetto della normativa anti contagio da Covid 19, al distanziamento interpersonale e all&#8217;obbligo di usare la mascherina.<\/p>\n<p>&nbsp;<\/p>\n<hr \/>\n<p>&nbsp;<\/p>\n<blockquote>\n<h3>ALTRA STRAGE DI PECORE, DIECI AMMAZZATE DENTRO IL RECINTO<\/h3>\n<\/blockquote>\n<p><strong>BORGO VALBELLUNA<\/strong> Dieci pecore uccise azzannate dai lupi\u00a0 a Villa di Villa nell&#8217;allevamento di Angelo Zanella che aveva protetto il suo gregge con il recinto anti lupi che questa volta contrariamente al passato non \u00e8 stato sufficiente a tenere lontano il predatore. Sette le pecore morte, tre ancora vive, ma purtroppo il veterinario \u00e8 stato costretto a sopprimerle. Sul posto\u00a0 gli agenti della polizia provinciale per la segnalazione alla Regione per la richiesta del risarcimento del danno.<\/p>\n<p>&nbsp;<\/p>\n<hr \/>\n<blockquote>\n<h4><\/h4>\n<h4>FIOCCHI ROSA IN PIAZZA MARTIRI: LA CONDANNA!<\/h4>\n<\/blockquote>\n<p><strong>BELLUNO <\/strong>Come ricordato nel notiziario di ieri mattina ancora vandali in azione in Piazza dei Martiri: anche questa volta, oggetto degli attacchi dei soliti maleducati sono stati i fiocchi rosa installati dall&#8217;ADOS nei giardini di Piazza dei Martiri in occasione delle celebrazioni dell&#8217;Ottobre in Rosa. <em>\u201cUn gesto stupido e incomprensibile, che condanniamo con fermezza, e che tra l&#8217;altro \u00e8 arrivato nella giornata in cui era stata organizzata una delle principali iniziative dell&#8217;Ottobre in Rosa del capoluogo, cio\u00e8 la presenza della clinica mobile per lo screening e le ecografie gratuite. &#8211; commentano gli assessori Yuki d&#8217;Emilia, Francesca De Biasi, Lucia Olivotto e Lucia Pellegrini \u2013 Vogliamo esprimere tutta la nostra solidariet\u00e0 e quella dell&#8217;intera Citt\u00e0 di Belluno a ADOS e LILT, che per la seconda volta vedono il loro lavoro distrutto da qualche ignorante che non ha capito il valore e il significato di quei simboli; apprezziamo anche la loro scelta di lasciare nei giardini i fiocchi rotti, corredandoli di un cartello che invita gli autori di questa azione a riflettere sul loro gesto insensato. Speriamo che i colpevoli si assumano le loro colpe, anche per rispetto di quello che quei fiocchi significano e del lavoro di sensibilizzazione delle volontarie\u201d.<\/em><\/p>\n\n\t\t\t<style type='text\/css'>\n\t\t\t\t#gallery-1 {\n\t\t\t\t\tmargin: auto;\n\t\t\t\t}\n\t\t\t\t#gallery-1 .gallery-item {\n\t\t\t\t\tfloat: left;\n\t\t\t\t\tmargin-top: 10px;\n\t\t\t\t\ttext-align: center;\n\t\t\t\t\twidth: 33%;\n\t\t\t\t}\n\t\t\t\t#gallery-1 img {\n\t\t\t\t\tborder: 2px solid #cfcfcf;\n\t\t\t\t}\n\t\t\t\t#gallery-1 .gallery-caption {\n\t\t\t\t\tmargin-left: 0;\n\t\t\t\t}\n\t\t\t\t\/* see gallery_shortcode() in wp-includes\/media.php *\/\n\t\t\t<\/style>\n\t\t<div id='gallery-1' class='dt-gallery-container gallery galleryid-169216 gallery-columns-3 gallery-size-thumbnail'><dl class='gallery-item'>\n\t\t\t\t<dt class='gallery-icon landscape'>\n\t\t\t\t\t<a class=\"rollover\" href='https:\/\/www.radiopiu.net\/wordpress\/fiocchi-rosa-in-piazza-martiri-la-condanna\/fiocchi-rosa-danneggiati-29-10-1\/'><img loading=\"lazy\" decoding=\"async\" width=\"150\" height=\"150\" src=\"https:\/\/www.radiopiu.net\/wordpress\/wp-content\/uploads\/2020\/10\/Fiocchi-rosa-danneggiati-29-10-1-150x150.jpeg\" class=\"attachment-thumbnail size-thumbnail\" alt=\"\" \/><\/a>\n\t\t\t\t<\/dt><\/dl><dl class='gallery-item'>\n\t\t\t\t<dt class='gallery-icon landscape'>\n\t\t\t\t\t<a class=\"rollover\" href='https:\/\/www.radiopiu.net\/wordpress\/fiocchi-rosa-in-piazza-martiri-la-condanna\/fiocchi-rosa-danneggiati-29-10-2\/'><img loading=\"lazy\" decoding=\"async\" width=\"150\" height=\"150\" src=\"https:\/\/www.radiopiu.net\/wordpress\/wp-content\/uploads\/2020\/10\/Fiocchi-rosa-danneggiati-29-10-2-150x150.jpeg\" class=\"attachment-thumbnail size-thumbnail\" alt=\"\" \/><\/a>\n\t\t\t\t<\/dt><\/dl><dl class='gallery-item'>\n\t\t\t\t<dt class='gallery-icon portrait'>\n\t\t\t\t\t<a class=\"rollover\" href='https:\/\/www.radiopiu.net\/wordpress\/fiocchi-rosa-in-piazza-martiri-la-condanna\/fiocco-rosa-danneggiato-cartello\/'><img loading=\"lazy\" decoding=\"async\" width=\"150\" height=\"150\" src=\"https:\/\/www.radiopiu.net\/wordpress\/wp-content\/uploads\/2020\/10\/Fiocco-rosa-danneggiato-cartello-150x150.jpeg\" class=\"attachment-thumbnail size-thumbnail\" alt=\"\" \/><\/a>\n\t\t\t\t<\/dt><\/dl><br style=\"clear: both\" \/>\n\t\t\t<\/div>\n\n<p>&nbsp;<\/p>\n<p>&nbsp;<\/p>\n<hr \/>\n<p>&nbsp;<\/p>\n<p>&nbsp;<\/p>\n<blockquote>\n<h3>DENARO FRESCO PER STRADE\u00a0 E TRASPORTO PUBBLICO LOCALE. APPROVATA LA VARIAZIONE AL BILANCIO<\/h3>\n<\/blockquote>\n<p><strong><a class=\"dt-pswp-item\" href=\"https:\/\/www.radiopiu.net\/wordpress\/wp-content\/uploads\/2020\/10\/download-23.jpg\" data-dt-img-description=\"\" data-large_image_width=\"303\" data-large_image_height=\"166\"><img loading=\"lazy\" decoding=\"async\" class=\"wp-image-169436 alignleft\" src=\"https:\/\/www.radiopiu.net\/wordpress\/wp-content\/uploads\/2020\/10\/download-23-300x164.jpg\" alt=\"\" width=\"187\" height=\"102\" srcset=\"https:\/\/www.radiopiu.net\/wordpress\/wp-content\/uploads\/2020\/10\/download-23-300x164.jpg 300w, https:\/\/www.radiopiu.net\/wordpress\/wp-content\/uploads\/2020\/10\/download-23.jpg 303w\" sizes=\"auto, (max-width: 187px) 100vw, 187px\" \/><\/a>BELLUNO <\/strong>Il consiglio provinciale ha approvato la variazione al bilancio quasi 1 milione dalla Regione per il trasporto pubblico locale. Dallo Stato 547 mila euro per la viabilit\u00e0 e difesa del suolo.<\/p>\n<p><strong>DI MORENO GIOLI<\/strong><\/p>\n<audio class=\"wp-audio-shortcode\" id=\"audio-169216-4\" preload=\"none\" style=\"width: 100%;\" controls=\"controls\"><source type=\"audio\/mpeg\" src=\"https:\/\/www.radiopiu.net\/wordpress\/wp-content\/uploads\/2020\/10\/moreno-provincia.mp3?_=4\" \/><a href=\"https:\/\/www.radiopiu.net\/wordpress\/wp-content\/uploads\/2020\/10\/moreno-provincia.mp3\">https:\/\/www.radiopiu.net\/wordpress\/wp-content\/uploads\/2020\/10\/moreno-provincia.mp3<\/a><\/audio>\n<p>&nbsp;<\/p>\n<p>&nbsp;<\/p>\n<hr \/>\n<p><span style=\"color: #0000ff;\">\u00a0<\/span><\/p>\n<p><span style=\"color: #0000ff;\">OGGI SUL CORRIERE DELLE ALPI<\/span><\/p>\n<div class=\"page-title title-left solid-bg breadcrumbs-mobile-off page-title-responsive-enabled\">\n<div class=\"wf-wrap\">\n<div class=\"page-title-head hgroup\">\n<h3 class=\"entry-title\">QUEI SEGNI DURI DA CANCELLARE: \u201cQUANDO SENTO IL VENTO CHIUDO LE PERSIANE PER NON VEDERE GLI ALBERI OSCILLARE\u201d<\/h3>\n<\/div>\n<div class=\"page-title-breadcrumbs\">\n<p><span style=\"color: #ff0000;\"><strong>STORIE DI VAIA IN ATTESA DEI RIMBORSI E QUANDO SOFFIA IL VENTO SALE L\u2019ANGOSCIA<\/strong><\/span><\/p>\n<\/div>\n<\/div>\n<\/div>\n<div id=\"main\" class=\"sidebar-right sidebar-divider-vertical\">\n<div class=\"wf-wrap\">\n<div class=\"wf-container-main\">\n<div id=\"content\" class=\"content\" role=\"main\">\n<article id=\"post-169325\" class=\"post-169325 post type-post status-future format-standard has-post-thumbnail category-evidenza-top category-news-18 category-51 category-49 description-off\">\n<div class=\"entry-content\">\n<p><strong><a class=\"dt-pswp-item\" href=\"https:\/\/www.radiopiu.net\/wordpress\/wp-content\/uploads\/2020\/10\/3b4912c3-7cfb-4d85-9cba-9fc8207e2b39.jpg\" data-dt-img-description=\"\" data-large_image_width=\"1500\" data-large_image_height=\"1500\"><img loading=\"lazy\" decoding=\"async\" class=\"wp-image-169333 alignleft\" src=\"https:\/\/www.radiopiu.net\/wordpress\/wp-content\/uploads\/2020\/10\/3b4912c3-7cfb-4d85-9cba-9fc8207e2b39-300x300.jpg\" alt=\"\" width=\"142\" height=\"142\" srcset=\"https:\/\/www.radiopiu.net\/wordpress\/wp-content\/uploads\/2020\/10\/3b4912c3-7cfb-4d85-9cba-9fc8207e2b39-300x300.jpg 300w, https:\/\/www.radiopiu.net\/wordpress\/wp-content\/uploads\/2020\/10\/3b4912c3-7cfb-4d85-9cba-9fc8207e2b39-1024x1024.jpg 1024w, https:\/\/www.radiopiu.net\/wordpress\/wp-content\/uploads\/2020\/10\/3b4912c3-7cfb-4d85-9cba-9fc8207e2b39-150x150.jpg 150w, https:\/\/www.radiopiu.net\/wordpress\/wp-content\/uploads\/2020\/10\/3b4912c3-7cfb-4d85-9cba-9fc8207e2b39-768x768.jpg 768w, https:\/\/www.radiopiu.net\/wordpress\/wp-content\/uploads\/2020\/10\/3b4912c3-7cfb-4d85-9cba-9fc8207e2b39.jpg 1500w\" sizes=\"auto, (max-width: 142px) 100vw, 142px\" \/><\/a>AGORDO<\/strong>\u00a0Paola e Berto non abitano pi\u00f9 ad Agordo, non pi\u00f9 in cima alla palazzina, preferiscono un appartamento a pian terreno, 45 gradini pi\u00f9 sotto,\u00a0 in <a class=\"dt-pswp-item\" href=\"https:\/\/www.radiopiu.net\/wordpress\/wp-content\/uploads\/2020\/10\/23bc5cf7-046e-4c61-a5b2-60e61bf6d162.jpg\" data-dt-img-description=\"\" data-large_image_width=\"1600\" data-large_image_height=\"900\"><img loading=\"lazy\" decoding=\"async\" class=\"size-medium wp-image-169338 alignright\" src=\"https:\/\/www.radiopiu.net\/wordpress\/wp-content\/uploads\/2020\/10\/23bc5cf7-046e-4c61-a5b2-60e61bf6d162-300x169.jpg\" alt=\"\" width=\"300\" height=\"169\" srcset=\"https:\/\/www.radiopiu.net\/wordpress\/wp-content\/uploads\/2020\/10\/23bc5cf7-046e-4c61-a5b2-60e61bf6d162-300x169.jpg 300w, https:\/\/www.radiopiu.net\/wordpress\/wp-content\/uploads\/2020\/10\/23bc5cf7-046e-4c61-a5b2-60e61bf6d162-1024x576.jpg 1024w, https:\/\/www.radiopiu.net\/wordpress\/wp-content\/uploads\/2020\/10\/23bc5cf7-046e-4c61-a5b2-60e61bf6d162-768x432.jpg 768w, https:\/\/www.radiopiu.net\/wordpress\/wp-content\/uploads\/2020\/10\/23bc5cf7-046e-4c61-a5b2-60e61bf6d162-1536x864.jpg 1536w, https:\/\/www.radiopiu.net\/wordpress\/wp-content\/uploads\/2020\/10\/23bc5cf7-046e-4c61-a5b2-60e61bf6d162.jpg 1600w\" sizes=\"auto, (max-width: 300px) 100vw, 300px\" \/><\/a>un\u2019altra casa. L\u2019alluvione ha cambiato le loro vite, ha modificato le emozioni e fatto crescere le paure. Dal vento di Vaia al tetto spazzato via, dai boati da terremoto al ricorso all\u2019ospedale.<\/p>\n<p>Franco e Rosella da due anni vivono a Cencenighe in riva al Cordevole, due anni fa abitavano nella palazzina sulla strada per l\u2019ospedale. Marina e il marito dopo un mese in albergo sono tornati in casa muniti di deumidificatore. Lei cresciuta nella bora triestina ma il vento di Vaia era altra cosa<\/p>\n<p>IL \u201cTETTO CHE PARTE\u201d, OGGI SUL CORRIERE DELLE ALPI\u00a0 <strong>di GIANNI SANTOMASO<\/strong><\/p>\n<\/div>\n<\/article>\n<\/div>\n<\/div>\n<\/div>\n<\/div>\n<p>&nbsp;<\/p>\n<hr \/>\n<blockquote>\n<h3><\/h3>\n<h2>I POMPIERI VOLONTARI DI COLLE SANTA LUCIA RACCONTANO I GIORNI DI VAIA<\/h2>\n<div style=\"width: 854px;\" class=\"wp-video\"><video class=\"wp-video-shortcode\" id=\"video-169216-1\" width=\"854\" height=\"480\" preload=\"metadata\" controls=\"controls\"><source type=\"video\/mp4\" src=\"https:\/\/www.radiopiu.net\/wordpress\/wp-content\/uploads\/2020\/10\/VAIA-POMPIERI-COLLE.mp4?_=1\" \/><a href=\"https:\/\/www.radiopiu.net\/wordpress\/wp-content\/uploads\/2020\/10\/VAIA-POMPIERI-COLLE.mp4\">https:\/\/www.radiopiu.net\/wordpress\/wp-content\/uploads\/2020\/10\/VAIA-POMPIERI-COLLE.mp4<\/a><\/video><\/div>\n<p>&nbsp;<\/p>\n<p><strong>28 Ottobre 2018<\/strong><br \/>\n<strong>LE PRIME ORE<\/strong><\/p>\n<blockquote><p><em>Con un messaggio il nostro capo distaccamento chiede a chi \u00e8 disponibile di recarsi in caserma. Erano giorni che la pioggia non dava di smettere, ma anzi, continuava ad aumentare di intensit\u00e0. Ruscelli d&#8217;acqua correvano per i prati, per le strade e i torrenti iniziavano a scavare gli argini. A poche decine di minuti dall&#8217;arrivo in caserma dei nostri vigili, in un attimo, tutto diventa buio. Si ferma tutto, il campanile segna le 18.07. Non c&#8217;\u00e8 pi\u00f9 corrente elettrica e dopo qualche minuto inizia a saltare anche la copertura telefonica. Alle 18.10, veniamo allertati per la prima volta dalla Sala Operativa del comando di Belluno e immediatamente una squadra sale sul camion e parte per Fedare (Passo Giau) dove ci \u00e8 stata segnalata una frana. Nel frattempo un&#8217;altra squadra si muove per il paese controllando altri danni provocati dall&#8217;intensa pioggia. Le ore successive passano in modo relativamente tranquillo, la gente inizia ad arrangiarsi come pu\u00f2 per illuminare le case e prepararsi la cena ignara di ci\u00f2 che la aspetter\u00e1 di li a breve. Un evento che segner\u00e0 il nostro territorio ma che ancor pi\u00f9 rimarr\u00e0 impresso nelle menti di chi lo ha vissuto sulla propria pelle. Sono circa le 21 quando si alza un vento mai visto prima che porta con s\u00e9 tutto ci\u00f2 che trova. I secolari boschi di pino, i tetti delle abitazioni, scaraventandoli a decine di metri di distanza. I nostri volontari cercano riparo come possono. Passano i minuti, il vento sembra concedere una tregua, si capisce subito che la situazione non \u00e8 delle migliori. Le strade sono bloccate. Viene deciso immediatamente di procedere con il primo controllo dei danni. \u00a0Nelle prime ore successive vengono raggiunte quasi tutte le frazioni, talvolta a piedi, scavalcando alberi, perdendo quasi l&#8217;orientamento. \u00a0Ma \u00e8 con le prime luci del giorno che ci si rende conto della devastazione. La gente di montagna si sa, \u00e8 gente forte, e subito si rimbocca le maniche per riaprire le strade in modo da permettere il collegamento con i paesi vicini a noi. Un unico esercito di volontari che lavorava senza sosta per la propria comunit\u00e0. Non importava se si vestisse o no una divisa tutti lavoravano fianco a fianco per il bene comune e cos\u00ec sar\u00e1 per tutti i giorni successivi.<\/em><\/p><\/blockquote>\n<p><strong>Pompieri Volontari COLLE SANTA LUCIA<\/strong><\/p>\n<p>&nbsp;<\/p>\n<p>&nbsp;<\/p><\/blockquote>\n<hr \/>\n<blockquote>\n<h3><\/h3>\n<h3>RESA DI KOMPATSCHER PER BOND HA VINTO IL BUONSENSO<\/h3>\n<\/blockquote>\n<p><strong><a class=\"dt-pswp-item\" href=\"https:\/\/www.radiopiu.net\/wordpress\/wp-content\/uploads\/2020\/10\/unnamed-3.jpg\" data-dt-img-description=\"\" data-large_image_width=\"512\" data-large_image_height=\"400\"><img loading=\"lazy\" decoding=\"async\" class=\" wp-image-169403 alignleft\" src=\"https:\/\/www.radiopiu.net\/wordpress\/wp-content\/uploads\/2020\/10\/unnamed-3-300x234.jpg\" alt=\"\" width=\"226\" height=\"176\" srcset=\"https:\/\/www.radiopiu.net\/wordpress\/wp-content\/uploads\/2020\/10\/unnamed-3-300x234.jpg 300w, https:\/\/www.radiopiu.net\/wordpress\/wp-content\/uploads\/2020\/10\/unnamed-3.jpg 512w\" sizes=\"auto, (max-width: 226px) 100vw, 226px\" \/><\/a>ROMA<\/strong>\u00a0 <em>\u00abAnche in Alto Adige bar e ristoranti dovranno chiudere alle 18. Lo prevede l\u2019ordinanza che il governatore Kompatscher dovrebbe firmare a breve. \u00c8 una buona notizia, perch\u00e9 se il virus va contrastato, tutti devono fare la loro parte\u00bb.<\/em> Cos\u00ec in una nota il deputato di Forza Italia Dario Bond, che nei giorni scorsi non aveva usato giri di parole per denunciare la concorrenza sleale delle province autonome, dove le attivit\u00e0 economiche e di ristorazione potevano derogare all\u2019ultimo Dpcm, lavorando fino alle 22. <em>\u00abSono perfettamente consapevole che la stretta data dal governo \u00e8 un problema per le attivit\u00e0 economiche. Ma oggi vince l\u2019Italia, il Paese intero, che deve remare tutto nella stessa direzione per uscire da questa crisi sanitaria. In questo momento, gli scatti in avanti frutto di privilegi ormai insostenibili avrebbero fatto danni enormi non solo al Bellunese, terra di confine in cui si misura quotidianamente il gap con Trento e Bolzano. Ma all\u2019intero Paese\u00bb.<\/em><\/p>\n<blockquote>\n<h3><\/h3>\n<\/blockquote>\n<hr \/>\n<blockquote>\n<h3>DUE ANNI DA VAIA \u2013 BERTON: \u201cCAUSA COVID SIAMO PI\u00d9 STANCHI E PROVATI, MA LA VOGLIA DI FARCELA RESTA INTATTA<\/h3>\n<\/blockquote>\n<p><strong><a class=\"dt-pswp-item\" href=\"https:\/\/www.radiopiu.net\/wordpress\/wp-content\/uploads\/2020\/01\/Lorraine_Berton.jpg\" data-dt-img-description=\"\" data-large_image_width=\"767\" data-large_image_height=\"768\"><img loading=\"lazy\" decoding=\"async\" class=\" wp-image-112912 alignleft\" src=\"https:\/\/www.radiopiu.net\/wordpress\/wp-content\/uploads\/2020\/01\/Lorraine_Berton-300x300.jpg\" alt=\"\" width=\"155\" height=\"155\" srcset=\"https:\/\/www.radiopiu.net\/wordpress\/wp-content\/uploads\/2020\/01\/Lorraine_Berton-300x300.jpg 300w, https:\/\/www.radiopiu.net\/wordpress\/wp-content\/uploads\/2020\/01\/Lorraine_Berton-150x150.jpg 150w, https:\/\/www.radiopiu.net\/wordpress\/wp-content\/uploads\/2020\/01\/Lorraine_Berton.jpg 767w\" sizes=\"auto, (max-width: 155px) 100vw, 155px\" \/><\/a>BELLUNO\u00a0<\/strong>\u201c<em>Dopo un nemico visibile, Vaia, che ha provocato ferite profonde ed evidenti alla nostra montagna, oggi stiamo combattendo contro un nemico invisibile, pi\u00f9 subdolo e infimo come il Covid. La voglia di farcela e ricostruire resta intatta, anche se siamo tutti pi\u00f9 stanchi e provati. Come imprenditori bellunesi, continueremo a fare la nostra parte con responsabilit\u00e0 nei confronti del nostro territorio, ma per farlo servono strumenti nuovi ed efficaci, massima semplificazione e coinvolgimento nei processi decisionali. Alle Istituzioni ricordo che qualsiasi ricostruzione parte sempre dall\u2019impresa: lo \u00e8 stato con Vaia, lo sar\u00e0 \u2013 a maggior ragione \u2013 con il Covid<\/em>\u201d. A dirlo, a due anni dalla distruzione rappresentata da Vaia, \u00e8 Lorraine Berton, presidente di Confindustria Belluno Dolomiti.<\/p>\n<p>&nbsp;<\/p>\n<p>&nbsp;<\/p>\n<hr \/>\n<p>&nbsp;<\/p>\n<blockquote>\n<h3>LAVORO. DATI SU BENESSERE IN AZIENDA<\/h3>\n<\/blockquote>\n<p><strong><a class=\"dt-pswp-item\" href=\"https:\/\/www.radiopiu.net\/wordpress\/wp-content\/uploads\/2020\/04\/DONAZZAN.jpg\" data-dt-img-description=\"\" data-large_image_width=\"2048\" data-large_image_height=\"2048\"><img loading=\"lazy\" decoding=\"async\" class=\" wp-image-128499 alignleft\" src=\"https:\/\/www.radiopiu.net\/wordpress\/wp-content\/uploads\/2020\/04\/DONAZZAN-300x300.jpg\" alt=\"\" width=\"162\" height=\"162\" \/><\/a>VENEZIA\u00a0<\/strong>\u201c<em>La cultura del lavoro \u00e8 sempre stata parte integrante della capacit\u00e0 di essere competitive delle nostre imprese venete, figlie di una tradizione che pone realmente al centro la persona. Il benessere dei lavoratori sta particolarmente a cuore alle imprese venete. Ed \u00e8 esattamente questo ci\u00f2 che dimostrano i dati dal sondaggio pubblicato oggi<\/em>\u201d. Lo afferma Elena Donazzan, Assessore regionale al Lavoro, commentando alcuni dei dati contenuti oggi nello speciale che il Corriere della Sera dedica ad un ampio sondaggio dal titolo \u201cImprese dove lavorare\u201d. Nelle varie classifiche pubblicate, che indicano quanto i lavoratori siano soddisfatti delle condizioni all\u2019interno delle rispettive aziende, numerose sono le imprese venete citate.<\/p>\n<p>&nbsp;<\/p>\n<hr \/>\n<blockquote>\n<h3><\/h3>\n<h3 align=\"JUSTIFY\"><span style=\"font-size: medium;\"><b>DICHIARAZIONE DEGLI ASSESSORI REGIONALI AI TRASPORTI DELLE REGIONI DEL NORD SUL TRASPORTO PUBBLICO.<\/b><\/span><\/h3>\n<\/blockquote>\n<p align=\"JUSTIFY\"><a class=\"dt-pswp-item\" href=\"https:\/\/www.radiopiu.net\/wordpress\/wp-content\/uploads\/2020\/06\/ELISA-DE-BERTI.jpg\" data-dt-img-description=\"\" data-large_image_width=\"960\" data-large_image_height=\"959\"><img loading=\"lazy\" decoding=\"async\" class=\" wp-image-141960 alignleft\" src=\"https:\/\/www.radiopiu.net\/wordpress\/wp-content\/uploads\/2020\/06\/ELISA-DE-BERTI-300x300.jpg\" alt=\"\" width=\"240\" height=\"240\" srcset=\"https:\/\/www.radiopiu.net\/wordpress\/wp-content\/uploads\/2020\/06\/ELISA-DE-BERTI-300x300.jpg 300w, https:\/\/www.radiopiu.net\/wordpress\/wp-content\/uploads\/2020\/06\/ELISA-DE-BERTI-150x150.jpg 150w, https:\/\/www.radiopiu.net\/wordpress\/wp-content\/uploads\/2020\/06\/ELISA-DE-BERTI-768x767.jpg 768w, https:\/\/www.radiopiu.net\/wordpress\/wp-content\/uploads\/2020\/06\/ELISA-DE-BERTI.jpg 960w\" sizes=\"auto, (max-width: 240px) 100vw, 240px\" \/><\/a><span style=\"color: #222222;\"><strong> VENEZIA<\/strong>\u00a0<\/span><span style=\"font-size: medium;\">In riferimento alle recenti affermazioni del presidente del Consiglio dei ministri Giuseppe Conte e del ministro Paola De Micheli sui finanziamenti destinati al trasporto pubblico locale, gli assessori regionali ai trasporti delle Regioni del Nord, per il Veneto, Elisa De Berti dichiarano: <\/span><em>\u201c<span style=\"font-size: medium;\">Al Governo abbiamo pi\u00f9 volte ribadito che i finanziamenti statali destinati al trasporto pubblico locale per l\u2019emergenza sanitaria (500 + 400 milioni) non sono sufficienti. Sorprende dunque che il ministro De Micheli sostenga di non aver ricevuto dalle Regioni richieste di risorse aggiuntive. Sorprende anche che il presidente del Consiglio Conte parli di un mancato pieno utilizzo delle risorse messe a disposizione delle Regioni per rafforzare il trasporto pubblico: la verit\u00e0 \u00e8 che le risorse promesse dal Governo per i servizi aggiuntivi non sono ancora arrivate. \u00c8 gravissimo che il presidente del Consiglio e il ministro competente cerchino di scaricare le proprie responsabilit\u00e0 sulle Regioni. Inizino invece a erogare le risorse annunciate senza le quali il sistema Tpl non potr\u00e0 stare in piedi ancora per molto\u201d. <\/span><\/em><\/p>\n<p>&nbsp;<\/p>\n<hr \/>\n<p>&nbsp;<\/p>\n<blockquote>\n<h3>IDROELETTRICO, DA LEU UN REGALO AI CONCESSIONARI E UN DANNO PER LE COMUNITA&#8217;<\/h3>\n<\/blockquote>\n<p><strong><a class=\"dt-pswp-item\" href=\"https:\/\/www.radiopiu.net\/wordpress\/wp-content\/uploads\/2019\/02\/mini-idroelettrico.jpg\" data-dt-img-description=\"\" data-large_image_width=\"615\" data-large_image_height=\"439\"><img loading=\"lazy\" decoding=\"async\" class=\" wp-image-75526 alignleft\" src=\"https:\/\/www.radiopiu.net\/wordpress\/wp-content\/uploads\/2019\/02\/mini-idroelettrico-300x214.jpg\" alt=\"\" width=\"195\" height=\"139\" srcset=\"https:\/\/www.radiopiu.net\/wordpress\/wp-content\/uploads\/2019\/02\/mini-idroelettrico-300x214.jpg 300w, https:\/\/www.radiopiu.net\/wordpress\/wp-content\/uploads\/2019\/02\/mini-idroelettrico.jpg 615w\" sizes=\"auto, (max-width: 195px) 100vw, 195px\" \/><\/a>VENEZIA<\/strong> <em>&#8220;La proposta di LeU di estendere, in occasione dell&#8217;emergenza CoViD-19, la durata delle concessioni idroelettriche e contestualmente sospendere il pagamento di tutti i canoni e sovracanoni e&#8217; un pessimo tentativo di elargire uno regalo ai concessionari e, allo stesso tempo, e&#8217; una seria minaccia per i bilanci di Regioni, Province e Comuni gia&#8217; in seria difficolta&#8221;. La presa di posizione con relativa critica \u00e8 dell&#8217;assessore alla Protezione Civile Gianpaolo Bottacin in merito<\/em> all&#8217;emendamento presentato in Senato da Leu al decreto legge 125\/2020, di proroga stato emergenza. <em>&#8220;La sinistra in Italia dimostra ancora una volta di non avere a cuore le comunit\u00e0 locali, che proprio grazie ai proventi derivanti da canoni idrici e sovracanoni Bim assicurano ai cittadini servizi essenziali, in particolar modo in questo momento storico. Favorire per i concessionari l&#8217;utilizzo di un bene pubblico senza corrispondere in cambio qualcosa alla collettivita&#8217; e&#8217; gravissimo, tenendo inoltre presente che l&#8217;emergenza CoViD non comporta il venir meno dell&#8217;erogazione dell&#8217;energia elettrica e che le imprese dell&#8217;idroelettrico, che stanno lavorando e producendo, non vogliono simili regali ma chiedono invece di essere lasciate in pace da una burocrazia asfissiante, sostenuta proprio da LeU e dalla visione distorta di questo Governo&#8221;<\/em><\/p>\n<p>&nbsp;<\/p>\n<p>&nbsp;<\/p>\n<hr \/>\n<p>&nbsp;<\/p>\n<blockquote>\n<h3>&#8220;QUESTO NON E&#8217; AMORE&#8221;, LA CAMPAGNA DELLA POLIZIA DI STATO PER LA GIORNATA INTERNAZIONALE DELLA VIOLENZA SULLE DONNE<\/h3>\n<\/blockquote>\n<p><strong><a class=\"dt-pswp-item\" href=\"https:\/\/www.radiopiu.net\/wordpress\/wp-content\/uploads\/2020\/10\/CAMPER-POLIZIA.jpg\" data-dt-img-description=\"\" data-large_image_width=\"1593\" data-large_image_height=\"1194\"><img loading=\"lazy\" decoding=\"async\" class=\"size-medium wp-image-169296 alignleft\" src=\"https:\/\/www.radiopiu.net\/wordpress\/wp-content\/uploads\/2020\/10\/CAMPER-POLIZIA-300x225.jpg\" alt=\"\" width=\"300\" height=\"225\" srcset=\"https:\/\/www.radiopiu.net\/wordpress\/wp-content\/uploads\/2020\/10\/CAMPER-POLIZIA-300x225.jpg 300w, https:\/\/www.radiopiu.net\/wordpress\/wp-content\/uploads\/2020\/10\/CAMPER-POLIZIA-1024x768.jpg 1024w, https:\/\/www.radiopiu.net\/wordpress\/wp-content\/uploads\/2020\/10\/CAMPER-POLIZIA-768x576.jpg 768w, https:\/\/www.radiopiu.net\/wordpress\/wp-content\/uploads\/2020\/10\/CAMPER-POLIZIA-1536x1151.jpg 1536w, https:\/\/www.radiopiu.net\/wordpress\/wp-content\/uploads\/2020\/10\/CAMPER-POLIZIA.jpg 1593w\" sizes=\"auto, (max-width: 300px) 100vw, 300px\" \/><\/a>BELLUNO\u00a0<\/strong>Il 25 novembre prossimo si celebra, come ogni anno, la giornata internazionale contro la violenza sulle donne.\u00a0Su tale fenomeno la Polizia di Stato, con la campagna permanente denominata \u201cQuesto non \u00e8 amore\u201d, organizza periodicamente la presenza, in luoghi di incontro pubblici, di un camper allestito come un ufficio mobile, dove personale specializzato \u00e8 disponibile per ascoltare ed aiutare le vittime di violenza domestica e stalking o anche solo per dare informazioni sugli strumenti utili ad uscire dalla violenza.\u00a0La Questura di Belluno, nel prossimo mese di novembre, ha programmato la presenza del proprio camper in nove mercati settimanali della provincia, nelle date indicate nel volantino allegato.\u00a0Il fenomeno della violenza domestica non ha conosciuto pause nemmeno nel periodo del lockdown, favorito ancor pi\u00f9 dalla convivenza spesso forzata tra familiari gi\u00e0 in conflitto. Lo scopo della presenza degli operatori della Polizia di Stato \u00e8 quello di fornire un aiuto alle donne e favorire l\u2019emersione del fenomeno.<\/p>\n<a href=\"https:\/\/www.radiopiu.net\/wordpress\/wp-content\/uploads\/2020\/10\/Camper-2020.pdf\" class=\"pdfemb-viewer\" style=\"\" data-width=\"max\" data-height=\"max\" data-toolbar=\"top\" data-toolbar-fixed=\"on\">Camper 2020<\/a>\n<p>&nbsp;<\/p>\n<hr \/>\n<p>&nbsp;<\/p>\n<blockquote class=\"wp-embedded-content\" data-secret=\"q7r3spHrlS\"><p><a href=\"https:\/\/www.radiopiu.net\/wordpress\/https-wp-me-p63lo7-hoe\/\">CORONAVIRUS: AGGIORNAMENTO NAZIONALE 29OTTOBRE<\/a><\/p><\/blockquote>\n<p><iframe loading=\"lazy\" class=\"wp-embedded-content\" sandbox=\"allow-scripts\" security=\"restricted\" style=\"position: absolute; clip: rect(1px, 1px, 1px, 1px);\" title=\"&#8220;CORONAVIRUS: AGGIORNAMENTO NAZIONALE 29OTTOBRE&#8221; &#8212; Radio Pi\u00f9\" src=\"https:\/\/www.radiopiu.net\/wordpress\/https-wp-me-p63lo7-hoe\/embed\/#?secret=q7r3spHrlS\" data-secret=\"q7r3spHrlS\" width=\"600\" height=\"338\" frameborder=\"0\" marginwidth=\"0\" marginheight=\"0\" scrolling=\"no\"><\/iframe><\/p>\n<p>&nbsp;<\/p>\n<p>&nbsp;<\/p>\n<blockquote class=\"wp-embedded-content\" data-secret=\"AQxNI4zLLm\"><p><a href=\"https:\/\/www.radiopiu.net\/wordpress\/https-wp-me-p63lo7-hob\/\">SUPERATI I 50MILA CASI, 2461 ATTUALMENTE POSITIVI IN PIU&#8217;, 17 DECESSI, 876 PAZIENTI IN OSPEDALE E 112 IN TERAPIA INTENSIVA<\/a><\/p><\/blockquote>\n<p><iframe loading=\"lazy\" class=\"wp-embedded-content\" sandbox=\"allow-scripts\" security=\"restricted\" style=\"position: absolute; clip: rect(1px, 1px, 1px, 1px);\" title=\"&#8220;SUPERATI I 50MILA CASI, 2461 ATTUALMENTE POSITIVI IN PIU&#8217;, 17 DECESSI, 876 PAZIENTI IN OSPEDALE E 112 IN TERAPIA INTENSIVA&#8221; &#8212; Radio Pi\u00f9\" src=\"https:\/\/www.radiopiu.net\/wordpress\/https-wp-me-p63lo7-hob\/embed\/#?secret=AQxNI4zLLm\" data-secret=\"AQxNI4zLLm\" width=\"600\" height=\"338\" frameborder=\"0\" marginwidth=\"0\" marginheight=\"0\" scrolling=\"no\"><\/iframe><\/p>\n<h2>I GRAFICI DI TIZIANO DE COL<\/h2>\n<p><a class=\"dt-pswp-item\" href=\"https:\/\/www.radiopiu.net\/wordpress\/wp-content\/uploads\/2020\/10\/04da7311-780f-4558-8a38-0848460d5750.jpg\" data-dt-img-description=\"\" data-large_image_width=\"480\" data-large_image_height=\"337\"><img loading=\"lazy\" decoding=\"async\" class=\"alignnone wp-image-169420\" src=\"https:\/\/www.radiopiu.net\/wordpress\/wp-content\/uploads\/2020\/10\/04da7311-780f-4558-8a38-0848460d5750-300x211.jpg\" alt=\"\" width=\"227\" height=\"159\" srcset=\"https:\/\/www.radiopiu.net\/wordpress\/wp-content\/uploads\/2020\/10\/04da7311-780f-4558-8a38-0848460d5750-300x211.jpg 300w, https:\/\/www.radiopiu.net\/wordpress\/wp-content\/uploads\/2020\/10\/04da7311-780f-4558-8a38-0848460d5750.jpg 480w\" sizes=\"auto, (max-width: 227px) 100vw, 227px\" \/><\/a><a class=\"dt-pswp-item\" href=\"https:\/\/www.radiopiu.net\/wordpress\/wp-content\/uploads\/2020\/10\/a170b571-9af7-4c45-ac43-6a99a3fc0b37.jpg\" data-dt-img-description=\"\" data-large_image_width=\"476\" data-large_image_height=\"616\"><img loading=\"lazy\" decoding=\"async\" class=\"alignnone size-medium wp-image-169419\" src=\"https:\/\/www.radiopiu.net\/wordpress\/wp-content\/uploads\/2020\/10\/a170b571-9af7-4c45-ac43-6a99a3fc0b37-232x300.jpg\" alt=\"\" width=\"232\" height=\"300\" srcset=\"https:\/\/www.radiopiu.net\/wordpress\/wp-content\/uploads\/2020\/10\/a170b571-9af7-4c45-ac43-6a99a3fc0b37-232x300.jpg 232w, https:\/\/www.radiopiu.net\/wordpress\/wp-content\/uploads\/2020\/10\/a170b571-9af7-4c45-ac43-6a99a3fc0b37.jpg 476w\" sizes=\"auto, (max-width: 232px) 100vw, 232px\" \/><\/a><\/p>\n<hr \/>\n<p>&nbsp;<\/p>\n<blockquote>\n<h3><\/h3>\n<h3>\u201dOTTOBRE ROSA\u201d NELLA CONCA: SI CONCLUDE DOMANI UN MESE DI INCONTRI E ATTIVIT\u00c0 PER LA LOTTA CONTRO IL TUMORE DEL SENO<\/h3>\n<\/blockquote>\n<p><strong><a class=\"dt-pswp-item\" href=\"https:\/\/www.radiopiu.net\/wordpress\/wp-content\/uploads\/2020\/10\/39842ece-2286-49a0-912c-d933e54d30e8.jpg\" data-dt-img-description=\"\" data-large_image_width=\"912\" data-large_image_height=\"684\"><img loading=\"lazy\" decoding=\"async\" class=\"size-medium wp-image-169251 alignleft\" src=\"https:\/\/www.radiopiu.net\/wordpress\/wp-content\/uploads\/2020\/10\/39842ece-2286-49a0-912c-d933e54d30e8-300x225.jpg\" alt=\"\" width=\"300\" height=\"225\" srcset=\"https:\/\/www.radiopiu.net\/wordpress\/wp-content\/uploads\/2020\/10\/39842ece-2286-49a0-912c-d933e54d30e8-300x225.jpg 300w, https:\/\/www.radiopiu.net\/wordpress\/wp-content\/uploads\/2020\/10\/39842ece-2286-49a0-912c-d933e54d30e8-768x576.jpg 768w, https:\/\/www.radiopiu.net\/wordpress\/wp-content\/uploads\/2020\/10\/39842ece-2286-49a0-912c-d933e54d30e8.jpg 912w\" sizes=\"auto, (max-width: 300px) 100vw, 300px\" \/><\/a>ALPAGO\u00a0<\/strong>Si avvia a conclusione un \u201cOttobre Rosa\u201d davvero speciale per il territorio dell\u2019Alpago. L\u2019iniziativa nazionale nata per sensibilizzare i cittadini alla campagna di prevenzione del tumore al seno ha visto infatti in prima linea l\u2019associazione \u201cOnda Rosa\u201d, nata in Alpago da poco tempo, ma che si \u00e8 gi\u00e0 segnalata per una serie di importanti iniziative. Nei giorni scorsi, in collaborazione con il Comune di Alpago, sono stati promossi, tra l\u2019altro, l\u2019illuminazione \u201ca tema\u201d dei municipi, il posizionamento di alcuni cartelli con il simbolo del fiocco e soprattutto due incontri serali \u201con line\u201d su argomenti inerenti la prevenzione e il sostegno alle donne malate di tumore al seno.\u00a0\u201c<em>Anche in questo anno del tutto particolare per i motivi che ben conosciamo, non possiamo scordare il mese della prevenzione del tumore alla mammella\u201d, commenta\u00a0 Caterina Fontanella, oncologa e fondatrice dell\u2019associazione \u201cOnda Rosa\u201d, che aggiunge: \u201cIl direttivo \u00e8 stato felicissimo di collaborare con il Comune di Alpago per promuovere questo importantissimo messaggio in tutto il territorio della Conca; abbiamo voluto portare in varie parti dei comuni di Alpago, Chies e Tambre un fiocco rosa danzante per far capire che nessuno \u00e8 solo, nessuno \u00e8 troppo lontano per essere abbracciato<\/em>&#8220;.\u00a0\u201c<em>Siamo estremamente soddisfatte e orgogliose che il nostro territorio abbia visto il nascere di questa associazione di promozione sociale, cos\u00ec preziosa nella sua duplice attivit\u00e0 di sensibilizzazione su questo tema e di sostegno alle donne che hanno vissuto la battaglia contro il tumore al seno; davvero un gran bel segnale, non soltanto per la popolazione femminile, ma per tutta la nostra comunit\u00e0<\/em>\u201d, sottolineano il vicesindaco di Alpago Vanessa De Francesch, l\u2019assessore alle Politiche Sociali Luigina Guolla e\u00a0 Laura Funes, consigliera con delega alla cultura. che hanno seguito l\u2019iniziativa. L\u2019ultimo appuntamento dell\u2019Ottobre Rosa in Alpago \u00e8 in programma venerd\u00ec 30 ottobre alle 20.30; \u201cArte e Benessere\u201d il titolo dell\u2019evento &#8211; che si potr\u00e0 seguire in diretta Facebook sulla pagina dell\u2019Associazione Onda Rosa &#8211; durante il quale l\u2019artista Sandra Andreatta ed Elvia Calabrese, fondatrice dell\u2019associazione culturale \u201cSettimo Cielo\u201d, parleranno degli effetti benefici che l\u2019arte pu\u00f2 avere sul nostro benessere.<\/p>\n<p>&nbsp;<\/p>\n<hr \/>\n<p>&nbsp;<\/p>\n<p>&nbsp;<\/p>\n<blockquote>\n<h3>INIZIATI I LAVORI PER LA NUOVA PISTA DI ATLETICA DI BORGO VALBELLUNA<\/h3>\n<\/blockquote>\n<p><strong>BORGO VALBELLUNA\u00a0<\/strong> <span style=\"font-family: Arial Unicode MS, sans-serif;\">Il grigio dell\u2019asfalto lascer\u00e0 il posto al rosso di uno splendido manto sintetico.\u00a0 Sono iniziati i lavori di rifacimento della pista di atletica leggera di Borgo Valbelluna. L\u2019anello, realizzato dall\u2019azienda Tagliapietra di Basiliano (Udine), andr\u00e0 a completare gli impianti sportivi in localit\u00e0 La Lora, a Mel, gi\u00e0 oggetto nei mesi scorsi di lavori di riqualificazione che hanno interessato l\u2019impianto di illuminazione e il sistema di irrigazione automatico del campo di calcio. <\/span><span style=\"font-family: 'Arial Unicode MS', sans-serif;\">In precedenza, erano anche state rifatte le pedane dei salti e di parte dei lanci (giavellotto e peso). Ora, invece, l\u2019intervento riguarda l\u2019anello a sei corsie e consister\u00e0 nella posa di un manto sintetico che andr\u00e0 a sovrapporsi al preesistente fondo in asfalto. Verr\u00e0 inoltre completata la pedana dei lanci lunghi (martello e disco) che sar\u00e0 esterna al campo principale. I lavori di riqualificazione dell\u2019impianto costeranno complessivamente 650 mila euro, finanziati grazie ad un mutuo sottoscritto dall\u2019amministrazione comunale di Borgo Valbelluna con l\u2019Istituto del Credito Sportivo. <\/span>\u201c<span style=\"font-family: Arial Unicode MS, sans-serif;\"><i>L\u2019opera dovrebbe essere completata nel giro di un mese<\/i><\/span><span style=\"font-family: Arial Unicode MS, sans-serif;\"> &#8211; spiega <\/span><span style=\"font-family: Arial Unicode MS, sans-serif;\"><b>Patrizia Tremea<\/b><\/span><span style=\"font-family: Arial Unicode MS, sans-serif;\">, presidente del Gs La Piave 2000, societ\u00e0 utilizzatrice dell\u2019impianto -. <\/span><span style=\"font-family: Arial Unicode MS, sans-serif;\"><i>Vogliamo ringraziare l\u2019amministrazione comunale per la disponibilit\u00e0 e per l\u2019impegno con cui ha seguito il progetto di rifacimento della pista&#8221;. <\/i><\/span><span style=\"font-family: Arial Unicode MS, sans-serif;\">Il nuovo impianto di Mel dar\u00e0 un impulso importante all\u2019attivit\u00e0 del Gs La Piave 2000, societ\u00e0 che vanta quasi 350 tesserati di ogni et\u00e0 e, da sempre, \u00e8 attiva nell\u2019organizzazione di eventi, sino ad ora, in assenza della pista, per lo pi\u00f9 limitati alla strada e ai cross.&#8221;N<\/span><span style=\"font-family: 'Arial Unicode MS', sans-serif;\"><i>on possiamo che esserne felici<\/i><\/span><span style=\"font-family: 'Arial Unicode MS', sans-serif;\"> &#8211; commenta <\/span><span style=\"font-family: 'Arial Unicode MS', sans-serif;\"><b>Giulio Imperatore<\/b><\/span><span style=\"font-family: 'Arial Unicode MS', sans-serif;\">, presidente del Comitato provinciale della Fidal -. <\/span><span style=\"font-family: 'Arial Unicode MS', sans-serif;\"><i>Visto l\u2019ampio raggio d\u2019azione del Gs La Piave 2000, l\u2019impianto di Mel diventer\u00e0 un punto di riferimento importante sia per la Sinistra che per la Destra Piave&#8221; <\/i><\/span><span style=\"color: #000000;\"><span style=\"font-family: Arial Unicode MS, sans-serif;\">Soddisfatto anche il presidente del Comitato regionale della Fidal, <\/span><\/span><span style=\"color: #000000;\"><span style=\"font-family: Arial Unicode MS, sans-serif;\"><b>Christian Zovico<\/b><\/span><\/span><span style=\"color: #000000;\"><span style=\"font-family: Arial Unicode MS, sans-serif;\">:<\/span><\/span><span style=\"color: #000000;\"><span style=\"font-family: Arial Unicode MS, sans-serif;\"><i> \u201cIl Gs La Piave 2000 rappresenta una realt\u00e0 importante nel panorama dell\u2019atletica regionale e la nuova pista dar\u00e0 ulteriore spinta alla sua attivit\u00e0 che si esprime anche attraverso un forte impegno in campo organizzativo&#8221;.<\/i><\/span><\/span><\/p>\n\n\t\t\t<style type='text\/css'>\n\t\t\t\t#gallery-2 {\n\t\t\t\t\tmargin: auto;\n\t\t\t\t}\n\t\t\t\t#gallery-2 .gallery-item {\n\t\t\t\t\tfloat: left;\n\t\t\t\t\tmargin-top: 10px;\n\t\t\t\t\ttext-align: center;\n\t\t\t\t\twidth: 50%;\n\t\t\t\t}\n\t\t\t\t#gallery-2 img {\n\t\t\t\t\tborder: 2px solid #cfcfcf;\n\t\t\t\t}\n\t\t\t\t#gallery-2 .gallery-caption {\n\t\t\t\t\tmargin-left: 0;\n\t\t\t\t}\n\t\t\t\t\/* see gallery_shortcode() in wp-includes\/media.php *\/\n\t\t\t<\/style>\n\t\t<div id='gallery-2' class='dt-gallery-container gallery galleryid-169216 gallery-columns-2 gallery-size-medium'><dl class='gallery-item'>\n\t\t\t\t<dt class='gallery-icon landscape'>\n\t\t\t\t\t<a class=\"rollover rollover-zoom dt-pswp-item\" title=\"Pista Mel_2\" data-dt-img-description=\"\" data-large_image_width=\"1599\" data-large_image_height=\"1200\"href='https:\/\/www.radiopiu.net\/wordpress\/wp-content\/uploads\/2020\/10\/Pista-Mel_2.jpg'><img loading=\"lazy\" decoding=\"async\" width=\"300\" height=\"225\" src=\"https:\/\/www.radiopiu.net\/wordpress\/wp-content\/uploads\/2020\/10\/Pista-Mel_2-300x225.jpg\" class=\"attachment-medium size-medium\" alt=\"\" srcset=\"https:\/\/www.radiopiu.net\/wordpress\/wp-content\/uploads\/2020\/10\/Pista-Mel_2-300x225.jpg 300w, https:\/\/www.radiopiu.net\/wordpress\/wp-content\/uploads\/2020\/10\/Pista-Mel_2-1024x768.jpg 1024w, https:\/\/www.radiopiu.net\/wordpress\/wp-content\/uploads\/2020\/10\/Pista-Mel_2-768x576.jpg 768w, https:\/\/www.radiopiu.net\/wordpress\/wp-content\/uploads\/2020\/10\/Pista-Mel_2-1536x1153.jpg 1536w, https:\/\/www.radiopiu.net\/wordpress\/wp-content\/uploads\/2020\/10\/Pista-Mel_2.jpg 1599w\" sizes=\"auto, (max-width: 300px) 100vw, 300px\" \/><\/a>\n\t\t\t\t<\/dt><\/dl><dl class='gallery-item'>\n\t\t\t\t<dt class='gallery-icon landscape'>\n\t\t\t\t\t<a class=\"rollover rollover-zoom dt-pswp-item\" title=\"Pista Mel_4\" data-dt-img-description=\"\" data-large_image_width=\"1599\" data-large_image_height=\"1200\"href='https:\/\/www.radiopiu.net\/wordpress\/wp-content\/uploads\/2020\/10\/Pista-Mel_4.jpg'><img loading=\"lazy\" decoding=\"async\" width=\"300\" height=\"225\" src=\"https:\/\/www.radiopiu.net\/wordpress\/wp-content\/uploads\/2020\/10\/Pista-Mel_4-300x225.jpg\" class=\"attachment-medium size-medium\" alt=\"\" srcset=\"https:\/\/www.radiopiu.net\/wordpress\/wp-content\/uploads\/2020\/10\/Pista-Mel_4-300x225.jpg 300w, https:\/\/www.radiopiu.net\/wordpress\/wp-content\/uploads\/2020\/10\/Pista-Mel_4-1024x768.jpg 1024w, https:\/\/www.radiopiu.net\/wordpress\/wp-content\/uploads\/2020\/10\/Pista-Mel_4-768x576.jpg 768w, https:\/\/www.radiopiu.net\/wordpress\/wp-content\/uploads\/2020\/10\/Pista-Mel_4-1536x1153.jpg 1536w, https:\/\/www.radiopiu.net\/wordpress\/wp-content\/uploads\/2020\/10\/Pista-Mel_4.jpg 1599w\" sizes=\"auto, (max-width: 300px) 100vw, 300px\" \/><\/a>\n\t\t\t\t<\/dt><\/dl><br style=\"clear: both\" \/><dl class='gallery-item'>\n\t\t\t\t<dt class='gallery-icon landscape'>\n\t\t\t\t\t<a class=\"rollover rollover-zoom dt-pswp-item\" title=\"Pista Mel_5b\" data-dt-img-description=\"\" data-large_image_width=\"1600\" data-large_image_height=\"1015\"href='https:\/\/www.radiopiu.net\/wordpress\/wp-content\/uploads\/2020\/10\/Pista-Mel_5b.jpg'><img loading=\"lazy\" decoding=\"async\" width=\"300\" height=\"190\" src=\"https:\/\/www.radiopiu.net\/wordpress\/wp-content\/uploads\/2020\/10\/Pista-Mel_5b-300x190.jpg\" class=\"attachment-medium size-medium\" alt=\"\" srcset=\"https:\/\/www.radiopiu.net\/wordpress\/wp-content\/uploads\/2020\/10\/Pista-Mel_5b-300x190.jpg 300w, https:\/\/www.radiopiu.net\/wordpress\/wp-content\/uploads\/2020\/10\/Pista-Mel_5b-1024x650.jpg 1024w, https:\/\/www.radiopiu.net\/wordpress\/wp-content\/uploads\/2020\/10\/Pista-Mel_5b-768x487.jpg 768w, https:\/\/www.radiopiu.net\/wordpress\/wp-content\/uploads\/2020\/10\/Pista-Mel_5b-1536x974.jpg 1536w, https:\/\/www.radiopiu.net\/wordpress\/wp-content\/uploads\/2020\/10\/Pista-Mel_5b.jpg 1600w\" sizes=\"auto, (max-width: 300px) 100vw, 300px\" \/><\/a>\n\t\t\t\t<\/dt><\/dl><dl class='gallery-item'>\n\t\t\t\t<dt class='gallery-icon landscape'>\n\t\t\t\t\t<a class=\"rollover rollover-zoom dt-pswp-item\" title=\"Pista Mel_3\" data-dt-img-description=\"\" data-large_image_width=\"1599\" data-large_image_height=\"1200\"href='https:\/\/www.radiopiu.net\/wordpress\/wp-content\/uploads\/2020\/10\/Pista-Mel_3.jpg'><img loading=\"lazy\" decoding=\"async\" width=\"300\" height=\"225\" src=\"https:\/\/www.radiopiu.net\/wordpress\/wp-content\/uploads\/2020\/10\/Pista-Mel_3-300x225.jpg\" class=\"attachment-medium size-medium\" alt=\"\" srcset=\"https:\/\/www.radiopiu.net\/wordpress\/wp-content\/uploads\/2020\/10\/Pista-Mel_3-300x225.jpg 300w, https:\/\/www.radiopiu.net\/wordpress\/wp-content\/uploads\/2020\/10\/Pista-Mel_3-1024x768.jpg 1024w, https:\/\/www.radiopiu.net\/wordpress\/wp-content\/uploads\/2020\/10\/Pista-Mel_3-768x576.jpg 768w, https:\/\/www.radiopiu.net\/wordpress\/wp-content\/uploads\/2020\/10\/Pista-Mel_3-1536x1153.jpg 1536w, https:\/\/www.radiopiu.net\/wordpress\/wp-content\/uploads\/2020\/10\/Pista-Mel_3.jpg 1599w\" sizes=\"auto, (max-width: 300px) 100vw, 300px\" \/><\/a>\n\t\t\t\t<\/dt><\/dl><br style=\"clear: both\" \/>\n\t\t\t<\/div>\n\n<p>&nbsp;<\/p>\n<hr \/>\n<p>&nbsp;<\/p>\n<p>&nbsp;<\/p>\n<blockquote>\n<h3>COLLEZIONE NASCI-FRANZOIA, il giorno dopo<\/h3>\n<\/blockquote>\n<p><strong>FELTRE<\/strong><\/p>\n<p><strong>DI MORENO GIOLI<\/strong><\/p>\n<audio class=\"wp-audio-shortcode\" id=\"audio-169216-5\" preload=\"none\" style=\"width: 100%;\" controls=\"controls\"><source type=\"audio\/mpeg\" src=\"https:\/\/www.radiopiu.net\/wordpress\/wp-content\/uploads\/2020\/10\/MORENO-1.mp3?_=5\" \/><a href=\"https:\/\/www.radiopiu.net\/wordpress\/wp-content\/uploads\/2020\/10\/MORENO-1.mp3\">https:\/\/www.radiopiu.net\/wordpress\/wp-content\/uploads\/2020\/10\/MORENO-1.mp3<\/a><\/audio>\n<p>&nbsp;<\/p>\n\n\t\t\t<style type='text\/css'>\n\t\t\t\t#gallery-3 {\n\t\t\t\t\tmargin: auto;\n\t\t\t\t}\n\t\t\t\t#gallery-3 .gallery-item {\n\t\t\t\t\tfloat: left;\n\t\t\t\t\tmargin-top: 10px;\n\t\t\t\t\ttext-align: center;\n\t\t\t\t\twidth: 33%;\n\t\t\t\t}\n\t\t\t\t#gallery-3 img {\n\t\t\t\t\tborder: 2px solid #cfcfcf;\n\t\t\t\t}\n\t\t\t\t#gallery-3 .gallery-caption {\n\t\t\t\t\tmargin-left: 0;\n\t\t\t\t}\n\t\t\t\t\/* see gallery_shortcode() in wp-includes\/media.php *\/\n\t\t\t<\/style>\n\t\t<div id='gallery-3' class='dt-gallery-container gallery galleryid-169216 gallery-columns-3 gallery-size-thumbnail'><dl class='gallery-item'>\n\t\t\t\t<dt class='gallery-icon landscape'>\n\t\t\t\t\t<a class=\"rollover rollover-zoom dt-pswp-item\" title=\"11df2659-58c1-4a76-9abb-7c2de4919968\" data-dt-img-description=\"\" data-large_image_width=\"1600\" data-large_image_height=\"900\"href='https:\/\/www.radiopiu.net\/wordpress\/wp-content\/uploads\/2020\/10\/11df2659-58c1-4a76-9abb-7c2de4919968.jpg'><img loading=\"lazy\" decoding=\"async\" width=\"150\" height=\"150\" src=\"https:\/\/www.radiopiu.net\/wordpress\/wp-content\/uploads\/2020\/10\/11df2659-58c1-4a76-9abb-7c2de4919968-150x150.jpg\" class=\"attachment-thumbnail size-thumbnail\" alt=\"\" \/><\/a>\n\t\t\t\t<\/dt><\/dl><dl class='gallery-item'>\n\t\t\t\t<dt class='gallery-icon landscape'>\n\t\t\t\t\t<a class=\"rollover rollover-zoom dt-pswp-item\" title=\"a18ed028-a3cc-4cb9-a7a0-b17e3a192ff7\" data-dt-img-description=\"\" data-large_image_width=\"2048\" data-large_image_height=\"1152\"href='https:\/\/www.radiopiu.net\/wordpress\/wp-content\/uploads\/2020\/10\/a18ed028-a3cc-4cb9-a7a0-b17e3a192ff7.jpg'><img loading=\"lazy\" decoding=\"async\" width=\"150\" height=\"150\" src=\"https:\/\/www.radiopiu.net\/wordpress\/wp-content\/uploads\/2020\/10\/a18ed028-a3cc-4cb9-a7a0-b17e3a192ff7-150x150.jpg\" class=\"attachment-thumbnail size-thumbnail\" alt=\"\" \/><\/a>\n\t\t\t\t<\/dt><\/dl><dl class='gallery-item'>\n\t\t\t\t<dt class='gallery-icon landscape'>\n\t\t\t\t\t<a class=\"rollover rollover-zoom dt-pswp-item\" title=\"b9f0fe6a-94b5-4d88-8c6c-d2919199bcc2\" data-dt-img-description=\"\" data-large_image_width=\"2048\" data-large_image_height=\"1152\"href='https:\/\/www.radiopiu.net\/wordpress\/wp-content\/uploads\/2020\/10\/b9f0fe6a-94b5-4d88-8c6c-d2919199bcc2.jpg'><img loading=\"lazy\" decoding=\"async\" width=\"150\" height=\"150\" src=\"https:\/\/www.radiopiu.net\/wordpress\/wp-content\/uploads\/2020\/10\/b9f0fe6a-94b5-4d88-8c6c-d2919199bcc2-150x150.jpg\" class=\"attachment-thumbnail size-thumbnail\" alt=\"\" \/><\/a>\n\t\t\t\t<\/dt><\/dl><br style=\"clear: both\" \/>\n\t\t\t<\/div>\n\n<p>&nbsp;<\/p>\n<p>&nbsp;<\/p>\n<hr \/>\n<p>&nbsp;<\/p>\n<blockquote>\n<h3>&#8220;ASPETTANDO DOMANI&#8221; PRESENTATO IL TRAILER<\/h3>\n<\/blockquote>\n<p><strong><a class=\"dt-pswp-item\" href=\"https:\/\/www.radiopiu.net\/wordpress\/wp-content\/uploads\/2020\/10\/COPERTINA-TRAILER.jpg\" data-dt-img-description=\"\" data-large_image_width=\"2500\" data-large_image_height=\"1391\"><img loading=\"lazy\" decoding=\"async\" class=\"size-medium wp-image-169323 alignleft\" src=\"https:\/\/www.radiopiu.net\/wordpress\/wp-content\/uploads\/2020\/10\/COPERTINA-TRAILER-300x167.jpg\" alt=\"\" width=\"300\" height=\"167\" srcset=\"https:\/\/www.radiopiu.net\/wordpress\/wp-content\/uploads\/2020\/10\/COPERTINA-TRAILER-300x167.jpg 300w, https:\/\/www.radiopiu.net\/wordpress\/wp-content\/uploads\/2020\/10\/COPERTINA-TRAILER-1024x570.jpg 1024w, https:\/\/www.radiopiu.net\/wordpress\/wp-content\/uploads\/2020\/10\/COPERTINA-TRAILER-768x427.jpg 768w, https:\/\/www.radiopiu.net\/wordpress\/wp-content\/uploads\/2020\/10\/COPERTINA-TRAILER-1536x855.jpg 1536w, https:\/\/www.radiopiu.net\/wordpress\/wp-content\/uploads\/2020\/10\/COPERTINA-TRAILER-2048x1140.jpg 2048w\" sizes=\"auto, (max-width: 300px) 100vw, 300px\" \/><\/a>BELLUNO<\/strong>\u00a0 \u00c8 online <span style=\"color: #0000ff;\"><span style=\"color: #000000;\">il trailer del film<\/span><\/span> \u201cAspettando domani\u201d, finanziato dal progetto regionale \u201cDavanti le quinte!\u201d. Il progetto \u00e8 finalizzato alla sensibilizzazione e formazione delle giovani generazioni sulle tematiche della disabilit\u00e0, dell\u2019inclusione e dell\u2019accoglienza delle diversit\u00e0 come componente umana, attraverso l\u2019espressione artistico-teatrale. Il costo complessivo del progetto \u00e8 stato di 19.200 euro, met\u00e0 finanziati dalla Regione Veneto e il resto dal Comune di Belluno e dagli altri enti e sponsor partecipanti.\u00a0 Comune di Belluno, in qualit\u00e0 di ente capofila, ha individuato i soggetti partner tra gli istituti secondari di secondo grado e gli organismi del terzo settore con esperienza pluriennale nel settore teatrale e nel campo della disabilit\u00e0: l\u2019Ufficio scolastico territoriale; l\u2019Istituto Galilei-Tiziano, scuola capofila delle \u201cScuole in rete per un mondo di solidariet\u00e0 e pace\u201d; l\u2019Istituto Catullo; gli \u201cAmici delle scuole in rete per un mondo di solidariet\u00e0 e pace\u201d; il Centro Studi e Ricerche Formarte; le Associazioni Bretelle Lasche e Danzaoltre; la Cooperativa sociale Societ\u00e0 Nuova; l\u2019AICS \u2013 Comitato provinciale di Belluno. <strong>I protagonisti <\/strong>Massimo Ferigutti (autore anche del testo), Laura Portunato, Elena Posocco, Michele Firpo, Riccardo Carbone, Jessica Da Re e Valerio Screminhanno curato la regia, la coreografia, la parte musicale e di recitazione e canto, le riprese ed il montaggio. In scena, i protagonisti principali sono Beatrice Da Tos e Giovanni Svaluto Moreolo, insieme agli altri studenti delle scuole superiori coinvolte e ai giovani con disabilit\u00e0 frequentanti i centri diurni della Cooperativa sociale Societ\u00e0 Nuova.<\/p>\n<h1>LE INTERVISTE<\/h1>\n<p><iframe loading=\"lazy\" title=\"Massimo Ferigutti   Autore e regista film Aspettando Domani\" width=\"1200\" height=\"675\" src=\"https:\/\/www.youtube.com\/embed\/XtyALFHlagA?feature=oembed\" frameborder=\"0\" allow=\"accelerometer; autoplay; clipboard-write; encrypted-media; gyroscope; picture-in-picture\" allowfullscreen><\/iframe><\/p>\n<p><iframe loading=\"lazy\" title=\"Lucia Pellegrini   Assessore politiche sociali   Film Aspettando Domani\" width=\"1200\" height=\"675\" src=\"https:\/\/www.youtube.com\/embed\/R5LmIsvY3-Q?feature=oembed\" frameborder=\"0\" allow=\"accelerometer; autoplay; clipboard-write; encrypted-media; gyroscope; picture-in-picture\" allowfullscreen><\/iframe><\/p>\n<h1>IL TRAILER<\/h1>\n<p><iframe loading=\"lazy\" title=\"Trailer film Aspettando Domani\" width=\"1200\" height=\"675\" src=\"https:\/\/www.youtube.com\/embed\/x_MBLn7DGJw?feature=oembed\" frameborder=\"0\" allow=\"accelerometer; autoplay; clipboard-write; encrypted-media; gyroscope; picture-in-picture\" allowfullscreen><\/iframe><\/p>\n<p>&nbsp;<\/p>\n<p>&nbsp;<\/p>\n<hr \/>\n<p>&nbsp;<\/p>\n<p>&nbsp;<\/p>\n<h3>DONO DEL SANGUE, DONO DI VITA DELLA SEZIONE ATTILIO MAROGNA<\/h3>\n<h3>di RENATO BONA<\/h3>\n<p><strong>LONGARONE<\/strong> In occasione dei primi cinquant\u2019anni della Sezione Abvs \u201cAttilio Marogna di Longarone, Castellavazzo ed Ospitale di Cadore (sede nella via Roma 56 di Longarone, recapiti telefonici 0437-771236 e 338-1950511, indirizzo e-mail: ritamarogna@gmail.com), nel settembre del 2001 era stato stampato (Grafiche Longaronesi snc) col contributo di Cariverona banca spa un libretto di cinquanta pagine (coordinamento editoriale di Dino Bridda), intitolato \u201cDono del sangue. Dono di vita\u201d . Nella presentazione si evidenziava l\u2019importante traguardo del cinquantennale che \u201cmeritava di essere ricordato anche con la forza delle parole e delle immagini racchiuse nelle pagine seguenti\u201d certamente non per ostentazione del lavoro fatto dato che \u201cil volontariato vero rifugge dalle autocelebrazioni e dalla ricerca di riconoscimenti, ma, soprattutto, per rendere omaggio proprio all\u2019opera oscura, silenziosa e discreta di tanti volontari che dal 1951 ad oggi hanno reso possibile la bella avventura di questa sezione di donatori di sangue\u201d ed essere testimonianza della vivacit\u00e0 del volontariato locale e stimolo di riflessione per tutti coloro i quali volessero avere un primo approccio col mondo della donazione: non \u00e8 mai troppo tardi!\u201d. Nella prefazione, il segretario dell\u2019epoca, Aldo Barbariol, spiegava che per dirigenti ed iscritti alla sezione \u201c\u00e8 senza dubbio motivo d\u2019orgoglio, ma anche di intima soddisfazione, aver raggiunto il prestigioso traguardo dei cinquant\u2019anni di attivit\u00e0\u201d sottolineando che \u201cCelebriamo tale ricorrenza assieme agli amici delle sezioni di Belluno e Sedico; chi ci precedette, infatti, fu tra i fondatori dell\u2019Associazione bellunese volontari del sangue nel lontano mese di agosto 1951\u201d. Dopo gli interventi dei sindaci di Longarone, Pierluigi De Cesero (\u201cContinuate a fare del bene\u201d), di Castellavazzo, Giorgio Roccon (\u201cUn impegno morale che va riconosciuto\u201d), di Ospitale di Cadore, Giordano Zanvettor (\u201cUn auspicio di crescita\u201d), la pubblicazione proponeva \u201cCinquant\u2019anni di sangue versato per la vita\u201d, storia scritta da Gioacchino Bratti e Dino Bridda, articolata in vari capitoletti: \u201cNello spirito della rinascita nacque l\u2019Abvs\u201d, \u201cLongarone fu tra le prime tre sezioni\u201d, \u201cDopo il 9 ottobre 1963 si riparte di nuovo\u201d, \u201cL\u2019impulso e la guida di Attilio Marogna\u201d, \u201cAl traguardo dei cinquant\u2019anni\u201d, \u201cUn auspicio per il futuro\u201d, cui fanno seguito alcune apprezzabili testimonianze: don Luciano Saviane, arciprete di Longarone: \u201cUn gesto normale\u201d; don Giuseppe Capraro: \u201cUn grappolo familiare aperto alla donazione del sangue\u201d; Franco De Mattia: \u201cQuella prima volta\u201d; Roberto Padrin (oggi sindaco di Longarone nonch\u00e9 presidente della Provincia di Belluno \u2013 ndr.) : \u201cIo donatore\u201d; Rita Marogna; \u201cRicordo di pap\u00e0\u201d (giustamente orgogliosa annota fra l\u2019altro: \u201cPosso solo affermare che mio padre, per me, ma non solo per me \u00e8 stato \u2018grande\u2019, buono, onesto e soprattutto generoso!\u201d e quindi: \u201c\u2026 Leggo e rileggo i diplomi che via via, negli anni ti sono stati dati come riconoscimento: 1963 medaglia di bronzo, 1965 medaglia d\u2019argento, 1975 medaglia e distintivo d\u2019oro, 30 ottobre 1977 croce d\u2019oro: una delle poche, in quegli anni, in provincia! Ne eri proprio fiero, ed io, e noi, e mamma e Ezio e Luigi e tutti i \u2018tuoi\u2019 associati, con te!..\u201d). E a proposito di Rita Marogna, attuale segretaria della Sezione, che ringraziamo per la cortese collaborazione, dobbiamo doverosamente ricordare che guida dal 2009 il benemerito sodalizio che \u00e8 intitolato al padre Attilio, gi\u00e0 membro di Abvs prima del disastro del Vajont. Le abbiamo posto alcune domande ed ha tenuto a ricordare innanzi tutto che l\u2019intitolazione era stata decisa dal consiglio in carica nel 1966. Una volta ricostituita la Sezione dopo la catastrofe del 9 ottobre 1963 Marogna ne fu segretario per qualcosa come un trentennio. Onore al merito! Oggi, la \u201cAttilio Marogna, come detto, \u00e8 guidata dalla figlia di cotanto padre, coadiuvata da un vice segretario, attualmente \u00e8 Andrea Avoledo, da un cassiere (Adelia Bortoluzzi) e da un consiglio, pi\u00f9 propriamente definito Comitato di sezione di otto membri: Roberto Cappellari, Donatella Capraro, Gabriele De Bona, Elena De Col, Domenica De Lorenzi, Virginia Olivier, Massimiliano Zamparutti e Nicola De Cesero. Sia il segretario che il comitato di sezione restano in carica per un quadriennio dunque il rinnovo delle cariche avverr\u00e0 nel prossimo anno. Gli iscritti? Alla domanda Rita Marogna puntualizza: i donatori sono 234 dei quali 156 maschi e 78 femmine secondo i dati aggiornati al 31 agosto di quest\u2019anno; quanto alle donazioni, al 31 dicembre 2019 queste risultavano essere state 425. Congedandosi, la signora Marogna tiene a ripetere anche all\u2019autore di queste note \u201cUna frase che rivolgo a quanti si ritrovano ad essere \u2018ex donatori\u2019 per raggiunti limiti di et\u00e0 oppure per motivi di salute o altri: si \u00e8 donatori per sempre! Lo spirito di generosit\u00e0, infatti, non si esaurisce, quindi non rammarichiamoci!\u201d.<\/p>\n\n\t\t\t<style type='text\/css'>\n\t\t\t\t#gallery-4 {\n\t\t\t\t\tmargin: auto;\n\t\t\t\t}\n\t\t\t\t#gallery-4 .gallery-item {\n\t\t\t\t\tfloat: left;\n\t\t\t\t\tmargin-top: 10px;\n\t\t\t\t\ttext-align: center;\n\t\t\t\t\twidth: 16%;\n\t\t\t\t}\n\t\t\t\t#gallery-4 img {\n\t\t\t\t\tborder: 2px solid #cfcfcf;\n\t\t\t\t}\n\t\t\t\t#gallery-4 .gallery-caption {\n\t\t\t\t\tmargin-left: 0;\n\t\t\t\t}\n\t\t\t\t\/* see gallery_shortcode() in wp-includes\/media.php *\/\n\t\t\t<\/style>\n\t\t<div id='gallery-4' class='dt-gallery-container gallery galleryid-169216 gallery-columns-6 gallery-size-thumbnail'><dl class='gallery-item'>\n\t\t\t\t<dt class='gallery-icon portrait'>\n\t\t\t\t\t<a class=\"rollover\" href='https:\/\/www.radiopiu.net\/wordpress\/dono-del-sangue-dono-di-vita-della-sezione-attilio-marogna-di-renato-bona\/123201920_2875562742671770_4502802916009895877_n\/'><img loading=\"lazy\" decoding=\"async\" width=\"150\" height=\"150\" src=\"https:\/\/www.radiopiu.net\/wordpress\/wp-content\/uploads\/2020\/10\/123201920_2875562742671770_4502802916009895877_n-150x150.jpg\" class=\"attachment-thumbnail size-thumbnail\" alt=\"\" \/><\/a>\n\t\t\t\t<\/dt><\/dl><dl class='gallery-item'>\n\t\t\t\t<dt class='gallery-icon portrait'>\n\t\t\t\t\t<a class=\"rollover\" href='https:\/\/www.radiopiu.net\/wordpress\/dono-del-sangue-dono-di-vita-della-sezione-attilio-marogna-di-renato-bona\/122706566_1303761459969800_5809708778853143551_n\/'><img loading=\"lazy\" decoding=\"async\" width=\"150\" height=\"150\" src=\"https:\/\/www.radiopiu.net\/wordpress\/wp-content\/uploads\/2020\/10\/122706566_1303761459969800_5809708778853143551_n-150x150.jpg\" class=\"attachment-thumbnail size-thumbnail\" alt=\"\" \/><\/a>\n\t\t\t\t<\/dt><\/dl><dl class='gallery-item'>\n\t\t\t\t<dt class='gallery-icon landscape'>\n\t\t\t\t\t<a class=\"rollover\" href='https:\/\/www.radiopiu.net\/wordpress\/dono-del-sangue-dono-di-vita-della-sezione-attilio-marogna-di-renato-bona\/123196791_3022700527830376_814469902677499433_n\/'><img loading=\"lazy\" decoding=\"async\" width=\"150\" height=\"150\" src=\"https:\/\/www.radiopiu.net\/wordpress\/wp-content\/uploads\/2020\/10\/123196791_3022700527830376_814469902677499433_n-150x150.jpg\" class=\"attachment-thumbnail size-thumbnail\" alt=\"\" \/><\/a>\n\t\t\t\t<\/dt><\/dl><dl class='gallery-item'>\n\t\t\t\t<dt class='gallery-icon landscape'>\n\t\t\t\t\t<a class=\"rollover\" href='https:\/\/www.radiopiu.net\/wordpress\/dono-del-sangue-dono-di-vita-della-sezione-attilio-marogna-di-renato-bona\/123206429_3908848515811821_7059429168655916283_n\/'><img loading=\"lazy\" decoding=\"async\" width=\"150\" height=\"150\" src=\"https:\/\/www.radiopiu.net\/wordpress\/wp-content\/uploads\/2020\/10\/123206429_3908848515811821_7059429168655916283_n-150x150.jpg\" class=\"attachment-thumbnail size-thumbnail\" alt=\"\" \/><\/a>\n\t\t\t\t<\/dt><\/dl><dl class='gallery-item'>\n\t\t\t\t<dt class='gallery-icon landscape'>\n\t\t\t\t\t<a class=\"rollover\" href='https:\/\/www.radiopiu.net\/wordpress\/dono-del-sangue-dono-di-vita-della-sezione-attilio-marogna-di-renato-bona\/122776121_349687496318002_5753467573166828727_n\/'><img loading=\"lazy\" decoding=\"async\" width=\"150\" height=\"150\" src=\"https:\/\/www.radiopiu.net\/wordpress\/wp-content\/uploads\/2020\/10\/122776121_349687496318002_5753467573166828727_n-150x150.jpg\" class=\"attachment-thumbnail size-thumbnail\" alt=\"\" \/><\/a>\n\t\t\t\t<\/dt><\/dl><dl class='gallery-item'>\n\t\t\t\t<dt class='gallery-icon landscape'>\n\t\t\t\t\t<a class=\"rollover\" href='https:\/\/www.radiopiu.net\/wordpress\/dono-del-sangue-dono-di-vita-della-sezione-attilio-marogna-di-renato-bona\/123183973_346300839934130_6377612348496789431_n\/'><img loading=\"lazy\" decoding=\"async\" width=\"150\" height=\"150\" src=\"https:\/\/www.radiopiu.net\/wordpress\/wp-content\/uploads\/2020\/10\/123183973_346300839934130_6377612348496789431_n-150x150.jpg\" class=\"attachment-thumbnail size-thumbnail\" alt=\"\" \/><\/a>\n\t\t\t\t<\/dt><\/dl><br style=\"clear: both\" \/><dl class='gallery-item'>\n\t\t\t\t<dt class='gallery-icon landscape'>\n\t\t\t\t\t<a class=\"rollover\" href='https:\/\/www.radiopiu.net\/wordpress\/dono-del-sangue-dono-di-vita-della-sezione-attilio-marogna-di-renato-bona\/123137742_3385969758146666_5940390110345137761_n\/'><img loading=\"lazy\" decoding=\"async\" width=\"150\" height=\"150\" src=\"https:\/\/www.radiopiu.net\/wordpress\/wp-content\/uploads\/2020\/10\/123137742_3385969758146666_5940390110345137761_n-150x150.jpg\" class=\"attachment-thumbnail size-thumbnail\" alt=\"\" \/><\/a>\n\t\t\t\t<\/dt><\/dl><dl class='gallery-item'>\n\t\t\t\t<dt class='gallery-icon landscape'>\n\t\t\t\t\t<a class=\"rollover\" href='https:\/\/www.radiopiu.net\/wordpress\/dono-del-sangue-dono-di-vita-della-sezione-attilio-marogna-di-renato-bona\/123141291_281002203115069_5585962129842968334_n\/'><img loading=\"lazy\" decoding=\"async\" width=\"150\" height=\"150\" src=\"https:\/\/www.radiopiu.net\/wordpress\/wp-content\/uploads\/2020\/10\/123141291_281002203115069_5585962129842968334_n-150x150.jpg\" class=\"attachment-thumbnail size-thumbnail\" alt=\"\" \/><\/a>\n\t\t\t\t<\/dt><\/dl><dl class='gallery-item'>\n\t\t\t\t<dt class='gallery-icon landscape'>\n\t\t\t\t\t<a class=\"rollover\" href='https:\/\/www.radiopiu.net\/wordpress\/dono-del-sangue-dono-di-vita-della-sezione-attilio-marogna-di-renato-bona\/123136918_1488863024834588_8399339491156414809_n\/'><img loading=\"lazy\" decoding=\"async\" width=\"150\" height=\"150\" src=\"https:\/\/www.radiopiu.net\/wordpress\/wp-content\/uploads\/2020\/10\/123136918_1488863024834588_8399339491156414809_n-150x150.jpg\" class=\"attachment-thumbnail size-thumbnail\" alt=\"\" \/><\/a>\n\t\t\t\t<\/dt><\/dl><dl class='gallery-item'>\n\t\t\t\t<dt class='gallery-icon landscape'>\n\t\t\t\t\t<a class=\"rollover\" href='https:\/\/www.radiopiu.net\/wordpress\/dono-del-sangue-dono-di-vita-della-sezione-attilio-marogna-di-renato-bona\/123248812_3398614980193025_4430496361488181581_n\/'><img loading=\"lazy\" decoding=\"async\" width=\"150\" height=\"150\" src=\"https:\/\/www.radiopiu.net\/wordpress\/wp-content\/uploads\/2020\/10\/123248812_3398614980193025_4430496361488181581_n-150x150.jpg\" class=\"attachment-thumbnail size-thumbnail\" alt=\"\" \/><\/a>\n\t\t\t\t<\/dt><\/dl><dl class='gallery-item'>\n\t\t\t\t<dt class='gallery-icon landscape'>\n\t\t\t\t\t<a class=\"rollover\" href='https:\/\/www.radiopiu.net\/wordpress\/dono-del-sangue-dono-di-vita-della-sezione-attilio-marogna-di-renato-bona\/123245873_1332848007050344_8866895014226103823_n\/'><img loading=\"lazy\" decoding=\"async\" width=\"150\" height=\"150\" src=\"https:\/\/www.radiopiu.net\/wordpress\/wp-content\/uploads\/2020\/10\/123245873_1332848007050344_8866895014226103823_n-150x150.jpg\" class=\"attachment-thumbnail size-thumbnail\" alt=\"\" \/><\/a>\n\t\t\t\t<\/dt><\/dl><dl class='gallery-item'>\n\t\t\t\t<dt class='gallery-icon landscape'>\n\t\t\t\t\t<a class=\"rollover\" href='https:\/\/www.radiopiu.net\/wordpress\/dono-del-sangue-dono-di-vita-della-sezione-attilio-marogna-di-renato-bona\/123259675_1027541280991241_2082067980549848159_n\/'><img loading=\"lazy\" decoding=\"async\" width=\"150\" height=\"150\" src=\"https:\/\/www.radiopiu.net\/wordpress\/wp-content\/uploads\/2020\/10\/123259675_1027541280991241_2082067980549848159_n-150x150.jpg\" class=\"attachment-thumbnail size-thumbnail\" alt=\"\" \/><\/a>\n\t\t\t\t<\/dt><\/dl><br style=\"clear: both\" \/>\n\t\t\t<\/div>\n\n<p>NELLE FOTO (riproduzioni dal libretto \u201cDono del sangue Dono di vita\u201d): la copertina della pubblicazione coordinata da Dino Bridda; lo scomparso Attilio Marogna, segretario della sezione Abvs per trent\u2019anni; incontro conviviale tra donatori nel luglio 1963, prima del Vajont; anche le donatrici a convivio; cena sociale della sezione con in primo piano il gruppo di Igne sempre attivo; anno 1968: gruppo in posa col labaro davanti al Municipio di Longarone; il presidente dell\u2019Abvs provinciale dott. Valentino Del Fabbro si congratula con Attilio Marogna alla cerimonia per la consegna di benemerenze al merito trasfusionale; il gruppo di Ospitale di Cadore; cerimonia di inaugurazione del labaro sezionale; la presidente Abvs Gina Bortot consegna la benemerenza ad Adelia Bortoluzzi, sulla destra il segretario sezionale Aldo Barbariol; foto di gruppo per donatori: la sezione \u00e8 appena risorta dopo la catastrofe del Vajont.<\/p>\n<p>&nbsp;<\/p>\n<p>&nbsp;<\/p>\n<hr \/>\n<p>&nbsp;<\/p>\n<blockquote>\n<h3>I MEDICI DI MEDICINA GENERALE DA NOVEMBRE VACCINERANNO ANCHE LE PERSONE A RISCHIO<\/h3>\n<\/blockquote>\n<p><strong><a class=\"dt-pswp-item\" href=\"https:\/\/www.radiopiu.net\/wordpress\/wp-content\/uploads\/2020\/06\/vaccino.jpg\" data-dt-img-description=\"\" data-large_image_width=\"1920\" data-large_image_height=\"1280\"><img loading=\"lazy\" decoding=\"async\" class=\" wp-image-143923 alignleft\" src=\"https:\/\/www.radiopiu.net\/wordpress\/wp-content\/uploads\/2020\/06\/vaccino-300x200.jpg\" alt=\"\" width=\"198\" height=\"132\" srcset=\"https:\/\/www.radiopiu.net\/wordpress\/wp-content\/uploads\/2020\/06\/vaccino-300x200.jpg 300w, https:\/\/www.radiopiu.net\/wordpress\/wp-content\/uploads\/2020\/06\/vaccino-1024x683.jpg 1024w, https:\/\/www.radiopiu.net\/wordpress\/wp-content\/uploads\/2020\/06\/vaccino-768x512.jpg 768w, https:\/\/www.radiopiu.net\/wordpress\/wp-content\/uploads\/2020\/06\/vaccino-1536x1024.jpg 1536w, https:\/\/www.radiopiu.net\/wordpress\/wp-content\/uploads\/2020\/06\/vaccino.jpg 1920w\" sizes=\"auto, (max-width: 198px) 100vw, 198px\" \/><\/a>BELLUNO\u00a0<\/strong>Da novembre partir\u00e0 la vaccinazione dei soggetti affetti da patologie croniche, donne gravide, addetti ai servizi essenziali e altre categorie a rischio a cura dei Medici di Medicina Generale e dei Pediatri di Libera Scelta. Procede spedita la campagna vaccinale contro l\u2019influenza. Le persone tra i 60 e i 64 anni che devono ancora vaccinarsi o necessitano di spostare l\u2019appuntamento dato possono scrivere a <a href=\"mailto:vaccinazioni.bl@aulss1.veneto.it\">vaccinazioni.bl@aulss1.veneto.it<\/a>.<\/p>\n<p>&nbsp;<\/p>\n<p>&nbsp;<\/p>\n<p>&nbsp;<\/p>\n<hr \/>\n<p>&nbsp;<\/p>\n<blockquote>\n<h3>CONCORSO PUBBLICO PER L&#8217;ASSUNZIONE DI UN ISTRUTTORE TECNICO E UN AGENTE DI POLIZIA LOCALE<\/h3>\n<\/blockquote>\n<p><strong>PEDAVENA<\/strong> Concorso pubblico per l&#8217;assunzione a tempo indeterminato e pieno di un istruttore tecnico categoria C1 presso l\u2019Area Tecnica del Comune di Pedavena, presso lo stesso Comune altro concorso per l&#8217;assunzione a tempo indeterminato e pieno di un Agente di Polizia Locale categoria C1.\u00a0 Le domande di partecipazione dovranno pervenire all&#8217;ufficio protocollo dell&#8217;Unione Montana Feltrina. Informazioni sul sito istituzionale dell&#8217;ente.\u00a0 Termine di scadenza per la presentazione delle domande alle 12 del\u00a0 10 dicembre.<\/p>\n<p>&nbsp;<\/p>\n<div><\/div>\n<div><\/div>\n<p>&nbsp;<\/p>\n<hr \/>\n<p>&nbsp;<\/p>\n<div class=\"im_message_wrap clearfix\">\n<div class=\"im_content_message_wrap im_message_out\">\n<h2><span style=\"color: #ff0000;\">IERI ALLA RADIO<\/span><\/h2>\n<p><strong>IL RITORNO DI IN VIVO VERSO, LA SESTA STAGIONE, SECONDA SETTIMANA DA UN&#8217;IDEA DI BRUNELLA MORO:\u00a0<\/strong><\/p>\n<p><strong><span style=\"color: #0000ff;\">IN ONDA DAL LUNEDI AL VENERDI ALLE 7.10, 10.10, 18.50<\/span><\/strong><\/p>\n<\/div>\n<\/div>\n<blockquote class=\"wp-embedded-content\" data-secret=\"JWF1Y1oI3G\"><p><a href=\"https:\/\/www.radiopiu.net\/wordpress\/libero-di-andare-di-ilaria-colangeli\/\">LIBERO DI ANDARE di ILARIA COLANGELI<\/a><\/p><\/blockquote>\n<p><iframe loading=\"lazy\" class=\"wp-embedded-content\" sandbox=\"allow-scripts\" security=\"restricted\" style=\"position: absolute; clip: rect(1px, 1px, 1px, 1px);\" title=\"&#8220;LIBERO DI ANDARE di ILARIA COLANGELI&#8221; &#8212; Radio Pi\u00f9\" src=\"https:\/\/www.radiopiu.net\/wordpress\/libero-di-andare-di-ilaria-colangeli\/embed\/#?secret=JWF1Y1oI3G\" data-secret=\"JWF1Y1oI3G\" width=\"600\" height=\"338\" frameborder=\"0\" marginwidth=\"0\" marginheight=\"0\" scrolling=\"no\"><\/iframe><\/p>\n<p><strong><span style=\"font-family: Verdana, sans-serif;\"><span style=\"font-size: medium;\">LA RACCOLTA COMPLETA, TUTTE LE COLLEZIONI<\/span><\/span><\/strong><\/p>\n<blockquote><p>&nbsp;<\/p><\/blockquote>\n<blockquote class=\"wp-embedded-content\" data-secret=\"4iteyi8YPR\"><p><a href=\"https:\/\/www.radiopiu.net\/wordpress\/in-vivo-verso\/\">In Vivo Verso<\/a><\/p><\/blockquote>\n<p><iframe loading=\"lazy\" class=\"wp-embedded-content\" sandbox=\"allow-scripts\" security=\"restricted\" style=\"position: absolute; clip: rect(1px, 1px, 1px, 1px);\" title=\"&#8220;In Vivo Verso&#8221; &#8212; Radio Pi\u00f9\" src=\"https:\/\/www.radiopiu.net\/wordpress\/in-vivo-verso\/embed\/#?secret=4iteyi8YPR\" data-secret=\"4iteyi8YPR\" width=\"600\" height=\"338\" frameborder=\"0\" marginwidth=\"0\" marginheight=\"0\" scrolling=\"no\"><\/iframe><\/p>\n<p>&nbsp;<\/p>\n<hr \/>\n<p>&nbsp;<\/p>\n<p><a class=\"dt-pswp-item\" href=\"https:\/\/www.radiopiu.net\/wordpress\/wp-content\/uploads\/2018\/09\/appuntamenti.jpeg\" data-dt-img-description=\"\" data-large_image_width=\"800\" data-large_image_height=\"100\"><img loading=\"lazy\" decoding=\"async\" class=\"aligncenter wp-image-61958 size-full\" src=\"https:\/\/www.radiopiu.net\/wordpress\/wp-content\/uploads\/2018\/09\/appuntamenti.jpeg\" alt=\"\" width=\"800\" height=\"100\" srcset=\"https:\/\/www.radiopiu.net\/wordpress\/wp-content\/uploads\/2018\/09\/appuntamenti.jpeg 800w, https:\/\/www.radiopiu.net\/wordpress\/wp-content\/uploads\/2018\/09\/appuntamenti-300x38.jpeg 300w, https:\/\/www.radiopiu.net\/wordpress\/wp-content\/uploads\/2018\/09\/appuntamenti-768x96.jpeg 768w\" sizes=\"auto, (max-width: 800px) 100vw, 800px\" \/><\/a><\/p>\n<div><\/div>\n<div>\n<blockquote>\n<h3><\/h3>\n<h3><a class=\"dt-pswp-item\" href=\"https:\/\/www.radiopiu.net\/wordpress\/wp-content\/uploads\/2020\/10\/122934875_3224081514384665_7740501492426689334_n.jpg\" data-dt-img-description=\"\" data-large_image_width=\"473\" data-large_image_height=\"800\"><img loading=\"lazy\" decoding=\"async\" class=\"wp-image-168937 alignleft\" src=\"https:\/\/www.radiopiu.net\/wordpress\/wp-content\/uploads\/2020\/10\/122934875_3224081514384665_7740501492426689334_n-177x300.jpg\" alt=\"\" width=\"87\" height=\"147\" srcset=\"https:\/\/www.radiopiu.net\/wordpress\/wp-content\/uploads\/2020\/10\/122934875_3224081514384665_7740501492426689334_n-177x300.jpg 177w, https:\/\/www.radiopiu.net\/wordpress\/wp-content\/uploads\/2020\/10\/122934875_3224081514384665_7740501492426689334_n.jpg 473w\" sizes=\"auto, (max-width: 87px) 100vw, 87px\" \/><\/a>\u00a0IL MESSAGGIO DEGLI AMICI DELLA PIAZZA DI GOSALDO<\/h3>\n<\/blockquote>\n<div class=\"o9v6fnle cxmmr5t8 oygrvhab hcukyx3x c1et5uql ii04i59q\">\n<div dir=\"auto\">Volevamo informarvi che a causa del recente aumento delle restrizioni dovute all&#8217;emergenza Covid siamo stati costretti ad annullare le nostre iniziative autunnali.\u00a0 Speriamo che al pi\u00f9 presto la situazione migliori e a tal fine vi raccomandiamo anche noi di rispettare le disposizioni del governo e ad indossare la\u00a0 mascherina \u00a0per preservare voi stessi e gli altri. Se ci impegniamo tutti ce la faremo<\/div>\n<\/div>\n<blockquote><p>&nbsp;<\/p><\/blockquote>\n<p>&nbsp;<\/p>\n<hr \/>\n<p>&nbsp;<\/p>\n<blockquote>\n<h3 class=\"articlePlainSubHead\"><a class=\"dt-pswp-item\" href=\"https:\/\/www.radiopiu.net\/wordpress\/wp-content\/uploads\/2020\/02\/Manuel_Conedera.jpg\" data-dt-img-description=\"\" data-large_image_width=\"512\" data-large_image_height=\"512\"><img loading=\"lazy\" decoding=\"async\" class=\"wp-image-119145 alignleft\" src=\"https:\/\/www.radiopiu.net\/wordpress\/wp-content\/uploads\/2020\/02\/Manuel_Conedera-300x300.jpg\" alt=\"\" width=\"98\" height=\"98\" srcset=\"https:\/\/www.radiopiu.net\/wordpress\/wp-content\/uploads\/2020\/02\/Manuel_Conedera-300x300.jpg 300w, https:\/\/www.radiopiu.net\/wordpress\/wp-content\/uploads\/2020\/02\/Manuel_Conedera-150x150.jpg 150w, https:\/\/www.radiopiu.net\/wordpress\/wp-content\/uploads\/2020\/02\/Manuel_Conedera.jpg 512w\" sizes=\"auto, (max-width: 98px) 100vw, 98px\" \/><\/a>NUOVO STATUTO PER IL GAMP<\/h3>\n<\/blockquote>\n<div><strong>AGORDO<\/strong>\u00a0 Il presidente del Gruppo agordino mineralogico e palentologico, Manuel Conedera, ha convocato l&#8217;assemblea dei soci per domani alle 17 nella sala della biblioteca civica di Agordo. <em>\u00abL&#8217;adeguamento alla nuova normativa\u00bb, dice il presidente Conedera, \u00abci obbliga ad approvare entro la fine di ottobre un nuovo statuto sociale fondamentale per il riconoscimento della associazione Gamp come associazione Associazione di promozione sociale\u00bb.<\/em><\/div>\n<\/div>\n<div>\n<p>&nbsp;<\/p>\n<\/div>\n<hr \/>\n<p>&nbsp;<\/p>\n<p>&nbsp;<\/p>\n<p>&nbsp;<\/p>\n<h2><span style=\"color: #ff0000;\">IERI ALLA RADIO<\/span><\/h2>\n<h2><a class=\"dt-pswp-item\" href=\"https:\/\/www.radiopiu.net\/wordpress\/wp-content\/uploads\/2019\/02\/Logo_Spi-CGIL-800x445.jpg\" data-dt-img-description=\"\" data-large_image_width=\"800\" data-large_image_height=\"445\"><img loading=\"lazy\" decoding=\"async\" class=\"size-medium wp-image-75538 alignleft\" src=\"https:\/\/www.radiopiu.net\/wordpress\/wp-content\/uploads\/2019\/02\/Logo_Spi-CGIL-800x445-300x167.jpg\" alt=\"\" width=\"300\" height=\"167\" srcset=\"https:\/\/www.radiopiu.net\/wordpress\/wp-content\/uploads\/2019\/02\/Logo_Spi-CGIL-800x445-300x167.jpg 300w, https:\/\/www.radiopiu.net\/wordpress\/wp-content\/uploads\/2019\/02\/Logo_Spi-CGIL-800x445-768x427.jpg 768w, https:\/\/www.radiopiu.net\/wordpress\/wp-content\/uploads\/2019\/02\/Logo_Spi-CGIL-800x445.jpg 800w\" sizes=\"auto, (max-width: 300px) 100vw, 300px\" \/><\/a><span style=\"color: #ff0000;\">SPECIALE SPI CGIL<\/span><\/h2>\n<p><strong>di Claudio Fontanive\u00a0<\/strong><\/p>\n<p>OSPITE: Maria Rita Gentilin<\/p>\n<audio class=\"wp-audio-shortcode\" id=\"audio-169216-6\" preload=\"none\" style=\"width: 100%;\" controls=\"controls\"><source type=\"audio\/mpeg\" src=\"https:\/\/www.radiopiu.net\/wordpress\/wp-content\/uploads\/2020\/10\/spi-cgil-29-ottobre.mp3?_=6\" \/><a href=\"https:\/\/www.radiopiu.net\/wordpress\/wp-content\/uploads\/2020\/10\/spi-cgil-29-ottobre.mp3\">https:\/\/www.radiopiu.net\/wordpress\/wp-content\/uploads\/2020\/10\/spi-cgil-29-ottobre.mp3<\/a><\/audio>\n<p>&nbsp;<\/p>\n<hr \/>\n<p>&nbsp;<\/p>\n<h2><span style=\"color: #808000;\">DUE MINUTI UN LIBRO\u00a0\u00a0<\/span><\/h2>\n<blockquote class=\"wp-embedded-content\" data-secret=\"U6GuAhcimS\"><p><a href=\"https:\/\/www.radiopiu.net\/wordpress\/lappello-2\/\">L&#8217;APPELLO<\/a><\/p><\/blockquote>\n<p><iframe loading=\"lazy\" class=\"wp-embedded-content\" sandbox=\"allow-scripts\" security=\"restricted\" style=\"position: absolute; clip: rect(1px, 1px, 1px, 1px);\" title=\"&#8220;L&#8217;APPELLO&#8221; &#8212; Radio Pi\u00f9\" src=\"https:\/\/www.radiopiu.net\/wordpress\/lappello-2\/embed\/#?secret=U6GuAhcimS\" data-secret=\"U6GuAhcimS\" width=\"600\" height=\"338\" frameborder=\"0\" marginwidth=\"0\" marginheight=\"0\" scrolling=\"no\"><\/iframe><\/p>\n<h2>LA RACCOLTA COMPLETA<\/h2>\n<p>&nbsp;<\/p>\n<blockquote class=\"wp-embedded-content\" data-secret=\"In93sQbtw9\"><p><a href=\"https:\/\/www.radiopiu.net\/wordpress\/due-minuti-un-libro\/\">Due minuti un libro<\/a><\/p><\/blockquote>\n<p><iframe loading=\"lazy\" class=\"wp-embedded-content\" sandbox=\"allow-scripts\" security=\"restricted\" style=\"position: absolute; clip: rect(1px, 1px, 1px, 1px);\" title=\"&#8220;Due minuti un libro&#8221; &#8212; Radio Pi\u00f9\" src=\"https:\/\/www.radiopiu.net\/wordpress\/due-minuti-un-libro\/embed\/#?secret=In93sQbtw9\" data-secret=\"In93sQbtw9\" width=\"600\" height=\"338\" frameborder=\"0\" marginwidth=\"0\" marginheight=\"0\" scrolling=\"no\"><\/iframe><\/p>\n<p>&nbsp;<\/p>\n<p>&nbsp;<\/p>\n<hr \/>\n<p>&nbsp;<\/p>\n<div>\n<h2><span style=\"color: #33cccc;\">I RACCONTI DI PAOLO SOPPELSA il lunedi alle 9.30 e 18.30<\/span><\/h2>\n<h2><span style=\"color: #33cccc;\"><strong>LA RACCOLTA COMPLETA<\/strong><\/span><\/h2>\n<blockquote class=\"wp-embedded-content\" data-secret=\"rwnjCUTNhh\"><p><a href=\"https:\/\/www.radiopiu.net\/wordpress\/i-racconti-di-paolo-soppelsa\/\">I racconti di Paolo Soppelsa<\/a><\/p><\/blockquote>\n<p><iframe loading=\"lazy\" class=\"wp-embedded-content\" sandbox=\"allow-scripts\" security=\"restricted\" style=\"position: absolute; clip: rect(1px, 1px, 1px, 1px);\" title=\"&#8220;I racconti di Paolo Soppelsa&#8221; &#8212; Radio Pi\u00f9\" src=\"https:\/\/www.radiopiu.net\/wordpress\/i-racconti-di-paolo-soppelsa\/embed\/#?secret=rwnjCUTNhh\" data-secret=\"rwnjCUTNhh\" width=\"600\" height=\"338\" frameborder=\"0\" marginwidth=\"0\" marginheight=\"0\" scrolling=\"no\"><\/iframe><\/p>\n<\/div>\n<p>&nbsp;<\/p>\n<hr \/>\n<p>&nbsp;<\/p>\n<h2><strong>LE\u00a0 PUNTATE di Luisa Alchini<\/strong><\/h2>\n<blockquote class=\"wp-embedded-content\" data-secret=\"l4jbKRnTNY\"><p><a href=\"https:\/\/www.radiopiu.net\/wordpress\/leggermente-20\/\">LEGGERmente&#8230;Bellunesi<\/a><\/p><\/blockquote>\n<p><iframe loading=\"lazy\" class=\"wp-embedded-content\" sandbox=\"allow-scripts\" security=\"restricted\" style=\"position: absolute; clip: rect(1px, 1px, 1px, 1px);\" title=\"&#8220;LEGGERmente&#8230;Bellunesi&#8221; &#8212; Radio Pi\u00f9\" src=\"https:\/\/www.radiopiu.net\/wordpress\/leggermente-20\/embed\/#?secret=l4jbKRnTNY\" data-secret=\"l4jbKRnTNY\" width=\"600\" height=\"338\" frameborder=\"0\" marginwidth=\"0\" marginheight=\"0\" scrolling=\"no\"><\/iframe><\/p>\n<p>&nbsp;<\/p>\n<p>&nbsp;<\/p>\n<hr \/>\n<p>&nbsp;<\/p>\n<div>\n<p><a class=\"dt-pswp-item\" href=\"https:\/\/www.radiopiu.net\/wordpress\/wp-content\/uploads\/2018\/09\/viabilita.jpeg\" data-dt-img-description=\"\" data-large_image_width=\"800\" data-large_image_height=\"100\"><img loading=\"lazy\" decoding=\"async\" class=\"aligncenter wp-image-61954 size-full\" src=\"https:\/\/www.radiopiu.net\/wordpress\/wp-content\/uploads\/2018\/09\/viabilita.jpeg\" alt=\"\" width=\"800\" height=\"100\" srcset=\"https:\/\/www.radiopiu.net\/wordpress\/wp-content\/uploads\/2018\/09\/viabilita.jpeg 800w, https:\/\/www.radiopiu.net\/wordpress\/wp-content\/uploads\/2018\/09\/viabilita-300x38.jpeg 300w, https:\/\/www.radiopiu.net\/wordpress\/wp-content\/uploads\/2018\/09\/viabilita-768x96.jpeg 768w\" sizes=\"auto, (max-width: 800px) 100vw, 800px\" \/><\/a><\/p>\n<\/div>\n<p><span style=\"color: #000000;\"><strong>SR 203 AGORDINA<\/strong> <span style=\"color: #ff0000;\">localit\u00e0 Sopra Sac di Alleghe, chiusura totale al transito il 1 novembre dalle 8 alle 12 e dalle 14 alle 18 per esbosco alberi<\/span><\/span><\/p>\n<p><strong>SR 203 , localit\u00e0 VIGNOLE<\/strong> dal 2 al 13 novembre senso unico dalle 7.30 alle 8.30 e dalle 16 alle 17 con moviere, dalle 8.30 alle 16 con semaforo<\/p>\n<p><strong>SR 50 SCALE DI PRIMOLANO<\/strong> dal 6 al 18 novembre, dalle 8 alle 12 e dalle 13 alle 18 esclusi sabato e domenica, senso unico alternato regolato da movieri per ripristino piano viabile su cavidotto e-distribuzione<\/p>\n<p><strong>SP 422 DELL&#8217;ALPAGO E DEL CANSIGLIO\u00a0<\/strong>da domani e fino al 30 novembre, esclusi sabato e domenica, senso unico alternato regolato da movieri tra Puos e Cornei per posa fibre ottiche<\/p>\n<p><strong>SR 48 DELLE DOLOMITI<\/strong>\u00a0fino al 30 novembre senso unico alternato regolato da impianto semaforico tra Arabba e Cernadoi per consolidamento ciglio stradale e sostituzione barriere di sicurezza<\/p>\n<p><strong>SR 48 DELLE DOLOMITI\u00a0<\/strong>tra i comuni di Livinallongo Del Col Di Lana e Cortina, senso unico alternato regolato da movieri dal 2 al 20 novembre, sabato e domenica compresi, \u00a0per collegamento elettrodotto interrato e-distribuzione<\/p>\n<p><strong>PROVINCIALE 251\u00a0<\/strong> COLLE SANTA LUCIA Fino al 28 novembre senso unico (per asfaltature) compresi sabato e domenica (stessa situazione lungo la 203 agordina in localit\u00e0 Rucav\u00e0)<\/p>\n<p><strong>SP 12 PEDEMONTANA <\/strong>senso unico alternato regolato da impianto semaforico in localit\u00e0 Veses fino al 6 novembre, esclusi sabati e domeniche, per messa in sicurezza versante a monte della strada<\/p>\n<p><strong>SP 25 DEL PASSO VALLES<\/strong> senso unico alternato regolato da impianto semaforico in localit\u00e0 Caverson fino al 30 ottobre, esclusi sabati e domenica, \u00a0per manutenzione sovrappasso pista da sci<\/p>\n<p><strong>SR 48 DELLE DOLOMITI<\/strong> Fino al 30 ottobre (festivi e prefestivi esclusi) senso unico alternato con movieri o semafori<\/p>\n<p><strong>203 AGORDINA, ALLEGHE<\/strong> LOCALITA&#8217; SOPRA SAC\u00a0 fino \u00a0al 30 ottobre (sabato e domenica esclusi) senso unico alternato per allestimento opere anti valanghive<\/p>\n<p><strong>SP 3 DELLA VAL IMPERINA<\/strong> fino a revoca, senso unico alternato regolato a vista in localit\u00e0 Gona di Conedera di Rivamonte per cedimento della carreggiata stradale<\/p>\n<p><strong>SR 48 DELLE DOLOMITI<\/strong> fino\u00a0 al 6 novembre (festivi e prefestivi inclusi) senso unico alternato in localit\u00e0 Brenta Comune di Livinallongo del Col di Lana.<\/p>\n<p><strong>SP 422 DELL&#8217;ALPAGO E DEL CANSIGLIO<\/strong> fino al 30 ottobre senso unico alternato regolato da movieri tra le 8 e le 19 tra Puos e Cornei per posa fibra ottica<\/p>\n<p><strong>SR 48 DELLE DOLOMITI\u00a0 <\/strong>fino\u00a0al 31 ottobre, compresi sabati e domeniche, senso unico alternato regolato da impianto semaforico tra Passo Falzarego e il parcheggio 5 Torri per posa elettrodotto interrato<\/p>\n<p><strong>SP 49 DI MISURINA <\/strong>fino al\u00a020 novembre, senso unico alternato regolato da impianto semaforico tra Misurina e il confine con la provincia di Bolzano per posa elettrodotto interrato<\/p>\n<p><strong>REGIONALE 48 DELLE DOLOMITI<\/strong> localit\u00e0 Cernadoi-Pian di Falzarego, fino al 30 ottobre senso unico alternato regolato da semaforo anche nei giorni festivi e prefestivi.<\/p>\n<p><strong>PROVINCIALE 251 VAL DI ZOLDO E CELLINA<\/strong> localit\u00e0 Pescul-Selva di Cadore, fino al 31 ottobre senso unico alternato con movieri o semaforo, escluso sabato e domenica.<\/p>\n<p><strong>PROVINCIALE 641 PASSO FEDAIA<\/strong> Fino al 30 ottobre compresi festivi e prefestivi senso unico con semaforo in localit\u00e0 Capanna Bill<\/p>\n<p><strong>REGIONALE 203 AGORDINA<\/strong>\u00a0 Fino\u00a0 al 18 dicembre (esclusi festivi e prefestivi) senso unico alternato tra Peron e Candaten con movieri dalle 7.30 alle 9 e dalle 16.30 alle 18. Con semaforo negli altri orari<\/p>\n<p><strong>REGIONALE 203 AGORDINA<\/strong> Fino al 30 novembre (sabato e domenica esclusi) tra Candaten e La Stanga dalle 7.30 alle 9 e dalle 16.30 alle 18 con movieri e negli altri orari con semaforo, senso unico alternato.<\/p>\n<div>\n<p>&nbsp;<\/p>\n<hr \/>\n<p>&nbsp;<\/p>\n<p class=\"photoswipe-wrapper\"><a class=\"dt-pswp-item pspw-wrap-ready\" href=\"https:\/\/i0.wp.com\/www.radiopiu.net\/wordpress\/wp-content\/uploads\/2018\/09\/WhatsApp-Image-2018-09-20-at-16.04.06.jpeg?ssl=1\" data-dt-img-description=\"\" data-large_image_width=\"800\" data-large_image_height=\"100\"><img loading=\"lazy\" decoding=\"async\" class=\"aligncenter wp-image-61378 size-full jetpack-lazy-image jetpack-lazy-image--handled\" src=\"https:\/\/i0.wp.com\/www.radiopiu.net\/wordpress\/wp-content\/uploads\/2018\/09\/WhatsApp-Image-2018-09-20-at-16.04.06.jpeg?resize=800%2C100&amp;ssl=1\" sizes=\"auto, (max-width: 800px) 100vw, 800px\" srcset=\"https:\/\/i0.wp.com\/www.radiopiu.net\/wordpress\/wp-content\/uploads\/2018\/09\/WhatsApp-Image-2018-09-20-at-16.04.06.jpeg?w=800&amp;ssl=1 800w, https:\/\/i0.wp.com\/www.radiopiu.net\/wordpress\/wp-content\/uploads\/2018\/09\/WhatsApp-Image-2018-09-20-at-16.04.06.jpeg?resize=300%2C38&amp;ssl=1 300w, https:\/\/i0.wp.com\/www.radiopiu.net\/wordpress\/wp-content\/uploads\/2018\/09\/WhatsApp-Image-2018-09-20-at-16.04.06.jpeg?resize=768%2C96&amp;ssl=1 768w\" alt=\"\" width=\"800\" height=\"100\" data-lazy-loaded=\"1\" \/><\/a><\/p>\n<\/div>\n<p>&nbsp;<\/p>\n<p><center><b>Venerdi 30<\/b><\/center><b>Tempo atteso:\u00a0<\/b>Al mattino tempo stabile con estese velature del cielo o temporanee nubi medio-alte di sottovento, entrambi in grado di ridurre il soleggiamento. Nuvolosit\u00e0 sempre pi\u00f9 sottile al pomeriggio con maggiore chance di rasserenamenti da met\u00e0 pomeriggio in poi. Atmosfera di nuovo meno fresca grazie ad un avvezione d&#8217;aria pi\u00f9 mite in quota e rialzo termico per eventuale lieve favonio in alcune valli.<br \/>\n<b>Precipitazioni:\u00a0<\/b>Asenti (0%)<br \/>\n<b>Temperature:\u00a0<\/b>In generale aumento, eccetto stazionariet\u00e0 delle minime nelle valli. Sono previste punte di 14\/16\u00b0C nei fondovalle prealpini e di 10\/12\u00b0C a 1000\/1200 m. Su Prealpi a 1500 m min 6\u00b0C max 11\u00b0C, a 2000 m min 4\u00b0C max 9\u00b0C. Su Dolomiti a 2000 m min 3\u00b0C max 8\u00b0C, a 3000 m min -3\u00b0C max 3\u00b0C.<br \/>\n<b>Venti:\u00a0<\/b>Nelle valli perlopi\u00f9 deboli a regime di brezza, probabili rinforzi per episodi di Foehn tra la notte ed il mattino; in quota tesi\/forti da nord nord-ovest fino alle ore centrali del giorno, in attenuazione al pomeriggio, a 10-25 km\/h a 2000 m e 20-50 km\/h a 3000 m.<\/p>\n<hr \/>\n<p><center><b>Sabato 31<\/b><\/center><b>Tempo atteso:\u00a0<\/b>Stupenda mattinata autunnale con sole, cielo sereno, atmosfera tersa ed ottima visibilit\u00e0 in montagna, l&#8217;unica insidia si limiter\u00e0 al rischio di banchi di nebbia nelle conche e localmente sugli altopiani della fascia prealpina durante le ore pi\u00f9 fredde. Al pomeriggio cielo velato da sottili nubi alte, anche estese a fine giornata.<br \/>\n<b>Precipitazioni:\u00a0<\/b>Assenti (0%).<br \/>\n<b>Temperature:\u00a0<\/b>In generale aumento, salvo diminuzione delle minime nelle valli, con inversione termica notturne. Sono previste punte di 16\/18\u00b0C nei fondovalle prealpini e di 12\/15\u00b0C a 1000\/1200 m. Su Prealpi a 1500 m min 8\u00b0C max 13\u00b0C, a 2000 m min 6\u00b0C max 10\u00b0C. Su Dolomiti a 2000 m min 5\u00b0C max 11\u00b0C, a 3000 m min 3\u00b0C max 5\u00b0C.<br \/>\n<b>Venti:\u00a0<\/b>Nelle valli perlopi\u00f9 deboli a regime di brezza, localmente e a tratti moderati; in quota deboli\/moderati da nord-ovest, a 5-10 km\/h a 2000 m e 10-20 km\/h a 3000 m.<\/p>\n<hr \/>\n<p><center><b>Domenica 1<\/b><\/center>Sole spesso velato da nubi alte, a tratti del tutto mascherato dalle stesse al pomeriggio. Aria nitida e ottima visibilit\u00e0 in alta quota, mentre vi sar\u00e0 l&#8217;insidia di nebbie nelle conche e localmente sugli altopiani della fascia prealpina durante le ore pi\u00f9 fredde. Temperature in leggera flessione in alta quota e pressoch\u00e9 stazionarie nelle valli con riduzione dell&#8217;inversione termica notturna. Venti a regime di brezza nelle valli; deboli da nord-ovest in quota.<\/p>\n<hr \/>\n<p><center><b>Lunedi 2<\/b><\/center>Tempo buono e stabile con sole velato da sottili ed estese nubi alte. Persiste l&#8217;insidia dei banchi di nebbia nelle conche e localmente sugli altopiani della fascia prealpina durante le ore pi\u00f9 fredde. Temperature in generale ripresa, specie in alta quota. Venti a regime di brezza nelle valli; al mattino deboli da nord-ovest e da ovest sud-ovest al pomeriggio in quota. Previsore: R.L.Th.<\/p>\n<p>&nbsp;<\/p>\n<hr \/>\n<p>&nbsp;<\/p>\n<p><a class=\"dt-pswp-item\" href=\"https:\/\/www.radiopiu.net\/wordpress\/wp-content\/uploads\/2018\/09\/sport.jpg\" data-dt-img-description=\"\" data-large_image_width=\"800\" data-large_image_height=\"100\"><img loading=\"lazy\" decoding=\"async\" class=\"wp-image-60761 size-full aligncenter\" src=\"https:\/\/www.radiopiu.net\/wordpress\/wp-content\/uploads\/2018\/09\/sport.jpg\" alt=\"\" width=\"800\" height=\"100\" srcset=\"https:\/\/www.radiopiu.net\/wordpress\/wp-content\/uploads\/2018\/09\/sport.jpg 800w, https:\/\/www.radiopiu.net\/wordpress\/wp-content\/uploads\/2018\/09\/sport-300x38.jpg 300w, https:\/\/www.radiopiu.net\/wordpress\/wp-content\/uploads\/2018\/09\/sport-768x96.jpg 768w\" sizes=\"auto, (max-width: 800px) 100vw, 800px\" \/><\/a><\/p>\n<p>&nbsp;<\/p>\n<blockquote>\n<h3>L\u2019ITALIAN HOCKEY LEAGUE CONTINUA NELLE INCERTEZZE. L&#8217;ALLEGHE NON ACCETTA LA RICHIESTA DEL COMO DI RINVIARE LA PARTITA<\/h3>\n<\/blockquote>\n<p><strong><a class=\"dt-pswp-item\" href=\"https:\/\/www.radiopiu.net\/wordpress\/wp-content\/uploads\/2019\/08\/logo-alleghe-hockey.png\" data-dt-img-description=\"\" data-large_image_width=\"547\" data-large_image_height=\"512\"><img loading=\"lazy\" decoding=\"async\" class=\" wp-image-95699 alignleft\" src=\"https:\/\/www.radiopiu.net\/wordpress\/wp-content\/uploads\/2019\/08\/logo-alleghe-hockey-300x281.png\" alt=\"\" width=\"215\" height=\"201\" srcset=\"https:\/\/www.radiopiu.net\/wordpress\/wp-content\/uploads\/2019\/08\/logo-alleghe-hockey-300x281.png 300w, https:\/\/www.radiopiu.net\/wordpress\/wp-content\/uploads\/2019\/08\/logo-alleghe-hockey.png 547w\" sizes=\"auto, (max-width: 215px) 100vw, 215px\" \/><\/a>ALLEGHE<\/strong> La notizia \u00e8 arrivata a tarda notte, l\u2019IHL continua regolarmente la stagione. I dubbi gi\u00e0 sabato sera con l\u2019annuncio del nuovo DPCM e la conseguente chiusura degli stadi per il pubblico. Ci sono volute due video conferenze tra le squadre per trovare un punto d\u2019incontro. Luned\u00ec la prima riunione a distanza dove\u00a0 i rappresentanti delle\u00a0 10 formazioni partecipanti al campionato non hanno trovato un punto d&#8217;incontro. Nella serata di mercoled\u00ec invece l\u2019accordo: <strong>si continua a porte chiuse.<\/strong> Sar\u00e0 un impegno non da poco per tutti. Infatti i protocolli di sicurezza in materia Covid-19 sono rigidi e sar\u00e0 importante dare tranquillit\u00e0 ai giocatori ma soprattutto ai tanti volontari che aiutano le societ\u00e0. La stagione continua senza pubblico, unico introito sicuro delle squadre. Intanto sabato prossimo l\u2019Alleghe\u00a0 attende il Como anche se la\u00a0 squadra lariana ha chiesto il rinvio della partita con una mail destinata agli uffici di Via Lungolago. Richiesta che l&#8217;Alleghe Hockey non ha accettato respingendola al mittente, pertanto la partita rimane in programma per sabato alle 20.30 al De Toni.<\/p>\n<p>&nbsp;<\/p>\n<p>&nbsp;<\/p>\n<hr \/>\n<p>&nbsp;<\/p>\n<blockquote>\n<h3>CORTINA 2021 -100 AI CAMPIONATI DI SCI ALPINO<\/h3>\n<\/blockquote>\n<p><strong><a class=\"dt-pswp-item\" href=\"https:\/\/www.radiopiu.net\/wordpress\/wp-content\/uploads\/2020\/10\/705fe480-9983-4c46-af15-f93d8f2a0b90.png\" data-dt-img-description=\"\" data-large_image_width=\"1200\" data-large_image_height=\"630\"><img loading=\"lazy\" decoding=\"async\" class=\"size-medium wp-image-169373 alignleft\" src=\"https:\/\/www.radiopiu.net\/wordpress\/wp-content\/uploads\/2020\/10\/705fe480-9983-4c46-af15-f93d8f2a0b90-300x158.png\" alt=\"\" width=\"300\" height=\"158\" srcset=\"https:\/\/www.radiopiu.net\/wordpress\/wp-content\/uploads\/2020\/10\/705fe480-9983-4c46-af15-f93d8f2a0b90-300x158.png 300w, https:\/\/www.radiopiu.net\/wordpress\/wp-content\/uploads\/2020\/10\/705fe480-9983-4c46-af15-f93d8f2a0b90-1024x538.png 1024w, https:\/\/www.radiopiu.net\/wordpress\/wp-content\/uploads\/2020\/10\/705fe480-9983-4c46-af15-f93d8f2a0b90-768x403.png 768w, https:\/\/www.radiopiu.net\/wordpress\/wp-content\/uploads\/2020\/10\/705fe480-9983-4c46-af15-f93d8f2a0b90.png 1200w\" sizes=\"auto, (max-width: 300px) 100vw, 300px\" \/><\/a>CORTINA<\/strong> Oggi\u00a0 mancheranno solo poco pi\u00f9 di tre mesi all\u2019inizio dei Campionati del mondo di sci alpino, in programma a Cortina d\u2019Ampezzo dal 7 al 21 febbraio. Un \u201ccancelletto di partenza\u201d che segna l\u2019ultimo miglio verso una manifestazione sportiva che porter\u00e0 nella Regina delle Dolomiti i pi\u00f9 grandi campioni dello sci internazionale e segner\u00e0 anche l\u2019atteso ritorno del grande sci maschile all\u2019ombra delle Tofane, dopo trent\u2019anni di assenza. Partono cos\u00ec ora i 100 giorni pi\u00f9 intensi e complessi di tutta la fase organizzativa, in piena emergenza Covid-19. Per celebrare a dovere questo importante momento alle ore 17 sui canali FISI in diretta streaming, il giornalista sportivo Zoran Filicic e Jacopo Pozzi, di The Owl Post, faranno uno spettacolo emozionante, ripercorrendo insieme le tappe del percorso che porter\u00e0 all\u2019appuntamento clou di questa stagione agonistica invernale: <em>fil rouge<\/em> del racconto sar\u00e0 proprio il numero 100, bellissimo nella sua perfezione e carico di attese per i Campionati del mondo che verranno.\u00a0 Con Filicic e Pozzi ci saranno anche i campionissimi Sofia Goggia, Ambassador di Cortina 2021 \u2013 che con la Regina delle Dolomiti ha un rapporto davvero speciale \u2013 e Dominik Paris, uno degli sciatori azzurri pi\u00f9 vincenti di sempre: entrambi racconteranno che cosa significhino per loro questi \u201c-100 giorni\u201d ai Mondiali, le emozioni, le ambizioni e le aspettative nei confronti dei Campionati del mondo.<\/p>\n<p>&nbsp;<\/p>\n","protected":false},"excerpt":{"rendered":"<p>PER RICEVERE QUESTO NOTIZIARIO DIRETTAMENTE SUL TUO CELLULARE ISCRIVITI AL CANALE TELEGRAM \u201cRADIO PIU\u00a0 INFORMAZIONE&#8221; ATTENZIONE: LA NUOVA APP PER IOS-IPHONE https:\/\/apps.apple.com\/it\/app\/radio-pi%C3%B9-emittente-agordina\/id1515939845 ATTENZIONE: LA NUOVA APP RADIO\u00a0 PER ANDROID https:\/\/play.google.com\/store\/apps\/details?id=net.radiopiu.iniko\u00a0\u00a0 &nbsp; &nbsp; INTERRUZIONE ENERGIA ELETTRICA CANALE D&#8217;AGORDO Oggi dalle 13 alle 16:30 verr\u00e0 interrotta l&#8217;erogazione di\u00a0 l&#8217;energia elettrica a Canale D&#8217;Agordo in Piazza Papa Luciani&hellip;<\/p>\n","protected":false},"author":4,"featured_media":169338,"comment_status":"closed","ping_status":"closed","sticky":false,"template":"","format":"standard","meta":{"_monsterinsights_skip_tracking":false,"_monsterinsights_sitenote_active":false,"_monsterinsights_sitenote_note":"","_monsterinsights_sitenote_category":0,"footnotes":""},"categories":[1,51,86,49],"tags":[],"class_list":["post-169216","post","type-post","status-publish","format-standard","has-post-thumbnail","hentry","category-senza-categoria","category-evidenza-top","category-gr","category-news-18","category-1","category-51","category-86","category-49","description-off"],"img_url":"https:\/\/www.radiopiu.net\/wordpress\/wp-content\/uploads\/2020\/10\/23bc5cf7-046e-4c61-a5b2-60e61bf6d162.jpg","_links":{"self":[{"href":"https:\/\/www.radiopiu.net\/wordpress\/wp-json\/wp\/v2\/posts\/169216","targetHints":{"allow":["GET"]}}],"collection":[{"href":"https:\/\/www.radiopiu.net\/wordpress\/wp-json\/wp\/v2\/posts"}],"about":[{"href":"https:\/\/www.radiopiu.net\/wordpress\/wp-json\/wp\/v2\/types\/post"}],"author":[{"embeddable":true,"href":"https:\/\/www.radiopiu.net\/wordpress\/wp-json\/wp\/v2\/users\/4"}],"replies":[{"embeddable":true,"href":"https:\/\/www.radiopiu.net\/wordpress\/wp-json\/wp\/v2\/comments?post=169216"}],"version-history":[{"count":0,"href":"https:\/\/www.radiopiu.net\/wordpress\/wp-json\/wp\/v2\/posts\/169216\/revisions"}],"wp:featuredmedia":[{"embeddable":true,"href":"https:\/\/www.radiopiu.net\/wordpress\/wp-json\/wp\/v2\/media\/169338"}],"wp:attachment":[{"href":"https:\/\/www.radiopiu.net\/wordpress\/wp-json\/wp\/v2\/media?parent=169216"}],"wp:term":[{"taxonomy":"category","embeddable":true,"href":"https:\/\/www.radiopiu.net\/wordpress\/wp-json\/wp\/v2\/categories?post=169216"},{"taxonomy":"post_tag","embeddable":true,"href":"https:\/\/www.radiopiu.net\/wordpress\/wp-json\/wp\/v2\/tags?post=169216"}],"curies":[{"name":"wp","href":"https:\/\/api.w.org\/{rel}","templated":true}]}}