{"id":169257,"date":"2020-10-29T10:09:17","date_gmt":"2020-10-29T09:09:17","guid":{"rendered":"https:\/\/www.radiopiu.net\/wordpress\/?p=169257"},"modified":"2020-10-29T10:21:51","modified_gmt":"2020-10-29T09:21:51","slug":"i-pompieri-volontari-di-colle-santa-lucia-raccontano-i-giorni-di-vaia","status":"publish","type":"post","link":"https:\/\/www.radiopiu.net\/wordpress\/i-pompieri-volontari-di-colle-santa-lucia-raccontano-i-giorni-di-vaia\/","title":{"rendered":"I POMPIERI VOLONTARI DI COLLE SANTA LUCIA RACCONTANO I GIORNI DI VAIA"},"content":{"rendered":"<div style=\"width: 854px;\" class=\"wp-video\"><video class=\"wp-video-shortcode\" id=\"video-169257-1\" width=\"854\" height=\"480\" preload=\"metadata\" controls=\"controls\"><source type=\"video\/mp4\" src=\"https:\/\/www.radiopiu.net\/wordpress\/wp-content\/uploads\/2020\/10\/VAIA-POMPIERI-COLLE.mp4?_=1\" \/><a href=\"https:\/\/www.radiopiu.net\/wordpress\/wp-content\/uploads\/2020\/10\/VAIA-POMPIERI-COLLE.mp4\">https:\/\/www.radiopiu.net\/wordpress\/wp-content\/uploads\/2020\/10\/VAIA-POMPIERI-COLLE.mp4<\/a><\/video><\/div>\n<p>&nbsp;<\/p>\n<p><strong>28 Ottobre 2018<\/strong><br \/>\n<strong>LE PRIME ORE<\/strong><\/p>\n<blockquote><p><em>Con un messaggio il nostro capo distaccamento chiede a chi \u00e8 disponibile di recarsi in caserma. Erano giorni che la pioggia non dava di smettere, ma anzi, continuava ad aumentare di intensit\u00e0. Ruscelli d&#8217;acqua correvano per i prati, per le strade e i torrenti iniziavano a scavare gli argini. A poche decine di minuti dall&#8217;arrivo in caserma dei nostri vigili, in un attimo, tutto diventa buio. Si ferma tutto, il campanile segna le 18.07. Non c&#8217;\u00e8 pi\u00f9 corrente elettrica e dopo qualche minuto inizia a saltare anche la copertura telefonica. Alle 18.10, veniamo allertati per la prima volta dalla Sala Operativa del comando di Belluno e immediatamente una squadra sale sul camion e parte per Fedare (Passo Giau) dove ci \u00e8 stata segnalata una frana. Nel frattempo un&#8217;altra squadra si muove per il paese controllando altri danni provocati dall&#8217;intensa pioggia. Le ore successive passano in modo relativamente tranquillo, la gente inizia ad arrangiarsi come pu\u00f2 per illuminare le case e prepararsi la cena ignara di ci\u00f2 che la aspetter\u00e1 di li a breve. Un evento che segner\u00e0 il nostro territorio ma che ancor pi\u00f9 rimarr\u00e0 impresso nelle menti di chi lo ha vissuto sulla propria pelle. Sono circa le 21 quando si alza un vento mai visto prima che porta con s\u00e9 tutto ci\u00f2 che trova. I secolari boschi di pino, i tetti delle abitazioni, scaraventandoli a decine di metri di distanza. I nostri volontari cercano riparo come possono. Passano i minuti, il vento sembra concedere una tregua, si capisce subito che la situazione non \u00e8 delle migliori. Le strade sono bloccate. Viene deciso immediatamente di procedere con il primo controllo dei danni. \u00a0Nelle prime ore successive vengono raggiunte quasi tutte le frazioni, talvolta a piedi, scavalcando alberi, perdendo quasi l&#8217;orientamento. \u00a0Ma \u00e8 con le prime luci del giorno che ci si rende conto della devastazione. La gente di montagna si sa, \u00e8 gente forte, e subito si rimbocca le maniche per riaprire le strade in modo da permettere il collegamento con i paesi vicini a noi. Un unico esercito di volontari che lavorava senza sosta per la propria comunit\u00e0. Non importava se si vestisse o no una divisa tutti lavoravano fianco a fianco per il bene comune e cos\u00ec sar\u00e1 per tutti i giorni successivi.<\/em><\/p><\/blockquote>\n<p><strong>Pompieri Volontari COLLE SANTA LUCIA<\/strong><\/p>\n<p>PAGINA FACEBOK: https:\/\/www.facebook.com\/Pompiericolle<\/p>\n","protected":false},"excerpt":{"rendered":"<p>&nbsp; 28 Ottobre 2018 LE PRIME ORE Con un messaggio il nostro capo distaccamento chiede a chi \u00e8 disponibile di recarsi in caserma. Erano giorni che la pioggia non dava di smettere, ma anzi, continuava ad aumentare di intensit\u00e0. Ruscelli d&#8217;acqua correvano per i prati, per le strade e i torrenti iniziavano a scavare gli&hellip;<\/p>\n","protected":false},"author":4,"featured_media":169260,"comment_status":"closed","ping_status":"closed","sticky":false,"template":"","format":"standard","meta":{"_monsterinsights_skip_tracking":false,"_monsterinsights_sitenote_active":false,"_monsterinsights_sitenote_note":"","_monsterinsights_sitenote_category":0,"footnotes":""},"categories":[49],"tags":[],"class_list":["post-169257","post","type-post","status-publish","format-standard","has-post-thumbnail","hentry","category-news-18","category-49","description-off"],"img_url":"https:\/\/www.radiopiu.net\/wordpress\/wp-content\/uploads\/2020\/10\/Schermata-2020-10-29-alle-10.08.37.png","_links":{"self":[{"href":"https:\/\/www.radiopiu.net\/wordpress\/wp-json\/wp\/v2\/posts\/169257","targetHints":{"allow":["GET"]}}],"collection":[{"href":"https:\/\/www.radiopiu.net\/wordpress\/wp-json\/wp\/v2\/posts"}],"about":[{"href":"https:\/\/www.radiopiu.net\/wordpress\/wp-json\/wp\/v2\/types\/post"}],"author":[{"embeddable":true,"href":"https:\/\/www.radiopiu.net\/wordpress\/wp-json\/wp\/v2\/users\/4"}],"replies":[{"embeddable":true,"href":"https:\/\/www.radiopiu.net\/wordpress\/wp-json\/wp\/v2\/comments?post=169257"}],"version-history":[{"count":0,"href":"https:\/\/www.radiopiu.net\/wordpress\/wp-json\/wp\/v2\/posts\/169257\/revisions"}],"wp:featuredmedia":[{"embeddable":true,"href":"https:\/\/www.radiopiu.net\/wordpress\/wp-json\/wp\/v2\/media\/169260"}],"wp:attachment":[{"href":"https:\/\/www.radiopiu.net\/wordpress\/wp-json\/wp\/v2\/media?parent=169257"}],"wp:term":[{"taxonomy":"category","embeddable":true,"href":"https:\/\/www.radiopiu.net\/wordpress\/wp-json\/wp\/v2\/categories?post=169257"},{"taxonomy":"post_tag","embeddable":true,"href":"https:\/\/www.radiopiu.net\/wordpress\/wp-json\/wp\/v2\/tags?post=169257"}],"curies":[{"name":"wp","href":"https:\/\/api.w.org\/{rel}","templated":true}]}}