{"id":169295,"date":"2020-10-30T05:39:40","date_gmt":"2020-10-30T04:39:40","guid":{"rendered":"https:\/\/www.radiopiu.net\/wordpress\/?p=169295"},"modified":"2020-10-30T05:47:16","modified_gmt":"2020-10-30T04:47:16","slug":"assodato-che-ortopedia-chiude-quando-riaprira-cioe-riaprira","status":"publish","type":"post","link":"https:\/\/www.radiopiu.net\/wordpress\/assodato-che-ortopedia-chiude-quando-riaprira-cioe-riaprira\/","title":{"rendered":"ASSODATO CHE ORTOPEDIA CHIUDE, QUANDO RIAPRIRA&#8217;? CIOE&#8217; RIAPRIRA&#8217;?"},"content":{"rendered":"<p><strong><a class=\"dt-pswp-item\" href=\"https:\/\/www.radiopiu.net\/wordpress\/wp-content\/uploads\/2020\/10\/ORTOPEDIA-OSPEDALE-AGORDO-9.jpg\" data-dt-img-description=\"\" data-large_image_width=\"1151\" data-large_image_height=\"2048\"><img loading=\"lazy\" decoding=\"async\" class=\"size-medium wp-image-169306 alignleft\" src=\"https:\/\/www.radiopiu.net\/wordpress\/wp-content\/uploads\/2020\/10\/ORTOPEDIA-OSPEDALE-AGORDO-9-169x300.jpg\" alt=\"\" width=\"169\" height=\"300\" srcset=\"https:\/\/www.radiopiu.net\/wordpress\/wp-content\/uploads\/2020\/10\/ORTOPEDIA-OSPEDALE-AGORDO-9-169x300.jpg 169w, https:\/\/www.radiopiu.net\/wordpress\/wp-content\/uploads\/2020\/10\/ORTOPEDIA-OSPEDALE-AGORDO-9-576x1024.jpg 576w, https:\/\/www.radiopiu.net\/wordpress\/wp-content\/uploads\/2020\/10\/ORTOPEDIA-OSPEDALE-AGORDO-9-768x1367.jpg 768w, https:\/\/www.radiopiu.net\/wordpress\/wp-content\/uploads\/2020\/10\/ORTOPEDIA-OSPEDALE-AGORDO-9-863x1536.jpg 863w, https:\/\/www.radiopiu.net\/wordpress\/wp-content\/uploads\/2020\/10\/ORTOPEDIA-OSPEDALE-AGORDO-9.jpg 1151w\" sizes=\"auto, (max-width: 169px) 100vw, 169px\" \/><\/a>AGORDO<\/strong> Porte chiuse in Ortopedia, oltre l&#8217;ambulatorio gli interventi sono da programmare a Belluno (64 chilometri da Livinallongo) oppure\u00a0 a Feltre (87\u00a0 chilometri da Arabba). E&#8217; il momento di emergenza che lo impone ed \u00e8 giusto cos\u00ec, perch\u00e9 l&#8217;ospedale oggi struttura covid free diventer\u00e0 Ospedale di Comunit\u00e0, forse anche perch\u00e9 il personale serve altrove.\u00a0 Emergenza sta per circostanza imprevista, caso grave, urgente, situazione di necessit\u00e0, cio\u00e8 straordinario. Se per\u00f2 si chiede oggi di conoscere la data del ritorno alla normalit\u00e0, nessuno sa dove appuntarla sul calendario,\u00a0 n\u00e8 con riferimento al mese, n\u00e8 alla stagione. Visti i <a class=\"dt-pswp-item\" href=\"https:\/\/www.radiopiu.net\/wordpress\/wp-content\/uploads\/2020\/10\/ORTOPEDIA-OSPEDALE-AGORDO-2.jpg\" data-dt-img-description=\"\" data-large_image_width=\"1151\" data-large_image_height=\"2048\"><img loading=\"lazy\" decoding=\"async\" class=\"size-medium wp-image-169309 alignright\" src=\"https:\/\/www.radiopiu.net\/wordpress\/wp-content\/uploads\/2020\/10\/ORTOPEDIA-OSPEDALE-AGORDO-2-169x300.jpg\" alt=\"\" width=\"169\" height=\"300\" srcset=\"https:\/\/www.radiopiu.net\/wordpress\/wp-content\/uploads\/2020\/10\/ORTOPEDIA-OSPEDALE-AGORDO-2-169x300.jpg 169w, https:\/\/www.radiopiu.net\/wordpress\/wp-content\/uploads\/2020\/10\/ORTOPEDIA-OSPEDALE-AGORDO-2-576x1024.jpg 576w, https:\/\/www.radiopiu.net\/wordpress\/wp-content\/uploads\/2020\/10\/ORTOPEDIA-OSPEDALE-AGORDO-2-768x1367.jpg 768w, https:\/\/www.radiopiu.net\/wordpress\/wp-content\/uploads\/2020\/10\/ORTOPEDIA-OSPEDALE-AGORDO-2-863x1536.jpg 863w, https:\/\/www.radiopiu.net\/wordpress\/wp-content\/uploads\/2020\/10\/ORTOPEDIA-OSPEDALE-AGORDO-2.jpg 1151w\" sizes=\"auto, (max-width: 169px) 100vw, 169px\" \/><\/a>precedenti della Lungodegenza che non risulta sia mai pi\u00f9 ripartita come un tempo,\u00a0 qualche dubbio \u00e8 giustificato, per questo la popolazione chiede ai Sindaci di vigilare, soprattutto dopo aver devoluto i loro 2 milioni e mezzo dei fondi di confine per la rinascita del Pronto Soccorso,\u00a0 dando pi\u00f9 di una mano all&#8217;Azienda Sanitaria Dolomiti, visto che la Regione si \u00e8 limitata ad un contributo pari a un quinto di quella somma. I dubbi sorgono anche perch\u00e9 oggi in Ortopedia la situazione \u00e8 ottimale con un Primario benvoluto e tre medici altrettanto apprezzati, ma se \u00e8 vero che a dicembre uno di questi tre lascia Agordo per Belluno, allora i problemi aumentano in modo esponenziale, al punto di giustificare la non ripartenza del reparto, perch\u00e9 due faticherebbero\u00a0 a coprire tutti i turni e da che mondo \u00e8 mondo il Primario non si mette certo di guardia, quindi i tre medici sono indispensabili oltre che vantare professionalit\u00e0 importanti ma vanificate se destinate ad ambulatorio o Pronto Soccorso. L&#8217;Agordino gi\u00e0 spogliato di tanti servizi in pochi anni il reparto di Ortopedia una volta fuori dall&#8217;emergenza covid-19 lo rivuole come \u00e8 oggi. Perch\u00e9 gli agordini si sono sempre affezionati ai loro ortopedici, da Grandesso a Dalla C\u00e0, da Costa a Botto attuale primario, Maffei, Canella,\u00a0 Ballis, ma giusto per fare qualche nome e segnare il trascorrere del tempo. Perch\u00e9 l&#8217;ortopedico \u00e8 il medico amico al quale ci si rivolge per l&#8217;anca sbilenca, il femore spappolato o la micro frattura piuttosto che la botta al piede, a volte purtroppo pure in momenti pi\u00f9 difficili e difficilmente superabili nella vita. Poi ci sono i turisti dello sci, che <a class=\"dt-pswp-item\" href=\"https:\/\/www.radiopiu.net\/wordpress\/wp-content\/uploads\/2020\/10\/ORTOPEDIA-OSPEDALE-AGORDO-6.jpg\" data-dt-img-description=\"\" data-large_image_width=\"1151\" data-large_image_height=\"2048\"><img loading=\"lazy\" decoding=\"async\" class=\"size-medium wp-image-169303 alignleft\" src=\"https:\/\/www.radiopiu.net\/wordpress\/wp-content\/uploads\/2020\/10\/ORTOPEDIA-OSPEDALE-AGORDO-6-169x300.jpg\" alt=\"\" width=\"169\" height=\"300\" srcset=\"https:\/\/www.radiopiu.net\/wordpress\/wp-content\/uploads\/2020\/10\/ORTOPEDIA-OSPEDALE-AGORDO-6-169x300.jpg 169w, https:\/\/www.radiopiu.net\/wordpress\/wp-content\/uploads\/2020\/10\/ORTOPEDIA-OSPEDALE-AGORDO-6-576x1024.jpg 576w, https:\/\/www.radiopiu.net\/wordpress\/wp-content\/uploads\/2020\/10\/ORTOPEDIA-OSPEDALE-AGORDO-6-768x1367.jpg 768w, https:\/\/www.radiopiu.net\/wordpress\/wp-content\/uploads\/2020\/10\/ORTOPEDIA-OSPEDALE-AGORDO-6-863x1536.jpg 863w, https:\/\/www.radiopiu.net\/wordpress\/wp-content\/uploads\/2020\/10\/ORTOPEDIA-OSPEDALE-AGORDO-6.jpg 1151w\" sizes=\"auto, (max-width: 169px) 100vw, 169px\" \/><\/a>si rompono le gambe, che si spezzano le braccia, che finiscono con la testa contro un sasso, gli stessi che prima di partire da remote localit\u00e0 di citt\u00e0 chiedono se la montagna dove trascorreranno i loro giorni di vacanza sia o meno dotata di adeguate strutture sanitarie, se vi sono certezze in caso di emergenza, solo dopo essersi informati\u00a0 &#8211; e con la rete non \u00e8 poi cos\u00ec difficile-\u00a0 firmano il modulo di prenotazione. Poi ci sono i volontari dell&#8217;ambulanza, da tempo sotto pressione per turni massacranti, perch\u00e9 il volontario latita, ma anche perch\u00e9 amareggiati dalle scelte della politica a pi\u00f9 livelli, ci manca solo di costringerli a partire da Arabba, dai Piani di Pezz\u00e8 sopra Alleghe, da Passo San Pellegrino in Cima alla Valle del Biois per farli scendere fino a Belluno o fino a Feltre per la frattura di una caviglia, gi\u00e0 stufi che sono rischiamo davvero di perderli i nostri volontari, per sempre e,\u00a0 con loro le associazioni che padri e nonni hanno fatto crescere per il bene della collettivit\u00e0 e perch\u00e9 no, in aiuto anche alle varie direzioni Ulss che si sono succedute negli anni, fino a quella attuale del feltrino Adriano Rasi Caldogno. Quindi i tempi sono grigi e non solo per il corovavirus, per questo i sindaci sono chiamati a vigilare affinch\u00e8 il primario Federico Botto, per gli agordini il &#8220;primario del ginocchio&#8221;,\u00a0 continui a rimanere il\u00a0 punto di forza dell&#8217;ospedale di Agordo, motivo di orgoglio, come sarebbe punto di forza e di orgoglio di una qualsiasi ortopedia,\u00a0 non ultima quella di Feltre.<\/p>\n<p>Mirko Mezzacasa<\/p>\n<p>&nbsp;<\/p>\n","protected":false},"excerpt":{"rendered":"<p>AGORDO Porte chiuse in Ortopedia, oltre l&#8217;ambulatorio gli interventi sono da programmare a Belluno (64 chilometri da Livinallongo) oppure\u00a0 a Feltre (87\u00a0 chilometri da Arabba). E&#8217; il momento di emergenza che lo impone ed \u00e8 giusto cos\u00ec, perch\u00e9 l&#8217;ospedale oggi struttura covid free diventer\u00e0 Ospedale di Comunit\u00e0, forse anche perch\u00e9 il personale serve altrove.\u00a0 Emergenza&hellip;<\/p>\n","protected":false},"author":4,"featured_media":169304,"comment_status":"closed","ping_status":"closed","sticky":false,"template":"","format":"standard","meta":{"_monsterinsights_skip_tracking":false,"_monsterinsights_sitenote_active":false,"_monsterinsights_sitenote_note":"","_monsterinsights_sitenote_category":0,"footnotes":""},"categories":[51,49],"tags":[],"class_list":["post-169295","post","type-post","status-publish","format-standard","has-post-thumbnail","hentry","category-evidenza-top","category-news-18","category-51","category-49","description-off"],"img_url":"https:\/\/www.radiopiu.net\/wordpress\/wp-content\/uploads\/2020\/10\/ORTOPEDIA-OSPEDALE-AGORDO-7.jpg","_links":{"self":[{"href":"https:\/\/www.radiopiu.net\/wordpress\/wp-json\/wp\/v2\/posts\/169295","targetHints":{"allow":["GET"]}}],"collection":[{"href":"https:\/\/www.radiopiu.net\/wordpress\/wp-json\/wp\/v2\/posts"}],"about":[{"href":"https:\/\/www.radiopiu.net\/wordpress\/wp-json\/wp\/v2\/types\/post"}],"author":[{"embeddable":true,"href":"https:\/\/www.radiopiu.net\/wordpress\/wp-json\/wp\/v2\/users\/4"}],"replies":[{"embeddable":true,"href":"https:\/\/www.radiopiu.net\/wordpress\/wp-json\/wp\/v2\/comments?post=169295"}],"version-history":[{"count":0,"href":"https:\/\/www.radiopiu.net\/wordpress\/wp-json\/wp\/v2\/posts\/169295\/revisions"}],"wp:featuredmedia":[{"embeddable":true,"href":"https:\/\/www.radiopiu.net\/wordpress\/wp-json\/wp\/v2\/media\/169304"}],"wp:attachment":[{"href":"https:\/\/www.radiopiu.net\/wordpress\/wp-json\/wp\/v2\/media?parent=169295"}],"wp:term":[{"taxonomy":"category","embeddable":true,"href":"https:\/\/www.radiopiu.net\/wordpress\/wp-json\/wp\/v2\/categories?post=169295"},{"taxonomy":"post_tag","embeddable":true,"href":"https:\/\/www.radiopiu.net\/wordpress\/wp-json\/wp\/v2\/tags?post=169295"}],"curies":[{"name":"wp","href":"https:\/\/api.w.org\/{rel}","templated":true}]}}