{"id":169365,"date":"2020-10-29T16:18:08","date_gmt":"2020-10-29T15:18:08","guid":{"rendered":"https:\/\/www.radiopiu.net\/wordpress\/?p=169365"},"modified":"2020-10-29T16:22:10","modified_gmt":"2020-10-29T15:22:10","slug":"iniziati-i-lavori-per-la-nuova-pista-di-atletica-di-borgo-valbelluna","status":"publish","type":"post","link":"https:\/\/www.radiopiu.net\/wordpress\/iniziati-i-lavori-per-la-nuova-pista-di-atletica-di-borgo-valbelluna\/","title":{"rendered":"INIZIATI I LAVORI PER LA NUOVA PISTA DI ATLETICA DI BORGO VALBELLUNA"},"content":{"rendered":"<p><strong>BORGO VALBELLUNA\u00a0<\/strong> <span style=\"font-family: Arial Unicode MS, sans-serif;\">Il grigio dell\u2019asfalto lascer\u00e0 il posto al rosso di uno splendido manto sintetico.\u00a0 Sono iniziati i lavori di rifacimento della pista di atletica leggera di Borgo Valbelluna. L\u2019anello, realizzato dall\u2019azienda Tagliapietra di Basiliano (Udine), andr\u00e0 a completare gli impianti sportivi in localit\u00e0 La Lora, a Mel, gi\u00e0 oggetto nei mesi scorsi di lavori di riqualificazione che hanno interessato l\u2019impianto di illuminazione e il sistema di irrigazione automatico del campo di calcio. <\/span><span style=\"font-family: 'Arial Unicode MS', sans-serif;\">In precedenza, erano anche state rifatte le pedane dei salti e di parte dei lanci (giavellotto e peso). Ora, invece, l\u2019intervento riguarda l\u2019anello a sei corsie e consister\u00e0 nella posa di un manto sintetico che andr\u00e0 a sovrapporsi al preesistente fondo in asfalto. Verr\u00e0 inoltre completata la pedana dei lanci lunghi (martello e disco) che sar\u00e0 esterna al campo principale. I lavori di riqualificazione dell\u2019impianto costeranno complessivamente 650 mila euro, finanziati grazie ad un mutuo sottoscritto dall\u2019amministrazione comunale di Borgo Valbelluna con l\u2019Istituto del Credito Sportivo. <\/span>\u201c<span style=\"font-family: Arial Unicode MS, sans-serif;\"><i>L\u2019opera dovrebbe essere completata nel giro di un mese<\/i><\/span><span style=\"font-family: Arial Unicode MS, sans-serif;\"> &#8211; spiega <\/span><span style=\"font-family: Arial Unicode MS, sans-serif;\"><b>Patrizia Tremea<\/b><\/span><span style=\"font-family: Arial Unicode MS, sans-serif;\">, presidente del Gs La Piave 2000, societ\u00e0 utilizzatrice dell\u2019impianto -. <\/span><span style=\"font-family: Arial Unicode MS, sans-serif;\"><i>Vogliamo ringraziare l\u2019amministrazione comunale per la disponibilit\u00e0 e per l\u2019impegno con cui ha seguito il progetto di rifacimento della pista&#8221;. <\/i><\/span><span style=\"font-family: Arial Unicode MS, sans-serif;\">Il nuovo impianto di Mel dar\u00e0 un impulso importante all\u2019attivit\u00e0 del Gs La Piave 2000, societ\u00e0 che vanta quasi 350 tesserati di ogni et\u00e0 e, da sempre, \u00e8 attiva nell\u2019organizzazione di eventi, sino ad ora, in assenza della pista, per lo pi\u00f9 limitati alla strada e ai cross.&#8221;N<\/span><span style=\"font-family: 'Arial Unicode MS', sans-serif;\"><i>on possiamo che esserne felici<\/i><\/span><span style=\"font-family: 'Arial Unicode MS', sans-serif;\"> &#8211; commenta <\/span><span style=\"font-family: 'Arial Unicode MS', sans-serif;\"><b>Giulio Imperatore<\/b><\/span><span style=\"font-family: 'Arial Unicode MS', sans-serif;\">, presidente del Comitato provinciale della Fidal -. <\/span><span style=\"font-family: 'Arial Unicode MS', sans-serif;\"><i>Visto l\u2019ampio raggio d\u2019azione del Gs La Piave 2000, l\u2019impianto di Mel diventer\u00e0 un punto di riferimento importante sia per la Sinistra che per la Destra Piave&#8221; <\/i><\/span><span style=\"color: #000000;\"><span style=\"font-family: Arial Unicode MS, sans-serif;\">Soddisfatto anche il presidente del Comitato regionale della Fidal, <\/span><\/span><span style=\"color: #000000;\"><span style=\"font-family: Arial Unicode MS, sans-serif;\"><b>Christian Zovico<\/b><\/span><\/span><span style=\"color: #000000;\"><span style=\"font-family: Arial Unicode MS, sans-serif;\">:<\/span><\/span><span style=\"color: #000000;\"><span style=\"font-family: Arial Unicode MS, sans-serif;\"><i> \u201cIl Gs La Piave 2000 rappresenta una realt\u00e0 importante nel panorama dell\u2019atletica regionale e la nuova pista dar\u00e0 ulteriore spinta alla sua attivit\u00e0 che si esprime anche attraverso un forte impegno in campo organizzativo&#8221;.<\/i><\/span><\/span><\/p>\n\n\t\t\t<style type='text\/css'>\n\t\t\t\t#gallery-1 {\n\t\t\t\t\tmargin: auto;\n\t\t\t\t}\n\t\t\t\t#gallery-1 .gallery-item {\n\t\t\t\t\tfloat: left;\n\t\t\t\t\tmargin-top: 10px;\n\t\t\t\t\ttext-align: center;\n\t\t\t\t\twidth: 50%;\n\t\t\t\t}\n\t\t\t\t#gallery-1 img {\n\t\t\t\t\tborder: 2px solid #cfcfcf;\n\t\t\t\t}\n\t\t\t\t#gallery-1 .gallery-caption {\n\t\t\t\t\tmargin-left: 0;\n\t\t\t\t}\n\t\t\t\t\/* see gallery_shortcode() in wp-includes\/media.php *\/\n\t\t\t<\/style>\n\t\t<div id='gallery-1' class='dt-gallery-container gallery galleryid-169365 gallery-columns-2 gallery-size-medium'><dl class='gallery-item'>\n\t\t\t\t<dt class='gallery-icon landscape'>\n\t\t\t\t\t<a class=\"rollover rollover-zoom dt-pswp-item\" title=\"Pista Mel_2\" data-dt-img-description=\"\" data-large_image_width=\"1599\" data-large_image_height=\"1200\"href='https:\/\/www.radiopiu.net\/wordpress\/wp-content\/uploads\/2020\/10\/Pista-Mel_2.jpg'><img loading=\"lazy\" decoding=\"async\" width=\"300\" height=\"225\" src=\"https:\/\/www.radiopiu.net\/wordpress\/wp-content\/uploads\/2020\/10\/Pista-Mel_2-300x225.jpg\" class=\"attachment-medium size-medium\" alt=\"\" srcset=\"https:\/\/www.radiopiu.net\/wordpress\/wp-content\/uploads\/2020\/10\/Pista-Mel_2-300x225.jpg 300w, https:\/\/www.radiopiu.net\/wordpress\/wp-content\/uploads\/2020\/10\/Pista-Mel_2-1024x768.jpg 1024w, https:\/\/www.radiopiu.net\/wordpress\/wp-content\/uploads\/2020\/10\/Pista-Mel_2-768x576.jpg 768w, https:\/\/www.radiopiu.net\/wordpress\/wp-content\/uploads\/2020\/10\/Pista-Mel_2-1536x1153.jpg 1536w, https:\/\/www.radiopiu.net\/wordpress\/wp-content\/uploads\/2020\/10\/Pista-Mel_2.jpg 1599w\" sizes=\"auto, (max-width: 300px) 100vw, 300px\" \/><\/a>\n\t\t\t\t<\/dt><\/dl><dl class='gallery-item'>\n\t\t\t\t<dt class='gallery-icon landscape'>\n\t\t\t\t\t<a class=\"rollover rollover-zoom dt-pswp-item\" title=\"Pista Mel_4\" data-dt-img-description=\"\" data-large_image_width=\"1599\" data-large_image_height=\"1200\"href='https:\/\/www.radiopiu.net\/wordpress\/wp-content\/uploads\/2020\/10\/Pista-Mel_4.jpg'><img loading=\"lazy\" decoding=\"async\" width=\"300\" height=\"225\" src=\"https:\/\/www.radiopiu.net\/wordpress\/wp-content\/uploads\/2020\/10\/Pista-Mel_4-300x225.jpg\" class=\"attachment-medium size-medium\" alt=\"\" srcset=\"https:\/\/www.radiopiu.net\/wordpress\/wp-content\/uploads\/2020\/10\/Pista-Mel_4-300x225.jpg 300w, https:\/\/www.radiopiu.net\/wordpress\/wp-content\/uploads\/2020\/10\/Pista-Mel_4-1024x768.jpg 1024w, https:\/\/www.radiopiu.net\/wordpress\/wp-content\/uploads\/2020\/10\/Pista-Mel_4-768x576.jpg 768w, https:\/\/www.radiopiu.net\/wordpress\/wp-content\/uploads\/2020\/10\/Pista-Mel_4-1536x1153.jpg 1536w, https:\/\/www.radiopiu.net\/wordpress\/wp-content\/uploads\/2020\/10\/Pista-Mel_4.jpg 1599w\" sizes=\"auto, (max-width: 300px) 100vw, 300px\" \/><\/a>\n\t\t\t\t<\/dt><\/dl><br style=\"clear: both\" \/><dl class='gallery-item'>\n\t\t\t\t<dt class='gallery-icon landscape'>\n\t\t\t\t\t<a class=\"rollover rollover-zoom dt-pswp-item\" title=\"Pista Mel_5b\" data-dt-img-description=\"\" data-large_image_width=\"1600\" data-large_image_height=\"1015\"href='https:\/\/www.radiopiu.net\/wordpress\/wp-content\/uploads\/2020\/10\/Pista-Mel_5b.jpg'><img loading=\"lazy\" decoding=\"async\" width=\"300\" height=\"190\" src=\"https:\/\/www.radiopiu.net\/wordpress\/wp-content\/uploads\/2020\/10\/Pista-Mel_5b-300x190.jpg\" class=\"attachment-medium size-medium\" alt=\"\" srcset=\"https:\/\/www.radiopiu.net\/wordpress\/wp-content\/uploads\/2020\/10\/Pista-Mel_5b-300x190.jpg 300w, https:\/\/www.radiopiu.net\/wordpress\/wp-content\/uploads\/2020\/10\/Pista-Mel_5b-1024x650.jpg 1024w, https:\/\/www.radiopiu.net\/wordpress\/wp-content\/uploads\/2020\/10\/Pista-Mel_5b-768x487.jpg 768w, https:\/\/www.radiopiu.net\/wordpress\/wp-content\/uploads\/2020\/10\/Pista-Mel_5b-1536x974.jpg 1536w, https:\/\/www.radiopiu.net\/wordpress\/wp-content\/uploads\/2020\/10\/Pista-Mel_5b.jpg 1600w\" sizes=\"auto, (max-width: 300px) 100vw, 300px\" \/><\/a>\n\t\t\t\t<\/dt><\/dl><dl class='gallery-item'>\n\t\t\t\t<dt class='gallery-icon landscape'>\n\t\t\t\t\t<a class=\"rollover rollover-zoom dt-pswp-item\" title=\"Pista Mel_3\" data-dt-img-description=\"\" data-large_image_width=\"1599\" data-large_image_height=\"1200\"href='https:\/\/www.radiopiu.net\/wordpress\/wp-content\/uploads\/2020\/10\/Pista-Mel_3.jpg'><img loading=\"lazy\" decoding=\"async\" width=\"300\" height=\"225\" src=\"https:\/\/www.radiopiu.net\/wordpress\/wp-content\/uploads\/2020\/10\/Pista-Mel_3-300x225.jpg\" class=\"attachment-medium size-medium\" alt=\"\" srcset=\"https:\/\/www.radiopiu.net\/wordpress\/wp-content\/uploads\/2020\/10\/Pista-Mel_3-300x225.jpg 300w, https:\/\/www.radiopiu.net\/wordpress\/wp-content\/uploads\/2020\/10\/Pista-Mel_3-1024x768.jpg 1024w, https:\/\/www.radiopiu.net\/wordpress\/wp-content\/uploads\/2020\/10\/Pista-Mel_3-768x576.jpg 768w, https:\/\/www.radiopiu.net\/wordpress\/wp-content\/uploads\/2020\/10\/Pista-Mel_3-1536x1153.jpg 1536w, https:\/\/www.radiopiu.net\/wordpress\/wp-content\/uploads\/2020\/10\/Pista-Mel_3.jpg 1599w\" sizes=\"auto, (max-width: 300px) 100vw, 300px\" \/><\/a>\n\t\t\t\t<\/dt><\/dl><br style=\"clear: both\" \/>\n\t\t\t<\/div>\n\n<p>&nbsp;<\/p>\n","protected":false},"excerpt":{"rendered":"<p>BORGO VALBELLUNA\u00a0 Il grigio dell\u2019asfalto lascer\u00e0 il posto al rosso di uno splendido manto sintetico.\u00a0 Sono iniziati i lavori di rifacimento della pista di atletica leggera di Borgo Valbelluna. L\u2019anello, realizzato dall\u2019azienda Tagliapietra di Basiliano (Udine), andr\u00e0 a completare gli impianti sportivi in localit\u00e0 La Lora, a Mel, gi\u00e0 oggetto nei mesi scorsi di lavori&hellip;<\/p>\n","protected":false},"author":4,"featured_media":169367,"comment_status":"closed","ping_status":"closed","sticky":false,"template":"","format":"standard","meta":{"_monsterinsights_skip_tracking":false,"_monsterinsights_sitenote_active":false,"_monsterinsights_sitenote_note":"","_monsterinsights_sitenote_category":0,"footnotes":""},"categories":[49],"tags":[],"class_list":["post-169365","post","type-post","status-publish","format-standard","has-post-thumbnail","hentry","category-news-18","category-49","description-off"],"img_url":"https:\/\/www.radiopiu.net\/wordpress\/wp-content\/uploads\/2020\/10\/Pista-Mel_3.jpg","_links":{"self":[{"href":"https:\/\/www.radiopiu.net\/wordpress\/wp-json\/wp\/v2\/posts\/169365","targetHints":{"allow":["GET"]}}],"collection":[{"href":"https:\/\/www.radiopiu.net\/wordpress\/wp-json\/wp\/v2\/posts"}],"about":[{"href":"https:\/\/www.radiopiu.net\/wordpress\/wp-json\/wp\/v2\/types\/post"}],"author":[{"embeddable":true,"href":"https:\/\/www.radiopiu.net\/wordpress\/wp-json\/wp\/v2\/users\/4"}],"replies":[{"embeddable":true,"href":"https:\/\/www.radiopiu.net\/wordpress\/wp-json\/wp\/v2\/comments?post=169365"}],"version-history":[{"count":0,"href":"https:\/\/www.radiopiu.net\/wordpress\/wp-json\/wp\/v2\/posts\/169365\/revisions"}],"wp:featuredmedia":[{"embeddable":true,"href":"https:\/\/www.radiopiu.net\/wordpress\/wp-json\/wp\/v2\/media\/169367"}],"wp:attachment":[{"href":"https:\/\/www.radiopiu.net\/wordpress\/wp-json\/wp\/v2\/media?parent=169365"}],"wp:term":[{"taxonomy":"category","embeddable":true,"href":"https:\/\/www.radiopiu.net\/wordpress\/wp-json\/wp\/v2\/categories?post=169365"},{"taxonomy":"post_tag","embeddable":true,"href":"https:\/\/www.radiopiu.net\/wordpress\/wp-json\/wp\/v2\/tags?post=169365"}],"curies":[{"name":"wp","href":"https:\/\/api.w.org\/{rel}","templated":true}]}}