{"id":169384,"date":"2020-10-29T17:31:20","date_gmt":"2020-10-29T16:31:20","guid":{"rendered":"https:\/\/www.radiopiu.net\/wordpress\/?p=169384"},"modified":"2020-10-30T06:02:09","modified_gmt":"2020-10-30T05:02:09","slug":"sono-86-i-pazienti-in-ospedale-da-oggi-ricoveri-anche-ad-agordo","status":"publish","type":"post","link":"https:\/\/www.radiopiu.net\/wordpress\/sono-86-i-pazienti-in-ospedale-da-oggi-ricoveri-anche-ad-agordo\/","title":{"rendered":"PRIMI 2 PAZIENTI COVID RICOVERATI AD AGORDO, TRASFERITI DA ALTRI OSPEDALI, IN PROVINCIA +114 ATTUALMENTE POSITIVI"},"content":{"rendered":"<p><strong>BELLUNO <\/strong>Subito la situazione negli ospedali: 44 i ricoverati al San Martino di Belluno, 4 (uno in pi\u00f9 rispetto a ieri) in terapia intensiva, 19 i pazienti all&#8217;ospedale Santa Maria del Prato di Feltre, Ospedale di comunit\u00e0 di Alano 5 ricoverati, Ospedale di comunit\u00e0 di Feltre 14. Nel pomeriggio sono iniziati i primi ricoveri all&#8217;ospedale di Comunit\u00e0 di Agordo con due pazienti trasferiti da altri ospedali come da programma Ulss1 anticipato nei giorni scorsi<\/p>\n<p><span style=\"color: #ff0000;\">ATTUALMENTE POSITIVI 1667, RISPETTO A IERI 114 IN PIU&#8217;<\/span><\/p>\n<blockquote>\n<h3>DRIVE-IN TAMPONI AD AGORDO, CAMBIO DI ORARIO<\/h3>\n<\/blockquote>\n<p><strong>AGORDO\u00a0<\/strong> Da luned\u00ec i drive-in tamponi con accesso libero di Agordo e\u00a0 Tai di Cadore anticipano l\u2019orario di attivit\u00e0 per consentire di sfruttare al meglio le ore di luce. Covid point Agordo \u2013 P.le Tamonich: luned\u00ec, mercoled\u00ec e venerd\u00ec dalle 15.00 alle 17.00 (Cambio d&#8217;orario anche per Tai di Cadore)<\/p>\n<p>&nbsp;<\/p>\n<blockquote>\n<h3>ARRIVA L&#8217;ESERCITO, SARA&#8217; POTENZIATO IL SERVIZIO TAMPONI MA NON AD AGORDO<\/h3>\n<p style=\"text-align: left;\" align=\"CENTER\"><strong>BELLUNO<\/strong>\u00a0<span style=\"font-size: medium;\">Dalla prossima settimana sar\u00e0 ulteriormente potenziata l\u2019offerta di tamponi in drive-in dell\u2019Ulss Dolomiti con l\u2019inserimento di ulteriore personale Ulss grazie alle nuove assunzioni e con il supporto di un team dell\u2019Esercito. <\/span><span style=\"font-size: medium;\">Continua, infatti, il grande afflusso ai drive-in tamponi aziendali, con il verificarsi di alcune code: ogni giorno vengono eseguiti complessivamente pi\u00f9 di 1.000 tamponi ai Covid Point tra test antigenici e tamponi molecolari. <\/span><span style=\"font-size: medium;\">L\u2019enorme attivit\u00e0 di contact tracing con esecuzione del tampone di controllo ai contatti di caso derivante dal grande numero di positivit\u00e0 insorgenti e l\u2019accesso libero con impegnativa del medico di famiglia per l\u2019esecuzione di tamponi, hanno comportato un forte aumento di richiesta dei tamponi. <\/span><span style=\"font-size: medium;\">I 4 drive- in sono stati potenziati da luned\u00ec con l\u2019estensione del Covid Point di Belluno sulle 24 ore e con l\u2019attivit\u00e0 dal luned\u00ec al sabato a Tai di Cadore. <\/span><span style=\"font-size: medium;\">Si ricorda che \u00e8 disponibile anche l\u2019accesso notturno per tamponi dalle 19 alle 7 alla postazione drive-in del San Martino di Belluno vicino al Pronto Soccorso Covid.<\/span><\/p>\n<\/blockquote>\n","protected":false},"excerpt":{"rendered":"<p>BELLUNO Subito la situazione negli ospedali: 44 i ricoverati al San Martino di Belluno, 4 (uno in pi\u00f9 rispetto a ieri) in terapia intensiva, 19 i pazienti all&#8217;ospedale Santa Maria del Prato di Feltre, Ospedale di comunit\u00e0 di Alano 5 ricoverati, Ospedale di comunit\u00e0 di Feltre 14. Nel pomeriggio sono iniziati i primi ricoveri all&#8217;ospedale&hellip;<\/p>\n","protected":false},"author":4,"featured_media":121260,"comment_status":"closed","ping_status":"closed","sticky":false,"template":"","format":"standard","meta":{"_monsterinsights_skip_tracking":false,"_monsterinsights_sitenote_active":false,"_monsterinsights_sitenote_note":"","_monsterinsights_sitenote_category":0,"footnotes":""},"categories":[51,104,49],"tags":[],"class_list":["post-169384","post","type-post","status-publish","format-standard","has-post-thumbnail","hentry","category-evidenza-top","category-evidenza_3","category-news-18","category-51","category-104","category-49","description-off"],"img_url":"https:\/\/www.radiopiu.net\/wordpress\/wp-content\/uploads\/2020\/03\/covid-ulss.jpg","_links":{"self":[{"href":"https:\/\/www.radiopiu.net\/wordpress\/wp-json\/wp\/v2\/posts\/169384","targetHints":{"allow":["GET"]}}],"collection":[{"href":"https:\/\/www.radiopiu.net\/wordpress\/wp-json\/wp\/v2\/posts"}],"about":[{"href":"https:\/\/www.radiopiu.net\/wordpress\/wp-json\/wp\/v2\/types\/post"}],"author":[{"embeddable":true,"href":"https:\/\/www.radiopiu.net\/wordpress\/wp-json\/wp\/v2\/users\/4"}],"replies":[{"embeddable":true,"href":"https:\/\/www.radiopiu.net\/wordpress\/wp-json\/wp\/v2\/comments?post=169384"}],"version-history":[{"count":0,"href":"https:\/\/www.radiopiu.net\/wordpress\/wp-json\/wp\/v2\/posts\/169384\/revisions"}],"wp:featuredmedia":[{"embeddable":true,"href":"https:\/\/www.radiopiu.net\/wordpress\/wp-json\/wp\/v2\/media\/121260"}],"wp:attachment":[{"href":"https:\/\/www.radiopiu.net\/wordpress\/wp-json\/wp\/v2\/media?parent=169384"}],"wp:term":[{"taxonomy":"category","embeddable":true,"href":"https:\/\/www.radiopiu.net\/wordpress\/wp-json\/wp\/v2\/categories?post=169384"},{"taxonomy":"post_tag","embeddable":true,"href":"https:\/\/www.radiopiu.net\/wordpress\/wp-json\/wp\/v2\/tags?post=169384"}],"curies":[{"name":"wp","href":"https:\/\/api.w.org\/{rel}","templated":true}]}}