{"id":169426,"date":"2020-10-31T06:00:12","date_gmt":"2020-10-31T05:00:12","guid":{"rendered":"https:\/\/www.radiopiu.net\/wordpress\/?p=169426"},"modified":"2020-11-01T07:48:20","modified_gmt":"2020-11-01T06:48:20","slug":"giornale-radiopiu-31-ottobre-2020-direttore-mirko-mezzacasa","status":"publish","type":"post","link":"https:\/\/www.radiopiu.net\/wordpress\/giornale-radiopiu-31-ottobre-2020-direttore-mirko-mezzacasa\/","title":{"rendered":"GIORNALE RADIOPIU 31 OTTOBRE 2020 DIRETTORE MIRKO MEZZACASA"},"content":{"rendered":"<h3>PER<strong> RICEVERE QUESTO NOTIZIARIO DIRETTAMENTE SUL TUO CELLULARE ISCRIVITI AL CANALE TELEGRAM <\/strong><strong>\u201cRADIO PIU\u00a0 INFORMAZIONE&#8221;<\/strong><\/h3>\n<p><em>ATTENZIONE: LA NUOVA APP PER IOS-IPHONE<\/em><\/p>\n<div>\n<div><a href=\"https:\/\/apps.apple.com\/it\/app\/radio-pi%C3%B9-emittente-agordina\/id1515939845\">https:\/\/apps.apple.com\/it\/app\/radio-pi%C3%B9-emittente-agordina\/id1515939845<\/a><\/div>\n<\/div>\n<div><\/div>\n<div>\n<div dir=\"auto\"><em>ATTENZIONE: LA NUOVA APP RADIO\u00a0 PER ANDROID<\/em><\/div>\n<\/div>\n<p><a href=\"https:\/\/play.google.com\/store\/apps\/details?id=net.radiopiu.iniko\" target=\"_blank\" rel=\"noopener noreferrer\">https:\/\/play.google.com\/store\/apps\/details?id=net.radiopiu.iniko\u00a0\u00a0<\/a><\/p>\n<p>&nbsp;<\/p>\n<h2><span style=\"color: #ff0000;\" data-offset-key=\"fcp2f-0-0\">IERI SUL SITO INTERNET DI RADIO PIU: 39 ARTICOLI PUBBLICATI, 81.880 VISUALIZZAZIONI, grazie a tutti per la fiducia.<\/span><\/h2>\n<h3>\u00a0 \u00a0 \u00a0 \u00a0 \u00a0 \u00a0 \u00a0 \u00a0 \u00a0 \u00a0CORTINA 2021 I DUBBI DEL CORAGGIO<\/h3>\n<p><a class=\"dt-pswp-item\" href=\"https:\/\/www.radiopiu.net\/wordpress\/wp-content\/uploads\/2020\/10\/S_20201030_-100-giorni_\u00a9Cortina2021IMG_1573-scaled.jpg\" data-dt-img-description=\"\" data-large_image_width=\"2560\" data-large_image_height=\"1920\"><img loading=\"lazy\" decoding=\"async\" class=\"alignnone wp-image-169655\" src=\"https:\/\/www.radiopiu.net\/wordpress\/wp-content\/uploads\/2020\/10\/S_20201030_-100-giorni_\u00a9Cortina2021IMG_1573-300x225.jpg\" alt=\"\" width=\"327\" height=\"245\" srcset=\"https:\/\/www.radiopiu.net\/wordpress\/wp-content\/uploads\/2020\/10\/S_20201030_-100-giorni_\u00a9Cortina2021IMG_1573-300x225.jpg 300w, https:\/\/www.radiopiu.net\/wordpress\/wp-content\/uploads\/2020\/10\/S_20201030_-100-giorni_\u00a9Cortina2021IMG_1573-1024x768.jpg 1024w, https:\/\/www.radiopiu.net\/wordpress\/wp-content\/uploads\/2020\/10\/S_20201030_-100-giorni_\u00a9Cortina2021IMG_1573-768x576.jpg 768w, https:\/\/www.radiopiu.net\/wordpress\/wp-content\/uploads\/2020\/10\/S_20201030_-100-giorni_\u00a9Cortina2021IMG_1573-1536x1152.jpg 1536w, https:\/\/www.radiopiu.net\/wordpress\/wp-content\/uploads\/2020\/10\/S_20201030_-100-giorni_\u00a9Cortina2021IMG_1573-2048x1536.jpg 2048w\" sizes=\"auto, (max-width: 327px) 100vw, 327px\" \/><\/a><a class=\"dt-pswp-item\" href=\"https:\/\/www.radiopiu.net\/wordpress\/wp-content\/uploads\/2020\/10\/S_20201030_-100-giorni_\u00a9Cortina2021IMG_7052-copia-scaled.jpg\" data-dt-img-description=\"\" data-large_image_width=\"1920\" data-large_image_height=\"2560\"><img loading=\"lazy\" decoding=\"async\" class=\"alignnone wp-image-169660\" src=\"https:\/\/www.radiopiu.net\/wordpress\/wp-content\/uploads\/2020\/10\/S_20201030_-100-giorni_\u00a9Cortina2021IMG_7052-copia-225x300.jpg\" alt=\"\" width=\"184\" height=\"245\" srcset=\"https:\/\/www.radiopiu.net\/wordpress\/wp-content\/uploads\/2020\/10\/S_20201030_-100-giorni_\u00a9Cortina2021IMG_7052-copia-225x300.jpg 225w, https:\/\/www.radiopiu.net\/wordpress\/wp-content\/uploads\/2020\/10\/S_20201030_-100-giorni_\u00a9Cortina2021IMG_7052-copia-768x1024.jpg 768w, https:\/\/www.radiopiu.net\/wordpress\/wp-content\/uploads\/2020\/10\/S_20201030_-100-giorni_\u00a9Cortina2021IMG_7052-copia-1152x1536.jpg 1152w, https:\/\/www.radiopiu.net\/wordpress\/wp-content\/uploads\/2020\/10\/S_20201030_-100-giorni_\u00a9Cortina2021IMG_7052-copia-1536x2048.jpg 1536w, https:\/\/www.radiopiu.net\/wordpress\/wp-content\/uploads\/2020\/10\/S_20201030_-100-giorni_\u00a9Cortina2021IMG_7052-copia-scaled.jpg 1920w\" sizes=\"auto, (max-width: 184px) 100vw, 184px\" \/><\/a><\/p>\n<p>&nbsp;<\/p>\n<hr \/>\n<p>&nbsp;<\/p>\n<blockquote>\n<div class=\"page-title-head hgroup\">\n<h3 class=\"entry-title\">ACQUA DI NUOVO POTABILE A VOLTAGO E LA VALLE, SEMPRE INQUINATA A TAIBON<\/h3>\n<\/div>\n<div class=\"page-title-breadcrumbs\"><\/div>\n<\/blockquote>\n<p class=\"photoswipe-wrapper\"><a class=\"dt-pswp-item pspw-wrap-ready\" href=\"https:\/\/i1.wp.com\/www.radiopiu.net\/wordpress\/wp-content\/uploads\/2019\/10\/ACQUA-SPORCA.jpeg?ssl=1\" data-dt-img-description=\"\" data-large_image_width=\"1024\" data-large_image_height=\"768\"><img loading=\"lazy\" decoding=\"async\" class=\" wp-image-104646 alignleft\" src=\"https:\/\/i1.wp.com\/www.radiopiu.net\/wordpress\/wp-content\/uploads\/2019\/10\/ACQUA-SPORCA.jpeg?resize=127%2C95&amp;ssl=1\" sizes=\"auto, (max-width: 127px) 100vw, 127px\" srcset=\"https:\/\/i1.wp.com\/www.radiopiu.net\/wordpress\/wp-content\/uploads\/2019\/10\/ACQUA-SPORCA.jpeg?resize=300%2C225&amp;ssl=1 300w, https:\/\/i1.wp.com\/www.radiopiu.net\/wordpress\/wp-content\/uploads\/2019\/10\/ACQUA-SPORCA.jpeg?resize=768%2C576&amp;ssl=1 768w, https:\/\/i1.wp.com\/www.radiopiu.net\/wordpress\/wp-content\/uploads\/2019\/10\/ACQUA-SPORCA.jpeg?w=1024&amp;ssl=1 1024w\" alt=\"\" width=\"96\" height=\"72\" \/><\/a>Gestione Servizi Pubblici informa che a <strong>LA VALLE AGORDINA<\/strong> nelle LOCALITA&#8217; RONCHE, RONCHET, NOACH, LE CAMPE e CANCELLADE ed a <strong>VOLTAGO AGORDINO<\/strong>, nelle LOCALITA&#8217; FRASSENE&#8217; e VILLA, l&#8217;acqua erogata dall&#8217;acquedotto \u00e8 di nuovo potabile e pu\u00f2 essere usata, quindi, per scopi alimentari.<br \/>\nAcqua sempre inquinata (si puo&#8217; usare per scopi alimentari previa bollitura) in frazione Ronch di Bos e Nogarola a <strong>TAIBON\u00a0<\/strong><\/p>\n<p>Gestione Servizi Pubblici informa che, per lavori alla rete idrica comunale, luned\u00ec dalle 8 a fine lavori potrebbe mancare l&#8217;acqua a TAIBON AGORDINO, nelle localit\u00e0 STRAPONT e NOGAROLA.<\/p>\n<p>&nbsp;<\/p>\n<p>&nbsp;<\/p>\n<hr \/>\n<p>&nbsp;<\/p>\n<p><span style=\"color: #ff0000;\"><strong>SR 203 AGORDINA<\/strong> localit\u00e0 Sopra Sac di Alleghe, chiusura totale al transito domani dalle 8 alle 12 e dalle 14 alle 18 per esbosco alberi. La zona \u00e8 sopra Caprile, strada per il bivio Rucav\u00e0 in zona ex villaggio Mares.<\/span><\/p>\n<p>&nbsp;<\/p>\n<hr \/>\n<p>&nbsp;<\/p>\n<p><strong>DA LUNEDI DURANTE LA NOTTE CHIUDE LA 52 CARNICA A LORENZAGO DI CADORE<\/strong><\/p>\n<p><strong>VENEZIA<\/strong> Avanzano i lavori di consolidamento del corpo stradale e del muro di sostegno lungo la strada statale 52 \u201cCarnica\u201d a Lorenzago di Cadore. Per consentire la prosecuzione degli interventi, a partire da luned\u00ec 2 e fino al 27 novembre la statale sar\u00e0 chiusa al traffico nel tratto compreso tra il km 64,150 e il km 71,600. La limitazione sar\u00e0 in vigore nella sola fascia oraria notturna 20\u20136, festivi esclusi. Il traffico da Domegge di Cadore in direzione Tolmezzo sar\u00e0 indirizzato, tramite segnaletica in loco, verso Santo Stefano di Cadore, Sappada, Forni Avoltri, Ovaro e Villa Santina. Percorso inverso per la viabilit\u00e0 da Tolmezzo in direzione Domegge.<\/p>\n<p>&nbsp;<\/p>\n<p>&nbsp;<\/p>\n<hr \/>\n<p>&nbsp;<\/p>\n<blockquote>\n<h2>&#8220;SONO POSITIVO AL COVID, SENZA SINTOMI CHE GODE DI BUONA SALUTE, SIATE PRUDENTI&#8221;<\/h2>\n<\/blockquote>\n<p>&nbsp;<\/p>\n<p><strong><img loading=\"lazy\" decoding=\"async\" class=\"alignleft\" src=\"https:\/\/www.radiopiu.net\/wordpress\/wp-content\/uploads\/2019\/07\/AGORDO-ROBERTO-CHISSALE-300x300.jpg\" width=\"159\" height=\"159\" \/>AGORDO<\/strong> Ai microfoni di Radio Pi\u00f9 il sindaco di Agordo Roberto Chissal\u00e8, conferma il problema legato alla sua positivit\u00e0 al covid19 ma assicura che la macchina amministrativa non si fermer\u00e0. Ai cittadini l&#8217;invito del primo cittadino a prestare attenzione perch\u00e9 il virus \u00e8 un nemico molto pericoloso.<\/p>\n<p><strong>ROBERTO CHISSALE&#8217; A RADIO PIU<\/strong><\/p>\n<audio class=\"wp-audio-shortcode\" id=\"audio-169426-1\" preload=\"none\" style=\"width: 100%;\" controls=\"controls\"><source type=\"audio\/mpeg\" src=\"https:\/\/www.radiopiu.net\/wordpress\/wp-content\/uploads\/2020\/10\/roberto-chissale.mp3?_=1\" \/><a href=\"https:\/\/www.radiopiu.net\/wordpress\/wp-content\/uploads\/2020\/10\/roberto-chissale.mp3\">https:\/\/www.radiopiu.net\/wordpress\/wp-content\/uploads\/2020\/10\/roberto-chissale.mp3<\/a><\/audio>\n<p>&nbsp;<\/p>\n<p>&nbsp;<\/p>\n<hr \/>\n<blockquote>\n<h3>DRIVE-IN TAMPONI AD AGORDO, CAMBIO DI ORARIO<\/h3>\n<\/blockquote>\n<p><strong>AGORDO\u00a0<\/strong> Da luned\u00ec i drive-in tamponi con accesso libero di Agordo e\u00a0 Tai di Cadore anticipano l\u2019orario di attivit\u00e0 per consentire di sfruttare al meglio le ore di luce. Covid point Agordo \u2013 P.le Tamonich: luned\u00ec, mercoled\u00ec e venerd\u00ec dalle 15.00 alle 17.00<\/p>\n<p>&nbsp;<\/p>\n<hr \/>\n<h2><span style=\"color: #ff0000;\">ALLA SOGLIA DEI MESI DIFFICILI<\/span><\/h2>\n<p>Il Veneto \u00e8 entrato nella fase gialla, in fase 3 (su cinque), infatti i ricoveri in ospedale (905) hanno superato un altro livello di guardia. In Italia 31 mila casi in 24 ore e gi\u00e0 si parla di un nuovo lockdown o comunque zone rosse localizzate,\u00a0 perch\u00e9 i\u00a0 contagi in sette giorni sono raddoppiati, in Piemonte e Lombardia indice Rt sopra 2, il Paese verso lo scenario 4, il pi\u00f9 grave. Per il presidente Luca Zaia pi\u00f9 che il lockdown \u00e8 probabile un coprifuoco. Scuola, sono 142 le classi prese in carico dal dipartimento di prevenzione dell&#8217;Ulss Dolomiti. Il Prefetto ha inviato una lettera ai sindaci, un appello alla prudenza soprattutto a vietare le feste di halloween. La Diocesi invita i parroci non a sospendere le celebrazioni religiose nel ricordo dei defunti (2 novembre) ma che vengano organizzate nel rispetto del distanziamento, no alle processioni nei cimiteri. A Cortina sono calati i contagi, come sempre il sindaco Gianpietro Ghedina non manca di informare i suoi concittadini: i positivi sono calati di sette unit\u00e0 ora sono 145, sei persone in meno in isolamento (130). Preoccupato il sindaco della Val di Zoldo Camillo Pellegrin per l&#8217;aumento dei contagi in valle. Il sindaco di Arsi\u00e8 comunica i 18 positivi del Comune, un ricoverato, 17 persone in isolamento. Sono 65 i positivi a Santo Stefano di Cadore (112 persone su 2500 abitanti in isolamento).<\/p>\n<p>&nbsp;<\/p>\n<blockquote>\n<h3>UN DECESSO AL SAN MARTINO, 115 NUOVI POSITIVI, 91 I RICOVERATI IN OSPEDALE, 4 AD AGORDO<\/h3>\n<\/blockquote>\n<p><strong> <img loading=\"lazy\" decoding=\"async\" class=\"alignleft\" src=\"https:\/\/www.radiopiu.net\/wordpress\/wp-content\/uploads\/2020\/03\/covid-ulss.jpg\" width=\"208\" height=\"156\" \/>BELLUNO<\/strong> Ieri mattina \u00e8 deceduta una paziente covid positiva di 95 anni ricoverata in Pneumologia Covid a Belluno. <strong>Attualmente positiv<\/strong>i: 1775,\u00a0 nelle ultime 24 ore 115. <strong>IN OSPEDALE:<\/strong> San Martino area non critica 47, terapia intensiva 4. Feltre Santa Maria del Prato 18, terapia intensiva 0. Ospedali di Comunit\u00e0, positivi: Alano 5, Feltre 13 e Agordo 4. <strong>SITUAZIONE SCUOLE<\/strong> Dal 14 settembre, sono state prese in carico dal team scuole 142 classi cos\u00ec articolate:\u00a0 3 asilo nido &#8211; 8 scuola dell&#8217;infanzia &#8211; 32 scuola primaria &#8211; 21 scuola secondaria di primo grado &#8211; 78 scuola secondaria di secondo grado. Attualmente sono in carico 67 classi (il 47% delle classi considerate finora), di cui 30 sono in isolamento domiciliare fiduciario (7 classi di bambini di asili e prima elementare \u2013 in isolamento secondo protocollo e 23 classi di alunni di et\u00e0 superiore in isolamento per presenza di due o pi\u00f9 casi ).<\/p>\n<blockquote><p><em>Alla luce di alcuni momenti critici nelle ore di punta, con code e disagi di accesso specie al drive-in di Belluno \u2013Sagrogna, si segnala la possibilit\u00e0 di usufruire del drive-in tamponi serale e notturno attivo dalle 19 alle 7 nell\u2019area dedicata dell\u2019Ospedale San Martino di Belluno.<\/em><\/p><\/blockquote>\n<p>&nbsp;<\/p>\n<hr \/>\n<p>&nbsp;<\/p>\n<blockquote>\n<h3>E&#8217; MORTO GIULIANO BOND L&#8217;UOMO DELL&#8217;UNICEF E DELLA CICLINVALLE<\/h3>\n<\/blockquote>\n<p><a class=\"dt-pswp-item\" href=\"https:\/\/www.radiopiu.net\/wordpress\/wp-content\/uploads\/2020\/10\/DSCF0060-e1604118680413.jpg\" data-dt-img-description=\"\" data-large_image_width=\"640\" data-large_image_height=\"480\"><img loading=\"lazy\" decoding=\"async\" class=\"alignnone size-medium wp-image-169656\" src=\"https:\/\/www.radiopiu.net\/wordpress\/wp-content\/uploads\/2020\/10\/DSCF0060-e1604118680413-300x225.jpg\" alt=\"\" width=\"300\" height=\"225\" srcset=\"https:\/\/www.radiopiu.net\/wordpress\/wp-content\/uploads\/2020\/10\/DSCF0060-e1604118680413-300x225.jpg 300w, https:\/\/www.radiopiu.net\/wordpress\/wp-content\/uploads\/2020\/10\/DSCF0060-e1604118680413.jpg 640w\" sizes=\"auto, (max-width: 300px) 100vw, 300px\" \/><\/a><a class=\"dt-pswp-item\" href=\"https:\/\/www.radiopiu.net\/wordpress\/wp-content\/uploads\/2020\/10\/marti.jpg\" data-dt-img-description=\"\" data-large_image_width=\"640\" data-large_image_height=\"480\"><img loading=\"lazy\" decoding=\"async\" class=\"alignnone size-medium wp-image-169657\" src=\"https:\/\/www.radiopiu.net\/wordpress\/wp-content\/uploads\/2020\/10\/marti-300x225.jpg\" alt=\"\" width=\"300\" height=\"225\" srcset=\"https:\/\/www.radiopiu.net\/wordpress\/wp-content\/uploads\/2020\/10\/marti-300x225.jpg 300w, https:\/\/www.radiopiu.net\/wordpress\/wp-content\/uploads\/2020\/10\/marti.jpg 640w\" sizes=\"auto, (max-width: 300px) 100vw, 300px\" \/><\/a><\/p>\n<p>Giuliano Bond classe 1946 \u00e8 morto\u00a0 nella Repubblica Dominicana, dove si era ritirato a vivere negli ultimi anni. Molti i messaggi di affetto e condoglianze arrivati anche sul profilo Facebook del professionista in pensione, che aveva da poco necessitato di cure per disturbi cardiaci.\u00a0 Del ragioniere Giuliano Bond si ricordano anche l&#8217;impegno sociale e l&#8217;attenzione per i bambini del mondo. Bond, infatti, \u00e8 stato presidente dell&#8217;Unicef dal 1998 al 2017, quando si \u00e8 trasferito a vivere nella Repubblica Dominicana. Indimenticabili i sui sorrisi alla Ciclinvalle pro Unicef in valle di San Lucano.\u00a0 Ciao Giuliano, averti conosciuto \u00e8 stato un piacere ed un onore.<br \/>\nMirko<\/p>\n<p>&nbsp;<\/p>\n<p>&nbsp;<\/p>\n<hr \/>\n<p>&nbsp;<\/p>\n<blockquote>\n<h3 class=\"entry-title\">FURTO DI SIGARETTE PER 80MILA EURO<\/h3>\n<\/blockquote>\n<p><strong><a class=\"dt-pswp-item\" href=\"https:\/\/www.radiopiu.net\/wordpress\/wp-content\/uploads\/2019\/12\/CARABINIERI-FELTRE-2.jpg\" data-dt-img-description=\"\" data-large_image_width=\"1280\" data-large_image_height=\"960\"><img loading=\"lazy\" decoding=\"async\" class=\"wp-image-110913 alignleft\" src=\"https:\/\/www.radiopiu.net\/wordpress\/wp-content\/uploads\/2019\/12\/CARABINIERI-FELTRE-2-300x225.jpg\" alt=\"\" width=\"187\" height=\"140\" srcset=\"https:\/\/www.radiopiu.net\/wordpress\/wp-content\/uploads\/2019\/12\/CARABINIERI-FELTRE-2-300x225.jpg 300w, https:\/\/www.radiopiu.net\/wordpress\/wp-content\/uploads\/2019\/12\/CARABINIERI-FELTRE-2-1024x768.jpg 1024w, https:\/\/www.radiopiu.net\/wordpress\/wp-content\/uploads\/2019\/12\/CARABINIERI-FELTRE-2-768x576.jpg 768w, https:\/\/www.radiopiu.net\/wordpress\/wp-content\/uploads\/2019\/12\/CARABINIERI-FELTRE-2.jpg 1280w\" sizes=\"auto, (max-width: 187px) 100vw, 187px\" \/><\/a>PONTE NELLE ALPI\u00a0<\/strong> Notte di furti, ma non nel feltrino, questa volta i malviventi cambiano zona e obbiettivi. Non un\u2019abitazione privata dove rubare monili in oro e denaro contante, piuttosto un deposito fiscale della \u201cForni Tab\u201d in Viale Cadore dove hanno preso il volo scatoloni di sigarette di varie marche, da un primo conteggio con un danno non inferiore agli 80mila euro. I ladri si sono allontanati con un furgone rubato\u00a0 nel pomeriggio a Belluno. Nel locale sono entrati forzando il portone d\u2019ingresso. Sul posto i Carabinieri della stazione dell\u2019Alpago che hanno gi\u00e0 avviato le indagini fin dalle 21 di gioved\u00ec sera quando sono stati chiamati dai proprietari della Srl, il furto sarebbe avvenuto poco prima.<\/p>\n<p>&nbsp;<\/p>\n<p>&nbsp;<\/p>\n<hr \/>\n<p>&nbsp;<\/p>\n<blockquote>\n<h3>L&#8217;ANNUNCIO ON LINE COSTA QUASI 6000 EURO AL BELLUNESE TRUFFATO<\/h3>\n<\/blockquote>\n<p><strong><a class=\"dt-pswp-item\" href=\"https:\/\/www.radiopiu.net\/wordpress\/wp-content\/uploads\/2018\/09\/POLIZIA-2.jpg\" data-dt-img-description=\"\" data-large_image_width=\"768\" data-large_image_height=\"512\"><img loading=\"lazy\" decoding=\"async\" class=\"size-medium wp-image-60259 alignleft\" src=\"https:\/\/www.radiopiu.net\/wordpress\/wp-content\/uploads\/2018\/09\/POLIZIA-2-300x200.jpg\" alt=\"\" width=\"300\" height=\"200\" srcset=\"https:\/\/www.radiopiu.net\/wordpress\/wp-content\/uploads\/2018\/09\/POLIZIA-2-300x200.jpg 300w, https:\/\/www.radiopiu.net\/wordpress\/wp-content\/uploads\/2018\/09\/POLIZIA-2.jpg 768w\" sizes=\"auto, (max-width: 300px) 100vw, 300px\" \/><\/a>BELLUNO \u00a0<\/strong>La Squadra Mobile di Belluno ha denunciato all\u2019Autorit\u00e0 Giudiziaria cinque\u00a0 persone per truffa in concorso. Soggetti italiani residenti\u00a0 in parte nel bresciano e in\u00a0 parte nella provincia di Chieti, et\u00e0 compresa tra i 25 ed i 40 anni.<\/p>\n<p><strong>I FATTI<\/strong>\u00a0 Lo scorso luglio\u00a0 un bellunese ha sporto denuncia in Questura. Dopo aver messo in vendita mobili su <span style=\"color: #0000ff;\">www.subito.it<\/span> \u00e8 stato contattato da uno sconosciuto interessato all\u2019acquisto dei beni, e disposto a pagare non solo i 400 euro richiesti ma anche\u00a0 un sovrapprezzo di 100 euro. <strong>LA TRUFFA\u00a0<\/strong> La vittima, seguendo le indicazioni del malintenzionato via telefono, recatasi ad un bancomat ha digitato un numero di conto corrente dettato dal truffatore traslando 502 euro. Terminata l\u2019operazione a dire del &#8220;cliente&#8221; non riuscita, il bellunese riproponeva l&#8217;intera procedura inserendo un importo di 928 euro. Anche in quest\u2019occasione dall&#8217;altro capo del telefono\u00a0 il truffatore lamentava che il pagamento non era andato a buon fine. Il truffato ripeteva l\u2019operazione altre tre volte, con importi superiori al migliaio di euro. Nonostante le insistenze del truffatore, ad un certo punto\u00a0 l&#8217;uomo che ha sporto querela\u00a0 si rifiutava di proseguire con ulteriori tentativi e sospendeva le comunicazioni con il delinquente, sospettando di essere stato vittima di una truffa.<strong> LA CONFERMA IN BANCA<\/strong>\u00a0 l&#8217;Istituto di Credito che ha emesso il bancomat ha documentato\u00a0 le operazioni fraudolente per 5.790 euro. <strong>IL TRUFFATORE<\/strong>: l&#8217;intestatario dell&#8217;utenza \u00e8 un soggetto straniero inesistente, con precedenti di polizia per reati analoghi commessi sull\u2019intero territorio nazionale. Resta da capire se le persone denunciate, intestatarie delle carte prepagate dove \u00e8 confluito il denaro (soggetti con precedenti di polizia per reati analoghi commessi in Italia) siano\u00a0 o meno dei prestanome, utilizzati da un unico regista per intestare le carte prepagate e compiere questo tipo di frodi<\/p>\n<p>&nbsp;<\/p>\n<p>&nbsp;<\/p>\n<hr \/>\n<p>&nbsp;<\/p>\n<blockquote>\n<h3>UN GROSSO SASSO PRECIPITA SULLA STRADA DI CONTRIN A LIVINALLONGO<\/h3>\n<\/blockquote>\n<p><b>LIVINALLONGO\u00a0<\/b>Un sasso di grosse dimensioni \u00e8 finito sulla strada comunale di Contrin senza causare danni a persone o veicoli. Sono in corso gli accertamenti per mettere in sicurezza l\u2019area e per individuare la causa del distacco che sembra quasi certamente imputabile agli eventi calamitosi dello scorso novembre, che proprio su quella zona causarono lo schianto di un centinaio di piante, l\u2019isolamento per alcuni giorni della Frazione di Contrin e il contestuale intervento in pi\u00f9 occasioni dei Vigili del Fuoco di Livinallongo e delle maestranze comunali per liberare la sede stradale.\u00a0 &#8220;<em>Un rischio, quello della caduta massi sulla viabilit\u00e0, che a Livinallongo preoccupa non poco. Sono infatti pi\u00f9 di 9,5 i km di viabilit\u00e0 principale e comunale a rischio dopo Vaia che dovranno essere protetti con adeguate strutture di difesa&#8221; dice Leandro Grones Sindaco di Livinallongo<\/em><\/p>\n\n\t\t\t<style type='text\/css'>\n\t\t\t\t#gallery-1 {\n\t\t\t\t\tmargin: auto;\n\t\t\t\t}\n\t\t\t\t#gallery-1 .gallery-item {\n\t\t\t\t\tfloat: left;\n\t\t\t\t\tmargin-top: 10px;\n\t\t\t\t\ttext-align: center;\n\t\t\t\t\twidth: 50%;\n\t\t\t\t}\n\t\t\t\t#gallery-1 img {\n\t\t\t\t\tborder: 2px solid #cfcfcf;\n\t\t\t\t}\n\t\t\t\t#gallery-1 .gallery-caption {\n\t\t\t\t\tmargin-left: 0;\n\t\t\t\t}\n\t\t\t\t\/* see gallery_shortcode() in wp-includes\/media.php *\/\n\t\t\t<\/style>\n\t\t<div id='gallery-1' class='dt-gallery-container gallery galleryid-169426 gallery-columns-2 gallery-size-medium'><dl class='gallery-item'>\n\t\t\t\t<dt class='gallery-icon landscape'>\n\t\t\t\t\t<a class=\"rollover rollover-zoom dt-pswp-item\" title=\"c7ceb803-7127-4e0d-bbe5-1453a10651b0\" data-dt-img-description=\"\" data-large_image_width=\"957\" data-large_image_height=\"774\"href='https:\/\/www.radiopiu.net\/wordpress\/wp-content\/uploads\/2020\/10\/c7ceb803-7127-4e0d-bbe5-1453a10651b0.jpg'><img loading=\"lazy\" decoding=\"async\" width=\"300\" height=\"243\" src=\"https:\/\/www.radiopiu.net\/wordpress\/wp-content\/uploads\/2020\/10\/c7ceb803-7127-4e0d-bbe5-1453a10651b0-300x243.jpg\" class=\"attachment-medium size-medium\" alt=\"\" srcset=\"https:\/\/www.radiopiu.net\/wordpress\/wp-content\/uploads\/2020\/10\/c7ceb803-7127-4e0d-bbe5-1453a10651b0-300x243.jpg 300w, https:\/\/www.radiopiu.net\/wordpress\/wp-content\/uploads\/2020\/10\/c7ceb803-7127-4e0d-bbe5-1453a10651b0-768x621.jpg 768w, https:\/\/www.radiopiu.net\/wordpress\/wp-content\/uploads\/2020\/10\/c7ceb803-7127-4e0d-bbe5-1453a10651b0.jpg 957w\" sizes=\"auto, (max-width: 300px) 100vw, 300px\" \/><\/a>\n\t\t\t\t<\/dt><\/dl><dl class='gallery-item'>\n\t\t\t\t<dt class='gallery-icon portrait'>\n\t\t\t\t\t<a class=\"rollover rollover-zoom dt-pswp-item\" title=\"96224989-8e66-4eb2-9c58-b44b1069a594\" data-dt-img-description=\"\" data-large_image_width=\"768\" data-large_image_height=\"1024\"href='https:\/\/www.radiopiu.net\/wordpress\/wp-content\/uploads\/2020\/10\/96224989-8e66-4eb2-9c58-b44b1069a594.jpg'><img loading=\"lazy\" decoding=\"async\" width=\"225\" height=\"300\" src=\"https:\/\/www.radiopiu.net\/wordpress\/wp-content\/uploads\/2020\/10\/96224989-8e66-4eb2-9c58-b44b1069a594-225x300.jpg\" class=\"attachment-medium size-medium\" alt=\"\" srcset=\"https:\/\/www.radiopiu.net\/wordpress\/wp-content\/uploads\/2020\/10\/96224989-8e66-4eb2-9c58-b44b1069a594-225x300.jpg 225w, https:\/\/www.radiopiu.net\/wordpress\/wp-content\/uploads\/2020\/10\/96224989-8e66-4eb2-9c58-b44b1069a594.jpg 768w\" sizes=\"auto, (max-width: 225px) 100vw, 225px\" \/><\/a>\n\t\t\t\t<\/dt><\/dl><br style=\"clear: both\" \/>\n\t\t\t<\/div>\n\n<p>&nbsp;<\/p>\n<hr \/>\n<p>&nbsp;<\/p>\n<blockquote>\n<h3>PROVINCIALE 3 VALLE IMPERINA, SITUAZIONE CHE PEGGIORA GIORNO DOPO GIORNO<\/h3>\n<\/blockquote>\n<p><strong>RIVAMONTE<\/strong> Giorno dopo giorno, pioggia dopo pioggia peggiora\u00a0 la situazione lungo la provinciale 3 di Valle Imperina sopra Ponte Alto. Nelle ultime ore nuova fessurazione del manto stradale verso valle come si evince dalle tre fotografie scattate ieri mattina di buon&#8217;ora e raffrontate a quelle dello scorso 5 ottobre,\u00a0 giorno in cui la strada \u00e8 stata prima chiusa e poi delimitata in seguito allo smottamento anche del muro di contenimento.<\/p>\n<h3><strong>IERI (foto Andrea Amico)<\/strong><\/h3>\n\n\t\t\t<style type='text\/css'>\n\t\t\t\t#gallery-2 {\n\t\t\t\t\tmargin: auto;\n\t\t\t\t}\n\t\t\t\t#gallery-2 .gallery-item {\n\t\t\t\t\tfloat: left;\n\t\t\t\t\tmargin-top: 10px;\n\t\t\t\t\ttext-align: center;\n\t\t\t\t\twidth: 33%;\n\t\t\t\t}\n\t\t\t\t#gallery-2 img {\n\t\t\t\t\tborder: 2px solid #cfcfcf;\n\t\t\t\t}\n\t\t\t\t#gallery-2 .gallery-caption {\n\t\t\t\t\tmargin-left: 0;\n\t\t\t\t}\n\t\t\t\t\/* see gallery_shortcode() in wp-includes\/media.php *\/\n\t\t\t<\/style>\n\t\t<div id='gallery-2' class='dt-gallery-container gallery galleryid-169426 gallery-columns-3 gallery-size-thumbnail'><dl class='gallery-item'>\n\t\t\t\t<dt class='gallery-icon portrait'>\n\t\t\t\t\t<a class=\"rollover rollover-zoom dt-pswp-item\" title=\"123088225_1693818700787846_1738762466880294287_n\" data-dt-img-description=\"\" data-large_image_width=\"563\" data-large_image_height=\"750\"href='https:\/\/www.radiopiu.net\/wordpress\/wp-content\/uploads\/2020\/10\/123088225_1693818700787846_1738762466880294287_n.jpg'><img loading=\"lazy\" decoding=\"async\" width=\"150\" height=\"150\" src=\"https:\/\/www.radiopiu.net\/wordpress\/wp-content\/uploads\/2020\/10\/123088225_1693818700787846_1738762466880294287_n-150x150.jpg\" class=\"attachment-thumbnail size-thumbnail\" alt=\"\" \/><\/a>\n\t\t\t\t<\/dt><\/dl><dl class='gallery-item'>\n\t\t\t\t<dt class='gallery-icon portrait'>\n\t\t\t\t\t<a class=\"rollover rollover-zoom dt-pswp-item\" title=\"123244764_2679799185610133_5282047144632497758_n\" data-dt-img-description=\"\" data-large_image_width=\"563\" data-large_image_height=\"750\"href='https:\/\/www.radiopiu.net\/wordpress\/wp-content\/uploads\/2020\/10\/123244764_2679799185610133_5282047144632497758_n.jpg'><img loading=\"lazy\" decoding=\"async\" width=\"150\" height=\"150\" src=\"https:\/\/www.radiopiu.net\/wordpress\/wp-content\/uploads\/2020\/10\/123244764_2679799185610133_5282047144632497758_n-150x150.jpg\" class=\"attachment-thumbnail size-thumbnail\" alt=\"\" \/><\/a>\n\t\t\t\t<\/dt><\/dl><dl class='gallery-item'>\n\t\t\t\t<dt class='gallery-icon portrait'>\n\t\t\t\t\t<a class=\"rollover rollover-zoom dt-pswp-item\" title=\"123061957_366810061202097_4596407266373352177_n\" data-dt-img-description=\"\" data-large_image_width=\"563\" data-large_image_height=\"750\"href='https:\/\/www.radiopiu.net\/wordpress\/wp-content\/uploads\/2020\/10\/123061957_366810061202097_4596407266373352177_n.jpg'><img loading=\"lazy\" decoding=\"async\" width=\"150\" height=\"150\" src=\"https:\/\/www.radiopiu.net\/wordpress\/wp-content\/uploads\/2020\/10\/123061957_366810061202097_4596407266373352177_n-150x150.jpg\" class=\"attachment-thumbnail size-thumbnail\" alt=\"\" \/><\/a>\n\t\t\t\t<\/dt><\/dl><br style=\"clear: both\" \/>\n\t\t\t<\/div>\n\n<h3>\u00a0 FOTO 5 OTTOBRE<\/h3>\n\n\t\t\t<style type='text\/css'>\n\t\t\t\t#gallery-3 {\n\t\t\t\t\tmargin: auto;\n\t\t\t\t}\n\t\t\t\t#gallery-3 .gallery-item {\n\t\t\t\t\tfloat: left;\n\t\t\t\t\tmargin-top: 10px;\n\t\t\t\t\ttext-align: center;\n\t\t\t\t\twidth: 33%;\n\t\t\t\t}\n\t\t\t\t#gallery-3 img {\n\t\t\t\t\tborder: 2px solid #cfcfcf;\n\t\t\t\t}\n\t\t\t\t#gallery-3 .gallery-caption {\n\t\t\t\t\tmargin-left: 0;\n\t\t\t\t}\n\t\t\t\t\/* see gallery_shortcode() in wp-includes\/media.php *\/\n\t\t\t<\/style>\n\t\t<div id='gallery-3' class='dt-gallery-container gallery galleryid-169426 gallery-columns-3 gallery-size-thumbnail'><dl class='gallery-item'>\n\t\t\t\t<dt class='gallery-icon landscape'>\n\t\t\t\t\t<a class=\"rollover rollover-zoom dt-pswp-item\" title=\"6253ad2d-3572-4052-aa0b-aa35833da81f\" data-dt-img-description=\"\" data-large_image_width=\"1600\" data-large_image_height=\"1200\"href='https:\/\/www.radiopiu.net\/wordpress\/wp-content\/uploads\/2020\/10\/6253ad2d-3572-4052-aa0b-aa35833da81f.jpg'><img loading=\"lazy\" decoding=\"async\" width=\"150\" height=\"150\" src=\"https:\/\/www.radiopiu.net\/wordpress\/wp-content\/uploads\/2020\/10\/6253ad2d-3572-4052-aa0b-aa35833da81f-150x150.jpg\" class=\"attachment-thumbnail size-thumbnail\" alt=\"\" srcset=\"https:\/\/www.radiopiu.net\/wordpress\/wp-content\/uploads\/2020\/10\/6253ad2d-3572-4052-aa0b-aa35833da81f-150x150.jpg 150w, https:\/\/www.radiopiu.net\/wordpress\/wp-content\/uploads\/2020\/10\/6253ad2d-3572-4052-aa0b-aa35833da81f-125x125.jpg 125w, https:\/\/www.radiopiu.net\/wordpress\/wp-content\/uploads\/2020\/10\/6253ad2d-3572-4052-aa0b-aa35833da81f-200x200.jpg 200w, https:\/\/www.radiopiu.net\/wordpress\/wp-content\/uploads\/2020\/10\/6253ad2d-3572-4052-aa0b-aa35833da81f-80x80.jpg 80w\" sizes=\"auto, (max-width: 150px) 100vw, 150px\" \/><\/a>\n\t\t\t\t<\/dt><\/dl><dl class='gallery-item'>\n\t\t\t\t<dt class='gallery-icon landscape'>\n\t\t\t\t\t<a class=\"rollover rollover-zoom dt-pswp-item\" title=\"889185fc-9d62-4357-941c-50f2ec89eb9f\" data-dt-img-description=\"\" data-large_image_width=\"2048\" data-large_image_height=\"1536\"href='https:\/\/www.radiopiu.net\/wordpress\/wp-content\/uploads\/2020\/10\/889185fc-9d62-4357-941c-50f2ec89eb9f.jpg'><img loading=\"lazy\" decoding=\"async\" width=\"150\" height=\"150\" src=\"https:\/\/www.radiopiu.net\/wordpress\/wp-content\/uploads\/2020\/10\/889185fc-9d62-4357-941c-50f2ec89eb9f-150x150.jpg\" class=\"attachment-thumbnail size-thumbnail\" alt=\"\" srcset=\"https:\/\/www.radiopiu.net\/wordpress\/wp-content\/uploads\/2020\/10\/889185fc-9d62-4357-941c-50f2ec89eb9f-150x150.jpg 150w, https:\/\/www.radiopiu.net\/wordpress\/wp-content\/uploads\/2020\/10\/889185fc-9d62-4357-941c-50f2ec89eb9f-125x125.jpg 125w, https:\/\/www.radiopiu.net\/wordpress\/wp-content\/uploads\/2020\/10\/889185fc-9d62-4357-941c-50f2ec89eb9f-200x200.jpg 200w, https:\/\/www.radiopiu.net\/wordpress\/wp-content\/uploads\/2020\/10\/889185fc-9d62-4357-941c-50f2ec89eb9f-80x80.jpg 80w\" sizes=\"auto, (max-width: 150px) 100vw, 150px\" \/><\/a>\n\t\t\t\t<\/dt><\/dl><dl class='gallery-item'>\n\t\t\t\t<dt class='gallery-icon landscape'>\n\t\t\t\t\t<a class=\"rollover rollover-zoom dt-pswp-item\" title=\"906a8ed4-24d2-48e3-879d-3a9b64c58c45\" data-dt-img-description=\"\" data-large_image_width=\"320\" data-large_image_height=\"240\"href='https:\/\/www.radiopiu.net\/wordpress\/wp-content\/uploads\/2020\/10\/906a8ed4-24d2-48e3-879d-3a9b64c58c45.jpg'><img loading=\"lazy\" decoding=\"async\" width=\"150\" height=\"150\" src=\"https:\/\/www.radiopiu.net\/wordpress\/wp-content\/uploads\/2020\/10\/906a8ed4-24d2-48e3-879d-3a9b64c58c45-150x150.jpg\" class=\"attachment-thumbnail size-thumbnail\" alt=\"\" srcset=\"https:\/\/www.radiopiu.net\/wordpress\/wp-content\/uploads\/2020\/10\/906a8ed4-24d2-48e3-879d-3a9b64c58c45-150x150.jpg 150w, https:\/\/www.radiopiu.net\/wordpress\/wp-content\/uploads\/2020\/10\/906a8ed4-24d2-48e3-879d-3a9b64c58c45-125x125.jpg 125w, https:\/\/www.radiopiu.net\/wordpress\/wp-content\/uploads\/2020\/10\/906a8ed4-24d2-48e3-879d-3a9b64c58c45-200x200.jpg 200w, https:\/\/www.radiopiu.net\/wordpress\/wp-content\/uploads\/2020\/10\/906a8ed4-24d2-48e3-879d-3a9b64c58c45-80x80.jpg 80w\" sizes=\"auto, (max-width: 150px) 100vw, 150px\" \/><\/a>\n\t\t\t\t<\/dt><\/dl><br style=\"clear: both\" \/>\n\t\t\t<\/div>\n\n<p>&nbsp;<\/p>\n<p>&nbsp;<\/p>\n<hr \/>\n<p>&nbsp;<\/p>\n<blockquote>\n<h3>LUXOTTICA: L&#8217;ACUIRSI DELLA PANDEMIA RIPORTA I TURNI DA DISTANZIAMENTO<\/h3>\n<\/blockquote>\n<p><strong><img loading=\"lazy\" decoding=\"async\" class=\"alignleft\" src=\"https:\/\/www.radiopiu.net\/wordpress\/wp-content\/uploads\/2020\/03\/NOVITA-LUXOTTICA.jpg\" width=\"300\" height=\"169\" \/>AGORDO<\/strong> Gi\u00e0 da lunedi 9 novembre tornano i turni covid: dalle 5.45 alle 13.45 e dalle 14.15 alle 22.15. A breve Luxottica comunicher\u00e0 gli orari e render\u00e0 ufficiale la notizia. Orari che permetteranno come a primavera di distanziare i turni, evitare i punti d&#8217;incontro. Iniziative importanti per combattere gli assembramenti.<\/p>\n<p>Anche i servizi di trasporto collettivo per lo stabilimento Luxottica subiranno variazioni, la Commissione Trasporti RSU ha gi\u00e0 contattato l&#8217;azienda, ma per il momento non c&#8217;\u00e8 ancora una definizione completa di quali corse saranno disponibili sulle diverse tratte, per lunedi \u00e8 previsto un incontro interlocutorio tra la commissione e l&#8217;azienda che ha comunque gi\u00e0 confermato le corse per l&#8217;orario a giornata (8-17) e per entrambi i turni diurni (5.45-13.15 e 14.15-22.15 da Belluno, Feltre, Falcade e un solo orario dal Primiero.<\/p>\n<p>Per i turnisti diurni (PTI: 7.45-13.45 e 14.15-20.15) \u00e8 gi\u00e0 stato annunciato il servizio sulle tratte da Belluno e da Feltre. Le restanti tratte sono in fase di valutazione e per questo sar\u00e0 necessario attende l&#8217;incontro di lunedi a novembre ormai iniziato&#8230;<\/p>\n<p>&nbsp;<\/p>\n<hr \/>\n<p>&nbsp;<\/p>\n<blockquote>\n<h3>ESSILORLUXOTTICA, DEL VECCHIO E SAGNIERES SCRIVONO AI &#8220;COLLEGHI&#8221;<\/h3>\n<\/blockquote>\n<blockquote><p><em>Boost per costruire un&#8217; identit\u00e0 comune, ovvero una EssilorLuxottica veramente unita.<\/em><\/p><\/blockquote>\n<p><strong><img loading=\"lazy\" decoding=\"async\" class=\"alignleft\" src=\"https:\/\/www.radiopiu.net\/wordpress\/wp-content\/uploads\/2020\/09\/ESSILOR-GRANDVISION-300x300.jpg\" width=\"177\" height=\"177\" \/>FRANCIA_AGORDO<\/strong> <em>&#8220;Mentre prepariamo questo messaggio, il mondo affronta un\u2019emergenza senza precedenti. I nostri pensieri sono sempre rivolti ai nostri dipendenti e alle comunit\u00e0 pi\u00f9 colpite dal covid19.\u00a0 Tutti voi avete dato uno straordinario esempio di solidariet\u00e0 e impegno e, insieme, possiamo guardare con fiducia alla possibilit\u00e0 di uscire pi\u00f9 forti da questa crisi&#8221;. <\/em>Inizia cos\u00ec l&#8217;accorato messaggio che i numeri uno dell&#8217;occhiale e delle lenti inviano ai loro &#8220;colleghi&#8221;, cos\u00ec da sempre chiamano i loro operai, impiegati, dirigenti. Leonardo Del Vecchio Presidente Esecutivo e il suo vice Hubert Sagnieres ribadiscono che continuano\u00a0 a gestire e a seguire gli sviluppi della situazione, e a lavorare con impegno per raggiungere gli obiettivi in tutte le aree geografiche. I due mettono in risalto come nel percorso la partecipazione azionaria dei dipendenti potr\u00e0 avere un ruolo ancora pi\u00f9 importante citando l&#8217;esempio dello scorso anno con \u00a0il piano di azionariato diffuso per i dipendenti di EssilorLuxottica. Ovvero l&#8217;opportunit\u00e0 di acquistare azioni del Gruppo ad un prezzo favorevole. Iniziativa che lo scorso anno ha\u00a0 registrato un tasso di sottoscrizione superiore al 67%,\u00a0 pi\u00f9 di 56.000 dipendenti EssilorLuxottica detengono oggi una partecipazione finanziaria nella Societ\u00e0.<em> &#8220;Il successo del piano ci riempie di orgoglio e conferma la fiducia che ogni dipendente ripone in noi, scegliendo di prendere parte a questo percorso e allineando i propri interessi a lungo termine con <\/em><em>quelli del Gruppo e degli altri azionisti. Ognuno potr\u00e0 detenere una piccola parte dell\u2019azienda e condividere la nostra strategia e la nostra mission&#8221;. <\/em>Con questo invito Del Vecchio e Sagnieres ribadiscono la convinzione \u00a0che tutti possano contribuire attivamente alla crescita di EssilorLuxottica e alla creazione di valore e opportunit\u00e0 per tutti. Per questo motivo il livello di coinvolgimento dei dipendenti sar\u00e0 esteso alla \u00a0Cina e all&#8217;India. &#8220;<em>Raddoppieremo cos\u00ec il numero di <\/em><em>dipendenti in Luxottica che potranno accedere a Boost e raggiungeremo nel complesso quasi 80 <\/em><em>paesi in tutto il mondo&#8221;.\u00a0<\/em><\/p>\n<p>&nbsp;<\/p>\n<hr \/>\n<p>&nbsp;<\/p>\n<blockquote>\n<h3>OCCHIO AL PIEDE PESANTE A COL CAVALIER, DA DOMANI AUTOVELOX ATTIVO<\/h3>\n<\/blockquote>\n<p><strong>BELLUNO<\/strong> Entrer\u00e0 in funzione domenica\u00a0 il nuovo rivelatore di velocit\u00e0 a Levego, lungo la Strada Provinciale 1 della Sinistra Piave. <em>\u00abIl nuovo apparecchio consente di misurare la velocit\u00e0 dei veicoli che transitano da Col Cavalier in direzione Ponte nelle Alpi. &#8211; spiega il comandante della Polizia Locale di Belluno, Roberto Rossetti \u2013 Sar\u00e0 in funzione 24 ore su 24: questo ci consentir\u00e0 di monitorare il traffico anche nelle ore notturne, quando non siamo in servizio e quando il minor traffico pu\u00f2 indurre gli automobilisti a correre di pi\u00f9\u00bb. <\/em>In quel tratto di strada il limite \u00e8 di 90 chilometri all&#8217;ora, ridotto a 80 per gli autocarri. <em>\u00abSi conclude cos\u00ec un lungo iter che ci porta ad attivare un importante apparecchio per la sicurezza stradale. &#8211; commenta il sindaco Jacopo Massaro \u2013 Negli anni, lungo quella strada si sono verificati diversi incidenti, anche gravi, dovuti anche all&#8217;eccessiva velocit\u00e0; confidiamo che questo sistema, attivo tutto il giorno e tutti i giorni, possa essere un valido deterrente per gli automobilisti indisciplinati\u00bb.<\/em><\/p>\n\n\t\t\t<style type='text\/css'>\n\t\t\t\t#gallery-4 {\n\t\t\t\t\tmargin: auto;\n\t\t\t\t}\n\t\t\t\t#gallery-4 .gallery-item {\n\t\t\t\t\tfloat: left;\n\t\t\t\t\tmargin-top: 10px;\n\t\t\t\t\ttext-align: center;\n\t\t\t\t\twidth: 33%;\n\t\t\t\t}\n\t\t\t\t#gallery-4 img {\n\t\t\t\t\tborder: 2px solid #cfcfcf;\n\t\t\t\t}\n\t\t\t\t#gallery-4 .gallery-caption {\n\t\t\t\t\tmargin-left: 0;\n\t\t\t\t}\n\t\t\t\t\/* see gallery_shortcode() in wp-includes\/media.php *\/\n\t\t\t<\/style>\n\t\t<div id='gallery-4' class='dt-gallery-container gallery galleryid-169426 gallery-columns-3 gallery-size-thumbnail'><dl class='gallery-item'>\n\t\t\t\t<dt class='gallery-icon landscape'>\n\t\t\t\t\t<a class=\"rollover rollover-zoom dt-pswp-item\" title=\"Rilevatore velocit\u00e0 Levego (1)\" data-dt-img-description=\"\" data-large_image_width=\"2560\" data-large_image_height=\"1921\"href='https:\/\/www.radiopiu.net\/wordpress\/wp-content\/uploads\/2020\/10\/Rilevatore-velocita-Levego-1-scaled.jpg'><img loading=\"lazy\" decoding=\"async\" width=\"150\" height=\"150\" src=\"https:\/\/www.radiopiu.net\/wordpress\/wp-content\/uploads\/2020\/10\/Rilevatore-velocita-Levego-1-150x150.jpg\" class=\"attachment-thumbnail size-thumbnail\" alt=\"\" \/><\/a>\n\t\t\t\t<\/dt><\/dl><dl class='gallery-item'>\n\t\t\t\t<dt class='gallery-icon portrait'>\n\t\t\t\t\t<a class=\"rollover rollover-zoom dt-pswp-item\" title=\"Rilevatore velocit\u00e0 Levego (3)\" data-dt-img-description=\"\" data-large_image_width=\"900\" data-large_image_height=\"1600\"href='https:\/\/www.radiopiu.net\/wordpress\/wp-content\/uploads\/2020\/10\/Rilevatore-velocita-Levego-3.jpg'><img loading=\"lazy\" decoding=\"async\" width=\"150\" height=\"150\" src=\"https:\/\/www.radiopiu.net\/wordpress\/wp-content\/uploads\/2020\/10\/Rilevatore-velocita-Levego-3-150x150.jpg\" class=\"attachment-thumbnail size-thumbnail\" alt=\"\" \/><\/a>\n\t\t\t\t<\/dt><\/dl><dl class='gallery-item'>\n\t\t\t\t<dt class='gallery-icon portrait'>\n\t\t\t\t\t<a class=\"rollover rollover-zoom dt-pswp-item\" title=\"Rilevatore velocit\u00e0 Levego (2)\" data-dt-img-description=\"\" data-large_image_width=\"2218\" data-large_image_height=\"2560\"href='https:\/\/www.radiopiu.net\/wordpress\/wp-content\/uploads\/2020\/10\/Rilevatore-velocita-Levego-2-scaled.jpg'><img loading=\"lazy\" decoding=\"async\" width=\"150\" height=\"150\" src=\"https:\/\/www.radiopiu.net\/wordpress\/wp-content\/uploads\/2020\/10\/Rilevatore-velocita-Levego-2-150x150.jpg\" class=\"attachment-thumbnail size-thumbnail\" alt=\"\" \/><\/a>\n\t\t\t\t<\/dt><\/dl><br style=\"clear: both\" \/>\n\t\t\t<\/div>\n\n<p>&nbsp;<\/p>\n<p>&nbsp;<\/p>\n<p>&nbsp;<\/p>\n<hr \/>\n<blockquote>\n<h2>DILLO A RADIO PIU&#8217;&#8230;LA CROCE VERDE VAL BIOIS<\/h2>\n<\/blockquote>\n<p><strong><a class=\"dt-pswp-item\" href=\"https:\/\/www.radiopiu.net\/wordpress\/wp-content\/uploads\/2020\/08\/CROCE-VERDE-VAL-BIOIS.jpg\" data-dt-img-description=\"\" data-large_image_width=\"1599\" data-large_image_height=\"1200\"><img loading=\"lazy\" decoding=\"async\" class=\"size-medium wp-image-153811 alignleft\" src=\"https:\/\/www.radiopiu.net\/wordpress\/wp-content\/uploads\/2020\/08\/CROCE-VERDE-VAL-BIOIS-300x225.jpg\" alt=\"\" width=\"300\" height=\"225\" srcset=\"https:\/\/www.radiopiu.net\/wordpress\/wp-content\/uploads\/2020\/08\/CROCE-VERDE-VAL-BIOIS-300x225.jpg 300w, https:\/\/www.radiopiu.net\/wordpress\/wp-content\/uploads\/2020\/08\/CROCE-VERDE-VAL-BIOIS-1024x768.jpg 1024w, https:\/\/www.radiopiu.net\/wordpress\/wp-content\/uploads\/2020\/08\/CROCE-VERDE-VAL-BIOIS-768x576.jpg 768w, https:\/\/www.radiopiu.net\/wordpress\/wp-content\/uploads\/2020\/08\/CROCE-VERDE-VAL-BIOIS-1536x1153.jpg 1536w, https:\/\/www.radiopiu.net\/wordpress\/wp-content\/uploads\/2020\/08\/CROCE-VERDE-VAL-BIOIS.jpg 1599w\" sizes=\"auto, (max-width: 300px) 100vw, 300px\" \/><\/a>RADIO PIU&#8217;<\/strong> Riceviamo e pubblichiamo una lettera arrivata in redazione da Falcade a firma di Rodolfo Pellegrinon.<\/p>\n<blockquote><p><span style=\"font-size: x-large;\"><span style=\"font-size: medium;\"><strong>FALCADE<\/strong> Sono stato uno dei fondatori nel lontano 1982 dell&#8217;Associazione Croce Verde Val\u00a0 Biois. Quanti viaggi abbiamo fatto, prima della sua costituzione, in particolare in provincia di Bolzano, presso le varie sedi delle Croci Bianche, per capire e studiare il funzionamento e l\u2019operativit\u00e0. <\/span><\/span><span style=\"font-size: x-large;\"><span style=\"font-size: medium;\">Ricordo che in tutte le sedi ci veniva riferito dai responsabili\u00a0 che ogni associazione necessitava\u00a0 di avere almeno 1 o 2 dipendenti in quanto all\u2019inizio molti si dichiaravano disponibili e\u00a0 con entusiasmo ma con il tempo sarebbero arrivate per vari motivi delle defezioni mettendo in difficolt\u00e0 l\u2019associazione. Ricordo, nella mia qualit\u00e0 di segretario di allora, i miei contatti con i responsabili dell\u2019Ulss per vedere se ci fosse la disponibilit\u00e0 da parte dei Dirigenti Sanitari di intervenire, visti i servizi resi, con contributi vari per il raggiungimento dello scopo. Non c\u2019\u00e8 stato nulla da fare, nessuna risposta, anzi a volte si faticava ad avere il normale rimborso delle spese ordinare per i nostri mezzi. Dopo il mio tentativo credo che nessuno abbia pi\u00f9 portato avanti il problema, tanto \u00e8 vero che pi\u00f9 volte la Croce Verde di Falcade e, credo anche altre associazioni della vallata si sono trovate in situazioni critiche. Le considerazioni e i consigli dei dirigenti delle Croci Bianche di allora sono inesorabilmente risultate veritiere. <\/span><\/span><span style=\"font-size: x-large;\"><span style=\"font-size: medium;\">Un plauso e un ringraziamento va a tutti i volontari che prestano la loro opera gratuitamente per le comunit\u00e0\u00a0 della Valle del Biois. Mi auguro che la Croce Verde Val Biois continui a operare e che venga supportata adeguatamente, anche dal lato finanziario, dalla competente ULSS. <\/span><\/span><strong><span style=\"font-size: x-large;\"><span style=\"font-size: medium;\">Pellegrinon Rodolfo<\/span><\/span><\/strong><\/p><\/blockquote>\n<h2><span style=\"color: #ff0000;\"><strong>IERI ALLA RADIO<\/strong><\/span><\/h2>\n<h3>LA CROCE VERDE VAL BIOIS NON ASSICURA LA COPERTURA TOTALE<\/h3>\n<p><strong>FALCADE<\/strong> La carenza di volontari si fa risentire in Valle del Biois. A malincuore il presidente della Croce\u00a0 Verde Stefano Murer ha comunicato al Pronto Soccorso di Agordo: <em>&#8220;Nelle seguenti giornate la Valle del Biois non \u00e8 in grado di disporre dell&#8217;equipaggio di servizio in reperibilit\u00e0 118: Venerd\u00ec 6, 13, 20 novembre dalle 6 alle\u00a0 20; Venerdi 27 dalle 11 alle 20, Sabato 14 novembre dalle 6 alle 20, lunedi 23 novembre dalle 6 alle 14. In caso di disponibilit\u00e0 di qualche volontario a coprire i buchi provveder\u00f2 a comunicarlo prontamente&#8221;.<\/em><\/p>\n<p><strong>IL PRESIDENTE STEFANO MURER A RADIO PIU<\/strong><\/p>\n<audio class=\"wp-audio-shortcode\" id=\"audio-169426-2\" preload=\"none\" style=\"width: 100%;\" controls=\"controls\"><source type=\"audio\/mpeg\" src=\"https:\/\/www.radiopiu.net\/wordpress\/wp-content\/uploads\/2020\/10\/stefano-murer.mp3?_=2\" \/><a href=\"https:\/\/www.radiopiu.net\/wordpress\/wp-content\/uploads\/2020\/10\/stefano-murer.mp3\">https:\/\/www.radiopiu.net\/wordpress\/wp-content\/uploads\/2020\/10\/stefano-murer.mp3<\/a><\/audio>\n<p>&nbsp;<\/p>\n<p>&nbsp;<\/p>\n<p>&nbsp;<\/p>\n<hr \/>\n<blockquote>\n<h3>QUEI SEGNI DURI DA CANCELLARE: &#8220;QUANDO SENTO IL VENTO CHIUDO LE PERSIANE PER NON VEDERE GLI ALBERI OSCILLARE&#8221;<\/h3>\n<\/blockquote>\n<p><strong><span style=\"color: #ff0000;\">STORIE DI VAIA IN ATTESA DEI RIMBORSI E QUANDO SOFFIA IL VENTO SALE L&#8217;ANGOSCIA<\/span><\/strong><\/p>\n<p><strong>AGORDO<\/strong> Paola e Berto non abitano pi\u00f9 ad Agordo, non pi\u00f9 in cima alla palazzina, preferiscono un appartamento a pian terreno, 45 gradini pi\u00f9 sotto,\u00a0 in un&#8217;altra casa. L&#8217;alluvione ha cambiato le loro vite, ha modificato le emozioni e fatto crescere le paure. Dal vento di Vaia al tetto spazzato via, dai boati da terremoto al ricorso all&#8217;ospedale.<\/p>\n<p>Franco e Rosella da due anni vivono a Cencenighe in riva al Cordevole, due anni fa abitavano nella palazzina sulla strada per l&#8217;ospedale, Marina e il marito dopo un mese in albergo sono tornati in casa muniti di deumidificatore. Lei cresciuta nella bora triestina ma il vento di Vaia era altra cosa<\/p>\n<p><span style=\"color: #ff0000;\">IL &#8220;TETTO CHE PARTE&#8221;<\/span><\/p>\n<p><strong>di GIANNI SANTOMASO<\/strong><\/p>\n<audio class=\"wp-audio-shortcode\" id=\"audio-169426-3\" preload=\"none\" style=\"width: 100%;\" controls=\"controls\"><source type=\"audio\/mpeg\" src=\"https:\/\/www.radiopiu.net\/wordpress\/wp-content\/uploads\/2020\/10\/gianni-casa.mp3?_=3\" \/><a href=\"https:\/\/www.radiopiu.net\/wordpress\/wp-content\/uploads\/2020\/10\/gianni-casa.mp3\">https:\/\/www.radiopiu.net\/wordpress\/wp-content\/uploads\/2020\/10\/gianni-casa.mp3<\/a><\/audio>\n<p>&nbsp;<\/p>\n<h2>GALLERIA FOTOGRAFICA<\/h2>\n\n\t\t\t<style type='text\/css'>\n\t\t\t\t#gallery-5 {\n\t\t\t\t\tmargin: auto;\n\t\t\t\t}\n\t\t\t\t#gallery-5 .gallery-item {\n\t\t\t\t\tfloat: left;\n\t\t\t\t\tmargin-top: 10px;\n\t\t\t\t\ttext-align: center;\n\t\t\t\t\twidth: 20%;\n\t\t\t\t}\n\t\t\t\t#gallery-5 img {\n\t\t\t\t\tborder: 2px solid #cfcfcf;\n\t\t\t\t}\n\t\t\t\t#gallery-5 .gallery-caption {\n\t\t\t\t\tmargin-left: 0;\n\t\t\t\t}\n\t\t\t\t\/* see gallery_shortcode() in wp-includes\/media.php *\/\n\t\t\t<\/style>\n\t\t<div id='gallery-5' class='dt-gallery-container gallery galleryid-169426 gallery-columns-5 gallery-size-thumbnail'><dl class='gallery-item'>\n\t\t\t\t<dt class='gallery-icon portrait'>\n\t\t\t\t\t<a class=\"rollover rollover-zoom dt-pswp-item\" title=\"Paola Paternoster e Alberto Dorigo nella casa nuova\" data-dt-img-description=\"\" data-large_image_width=\"901\" data-large_image_height=\"1600\"href='https:\/\/www.radiopiu.net\/wordpress\/wp-content\/uploads\/2020\/10\/Paola-Paternoster-e-Alberto-Dorigo-nella-casa-nuova.jpg'><img loading=\"lazy\" decoding=\"async\" width=\"150\" height=\"150\" src=\"https:\/\/www.radiopiu.net\/wordpress\/wp-content\/uploads\/2020\/10\/Paola-Paternoster-e-Alberto-Dorigo-nella-casa-nuova-150x150.jpg\" class=\"attachment-thumbnail size-thumbnail\" alt=\"\" aria-describedby=\"gallery-5-169331\" \/><\/a>\n\t\t\t\t<\/dt>\n\t\t\t\t\t<dd class='wp-caption-text gallery-caption' id='gallery-5-169331'>\n\t\t\t\t\tPaola Paternoster e Alberto Dorigo nella casa nuova\n\t\t\t\t\t<\/dd><\/dl><dl class='gallery-item'>\n\t\t\t\t<dt class='gallery-icon landscape'>\n\t\t\t\t\t<a class=\"rollover rollover-zoom dt-pswp-item\" title=\"Qui prima. Di Vaia nella. Vecchia abitazione\" data-dt-img-description=\"Prima. Di Vaia nella. Vecchia abitazione\" data-large_image_width=\"1600\" data-large_image_height=\"1200\"href='https:\/\/www.radiopiu.net\/wordpress\/wp-content\/uploads\/2020\/10\/Qui-prima.-Di-Vaia-nella.-Vecchia-abitazione.jpg'><img loading=\"lazy\" decoding=\"async\" width=\"150\" height=\"150\" src=\"https:\/\/www.radiopiu.net\/wordpress\/wp-content\/uploads\/2020\/10\/Qui-prima.-Di-Vaia-nella.-Vecchia-abitazione-150x150.jpg\" class=\"attachment-thumbnail size-thumbnail\" alt=\"\" aria-describedby=\"gallery-5-169332\" \/><\/a>\n\t\t\t\t<\/dt>\n\t\t\t\t\t<dd class='wp-caption-text gallery-caption' id='gallery-5-169332'>\n\t\t\t\t\tPrima. Di Vaia nella. Vecchia abitazione\n\t\t\t\t\t<\/dd><\/dl><dl class='gallery-item'>\n\t\t\t\t<dt class='gallery-icon landscape'>\n\t\t\t\t\t<a class=\"rollover rollover-zoom dt-pswp-item\" title=\"3b4912c3-7cfb-4d85-9cba-9fc8207e2b39\" data-dt-img-description=\"\" data-large_image_width=\"1500\" data-large_image_height=\"1500\"href='https:\/\/www.radiopiu.net\/wordpress\/wp-content\/uploads\/2020\/10\/3b4912c3-7cfb-4d85-9cba-9fc8207e2b39.jpg'><img loading=\"lazy\" decoding=\"async\" width=\"150\" height=\"150\" src=\"https:\/\/www.radiopiu.net\/wordpress\/wp-content\/uploads\/2020\/10\/3b4912c3-7cfb-4d85-9cba-9fc8207e2b39-150x150.jpg\" class=\"attachment-thumbnail size-thumbnail\" alt=\"\" srcset=\"https:\/\/www.radiopiu.net\/wordpress\/wp-content\/uploads\/2020\/10\/3b4912c3-7cfb-4d85-9cba-9fc8207e2b39-150x150.jpg 150w, https:\/\/www.radiopiu.net\/wordpress\/wp-content\/uploads\/2020\/10\/3b4912c3-7cfb-4d85-9cba-9fc8207e2b39-300x300.jpg 300w, https:\/\/www.radiopiu.net\/wordpress\/wp-content\/uploads\/2020\/10\/3b4912c3-7cfb-4d85-9cba-9fc8207e2b39-1024x1024.jpg 1024w, https:\/\/www.radiopiu.net\/wordpress\/wp-content\/uploads\/2020\/10\/3b4912c3-7cfb-4d85-9cba-9fc8207e2b39-768x768.jpg 768w, https:\/\/www.radiopiu.net\/wordpress\/wp-content\/uploads\/2020\/10\/3b4912c3-7cfb-4d85-9cba-9fc8207e2b39.jpg 1500w\" sizes=\"auto, (max-width: 150px) 100vw, 150px\" \/><\/a>\n\t\t\t\t<\/dt><\/dl><dl class='gallery-item'>\n\t\t\t\t<dt class='gallery-icon portrait'>\n\t\t\t\t\t<a class=\"rollover rollover-zoom dt-pswp-item\" title=\"92cbd6b6-b8c4-4fd5-9ada-daf3ab4b0271\" data-dt-img-description=\"\" data-large_image_width=\"1200\" data-large_image_height=\"1600\"href='https:\/\/www.radiopiu.net\/wordpress\/wp-content\/uploads\/2020\/10\/92cbd6b6-b8c4-4fd5-9ada-daf3ab4b0271.jpg'><img loading=\"lazy\" decoding=\"async\" width=\"150\" height=\"150\" src=\"https:\/\/www.radiopiu.net\/wordpress\/wp-content\/uploads\/2020\/10\/92cbd6b6-b8c4-4fd5-9ada-daf3ab4b0271-150x150.jpg\" class=\"attachment-thumbnail size-thumbnail\" alt=\"\" \/><\/a>\n\t\t\t\t<\/dt><\/dl><dl class='gallery-item'>\n\t\t\t\t<dt class='gallery-icon landscape'>\n\t\t\t\t\t<a class=\"rollover rollover-zoom dt-pswp-item\" title=\"23bc5cf7-046e-4c61-a5b2-60e61bf6d162\" data-dt-img-description=\"\" data-large_image_width=\"1600\" data-large_image_height=\"900\"href='https:\/\/www.radiopiu.net\/wordpress\/wp-content\/uploads\/2020\/10\/23bc5cf7-046e-4c61-a5b2-60e61bf6d162.jpg'><img loading=\"lazy\" decoding=\"async\" width=\"150\" height=\"150\" src=\"https:\/\/www.radiopiu.net\/wordpress\/wp-content\/uploads\/2020\/10\/23bc5cf7-046e-4c61-a5b2-60e61bf6d162-150x150.jpg\" class=\"attachment-thumbnail size-thumbnail\" alt=\"\" \/><\/a>\n\t\t\t\t<\/dt><\/dl><br style=\"clear: both\" \/><dl class='gallery-item'>\n\t\t\t\t<dt class='gallery-icon portrait'>\n\t\t\t\t\t<a class=\"rollover rollover-zoom dt-pswp-item\" title=\"9e727faf-c7d0-4f3d-84cf-abc0732145b0\" data-dt-img-description=\"\" data-large_image_width=\"900\" data-large_image_height=\"1600\"href='https:\/\/www.radiopiu.net\/wordpress\/wp-content\/uploads\/2020\/10\/9e727faf-c7d0-4f3d-84cf-abc0732145b0.jpg'><img loading=\"lazy\" decoding=\"async\" width=\"150\" height=\"150\" src=\"https:\/\/www.radiopiu.net\/wordpress\/wp-content\/uploads\/2020\/10\/9e727faf-c7d0-4f3d-84cf-abc0732145b0-150x150.jpg\" class=\"attachment-thumbnail size-thumbnail\" alt=\"\" \/><\/a>\n\t\t\t\t<\/dt><\/dl><dl class='gallery-item'>\n\t\t\t\t<dt class='gallery-icon landscape'>\n\t\t\t\t\t<a class=\"rollover rollover-zoom dt-pswp-item\" title=\"96438c85-1003-4b11-b1e3-ea4c378c393e\" data-dt-img-description=\"\" data-large_image_width=\"1600\" data-large_image_height=\"900\"href='https:\/\/www.radiopiu.net\/wordpress\/wp-content\/uploads\/2020\/10\/96438c85-1003-4b11-b1e3-ea4c378c393e.jpg'><img loading=\"lazy\" decoding=\"async\" width=\"150\" height=\"150\" src=\"https:\/\/www.radiopiu.net\/wordpress\/wp-content\/uploads\/2020\/10\/96438c85-1003-4b11-b1e3-ea4c378c393e-150x150.jpg\" class=\"attachment-thumbnail size-thumbnail\" alt=\"\" \/><\/a>\n\t\t\t\t<\/dt><\/dl><dl class='gallery-item'>\n\t\t\t\t<dt class='gallery-icon landscape'>\n\t\t\t\t\t<a class=\"rollover rollover-zoom dt-pswp-item\" title=\"c6d207f4-fe72-4f46-b024-c872f8bf6c7a\" data-dt-img-description=\"\" data-large_image_width=\"1600\" data-large_image_height=\"900\"href='https:\/\/www.radiopiu.net\/wordpress\/wp-content\/uploads\/2020\/10\/c6d207f4-fe72-4f46-b024-c872f8bf6c7a.jpg'><img loading=\"lazy\" decoding=\"async\" width=\"150\" height=\"150\" src=\"https:\/\/www.radiopiu.net\/wordpress\/wp-content\/uploads\/2020\/10\/c6d207f4-fe72-4f46-b024-c872f8bf6c7a-150x150.jpg\" class=\"attachment-thumbnail size-thumbnail\" alt=\"\" \/><\/a>\n\t\t\t\t<\/dt><\/dl><dl class='gallery-item'>\n\t\t\t\t<dt class='gallery-icon portrait'>\n\t\t\t\t\t<a class=\"rollover rollover-zoom dt-pswp-item\" title=\"colleselllii\" data-dt-img-description=\"\" data-large_image_width=\"1200\" data-large_image_height=\"1599\"href='https:\/\/www.radiopiu.net\/wordpress\/wp-content\/uploads\/2020\/10\/colleselllii.jpg'><img loading=\"lazy\" decoding=\"async\" width=\"150\" height=\"150\" src=\"https:\/\/www.radiopiu.net\/wordpress\/wp-content\/uploads\/2020\/10\/colleselllii-150x150.jpg\" class=\"attachment-thumbnail size-thumbnail\" alt=\"\" aria-describedby=\"gallery-5-169327\" \/><\/a>\n\t\t\t\t<\/dt>\n\t\t\t\t\t<dd class='wp-caption-text gallery-caption' id='gallery-5-169327'>\n\t\t\t\t\tINTERNI FAM. COLLESELLI\n\t\t\t\t\t<\/dd><\/dl><dl class='gallery-item'>\n\t\t\t\t<dt class='gallery-icon portrait'>\n\t\t\t\t\t<a class=\"rollover rollover-zoom dt-pswp-item\" title=\"collessss\" data-dt-img-description=\"\" data-large_image_width=\"1200\" data-large_image_height=\"1599\"href='https:\/\/www.radiopiu.net\/wordpress\/wp-content\/uploads\/2020\/10\/collessss.jpg'><img loading=\"lazy\" decoding=\"async\" width=\"150\" height=\"150\" src=\"https:\/\/www.radiopiu.net\/wordpress\/wp-content\/uploads\/2020\/10\/collessss-150x150.jpg\" class=\"attachment-thumbnail size-thumbnail\" alt=\"\" aria-describedby=\"gallery-5-169328\" \/><\/a>\n\t\t\t\t<\/dt>\n\t\t\t\t\t<dd class='wp-caption-text gallery-caption' id='gallery-5-169328'>\n\t\t\t\t\tINTERNI FAM. COLLESELLI\n\t\t\t\t\t<\/dd><\/dl><br style=\"clear: both\" \/><dl class='gallery-item'>\n\t\t\t\t<dt class='gallery-icon portrait'>\n\t\t\t\t\t<a class=\"rollover rollover-zoom dt-pswp-item\" title=\"colleselli\" data-dt-img-description=\"\" data-large_image_width=\"1200\" data-large_image_height=\"1599\"href='https:\/\/www.radiopiu.net\/wordpress\/wp-content\/uploads\/2020\/10\/colleselli.jpg'><img loading=\"lazy\" decoding=\"async\" width=\"150\" height=\"150\" src=\"https:\/\/www.radiopiu.net\/wordpress\/wp-content\/uploads\/2020\/10\/colleselli-150x150.jpg\" class=\"attachment-thumbnail size-thumbnail\" alt=\"\" aria-describedby=\"gallery-5-169335\" \/><\/a>\n\t\t\t\t<\/dt>\n\t\t\t\t\t<dd class='wp-caption-text gallery-caption' id='gallery-5-169335'>\n\t\t\t\t\tINTERNI FAM. COLLESELLI\n\t\t\t\t\t<\/dd><\/dl><dl class='gallery-item'>\n\t\t\t\t<dt class='gallery-icon landscape'>\n\t\t\t\t\t<a class=\"rollover rollover-zoom dt-pswp-item\" title=\"c1ecc3ff-a224-4030-9035-7972404053aa\" data-dt-img-description=\"\" data-large_image_width=\"1600\" data-large_image_height=\"1200\"href='https:\/\/www.radiopiu.net\/wordpress\/wp-content\/uploads\/2020\/10\/c1ecc3ff-a224-4030-9035-7972404053aa.jpg'><img loading=\"lazy\" decoding=\"async\" width=\"150\" height=\"150\" src=\"https:\/\/www.radiopiu.net\/wordpress\/wp-content\/uploads\/2020\/10\/c1ecc3ff-a224-4030-9035-7972404053aa-150x150.jpg\" class=\"attachment-thumbnail size-thumbnail\" alt=\"\" aria-describedby=\"gallery-5-169329\" \/><\/a>\n\t\t\t\t<\/dt>\n\t\t\t\t\t<dd class='wp-caption-text gallery-caption' id='gallery-5-169329'>\n\t\t\t\t\tINTERNI FAMIGLIA DORIGO\n\t\t\t\t\t<\/dd><\/dl><dl class='gallery-item'>\n\t\t\t\t<dt class='gallery-icon landscape'>\n\t\t\t\t\t<a class=\"rollover rollover-zoom dt-pswp-item\" title=\"9760048f-b474-44bc-8bb1-f8418d390dca\" data-dt-img-description=\"\" data-large_image_width=\"1600\" data-large_image_height=\"1200\"href='https:\/\/www.radiopiu.net\/wordpress\/wp-content\/uploads\/2020\/10\/9760048f-b474-44bc-8bb1-f8418d390dca.jpg'><img loading=\"lazy\" decoding=\"async\" width=\"150\" height=\"150\" src=\"https:\/\/www.radiopiu.net\/wordpress\/wp-content\/uploads\/2020\/10\/9760048f-b474-44bc-8bb1-f8418d390dca-150x150.jpg\" class=\"attachment-thumbnail size-thumbnail\" alt=\"\" aria-describedby=\"gallery-5-169326\" \/><\/a>\n\t\t\t\t<\/dt>\n\t\t\t\t\t<dd class='wp-caption-text gallery-caption' id='gallery-5-169326'>\n\t\t\t\t\tINTERNI FAMIGLIA DORIGO\n\t\t\t\t\t<\/dd><\/dl><dl class='gallery-item'>\n\t\t\t\t<dt class='gallery-icon portrait'>\n\t\t\t\t\t<a class=\"rollover rollover-zoom dt-pswp-item\" title=\"5b686f30-771b-46e7-98d7-bf871e3adefe\" data-dt-img-description=\"\" data-large_image_width=\"1200\" data-large_image_height=\"1600\"href='https:\/\/www.radiopiu.net\/wordpress\/wp-content\/uploads\/2020\/10\/5b686f30-771b-46e7-98d7-bf871e3adefe.jpg'><img loading=\"lazy\" decoding=\"async\" width=\"150\" height=\"150\" src=\"https:\/\/www.radiopiu.net\/wordpress\/wp-content\/uploads\/2020\/10\/5b686f30-771b-46e7-98d7-bf871e3adefe-150x150.jpg\" class=\"attachment-thumbnail size-thumbnail\" alt=\"\" aria-describedby=\"gallery-5-169334\" \/><\/a>\n\t\t\t\t<\/dt>\n\t\t\t\t\t<dd class='wp-caption-text gallery-caption' id='gallery-5-169334'>\n\t\t\t\t\tINTERNI FAMIGLIA DORIGO\n\t\t\t\t\t<\/dd><\/dl><dl class='gallery-item'>\n\t\t\t\t<dt class='gallery-icon portrait'>\n\t\t\t\t\t<a class=\"rollover rollover-zoom dt-pswp-item\" title=\"21c7813f-584a-4e61-bf8e-2db81a5f29a2\" data-dt-img-description=\"\" data-large_image_width=\"1200\" data-large_image_height=\"1600\"href='https:\/\/www.radiopiu.net\/wordpress\/wp-content\/uploads\/2020\/10\/21c7813f-584a-4e61-bf8e-2db81a5f29a2.jpg'><img loading=\"lazy\" decoding=\"async\" width=\"150\" height=\"150\" src=\"https:\/\/www.radiopiu.net\/wordpress\/wp-content\/uploads\/2020\/10\/21c7813f-584a-4e61-bf8e-2db81a5f29a2-150x150.jpg\" class=\"attachment-thumbnail size-thumbnail\" alt=\"\" aria-describedby=\"gallery-5-169337\" \/><\/a>\n\t\t\t\t<\/dt>\n\t\t\t\t\t<dd class='wp-caption-text gallery-caption' id='gallery-5-169337'>\n\t\t\t\t\tINTERNI FAMIGLIA DORIGO\n\t\t\t\t\t<\/dd><\/dl><br style=\"clear: both\" \/>\n\t\t\t<\/div>\n\n<p>&nbsp;<\/p>\n<hr \/>\n<p>&nbsp;<\/p>\n<blockquote>\n<h3>AUGUSTO BEDONT &#8220;SHERPA&#8221; DOPO 40 ANNI RIPONE LA GERLA<\/h3>\n<\/blockquote>\n<p><strong>CENCENIGHE<\/strong><\/p>\n<p><strong>DI GIANNI SANTOMASO<\/strong><\/p>\n<audio class=\"wp-audio-shortcode\" id=\"audio-169426-4\" preload=\"none\" style=\"width: 100%;\" controls=\"controls\"><source type=\"audio\/mpeg\" src=\"https:\/\/www.radiopiu.net\/wordpress\/wp-content\/uploads\/2020\/10\/GIANNI-SHERPA.mp3?_=4\" \/><a href=\"https:\/\/www.radiopiu.net\/wordpress\/wp-content\/uploads\/2020\/10\/GIANNI-SHERPA.mp3\">https:\/\/www.radiopiu.net\/wordpress\/wp-content\/uploads\/2020\/10\/GIANNI-SHERPA.mp3<\/a><\/audio>\n<p>&nbsp;<\/p>\n\n\t\t\t<style type='text\/css'>\n\t\t\t\t#gallery-6 {\n\t\t\t\t\tmargin: auto;\n\t\t\t\t}\n\t\t\t\t#gallery-6 .gallery-item {\n\t\t\t\t\tfloat: left;\n\t\t\t\t\tmargin-top: 10px;\n\t\t\t\t\ttext-align: center;\n\t\t\t\t\twidth: 50%;\n\t\t\t\t}\n\t\t\t\t#gallery-6 img {\n\t\t\t\t\tborder: 2px solid #cfcfcf;\n\t\t\t\t}\n\t\t\t\t#gallery-6 .gallery-caption {\n\t\t\t\t\tmargin-left: 0;\n\t\t\t\t}\n\t\t\t\t\/* see gallery_shortcode() in wp-includes\/media.php *\/\n\t\t\t<\/style>\n\t\t<div id='gallery-6' class='dt-gallery-container gallery galleryid-169426 gallery-columns-2 gallery-size-medium'><dl class='gallery-item'>\n\t\t\t\t<dt class='gallery-icon portrait'>\n\t\t\t\t\t<a class=\"rollover rollover-zoom dt-pswp-item\" title=\"bbe95d2c-2c00-42af-9420-b2fd97129e98\" data-dt-img-description=\"\" data-large_image_width=\"1200\" data-large_image_height=\"1600\"href='https:\/\/www.radiopiu.net\/wordpress\/wp-content\/uploads\/2020\/10\/bbe95d2c-2c00-42af-9420-b2fd97129e98.jpg'><img loading=\"lazy\" decoding=\"async\" width=\"225\" height=\"300\" src=\"https:\/\/www.radiopiu.net\/wordpress\/wp-content\/uploads\/2020\/10\/bbe95d2c-2c00-42af-9420-b2fd97129e98-225x300.jpg\" class=\"attachment-medium size-medium\" alt=\"\" srcset=\"https:\/\/www.radiopiu.net\/wordpress\/wp-content\/uploads\/2020\/10\/bbe95d2c-2c00-42af-9420-b2fd97129e98-225x300.jpg 225w, https:\/\/www.radiopiu.net\/wordpress\/wp-content\/uploads\/2020\/10\/bbe95d2c-2c00-42af-9420-b2fd97129e98-768x1024.jpg 768w, https:\/\/www.radiopiu.net\/wordpress\/wp-content\/uploads\/2020\/10\/bbe95d2c-2c00-42af-9420-b2fd97129e98-1152x1536.jpg 1152w, https:\/\/www.radiopiu.net\/wordpress\/wp-content\/uploads\/2020\/10\/bbe95d2c-2c00-42af-9420-b2fd97129e98.jpg 1200w\" sizes=\"auto, (max-width: 225px) 100vw, 225px\" \/><\/a>\n\t\t\t\t<\/dt><\/dl><dl class='gallery-item'>\n\t\t\t\t<dt class='gallery-icon portrait'>\n\t\t\t\t\t<a class=\"rollover rollover-zoom dt-pswp-item\" title=\"580b6d76-7465-49e0-8b3e-d2d5fd110ded\" data-dt-img-description=\"\" data-large_image_width=\"1200\" data-large_image_height=\"1600\"href='https:\/\/www.radiopiu.net\/wordpress\/wp-content\/uploads\/2020\/10\/580b6d76-7465-49e0-8b3e-d2d5fd110ded.jpg'><img loading=\"lazy\" decoding=\"async\" width=\"225\" height=\"300\" src=\"https:\/\/www.radiopiu.net\/wordpress\/wp-content\/uploads\/2020\/10\/580b6d76-7465-49e0-8b3e-d2d5fd110ded-225x300.jpg\" class=\"attachment-medium size-medium\" alt=\"\" srcset=\"https:\/\/www.radiopiu.net\/wordpress\/wp-content\/uploads\/2020\/10\/580b6d76-7465-49e0-8b3e-d2d5fd110ded-225x300.jpg 225w, https:\/\/www.radiopiu.net\/wordpress\/wp-content\/uploads\/2020\/10\/580b6d76-7465-49e0-8b3e-d2d5fd110ded-768x1024.jpg 768w, https:\/\/www.radiopiu.net\/wordpress\/wp-content\/uploads\/2020\/10\/580b6d76-7465-49e0-8b3e-d2d5fd110ded-1152x1536.jpg 1152w, https:\/\/www.radiopiu.net\/wordpress\/wp-content\/uploads\/2020\/10\/580b6d76-7465-49e0-8b3e-d2d5fd110ded.jpg 1200w\" sizes=\"auto, (max-width: 225px) 100vw, 225px\" \/><\/a>\n\t\t\t\t<\/dt><\/dl><br style=\"clear: both\" \/>\n\t\t\t<\/div>\n\n<p>&nbsp;<\/p>\n<p>&nbsp;<\/p>\n<p>&nbsp;<\/p>\n<hr \/>\n<blockquote>\n<h3><\/h3>\n<h3>DA OGGI LA MACCHINA RIMANE SENZA SEGRETARIO, SE NE VA MANTOAN\u00a0 PARLA LUCA ZAIA, VENETO TRA POCHE ORE IN FASCIA 3 (SU CINQUE)<\/h3>\n<\/blockquote>\n<p><strong>VENEZIA<\/strong> Dalla sala stampa della Protezione Civile a Marghera, il Presidente del Veneto Luca Zaia fa il punto su l&#8217;emergenza Covid-19.<\/p>\n<p>&nbsp;<\/p>\n<blockquote>\n<h2>LEGGI LA CONFERENZA STAMPA DI LUCA ZAIA<\/h2>\n<p><em>Il contagio cresce in modo esponenziale stiamo andando verso la terza fase. Siamo pronti con i covid center: \u00a0ospedali\u00a0 attrezzati per far s\u00ec che vi siano i punti di riferimento provinciali per il Covid. . Il sacrificio della mascherina non \u00e8\u00a0 insormontabile e faccio appello al senso civico dei veneti. \u00a0Dobbiamo uscirne da questa situazione ci penalizza dal punto di vista ospedaliero ma anche sociale ed economico. Il mio pensiero va ai cittadini imprenditori appassionati che fanno economia senza essere miliardari. Chiudere i ristoranti e non i centri commerciali e musei non ha senso\u00a0 solo uno scarico di responsabilit\u00e0 su poche categorie, mi pare di capire che siano in arrivo novit\u00e0. Potrebbero essere adottati i lockdown leggeri\u00a0 al momento noi non abbiamo alcuna informazione di misure nazionali.\u00a0<\/em><\/p><\/blockquote>\n<p>&nbsp;<\/p>\n<p>L&#8217;alta quota di positivi che intercettiamo con 30 mila tamponi al giorno rispetto ai 2000 di marzo (412 positivi) quindi a primavera ne trovavamo il doppio. Oggi i positivi andiamo a cercarli, ricostruendo le cene, le serata con gli amici, siamo bravi e li troviamo. Questi sono i veri temi. Finch\u00e8 ho il 98% di asintomatici non preoccupa. Andrea in terza fase con i 150 pazienti in terapia intensiva che sta caricando 20 persone al giorno, quindi questione di giorni. Andiamo in terza fase con 900 ricoverati che questa sera saranno superati visto che se ne contano 30 al giorno. Le curve non hanno le ascese di marzo. Un solo dato, l&#8217;infezione il 21 febbraio il 29 marzo erano 356,\u00a0 raggiunta la punta massima in meno di 40 giorni. Oggi seguiamo l&#8217;avventura da inizio ottobre, in un mese 122 persone in terapia intensiva che sono molto meno della scorsa primavera, siamo comunque preoccupati almeno finch\u00e9 non capiremo fino a quando la curva non inizia a scendere, non c&#8217;\u00e8 nulla da gioire. Questa mattina abbiamo parlato di covid center in teleconferenza, si sta procedendo, sono impegnative come scelte e capisco l&#8217;ansia di amminsitratori e cittadini ma non abbiamo alternative. Magari potessimo distribuire i pazienti in maniera indiscriminata in tutti gli ospedali, sono pazienti infettanti e servono ospedali puliti per tutti gli altri interventi. Sono 10 gli ospedali covid center Belluno compreso. Avremo un Hub provinciale e un Hub covid.\u00a0 <strong>RINNOVO MANAGER DELLA SANITA&#8217;, RINNOVAMENTO ANNUNCIATO VALUTA PROROGHE?<\/strong> In tutta sincerit\u00e0 fermi tutti. Non siamo la lotteria stiamo governando e gestendo la sanit\u00e0 da 80mila prestazioni all&#8217;anno con 54mila dipendenti con le macchine pi\u00f9 innovative del mondo, a fine anno scadono tutte le posizioni direzionali (direttori generali) se a fine anno avremo una condizione epidemiologica che si possono fare rinnovi si fanno, ma non escludo la proroga di qualche mese, qualsiasi amministratore farebbe questa scelta non si cambia pilota prima di atterrare \u00e8 questione di buon senso.<strong> IL SONDAGGIO LO DA DAVANTI AL PREMIER CONTE <\/strong>I sondaggi lasciano il tempo che trovano,\u00a0 non mi interessano io sono qui e da qui non mi muovo. I sondaggi mi penalizzano, rendono difficoltose le relazioni con le istituzioni. <strong>DIECI OSPEDALI COVID SOLO COVID?<\/strong> Con gradualit\u00e0, i punti nascita ad esempio li terremo aperti fino a quando sar\u00e0 possibile con percorsi separati. Poi le prestazioni vengono spostate altrove.<strong>VENETO CONTINUERA&#8217; A FARE TAMPONI RAPIDI?<\/strong> Certo non ci siamo mai fermati e continueremo a farlo. <strong>COME E&#8217; STATO GESTITO IL VIRUS D&#8217;ESTATE?\u00a0<\/strong> Abbiamo avuto una remissione totale ma nessuno ha mai dato il via libera\u00a0 agli assembramenti. Le discoteche sono state chiuse di nuovo quasi subito e\u00a0 i contagi in estate sono rimasti bassi,\u00a0 si puo&#8217; pensare sia stata una catena di asintomatici che ora esplode, su questo devono rispondere gli esperti. <strong>TEMATICA SCUOLA<\/strong>\u00a0 Sapevamo che era un rischio i dati hanno iniziato a crescere\u00a0 l&#8217;8 ottobre quando io dicevo che dovevamo ricorrere alla didattica a distanza. Oggi i trasporti sono meno pieni\u00a0 auspicando serva per minimizzare la diffusione del virus.<strong> CHIUSURE?<\/strong> Nessuna notizia dal Governo. <strong>FASE TRE SERVONO MISURE DIVERSE?\u00a0<\/strong> Confermo quando scritto nell&#8217;ordinanza, se di rispettano le misure non serve nulla purch\u00e9 si portino le mascherine, si igienizzino le mani e si evitino gli assembramenti.<strong> PREFABBRICATO DEL QUATAR?<\/strong> E&#8217; li&#8217; montato e siamo pronti anche per riscaldarlo, lasciato li&#8217; volutamente. In caso di emergenza straordinaria torner\u00e0 utile, spero non arrivi mai quel momento. Nessuna ipotesi per ora di attivarlo. <strong>OSPEDALI DISMESSI<\/strong> Questa mattina abbiamo avuto conferma del recupero di 5 ospedali dismessi (740 posti letto) con tubature per ossigeno per dare residenza alberghiera a pazienti non critici con permanenza a casa se hanno ossigeno e assistenza. La protezione civile dovr\u00e0 pulirli e verificare gli impianti di riscaldamento e dell&#8217;acqua, saranno utilizzati nella fase pi\u00f9 acuta dovessero servire, intanto li mettiamo in moto.<\/p>\n<p><strong>MANUELA LANZARIN ASSESSORE ALLA SANITA&#8217;<\/strong> I Covid Center sono 10,\u00a0 punti di riferimento provincial. Disponiamo di mille terapie intensive con i respiratori installati. I Covid Cneter\u00a0 saranno\u00a0 dedicati solo al Coronavirus L&#8217;ospedale non viene smembrato, si continuano le attivit\u00e0 fino a quando possibile. Sono 5 gli ospedali dismessi per l&#8217;ospitalit\u00e0 alberghiera: Valdobbiadene, Noale, Bovolone, Isola della Scala e Monselice dotati delle tubature e condotte per le terapie con ossigeno con\u00a0 740 posti letto per\u00a0 pazienti non critici che hanno necessit\u00e0 di assistenza e ossigeno. Abbiamo 6mila posti di ricoveri in terapia non intensiva in Veneto e 1500 di ospedali di comunit\u00e0: se non bastassero avremmo questi 740 posti per i pazienti in via di dismissione.<\/p>\n<p>https:\/\/www.facebook.com\/zaiaufficiale\/videos\/356455429021574<\/p>\n<p>&nbsp;<\/p>\n<p>&nbsp;<\/p>\n<hr \/>\n<p>&nbsp;<\/p>\n<blockquote class=\"wp-embedded-content\" data-secret=\"BxT7gnLS4R\"><p><a href=\"https:\/\/www.radiopiu.net\/wordpress\/https-wp-me-p63lo7-hoe\/\">CORONAVIRUS: AGGIORNAMENTO NAZIONALE 30 OTTOBRE<\/a><\/p><\/blockquote>\n<p><iframe loading=\"lazy\" class=\"wp-embedded-content\" sandbox=\"allow-scripts\" security=\"restricted\" style=\"position: absolute; clip: rect(1px, 1px, 1px, 1px);\" title=\"&#8220;CORONAVIRUS: AGGIORNAMENTO NAZIONALE 30 OTTOBRE&#8221; &#8212; Radio Pi\u00f9\" src=\"https:\/\/www.radiopiu.net\/wordpress\/https-wp-me-p63lo7-hoe\/embed\/#?secret=BxT7gnLS4R\" data-secret=\"BxT7gnLS4R\" width=\"600\" height=\"338\" frameborder=\"0\" marginwidth=\"0\" marginheight=\"0\" scrolling=\"no\"><\/iframe><\/p>\n<p>&nbsp;<\/p>\n<blockquote class=\"wp-embedded-content\" data-secret=\"ewjad0pOqm\"><p><a href=\"https:\/\/www.radiopiu.net\/wordpress\/https-wp-me-p63lo7-hob\/\">VENETO IN FASE 3: SUPERATI I 900 RICOVERATI,  127 IN TERAPIA INTENSIVA, 18 DECESSI IN 24 ORE<\/a><\/p><\/blockquote>\n<p><iframe loading=\"lazy\" class=\"wp-embedded-content\" sandbox=\"allow-scripts\" security=\"restricted\" style=\"position: absolute; clip: rect(1px, 1px, 1px, 1px);\" title=\"&#8220;VENETO IN FASE 3: SUPERATI I 900 RICOVERATI,  127 IN TERAPIA INTENSIVA, 18 DECESSI IN 24 ORE&#8221; &#8212; Radio Pi\u00f9\" src=\"https:\/\/www.radiopiu.net\/wordpress\/https-wp-me-p63lo7-hob\/embed\/#?secret=ewjad0pOqm\" data-secret=\"ewjad0pOqm\" width=\"600\" height=\"338\" frameborder=\"0\" marginwidth=\"0\" marginheight=\"0\" scrolling=\"no\"><\/iframe><\/p>\n<blockquote>\n<h3><\/h3>\n<div class=\"page-title-head hgroup\">\n<h1 class=\"entry-title\">I GRAFICI DI TIZIANO DE COL DAL MARZO SCORSO \u2013 ESTATE COMPRESA<\/h1>\n<\/div>\n<div class=\"page-title-breadcrumbs\"><strong>TAIBON<\/strong> Anche oggi nel GIORNALE RADIO PIU (il quotidiano on line di RADIO PIU\u00a0 sul sito internet dal 1 aprile 2015 tutti i giorni alle sei del mattino) pubblichiamo i grafici di Tiziano De Col che ringraziamo per l\u2019impegno, la costanza e la puntualit\u00e0. Infatti fin dal marzo scorso, tutti i giorni, Tiziano cura questi grafici con grande attenzione aggiornandoli giorno per giorno senza aver mai perso un colpo, o meglio un giorno, anche sotto il solleone di ferragosto.<\/div>\n<\/blockquote>\n<p><a class=\"dt-pswp-item\" href=\"https:\/\/www.radiopiu.net\/wordpress\/wp-content\/uploads\/2020\/10\/f8948a44-02e3-4462-85f3-4a1a8c3018f6.jpg\" data-dt-img-description=\"\" data-large_image_width=\"827\" data-large_image_height=\"518\"><img loading=\"lazy\" decoding=\"async\" class=\"alignnone size-medium wp-image-169665\" src=\"https:\/\/www.radiopiu.net\/wordpress\/wp-content\/uploads\/2020\/10\/f8948a44-02e3-4462-85f3-4a1a8c3018f6-300x188.jpg\" alt=\"\" width=\"300\" height=\"188\" srcset=\"https:\/\/www.radiopiu.net\/wordpress\/wp-content\/uploads\/2020\/10\/f8948a44-02e3-4462-85f3-4a1a8c3018f6-300x188.jpg 300w, https:\/\/www.radiopiu.net\/wordpress\/wp-content\/uploads\/2020\/10\/f8948a44-02e3-4462-85f3-4a1a8c3018f6-768x481.jpg 768w, https:\/\/www.radiopiu.net\/wordpress\/wp-content\/uploads\/2020\/10\/f8948a44-02e3-4462-85f3-4a1a8c3018f6.jpg 827w\" sizes=\"auto, (max-width: 300px) 100vw, 300px\" \/><\/a><a class=\"dt-pswp-item\" href=\"https:\/\/www.radiopiu.net\/wordpress\/wp-content\/uploads\/2020\/10\/62a4f3ef-bf2f-45b9-b507-75b4a9fbcec4.jpg\" data-dt-img-description=\"\" data-large_image_width=\"592\" data-large_image_height=\"336\"><img loading=\"lazy\" decoding=\"async\" class=\"alignnone size-medium wp-image-169666\" src=\"https:\/\/www.radiopiu.net\/wordpress\/wp-content\/uploads\/2020\/10\/62a4f3ef-bf2f-45b9-b507-75b4a9fbcec4-300x170.jpg\" alt=\"\" width=\"300\" height=\"170\" srcset=\"https:\/\/www.radiopiu.net\/wordpress\/wp-content\/uploads\/2020\/10\/62a4f3ef-bf2f-45b9-b507-75b4a9fbcec4-300x170.jpg 300w, https:\/\/www.radiopiu.net\/wordpress\/wp-content\/uploads\/2020\/10\/62a4f3ef-bf2f-45b9-b507-75b4a9fbcec4.jpg 592w\" sizes=\"auto, (max-width: 300px) 100vw, 300px\" \/><\/a><\/p>\n<p>&nbsp;<\/p>\n<hr \/>\n<h2><span style=\"color: #ff0000;\">\u00a0<\/span><\/h2>\n<h2><span style=\"color: #ff0000;\">AL VENETO 35 MILIONI DALLA CASSA DESPOSITI E PRESTITI<\/span><\/h2>\n<p>17 milioni di euro\u00a0 per finanziare investimenti realizzati direttamente dalla Regione, 18 milioni per investimenti in favore degli enti locali.<\/p>\n<blockquote>\n<h3>CONTRIBUTI DALLA REGIONE PER LA PROVINCIA DI BELLUNO<\/h3>\n<\/blockquote>\n<p><strong><img loading=\"lazy\" decoding=\"async\" class=\"alignleft\" src=\"https:\/\/www.radiopiu.net\/wordpress\/wp-content\/uploads\/2020\/06\/vista-frontale-dei-soldi-della-holding-della-persona_23-2148547912.jpg\" width=\"216\" height=\"162\" \/>VENEZIA<\/strong> Ecco le somme destinate ai Comuni Bellunesi da un comunicato congiunto emesso da Cassa depositi e prestiti e Regione del Veneto\u00a0 delle opere comprese nell\u2019accordo;\u00a0 Contributo per il Comune di Belluno di 270mila euro per l&#8217;ammodernamento della viabilit\u00e0 e realizzazione di una pista ciclo pedonale lungo via Tiziano Vecellio;\u00a0 Contributo all&#8217;Unione Montana Longaronese Zoldo di 24.948 euro per l&#8217;abbattimento delle barriere architettoniche presso il cimitero e l&#8217;ex Municipio di Soverzene; Contributo al Comune di Ospitale di Cadore di 24.950 euro per il rinnovamento e completamento delle strutture sportive di Davestra;\u00a0Contributo al Comune di Borgo Valbelluna di 57.682 euro per la realizzazione del marciapiede lungo la provinciale 635 nell&#8217;abitato di Trichiana; Contributo al Comune di Sospirolo di 24.599 euro per l&#8217;adeguamento e la riqualificazione degli spazi pubblici urbani di Torbe e Oregne; Contributo al Comune di Quero di 48.041 euro per il rinnovo degli impianti sportivi;\u00a0Contributo al Comune di Comelico Superiore di 39,876 euro per il rinnovo dell&#8217;impianto sportivo in localit\u00e0 Sottofucina per il rinnovo della centrale termica e installazione di pannelli solari termici;\u00a0Contributo al Comune di Tambre di 7.504 euro per la riabilitazione e rinnovo degli impianti sportivi di Sant&#8217;Anna e Piane de Dora; Contributo al Comune di Soverzene di 23.640 euro per la riqualificazione del nuovo impianto di illuminazione del centro storico; Contributo al Comune di Cibiana di Cadore di 23.645 euro per l&#8217;efficientamento energetico delle reti di illuminazione pubblica di Borgata Masar\u00e8;\u00a0Contributo al Comune di Domegge di Cadore di 41.289 euro per l&#8217;abbattimento di barriere architettoniche della scuola primaria; Contributo al Comune di Alpago di 107.770 euro per l&#8217;abbattimento delle barriere architettoniche nella sede municipale di Puos; Contributo al Comune di Chies d&#8217;Alpago di 39.335 euro per la messa in sicurezza della scuola dell&#8217;Infanzia di via Foscolo<\/p>\n<p>&nbsp;<\/p>\n<p>&nbsp;<\/p>\n<hr \/>\n<p>&nbsp;<\/p>\n<blockquote>\n<h3><em>DUE ANNI DOPO VAIA: UNA CINQUANTINA DI INTERVENTI AVVIATI DALLA PROVINCIA PER OLTRE 7 MILIARDI DI EURO\u00a0<\/em><\/h3>\n<\/blockquote>\n<p><strong><a class=\"dt-pswp-item\" href=\"https:\/\/www.radiopiu.net\/wordpress\/wp-content\/uploads\/2020\/10\/download-25.jpg\" data-dt-img-description=\"\" data-large_image_width=\"259\" data-large_image_height=\"194\"><img loading=\"lazy\" decoding=\"async\" class=\"size-full wp-image-169621 alignleft\" src=\"https:\/\/www.radiopiu.net\/wordpress\/wp-content\/uploads\/2020\/10\/download-25.jpg\" alt=\"\" width=\"259\" height=\"194\" \/><\/a>BELLUNO\u00a0<\/strong>Sono una cinquantina gli interventi messi in campo dalla Provincia di Belluno a seguito della tempesta Vaia, direttamente o indirettamente connessi agli eventi meteo dell\u2019ottobre 2018. Somme urgenze per ripristini immediati, ma anche progetti pi\u00f9 vasti. Senza contare le operazioni rese necessarie dagli ulteriori episodi di maltempo (tra novembre 2019 e agosto 2020) che hanno aggravato i danni provocati da Vaia. Tra il 2019 e il 2020 sono stati investiti oltre 7 milioni di euro\u00a0 <em>\u00abGli eventi meteo di quel fine ottobre 2018 hanno messo a dura prova il territorio. La risposta della macchina provinciale \u00e8 stata rapida, nonostante la carenza di personale &#8211; commenta il consigliere provinciale delegato alla Difesa del Suolo, Massimo Bortoluzzi -. In tutti i casi in cui siamo intervenuti &#8211; su viabilit\u00e0 di accesso ad abitazioni o su paesi, frazioni e centri abitati &#8211; abbiamo cercato di lavorare per garantire non solo il ripristino dei danni, ma anche una messa in sicurezza che renda vivibili le cosiddette \u201cterre alte\u201d. <\/em>All\u2019indomani della tempesta la Provincia ha varato immediatamente una variazione di bilancio per 1,5 milioni di euro da mettere a disposizione delle prime opere edili. E a distanza di qualche settimana, a fine novembre, ha messo a disposizione delle Unioni Montane altri 4 milioni di euro. <em>\u00abLa Provincia si \u00e8 confermata ente erogatore di servizi per il territorio, a disposizione dei Comuni &#8211; conclude il presidente, Roberto Padrin -.\u00a0A due anni dalla tempesta Vaia molto \u00e8 stato fatto anche grazie alle risorse statali arrivate tramite il commissario Zaia; e molto rimane da fare, nella convinzione che la messa in sicurezza e la manutenzione del territorio \u00e8 fondamentale per la montagna e la gente che vi abita\u00bb.<\/em><\/p>\n\n\t\t\t<style type='text\/css'>\n\t\t\t\t#gallery-7 {\n\t\t\t\t\tmargin: auto;\n\t\t\t\t}\n\t\t\t\t#gallery-7 .gallery-item {\n\t\t\t\t\tfloat: left;\n\t\t\t\t\tmargin-top: 10px;\n\t\t\t\t\ttext-align: center;\n\t\t\t\t\twidth: 16%;\n\t\t\t\t}\n\t\t\t\t#gallery-7 img {\n\t\t\t\t\tborder: 2px solid #cfcfcf;\n\t\t\t\t}\n\t\t\t\t#gallery-7 .gallery-caption {\n\t\t\t\t\tmargin-left: 0;\n\t\t\t\t}\n\t\t\t\t\/* see gallery_shortcode() in wp-includes\/media.php *\/\n\t\t\t<\/style>\n\t\t<div id='gallery-7' class='dt-gallery-container gallery galleryid-169426 gallery-columns-6 gallery-size-thumbnail'><dl class='gallery-item'>\n\t\t\t\t<dt class='gallery-icon landscape'>\n\t\t\t\t\t<a class=\"rollover rollover-zoom dt-pswp-item\" title=\"Rizzios\" data-dt-img-description=\"\" data-large_image_width=\"1600\" data-large_image_height=\"1200\"href='https:\/\/www.radiopiu.net\/wordpress\/wp-content\/uploads\/2020\/10\/Rizzios.jpeg'><img loading=\"lazy\" decoding=\"async\" width=\"150\" height=\"150\" src=\"https:\/\/www.radiopiu.net\/wordpress\/wp-content\/uploads\/2020\/10\/Rizzios-150x150.jpeg\" class=\"attachment-thumbnail size-thumbnail\" alt=\"\" aria-describedby=\"gallery-7-169610\" \/><\/a>\n\t\t\t\t<\/dt>\n\t\t\t\t\t<dd class='wp-caption-text gallery-caption' id='gallery-7-169610'>\n\t\t\t\t\tRizzios\n\t\t\t\t\t<\/dd><\/dl><dl class='gallery-item'>\n\t\t\t\t<dt class='gallery-icon portrait'>\n\t\t\t\t\t<a class=\"rollover rollover-zoom dt-pswp-item\" title=\"Caracoi Rocca Pietore\" data-dt-img-description=\"\" data-large_image_width=\"768\" data-large_image_height=\"1024\"href='https:\/\/www.radiopiu.net\/wordpress\/wp-content\/uploads\/2020\/10\/Caracoi-Rocca-Pietore.jpeg'><img loading=\"lazy\" decoding=\"async\" width=\"150\" height=\"150\" src=\"https:\/\/www.radiopiu.net\/wordpress\/wp-content\/uploads\/2020\/10\/Caracoi-Rocca-Pietore-150x150.jpeg\" class=\"attachment-thumbnail size-thumbnail\" alt=\"\" aria-describedby=\"gallery-7-169611\" \/><\/a>\n\t\t\t\t<\/dt>\n\t\t\t\t\t<dd class='wp-caption-text gallery-caption' id='gallery-7-169611'>\n\t\t\t\t\tCaracoi Rocca Pietore\n\t\t\t\t\t<\/dd><\/dl><dl class='gallery-item'>\n\t\t\t\t<dt class='gallery-icon landscape'>\n\t\t\t\t\t<a class=\"rollover rollover-zoom dt-pswp-item\" title=\"Carfon 1\" data-dt-img-description=\"\" data-large_image_width=\"1600\" data-large_image_height=\"1059\"href='https:\/\/www.radiopiu.net\/wordpress\/wp-content\/uploads\/2020\/10\/Carfon-1.jpeg'><img loading=\"lazy\" decoding=\"async\" width=\"150\" height=\"150\" src=\"https:\/\/www.radiopiu.net\/wordpress\/wp-content\/uploads\/2020\/10\/Carfon-1-150x150.jpeg\" class=\"attachment-thumbnail size-thumbnail\" alt=\"\" aria-describedby=\"gallery-7-169612\" \/><\/a>\n\t\t\t\t<\/dt>\n\t\t\t\t\t<dd class='wp-caption-text gallery-caption' id='gallery-7-169612'>\n\t\t\t\t\tCarfon 1\n\t\t\t\t\t<\/dd><\/dl><dl class='gallery-item'>\n\t\t\t\t<dt class='gallery-icon landscape'>\n\t\t\t\t\t<a class=\"rollover rollover-zoom dt-pswp-item\" title=\"Carfon 2\" data-dt-img-description=\"\" data-large_image_width=\"1600\" data-large_image_height=\"1200\"href='https:\/\/www.radiopiu.net\/wordpress\/wp-content\/uploads\/2020\/10\/Carfon-2.jpeg'><img loading=\"lazy\" decoding=\"async\" width=\"150\" height=\"150\" src=\"https:\/\/www.radiopiu.net\/wordpress\/wp-content\/uploads\/2020\/10\/Carfon-2-150x150.jpeg\" class=\"attachment-thumbnail size-thumbnail\" alt=\"\" aria-describedby=\"gallery-7-169613\" \/><\/a>\n\t\t\t\t<\/dt>\n\t\t\t\t\t<dd class='wp-caption-text gallery-caption' id='gallery-7-169613'>\n\t\t\t\t\tCarfon 2\n\t\t\t\t\t<\/dd><\/dl><dl class='gallery-item'>\n\t\t\t\t<dt class='gallery-icon landscape'>\n\t\t\t\t\t<a class=\"rollover rollover-zoom dt-pswp-item\" title=\"Vader\" data-dt-img-description=\"\" data-large_image_width=\"1600\" data-large_image_height=\"706\"href='https:\/\/www.radiopiu.net\/wordpress\/wp-content\/uploads\/2020\/10\/Vader.jpeg'><img loading=\"lazy\" decoding=\"async\" width=\"150\" height=\"150\" src=\"https:\/\/www.radiopiu.net\/wordpress\/wp-content\/uploads\/2020\/10\/Vader-150x150.jpeg\" class=\"attachment-thumbnail size-thumbnail\" alt=\"\" aria-describedby=\"gallery-7-169614\" \/><\/a>\n\t\t\t\t<\/dt>\n\t\t\t\t\t<dd class='wp-caption-text gallery-caption' id='gallery-7-169614'>\n\t\t\t\t\tVader\n\t\t\t\t\t<\/dd><\/dl><dl class='gallery-item'>\n\t\t\t\t<dt class='gallery-icon landscape'>\n\t\t\t\t\t<a class=\"rollover rollover-zoom dt-pswp-item\" title=\"Bries\" data-dt-img-description=\"\" data-large_image_width=\"2048\" data-large_image_height=\"1536\"href='https:\/\/www.radiopiu.net\/wordpress\/wp-content\/uploads\/2020\/10\/Bries.jpeg'><img loading=\"lazy\" decoding=\"async\" width=\"150\" height=\"150\" src=\"https:\/\/www.radiopiu.net\/wordpress\/wp-content\/uploads\/2020\/10\/Bries-150x150.jpeg\" class=\"attachment-thumbnail size-thumbnail\" alt=\"\" aria-describedby=\"gallery-7-169615\" \/><\/a>\n\t\t\t\t<\/dt>\n\t\t\t\t\t<dd class='wp-caption-text gallery-caption' id='gallery-7-169615'>\n\t\t\t\t\tBries\n\t\t\t\t\t<\/dd><\/dl><br style=\"clear: both\" \/>\n\t\t\t<\/div>\n\n<h1>clicca e scarica<\/h1>\n<h1><span style=\"color: #0000ff;\"><a style=\"color: #0000ff;\" href=\"https:\/\/www.radiopiu.net\/wordpress\/wp-content\/uploads\/2020\/10\/Elenco-lavori-descritti-e-PROGETTI-1.xlsx\">Elenco lavori descritti e PROGETTI-1<\/a><\/span><\/h1>\n<p>&nbsp;<\/p>\n<p>&nbsp;<\/p>\n<hr \/>\n<p>&nbsp;<\/p>\n<blockquote>\n<h3>BOND (FI), ARCURI SMETTA DI FARE TERRORISMO PSICOLOGICO E SI CONCENTRI SULLE FORNITURE MANCATE<\/h3>\n<\/blockquote>\n<p><span style=\"color: #800000;\">DALLA RASSEGNA STAMPA DELLE OTTO<\/span><\/p>\n<audio class=\"wp-audio-shortcode\" id=\"audio-169426-5\" preload=\"none\" style=\"width: 100%;\" controls=\"controls\"><source type=\"audio\/mpeg\" src=\"https:\/\/www.radiopiu.net\/wordpress\/wp-content\/uploads\/2020\/10\/bond-arcuri.mp3?_=5\" \/><a href=\"https:\/\/www.radiopiu.net\/wordpress\/wp-content\/uploads\/2020\/10\/bond-arcuri.mp3\">https:\/\/www.radiopiu.net\/wordpress\/wp-content\/uploads\/2020\/10\/bond-arcuri.mp3<\/a><\/audio>\n<p>&nbsp;<\/p>\n<p><strong><a class=\"dt-pswp-item\" href=\"https:\/\/www.radiopiu.net\/wordpress\/wp-content\/uploads\/2020\/07\/BOND-ROMA.jpg\" data-dt-img-description=\"\" data-large_image_width=\"640\" data-large_image_height=\"640\"><img loading=\"lazy\" decoding=\"async\" class=\" wp-image-149602 alignleft\" src=\"https:\/\/www.radiopiu.net\/wordpress\/wp-content\/uploads\/2020\/07\/BOND-ROMA-300x300.jpg\" alt=\"\" width=\"230\" height=\"230\" srcset=\"https:\/\/www.radiopiu.net\/wordpress\/wp-content\/uploads\/2020\/07\/BOND-ROMA-300x300.jpg 300w, https:\/\/www.radiopiu.net\/wordpress\/wp-content\/uploads\/2020\/07\/BOND-ROMA-150x150.jpg 150w, https:\/\/www.radiopiu.net\/wordpress\/wp-content\/uploads\/2020\/07\/BOND-ROMA.jpg 640w\" sizes=\"auto, (max-width: 230px) 100vw, 230px\" \/><\/a>ROMA\u00a0<\/strong>\u201c<em>Lasciano perplessi le ultime dichiarazioni del commissario Arcuri. Ci sfugge se il commissario sia ancora la persona incaricata a gestire forniture di banchi di scuola a rotelle e letti per terapie intensive oppure sia diventato, a nostra insaputa, il dodicesimo ministro del governo Conte, ministro ombra di Speranza &amp; company. I suoi appelli ai cittadini incutono solo terrore. Questo non significa informare i cittadini, cosa che invece andrebbe fatta, anzi doveva essere fatta da mesi. Sappiamo bene, e lo stiamo imparando a nostre spese, per l\u2019inadeguatezza delle decisioni prese finora dal Governo, che con il virus dobbiamo imparare a convivere, e anche serenamente. Istigare alla paura collettiva, fare terrorismo psicologico non serve a nessuno. Arcuri si concentri sulle sue forniture, visto che, dei 2 milioni di scrivanie monoposto e delle 400mila sedute \u2018innovative\u2019 promesse alle scuole entro fine ottobre, ne mancano all\u2019appello ancora 900 mila<\/em>\u201d. Cos\u00ec in una nota il deputato di Forza Italia, Dario Bond.<\/p>\n<p>&nbsp;<\/p>\n<blockquote>\n<h3>A PROPOSITO DEI PRIVILEGI DELLE PROVINCE AUTONOME E DELLE ORDINANZE FIRMATE E RITIRATE ANCHE DOPO LA &#8220;SOLLEVAZIONE&#8221; DELL&#8217;ALTRA ITALIA<\/h3>\n<\/blockquote>\n<audio class=\"wp-audio-shortcode\" id=\"audio-169426-6\" preload=\"none\" style=\"width: 100%;\" controls=\"controls\"><source type=\"audio\/mpeg\" src=\"https:\/\/www.radiopiu.net\/wordpress\/wp-content\/uploads\/2020\/10\/bond-trnetino.mp3?_=6\" \/><a href=\"https:\/\/www.radiopiu.net\/wordpress\/wp-content\/uploads\/2020\/10\/bond-trnetino.mp3\">https:\/\/www.radiopiu.net\/wordpress\/wp-content\/uploads\/2020\/10\/bond-trnetino.mp3<\/a><\/audio>\n<p>&nbsp;<\/p>\n<p>&nbsp;<\/p>\n<hr \/>\n<p>&nbsp;<\/p>\n<blockquote>\n<h3>CHI OFFRE LA BANDA LARGA FACCIA LA PROPRIA PARTE<\/h3>\n<\/blockquote>\n<p><span style=\"color: #ff0000;\">dalla RASSEGNA STAMPA DELLE OTTO\u00a0<\/span><\/p>\n<audio class=\"wp-audio-shortcode\" id=\"audio-169426-7\" preload=\"none\" style=\"width: 100%;\" controls=\"controls\"><source type=\"audio\/mpeg\" src=\"https:\/\/www.radiopiu.net\/wordpress\/wp-content\/uploads\/2020\/10\/roger.mp3?_=7\" \/><a href=\"https:\/\/www.radiopiu.net\/wordpress\/wp-content\/uploads\/2020\/10\/roger.mp3\">https:\/\/www.radiopiu.net\/wordpress\/wp-content\/uploads\/2020\/10\/roger.mp3<\/a><\/audio>\n<p>&nbsp;<\/p>\n<p style=\"margin: 0px; text-align: justify; font-style: normal; font-variant-caps: normal; font-weight: normal; font-stretch: normal; font-size: 14px; line-height: normal; font-family: Calibri; color: #000000;\"><i>Interrogazione di De Menech al Ministero dell\u2019innovazione per sollecitare l\u2019attivazione delle linee veloci. \u00abI problemi sono nell\u2019ultimo miglio\u00bb<\/i><\/p>\n<p>&nbsp;<\/p>\n<p><strong><a class=\"dt-pswp-item\" href=\"https:\/\/www.radiopiu.net\/wordpress\/wp-content\/uploads\/2016\/01\/slider_01-roger-de-menech-07-07-620x248-e1454393337533.jpg\" data-dt-img-description=\"\" data-large_image_width=\"620\" data-large_image_height=\"248\"><img loading=\"lazy\" decoding=\"async\" class=\"size-medium wp-image-16099 alignleft\" src=\"https:\/\/www.radiopiu.net\/wordpress\/wp-content\/uploads\/2016\/01\/slider_01-roger-de-menech-07-07-620x248-e1454393337533-300x120.jpg\" alt=\"\" width=\"300\" height=\"120\" \/><\/a>ROMA<\/strong> Roger De Menech ha presentato un\u2019interrogazione al Ministro dell\u2019innovazione e digitalizzazione per sapere quali azioni intenda attuare, anche attraverso la sollecitazione agli operatori di telecomunicazione, al fine di fornire servizi che garantiscano una connessione idonea anche e soprattutto agli istituti scolastici che gi\u00e0 utilizzano la didattica a distanza e cosa intenda fare per incentivare e ridurre ulteriormente il digital divide. L\u2019interrogazione prende spunto dalla situazione del Liceo Renier di Belluno a cui era stato assicurato l\u2019attivazione entro l\u2019inizio dell\u2019anno scolastico di una linea veloce. A luglio scorso, il Liceo Renier di Belluno ha fatto richiesta alla compagnia Telecom per l\u2019attivazione di una linea da 200 megabyte. La risposta della compagnia garantiva l\u2019attivazione entro il 14 settembre. Ad oggi, invece, la linea non \u00e8 ancora attiva e l\u2019istituto, con cadenza settimanale, continua a sollecitare per poter garantire la didattica a distanza. Per evitare problemi di sovraccarico della rete, la scuola si \u00e8 vista costretta a invitare gli insegnanti ad essere fisicamente a scuola per il tempo strettamente necessario. Nell\u2019interrogazione, De Menech ricorda che il Dpcm del 24 ottobre ha previsto che nelle scuole superiori la didattica a distanza copra almeno il 75 per cento dell&#8217;orario di lezione. Dal 28 di ottobre, quindi, in tutte le scuole superiori della Provincia di Belluno erano presenti solo il 25 per cento degli studenti; il restante 75 per cento ha seguito le lezioni da casa.<\/p>\n<p>&nbsp;<\/p>\n<hr \/>\n<p>&nbsp;<\/p>\n<p>&nbsp;<\/p>\n<blockquote>\n<h3>LA PANDEMIA NON FERMA LA COMMISSIONE PARI OPPORTUNITA&#8217;<\/h3>\n<\/blockquote>\n<p><img loading=\"lazy\" decoding=\"async\" class=\"alignleft\" src=\"https:\/\/www.radiopiu.net\/wordpress\/wp-content\/uploads\/2020\/10\/6f95dbbb-84d1-4180-b07d-93c2dd6f9478.jpg\" width=\"222\" height=\"169\" \/><strong>FELTRE<\/strong> Lavoro e programmi per la commissione pari opportunit\u00e0 composta da 9 membri con quote politiche e quote di cittadini della societ\u00e0 civile e che vivono in prima linea le pari opportunit\u00e0. Tra gli obiettivi evidenziati: la particolare attenzione al fenomeno della violenza sulle donne (in forte aumento durante questa pandemia soprattutto tra le mura domestiche), la cura delle famiglie con bambini (tra le pi\u00f9 colpite dalla crisi), il coinvolgimento di scuole e associazioni locali per le iniziative future. I primi appuntamenti della Commissione saranno il 25 novembre per Giornata Internazionale contro la violenza sulle donne e il 1 dicembre per la Giornata della lotta all&#8217;HIV.<\/p>\n<p>AI MICROFONI DI RADIO PIU&#8217; L&#8217;ASSESSORE ALLE PARI OPPORTUNITA&#8217; GIORGIA LI CASTRI<\/p>\n<audio class=\"wp-audio-shortcode\" id=\"audio-169426-8\" preload=\"none\" style=\"width: 100%;\" controls=\"controls\"><source type=\"audio\/mpeg\" src=\"https:\/\/www.radiopiu.net\/wordpress\/wp-content\/uploads\/2020\/10\/Adio-Ass.-Li-Castri-su-commissione-pari-opportunita-1.mp3?_=8\" \/><a href=\"https:\/\/www.radiopiu.net\/wordpress\/wp-content\/uploads\/2020\/10\/Adio-Ass.-Li-Castri-su-commissione-pari-opportunita-1.mp3\">https:\/\/www.radiopiu.net\/wordpress\/wp-content\/uploads\/2020\/10\/Adio-Ass.-Li-Castri-su-commissione-pari-opportunita-1.mp3<\/a><\/audio>\n<p>&nbsp;<\/p>\n<p>&nbsp;<\/p>\n<p>&nbsp;<\/p>\n<hr \/>\n<p>&nbsp;<\/p>\n<blockquote>\n<h3>ECCO LA PROVA DELLA RIPRODUZIONE DELLO SCIACALLO DORATO IN COMELICO<\/h3>\n<\/blockquote>\n<p><strong><a class=\"dt-pswp-item\" href=\"https:\/\/www.radiopiu.net\/wordpress\/wp-content\/uploads\/2020\/10\/SCIACALLO-DORATO.jpg\" data-dt-img-description=\"\" data-large_image_width=\"1948\" data-large_image_height=\"1580\"><img loading=\"lazy\" decoding=\"async\" class=\"size-medium wp-image-169551 alignleft\" src=\"https:\/\/www.radiopiu.net\/wordpress\/wp-content\/uploads\/2020\/10\/SCIACALLO-DORATO-300x243.jpg\" alt=\"\" width=\"300\" height=\"243\" srcset=\"https:\/\/www.radiopiu.net\/wordpress\/wp-content\/uploads\/2020\/10\/SCIACALLO-DORATO-300x243.jpg 300w, https:\/\/www.radiopiu.net\/wordpress\/wp-content\/uploads\/2020\/10\/SCIACALLO-DORATO-1024x831.jpg 1024w, https:\/\/www.radiopiu.net\/wordpress\/wp-content\/uploads\/2020\/10\/SCIACALLO-DORATO-768x623.jpg 768w, https:\/\/www.radiopiu.net\/wordpress\/wp-content\/uploads\/2020\/10\/SCIACALLO-DORATO-1536x1246.jpg 1536w, https:\/\/www.radiopiu.net\/wordpress\/wp-content\/uploads\/2020\/10\/SCIACALLO-DORATO.jpg 1948w\" sizes=\"auto, (max-width: 300px) 100vw, 300px\" \/><\/a><\/strong><\/p>\n<p>&nbsp;<\/p>\n<p><strong>BELLUNO<\/strong>\u00a0Ci sono le prove che lo sciacallo dorato (canis aureus) si sia riprodotto in territorio bellunese, in Comelico pi\u00f9 precisamente.<\/p>\n<p>(foto wikipedia)<\/p>\n<p>&nbsp;<\/p>\n<p><strong>\u00a0<\/strong><\/p>\n<p><strong>\u00a0<\/strong><\/p>\n<p><strong>\u00a0<\/strong><\/p>\n<p><strong>DI MORENO GIOLI<\/strong><\/p>\n<audio class=\"wp-audio-shortcode\" id=\"audio-169426-9\" preload=\"none\" style=\"width: 100%;\" controls=\"controls\"><source type=\"audio\/mpeg\" src=\"https:\/\/www.radiopiu.net\/wordpress\/wp-content\/uploads\/2020\/10\/MORENO-SCIACALLO.mp3?_=9\" \/><a href=\"https:\/\/www.radiopiu.net\/wordpress\/wp-content\/uploads\/2020\/10\/MORENO-SCIACALLO.mp3\">https:\/\/www.radiopiu.net\/wordpress\/wp-content\/uploads\/2020\/10\/MORENO-SCIACALLO.mp3<\/a><\/audio>\n<p><strong>\u00a0<\/strong><\/p>\n<p><strong>LORIS PASA, UFFICIO FAUNISTICO<\/strong><\/p>\n<audio class=\"wp-audio-shortcode\" id=\"audio-169426-10\" preload=\"none\" style=\"width: 100%;\" controls=\"controls\"><source type=\"audio\/mpeg\" src=\"https:\/\/www.radiopiu.net\/wordpress\/wp-content\/uploads\/2020\/10\/LORIS-PASA-SCIACALLO.mp3?_=10\" \/><a href=\"https:\/\/www.radiopiu.net\/wordpress\/wp-content\/uploads\/2020\/10\/LORIS-PASA-SCIACALLO.mp3\">https:\/\/www.radiopiu.net\/wordpress\/wp-content\/uploads\/2020\/10\/LORIS-PASA-SCIACALLO.mp3<\/a><\/audio>\n<p>&nbsp;<\/p>\n<p><strong>OSCAR DA ROLD, POLIZIA PROVINCIALE DI BELLUNO<\/strong><\/p>\n<audio class=\"wp-audio-shortcode\" id=\"audio-169426-11\" preload=\"none\" style=\"width: 100%;\" controls=\"controls\"><source type=\"audio\/mpeg\" src=\"https:\/\/www.radiopiu.net\/wordpress\/wp-content\/uploads\/2020\/10\/OSCAR-DA-ROLD-SCIACALLO.mp3?_=11\" \/><a href=\"https:\/\/www.radiopiu.net\/wordpress\/wp-content\/uploads\/2020\/10\/OSCAR-DA-ROLD-SCIACALLO.mp3\">https:\/\/www.radiopiu.net\/wordpress\/wp-content\/uploads\/2020\/10\/OSCAR-DA-ROLD-SCIACALLO.mp3<\/a><\/audio>\n<p>&nbsp;<\/p>\n<p><strong>LA REGISTRAZIONE DELLO SCIACALLO DORATO<\/strong><\/p>\n<audio class=\"wp-audio-shortcode\" id=\"audio-169426-12\" preload=\"none\" style=\"width: 100%;\" controls=\"controls\"><source type=\"audio\/mpeg\" src=\"https:\/\/www.radiopiu.net\/wordpress\/wp-content\/uploads\/2020\/10\/Sciacallo-dorato.mp3?_=12\" \/><a href=\"https:\/\/www.radiopiu.net\/wordpress\/wp-content\/uploads\/2020\/10\/Sciacallo-dorato.mp3\">https:\/\/www.radiopiu.net\/wordpress\/wp-content\/uploads\/2020\/10\/Sciacallo-dorato.mp3<\/a><\/audio>\n<p>&nbsp;<\/p>\n<p><strong>LA RELAZIONE DEL DOTTOR LUCA LAPINI<\/strong><\/p>\n<a href=\"https:\/\/www.radiopiu.net\/wordpress\/wp-content\/uploads\/2020\/10\/Canis-aureus-Comelico.pdf\" class=\"pdfemb-viewer\" style=\"\" data-width=\"max\" data-height=\"max\" data-toolbar=\"top\" data-toolbar-fixed=\"on\">Canis aureus Comelico<\/a>\n<p>&nbsp;<\/p>\n<p>&nbsp;<\/p>\n<hr \/>\n<p>&nbsp;<\/p>\n<blockquote>\n<h3>VIA ALLA FASE OPERATIVA, PROGETTI PRONTI PER I FINANZIAMENTI<\/h3>\n<\/blockquote>\n<p><strong>BELLUNO <\/strong>L&#8217;associazione Belluno Alpina accoglie con soddisfazione i primi interventi concreti sul territorio del comprensorio Quantin-Nevegal-Ronce-Valmorel: <em>\u201cCon i fondi Vaia \u00e8 stato asfaltato il primo chilometro di strada verso Ronce, un primo passo fondamentale per preparare il passaggio del Giro d&#8217;Italia\u201d, commenta il presidente Gimmy Dal Farra. \u201cOra si interverr\u00e0 anche sulle migliorie necessarie su quel tratto, come le piazzole di scambio per le quali si sta attivando anche l&#8217;Unione Montana: RCS passer\u00e0 in sopralluogo il prossimo autunno e se vogliamo portare a casa il passaggio per Valmorel, Tassei e Ronce con arrivo in Nevegal dobbiamo farci trovare pronti\u201d. <\/em>Il 2021 e il 2022, per Belluno Alpina, saranno anni di grandi lavori Con il progetto Ronce 2020, un programma a supporto dei residenti del comprensorio. Le carte sono pronte, ora devono partire i cantieri. Il progetto Ronce 2020 raccoglie infatti diverse progetti che spaziano dal turismo all&#8217;agricoltura al sociale <em>\u201cFinalmente si stanno facendo le prime azioni concrete, e si deve continuare cos\u00ec. Ringrazio l&#8217;amministrazione comunale che, con l&#8217;assessore Biagio Giannone, ha subito creduto al progetto Ronce 2020, insieme a tutti gli assessori sempre disponibili e all&#8217;Unione Montana Belluno Ponte. Ora il comune sta riassumendo e coordinando le idee diventati veri e progetti, e li sta condividendo con le altre amministrazioni interessate per stilare una linea guida di programmazione. Confidiamo che ci sia la massima convergenza possibile e che si decida di intervenire concretamente ed in fretta&#8221;\u00a0 <\/em>conclude il presidente Gimmy Dal Farra.<\/p>\n<p>&nbsp;<\/p>\n<p>&nbsp;<\/p>\n<hr \/>\n<p>&nbsp;<\/p>\n<blockquote>\n<h3>PROGETTO ALPS 203, INCONTRO CON I PROTAGONISTI<\/h3>\n<\/blockquote>\n<p>DAI NOTIZIARI DI RADIO PIU, YUKI D&#8217;EMILIA<\/p>\n<audio class=\"wp-audio-shortcode\" id=\"audio-169426-13\" preload=\"none\" style=\"width: 100%;\" controls=\"controls\"><source type=\"audio\/mpeg\" src=\"https:\/\/www.radiopiu.net\/wordpress\/wp-content\/uploads\/2020\/10\/LA-YUKI.mp3?_=13\" \/><a href=\"https:\/\/www.radiopiu.net\/wordpress\/wp-content\/uploads\/2020\/10\/LA-YUKI.mp3\">https:\/\/www.radiopiu.net\/wordpress\/wp-content\/uploads\/2020\/10\/LA-YUKI.mp3<\/a><\/audio>\n<p>&nbsp;<\/p>\n<p><strong><a class=\"dt-pswp-item\" href=\"https:\/\/www.radiopiu.net\/wordpress\/wp-content\/uploads\/2020\/10\/Incontro-Zoom-Alps-2030-2.jpeg\" data-dt-img-description=\"\" data-large_image_width=\"1600\" data-large_image_height=\"992\"><img loading=\"lazy\" decoding=\"async\" class=\"size-medium wp-image-169631 alignleft\" src=\"https:\/\/www.radiopiu.net\/wordpress\/wp-content\/uploads\/2020\/10\/Incontro-Zoom-Alps-2030-2-300x186.jpeg\" alt=\"\" width=\"300\" height=\"186\" srcset=\"https:\/\/www.radiopiu.net\/wordpress\/wp-content\/uploads\/2020\/10\/Incontro-Zoom-Alps-2030-2-300x186.jpeg 300w, https:\/\/www.radiopiu.net\/wordpress\/wp-content\/uploads\/2020\/10\/Incontro-Zoom-Alps-2030-2-1024x635.jpeg 1024w, https:\/\/www.radiopiu.net\/wordpress\/wp-content\/uploads\/2020\/10\/Incontro-Zoom-Alps-2030-2-768x476.jpeg 768w, https:\/\/www.radiopiu.net\/wordpress\/wp-content\/uploads\/2020\/10\/Incontro-Zoom-Alps-2030-2-1536x952.jpeg 1536w, https:\/\/www.radiopiu.net\/wordpress\/wp-content\/uploads\/2020\/10\/Incontro-Zoom-Alps-2030-2.jpeg 1600w\" sizes=\"auto, (max-width: 300px) 100vw, 300px\" \/><\/a>BELLUNO<\/strong> Il progetto \u201cAlps 2030\u201d, promosso da CIPRA, la Commissione internazionale per la protezione delle Alpi, e finanziato dall\u2019UE con la misura Erasmus+ Youth in Action, muove i suoi primi passi. L\u2019assessore al turismo e alla manifestazioni Yuki d\u2019Emilia ha incontrato in videoconferenza le tre giovani bellunesi selezionate per partecipare a questo scambio internazionale che vede coinvolto il Comune di Belluno e altre 7 citt\u00e0 europee aderenti all\u2019associazione Citt\u00e0 Alpina dell&#8217;Anno, emanazione della stessa CIPRA.\u00a0 Si tratta di Alice Nicolini e Matilde Ciafarone, 18 anni, e della 17enne Mariachiara Roldo. Le tre ragazze, coordinate da tecnici comunali e da esperti di CIPRA, interagiranno con i loro coetanei di altre citt\u00e0 alpine europee, lavorando su pi\u00f9 obbiettivi individuati da \u201cAgenda 2030 per lo Sviluppo Sostenibile\u201d, il programma d\u2019azione per le persone, il pianeta e la prosperit\u00e0 sottoscritto nel settembre 2015 dai governi dei 193 Paesi membri dell\u2019ONU che ingloba 17 Obiettivi per lo Sviluppo Sostenibile.<\/p>\n<blockquote><p><em>\u00abSiamo soddisfatti della partecipazione dei giovani a questo progetto, e mi rende personalmente felice il fatto che siano state scelte tre giovanissime ragazze con le quali abbiamo scelto di concentrarci sugli eventi ecosostenibili, tema caro a questa amministrazione e che trova l&#8217;interesse anche delle altre citt\u00e0 alpine partner di progetto\u00bb, commenta d&#8217;Emilia.<\/em><\/p><\/blockquote>\n<p>&nbsp;<\/p>\n<hr \/>\n<blockquote>\n<h3><\/h3>\n<h3>A FINE NOVEMBRE PARTE IL CORSO \u201cDRIVE OUR FUTURE\u201d PER CONDUCENTI DI MEZZI PER IL TRASPORTO DI PERSONE<\/h3>\n<\/blockquote>\n<p><strong><a class=\"dt-pswp-item\" href=\"https:\/\/www.radiopiu.net\/wordpress\/wp-content\/uploads\/2018\/01\/da-certottica-2-corsi-specialistici-richiesti-dalle-aziende_Platform_Optic.jpg\" data-dt-img-description=\"\" data-large_image_width=\"785\" data-large_image_height=\"454\"><img loading=\"lazy\" decoding=\"async\" class=\"size-medium wp-image-42612 alignleft\" src=\"https:\/\/www.radiopiu.net\/wordpress\/wp-content\/uploads\/2018\/01\/da-certottica-2-corsi-specialistici-richiesti-dalle-aziende_Platform_Optic-300x174.jpg\" alt=\"\" width=\"300\" height=\"174\" srcset=\"https:\/\/www.radiopiu.net\/wordpress\/wp-content\/uploads\/2018\/01\/da-certottica-2-corsi-specialistici-richiesti-dalle-aziende_Platform_Optic-300x174.jpg 300w, https:\/\/www.radiopiu.net\/wordpress\/wp-content\/uploads\/2018\/01\/da-certottica-2-corsi-specialistici-richiesti-dalle-aziende_Platform_Optic-768x444.jpg 768w, https:\/\/www.radiopiu.net\/wordpress\/wp-content\/uploads\/2018\/01\/da-certottica-2-corsi-specialistici-richiesti-dalle-aziende_Platform_Optic.jpg 785w\" sizes=\"auto, (max-width: 300px) 100vw, 300px\" \/><\/a>LONGARONE\u00a0<\/strong>10 disoccupati di entrambi i sessi &#8211; in possesso della patente B e 21 anni compiuti \u2013 avranno l\u2019opportunit\u00e0 di diventare conducenti di mezzi per il trasporto di persone grazie al corso \u201cDrive our Future\u201d promosso da Certottica. L\u2019iter sar\u00e0 totalmente gratuito in quanto finanziato dalla Regione del Veneto grazie al Fondo Sociale Europeo. 150 ore di formazione specialistica in aula, un voucher formativo integrato da 3 ore di guide aggiuntive a quanto previsto in autoscuola e 120 ore di tirocinio in aziende operanti nell\u2019ambito del trasporto di persone. Informazioni sul sito <a href=\"http:\/\/www.certottica.it\/\">www.certottica.it<\/a>.<\/p>\n<p>&nbsp;<\/p>\n<p>&nbsp;<\/p>\n<hr \/>\n<p>&nbsp;<\/p>\n<blockquote>\n<h3>NATALE CUCCHINI, PRONTI I PACCHI SOLIDALI<\/h3>\n<\/blockquote>\n<p><strong><a class=\"dt-pswp-item\" href=\"https:\/\/www.radiopiu.net\/wordpress\/wp-content\/uploads\/2020\/10\/regali-natale-cucchini-14-1-scaled.jpg\" data-dt-img-description=\"\" data-large_image_width=\"2560\" data-large_image_height=\"1707\"><img loading=\"lazy\" decoding=\"async\" class=\" wp-image-169587 alignleft\" src=\"https:\/\/www.radiopiu.net\/wordpress\/wp-content\/uploads\/2020\/10\/regali-natale-cucchini-14-1-300x200.jpg\" alt=\"\" width=\"269\" height=\"179\" srcset=\"https:\/\/www.radiopiu.net\/wordpress\/wp-content\/uploads\/2020\/10\/regali-natale-cucchini-14-1-300x200.jpg 300w, https:\/\/www.radiopiu.net\/wordpress\/wp-content\/uploads\/2020\/10\/regali-natale-cucchini-14-1-1024x683.jpg 1024w, https:\/\/www.radiopiu.net\/wordpress\/wp-content\/uploads\/2020\/10\/regali-natale-cucchini-14-1-768x512.jpg 768w, https:\/\/www.radiopiu.net\/wordpress\/wp-content\/uploads\/2020\/10\/regali-natale-cucchini-14-1-1536x1024.jpg 1536w, https:\/\/www.radiopiu.net\/wordpress\/wp-content\/uploads\/2020\/10\/regali-natale-cucchini-14-1-2048x1365.jpg 2048w\" sizes=\"auto, (max-width: 269px) 100vw, 269px\" \/><\/a>BELLUNO<\/strong> L\u2019associazione Cucchini pensa gi\u00e0 al Natale e sta preparando i tradizionali pacchi dono solidali. \u00c8 la tradizione del \u201cNatale Cuore Cucchini\u201d, che solitamente era itinerante, tra mercatini e parrocchie. Quest\u2019anno, invece, sar\u00e0 diversa: nel caso dovesse scattare un nuovo lockdown, \u00e8 pronto il servizio di delivery, con la consegna a domicilio. Perch\u00e9 la solidariet\u00e0 non si ferma neanche in questo periodo. Anzi, l\u2019associazione, che da anni si occupa di cure palliative e di dare sostegno alle persone ammalate e ai loro famigliari, sta operando anche in questi giorni, con la consegna degli ausili e le attivit\u00e0 all\u2019hospice Casa Tua Due. <em>\u00abComunque vada il Natale, tra la possibilit\u00e0 di tornare a uscire e il rischio di un nuovo lockdown, noi ci siamo e siamo pronti &#8211; afferma il presidente di Cucchini, Paolo Colleselli -. Tra l\u2019altro, con prodotti di qualit\u00e0 e soprattutto con la possibilit\u00e0 di fare del bene e dare una mano alla nostra associazione. Il ricavato dell\u2019iniziativa natalizia, infatti, va a sostegno delle nostre attivit\u00e0\u00bb.<\/em>\u00a0 I pacchi natalizi contengono prodotti di primissima qualit\u00e0.\u00a0 Per prenotare i pacchi natalizi, basta contattare la segreteria della Cucchini (0437-516666; e mail segreteria@associazionecucchini.it ).<\/p>\n<p>&nbsp;<\/p>\n<hr \/>\n<blockquote>\n<h3>RACCOLTA E DISTRIBUZIONE LIBRI, ADESIONE DEL PALIO DI FELTRE<\/h3>\n<\/blockquote>\n<p><strong><a class=\"dt-pswp-item\" href=\"https:\/\/www.radiopiu.net\/wordpress\/wp-content\/uploads\/2020\/10\/immagine.jpeg\" data-dt-img-description=\"\" data-large_image_width=\"768\" data-large_image_height=\"1024\"><img loading=\"lazy\" decoding=\"async\" class=\" wp-image-169480 alignleft\" src=\"https:\/\/www.radiopiu.net\/wordpress\/wp-content\/uploads\/2020\/10\/immagine-225x300.jpeg\" alt=\"\" width=\"151\" height=\"201\" srcset=\"https:\/\/www.radiopiu.net\/wordpress\/wp-content\/uploads\/2020\/10\/immagine-225x300.jpeg 225w, https:\/\/www.radiopiu.net\/wordpress\/wp-content\/uploads\/2020\/10\/immagine.jpeg 768w\" sizes=\"auto, (max-width: 151px) 100vw, 151px\" \/><\/a>FELTRE\u00a0<\/strong>Da qualche tempo la Libreria Giunti al Punto ha avviato un\u2019attivit\u00e0 di raccolta di libri donati dai clienti, per procedere poi a una redistribuzione all\u2019interno della comunit\u00e0 per favorire la diffusione della cultura. L\u2019Associazione Palio Citt\u00e0 di Feltre ha accolto l\u2019iniziativa di recapitare a famiglie, malati, anziani ed associazioni di volontariato, i libri donati alla libreria, proseguendo il percorso iniziato qualche tempo fa. I libri vengono presi in consegna dall\u2019Associazione Palio e distribuiti alle famiglie ed associazioni che hanno espresso la volont\u00e0 di leggere libri.\u00a0 \u201c<em>Il mondo del Palio, ha commentato il presidente Eugenio Tamburrino, ha accolto con gioia l\u2019iniziativa della Libreria Giunti al Punto, ritenendola un\u2019azione esemplare per diffondere cultura nel territorio. Da questo punto di vista, il Palio pu\u00f2 contare su una elevata ramificazione nella comunit\u00e0 feltrina, grazie all\u2019azione svolta dai Quartieri e dal Gruppo Sbandieratori cittadino. Proprio grazie alla collaborazione di queste Associazioni stiamo riuscendo e riusciremo a raggiungere in maniera diffusa la comunit\u00e0 feltrina<\/em>\u201d.\u00a0L\u2019iniziativa proseguir\u00e0 fino al 30 dicembre 2020. Chi desiderasse partecipare alla donazione pu\u00f2 inviare una mail all\u2019indirizzo <a href=\"mailto:info@paliodifeltre.it\">info@paliodifeltre.it<\/a>.<\/p>\n<p>&nbsp;<\/p>\n<p>&nbsp;<\/p>\n<hr \/>\n<p>&nbsp;<\/p>\n<blockquote>\n<h3>I MEDICI DI MEDICINA GENERALE DA NOVEMBRE VACCINERANNO ANCHE LE PERSONE A RISCHIO<\/h3>\n<\/blockquote>\n<p><strong><a class=\"dt-pswp-item\" href=\"https:\/\/www.radiopiu.net\/wordpress\/wp-content\/uploads\/2020\/06\/vaccino.jpg\" data-dt-img-description=\"\" data-large_image_width=\"1920\" data-large_image_height=\"1280\"><img loading=\"lazy\" decoding=\"async\" class=\" wp-image-143923 alignleft\" src=\"https:\/\/www.radiopiu.net\/wordpress\/wp-content\/uploads\/2020\/06\/vaccino-300x200.jpg\" alt=\"\" width=\"198\" height=\"132\" srcset=\"https:\/\/www.radiopiu.net\/wordpress\/wp-content\/uploads\/2020\/06\/vaccino-300x200.jpg 300w, https:\/\/www.radiopiu.net\/wordpress\/wp-content\/uploads\/2020\/06\/vaccino-1024x683.jpg 1024w, https:\/\/www.radiopiu.net\/wordpress\/wp-content\/uploads\/2020\/06\/vaccino-768x512.jpg 768w, https:\/\/www.radiopiu.net\/wordpress\/wp-content\/uploads\/2020\/06\/vaccino-1536x1024.jpg 1536w, https:\/\/www.radiopiu.net\/wordpress\/wp-content\/uploads\/2020\/06\/vaccino.jpg 1920w\" sizes=\"auto, (max-width: 198px) 100vw, 198px\" \/><\/a>BELLUNO\u00a0<\/strong>Da novembre partir\u00e0 la vaccinazione dei soggetti affetti da patologie croniche, donne gravide, addetti ai servizi essenziali e altre categorie a rischio a cura dei Medici di Medicina Generale e dei Pediatri di Libera Scelta. Procede spedita la campagna vaccinale contro l\u2019influenza. Le persone tra i 60 e i 64 anni che devono ancora vaccinarsi o necessitano di spostare l\u2019appuntamento dato possono scrivere a <a href=\"mailto:vaccinazioni.bl@aulss1.veneto.it\">vaccinazioni.bl@aulss1.veneto.it<\/a>.<\/p>\n<p>&nbsp;<\/p>\n<p>&nbsp;<\/p>\n<p>&nbsp;<\/p>\n<hr \/>\n<p>&nbsp;<\/p>\n<blockquote>\n<h3>CONCORSO PUBBLICO PER L&#8217;ASSUNZIONE DI UN ISTRUTTORE TECNICO E UN AGENTE DI POLIZIA LOCALE<\/h3>\n<\/blockquote>\n<p><strong>PEDAVENA<\/strong> Concorso pubblico per l&#8217;assunzione a tempo indeterminato e pieno di un istruttore tecnico categoria C1 presso l\u2019Area Tecnica del Comune di Pedavena, presso lo stesso Comune altro concorso per l&#8217;assunzione a tempo indeterminato e pieno di un Agente di Polizia Locale categoria C1.\u00a0 Le domande di partecipazione dovranno pervenire all&#8217;ufficio protocollo dell&#8217;Unione Montana Feltrina. Informazioni sul sito istituzionale dell&#8217;ente.\u00a0 Termine di scadenza per la presentazione delle domande alle 12 del\u00a0 10 dicembre.<\/p>\n<p>&nbsp;<\/p>\n<div><\/div>\n<div><\/div>\n<p>&nbsp;<\/p>\n<hr \/>\n<p>&nbsp;<\/p>\n<blockquote>\n<h3>ORARI CASA NATALE PAPA LUCIANI<\/h3>\n<\/blockquote>\n<p><strong>CANALE D&#8217;AGORDO <\/strong>La Pro Loco di\u00a0Canale D&#8217;Agordo informa che oggi dalle 10 alle 12 e dalle 16 alle 18 sar\u00e0 aperta la Casa Natale di Papa Luciani. Gli uffici Pro Loco saranno chiusi a novembre.\u00a0<u>Il Museo e la casa natale Albino Luciani apriranno solo su richiesta e prenotazione.<\/u><\/p>\n<p>&nbsp;<\/p>\n<p>&nbsp;<\/p>\n<hr \/>\n<p>&nbsp;<\/p>\n<blockquote>\n<h3>LE VARIE OPERE ATTUATE COL REGIME di RENATO BONA<\/h3>\n<\/blockquote>\n<p><strong>BELLUNO\u00a0<\/strong> Obiettivamente modesto il bilancio delle opere realizzate nel primo decennio del regime fascista nell\u2019ambito del Comune di Agordo. Si va infatti dalla costruzione della strada d\u2019accesso alla Stazione ferroviaria, con impegno finanziario di 46 mila 853 lire, del 1923, anno primo dell\u2019era fascista, alla costruzione dell\u2019acquedotto per il villaggio di Colvignas, 10 mila lire, del 1926, quindi al lavoro di rettifica della strada di Brent, per 6 mila 255 lire nell\u2019anno seguente, per la sistemazione dell\u2019acquedotto comunale di Palantras, che ha comportato una spesa di 61 mila lire nell\u2019anno 1928, alla sistemazione della strada di Parech: 22 mila lire nel 1929 per concludere nel 1931, anno IX, con 15 mila lire spese per la costruzione della passerella sul torrente Cordevole. Sempre rifacendoci al volume \u201cLa Provincia di Belluno in regime fascista\u201d con il resoconto dell\u2019attivit\u00e0 svolta ed opere compiute dalle amministrazioni e dagli enti della Provincia (edito il 21 aprile 1934 dalla Regia Prefettura e dalla Federazione provinciale fascista di Belluno e curato dal vice prefetto Carlo Riva, con presentazione del prefetto Costanzo Gazzera, stampa nello stabilimento tipografico Panfilo Castaldi di Feltre) rileviamo che pi\u00f9 corposo, quanto meno sul piano della spesa nel decennio preso in considerazione, \u00e8 l\u2019impegno finanziario cui \u00e8 andato incontro Alleghe: per l\u2019acquedotto di Sala 5 mila lire per 200 metri di tubazione in ferro trafilato e due fontane pubbliche, lavori del 1927; 4 mila 460 lire per la costruzione nel 1928 dei 50 metri della strada di Sala, larga 2 metri e 20, che era prima rappresentata da un sentiero pedonale che accedeva al villaggio dalla provinciale Belluno-Agordo-Caprile. Nello stesso anno: onere di ben 266 mila 800 lire a totale carico del Comune per il fabbricato scolastico di Alleghe composto di 5 aule capaci di 60 alunni ciascuna ed appartamento per l\u2019insegnante \u201cposto in bella posizione molto soleggiata e contornato da un grande piazzale per le esercitazioni ginniche\u201d; infine, nel 1930 contribuzione di 16 mila 250 lire per la costruzione del ponte sullo Zunaia, eseguito dalla Provincia; di 5 mila 846 per la rettifica della strada Toccol ad Agordo, di 10 mila per la ferrovia Agordo-Bribano. Quasi 400 mila lire la spesa sostenuta da Cencenighe con questo dettaglio: anno 1923: 81 mila 247,57 lire per il completamento di una briglia sul torrente Biois che, \u201cper la veemenza delle sue acque ha sempre costituito un serio pericolo per l\u2019abitato (nel 1882 distrusse il fiorente villaggio di Veronetta, sul lato destro del torrente). Nel 1922 furono ripresi i lavori per il completamento della briglia con innalzamento di due grandi e robusti argini laterali. Ben 214 mila, nell\u2019anno successivo, per il mutuo relativo al fabbricato scolastico del capoluogo, con sei aule capaci di 50 alunni ciascuna, una saletta per le proiezioni ed una per gli insegnanti, ed ampio cortile per la ginnastica e le ricreazioni; il costo dell\u2019opera era stato calcolato in 198 mila 732,34 lire. Vanno aggiunte 87 mila 99 lire per l\u2019acquedotto comunale per il capoluogo e per il villaggio Pal\u00f9, a servizio di 700 abitanti; infine nello stesso anno, 8 mila 400 per tubazioni di ferro con rivestimento speciale contro la ruggine per 4 fontane pubbliche a servizio di 300 abitanti serviti dall\u2019acquedotto di Chenet-Bastiani con sorgente nella localit\u00e0 Gratarola. Ci spostiamo a Colle Santa Lucia dove il Comune ha speso negli anni 1925 e 1926 30 mila lire per sistemare l\u2019acquedotto della frazione di Pian; 17 mila per la strada principale del capoluogo e 20 mila per la casa comunale. Forno di Canale (oggi Canale d\u2019Agordo \u2013 ndr.): negli anni 1926-27 per la costruzione della strada comunale detta di Rif tra Caviola e Fregona e ponte alla sua testata, lunga 2 chilometri, larga 3 metri, spesa di 72 mila lire; per la comunale Palafachina-Gares e rettifica di Longhere di 1,5 chilometri e larga 3 metri, spesa di 64 mila lire; anno 1928: riatto di strade comunali interne del capoluogo a Pal\u00f9 e Forni, 3 mila lire; costruzione del campo sportivo 10 mila; biennio 1029-30: per la costruzione della \u201cCasa del Balilla\u201d e dei servizi comunali per accogliere tutte le istituzioni del Regime: Fascio, Dopolavoro, Opera nazionale Balilla, ambulatorio e alloggio del medico e di un maestro, sala per rappresentazioni ed un magazzino, spesa di 235 mila lire; infine nel 1931, per la ricostruzione dell\u2019acquedotto di Feder in tubi d\u2019acciaio per 2.225 metri con tre lavatoi e abbeveratoi nonch\u00e9 le diramazioni per Colmean e Busin, spesa di 120 mila lire. Gosaldo: per l\u2019acquedotto del capoluogo, con tre fontane, spesa nel 1926 di 51 mila 508 lire; per il Ponte sull\u2019Eghe che congiunge il villaggio di Ren con la carrozzabile Tiser-Val del Mis 31 mila 824; per piccoli acquedotti per i villaggi di Ciet, Faustin, Selle, Coda, Stefenai, Spagnoi, California, Curti, nell\u2019anno 1928 spese 25 mila 157 lire; nell\u2019anno seguente furono 51 mila 063 per l\u2019acquedotto del villaggio di Sant\u2019Andrea, con due fontane ed un abbeveratoio; da segnalare che venne costruito con manodopera gratuita da parte della popolazione interessata; infine nel 1932: ben 220 mila lire per la costruzione di tre fabbricati scolastici nelle localit\u00e0 Coda, Tiser, California, composti ognuno di un\u2019aula capace di 60 alunni e di alloggio per l\u2019insegnante. Rivamonte: anno 1925: 21 mila 512 lire per l\u2019acquedotto di Zenich (manodopera gratuita); 1926: 61 mila 500 per l\u2019allargamento della carrareccia Villagrande-S. Antonio; 1930: 30 mila 690 per l\u2019acquedotto di Villagrande, Rosson e Canop a servizio di 500 abitanti (che hanno lavorato gratuitamente) 30 mila 690 (manodopera gratuita); 8 mila 9333 per l\u2019acquedotto di Lonie a servizio di 80 abitanti (gratis la manodopera); 8 mila 686 per l\u2019acquedotto di Valchesina a servizio di 50 abitanti (che hanno lavorato gratuitamente); infine 18 mila 248 per la sistemazione generale e gli impianti igienici della casa comunale. San Tommaso: nel 1923 spese ben 185 mila 363,78 lire per lavori alla strada San Tommaso-Avoscan; l\u2019anno seguente 16 mila 886,33 per il riatto e ampliamento del cimitero; 1926: 15 mila 764,49 per sistemare l\u2019accesso alle scuole elementari del capoluogo; 1927: 50 mila 491,75 per il completamento della San Tommaso-Avoscan; 23 mila 937,28 per sistemazione e riattamento della Cencenighe-San Tommaso a Pessoliva; 8 mila 237,87 per la costruzione di un canale coperto sulla strada adiacente e sul lato nord del cimitero di Celat; nel 1928: 87 mila 321,80 per la sistemazione della Cencenighe-San Tommaso; infine nel 1929: 46 mila 524,07 per il restauro della casa parrocchiale.<\/p>\n\n\t\t\t<style type='text\/css'>\n\t\t\t\t#gallery-8 {\n\t\t\t\t\tmargin: auto;\n\t\t\t\t}\n\t\t\t\t#gallery-8 .gallery-item {\n\t\t\t\t\tfloat: left;\n\t\t\t\t\tmargin-top: 10px;\n\t\t\t\t\ttext-align: center;\n\t\t\t\t\twidth: 20%;\n\t\t\t\t}\n\t\t\t\t#gallery-8 img {\n\t\t\t\t\tborder: 2px solid #cfcfcf;\n\t\t\t\t}\n\t\t\t\t#gallery-8 .gallery-caption {\n\t\t\t\t\tmargin-left: 0;\n\t\t\t\t}\n\t\t\t\t\/* see gallery_shortcode() in wp-includes\/media.php *\/\n\t\t\t<\/style>\n\t\t<div id='gallery-8' class='dt-gallery-container gallery galleryid-169426 gallery-columns-5 gallery-size-thumbnail'><dl class='gallery-item'>\n\t\t\t\t<dt class='gallery-icon portrait'>\n\t\t\t\t\t<a class=\"rollover rollover-zoom dt-pswp-item\" title=\"123254514_2830391760577511_3881842855700135588_n\" data-dt-img-description=\"\" data-large_image_width=\"1522\" data-large_image_height=\"2048\"href='https:\/\/www.radiopiu.net\/wordpress\/wp-content\/uploads\/2020\/10\/123254514_2830391760577511_3881842855700135588_n.jpg'><img loading=\"lazy\" decoding=\"async\" width=\"150\" height=\"150\" src=\"https:\/\/www.radiopiu.net\/wordpress\/wp-content\/uploads\/2020\/10\/123254514_2830391760577511_3881842855700135588_n-150x150.jpg\" class=\"attachment-thumbnail size-thumbnail\" alt=\"\" \/><\/a>\n\t\t\t\t<\/dt><\/dl><dl class='gallery-item'>\n\t\t\t\t<dt class='gallery-icon landscape'>\n\t\t\t\t\t<a class=\"rollover rollover-zoom dt-pswp-item\" title=\"123295347_406887950699481_8094117590390473296_n\" data-dt-img-description=\"\" data-large_image_width=\"2048\" data-large_image_height=\"1215\"href='https:\/\/www.radiopiu.net\/wordpress\/wp-content\/uploads\/2020\/10\/123295347_406887950699481_8094117590390473296_n.jpg'><img loading=\"lazy\" decoding=\"async\" width=\"150\" height=\"150\" src=\"https:\/\/www.radiopiu.net\/wordpress\/wp-content\/uploads\/2020\/10\/123295347_406887950699481_8094117590390473296_n-150x150.jpg\" class=\"attachment-thumbnail size-thumbnail\" alt=\"\" \/><\/a>\n\t\t\t\t<\/dt><\/dl><dl class='gallery-item'>\n\t\t\t\t<dt class='gallery-icon landscape'>\n\t\t\t\t\t<a class=\"rollover rollover-zoom dt-pswp-item\" title=\"123214805_351283819538966_8693388645027927628_n\" data-dt-img-description=\"\" data-large_image_width=\"2048\" data-large_image_height=\"1394\"href='https:\/\/www.radiopiu.net\/wordpress\/wp-content\/uploads\/2020\/10\/123214805_351283819538966_8693388645027927628_n.jpg'><img loading=\"lazy\" decoding=\"async\" width=\"150\" height=\"150\" src=\"https:\/\/www.radiopiu.net\/wordpress\/wp-content\/uploads\/2020\/10\/123214805_351283819538966_8693388645027927628_n-150x150.jpg\" class=\"attachment-thumbnail size-thumbnail\" alt=\"\" \/><\/a>\n\t\t\t\t<\/dt><\/dl><dl class='gallery-item'>\n\t\t\t\t<dt class='gallery-icon portrait'>\n\t\t\t\t\t<a class=\"rollover rollover-zoom dt-pswp-item\" title=\"123218072_403503004362151_8815811400574685431_n\" data-dt-img-description=\"\" data-large_image_width=\"1286\" data-large_image_height=\"1878\"href='https:\/\/www.radiopiu.net\/wordpress\/wp-content\/uploads\/2020\/10\/123218072_403503004362151_8815811400574685431_n.jpg'><img loading=\"lazy\" decoding=\"async\" width=\"150\" height=\"150\" src=\"https:\/\/www.radiopiu.net\/wordpress\/wp-content\/uploads\/2020\/10\/123218072_403503004362151_8815811400574685431_n-150x150.jpg\" class=\"attachment-thumbnail size-thumbnail\" alt=\"\" \/><\/a>\n\t\t\t\t<\/dt><\/dl><dl class='gallery-item'>\n\t\t\t\t<dt class='gallery-icon landscape'>\n\t\t\t\t\t<a class=\"rollover rollover-zoom dt-pswp-item\" title=\"123280806_2786808158257426_8105949450506821930_n\" data-dt-img-description=\"\" data-large_image_width=\"1899\" data-large_image_height=\"1272\"href='https:\/\/www.radiopiu.net\/wordpress\/wp-content\/uploads\/2020\/10\/123280806_2786808158257426_8105949450506821930_n.jpg'><img loading=\"lazy\" decoding=\"async\" width=\"150\" height=\"150\" src=\"https:\/\/www.radiopiu.net\/wordpress\/wp-content\/uploads\/2020\/10\/123280806_2786808158257426_8105949450506821930_n-150x150.jpg\" class=\"attachment-thumbnail size-thumbnail\" alt=\"\" \/><\/a>\n\t\t\t\t<\/dt><\/dl><br style=\"clear: both\" \/>\n\t\t\t<\/div>\n\n<p>&nbsp;<\/p>\n<p>NELLE FOTO (riproduzioni dal libro \u201cLa Provincia di Belluno in regime fascista\u201d): la copertina della \u201cstorica\u201d pubblicazione; il fabbricato scolastico di Alleghe; la strada comunale di Fregona; la \u201cCasa del Balilla\u201d; il campo sportivo.<\/p>\n<p>&nbsp;<\/p>\n<hr \/>\n<p>&nbsp;<\/p>\n<h2><span style=\"color: #ff0000;\">IERI ALLA RADIO<\/span><\/h2>\n<blockquote>\n<h3>IL VENETO VERSO LA FASE 3, PARLIAMONE CON L&#8217;ASSESSORE ALLA PROTEZIONE CIVILE GIANPAOLO BOTTACIN, LE RASSICURAZIONI SULL&#8217;OSPEDALE DI AGORDO<\/h3>\n<\/blockquote>\n<p><strong><img loading=\"lazy\" decoding=\"async\" class=\"alignleft\" src=\"https:\/\/www.radiopiu.net\/wordpress\/wp-content\/uploads\/2020\/03\/covid-bottacin.jpg\" width=\"187\" height=\"140\" \/>ORE 14 NOTIZIARIO IN EDIZIONE SPECIALE, OSPITE L&#8217;ASSESSORE GIANPALO BOTTACIN in onda dopo le notizie di cronaca del primo pomeriggio: <\/strong>furto di sigarette a Ponte nelle Alpi, truffa on line a Belluno, frana a Contrin di Livinallongo e provinciale 3 di Valle Imperina ancora a rischio smottamento.<\/p>\n<p>di Mirko Mezzacasa<\/p>\n<p><strong>audio<\/strong><\/p>\n<audio class=\"wp-audio-shortcode\" id=\"audio-169426-14\" preload=\"none\" style=\"width: 100%;\" controls=\"controls\"><source type=\"audio\/mpeg\" src=\"https:\/\/www.radiopiu.net\/wordpress\/wp-content\/uploads\/2020\/10\/BOTTACIN.mp3?_=14\" \/><a href=\"https:\/\/www.radiopiu.net\/wordpress\/wp-content\/uploads\/2020\/10\/BOTTACIN.mp3\">https:\/\/www.radiopiu.net\/wordpress\/wp-content\/uploads\/2020\/10\/BOTTACIN.mp3<\/a><\/audio>\n<p>&nbsp;<\/p>\n<hr \/>\n<p>&nbsp;<\/p>\n<h2><\/h2>\n<h2><span style=\"color: #000000;\">\u00a0 \u00a0 \u00a0A WALTER E SILVIO<\/span><\/h2>\n<p><a class=\"dt-pswp-item\" href=\"https:\/\/www.radiopiu.net\/wordpress\/wp-content\/uploads\/2020\/10\/cbbb7341-63fc-47aa-9fbf-0cc024ecf17b.jpg\" data-dt-img-description=\"\" data-large_image_width=\"1599\" data-large_image_height=\"899\"><img loading=\"lazy\" decoding=\"async\" class=\"alignnone size-medium wp-image-169662\" src=\"https:\/\/www.radiopiu.net\/wordpress\/wp-content\/uploads\/2020\/10\/cbbb7341-63fc-47aa-9fbf-0cc024ecf17b-300x169.jpg\" alt=\"\" width=\"300\" height=\"169\" srcset=\"https:\/\/www.radiopiu.net\/wordpress\/wp-content\/uploads\/2020\/10\/cbbb7341-63fc-47aa-9fbf-0cc024ecf17b-300x169.jpg 300w, https:\/\/www.radiopiu.net\/wordpress\/wp-content\/uploads\/2020\/10\/cbbb7341-63fc-47aa-9fbf-0cc024ecf17b-1024x576.jpg 1024w, https:\/\/www.radiopiu.net\/wordpress\/wp-content\/uploads\/2020\/10\/cbbb7341-63fc-47aa-9fbf-0cc024ecf17b-768x432.jpg 768w, https:\/\/www.radiopiu.net\/wordpress\/wp-content\/uploads\/2020\/10\/cbbb7341-63fc-47aa-9fbf-0cc024ecf17b-1536x864.jpg 1536w, https:\/\/www.radiopiu.net\/wordpress\/wp-content\/uploads\/2020\/10\/cbbb7341-63fc-47aa-9fbf-0cc024ecf17b.jpg 1599w\" sizes=\"auto, (max-width: 300px) 100vw, 300px\" \/><\/a><\/p>\n<p>Di John Francis Della Pietra<\/p>\n<p><strong>Amare la montagna&#8230;<\/strong><\/p>\n<p>Per noi popolo alpino<br \/>\n\u00c8 l assioma fondamentale<br \/>\nDella nostra vita<br \/>\nPermanere quass\u00f9 non sempre \u00e8 semplice<br \/>\nMa le radici son ben salde<br \/>\nLo sguardo in ogni momento<br \/>\nVolge l\u00e0 tra<br \/>\nL indomite vette ed il cielo<br \/>\nSin da piccoli entra dentro di noi<br \/>\nLa passione di salir li Nell infinito<br \/>\nSi inizia ad amarla<br \/>\nA percorrere ripidi sentieri a scalare le pareti<br \/>\nUna simbiosi coi monti<br \/>\nLe mani e l\u00e0 roccia<br \/>\nUn tutt uno<br \/>\nUn amore<br \/>\nChe Dio benedisce<br \/>\nCos\u00ec loro innamorati<br \/>\nDella montagna<br \/>\nSon stati scelti da lui<br \/>\nPer farne parte in eterno<br \/>\nNella gioia del paradiso<br \/>\nFra le sue cime<br \/>\nE dentro i nostri cuori<br \/>\nVivono<\/p>\n<p>&nbsp;<\/p>\n<p>&nbsp;<\/p>\n<p>&nbsp;<\/p>\n<hr \/>\n<div class=\"im_message_wrap clearfix\">\n<div class=\"im_content_message_wrap im_message_out\">\n<h2><\/h2>\n<h2><span style=\"color: #ff0000;\">IERI ALLA RADIO<\/span><\/h2>\n<p><strong>IL RITORNO DI IN VIVO VERSO, LA SESTA STAGIONE, SECONDA SETTIMANA DA UN&#8217;IDEA DI BRUNELLA MORO:\u00a0<\/strong><\/p>\n<p><strong><span style=\"color: #0000ff;\">IN ONDA DAL LUNEDI AL VENERDI ALLE 7.10, 10.10, 18.50<\/span><\/strong><\/p>\n<blockquote class=\"wp-embedded-content\" data-secret=\"NNLPMYzDGY\"><p><a href=\"https:\/\/www.radiopiu.net\/wordpress\/avanti-di-gaetano-zagra\/\">AVANTI di GAETANO ZAGRA<\/a><\/p><\/blockquote>\n<p><iframe loading=\"lazy\" class=\"wp-embedded-content\" sandbox=\"allow-scripts\" security=\"restricted\" style=\"position: absolute; clip: rect(1px, 1px, 1px, 1px);\" title=\"&#8220;AVANTI di GAETANO ZAGRA&#8221; &#8212; Radio Pi\u00f9\" src=\"https:\/\/www.radiopiu.net\/wordpress\/avanti-di-gaetano-zagra\/embed\/#?secret=NNLPMYzDGY\" data-secret=\"NNLPMYzDGY\" width=\"600\" height=\"338\" frameborder=\"0\" marginwidth=\"0\" marginheight=\"0\" scrolling=\"no\"><\/iframe><\/p>\n<\/div>\n<\/div>\n<p><strong><span style=\"font-family: Verdana, sans-serif;\"><span style=\"font-size: medium;\">LA RACCOLTA COMPLETA, TUTTE LE COLLEZIONI<\/span><\/span><\/strong><\/p>\n<blockquote><p>&nbsp;<\/p><\/blockquote>\n<blockquote class=\"wp-embedded-content\" data-secret=\"UW1g7ZSZgS\"><p><a href=\"https:\/\/www.radiopiu.net\/wordpress\/in-vivo-verso\/\">In Vivo Verso<\/a><\/p><\/blockquote>\n<p><iframe loading=\"lazy\" class=\"wp-embedded-content\" sandbox=\"allow-scripts\" security=\"restricted\" style=\"position: absolute; clip: rect(1px, 1px, 1px, 1px);\" title=\"&#8220;In Vivo Verso&#8221; &#8212; Radio Pi\u00f9\" src=\"https:\/\/www.radiopiu.net\/wordpress\/in-vivo-verso\/embed\/#?secret=UW1g7ZSZgS\" data-secret=\"UW1g7ZSZgS\" width=\"600\" height=\"338\" frameborder=\"0\" marginwidth=\"0\" marginheight=\"0\" scrolling=\"no\"><\/iframe><\/p>\n<p>&nbsp;<\/p>\n<hr \/>\n<p>&nbsp;<\/p>\n<p><a class=\"dt-pswp-item\" href=\"https:\/\/www.radiopiu.net\/wordpress\/wp-content\/uploads\/2018\/09\/appuntamenti.jpeg\" data-dt-img-description=\"\" data-large_image_width=\"800\" data-large_image_height=\"100\"><img loading=\"lazy\" decoding=\"async\" class=\"aligncenter wp-image-61958 size-full\" src=\"https:\/\/www.radiopiu.net\/wordpress\/wp-content\/uploads\/2018\/09\/appuntamenti.jpeg\" alt=\"\" width=\"800\" height=\"100\" srcset=\"https:\/\/www.radiopiu.net\/wordpress\/wp-content\/uploads\/2018\/09\/appuntamenti.jpeg 800w, https:\/\/www.radiopiu.net\/wordpress\/wp-content\/uploads\/2018\/09\/appuntamenti-300x38.jpeg 300w, https:\/\/www.radiopiu.net\/wordpress\/wp-content\/uploads\/2018\/09\/appuntamenti-768x96.jpeg 768w\" sizes=\"auto, (max-width: 800px) 100vw, 800px\" \/><\/a><\/p>\n<div><\/div>\n<div>\n<blockquote>\n<h3><\/h3>\n<h3><a class=\"dt-pswp-item\" href=\"https:\/\/www.radiopiu.net\/wordpress\/wp-content\/uploads\/2020\/10\/122934875_3224081514384665_7740501492426689334_n.jpg\" data-dt-img-description=\"\" data-large_image_width=\"473\" data-large_image_height=\"800\"><img loading=\"lazy\" decoding=\"async\" class=\"wp-image-168937 alignleft\" src=\"https:\/\/www.radiopiu.net\/wordpress\/wp-content\/uploads\/2020\/10\/122934875_3224081514384665_7740501492426689334_n-177x300.jpg\" alt=\"\" width=\"87\" height=\"147\" srcset=\"https:\/\/www.radiopiu.net\/wordpress\/wp-content\/uploads\/2020\/10\/122934875_3224081514384665_7740501492426689334_n-177x300.jpg 177w, https:\/\/www.radiopiu.net\/wordpress\/wp-content\/uploads\/2020\/10\/122934875_3224081514384665_7740501492426689334_n.jpg 473w\" sizes=\"auto, (max-width: 87px) 100vw, 87px\" \/><\/a>\u00a0IL MESSAGGIO DEGLI AMICI DELLA PIAZZA DI GOSALDO<\/h3>\n<\/blockquote>\n<div class=\"o9v6fnle cxmmr5t8 oygrvhab hcukyx3x c1et5uql ii04i59q\">\n<div dir=\"auto\">Volevamo informarvi che a causa del recente aumento delle restrizioni dovute all&#8217;emergenza Covid siamo stati costretti ad annullare le nostre iniziative autunnali.\u00a0 Speriamo che al pi\u00f9 presto la situazione migliori e a tal fine vi raccomandiamo anche noi di rispettare le disposizioni del governo e ad indossare la\u00a0 mascherina \u00a0per preservare voi stessi e gli altri. Se ci impegniamo tutti ce la faremo<\/div>\n<\/div>\n<blockquote><p>&nbsp;<\/p><\/blockquote>\n<p>&nbsp;<\/p>\n<hr \/>\n<p>&nbsp;<\/p>\n<blockquote>\n<h3 class=\"articlePlainSubHead\"><a class=\"dt-pswp-item\" href=\"https:\/\/www.radiopiu.net\/wordpress\/wp-content\/uploads\/2020\/02\/Manuel_Conedera.jpg\" data-dt-img-description=\"\" data-large_image_width=\"512\" data-large_image_height=\"512\"><img loading=\"lazy\" decoding=\"async\" class=\"wp-image-119145 alignleft\" src=\"https:\/\/www.radiopiu.net\/wordpress\/wp-content\/uploads\/2020\/02\/Manuel_Conedera-300x300.jpg\" alt=\"\" width=\"98\" height=\"98\" srcset=\"https:\/\/www.radiopiu.net\/wordpress\/wp-content\/uploads\/2020\/02\/Manuel_Conedera-300x300.jpg 300w, https:\/\/www.radiopiu.net\/wordpress\/wp-content\/uploads\/2020\/02\/Manuel_Conedera-150x150.jpg 150w, https:\/\/www.radiopiu.net\/wordpress\/wp-content\/uploads\/2020\/02\/Manuel_Conedera.jpg 512w\" sizes=\"auto, (max-width: 98px) 100vw, 98px\" \/><\/a>NUOVO STATUTO PER IL GAMP<\/h3>\n<\/blockquote>\n<div><strong>AGORDO<\/strong>\u00a0 Il presidente del Gruppo agordino mineralogico e palentologico, Manuel Conedera, ha convocato l&#8217;assemblea dei soci per oggi alle 17 nella sala della biblioteca civica di Agordo. <em>\u00abL&#8217;adeguamento alla nuova normativa\u00bb, dice il presidente Conedera, \u00abci obbliga ad approvare entro la fine di ottobre un nuovo statuto sociale fondamentale per il riconoscimento della associazione Gamp come associazione Associazione di promozione sociale\u00bb.<\/em><\/div>\n<\/div>\n<div>\n<p>&nbsp;<\/p>\n<\/div>\n<hr \/>\n<p>&nbsp;<\/p>\n<p>&nbsp;<\/p>\n<p>&nbsp;<\/p>\n<h2><span style=\"color: #ff0000;\">IERI ALLA RADIO<\/span><\/h2>\n<h2><a class=\"dt-pswp-item\" href=\"https:\/\/www.radiopiu.net\/wordpress\/wp-content\/uploads\/2020\/10\/FOLLADOR-DE-ROSSI-scaled.jpg\" data-dt-img-description=\"\" data-large_image_width=\"2560\" data-large_image_height=\"1193\"><img loading=\"lazy\" decoding=\"async\" class=\"size-medium wp-image-164367 alignleft\" src=\"https:\/\/www.radiopiu.net\/wordpress\/wp-content\/uploads\/2020\/10\/FOLLADOR-DE-ROSSI-300x140.jpg\" alt=\"\" width=\"300\" height=\"140\" srcset=\"https:\/\/www.radiopiu.net\/wordpress\/wp-content\/uploads\/2020\/10\/FOLLADOR-DE-ROSSI-300x140.jpg 300w, https:\/\/www.radiopiu.net\/wordpress\/wp-content\/uploads\/2020\/10\/FOLLADOR-DE-ROSSI-1024x477.jpg 1024w, https:\/\/www.radiopiu.net\/wordpress\/wp-content\/uploads\/2020\/10\/FOLLADOR-DE-ROSSI-768x358.jpg 768w, https:\/\/www.radiopiu.net\/wordpress\/wp-content\/uploads\/2020\/10\/FOLLADOR-DE-ROSSI-1536x716.jpg 1536w, https:\/\/www.radiopiu.net\/wordpress\/wp-content\/uploads\/2020\/10\/FOLLADOR-DE-ROSSI-2048x954.jpg 2048w, https:\/\/www.radiopiu.net\/wordpress\/wp-content\/uploads\/2020\/10\/FOLLADOR-DE-ROSSI-640x298.jpg 640w\" sizes=\"auto, (max-width: 300px) 100vw, 300px\" \/><\/a><span style=\"color: #666699;\">DINO PRELORAN SPIEGA LA VIA DELLA DOLOMIA&#8230;E NON SOLO<\/span><\/h2>\n<p><strong>di Claudio Fontanive<\/strong><\/p>\n<audio class=\"wp-audio-shortcode\" id=\"audio-169426-15\" preload=\"none\" style=\"width: 100%;\" controls=\"controls\"><source type=\"audio\/mpeg\" src=\"https:\/\/www.radiopiu.net\/wordpress\/wp-content\/uploads\/2020\/10\/dino-preloran.mp3?_=15\" \/><a href=\"https:\/\/www.radiopiu.net\/wordpress\/wp-content\/uploads\/2020\/10\/dino-preloran.mp3\">https:\/\/www.radiopiu.net\/wordpress\/wp-content\/uploads\/2020\/10\/dino-preloran.mp3<\/a><\/audio>\n<p>&nbsp;<\/p>\n\n\t\t\t<style type='text\/css'>\n\t\t\t\t#gallery-9 {\n\t\t\t\t\tmargin: auto;\n\t\t\t\t}\n\t\t\t\t#gallery-9 .gallery-item {\n\t\t\t\t\tfloat: left;\n\t\t\t\t\tmargin-top: 10px;\n\t\t\t\t\ttext-align: center;\n\t\t\t\t\twidth: 33%;\n\t\t\t\t}\n\t\t\t\t#gallery-9 img {\n\t\t\t\t\tborder: 2px solid #cfcfcf;\n\t\t\t\t}\n\t\t\t\t#gallery-9 .gallery-caption {\n\t\t\t\t\tmargin-left: 0;\n\t\t\t\t}\n\t\t\t\t\/* see gallery_shortcode() in wp-includes\/media.php *\/\n\t\t\t<\/style>\n\t\t<div id='gallery-9' class='dt-gallery-container gallery galleryid-169426 gallery-columns-3 gallery-size-thumbnail'><dl class='gallery-item'>\n\t\t\t\t<dt class='gallery-icon landscape'>\n\t\t\t\t\t<a class=\"rollover rollover-zoom dt-pswp-item\" title=\"d43b0edc-f6b1-4f9b-87b6-a00682e5f0d9\" data-dt-img-description=\"\" data-large_image_width=\"2048\" data-large_image_height=\"1024\"href='https:\/\/www.radiopiu.net\/wordpress\/wp-content\/uploads\/2020\/10\/d43b0edc-f6b1-4f9b-87b6-a00682e5f0d9.jpg'><img loading=\"lazy\" decoding=\"async\" width=\"150\" height=\"150\" src=\"https:\/\/www.radiopiu.net\/wordpress\/wp-content\/uploads\/2020\/10\/d43b0edc-f6b1-4f9b-87b6-a00682e5f0d9-150x150.jpg\" class=\"attachment-thumbnail size-thumbnail\" alt=\"\" \/><\/a>\n\t\t\t\t<\/dt><\/dl><dl class='gallery-item'>\n\t\t\t\t<dt class='gallery-icon landscape'>\n\t\t\t\t\t<a class=\"rollover rollover-zoom dt-pswp-item\" title=\"a649aa6e-396c-4f47-85f5-ca2f998297b1\" data-dt-img-description=\"\" data-large_image_width=\"2048\" data-large_image_height=\"1024\"href='https:\/\/www.radiopiu.net\/wordpress\/wp-content\/uploads\/2020\/10\/a649aa6e-396c-4f47-85f5-ca2f998297b1.jpg'><img loading=\"lazy\" decoding=\"async\" width=\"150\" height=\"150\" src=\"https:\/\/www.radiopiu.net\/wordpress\/wp-content\/uploads\/2020\/10\/a649aa6e-396c-4f47-85f5-ca2f998297b1-150x150.jpg\" class=\"attachment-thumbnail size-thumbnail\" alt=\"\" \/><\/a>\n\t\t\t\t<\/dt><\/dl><dl class='gallery-item'>\n\t\t\t\t<dt class='gallery-icon landscape'>\n\t\t\t\t\t<a class=\"rollover rollover-zoom dt-pswp-item\" title=\"a3c2ab70-8104-4f7e-a5de-e81812be94e0\" data-dt-img-description=\"\" data-large_image_width=\"2048\" data-large_image_height=\"1024\"href='https:\/\/www.radiopiu.net\/wordpress\/wp-content\/uploads\/2020\/10\/a3c2ab70-8104-4f7e-a5de-e81812be94e0.jpg'><img loading=\"lazy\" decoding=\"async\" width=\"150\" height=\"150\" src=\"https:\/\/www.radiopiu.net\/wordpress\/wp-content\/uploads\/2020\/10\/a3c2ab70-8104-4f7e-a5de-e81812be94e0-150x150.jpg\" class=\"attachment-thumbnail size-thumbnail\" alt=\"\" \/><\/a>\n\t\t\t\t<\/dt><\/dl><br style=\"clear: both\" \/>\n\t\t\t<\/div>\n\n<p>&nbsp;<\/p>\n<p>&nbsp;<\/p>\n<hr \/>\n<p>&nbsp;<\/p>\n<h2><span style=\"color: #808000;\">DUE MINUTI UN LIBRO\u00a0\u00a0<\/span><\/h2>\n<blockquote class=\"wp-embedded-content\" data-secret=\"Y6CLUGEytx\"><p><a href=\"https:\/\/www.radiopiu.net\/wordpress\/una-giornata-nera\/\">UNA GIORNATA NERA<\/a><\/p><\/blockquote>\n<p><iframe loading=\"lazy\" class=\"wp-embedded-content\" sandbox=\"allow-scripts\" security=\"restricted\" style=\"position: absolute; clip: rect(1px, 1px, 1px, 1px);\" title=\"&#8220;UNA GIORNATA NERA&#8221; &#8212; Radio Pi\u00f9\" src=\"https:\/\/www.radiopiu.net\/wordpress\/una-giornata-nera\/embed\/#?secret=Y6CLUGEytx\" data-secret=\"Y6CLUGEytx\" width=\"600\" height=\"338\" frameborder=\"0\" marginwidth=\"0\" marginheight=\"0\" scrolling=\"no\"><\/iframe><\/p>\n<h2>LA RACCOLTA COMPLETA<\/h2>\n<p>&nbsp;<\/p>\n<blockquote class=\"wp-embedded-content\" data-secret=\"5GkmJFWD6R\"><p><a href=\"https:\/\/www.radiopiu.net\/wordpress\/due-minuti-un-libro\/\">Due minuti un libro<\/a><\/p><\/blockquote>\n<p><iframe loading=\"lazy\" class=\"wp-embedded-content\" sandbox=\"allow-scripts\" security=\"restricted\" style=\"position: absolute; clip: rect(1px, 1px, 1px, 1px);\" title=\"&#8220;Due minuti un libro&#8221; &#8212; Radio Pi\u00f9\" src=\"https:\/\/www.radiopiu.net\/wordpress\/due-minuti-un-libro\/embed\/#?secret=5GkmJFWD6R\" data-secret=\"5GkmJFWD6R\" width=\"600\" height=\"338\" frameborder=\"0\" marginwidth=\"0\" marginheight=\"0\" scrolling=\"no\"><\/iframe><\/p>\n<p>&nbsp;<\/p>\n<p>&nbsp;<\/p>\n<hr \/>\n<p>&nbsp;<\/p>\n<div>\n<h2><span style=\"color: #33cccc;\">I RACCONTI DI PAOLO SOPPELSA il lunedi alle 9.30 e 18.30<\/span><\/h2>\n<h2><span style=\"color: #33cccc;\"><strong>LA RACCOLTA COMPLETA<\/strong><\/span><\/h2>\n<blockquote class=\"wp-embedded-content\" data-secret=\"ZvtqVx1VSD\"><p><a href=\"https:\/\/www.radiopiu.net\/wordpress\/i-racconti-di-paolo-soppelsa\/\">I racconti di Paolo Soppelsa<\/a><\/p><\/blockquote>\n<p><iframe loading=\"lazy\" class=\"wp-embedded-content\" sandbox=\"allow-scripts\" security=\"restricted\" style=\"position: absolute; clip: rect(1px, 1px, 1px, 1px);\" title=\"&#8220;I racconti di Paolo Soppelsa&#8221; &#8212; Radio Pi\u00f9\" src=\"https:\/\/www.radiopiu.net\/wordpress\/i-racconti-di-paolo-soppelsa\/embed\/#?secret=ZvtqVx1VSD\" data-secret=\"ZvtqVx1VSD\" width=\"600\" height=\"338\" frameborder=\"0\" marginwidth=\"0\" marginheight=\"0\" scrolling=\"no\"><\/iframe><\/p>\n<\/div>\n<p>&nbsp;<\/p>\n<hr \/>\n<p>&nbsp;<\/p>\n<h2><strong>LE\u00a0 PUNTATE di Luisa Alchini<\/strong><\/h2>\n<blockquote class=\"wp-embedded-content\" data-secret=\"FskFekYN4V\"><p><a href=\"https:\/\/www.radiopiu.net\/wordpress\/leggermente-20\/\">LEGGERmente&#8230;Bellunesi<\/a><\/p><\/blockquote>\n<p><iframe loading=\"lazy\" class=\"wp-embedded-content\" sandbox=\"allow-scripts\" security=\"restricted\" style=\"position: absolute; clip: rect(1px, 1px, 1px, 1px);\" title=\"&#8220;LEGGERmente&#8230;Bellunesi&#8221; &#8212; Radio Pi\u00f9\" src=\"https:\/\/www.radiopiu.net\/wordpress\/leggermente-20\/embed\/#?secret=FskFekYN4V\" data-secret=\"FskFekYN4V\" width=\"600\" height=\"338\" frameborder=\"0\" marginwidth=\"0\" marginheight=\"0\" scrolling=\"no\"><\/iframe><\/p>\n<p>&nbsp;<\/p>\n<hr \/>\n<div>\n<h2><span style=\"color: #000080;\"><a class=\"dt-pswp-item\" href=\"https:\/\/www.radiopiu.net\/wordpress\/wp-content\/uploads\/2020\/10\/pp.jpg\" data-dt-img-description=\"\" data-large_image_width=\"640\" data-large_image_height=\"640\"><img loading=\"lazy\" decoding=\"async\" class=\"wp-image-163678 alignleft\" src=\"https:\/\/www.radiopiu.net\/wordpress\/wp-content\/uploads\/2020\/10\/pp-300x300.jpg\" alt=\"\" width=\"106\" height=\"106\" srcset=\"https:\/\/www.radiopiu.net\/wordpress\/wp-content\/uploads\/2020\/10\/pp-300x300.jpg 300w, https:\/\/www.radiopiu.net\/wordpress\/wp-content\/uploads\/2020\/10\/pp-150x150.jpg 150w, https:\/\/www.radiopiu.net\/wordpress\/wp-content\/uploads\/2020\/10\/pp-125x125.jpg 125w, https:\/\/www.radiopiu.net\/wordpress\/wp-content\/uploads\/2020\/10\/pp-200x200.jpg 200w, https:\/\/www.radiopiu.net\/wordpress\/wp-content\/uploads\/2020\/10\/pp-80x80.jpg 80w, https:\/\/www.radiopiu.net\/wordpress\/wp-content\/uploads\/2020\/10\/pp-480x480.jpg 480w, https:\/\/www.radiopiu.net\/wordpress\/wp-content\/uploads\/2020\/10\/pp.jpg 640w\" sizes=\"auto, (max-width: 106px) 100vw, 106px\" \/><\/a>DON CESARE, IL PENSIERO DEL GIORNO. ALLA RADIO ALLE 7 DEL MATTINO E ALLE 19.30 DELLA SERA.\u00a0\u00a0<\/span><\/h2>\n<\/div>\n<p>&nbsp;<\/p>\n<p>&nbsp;<\/p>\n<audio class=\"wp-audio-shortcode\" id=\"audio-169426-16\" preload=\"none\" style=\"width: 100%;\" controls=\"controls\"><source type=\"audio\/mpeg\" src=\"https:\/\/www.radiopiu.net\/wordpress\/wp-content\/uploads\/2020\/10\/CESARE-21.mp3?_=16\" \/><a href=\"https:\/\/www.radiopiu.net\/wordpress\/wp-content\/uploads\/2020\/10\/CESARE-21.mp3\">https:\/\/www.radiopiu.net\/wordpress\/wp-content\/uploads\/2020\/10\/CESARE-21.mp3<\/a><\/audio>\n<hr \/>\n<p>&nbsp;<\/p>\n<div>\n<p><a class=\"dt-pswp-item\" href=\"https:\/\/www.radiopiu.net\/wordpress\/wp-content\/uploads\/2018\/09\/viabilita.jpeg\" data-dt-img-description=\"\" data-large_image_width=\"800\" data-large_image_height=\"100\"><img loading=\"lazy\" decoding=\"async\" class=\"aligncenter wp-image-61954 size-full\" src=\"https:\/\/www.radiopiu.net\/wordpress\/wp-content\/uploads\/2018\/09\/viabilita.jpeg\" alt=\"\" width=\"800\" height=\"100\" srcset=\"https:\/\/www.radiopiu.net\/wordpress\/wp-content\/uploads\/2018\/09\/viabilita.jpeg 800w, https:\/\/www.radiopiu.net\/wordpress\/wp-content\/uploads\/2018\/09\/viabilita-300x38.jpeg 300w, https:\/\/www.radiopiu.net\/wordpress\/wp-content\/uploads\/2018\/09\/viabilita-768x96.jpeg 768w\" sizes=\"auto, (max-width: 800px) 100vw, 800px\" \/><\/a><\/p>\n<\/div>\n<p><span style=\"color: #000000;\"><strong>SR 203 AGORDINA<\/strong> <span style=\"color: #ff0000;\">localit\u00e0 Sopra Sac di Alleghe, chiusura totale al transito domani dalle 8 alle 12 e dalle 14 alle 18 per esbosco alberi<\/span><\/span><\/p>\n<p><strong>SR 473 DI CROCE D&#8217;AUNE\u00a0<\/strong>dal 2 al 20 novembre, dalle 7:30 alle 17 esclusi sabati e domeniche, senso unico alternato regolato da semaforo in localit\u00e0 Croce D&#8217;Aune di Pedavena per ripristino impianto di illuminazione pubblica<\/p>\n<p><strong>SR 203 , localit\u00e0 VIGNOLE<\/strong> dal 2 al 13 novembre senso unico dalle 7.30 alle 8.30 e dalle 16 alle 17 con moviere, dalle 8.30 alle 16 con semaforo<\/p>\n<p><strong>SR 50 SCALE DI PRIMOLANO<\/strong> dal 6 al 18 novembre, dalle 8 alle 12 e dalle 13 alle 18 esclusi sabato e domenica, senso unico alternato regolato da movieri per ripristino piano viabile su cavidotto e-distribuzione<\/p>\n<p><strong>SP 422 DELL&#8217;ALPAGO E DEL CANSIGLIO\u00a0<\/strong>fino al 30 novembre, esclusi sabato e domenica, senso unico alternato regolato da movieri tra Puos e Cornei per posa fibre ottiche<\/p>\n<p><strong>SR 48 DELLE DOLOMITI<\/strong>\u00a0fino al 30 novembre senso unico alternato regolato da impianto semaforico tra Arabba e Cernadoi per consolidamento ciglio stradale e sostituzione barriere di sicurezza<\/p>\n<p><strong>SR 48 DELLE DOLOMITI\u00a0<\/strong>tra i comuni di Livinallongo Del Col Di Lana e Cortina, senso unico alternato regolato da movieri dal 2 al 20 novembre, sabato e domenica compresi, \u00a0per collegamento elettrodotto interrato e-distribuzione<\/p>\n<p><strong>PROVINCIALE 251\u00a0<\/strong> COLLE SANTA LUCIA Fino al 28 novembre senso unico (per asfaltature) compresi sabato e domenica (stessa situazione lungo la 203 agordina in localit\u00e0 Rucav\u00e0)<\/p>\n<p><strong>SP 12 PEDEMONTANA <\/strong>senso unico alternato regolato da impianto semaforico in localit\u00e0 Veses fino al 6 novembre, esclusi sabati e domeniche, per messa in sicurezza versante a monte della strada<\/p>\n<p><strong>SP 3 DELLA VAL IMPERINA<\/strong> fino a revoca, senso unico alternato regolato a vista in localit\u00e0 Gona di Conedera di Rivamonte per cedimento della carreggiata stradale<\/p>\n<p><strong>SR 48 DELLE DOLOMITI<\/strong> fino\u00a0 al 6 novembre (festivi e prefestivi inclusi) senso unico alternato in localit\u00e0 Brenta Comune di Livinallongo del Col di Lana.<\/p>\n<p><strong>SP 49 DI MISURINA <\/strong>fino al\u00a020 novembre, senso unico alternato regolato da impianto semaforico tra Misurina e il confine con la provincia di Bolzano per posa elettrodotto interrato<\/p>\n<p><strong>REGIONALE 203 AGORDINA<\/strong>\u00a0 Fino\u00a0 al 18 dicembre (esclusi festivi e prefestivi) senso unico alternato tra Peron e Candaten con movieri dalle 7.30 alle 9 e dalle 16.30 alle 18. Con semaforo negli altri orari<\/p>\n<p><strong>REGIONALE 203 AGORDINA<\/strong> Fino al 30 novembre (sabato e domenica esclusi) tra Candaten e La Stanga dalle 7.30 alle 9 e dalle 16.30 alle 18 con movieri e negli altri orari con semaforo, senso unico alternato.<\/p>\n<div>\n<p>&nbsp;<\/p>\n<hr \/>\n<p>&nbsp;<\/p>\n<p class=\"photoswipe-wrapper\"><a class=\"dt-pswp-item pspw-wrap-ready\" href=\"https:\/\/i0.wp.com\/www.radiopiu.net\/wordpress\/wp-content\/uploads\/2018\/09\/WhatsApp-Image-2018-09-20-at-16.04.06.jpeg?ssl=1\" data-dt-img-description=\"\" data-large_image_width=\"800\" data-large_image_height=\"100\"><img loading=\"lazy\" decoding=\"async\" class=\"aligncenter wp-image-61378 size-full jetpack-lazy-image jetpack-lazy-image--handled\" src=\"https:\/\/i0.wp.com\/www.radiopiu.net\/wordpress\/wp-content\/uploads\/2018\/09\/WhatsApp-Image-2018-09-20-at-16.04.06.jpeg?resize=800%2C100&amp;ssl=1\" sizes=\"auto, (max-width: 800px) 100vw, 800px\" srcset=\"https:\/\/i0.wp.com\/www.radiopiu.net\/wordpress\/wp-content\/uploads\/2018\/09\/WhatsApp-Image-2018-09-20-at-16.04.06.jpeg?w=800&amp;ssl=1 800w, https:\/\/i0.wp.com\/www.radiopiu.net\/wordpress\/wp-content\/uploads\/2018\/09\/WhatsApp-Image-2018-09-20-at-16.04.06.jpeg?resize=300%2C38&amp;ssl=1 300w, https:\/\/i0.wp.com\/www.radiopiu.net\/wordpress\/wp-content\/uploads\/2018\/09\/WhatsApp-Image-2018-09-20-at-16.04.06.jpeg?resize=768%2C96&amp;ssl=1 768w\" alt=\"\" width=\"800\" height=\"100\" data-lazy-loaded=\"1\" \/><\/a><\/p>\n<\/div>\n<p>&nbsp;<\/p>\n<p><center><b>Sabato 31<\/b><\/center><b>Tempo atteso:\u00a0<\/b>Stupenda mattinata autunnale con sole, cielo sereno, atmosfera tersa ed ottima visibilit\u00e0 in montagna, l&#8217;unica insidia si limiter\u00e0 al rischio di banchi di nebbia nelle conche e localmente sugli altopiani della fascia prealpina durante le ore pi\u00f9 fredde. Al pomeriggio cielo in parte velato da sottili nubi alte, anche estese a fine giornata. Forte escursione termica giornaliera nelle valli.<br \/>\n<b>Precipitazioni:\u00a0<\/b>Assenti (0%).<br \/>\n<b>Temperature:\u00a0<\/b>In generale aumento, salvo diminuzione delle minime nelle valli, con inversione termica notturna. Sono previste punte di 16\/18\u00b0C nei fondovalle prealpini e di 12\/15\u00b0C a 1000\/1200 m. Su Prealpi a 1500 m min 8\u00b0C max 13\u00b0C, a 2000 m min 6\u00b0C max 10\u00b0C. Su Dolomiti a 2000 m min 5\u00b0C max 11\u00b0C, a 3000 m min 3\u00b0C max 5\u00b0C.<br \/>\n<b>Venti:\u00a0<\/b>Nelle valli perlopi\u00f9 deboli a regime di brezza, localmente e a tratti moderati; in quota deboli\/moderati da nord-ovest, a 5-10 km\/h a 2000 m e 10-20 km\/h a 3000 m.<\/p>\n<hr \/>\n<p><center><b>Domenica 1<\/b><\/center><b>Tempo atteso:\u00a0<\/b>Sole spesso velato da nubi alte, a tratti del tutto mascherato dalle stesse al pomeriggio. Aria nitida e ottima visibilit\u00e0 in alta quota, mentre vi sar\u00e0 l&#8217;insidia di nebbie nelle conche e localmente sugli altopiani della fascia prealpina durante le ore pi\u00f9 fredde. Come per sabato, persiste la relativa mitezza nelle valli, eccetto i settori in ombra.<br \/>\n<b>Precipitazioni:\u00a0<\/b>Assenti (0%).<br \/>\n<b>Temperature:\u00a0<\/b>Minime in leggera flessione in alta quota e in lieve aumento nelle valli con riduzione dell&#8217;inversione termica notturna; massime in calo in quota e pressoch\u00e9 stazionarie nelle valli. Su Prealpi a 1500 m min 7\u00b0C max 11\u00b0C, a 2000 m min 5\u00b0C max 8\u00b0C. Su Dolomiti a 2000 m min 4\u00b0C max 9\u00b0C, a 3000 m min 2\u00b0C max 4\u00b0C.<br \/>\n<b>Venti:\u00a0<\/b>Nelle valli perlopi\u00f9 deboli a regime di brezza, localmente e a tratti moderati; in quota perlopi\u00f9 deboli da nord-ovest, a 5-10 km\/h a 2000 m e 10-20 km\/h a 3000 m.<\/p>\n<hr \/>\n<p><center><b>Lunedi 2<\/b><\/center>Tempo buono e stabile con sole velato da sottili ed estese nubi alte. Persiste l&#8217;insidia dei banchi di nebbia nelle conche e localmente anche su alcuni settori degli altopiani prealpini durante le ore pi\u00f9 fredde. Temperature in generale lieve rialzo, specie quelle diurne. Venti a regime di brezza nelle valli; deboli da sud-ovest al mattino e da nord-ovest al pomeriggio in quota.<\/p>\n<hr \/>\n<p><center><b>Martedi 3<\/b><\/center>Tempo buono e stabile con sole e cielo generalmente sereno sulla maggiore parte della montagna veneta. Persiste l&#8217;insidia dei banchi di nebbia nelle conche e localmente sugli altopiani della fascia prealpina durante le ore pi\u00f9 fredde. Insidia alla quale si aggiunger\u00e0 il rischio di nubi basse a ridosso della pedemontana. Temperature in lieve diminuzione, eccetto rialzo delle massime nelle valli pi\u00f9 assolate. Venti a regime di brezza nelle valli, deboli dai quadranti orientali in quota. Previsore: R.L.Th.<\/p>\n<p>&nbsp;<\/p>\n<hr \/>\n<p>&nbsp;<\/p>\n<p><a class=\"dt-pswp-item\" href=\"https:\/\/www.radiopiu.net\/wordpress\/wp-content\/uploads\/2018\/09\/sport.jpg\" data-dt-img-description=\"\" data-large_image_width=\"800\" data-large_image_height=\"100\"><img loading=\"lazy\" decoding=\"async\" class=\"wp-image-60761 size-full aligncenter\" src=\"https:\/\/www.radiopiu.net\/wordpress\/wp-content\/uploads\/2018\/09\/sport.jpg\" alt=\"\" width=\"800\" height=\"100\" srcset=\"https:\/\/www.radiopiu.net\/wordpress\/wp-content\/uploads\/2018\/09\/sport.jpg 800w, https:\/\/www.radiopiu.net\/wordpress\/wp-content\/uploads\/2018\/09\/sport-300x38.jpg 300w, https:\/\/www.radiopiu.net\/wordpress\/wp-content\/uploads\/2018\/09\/sport-768x96.jpg 768w\" sizes=\"auto, (max-width: 800px) 100vw, 800px\" \/><\/a><\/p>\n<p>&nbsp;<\/p>\n<blockquote>\n<h3>ALCUNE PRECISAZIONI SULLA PARTITA DI OGGI TRA ALLEGHE E COMO<\/h3>\n<\/blockquote>\n<p><strong><a class=\"dt-pswp-item\" href=\"https:\/\/www.radiopiu.net\/wordpress\/wp-content\/uploads\/2020\/08\/ALLEGHE-HOCKEY-GRUPPO-scaled.jpg\" data-dt-img-description=\"\" data-large_image_width=\"2560\" data-large_image_height=\"1703\"><img loading=\"lazy\" decoding=\"async\" class=\"size-medium wp-image-156065 alignleft\" src=\"https:\/\/www.radiopiu.net\/wordpress\/wp-content\/uploads\/2020\/08\/ALLEGHE-HOCKEY-GRUPPO-300x200.jpg\" alt=\"\" width=\"300\" height=\"200\" srcset=\"https:\/\/www.radiopiu.net\/wordpress\/wp-content\/uploads\/2020\/08\/ALLEGHE-HOCKEY-GRUPPO-300x200.jpg 300w, https:\/\/www.radiopiu.net\/wordpress\/wp-content\/uploads\/2020\/08\/ALLEGHE-HOCKEY-GRUPPO-1024x681.jpg 1024w, https:\/\/www.radiopiu.net\/wordpress\/wp-content\/uploads\/2020\/08\/ALLEGHE-HOCKEY-GRUPPO-768x511.jpg 768w, https:\/\/www.radiopiu.net\/wordpress\/wp-content\/uploads\/2020\/08\/ALLEGHE-HOCKEY-GRUPPO-1536x1022.jpg 1536w, https:\/\/www.radiopiu.net\/wordpress\/wp-content\/uploads\/2020\/08\/ALLEGHE-HOCKEY-GRUPPO-2048x1363.jpg 2048w\" sizes=\"auto, (max-width: 300px) 100vw, 300px\" \/><\/a>ALLEGHE<\/strong> Una testata giornalistica di Como d\u00e0\u00a0 per certo il rinvio\u00a0 della partita tra Alleghe e Como prevista per domani sera, ma l&#8217;Alleghe non ha mai accolto l&#8217;invito al rinvio dell&#8217;incontro come da richiesta della compagine larina.<\/p>\n<p><strong> AI MICROFONI DI RADIO PIU FA CHIAREZZA IL PRESIDENTE DELL&#8217;ALLEGHE HOCKEY, ADRIANO LEVIS<\/strong><\/p>\n<audio class=\"wp-audio-shortcode\" id=\"audio-169426-17\" preload=\"none\" style=\"width: 100%;\" controls=\"controls\"><source type=\"audio\/mpeg\" src=\"https:\/\/www.radiopiu.net\/wordpress\/wp-content\/uploads\/2020\/10\/ADRIANO-LEVIS-PARTITA-COMO.mp3?_=17\" \/><a href=\"https:\/\/www.radiopiu.net\/wordpress\/wp-content\/uploads\/2020\/10\/ADRIANO-LEVIS-PARTITA-COMO.mp3\">https:\/\/www.radiopiu.net\/wordpress\/wp-content\/uploads\/2020\/10\/ADRIANO-LEVIS-PARTITA-COMO.mp3<\/a><\/audio>\n<p>&nbsp;<\/p>\n<hr \/>\n<p>&nbsp;<\/p>\n<blockquote>\n<h3>IL VOLLEY CLUB AGORDINO PRONTO PER PARTIRE MA IL DPCM FERMA TUTTO<\/h3>\n<\/blockquote>\n<p><strong><a class=\"dt-pswp-item\" href=\"https:\/\/www.radiopiu.net\/wordpress\/wp-content\/uploads\/2019\/11\/volley-club-agordino-1.jpeg\" data-dt-img-description=\"\" data-large_image_width=\"1600\" data-large_image_height=\"1200\"><img loading=\"lazy\" decoding=\"async\" class=\"size-medium wp-image-105221 alignleft\" src=\"https:\/\/www.radiopiu.net\/wordpress\/wp-content\/uploads\/2019\/11\/volley-club-agordino-1-300x225.jpeg\" alt=\"\" width=\"300\" height=\"225\" srcset=\"https:\/\/www.radiopiu.net\/wordpress\/wp-content\/uploads\/2019\/11\/volley-club-agordino-1-300x225.jpeg 300w, https:\/\/www.radiopiu.net\/wordpress\/wp-content\/uploads\/2019\/11\/volley-club-agordino-1-768x576.jpeg 768w, https:\/\/www.radiopiu.net\/wordpress\/wp-content\/uploads\/2019\/11\/volley-club-agordino-1-1024x768.jpeg 1024w, https:\/\/www.radiopiu.net\/wordpress\/wp-content\/uploads\/2019\/11\/volley-club-agordino-1.jpeg 1600w\" sizes=\"auto, (max-width: 300px) 100vw, 300px\" \/><\/a>AGORDO\u00a0<\/strong>Il Volley Club Agordino \u00e8 pronto per iniziare la nuova stagione agonistica ma al momento la federazione ha fermato tutto. Era i programma per le prossime settimane il via del campionato ma con il nuovo DPCM anche il volley ha dovuto arrendersi e posticipare tutto per la fine del mese di novembre. Allenamenti iniziati e gi\u00e0 bloccati per la squadra agordina che ora attende le nuove direttive per dare il via ufficiale alla stagione 2020\/21.<\/p>\n<p><strong>(foto d&#8217;archivio)<\/strong><\/p>\n<h3>\u00a0AI MICROFONI DI RADIO PIU&#8217; LA GIOCATRICE ALESSIA FILAFERRO<\/h3>\n<audio class=\"wp-audio-shortcode\" id=\"audio-169426-18\" preload=\"none\" style=\"width: 100%;\" controls=\"controls\"><source type=\"audio\/mpeg\" src=\"https:\/\/www.radiopiu.net\/wordpress\/wp-content\/uploads\/2020\/10\/ALESSIA-FILAFERRO-VOLLEY.mp3?_=18\" \/><a href=\"https:\/\/www.radiopiu.net\/wordpress\/wp-content\/uploads\/2020\/10\/ALESSIA-FILAFERRO-VOLLEY.mp3\">https:\/\/www.radiopiu.net\/wordpress\/wp-content\/uploads\/2020\/10\/ALESSIA-FILAFERRO-VOLLEY.mp3<\/a><\/audio>\n<p>&nbsp;<\/p>\n","protected":false},"excerpt":{"rendered":"<p>PER RICEVERE QUESTO NOTIZIARIO DIRETTAMENTE SUL TUO CELLULARE ISCRIVITI AL CANALE TELEGRAM \u201cRADIO PIU\u00a0 INFORMAZIONE&#8221; ATTENZIONE: LA NUOVA APP PER IOS-IPHONE https:\/\/apps.apple.com\/it\/app\/radio-pi%C3%B9-emittente-agordina\/id1515939845 ATTENZIONE: LA NUOVA APP RADIO\u00a0 PER ANDROID https:\/\/play.google.com\/store\/apps\/details?id=net.radiopiu.iniko\u00a0\u00a0 &nbsp; IERI SUL SITO INTERNET DI RADIO PIU: 39 ARTICOLI PUBBLICATI, 81.880 VISUALIZZAZIONI, grazie a tutti per la fiducia. \u00a0 \u00a0 \u00a0 \u00a0 \u00a0 \u00a0&hellip;<\/p>\n","protected":false},"author":4,"featured_media":169526,"comment_status":"closed","ping_status":"closed","sticky":false,"template":"","format":"standard","meta":{"_monsterinsights_skip_tracking":false,"_monsterinsights_sitenote_active":false,"_monsterinsights_sitenote_note":"","_monsterinsights_sitenote_category":0,"footnotes":""},"categories":[1,51,86],"tags":[],"class_list":["post-169426","post","type-post","status-publish","format-standard","has-post-thumbnail","hentry","category-senza-categoria","category-evidenza-top","category-gr","category-1","category-51","category-86","description-off"],"img_url":"https:\/\/www.radiopiu.net\/wordpress\/wp-content\/uploads\/2020\/10\/c7ceb803-7127-4e0d-bbe5-1453a10651b0.jpg","_links":{"self":[{"href":"https:\/\/www.radiopiu.net\/wordpress\/wp-json\/wp\/v2\/posts\/169426","targetHints":{"allow":["GET"]}}],"collection":[{"href":"https:\/\/www.radiopiu.net\/wordpress\/wp-json\/wp\/v2\/posts"}],"about":[{"href":"https:\/\/www.radiopiu.net\/wordpress\/wp-json\/wp\/v2\/types\/post"}],"author":[{"embeddable":true,"href":"https:\/\/www.radiopiu.net\/wordpress\/wp-json\/wp\/v2\/users\/4"}],"replies":[{"embeddable":true,"href":"https:\/\/www.radiopiu.net\/wordpress\/wp-json\/wp\/v2\/comments?post=169426"}],"version-history":[{"count":0,"href":"https:\/\/www.radiopiu.net\/wordpress\/wp-json\/wp\/v2\/posts\/169426\/revisions"}],"wp:featuredmedia":[{"embeddable":true,"href":"https:\/\/www.radiopiu.net\/wordpress\/wp-json\/wp\/v2\/media\/169526"}],"wp:attachment":[{"href":"https:\/\/www.radiopiu.net\/wordpress\/wp-json\/wp\/v2\/media?parent=169426"}],"wp:term":[{"taxonomy":"category","embeddable":true,"href":"https:\/\/www.radiopiu.net\/wordpress\/wp-json\/wp\/v2\/categories?post=169426"},{"taxonomy":"post_tag","embeddable":true,"href":"https:\/\/www.radiopiu.net\/wordpress\/wp-json\/wp\/v2\/tags?post=169426"}],"curies":[{"name":"wp","href":"https:\/\/api.w.org\/{rel}","templated":true}]}}