{"id":169574,"date":"2020-10-31T05:37:27","date_gmt":"2020-10-31T04:37:27","guid":{"rendered":"https:\/\/www.radiopiu.net\/wordpress\/?p=169574"},"modified":"2020-10-31T06:15:10","modified_gmt":"2020-10-31T05:15:10","slug":"essilorluxottica-del-vecchio-e-sagnieres-scrivono-ai-colleghi","status":"publish","type":"post","link":"https:\/\/www.radiopiu.net\/wordpress\/essilorluxottica-del-vecchio-e-sagnieres-scrivono-ai-colleghi\/","title":{"rendered":"ESSILORLUXOTTICA, DEL VECCHIO E SAGNIERES SCRIVONO AI &#8220;COLLEGHI&#8221;"},"content":{"rendered":"<blockquote><p><em>Boost per costruire un&#8217; dentit\u00e0 comune, ovvero una EssilorLuxottica veramente unita.<\/em><\/p><\/blockquote>\n<p><strong><img loading=\"lazy\" decoding=\"async\" class=\"alignleft\" src=\"https:\/\/www.radiopiu.net\/wordpress\/wp-content\/uploads\/2020\/09\/ESSILOR-GRANDVISION-300x300.jpg\" width=\"177\" height=\"177\" \/>FRANCIA_AGORDO<\/strong> <em>&#8220;Mentre prepariamo questo messaggio, il mondo affronta un\u2019emergenza senza precedenti. I nostri pensieri sono sempre rivolti ai nostri dipendenti e alle comunit\u00e0 pi\u00f9 colpite dal covid19.\u00a0 Tutti voi avete dato uno straordinario esempio di solidariet\u00e0 e impegno e, insieme, possiamo guardare con fiducia alla possibilit\u00e0 di uscire pi\u00f9 forti da questa crisi&#8221;. <\/em>Inizia cos\u00ec l&#8217;accorato messaggio che i numeri uno dell&#8217;occhiale e delle lenti inviano ai loro &#8220;colleghi&#8221;, cos\u00ec da sempre chiamano i loro operai, impiegati, dirigenti. Leonardo Del Vecchio Presidente Esecutivo e il suo vice Hubert Sagnieres ribadiscono che continuano\u00a0 a gestire e a seguire gli sviluppi della situazione, e a lavorare con impegno per raggiungere gli obiettivi in tutte le aree geografiche. I due mettono in risalto come nel percorso la partecipazione azionaria dei dipendenti potr\u00e0 avere un ruolo ancora pi\u00f9 importante citando l&#8217;esempio dello scorso anno con \u00a0il piano di azionariato diffuso per i dipendenti di EssilorLuxottica. Ovvero l&#8217;opportunit\u00e0 di acquistare azioni del Gruppo ad un prezzo favorevole. Iniziativa che lo scorso anno ha\u00a0 registrato un tasso di sottoscrizione superiore al 67%,\u00a0 pi\u00f9 di 56.000 dipendenti EssilorLuxottica detengono oggi una partecipazione finanziaria nella Societ\u00e0.<em> &#8220;Il successo del piano ci riempie di orgoglio e conferma la fiducia che ogni dipendente ripone in noi, scegliendo di prendere parte a questo percorso e allineando i propri interessi a lungo termine con<\/em><br \/>\n<em>quelli del Gruppo e degli altri azionisti. Ognuno potr\u00e0 detenere una piccola parte dell\u2019azienda e condividere la nostra strategia e la nostra mission&#8221;. <\/em>Con questo invito Del Vecchio e Sagnieres ribadiscono la convinzione \u00a0che tutti possano contribuire attivamente alla crescita di EssilorLuxottica e alla creazione di valore e opportunit\u00e0 per tutti. Per questo motivo il livello di coinvolgimento dei dipendenti sar\u00e0 esteso alla \u00a0Cina e all&#8217;India. &#8220;<em>Raddoppieremo cos\u00ec il numero di <\/em><em>dipendenti in Luxottica che potranno accedere a Boost e raggiungeremo nel complesso quasi 80 <\/em><em>paesi in tutto il mondo&#8221;.\u00a0<\/em><\/p>\n","protected":false},"excerpt":{"rendered":"<p>Boost per costruire un&#8217; dentit\u00e0 comune, ovvero una EssilorLuxottica veramente unita. FRANCIA_AGORDO &#8220;Mentre prepariamo questo messaggio, il mondo affronta un\u2019emergenza senza precedenti. I nostri pensieri sono sempre rivolti ai nostri dipendenti e alle comunit\u00e0 pi\u00f9 colpite dal covid19.\u00a0 Tutti voi avete dato uno straordinario esempio di solidariet\u00e0 e impegno e, insieme, possiamo guardare con fiducia&hellip;<\/p>\n","protected":false},"author":4,"featured_media":159137,"comment_status":"closed","ping_status":"closed","sticky":false,"template":"","format":"standard","meta":{"_monsterinsights_skip_tracking":false,"_monsterinsights_sitenote_active":false,"_monsterinsights_sitenote_note":"","_monsterinsights_sitenote_category":0,"footnotes":""},"categories":[49],"tags":[],"class_list":["post-169574","post","type-post","status-publish","format-standard","has-post-thumbnail","hentry","category-news-18","category-49","description-off"],"img_url":"https:\/\/www.radiopiu.net\/wordpress\/wp-content\/uploads\/2020\/09\/ESSILOR-GRANDVISION.jpg","_links":{"self":[{"href":"https:\/\/www.radiopiu.net\/wordpress\/wp-json\/wp\/v2\/posts\/169574","targetHints":{"allow":["GET"]}}],"collection":[{"href":"https:\/\/www.radiopiu.net\/wordpress\/wp-json\/wp\/v2\/posts"}],"about":[{"href":"https:\/\/www.radiopiu.net\/wordpress\/wp-json\/wp\/v2\/types\/post"}],"author":[{"embeddable":true,"href":"https:\/\/www.radiopiu.net\/wordpress\/wp-json\/wp\/v2\/users\/4"}],"replies":[{"embeddable":true,"href":"https:\/\/www.radiopiu.net\/wordpress\/wp-json\/wp\/v2\/comments?post=169574"}],"version-history":[{"count":0,"href":"https:\/\/www.radiopiu.net\/wordpress\/wp-json\/wp\/v2\/posts\/169574\/revisions"}],"wp:featuredmedia":[{"embeddable":true,"href":"https:\/\/www.radiopiu.net\/wordpress\/wp-json\/wp\/v2\/media\/159137"}],"wp:attachment":[{"href":"https:\/\/www.radiopiu.net\/wordpress\/wp-json\/wp\/v2\/media?parent=169574"}],"wp:term":[{"taxonomy":"category","embeddable":true,"href":"https:\/\/www.radiopiu.net\/wordpress\/wp-json\/wp\/v2\/categories?post=169574"},{"taxonomy":"post_tag","embeddable":true,"href":"https:\/\/www.radiopiu.net\/wordpress\/wp-json\/wp\/v2\/tags?post=169574"}],"curies":[{"name":"wp","href":"https:\/\/api.w.org\/{rel}","templated":true}]}}