{"id":169588,"date":"2020-10-30T15:47:55","date_gmt":"2020-10-30T14:47:55","guid":{"rendered":"https:\/\/www.radiopiu.net\/wordpress\/?p=169588"},"modified":"2020-10-30T15:47:55","modified_gmt":"2020-10-30T14:47:55","slug":"la-pandemia-non-ferma-la-commissione-pari-opportunita","status":"publish","type":"post","link":"https:\/\/www.radiopiu.net\/wordpress\/la-pandemia-non-ferma-la-commissione-pari-opportunita\/","title":{"rendered":"LA PANDEMIA NON FERMA LA COMMISSIONE PARI OPPORTUNITA&#8217;"},"content":{"rendered":"<p><strong>FELTRE<\/strong> Lavoro e programmi per la commissione pari opportunit\u00e0 composta da 9 membri con quote politiche e quote di cittadini della societ\u00e0 civile e che vivono in prima linea le pari opportunit\u00e0. Tra gli obiettivi evidenziati: la particolare attenzione al fenomeno della violenza sulle donne (in forte aumento durante questa pandemia soprattutto tra le mura domestiche), la cura delle famiglie con bambini (tra le pi\u00f9 colpite dalla crisi), il coinvolgimento di scuole e associazioni locali per le iniziative future. I primi appuntamenti della Commissione saranno il 25 novembre per Giornata Internazionale contro la violenza sulle donne e il 1 dicembre per la Giornata della lotta all&#8217;HIV.<\/p>\n<h4>AI MICROFONI DI RADIO PIU&#8217; L&#8217;ASSESSORE ALLE PARI OPPORTUNITA&#8217; GIORGIA LI CASTRI<\/h4>\n<audio class=\"wp-audio-shortcode\" id=\"audio-169588-1\" preload=\"none\" style=\"width: 100%;\" controls=\"controls\"><source type=\"audio\/mpeg\" src=\"https:\/\/www.radiopiu.net\/wordpress\/wp-content\/uploads\/2020\/10\/Adio-Ass.-Li-Castri-su-commissione-pari-opportunita-1.mp3?_=1\" \/><a href=\"https:\/\/www.radiopiu.net\/wordpress\/wp-content\/uploads\/2020\/10\/Adio-Ass.-Li-Castri-su-commissione-pari-opportunita-1.mp3\">https:\/\/www.radiopiu.net\/wordpress\/wp-content\/uploads\/2020\/10\/Adio-Ass.-Li-Castri-su-commissione-pari-opportunita-1.mp3<\/a><\/audio>\n<p>&nbsp;<\/p>\n<p><a class=\"dt-pswp-item\" href=\"https:\/\/www.radiopiu.net\/wordpress\/wp-content\/uploads\/2020\/10\/6f95dbbb-84d1-4180-b07d-93c2dd6f9478.jpg\" data-dt-img-description=\"\" data-large_image_width=\"1600\" data-large_image_height=\"1218\"><img loading=\"lazy\" decoding=\"async\" class=\"aligncenter wp-image-169590 size-full\" src=\"https:\/\/www.radiopiu.net\/wordpress\/wp-content\/uploads\/2020\/10\/6f95dbbb-84d1-4180-b07d-93c2dd6f9478.jpg\" alt=\"\" width=\"1600\" height=\"1218\" srcset=\"https:\/\/www.radiopiu.net\/wordpress\/wp-content\/uploads\/2020\/10\/6f95dbbb-84d1-4180-b07d-93c2dd6f9478.jpg 1600w, https:\/\/www.radiopiu.net\/wordpress\/wp-content\/uploads\/2020\/10\/6f95dbbb-84d1-4180-b07d-93c2dd6f9478-300x228.jpg 300w, https:\/\/www.radiopiu.net\/wordpress\/wp-content\/uploads\/2020\/10\/6f95dbbb-84d1-4180-b07d-93c2dd6f9478-1024x780.jpg 1024w, https:\/\/www.radiopiu.net\/wordpress\/wp-content\/uploads\/2020\/10\/6f95dbbb-84d1-4180-b07d-93c2dd6f9478-768x585.jpg 768w, https:\/\/www.radiopiu.net\/wordpress\/wp-content\/uploads\/2020\/10\/6f95dbbb-84d1-4180-b07d-93c2dd6f9478-1536x1169.jpg 1536w\" sizes=\"auto, (max-width: 1600px) 100vw, 1600px\" \/><\/a><\/p>\n","protected":false},"excerpt":{"rendered":"<p>FELTRE Lavoro e programmi per la commissione pari opportunit\u00e0 composta da 9 membri con quote politiche e quote di cittadini della societ\u00e0 civile e che vivono in prima linea le pari opportunit\u00e0. Tra gli obiettivi evidenziati: la particolare attenzione al fenomeno della violenza sulle donne (in forte aumento durante questa pandemia soprattutto tra le mura&hellip;<\/p>\n","protected":false},"author":4,"featured_media":169590,"comment_status":"closed","ping_status":"closed","sticky":false,"template":"","format":"standard","meta":{"_monsterinsights_skip_tracking":false,"_monsterinsights_sitenote_active":false,"_monsterinsights_sitenote_note":"","_monsterinsights_sitenote_category":0,"footnotes":""},"categories":[49],"tags":[],"class_list":["post-169588","post","type-post","status-publish","format-standard","has-post-thumbnail","hentry","category-news-18","category-49","description-off"],"img_url":"https:\/\/www.radiopiu.net\/wordpress\/wp-content\/uploads\/2020\/10\/6f95dbbb-84d1-4180-b07d-93c2dd6f9478.jpg","_links":{"self":[{"href":"https:\/\/www.radiopiu.net\/wordpress\/wp-json\/wp\/v2\/posts\/169588","targetHints":{"allow":["GET"]}}],"collection":[{"href":"https:\/\/www.radiopiu.net\/wordpress\/wp-json\/wp\/v2\/posts"}],"about":[{"href":"https:\/\/www.radiopiu.net\/wordpress\/wp-json\/wp\/v2\/types\/post"}],"author":[{"embeddable":true,"href":"https:\/\/www.radiopiu.net\/wordpress\/wp-json\/wp\/v2\/users\/4"}],"replies":[{"embeddable":true,"href":"https:\/\/www.radiopiu.net\/wordpress\/wp-json\/wp\/v2\/comments?post=169588"}],"version-history":[{"count":0,"href":"https:\/\/www.radiopiu.net\/wordpress\/wp-json\/wp\/v2\/posts\/169588\/revisions"}],"wp:featuredmedia":[{"embeddable":true,"href":"https:\/\/www.radiopiu.net\/wordpress\/wp-json\/wp\/v2\/media\/169590"}],"wp:attachment":[{"href":"https:\/\/www.radiopiu.net\/wordpress\/wp-json\/wp\/v2\/media?parent=169588"}],"wp:term":[{"taxonomy":"category","embeddable":true,"href":"https:\/\/www.radiopiu.net\/wordpress\/wp-json\/wp\/v2\/categories?post=169588"},{"taxonomy":"post_tag","embeddable":true,"href":"https:\/\/www.radiopiu.net\/wordpress\/wp-json\/wp\/v2\/tags?post=169588"}],"curies":[{"name":"wp","href":"https:\/\/api.w.org\/{rel}","templated":true}]}}