{"id":169624,"date":"2020-10-31T05:32:04","date_gmt":"2020-10-31T04:32:04","guid":{"rendered":"https:\/\/www.radiopiu.net\/wordpress\/?p=169624"},"modified":"2020-10-31T06:16:14","modified_gmt":"2020-10-31T05:16:14","slug":"un-decesso-al-san-martino-115-nuovi-positivi-91-i-ricoverati-in-ospedale-4-ad-agordo","status":"publish","type":"post","link":"https:\/\/www.radiopiu.net\/wordpress\/un-decesso-al-san-martino-115-nuovi-positivi-91-i-ricoverati-in-ospedale-4-ad-agordo\/","title":{"rendered":"UN DECESSO AL SAN MARTINO, 115 NUOVI POSITIVI, 91 I RICOVERATI IN OSPEDALE, 4 AD AGORDO"},"content":{"rendered":"<p><strong>BELLUNO<\/strong> In mattinata \u00e8 deceduta una paziente covid positiva di 95 anni ricoverata in Pneumologia Covid a Belluno. Nuovi positivi: 1775 nelle ultime 24 ore 115. IN OSPEDALE: San Martino area non critica 47, terapia intensiva 4. Feltre Santa Maria del Prato 18, terapia intensiva 0. Ospedali di Comunit\u00e0, positivi: Alano 5, Feltre 13 e Agordo 4. SITUAZIONE SCUOLE<b> <\/b><span style=\"font-size: medium;\">Ad oggi, dal 14 settembre, sono state prese in carico dal team scuole 142 classi cos\u00ec articolate: <\/span><span style=\"font-size: medium;\">&#8211; 3 asilo nido <\/span><span style=\"font-size: medium;\">&#8211; 8 scuola dell&#8217;infanzia <\/span><span style=\"font-size: medium;\">&#8211; 32 scuola primaria <\/span><span style=\"font-size: medium;\">&#8211; 21 scuola secondaria di primo grado <\/span><span style=\"font-size: medium;\">&#8211; 78 scuola secondaria di secondo grado. <\/span><span style=\"font-size: medium;\">Attualmente sono in carico 67 classi (il 47% delle classi considerate finora), di cui 30 sono in isolamento domiciliare fiduciario (7 classi di bambini di asili e prima elementare \u2013 in isolamento secondo protocollo e 23 classi di alunni di et\u00e0 superiore in isolamento per presenza di due o pi\u00f9 casi ). COVID POINT TAMPONI <\/span><span style=\"font-size: medium;\"><b>Da luned\u00ec I<\/b><\/span><span style=\"font-size: medium;\"> drive-in tamponi con accesso libero di Tai di Cadore e Agordo anticipano l\u2019orario di attivit\u00e0 per consentire di sfruttare al meglio le ore di luce. <\/span><span style=\"font-size: medium;\">Covid point<\/span><span style=\"font-size: medium;\"><b> Tai di Cadore<\/b><\/span><span style=\"font-size: medium;\"> \u2013 P.le Dolomiti: dal luned\u00ec al sabato <\/span><span style=\"font-size: medium;\"><b>dalle 15.00 alle 17.00 <\/b><\/span><span style=\"font-size: medium;\">Covid point<\/span><span style=\"font-size: medium;\"><b> Agordo <\/b><\/span><span style=\"font-size: medium;\">\u2013 P.le Tamonich: luned\u00ec, mercoled\u00ec e venerd\u00ec <\/span><span style=\"font-size: medium;\"><b>dalle 15.00 alle 17.00 <\/b><\/span><span style=\"font-size: medium;\">Alla luce di alcuni momenti critici nelle ore di punta, con code e disagi di accesso specie al drive-in di Belluno \u2013Sagrogna,<\/span><b> <\/b><span style=\"font-size: medium;\">si<\/span><b> <\/b><span style=\"font-size: medium;\">segnala la possibilit\u00e0 di usufruire del drive-in tamponi serale e notturno attivo dalle 19.00 alle 7.00, nell\u2019area dedicata dell\u2019Ospedale San Martino di Belluno.<\/span><\/p>\n","protected":false},"excerpt":{"rendered":"<p>BELLUNO In mattinata \u00e8 deceduta una paziente covid positiva di 95 anni ricoverata in Pneumologia Covid a Belluno. Nuovi positivi: 1775 nelle ultime 24 ore 115. IN OSPEDALE: San Martino area non critica 47, terapia intensiva 4. Feltre Santa Maria del Prato 18, terapia intensiva 0. Ospedali di Comunit\u00e0, positivi: Alano 5, Feltre 13 e&hellip;<\/p>\n","protected":false},"author":4,"featured_media":121260,"comment_status":"closed","ping_status":"closed","sticky":false,"template":"","format":"standard","meta":{"_monsterinsights_skip_tracking":false,"_monsterinsights_sitenote_active":false,"_monsterinsights_sitenote_note":"","_monsterinsights_sitenote_category":0,"footnotes":""},"categories":[51,49],"tags":[],"class_list":["post-169624","post","type-post","status-publish","format-standard","has-post-thumbnail","hentry","category-evidenza-top","category-news-18","category-51","category-49","description-off"],"img_url":"https:\/\/www.radiopiu.net\/wordpress\/wp-content\/uploads\/2020\/03\/covid-ulss.jpg","_links":{"self":[{"href":"https:\/\/www.radiopiu.net\/wordpress\/wp-json\/wp\/v2\/posts\/169624","targetHints":{"allow":["GET"]}}],"collection":[{"href":"https:\/\/www.radiopiu.net\/wordpress\/wp-json\/wp\/v2\/posts"}],"about":[{"href":"https:\/\/www.radiopiu.net\/wordpress\/wp-json\/wp\/v2\/types\/post"}],"author":[{"embeddable":true,"href":"https:\/\/www.radiopiu.net\/wordpress\/wp-json\/wp\/v2\/users\/4"}],"replies":[{"embeddable":true,"href":"https:\/\/www.radiopiu.net\/wordpress\/wp-json\/wp\/v2\/comments?post=169624"}],"version-history":[{"count":0,"href":"https:\/\/www.radiopiu.net\/wordpress\/wp-json\/wp\/v2\/posts\/169624\/revisions"}],"wp:featuredmedia":[{"embeddable":true,"href":"https:\/\/www.radiopiu.net\/wordpress\/wp-json\/wp\/v2\/media\/121260"}],"wp:attachment":[{"href":"https:\/\/www.radiopiu.net\/wordpress\/wp-json\/wp\/v2\/media?parent=169624"}],"wp:term":[{"taxonomy":"category","embeddable":true,"href":"https:\/\/www.radiopiu.net\/wordpress\/wp-json\/wp\/v2\/categories?post=169624"},{"taxonomy":"post_tag","embeddable":true,"href":"https:\/\/www.radiopiu.net\/wordpress\/wp-json\/wp\/v2\/tags?post=169624"}],"curies":[{"name":"wp","href":"https:\/\/api.w.org\/{rel}","templated":true}]}}