{"id":169650,"date":"2020-11-01T07:11:05","date_gmt":"2020-11-01T06:11:05","guid":{"rendered":"https:\/\/www.radiopiu.net\/wordpress\/?p=169650"},"modified":"2020-11-01T08:43:49","modified_gmt":"2020-11-01T07:43:49","slug":"giornale-radiopiu-01-novembre-2020-direttore-mirko-mezzacasa","status":"publish","type":"post","link":"https:\/\/www.radiopiu.net\/wordpress\/giornale-radiopiu-01-novembre-2020-direttore-mirko-mezzacasa\/","title":{"rendered":"GIORNALE RADIOPIU 01 NOVEMBRE 2020 DIRETTORE MIRKO MEZZACASA"},"content":{"rendered":"<h3><a class=\"dt-pswp-item\" href=\"https:\/\/www.radiopiu.net\/wordpress\/wp-content\/uploads\/2020\/11\/d08f9a77-52df-4fd6-8f8f-0b5f9bc701e9.jpg\" data-dt-img-description=\"\" data-large_image_width=\"942\" data-large_image_height=\"1280\"><img loading=\"lazy\" decoding=\"async\" class=\"size-medium wp-image-169822 alignleft\" src=\"https:\/\/www.radiopiu.net\/wordpress\/wp-content\/uploads\/2020\/11\/d08f9a77-52df-4fd6-8f8f-0b5f9bc701e9-221x300.jpg\" alt=\"\" width=\"221\" height=\"300\" srcset=\"https:\/\/www.radiopiu.net\/wordpress\/wp-content\/uploads\/2020\/11\/d08f9a77-52df-4fd6-8f8f-0b5f9bc701e9-221x300.jpg 221w, https:\/\/www.radiopiu.net\/wordpress\/wp-content\/uploads\/2020\/11\/d08f9a77-52df-4fd6-8f8f-0b5f9bc701e9-754x1024.jpg 754w, https:\/\/www.radiopiu.net\/wordpress\/wp-content\/uploads\/2020\/11\/d08f9a77-52df-4fd6-8f8f-0b5f9bc701e9-768x1044.jpg 768w, https:\/\/www.radiopiu.net\/wordpress\/wp-content\/uploads\/2020\/11\/d08f9a77-52df-4fd6-8f8f-0b5f9bc701e9.jpg 942w\" sizes=\"auto, (max-width: 221px) 100vw, 221px\" \/><\/a>PER<strong> RICEVERE QUESTO NOTIZIARIO DIRETTAMENTE SUL TUO CELLULARE ISCRIVITI AL CANALE TELEGRAM <\/strong><strong>\u201cRADIO PIU\u00a0 INFORMAZIONE&#8221;<\/strong><\/h3>\n<p><em>ATTENZIONE: LA NUOVA APP PER IOS-IPHONE<\/em><\/p>\n<div>\n<div><a href=\"https:\/\/apps.apple.com\/it\/app\/radio-pi%C3%B9-emittente-agordina\/id1515939845\">https:\/\/apps.apple.com\/it\/app\/radio-pi%C3%B9-emittente-agordina\/id1515939845<\/a><\/div>\n<\/div>\n<div><\/div>\n<div>\n<div dir=\"auto\"><em>ATTENZIONE: LA NUOVA APP RADIO\u00a0 PER ANDROID<\/em><\/div>\n<\/div>\n<p><a href=\"https:\/\/play.google.com\/store\/apps\/details?id=net.radiopiu.iniko\" target=\"_blank\" rel=\"noopener noreferrer\">https:\/\/play.google.com\/store\/apps\/details?id=net.radiopiu.iniko\u00a0\u00a0\u00a0<\/a><\/p>\n<p>&nbsp;<\/p>\n<h1><span style=\"color: #ff0000;\">IERI SUL SITO INTERNET <span class=\"py34i1dx\">WWW.RADIOPIU.NET<\/span><\/span><span data-offset-key=\"2dir5-3-0\"><span style=\"color: #ff0000;\"> E SU TELEGRAM &#8220;RADIO PIU&#8217; INFORMAZIONE&#8221; PUBBLICATI 22 ARTICOLI, VISUALIZZATI DA 72.956 LETTORI-ASCOLTATORI DI RADIO PIU.<\/span> <\/span><\/h1>\n<p>&nbsp;<\/p>\n<hr \/>\n<p>&nbsp;<\/p>\n<blockquote>\n<h2>\u00a01 NOVEMBRE AGORDINO, CROCI, MONTI E COLORI<\/h2>\n<\/blockquote>\n<p><strong><span style=\"color: #ff0000;\">grazie\u00a0 a DUILIO DA CAMPO\u00a0<\/span><\/strong><\/p>\n\n\t\t\t<style type='text\/css'>\n\t\t\t\t#gallery-1 {\n\t\t\t\t\tmargin: auto;\n\t\t\t\t}\n\t\t\t\t#gallery-1 .gallery-item {\n\t\t\t\t\tfloat: left;\n\t\t\t\t\tmargin-top: 10px;\n\t\t\t\t\ttext-align: center;\n\t\t\t\t\twidth: 25%;\n\t\t\t\t}\n\t\t\t\t#gallery-1 img {\n\t\t\t\t\tborder: 2px solid #cfcfcf;\n\t\t\t\t}\n\t\t\t\t#gallery-1 .gallery-caption {\n\t\t\t\t\tmargin-left: 0;\n\t\t\t\t}\n\t\t\t\t\/* see gallery_shortcode() in wp-includes\/media.php *\/\n\t\t\t<\/style>\n\t\t<div id='gallery-1' class='dt-gallery-container gallery galleryid-169650 gallery-columns-4 gallery-size-thumbnail'><dl class='gallery-item'>\n\t\t\t\t<dt class='gallery-icon landscape'>\n\t\t\t\t\t<a class=\"rollover rollover-zoom dt-pswp-item\" title=\"6d8c4829-316f-4bd6-ba24-f846240efb32\" data-dt-img-description=\"\" data-large_image_width=\"1389\" data-large_image_height=\"856\"href='https:\/\/www.radiopiu.net\/wordpress\/wp-content\/uploads\/2020\/11\/6d8c4829-316f-4bd6-ba24-f846240efb32.jpg'><img loading=\"lazy\" decoding=\"async\" width=\"150\" height=\"150\" src=\"https:\/\/www.radiopiu.net\/wordpress\/wp-content\/uploads\/2020\/11\/6d8c4829-316f-4bd6-ba24-f846240efb32-150x150.jpg\" class=\"attachment-thumbnail size-thumbnail\" alt=\"\" \/><\/a>\n\t\t\t\t<\/dt><\/dl><dl class='gallery-item'>\n\t\t\t\t<dt class='gallery-icon portrait'>\n\t\t\t\t\t<a class=\"rollover rollover-zoom dt-pswp-item\" title=\"9163aeb3-8444-4979-bccc-691d0b28c5c3\" data-dt-img-description=\"\" data-large_image_width=\"1228\" data-large_image_height=\"1360\"href='https:\/\/www.radiopiu.net\/wordpress\/wp-content\/uploads\/2020\/11\/9163aeb3-8444-4979-bccc-691d0b28c5c3.jpg'><img loading=\"lazy\" decoding=\"async\" width=\"150\" height=\"150\" src=\"https:\/\/www.radiopiu.net\/wordpress\/wp-content\/uploads\/2020\/11\/9163aeb3-8444-4979-bccc-691d0b28c5c3-150x150.jpg\" class=\"attachment-thumbnail size-thumbnail\" alt=\"\" \/><\/a>\n\t\t\t\t<\/dt><\/dl><dl class='gallery-item'>\n\t\t\t\t<dt class='gallery-icon landscape'>\n\t\t\t\t\t<a class=\"rollover rollover-zoom dt-pswp-item\" title=\"456a2a43-b247-476b-a0ea-163f08d6ab00\" data-dt-img-description=\"\" data-large_image_width=\"1600\" data-large_image_height=\"1016\"href='https:\/\/www.radiopiu.net\/wordpress\/wp-content\/uploads\/2020\/11\/456a2a43-b247-476b-a0ea-163f08d6ab00.jpg'><img loading=\"lazy\" decoding=\"async\" width=\"150\" height=\"150\" src=\"https:\/\/www.radiopiu.net\/wordpress\/wp-content\/uploads\/2020\/11\/456a2a43-b247-476b-a0ea-163f08d6ab00-150x150.jpg\" class=\"attachment-thumbnail size-thumbnail\" alt=\"\" \/><\/a>\n\t\t\t\t<\/dt><\/dl><dl class='gallery-item'>\n\t\t\t\t<dt class='gallery-icon landscape'>\n\t\t\t\t\t<a class=\"rollover rollover-zoom dt-pswp-item\" title=\"822d9be4-04d9-46f2-847c-1f35415b0fca\" data-dt-img-description=\"\" data-large_image_width=\"1600\" data-large_image_height=\"900\"href='https:\/\/www.radiopiu.net\/wordpress\/wp-content\/uploads\/2020\/11\/822d9be4-04d9-46f2-847c-1f35415b0fca.jpg'><img loading=\"lazy\" decoding=\"async\" width=\"150\" height=\"150\" src=\"https:\/\/www.radiopiu.net\/wordpress\/wp-content\/uploads\/2020\/11\/822d9be4-04d9-46f2-847c-1f35415b0fca-150x150.jpg\" class=\"attachment-thumbnail size-thumbnail\" alt=\"\" \/><\/a>\n\t\t\t\t<\/dt><\/dl><br style=\"clear: both\" \/><dl class='gallery-item'>\n\t\t\t\t<dt class='gallery-icon landscape'>\n\t\t\t\t\t<a class=\"rollover rollover-zoom dt-pswp-item\" title=\"3490bbed-f03f-4ae1-8015-7d68c199fa40\" data-dt-img-description=\"\" data-large_image_width=\"1525\" data-large_image_height=\"973\"href='https:\/\/www.radiopiu.net\/wordpress\/wp-content\/uploads\/2020\/11\/3490bbed-f03f-4ae1-8015-7d68c199fa40.jpg'><img loading=\"lazy\" decoding=\"async\" width=\"150\" height=\"150\" src=\"https:\/\/www.radiopiu.net\/wordpress\/wp-content\/uploads\/2020\/11\/3490bbed-f03f-4ae1-8015-7d68c199fa40-150x150.jpg\" class=\"attachment-thumbnail size-thumbnail\" alt=\"\" \/><\/a>\n\t\t\t\t<\/dt><\/dl><dl class='gallery-item'>\n\t\t\t\t<dt class='gallery-icon landscape'>\n\t\t\t\t\t<a class=\"rollover rollover-zoom dt-pswp-item\" title=\"7f170bc1-12ab-4b87-9255-407805459532\" data-dt-img-description=\"\" data-large_image_width=\"1600\" data-large_image_height=\"900\"href='https:\/\/www.radiopiu.net\/wordpress\/wp-content\/uploads\/2020\/11\/7f170bc1-12ab-4b87-9255-407805459532.jpg'><img loading=\"lazy\" decoding=\"async\" width=\"150\" height=\"150\" src=\"https:\/\/www.radiopiu.net\/wordpress\/wp-content\/uploads\/2020\/11\/7f170bc1-12ab-4b87-9255-407805459532-150x150.jpg\" class=\"attachment-thumbnail size-thumbnail\" alt=\"\" \/><\/a>\n\t\t\t\t<\/dt><\/dl><dl class='gallery-item'>\n\t\t\t\t<dt class='gallery-icon landscape'>\n\t\t\t\t\t<a class=\"rollover rollover-zoom dt-pswp-item\" title=\"e93a77bc-935c-4bfd-9b9d-e2c44550fe62\" data-dt-img-description=\"\" data-large_image_width=\"1600\" data-large_image_height=\"900\"href='https:\/\/www.radiopiu.net\/wordpress\/wp-content\/uploads\/2020\/11\/e93a77bc-935c-4bfd-9b9d-e2c44550fe62.jpg'><img loading=\"lazy\" decoding=\"async\" width=\"150\" height=\"150\" src=\"https:\/\/www.radiopiu.net\/wordpress\/wp-content\/uploads\/2020\/11\/e93a77bc-935c-4bfd-9b9d-e2c44550fe62-150x150.jpg\" class=\"attachment-thumbnail size-thumbnail\" alt=\"\" \/><\/a>\n\t\t\t\t<\/dt><\/dl><dl class='gallery-item'>\n\t\t\t\t<dt class='gallery-icon portrait'>\n\t\t\t\t\t<a class=\"rollover rollover-zoom dt-pswp-item\" title=\"5bf3aa69-ff9c-46cd-9dcd-c211e82d77ac\" data-dt-img-description=\"\" data-large_image_width=\"900\" data-large_image_height=\"1600\"href='https:\/\/www.radiopiu.net\/wordpress\/wp-content\/uploads\/2020\/11\/5bf3aa69-ff9c-46cd-9dcd-c211e82d77ac.jpg'><img loading=\"lazy\" decoding=\"async\" width=\"150\" height=\"150\" src=\"https:\/\/www.radiopiu.net\/wordpress\/wp-content\/uploads\/2020\/11\/5bf3aa69-ff9c-46cd-9dcd-c211e82d77ac-150x150.jpg\" class=\"attachment-thumbnail size-thumbnail\" alt=\"\" \/><\/a>\n\t\t\t\t<\/dt><\/dl><br style=\"clear: both\" \/>\n\t\t\t<\/div>\n\n<hr \/>\n<p>&nbsp;<\/p>\n<blockquote>\n<h2><span style=\"color: #000080;\">L&#8217;ARGOMENTO DELLA SETTIMANA, NEGLI ULTIMI DUE GIORNI NEI NOTIZIARIO DI RADIO PIU&#8217;<\/span><\/h2>\n<\/blockquote>\n<blockquote class=\"wp-embedded-content\" data-secret=\"p2uoNehsnc\"><p><a href=\"https:\/\/www.radiopiu.net\/wordpress\/la-croce-verde-val-biois-non-assicura-la-copertura-totale\/\">LA CROCE VERDE VAL BIOIS NON ASSICURA LA COPERTURA TOTALE<\/a><\/p><\/blockquote>\n<p><iframe loading=\"lazy\" class=\"wp-embedded-content\" sandbox=\"allow-scripts\" security=\"restricted\" style=\"position: absolute; clip: rect(1px, 1px, 1px, 1px);\" title=\"&#8220;LA CROCE VERDE VAL BIOIS NON ASSICURA LA COPERTURA TOTALE&#8221; &#8212; Radio Pi\u00f9\" src=\"https:\/\/www.radiopiu.net\/wordpress\/la-croce-verde-val-biois-non-assicura-la-copertura-totale\/embed\/#?secret=p2uoNehsnc\" data-secret=\"p2uoNehsnc\" width=\"600\" height=\"338\" frameborder=\"0\" marginwidth=\"0\" marginheight=\"0\" scrolling=\"no\"><\/iframe><\/p>\n<p>&nbsp;<\/p>\n<p>&nbsp;<\/p>\n<hr \/>\n<p>&nbsp;<\/p>\n<blockquote>\n<div class=\"page-title-head hgroup\">\n<h3 class=\"entry-title\">ACQUA DI NUOVO POTABILE A VOLTAGO E LA VALLE, SEMPRE INQUINATA A TAIBON<\/h3>\n<\/div>\n<div class=\"page-title-breadcrumbs\"><\/div>\n<\/blockquote>\n<p class=\"photoswipe-wrapper\"><a class=\"dt-pswp-item pspw-wrap-ready\" href=\"https:\/\/i1.wp.com\/www.radiopiu.net\/wordpress\/wp-content\/uploads\/2019\/10\/ACQUA-SPORCA.jpeg?ssl=1\" data-dt-img-description=\"\" data-large_image_width=\"1024\" data-large_image_height=\"768\"><img loading=\"lazy\" decoding=\"async\" class=\" wp-image-104646 alignleft\" src=\"https:\/\/i1.wp.com\/www.radiopiu.net\/wordpress\/wp-content\/uploads\/2019\/10\/ACQUA-SPORCA.jpeg?resize=127%2C95&amp;ssl=1\" sizes=\"auto, (max-width: 127px) 100vw, 127px\" srcset=\"https:\/\/i1.wp.com\/www.radiopiu.net\/wordpress\/wp-content\/uploads\/2019\/10\/ACQUA-SPORCA.jpeg?resize=300%2C225&amp;ssl=1 300w, https:\/\/i1.wp.com\/www.radiopiu.net\/wordpress\/wp-content\/uploads\/2019\/10\/ACQUA-SPORCA.jpeg?resize=768%2C576&amp;ssl=1 768w, https:\/\/i1.wp.com\/www.radiopiu.net\/wordpress\/wp-content\/uploads\/2019\/10\/ACQUA-SPORCA.jpeg?w=1024&amp;ssl=1 1024w\" alt=\"\" width=\"96\" height=\"72\" \/><\/a>Gestione Servizi Pubblici informa che a <strong>LA VALLE AGORDINA<\/strong> nelle LOCALITA&#8217; RONCHE, RONCHET, NOACH, LE CAMPE e CANCELLADE ed a <strong>VOLTAGO AGORDINO<\/strong>, nelle LOCALITA&#8217; FRASSENE&#8217; e VILLA, l&#8217;acqua erogata dall&#8217;acquedotto \u00e8 di nuovo potabile e pu\u00f2 essere usata, quindi, per scopi alimentari.<br \/>\nAcqua sempre inquinata (si puo&#8217; usare per scopi alimentari previa bollitura) in frazione Ronch di Bos e Nogarola a <strong>TAIBON\u00a0<\/strong><\/p>\n<p>Gestione Servizi Pubblici informa che, per lavori alla rete idrica comunale, domani dalle 8 a fine lavori potrebbe mancare l&#8217;acqua a TAIBON AGORDINO, nelle localit\u00e0 STRAPONT e NOGAROLA.<\/p>\n<p>&nbsp;<\/p>\n<p>&nbsp;<\/p>\n<hr \/>\n<p>&nbsp;<\/p>\n<p><span style=\"color: #ff0000;\"><strong>SR 203 AGORDINA<\/strong> localit\u00e0 Sopra Sac di Alleghe, chiusura totale al transito oggi dalle 8 alle 12 e dalle 14 alle 18 per esbosco alberi. La zona \u00e8 sopra Caprile, strada per il bivio Rucav\u00e0 in zona ex villaggio Mares.<\/span><\/p>\n<p>&nbsp;<\/p>\n<p><strong>DA DOMANI DURANTE LA NOTTE CHIUDE LA 52 CARNICA A LORENZAGO DI CADORE<\/strong><\/p>\n<p><strong>VENEZIA<\/strong> Avanzano i lavori di consolidamento del corpo stradale e del muro di sostegno lungo la strada statale 52 \u201cCarnica\u201d a Lorenzago di Cadore. Per consentire la prosecuzione degli interventi, a partire da luned\u00ec 2 e fino al 27 novembre la statale sar\u00e0 chiusa al traffico nel tratto compreso tra il km 64,150 e il km 71,600. La limitazione sar\u00e0 in vigore nella sola fascia oraria notturna 20\u20136, festivi esclusi. Il traffico da Domegge di Cadore in direzione Tolmezzo sar\u00e0 indirizzato, tramite segnaletica in loco, verso Santo Stefano di Cadore, Sappada, Forni Avoltri, Ovaro e Villa Santina. Percorso inverso per la viabilit\u00e0 da Tolmezzo in direzione Domegge.<\/p>\n<p>&nbsp;<\/p>\n<p>&nbsp;<\/p>\n<hr \/>\n<p>&nbsp;<\/p>\n<blockquote>\n<h3>INCIDENTE MORTALE A TRICHIANA, PERDE LA VITA UN MOTOCICLISTA DI 48 ANNI<\/h3>\n<\/blockquote>\n<div class=\"im_history_message_wrap\">\n<div class=\"im_message_outer_wrap hasselect\" data-msg-id=\"15125\">\n<div class=\"im_message_wrap clearfix\">\n<div class=\"im_content_message_wrap im_message_in\">\n<div class=\"im_message_body\">\n<p dir=\"auto\"><strong><a class=\"dt-pswp-item\" href=\"https:\/\/www.radiopiu.net\/wordpress\/wp-content\/uploads\/2020\/10\/Schermata-2020-10-31-alle-15.55.06.png\" data-dt-img-description=\"\" data-large_image_width=\"1156\" data-large_image_height=\"1676\"><img loading=\"lazy\" decoding=\"async\" class=\" wp-image-169759 alignleft\" src=\"https:\/\/www.radiopiu.net\/wordpress\/wp-content\/uploads\/2020\/10\/Schermata-2020-10-31-alle-15.55.06-207x300.png\" alt=\"\" width=\"119\" height=\"172\" srcset=\"https:\/\/www.radiopiu.net\/wordpress\/wp-content\/uploads\/2020\/10\/Schermata-2020-10-31-alle-15.55.06-207x300.png 207w, https:\/\/www.radiopiu.net\/wordpress\/wp-content\/uploads\/2020\/10\/Schermata-2020-10-31-alle-15.55.06-706x1024.png 706w, https:\/\/www.radiopiu.net\/wordpress\/wp-content\/uploads\/2020\/10\/Schermata-2020-10-31-alle-15.55.06-768x1113.png 768w, https:\/\/www.radiopiu.net\/wordpress\/wp-content\/uploads\/2020\/10\/Schermata-2020-10-31-alle-15.55.06-1059x1536.png 1059w, https:\/\/www.radiopiu.net\/wordpress\/wp-content\/uploads\/2020\/10\/Schermata-2020-10-31-alle-15.55.06.png 1156w\" sizes=\"auto, (max-width: 119px) 100vw, 119px\" \/><\/a>BORGO VALBELLUNA<\/strong> Grave incidente stamane alle 9 a Trichiana in via Roma. Un motociclista, David Bernard 48 anni\u00a0 di Borgo Valbelluna, a bordo di una Honda \u00e8 finito contro la fiancata del Mercedes che viaggiava nell&#8217;opposta direzione, da Limana verso Trichiana,\u00a0 condotta da una donna di 41 anni residente a Belluno. L&#8217;uomo \u00e8 stato sbalzato con violenza sull&#8217;asfalto all&#8217;incrocio tra via Roma e via Cavassico \u00a0nei pressi del bar da Monica. Sulle cause indagano i Carabinieri della Radiomobilie di Feltre. Sul posto anche l&#8217;elicottero del Suem, il centauro, elitrasportato all&#8217;ospedale \u00e8 morto poco dopo. David Bernard gi\u00e0 consigliere comunale dal 2014 al 2019 era persona molto conosciuta e stimata nella comunit\u00e0 trichianese, lavorava come geometra nel suo studio. Lascia la moglie e due figlie.<\/p>\n<\/div>\n<\/div>\n<\/div>\n<\/div>\n<\/div>\n\n\t\t\t<style type='text\/css'>\n\t\t\t\t#gallery-2 {\n\t\t\t\t\tmargin: auto;\n\t\t\t\t}\n\t\t\t\t#gallery-2 .gallery-item {\n\t\t\t\t\tfloat: left;\n\t\t\t\t\tmargin-top: 10px;\n\t\t\t\t\ttext-align: center;\n\t\t\t\t\twidth: 100%;\n\t\t\t\t}\n\t\t\t\t#gallery-2 img {\n\t\t\t\t\tborder: 2px solid #cfcfcf;\n\t\t\t\t}\n\t\t\t\t#gallery-2 .gallery-caption {\n\t\t\t\t\tmargin-left: 0;\n\t\t\t\t}\n\t\t\t\t\/* see gallery_shortcode() in wp-includes\/media.php *\/\n\t\t\t<\/style>\n\t\t<div id='gallery-2' class='dt-gallery-container gallery galleryid-169650 gallery-columns-1 gallery-size-large'><dl class='gallery-item'>\n\t\t\t\t<dt class='gallery-icon landscape'>\n\t\t\t\t\t<a class=\"rollover rollover-zoom dt-pswp-item\" title=\"IMAGE 2020-10-31 14:58:06\" data-dt-img-description=\"\" data-large_image_width=\"1280\" data-large_image_height=\"960\"href='https:\/\/www.radiopiu.net\/wordpress\/wp-content\/uploads\/2020\/10\/IMAGE-2020-10-31-145806.jpg'><img loading=\"lazy\" decoding=\"async\" width=\"1024\" height=\"768\" src=\"https:\/\/www.radiopiu.net\/wordpress\/wp-content\/uploads\/2020\/10\/IMAGE-2020-10-31-145806-1024x768.jpg\" class=\"attachment-large size-large\" alt=\"\" srcset=\"https:\/\/www.radiopiu.net\/wordpress\/wp-content\/uploads\/2020\/10\/IMAGE-2020-10-31-145806-1024x768.jpg 1024w, https:\/\/www.radiopiu.net\/wordpress\/wp-content\/uploads\/2020\/10\/IMAGE-2020-10-31-145806-300x225.jpg 300w, https:\/\/www.radiopiu.net\/wordpress\/wp-content\/uploads\/2020\/10\/IMAGE-2020-10-31-145806-768x576.jpg 768w, https:\/\/www.radiopiu.net\/wordpress\/wp-content\/uploads\/2020\/10\/IMAGE-2020-10-31-145806.jpg 1280w\" sizes=\"auto, (max-width: 1024px) 100vw, 1024px\" \/><\/a>\n\t\t\t\t<\/dt><\/dl><br style=\"clear: both\" \/>\n\t\t\t<\/div>\n\n\n\t\t\t<style type='text\/css'>\n\t\t\t\t#gallery-3 {\n\t\t\t\t\tmargin: auto;\n\t\t\t\t}\n\t\t\t\t#gallery-3 .gallery-item {\n\t\t\t\t\tfloat: left;\n\t\t\t\t\tmargin-top: 10px;\n\t\t\t\t\ttext-align: center;\n\t\t\t\t\twidth: 50%;\n\t\t\t\t}\n\t\t\t\t#gallery-3 img {\n\t\t\t\t\tborder: 2px solid #cfcfcf;\n\t\t\t\t}\n\t\t\t\t#gallery-3 .gallery-caption {\n\t\t\t\t\tmargin-left: 0;\n\t\t\t\t}\n\t\t\t\t\/* see gallery_shortcode() in wp-includes\/media.php *\/\n\t\t\t<\/style>\n\t\t<div id='gallery-3' class='dt-gallery-container gallery galleryid-169650 gallery-columns-2 gallery-size-medium'><dl class='gallery-item'>\n\t\t\t\t<dt class='gallery-icon landscape'>\n\t\t\t\t\t<a class=\"rollover rollover-zoom dt-pswp-item\" title=\"14315201-6555-450b-9a0b-1834684a13e1\" data-dt-img-description=\"\" data-large_image_width=\"923\" data-large_image_height=\"552\"href='https:\/\/www.radiopiu.net\/wordpress\/wp-content\/uploads\/2020\/11\/14315201-6555-450b-9a0b-1834684a13e1.jpg'><img loading=\"lazy\" decoding=\"async\" width=\"300\" height=\"179\" src=\"https:\/\/www.radiopiu.net\/wordpress\/wp-content\/uploads\/2020\/11\/14315201-6555-450b-9a0b-1834684a13e1-300x179.jpg\" class=\"attachment-medium size-medium\" alt=\"\" srcset=\"https:\/\/www.radiopiu.net\/wordpress\/wp-content\/uploads\/2020\/11\/14315201-6555-450b-9a0b-1834684a13e1-300x179.jpg 300w, https:\/\/www.radiopiu.net\/wordpress\/wp-content\/uploads\/2020\/11\/14315201-6555-450b-9a0b-1834684a13e1-768x459.jpg 768w, https:\/\/www.radiopiu.net\/wordpress\/wp-content\/uploads\/2020\/11\/14315201-6555-450b-9a0b-1834684a13e1.jpg 923w\" sizes=\"auto, (max-width: 300px) 100vw, 300px\" \/><\/a>\n\t\t\t\t<\/dt><\/dl><dl class='gallery-item'>\n\t\t\t\t<dt class='gallery-icon landscape'>\n\t\t\t\t\t<a class=\"rollover rollover-zoom dt-pswp-item\" title=\"44301ac6-e30d-451d-9f17-49ff9676ad78\" data-dt-img-description=\"\" data-large_image_width=\"914\" data-large_image_height=\"567\"href='https:\/\/www.radiopiu.net\/wordpress\/wp-content\/uploads\/2020\/11\/44301ac6-e30d-451d-9f17-49ff9676ad78.jpg'><img loading=\"lazy\" decoding=\"async\" width=\"300\" height=\"186\" src=\"https:\/\/www.radiopiu.net\/wordpress\/wp-content\/uploads\/2020\/11\/44301ac6-e30d-451d-9f17-49ff9676ad78-300x186.jpg\" class=\"attachment-medium size-medium\" alt=\"\" srcset=\"https:\/\/www.radiopiu.net\/wordpress\/wp-content\/uploads\/2020\/11\/44301ac6-e30d-451d-9f17-49ff9676ad78-300x186.jpg 300w, https:\/\/www.radiopiu.net\/wordpress\/wp-content\/uploads\/2020\/11\/44301ac6-e30d-451d-9f17-49ff9676ad78-768x476.jpg 768w, https:\/\/www.radiopiu.net\/wordpress\/wp-content\/uploads\/2020\/11\/44301ac6-e30d-451d-9f17-49ff9676ad78.jpg 914w\" sizes=\"auto, (max-width: 300px) 100vw, 300px\" \/><\/a>\n\t\t\t\t<\/dt><\/dl><br style=\"clear: both\" \/>\n\t\t\t<\/div>\n\n<p>&nbsp;<\/p>\n<hr \/>\n<p>&nbsp;<\/p>\n<blockquote>\n<h3>RUZZOLA PER 200 METRI IN VALLE DI SAN LUCANO. ELITRASPORTATO A TREVISO<\/h3>\n<\/blockquote>\n<p><strong><a class=\"dt-pswp-item\" href=\"https:\/\/www.radiopiu.net\/wordpress\/wp-content\/uploads\/2020\/10\/salt_20201031_181319_809.jpg\" data-dt-img-description=\"\" data-large_image_width=\"1773\" data-large_image_height=\"2364\"><img loading=\"lazy\" decoding=\"async\" class=\" wp-image-169786 alignleft\" src=\"https:\/\/www.radiopiu.net\/wordpress\/wp-content\/uploads\/2020\/10\/salt_20201031_181319_809-225x300.jpg\" alt=\"\" width=\"205\" height=\"273\" srcset=\"https:\/\/www.radiopiu.net\/wordpress\/wp-content\/uploads\/2020\/10\/salt_20201031_181319_809-225x300.jpg 225w, https:\/\/www.radiopiu.net\/wordpress\/wp-content\/uploads\/2020\/10\/salt_20201031_181319_809-768x1024.jpg 768w, https:\/\/www.radiopiu.net\/wordpress\/wp-content\/uploads\/2020\/10\/salt_20201031_181319_809-1152x1536.jpg 1152w, https:\/\/www.radiopiu.net\/wordpress\/wp-content\/uploads\/2020\/10\/salt_20201031_181319_809-1536x2048.jpg 1536w, https:\/\/www.radiopiu.net\/wordpress\/wp-content\/uploads\/2020\/10\/salt_20201031_181319_809.jpg 1773w\" sizes=\"auto, (max-width: 205px) 100vw, 205px\" \/><\/a>TAIBON<\/strong> Attorno alle 14 la Centrale del Suem \u00e8 stata allertata da due escursionisti che avevano perso di vista l&#8217;amico in Valle di San Lucano e non riuscivano pi\u00f9 a trovarlo. I tre si trovavano tra Forcella Caoz e Malga Pape quando, dopo essersi fermati assieme, lui, S.D.A., 53 anni, di Martellago (VE), era andato avanti da solo distanziandoli. Arrivati in un tratto innevato senza vedere le sue impronte, i compagni si sono preoccupati e, non essendoci copertura telefonica, si sono affrettati verso localit\u00e0 Pont per dare l&#8217;allarme. L&#8217;elicottero del Suem di Pieve di Cadore \u00e8 subito volato sul posto e durante la ricognizione lungo le creste \u00e8 stato notato un oggetto all&#8217;inizio di un canale. L&#8217;eliambulanza\u00a0 ha quindi iniziato a scendere lungo la stretta valle, fino a scorgere il corpo dell&#8217;uomo, ruzzolato per circa 200 metri. Dopo aver sbarcato con il verricello equipe medica e tecnico di elisoccorso, l&#8217;elicottero \u00e8 sceso in Valle di San Lucano e ha imbarcato due tecnici del Soccorso alpino di Agordo in supporto alle operazioni. All&#8217;infortunato, che presentava un possibile gravissimo politrauma, sono state prestate le prime cure urgenti. Imbarellato, \u00e8 stato issato a bordo con il verricello e trasportato all&#8217;ospedale di Belluno da dove \u00e8 stato poi trasferito a Treviso. I\u00a0due soccorritori di Agordo hanno provveduto a smantellare l&#8217;attrezzatura, per essere poi imbarcati dell&#8217;elicottero in un secondo tempo. Altri sei soccorritori erano pronti a intervenire in supporto alle operazioni.<\/p>\n<p>&nbsp;<\/p>\n<p>&nbsp;<\/p>\n<hr \/>\n<p>&nbsp;<\/p>\n<blockquote>\n<h3>MALORE SOTTO LE TRE CIME DI LAVAREDO<\/h3>\n<\/blockquote>\n<p><strong><a class=\"dt-pswp-item\" href=\"https:\/\/www.radiopiu.net\/wordpress\/wp-content\/uploads\/2020\/10\/salt_20201031_162550_388.jpg\" data-dt-img-description=\"\" data-large_image_width=\"2364\" data-large_image_height=\"1773\"><img loading=\"lazy\" decoding=\"async\" class=\" wp-image-169779 alignleft\" src=\"https:\/\/www.radiopiu.net\/wordpress\/wp-content\/uploads\/2020\/10\/salt_20201031_162550_388-300x225.jpg\" alt=\"\" width=\"123\" height=\"92\" srcset=\"https:\/\/www.radiopiu.net\/wordpress\/wp-content\/uploads\/2020\/10\/salt_20201031_162550_388-300x225.jpg 300w, https:\/\/www.radiopiu.net\/wordpress\/wp-content\/uploads\/2020\/10\/salt_20201031_162550_388-1024x768.jpg 1024w, https:\/\/www.radiopiu.net\/wordpress\/wp-content\/uploads\/2020\/10\/salt_20201031_162550_388-768x576.jpg 768w, https:\/\/www.radiopiu.net\/wordpress\/wp-content\/uploads\/2020\/10\/salt_20201031_162550_388-1536x1152.jpg 1536w, https:\/\/www.radiopiu.net\/wordpress\/wp-content\/uploads\/2020\/10\/salt_20201031_162550_388-2048x1536.jpg 2048w\" sizes=\"auto, (max-width: 123px) 100vw, 123px\" \/><\/a>CORTINA<\/strong> Ieri verso le 13 l&#8217;elicottero del Suem era intervenuto ad Auronzo di Cadore, in prossimit\u00e0 del Rifugio Lavaredo, sotto le Tre Cime, per un escursionista di 68 anni, colto da malore lungo il sentiero. L&#8217;uomo \u00e8 stato raggiunto da medico, infermiere e tecnico di elisoccorso sbarcati in hovering nelle vicinanze, per essere poi caricato a bordo con il verricello e accompagnato all&#8217;ospedale di Belluno per le valutazioni del caso.<\/p>\n<p>&nbsp;<\/p>\n<p>&nbsp;<\/p>\n<hr \/>\n<p>&nbsp;<\/p>\n<p>I medici di base negli ambulatori o nei distretti faranno i tamponi, lo impone la Regione con apposita ordinanza, ma c&#8217;\u00e8 chi protesta &#8220;La Regione non pu\u00f2 obbligarci a farlo&#8221;.\u00a0 Zaia: &#8220;Non \u00e8 una prova muscolare ma \u00e8 indispensabile estendere la profilassi&#8221;: Si va verso il DPCM, forse gi\u00e0 domani, ipotesi: stop agli spostamenti tra Regioni.Gli esperti propongono una stretta sulla scuola: lezioni a distanza per gli studenti dalla terza media. A <strong>Longarone<\/strong> chiude l&#8217;Alberghiero Dolomieu almeno per 10 giorni lezioni a distanza, scoperti 2 positivi tra i dipendenti.\u00a0 Negli ospedali manca il personale, ferie sospese. Nelle rianimazioni venete l&#8217;indice di occupazione \u00e8 al 14% e l&#8217;et\u00e0 media in calo. Intanto Masullo prende il posto di Mantoan per 10 anni alla guida della sanit\u00e0 Veneta che presenta ad oggi una spesa straordinaria di 400 milioni di euro.<br \/>\nIn provincia: ieri due decessi (uno in ospedale l&#8217;altro a Ponte nelle Alpi) e i decessi nelle case di riposo sono gi\u00e0 sei,\u00a0 ad <strong>Auronzo<\/strong> due positivi nella Rsa (ospite e operatore). Il sindaco Tatiana Pais Becher sulla pagina facebook. <em>&#8220;Nella residenza per anziani si sono registrati due positivi al tampone rapido: un ospite e un operatore che ora attendono di essere sottoposti al test molecolare. Salgono a 36 i cittadini positivi e a 34 quelli in quarantena. Tra questi vi sono gli alunni di una seconda elementare in cui sono stati rilevati due positivit\u00e0: uno tra i ragazzi e uno tra i doventi. Per tutti gli altri il tampone \u00e8 risultato negativo. Due dipendenti positivi anche in comune dove il personale lavorer\u00e0 in smart working&#8221;.<\/em><strong>Ad Arsi\u00e8<\/strong> i positivi salgono a 21, sono 16 <strong>a Cortina<\/strong>, con due sacerdoti\u00a0 ancora positivi; don Giuseppe e Don Ivano si legge sul\u00a0 foglietto parrocchiale. <strong>A Rocca Pietore<\/strong> il sindaco informa i cittadini pubblicamente (l&#8217;unico primo cittadino che ha deciso di rompere il silenzio e tenere informata la popolazione fornendo quotidianamente i numeri del contagio): 4 i positivi e sempre\u00a0 \u00a01 in quarantena<\/p>\n<blockquote>\n<h3>IN PROVINCIA 95 NUOVI POSITIVI, IN OSPEDALE UN DECESSO E 98 PERSONE RICOVERATE NEGLI OSPEDALI BELLUNESI<\/h3>\n<\/blockquote>\n<p><strong>BELLUNO<\/strong> Anche Iieri\u00a0 un decesso in Ulss 1 Dolomiti. Nella mattinata del 31 ottobre \u00e8 deceduto un paziente covid positivo di anni 88 ricoverato in Geriatria Covid a Belluno.<\/p>\n<p><a class=\"dt-pswp-item\" href=\"https:\/\/www.radiopiu.net\/wordpress\/wp-content\/uploads\/2020\/10\/Schermata-2020-10-31-alle-17.55.42.png\" data-dt-img-description=\"\" data-large_image_width=\"1024\" data-large_image_height=\"458\"><img loading=\"lazy\" decoding=\"async\" class=\"aligncenter wp-image-169771 size-full\" src=\"https:\/\/www.radiopiu.net\/wordpress\/wp-content\/uploads\/2020\/10\/Schermata-2020-10-31-alle-17.55.42.png\" alt=\"\" width=\"1024\" height=\"458\" srcset=\"https:\/\/www.radiopiu.net\/wordpress\/wp-content\/uploads\/2020\/10\/Schermata-2020-10-31-alle-17.55.42.png 1024w, https:\/\/www.radiopiu.net\/wordpress\/wp-content\/uploads\/2020\/10\/Schermata-2020-10-31-alle-17.55.42-300x134.png 300w, https:\/\/www.radiopiu.net\/wordpress\/wp-content\/uploads\/2020\/10\/Schermata-2020-10-31-alle-17.55.42-768x344.png 768w\" sizes=\"auto, (max-width: 1024px) 100vw, 1024px\" \/><\/a><\/p>\n<p>&nbsp;<\/p>\n<p><a class=\"dt-pswp-item\" href=\"https:\/\/www.radiopiu.net\/wordpress\/wp-content\/uploads\/2020\/10\/Schermata-2020-10-31-alle-17.56.08.png\" data-dt-img-description=\"\" data-large_image_width=\"1498\" data-large_image_height=\"1030\"><img loading=\"lazy\" decoding=\"async\" class=\"aligncenter wp-image-169772 size-large\" src=\"https:\/\/www.radiopiu.net\/wordpress\/wp-content\/uploads\/2020\/10\/Schermata-2020-10-31-alle-17.56.08-1024x704.png\" alt=\"\" width=\"1024\" height=\"704\" srcset=\"https:\/\/www.radiopiu.net\/wordpress\/wp-content\/uploads\/2020\/10\/Schermata-2020-10-31-alle-17.56.08-1024x704.png 1024w, https:\/\/www.radiopiu.net\/wordpress\/wp-content\/uploads\/2020\/10\/Schermata-2020-10-31-alle-17.56.08-300x206.png 300w, https:\/\/www.radiopiu.net\/wordpress\/wp-content\/uploads\/2020\/10\/Schermata-2020-10-31-alle-17.56.08-768x528.png 768w, https:\/\/www.radiopiu.net\/wordpress\/wp-content\/uploads\/2020\/10\/Schermata-2020-10-31-alle-17.56.08.png 1498w\" sizes=\"auto, (max-width: 1024px) 100vw, 1024px\" \/><\/a><\/p>\n<p>&nbsp;<\/p>\n<hr \/>\n<p>&nbsp;<\/p>\n<blockquote class=\"wp-embedded-content\" data-secret=\"LNDdXg0p2d\"><p><a href=\"https:\/\/www.radiopiu.net\/wordpress\/coronavirus-aggiornamento-nazionale-31-ottobre\/\">CORONAVIRUS: AGGIORNAMENTO NAZIONALE 31 OTTOBRE<\/a><\/p><\/blockquote>\n<p><iframe loading=\"lazy\" class=\"wp-embedded-content\" sandbox=\"allow-scripts\" security=\"restricted\" style=\"position: absolute; clip: rect(1px, 1px, 1px, 1px);\" title=\"&#8220;CORONAVIRUS: AGGIORNAMENTO NAZIONALE 31 OTTOBRE&#8221; &#8212; Radio Pi\u00f9\" src=\"https:\/\/www.radiopiu.net\/wordpress\/coronavirus-aggiornamento-nazionale-31-ottobre\/embed\/#?secret=LNDdXg0p2d\" data-secret=\"LNDdXg0p2d\" width=\"600\" height=\"338\" frameborder=\"0\" marginwidth=\"0\" marginheight=\"0\" scrolling=\"no\"><\/iframe><\/p>\n<p>&nbsp;<\/p>\n<p>&nbsp;<\/p>\n<hr \/>\n<p>&nbsp;<\/p>\n<blockquote class=\"wp-embedded-content\" data-secret=\"94f59o2DE7\"><p><a href=\"https:\/\/www.radiopiu.net\/wordpress\/in-24-ore-2693-nuovi-positivi-in-veneto-10-decessi-e-ricoveri-in-aumento-a-belluno-95-nuove-positivita\/\">IN 24 ORE 2693 NUOVI POSITIVI IN VENETO. 10 DECESSI E RICOVERI IN AUMENTO. A BELLUNO 95 NUOVE POSITIVITA&#8217;<\/a><\/p><\/blockquote>\n<p><iframe loading=\"lazy\" class=\"wp-embedded-content\" sandbox=\"allow-scripts\" security=\"restricted\" style=\"position: absolute; clip: rect(1px, 1px, 1px, 1px);\" title=\"&#8220;IN 24 ORE 2693 NUOVI POSITIVI IN VENETO. 10 DECESSI E RICOVERI IN AUMENTO. A BELLUNO 95 NUOVE POSITIVITA&#8217;&#8221; &#8212; Radio Pi\u00f9\" src=\"https:\/\/www.radiopiu.net\/wordpress\/in-24-ore-2693-nuovi-positivi-in-veneto-10-decessi-e-ricoveri-in-aumento-a-belluno-95-nuove-positivita\/embed\/#?secret=94f59o2DE7\" data-secret=\"94f59o2DE7\" width=\"600\" height=\"338\" frameborder=\"0\" marginwidth=\"0\" marginheight=\"0\" scrolling=\"no\"><\/iframe><\/p>\n<p>&nbsp;<\/p>\n<hr \/>\n<p>&nbsp;<\/p>\n<blockquote>\n<h3>I GRAFICI DI TIZIANO DE COL<\/h3>\n<\/blockquote>\n\n\t\t\t<style type='text\/css'>\n\t\t\t\t#gallery-4 {\n\t\t\t\t\tmargin: auto;\n\t\t\t\t}\n\t\t\t\t#gallery-4 .gallery-item {\n\t\t\t\t\tfloat: left;\n\t\t\t\t\tmargin-top: 10px;\n\t\t\t\t\ttext-align: center;\n\t\t\t\t\twidth: 33%;\n\t\t\t\t}\n\t\t\t\t#gallery-4 img {\n\t\t\t\t\tborder: 2px solid #cfcfcf;\n\t\t\t\t}\n\t\t\t\t#gallery-4 .gallery-caption {\n\t\t\t\t\tmargin-left: 0;\n\t\t\t\t}\n\t\t\t\t\/* see gallery_shortcode() in wp-includes\/media.php *\/\n\t\t\t<\/style>\n\t\t<div id='gallery-4' class='dt-gallery-container gallery galleryid-169650 gallery-columns-3 gallery-size-medium'><dl class='gallery-item'>\n\t\t\t\t<dt class='gallery-icon landscape'>\n\t\t\t\t\t<a class=\"rollover rollover-zoom dt-pswp-item\" title=\"21fbf335-2f6e-4bd8-a275-888095911f8b\" data-dt-img-description=\"\" data-large_image_width=\"632\" data-large_image_height=\"353\"href='https:\/\/www.radiopiu.net\/wordpress\/wp-content\/uploads\/2020\/10\/21fbf335-2f6e-4bd8-a275-888095911f8b.jpg'><img loading=\"lazy\" decoding=\"async\" width=\"300\" height=\"168\" src=\"https:\/\/www.radiopiu.net\/wordpress\/wp-content\/uploads\/2020\/10\/21fbf335-2f6e-4bd8-a275-888095911f8b-300x168.jpg\" class=\"attachment-medium size-medium\" alt=\"\" srcset=\"https:\/\/www.radiopiu.net\/wordpress\/wp-content\/uploads\/2020\/10\/21fbf335-2f6e-4bd8-a275-888095911f8b-300x168.jpg 300w, https:\/\/www.radiopiu.net\/wordpress\/wp-content\/uploads\/2020\/10\/21fbf335-2f6e-4bd8-a275-888095911f8b.jpg 632w\" sizes=\"auto, (max-width: 300px) 100vw, 300px\" \/><\/a>\n\t\t\t\t<\/dt><\/dl><dl class='gallery-item'>\n\t\t\t\t<dt class='gallery-icon landscape'>\n\t\t\t\t\t<a class=\"rollover rollover-zoom dt-pswp-item\" title=\"33f79286-7a05-4e1a-b70a-94b579a78d22\" data-dt-img-description=\"\" data-large_image_width=\"791\" data-large_image_height=\"530\"href='https:\/\/www.radiopiu.net\/wordpress\/wp-content\/uploads\/2020\/10\/33f79286-7a05-4e1a-b70a-94b579a78d22.jpg'><img loading=\"lazy\" decoding=\"async\" width=\"300\" height=\"201\" src=\"https:\/\/www.radiopiu.net\/wordpress\/wp-content\/uploads\/2020\/10\/33f79286-7a05-4e1a-b70a-94b579a78d22-300x201.jpg\" class=\"attachment-medium size-medium\" alt=\"\" srcset=\"https:\/\/www.radiopiu.net\/wordpress\/wp-content\/uploads\/2020\/10\/33f79286-7a05-4e1a-b70a-94b579a78d22-300x201.jpg 300w, https:\/\/www.radiopiu.net\/wordpress\/wp-content\/uploads\/2020\/10\/33f79286-7a05-4e1a-b70a-94b579a78d22-768x515.jpg 768w, https:\/\/www.radiopiu.net\/wordpress\/wp-content\/uploads\/2020\/10\/33f79286-7a05-4e1a-b70a-94b579a78d22.jpg 791w\" sizes=\"auto, (max-width: 300px) 100vw, 300px\" \/><\/a>\n\t\t\t\t<\/dt><\/dl><dl class='gallery-item'>\n\t\t\t\t<dt class='gallery-icon landscape'>\n\t\t\t\t\t<a class=\"rollover rollover-zoom dt-pswp-item\" title=\"8aeca7cd-9cf8-46d1-bbf3-bc78e02a4772\" data-dt-img-description=\"\" data-large_image_width=\"586\" data-large_image_height=\"356\"href='https:\/\/www.radiopiu.net\/wordpress\/wp-content\/uploads\/2020\/10\/8aeca7cd-9cf8-46d1-bbf3-bc78e02a4772.jpg'><img loading=\"lazy\" decoding=\"async\" width=\"300\" height=\"182\" src=\"https:\/\/www.radiopiu.net\/wordpress\/wp-content\/uploads\/2020\/10\/8aeca7cd-9cf8-46d1-bbf3-bc78e02a4772-300x182.jpg\" class=\"attachment-medium size-medium\" alt=\"\" srcset=\"https:\/\/www.radiopiu.net\/wordpress\/wp-content\/uploads\/2020\/10\/8aeca7cd-9cf8-46d1-bbf3-bc78e02a4772-300x182.jpg 300w, https:\/\/www.radiopiu.net\/wordpress\/wp-content\/uploads\/2020\/10\/8aeca7cd-9cf8-46d1-bbf3-bc78e02a4772.jpg 586w\" sizes=\"auto, (max-width: 300px) 100vw, 300px\" \/><\/a>\n\t\t\t\t<\/dt><\/dl><br style=\"clear: both\" \/>\n\t\t\t<\/div>\n\n<p>&nbsp;<\/p>\n<p>&nbsp;<\/p>\n<hr \/>\n<p>&nbsp;<\/p>\n<blockquote>\n<h3>NO A DOLCETTO-SCHERZETTO &#8211; 18 MILA VENETI ISOLATI, OLTRE 900 RICOVERI DA FASCIA 3, 127 IN TERAPIA INTENSIVA. I MEDICI PRONTI PER I TAMPONI COME DA ORDINANZA PARLA LUCA ZAIA<\/h3>\n<\/blockquote>\n<p><strong>VENEZIA<\/strong> Da la sala stampa della Protezione Civile a Marghera, il Presidente del Veneto Luca Zaia nel punto stampa su l&#8217;emergenza Covid-19.<\/p>\n<p><strong>I NUMERI 2.358.514 TAMPONI, 56.953 POSITIVI (+2697), 29.179 POSITIVI ATTUALI, 18.007 PERSONE IN ISOLAMENTO, 908 RICOVERATI, 127 IN TERAPIA INTENSIVA, 2401 DECESSI, 4750 DIMESSI. L&#8217;1,72% DELLE PERSONE IN ISOLAMENTO E&#8217; ASINTOMATICO.\u00a0<\/strong><\/p>\n<p>&nbsp;<\/p>\n<blockquote>\n<h3>LEGGI LA CONFERENZA STAMPA DI LUCA ZAIA<\/h3>\n<\/blockquote>\n<p><strong>A Treviso<\/strong> Stamani ricoverato un 36enne e una 44enne che non si pensi siano solo il virus degli anziani. Almeno\u00a0 il 70% dei positivi oggi in Veneto ha meno di 65 anni. Le fasce meno interessate dai contagi sono quelle molto alte e molto basse, diversamente da quello che accadeva a marzo quando eravamo concentrati sulle case di riposo. Il 30% dei pazienti in terapia intensiva ha meno di 60 anni, il 30% tra 60 e 70, altro 30% tra 70 e 80 anni. In terapia intensiva c&#8217;\u00e8 una riduzione della mortalit\u00e0.<\/p>\n<p><strong>Nuova ordinanza firmata per i medici di base\u00a0 ai quali viene chiesto di fare i tamponi e\u00a0 identificare i contatti stretti,\u00a0 a regime entro marted\u00ec e chi non la far\u00e0 sar\u00e0 sanzionato non esiste l&#8217;obiezione di coscienza\u00a0 e l&#8217;accordo \u00e8 remunerato.\u00a0 <span style=\"color: #ff0000;\">Accordo regionale per tamponi, i medici dovranno praticare la fase di testing agli assistiti. Il cittadino si rivolger\u00e0 al medico di base per\u00a0 fare il tampone, non pagher\u00e0 nulla, il medico di base lo paga gi\u00e0 la Regione:<\/span><\/strong> Attivit\u00e0 medici di medicina generale in Veneto applicano obbligatoriamente le disposizione del protocollo regionale; le aziende Ulss applicano obbligatoriamente il protocollo; la quarantena per il caso di esito positivo sostituisce la disposizione del servizio igiene cio\u00e8 il medico di base diventa ufficiale di sanit\u00e0 pubblica (vale anche l&#8217;Inps);\u00a0 chi non lo fa verr\u00e0 sanzionato. Il tampone lo si fa ove possibile presso l&#8217;ambulatorio, o presso l&#8217;abitazione del cittadino ma se l&#8217;ambulatorio \u00e8 piccolo o poco sicuro possono accordarsi con i distretti o con i Comuni per avere spazi pi\u00f9 adeguati. Contiamo di mettere a regime il sistema in tempi brevi, entro martedi. Sar\u00e0 la Regione a fornire i tamponi secondo un calcolo di base spannometrico. I medici di base se facessero almeno 50 tamponi ne servono almeno 180-200 mila tamponi la settimana, 20 mila al giorno. Terremo aperti i punti di accesso rapido solo per le emergenze. Il servizio \u00e8 obbligatorio, vincolante (in forza dell&#8217;ordianza) e remunerato: 18 euro a tampone in laboratorio, 12 euro fuori tampone e poi c&#8217;\u00e8 il contributo per il sostegno infermieristico. <strong>IL PAZIENTE NON PAGA NULLA E&#8217; GRATUITO PER IL PAZIENTE. IL MEDICO DECIDE DI FARE IL TAMPONE SE HA IL SOSPETTO DIAGNOSTICO. IL VENETO E&#8217; LA PRIMA REGIONE IN ITALIA AD IMPEGNARSI IN QUESTA OPERAZIONE. NON CI SONO NUMERI MASSIMI, AI 3150 MEDICI DI BASE E 500 PEDIATRI DIAMO DELLE DOTAZIONI SETTIMANALI, A REGIME CAPIREMO L&#8217;ESIGENZA. I TAMPONI SARANNO TUTTI TRACCIATI CON NOME E COGNOME. DAREMO UNA PERCENTUALE INIZIALE SUGLI ASSISTITI.<\/strong><\/p>\n<p><strong>FIM TREVISO CONTRARI ALL&#8217;ACCORDO<\/strong> Rispetto le opinioni di tutti i medici dicono che si puo&#8217; fare. Ora c&#8217;\u00e8 un&#8217;ordinanza, non c&#8217;\u00e8 nessuna contrapposizione ma non possiamo stare qui a parlare e intanto finisce anche il covid. Non si voleva l&#8217;obbligatoriet\u00e0 ma senza quella \u00e8 come il gioco dell&#8217;oca, si torna alla casella di partenza. Non \u00e8 un atto muscolare quello dell&#8217;ordinanza, abbiamo trovato una mediazione e di mezzo c&#8217;\u00e8 chi deve decidere cio\u00e8 noi.<\/p>\n<p><strong>OLTRE 400 MILIONI DAL GOVERNO PER LA SANITA&#8217;\u00a0 E 47 PER I\u00a0 TRASPORTI SONO SUFFICIENTI? <\/strong>Non sono mai troppi. Le donazioni sono ancora l\u00ec abbiamo mandato dai cittadini di investire sul covid, man mano affronteremo la contabilit\u00e0 e i relativi pagamenti. I veneti ci permettono di avere 58 milioni di meno di buco nel bilancio. Sui trasporti abbiamo avuto due stanziamenti gli investimenti che potevamo fare li abbiamo fatti.<\/p>\n<p><strong>MA GLI AUTOBUS E I TRENI SONO STRACARICHI<\/strong> Noi non gestiamo trasporti, abbiamo corse aggiuntive con i privati e non all&#8217;ultimo momento. Ci sono difficolt\u00e0 oggettive con la didattica a distanza abbiamo risolto i problemi che torneranno una volta a regime. I treni non sono un problema della Regione ma Nazionale.<\/p>\n<p><strong>CENTRI COMMERCIALI:<\/strong> Non ci sono ordinanze regionali nemmeno in Emilia, stiamo pensando a delle misure, non di coercizione di attivit\u00e0 produttive ma di assembramento inutile. No allo sdruscio nei centri commerciali\u00a0 e in generale. Abbiamo delle idee ma nessuna chiusura di attivit\u00e0.<\/p>\n<p>&nbsp;<\/p>\n<p><strong>NO DOLCETTO E SCHERZETTO <\/strong>Siamo in fase 3 si aprono i covid center, gradualmente, piano piano, si colonizzano gli ospedali per malati covid e non ci sono alternative. Necessitiamo di ospedali puliti da covid e speriamo che questa avventura duri poco. Gli indicatori ci dicono che la curva dei ricoverati non si impenna, ma questo al momento, cio\u00e8 la situazione attuale che potrebbe comunque cambiare per questo non sminuiamo il problema. La curva da tre giorni \u00e8 appiattita ma potrebbe essere il preludio all&#8217;impennata, per questo facciamo il bollettino ogni giorno per attualizzare continuamente la situazione. Mi auguro che &#8220;dolcetto- scherzetto&#8221; non funzioni, invito tutti ad una riflessione, \u00e8 un&#8217;emergenza ospedaliera e sanitaria, aspetto pesante, c&#8217;\u00e8 anche chi muore di coronavirus. La vera sfida \u00e8 quella di poter avere un letto per tutto e negli ospedali si incrociano pazienti covid e non covid per quello chiudiamo ambulatori e day surgery. Per questo colonizziamo 10 ospedali per farli diventare solo strutture covid. Cercheremo di trovare le soluzioni migliori, non abbiamo alternative anche se chi dice che il covid non esiste. Invito i cittadini a fare una vita normale ma restringere pur con sacrificio le frequentazioni. E&#8217; stato chiesto un sacrificio immane del Governo a ristoranti,\u00a0 Bar\u00a0 e palestre secondo me scaricando il problema su poche persone. Ora la gente pu\u00f2 fare la differenza usando i dispositivi e le normali regole di igienizzazione. Le rimpatriate sono pericolose, facciamo gli incontri indispensabile senza andare 10 volte al supermercato e quando ci andiamo, andiamoci bardati e che il nuovo Bar non sia il salotto di casa. L&#8217;infezione c&#8217;\u00e8 e siamo preoccupati di non poter rispondere ai futuri ricoveri. Ci sono province in tensione COME LA PROVINCIA DI BELLUNO O TREVISO che questa notte ha ricoverato tante persone tra cui un ragazzo di 36 anni e una donna di 44 anni, il covid non \u00e8 solo il virus degli anziani, non riguarda solo ora, oggi il grado di infezione interessa le fasce pi\u00f9 giovani. Stasera &#8220;dolcetto-scherzetto&#8221; non s&#8217;ha da fare, lo dico ai genitori, niente di peggio che suonare il campanello delle case e passare di mano caramelle e infezioni. I giovani sono dei grandi diffusori hanno alta carica virale. Evitiamo di dare corso a questo cerimoniale del suono del campanello e della serata tipica di halloween e&#8217; una preoccupazione e un appello.<\/p>\n<p><span style=\"color: #0000ff;\">NOMINATO IL DOTTOR GIANLUIGI\u00a0 MASULLO IN SOSTITUZIONE DI MANTOAN IN UNA FASE DI TRANSIZIONE. E&#8217; L&#8217;UOMO DEI CONTI CHE PUO&#8217; DARE UNA VISIONE ANCHE DEL BILANCIO. NON ABBIAMO MODO DI AVERE SUBITO UN SOSTITUTO MA ALMENO ABBIAMO L&#8217;UOMO DEI CONTI. MASULLO E&#8217; CAPOAREA E RESPONSABILE DEL BILANCIO, FIRMA LUI LE DELIBERE E&#8217; IL CAPO DELLA SANITA&#8217; DEL VENETO FINO ALLA NOMINA DEL SOSTITUTO DI MANTOAN.\u00a0<\/span><\/p>\n<h2>CHI E&#8217; MASULLO?<\/h2>\n<p>DIRETTORE Gianluigi Masullo.\u00a0 COMPETENZE ATTUALI IN REGIONE:\u00a0 coordinamento e sviluppo in materia di partecipazioni societarie ed enti regionali, valorizzazione e dismissione del patrimonio, bilancio e ragioneria, acquisti e affari generali, finanza e tributi, anagrafe agenti contabili in conformit\u00e0 al D.Lgs. 174\/2016. Autorit\u00e0 di certificazione dei Programmi comunitari. Vicepresidente NUVV (Nucleo valutazione e verifica degli investimenti) e coordinatore del tavolo tecnico operativo per il bilancio consolidato.Componente Commissione tecnica regionale Valutazione Grandi Rischi, DGR 2687\/2019. Componente Commissione regionale degli appalti, DGR 1063\/2016 L\u2019Area Risorse Strumentali si avvale di due Unit\u00e0 Organizzative (UO).<\/p>\n<h2 style=\"text-align: center;\">IL PUNTO SULLE TERAPIE INTENSIVE<\/h2>\n<p><span style=\"color: #ff0000;\"><strong>IL DOTTOR PAOLO ROSI:<\/strong><\/span> 119 pazienti per coronavirus (in tempo reale) stiamo occupando il 14% dei posti attivati abbiamo pertanto un ampio margine, ma il numero dei degenti \u00e8 in crescita e costante. Sono necessari aggiustamenti per rendere disponibili nuovi letti. Stiamo ricoverando in terapia intensiva circa l&#8217;11% dei ricoverati covid positivi, molto inferiore allo scorso marzo allora con punte di oltre il 30%. In terapia intensiva il 30% \u00e8 sotto i 60 anni, un 30% tra 60 e 70 e l&#8217;altro 30% da 70 e 80 anni, un 10% oltre gli ottant&#8217;anni. Degenza sembra pi\u00f9 breve rispetto alla prima fase. Pare ci sia una calo della mortalit\u00e0 anche perch\u00e9 i pazienti sono pi\u00f9 giovani. Chi entra in buona salute in terapia intensiva ha ottime possibilit\u00e0 di uscere guarito, molte di pi\u00f9 di chi entra malato. Abbiamo proiezioni fatte sui ricoveri che ci dicono che se il trand non cambia avremo questo numero di accessi e dovremo aggiungere letti andando a ridurre le attivit\u00e0 non essenziali degli ospedali.<br \/>\n<strong>CI SONO SOGLIE A SCADENZA?<\/strong> Non abbiamo proiezioni lunghe ma abbastanza affidabile a 10 giorni. Diventa difficile usare i dati della prima ondata perch\u00e9 le situazioni sono diverse. La previsione era di avere tra 120 e 100 ricoverati al primo di novembre, ne abbiamo 119 quindi la previsione sta funzionando. Mantenendo questo andamento nel giro di 10 giorni avremo 160-170 ricoverati, ma pi\u00f9 passa il tempo e pi\u00f9 la forchetta si allarga.<\/p>\n<p><strong>TUTTI INTUBATI?<\/strong> Non sono tutti intubati ma la stragrande maggioranza. Abbiamo una parte di ventilazione non invasiva. Poi ci sono gli estubati che rimangono in un periodo di non invasiva e non escono finch\u00e8 non sono stabili.<\/p>\n<p><strong>MINORE MORTALITA&#8217; DIPENDE DIPENDE DALL&#8217;ETA&#8217;?\u00a0<\/strong>Non parliamo di virus cattivo o buono lasciamolo agli esperti questo argomento,\u00a0 servono analisi approfondite e statistiche di larga scala, oggi influisce l&#8217;aggiustamento diagnostico della terapie,\u00a0 oggi sappiamo di pi\u00f9 del virus e con quali medicinali trattarlo.<\/p>\n<p><strong>SITUAZIONE IN VENTO SULLE TERAPIE INTENSIVE?<\/strong> Impegnativa perch\u00e9 riduciamo alcune attivit\u00e0 per i pazienti covid. Il personale \u00e8 impegnato in un&#8217;attivit\u00e0 intensa con ferie sospese. Abbiamo ancora un ampio margine ma richiede di garantire l&#8217;esatta collocazione del paziente nelle terapie (solo chi ne ha bisogno e che esca in fretta) la somma finale che le percentuali anche piccole sui numeri grandi danno nuemeri grandi. Se cresce l&#8217;epidemia anche un numero piccolo di ricoverati porta a numeri alti. Ma crediamo non si vada oltre determinati valori.<\/p>\n<p><strong>IL PROBLEMA E&#8217; QUINDI IL PERSONALE?<\/strong> Risponde l&#8217;assessore Manuela Lanzarin confermandolo cos\u00ec come il dottor Rosi: alcune figure professionali non ci sono si fa fatica a trovarle pur potendo e volendo assumerli. Ci sono anche casi di contagio fra medici e infermieri e anche questo ha determinato questa esigenza.<\/p>\n<p>&nbsp;<\/p>\n<p>&nbsp;<\/p>\n<p>https:\/\/www.facebook.com\/zaiaufficiale\/videos\/1915023591972142<\/p>\n<p>&nbsp;<\/p>\n<hr \/>\n<p>&nbsp;<\/p>\n<blockquote>\n<h2>ECCO LO STUDIO PER IL LAGO DEL NEVEGAL<\/h2>\n<\/blockquote>\n<p>&nbsp;<\/p>\n<p><strong>BELLUNO<\/strong><\/p>\n<p><strong>di Moreno Gioli\u00a0<\/strong><\/p>\n<audio class=\"wp-audio-shortcode\" id=\"audio-169650-1\" preload=\"none\" style=\"width: 100%;\" controls=\"controls\"><source type=\"audio\/mpeg\" src=\"https:\/\/www.radiopiu.net\/wordpress\/wp-content\/uploads\/2020\/11\/moreno.mp3?_=1\" \/><a href=\"https:\/\/www.radiopiu.net\/wordpress\/wp-content\/uploads\/2020\/11\/moreno.mp3\">https:\/\/www.radiopiu.net\/wordpress\/wp-content\/uploads\/2020\/11\/moreno.mp3<\/a><\/audio>\n<p><span style=\"color: #ff0000;\">la planimetria e un&#8217;idea di come potrebbe essere il laghetto (nella foto \u00e8 quello di Arabba)<\/span><\/p>\n<p><a class=\"dt-pswp-item\" href=\"https:\/\/www.radiopiu.net\/wordpress\/wp-content\/uploads\/2020\/11\/c8f9ca2c-246a-404c-baa1-b67d0fe43721.jpg\" data-dt-img-description=\"\" data-large_image_width=\"1400\" data-large_image_height=\"1050\"><img loading=\"lazy\" decoding=\"async\" class=\"alignnone size-medium wp-image-169825\" src=\"https:\/\/www.radiopiu.net\/wordpress\/wp-content\/uploads\/2020\/11\/c8f9ca2c-246a-404c-baa1-b67d0fe43721-300x225.jpg\" alt=\"\" width=\"300\" height=\"225\" srcset=\"https:\/\/www.radiopiu.net\/wordpress\/wp-content\/uploads\/2020\/11\/c8f9ca2c-246a-404c-baa1-b67d0fe43721-300x225.jpg 300w, https:\/\/www.radiopiu.net\/wordpress\/wp-content\/uploads\/2020\/11\/c8f9ca2c-246a-404c-baa1-b67d0fe43721-1024x768.jpg 1024w, https:\/\/www.radiopiu.net\/wordpress\/wp-content\/uploads\/2020\/11\/c8f9ca2c-246a-404c-baa1-b67d0fe43721-768x576.jpg 768w, https:\/\/www.radiopiu.net\/wordpress\/wp-content\/uploads\/2020\/11\/c8f9ca2c-246a-404c-baa1-b67d0fe43721.jpg 1400w\" sizes=\"auto, (max-width: 300px) 100vw, 300px\" \/><\/a><a class=\"dt-pswp-item\" href=\"https:\/\/www.radiopiu.net\/wordpress\/wp-content\/uploads\/2020\/11\/d717b1a3-833e-478f-ba1c-2eff34c16ae1.jpg\" data-dt-img-description=\"\" data-large_image_width=\"1600\" data-large_image_height=\"920\"><img loading=\"lazy\" decoding=\"async\" class=\"alignnone size-medium wp-image-169826\" src=\"https:\/\/www.radiopiu.net\/wordpress\/wp-content\/uploads\/2020\/11\/d717b1a3-833e-478f-ba1c-2eff34c16ae1-300x173.jpg\" alt=\"\" width=\"300\" height=\"173\" srcset=\"https:\/\/www.radiopiu.net\/wordpress\/wp-content\/uploads\/2020\/11\/d717b1a3-833e-478f-ba1c-2eff34c16ae1-300x173.jpg 300w, https:\/\/www.radiopiu.net\/wordpress\/wp-content\/uploads\/2020\/11\/d717b1a3-833e-478f-ba1c-2eff34c16ae1-1024x589.jpg 1024w, https:\/\/www.radiopiu.net\/wordpress\/wp-content\/uploads\/2020\/11\/d717b1a3-833e-478f-ba1c-2eff34c16ae1-768x442.jpg 768w, https:\/\/www.radiopiu.net\/wordpress\/wp-content\/uploads\/2020\/11\/d717b1a3-833e-478f-ba1c-2eff34c16ae1-1536x883.jpg 1536w, https:\/\/www.radiopiu.net\/wordpress\/wp-content\/uploads\/2020\/11\/d717b1a3-833e-478f-ba1c-2eff34c16ae1.jpg 1600w\" sizes=\"auto, (max-width: 300px) 100vw, 300px\" \/><\/a><\/p>\n<p>&nbsp;<\/p>\n<p>&nbsp;<\/p>\n<p>&nbsp;<\/p>\n<hr \/>\n<blockquote>\n<h3>LUXOTTICA: OGGI TERMINA LA SPERIMENTAZIONE DEI TAMPONI PER I FAMIGLIARI DEI DIPENDENTI. LE NOVITA&#8217; DAL 9 NOVEMBRE<\/h3>\n<\/blockquote>\n<p><strong><a class=\"dt-pswp-item\" href=\"https:\/\/www.radiopiu.net\/wordpress\/wp-content\/uploads\/2020\/08\/LUXOTTICA-2020.jpg\" data-dt-img-description=\"\" data-large_image_width=\"2048\" data-large_image_height=\"1536\"><img loading=\"lazy\" decoding=\"async\" class=\"size-medium wp-image-157799 alignleft\" src=\"https:\/\/www.radiopiu.net\/wordpress\/wp-content\/uploads\/2020\/08\/LUXOTTICA-2020-300x225.jpg\" alt=\"\" width=\"300\" height=\"225\" srcset=\"https:\/\/www.radiopiu.net\/wordpress\/wp-content\/uploads\/2020\/08\/LUXOTTICA-2020-300x225.jpg 300w, https:\/\/www.radiopiu.net\/wordpress\/wp-content\/uploads\/2020\/08\/LUXOTTICA-2020-1024x768.jpg 1024w, https:\/\/www.radiopiu.net\/wordpress\/wp-content\/uploads\/2020\/08\/LUXOTTICA-2020-768x576.jpg 768w, https:\/\/www.radiopiu.net\/wordpress\/wp-content\/uploads\/2020\/08\/LUXOTTICA-2020-1536x1152.jpg 1536w, https:\/\/www.radiopiu.net\/wordpress\/wp-content\/uploads\/2020\/08\/LUXOTTICA-2020-640x480.jpg 640w, https:\/\/www.radiopiu.net\/wordpress\/wp-content\/uploads\/2020\/08\/LUXOTTICA-2020.jpg 2048w\" sizes=\"auto, (max-width: 300px) 100vw, 300px\" \/><\/a>AGORDO<\/strong> Terminer\u00e0 oggi il primo periodo di sperimentazione presso il centro Ex One Sight di Valcozzena dei tamponi ai famigliari dei dipendenti Luxottica di Agordo. In queste settimane le maestranze potevano richiedere i tamponi da effettuare ai membri della famiglia ma la prima fase termina il 1 novembre. Luxottica intende intensificare per aree omogenee la mappatura dei tamponi per riuscire a monitorare meglio la situazione. \u00c8 stato definito quindi, solo temporaneamente, di sospendere le prenotazione on-line sia per i dipendenti, sia per i familiari\/coinquilini. Questo, consentir\u00e0, al laboratorio di Padova di avere gli esiti dei dipendenti delle varie aree omogenee in tempi molto pi\u00f9 rapidi.<\/p>\n<p>Nel frattempo le RSU si sono incontrate con la dirigenza presso lo stabilimento di Agordo per fare il punto sulla situazione generale attraverso l&#8217;incontro del comitato di verifica protocollo. Dall&#8217;incontro \u00e8 emerso che per\u00a0salvaguardare la salute delle maestranze era necessario prendere misure pi\u00f9 restrittive. Dal 9 novembre si torner\u00e0 a lavorare con orari scaglionati per evitare contatti tra gli operai dei due turni. Pertanto i turni diurni presteranno la propria attivit\u00e0 lavorativa dalle 5.45 alle 13.45 e dalle 14.15 alle 22.15. Per il terzo turno, sar\u00e0 ripristinato il part-time Covid, da luned\u00ec a gioved\u00ec dalle 22.40 alle 05.20, mentre il venerd\u00ec dalle 22.45 alle 06.15. Sempre dal 9 novembre i Pro Time Incentivati ritorneranno alle 6 ore. Per quanto riguarda i trasporti, nei prossimi giorni, chi utilizza i mezzi pubblici, sar\u00e0 dotato di mascherina FFP2. Non ci sono ancora certezze per quanto riguarda gli orari e le corse delle corriere ma nei prossimi giorni sar\u00e0 comunicato quali sono gli accordi. I fumatori dovranno seguire un protocollo per fumare all&#8217;esterno dello stabilimento durante la pausa cercando di distanziarsi uno dall&#8217;altro e non creare assembramenti. Rimane l&#8217;obbligo per tutte le maestranze di non usare gli spogliatoi.\u00a0&#8220;<em>Comprendiamo che questa marcia indietro, creer\u00e0 ulteriori problemi a tutti, in primis ai colleghi che hanno situazioni di salute o familiari pi\u00f9 gravi che ormai non sanno pi\u00f9 come gestire, ma comprendiamo anche le richieste dell&#8217;azienda &#8211; dicono i delegati Femca Cisl &#8211;\u00a0<\/em><em>Oggettivamente, nonostante ci sia stato un rallentamento della diffusione del covid durante i mesi estivi, ora l&#8217;evoluzione della pandemia sia a livello nazionale che locale, costringe Luxottica a ritenere opportuno usare una maggiore cautela e tornare ad aumentare il distanziamento sociale.\u00a0<\/em><em>Dal canto nostro crediamo sia importante mettere in campo ogni soluzione utile a tutelare gli interessi di tutti, fermo restando l&#8217;impegno, come sempre, a chiarire i punti rimasti in sospeso e trovare soluzioni che consentano di risolvere eventuali problemi. <\/em><em>Da mesi, infatti, stiamo cercando di inventare soluzioni nuove che vadano a tutelare e a conciliare le esigenze delle persone, salvaguardando un bene essenziale: la continuit\u00e0 produttiva&#8221;<\/em><\/p>\n<p>&nbsp;<\/p>\n<p>&nbsp;<\/p>\n<hr \/>\n<p>&nbsp;<\/p>\n<blockquote>\n<h3>ARTIGIANI PREOCCUPATI PER UN NUOVO LOCKDOWN<\/h3>\n<\/blockquote>\n<p><strong><a class=\"dt-pswp-item\" href=\"https:\/\/www.radiopiu.net\/wordpress\/wp-content\/uploads\/2018\/05\/lavoro.jpg\" data-dt-img-description=\"\" data-large_image_width=\"1280\" data-large_image_height=\"720\"><img loading=\"lazy\" decoding=\"async\" class=\"size-medium wp-image-49672 alignleft\" src=\"https:\/\/www.radiopiu.net\/wordpress\/wp-content\/uploads\/2018\/05\/lavoro-300x169.jpg\" alt=\"\" width=\"300\" height=\"169\" srcset=\"https:\/\/www.radiopiu.net\/wordpress\/wp-content\/uploads\/2018\/05\/lavoro-300x169.jpg 300w, https:\/\/www.radiopiu.net\/wordpress\/wp-content\/uploads\/2018\/05\/lavoro-768x432.jpg 768w, https:\/\/www.radiopiu.net\/wordpress\/wp-content\/uploads\/2018\/05\/lavoro-1024x576.jpg 1024w, https:\/\/www.radiopiu.net\/wordpress\/wp-content\/uploads\/2018\/05\/lavoro.jpg 1280w\" sizes=\"auto, (max-width: 300px) 100vw, 300px\" \/><\/a>BELLUNO <\/strong>\u00abGli artigiani, a questo punto, tremano. Abbiamo paura di un nuovo lockdown e siamo in balia dell\u2019incertezza che ne deriver\u00e0. Pi\u00f9 di qualcuno potrebbe non riuscire a ripartire\u00bb. \u00c8 un messaggio di profonda preoccupazione quello che esprime la presidente di Confartigianato Belluno, Claudia Scarzanella. I dati del contagio galoppano e il governo pare intenzionato a chiudere tutto di nuovo. \u00abMa con quali prospettive?\u00bb Si chiede la presidente Scarzanella. \u00abDopo quattro mesi difficili, tra costi per la ripartenza a singhiozzo e paura di nuove chiusure, ora ci aspettavamo il Natale come periodo in grado di far riprendere quota alle attivit\u00e0. Ma se a Natale scatta il nuovo lockdown, rischiamo davvero di arrivare al punto di non ritorno\u00bb. Confartigianato Belluno ricorda gli sforzi messi in campo dalle imprese per garantire sicurezza e rispetto totale delle norme anti-contagio. E si dice disponibile a continuare su questa strada, spingendo ulteriormente. \u00abA patto per\u00f2 che ci sia un riscontro da parte del governo\u00bb continua la presidente Scarzanella. \u00abI ristori previsti per imprese di ristorazione, tempo libero e cultura, ad esempio, non sono sufficienti per coprire le perdite. E numerose attivit\u00e0, con il sistema dei codici Ateco, rimangono escluse dal decreto ristori &#8211; aggiunge il direttore di Confartigianato Belluno, Michele Basso -. Penso alla disparit\u00e0 di trattamento tra la piccola e la grande distribuzione, alle palestre che hanno dovuto chiudere nonostante il rispetto dei protocolli.\u00a0 Penso alle imprese di trasporto persone, che sono ferme da marzo; a tal proposito, abbiamo fissato un nuovo incontro con il presidente della Provincia per spiegare la situazione attuale e confrontarci sul futuro del trasporto privato nel nostro territorio\u00bb. \u00abAncora una volta &#8211; conclude la presidente di Confartigianato Belluno &#8211; chiediamo che si guardi a un sistema diverso, di premialit\u00e0. Se lockdown dovr\u00e0 essere, almeno si tuteli chi ha sempre rispettato le regole, finora\u00bb.<\/p>\n<p>&nbsp;<\/p>\n<p>&nbsp;<\/p>\n<hr \/>\n<p>&nbsp;<\/p>\n<blockquote>\n<h3>BIBLIOTECHE BELLUNESI APERTE E RESILIENTI: COME LE STRUTTURE HANNO TENUTO TESTA AL COVID. FACEBOOK, ATTIVIT\u00c0 A DISTANZA E MOLTO ALTRO<\/h3>\n<\/blockquote>\n<p><strong><a class=\"dt-pswp-item\" href=\"https:\/\/www.radiopiu.net\/wordpress\/wp-content\/uploads\/2020\/03\/LIBRI-SCAFFALE.jpg\" data-dt-img-description=\"\" data-large_image_width=\"1052\" data-large_image_height=\"1052\"><img loading=\"lazy\" decoding=\"async\" class=\"size-medium wp-image-122391 alignleft\" src=\"https:\/\/www.radiopiu.net\/wordpress\/wp-content\/uploads\/2020\/03\/LIBRI-SCAFFALE-300x300.jpg\" alt=\"\" width=\"300\" height=\"300\" srcset=\"https:\/\/www.radiopiu.net\/wordpress\/wp-content\/uploads\/2020\/03\/LIBRI-SCAFFALE-300x300.jpg 300w, https:\/\/www.radiopiu.net\/wordpress\/wp-content\/uploads\/2020\/03\/LIBRI-SCAFFALE-1024x1024.jpg 1024w, https:\/\/www.radiopiu.net\/wordpress\/wp-content\/uploads\/2020\/03\/LIBRI-SCAFFALE-150x150.jpg 150w, https:\/\/www.radiopiu.net\/wordpress\/wp-content\/uploads\/2020\/03\/LIBRI-SCAFFALE-768x768.jpg 768w, https:\/\/www.radiopiu.net\/wordpress\/wp-content\/uploads\/2020\/03\/LIBRI-SCAFFALE.jpg 1052w\" sizes=\"auto, (max-width: 300px) 100vw, 300px\" \/><\/a>BELLUNO<\/strong>\u00a0\u00ab<em>Le difficolt\u00e0 causate dalla pandemia hanno piegato le nostre biblioteche, ma non le hanno spezzate, facendole diventare un grande esempio di resilienza<\/em>\u00bb. \u00c8 la voce di Alessandro Giacomin, bibliotecario di Sedico, che sintetizza il grande lavoro messo in campo dalla rete culturale in tutto il Bellunese. Le biblioteche della rete provinciale bellunese hanno infatti riaperto i servizi di prestito e restituzione gi\u00e0 dal mese di maggio. E poi, nel corso dell\u2019estate, in molte realt\u00e0 \u00e8 stato riattivato anche l\u2019accesso agli scaffali, alle postazioni studio e pc, oltre alla partecipazione ad attivit\u00e0 su prenotazione. Le biblioteche che attualmente non consentono l\u2019accesso agli scaffali hanno comunque rimodulato l\u2019offerta allestendo espositori ai lati del bancone con una nutrita selezione di libri, per adulti e per bambini, tra i quali anche molti nuovi acquisti effettuati grazie al contributo del Mibact nell\u2019ambito del Fondo emergenze imprese e istituzioni culturali, che ha portato nelle casse di 36 biblioteche bellunesi oltre 200mila euro per l\u2019acquisto di pubblicazioni nelle librerie del territorio.\u00a0Per venire in soccorso agli studenti, in particolare a quelli universitari costretti a seguire l\u2019universit\u00e0 da fuori sede causa pandemia e penalizzati dal protrarsi della chiusura per lavori della biblioteca civica di Belluno, molte biblioteche si sono attrezzate per riaprire le aule studio e i servizi di consultazione in sede: la biblioteca civica di Feltre ad esempio ha implementato le postazioni studio disponibili agli utenti, mentre a Limana sono stati installati dei plexiglass tra le postazioni prenotabili, per garantirne la fruizione in sicurezza; a Ponte nelle Alpi nel periodo estivo erano disponibili alcuni tavoli studio nel giardino.\u00a0\u00ab<em>Lo sforzo nella riapertura \u00e8 stato finalizzato principalmente a rendere le biblioteche dei luoghi sicuri, adottando linee guida comuni a tutta la rete provinciale per la riapertura dei servizi &#8211; spiega il consigliere provinciale delegato alla cultura, Simone Deola -. Si \u00e8 stabilito l\u2019accesso contingentato, la quarantena di dieci giorni per i libri rientrati dal prestito, la sanificazione degli spazi, il distanziamento tra le postazioni oltre che, naturalmente, l\u2019obbligo di indossare la mascherina e disinfettare le mani all\u2019ingresso nei locali, incentivando la prenotazione di spazi e attivit\u00e0. La cultura \u00e8 un mezzo fondamentale per ripartir. Lo \u00e8 stato durante l\u2019estate e lo sar\u00e0 anche dopo questa ulteriore fase difficile che stiamo vivendo<\/em>\u00bb.\u00a0Il periodo di chiusura totale tra aprile e maggio, infatti, \u00e8 servito a molti bibliotecari per ripensare i propri servizi e trovare strategie nuove da sfruttare anche con la riapertura: i canali social sono stati utilizzati per proporre visite virtuali ai luoghi della cultura, suggerimenti di lettura, iniziative culturali on-line. \u00a0La possibilit\u00e0 di avere a disposizione ogni mese due E-book, quattro film in streaming e una ricca edicola digitale nella quale poter sfogliare quotidiani e riviste \u00e8 stata molto apprezzata dai numerosi utenti che hanno richiesto l\u2019iscrizione gratuita al servizio Mlol di prestito digitale. Considerata l\u2019importanza attuale di questo servizio fruibile a distanza si \u00e8 anche pensato di facilitarne l\u2019accesso: coloro che sono gi\u00e0 utenti della rete possono richiedere l\u2019iscrizione al servizio di prestito digitale inviando una mail alla loro biblioteca indicando nome, cognome, numero di tessera; mentre per coloro che non hanno ancora una tessera utente delle Biblioteche Bellunesi, alcune strutture hanno addirittura attivato il modulo di preiscrizione on-line a partire dal portale Bibel.\u00a0Molti appuntamenti fissi delle biblioteche, tra i quali quelli del progetto \u201cNati per leggere\u201d e gli incontri dei gruppi di lettura, hanno potuto continuare a svolgersi a distanza, attraverso l\u2019utilizzo di piattaforme on-line. Altri appuntamenti, approfittando della bella stagione, sono stati realizzati all\u2019aperto, nei giardini interni alle sedi delle biblioteche, nei parchi e nelle piazze adiacenti, spazi nei quali le biblioteche hanno continuato a offrire attivit\u00e0 laboratoriali per piccoli gruppi, letture animate, spettacoli di giocoleria e concerti.\u00a0Alcuni Comuni, ad esempio quello di Borgo Valbelluna e Ponte nelle Alpi, si sono attrezzati per arrivare agli utenti, con un servizio di prestito a domicilio e l\u2019utilizzo di volontari, che potr\u00e0 continuare anche al di fuori del periodo di emergenza, in particolare per le categorie fragili e per gli anziani. L\u2019ingegno non \u00e8 mancato nemmeno alle biblioteche di Alano e Quero Vas che hanno ideato l\u2019iniziativa dei libri \u201cRi-dono\u201d per mettere in circolo i volumi donati alle biblioteche come dei veri e propri premi di una caccia al tesoro.\u00a0Per informazioni e aggiornamenti sull\u2019operativit\u00e0 dei servizi bibliotecari \u00e8 sempre possibile contattare le biblioteche del territorio tramite i riferimenti e orari di apertura reperibili sulla pagina Biblioteche del portale Bibel (bibel.regione.veneto.it) o scrivere a servizio.biblioteche@provincia.belluno.it.<\/p>\n<p>&nbsp;<\/p>\n<p>&nbsp;<\/p>\n<hr \/>\n<p>&nbsp;<\/p>\n<blockquote>\n<h3>SOVRACANONI IDRICI: BELLUNO RISCHIA DI PERDERE MILIONI DI EURO<\/h3>\n<\/blockquote>\n<p><strong><a class=\"dt-pswp-item\" href=\"https:\/\/www.radiopiu.net\/wordpress\/wp-content\/uploads\/2018\/05\/Roger_De_Menech_daticamera.jpg\" data-dt-img-description=\"\" data-large_image_width=\"165\" data-large_image_height=\"228\"><img loading=\"lazy\" decoding=\"async\" class=\"size-full wp-image-49599 alignleft\" src=\"https:\/\/www.radiopiu.net\/wordpress\/wp-content\/uploads\/2018\/05\/Roger_De_Menech_daticamera.jpg\" alt=\"\" width=\"165\" height=\"228\" \/><\/a>ROMA <\/strong>\u00abUn danno enorme per le amministrazioni locali. La Provincia di Belluno rischia di perdere milioni di euro\u00bb. Il deputato bellunese\u00a0Roger De Menech denuncia \u00abil regalo ai produttori di energia idroelettrica da parte di Forza Italia\u00bb. Il partito di Berlusconi, al Senato ha presentato una proposta nell\u2019ambito di conversione del decreto legge 125\/2020 &#8211; proroga dello stato di emergenza da Covid-19 &#8211; per sospendere durante tutto il pagamento da parte dei concessionari di tutti i canoni e sovracanoni legati alle concessioni idroelettriche. \u00abSi tratterebbe di una misura errata sotto tutti i punti di vista\u00bb, afferma De Menech. \u00abDa un lato, si farebbe un immotivato regalo a concessionari che stanno comunque fatturando e producendo, visto che l&#8217;emergenza Covid non fa venire meno l&#8217;erogazione di energia elettrica. E, dall&#8217;altro, si produrrebbe un grave danno sul bilancio di Regioni, Province e Comuni che grazie ai proventi derivanti da canoni idrici e sovracanoni Bim assicurano la copertura di importanti servizi per le comunit\u00e0 locali\u00bb. Il deputato ha gi\u00e0 segnalato le criticit\u00e0 della proposta al capogruppo del Partito democratico al Senato, Andrea Marcucci, chiedendo di prendere le dovute contromisure. \u00abVigileremo affinch\u00e9 nel percorso di conversione questa proposta venga bocciata\u00bb, conclude<span class=\"Apple-converted-space\">\u00a0\u00a0<\/span>De Menech, \u00abperch\u00e9 mette in pericolo i bilanci delle amministrazioni montane\u00bb.<\/p>\n<p>&nbsp;<\/p>\n<p>&nbsp;<\/p>\n<hr \/>\n<p>&nbsp;<\/p>\n<blockquote>\n<h3>AIUTI ECONOMICI ANTI COVID: LA GERMANIA HA SPESO 194 MILIARDI PIU\u2019 DI NOI<\/h3>\n<\/blockquote>\n<p><a class=\"dt-pswp-item\" href=\"https:\/\/www.radiopiu.net\/wordpress\/wp-content\/uploads\/2020\/10\/Schermata-2020-10-31-alle-11.10.00.png\" data-dt-img-description=\"\" data-large_image_width=\"1274\" data-large_image_height=\"968\"><img loading=\"lazy\" decoding=\"async\" class=\"alignleft size-medium wp-image-169696\" src=\"https:\/\/www.radiopiu.net\/wordpress\/wp-content\/uploads\/2020\/10\/Schermata-2020-10-31-alle-11.10.00-300x228.png\" alt=\"\" width=\"300\" height=\"228\" srcset=\"https:\/\/www.radiopiu.net\/wordpress\/wp-content\/uploads\/2020\/10\/Schermata-2020-10-31-alle-11.10.00-300x228.png 300w, https:\/\/www.radiopiu.net\/wordpress\/wp-content\/uploads\/2020\/10\/Schermata-2020-10-31-alle-11.10.00-1024x778.png 1024w, https:\/\/www.radiopiu.net\/wordpress\/wp-content\/uploads\/2020\/10\/Schermata-2020-10-31-alle-11.10.00-768x584.png 768w, https:\/\/www.radiopiu.net\/wordpress\/wp-content\/uploads\/2020\/10\/Schermata-2020-10-31-alle-11.10.00.png 1274w\" sizes=\"auto, (max-width: 300px) 100vw, 300px\" \/><\/a>Per fronteggiare la crisi sanitaria ed economica dovuta al Covid, dalla primavera scorsa il governo tedesco ha erogato 284 miliardi di euro a sostegno, in particolar modo, di lavoratori, imprese, scuola, trasporti e sanit\u00e0. Ben 194 in pi\u00f9 di quelli stanziati per gli stessi ambiti dal nostro esecutivo. Includendo anche le misure introdotte questa settimana con il \u201cdecreto Ristori\u201d, dall\u2019inizio della pandemia il Governo Conte, invece, ha corrisposto quasi 90 miliardi di euro. Altrettanto significativo \u00e8 stato lo sforzo sostenuto dal Regno Unito, che \u00e8 intervenuto con 201 miliardi, mentre la Francia con 110 e la Spagna con 46 hanno fatto, come l\u2019Italia, molto meno sia di Londra che di Berlino. A dirlo \u00e8 la CGIA. Sottolinea il coordinatore dell\u2019Ufficio studi Paolo Zabeo:<\/p>\n<p>\u201cSe teniamo conto anche delle misure economiche messe a punto nei giorni scorsi dal governo francese, tra i nostri principali competitor economici presi in esame in questa comparazione solo la Spagna ha speso meno del nostro Paese. Anche in rapporto al Pil, rimaniamo penultimi, sebbene nella prima ondata di questa pandemia siamo stati il Paese pi\u00f9 colpito d\u2019Europa. E\u2019 vero che avendo un debito pubblico molto elevato queste misure possiamo finanziarle solo in deficit, ma \u00e8 altrettanto vero che siamo la seconda manifattura d\u2019Europa ed essendo uno dei pilastri portanti dell\u2019economia europea meritavamo, da parte del nostro esecutivo, molte pi\u00f9 attenzioni, soprattutto in termini di investimenti\u201d.<\/p>\n<p>La CGIA, inoltre, torna a segnalare il forte rischio di incorrere, tra qualche mese, a una nuova stretta creditizia a danno di tanti artigiani, piccoli commercianti e partite iva. Denuncia il segretario Renato Mason:<\/p>\n<p>\u201cSebbene i finanziamenti inferiori a 30 mila euro richiesti al Fondo di Garanzia sfiorano ormai i 19 miliardi, per moltissime piccole e micro imprese le difficolt\u00e0 di accesso al credito bancario rimangono ancora un grave problema che, alla luce delle nuove disposizione europee, rischia addirittura di peggiorare. A partire dal 1\u00b0 Gennaio 2021, infatti, tutte gli istituti di credito dovranno applicare le nuove regole comunitarie in materia di classificazione delle controparti inadempienti. In altre parole le banche dovranno definire come inadempienti i privati o le piccole e medie imprese che presenteranno un arretrato da oltre 90 giorni, il cui importo risulti, allo stesso tempo superiore ai 100 euro e superiore all\u20191 per cento del totale delle esposizioni verso il Gruppo bancario. Insomma, queste nuove disposizioni abbasseranno notevolmente la soglia di sconfinamento, mettendo a rischio il sostegno economico del sistema bancario a moltissime attivit\u00e0 di piccola dimensione che da sempre sono a corto di liquidit\u00e0 e poco patrimonializzate\u201d.<br \/>\nOltre ai ristori, in Italia bisogna compensare anche i costi fissi<br \/>\nSul fronte delle misure a sostegno delle attivit\u00e0 costrette a chiudere completamente o parzialmente, la CGIA sottolinea che lo Stato, le Regioni e i Comuni hanno il diritto\/dovere di predisporre tutte le limitazioni che ritengono utili per tutelare la salute pubblica. E\u2019 tuttavia evidente che a fronte della chiusura delle attivit\u00e0 economiche, queste ultime devono essere aiutate economicamente, cos\u00ec come \u00e8 stato fatto nella prima fase di questa pandemia. La situazione odierna, per\u00f2, \u00e8 ben diversa da quella vissuta nella primavera scorsa. Se allora tutte le imprese erano state costrette alla chiusura ed erano rimaste aperte solo quelle essenziali, oggi tutte le attivit\u00e0 sono aperte e sono state oggetto di restrizioni solo alcuni settori. A questi ultimi, pertanto, non sono pi\u00f9 sufficienti dei semplici ristori, ma \u00e8 necessario uno stanziamento che compensi totalmente sia i mancati incassi sia le spese correnti che continuano a sostenere. Alla luce di ci\u00f2, segnaliamo che dal 13 ottobre scorso l\u2019Unione Europea ha modificato il Temporary Framework (quadro temporaneo per le misure degli aiuti di Stato alle imprese) prorogandone gli effetti fino al 30 giugno 2021. Altres\u00ec, gli Stati membri potranno erogare aiuti fino al 90 per cento dei costi fissi sostenuti dalle imprese che, per effetto del Covid, abbiano subito una contrazione del fatturato di almeno il 30 per cento. Tra questi costi sono inclusi gli affitti, le bollette energetiche, le spese assicurative, etc. Pertanto, i ristori, in base alla caduta del fatturato, non sono pi\u00f9 sufficienti; il Governo Conte deve compensare &#8211; cos\u00ec come ha continuato a fare la Germania nei giorni scorsi dopo aver introdotto un nuovo mini-lockdown &#8211; anche i costi fissi sostenuti dalle imprese interessate per decreto alla chiusura.<br \/>\nAiuti alle Pmi: come si sono comportati i singoli paesi<br \/>\nIn Germania, con riferimento alle misure erogate alle aziende, spiccano i 100 miliardi di euro destinati all\u2019acquisto di partecipazioni di societ\u00e0 colpite dalla crisi e i 18 miliardi di euro destinati alle ditte individuali e alle microimprese. Significativi sono stati anche i 25 miliardi che sono stati spesi per &#8220;riavviare&#8221; le aziende che hanno subito un calo dei ricavi di oltre il 60 per cento rispetto al 2019. Queste realt\u00e0 produttive hanno ricevuto una compensazione fino al 70 per cento dei costi fissi sostenuti.<\/p>\n<p>Nel Regno Unito, sempre in riferimento alle misure a sostegno delle imprese, si segnalano i 15 miliardi di sterline (17 miliardi di euro al tasso di cambio medio 2019) di sovvenzioni erogati alle piccole imprese e altri 15 miliardi di sterline per il sostegno al reddito dei lavoratori autonomi.<\/p>\n<p>In Francia sono stati stanziati 8 miliardi di euro di sussidi per le piccole imprese con un fatturato inferiore a 1 milione di euro che hanno perso almeno il 50 per cento dei ricavi nello scorso mese di marzo; 3 miliardi di euro per l\u2019annullamento di tasse e contributi previdenziali per aziende e lavoratori autonomi in difficolt\u00e0; una stima di 9,3 miliardi di euro per sostenere l&#8217;industria del turismo e altri 8 miliardi di euro per sostenere il settore automobilistico.<\/p>\n<p>In Italia, infine, le principali misure introdotte per le imprese hanno riguardato i contributi a fondo perduto a favore dei soggetti che hanno subito riduzioni del fatturato (7,3 miliardi di euro con i provvedimenti iniziali), la cancellazione dell\u2019IRAP (saldo 2019 e prima rata acconto 2020 per un totale di quasi 4 miliardi di euro), i provvedimenti di rilancio del turismo\/cultura (1 miliardo di euro); agevolazioni fiscali per sanificazioni\/canoni-locazioni immobili strumentali per 1,7 miliardi di euro e altri 1,7 miliardi di euro previsti per il tax credit vacanze. A queste principali misure segnaliamo anche le indennit\u00e0 una tantum erogate ai lavoratori autonomi e le ultime risorse previste dal \u201cdecreto Ristori\u201d.<br \/>\nAlcune precisazioni metodologiche<br \/>\nL\u2019Ufficio studi della CGIA sottolinea che nella comparazione realizzata in questa elaborazione i dati in valore assoluto dei paesi stranieri sono stati estrapolati da un\u2019analisi elaborata dal Think Tank Bruegel. Va altres\u00ec segnalato che ogni nazione presenta una diversa data di aggiornamento delle misure sostenute a sostegno delle rispettive economie che, ovviamente, impone una certa prudenza nel momento in cui si effettuata la comparazione tra Paesi.<\/p>\n<p>Le \u201cmisure a impulso fiscale immediato\u201d costituiscono l\u2019indicatore che il Think Tank Bruegel ha preso come riferimento. Per \u201cmisure a impulso fiscale immediato&#8221; si intende la spesa pubblica aggiuntiva (come spese sanitarie, misure di sostegno ai lavoratori dipendenti, sovvenzioni alle Pmi, investimenti pubblici) sostenuta da ciascun paese per contrastare gli effetti negativi causati dal Covid. Questo indicatore, quindi, include anche la riduzione delle entrate (come la cancellazione di alcune tasse e contributi previdenziali); in buona sostanza ci riferiamo a quei provvedimenti che hanno contribuito al deterioramento del saldo di bilancio senza alcuna compensazione diretta successiva. Pertanto, non sono inclusi i differimenti delle scadenze fiscali n\u00e8 i sostegni alla liquidit\u00e0 introdotti da molti Paesi attraverso l\u2019emissione di garanzie pubbliche.<\/p>\n<p>&nbsp;<\/p>\n<p>&nbsp;<\/p>\n<hr \/>\n<p>&nbsp;<\/p>\n<blockquote>\n<h3>I MEDICI DI MEDICINA GENERALE DA NOVEMBRE VACCINERANNO ANCHE LE PERSONE A RISCHIO<\/h3>\n<\/blockquote>\n<p><strong><a class=\"dt-pswp-item\" href=\"https:\/\/www.radiopiu.net\/wordpress\/wp-content\/uploads\/2020\/06\/vaccino.jpg\" data-dt-img-description=\"\" data-large_image_width=\"1920\" data-large_image_height=\"1280\"><img loading=\"lazy\" decoding=\"async\" class=\" wp-image-143923 alignleft\" src=\"https:\/\/www.radiopiu.net\/wordpress\/wp-content\/uploads\/2020\/06\/vaccino-300x200.jpg\" alt=\"\" width=\"198\" height=\"132\" srcset=\"https:\/\/www.radiopiu.net\/wordpress\/wp-content\/uploads\/2020\/06\/vaccino-300x200.jpg 300w, https:\/\/www.radiopiu.net\/wordpress\/wp-content\/uploads\/2020\/06\/vaccino-1024x683.jpg 1024w, https:\/\/www.radiopiu.net\/wordpress\/wp-content\/uploads\/2020\/06\/vaccino-768x512.jpg 768w, https:\/\/www.radiopiu.net\/wordpress\/wp-content\/uploads\/2020\/06\/vaccino-1536x1024.jpg 1536w, https:\/\/www.radiopiu.net\/wordpress\/wp-content\/uploads\/2020\/06\/vaccino.jpg 1920w\" sizes=\"auto, (max-width: 198px) 100vw, 198px\" \/><\/a>BELLUNO\u00a0<\/strong>Da novembre partir\u00e0 la vaccinazione dei soggetti affetti da patologie croniche, donne gravide, addetti ai servizi essenziali e altre categorie a rischio a cura dei Medici di Medicina Generale e dei Pediatri di Libera Scelta. Procede spedita la campagna vaccinale contro l\u2019influenza. Le persone tra i 60 e i 64 anni che devono ancora vaccinarsi o necessitano di spostare l\u2019appuntamento dato possono scrivere a <a href=\"mailto:vaccinazioni.bl@aulss1.veneto.it\">vaccinazioni.bl@aulss1.veneto.it<\/a>.<\/p>\n<p>&nbsp;<\/p>\n<p>&nbsp;<\/p>\n<p>&nbsp;<\/p>\n<hr \/>\n<p>&nbsp;<\/p>\n<blockquote>\n<h3>CONCORSO PUBBLICO PER L&#8217;ASSUNZIONE DI UN ISTRUTTORE TECNICO E UN AGENTE DI POLIZIA LOCALE<\/h3>\n<\/blockquote>\n<p><strong>PEDAVENA<\/strong> Concorso pubblico per l&#8217;assunzione a tempo indeterminato e pieno di un istruttore tecnico categoria C1 presso l\u2019Area Tecnica del Comune di Pedavena, presso lo stesso Comune altro concorso per l&#8217;assunzione a tempo indeterminato e pieno di un Agente di Polizia Locale categoria C1.\u00a0 Le domande di partecipazione dovranno pervenire all&#8217;ufficio protocollo dell&#8217;Unione Montana Feltrina. Informazioni sul sito istituzionale dell&#8217;ente.\u00a0 Termine di scadenza per la presentazione delle domande alle 12 del\u00a0 10 dicembre.<\/p>\n<p>&nbsp;<\/p>\n<hr \/>\n<p>&nbsp;<\/p>\n<blockquote>\n<h3>DILLO A RADIO PIU&#8217;&#8230;IL MICRONIDO GIROTONDO DI CENCENIGHE<\/h3>\n<\/blockquote>\n<p><strong><a class=\"dt-pswp-item\" href=\"https:\/\/www.radiopiu.net\/wordpress\/wp-content\/uploads\/2016\/01\/logo-radiopic3b9.png\" data-dt-img-description=\"\" data-large_image_width=\"483\" data-large_image_height=\"374\"><img loading=\"lazy\" decoding=\"async\" class=\"size-medium wp-image-15787 alignleft\" src=\"https:\/\/www.radiopiu.net\/wordpress\/wp-content\/uploads\/2016\/01\/logo-radiopic3b9-300x232.png\" alt=\"\" width=\"300\" height=\"232\" \/><\/a>RADIO PIU&#8217;\u00a0<\/strong>Riceviamo e pubblichiamo una lettera di due genitori sul Micronido Girotondo di Cencenighe.<\/p>\n<blockquote>\n<div dir=\"auto\"><em>Siamo molto felici che il 12 ottobre scorso abbia finalmente riaperto il &#8220;Micronido Girotondo&#8221; di Cencenighe, unico asilo nido dell&#8217;Alto Agordino. Vogliamo ringraziare chi si \u00e8 adoperato per la riapertura di questa struttura che \u00e8 di fondamentale importanza per le famiglie che abitano in Val del Biois e nella Val Cordevole: \u00e8 facile criticare e lamentarsi quando vengono tagliati i servizi, ma \u00e8 altres\u00ec doveroso spendere delle parole di riconoscimento quando vengono ripristinati. Per questo motivo rivolgiamo un sentito ringraziamento alle Amministrazioni Comunali, a Croce Blu e soprattutto alle maestre e collaboratrici le quali, nonostante le difficolt\u00e0, hanno resistito con determinazione, dimostrando ammirabile dedizione e amore per la propria professione.\u00a0Auguriamo buon lavoro a Lorena, Daniela, Lucrezia e Franca e buon divertimento a tutti i piccoli.\u00a0<\/em><\/div>\n<p dir=\"auto\"><em>Con sincera riconoscenza, due genitori\u00a0<\/em><\/p>\n<hr \/>\n<h3 dir=\"auto\">AUGURI PIU&#8217; SUPER NONNA EMMA OGGI CENTENARIA<\/h3>\n<p><strong><a class=\"dt-pswp-item\" href=\"https:\/\/www.radiopiu.net\/wordpress\/wp-content\/uploads\/2020\/11\/f6b03c97-863f-4a1e-a734-b9e3a5a88796.jpg\" data-dt-img-description=\"\" data-large_image_width=\"900\" data-large_image_height=\"1600\"><img loading=\"lazy\" decoding=\"async\" class=\"size-medium wp-image-169834 alignleft\" src=\"https:\/\/www.radiopiu.net\/wordpress\/wp-content\/uploads\/2020\/11\/f6b03c97-863f-4a1e-a734-b9e3a5a88796-169x300.jpg\" alt=\"\" width=\"169\" height=\"300\" srcset=\"https:\/\/www.radiopiu.net\/wordpress\/wp-content\/uploads\/2020\/11\/f6b03c97-863f-4a1e-a734-b9e3a5a88796-169x300.jpg 169w, https:\/\/www.radiopiu.net\/wordpress\/wp-content\/uploads\/2020\/11\/f6b03c97-863f-4a1e-a734-b9e3a5a88796-576x1024.jpg 576w, https:\/\/www.radiopiu.net\/wordpress\/wp-content\/uploads\/2020\/11\/f6b03c97-863f-4a1e-a734-b9e3a5a88796-768x1365.jpg 768w, https:\/\/www.radiopiu.net\/wordpress\/wp-content\/uploads\/2020\/11\/f6b03c97-863f-4a1e-a734-b9e3a5a88796-864x1536.jpg 864w, https:\/\/www.radiopiu.net\/wordpress\/wp-content\/uploads\/2020\/11\/f6b03c97-863f-4a1e-a734-b9e3a5a88796.jpg 900w\" sizes=\"auto, (max-width: 169px) 100vw, 169px\" \/><\/a>LIMANA<\/strong>: Nonna Emma, ieri alla vigilia del secolo di vita perch\u00e9 oggi\u00a0 compie 100 anni. Il giorno che precede la festa lo ha trascorso nei boschi vicino casa andando a funghi. Originaria di Verona con il matrimonio si \u00e8 trasferita a Limana nel 1946, l&#8217;anno del Referendum della Repubblica Monarchica.<\/p>\n<blockquote>\n<h3>Oggi il taglio della torta con le figlie\u00a0 Lina e Alida, le nipoti Michela, Serena, Valentina e Alessandra e i\u00a0 pronipoti Nicole, Mattia e Chiara.<\/h3>\n<\/blockquote>\n<p dir=\"auto\">\n<\/blockquote>\n<hr \/>\n<p>&nbsp;<\/p>\n<p><a class=\"dt-pswp-item\" href=\"https:\/\/www.radiopiu.net\/wordpress\/wp-content\/uploads\/2018\/09\/appuntamenti.jpeg\" data-dt-img-description=\"\" data-large_image_width=\"800\" data-large_image_height=\"100\"><img loading=\"lazy\" decoding=\"async\" class=\"aligncenter wp-image-61958 size-full\" src=\"https:\/\/www.radiopiu.net\/wordpress\/wp-content\/uploads\/2018\/09\/appuntamenti.jpeg\" alt=\"\" width=\"800\" height=\"100\" srcset=\"https:\/\/www.radiopiu.net\/wordpress\/wp-content\/uploads\/2018\/09\/appuntamenti.jpeg 800w, https:\/\/www.radiopiu.net\/wordpress\/wp-content\/uploads\/2018\/09\/appuntamenti-300x38.jpeg 300w, https:\/\/www.radiopiu.net\/wordpress\/wp-content\/uploads\/2018\/09\/appuntamenti-768x96.jpeg 768w\" sizes=\"auto, (max-width: 800px) 100vw, 800px\" \/><\/a><\/p>\n<div><\/div>\n<div>\n<blockquote>\n<h3><\/h3>\n<h3><a class=\"dt-pswp-item\" href=\"https:\/\/www.radiopiu.net\/wordpress\/wp-content\/uploads\/2020\/10\/122934875_3224081514384665_7740501492426689334_n.jpg\" data-dt-img-description=\"\" data-large_image_width=\"473\" data-large_image_height=\"800\"><img loading=\"lazy\" decoding=\"async\" class=\"wp-image-168937 alignleft\" src=\"https:\/\/www.radiopiu.net\/wordpress\/wp-content\/uploads\/2020\/10\/122934875_3224081514384665_7740501492426689334_n-177x300.jpg\" alt=\"\" width=\"87\" height=\"147\" srcset=\"https:\/\/www.radiopiu.net\/wordpress\/wp-content\/uploads\/2020\/10\/122934875_3224081514384665_7740501492426689334_n-177x300.jpg 177w, https:\/\/www.radiopiu.net\/wordpress\/wp-content\/uploads\/2020\/10\/122934875_3224081514384665_7740501492426689334_n.jpg 473w\" sizes=\"auto, (max-width: 87px) 100vw, 87px\" \/><\/a>\u00a0IL MESSAGGIO DEGLI AMICI DELLA PIAZZA DI GOSALDO<\/h3>\n<\/blockquote>\n<div class=\"o9v6fnle cxmmr5t8 oygrvhab hcukyx3x c1et5uql ii04i59q\">\n<div dir=\"auto\">Volevamo informarvi che a causa del recente aumento delle restrizioni dovute all&#8217;emergenza Covid siamo stati costretti ad annullare le nostre iniziative autunnali.\u00a0 Speriamo che al pi\u00f9 presto la situazione migliori e a tal fine vi raccomandiamo anche noi di rispettare le disposizioni del governo e ad indossare la\u00a0 mascherina \u00a0per preservare voi stessi e gli altri. Se ci impegniamo tutti ce la faremo<\/div>\n<div dir=\"auto\"><\/div>\n<div dir=\"auto\"><\/div>\n<div dir=\"auto\"><\/div>\n<hr \/>\n<h2><span style=\"color: #ff0000;\">IERI ALLA RADIO<\/span><\/h2>\n<h2><span style=\"color: #ff6600;\"><a class=\"dt-pswp-item\" href=\"https:\/\/www.radiopiu.net\/wordpress\/wp-content\/uploads\/2020\/10\/DON-AUGUSTO-ANTONIOL-e1604209044624.png\" data-dt-img-description=\"\" data-large_image_width=\"500\" data-large_image_height=\"500\"><img loading=\"lazy\" decoding=\"async\" class=\" wp-image-169686 alignleft\" src=\"https:\/\/www.radiopiu.net\/wordpress\/wp-content\/uploads\/2020\/10\/DON-AUGUSTO-ANTONIOL-e1604209044624-300x300.png\" alt=\"\" width=\"156\" height=\"156\" srcset=\"https:\/\/www.radiopiu.net\/wordpress\/wp-content\/uploads\/2020\/10\/DON-AUGUSTO-ANTONIOL-e1604209044624-300x300.png 300w, https:\/\/www.radiopiu.net\/wordpress\/wp-content\/uploads\/2020\/10\/DON-AUGUSTO-ANTONIOL-e1604209044624-150x150.png 150w, https:\/\/www.radiopiu.net\/wordpress\/wp-content\/uploads\/2020\/10\/DON-AUGUSTO-ANTONIOL-e1604209044624.png 500w\" sizes=\"auto, (max-width: 156px) 100vw, 156px\" \/><\/a>LA RASSEGNA STAMPA DA L&#8217;AMICO DEL POPOLO<\/span><\/h2>\n<p><strong>di Gianni Santomaso\u00a0<\/strong><\/p>\n<p>OSPITE: Don Augusto Antoniol<\/p>\n<audio class=\"wp-audio-shortcode\" id=\"audio-169650-2\" preload=\"none\" style=\"width: 100%;\" controls=\"controls\"><source type=\"audio\/mpeg\" src=\"https:\/\/www.radiopiu.net\/wordpress\/wp-content\/uploads\/2020\/10\/RASSEGNA-GIANNI-5.mp3?_=2\" \/><a href=\"https:\/\/www.radiopiu.net\/wordpress\/wp-content\/uploads\/2020\/10\/RASSEGNA-GIANNI-5.mp3\">https:\/\/www.radiopiu.net\/wordpress\/wp-content\/uploads\/2020\/10\/RASSEGNA-GIANNI-5.mp3<\/a><\/audio>\n<p>&nbsp;<\/p>\n<hr \/>\n<p>&nbsp;<\/p>\n<h2><span style=\"color: #808000;\">DUE MINUTI UN LIBRO\u00a0\u00a0<\/span><\/h2>\n<blockquote class=\"wp-embedded-content\" data-secret=\"UWENPNhcRZ\"><p><a href=\"https:\/\/www.radiopiu.net\/wordpress\/il-cuore-di-frankenstein\/\">IL CUORE DI FRANKENSTEIN<\/a><\/p><\/blockquote>\n<p><iframe loading=\"lazy\" class=\"wp-embedded-content\" sandbox=\"allow-scripts\" security=\"restricted\" style=\"position: absolute; clip: rect(1px, 1px, 1px, 1px);\" title=\"&#8220;IL CUORE DI FRANKENSTEIN&#8221; &#8212; Radio Pi\u00f9\" src=\"https:\/\/www.radiopiu.net\/wordpress\/il-cuore-di-frankenstein\/embed\/#?secret=UWENPNhcRZ\" data-secret=\"UWENPNhcRZ\" width=\"600\" height=\"338\" frameborder=\"0\" marginwidth=\"0\" marginheight=\"0\" scrolling=\"no\"><\/iframe><\/p>\n<h2>LA RACCOLTA COMPLETA<\/h2>\n<p>&nbsp;<\/p>\n<blockquote class=\"wp-embedded-content\" data-secret=\"1w99WuD3Fc\"><p><a href=\"https:\/\/www.radiopiu.net\/wordpress\/due-minuti-un-libro\/\">Due minuti un libro<\/a><\/p><\/blockquote>\n<p><iframe loading=\"lazy\" class=\"wp-embedded-content\" sandbox=\"allow-scripts\" security=\"restricted\" style=\"position: absolute; clip: rect(1px, 1px, 1px, 1px);\" title=\"&#8220;Due minuti un libro&#8221; &#8212; Radio Pi\u00f9\" src=\"https:\/\/www.radiopiu.net\/wordpress\/due-minuti-un-libro\/embed\/#?secret=1w99WuD3Fc\" data-secret=\"1w99WuD3Fc\" width=\"600\" height=\"338\" frameborder=\"0\" marginwidth=\"0\" marginheight=\"0\" scrolling=\"no\"><\/iframe><\/p>\n<p>&nbsp;<\/p>\n<hr \/>\n<p>&nbsp;<\/p>\n<blockquote>\n<h3>IN VIVO VERSO, DA DOMANI LA TERZA SETTIMANA. DI BRUNELLA MORO OGNI GIORNO DAL LUNEDI AL VENERDI ALLE 7.10, 10.10, 18.50 &#8230;.. LA RADIO E&#8217; POESIA<\/h3>\n<\/blockquote>\n<blockquote class=\"wp-embedded-content\" data-secret=\"QNw1And2Ke\"><p><a href=\"https:\/\/www.radiopiu.net\/wordpress\/in-vivo-verso\/\">In Vivo Verso<\/a><\/p><\/blockquote>\n<p><iframe loading=\"lazy\" class=\"wp-embedded-content\" sandbox=\"allow-scripts\" security=\"restricted\" style=\"position: absolute; clip: rect(1px, 1px, 1px, 1px);\" title=\"&#8220;In Vivo Verso&#8221; &#8212; Radio Pi\u00f9\" src=\"https:\/\/www.radiopiu.net\/wordpress\/in-vivo-verso\/embed\/#?secret=QNw1And2Ke\" data-secret=\"QNw1And2Ke\" width=\"600\" height=\"338\" frameborder=\"0\" marginwidth=\"0\" marginheight=\"0\" scrolling=\"no\"><\/iframe><\/p>\n<p>&nbsp;<\/p>\n<p>&nbsp;<\/p>\n<hr \/>\n<p>&nbsp;<\/p>\n<div>\n<h2><span style=\"color: #33cccc;\">I RACCONTI DI PAOLO SOPPELSA il lunedi alle 9.30 e 18.30<\/span><\/h2>\n<h2><span style=\"color: #33cccc;\"><strong>LA RACCOLTA COMPLETA<\/strong><\/span><\/h2>\n<blockquote class=\"wp-embedded-content\" data-secret=\"VV7cgJZ3M7\"><p><a href=\"https:\/\/www.radiopiu.net\/wordpress\/i-racconti-di-paolo-soppelsa\/\">I racconti di Paolo Soppelsa<\/a><\/p><\/blockquote>\n<p><iframe loading=\"lazy\" class=\"wp-embedded-content\" sandbox=\"allow-scripts\" security=\"restricted\" style=\"position: absolute; clip: rect(1px, 1px, 1px, 1px);\" title=\"&#8220;I racconti di Paolo Soppelsa&#8221; &#8212; Radio Pi\u00f9\" src=\"https:\/\/www.radiopiu.net\/wordpress\/i-racconti-di-paolo-soppelsa\/embed\/#?secret=VV7cgJZ3M7\" data-secret=\"VV7cgJZ3M7\" width=\"600\" height=\"338\" frameborder=\"0\" marginwidth=\"0\" marginheight=\"0\" scrolling=\"no\"><\/iframe><\/p>\n<\/div>\n<p>&nbsp;<\/p>\n<hr \/>\n<p>&nbsp;<\/p>\n<h2><strong>LE\u00a0 PUNTATE di Luisa Alchini di Leggermente Bellunesi, la domenica alle 11, il martedi alle 10.30 e alle 19.00\u00a0<\/strong><\/h2>\n<blockquote class=\"wp-embedded-content\" data-secret=\"E9u6Zxw7KO\"><p><a href=\"https:\/\/www.radiopiu.net\/wordpress\/leggermente-20\/\">LEGGERmente&#8230;Bellunesi<\/a><\/p><\/blockquote>\n<p><iframe loading=\"lazy\" class=\"wp-embedded-content\" sandbox=\"allow-scripts\" security=\"restricted\" style=\"position: absolute; clip: rect(1px, 1px, 1px, 1px);\" title=\"&#8220;LEGGERmente&#8230;Bellunesi&#8221; &#8212; Radio Pi\u00f9\" src=\"https:\/\/www.radiopiu.net\/wordpress\/leggermente-20\/embed\/#?secret=E9u6Zxw7KO\" data-secret=\"E9u6Zxw7KO\" width=\"600\" height=\"338\" frameborder=\"0\" marginwidth=\"0\" marginheight=\"0\" scrolling=\"no\"><\/iframe><\/p>\n<hr \/>\n<p>&nbsp;<\/p>\n<blockquote>\n<h3>L&#8217;ALMANACCO LADINO CON L&#8217;ISTITUT CESA DE JAN QUINDICINALE APPUNTAMENTO. LA DOMENICA ALLE 9 IL LUNEDI ALE 8.35 IL MARTEDI ALLE 12.35 IL MERCOLEDI ALLE 18.35. SECONDA STAGIONE.<\/h3>\n<\/blockquote>\n<blockquote class=\"wp-embedded-content\" data-secret=\"Tmn7DYDX7l\"><p><a href=\"https:\/\/www.radiopiu.net\/wordpress\/almanacco-ladino\/\">Almanacco Ladino<\/a><\/p><\/blockquote>\n<p><iframe loading=\"lazy\" class=\"wp-embedded-content\" sandbox=\"allow-scripts\" security=\"restricted\" style=\"position: absolute; clip: rect(1px, 1px, 1px, 1px);\" title=\"&#8220;Almanacco Ladino&#8221; &#8212; Radio Pi\u00f9\" src=\"https:\/\/www.radiopiu.net\/wordpress\/almanacco-ladino\/embed\/#?secret=Tmn7DYDX7l\" data-secret=\"Tmn7DYDX7l\" width=\"600\" height=\"338\" frameborder=\"0\" marginwidth=\"0\" marginheight=\"0\" scrolling=\"no\"><\/iframe><\/p>\n<p>&nbsp;<\/p>\n<p>&nbsp;<\/p>\n<hr \/>\n<div>\n<h2><span style=\"color: #000080;\"><a class=\"dt-pswp-item\" href=\"https:\/\/www.radiopiu.net\/wordpress\/wp-content\/uploads\/2020\/10\/pp.jpg\" data-dt-img-description=\"\" data-large_image_width=\"640\" data-large_image_height=\"640\"><img loading=\"lazy\" decoding=\"async\" class=\"wp-image-163678 alignleft\" src=\"https:\/\/www.radiopiu.net\/wordpress\/wp-content\/uploads\/2020\/10\/pp-300x300.jpg\" alt=\"\" width=\"106\" height=\"106\" srcset=\"https:\/\/www.radiopiu.net\/wordpress\/wp-content\/uploads\/2020\/10\/pp-300x300.jpg 300w, https:\/\/www.radiopiu.net\/wordpress\/wp-content\/uploads\/2020\/10\/pp-150x150.jpg 150w, https:\/\/www.radiopiu.net\/wordpress\/wp-content\/uploads\/2020\/10\/pp-125x125.jpg 125w, https:\/\/www.radiopiu.net\/wordpress\/wp-content\/uploads\/2020\/10\/pp-200x200.jpg 200w, https:\/\/www.radiopiu.net\/wordpress\/wp-content\/uploads\/2020\/10\/pp-80x80.jpg 80w, https:\/\/www.radiopiu.net\/wordpress\/wp-content\/uploads\/2020\/10\/pp-480x480.jpg 480w, https:\/\/www.radiopiu.net\/wordpress\/wp-content\/uploads\/2020\/10\/pp.jpg 640w\" sizes=\"auto, (max-width: 106px) 100vw, 106px\" \/><\/a>DON CESARE, IL PENSIERO DEL GIORNO. ALLA RADIO ALLE 7 DEL MATTINO E ALLE 19.30 DELLA SERA.\u00a0\u00a0<\/span><\/h2>\n<\/div>\n<p>&nbsp;<\/p>\n<p>&nbsp;<\/p>\n<p>&nbsp;<\/p>\n<audio class=\"wp-audio-shortcode\" id=\"audio-169650-3\" preload=\"none\" style=\"width: 100%;\" controls=\"controls\"><source type=\"audio\/mpeg\" src=\"https:\/\/www.radiopiu.net\/wordpress\/wp-content\/uploads\/2020\/11\/CESARE.mp3?_=3\" \/><a href=\"https:\/\/www.radiopiu.net\/wordpress\/wp-content\/uploads\/2020\/11\/CESARE.mp3\">https:\/\/www.radiopiu.net\/wordpress\/wp-content\/uploads\/2020\/11\/CESARE.mp3<\/a><\/audio>\n<p>&nbsp;<\/p>\n<p>&nbsp;<\/p>\n<hr \/>\n<p>&nbsp;<\/p>\n<h2><a class=\"dt-pswp-item\" href=\"https:\/\/www.radiopiu.net\/wordpress\/wp-content\/uploads\/2015\/09\/don_giorgio2.jpg\" data-dt-img-description=\"\" data-large_image_width=\"216\" data-large_image_height=\"137\"><img loading=\"lazy\" decoding=\"async\" class=\"size-full wp-image-10391 alignleft\" src=\"https:\/\/www.radiopiu.net\/wordpress\/wp-content\/uploads\/2015\/09\/don_giorgio2.jpg\" alt=\"\" width=\"216\" height=\"137\" \/><\/a><\/h2>\n<h2><\/h2>\n<h2><\/h2>\n<h2>DUE MINUTI PER TE, ALLA DOMENICA ALLE 6.55 E ALLE 9.55 MONSIGNOR GIORGIO LISE<\/h2>\n<audio class=\"wp-audio-shortcode\" id=\"audio-169650-4\" preload=\"none\" style=\"width: 100%;\" controls=\"controls\"><source type=\"audio\/mpeg\" src=\"https:\/\/www.radiopiu.net\/wordpress\/wp-content\/uploads\/2020\/11\/DON-GIOGIOG.mp3?_=4\" \/><a href=\"https:\/\/www.radiopiu.net\/wordpress\/wp-content\/uploads\/2020\/11\/DON-GIOGIOG.mp3\">https:\/\/www.radiopiu.net\/wordpress\/wp-content\/uploads\/2020\/11\/DON-GIOGIOG.mp3<\/a><\/audio>\n<p>&nbsp;<\/p>\n<p>&nbsp;<\/p>\n<p>&nbsp;<\/p>\n<hr \/>\n<p>&nbsp;<\/p>\n<div>\n<p><a class=\"dt-pswp-item\" href=\"https:\/\/www.radiopiu.net\/wordpress\/wp-content\/uploads\/2018\/09\/viabilita.jpeg\" data-dt-img-description=\"\" data-large_image_width=\"800\" data-large_image_height=\"100\"><img loading=\"lazy\" decoding=\"async\" class=\"aligncenter wp-image-61954 size-full\" src=\"https:\/\/www.radiopiu.net\/wordpress\/wp-content\/uploads\/2018\/09\/viabilita.jpeg\" alt=\"\" width=\"800\" height=\"100\" srcset=\"https:\/\/www.radiopiu.net\/wordpress\/wp-content\/uploads\/2018\/09\/viabilita.jpeg 800w, https:\/\/www.radiopiu.net\/wordpress\/wp-content\/uploads\/2018\/09\/viabilita-300x38.jpeg 300w, https:\/\/www.radiopiu.net\/wordpress\/wp-content\/uploads\/2018\/09\/viabilita-768x96.jpeg 768w\" sizes=\"auto, (max-width: 800px) 100vw, 800px\" \/><\/a><\/p>\n<\/div>\n<p><span style=\"color: #000000;\"><strong>SR 203 AGORDINA<\/strong> <span style=\"color: #ff0000;\">localit\u00e0 Sopra Sac di Alleghe, chiusura totale al transito oggi dalle 8 alle 12 e dalle 14 alle 18 per esbosco alberi<\/span><\/span><\/p>\n<p><strong>SR 473 DI CROCE D&#8217;AUNE\u00a0<\/strong>dal 2 al 20 novembre, dalle 7:30 alle 17 esclusi sabati e domeniche, senso unico alternato regolato da semaforo in localit\u00e0 Croce D&#8217;Aune di Pedavena per ripristino impianto di illuminazione pubblica<\/p>\n<p><strong>SR 203 , localit\u00e0 VIGNOLE<\/strong> dal 2 al 13 novembre senso unico dalle 7.30 alle 8.30 e dalle 16 alle 17 con moviere, dalle 8.30 alle 16 con semaforo<\/p>\n<p><strong>SR 50 SCALE DI PRIMOLANO<\/strong> dal 6 al 18 novembre, dalle 8 alle 12 e dalle 13 alle 18 esclusi sabato e domenica, senso unico alternato regolato da movieri per ripristino piano viabile su cavidotto e-distribuzione<\/p>\n<p><strong>SP 422 DELL&#8217;ALPAGO E DEL CANSIGLIO\u00a0<\/strong>fino al 30 novembre, esclusi sabato e domenica, senso unico alternato regolato da movieri tra Puos e Cornei per posa fibre ottiche<\/p>\n<p><strong>SR 48 DELLE DOLOMITI<\/strong>\u00a0fino al 30 novembre senso unico alternato regolato da impianto semaforico tra Arabba e Cernadoi per consolidamento ciglio stradale e sostituzione barriere di sicurezza<\/p>\n<p><strong>SR 48 DELLE DOLOMITI\u00a0<\/strong>tra i comuni di Livinallongo Del Col Di Lana e Cortina, senso unico alternato regolato da movieri dal 2 al 20 novembre, sabato e domenica compresi, \u00a0per collegamento elettrodotto interrato e-distribuzione<\/p>\n<p><strong>PROVINCIALE 251\u00a0<\/strong> COLLE SANTA LUCIA Fino al 28 novembre senso unico (per asfaltature) compresi sabato e domenica (stessa situazione lungo la 203 agordina in localit\u00e0 Rucav\u00e0)<\/p>\n<p><strong>SP 12 PEDEMONTANA <\/strong>senso unico alternato regolato da impianto semaforico in localit\u00e0 Veses fino al 6 novembre, esclusi sabati e domeniche, per messa in sicurezza versante a monte della strada<\/p>\n<p><strong>SP 3 DELLA VAL IMPERINA<\/strong> fino a revoca, senso unico alternato regolato a vista in localit\u00e0 Gona di Conedera di Rivamonte per cedimento della carreggiata stradale<\/p>\n<p><strong>SR 48 DELLE DOLOMITI<\/strong> fino\u00a0 al 6 novembre (festivi e prefestivi inclusi) senso unico alternato in localit\u00e0 Brenta Comune di Livinallongo del Col di Lana.<\/p>\n<p><strong>SP 49 DI MISURINA <\/strong>fino al\u00a020 novembre, senso unico alternato regolato da impianto semaforico tra Misurina e il confine con la provincia di Bolzano per posa elettrodotto interrato<\/p>\n<p><strong>REGIONALE 203 AGORDINA<\/strong>\u00a0 Fino\u00a0 al 18 dicembre (esclusi festivi e prefestivi) senso unico alternato tra Peron e Candaten con movieri dalle 7.30 alle 9 e dalle 16.30 alle 18. Con semaforo negli altri orari<\/p>\n<p><strong>REGIONALE 203 AGORDINA<\/strong> Fino al 30 novembre (sabato e domenica esclusi) tra Candaten e La Stanga dalle 7.30 alle 9 e dalle 16.30 alle 18 con movieri e negli altri orari con semaforo, senso unico alternato.<\/p>\n<div>\n<p>&nbsp;<\/p>\n<hr \/>\n<p>&nbsp;<\/p>\n<p class=\"photoswipe-wrapper\"><a class=\"dt-pswp-item pspw-wrap-ready\" href=\"https:\/\/i0.wp.com\/www.radiopiu.net\/wordpress\/wp-content\/uploads\/2018\/09\/WhatsApp-Image-2018-09-20-at-16.04.06.jpeg?ssl=1\" data-dt-img-description=\"\" data-large_image_width=\"800\" data-large_image_height=\"100\"><img loading=\"lazy\" decoding=\"async\" class=\"aligncenter wp-image-61378 size-full jetpack-lazy-image jetpack-lazy-image--handled\" src=\"https:\/\/i0.wp.com\/www.radiopiu.net\/wordpress\/wp-content\/uploads\/2018\/09\/WhatsApp-Image-2018-09-20-at-16.04.06.jpeg?resize=800%2C100&amp;ssl=1\" sizes=\"auto, (max-width: 800px) 100vw, 800px\" srcset=\"https:\/\/i0.wp.com\/www.radiopiu.net\/wordpress\/wp-content\/uploads\/2018\/09\/WhatsApp-Image-2018-09-20-at-16.04.06.jpeg?w=800&amp;ssl=1 800w, https:\/\/i0.wp.com\/www.radiopiu.net\/wordpress\/wp-content\/uploads\/2018\/09\/WhatsApp-Image-2018-09-20-at-16.04.06.jpeg?resize=300%2C38&amp;ssl=1 300w, https:\/\/i0.wp.com\/www.radiopiu.net\/wordpress\/wp-content\/uploads\/2018\/09\/WhatsApp-Image-2018-09-20-at-16.04.06.jpeg?resize=768%2C96&amp;ssl=1 768w\" alt=\"\" width=\"800\" height=\"100\" data-lazy-loaded=\"1\" \/><\/a><\/p>\n<\/div>\n<p>&nbsp;<\/p>\n<p><center><b>Domenica 1<\/b><\/center><b>Tempo atteso:\u00a0<\/b>Giornata in prevalenza soleggiata e mite, con transito di nubi alte, pi\u00f9 estese fra la tarda mattinata ed il primo pomeriggio. Nebbie nelle ore notturne e del primo mattino a fondovalle in alcune zone della Valbelluna.<br \/>\n<b>Precipitazioni:\u00a0<\/b>Assenti (0%).<br \/>\n<b>Temperature:\u00a0<\/b>Nelle valli in genere stazionarie, in quota in lieve diminuzione. Inversione termica nelle ore pi\u00f9 fredde, meno accentuata rispetto a sabato. Su Prealpi a 1500 m min 9\u00b0C max 11\u00b0C, a 2000 m min 8\u00b0C max 10\u00b0C. Su Dolomiti a 2000 m min 8\u00b0C max 10\u00b0C, a 3000 m min 1\u00b0C max 3\u00b0C.<br \/>\n<b>Venti:\u00a0<\/b>Nelle valli in prevalenza deboli, salvo rinforzi notturni e nel primo mattino nelle consuete zone prealpine interessate dalle forti brezze di monte; in quota deboli o moderati da ovest nord-ovest, in temporanea intensificazione verso sera, 5-10 km\/h a 2000 m e 10-30 km\/h a 3000 m.<\/p>\n<hr \/>\n<p><center><b>Lunedi 2<\/b><\/center><b>Tempo atteso:\u00a0<\/b>Tempo ancora bello e mite di giorno, con cielo sereno o parzialmente velato da nubi alte e sottili. Probabili nebbie al primo mattino nelle zone pi\u00f9 umide della Valbelluna, in successivo dissolvimento, mentre dopo il tramonto sar\u00e0 possibile la formazione di nubi basse nelle zone vicine alla pianura.<br \/>\n<b>Precipitazioni:\u00a0<\/b>Assenti (0%)<br \/>\n<b>Temperature:\u00a0<\/b>Senza grosse variazioni nelle valli, in lieve aumento in quota, con nuova accentuazione dell&#8217;inversione termica notturna. Su Prealpi a 1500 m min 9\u00b0C max 12\u00b0C, a 2000 m min 9\u00b0C max 11\u00b0C. Su Dolomiti a 2000 m min 8\u00b0C max 11\u00b0C, a 3000 m min 3\u00b0C max 5\u00b0C.<br \/>\n<b>Venti:\u00a0<\/b>Nelle valli generalmente deboli, a regime di brezza; in quota deboli, a tratti moderati, occidentali, 10-20 km\/h sia a 2000 m che a 3000 m.<\/p>\n<hr \/>\n<p><center><b>Martedi 3<\/b><\/center>Altra giornata mite ed in prevalenza soleggiata, specie sulle Dolomiti. Sulle Prealpi saranno possibili delle nebbie o nubi basse al primo mattino e soprattutto in serata, pur prevalendo il sole durante il giorno. Temperature stazionarie nelle valli, in flessione in quota. Venti sui monti deboli o moderati da sud-ovest.<\/p>\n<hr \/>\n<p><center><b>Mercoledi 4<\/b><\/center>Temporaneo, lieve peggioramento, con possibilit\u00e0 dei deboli precipitazioni, soprattutto sulle zone occidentali, eventualmente nevose oltre i 2100-2200 m. Temperature in diminuzione, salvo aumentare le minime a fondovalle. Venti in quota moderati, a tratti tesi, da sud-ovest. Previsore: B.R.<\/p>\n<p>&nbsp;<\/p>\n<hr \/>\n<p>&nbsp;<\/p>\n<p><a class=\"dt-pswp-item\" href=\"https:\/\/www.radiopiu.net\/wordpress\/wp-content\/uploads\/2018\/09\/sport.jpg\" data-dt-img-description=\"\" data-large_image_width=\"800\" data-large_image_height=\"100\"><img loading=\"lazy\" decoding=\"async\" class=\"wp-image-60761 size-full aligncenter\" src=\"https:\/\/www.radiopiu.net\/wordpress\/wp-content\/uploads\/2018\/09\/sport.jpg\" alt=\"\" width=\"800\" height=\"100\" srcset=\"https:\/\/www.radiopiu.net\/wordpress\/wp-content\/uploads\/2018\/09\/sport.jpg 800w, https:\/\/www.radiopiu.net\/wordpress\/wp-content\/uploads\/2018\/09\/sport-300x38.jpg 300w, https:\/\/www.radiopiu.net\/wordpress\/wp-content\/uploads\/2018\/09\/sport-768x96.jpg 768w\" sizes=\"auto, (max-width: 800px) 100vw, 800px\" \/><\/a><\/p>\n<p>&nbsp;<\/p>\n<\/div>\n<\/div>\n<blockquote>\n<h3>IL COMO NON SI PRESENTA AD ALLEGHE. PARTITA IN MANO AL GIUDICE SPORTIVO<\/h3>\n<\/blockquote>\n<p><b><a class=\"dt-pswp-item\" href=\"https:\/\/www.radiopiu.net\/wordpress\/wp-content\/uploads\/2019\/08\/logo-alleghe-hockey.png\" data-dt-img-description=\"\" data-large_image_width=\"547\" data-large_image_height=\"512\"><img loading=\"lazy\" decoding=\"async\" class=\" wp-image-95699 alignleft\" src=\"https:\/\/www.radiopiu.net\/wordpress\/wp-content\/uploads\/2019\/08\/logo-alleghe-hockey-300x281.png\" alt=\"\" width=\"223\" height=\"209\" srcset=\"https:\/\/www.radiopiu.net\/wordpress\/wp-content\/uploads\/2019\/08\/logo-alleghe-hockey-300x281.png 300w, https:\/\/www.radiopiu.net\/wordpress\/wp-content\/uploads\/2019\/08\/logo-alleghe-hockey.png 547w\" sizes=\"auto, (max-width: 223px) 100vw, 223px\" \/><\/a>ALLEGHE<\/b> Il Como getta la spugna e non si presenta al De Toni di Alleghe. La partita valida per la sesta giornata dell\u2019Italian Hockey League non si \u00e8 giocata. La sfida tra Alleghe e Como rimarr\u00e0 un ricordo di questa stagione, ma sicuramente non in ambito agonistico. Le due formazioni, dopo la riunione della lega di mercoled\u00ec scorso, erano rimaste in contatto perch\u00e9 la squadra lariana aveva chiesto il rinvio della partita. Cosa che non \u00e8 avvenuta dopo una votazione interna tra la dirigenza dell\u2019Alleghe e quindi la richiesta \u00e8 stata spedita al mittente. Come da regolamento, le civette si sono presentate al De Toni, gli arbitri pure ma i lombardi no. 45 minuti di attesa, come da regolamento, ma della compagine comasca neanche l\u2019ombra. Alle 21:15 l\u2019annuncio ufficiale che la partita non veniva giocata. Ora spetter\u00e0 al giudice sportivo procedere con le dovute sanzioni e la decisione di dare la partita vinta a tavolino (5-0) agli agordini.<\/p>\n<p><strong>AI MICROFONI DI RADIO PIU&#8217; PATRICK DE SILVESTRO<\/strong><\/p>\n<audio class=\"wp-audio-shortcode\" id=\"audio-169650-5\" preload=\"none\" style=\"width: 100%;\" controls=\"controls\"><source type=\"audio\/mpeg\" src=\"https:\/\/www.radiopiu.net\/wordpress\/wp-content\/uploads\/2020\/10\/PATRICK-DE-SILVESTRO-ALLEGHE-COMO.mp3?_=5\" \/><a href=\"https:\/\/www.radiopiu.net\/wordpress\/wp-content\/uploads\/2020\/10\/PATRICK-DE-SILVESTRO-ALLEGHE-COMO.mp3\">https:\/\/www.radiopiu.net\/wordpress\/wp-content\/uploads\/2020\/10\/PATRICK-DE-SILVESTRO-ALLEGHE-COMO.mp3<\/a><\/audio>\n<p>&nbsp;<\/p>\n","protected":false},"excerpt":{"rendered":"<p>PER RICEVERE QUESTO NOTIZIARIO DIRETTAMENTE SUL TUO CELLULARE ISCRIVITI AL CANALE TELEGRAM \u201cRADIO PIU\u00a0 INFORMAZIONE&#8221; ATTENZIONE: LA NUOVA APP PER IOS-IPHONE https:\/\/apps.apple.com\/it\/app\/radio-pi%C3%B9-emittente-agordina\/id1515939845 ATTENZIONE: LA NUOVA APP RADIO\u00a0 PER ANDROID https:\/\/play.google.com\/store\/apps\/details?id=net.radiopiu.iniko\u00a0\u00a0\u00a0 &nbsp; IERI SUL SITO INTERNET WWW.RADIOPIU.NET E SU TELEGRAM &#8220;RADIO PIU&#8217; INFORMAZIONE&#8221; PUBBLICATI 22 ARTICOLI, VISUALIZZATI DA 72.956 LETTORI-ASCOLTATORI DI RADIO PIU. &nbsp; &nbsp; \u00a01&hellip;<\/p>\n","protected":false},"author":4,"featured_media":169813,"comment_status":"closed","ping_status":"closed","sticky":false,"template":"","format":"standard","meta":{"_monsterinsights_skip_tracking":false,"_monsterinsights_sitenote_active":false,"_monsterinsights_sitenote_note":"","_monsterinsights_sitenote_category":0,"footnotes":""},"categories":[1,51,86,49],"tags":[],"class_list":["post-169650","post","type-post","status-publish","format-standard","has-post-thumbnail","hentry","category-senza-categoria","category-evidenza-top","category-gr","category-news-18","category-1","category-51","category-86","category-49","description-off"],"img_url":"https:\/\/www.radiopiu.net\/wordpress\/wp-content\/uploads\/2020\/11\/14315201-6555-450b-9a0b-1834684a13e1.jpg","_links":{"self":[{"href":"https:\/\/www.radiopiu.net\/wordpress\/wp-json\/wp\/v2\/posts\/169650","targetHints":{"allow":["GET"]}}],"collection":[{"href":"https:\/\/www.radiopiu.net\/wordpress\/wp-json\/wp\/v2\/posts"}],"about":[{"href":"https:\/\/www.radiopiu.net\/wordpress\/wp-json\/wp\/v2\/types\/post"}],"author":[{"embeddable":true,"href":"https:\/\/www.radiopiu.net\/wordpress\/wp-json\/wp\/v2\/users\/4"}],"replies":[{"embeddable":true,"href":"https:\/\/www.radiopiu.net\/wordpress\/wp-json\/wp\/v2\/comments?post=169650"}],"version-history":[{"count":0,"href":"https:\/\/www.radiopiu.net\/wordpress\/wp-json\/wp\/v2\/posts\/169650\/revisions"}],"wp:featuredmedia":[{"embeddable":true,"href":"https:\/\/www.radiopiu.net\/wordpress\/wp-json\/wp\/v2\/media\/169813"}],"wp:attachment":[{"href":"https:\/\/www.radiopiu.net\/wordpress\/wp-json\/wp\/v2\/media?parent=169650"}],"wp:term":[{"taxonomy":"category","embeddable":true,"href":"https:\/\/www.radiopiu.net\/wordpress\/wp-json\/wp\/v2\/categories?post=169650"},{"taxonomy":"post_tag","embeddable":true,"href":"https:\/\/www.radiopiu.net\/wordpress\/wp-json\/wp\/v2\/tags?post=169650"}],"curies":[{"name":"wp","href":"https:\/\/api.w.org\/{rel}","templated":true}]}}