{"id":169778,"date":"2020-11-01T07:09:58","date_gmt":"2020-11-01T06:09:58","guid":{"rendered":"https:\/\/www.radiopiu.net\/wordpress\/?p=169778"},"modified":"2020-11-01T07:18:45","modified_gmt":"2020-11-01T06:18:45","slug":"ruzzola-per-200-metri-in-valle-di-san-lucano-elitrasportato-a-treviso-ok","status":"publish","type":"post","link":"https:\/\/www.radiopiu.net\/wordpress\/ruzzola-per-200-metri-in-valle-di-san-lucano-elitrasportato-a-treviso-ok\/","title":{"rendered":"RUZZOLA PER 200 METRI IN VALLE DI SAN LUCANO. ELITRASPORTATO A TREVISO"},"content":{"rendered":"<p><strong><a class=\"dt-pswp-item\" href=\"https:\/\/www.radiopiu.net\/wordpress\/wp-content\/uploads\/2020\/10\/salt_20201031_181319_809.jpg\" data-dt-img-description=\"\" data-large_image_width=\"1773\" data-large_image_height=\"2364\"><img loading=\"lazy\" decoding=\"async\" class=\" wp-image-169786 alignleft\" src=\"https:\/\/www.radiopiu.net\/wordpress\/wp-content\/uploads\/2020\/10\/salt_20201031_181319_809-225x300.jpg\" alt=\"\" width=\"205\" height=\"273\" srcset=\"https:\/\/www.radiopiu.net\/wordpress\/wp-content\/uploads\/2020\/10\/salt_20201031_181319_809-225x300.jpg 225w, https:\/\/www.radiopiu.net\/wordpress\/wp-content\/uploads\/2020\/10\/salt_20201031_181319_809-768x1024.jpg 768w, https:\/\/www.radiopiu.net\/wordpress\/wp-content\/uploads\/2020\/10\/salt_20201031_181319_809-1152x1536.jpg 1152w, https:\/\/www.radiopiu.net\/wordpress\/wp-content\/uploads\/2020\/10\/salt_20201031_181319_809-1536x2048.jpg 1536w, https:\/\/www.radiopiu.net\/wordpress\/wp-content\/uploads\/2020\/10\/salt_20201031_181319_809.jpg 1773w\" sizes=\"auto, (max-width: 205px) 100vw, 205px\" \/><\/a>TAIBON<\/strong> Attorno alle 14 la Centrale del Suem \u00e8 stata allertata da due escursionisti che avevano perso di vista l&#8217;amico in Valle di San Lucano e non riuscivano pi\u00f9 a trovarlo. I tre si trovavano tra Forcella Caoz e Malga Pape quando, dopo essersi fermati assieme, lui, S.D.A., 53 anni, di Martellago (VE), era andato avanti da solo distanziandoli. Arrivati in un tratto innevato senza vedere le sue impronte, i compagni si sono preoccupati e, non essendoci copertura telefonica, si sono affrettati verso localit\u00e0 Pont per dare l&#8217;allarme. L&#8217;elicottero del Suem di Pieve di Cadore \u00e8 subito volato sul posto e durante la ricognizione lungo le creste \u00e8 stato notato un oggetto all&#8217;inizio di un canale. L&#8217;eliambulanza\u00a0 ha quindi iniziato a scendere lungo la stretta valle, fino a scorgere il corpo dell&#8217;uomo, ruzzolato per circa 200 metri. Dopo aver sbarcato con il verricello equipe medica e tecnico di elisoccorso, l&#8217;elicottero \u00e8 sceso in Valle di San Lucano e ha imbarcato due tecnici del Soccorso alpino di Agordo in supporto alle operazioni. All&#8217;infortunato, che presentava un possibile gravissimo politrauma, sono state prestate le prime cure urgenti. Imbarellato, \u00e8 stato issato a bordo con il verricello e trasportato all&#8217;ospedale di Belluno da dove \u00e8 stato poi trasferito a Treviso. I\u00a0due soccorritori di Agordo hanno provveduto a smantellare l&#8217;attrezzatura, per essere poi imbarcati dell&#8217;elicottero in un secondo tempo. Altri sei soccorritori erano pronti a intervenire in supporto alle operazioni.<\/p>\n","protected":false},"excerpt":{"rendered":"<p>TAIBON Attorno alle 14 la Centrale del Suem \u00e8 stata allertata da due escursionisti che avevano perso di vista l&#8217;amico in Valle di San Lucano e non riuscivano pi\u00f9 a trovarlo. I tre si trovavano tra Forcella Caoz e Malga Pape quando, dopo essersi fermati assieme, lui, S.D.A., 53 anni, di Martellago (VE), era andato&hellip;<\/p>\n","protected":false},"author":4,"featured_media":154485,"comment_status":"closed","ping_status":"closed","sticky":false,"template":"","format":"standard","meta":{"_monsterinsights_skip_tracking":false,"_monsterinsights_sitenote_active":false,"_monsterinsights_sitenote_note":"","_monsterinsights_sitenote_category":0,"footnotes":""},"categories":[51,49],"tags":[],"class_list":["post-169778","post","type-post","status-publish","format-standard","has-post-thumbnail","hentry","category-evidenza-top","category-news-18","category-51","category-49","description-off"],"img_url":"https:\/\/www.radiopiu.net\/wordpress\/wp-content\/uploads\/2020\/08\/salt_20200810_175813_090_resized.jpg","_links":{"self":[{"href":"https:\/\/www.radiopiu.net\/wordpress\/wp-json\/wp\/v2\/posts\/169778","targetHints":{"allow":["GET"]}}],"collection":[{"href":"https:\/\/www.radiopiu.net\/wordpress\/wp-json\/wp\/v2\/posts"}],"about":[{"href":"https:\/\/www.radiopiu.net\/wordpress\/wp-json\/wp\/v2\/types\/post"}],"author":[{"embeddable":true,"href":"https:\/\/www.radiopiu.net\/wordpress\/wp-json\/wp\/v2\/users\/4"}],"replies":[{"embeddable":true,"href":"https:\/\/www.radiopiu.net\/wordpress\/wp-json\/wp\/v2\/comments?post=169778"}],"version-history":[{"count":0,"href":"https:\/\/www.radiopiu.net\/wordpress\/wp-json\/wp\/v2\/posts\/169778\/revisions"}],"wp:featuredmedia":[{"embeddable":true,"href":"https:\/\/www.radiopiu.net\/wordpress\/wp-json\/wp\/v2\/media\/154485"}],"wp:attachment":[{"href":"https:\/\/www.radiopiu.net\/wordpress\/wp-json\/wp\/v2\/media?parent=169778"}],"wp:term":[{"taxonomy":"category","embeddable":true,"href":"https:\/\/www.radiopiu.net\/wordpress\/wp-json\/wp\/v2\/categories?post=169778"},{"taxonomy":"post_tag","embeddable":true,"href":"https:\/\/www.radiopiu.net\/wordpress\/wp-json\/wp\/v2\/tags?post=169778"}],"curies":[{"name":"wp","href":"https:\/\/api.w.org\/{rel}","templated":true}]}}