{"id":169795,"date":"2020-11-02T10:16:10","date_gmt":"2020-11-02T09:16:10","guid":{"rendered":"https:\/\/www.radiopiu.net\/wordpress\/?p=169795"},"modified":"2020-11-02T10:16:47","modified_gmt":"2020-11-02T09:16:47","slug":"giornale-radiopiu-02-novembre-2020-direttore-mirko-mezzacasa","status":"publish","type":"post","link":"https:\/\/www.radiopiu.net\/wordpress\/giornale-radiopiu-02-novembre-2020-direttore-mirko-mezzacasa\/","title":{"rendered":"GIORNALE RADIOPIU 02 NOVEMBRE 2020 DIRETTORE MIRKO MEZZACASA"},"content":{"rendered":"<h3>PER<strong> RICEVERE QUESTO NOTIZIARIO DIRETTAMENTE SUL TUO CELLULARE ISCRIVITI AL CANALE TELEGRAM <\/strong><strong>\u201cRADIO PIU\u00a0 INFORMAZIONE&#8221;<\/strong><\/h3>\n<p><em>ATTENZIONE: LA NUOVA APP PER IOS-IPHONE<\/em><\/p>\n<div>\n<div><a href=\"https:\/\/apps.apple.com\/it\/app\/radio-pi%C3%B9-emittente-agordina\/id1515939845\">https:\/\/apps.apple.com\/it\/app\/radio-pi%C3%B9-emittente-agordina\/id1515939845<\/a><\/div>\n<\/div>\n<div><\/div>\n<div>\n<div dir=\"auto\"><em>ATTENZIONE: LA NUOVA APP RADIO\u00a0 PER ANDROID<\/em><\/div>\n<\/div>\n<p><a href=\"https:\/\/play.google.com\/store\/apps\/details?id=net.radiopiu.iniko\" target=\"_blank\" rel=\"noopener noreferrer\">https:\/\/play.google.com\/store\/apps\/details?id=net.radiopiu.iniko\u00a0\u00a0<\/a><\/p>\n<p>&nbsp;<\/p>\n<p>&nbsp;<\/p>\n<hr \/>\n<p>&nbsp;<\/p>\n<h2 style=\"text-align: center;\"><span style=\"color: #ff6600;\">I LAVORI AUTUNNALI DI LUCKY&#8230;<\/span><\/h2>\n<div style=\"width: 848px;\" class=\"wp-video\"><video class=\"wp-video-shortcode\" id=\"video-169795-1\" width=\"848\" height=\"480\" preload=\"metadata\" controls=\"controls\"><source type=\"video\/mp4\" src=\"https:\/\/www.radiopiu.net\/wordpress\/wp-content\/uploads\/2020\/11\/LUCKY-MARA.mp4?_=1\" \/><a href=\"https:\/\/www.radiopiu.net\/wordpress\/wp-content\/uploads\/2020\/11\/LUCKY-MARA.mp4\">https:\/\/www.radiopiu.net\/wordpress\/wp-content\/uploads\/2020\/11\/LUCKY-MARA.mp4<\/a><\/video><\/div>\n<p>&nbsp;<\/p>\n<hr \/>\n<p>&nbsp;<\/p>\n<h2 style=\"text-align: center;\"><em><strong>PRIMA GLI SCARPONI DA SCI, ORA IL DETERSIVO&#8230;PIAZZA LIBERTA&#8217; SCAMBIATA PER UN ECOCENTRO<\/strong><\/em><\/h2>\n\n\t\t\t<style type='text\/css'>\n\t\t\t\t#gallery-1 {\n\t\t\t\t\tmargin: auto;\n\t\t\t\t}\n\t\t\t\t#gallery-1 .gallery-item {\n\t\t\t\t\tfloat: left;\n\t\t\t\t\tmargin-top: 10px;\n\t\t\t\t\ttext-align: center;\n\t\t\t\t\twidth: 100%;\n\t\t\t\t}\n\t\t\t\t#gallery-1 img {\n\t\t\t\t\tborder: 2px solid #cfcfcf;\n\t\t\t\t}\n\t\t\t\t#gallery-1 .gallery-caption {\n\t\t\t\t\tmargin-left: 0;\n\t\t\t\t}\n\t\t\t\t\/* see gallery_shortcode() in wp-includes\/media.php *\/\n\t\t\t<\/style>\n\t\t<div id='gallery-1' class='dt-gallery-container gallery galleryid-169795 gallery-columns-1 gallery-size-full'><dl class='gallery-item'>\n\t\t\t\t<dt class='gallery-icon portrait'>\n\t\t\t\t\t<a class=\"rollover rollover-zoom dt-pswp-item\" title=\"123290897_643817206286030_8423997904542775465_n\" data-dt-img-description=\"\" data-large_image_width=\"280\" data-large_image_height=\"290\"href='https:\/\/www.radiopiu.net\/wordpress\/wp-content\/uploads\/2020\/11\/123290897_643817206286030_8423997904542775465_n.jpg'><img loading=\"lazy\" decoding=\"async\" width=\"280\" height=\"290\" src=\"https:\/\/www.radiopiu.net\/wordpress\/wp-content\/uploads\/2020\/11\/123290897_643817206286030_8423997904542775465_n.jpg\" class=\"attachment-full size-full\" alt=\"\" \/><\/a>\n\t\t\t\t<\/dt><\/dl><br style=\"clear: both\" \/>\n\t\t\t<\/div>\n\n<p>&nbsp;<\/p>\n<hr \/>\n<p>&nbsp;<\/p>\n<blockquote>\n<h3>FOTOGRAFALO PER RADIO PIU&#8230;<br \/>\nI Colori autunnali agordini, di SUSY DAN<\/h3>\n<\/blockquote>\n\n\t\t\t<style type='text\/css'>\n\t\t\t\t#gallery-2 {\n\t\t\t\t\tmargin: auto;\n\t\t\t\t}\n\t\t\t\t#gallery-2 .gallery-item {\n\t\t\t\t\tfloat: left;\n\t\t\t\t\tmargin-top: 10px;\n\t\t\t\t\ttext-align: center;\n\t\t\t\t\twidth: 20%;\n\t\t\t\t}\n\t\t\t\t#gallery-2 img {\n\t\t\t\t\tborder: 2px solid #cfcfcf;\n\t\t\t\t}\n\t\t\t\t#gallery-2 .gallery-caption {\n\t\t\t\t\tmargin-left: 0;\n\t\t\t\t}\n\t\t\t\t\/* see gallery_shortcode() in wp-includes\/media.php *\/\n\t\t\t<\/style>\n\t\t<div id='gallery-2' class='dt-gallery-container gallery galleryid-169795 gallery-columns-5 gallery-size-thumbnail'><dl class='gallery-item'>\n\t\t\t\t<dt class='gallery-icon landscape'>\n\t\t\t\t\t<a class=\"rollover rollover-zoom dt-pswp-item\" title=\"bd344ccd-7b94-4bc7-8340-5034f2ce0441\" data-dt-img-description=\"\" data-large_image_width=\"1024\" data-large_image_height=\"668\"href='https:\/\/www.radiopiu.net\/wordpress\/wp-content\/uploads\/2020\/11\/bd344ccd-7b94-4bc7-8340-5034f2ce0441.jpg'><img loading=\"lazy\" decoding=\"async\" width=\"150\" height=\"150\" src=\"https:\/\/www.radiopiu.net\/wordpress\/wp-content\/uploads\/2020\/11\/bd344ccd-7b94-4bc7-8340-5034f2ce0441-150x150.jpg\" class=\"attachment-thumbnail size-thumbnail\" alt=\"\" \/><\/a>\n\t\t\t\t<\/dt><\/dl><dl class='gallery-item'>\n\t\t\t\t<dt class='gallery-icon landscape'>\n\t\t\t\t\t<a class=\"rollover rollover-zoom dt-pswp-item\" title=\"c5f00cee-a3df-4b15-af1e-676d34324e81\" data-dt-img-description=\"\" data-large_image_width=\"1024\" data-large_image_height=\"641\"href='https:\/\/www.radiopiu.net\/wordpress\/wp-content\/uploads\/2020\/11\/c5f00cee-a3df-4b15-af1e-676d34324e81.jpg'><img loading=\"lazy\" decoding=\"async\" width=\"150\" height=\"150\" src=\"https:\/\/www.radiopiu.net\/wordpress\/wp-content\/uploads\/2020\/11\/c5f00cee-a3df-4b15-af1e-676d34324e81-150x150.jpg\" class=\"attachment-thumbnail size-thumbnail\" alt=\"\" \/><\/a>\n\t\t\t\t<\/dt><\/dl><dl class='gallery-item'>\n\t\t\t\t<dt class='gallery-icon landscape'>\n\t\t\t\t\t<a class=\"rollover rollover-zoom dt-pswp-item\" title=\"31078086-ed52-4a1b-bed9-9467c13858b1\" data-dt-img-description=\"\" data-large_image_width=\"1024\" data-large_image_height=\"604\"href='https:\/\/www.radiopiu.net\/wordpress\/wp-content\/uploads\/2020\/11\/31078086-ed52-4a1b-bed9-9467c13858b1.jpg'><img loading=\"lazy\" decoding=\"async\" width=\"150\" height=\"150\" src=\"https:\/\/www.radiopiu.net\/wordpress\/wp-content\/uploads\/2020\/11\/31078086-ed52-4a1b-bed9-9467c13858b1-150x150.jpg\" class=\"attachment-thumbnail size-thumbnail\" alt=\"\" \/><\/a>\n\t\t\t\t<\/dt><\/dl><dl class='gallery-item'>\n\t\t\t\t<dt class='gallery-icon portrait'>\n\t\t\t\t\t<a class=\"rollover rollover-zoom dt-pswp-item\" title=\"d2b120f8-4611-4c01-af7a-e982dde773b5\" data-dt-img-description=\"\" data-large_image_width=\"641\" data-large_image_height=\"1024\"href='https:\/\/www.radiopiu.net\/wordpress\/wp-content\/uploads\/2020\/11\/d2b120f8-4611-4c01-af7a-e982dde773b5.jpg'><img loading=\"lazy\" decoding=\"async\" width=\"150\" height=\"150\" src=\"https:\/\/www.radiopiu.net\/wordpress\/wp-content\/uploads\/2020\/11\/d2b120f8-4611-4c01-af7a-e982dde773b5-150x150.jpg\" class=\"attachment-thumbnail size-thumbnail\" alt=\"\" \/><\/a>\n\t\t\t\t<\/dt><\/dl><dl class='gallery-item'>\n\t\t\t\t<dt class='gallery-icon landscape'>\n\t\t\t\t\t<a class=\"rollover rollover-zoom dt-pswp-item\" title=\"6fa530e8-a4bb-4560-b2d5-097f734df707\" data-dt-img-description=\"\" data-large_image_width=\"1024\" data-large_image_height=\"645\"href='https:\/\/www.radiopiu.net\/wordpress\/wp-content\/uploads\/2020\/11\/6fa530e8-a4bb-4560-b2d5-097f734df707.jpg'><img loading=\"lazy\" decoding=\"async\" width=\"150\" height=\"150\" src=\"https:\/\/www.radiopiu.net\/wordpress\/wp-content\/uploads\/2020\/11\/6fa530e8-a4bb-4560-b2d5-097f734df707-150x150.jpg\" class=\"attachment-thumbnail size-thumbnail\" alt=\"\" \/><\/a>\n\t\t\t\t<\/dt><\/dl><br style=\"clear: both\" \/>\n\t\t\t<\/div>\n\n<p>&nbsp;<\/p>\n<hr \/>\n<p>&nbsp;<\/p>\n<blockquote>\n<h3>2 novembre<br \/>\nJohn Francis Della Pietra<\/h3>\n<\/blockquote>\n<p>AUDIO<\/p>\n<audio class=\"wp-audio-shortcode\" id=\"audio-169795-1\" preload=\"none\" style=\"width: 100%;\" controls=\"controls\"><source type=\"audio\/mpeg\" src=\"https:\/\/www.radiopiu.net\/wordpress\/wp-content\/uploads\/2020\/11\/JOHN.mp3?_=1\" \/><a href=\"https:\/\/www.radiopiu.net\/wordpress\/wp-content\/uploads\/2020\/11\/JOHN.mp3\">https:\/\/www.radiopiu.net\/wordpress\/wp-content\/uploads\/2020\/11\/JOHN.mp3<\/a><\/audio>\n<p>&nbsp;<\/p>\n<p><a class=\"dt-pswp-item\" href=\"https:\/\/www.radiopiu.net\/wordpress\/wp-content\/uploads\/2020\/11\/0b6f7138-04fb-414f-84c2-1b1c92a6e974.jpg\" data-dt-img-description=\"\" data-large_image_width=\"1152\" data-large_image_height=\"2048\"><img loading=\"lazy\" decoding=\"async\" class=\" wp-image-169979 alignleft\" src=\"https:\/\/www.radiopiu.net\/wordpress\/wp-content\/uploads\/2020\/11\/0b6f7138-04fb-414f-84c2-1b1c92a6e974-169x300.jpg\" alt=\"\" width=\"72\" height=\"128\" srcset=\"https:\/\/www.radiopiu.net\/wordpress\/wp-content\/uploads\/2020\/11\/0b6f7138-04fb-414f-84c2-1b1c92a6e974-169x300.jpg 169w, https:\/\/www.radiopiu.net\/wordpress\/wp-content\/uploads\/2020\/11\/0b6f7138-04fb-414f-84c2-1b1c92a6e974-576x1024.jpg 576w, https:\/\/www.radiopiu.net\/wordpress\/wp-content\/uploads\/2020\/11\/0b6f7138-04fb-414f-84c2-1b1c92a6e974-768x1365.jpg 768w, https:\/\/www.radiopiu.net\/wordpress\/wp-content\/uploads\/2020\/11\/0b6f7138-04fb-414f-84c2-1b1c92a6e974-864x1536.jpg 864w, https:\/\/www.radiopiu.net\/wordpress\/wp-content\/uploads\/2020\/11\/0b6f7138-04fb-414f-84c2-1b1c92a6e974.jpg 1152w\" sizes=\"auto, (max-width: 72px) 100vw, 72px\" \/><\/a>I nost vecj i \u00e8 dut endavant<br \/>\nEncoj come tuti i ani<br \/>\nSe regordon de lori<br \/>\nSta olta per\u00f2 sion en te na mesa straza<br \/>\nChe la torna e no la pasa<br \/>\nGira e volta co sta pandemia<br \/>\nMe sa che no sion venui fora con nia<br \/>\nCos\u00ec<br \/>\nIn te sto d\u00ec<br \/>\nProvon a descore con lori<br \/>\nChe i ghe n ha vist e pasade p\u00ec de tanti gran dotori<br \/>\nPrima dison su na orazion<br \/>\nCoi ocj luster da l emozion<br \/>\nDap\u00f2 domandon la so intercession<br \/>\nChe l ha avest semper valor<br \/>\nLass\u00f9 col Signor<br \/>\nAnime dei mort par piazer daidene&#8230;<\/p>\n<p>&nbsp;<\/p>\n<hr \/>\n<p>&nbsp;<\/p>\n<blockquote>\n<h3>VERSO LA STRETTA NAZIONALE CON LA CONTRARIETA&#8217; DI ZAIA, VERSO LA MANIFESTAZIONE DI BELLUNO CON GLI APPELLI DI SINDACO E PRESIDENTE DELLA PROVINCIA<\/h3>\n<\/blockquote>\n<p>&nbsp;<\/p>\n<p>In attesa dell&#8217;ennesimo DPCM tra paura ed ipotesi, come il coprifuoco serale dalle 18 con una stretta su tutto il territorio nazionale con chiusura dei negozi e divieto di spostamenti se non per comprovati motivi di lavoro o salute. In Provincia si sono contati meno positivi rispetto agli altri giorni della settimana, forse anche meno tamponi nel fine settimana festivo. A Longarone rimane chiuso l&#8217;istituto alberghiero Dolomieu dopo il riscontro di due positivi tra il personale. In Procura a Belluno positivo un Magistrato, l&#8217;allarme nel fine settimana e i locali del Palazzo sono stati sanificati, da oggi tamponi per tutti i contatti del Pubblico Ministero. Da Belluno prima il presidente della Provincia Roberto Padrin ed ora anche il sindaco di Belluno Jacopo Massaro invitano i cittadini ad essere responsabili e prudenti. Ieri cerimonie sobrie nel ricordo dei defunti, ma nei cimiteri si sono riversate migliaia di persone. Nella notte di Halloween a Belluno la Polizia ha controllato una quarantina di gioani, 4 le sanzioni, 2 le denunce nella solita via Sottocastello.<\/p>\n<p>&nbsp;<\/p>\n<blockquote>\n<h3>COVID IN PROVINCIA: 2 DECESSI NELLE ULTIME 24 ORE, +72 POSITIVI, PAZIENTI IN OSPEDALE 97<\/h3>\n<\/blockquote>\n<p><strong><a class=\"dt-pswp-item\" href=\"https:\/\/www.radiopiu.net\/wordpress\/wp-content\/uploads\/2020\/03\/covid-ulss.jpg\" data-dt-img-description=\"\" data-large_image_width=\"800\" data-large_image_height=\"600\"><img loading=\"lazy\" decoding=\"async\" class=\"size-medium wp-image-121260 alignleft\" src=\"https:\/\/www.radiopiu.net\/wordpress\/wp-content\/uploads\/2020\/03\/covid-ulss-300x225.jpg\" alt=\"\" width=\"300\" height=\"225\" srcset=\"https:\/\/www.radiopiu.net\/wordpress\/wp-content\/uploads\/2020\/03\/covid-ulss-300x225.jpg 300w, https:\/\/www.radiopiu.net\/wordpress\/wp-content\/uploads\/2020\/03\/covid-ulss-768x576.jpg 768w, https:\/\/www.radiopiu.net\/wordpress\/wp-content\/uploads\/2020\/03\/covid-ulss.jpg 800w\" sizes=\"auto, (max-width: 300px) 100vw, 300px\" \/><\/a>BELLUNO<\/strong> Due decessi nelle ultime 24 ore, \u00a0una paziente covid positiva di 87 anni ricoverata in Geriatria Covid a Belluno e un paziente covid positivo di anni 99 ricoverato in Pneumologia Covid a Feltre.<\/p>\n<p><strong>SITUAZIONE EPIDEMIOLOGICA:<\/strong> Attualmente positivi in provincia 1933, nelle ultime 24 ore +72. RICOVERI San Martino Belluno 52, in terapia intensiva 4. Santa Maria del Prato Feltre 20, terapia intensiva 0.\u00a0 Ospedale di Comunit\u00e0 di Alano 5, Ospedale di Comunit\u00e0 di Feltre 12, Ospedale di Comunit\u00e0 di Agordo 4.<\/p>\n<p><strong>DIPARTMENTO PREVENZIONE <\/strong><span style=\"font-size: medium;\">Da oggi <\/span><span style=\"font-size: medium;\">i drive-in tamponi con accesso libero di Tai di Cadore e Agordo anticipano l\u2019orario di attivit\u00e0 per consentire di sfruttare al meglio le ore di luce. <\/span><span style=\"font-size: medium;\">In particolare, da luned\u00ec 2 novembre saranno operativi: <\/span><span style=\"font-size: medium;\">Covid point<\/span><span style=\"font-size: medium;\"> Tai di Cadore<\/span><span style=\"font-size: medium;\"> \u2013 P.le Dolomiti: dal luned\u00ec al sabato <\/span><span style=\"font-size: medium;\">dalle 15.00 alle 17.00 <\/span><span style=\"font-size: medium;\">Covid point<\/span><span style=\"font-size: medium;\"> Agordo <\/span><span style=\"font-size: medium;\">\u2013 P.le Tamonich: luned\u00ec, mercoled\u00ec e venerd\u00ec <\/span><span style=\"font-size: medium;\">dalle 15.00 alle 17.00. <\/span><span style=\"font-size: medium;\">Alla luce di alcuni momenti critici nelle ore di punta, con code e disagi di accesso specie al drive-in di Belluno \u2013Sagrogna,<\/span><b> <\/b><span style=\"font-size: medium;\">si<\/span><b> <\/b><span style=\"font-size: medium;\">segnala la possibilit\u00e0 di usufruire del drive-in tamponi serale e notturno attivo dalle 19.00 alle 7.00, nell\u2019area dedicata dell\u2019Ospedale San Martino di Belluno.<\/span><\/p>\n<p>&nbsp;<\/p>\n<h2><span style=\"color: #ff0000;\">L&#8217;APPELLO<\/span><\/h2>\n<blockquote>\n<h3>QUASI 2000 PERSONE IN ISOLAMENTO IN PROVINCIA, 120 NEL COMUNE DI BELLUNO E MOLTI SONO GIOVANI. L&#8217;INVITO ALLA PRUDENZA E ALLA RESPONSABILITA&#8217; DEL SINDACO DI BELLUNO JACOPO MASSARO<\/h3>\n<\/blockquote>\n<p>https:\/\/www.facebook.com\/massarosindaco\/videos\/821221108707860<\/p>\n<p>&nbsp;<\/p>\n<h3>IL PRESIDENTE DELLA PROVINCIA ROBERTO PADRIN<\/h3>\n<div class=\"o9v6fnle cxmmr5t8 oygrvhab hcukyx3x c1et5uql ii04i59q\">\n<blockquote>\n<div dir=\"auto\"><strong><a class=\"dt-pswp-item\" href=\"https:\/\/www.radiopiu.net\/wordpress\/wp-content\/uploads\/2019\/07\/roberto_padrin-e1604291148334.jpg\" data-dt-img-description=\"\" data-large_image_width=\"1400\" data-large_image_height=\"788\"><img loading=\"lazy\" decoding=\"async\" class=\"wp-image-92774 alignleft\" src=\"https:\/\/www.radiopiu.net\/wordpress\/wp-content\/uploads\/2019\/07\/roberto_padrin-e1604291148334-300x169.jpg\" alt=\"\" width=\"195\" height=\"110\" srcset=\"https:\/\/www.radiopiu.net\/wordpress\/wp-content\/uploads\/2019\/07\/roberto_padrin-e1604291148334-300x169.jpg 300w, https:\/\/www.radiopiu.net\/wordpress\/wp-content\/uploads\/2019\/07\/roberto_padrin-e1604291148334-768x432.jpg 768w, https:\/\/www.radiopiu.net\/wordpress\/wp-content\/uploads\/2019\/07\/roberto_padrin-e1604291148334-1024x576.jpg 1024w, https:\/\/www.radiopiu.net\/wordpress\/wp-content\/uploads\/2019\/07\/roberto_padrin-e1604291148334.jpg 1400w\" sizes=\"auto, (max-width: 195px) 100vw, 195px\" \/><\/a>Colgo l\u2019occasione per ribadire la mia preoccupazione sulla crescita del numero delle persone positive nel nostro Comune (una quarantina). Vi chiedo pertanto di osservare con senso di responsabilit\u00e0 tutte le regole per evitare il contagio a cominciare dall\u2019uso della mascherina. Abbiamo il dovere di proteggere soprattutto le persone anziane e i pi\u00f9 deboli. Vi comunico inoltre che: I cimiteri saranno regolarmente aperti, durante le imminenti festivit\u00e0, raccomando di non intrattenersi in momenti di incontro con altre persone non conviventi, specialmente al di fuori del proprio nucleo familiare ed indossare sempre la mascherina. Il 4 Novembre, festa dell\u2019Unit\u00e0 Nazionale e delle Forze Armate verr\u00e0 celebrata domenica 8 novembre in forma ristretta con la sola presenza del Sindaco e dei due capigruppo degli Alpini presso il Monumento ai Caduti di Pirago<\/strong><\/div>\n<\/blockquote>\n<\/div>\n<p>&nbsp;<\/p>\n<p>&nbsp;<\/p>\n<hr \/>\n<blockquote>\n<h3>OGGI LA MANIFESTAZIONE IN PIAZZA DEI MARTIRI<\/h3>\n<\/blockquote>\n<p><strong><a class=\"dt-pswp-item\" href=\"https:\/\/www.radiopiu.net\/wordpress\/wp-content\/uploads\/2020\/11\/d08f9a77-52df-4fd6-8f8f-0b5f9bc701e9.jpg\" data-dt-img-description=\"\" data-large_image_width=\"942\" data-large_image_height=\"1280\"><img loading=\"lazy\" decoding=\"async\" class=\" wp-image-169822 alignleft\" src=\"https:\/\/www.radiopiu.net\/wordpress\/wp-content\/uploads\/2020\/11\/d08f9a77-52df-4fd6-8f8f-0b5f9bc701e9-221x300.jpg\" alt=\"\" width=\"133\" height=\"181\" srcset=\"https:\/\/www.radiopiu.net\/wordpress\/wp-content\/uploads\/2020\/11\/d08f9a77-52df-4fd6-8f8f-0b5f9bc701e9-221x300.jpg 221w, https:\/\/www.radiopiu.net\/wordpress\/wp-content\/uploads\/2020\/11\/d08f9a77-52df-4fd6-8f8f-0b5f9bc701e9-754x1024.jpg 754w, https:\/\/www.radiopiu.net\/wordpress\/wp-content\/uploads\/2020\/11\/d08f9a77-52df-4fd6-8f8f-0b5f9bc701e9-768x1044.jpg 768w, https:\/\/www.radiopiu.net\/wordpress\/wp-content\/uploads\/2020\/11\/d08f9a77-52df-4fd6-8f8f-0b5f9bc701e9.jpg 942w\" sizes=\"auto, (max-width: 133px) 100vw, 133px\" \/><\/a>BELLUNO<\/strong> \u00c8 in programma per oggi alle 18:30 la manifestazione contro il DPCM. In Piazza dei Martiri per esprimere il disaccordo sulle misure imposte nel nuovo DPCM, perch\u00e9 i sacrifici vanno fatti da tutti politici compresi, perch\u00e9 non ci sono soluzioni che il governo proponga e perch\u00e9 sconfiggere il virus non vuol dire distruggere l&#8217;economia di un paese. Una manifestazione pacifica e composta, rispettando le disposizioni anti covid rispettando la salute di tutti.\u00a0<strong>RADIO PIU&#8217; SARA&#8217; IN DIRETTA FACEBOOK A PARTIRE DALLE 18:30 DA PIAZZA DEI MARTIRI A BELLUNO<\/strong><\/p>\n<p>&nbsp;<\/p>\n<p>&nbsp;<\/p>\n<p><strong>DAL GR DEL 30 OTTOBRE<\/strong><\/p>\n<h2>\u00a0LA PROTESTA DI PIAZZA DEI GESTORI DEI LOCALI CHIUSI<\/h2>\n<p><a class=\"dt-pswp-item\" href=\"https:\/\/www.radiopiu.net\/wordpress\/wp-content\/uploads\/2020\/10\/7ae39eae-f82c-4f62-bde4-ed590871ffbb.jpg\" data-dt-img-description=\"\" data-large_image_width=\"1200\" data-large_image_height=\"1600\"><img loading=\"lazy\" decoding=\"async\" class=\"wp-image-169430 alignleft\" src=\"https:\/\/www.radiopiu.net\/wordpress\/wp-content\/uploads\/2020\/10\/7ae39eae-f82c-4f62-bde4-ed590871ffbb-225x300.jpg\" alt=\"\" width=\"112\" height=\"149\" srcset=\"https:\/\/www.radiopiu.net\/wordpress\/wp-content\/uploads\/2020\/10\/7ae39eae-f82c-4f62-bde4-ed590871ffbb-225x300.jpg 225w, https:\/\/www.radiopiu.net\/wordpress\/wp-content\/uploads\/2020\/10\/7ae39eae-f82c-4f62-bde4-ed590871ffbb-768x1024.jpg 768w, https:\/\/www.radiopiu.net\/wordpress\/wp-content\/uploads\/2020\/10\/7ae39eae-f82c-4f62-bde4-ed590871ffbb-1152x1536.jpg 1152w, https:\/\/www.radiopiu.net\/wordpress\/wp-content\/uploads\/2020\/10\/7ae39eae-f82c-4f62-bde4-ed590871ffbb.jpg 1200w\" sizes=\"auto, (max-width: 112px) 100vw, 112px\" \/><\/a><\/p>\n<p>&nbsp;<\/p>\n<p><strong>BELLUNO<\/strong><\/p>\n<p><strong>DAMIANO TORMEN<\/strong><\/p>\n<p>&nbsp;<\/p>\n<p>&nbsp;<\/p>\n<p>&nbsp;<\/p>\n<audio class=\"wp-audio-shortcode\" id=\"audio-169795-2\" preload=\"none\" style=\"width: 100%;\" controls=\"controls\"><source type=\"audio\/mpeg\" src=\"https:\/\/www.radiopiu.net\/wordpress\/wp-content\/uploads\/2020\/10\/damiano-manifestazione.mp3?_=2\" \/><a href=\"https:\/\/www.radiopiu.net\/wordpress\/wp-content\/uploads\/2020\/10\/damiano-manifestazione.mp3\">https:\/\/www.radiopiu.net\/wordpress\/wp-content\/uploads\/2020\/10\/damiano-manifestazione.mp3<\/a><\/audio>\n<p>&nbsp;<\/p>\n<p>&nbsp;<\/p>\n<hr \/>\n<p>&nbsp;<\/p>\n<blockquote>\n<div class=\"page-title-head hgroup\">\n<h3 class=\"entry-title\">ACQUA DI NUOVO POTABILE A VOLTAGO E LA VALLE, SEMPRE INQUINATA A TAIBON<\/h3>\n<\/div>\n<div class=\"page-title-breadcrumbs\"><\/div>\n<\/blockquote>\n<p class=\"photoswipe-wrapper\"><a class=\"dt-pswp-item pspw-wrap-ready\" href=\"https:\/\/i1.wp.com\/www.radiopiu.net\/wordpress\/wp-content\/uploads\/2019\/10\/ACQUA-SPORCA.jpeg?ssl=1\" data-dt-img-description=\"\" data-large_image_width=\"1024\" data-large_image_height=\"768\"><img loading=\"lazy\" decoding=\"async\" class=\" wp-image-104646 alignleft\" src=\"https:\/\/i1.wp.com\/www.radiopiu.net\/wordpress\/wp-content\/uploads\/2019\/10\/ACQUA-SPORCA.jpeg?resize=127%2C95&amp;ssl=1\" sizes=\"auto, (max-width: 127px) 100vw, 127px\" srcset=\"https:\/\/i1.wp.com\/www.radiopiu.net\/wordpress\/wp-content\/uploads\/2019\/10\/ACQUA-SPORCA.jpeg?resize=300%2C225&amp;ssl=1 300w, https:\/\/i1.wp.com\/www.radiopiu.net\/wordpress\/wp-content\/uploads\/2019\/10\/ACQUA-SPORCA.jpeg?resize=768%2C576&amp;ssl=1 768w, https:\/\/i1.wp.com\/www.radiopiu.net\/wordpress\/wp-content\/uploads\/2019\/10\/ACQUA-SPORCA.jpeg?w=1024&amp;ssl=1 1024w\" alt=\"\" width=\"96\" height=\"72\" \/><\/a>Gestione Servizi Pubblici informa che a <strong>LA VALLE AGORDINA<\/strong> nelle LOCALITA&#8217; RONCHE, RONCHET, NOACH, LE CAMPE e CANCELLADE ed a <strong>VOLTAGO AGORDINO<\/strong>, nelle LOCALITA&#8217; FRASSENE&#8217; e VILLA, l&#8217;acqua erogata dall&#8217;acquedotto \u00e8 di nuovo potabile e pu\u00f2 essere usata, quindi, per scopi alimentari.<br \/>\nAcqua sempre inquinata (si puo&#8217; usare per scopi alimentari previa bollitura) in frazione Ronch di Bos e Nogarola a <strong>TAIBON\u00a0<\/strong><\/p>\n<p>Gestione Servizi Pubblici informa che, per lavori alla rete idrica comunale, oggi dalle 8 a fine lavori potrebbe mancare l&#8217;acqua a TAIBON AGORDINO, nelle localit\u00e0 STRAPONT e NOGAROLA.<\/p>\n<p>&nbsp;<\/p>\n<p>&nbsp;<\/p>\n<hr \/>\n<p>&nbsp;<\/p>\n<p><strong>DA OGGI DURANTE LA NOTTE CHIUDE LA 52 CARNICA A LORENZAGO DI CADORE<\/strong><\/p>\n<p><strong>VENEZIA<\/strong> Avanzano i lavori di consolidamento del corpo stradale e del muro di sostegno lungo la strada statale 52 \u201cCarnica\u201d a Lorenzago di Cadore. Per consentire la prosecuzione degli interventi, a partire da luned\u00ec 2 e fino al 27 novembre la statale sar\u00e0 chiusa al traffico nel tratto compreso tra il km 64,150 e il km 71,600. La limitazione sar\u00e0 in vigore nella sola fascia oraria notturna 20\u20136, festivi esclusi. Il traffico da Domegge di Cadore in direzione Tolmezzo sar\u00e0 indirizzato, tramite segnaletica in loco, verso Santo Stefano di Cadore, Sappada, Forni Avoltri, Ovaro e Villa Santina. Percorso inverso per la viabilit\u00e0 da Tolmezzo in direzione Domegge.<\/p>\n<p>&nbsp;<\/p>\n<p>&nbsp;<\/p>\n<hr \/>\n<p>&nbsp;<\/p>\n<blockquote>\n<h3>IL CINGHIALE MUORE SOTTO LE RUOTE DELLA MOTO, DUE 18ENNI IN OSPEDALE<\/h3>\n<\/blockquote>\n<p><b>BELLUNO <\/b>Ad Antole Il cinghiale attraversa la strada proprio nel momento in cui sta transitando il motociclista di 18 anni di origine moldava residente a Ponte nelle Alpi. Il ragazzo \u00e8 caduto e con lui il passeggero coetaneo di Longarone, entrambi hanno riportato lesioni non gravi ma hanno comunque dovuto far ricorso alle cure ospedaliere.\u00a0 Sul posto i Carabinieri del Norm di Belluno.<\/p>\n\n\t\t\t<style type='text\/css'>\n\t\t\t\t#gallery-3 {\n\t\t\t\t\tmargin: auto;\n\t\t\t\t}\n\t\t\t\t#gallery-3 .gallery-item {\n\t\t\t\t\tfloat: left;\n\t\t\t\t\tmargin-top: 10px;\n\t\t\t\t\ttext-align: center;\n\t\t\t\t\twidth: 33%;\n\t\t\t\t}\n\t\t\t\t#gallery-3 img {\n\t\t\t\t\tborder: 2px solid #cfcfcf;\n\t\t\t\t}\n\t\t\t\t#gallery-3 .gallery-caption {\n\t\t\t\t\tmargin-left: 0;\n\t\t\t\t}\n\t\t\t\t\/* see gallery_shortcode() in wp-includes\/media.php *\/\n\t\t\t<\/style>\n\t\t<div id='gallery-3' class='dt-gallery-container gallery galleryid-169795 gallery-columns-3 gallery-size-medium'><dl class='gallery-item'>\n\t\t\t\t<dt class='gallery-icon landscape'>\n\t\t\t\t\t<a class=\"rollover\" href='https:\/\/www.radiopiu.net\/wordpress\/https-wp-me-p63lo7-icf\/inkedb36a7042-da36-4c3d-9ace-020a834106fc_li\/'><img loading=\"lazy\" decoding=\"async\" width=\"300\" height=\"225\" src=\"https:\/\/www.radiopiu.net\/wordpress\/wp-content\/uploads\/2020\/11\/Inkedb36a7042-da36-4c3d-9ace-020a834106fc_LI-300x225.jpg\" class=\"attachment-medium size-medium\" alt=\"\" srcset=\"https:\/\/www.radiopiu.net\/wordpress\/wp-content\/uploads\/2020\/11\/Inkedb36a7042-da36-4c3d-9ace-020a834106fc_LI-300x225.jpg 300w, https:\/\/www.radiopiu.net\/wordpress\/wp-content\/uploads\/2020\/11\/Inkedb36a7042-da36-4c3d-9ace-020a834106fc_LI.jpg 320w\" sizes=\"auto, (max-width: 300px) 100vw, 300px\" \/><\/a>\n\t\t\t\t<\/dt><\/dl><dl class='gallery-item'>\n\t\t\t\t<dt class='gallery-icon landscape'>\n\t\t\t\t\t<a class=\"rollover\" href='https:\/\/www.radiopiu.net\/wordpress\/https-wp-me-p63lo7-icf\/2254648f-251b-49a0-bae7-db04745b918c\/'><img loading=\"lazy\" decoding=\"async\" width=\"300\" height=\"225\" src=\"https:\/\/www.radiopiu.net\/wordpress\/wp-content\/uploads\/2020\/11\/2254648f-251b-49a0-bae7-db04745b918c-300x225.jpg\" class=\"attachment-medium size-medium\" alt=\"\" srcset=\"https:\/\/www.radiopiu.net\/wordpress\/wp-content\/uploads\/2020\/11\/2254648f-251b-49a0-bae7-db04745b918c-300x225.jpg 300w, https:\/\/www.radiopiu.net\/wordpress\/wp-content\/uploads\/2020\/11\/2254648f-251b-49a0-bae7-db04745b918c.jpg 320w\" sizes=\"auto, (max-width: 300px) 100vw, 300px\" \/><\/a>\n\t\t\t\t<\/dt><\/dl><dl class='gallery-item'>\n\t\t\t\t<dt class='gallery-icon landscape'>\n\t\t\t\t\t<a class=\"rollover\" href='https:\/\/www.radiopiu.net\/wordpress\/https-wp-me-p63lo7-icf\/f41e5bf5-2377-479a-af47-995c1c4a95cb\/'><img loading=\"lazy\" decoding=\"async\" width=\"300\" height=\"225\" src=\"https:\/\/www.radiopiu.net\/wordpress\/wp-content\/uploads\/2020\/11\/f41e5bf5-2377-479a-af47-995c1c4a95cb-300x225.jpg\" class=\"attachment-medium size-medium\" alt=\"\" srcset=\"https:\/\/www.radiopiu.net\/wordpress\/wp-content\/uploads\/2020\/11\/f41e5bf5-2377-479a-af47-995c1c4a95cb-300x225.jpg 300w, https:\/\/www.radiopiu.net\/wordpress\/wp-content\/uploads\/2020\/11\/f41e5bf5-2377-479a-af47-995c1c4a95cb.jpg 320w\" sizes=\"auto, (max-width: 300px) 100vw, 300px\" \/><\/a>\n\t\t\t\t<\/dt><\/dl><br style=\"clear: both\" \/>\n\t\t\t<\/div>\n\n<p>&nbsp;<\/p>\n<hr \/>\n<p>&nbsp;<\/p>\n<p>&nbsp;<\/p>\n<blockquote>\n<h3><a class=\"dt-pswp-item\" href=\"https:\/\/www.radiopiu.net\/wordpress\/wp-content\/uploads\/2020\/10\/Schermata-2020-10-31-alle-15.55.06.png\" data-dt-img-description=\"\" data-large_image_width=\"1156\" data-large_image_height=\"1676\"><img loading=\"lazy\" decoding=\"async\" class=\"wp-image-169759 alignleft\" src=\"https:\/\/www.radiopiu.net\/wordpress\/wp-content\/uploads\/2020\/10\/Schermata-2020-10-31-alle-15.55.06-207x300.png\" alt=\"\" width=\"124\" height=\"180\" srcset=\"https:\/\/www.radiopiu.net\/wordpress\/wp-content\/uploads\/2020\/10\/Schermata-2020-10-31-alle-15.55.06-207x300.png 207w, https:\/\/www.radiopiu.net\/wordpress\/wp-content\/uploads\/2020\/10\/Schermata-2020-10-31-alle-15.55.06-706x1024.png 706w, https:\/\/www.radiopiu.net\/wordpress\/wp-content\/uploads\/2020\/10\/Schermata-2020-10-31-alle-15.55.06-768x1113.png 768w, https:\/\/www.radiopiu.net\/wordpress\/wp-content\/uploads\/2020\/10\/Schermata-2020-10-31-alle-15.55.06-1059x1536.png 1059w, https:\/\/www.radiopiu.net\/wordpress\/wp-content\/uploads\/2020\/10\/Schermata-2020-10-31-alle-15.55.06.png 1156w\" sizes=\"auto, (max-width: 124px) 100vw, 124px\" \/><\/a>L&#8217;ULTIMO SALUTO A DAVID<\/h3>\n<\/blockquote>\n<p><strong>TRICHIANA<\/strong> I funerali di David Bernard si terranno mercoled\u00ec alle 14.30, nel cimitero di Trichiana, il 48enne \u00e8 morto sabato mattina in seguito ad un tragico incidente davanti al bar da Monica, all&#8217;incrocio tra via Roma e via Cavassico superiore. La cerimonia funebre sar\u00e0 officiata dal parroco di Trichiana, don Egidio, ma si \u00e8 deciso di evitare la chiesa perch\u00e9 David Bernard era una persona molto conosciuta e amata in paese e sicuramente saranno in molti a volerlo salutare per l&#8217;ultima volta, i funerali si terranno quindi in cimitero ed eventuali donazioni saranno devolute alle associazioni benefiche.\u00a0 Bernard lascia la moglie Lorna e due figlie Giorgia e Gioia, i genitori Lina e Fiore, il fratello Erol.\u00a0 Messaggi di cordoglio anche dal sindaco e consiglio comunale di Borgo Valbelluna e dall&#8217;Amministrazione Da Canal nel ricordo del loro ex consigliere comunale di Trichiana che ne ricordano le virt\u00f9 legate alla sua figura sincera e sempre disponibile con un grazie per l&#8217;impegno profuso per il bene della propria comunit\u00e0<\/p>\n<p>&nbsp;<\/p>\n<p>&nbsp;<\/p>\n<hr \/>\n<p>&nbsp;<\/p>\n<blockquote>\n<h3>37 PERSONE CONTROLLATE, 6 SANZIONATE NEI CONTROLLI PER EVITARE I FESTEGGIAMENTI DI HALLOWEEN<\/h3>\n<\/blockquote>\n<p><strong><a class=\"dt-pswp-item\" href=\"https:\/\/www.radiopiu.net\/wordpress\/wp-content\/uploads\/2018\/09\/POLIZIA-1.jpg\" data-dt-img-description=\"\" data-large_image_width=\"1600\" data-large_image_height=\"1200\"><img loading=\"lazy\" decoding=\"async\" class=\"size-medium wp-image-60258 alignleft\" src=\"https:\/\/www.radiopiu.net\/wordpress\/wp-content\/uploads\/2018\/09\/POLIZIA-1-300x225.jpg\" alt=\"\" width=\"300\" height=\"225\" srcset=\"https:\/\/www.radiopiu.net\/wordpress\/wp-content\/uploads\/2018\/09\/POLIZIA-1-300x225.jpg 300w, https:\/\/www.radiopiu.net\/wordpress\/wp-content\/uploads\/2018\/09\/POLIZIA-1-768x576.jpg 768w, https:\/\/www.radiopiu.net\/wordpress\/wp-content\/uploads\/2018\/09\/POLIZIA-1-1024x768.jpg 1024w, https:\/\/www.radiopiu.net\/wordpress\/wp-content\/uploads\/2018\/09\/POLIZIA-1.jpg 1600w\" sizes=\"auto, (max-width: 300px) 100vw, 300px\" \/><\/a>BELLUNO\u00a0<\/strong>Nella serata del 31 ottobre,. in occasione dei festeggiamenti per la festivit\u00e0 di Halloween, \u00e8 stato\u00a0 effettuato un mirato servizio per il controllo del territorio coordinato dalla Polizia di Stato con l\u2019 Arma dei Carabinieri e della Guardia di Finanza \u00a0che ha interessato il centro cittadino al fine di prevenire e, all\u2019occorrenza reprimere, comportamenti non in linea con i dettati normativi finalizzati al contrasto del contagio epidemiologico da COVID-19, con particolare attenzione, visto la ricorrenza, al divieto di effettuare feste nei luoghi al chiuso o all\u2019aperto \u00a0e comunque al rispetto del distanziamento sociale ed all\u2019utilizzo dei dispositivi di protezione individuali.\u00a0In particolare il servizio ha interessato la via Sottocastello abituale ritrovo di giovani dediti all\u2019assunzione di alcolici e sostanze stupefacenti. Nel corso del servizio sono state identificate 37 persone di cui 4 sanzionate per il mancato utilizzo dei DPI e 2 sanzionate perch\u00e9 colte in stato di manifesta ubriachezza. Due soggetti sono stati indagati in stato di libert\u00e0 all\u2019Autorit\u00e0 Giudiziaria per oltraggio a Pubblico Ufficiale di cui uno anche per il reato di resistenza.<\/p>\n<p>&nbsp;<\/p>\n<p>&nbsp;<\/p>\n<hr \/>\n<p>&nbsp;<\/p>\n<blockquote>\n<h3>ECCO LA RISPOSTA AI FURTI IN APPARTAMENTO: QUATTRO PERSONE, GIOSTRAI IN TRASFERTA DA TREVISO NEL BELLUNESE DENUNCIATE DAI CARABINIERI<\/h3>\n<\/blockquote>\n<p><strong>BELLUNO<\/strong> Quattro persone residenti in provincia di Treviso (nomadi) sono state denunciate per tentato furto in abitazioni ma anche per possesso ingiustificato di chiavi alterate o grimaldelli. Si tratta di: V.L. 54 anni,\u00a0 S.L. 35 anni (donna), B.B.33 anni,\u00a0 e A.L. 30 anni.\u00a0Sabato mattina\u00a0 sono arrivati in provincia a bordo di una macchina di colore scuro notata da una pattuglia dei Carabinieri mentre girava in maniera sospetta\u00a0 tra Ponte nelle Alpi e\u00a0 Belluno. Di loro interesse probabilmente le abitazioni lungo vie poco frequentate. L&#8217;auto \u00e8 stata poi notata alle 10 in via Safforze, un uomo a bordo dell&#8217;auto, altri due nelle vicinanze e un quarto (la donna) stava invece uscendo di tutta fretta da un&#8217;abitazione. E&#8217; quindi scattata l&#8217;operazione dei Carabinieri e durante la perquisizione sono stati trovati e sequestrati\u00a0 oggetti\u00a0 utili per lo scasso. Il quartetto \u00e8 stato quindi accompagnato in caserma per la procedure di riconoscimento e per le denunce.\u00a0Ricostruendo i fatti gli uomini dell&#8217;Arma hanno scoperto che la donna\u00a0 con una banale scusa, aveva tentato di introdursi nell&#8217;abitazione di un&#8217;anziana\u00a0 che gli ha per\u00f2 impedito l&#8217;accesso in modo risoluto.\u00a0Questo \u00e8 risultato dopo che i Carabinieri hanno intensificato i controlli incrementando i servizi tanto degli uomini in divisa che civili con lo scopo di intercettare \u00a0persone sospette. Importante come sempre la segnalazione dei cittadini &#8211; non tanto sui social &#8211; quanto direttamente al 112 o alla pi\u00f9 vicina stazione dei Carabinieri..<\/p>\n\n\t\t\t<style type='text\/css'>\n\t\t\t\t#gallery-4 {\n\t\t\t\t\tmargin: auto;\n\t\t\t\t}\n\t\t\t\t#gallery-4 .gallery-item {\n\t\t\t\t\tfloat: left;\n\t\t\t\t\tmargin-top: 10px;\n\t\t\t\t\ttext-align: center;\n\t\t\t\t\twidth: 50%;\n\t\t\t\t}\n\t\t\t\t#gallery-4 img {\n\t\t\t\t\tborder: 2px solid #cfcfcf;\n\t\t\t\t}\n\t\t\t\t#gallery-4 .gallery-caption {\n\t\t\t\t\tmargin-left: 0;\n\t\t\t\t}\n\t\t\t\t\/* see gallery_shortcode() in wp-includes\/media.php *\/\n\t\t\t<\/style>\n\t\t<div id='gallery-4' class='dt-gallery-container gallery galleryid-169795 gallery-columns-2 gallery-size-thumbnail'><dl class='gallery-item'>\n\t\t\t\t<dt class='gallery-icon portrait'>\n\t\t\t\t\t<a class=\"rollover rollover-zoom dt-pswp-item\" title=\"e36cf963-f545-4492-9ecf-c0f0bee5fdf3\" data-dt-img-description=\"\" data-large_image_width=\"573\" data-large_image_height=\"800\"href='https:\/\/www.radiopiu.net\/wordpress\/wp-content\/uploads\/2020\/11\/e36cf963-f545-4492-9ecf-c0f0bee5fdf3.jpg'><img loading=\"lazy\" decoding=\"async\" width=\"150\" height=\"150\" src=\"https:\/\/www.radiopiu.net\/wordpress\/wp-content\/uploads\/2020\/11\/e36cf963-f545-4492-9ecf-c0f0bee5fdf3-150x150.jpg\" class=\"attachment-thumbnail size-thumbnail\" alt=\"\" \/><\/a>\n\t\t\t\t<\/dt><\/dl><dl class='gallery-item'>\n\t\t\t\t<dt class='gallery-icon landscape'>\n\t\t\t\t\t<a class=\"rollover rollover-zoom dt-pswp-item\" title=\"0ac6ef8d-a7c6-4b31-8a7a-b1d65e29783a\" data-dt-img-description=\"\" data-large_image_width=\"320\" data-large_image_height=\"272\"href='https:\/\/www.radiopiu.net\/wordpress\/wp-content\/uploads\/2020\/11\/0ac6ef8d-a7c6-4b31-8a7a-b1d65e29783a.jpg'><img loading=\"lazy\" decoding=\"async\" width=\"150\" height=\"150\" src=\"https:\/\/www.radiopiu.net\/wordpress\/wp-content\/uploads\/2020\/11\/0ac6ef8d-a7c6-4b31-8a7a-b1d65e29783a-150x150.jpg\" class=\"attachment-thumbnail size-thumbnail\" alt=\"\" \/><\/a>\n\t\t\t\t<\/dt><\/dl><br style=\"clear: both\" \/><dl class='gallery-item'>\n\t\t\t\t<dt class='gallery-icon portrait'>\n\t\t\t\t\t<a class=\"rollover rollover-zoom dt-pswp-item\" title=\"793abc54-be05-45ef-92a6-e33db105bf90\" data-dt-img-description=\"\" data-large_image_width=\"571\" data-large_image_height=\"800\"href='https:\/\/www.radiopiu.net\/wordpress\/wp-content\/uploads\/2020\/11\/793abc54-be05-45ef-92a6-e33db105bf90.jpg'><img loading=\"lazy\" decoding=\"async\" width=\"150\" height=\"150\" src=\"https:\/\/www.radiopiu.net\/wordpress\/wp-content\/uploads\/2020\/11\/793abc54-be05-45ef-92a6-e33db105bf90-150x150.jpg\" class=\"attachment-thumbnail size-thumbnail\" alt=\"\" \/><\/a>\n\t\t\t\t<\/dt><\/dl><dl class='gallery-item'>\n\t\t\t\t<dt class='gallery-icon portrait'>\n\t\t\t\t\t<a class=\"rollover rollover-zoom dt-pswp-item\" title=\"05d371ea-5729-46e0-a179-551b89094618\" data-dt-img-description=\"\" data-large_image_width=\"360\" data-large_image_height=\"800\"href='https:\/\/www.radiopiu.net\/wordpress\/wp-content\/uploads\/2020\/11\/05d371ea-5729-46e0-a179-551b89094618.jpg'><img loading=\"lazy\" decoding=\"async\" width=\"150\" height=\"150\" src=\"https:\/\/www.radiopiu.net\/wordpress\/wp-content\/uploads\/2020\/11\/05d371ea-5729-46e0-a179-551b89094618-150x150.jpg\" class=\"attachment-thumbnail size-thumbnail\" alt=\"\" \/><\/a>\n\t\t\t\t<\/dt><\/dl><br style=\"clear: both\" \/>\n\t\t\t<\/div>\n\n<p>&nbsp;<\/p>\n<hr \/>\n<p>&nbsp;<\/p>\n<blockquote>\n<h3>SI SENTE MALE IN BAITA, GIOVANE ALL&#8217;OSPEDALE DI AGORDO<\/h3>\n<\/blockquote>\n<p><strong><a class=\"dt-pswp-item\" href=\"https:\/\/www.radiopiu.net\/wordpress\/wp-content\/uploads\/2020\/11\/salt_20201101_100743_885.jpg\" data-dt-img-description=\"\" data-large_image_width=\"2364\" data-large_image_height=\"1773\"><img loading=\"lazy\" decoding=\"async\" class=\" wp-image-169851 alignleft\" src=\"https:\/\/www.radiopiu.net\/wordpress\/wp-content\/uploads\/2020\/11\/salt_20201101_100743_885-300x225.jpg\" alt=\"\" width=\"219\" height=\"164\" srcset=\"https:\/\/www.radiopiu.net\/wordpress\/wp-content\/uploads\/2020\/11\/salt_20201101_100743_885-300x225.jpg 300w, https:\/\/www.radiopiu.net\/wordpress\/wp-content\/uploads\/2020\/11\/salt_20201101_100743_885-1024x768.jpg 1024w, https:\/\/www.radiopiu.net\/wordpress\/wp-content\/uploads\/2020\/11\/salt_20201101_100743_885-768x576.jpg 768w, https:\/\/www.radiopiu.net\/wordpress\/wp-content\/uploads\/2020\/11\/salt_20201101_100743_885-1536x1152.jpg 1536w, https:\/\/www.radiopiu.net\/wordpress\/wp-content\/uploads\/2020\/11\/salt_20201101_100743_885-2048x1536.jpg 2048w\" sizes=\"auto, (max-width: 219px) 100vw, 219px\" \/><\/a>FALCADE<\/strong> La scorsa notte verso mezzanotte e mezza il Soccorso alpino della Val Biois \u00e8 stato allertato per un ragazzo che si era sentito male in una delle baite della Valfredda. Il giovane, un ventitreenne di Falcade, aveva infatti avuto un malore, era caduto a terra e aveva sbattuto la testa, perdendo i sensi e riportando una ferita. Poich\u00e9 la casera non \u00e8 raggiungibile se non a piedi, una squadra assieme a un&#8217;infermiera si \u00e8 avvicinata in jeep per poi incamminarsi e raggiungere in un quarto d&#8217;ora il posto. Medicato il giovane, che si era ripreso quasi subito, i soccorritori lo hanno caricato in barella, trasportato al fuoristrada e da l\u00ec al Rifugio Flora Alpina, dove attendeva l&#8217;ambulanza della Croce Verde Val Biois per accompagnarlo all&#8217;ospedale di Agordo.<\/p>\n<p>&nbsp;<\/p>\n<p>&nbsp;<\/p>\n<p>&nbsp;<\/p>\n<hr \/>\n<p>&nbsp;<\/p>\n<blockquote>\n<h3>INFORTUNIO CON GLI SCI D&#8217;ALPINISMO NEL VALLONE PUNTA NEGRA<\/h3>\n<\/blockquote>\n<p><strong><a class=\"dt-pswp-item\" href=\"https:\/\/www.radiopiu.net\/wordpress\/wp-content\/uploads\/2020\/04\/salt_20190914_170959_414.jpg\" data-dt-img-description=\"\" data-large_image_width=\"1240\" data-large_image_height=\"930\"><img loading=\"lazy\" decoding=\"async\" class=\" wp-image-129119 alignleft\" src=\"https:\/\/www.radiopiu.net\/wordpress\/wp-content\/uploads\/2020\/04\/salt_20190914_170959_414-300x225.jpg\" alt=\"\" width=\"176\" height=\"132\" srcset=\"https:\/\/www.radiopiu.net\/wordpress\/wp-content\/uploads\/2020\/04\/salt_20190914_170959_414-300x225.jpg 300w, https:\/\/www.radiopiu.net\/wordpress\/wp-content\/uploads\/2020\/04\/salt_20190914_170959_414-1024x768.jpg 1024w, https:\/\/www.radiopiu.net\/wordpress\/wp-content\/uploads\/2020\/04\/salt_20190914_170959_414-768x576.jpg 768w, https:\/\/www.radiopiu.net\/wordpress\/wp-content\/uploads\/2020\/04\/salt_20190914_170959_414.jpg 1240w\" sizes=\"auto, (max-width: 176px) 100vw, 176px\" \/><\/a>CORTINA<\/strong>\u00a0Ieri alle 10.50 circa la Centrale del 118 \u00e8 stata allertata per una scialpinista infortunatasi, mentre con un&#8217;altra persona si trovava nel Vallone di Punta Negra. L&#8217;elicottero del Suem di Pieve di Cadore ha raggiunto il luogo dell&#8217;incidente e ha sbarcato in hovering il tecnico di elisoccorso, medico e infermiere. I soccorritori hanno prestato le prime cure a M.S., 49 anni, di Milano, che lamentava dolore a una gamba dopo aver fatto una curva con gli sci. Dopo essere stata imbarellata, la sciatrice \u00e8 stata imbarcata con un verricello di 5 metri e trasportata all&#8217;ospedale di Belluno.<\/p>\n<p>&nbsp;<\/p>\n<p>&nbsp;<\/p>\n<p>&nbsp;<\/p>\n<hr \/>\n<p>&nbsp;<\/p>\n<blockquote>\n<h3>VICENDA A LIETO FINE PER DUE BAMBINI SCOMPARSI IN CANSIGLIO<\/h3>\n<\/blockquote>\n<p><strong><img loading=\"lazy\" decoding=\"async\" class=\"alignleft\" src=\"https:\/\/www.radiopiu.net\/wordpress\/wp-content\/uploads\/2015\/10\/es-cansiglio-12-10-15-1.jpg\" width=\"159\" height=\"101\" \/>BELLUNO<\/strong> Nel pomeriggio di ieri alle 15 l&#8217;allarme, fortunatamente rientrato poco dopo.\u00a0 Due amichetti di 9 anni di Mestre (VE) tornando da Candaglia verso la Piana del Cansiglio, nel tagliare un tornante hanno perso l&#8217;orientamento e non\u00a0 sono pi\u00f9 comparsi. Dopo averli cercati e chiamati a lungo invano, il padre di uno di loro aveva allertato i Carabinieri facendo mettere in moto la macchina delle ricerche, con il Soccorso alpino dell&#8217;Alpago \u00e8 delle Prealpi Trevigiane subito attivati, assieme al Centro mobile di coordinamento, al Sagf e ai Vigili del fuoco. Poco dopo \u00e8 fortunatamente arrivata la notizia che il pap\u00e0 li aveva ritrovati e l&#8217;emergenza \u00e8 cessata.<\/p>\n<p>&nbsp;<\/p>\n<p>&nbsp;<\/p>\n<hr \/>\n<p>&nbsp;<\/p>\n<blockquote>\n<h3>VENEZIANO SCIVOLA LUNGO IL SENTIERO, DA SOLO NON E&#8217; RIUSCITO A TORNARE A VALLE<\/h3>\n<\/blockquote>\n<p><strong><img loading=\"lazy\" decoding=\"async\" class=\"alignleft\" src=\"https:\/\/www.radiopiu.net\/wordpress\/wp-content\/uploads\/2020\/11\/scheda-rifugio-Bianchet.jpg\" width=\"200\" height=\"150\" \/>SEDICO<\/strong>\u00a0 Il Soccorso alpino di Belluno \u00e8 intervenuto per un escursionista scivolato su una lingua di neve e caduto da un metro e mezzo di altezza, mentre si trovava con la compagna e alcuni amici a circa 1.650 metri di quota sopra il Rifugio Bianchet. A.B., 47 anni, di Venezia, ha\u00a0 riportato la\u00a0 lussazione di una spalla. L&#8217;uomo ha poi deciso di scendere a valle ma a met\u00e0 della sterrata che dal Bianchet porta sull&#8217;Agordina il dolore non gli ha pi\u00f9 permesso di proseguire. Una squadra lo ha quindi raggiunto con il fuoristrada, gli ha immobilizzato il braccio, lo caricato a bordo e trasportato all&#8217;ospedale di Belluno.<\/p>\n<p>&nbsp;<\/p>\n<hr \/>\n<p>&nbsp;<\/p>\n<blockquote>\n<h3>QUESTA VOLTA MUORE IL LUPO<\/h3>\n<\/blockquote>\n<p><strong>BELLUNO<\/strong> E&#8217; un cercatore di funghi che lo ha trovato, peraltro studioso dei grandi carnivori. Il lupo sul monte Cesen \u00e8 forse stato ucciso da un cacciatore &#8211; lo si presume da una ferita sulla pancia &#8211; ma non \u00e8 escluso si stato sconfitto nella lotta con un cinghiale.<\/p>\n<p>&nbsp;<\/p>\n<p>&nbsp;<\/p>\n<p>&nbsp;<\/p>\n<hr \/>\n<p>&nbsp;<\/p>\n<blockquote class=\"wp-embedded-content\" data-secret=\"RJyS7v7glS\"><p><a href=\"https:\/\/www.radiopiu.net\/wordpress\/coronavirus-aggiornamento-nazionale-01-novembre\/\">CORONAVIRUS: AGGIORNAMENTO NAZIONALE 01 NOVEMBRE<\/a><\/p><\/blockquote>\n<p><iframe loading=\"lazy\" class=\"wp-embedded-content\" sandbox=\"allow-scripts\" security=\"restricted\" style=\"position: absolute; clip: rect(1px, 1px, 1px, 1px);\" title=\"&#8220;CORONAVIRUS: AGGIORNAMENTO NAZIONALE 01 NOVEMBRE&#8221; &#8212; Radio Pi\u00f9\" src=\"https:\/\/www.radiopiu.net\/wordpress\/coronavirus-aggiornamento-nazionale-01-novembre\/embed\/#?secret=RJyS7v7glS\" data-secret=\"RJyS7v7glS\" width=\"600\" height=\"338\" frameborder=\"0\" marginwidth=\"0\" marginheight=\"0\" scrolling=\"no\"><\/iframe><\/p>\n<p>&nbsp;<\/p>\n<hr \/>\n<p>&nbsp;<\/p>\n<blockquote class=\"wp-embedded-content\" data-secret=\"eNoGTzhRLP\"><p><a href=\"https:\/\/www.radiopiu.net\/wordpress\/nelle-ultime-24-ore-sono-2089-i-nuovi-positivi-in-veneto-13-decessi-e-ricoveri-ancora-in-aumento-a-belluno-72-nuove-positivita-ma-negli-ospedali-la-situazione-e-stabile\/\">NELLE ULTIME 24 ORE SONO 2089 I NUOVI POSITIVI IN VENETO. 13 DECESSI E RICOVERI ANCORA IN AUMENTO. A BELLUNO 72 NUOVE POSITIVITA&#8217; MA NEGLI OSPEDALI LA SITUAZIONE E&#8217; STABILE<\/a><\/p><\/blockquote>\n<p><iframe loading=\"lazy\" class=\"wp-embedded-content\" sandbox=\"allow-scripts\" security=\"restricted\" style=\"position: absolute; clip: rect(1px, 1px, 1px, 1px);\" title=\"&#8220;NELLE ULTIME 24 ORE SONO 2089 I NUOVI POSITIVI IN VENETO. 13 DECESSI E RICOVERI ANCORA IN AUMENTO. A BELLUNO 72 NUOVE POSITIVITA&#8217; MA NEGLI OSPEDALI LA SITUAZIONE E&#8217; STABILE&#8221; &#8212; Radio Pi\u00f9\" src=\"https:\/\/www.radiopiu.net\/wordpress\/nelle-ultime-24-ore-sono-2089-i-nuovi-positivi-in-veneto-13-decessi-e-ricoveri-ancora-in-aumento-a-belluno-72-nuove-positivita-ma-negli-ospedali-la-situazione-e-stabile\/embed\/#?secret=eNoGTzhRLP\" data-secret=\"eNoGTzhRLP\" width=\"600\" height=\"338\" frameborder=\"0\" marginwidth=\"0\" marginheight=\"0\" scrolling=\"no\"><\/iframe><\/p>\n<p>&nbsp;<\/p>\n<hr \/>\n<p>&nbsp;<\/p>\n<blockquote>\n<h3>I GRAFICI DI TIZIANO DE COL<\/h3>\n<\/blockquote>\n\n\t\t\t<style type='text\/css'>\n\t\t\t\t#gallery-5 {\n\t\t\t\t\tmargin: auto;\n\t\t\t\t}\n\t\t\t\t#gallery-5 .gallery-item {\n\t\t\t\t\tfloat: left;\n\t\t\t\t\tmargin-top: 10px;\n\t\t\t\t\ttext-align: center;\n\t\t\t\t\twidth: 50%;\n\t\t\t\t}\n\t\t\t\t#gallery-5 img {\n\t\t\t\t\tborder: 2px solid #cfcfcf;\n\t\t\t\t}\n\t\t\t\t#gallery-5 .gallery-caption {\n\t\t\t\t\tmargin-left: 0;\n\t\t\t\t}\n\t\t\t\t\/* see gallery_shortcode() in wp-includes\/media.php *\/\n\t\t\t<\/style>\n\t\t<div id='gallery-5' class='dt-gallery-container gallery galleryid-169795 gallery-columns-2 gallery-size-medium'><dl class='gallery-item'>\n\t\t\t\t<dt class='gallery-icon landscape'>\n\t\t\t\t\t<a class=\"rollover rollover-zoom dt-pswp-item\" title=\"50e16b2b-fe16-4d35-a5c1-39eb512019af\" data-dt-img-description=\"\" data-large_image_width=\"592\" data-large_image_height=\"353\"href='https:\/\/www.radiopiu.net\/wordpress\/wp-content\/uploads\/2020\/11\/50e16b2b-fe16-4d35-a5c1-39eb512019af.jpg'><img loading=\"lazy\" decoding=\"async\" width=\"300\" height=\"179\" src=\"https:\/\/www.radiopiu.net\/wordpress\/wp-content\/uploads\/2020\/11\/50e16b2b-fe16-4d35-a5c1-39eb512019af-300x179.jpg\" class=\"attachment-medium size-medium\" alt=\"\" srcset=\"https:\/\/www.radiopiu.net\/wordpress\/wp-content\/uploads\/2020\/11\/50e16b2b-fe16-4d35-a5c1-39eb512019af-300x179.jpg 300w, https:\/\/www.radiopiu.net\/wordpress\/wp-content\/uploads\/2020\/11\/50e16b2b-fe16-4d35-a5c1-39eb512019af.jpg 592w\" sizes=\"auto, (max-width: 300px) 100vw, 300px\" \/><\/a>\n\t\t\t\t<\/dt><\/dl><dl class='gallery-item'>\n\t\t\t\t<dt class='gallery-icon landscape'>\n\t\t\t\t\t<a class=\"rollover rollover-zoom dt-pswp-item\" title=\"81c1c29c-9236-444e-a84f-54f750665305\" data-dt-img-description=\"\" data-large_image_width=\"592\" data-large_image_height=\"340\"href='https:\/\/www.radiopiu.net\/wordpress\/wp-content\/uploads\/2020\/11\/81c1c29c-9236-444e-a84f-54f750665305.jpg'><img loading=\"lazy\" decoding=\"async\" width=\"300\" height=\"172\" src=\"https:\/\/www.radiopiu.net\/wordpress\/wp-content\/uploads\/2020\/11\/81c1c29c-9236-444e-a84f-54f750665305-300x172.jpg\" class=\"attachment-medium size-medium\" alt=\"\" srcset=\"https:\/\/www.radiopiu.net\/wordpress\/wp-content\/uploads\/2020\/11\/81c1c29c-9236-444e-a84f-54f750665305-300x172.jpg 300w, https:\/\/www.radiopiu.net\/wordpress\/wp-content\/uploads\/2020\/11\/81c1c29c-9236-444e-a84f-54f750665305.jpg 592w\" sizes=\"auto, (max-width: 300px) 100vw, 300px\" \/><\/a>\n\t\t\t\t<\/dt><\/dl><br style=\"clear: both\" \/>\n\t\t\t<\/div>\n\n<p>&nbsp;<\/p>\n<p>&nbsp;<\/p>\n<hr \/>\n<p>&nbsp;<\/p>\n<blockquote>\n<h3>\u00a0LO STUDIO PER IL LAGO DEL NEVEGAL<\/h3>\n<\/blockquote>\n<p><strong>BELLUNO<\/strong><\/p>\n<p><strong>di Moreno Gioli\u00a0<\/strong><\/p>\n<audio class=\"wp-audio-shortcode\" id=\"audio-169795-3\" preload=\"none\" style=\"width: 100%;\" controls=\"controls\"><source type=\"audio\/mpeg\" src=\"https:\/\/www.radiopiu.net\/wordpress\/wp-content\/uploads\/2020\/11\/moreno.mp3?_=3\" \/><a href=\"https:\/\/www.radiopiu.net\/wordpress\/wp-content\/uploads\/2020\/11\/moreno.mp3\">https:\/\/www.radiopiu.net\/wordpress\/wp-content\/uploads\/2020\/11\/moreno.mp3<\/a><\/audio>\n<p><span style=\"color: #ff0000;\">la planimetria e un&#8217;idea di come potrebbe essere il laghetto (nella foto \u00e8 quello di Arabba)\u00a0<\/span><\/p>\n\n\t\t\t<style type='text\/css'>\n\t\t\t\t#gallery-6 {\n\t\t\t\t\tmargin: auto;\n\t\t\t\t}\n\t\t\t\t#gallery-6 .gallery-item {\n\t\t\t\t\tfloat: left;\n\t\t\t\t\tmargin-top: 10px;\n\t\t\t\t\ttext-align: center;\n\t\t\t\t\twidth: 16%;\n\t\t\t\t}\n\t\t\t\t#gallery-6 img {\n\t\t\t\t\tborder: 2px solid #cfcfcf;\n\t\t\t\t}\n\t\t\t\t#gallery-6 .gallery-caption {\n\t\t\t\t\tmargin-left: 0;\n\t\t\t\t}\n\t\t\t\t\/* see gallery_shortcode() in wp-includes\/media.php *\/\n\t\t\t<\/style>\n\t\t<div id='gallery-6' class='dt-gallery-container gallery galleryid-169795 gallery-columns-6 gallery-size-thumbnail'><dl class='gallery-item'>\n\t\t\t\t<dt class='gallery-icon landscape'>\n\t\t\t\t\t<a class=\"rollover rollover-zoom dt-pswp-item\" title=\"05_2054-D05-A_Planimetria Movimenti terra\" data-dt-img-description=\"\" data-large_image_width=\"2560\" data-large_image_height=\"1837\"href='https:\/\/www.radiopiu.net\/wordpress\/wp-content\/uploads\/2020\/11\/05_2054-D05-A_Planimetria-Movimenti-terra-scaled.jpg'><img loading=\"lazy\" decoding=\"async\" width=\"150\" height=\"150\" src=\"https:\/\/www.radiopiu.net\/wordpress\/wp-content\/uploads\/2020\/11\/05_2054-D05-A_Planimetria-Movimenti-terra-150x150.jpg\" class=\"attachment-thumbnail size-thumbnail\" alt=\"\" \/><\/a>\n\t\t\t\t<\/dt><\/dl><dl class='gallery-item'>\n\t\t\t\t<dt class='gallery-icon landscape'>\n\t\t\t\t\t<a class=\"rollover rollover-zoom dt-pswp-item\" title=\"09_2054-D09-A_Particolari costruttivi impermeabilizzazione\" data-dt-img-description=\"\" data-large_image_width=\"2560\" data-large_image_height=\"1837\"href='https:\/\/www.radiopiu.net\/wordpress\/wp-content\/uploads\/2020\/11\/09_2054-D09-A_Particolari-costruttivi-impermeabilizzazione-scaled.jpg'><img loading=\"lazy\" decoding=\"async\" width=\"150\" height=\"150\" src=\"https:\/\/www.radiopiu.net\/wordpress\/wp-content\/uploads\/2020\/11\/09_2054-D09-A_Particolari-costruttivi-impermeabilizzazione-150x150.jpg\" class=\"attachment-thumbnail size-thumbnail\" alt=\"\" \/><\/a>\n\t\t\t\t<\/dt><\/dl><dl class='gallery-item'>\n\t\t\t\t<dt class='gallery-icon landscape'>\n\t\t\t\t\t<a class=\"rollover rollover-zoom dt-pswp-item\" title=\"08_2054_D08-A_Opere accessorie\" data-dt-img-description=\"\" data-large_image_width=\"2560\" data-large_image_height=\"1837\"href='https:\/\/www.radiopiu.net\/wordpress\/wp-content\/uploads\/2020\/11\/08_2054_D08-A_Opere-accessorie-scaled.jpg'><img loading=\"lazy\" decoding=\"async\" width=\"150\" height=\"150\" src=\"https:\/\/www.radiopiu.net\/wordpress\/wp-content\/uploads\/2020\/11\/08_2054_D08-A_Opere-accessorie-150x150.jpg\" class=\"attachment-thumbnail size-thumbnail\" alt=\"\" \/><\/a>\n\t\t\t\t<\/dt><\/dl><dl class='gallery-item'>\n\t\t\t\t<dt class='gallery-icon landscape'>\n\t\t\t\t\t<a class=\"rollover rollover-zoom dt-pswp-item\" title=\"04_2054-D04-A_Planimetria di progetto\" data-dt-img-description=\"\" data-large_image_width=\"2560\" data-large_image_height=\"1473\"href='https:\/\/www.radiopiu.net\/wordpress\/wp-content\/uploads\/2020\/11\/04_2054-D04-A_Planimetria-di-progetto-scaled.jpg'><img loading=\"lazy\" decoding=\"async\" width=\"150\" height=\"150\" src=\"https:\/\/www.radiopiu.net\/wordpress\/wp-content\/uploads\/2020\/11\/04_2054-D04-A_Planimetria-di-progetto-150x150.jpg\" class=\"attachment-thumbnail size-thumbnail\" alt=\"\" \/><\/a>\n\t\t\t\t<\/dt><\/dl><dl class='gallery-item'>\n\t\t\t\t<dt class='gallery-icon landscape'>\n\t\t\t\t\t<a class=\"rollover rollover-zoom dt-pswp-item\" title=\"Lago artificiale Arabba\" data-dt-img-description=\"\" data-large_image_width=\"1400\" data-large_image_height=\"1050\"href='https:\/\/www.radiopiu.net\/wordpress\/wp-content\/uploads\/2020\/11\/Lago-artificiale-Arabba.jpg'><img loading=\"lazy\" decoding=\"async\" width=\"150\" height=\"150\" src=\"https:\/\/www.radiopiu.net\/wordpress\/wp-content\/uploads\/2020\/11\/Lago-artificiale-Arabba-150x150.jpg\" class=\"attachment-thumbnail size-thumbnail\" alt=\"\" \/><\/a>\n\t\t\t\t<\/dt><\/dl><dl class='gallery-item'>\n\t\t\t\t<dt class='gallery-icon landscape'>\n\t\t\t\t\t<a class=\"rollover rollover-zoom dt-pswp-item\" title=\"Lago Artificiale Arabba (1)\" data-dt-img-description=\"\" data-large_image_width=\"1047\" data-large_image_height=\"385\"href='https:\/\/www.radiopiu.net\/wordpress\/wp-content\/uploads\/2020\/11\/Lago-Artificiale-Arabba-1.jpg'><img loading=\"lazy\" decoding=\"async\" width=\"150\" height=\"150\" src=\"https:\/\/www.radiopiu.net\/wordpress\/wp-content\/uploads\/2020\/11\/Lago-Artificiale-Arabba-1-150x150.jpg\" class=\"attachment-thumbnail size-thumbnail\" alt=\"\" \/><\/a>\n\t\t\t\t<\/dt><\/dl><br style=\"clear: both\" \/>\n\t\t\t<\/div>\n\n<p>&nbsp;<\/p>\n<p>&nbsp;<\/p>\n<hr \/>\n<p>&nbsp;<\/p>\n<blockquote>\n<h3>ARTIGIANI PREOCCUPATI PER UN NUOVO LOCKDOWN<\/h3>\n<\/blockquote>\n<p><strong><a class=\"dt-pswp-item\" href=\"https:\/\/www.radiopiu.net\/wordpress\/wp-content\/uploads\/2018\/05\/lavoro.jpg\" data-dt-img-description=\"\" data-large_image_width=\"1280\" data-large_image_height=\"720\"><img loading=\"lazy\" decoding=\"async\" class=\"size-medium wp-image-49672 alignleft\" src=\"https:\/\/www.radiopiu.net\/wordpress\/wp-content\/uploads\/2018\/05\/lavoro-300x169.jpg\" alt=\"\" width=\"300\" height=\"169\" srcset=\"https:\/\/www.radiopiu.net\/wordpress\/wp-content\/uploads\/2018\/05\/lavoro-300x169.jpg 300w, https:\/\/www.radiopiu.net\/wordpress\/wp-content\/uploads\/2018\/05\/lavoro-768x432.jpg 768w, https:\/\/www.radiopiu.net\/wordpress\/wp-content\/uploads\/2018\/05\/lavoro-1024x576.jpg 1024w, https:\/\/www.radiopiu.net\/wordpress\/wp-content\/uploads\/2018\/05\/lavoro.jpg 1280w\" sizes=\"auto, (max-width: 300px) 100vw, 300px\" \/><\/a>BELLUNO <\/strong>\u00abGli artigiani, a questo punto, tremano. Abbiamo paura di un nuovo lockdown e siamo in balia dell\u2019incertezza che ne deriver\u00e0. Pi\u00f9 di qualcuno potrebbe non riuscire a ripartire\u00bb. \u00c8 un messaggio di profonda preoccupazione quello che esprime la presidente di Confartigianato Belluno, Claudia Scarzanella. I dati del contagio galoppano e il governo pare intenzionato a chiudere tutto di nuovo. \u00abMa con quali prospettive?\u00bb Si chiede la presidente Scarzanella. \u00abDopo quattro mesi difficili, tra costi per la ripartenza a singhiozzo e paura di nuove chiusure, ora ci aspettavamo il Natale come periodo in grado di far riprendere quota alle attivit\u00e0. Ma se a Natale scatta il nuovo lockdown, rischiamo davvero di arrivare al punto di non ritorno\u00bb. Confartigianato Belluno ricorda gli sforzi messi in campo dalle imprese per garantire sicurezza e rispetto totale delle norme anti-contagio. E si dice disponibile a continuare su questa strada, spingendo ulteriormente. \u00abA patto per\u00f2 che ci sia un riscontro da parte del governo\u00bb continua la presidente Scarzanella. \u00abI ristori previsti per imprese di ristorazione, tempo libero e cultura, ad esempio, non sono sufficienti per coprire le perdite. E numerose attivit\u00e0, con il sistema dei codici Ateco, rimangono escluse dal decreto ristori &#8211; aggiunge il direttore di Confartigianato Belluno, Michele Basso -. Penso alla disparit\u00e0 di trattamento tra la piccola e la grande distribuzione, alle palestre che hanno dovuto chiudere nonostante il rispetto dei protocolli.\u00a0 Penso alle imprese di trasporto persone, che sono ferme da marzo; a tal proposito, abbiamo fissato un nuovo incontro con il presidente della Provincia per spiegare la situazione attuale e confrontarci sul futuro del trasporto privato nel nostro territorio\u00bb. \u00abAncora una volta &#8211; conclude la presidente di Confartigianato Belluno &#8211; chiediamo che si guardi a un sistema diverso, di premialit\u00e0. Se lockdown dovr\u00e0 essere, almeno si tuteli chi ha sempre rispettato le regole, finora\u00bb.<\/p>\n<p>&nbsp;<\/p>\n<p>&nbsp;<\/p>\n<hr \/>\n<p>&nbsp;<\/p>\n<blockquote>\n<h3>SOVRACANONI IDRICI: BELLUNO RISCHIA DI PERDERE MILIONI DI EURO<\/h3>\n<\/blockquote>\n<p>AUDIO DALLA RASSEGNA STAMPA DELLE OTTO<\/p>\n<audio class=\"wp-audio-shortcode\" id=\"audio-169795-4\" preload=\"none\" style=\"width: 100%;\" controls=\"controls\"><source type=\"audio\/mpeg\" src=\"https:\/\/www.radiopiu.net\/wordpress\/wp-content\/uploads\/2020\/11\/ROGER.mp3?_=4\" \/><a href=\"https:\/\/www.radiopiu.net\/wordpress\/wp-content\/uploads\/2020\/11\/ROGER.mp3\">https:\/\/www.radiopiu.net\/wordpress\/wp-content\/uploads\/2020\/11\/ROGER.mp3<\/a><\/audio>\n<p><strong><a class=\"dt-pswp-item\" href=\"https:\/\/www.radiopiu.net\/wordpress\/wp-content\/uploads\/2018\/05\/Roger_De_Menech_daticamera.jpg\" data-dt-img-description=\"\" data-large_image_width=\"165\" data-large_image_height=\"228\"><img loading=\"lazy\" decoding=\"async\" class=\"size-full wp-image-49599 alignleft\" src=\"https:\/\/www.radiopiu.net\/wordpress\/wp-content\/uploads\/2018\/05\/Roger_De_Menech_daticamera.jpg\" alt=\"\" width=\"165\" height=\"228\" \/><\/a>ROMA <\/strong>\u00abUn danno enorme per le amministrazioni locali. La Provincia di Belluno rischia di perdere milioni di euro\u00bb. Il deputato bellunese\u00a0Roger De Menech denuncia \u00abil regalo ai produttori di energia idroelettrica da parte di Forza Italia\u00bb. Il partito di Berlusconi, al Senato ha presentato una proposta nell\u2019ambito di conversione del decreto legge 125\/2020 &#8211; proroga dello stato di emergenza da Covid-19 &#8211; per sospendere durante tutto il pagamento da parte dei concessionari di tutti i canoni e sovracanoni legati alle concessioni idroelettriche. \u00abSi tratterebbe di una misura errata sotto tutti i punti di vista\u00bb, afferma De Menech. \u00abDa un lato, si farebbe un immotivato regalo a concessionari che stanno comunque fatturando e producendo, visto che l&#8217;emergenza Covid non fa venire meno l&#8217;erogazione di energia elettrica. E, dall&#8217;altro, si produrrebbe un grave danno sul bilancio di Regioni, Province e Comuni che grazie ai proventi derivanti da canoni idrici e sovracanoni Bim assicurano la copertura di importanti servizi per le comunit\u00e0 locali\u00bb. Il deputato ha gi\u00e0 segnalato le criticit\u00e0 della proposta al capogruppo del Partito democratico al Senato, Andrea Marcucci, chiedendo di prendere le dovute contromisure. \u00abVigileremo affinch\u00e9 nel percorso di conversione questa proposta venga bocciata\u00bb, conclude<span class=\"Apple-converted-space\">\u00a0\u00a0<\/span>De Menech, \u00abperch\u00e9 mette in pericolo i bilanci delle amministrazioni montane\u00bb.<\/p>\n<p>&nbsp;<\/p>\n<p>&nbsp;<\/p>\n<hr \/>\n<p>&nbsp;<\/p>\n<blockquote>\n<h3>SOVRACANONI IDRICI, BOND (FI): \u00abEMENDAMENTO CARTA STRACCIA: NON SPECULIAMO\u00bb<\/h3>\n<\/blockquote>\n<p><strong><a class=\"dt-pswp-item\" href=\"https:\/\/www.radiopiu.net\/wordpress\/wp-content\/uploads\/2020\/07\/BOND-ROMA.jpg\" data-dt-img-description=\"\" data-large_image_width=\"640\" data-large_image_height=\"640\"><img loading=\"lazy\" decoding=\"async\" class=\" wp-image-149602 alignleft\" src=\"https:\/\/www.radiopiu.net\/wordpress\/wp-content\/uploads\/2020\/07\/BOND-ROMA-300x300.jpg\" alt=\"\" width=\"178\" height=\"178\" srcset=\"https:\/\/www.radiopiu.net\/wordpress\/wp-content\/uploads\/2020\/07\/BOND-ROMA-300x300.jpg 300w, https:\/\/www.radiopiu.net\/wordpress\/wp-content\/uploads\/2020\/07\/BOND-ROMA-150x150.jpg 150w, https:\/\/www.radiopiu.net\/wordpress\/wp-content\/uploads\/2020\/07\/BOND-ROMA.jpg 640w\" sizes=\"auto, (max-width: 178px) 100vw, 178px\" \/><\/a>ROMA\u00a0<\/strong>\u00ab<em>Non c\u2019\u00e8 emergenza che tenga di fronte al tentativo di privare i territori di un ristoro sacrosanto e doveroso come quello dei sovracanoni. Quindi per piacere, evitiamo di speculare sui giochi politici<\/em>\u00bb. Cos\u00ec in una nota il deputato di Forza Italia Dario Bond, che sceglie la battaglia territoriale e risponde alle accuse arrivate contro gli emendamenti presentati alla conversione del decreto legge che proroga lo stato di emergenza Covid, per sospendere il pagamento da parte dei concessionari di canoni e sovracanoni idrici).<\/p>\n<p>&nbsp;<\/p>\n<p><strong>DARIO BOND, AUDIO\u00a0<\/strong><\/p>\n<audio class=\"wp-audio-shortcode\" id=\"audio-169795-5\" preload=\"none\" style=\"width: 100%;\" controls=\"controls\"><source type=\"audio\/mpeg\" src=\"https:\/\/www.radiopiu.net\/wordpress\/wp-content\/uploads\/2020\/11\/bond.mp3?_=5\" \/><a href=\"https:\/\/www.radiopiu.net\/wordpress\/wp-content\/uploads\/2020\/11\/bond.mp3\">https:\/\/www.radiopiu.net\/wordpress\/wp-content\/uploads\/2020\/11\/bond.mp3<\/a><\/audio>\n<p>&nbsp;<\/p>\n<hr \/>\n<p>&nbsp;<\/p>\n<blockquote>\n<h3>AIUTI ECONOMICI ANTI COVID: LA GERMANIA HA SPESO 194 MILIARDI PIU\u2019 DI NOI<\/h3>\n<\/blockquote>\n<p><a class=\"dt-pswp-item\" href=\"https:\/\/www.radiopiu.net\/wordpress\/wp-content\/uploads\/2020\/10\/Schermata-2020-10-31-alle-11.10.00.png\" data-dt-img-description=\"\" data-large_image_width=\"1274\" data-large_image_height=\"968\"><img loading=\"lazy\" decoding=\"async\" class=\"alignleft size-medium wp-image-169696\" src=\"https:\/\/www.radiopiu.net\/wordpress\/wp-content\/uploads\/2020\/10\/Schermata-2020-10-31-alle-11.10.00-300x228.png\" alt=\"\" width=\"300\" height=\"228\" srcset=\"https:\/\/www.radiopiu.net\/wordpress\/wp-content\/uploads\/2020\/10\/Schermata-2020-10-31-alle-11.10.00-300x228.png 300w, https:\/\/www.radiopiu.net\/wordpress\/wp-content\/uploads\/2020\/10\/Schermata-2020-10-31-alle-11.10.00-1024x778.png 1024w, https:\/\/www.radiopiu.net\/wordpress\/wp-content\/uploads\/2020\/10\/Schermata-2020-10-31-alle-11.10.00-768x584.png 768w, https:\/\/www.radiopiu.net\/wordpress\/wp-content\/uploads\/2020\/10\/Schermata-2020-10-31-alle-11.10.00.png 1274w\" sizes=\"auto, (max-width: 300px) 100vw, 300px\" \/><\/a>Per fronteggiare la crisi sanitaria ed economica dovuta al Covid, dalla primavera scorsa il governo tedesco ha erogato 284 miliardi di euro a sostegno, in particolar modo, di lavoratori, imprese, scuola, trasporti e sanit\u00e0. Ben 194 in pi\u00f9 di quelli stanziati per gli stessi ambiti dal nostro esecutivo. Includendo anche le misure introdotte questa settimana con il \u201cdecreto Ristori\u201d, dall\u2019inizio della pandemia il Governo Conte, invece, ha corrisposto quasi 90 miliardi di euro. Altrettanto significativo \u00e8 stato lo sforzo sostenuto dal Regno Unito, che \u00e8 intervenuto con 201 miliardi, mentre la Francia con 110 e la Spagna con 46 hanno fatto, come l\u2019Italia, molto meno sia di Londra che di Berlino. A dirlo \u00e8 la CGIA. Sottolinea il coordinatore dell\u2019Ufficio studi Paolo Zabeo:<\/p>\n<p>\u201cSe teniamo conto anche delle misure economiche messe a punto nei giorni scorsi dal governo francese, tra i nostri principali competitor economici presi in esame in questa comparazione solo la Spagna ha speso meno del nostro Paese. Anche in rapporto al Pil, rimaniamo penultimi, sebbene nella prima ondata di questa pandemia siamo stati il Paese pi\u00f9 colpito d\u2019Europa. E\u2019 vero che avendo un debito pubblico molto elevato queste misure possiamo finanziarle solo in deficit, ma \u00e8 altrettanto vero che siamo la seconda manifattura d\u2019Europa ed essendo uno dei pilastri portanti dell\u2019economia europea meritavamo, da parte del nostro esecutivo, molte pi\u00f9 attenzioni, soprattutto in termini di investimenti\u201d.<\/p>\n<p>La CGIA, inoltre, torna a segnalare il forte rischio di incorrere, tra qualche mese, a una nuova stretta creditizia a danno di tanti artigiani, piccoli commercianti e partite iva. Denuncia il segretario Renato Mason:<\/p>\n<p>\u201cSebbene i finanziamenti inferiori a 30 mila euro richiesti al Fondo di Garanzia sfiorano ormai i 19 miliardi, per moltissime piccole e micro imprese le difficolt\u00e0 di accesso al credito bancario rimangono ancora un grave problema che, alla luce delle nuove disposizione europee, rischia addirittura di peggiorare. A partire dal 1\u00b0 Gennaio 2021, infatti, tutte gli istituti di credito dovranno applicare le nuove regole comunitarie in materia di classificazione delle controparti inadempienti. In altre parole le banche dovranno definire come inadempienti i privati o le piccole e medie imprese che presenteranno un arretrato da oltre 90 giorni, il cui importo risulti, allo stesso tempo superiore ai 100 euro e superiore all\u20191 per cento del totale delle esposizioni verso il Gruppo bancario. Insomma, queste nuove disposizioni abbasseranno notevolmente la soglia di sconfinamento, mettendo a rischio il sostegno economico del sistema bancario a moltissime attivit\u00e0 di piccola dimensione che da sempre sono a corto di liquidit\u00e0 e poco patrimonializzate\u201d.<br \/>\nOltre ai ristori, in Italia bisogna compensare anche i costi fissi<br \/>\nSul fronte delle misure a sostegno delle attivit\u00e0 costrette a chiudere completamente o parzialmente, la CGIA sottolinea che lo Stato, le Regioni e i Comuni hanno il diritto\/dovere di predisporre tutte le limitazioni che ritengono utili per tutelare la salute pubblica. E\u2019 tuttavia evidente che a fronte della chiusura delle attivit\u00e0 economiche, queste ultime devono essere aiutate economicamente, cos\u00ec come \u00e8 stato fatto nella prima fase di questa pandemia. La situazione odierna, per\u00f2, \u00e8 ben diversa da quella vissuta nella primavera scorsa. Se allora tutte le imprese erano state costrette alla chiusura ed erano rimaste aperte solo quelle essenziali, oggi tutte le attivit\u00e0 sono aperte e sono state oggetto di restrizioni solo alcuni settori. A questi ultimi, pertanto, non sono pi\u00f9 sufficienti dei semplici ristori, ma \u00e8 necessario uno stanziamento che compensi totalmente sia i mancati incassi sia le spese correnti che continuano a sostenere. Alla luce di ci\u00f2, segnaliamo che dal 13 ottobre scorso l\u2019Unione Europea ha modificato il Temporary Framework (quadro temporaneo per le misure degli aiuti di Stato alle imprese) prorogandone gli effetti fino al 30 giugno 2021. Altres\u00ec, gli Stati membri potranno erogare aiuti fino al 90 per cento dei costi fissi sostenuti dalle imprese che, per effetto del Covid, abbiano subito una contrazione del fatturato di almeno il 30 per cento. Tra questi costi sono inclusi gli affitti, le bollette energetiche, le spese assicurative, etc. Pertanto, i ristori, in base alla caduta del fatturato, non sono pi\u00f9 sufficienti; il Governo Conte deve compensare &#8211; cos\u00ec come ha continuato a fare la Germania nei giorni scorsi dopo aver introdotto un nuovo mini-lockdown &#8211; anche i costi fissi sostenuti dalle imprese interessate per decreto alla chiusura.<br \/>\nAiuti alle Pmi: come si sono comportati i singoli paesi<br \/>\nIn Germania, con riferimento alle misure erogate alle aziende, spiccano i 100 miliardi di euro destinati all\u2019acquisto di partecipazioni di societ\u00e0 colpite dalla crisi e i 18 miliardi di euro destinati alle ditte individuali e alle microimprese. Significativi sono stati anche i 25 miliardi che sono stati spesi per &#8220;riavviare&#8221; le aziende che hanno subito un calo dei ricavi di oltre il 60 per cento rispetto al 2019. Queste realt\u00e0 produttive hanno ricevuto una compensazione fino al 70 per cento dei costi fissi sostenuti.<\/p>\n<p>Nel Regno Unito, sempre in riferimento alle misure a sostegno delle imprese, si segnalano i 15 miliardi di sterline (17 miliardi di euro al tasso di cambio medio 2019) di sovvenzioni erogati alle piccole imprese e altri 15 miliardi di sterline per il sostegno al reddito dei lavoratori autonomi.<\/p>\n<p>In Francia sono stati stanziati 8 miliardi di euro di sussidi per le piccole imprese con un fatturato inferiore a 1 milione di euro che hanno perso almeno il 50 per cento dei ricavi nello scorso mese di marzo; 3 miliardi di euro per l\u2019annullamento di tasse e contributi previdenziali per aziende e lavoratori autonomi in difficolt\u00e0; una stima di 9,3 miliardi di euro per sostenere l&#8217;industria del turismo e altri 8 miliardi di euro per sostenere il settore automobilistico.<\/p>\n<p>In Italia, infine, le principali misure introdotte per le imprese hanno riguardato i contributi a fondo perduto a favore dei soggetti che hanno subito riduzioni del fatturato (7,3 miliardi di euro con i provvedimenti iniziali), la cancellazione dell\u2019IRAP (saldo 2019 e prima rata acconto 2020 per un totale di quasi 4 miliardi di euro), i provvedimenti di rilancio del turismo\/cultura (1 miliardo di euro); agevolazioni fiscali per sanificazioni\/canoni-locazioni immobili strumentali per 1,7 miliardi di euro e altri 1,7 miliardi di euro previsti per il tax credit vacanze. A queste principali misure segnaliamo anche le indennit\u00e0 una tantum erogate ai lavoratori autonomi e le ultime risorse previste dal \u201cdecreto Ristori\u201d.<br \/>\nAlcune precisazioni metodologiche<br \/>\nL\u2019Ufficio studi della CGIA sottolinea che nella comparazione realizzata in questa elaborazione i dati in valore assoluto dei paesi stranieri sono stati estrapolati da un\u2019analisi elaborata dal Think Tank Bruegel. Va altres\u00ec segnalato che ogni nazione presenta una diversa data di aggiornamento delle misure sostenute a sostegno delle rispettive economie che, ovviamente, impone una certa prudenza nel momento in cui si effettuata la comparazione tra Paesi.<\/p>\n<p>Le \u201cmisure a impulso fiscale immediato\u201d costituiscono l\u2019indicatore che il Think Tank Bruegel ha preso come riferimento. Per \u201cmisure a impulso fiscale immediato&#8221; si intende la spesa pubblica aggiuntiva (come spese sanitarie, misure di sostegno ai lavoratori dipendenti, sovvenzioni alle Pmi, investimenti pubblici) sostenuta da ciascun paese per contrastare gli effetti negativi causati dal Covid. Questo indicatore, quindi, include anche la riduzione delle entrate (come la cancellazione di alcune tasse e contributi previdenziali); in buona sostanza ci riferiamo a quei provvedimenti che hanno contribuito al deterioramento del saldo di bilancio senza alcuna compensazione diretta successiva. Pertanto, non sono inclusi i differimenti delle scadenze fiscali n\u00e8 i sostegni alla liquidit\u00e0 introdotti da molti Paesi attraverso l\u2019emissione di garanzie pubbliche.<\/p>\n<p>&nbsp;<\/p>\n<hr \/>\n<p>&nbsp;<\/p>\n<blockquote>\n<h2>TERMINATA LA SPERIMENTAZIONE DEI TAMPONI PER I FAMIGLIARI DEI DIPENDENTI. LE NOVITA&#8217; DAL 9 NOVEMBRE<\/h2>\n<\/blockquote>\n<p><strong><a class=\"dt-pswp-item\" href=\"https:\/\/www.radiopiu.net\/wordpress\/wp-content\/uploads\/2020\/08\/LUXOTTICA-2020.jpg\" data-dt-img-description=\"\" data-large_image_width=\"2048\" data-large_image_height=\"1536\"><img loading=\"lazy\" decoding=\"async\" class=\"size-medium wp-image-157799 alignleft\" src=\"https:\/\/www.radiopiu.net\/wordpress\/wp-content\/uploads\/2020\/08\/LUXOTTICA-2020-300x225.jpg\" alt=\"\" width=\"300\" height=\"225\" srcset=\"https:\/\/www.radiopiu.net\/wordpress\/wp-content\/uploads\/2020\/08\/LUXOTTICA-2020-300x225.jpg 300w, https:\/\/www.radiopiu.net\/wordpress\/wp-content\/uploads\/2020\/08\/LUXOTTICA-2020-1024x768.jpg 1024w, https:\/\/www.radiopiu.net\/wordpress\/wp-content\/uploads\/2020\/08\/LUXOTTICA-2020-768x576.jpg 768w, https:\/\/www.radiopiu.net\/wordpress\/wp-content\/uploads\/2020\/08\/LUXOTTICA-2020-1536x1152.jpg 1536w, https:\/\/www.radiopiu.net\/wordpress\/wp-content\/uploads\/2020\/08\/LUXOTTICA-2020-640x480.jpg 640w, https:\/\/www.radiopiu.net\/wordpress\/wp-content\/uploads\/2020\/08\/LUXOTTICA-2020.jpg 2048w\" sizes=\"auto, (max-width: 300px) 100vw, 300px\" \/><\/a>AGORDO<\/strong> Terminato il primo periodo di sperimentazione presso il centro Ex OneSight di Valcozzena dei tamponi ai famigliari dei dipendenti Luxottica di Agordo. In queste settimane le maestranze potevano richiedere i tamponi da effettuare ai membri della famiglia ma la prima fase termina il 1 novembre. Luxottica intende intensificare per aree omogenee la mappatura dei tamponi per riuscire a monitorare meglio la situazione. \u00c8 stato definito quindi, solo temporaneamente, di sospendere le prenotazione on-line sia per i dipendenti, sia per i familiari\/coinquilini. Questo, consentir\u00e0, al laboratorio di Padova di avere gli esiti dei dipendenti delle varie aree omogenee in tempi molto pi\u00f9 rapidi.<\/p>\n<p>Nel frattempo le RSU si sono incontrate con la dirigenza presso lo stabilimento di Agordo per fare il punto sulla situazione generale attraverso l&#8217;incontro del comitato di verifica protocollo. Dall&#8217;incontro \u00e8 emerso che per\u00a0salvaguardare la salute delle maestranze era necessario prendere misure pi\u00f9 restrittive. Dal 9 novembre si torner\u00e0 a lavorare con orari scaglionati per evitare contatti tra gli operai dei due turni. Pertanto i turni diurni presteranno la propria attivit\u00e0 lavorativa dalle 5.45 alle 13.45 e dalle 14.15 alle 22.15. Per il terzo turno, sar\u00e0 ripristinato il part-time Covid, da luned\u00ec a gioved\u00ec dalle 22.40 alle 05.20, mentre il venerd\u00ec dalle 22.45 alle 06.15. Sempre dal 9 novembre i Pro Time Incentivati ritorneranno alle 6 ore. Per quanto riguarda i trasporti, nei prossimi giorni, chi utilizza i mezzi pubblici, sar\u00e0 dotato di mascherina FFP2. Non ci sono ancora certezze per quanto riguarda gli orari e le corse delle corriere ma nei prossimi giorni sar\u00e0 comunicato quali sono gli accordi. I fumatori dovranno seguire un protocollo per fumare all&#8217;esterno dello stabilimento durante la pausa cercando di distanziarsi uno dall&#8217;altro e non creare assembramenti. Rimane l&#8217;obbligo per tutte le maestranze di non usare gli spogliatoi.\u00a0&#8220;<em>Comprendiamo che questa marcia indietro, creer\u00e0 ulteriori problemi a tutti, in primis ai colleghi che hanno situazioni di salute o familiari pi\u00f9 gravi che ormai non sanno pi\u00f9 come gestire, ma comprendiamo anche le richieste dell&#8217;azienda &#8211; dicono i delegati Femca Cisl &#8211;\u00a0<\/em><em>Oggettivamente, nonostante ci sia stato un rallentamento della diffusione del covid durante i mesi estivi, ora l&#8217;evoluzione della pandemia sia a livello nazionale che locale, costringe Luxottica a ritenere opportuno usare una maggiore cautela e tornare ad aumentare il distanziamento sociale.\u00a0<\/em><em>Dal canto nostro crediamo sia importante mettere in campo ogni soluzione utile a tutelare gli interessi di tutti, fermo restando l&#8217;impegno, come sempre, a chiarire i punti rimasti in sospeso e trovare soluzioni che consentano di risolvere eventuali problemi. <\/em><em>Da mesi, infatti, stiamo cercando di inventare soluzioni nuove che vadano a tutelare e a conciliare le esigenze delle persone, salvaguardando un bene essenziale: la continuit\u00e0 produttiva&#8221;<\/em><\/p>\n<p>&nbsp;<\/p>\n<p>&nbsp;<\/p>\n<hr \/>\n<blockquote>\n<h3><\/h3>\n<h3>VIA DELLA DOLOMIA: UN OMAGGIO ALLE INCANTATE VALLI<\/h3>\n<\/blockquote>\n<p><strong>TAIBON<\/strong> L&#8217;iniziativa \u00e8 lodevole e importante, un punto in pi\u00f9 per le valli di San Lucano e Corpassa, un&#8217;indiscutibile spinta al turismo perch\u00e9 invito a infilarsi tra le valli del Comune di Taibon. Stiamo parlando della via della Dolomia che inizia in localit\u00e0 Tamonich difronte al glorioso Istituto Minerario oggi Follador-De Rossi e continua in Comune di Taibon tra Agner e Pale di San Lucano, oppure sotto al Civetta lungo il torrente Corpassa. Il turista, l&#8217;escursionista pi\u00f9 esperto, il visitatore addentrandosi in luoghi meravigliosi guida alla mano,\u00a0 scopre i segreti tra le pareti di Dolomia. In questi giorni sono state posizionate le bacheche informative\u00a0 con l&#8217;ausilio del Piodech di Taibon, con la supervisione di Fulvio Del Din (specialista in studi di arredamento e design) e il supporto del Comune di Taibon. Ogni bacheca, in angoli\u00a0 stupendi come il laghetto delle Peschiere o Mezzavalle riporta le note sulla localit\u00e0. Splendida l&#8217;idea di realizzare una panchina alle Calchere con vista direttamente sull&#8217;Agner.\u00a0 Per saperne di pi\u00f9 sulla via della Dolomia l&#8217;invito ad ascoltare la registrazione gi\u00e0 andata in onda su RADIO PIU&#8217; con Dino Preloran docente all&#8217;Istituto Minerario Umberto Follador. Nella galleria alcuni scatti delle bacheche in Valle di San Lucano partendo da Piazza IV Novembre<\/p>\n<p>&nbsp;<\/p>\n\n\t\t\t<style type='text\/css'>\n\t\t\t\t#gallery-7 {\n\t\t\t\t\tmargin: auto;\n\t\t\t\t}\n\t\t\t\t#gallery-7 .gallery-item {\n\t\t\t\t\tfloat: left;\n\t\t\t\t\tmargin-top: 10px;\n\t\t\t\t\ttext-align: center;\n\t\t\t\t\twidth: 14%;\n\t\t\t\t}\n\t\t\t\t#gallery-7 img {\n\t\t\t\t\tborder: 2px solid #cfcfcf;\n\t\t\t\t}\n\t\t\t\t#gallery-7 .gallery-caption {\n\t\t\t\t\tmargin-left: 0;\n\t\t\t\t}\n\t\t\t\t\/* see gallery_shortcode() in wp-includes\/media.php *\/\n\t\t\t<\/style>\n\t\t<div id='gallery-7' class='dt-gallery-container gallery galleryid-169795 gallery-columns-7 gallery-size-thumbnail'><dl class='gallery-item'>\n\t\t\t\t<dt class='gallery-icon landscape'>\n\t\t\t\t\t<a class=\"rollover rollover-zoom dt-pswp-item\" title=\"1b18fd9c-c989-49d9-9873-01ea42bafa21\" data-dt-img-description=\"\" data-large_image_width=\"1599\" data-large_image_height=\"799\"href='https:\/\/www.radiopiu.net\/wordpress\/wp-content\/uploads\/2020\/10\/1b18fd9c-c989-49d9-9873-01ea42bafa21-e1604236334806.jpg'><img loading=\"lazy\" decoding=\"async\" width=\"150\" height=\"150\" src=\"https:\/\/www.radiopiu.net\/wordpress\/wp-content\/uploads\/2020\/10\/1b18fd9c-c989-49d9-9873-01ea42bafa21-e1604236334806-150x150.jpg\" class=\"attachment-thumbnail size-thumbnail\" alt=\"\" \/><\/a>\n\t\t\t\t<\/dt><\/dl><dl class='gallery-item'>\n\t\t\t\t<dt class='gallery-icon portrait'>\n\t\t\t\t\t<a class=\"rollover rollover-zoom dt-pswp-item\" title=\"4b7b9072-1c99-4b09-a005-de76281ca2b3\" data-dt-img-description=\"\" data-large_image_width=\"1024\" data-large_image_height=\"2048\"href='https:\/\/www.radiopiu.net\/wordpress\/wp-content\/uploads\/2020\/10\/4b7b9072-1c99-4b09-a005-de76281ca2b3.jpg'><img loading=\"lazy\" decoding=\"async\" width=\"150\" height=\"150\" src=\"https:\/\/www.radiopiu.net\/wordpress\/wp-content\/uploads\/2020\/10\/4b7b9072-1c99-4b09-a005-de76281ca2b3-150x150.jpg\" class=\"attachment-thumbnail size-thumbnail\" alt=\"\" \/><\/a>\n\t\t\t\t<\/dt><\/dl><dl class='gallery-item'>\n\t\t\t\t<dt class='gallery-icon landscape'>\n\t\t\t\t\t<a class=\"rollover rollover-zoom dt-pswp-item\" title=\"70326aac-a92a-44e5-bd47-c77bc2b3adbf\" data-dt-img-description=\"\" data-large_image_width=\"2048\" data-large_image_height=\"1024\"href='https:\/\/www.radiopiu.net\/wordpress\/wp-content\/uploads\/2020\/10\/70326aac-a92a-44e5-bd47-c77bc2b3adbf.jpg'><img loading=\"lazy\" decoding=\"async\" width=\"150\" height=\"150\" src=\"https:\/\/www.radiopiu.net\/wordpress\/wp-content\/uploads\/2020\/10\/70326aac-a92a-44e5-bd47-c77bc2b3adbf-150x150.jpg\" class=\"attachment-thumbnail size-thumbnail\" alt=\"\" \/><\/a>\n\t\t\t\t<\/dt><\/dl><dl class='gallery-item'>\n\t\t\t\t<dt class='gallery-icon landscape'>\n\t\t\t\t\t<a class=\"rollover rollover-zoom dt-pswp-item\" title=\"0fc04019-2a0d-4870-91b2-d11a0770cb1d\" data-dt-img-description=\"\" data-large_image_width=\"2048\" data-large_image_height=\"1024\"href='https:\/\/www.radiopiu.net\/wordpress\/wp-content\/uploads\/2020\/10\/0fc04019-2a0d-4870-91b2-d11a0770cb1d.jpg'><img loading=\"lazy\" decoding=\"async\" width=\"150\" height=\"150\" src=\"https:\/\/www.radiopiu.net\/wordpress\/wp-content\/uploads\/2020\/10\/0fc04019-2a0d-4870-91b2-d11a0770cb1d-150x150.jpg\" class=\"attachment-thumbnail size-thumbnail\" alt=\"\" \/><\/a>\n\t\t\t\t<\/dt><\/dl><dl class='gallery-item'>\n\t\t\t\t<dt class='gallery-icon landscape'>\n\t\t\t\t\t<a class=\"rollover rollover-zoom dt-pswp-item\" title=\"906dc1d8-60f3-40ab-bb25-ee69edd75a89\" data-dt-img-description=\"\" data-large_image_width=\"1599\" data-large_image_height=\"799\"href='https:\/\/www.radiopiu.net\/wordpress\/wp-content\/uploads\/2020\/10\/906dc1d8-60f3-40ab-bb25-ee69edd75a89.jpg'><img loading=\"lazy\" decoding=\"async\" width=\"150\" height=\"150\" src=\"https:\/\/www.radiopiu.net\/wordpress\/wp-content\/uploads\/2020\/10\/906dc1d8-60f3-40ab-bb25-ee69edd75a89-150x150.jpg\" class=\"attachment-thumbnail size-thumbnail\" alt=\"\" \/><\/a>\n\t\t\t\t<\/dt><\/dl><dl class='gallery-item'>\n\t\t\t\t<dt class='gallery-icon landscape'>\n\t\t\t\t\t<a class=\"rollover rollover-zoom dt-pswp-item\" title=\"36ebb7ab-e112-4364-8053-dfd5deb95514\" data-dt-img-description=\"\" data-large_image_width=\"1599\" data-large_image_height=\"799\"href='https:\/\/www.radiopiu.net\/wordpress\/wp-content\/uploads\/2020\/10\/36ebb7ab-e112-4364-8053-dfd5deb95514.jpg'><img loading=\"lazy\" decoding=\"async\" width=\"150\" height=\"150\" src=\"https:\/\/www.radiopiu.net\/wordpress\/wp-content\/uploads\/2020\/10\/36ebb7ab-e112-4364-8053-dfd5deb95514-150x150.jpg\" class=\"attachment-thumbnail size-thumbnail\" alt=\"\" \/><\/a>\n\t\t\t\t<\/dt><\/dl><dl class='gallery-item'>\n\t\t\t\t<dt class='gallery-icon landscape'>\n\t\t\t\t\t<a class=\"rollover rollover-zoom dt-pswp-item\" title=\"073e482d-d81f-4c5f-baaf-dcd45fb0f1a8\" data-dt-img-description=\"\" data-large_image_width=\"1599\" data-large_image_height=\"799\"href='https:\/\/www.radiopiu.net\/wordpress\/wp-content\/uploads\/2020\/10\/073e482d-d81f-4c5f-baaf-dcd45fb0f1a8.jpg'><img loading=\"lazy\" decoding=\"async\" width=\"150\" height=\"150\" src=\"https:\/\/www.radiopiu.net\/wordpress\/wp-content\/uploads\/2020\/10\/073e482d-d81f-4c5f-baaf-dcd45fb0f1a8-150x150.jpg\" class=\"attachment-thumbnail size-thumbnail\" alt=\"\" \/><\/a>\n\t\t\t\t<\/dt><\/dl><br style=\"clear: both\" \/><dl class='gallery-item'>\n\t\t\t\t<dt class='gallery-icon landscape'>\n\t\t\t\t\t<a class=\"rollover rollover-zoom dt-pswp-item\" title=\"33819b0b-1499-49a0-9f98-4d438e8d306b\" data-dt-img-description=\"\" data-large_image_width=\"1599\" data-large_image_height=\"799\"href='https:\/\/www.radiopiu.net\/wordpress\/wp-content\/uploads\/2020\/10\/33819b0b-1499-49a0-9f98-4d438e8d306b.jpg'><img loading=\"lazy\" decoding=\"async\" width=\"150\" height=\"150\" src=\"https:\/\/www.radiopiu.net\/wordpress\/wp-content\/uploads\/2020\/10\/33819b0b-1499-49a0-9f98-4d438e8d306b-150x150.jpg\" class=\"attachment-thumbnail size-thumbnail\" alt=\"\" \/><\/a>\n\t\t\t\t<\/dt><\/dl><dl class='gallery-item'>\n\t\t\t\t<dt class='gallery-icon landscape'>\n\t\t\t\t\t<a class=\"rollover rollover-zoom dt-pswp-item\" title=\"b96a2c09-9d7b-416e-adda-82380fb71a7d\" data-dt-img-description=\"\" data-large_image_width=\"1599\" data-large_image_height=\"799\"href='https:\/\/www.radiopiu.net\/wordpress\/wp-content\/uploads\/2020\/10\/b96a2c09-9d7b-416e-adda-82380fb71a7d.jpg'><img loading=\"lazy\" decoding=\"async\" width=\"150\" height=\"150\" src=\"https:\/\/www.radiopiu.net\/wordpress\/wp-content\/uploads\/2020\/10\/b96a2c09-9d7b-416e-adda-82380fb71a7d-150x150.jpg\" class=\"attachment-thumbnail size-thumbnail\" alt=\"\" \/><\/a>\n\t\t\t\t<\/dt><\/dl><dl class='gallery-item'>\n\t\t\t\t<dt class='gallery-icon landscape'>\n\t\t\t\t\t<a class=\"rollover rollover-zoom dt-pswp-item\" title=\"c33ab8ac-c352-4e61-9e4a-facae5065c74\" data-dt-img-description=\"\" data-large_image_width=\"1599\" data-large_image_height=\"799\"href='https:\/\/www.radiopiu.net\/wordpress\/wp-content\/uploads\/2020\/10\/c33ab8ac-c352-4e61-9e4a-facae5065c74.jpg'><img loading=\"lazy\" decoding=\"async\" width=\"150\" height=\"150\" src=\"https:\/\/www.radiopiu.net\/wordpress\/wp-content\/uploads\/2020\/10\/c33ab8ac-c352-4e61-9e4a-facae5065c74-150x150.jpg\" class=\"attachment-thumbnail size-thumbnail\" alt=\"\" \/><\/a>\n\t\t\t\t<\/dt><\/dl><dl class='gallery-item'>\n\t\t\t\t<dt class='gallery-icon landscape'>\n\t\t\t\t\t<a class=\"rollover rollover-zoom dt-pswp-item\" title=\"0d106935-dbeb-4c4b-a5cf-08e6c06913dc\" data-dt-img-description=\"\" data-large_image_width=\"1599\" data-large_image_height=\"799\"href='https:\/\/www.radiopiu.net\/wordpress\/wp-content\/uploads\/2020\/10\/0d106935-dbeb-4c4b-a5cf-08e6c06913dc.jpg'><img loading=\"lazy\" decoding=\"async\" width=\"150\" height=\"150\" src=\"https:\/\/www.radiopiu.net\/wordpress\/wp-content\/uploads\/2020\/10\/0d106935-dbeb-4c4b-a5cf-08e6c06913dc-150x150.jpg\" class=\"attachment-thumbnail size-thumbnail\" alt=\"\" \/><\/a>\n\t\t\t\t<\/dt><\/dl><dl class='gallery-item'>\n\t\t\t\t<dt class='gallery-icon landscape'>\n\t\t\t\t\t<a class=\"rollover rollover-zoom dt-pswp-item\" title=\"dc627239-e50b-498c-a5a2-432548308dd4\" data-dt-img-description=\"\" data-large_image_width=\"1599\" data-large_image_height=\"799\"href='https:\/\/www.radiopiu.net\/wordpress\/wp-content\/uploads\/2020\/10\/dc627239-e50b-498c-a5a2-432548308dd4.jpg'><img loading=\"lazy\" decoding=\"async\" width=\"150\" height=\"150\" src=\"https:\/\/www.radiopiu.net\/wordpress\/wp-content\/uploads\/2020\/10\/dc627239-e50b-498c-a5a2-432548308dd4-150x150.jpg\" class=\"attachment-thumbnail size-thumbnail\" alt=\"\" \/><\/a>\n\t\t\t\t<\/dt><\/dl><dl class='gallery-item'>\n\t\t\t\t<dt class='gallery-icon landscape'>\n\t\t\t\t\t<a class=\"rollover rollover-zoom dt-pswp-item\" title=\"966a8a01-b5fc-4938-a39c-36417b4d6758\" data-dt-img-description=\"\" data-large_image_width=\"1599\" data-large_image_height=\"799\"href='https:\/\/www.radiopiu.net\/wordpress\/wp-content\/uploads\/2020\/10\/966a8a01-b5fc-4938-a39c-36417b4d6758.jpg'><img loading=\"lazy\" decoding=\"async\" width=\"150\" height=\"150\" src=\"https:\/\/www.radiopiu.net\/wordpress\/wp-content\/uploads\/2020\/10\/966a8a01-b5fc-4938-a39c-36417b4d6758-150x150.jpg\" class=\"attachment-thumbnail size-thumbnail\" alt=\"\" \/><\/a>\n\t\t\t\t<\/dt><\/dl><dl class='gallery-item'>\n\t\t\t\t<dt class='gallery-icon landscape'>\n\t\t\t\t\t<a class=\"rollover rollover-zoom dt-pswp-item\" title=\"a4401f17-d2dc-4ecf-bfc4-dd91d5b6f703\" data-dt-img-description=\"\" data-large_image_width=\"1599\" data-large_image_height=\"799\"href='https:\/\/www.radiopiu.net\/wordpress\/wp-content\/uploads\/2020\/10\/a4401f17-d2dc-4ecf-bfc4-dd91d5b6f703.jpg'><img loading=\"lazy\" decoding=\"async\" width=\"150\" height=\"150\" src=\"https:\/\/www.radiopiu.net\/wordpress\/wp-content\/uploads\/2020\/10\/a4401f17-d2dc-4ecf-bfc4-dd91d5b6f703-150x150.jpg\" class=\"attachment-thumbnail size-thumbnail\" alt=\"\" \/><\/a>\n\t\t\t\t<\/dt><\/dl><br style=\"clear: both\" \/>\n\t\t\t<\/div>\n\n<p>&nbsp;<\/p>\n<blockquote>\n<h3>DINO PRELORAN SPIEGA LA VIA DELLA DOLOMIA..E NON SOLO<\/h3>\n<\/blockquote>\n<h2><a class=\"dt-pswp-item\" href=\"https:\/\/www.radiopiu.net\/wordpress\/wp-content\/uploads\/2020\/10\/FOLLADOR-DE-ROSSI-scaled.jpg\" data-dt-img-description=\"\" data-large_image_width=\"2560\" data-large_image_height=\"1193\"><img loading=\"lazy\" decoding=\"async\" class=\"size-medium wp-image-164367 alignleft\" src=\"https:\/\/www.radiopiu.net\/wordpress\/wp-content\/uploads\/2020\/10\/FOLLADOR-DE-ROSSI-300x140.jpg\" alt=\"\" width=\"300\" height=\"140\" srcset=\"https:\/\/www.radiopiu.net\/wordpress\/wp-content\/uploads\/2020\/10\/FOLLADOR-DE-ROSSI-300x140.jpg 300w, https:\/\/www.radiopiu.net\/wordpress\/wp-content\/uploads\/2020\/10\/FOLLADOR-DE-ROSSI-1024x477.jpg 1024w, https:\/\/www.radiopiu.net\/wordpress\/wp-content\/uploads\/2020\/10\/FOLLADOR-DE-ROSSI-768x358.jpg 768w, https:\/\/www.radiopiu.net\/wordpress\/wp-content\/uploads\/2020\/10\/FOLLADOR-DE-ROSSI-1536x716.jpg 1536w, https:\/\/www.radiopiu.net\/wordpress\/wp-content\/uploads\/2020\/10\/FOLLADOR-DE-ROSSI-2048x954.jpg 2048w, https:\/\/www.radiopiu.net\/wordpress\/wp-content\/uploads\/2020\/10\/FOLLADOR-DE-ROSSI-640x298.jpg 640w\" sizes=\"auto, (max-width: 300px) 100vw, 300px\" \/><\/a><\/h2>\n<p>&nbsp;<\/p>\n<p>&nbsp;<\/p>\n<p>&nbsp;<\/p>\n<p><strong>di Claudio Fontanive<\/strong><\/p>\n<audio class=\"wp-audio-shortcode\" id=\"audio-169795-6\" preload=\"none\" style=\"width: 100%;\" controls=\"controls\"><source type=\"audio\/mpeg\" src=\"https:\/\/www.radiopiu.net\/wordpress\/wp-content\/uploads\/2020\/10\/dino-preloran.mp3?_=6\" \/><a href=\"https:\/\/www.radiopiu.net\/wordpress\/wp-content\/uploads\/2020\/10\/dino-preloran.mp3\">https:\/\/www.radiopiu.net\/wordpress\/wp-content\/uploads\/2020\/10\/dino-preloran.mp3<\/a><\/audio>\n<p>&nbsp;<\/p>\n\n\t\t\t<style type='text\/css'>\n\t\t\t\t#gallery-8 {\n\t\t\t\t\tmargin: auto;\n\t\t\t\t}\n\t\t\t\t#gallery-8 .gallery-item {\n\t\t\t\t\tfloat: left;\n\t\t\t\t\tmargin-top: 10px;\n\t\t\t\t\ttext-align: center;\n\t\t\t\t\twidth: 33%;\n\t\t\t\t}\n\t\t\t\t#gallery-8 img {\n\t\t\t\t\tborder: 2px solid #cfcfcf;\n\t\t\t\t}\n\t\t\t\t#gallery-8 .gallery-caption {\n\t\t\t\t\tmargin-left: 0;\n\t\t\t\t}\n\t\t\t\t\/* see gallery_shortcode() in wp-includes\/media.php *\/\n\t\t\t<\/style>\n\t\t<div id='gallery-8' class='dt-gallery-container gallery galleryid-169795 gallery-columns-3 gallery-size-thumbnail'><dl class='gallery-item'>\n\t\t\t\t<dt class='gallery-icon landscape'>\n\t\t\t\t\t<a class=\"rollover rollover-zoom dt-pswp-item\" title=\"d43b0edc-f6b1-4f9b-87b6-a00682e5f0d9\" data-dt-img-description=\"\" data-large_image_width=\"2048\" data-large_image_height=\"1024\"href='https:\/\/www.radiopiu.net\/wordpress\/wp-content\/uploads\/2020\/10\/d43b0edc-f6b1-4f9b-87b6-a00682e5f0d9.jpg'><img loading=\"lazy\" decoding=\"async\" width=\"150\" height=\"150\" src=\"https:\/\/www.radiopiu.net\/wordpress\/wp-content\/uploads\/2020\/10\/d43b0edc-f6b1-4f9b-87b6-a00682e5f0d9-150x150.jpg\" class=\"attachment-thumbnail size-thumbnail\" alt=\"\" \/><\/a>\n\t\t\t\t<\/dt><\/dl><dl class='gallery-item'>\n\t\t\t\t<dt class='gallery-icon landscape'>\n\t\t\t\t\t<a class=\"rollover rollover-zoom dt-pswp-item\" title=\"a649aa6e-396c-4f47-85f5-ca2f998297b1\" data-dt-img-description=\"\" data-large_image_width=\"2048\" data-large_image_height=\"1024\"href='https:\/\/www.radiopiu.net\/wordpress\/wp-content\/uploads\/2020\/10\/a649aa6e-396c-4f47-85f5-ca2f998297b1.jpg'><img loading=\"lazy\" decoding=\"async\" width=\"150\" height=\"150\" src=\"https:\/\/www.radiopiu.net\/wordpress\/wp-content\/uploads\/2020\/10\/a649aa6e-396c-4f47-85f5-ca2f998297b1-150x150.jpg\" class=\"attachment-thumbnail size-thumbnail\" alt=\"\" \/><\/a>\n\t\t\t\t<\/dt><\/dl><dl class='gallery-item'>\n\t\t\t\t<dt class='gallery-icon landscape'>\n\t\t\t\t\t<a class=\"rollover rollover-zoom dt-pswp-item\" title=\"a3c2ab70-8104-4f7e-a5de-e81812be94e0\" data-dt-img-description=\"\" data-large_image_width=\"2048\" data-large_image_height=\"1024\"href='https:\/\/www.radiopiu.net\/wordpress\/wp-content\/uploads\/2020\/10\/a3c2ab70-8104-4f7e-a5de-e81812be94e0.jpg'><img loading=\"lazy\" decoding=\"async\" width=\"150\" height=\"150\" src=\"https:\/\/www.radiopiu.net\/wordpress\/wp-content\/uploads\/2020\/10\/a3c2ab70-8104-4f7e-a5de-e81812be94e0-150x150.jpg\" class=\"attachment-thumbnail size-thumbnail\" alt=\"\" \/><\/a>\n\t\t\t\t<\/dt><\/dl><br style=\"clear: both\" \/>\n\t\t\t<\/div>\n\n<p>&nbsp;<\/p>\n<hr \/>\n<p>&nbsp;<\/p>\n<blockquote>\n<h3>CONCORSO PUBBLICO PER L&#8217;ASSUNZIONE DI UN ISTRUTTORE TECNICO E UN AGENTE DI POLIZIA LOCALE<\/h3>\n<\/blockquote>\n<p><strong>PEDAVENA<\/strong> Concorso pubblico per l&#8217;assunzione a tempo indeterminato e pieno di un istruttore tecnico categoria C1 presso l\u2019Area Tecnica del Comune di Pedavena, presso lo stesso Comune altro concorso per l&#8217;assunzione a tempo indeterminato e pieno di un Agente di Polizia Locale categoria C1.\u00a0 Le domande di partecipazione dovranno pervenire all&#8217;ufficio protocollo dell&#8217;Unione Montana Feltrina. Informazioni sul sito istituzionale dell&#8217;ente.\u00a0 Termine di scadenza per la presentazione delle domande alle 12 del\u00a0 10 dicembre.<\/p>\n<div>\n<div class=\"o9v6fnle cxmmr5t8 oygrvhab hcukyx3x c1et5uql ii04i59q\">\n<div dir=\"auto\"><\/div>\n<div dir=\"auto\"><\/div>\n<div dir=\"auto\"><\/div>\n<hr \/>\n<p>&nbsp;<\/p>\n<blockquote>\n<h3>DILLO A RADIO PIU&#8217;&#8230;IL MICRONIDO GIROTONDO DI CENCENIGHE<\/h3>\n<\/blockquote>\n<p><strong><a class=\"dt-pswp-item\" href=\"https:\/\/www.radiopiu.net\/wordpress\/wp-content\/uploads\/2016\/01\/logo-radiopic3b9.png\" data-dt-img-description=\"\" data-large_image_width=\"483\" data-large_image_height=\"374\"><img loading=\"lazy\" decoding=\"async\" class=\"size-medium wp-image-15787 alignleft\" src=\"https:\/\/www.radiopiu.net\/wordpress\/wp-content\/uploads\/2016\/01\/logo-radiopic3b9-300x232.png\" alt=\"\" width=\"300\" height=\"232\" \/><\/a>RADIO PIU&#8217;\u00a0<\/strong>Riceviamo e pubblichiamo una lettera di due genitori sul Micronido Girotondo di Cencenighe.<\/p>\n<blockquote>\n<div dir=\"auto\"><em>Siamo molto felici che il 12 ottobre scorso abbia finalmente riaperto il &#8220;Micronido Girotondo&#8221; di Cencenighe, unico asilo nido dell&#8217;Alto Agordino. Vogliamo ringraziare chi si \u00e8 adoperato per la riapertura di questa struttura che \u00e8 di fondamentale importanza per le famiglie che abitano in Val del Biois e nella Val Cordevole: \u00e8 facile criticare e lamentarsi quando vengono tagliati i servizi, ma \u00e8 altres\u00ec doveroso spendere delle parole di riconoscimento quando vengono ripristinati. Per questo motivo rivolgiamo un sentito ringraziamento alle Amministrazioni Comunali, a Croce Blu e soprattutto alle maestre e collaboratrici le quali, nonostante le difficolt\u00e0, hanno resistito con determinazione, dimostrando ammirabile dedizione e amore per la propria professione.\u00a0Auguriamo buon lavoro a Lorena, Daniela, Lucrezia e Franca e buon divertimento a tutti i piccoli.\u00a0<\/em><\/div>\n<p dir=\"auto\"><em>Con sincera riconoscenza, due genitori\u00a0\u00a0<\/em><\/p>\n<p dir=\"auto\">\n<\/blockquote>\n<hr \/>\n<blockquote>\n<h3><\/h3>\n<\/blockquote>\n<h3><\/h3>\n<blockquote>\n<h3>AUGURI PIU&#8217; SUPER NONNA EMMA OGGI CENTENARIA<\/h3>\n<\/blockquote>\n<p><strong><a class=\"dt-pswp-item\" href=\"https:\/\/www.radiopiu.net\/wordpress\/wp-content\/uploads\/2020\/11\/f6b03c97-863f-4a1e-a734-b9e3a5a88796.jpg\" data-dt-img-description=\"\" data-large_image_width=\"900\" data-large_image_height=\"1600\"><img loading=\"lazy\" decoding=\"async\" class=\"size-medium wp-image-169834 alignleft\" src=\"https:\/\/www.radiopiu.net\/wordpress\/wp-content\/uploads\/2020\/11\/f6b03c97-863f-4a1e-a734-b9e3a5a88796-169x300.jpg\" alt=\"\" width=\"169\" height=\"300\" srcset=\"https:\/\/www.radiopiu.net\/wordpress\/wp-content\/uploads\/2020\/11\/f6b03c97-863f-4a1e-a734-b9e3a5a88796-169x300.jpg 169w, https:\/\/www.radiopiu.net\/wordpress\/wp-content\/uploads\/2020\/11\/f6b03c97-863f-4a1e-a734-b9e3a5a88796-576x1024.jpg 576w, https:\/\/www.radiopiu.net\/wordpress\/wp-content\/uploads\/2020\/11\/f6b03c97-863f-4a1e-a734-b9e3a5a88796-768x1365.jpg 768w, https:\/\/www.radiopiu.net\/wordpress\/wp-content\/uploads\/2020\/11\/f6b03c97-863f-4a1e-a734-b9e3a5a88796-864x1536.jpg 864w, https:\/\/www.radiopiu.net\/wordpress\/wp-content\/uploads\/2020\/11\/f6b03c97-863f-4a1e-a734-b9e3a5a88796.jpg 900w\" sizes=\"auto, (max-width: 169px) 100vw, 169px\" \/><\/a>LIMANA<\/strong>: Nonna Emma\u00a0 ieri ha compiuto 100 anni. Il giorno che precede la festa lo ha trascorso nei boschi vicino casa andando a funghi. Originaria di Verona con il matrimonio si \u00e8 trasferita a Limana nel 1946, l&#8217;anno del Referendum della Repubblica Monarchica.<\/p>\n<h3>Ieri il taglio della torta con le figlie\u00a0 Lina e Alida, le nipoti Michela, Serena, Valentina e Alessandra e i\u00a0 pronipoti Nicole, Mattia e Chiara.<\/h3>\n<p>&nbsp;<\/p>\n<p>&nbsp;<\/p>\n<p>&nbsp;<\/p>\n<p>&nbsp;<\/p>\n<p>&nbsp;<\/p>\n<p>&nbsp;<\/p>\n<p>&nbsp;<\/p>\n<p>&nbsp;<\/p>\n<hr \/>\n<p>&nbsp;<\/p>\n<blockquote>\n<h3>\u201cFIORI D\u2019INVERNO\u201d: PROSA E POESIE DEL CESIOLINO GIOVANNI SACCHET<\/h3>\n<\/blockquote>\n<p><strong>di\u00a0Renato\u00a0<\/strong><b>Bona\u00a0<\/b><\/p>\n<p><strong>BELLUNO<\/strong> Il 10 febbraio del 2004, l\u2019amico Giovanni Sacchet mi regalava il suo libro \u201cFiori d\u2019inverno. Poesie e prosa\u201d, edizioni Rocciaviva, finito di stampare nel dicembre 2003 dalla bellunese tipografia Nero su Bianco, impaginazione di Apfel Workshop. Nella dedica personale scriveva: \u201cA Renato Bona, emerito giornalista che dopo tanti anni ha reso pubblico il mio pensiero sul momento pi\u00f9 importante della mia vita, vada la mia stima pi\u00f9 schietta ed il pi\u00f9 cordiale abbraccio\u201d, dedica estesa \u201cA tutti coloro che hanno un cuore\u2026\u201d. Rivolto a \u201cQuell\u2019impareggiabile personaggio che cerca la compagnia di uomini umili e sinceri dai quali poter capire dallo sguardo, dalle parole, dall\u2019abilit\u00e0 nei lavori tramandati dai loro avi, quella serena saggezza che cerchiamo invano\u201d Sacchet aggiungeva, per ringraziarlo per il concreto sostegno garantito per la pubblicazione del libro: \u201cEra ed \u00e8 motivo d\u2019orgoglio far sapere a chiunque che Roberto Sorgato \u00e8 mio cugino e, come dice lui, l\u2019unico parente vero amico, con assoluta reciprocit\u00e0\u201d. E sempre per esprimere gratitudine citava: l\u2019allora presidente della Provincia di Belluno, Oscar De Bona, la prof. Flavia Colle, assessore alla cultura dello stesso ente, le poetesse Federica Da Col ed Eliana Olivotto, la dott. Tamara Rech, e &#8211; di nuovo &#8211; chi stende queste note: \u201cDevo a Renato Bona, allora redattore capo de \u2018Il Gazzettino\u2019 di Belluno la mia prima apparizione su quel giornale con il racconto \u2018Giornata di pesca\u2019. Con questo signore semplice ma di profonda umanit\u00e0 e intelletto, poche parole sono bastate per conoscerci reciprocamente. Come potrei mai dimenticarlo? Grazie mille volte e ancora\u201d. Chiusa la parentesi con i suoi riflessi anche personali che ovviamente apprezzo, volentieri ricordo che la pubblicazione in questione contiene nove brani di prosa: Giornata di pesca, Care e vecchie pure acque della Salmenega, Gli scarponi di Tilman, All\u2019ombra di sette montagne, Le valigie della contessa, Ricordo di Bank, Nella Val di Canzoi non \u00e8 ancora svelato il mistero di Brando, Ciccio Caputo Tenente \u201ca sussistenza\u201d, Al Ponte di Umin, e ben 77 poesie (alcune, poche, in dialetto, una in francese), oltre alla riproduzione di 3 ceramiche e di un disegno a matite colorate opera &#8211; come la copertina &#8211; dello stesso Sacchet del quale peraltro mi pare opportuno a questo punto tracciare un sintetico profilo: nato a Cesiomaggiore il 28 agosto 1924, dopo elementari e medie frequenta il commerciale \u201cColotti\u201d a Feltre \u201cdove trascorre la prima parte della sua vita da studente nella pi\u00f9 beata gogliardia\u201d. Nel maggio 1944, ad Udine, il diploma di ragioniere. Tornato al paese natale, prende contatti con Mario Cor\u00e0 ed entra nel movimento di Resistenza col compito di registrare i messaggi segreti che venivano diffusi da Radio Londra e di portarli al comando di Pietena. Contemporaneamente collabora con la formazione territoriale che faceva capo ad Oreste Gris. A fine \u201944 entra nella Todt, pur continuando i contatti con la brigata. Dopo la guerra, servizio militare nell\u2019Aeronautica e quindi, nel giugno 1948, ritorno alla vita civile con alcuni anni di attesa per un lavoro. Intanto scrive \u201cdecine e centinaia di lunghe lettere a chiunque avesse il piacere di leggerle, compone di getto sonetti endecasillabi\u201d. Dopo vari lavori saltuari vince un concorso ed \u00e8 assunto da Cariverona; far\u00e0 per anni il bancario \u201ccontinuando a coltivare le profonde passioni per la letteratura, la pittura e la ceramica\u201d. Quelle che, sinteticamente, ha esposto con i suoi lavori in \u201cFiori d\u2019Inverno\u201d quando &#8211; scrivevo in presentazione &#8211; \u201cMeritatamente tagliato il traguardo della quiescenza, Giovanni Sacchet, bancario con \u2018qualcosa dentro\u2019 in pi\u00f9, diverso perch\u00e9 pi\u00f9 nobile delle cifre, delle scadenze, degli assegni, delle cambiali, ha voluto e saputo uscire allo scoperto per proporsi con una serie di pregevoli composizioni poetiche ma non solo. Queste hanno dapprima trovato ospitalit\u00e0 in pubblicazioni locali e ora, giustamente approdano in un volume che consente anche al grande pubblico di apprezzare nel complesso l\u2019estro di questo autore che a buon diritto si ritaglia un proprio spazio non secondario nel panorama letterario di casa nostra\u2026\u201d. Aggiungevo: \u201cFinalmente, circostanze favorevoli ne consentono l\u2019esordio. Ed \u00e8 subito apprezzamento non di maniera per un autore che in punta di penna, senza arzigogoli, con quel tanto di sentimento che \u00e8 capace di compensare qualche audacia lessicale o metrica, ci propone una accattivante serie di situazioni, luoghi, di personaggi che sono parte importante del suo vissuto, in cui qualcuno potr\u00e0 riconoscersi ma che possono essere comunque fatte proprie dal lettore, nella consapevolezza che \u2018c\u2019\u00e8 qualcosa nell\u2019aria\u2026\u2019. Un qualcosa che sa di buono, che ti invoglia a condividere il mondo davvero non solo fantastico dell\u2019autore. Che potrebbe apparire un libertino con le sue numerose rievocazioni amorose &#8211; quasi un intero calendario scandito al femminile &#8211; ma\u2026 come porre limiti al sentimento, alla passione vera o magari solo immaginaria, chiss\u00e0, forse rimasta speranza? Quel che \u00e8 certo \u00e8 che Giovanni da del tu all\u2019amore. Ne chiede per s\u00e9, come \u00e8 giusto, \u00e8 disposto a darne molto, come non a tutti accade. E allora, ammirazione e anche un tantino di invidia per uno che manifesta (e realizza?) cos\u00ec bene il suo sentire, i suoi desideri, le sue speranze\u201d. Dal canto suo, il prof. Francesco Piero Franchi richiamava il fatto che: \u201c\u2026 Come ai primitivi indigeni, anche a Giovanni sono apparsi i \u2018basilisk\u2019, seguendo le regole previste tramandate da generazioni. Dopo un fatto cos\u00ec, hai un bel andartene, crescere, volare su aerei, lavorare in banca, scrivere sui giornali. Da questi vincoli non ci si libera mai, per fortuna\u201d. Si riferiva a quando, a quota 1750, ore 11 circa del 15 agosto 1938 \u201ccon tutte le condizioni favorevoli dell\u2019adolescenza inquieta, dell\u2019estate montana e dell\u2019ora meridiana, nel cuore pastorale e montano di un paesaggio arcaico, la terra ha parlato, ha mandato i messaggieri\u2026\u201d.<\/p>\n\n\t\t\t<style type='text\/css'>\n\t\t\t\t#gallery-9 {\n\t\t\t\t\tmargin: auto;\n\t\t\t\t}\n\t\t\t\t#gallery-9 .gallery-item {\n\t\t\t\t\tfloat: left;\n\t\t\t\t\tmargin-top: 10px;\n\t\t\t\t\ttext-align: center;\n\t\t\t\t\twidth: 25%;\n\t\t\t\t}\n\t\t\t\t#gallery-9 img {\n\t\t\t\t\tborder: 2px solid #cfcfcf;\n\t\t\t\t}\n\t\t\t\t#gallery-9 .gallery-caption {\n\t\t\t\t\tmargin-left: 0;\n\t\t\t\t}\n\t\t\t\t\/* see gallery_shortcode() in wp-includes\/media.php *\/\n\t\t\t<\/style>\n\t\t<div id='gallery-9' class='dt-gallery-container gallery galleryid-169795 gallery-columns-4 gallery-size-thumbnail'><dl class='gallery-item'>\n\t\t\t\t<dt class='gallery-icon portrait'>\n\t\t\t\t\t<a class=\"rollover rollover-zoom dt-pswp-item\" title=\"123442968_852229275315934_8091778933015636727_n\" data-dt-img-description=\"\" data-large_image_width=\"1462\" data-large_image_height=\"1486\"href='https:\/\/www.radiopiu.net\/wordpress\/wp-content\/uploads\/2020\/11\/123442968_852229275315934_8091778933015636727_n.jpg'><img loading=\"lazy\" decoding=\"async\" width=\"150\" height=\"150\" src=\"https:\/\/www.radiopiu.net\/wordpress\/wp-content\/uploads\/2020\/11\/123442968_852229275315934_8091778933015636727_n-150x150.jpg\" class=\"attachment-thumbnail size-thumbnail\" alt=\"\" \/><\/a>\n\t\t\t\t<\/dt><\/dl><dl class='gallery-item'>\n\t\t\t\t<dt class='gallery-icon portrait'>\n\t\t\t\t\t<a class=\"rollover rollover-zoom dt-pswp-item\" title=\"123434072_1083462435443517_2557521034080564920_n\" data-dt-img-description=\"\" data-large_image_width=\"1076\" data-large_image_height=\"2048\"href='https:\/\/www.radiopiu.net\/wordpress\/wp-content\/uploads\/2020\/11\/123434072_1083462435443517_2557521034080564920_n.jpg'><img loading=\"lazy\" decoding=\"async\" width=\"150\" height=\"150\" src=\"https:\/\/www.radiopiu.net\/wordpress\/wp-content\/uploads\/2020\/11\/123434072_1083462435443517_2557521034080564920_n-150x150.jpg\" class=\"attachment-thumbnail size-thumbnail\" alt=\"\" \/><\/a>\n\t\t\t\t<\/dt><\/dl><dl class='gallery-item'>\n\t\t\t\t<dt class='gallery-icon portrait'>\n\t\t\t\t\t<a class=\"rollover rollover-zoom dt-pswp-item\" title=\"123466978_269042931192680_2798223273011989315_n\" data-dt-img-description=\"\" data-large_image_width=\"1425\" data-large_image_height=\"2048\"href='https:\/\/www.radiopiu.net\/wordpress\/wp-content\/uploads\/2020\/11\/123466978_269042931192680_2798223273011989315_n.jpg'><img loading=\"lazy\" decoding=\"async\" width=\"150\" height=\"150\" src=\"https:\/\/www.radiopiu.net\/wordpress\/wp-content\/uploads\/2020\/11\/123466978_269042931192680_2798223273011989315_n-150x150.jpg\" class=\"attachment-thumbnail size-thumbnail\" alt=\"\" \/><\/a>\n\t\t\t\t<\/dt><\/dl><dl class='gallery-item'>\n\t\t\t\t<dt class='gallery-icon portrait'>\n\t\t\t\t\t<a class=\"rollover rollover-zoom dt-pswp-item\" title=\"123531680_1038766949879749_8192264510423480343_n\" data-dt-img-description=\"\" data-large_image_width=\"1805\" data-large_image_height=\"2048\"href='https:\/\/www.radiopiu.net\/wordpress\/wp-content\/uploads\/2020\/11\/123531680_1038766949879749_8192264510423480343_n.jpg'><img loading=\"lazy\" decoding=\"async\" width=\"150\" height=\"150\" src=\"https:\/\/www.radiopiu.net\/wordpress\/wp-content\/uploads\/2020\/11\/123531680_1038766949879749_8192264510423480343_n-150x150.jpg\" class=\"attachment-thumbnail size-thumbnail\" alt=\"\" \/><\/a>\n\t\t\t\t<\/dt><\/dl><br style=\"clear: both\" \/><dl class='gallery-item'>\n\t\t\t\t<dt class='gallery-icon portrait'>\n\t\t\t\t\t<a class=\"rollover rollover-zoom dt-pswp-item\" title=\"123460775_2719751281573189_5302308035970613990_n\" data-dt-img-description=\"\" data-large_image_width=\"1275\" data-large_image_height=\"2048\"href='https:\/\/www.radiopiu.net\/wordpress\/wp-content\/uploads\/2020\/11\/123460775_2719751281573189_5302308035970613990_n.jpg'><img loading=\"lazy\" decoding=\"async\" width=\"150\" height=\"150\" src=\"https:\/\/www.radiopiu.net\/wordpress\/wp-content\/uploads\/2020\/11\/123460775_2719751281573189_5302308035970613990_n-150x150.jpg\" class=\"attachment-thumbnail size-thumbnail\" alt=\"\" \/><\/a>\n\t\t\t\t<\/dt><\/dl><dl class='gallery-item'>\n\t\t\t\t<dt class='gallery-icon landscape'>\n\t\t\t\t\t<a class=\"rollover rollover-zoom dt-pswp-item\" title=\"123455621_1230369120667704_3403916208015191697_n\" data-dt-img-description=\"\" data-large_image_width=\"2048\" data-large_image_height=\"1660\"href='https:\/\/www.radiopiu.net\/wordpress\/wp-content\/uploads\/2020\/11\/123455621_1230369120667704_3403916208015191697_n.jpg'><img loading=\"lazy\" decoding=\"async\" width=\"150\" height=\"150\" src=\"https:\/\/www.radiopiu.net\/wordpress\/wp-content\/uploads\/2020\/11\/123455621_1230369120667704_3403916208015191697_n-150x150.jpg\" class=\"attachment-thumbnail size-thumbnail\" alt=\"\" \/><\/a>\n\t\t\t\t<\/dt><\/dl><dl class='gallery-item'>\n\t\t\t\t<dt class='gallery-icon portrait'>\n\t\t\t\t\t<a class=\"rollover rollover-zoom dt-pswp-item\" title=\"123505775_1538275409704142_6253458175901127715_n\" data-dt-img-description=\"\" data-large_image_width=\"1322\" data-large_image_height=\"2048\"href='https:\/\/www.radiopiu.net\/wordpress\/wp-content\/uploads\/2020\/11\/123505775_1538275409704142_6253458175901127715_n.jpg'><img loading=\"lazy\" decoding=\"async\" width=\"150\" height=\"150\" src=\"https:\/\/www.radiopiu.net\/wordpress\/wp-content\/uploads\/2020\/11\/123505775_1538275409704142_6253458175901127715_n-150x150.jpg\" class=\"attachment-thumbnail size-thumbnail\" alt=\"\" \/><\/a>\n\t\t\t\t<\/dt><\/dl>\n\t\t\t\t<br style='clear: both' \/>\n\t\t\t<\/div>\n\n<p>NELLE FOTO (riproduzioni dal libro \u201cFiori d\u2019Inverno\u201d): Giovanni Sacchet; la copertina del suo libro di poesie e prosa con il disegno di \u201cPasqua Mave\u201d; la dedica per me; \u201cMiss Savoia 1951\u201d: ceramica multicolore; \u201cArlecchino\u201d, ceramica a terzo fuoco, multicolore; \u201cFlora distesa\u201dmatite colorate; \u201cAmore mitologico\u201d, ceramica con figure rosse su fondo nero.<\/p>\n<p>&nbsp;<\/p>\n<p>&nbsp;<\/p>\n<hr \/>\n<p>&nbsp;<\/p>\n<p><a class=\"dt-pswp-item\" href=\"https:\/\/www.radiopiu.net\/wordpress\/wp-content\/uploads\/2018\/09\/appuntamenti.jpeg\" data-dt-img-description=\"\" data-large_image_width=\"800\" data-large_image_height=\"100\"><img loading=\"lazy\" decoding=\"async\" class=\"aligncenter wp-image-61958 size-full\" src=\"https:\/\/www.radiopiu.net\/wordpress\/wp-content\/uploads\/2018\/09\/appuntamenti.jpeg\" alt=\"\" width=\"800\" height=\"100\" srcset=\"https:\/\/www.radiopiu.net\/wordpress\/wp-content\/uploads\/2018\/09\/appuntamenti.jpeg 800w, https:\/\/www.radiopiu.net\/wordpress\/wp-content\/uploads\/2018\/09\/appuntamenti-300x38.jpeg 300w, https:\/\/www.radiopiu.net\/wordpress\/wp-content\/uploads\/2018\/09\/appuntamenti-768x96.jpeg 768w\" sizes=\"auto, (max-width: 800px) 100vw, 800px\" \/><\/a><\/p>\n<p>&nbsp;<\/p>\n<blockquote>\n<h3>MOSTRA FOTOGRAFICA \u201cPENSARE IN BIANCO E NERO, VEDERE A COLORI\u201d<\/h3>\n<\/blockquote>\n<p><strong><a class=\"dt-pswp-item\" href=\"https:\/\/www.radiopiu.net\/wordpress\/wp-content\/uploads\/2020\/10\/irene-pampanin-e-paolo-mecca.jpg\" data-dt-img-description=\"\" data-large_image_width=\"750\" data-large_image_height=\"562\"><img loading=\"lazy\" decoding=\"async\" class=\" wp-image-169130 alignleft\" src=\"https:\/\/www.radiopiu.net\/wordpress\/wp-content\/uploads\/2020\/10\/irene-pampanin-e-paolo-mecca-300x225.jpg\" alt=\"\" width=\"220\" height=\"165\" srcset=\"https:\/\/www.radiopiu.net\/wordpress\/wp-content\/uploads\/2020\/10\/irene-pampanin-e-paolo-mecca-300x225.jpg 300w, https:\/\/www.radiopiu.net\/wordpress\/wp-content\/uploads\/2020\/10\/irene-pampanin-e-paolo-mecca.jpg 750w\" sizes=\"auto, (max-width: 220px) 100vw, 220px\" \/><\/a>PONTE NELLE ALPI<\/strong>\u00a0 Un percorso attraverso la visione fotografica: questa la mostra del Circolo Fotografico Bellunese \u201cMario De Biasi\u201d dal titolo \u201cPensare in bianco e nero, vedere a colori\u201d. L\u2019esposizione sar\u00e0 visibile fino al 14 novembre al bar pasticceria La Tour Eiffel di Ponte nelle Alpi durante gli orari di apertura del locale. In esposizione sono le foto di due soci del Circolo, Paolo Mecca di Agordo e Irene Pampanin di Selva di Cadore. Paolo Mecca propone una visione a colori, forti suggestioni in un luogo dove si compenetrano in maniera sempre diversa acqua e cielo, realt\u00e0 e fantasia; dove l\u2019uomo \u00e8 solo spettatore di fronte alla bellezza della natura. Irene Pampanin propone il bianco e nero, luoghi senza tempo in cui l\u2019apparente immobilit\u00e0 viene interrotta da elementi che ne suggeriscono una presenza: siano essi solo un\u2019ombra, una preghiera o una poesia.<\/p>\n<p>&nbsp;<\/p>\n<p>&nbsp;<\/p>\n<hr \/>\n<p>&nbsp;<\/p>\n<h2><span style=\"color: #ff0000;\">IERI ALLA RADIO<\/span><\/h2>\n<h2><span style=\"color: #ff6600;\"><a class=\"dt-pswp-item\" href=\"https:\/\/www.radiopiu.net\/wordpress\/wp-content\/uploads\/2020\/10\/DON-AUGUSTO-ANTONIOL-e1604209044624.png\" data-dt-img-description=\"\" data-large_image_width=\"500\" data-large_image_height=\"500\"><img loading=\"lazy\" decoding=\"async\" class=\" wp-image-169686 alignleft\" src=\"https:\/\/www.radiopiu.net\/wordpress\/wp-content\/uploads\/2020\/10\/DON-AUGUSTO-ANTONIOL-e1604209044624-300x300.png\" alt=\"\" width=\"178\" height=\"178\" srcset=\"https:\/\/www.radiopiu.net\/wordpress\/wp-content\/uploads\/2020\/10\/DON-AUGUSTO-ANTONIOL-e1604209044624-300x300.png 300w, https:\/\/www.radiopiu.net\/wordpress\/wp-content\/uploads\/2020\/10\/DON-AUGUSTO-ANTONIOL-e1604209044624-150x150.png 150w, https:\/\/www.radiopiu.net\/wordpress\/wp-content\/uploads\/2020\/10\/DON-AUGUSTO-ANTONIOL-e1604209044624.png 500w\" sizes=\"auto, (max-width: 178px) 100vw, 178px\" \/><\/a>LA RASSEGNA STAMPA DA L&#8217;AMICO DEL POPOLO<\/span><\/h2>\n<p><strong>di Gianni Santomaso\u00a0<\/strong><\/p>\n<p>OSPITE: Don Augusto Antoniol<\/p>\n<audio class=\"wp-audio-shortcode\" id=\"audio-169795-7\" preload=\"none\" style=\"width: 100%;\" controls=\"controls\"><source type=\"audio\/mpeg\" src=\"https:\/\/www.radiopiu.net\/wordpress\/wp-content\/uploads\/2020\/10\/RASSEGNA-GIANNI-5.mp3?_=7\" \/><a href=\"https:\/\/www.radiopiu.net\/wordpress\/wp-content\/uploads\/2020\/10\/RASSEGNA-GIANNI-5.mp3\">https:\/\/www.radiopiu.net\/wordpress\/wp-content\/uploads\/2020\/10\/RASSEGNA-GIANNI-5.mp3<\/a><\/audio>\n<p>&nbsp;<\/p>\n<hr \/>\n<p>&nbsp;<\/p>\n<h2><span style=\"color: #808000;\">DUE MINUTI UN LIBRO\u00a0\u00a0<\/span><\/h2>\n<h2>LA RACCOLTA COMPLETA<\/h2>\n<p>&nbsp;<\/p>\n<blockquote class=\"wp-embedded-content\" data-secret=\"Gw5Xo6NT39\"><p><a href=\"https:\/\/www.radiopiu.net\/wordpress\/due-minuti-un-libro\/\">Due minuti un libro<\/a><\/p><\/blockquote>\n<p><iframe loading=\"lazy\" class=\"wp-embedded-content\" sandbox=\"allow-scripts\" security=\"restricted\" style=\"position: absolute; clip: rect(1px, 1px, 1px, 1px);\" title=\"&#8220;Due minuti un libro&#8221; &#8212; Radio Pi\u00f9\" src=\"https:\/\/www.radiopiu.net\/wordpress\/due-minuti-un-libro\/embed\/#?secret=Gw5Xo6NT39\" data-secret=\"Gw5Xo6NT39\" width=\"600\" height=\"338\" frameborder=\"0\" marginwidth=\"0\" marginheight=\"0\" scrolling=\"no\"><\/iframe><\/p>\n<p>&nbsp;<\/p>\n<p>&nbsp;<\/p>\n<hr \/>\n<p>&nbsp;<\/p>\n<div>\n<blockquote>\n<h3>IN VIVO VERSO, DA DOMANI LA TERZA SETTIMANA. DI BRUNELLA MORO OGNI GIORNO DAL LUNEDI AL VENERDI ALLE 7.10, 10.10, 18.50 &#8230;.. LA RADIO E&#8217; POESIA<\/h3>\n<p>Poeti nuovi, per In Vivo Verso, e poeti gi\u00e0 conosciuti e amati, da oggi versi che toccano, che fanno bene al cuore. Soprattutto in questo momento in cui l&#8217; arte e le sue espressioni hanno le ali tarpate.\u00a0 E allora benvenuti e ben rivisti, Bianca Soligo, Nicola Scodro, <a class=\"profileLink\" title=\"Cristina De Iasi\" role=\"button\" href=\"https:\/\/www.facebook.com\/cristina.deiasi?fref=gs&amp;__tn__=%2CdK-R-R&amp;eid=ARDF8_BcprThEZoRduXUv5POvH3JC8qHUBE9M02AIM8590OAKM1STLIXkIoTxXfPm5GQ0D_7HYzU3wZo&amp;dti=1534369250161530&amp;hc_location=group\" rel=\"dialog\" data-hovercard=\"\/ajax\/hovercard\/user.php?id=100006197143711&amp;extragetparams=%7B%22__tn__%22%3A%22%2CdK-R-R%22%2C%22eid%22%3A%22ARDF8_BcprThEZoRduXUv5POvH3JC8qHUBE9M02AIM8590OAKM1STLIXkIoTxXfPm5GQ0D_7HYzU3wZo%22%2C%22fref%22%3A%22gs%22%2C%22directed_target_id%22%3A1534369250161530%2C%22dti%22%3A1534369250161530%2C%22hc_location%22%3A%22group%22%7D\" data-hovercard-prefer-more-content-show=\"1\">Cristina De Iasi<\/a>,<a class=\"profileLink\" title=\"Daniele Sommariva\" role=\"button\" href=\"https:\/\/www.facebook.com\/daniele.sommariva.16?fref=gs&amp;__tn__=%2CdK-R-R&amp;eid=ARAsgq1t3yDPn2lDlrXV8nh7VNu4K_mKT8OCh20rAH8VesA7nOZulOf3c0h7xCc5tI_CaKDmU2MoCeZq&amp;dti=1534369250161530&amp;hc_location=group\" rel=\"dialog\" data-hovercard=\"\/ajax\/hovercard\/user.php?id=1324212097&amp;extragetparams=%7B%22__tn__%22%3A%22%2CdK-R-R%22%2C%22eid%22%3A%22ARAsgq1t3yDPn2lDlrXV8nh7VNu4K_mKT8OCh20rAH8VesA7nOZulOf3c0h7xCc5tI_CaKDmU2MoCeZq%22%2C%22fref%22%3A%22gs%22%2C%22directed_target_id%22%3A1534369250161530%2C%22dti%22%3A1534369250161530%2C%22hc_location%22%3A%22group%22%7D\" data-hovercard-prefer-more-content-show=\"1\">Daniele Sommariva<\/a>\u00a0e il meraviglioso video di\u00a0<a class=\"profileLink\" title=\"Sara Casal\" role=\"button\" href=\"https:\/\/www.facebook.com\/scasal3?fref=gs&amp;__tn__=%2CdK-R-R&amp;eid=ARDu4AIN1Lsy2uZYY6Q2dinwiUa_QvErNKlzCJRGYfdPZbRswVtwJ7UKVcw9Ur_CXXph_uFGaBoIrEwQ&amp;dti=1534369250161530&amp;hc_location=group\" rel=\"dialog\" data-hovercard=\"\/ajax\/hovercard\/user.php?id=100001252180403&amp;extragetparams=%7B%22__tn__%22%3A%22%2CdK-R-R%22%2C%22eid%22%3A%22ARDu4AIN1Lsy2uZYY6Q2dinwiUa_QvErNKlzCJRGYfdPZbRswVtwJ7UKVcw9Ur_CXXph_uFGaBoIrEwQ%22%2C%22fref%22%3A%22gs%22%2C%22directed_target_id%22%3A1534369250161530%2C%22dti%22%3A1534369250161530%2C%22hc_location%22%3A%22group%22%7D\" data-hovercard-prefer-more-content-show=\"1\">Sara Casal<\/a><\/p><\/blockquote>\n<p><span style=\"color: #ff0000;\">\u00a0Brunella Moro<\/span><\/p>\n<blockquote class=\"wp-embedded-content\" data-secret=\"ofzJTquid2\"><p><a href=\"https:\/\/www.radiopiu.net\/wordpress\/in-vivo-verso\/\">In Vivo Verso<\/a><\/p><\/blockquote>\n<p><iframe loading=\"lazy\" class=\"wp-embedded-content\" sandbox=\"allow-scripts\" security=\"restricted\" style=\"position: absolute; clip: rect(1px, 1px, 1px, 1px);\" title=\"&#8220;In Vivo Verso&#8221; &#8212; Radio Pi\u00f9\" src=\"https:\/\/www.radiopiu.net\/wordpress\/in-vivo-verso\/embed\/#?secret=ofzJTquid2\" data-secret=\"ofzJTquid2\" width=\"600\" height=\"338\" frameborder=\"0\" marginwidth=\"0\" marginheight=\"0\" scrolling=\"no\"><\/iframe><\/p>\n<p>&nbsp;<\/p>\n<p>&nbsp;<\/p>\n<hr \/>\n<p>&nbsp;<\/p>\n<div>\n<h2><span style=\"color: #33cccc;\">I RACCONTI DI PAOLO SOPPELSA il lunedi alle 9.30 e 18.30<\/span><\/h2>\n<h2><span style=\"color: #33cccc;\"><strong>LA RACCOLTA COMPLETA<\/strong><\/span><\/h2>\n<blockquote class=\"wp-embedded-content\" data-secret=\"lqBxOIGoJz\"><p><a href=\"https:\/\/www.radiopiu.net\/wordpress\/i-racconti-di-paolo-soppelsa\/\">I racconti di Paolo Soppelsa<\/a><\/p><\/blockquote>\n<p><iframe loading=\"lazy\" class=\"wp-embedded-content\" sandbox=\"allow-scripts\" security=\"restricted\" style=\"position: absolute; clip: rect(1px, 1px, 1px, 1px);\" title=\"&#8220;I racconti di Paolo Soppelsa&#8221; &#8212; Radio Pi\u00f9\" src=\"https:\/\/www.radiopiu.net\/wordpress\/i-racconti-di-paolo-soppelsa\/embed\/#?secret=lqBxOIGoJz\" data-secret=\"lqBxOIGoJz\" width=\"600\" height=\"338\" frameborder=\"0\" marginwidth=\"0\" marginheight=\"0\" scrolling=\"no\"><\/iframe><\/p>\n<\/div>\n<p>&nbsp;<\/p>\n<hr \/>\n<p>&nbsp;<\/p>\n<h2><strong>LE\u00a0 PUNTATE di Luisa Alchini di Leggermente Bellunesi, la domenica alle 11, il martedi alle 10.30 e alle 19.00\u00a0<\/strong><\/h2>\n<blockquote class=\"wp-embedded-content\" data-secret=\"v5PjWWGa5Q\"><p><a href=\"https:\/\/www.radiopiu.net\/wordpress\/leggermente-20\/\">LEGGERmente&#8230;Bellunesi<\/a><\/p><\/blockquote>\n<p><iframe loading=\"lazy\" class=\"wp-embedded-content\" sandbox=\"allow-scripts\" security=\"restricted\" style=\"position: absolute; clip: rect(1px, 1px, 1px, 1px);\" title=\"&#8220;LEGGERmente&#8230;Bellunesi&#8221; &#8212; Radio Pi\u00f9\" src=\"https:\/\/www.radiopiu.net\/wordpress\/leggermente-20\/embed\/#?secret=v5PjWWGa5Q\" data-secret=\"v5PjWWGa5Q\" width=\"600\" height=\"338\" frameborder=\"0\" marginwidth=\"0\" marginheight=\"0\" scrolling=\"no\"><\/iframe><\/p>\n<hr \/>\n<p>&nbsp;<\/p>\n<blockquote>\n<h3>L&#8217;ALMANACCO LADINO CON L&#8217;ISTITUT CESA DE JAN QUINDICINALE APPUNTAMENTO. LA DOMENICA ALLE 9 IL LUNEDI ALE 8.35 IL MARTEDI ALLE 12.35 IL MERCOLEDI ALLE 18.35. SECONDA STAGIONE.<\/h3>\n<\/blockquote>\n<blockquote class=\"wp-embedded-content\" data-secret=\"GWAd8S4pKe\"><p><a href=\"https:\/\/www.radiopiu.net\/wordpress\/almanacco-ladino\/\">Almanacco Ladino<\/a><\/p><\/blockquote>\n<p><iframe loading=\"lazy\" class=\"wp-embedded-content\" sandbox=\"allow-scripts\" security=\"restricted\" style=\"position: absolute; clip: rect(1px, 1px, 1px, 1px);\" title=\"&#8220;Almanacco Ladino&#8221; &#8212; Radio Pi\u00f9\" src=\"https:\/\/www.radiopiu.net\/wordpress\/almanacco-ladino\/embed\/#?secret=GWAd8S4pKe\" data-secret=\"GWAd8S4pKe\" width=\"600\" height=\"338\" frameborder=\"0\" marginwidth=\"0\" marginheight=\"0\" scrolling=\"no\"><\/iframe><\/p>\n<p>&nbsp;<\/p>\n<\/div>\n<hr \/>\n<div>\n<h2><span style=\"color: #000080;\"><a class=\"dt-pswp-item\" href=\"https:\/\/www.radiopiu.net\/wordpress\/wp-content\/uploads\/2020\/10\/pp.jpg\" data-dt-img-description=\"\" data-large_image_width=\"640\" data-large_image_height=\"640\"><img loading=\"lazy\" decoding=\"async\" class=\"wp-image-163678 alignleft\" src=\"https:\/\/www.radiopiu.net\/wordpress\/wp-content\/uploads\/2020\/10\/pp-300x300.jpg\" alt=\"\" width=\"106\" height=\"106\" srcset=\"https:\/\/www.radiopiu.net\/wordpress\/wp-content\/uploads\/2020\/10\/pp-300x300.jpg 300w, https:\/\/www.radiopiu.net\/wordpress\/wp-content\/uploads\/2020\/10\/pp-150x150.jpg 150w, https:\/\/www.radiopiu.net\/wordpress\/wp-content\/uploads\/2020\/10\/pp-125x125.jpg 125w, https:\/\/www.radiopiu.net\/wordpress\/wp-content\/uploads\/2020\/10\/pp-200x200.jpg 200w, https:\/\/www.radiopiu.net\/wordpress\/wp-content\/uploads\/2020\/10\/pp-80x80.jpg 80w, https:\/\/www.radiopiu.net\/wordpress\/wp-content\/uploads\/2020\/10\/pp-480x480.jpg 480w, https:\/\/www.radiopiu.net\/wordpress\/wp-content\/uploads\/2020\/10\/pp.jpg 640w\" sizes=\"auto, (max-width: 106px) 100vw, 106px\" \/><\/a>DON CESARE, IL PENSIERO DEL GIORNO. ALLA RADIO ALLE 7 DEL MATTINO E ALLE 19.30 DELLA SERA.\u00a0\u00a0<\/span><\/h2>\n<\/div>\n<p>&nbsp;<\/p>\n<p>&nbsp;<\/p>\n<audio class=\"wp-audio-shortcode\" id=\"audio-169795-8\" preload=\"none\" style=\"width: 100%;\" controls=\"controls\"><source type=\"audio\/mpeg\" src=\"https:\/\/www.radiopiu.net\/wordpress\/wp-content\/uploads\/2020\/11\/CESARE-1.mp3?_=8\" \/><a href=\"https:\/\/www.radiopiu.net\/wordpress\/wp-content\/uploads\/2020\/11\/CESARE-1.mp3\">https:\/\/www.radiopiu.net\/wordpress\/wp-content\/uploads\/2020\/11\/CESARE-1.mp3<\/a><\/audio>\n<hr \/>\n<p>&nbsp;<\/p>\n<div>\n<p><a class=\"dt-pswp-item\" href=\"https:\/\/www.radiopiu.net\/wordpress\/wp-content\/uploads\/2018\/09\/viabilita.jpeg\" data-dt-img-description=\"\" data-large_image_width=\"800\" data-large_image_height=\"100\"><img loading=\"lazy\" decoding=\"async\" class=\"aligncenter wp-image-61954 size-full\" src=\"https:\/\/www.radiopiu.net\/wordpress\/wp-content\/uploads\/2018\/09\/viabilita.jpeg\" alt=\"\" width=\"800\" height=\"100\" srcset=\"https:\/\/www.radiopiu.net\/wordpress\/wp-content\/uploads\/2018\/09\/viabilita.jpeg 800w, https:\/\/www.radiopiu.net\/wordpress\/wp-content\/uploads\/2018\/09\/viabilita-300x38.jpeg 300w, https:\/\/www.radiopiu.net\/wordpress\/wp-content\/uploads\/2018\/09\/viabilita-768x96.jpeg 768w\" sizes=\"auto, (max-width: 800px) 100vw, 800px\" \/><\/a><\/p>\n<\/div>\n<p>&nbsp;<\/p>\n<p><strong>SR 473 DI CROCE D&#8217;AUNE\u00a0<\/strong>dal 2 al 20 novembre, dalle 7:30 alle 17 esclusi sabati e domeniche, senso unico alternato regolato da semaforo in localit\u00e0 Croce D&#8217;Aune di Pedavena per ripristino impianto di illuminazione pubblica<\/p>\n<p><strong>SR 203 , localit\u00e0 VIGNOLE<\/strong> dal 2 al 13 novembre senso unico dalle 7.30 alle 8.30 e dalle 16 alle 17 con moviere, dalle 8.30 alle 16 con semaforo<\/p>\n<p><strong>SR 50 SCALE DI PRIMOLANO<\/strong> dal 6 al 18 novembre, dalle 8 alle 12 e dalle 13 alle 18 esclusi sabato e domenica, senso unico alternato regolato da movieri per ripristino piano viabile su cavidotto e-distribuzione<\/p>\n<p><strong>SP 422 DELL&#8217;ALPAGO E DEL CANSIGLIO\u00a0<\/strong>fino al 30 novembre, esclusi sabato e domenica, senso unico alternato regolato da movieri tra Puos e Cornei per posa fibre ottiche<\/p>\n<p><strong>SR 48 DELLE DOLOMITI<\/strong>\u00a0fino al 30 novembre senso unico alternato regolato da impianto semaforico tra Arabba e Cernadoi per consolidamento ciglio stradale e sostituzione barriere di sicurezza<\/p>\n<p><strong>SR 48 DELLE DOLOMITI\u00a0<\/strong>tra i comuni di Livinallongo Del Col Di Lana e Cortina, senso unico alternato regolato da movieri dal 2 al 20 novembre, sabato e domenica compresi, \u00a0per collegamento elettrodotto interrato e-distribuzione<\/p>\n<p><strong>PROVINCIALE 251\u00a0<\/strong> COLLE SANTA LUCIA Fino al 28 novembre senso unico (per asfaltature) compresi sabato e domenica (stessa situazione lungo la 203 agordina in localit\u00e0 Rucav\u00e0)<\/p>\n<p><strong>SP 12 PEDEMONTANA <\/strong>senso unico alternato regolato da impianto semaforico in localit\u00e0 Veses fino al 6 novembre, esclusi sabati e domeniche, per messa in sicurezza versante a monte della strada<\/p>\n<p><strong>SP 3 DELLA VAL IMPERINA<\/strong> fino a revoca, senso unico alternato regolato a vista in localit\u00e0 Gona di Conedera di Rivamonte per cedimento della carreggiata stradale<\/p>\n<p><strong>SR 48 DELLE DOLOMITI<\/strong> fino\u00a0 al 6 novembre (festivi e prefestivi inclusi) senso unico alternato in localit\u00e0 Brenta Comune di Livinallongo del Col di Lana.<\/p>\n<p><strong>SP 49 DI MISURINA <\/strong>fino al\u00a020 novembre, senso unico alternato regolato da impianto semaforico tra Misurina e il confine con la provincia di Bolzano per posa elettrodotto interrato<\/p>\n<p><strong>REGIONALE 203 AGORDINA<\/strong>\u00a0 Fino\u00a0 al 18 dicembre (esclusi festivi e prefestivi) senso unico alternato tra Peron e Candaten con movieri dalle 7.30 alle 9 e dalle 16.30 alle 18. Con semaforo negli altri orari<\/p>\n<p><strong>REGIONALE 203 AGORDINA<\/strong> Fino al 30 novembre (sabato e domenica esclusi) tra Candaten e La Stanga dalle 7.30 alle 9 e dalle 16.30 alle 18 con movieri e negli altri orari con semaforo, senso unico alternato.<\/p>\n<div>\n<p>&nbsp;<\/p>\n<hr \/>\n<p>&nbsp;<\/p>\n<p class=\"photoswipe-wrapper\"><a class=\"dt-pswp-item pspw-wrap-ready\" href=\"https:\/\/i0.wp.com\/www.radiopiu.net\/wordpress\/wp-content\/uploads\/2018\/09\/WhatsApp-Image-2018-09-20-at-16.04.06.jpeg?ssl=1\" data-dt-img-description=\"\" data-large_image_width=\"800\" data-large_image_height=\"100\"><img loading=\"lazy\" decoding=\"async\" class=\"aligncenter wp-image-61378 size-full jetpack-lazy-image jetpack-lazy-image--handled\" src=\"https:\/\/i0.wp.com\/www.radiopiu.net\/wordpress\/wp-content\/uploads\/2018\/09\/WhatsApp-Image-2018-09-20-at-16.04.06.jpeg?resize=800%2C100&amp;ssl=1\" sizes=\"auto, (max-width: 800px) 100vw, 800px\" srcset=\"https:\/\/i0.wp.com\/www.radiopiu.net\/wordpress\/wp-content\/uploads\/2018\/09\/WhatsApp-Image-2018-09-20-at-16.04.06.jpeg?w=800&amp;ssl=1 800w, https:\/\/i0.wp.com\/www.radiopiu.net\/wordpress\/wp-content\/uploads\/2018\/09\/WhatsApp-Image-2018-09-20-at-16.04.06.jpeg?resize=300%2C38&amp;ssl=1 300w, https:\/\/i0.wp.com\/www.radiopiu.net\/wordpress\/wp-content\/uploads\/2018\/09\/WhatsApp-Image-2018-09-20-at-16.04.06.jpeg?resize=768%2C96&amp;ssl=1 768w\" alt=\"\" width=\"800\" height=\"100\" data-lazy-loaded=\"1\" \/><\/a><\/p>\n<\/div>\n<p>&nbsp;<\/p>\n<p><center><b>Lunedi 2<\/b><\/center><b>Tempo atteso:\u00a0<\/b>Tempo in prevalenza soleggiato e mite, con cielo parzialmente velato da nubi alte e sottili. Nella notte e al mattino nebbie nelle zone pi\u00f9 umide della Valbelluna. In serata possibile formazione di nubi basse nelle zone vicine alla pianura e in alcune valli prealpine.<br \/>\n<b>Precipitazioni:\u00a0<\/b>Assenti (0%)<br \/>\n<b>Temperature:\u00a0<\/b>Senza notevoli variazioni, su valori sempre ben al di sopra della norma. Permane l&#8217;inversione termica notturna nelle valli. Su Prealpi a 1500 m min 9\u00b0C max 12\u00b0C, a 2000 m min 9\u00b0C max 11\u00b0C. Su Dolomiti a 2000 m min 8\u00b0C max 11\u00b0C, a 3000 m min 3\u00b0C max 5\u00b0C.<br \/>\n<b>Venti:\u00a0<\/b>Nelle valli generalmente deboli, salvo i consueti rinforzi notturni e del mattino nelle valli che sboccano nella pianura per le forti brezze di monte; in quota da ovest, deboli, solo a tratti moderati sulle cime, 5-10 km\/h a 2000 m, 10-20 km\/h a 3000 m.<\/p>\n<hr \/>\n<p><center><b>Martedi 3<\/b><\/center><b>Tempo atteso:\u00a0<\/b>Sulle Dolomiti giornata bella e ancora mite, con cielo sereno o poco nuvoloso per la presenza di qualche nube a ridosso dei rilievi dalla tarda mattinata. Sulle Prealpi in prevalenza soleggiato, ma con possibilit\u00e0 di nubi basse al primo mattino e soprattutto in serata.<br \/>\n<b>Precipitazioni:\u00a0<\/b>Assenti (0%)<br \/>\n<b>Temperature:\u00a0<\/b>Nelle valli in genere stazionarie, salvo aumentare le minime nei fondovalle prealpini in caso di estese nubi basse notturne; in quota in flessione, ma ancora sensibilmente superiori alla norma e sempre con inversione termica nelle ore pi\u00f9 fredde. Su Prealpi a 1500 m min 7\u00b0C max 12\u00b0C, a 2000 m min 6\u00b0C max 10\u00b0C. Su Dolomiti a 2000 m min 6\u00b0C max 10\u00b0C, a 3000 m min 0\u00b0C max 3\u00b0C<br \/>\n<b>Venti:\u00a0<\/b>Nelle valli generalmente deboli, salvo locali rinforzi per brezze notturne e mattutine; in quota deboli o moderati da sud-ovest, 5-10 km\/h a 2000 m, 10-25 km\/h a 3000 m.<\/p>\n<hr \/>\n<p><center><b>Mercoledi 4<\/b><\/center>Giornata in prevalenza nuvolosa e umida, salvo qualche breve schiarita, con probabilit\u00e0 medio-bassa di precipitazioni deboli o molto deboli, specie sulle zone occidentali, ma in diversi settori saranno anche assenti. Miglioramento in serata. Temperature minime stazionarie, massime in sensibile diminuzione. Venti in quota deboli o moderati da sud-ovest.<\/p>\n<hr \/>\n<p><center><b>Giovedi 5<\/b><\/center>Tempo soleggiato, con alcune nubi a ridosso dei rilievi. Temperature minime in diminuzione, massime in aumento. Venti in quota perlopi\u00f9 deboli, settentrionali. Previsore: B.R.<\/p>\n<p>&nbsp;<\/p>\n<hr \/>\n<p>&nbsp;<\/p>\n<p><a class=\"dt-pswp-item\" href=\"https:\/\/www.radiopiu.net\/wordpress\/wp-content\/uploads\/2018\/09\/sport.jpg\" data-dt-img-description=\"\" data-large_image_width=\"800\" data-large_image_height=\"100\"><img loading=\"lazy\" decoding=\"async\" class=\"wp-image-60761 size-full aligncenter\" src=\"https:\/\/www.radiopiu.net\/wordpress\/wp-content\/uploads\/2018\/09\/sport.jpg\" alt=\"\" width=\"800\" height=\"100\" srcset=\"https:\/\/www.radiopiu.net\/wordpress\/wp-content\/uploads\/2018\/09\/sport.jpg 800w, https:\/\/www.radiopiu.net\/wordpress\/wp-content\/uploads\/2018\/09\/sport-300x38.jpg 300w, https:\/\/www.radiopiu.net\/wordpress\/wp-content\/uploads\/2018\/09\/sport-768x96.jpg 768w\" sizes=\"auto, (max-width: 800px) 100vw, 800px\" \/><\/a><\/p>\n<p>&nbsp;<\/p>\n<blockquote>\n<h3>TUTTO LO SPORT SI FERMA&#8230;O QUASI<\/h3>\n<\/blockquote>\n<p><strong><a class=\"dt-pswp-item\" href=\"https:\/\/www.radiopiu.net\/wordpress\/wp-content\/uploads\/2020\/11\/IVANO-DORIGO-AGORDO.jpg\" data-dt-img-description=\"\" data-large_image_width=\"1024\" data-large_image_height=\"768\"><img loading=\"lazy\" decoding=\"async\" class=\"size-medium wp-image-169847 alignleft\" src=\"https:\/\/www.radiopiu.net\/wordpress\/wp-content\/uploads\/2020\/11\/IVANO-DORIGO-AGORDO-300x225.jpg\" alt=\"\" width=\"300\" height=\"225\" srcset=\"https:\/\/www.radiopiu.net\/wordpress\/wp-content\/uploads\/2020\/11\/IVANO-DORIGO-AGORDO-300x225.jpg 300w, https:\/\/www.radiopiu.net\/wordpress\/wp-content\/uploads\/2020\/11\/IVANO-DORIGO-AGORDO-768x576.jpg 768w, https:\/\/www.radiopiu.net\/wordpress\/wp-content\/uploads\/2020\/11\/IVANO-DORIGO-AGORDO.jpg 1024w\" sizes=\"auto, (max-width: 300px) 100vw, 300px\" \/><\/a>RADIO PIU\u2019 <\/strong>Lo sport si arrende al nuovo DPCM. \u00c8 stata una domenica sterile di eventi sportivi in provincia di Belluno. Era la settimana in cui doveva iniziare il campionato di pallavolo per il Volley Club Agordino, ma anche la continuazione dei vari tornei calcistici organizzati dalla FIGC. Un periodo in cui nemmeno gli allenamenti normali sono consentiti, infatti ognuno deve continuare l\u2019attivit\u00e0 motoria individualmente. Niente partitelle e nessun contatto tra compagni di squadra. Da un lato ci rimette lo sport ma dall\u2019altro si salvaguarda la salute di tutti. Ne \u00e8 testimone l\u2019Agordina che ha dovuto fare i conti con il Covid-19. Il virus \u00e8 entrato nello spogliatoio dell\u2019Ivano Dorigo di Agordo ad inizio settimana e tutta la societ\u00e0, compresi dirigenti ed accompagnatori, si \u00e8 messa in fila per fare i tamponi. Risultati che non sono ancora stati resi noti ma di sicuro 2 soggetti erano risultati positivi con i primi test. Anche il Fiori Barp ha dovuto fare i conti con il coronavirus nelle scorse settimane. La squadra di Mas di Sedico era ferma da 4 turni di campionato dopo alcuni casi positivi. Ora lo stop imposto dall\u2019alto con una serie di partite di Prima Categoria che si dovranno recuperare. Per il Keralpen Femminile il campionato \u00e8 durato appena 2 giornate. Da ieri di nuovo a casa per aspettare di poter ritornare in campo, si spera il prima possibile. Fermo anche tutto il settore giovanile dell\u2019Agordina con i campionati congelati ormai da due settimane. Stesso discorso per i giovani della famiglia Alleghe Hockey. Gli unici a giocare sono gli hockeisti della IHL. Le civette, sabato sera, dovevano giocare con il Como. Dovevano perch\u00e9 la squadra lariana non si \u00e8 presentata al De Toni dopo aver chiesto il rinvio della partita che la dirigenza alleghese non aveva accettato. La prossima settimana l\u2019Alleghe giocher\u00e0 contro l\u2019Unterland Cavaliers, una trasferta in terra altoatesina con la speranza che il Covid non faccia danni visto che Pergine e Merano sono ferme per alcuni positivi in squadra. L\u2019hockey a livello nazionale continua ma il calcio e il volley dovr\u00e0 rimanere fermo sicuramente fino al 24 novembre, data in cui scade il DPCM. Ma le novit\u00e0 non mancheranno ad arrivare e si preannuncia uno stop pi\u00f9 lungo del previsto.<\/p>\n<p>&nbsp;<\/p>\n<p>&nbsp;<\/p>\n<hr \/>\n<p>&nbsp;<\/p>\n<\/div>\n<\/div>\n<blockquote>\n<h3>IL COMO NON SI PRESENTA AD ALLEGHE. PARTITA IN MANO AL GIUDICE SPORTIVO<\/h3>\n<\/blockquote>\n<p><b><a class=\"dt-pswp-item\" href=\"https:\/\/www.radiopiu.net\/wordpress\/wp-content\/uploads\/2019\/08\/logo-alleghe-hockey.png\" data-dt-img-description=\"\" data-large_image_width=\"547\" data-large_image_height=\"512\"><img loading=\"lazy\" decoding=\"async\" class=\" wp-image-95699 alignleft\" src=\"https:\/\/www.radiopiu.net\/wordpress\/wp-content\/uploads\/2019\/08\/logo-alleghe-hockey-300x281.png\" alt=\"\" width=\"223\" height=\"209\" srcset=\"https:\/\/www.radiopiu.net\/wordpress\/wp-content\/uploads\/2019\/08\/logo-alleghe-hockey-300x281.png 300w, https:\/\/www.radiopiu.net\/wordpress\/wp-content\/uploads\/2019\/08\/logo-alleghe-hockey.png 547w\" sizes=\"auto, (max-width: 223px) 100vw, 223px\" \/><\/a>ALLEGHE<\/b> Il Como getta la spugna e non si presenta al De Toni di Alleghe. La partita valida per la sesta giornata dell\u2019Italian Hockey League non si \u00e8 giocata. La sfida tra Alleghe e Como rimarr\u00e0 un ricordo di questa stagione, ma sicuramente non in ambito agonistico. Le due formazioni, dopo la riunione della lega di mercoled\u00ec scorso, erano rimaste in contatto perch\u00e9 la squadra lariana aveva chiesto il rinvio della partita. Cosa che non \u00e8 avvenuta dopo una votazione interna tra la dirigenza dell\u2019Alleghe e quindi la richiesta \u00e8 stata spedita al mittente. Come da regolamento, le civette si sono presentate al De Toni, gli arbitri pure ma i lombardi no. 45 minuti di attesa, come da regolamento, ma della compagine comasca neanche l\u2019ombra. Alle 21:15 l\u2019annuncio ufficiale che la partita non veniva giocata. Ora spetter\u00e0 al giudice sportivo procedere con le dovute sanzioni e la decisione di dare la partita vinta a tavolino (5-0) agli agordini.<\/p>\n<p><strong>AI MICROFONI DI RADIO PIU&#8217; PATRICK DE SILVESTRO<\/strong><\/p>\n<audio class=\"wp-audio-shortcode\" id=\"audio-169795-9\" preload=\"none\" style=\"width: 100%;\" controls=\"controls\"><source type=\"audio\/mpeg\" src=\"https:\/\/www.radiopiu.net\/wordpress\/wp-content\/uploads\/2020\/10\/PATRICK-DE-SILVESTRO-ALLEGHE-COMO.mp3?_=9\" \/><a href=\"https:\/\/www.radiopiu.net\/wordpress\/wp-content\/uploads\/2020\/10\/PATRICK-DE-SILVESTRO-ALLEGHE-COMO.mp3\">https:\/\/www.radiopiu.net\/wordpress\/wp-content\/uploads\/2020\/10\/PATRICK-DE-SILVESTRO-ALLEGHE-COMO.mp3<\/a><\/audio>\n<p>&nbsp;<\/p>\n","protected":false},"excerpt":{"rendered":"<p>PER RICEVERE QUESTO NOTIZIARIO DIRETTAMENTE SUL TUO CELLULARE ISCRIVITI AL CANALE TELEGRAM \u201cRADIO PIU\u00a0 INFORMAZIONE&#8221; ATTENZIONE: LA NUOVA APP PER IOS-IPHONE https:\/\/apps.apple.com\/it\/app\/radio-pi%C3%B9-emittente-agordina\/id1515939845 ATTENZIONE: LA NUOVA APP RADIO\u00a0 PER ANDROID https:\/\/play.google.com\/store\/apps\/details?id=net.radiopiu.iniko\u00a0\u00a0 &nbsp; &nbsp; &nbsp; I LAVORI AUTUNNALI DI LUCKY&#8230; &nbsp; &nbsp; PRIMA GLI SCARPONI DA SCI, ORA IL DETERSIVO&#8230;PIAZZA LIBERTA&#8217; SCAMBIATA PER UN ECOCENTRO &nbsp; &nbsp;&hellip;<\/p>\n","protected":false},"author":4,"featured_media":169899,"comment_status":"closed","ping_status":"closed","sticky":false,"template":"","format":"standard","meta":{"_monsterinsights_skip_tracking":false,"_monsterinsights_sitenote_active":false,"_monsterinsights_sitenote_note":"","_monsterinsights_sitenote_category":0,"footnotes":""},"categories":[1,51,86,49],"tags":[],"class_list":["post-169795","post","type-post","status-publish","format-standard","has-post-thumbnail","hentry","category-senza-categoria","category-evidenza-top","category-gr","category-news-18","category-1","category-51","category-86","category-49","description-off"],"img_url":"https:\/\/www.radiopiu.net\/wordpress\/wp-content\/uploads\/2020\/11\/Inkedb36a7042-da36-4c3d-9ace-020a834106fc_LI.jpg","_links":{"self":[{"href":"https:\/\/www.radiopiu.net\/wordpress\/wp-json\/wp\/v2\/posts\/169795","targetHints":{"allow":["GET"]}}],"collection":[{"href":"https:\/\/www.radiopiu.net\/wordpress\/wp-json\/wp\/v2\/posts"}],"about":[{"href":"https:\/\/www.radiopiu.net\/wordpress\/wp-json\/wp\/v2\/types\/post"}],"author":[{"embeddable":true,"href":"https:\/\/www.radiopiu.net\/wordpress\/wp-json\/wp\/v2\/users\/4"}],"replies":[{"embeddable":true,"href":"https:\/\/www.radiopiu.net\/wordpress\/wp-json\/wp\/v2\/comments?post=169795"}],"version-history":[{"count":0,"href":"https:\/\/www.radiopiu.net\/wordpress\/wp-json\/wp\/v2\/posts\/169795\/revisions"}],"wp:featuredmedia":[{"embeddable":true,"href":"https:\/\/www.radiopiu.net\/wordpress\/wp-json\/wp\/v2\/media\/169899"}],"wp:attachment":[{"href":"https:\/\/www.radiopiu.net\/wordpress\/wp-json\/wp\/v2\/media?parent=169795"}],"wp:term":[{"taxonomy":"category","embeddable":true,"href":"https:\/\/www.radiopiu.net\/wordpress\/wp-json\/wp\/v2\/categories?post=169795"},{"taxonomy":"post_tag","embeddable":true,"href":"https:\/\/www.radiopiu.net\/wordpress\/wp-json\/wp\/v2\/tags?post=169795"}],"curies":[{"name":"wp","href":"https:\/\/api.w.org\/{rel}","templated":true}]}}