{"id":169850,"date":"2020-11-02T05:50:13","date_gmt":"2020-11-02T04:50:13","guid":{"rendered":"https:\/\/www.radiopiu.net\/wordpress\/?p=169850"},"modified":"2020-11-02T06:02:46","modified_gmt":"2020-11-02T05:02:46","slug":"si-sente-male-in-baita-giovane-allospedale-di-agordo","status":"publish","type":"post","link":"https:\/\/www.radiopiu.net\/wordpress\/si-sente-male-in-baita-giovane-allospedale-di-agordo\/","title":{"rendered":"SI SENTE MALE IN BAITA, GIOVANE ALL&#8217;OSPEDALE DI AGORDO"},"content":{"rendered":"<p><strong><a class=\"dt-pswp-item\" href=\"https:\/\/www.radiopiu.net\/wordpress\/wp-content\/uploads\/2020\/11\/salt_20201101_100743_885.jpg\" data-dt-img-description=\"\" data-large_image_width=\"2364\" data-large_image_height=\"1773\"><img loading=\"lazy\" decoding=\"async\" class=\"size-medium wp-image-169851 alignleft\" src=\"https:\/\/www.radiopiu.net\/wordpress\/wp-content\/uploads\/2020\/11\/salt_20201101_100743_885-300x225.jpg\" alt=\"\" width=\"300\" height=\"225\" srcset=\"https:\/\/www.radiopiu.net\/wordpress\/wp-content\/uploads\/2020\/11\/salt_20201101_100743_885-300x225.jpg 300w, https:\/\/www.radiopiu.net\/wordpress\/wp-content\/uploads\/2020\/11\/salt_20201101_100743_885-1024x768.jpg 1024w, https:\/\/www.radiopiu.net\/wordpress\/wp-content\/uploads\/2020\/11\/salt_20201101_100743_885-768x576.jpg 768w, https:\/\/www.radiopiu.net\/wordpress\/wp-content\/uploads\/2020\/11\/salt_20201101_100743_885-1536x1152.jpg 1536w, https:\/\/www.radiopiu.net\/wordpress\/wp-content\/uploads\/2020\/11\/salt_20201101_100743_885-2048x1536.jpg 2048w\" sizes=\"auto, (max-width: 300px) 100vw, 300px\" \/><\/a>FALCADE<\/strong> Questa notte verso mezzanotte e mezza il Soccorso alpino della Val Biois \u00e8 stato allertato per un ragazzo che si era sentito male in una delle baite della Valfredda. Il giovane, un ventitreenne di Falcade, aveva infatti avuto un malore, era caduto a terra e aveva sbattuto la testa, perdendo i sensi e riportando una ferita. Poich\u00e9 la casera non \u00e8 raggiungibile se non a piedi, una squadra assieme a un&#8217;infermiera si \u00e8 avvicinata in jeep per poi incamminarsi e raggiungere in un quarto d&#8217;ora il posto. Medicato il giovane, che si era ripreso quasi subito, i soccorritori lo hanno caricato in barella, trasportato al fuoristrada e da l\u00ec al Rifugio Flora Alpina, dove attendeva l&#8217;ambulanza della Croce Verde Val Biois per accompagnarlo all&#8217;ospedale di Agordo.<\/p>\n","protected":false},"excerpt":{"rendered":"<p>FALCADE Questa notte verso mezzanotte e mezza il Soccorso alpino della Val Biois \u00e8 stato allertato per un ragazzo che si era sentito male in una delle baite della Valfredda. Il giovane, un ventitreenne di Falcade, aveva infatti avuto un malore, era caduto a terra e aveva sbattuto la testa, perdendo i sensi e riportando&hellip;<\/p>\n","protected":false},"author":4,"featured_media":169851,"comment_status":"closed","ping_status":"closed","sticky":false,"template":"","format":"standard","meta":{"_monsterinsights_skip_tracking":false,"_monsterinsights_sitenote_active":false,"_monsterinsights_sitenote_note":"","_monsterinsights_sitenote_category":0,"footnotes":""},"categories":[51,49],"tags":[],"class_list":["post-169850","post","type-post","status-publish","format-standard","has-post-thumbnail","hentry","category-evidenza-top","category-news-18","category-51","category-49","description-off"],"img_url":"https:\/\/www.radiopiu.net\/wordpress\/wp-content\/uploads\/2020\/11\/salt_20201101_100743_885.jpg","_links":{"self":[{"href":"https:\/\/www.radiopiu.net\/wordpress\/wp-json\/wp\/v2\/posts\/169850","targetHints":{"allow":["GET"]}}],"collection":[{"href":"https:\/\/www.radiopiu.net\/wordpress\/wp-json\/wp\/v2\/posts"}],"about":[{"href":"https:\/\/www.radiopiu.net\/wordpress\/wp-json\/wp\/v2\/types\/post"}],"author":[{"embeddable":true,"href":"https:\/\/www.radiopiu.net\/wordpress\/wp-json\/wp\/v2\/users\/4"}],"replies":[{"embeddable":true,"href":"https:\/\/www.radiopiu.net\/wordpress\/wp-json\/wp\/v2\/comments?post=169850"}],"version-history":[{"count":0,"href":"https:\/\/www.radiopiu.net\/wordpress\/wp-json\/wp\/v2\/posts\/169850\/revisions"}],"wp:featuredmedia":[{"embeddable":true,"href":"https:\/\/www.radiopiu.net\/wordpress\/wp-json\/wp\/v2\/media\/169851"}],"wp:attachment":[{"href":"https:\/\/www.radiopiu.net\/wordpress\/wp-json\/wp\/v2\/media?parent=169850"}],"wp:term":[{"taxonomy":"category","embeddable":true,"href":"https:\/\/www.radiopiu.net\/wordpress\/wp-json\/wp\/v2\/categories?post=169850"},{"taxonomy":"post_tag","embeddable":true,"href":"https:\/\/www.radiopiu.net\/wordpress\/wp-json\/wp\/v2\/tags?post=169850"}],"curies":[{"name":"wp","href":"https:\/\/api.w.org\/{rel}","templated":true}]}}