{"id":169920,"date":"2020-11-01T23:59:53","date_gmt":"2020-11-01T22:59:53","guid":{"rendered":"https:\/\/www.radiopiu.net\/wordpress\/?p=169920"},"modified":"2020-11-02T06:03:56","modified_gmt":"2020-11-02T05:03:56","slug":"fiori-dinverno-prosa-e-poesie-del-cesiolino-giovanni-sacchet","status":"publish","type":"post","link":"https:\/\/www.radiopiu.net\/wordpress\/fiori-dinverno-prosa-e-poesie-del-cesiolino-giovanni-sacchet\/","title":{"rendered":"\u201cFIORI D\u2019INVERNO\u201d: PROSA E POESIE DEL CESIOLINO GIOVANNI SACCHET"},"content":{"rendered":"<p><strong>di\u00a0Renato\u00a0<\/strong><b>Bona\u00a0<\/b><\/p>\n<p><strong>BELLUNO<\/strong> Il 10 febbraio del 2004, l\u2019amico Giovanni Sacchet mi regalava il suo libro \u201cFiori d\u2019inverno. Poesie e prosa\u201d, edizioni Rocciaviva, finito di stampare nel dicembre 2003 dalla bellunese tipografia Nero su Bianco, impaginazione di Apfel Workshop. Nella dedica personale scriveva: \u201cA Renato Bona, emerito giornalista che dopo tanti anni ha reso pubblico il mio pensiero sul momento pi\u00f9 importante della mia vita, vada la mia stima pi\u00f9 schietta ed il pi\u00f9 cordiale abbraccio\u201d, dedica estesa \u201cA tutti coloro che hanno un cuore\u2026\u201d. Rivolto a \u201cQuell\u2019impareggiabile personaggio che cerca la compagnia di uomini umili e sinceri dai quali poter capire dallo sguardo, dalle parole, dall\u2019abilit\u00e0 nei lavori tramandati dai loro avi, quella serena saggezza che cerchiamo invano\u201d Sacchet aggiungeva, per ringraziarlo per il concreto sostegno garantito per la pubblicazione del libro: \u201cEra ed \u00e8 motivo d\u2019orgoglio far sapere a chiunque che Roberto Sorgato \u00e8 mio cugino e, come dice lui, l\u2019unico parente vero amico, con assoluta reciprocit\u00e0\u201d. E sempre per esprimere gratitudine citava: l\u2019allora presidente della Provincia di Belluno, Oscar De Bona, la prof. Flavia Colle, assessore alla cultura dello stesso ente, le poetesse Federica Da Col ed Eliana Olivotto, la dott. Tamara Rech, e &#8211; di nuovo &#8211; chi stende queste note: \u201cDevo a Renato Bona, allora redattore capo de \u2018Il Gazzettino\u2019 di Belluno la mia prima apparizione su quel giornale con il racconto \u2018Giornata di pesca\u2019. Con questo signore semplice ma di profonda umanit\u00e0 e intelletto, poche parole sono bastate per conoscerci reciprocamente. Come potrei mai dimenticarlo? Grazie mille volte e ancora\u201d. Chiusa la parentesi con i suoi riflessi anche personali che ovviamente apprezzo, volentieri ricordo che la pubblicazione in questione contiene nove brani di prosa: Giornata di pesca, Care e vecchie pure acque della Salmenega, Gli scarponi di Tilman, All\u2019ombra di sette montagne, Le valigie della contessa, Ricordo di Bank, Nella Val di Canzoi non \u00e8 ancora svelato il mistero di Brando, Ciccio Caputo Tenente \u201ca sussistenza\u201d, Al Ponte di Umin, e ben 77 poesie (alcune, poche, in dialetto, una in francese), oltre alla riproduzione di 3 ceramiche e di un disegno a matite colorate opera &#8211; come la copertina &#8211; dello stesso Sacchet del quale peraltro mi pare opportuno a questo punto tracciare un sintetico profilo: nato a Cesiomaggiore il 28 agosto 1924, dopo elementari e medie frequenta il commerciale \u201cColotti\u201d a Feltre \u201cdove trascorre la prima parte della sua vita da studente nella pi\u00f9 beata gogliardia\u201d. Nel maggio 1944, ad Udine, il diploma di ragioniere. Tornato al paese natale, prende contatti con Mario Cor\u00e0 ed entra nel movimento di Resistenza col compito di registrare i messaggi segreti che venivano diffusi da Radio Londra e di portarli al comando di Pietena. Contemporaneamente collabora con la formazione territoriale che faceva capo ad Oreste Gris. A fine \u201944 entra nella Todt, pur continuando i contatti con la brigata. Dopo la guerra, servizio militare nell\u2019Aeronautica e quindi, nel giugno 1948, ritorno alla vita civile con alcuni anni di attesa per un lavoro. Intanto scrive \u201cdecine e centinaia di lunghe lettere a chiunque avesse il piacere di leggerle, compone di getto sonetti endecasillabi\u201d. Dopo vari lavori saltuari vince un concorso ed \u00e8 assunto da Cariverona; far\u00e0 per anni il bancario \u201ccontinuando a coltivare le profonde passioni per la letteratura, la pittura e la ceramica\u201d. Quelle che, sinteticamente, ha esposto con i suoi lavori in \u201cFiori d\u2019Inverno\u201d quando &#8211; scrivevo in presentazione &#8211; \u201cMeritatamente tagliato il traguardo della quiescenza, Giovanni Sacchet, bancario con \u2018qualcosa dentro\u2019 in pi\u00f9, diverso perch\u00e9 pi\u00f9 nobile delle cifre, delle scadenze, degli assegni, delle cambiali, ha voluto e saputo uscire allo scoperto per proporsi con una serie di pregevoli composizioni poetiche ma non solo. Queste hanno dapprima trovato ospitalit\u00e0 in pubblicazioni locali e ora, giustamente approdano in un volume che consente anche al grande pubblico di apprezzare nel complesso l\u2019estro di questo autore che a buon diritto si ritaglia un proprio spazio non secondario nel panorama letterario di casa nostra\u2026\u201d. Aggiungevo: \u201cFinalmente, circostanze favorevoli ne consentono l\u2019esordio. Ed \u00e8 subito apprezzamento non di maniera per un autore che in punta di penna, senza arzigogoli, con quel tanto di sentimento che \u00e8 capace di compensare qualche audacia lessicale o metrica, ci propone una accattivante serie di situazioni, luoghi, di personaggi che sono parte importante del suo vissuto, in cui qualcuno potr\u00e0 riconoscersi ma che possono essere comunque fatte proprie dal lettore, nella consapevolezza che \u2018c\u2019\u00e8 qualcosa nell\u2019aria\u2026\u2019. Un qualcosa che sa di buono, che ti invoglia a condividere il mondo davvero non solo fantastico dell\u2019autore. Che potrebbe apparire un libertino con le sue numerose rievocazioni amorose &#8211; quasi un intero calendario scandito al femminile &#8211; ma\u2026 come porre limiti al sentimento, alla passione vera o magari solo immaginaria, chiss\u00e0, forse rimasta speranza? Quel che \u00e8 certo \u00e8 che Giovanni da del tu all\u2019amore. Ne chiede per s\u00e9, come \u00e8 giusto, \u00e8 disposto a darne molto, come non a tutti accade. E allora, ammirazione e anche un tantino di invidia per uno che manifesta (e realizza?) cos\u00ec bene il suo sentire, i suoi desideri, le sue speranze\u201d. Dal canto suo, il prof. Francesco Piero Franchi richiamava il fatto che: \u201c\u2026 Come ai primitivi indigeni, anche a Giovanni sono apparsi i \u2018basilisk\u2019, seguendo le regole previste tramandate da generazioni. Dopo un fatto cos\u00ec, hai un bel andartene, crescere, volare su aerei, lavorare in banca, scrivere sui giornali. Da questi vincoli non ci si libera mai, per fortuna\u201d. Si riferiva a quando, a quota 1750, ore 11 circa del 15 agosto 1938 \u201ccon tutte le condizioni favorevoli dell\u2019adolescenza inquieta, dell\u2019estate montana e dell\u2019ora meridiana, nel cuore pastorale e montano di un paesaggio arcaico, la terra ha parlato, ha mandato i messaggieri\u2026\u201d.<\/p>\n\n\t\t\t<style type='text\/css'>\n\t\t\t\t#gallery-1 {\n\t\t\t\t\tmargin: auto;\n\t\t\t\t}\n\t\t\t\t#gallery-1 .gallery-item {\n\t\t\t\t\tfloat: left;\n\t\t\t\t\tmargin-top: 10px;\n\t\t\t\t\ttext-align: center;\n\t\t\t\t\twidth: 25%;\n\t\t\t\t}\n\t\t\t\t#gallery-1 img {\n\t\t\t\t\tborder: 2px solid #cfcfcf;\n\t\t\t\t}\n\t\t\t\t#gallery-1 .gallery-caption {\n\t\t\t\t\tmargin-left: 0;\n\t\t\t\t}\n\t\t\t\t\/* see gallery_shortcode() in wp-includes\/media.php *\/\n\t\t\t<\/style>\n\t\t<div id='gallery-1' class='dt-gallery-container gallery galleryid-169920 gallery-columns-4 gallery-size-thumbnail'><dl class='gallery-item'>\n\t\t\t\t<dt class='gallery-icon portrait'>\n\t\t\t\t\t<a class=\"rollover rollover-zoom dt-pswp-item\" title=\"123442968_852229275315934_8091778933015636727_n\" data-dt-img-description=\"\" data-large_image_width=\"1462\" data-large_image_height=\"1486\"href='https:\/\/www.radiopiu.net\/wordpress\/wp-content\/uploads\/2020\/11\/123442968_852229275315934_8091778933015636727_n.jpg'><img loading=\"lazy\" decoding=\"async\" width=\"150\" height=\"150\" src=\"https:\/\/www.radiopiu.net\/wordpress\/wp-content\/uploads\/2020\/11\/123442968_852229275315934_8091778933015636727_n-150x150.jpg\" class=\"attachment-thumbnail size-thumbnail\" alt=\"\" \/><\/a>\n\t\t\t\t<\/dt><\/dl><dl class='gallery-item'>\n\t\t\t\t<dt class='gallery-icon portrait'>\n\t\t\t\t\t<a class=\"rollover rollover-zoom dt-pswp-item\" title=\"123434072_1083462435443517_2557521034080564920_n\" data-dt-img-description=\"\" data-large_image_width=\"1076\" data-large_image_height=\"2048\"href='https:\/\/www.radiopiu.net\/wordpress\/wp-content\/uploads\/2020\/11\/123434072_1083462435443517_2557521034080564920_n.jpg'><img loading=\"lazy\" decoding=\"async\" width=\"150\" height=\"150\" src=\"https:\/\/www.radiopiu.net\/wordpress\/wp-content\/uploads\/2020\/11\/123434072_1083462435443517_2557521034080564920_n-150x150.jpg\" class=\"attachment-thumbnail size-thumbnail\" alt=\"\" \/><\/a>\n\t\t\t\t<\/dt><\/dl><dl class='gallery-item'>\n\t\t\t\t<dt class='gallery-icon portrait'>\n\t\t\t\t\t<a class=\"rollover rollover-zoom dt-pswp-item\" title=\"123466978_269042931192680_2798223273011989315_n\" data-dt-img-description=\"\" data-large_image_width=\"1425\" data-large_image_height=\"2048\"href='https:\/\/www.radiopiu.net\/wordpress\/wp-content\/uploads\/2020\/11\/123466978_269042931192680_2798223273011989315_n.jpg'><img loading=\"lazy\" decoding=\"async\" width=\"150\" height=\"150\" src=\"https:\/\/www.radiopiu.net\/wordpress\/wp-content\/uploads\/2020\/11\/123466978_269042931192680_2798223273011989315_n-150x150.jpg\" class=\"attachment-thumbnail size-thumbnail\" alt=\"\" \/><\/a>\n\t\t\t\t<\/dt><\/dl><dl class='gallery-item'>\n\t\t\t\t<dt class='gallery-icon portrait'>\n\t\t\t\t\t<a class=\"rollover rollover-zoom dt-pswp-item\" title=\"123531680_1038766949879749_8192264510423480343_n\" data-dt-img-description=\"\" data-large_image_width=\"1805\" data-large_image_height=\"2048\"href='https:\/\/www.radiopiu.net\/wordpress\/wp-content\/uploads\/2020\/11\/123531680_1038766949879749_8192264510423480343_n.jpg'><img loading=\"lazy\" decoding=\"async\" width=\"150\" height=\"150\" src=\"https:\/\/www.radiopiu.net\/wordpress\/wp-content\/uploads\/2020\/11\/123531680_1038766949879749_8192264510423480343_n-150x150.jpg\" class=\"attachment-thumbnail size-thumbnail\" alt=\"\" \/><\/a>\n\t\t\t\t<\/dt><\/dl><br style=\"clear: both\" \/><dl class='gallery-item'>\n\t\t\t\t<dt class='gallery-icon portrait'>\n\t\t\t\t\t<a class=\"rollover rollover-zoom dt-pswp-item\" title=\"123460775_2719751281573189_5302308035970613990_n\" data-dt-img-description=\"\" data-large_image_width=\"1275\" data-large_image_height=\"2048\"href='https:\/\/www.radiopiu.net\/wordpress\/wp-content\/uploads\/2020\/11\/123460775_2719751281573189_5302308035970613990_n.jpg'><img loading=\"lazy\" decoding=\"async\" width=\"150\" height=\"150\" src=\"https:\/\/www.radiopiu.net\/wordpress\/wp-content\/uploads\/2020\/11\/123460775_2719751281573189_5302308035970613990_n-150x150.jpg\" class=\"attachment-thumbnail size-thumbnail\" alt=\"\" \/><\/a>\n\t\t\t\t<\/dt><\/dl><dl class='gallery-item'>\n\t\t\t\t<dt class='gallery-icon landscape'>\n\t\t\t\t\t<a class=\"rollover rollover-zoom dt-pswp-item\" title=\"123455621_1230369120667704_3403916208015191697_n\" data-dt-img-description=\"\" data-large_image_width=\"2048\" data-large_image_height=\"1660\"href='https:\/\/www.radiopiu.net\/wordpress\/wp-content\/uploads\/2020\/11\/123455621_1230369120667704_3403916208015191697_n.jpg'><img loading=\"lazy\" decoding=\"async\" width=\"150\" height=\"150\" src=\"https:\/\/www.radiopiu.net\/wordpress\/wp-content\/uploads\/2020\/11\/123455621_1230369120667704_3403916208015191697_n-150x150.jpg\" class=\"attachment-thumbnail size-thumbnail\" alt=\"\" \/><\/a>\n\t\t\t\t<\/dt><\/dl><dl class='gallery-item'>\n\t\t\t\t<dt class='gallery-icon portrait'>\n\t\t\t\t\t<a class=\"rollover rollover-zoom dt-pswp-item\" title=\"123505775_1538275409704142_6253458175901127715_n\" data-dt-img-description=\"\" data-large_image_width=\"1322\" data-large_image_height=\"2048\"href='https:\/\/www.radiopiu.net\/wordpress\/wp-content\/uploads\/2020\/11\/123505775_1538275409704142_6253458175901127715_n.jpg'><img loading=\"lazy\" decoding=\"async\" width=\"150\" height=\"150\" src=\"https:\/\/www.radiopiu.net\/wordpress\/wp-content\/uploads\/2020\/11\/123505775_1538275409704142_6253458175901127715_n-150x150.jpg\" class=\"attachment-thumbnail size-thumbnail\" alt=\"\" \/><\/a>\n\t\t\t\t<\/dt><\/dl>\n\t\t\t\t<br style='clear: both' \/>\n\t\t\t<\/div>\n\n<p>NELLE FOTO (riproduzioni dal libro \u201cFiori d\u2019Inverno\u201d): Giovanni Sacchet; la copertina del suo libro di poesie e prosa con il disegno di \u201cPasqua Mave\u201d; la dedica per me; \u201cMiss Savoia 1951\u201d: ceramica multicolore; \u201cArlecchino\u201d, ceramica a terzo fuoco, multicolore; \u201cFlora distesa\u201dmatite colorate; \u201cAmore mitologico\u201d, ceramica con figure rosse su fondo nero.<\/p>\n","protected":false},"excerpt":{"rendered":"<p>di\u00a0Renato\u00a0Bona\u00a0 BELLUNO Il 10 febbraio del 2004, l\u2019amico Giovanni Sacchet mi regalava il suo libro \u201cFiori d\u2019inverno. Poesie e prosa\u201d, edizioni Rocciaviva, finito di stampare nel dicembre 2003 dalla bellunese tipografia Nero su Bianco, impaginazione di Apfel Workshop. Nella dedica personale scriveva: \u201cA Renato Bona, emerito giornalista che dopo tanti anni ha reso pubblico il&hellip;<\/p>\n","protected":false},"author":4,"featured_media":169921,"comment_status":"closed","ping_status":"closed","sticky":false,"template":"","format":"standard","meta":{"_monsterinsights_skip_tracking":false,"_monsterinsights_sitenote_active":false,"_monsterinsights_sitenote_note":"","_monsterinsights_sitenote_category":0,"footnotes":""},"categories":[51,49],"tags":[],"class_list":["post-169920","post","type-post","status-publish","format-standard","has-post-thumbnail","hentry","category-evidenza-top","category-news-18","category-51","category-49","description-off"],"img_url":"https:\/\/www.radiopiu.net\/wordpress\/wp-content\/uploads\/2020\/11\/123442968_852229275315934_8091778933015636727_n.jpg","_links":{"self":[{"href":"https:\/\/www.radiopiu.net\/wordpress\/wp-json\/wp\/v2\/posts\/169920","targetHints":{"allow":["GET"]}}],"collection":[{"href":"https:\/\/www.radiopiu.net\/wordpress\/wp-json\/wp\/v2\/posts"}],"about":[{"href":"https:\/\/www.radiopiu.net\/wordpress\/wp-json\/wp\/v2\/types\/post"}],"author":[{"embeddable":true,"href":"https:\/\/www.radiopiu.net\/wordpress\/wp-json\/wp\/v2\/users\/4"}],"replies":[{"embeddable":true,"href":"https:\/\/www.radiopiu.net\/wordpress\/wp-json\/wp\/v2\/comments?post=169920"}],"version-history":[{"count":0,"href":"https:\/\/www.radiopiu.net\/wordpress\/wp-json\/wp\/v2\/posts\/169920\/revisions"}],"wp:featuredmedia":[{"embeddable":true,"href":"https:\/\/www.radiopiu.net\/wordpress\/wp-json\/wp\/v2\/media\/169921"}],"wp:attachment":[{"href":"https:\/\/www.radiopiu.net\/wordpress\/wp-json\/wp\/v2\/media?parent=169920"}],"wp:term":[{"taxonomy":"category","embeddable":true,"href":"https:\/\/www.radiopiu.net\/wordpress\/wp-json\/wp\/v2\/categories?post=169920"},{"taxonomy":"post_tag","embeddable":true,"href":"https:\/\/www.radiopiu.net\/wordpress\/wp-json\/wp\/v2\/tags?post=169920"}],"curies":[{"name":"wp","href":"https:\/\/api.w.org\/{rel}","templated":true}]}}